{"id":132,"date":"2019-04-10T07:47:45","date_gmt":"2019-04-10T05:47:45","guid":{"rendered":"http:\/\/demo.loftocean.com\/berry\/?p=132"},"modified":"2020-09-04T13:06:36","modified_gmt":"2020-09-04T11:06:36","slug":"i-play-the-violin-when-i-am-thinking","status":"publish","type":"post","link":"https:\/\/www.cannabis.es\/pw\/2019\/04\/10\/i-play-the-violin-when-i-am-thinking\/","title":{"rendered":"La reducci\u00f3n de da\u00f1os en Arag\u00f3n: entrevista con Javier S\u00e1nchez, de Consumoconciencia"},"content":{"rendered":"<p>Por Arnau Alcaide.<\/p>\n\n<p>Consumo ConCiencia es una de las asociaciones que practican el an\u00e1lisis de drogas, entre otras tareas educativas en la \u00f3ptica de la reducci\u00f3n de riesgos. Est\u00e1n en Arag\u00f3n, donde el apoyo institucional \u201cha sido muy inferior al esperado\u201d, a diferencia del que han recibido otras como <a href=\"http:\/\/www.cannabis.es\/pw\/2019\/03\/15\/asociaciones-de-gestion-de-placeres-y-riesgos-hacen-de-estado-donde-la-moral-no-alcanza-a-regular\/\"><i>Ai Laket!, Energy Control<\/i><\/a>&nbsp;o&nbsp;<i>Hegoa<\/i><i>k&nbsp;<\/i>en el Pa\u00eds Vasco, Catalu\u00f1a o Navarra.&nbsp;Una entrevista a su coordinador, Javier S\u00e1nchez,&nbsp;sobre&nbsp;la&nbsp;tarea&nbsp;de Consumo ConCiencia&nbsp;y las dificultades a las que se enfrenta una asociaci\u00f3n de estas caracter\u00edsticas hasta su relativa consolidaci\u00f3n.<\/p>\n<h6 style=\"background-color: #e9e5e6; padding: 10px 10px;\">\u00bfCU\u00c1L ES VUESTRA LABOR? \u00bfQU\u00c9 ACTIVIDADES TEN\u00c9IS Y QU\u00c9 LOGR\u00c1IS?<\/h6>\n<p><i>Consumo ConCiencia<\/i><i>&nbsp;<\/i>es un&nbsp;programa&nbsp;creado&nbsp;en&nbsp;Arag\u00f3n&nbsp;en 2016&nbsp;para trabajar el tema de las drogas desde&nbsp;la \u00f3ptica&nbsp;de&nbsp;la<i>reducci\u00f3n de riesgos,<\/i>&nbsp;perspectiva implantada hace lustros en otros territorios por entidades como&nbsp;<i>Ai Laket!, Energy Control<\/i><i>o&nbsp;<\/i><i>Hegoa<\/i><i>k<\/i><i>.<\/i><\/p>\n<div id=\":sa\" dir=\"ltr\">\n<div id=\":sb\" dir=\"ltr\">\n<p>Tenemos dos grandes \u00e1mbitos de&nbsp;trabajo: el&nbsp;<strong>formativo y la intervenci\u00f3n<\/strong>&nbsp;<strong>en espacios de ocio<\/strong>, en nuestro propio local y a trav\u00e9s de nuestras redes. En el primer caso, que es nuestro fuerte, hacemos talleres para j\u00f3venes, para madres y padres y cursos&nbsp;m\u00e1s extensos&nbsp;para educador@s,&nbsp;destinados a&nbsp;cambiar la mirada sobre el tema,&nbsp;de modo que se pueda&nbsp;abordar sin los mitos&nbsp;<i>prohibicionistas<\/i>.&nbsp;Adem\u00e1s, tambi\u00e9n hemos hecho peque\u00f1os cursos para periodistas, para intentar que&nbsp;traten el tema sin el sensacionalismo y la desinformaci\u00f3n habituales.<\/p>\n<p>En el segundo, l\u00f3gicamente y como parte de la informaci\u00f3n, tambi\u00e9n ofrecemos an\u00e1lisis de sustancias, la posibilidad de usar una balanza o pruebas homologadas de alcoholimetr\u00eda, y tambi\u00e9n materiales de reducci\u00f3n de riesgos y da\u00f1os: preservativos, filtros, rulos, suero fisiol\u00f3gico, magnesio&#8230;<\/p>\n<\/div>\n<p><img loading=\"lazy\" decoding=\"async\" class=\"alignnone  wp-image-1043\" src=\"http:\/\/www.cannabis.es\/pw\/wp-content\/uploads\/2019\/04\/grupo-en-psych-2018_1-300x200.jpg\" alt=\"\" width=\"673\" height=\"449\" srcset=\"https:\/\/www.cannabis.es\/pw\/wp-content\/uploads\/2019\/04\/grupo-en-psych-2018_1-300x200.jpg 300w, https:\/\/www.cannabis.es\/pw\/wp-content\/uploads\/2019\/04\/grupo-en-psych-2018_1-768x512.jpg 768w, https:\/\/www.cannabis.es\/pw\/wp-content\/uploads\/2019\/04\/grupo-en-psych-2018_1-600x400.jpg 600w, https:\/\/www.cannabis.es\/pw\/wp-content\/uploads\/2019\/04\/grupo-en-psych-2018_1.jpg 881w\" sizes=\"auto, (max-width: 673px) 100vw, 673px\" \/><\/p>\n<\/div>\n<h6 style=\"background-color: #e9e5e6; padding: 10px 10px;\">\u00bfC\u00d3MO SURG\u00cdS? \u00bfCU\u00c1L ES LA MOTIVACI\u00d3N EN EL NACIMIENTO Y EN ADELANTE?<\/h6>\n<p>La persona que fund\u00f3 y que coordina actualmente&nbsp;<i>Consumo ConCiencia<\/i>&nbsp;lleva 17 a\u00f1os trabajando el tema desde una militancia activa para cambiar las pol\u00edticas actuales, lo cual implica, entre otras cosas, recuperar el debate sobre drogas en los movimientos sociales, casi totalmente abandonado desde hace m\u00e1s de dos d\u00e9cadas, y que s\u00f3lo se retoma ahora t\u00edmidamente en esos espacios para el caso del cannabis.<\/p>\n<p>Por supuesto, exist\u00eda una necesidad no cubierta en Arag\u00f3n de una organizaci\u00f3n que trabajase desde la perspectiva de la reducci\u00f3n de riesgos y \u00e9se es un vac\u00edo que se intent\u00f3 cubrir. Las dos perspectivas son para nosotr@s indivisibles y siguen siendo las que sustentan nuestro trabajo.<\/p>\n<h6 style=\"background-color: #e9e5e6; padding: 10px 10px;\">\u00bfQU\u00c9 TIENE DE ESPECIAL VUESTRA ASOCIACI\u00d3N A NIVEL REGIONAL?<\/h6>\n<p>Como os coment\u00e1bamos, en Arag\u00f3n no hab\u00eda ninguna que trabajase espec\u00edficamente desde la \u00f3ptica de la&nbsp;<i>Reducci\u00f3n de Riesgos<\/i>&nbsp;(<i>RdR<\/i>). Eso implica, claro, que en los espacios de ocio nocturno no se trabajaba con las y los usuarios, mucho menos desde el respeto, desde una perspectiva de educaci\u00f3n en la responsabilidad y sin falsas moralinas. Pero adem\u00e1s, tampoco hab\u00eda una organizaci\u00f3n preventiva que discutiese los presupuestos prohibicionistas, que los denunciase sistem\u00e1ticamente, y tampoco que le diera la necesaria amplitud al tema, tanto en t\u00e9rminos hist\u00f3rico-sociol\u00f3gicos, como econ\u00f3mico-pol\u00edticos.<\/p>\n<h6><b>\u00bfA QU\u00c9 SE ENFRENTA UN GRUPO COMO VOSOTROS SI DESEA CONSOLIDARSE COMO ENERGY CONTROL O AI LAKET!!? \u00bfQU\u00c9 PASOS SEGU\u00cdS Y QU\u00c9 DIFICULTADES ENCONTR\u00c1IS?<\/b><\/h6>\n<p>Lo cierto es que es muy, muy complicado, y que esto no sale adelante si no se cree mucho en lo que se hace y si no se tiene una perseverancia a prueba de&nbsp;bomba. Nosotr@s tuvimos que nacer sin apoyos, siquiera de quienes los ten\u00edan comprometidos, aunque es cierto que luego&nbsp;<i>Hegoak<\/i>&nbsp;y&nbsp;<i>Ai Laket!<\/i>&nbsp;nos echaron un cable que fue important\u00edsimo an\u00edmicamente, y mantenemos una colaboraci\u00f3n&nbsp;muy&nbsp;buena con ell@s.<\/p>\n<p>A&nbsp;nivel institucional, el apoyo ha sido muy inferior al esperado&nbsp;(y al necesario)&nbsp;y eso hay que tenerlo en cuenta a la hora de hacer planes.&nbsp;<strong>Adem\u00e1s de mucho trabajo sin ver ni una, han hecho falta pr\u00e9stamos personales para resistir a los plazos de pagos de la Administraci\u00f3n<\/strong>, por ejemplo. O hacer \u201cm\u00e1sters\u201d acelerados en&nbsp;<strong>temas burocr\u00e1ticos<\/strong>&nbsp;porque, adem\u00e1s de que \u00e9ste sea un problema end\u00e9mico de este pa\u00eds, en el caso de tercer sector tambi\u00e9n cumple un papel selectivo: si eres una asociaci\u00f3n peque\u00f1a, vas a tener que matarte para cumplir unos requisitos, muchas veces absurdos, mientras que las grandes&nbsp;ONGs&nbsp;y fundaciones&nbsp;con mirada m\u00e1s conservadora&nbsp;tienen el dinero y el personal suficiente y salen beneficiadas de eso.<\/p>\n<p>Hemos resistido y pasado lo m\u00e1s dif\u00edcil, pero econ\u00f3micamente seguimos&nbsp;siendo&nbsp;muy precari@s y&nbsp;manejamos&nbsp;un presupuesto que hace que sigamos siendo \u201cni\u00f1@s de teta\u201d al lado de&nbsp;<i>Energy<\/i>&nbsp;o&nbsp;<i>Ai Laket!<\/i>; l\u00f3gico, por otro lado, porque aparte de otras razones, somos un proyecto muy joven.&nbsp; Ell@s&nbsp;abrieron&nbsp;el camino, y en ese sentido les result\u00f3 m\u00e1s complicado, pero en algunos territorios es m\u00e1s f\u00e1cil&nbsp;conseguir apoyo&nbsp;que en otros, as\u00ed que ambos elementos pueden llegar a compensarse.<\/p>\n<p>No queremos dar una idea \u201cceniza\u201d del asunto; se puede hacer y se debe intentar, pero s\u00ed hay que ser conscientes de las dificultades y de lo exigente que es&nbsp;crearlo y sostenerlo.<\/p>\n<h6><b>TEN\u00c9IS UNA POSTURA CONCRETA RESPECTO AL CANNABIS, POL\u00cdTICA, QUE OS DIFERENCIA DE OTRAS ASOCIACIONES. \u00bfA QU\u00c9 SE DEBE?<\/b><\/h6>\n<p>Todo el mundo tenemos una perspectiva pol\u00edtica, sea consciente o no, m\u00e1s transformadora o m\u00e1s conservadora. En realidad, nuestra postura no se circunscribe al cannabis, sino que es general. Nuestro enfoque es muy pol\u00edtico, en el buen sentido de la palabra. Obviamente somos apartidistas; es una acci\u00f3n \u201cpol\u00edtica\u201d, no \u201cpolitiquera\u201d, tal como se distingue en Am\u00e9rica Latina\u2026<\/p>\n<p><strong>Respecto a la regulaci\u00f3n del cannabis<\/strong>, obviamente abogamos por ella, pero<strong>&nbsp;lo importante es el c\u00f3mo se hace<\/strong>. En eso, afortunadamente, no somos diferentes de la parte m\u00e1s consciente del movimiento cann\u00e1bico, y cada vez van siendo menos las voces que celebran la regulaci\u00f3n se haga como se haga, y tambi\u00e9n contamos con m\u00e1s ejemplos de los lugares donde se han ido implantando ciertos modelos.<\/p>\n<p>Adem\u00e1s, nos resistimos al chantaje de una supuesta&nbsp;\u201calianza amplia\u201d antiprohibicionista&nbsp;que incluya miradas pol\u00edticas neoliberales. En primer lugar, porque el&nbsp;<i>antiprohibicionismo&nbsp;<\/i>para nosotr@s es parte de una acci\u00f3n transformadora general, y no vamos a establecer lazos con quienes apoyan y profundizan el sistema econ\u00f3mico delirante y criminal que sufrimos. En segundo, porque ese&nbsp;antiprohibicionismo&nbsp;es efectivamente \u201csupuesto\u201d: determinados poderes f\u00e1cticos apoyan la regulaci\u00f3n del cannabis (seg\u00fan un cierto modelo) porque les da m\u00e1s beneficios que mantenerlo ilegal, por las peculiaridades (su descentralizaci\u00f3n, por ejemplo) de la producci\u00f3n de la planta. Obviamente, estos mismos grupos apoyan la prohibici\u00f3n de otras sustancias (opio y derivados, o coca\u00edna, por ejemplo), por el mismo motivo econ\u00f3mico: los grandes beneficios est\u00e1n muy centralizados y los de sus suced\u00e1neos farmac\u00e9uticos, tambi\u00e9n. S\u00f3lo si se analiza el tema desde el plano econ\u00f3mico-pol\u00edtico se puede entender la posici\u00f3n de algunos grupos.<\/p>\n<p>Otra cosa, obviamente, es que tambi\u00e9n haya una presi\u00f3n popular y de gente realmente honesta que quiere que cambien las cosas y que aboga (abogamos) por la una regulaci\u00f3n justa.&nbsp;<strong>Por citar tan s\u00f3lo algunos aspectos generales, entendemos que \u00e9sta debe incluir un polo de producci\u00f3n p\u00fablica debidamente incardinado con productor@s individuales, clubes, cooperativas y otras figuras de econom\u00eda social, preferentemente de \u00e1mbito local, que prioricen el producto ecol\u00f3gico y de proximidad para cubrir las demandas de l<\/strong><strong>as personas<\/strong><strong>&nbsp;consumidoras;&nbsp;<\/strong><strong>sean terap\u00e9uticas o no.<\/strong><\/p>\n<p>Evidentemente, nosotr@s&nbsp;<strong>defendemos la regulaci\u00f3n de todas las sustancias, no s\u00f3lo del cannabis<\/strong>. Queremos salir de este sistema prohibicionista a todos los niveles. Por eso tampoco podemos caer en&nbsp;argumentos<em>&nbsp;trampa,&nbsp;<\/em><em>porque<\/em><em>&nbsp;<\/em><em>la regulaci\u00f3n&nbsp;<\/em>en ning\u00fan modo se deben basar en la baja toxicidad o peligrosidad de los distintos productos obtenidos de las innumerables variedades de la planta del c\u00e1nnabis. Esto implica dar&nbsp;<strong>credibilidad<\/strong>&nbsp;a la premisa de la&nbsp;<i>prohibici\u00f3n<\/i>&nbsp;(de la \u201c<i>guerra contra algunas drogas\u201d<\/i>) de que las sustancias legales lo son por ser menos peligrosas o potencialmente da\u00f1inas y las ilegales ostentan esa condici\u00f3n exactamente por lo contrario, lo cual es&nbsp;<em>evidentemente falso. Aparte de por muchos otros motivos, cuanto mayores son los riesgos de una sustancia, mayor raz\u00f3n para que \u00e9sta sea legal<\/em><strong>; para que est\u00e9 despenalizada y as\u00ed su consumo se produzca del modo m\u00e1s controlado posible,&nbsp;<\/strong><strong>pueda ser<\/strong><strong>&nbsp;asesorado por personal especializado y, por supuesto, para que existan los debidos controles de pureza y calidad.<\/strong><\/p>\n<p>Adem\u00e1s, como antes dec\u00edamos, tratamos de dar siempre una perspectiva lo m\u00e1s amplia posible. Por ejemplo, escuchamos decir repetidamente que la&nbsp;<i>guerra contra las drogas<\/i>&nbsp;\u201cha sido un fracaso\u201d, pero en realidad se puede considerar un&nbsp;<i>\u00e9xito<\/i>&nbsp;si entendemos que pretende la generaci\u00f3n de superbeneficios, la legitimaci\u00f3n de intervenciones militares, profundizar en el control social, el embrutecimiento&nbsp;y\/o aturdimiento&nbsp;general,&nbsp;etc. Todo esto lo hace&nbsp;<i>bastante bien<\/i>, independientemente de las<i>declaraciones piadosas<\/i>&nbsp;utilizadas para justificar dicha&nbsp;<i>guerra<\/i>.<\/p>\n<p>Hablar de c\u00e1rcel, de exclusi\u00f3n, de pobreza, de saqueos de recursos, etc., etc., adem\u00e1s de&nbsp;hacerlo de&nbsp;la protecci\u00f3n a la salud es totalmente necesario si no&nbsp;queremos&nbsp;que&nbsp;hablar de drogas sea algo superficial. Cuando damos un curso para educador@s, por ejemplo, advertimos al principio que no vamos a&nbsp;tratar&nbsp;s\u00f3lo de qu\u00e9 hacemos con las criaturas que \u201cfuman demasiados porros a la puerta del instituto\u201d (sic;&nbsp;que suele ser su idea previa),&nbsp;les damos muchas otras claves porque este tema es muy amplio y cambiando la mirada general entenderemos mejor la acci\u00f3n concreta.<\/p>\n<h6><b>NORMALMENTE, CUANDO ACTU\u00c1IS, LO HAC\u00c9IS GRATUITAMENTE PARA EL USUARIO. PERO, \u00bfDE D\u00d3NDE PROVIENE LA FINANCIACI\u00d3N?<\/b><\/h6>\n<p>La mayor parte de ella proviene de proyectos subvencionados por la Diputaci\u00f3n General de Arag\u00f3n, aunque para entender c\u00f3mo funcionamos habr\u00eda que pensar m\u00e1s en la cantidad de horas trabajadas sin remuneraci\u00f3n y en un funambulismo econ\u00f3mico, no elegido.<\/p>\n<h6><b>\u00bfC\u00d3MO OS CONTACTAN PARA PEDIROS QUE ACTU\u00c9IS? \u00bfTOM\u00c1IS LA INIC<\/b><b>I<\/b><b>ATIVA DE SOLICITAR ACTUAR, EN OCASIONES?<\/b><\/h6>\n<p>Las dos cosas. En cuanto a las intervenciones en espacios de ocio, algunos ayuntamientos o comarcas nos han solicitado que instalemos el estand informativo en sus fiestas locales. En el caso de los festivales, solemos tomar la iniciativa y elegir los eventos donde creemos que es m\u00e1s \u00fatil la intervenci\u00f3n.<\/p>\n<p>En el caso de las actividades formativas, salvo uno o dos cursos que nosotr@s mism@s proponemos cada a\u00f1o, nos suelen solicitar la formaci\u00f3n, tanto para j\u00f3venes, como para madres y padres como para educador@s y profesionales de todo tipo. El boca a boca es muy potente y apenas nos tenemos que preocupar por eso porque nos llaman a menudo.<\/p>\n<h6><b>\u00bfHAB\u00c9IS ACTUADO ALGUNA VEZ SIN CONSENTIMIENTO? \u00bfPOR ALG\u00daN&nbsp;<\/b><b>MOTIVO?<\/b><\/h6>\n<p>Nunca. Si act\u00faas en un espacio, tienes que solicitar los permisos correspondientes. Nunca faltar\u00edamos as\u00ed al respeto; menos con un tema tan controvertido.<\/p>\n<p><img loading=\"lazy\" decoding=\"async\" class=\"alignnone  wp-image-1065\" src=\"http:\/\/www.cannabis.es\/pw\/wp-content\/uploads\/2017\/04\/nowhere-2018_1-300x169.jpg\" alt=\"\" width=\"1139\" height=\"642\" srcset=\"https:\/\/www.cannabis.es\/pw\/wp-content\/uploads\/2017\/04\/nowhere-2018_1-300x169.jpg 300w, https:\/\/www.cannabis.es\/pw\/wp-content\/uploads\/2017\/04\/nowhere-2018_1-768x432.jpg 768w, https:\/\/www.cannabis.es\/pw\/wp-content\/uploads\/2017\/04\/nowhere-2018_1-600x338.jpg 600w, https:\/\/www.cannabis.es\/pw\/wp-content\/uploads\/2017\/04\/nowhere-2018_1.jpg 896w\" sizes=\"auto, (max-width: 1139px) 100vw, 1139px\" \/><\/p>\n<h6><strong>\u00bf<\/strong><b>CRE\u00c9IS QUE DEBER\u00cdAN INTEGRAROS DE ALGUNA MANERA EN EL SECTOR&nbsp;P\u00daBLICO? \u00bfO CONSIDERAR AL MENOS VUESTRA LABOR COMO SERVICIO P\u00daBLICO?<\/b><\/h6>\n<p>Nosotr@s nacimos con vocaci\u00f3n de servicio p\u00fablico. Hacemos un trabajo que la Administraci\u00f3n no hace, y promovemos un enfoque que tampoco quiere fortalecer, porque no se atreve siquiera a homologar su discurso al nivel de debate que se est\u00e1 dando a escala mundial sobre la regulaci\u00f3n.<\/p>\n<p>En realidad, como ya dec\u00edan hace muchos a\u00f1os los profesionales del Grupo IGIA, \u201clas campa\u00f1as supuestamente preventivas son la expresi\u00f3n hecha discurso de los criterios pol\u00edticos penalizadores con los que se est\u00e1 afrontando el tema.\u201d<\/p>\n<p>En todo caso, la&nbsp;<i>RdR<\/i>&nbsp;se ha ganado a pulso con a\u00f1os de trabajo y resultados incuestionables que las Administraciones nos tengan en cuenta (aunque en unas regiones m\u00e1s que en otras&#8230;), pero cuando se trata de proporcionar los medios de trabajo, la defensa decidida y valiente en el espacio p\u00fablico de esta l\u00ednea de acci\u00f3n y, m\u00e1s a\u00fan, de la necesidad de cambiar el eje de la visi\u00f3n&nbsp;<em>prohibicionista<\/em>, la actuaci\u00f3n de los poderes p\u00fablicos deja mucho que desear, por decirlo de modo suave.<\/p>\n<h6><b>\u00bfCU\u00c1L ES LA MAYOR DIFICULTAD, PENSANDO EN LA PERSPECTIVA NACIONAL, A LA QUE SE ENFRENTA LA CONSOLIDACI\u00d3N DE LOS MODELOS DE GESTI\u00d3N, PREVENCI\u00d3N Y\/O REDUCCI\u00d3N SOBRE EL PROHIBICIONISTA, DESDE VUESTRO PUNTO DE VISTA?<\/b><\/h6>\n<p>En la l\u00ednea de lo que coment\u00e1bamos antes, la cobard\u00eda de poderes p\u00fablicos, combinada con su visi\u00f3n conservadora y acr\u00edtica de los desmanes de la pol\u00edtica actual, es uno de los principales escollos a salvar. Adem\u00e1s, hay que tener en cuenta que cambiar la pol\u00edtica sobre drogas afecta a muchos grupos de inter\u00e9s, que a su vez sustentan y presionan a l@s \u201cadministrador@s\u201d. En esos grupos, se incluye tambi\u00e9n buena parte del estamento asistencialista (no todo), que est\u00e1 muy acomodada en una posici\u00f3n&nbsp;<em>prohibicionista<\/em>.<\/p>\n<h6><b>\u00bfY EN LO QUE OS AFECTA DIRECTAMENTE COMO COLECTIVO DE REDUCCI\u00d3N DE&nbsp;DA\u00d1OS A NIVEL TANTO NACIONAL COMO REGIONAL?<\/b><\/h6>\n<p>Las Administraciones saben que esto lo hacemos porque creemos en ello, y por eso hay cierta forma de chantaje. En general, salvo excepciones, aunque no proporcionan los medios y el apoyo adecuados, saben que lo seguiremos haciendo. Adem\u00e1s, estamos expuestos al vaiv\u00e9n de las&nbsp;<strong>pugnas politiqueras<\/strong>&nbsp;(falsamente pol\u00edticas) que hacen que se pueda suspender una financiaci\u00f3n o difamar y desprestigiar un trabajo s\u00f3lo por puro inter\u00e9s.<\/p>\n<h6><b>ENTRE LOS PARTIDOS POL\u00cdTICOS, \u00bfCU\u00c1LES TIENEN SENSIBILIDAD POR&nbsp;VUESTRA TAREA? \u00bfEST\u00c1 MUY LEJOS DE SU ESFERA, ESTE DEBATE?<\/b><\/h6>\n<p>Evidentemente, los m\u00e1s preocupados por mantener el&nbsp;<i>status quo<\/i>&nbsp;y, en particular, su cuota de poder no s\u00f3lo no apoyan este trabajo sino que lo torpedean siempre que les conviene.<\/p>\n<p>El<strong>&nbsp;esc\u00e1ndalo<\/strong>&nbsp;que nos montaron en febrero del pasado a\u00f1o, por puro inter\u00e9s partidista que ni siquiera ten\u00eda que ver con la<em>Reducci\u00f3n de Riesgos,<\/em>&nbsp;sino que era un ataque contra el gobierno de la ciudad, es solo el \u00faltimo de los ejemplos de lo que las organizaciones que trabajan en esto llevan soportando desde que nacieron hace m\u00e1s de dos d\u00e9cadas.<\/p>\n<p>Tambi\u00e9n es cierto, que otras formaciones pol\u00edticas s\u00ed apoyan m\u00e1s esta perspectiva, pero todav\u00eda no con la suficiente decisi\u00f3n, entre otras cosas, por ese&nbsp;<strong>debate abandonado<\/strong>&nbsp;que coment\u00e1bamos al principio. Cuanto menos debate ciudadano hay sobre un tema, m\u00e1s permeado est\u00e1 de las categor\u00edas de la ideolog\u00eda dominante; la prohibici\u00f3n, en este caso. Y ning\u00fan grupo es inmune a eso. S\u00f3lo dando con fuerza dicho debate podemos cambiar la mirada general.<\/p>\n\n\n\n\n","protected":false},"excerpt":{"rendered":"<span class=\"span-reading-time rt-reading-time\" style=\"display: block;\"><span class=\"rt-label rt-prefix\">Tiempo de lectura:<\/span> <span class=\"rt-time\"> 8<\/span> <span class=\"rt-label rt-postfix\">minutos<\/span><\/span>Por Arnau Alcaide. Consumo ConCiencia es una de las asociaciones que practican el an\u00e1lisis de drogas, entre otras tareas educativas en la \u00f3ptica de la reducci\u00f3n de riesgos. Est\u00e1n en Arag\u00f3n, donde el apoyo institucional \u201cha sido muy inferior al esperado\u201d, a diferencia del que han recibido otras como Ai Laket!, Energy Control&nbsp;o&nbsp;Hegoak&nbsp;en el Pa\u00eds [&hellip;]","protected":false},"author":1,"featured_media":1071,"comment_status":"closed","ping_status":"open","sticky":false,"template":"","format":"standard","meta":{"loftocean-featured-post":"","loftocean_post_format_gallery":"","loftocean_post_format_gallery_ids":"","loftocean_post_format_gallery_urls":"","loftocean_post_format_video_id":"","loftocean_post_format_video_url":"","loftocean_post_format_video_type":"","loftocean_post_format_video":"","loftocean_post_format_audio_type":"","loftocean_post_format_audio_url":"","loftocean_post_format_audio_id":"","loftocean_post_format_audio":"","loftocean_post_format_quote_text":"","loftocean_post_format_quote_byline":"","loftocean_post_format_link_text":"","loftocean_post_format_link_url":"","ceramag_post_header_style":"","ceramag_enable_background_video":"","ceramag_show_in_top_slider":"","ceramag_post_background_video_start":"","ceramag_post_background_video_end":"","loftocean_page_background_video_id":"","loftocean_page_background_video_url":"","loftocean_page_background_video_type":"","loftocean_page_background_video":"","ceramag_background_video_start":"","ceramag_background_video_end":"","ceramag_single_page_hide_header":"","footnotes":""},"categories":[33],"tags":[45,44,42,59,58,51,60],"class_list":["post-132","post","type-post","status-publish","format-standard","has-post-thumbnail","hentry","category-entrevistas","tag-analisis-de-drogas","tag-drogas","tag-politica","tag-prohibicionismo","tag-reduccion-de-riesgos","tag-salud","tag-salud-publica"],"yoast_head":"<!-- This site is optimized with the Yoast SEO plugin v24.9 - https:\/\/yoast.com\/wordpress\/plugins\/seo\/ -->\n<title>La reducci\u00f3n de da\u00f1os en Arag\u00f3n: entrevista con Javier S\u00e1nchez, de Consumoconciencia<\/title>\n<meta name=\"description\" content=\"Entrada &#8226; Portal multimedia sobre cannabis y otras sustancias &#8226; 10 abril, 2019\" \/>\n<meta name=\"robots\" content=\"index, follow, max-snippet:-1, max-image-preview:large, max-video-preview:-1\" \/>\n<link rel=\"canonical\" href=\"https:\/\/www.cannabis.es\/pw\/2019\/04\/10\/i-play-the-violin-when-i-am-thinking\/\" \/>\n<meta name=\"twitter:card\" content=\"summary_large_image\" \/>\n<meta name=\"twitter:title\" content=\"La reducci\u00f3n de da\u00f1os en Arag\u00f3n: entrevista con Javier S\u00e1nchez, de Consumoconciencia\" \/>\n<meta name=\"twitter:description\" content=\"Entrada &#8226; Portal multimedia sobre cannabis y otras sustancias &#8226; 10 abril, 2019\" \/>\n<meta name=\"twitter:image\" content=\"https:\/\/www.cannabis.es\/pw\/wp-content\/uploads\/2017\/04\/consumo-conciencia.jpg\" \/>\n<meta name=\"twitter:creator\" content=\"@cannabis_es\" \/>\n<meta name=\"twitter:site\" content=\"@cannabis_es\" \/>\n<meta name=\"twitter:label1\" content=\"Escrito por\" \/>\n\t<meta name=\"twitter:data1\" content=\"Cannabis.es\" \/>\n\t<meta name=\"twitter:label2\" content=\"Tiempo de lectura\" \/>\n\t<meta name=\"twitter:data2\" content=\"13 minutos\" \/>\n<script type=\"application\/ld+json\" class=\"yoast-schema-graph\">{\"@context\":\"https:\/\/schema.org\",\"@graph\":[{\"@type\":\"Article\",\"@id\":\"https:\/\/www.cannabis.es\/pw\/2019\/04\/10\/i-play-the-violin-when-i-am-thinking\/#article\",\"isPartOf\":{\"@id\":\"https:\/\/www.cannabis.es\/pw\/2019\/04\/10\/i-play-the-violin-when-i-am-thinking\/\"},\"author\":{\"name\":\"Cannabis.es\",\"@id\":\"https:\/\/www.cannabis.es\/pw\/#\/schema\/person\/e2fbd204580cf4fe74c79b82bc447374\"},\"headline\":\"La reducci\u00f3n de da\u00f1os en Arag\u00f3n: entrevista con Javier S\u00e1nchez, de Consumoconciencia\",\"datePublished\":\"2019-04-10T05:47:45+00:00\",\"dateModified\":\"2020-09-04T11:06:36+00:00\",\"mainEntityOfPage\":{\"@id\":\"https:\/\/www.cannabis.es\/pw\/2019\/04\/10\/i-play-the-violin-when-i-am-thinking\/\"},\"wordCount\":2707,\"publisher\":{\"@id\":\"https:\/\/www.cannabis.es\/pw\/#organization\"},\"image\":{\"@id\":\"https:\/\/www.cannabis.es\/pw\/2019\/04\/10\/i-play-the-violin-when-i-am-thinking\/#primaryimage\"},\"thumbnailUrl\":\"https:\/\/www.cannabis.es\/pw\/wp-content\/uploads\/2017\/04\/consumo-conciencia.jpg\",\"keywords\":[\"an\u00e1lisis de drogas\",\"drogas\",\"pol\u00edtica\",\"prohibicionismo\",\"reducci\u00f3n de riesgos\",\"salud\",\"salud p\u00fablica\"],\"articleSection\":[\"Entrevistas\"],\"inLanguage\":\"es\"},{\"@type\":\"WebPage\",\"@id\":\"https:\/\/www.cannabis.es\/pw\/2019\/04\/10\/i-play-the-violin-when-i-am-thinking\/\",\"url\":\"https:\/\/www.cannabis.es\/pw\/2019\/04\/10\/i-play-the-violin-when-i-am-thinking\/\",\"name\":\"La reducci\u00f3n de da\u00f1os en Arag\u00f3n: entrevista con Javier S\u00e1nchez, de Consumoconciencia\",\"isPartOf\":{\"@id\":\"https:\/\/www.cannabis.es\/pw\/#website\"},\"primaryImageOfPage\":{\"@id\":\"https:\/\/www.cannabis.es\/pw\/2019\/04\/10\/i-play-the-violin-when-i-am-thinking\/#primaryimage\"},\"image\":{\"@id\":\"https:\/\/www.cannabis.es\/pw\/2019\/04\/10\/i-play-the-violin-when-i-am-thinking\/#primaryimage\"},\"thumbnailUrl\":\"https:\/\/www.cannabis.es\/pw\/wp-content\/uploads\/2017\/04\/consumo-conciencia.jpg\",\"datePublished\":\"2019-04-10T05:47:45+00:00\",\"dateModified\":\"2020-09-04T11:06:36+00:00\",\"description\":\"Entrada &#8226; Portal multimedia sobre cannabis y otras sustancias &#8226; 10 abril, 2019\",\"breadcrumb\":{\"@id\":\"https:\/\/www.cannabis.es\/pw\/2019\/04\/10\/i-play-the-violin-when-i-am-thinking\/#breadcrumb\"},\"inLanguage\":\"es\",\"potentialAction\":[{\"@type\":\"ReadAction\",\"target\":[\"https:\/\/www.cannabis.es\/pw\/2019\/04\/10\/i-play-the-violin-when-i-am-thinking\/\"]}]},{\"@type\":\"ImageObject\",\"inLanguage\":\"es\",\"@id\":\"https:\/\/www.cannabis.es\/pw\/2019\/04\/10\/i-play-the-violin-when-i-am-thinking\/#primaryimage\",\"url\":\"https:\/\/www.cannabis.es\/pw\/wp-content\/uploads\/2017\/04\/consumo-conciencia.jpg\",\"contentUrl\":\"https:\/\/www.cannabis.es\/pw\/wp-content\/uploads\/2017\/04\/consumo-conciencia.jpg\",\"width\":959,\"height\":475},{\"@type\":\"BreadcrumbList\",\"@id\":\"https:\/\/www.cannabis.es\/pw\/2019\/04\/10\/i-play-the-violin-when-i-am-thinking\/#breadcrumb\",\"itemListElement\":[{\"@type\":\"ListItem\",\"position\":1,\"name\":\"Portada\",\"item\":\"http:\/\/www.cannabis.es\/pw\/\"},{\"@type\":\"ListItem\",\"position\":2,\"name\":\"La reducci\u00f3n de da\u00f1os en Arag\u00f3n: entrevista con Javier S\u00e1nchez, de Consumoconciencia\"}]},{\"@type\":\"WebSite\",\"@id\":\"https:\/\/www.cannabis.es\/pw\/#website\",\"url\":\"https:\/\/www.cannabis.es\/pw\/\",\"name\":\"Cannabis\",\"description\":\"Portal multimedia sobre cannabis y otras sustancias\",\"publisher\":{\"@id\":\"https:\/\/www.cannabis.es\/pw\/#organization\"},\"potentialAction\":[{\"@type\":\"SearchAction\",\"target\":{\"@type\":\"EntryPoint\",\"urlTemplate\":\"https:\/\/www.cannabis.es\/pw\/?s={search_term_string}\"},\"query-input\":{\"@type\":\"PropertyValueSpecification\",\"valueRequired\":true,\"valueName\":\"search_term_string\"}}],\"inLanguage\":\"es\"},{\"@type\":\"Organization\",\"@id\":\"https:\/\/www.cannabis.es\/pw\/#organization\",\"name\":\"Cannabis.es\",\"url\":\"https:\/\/www.cannabis.es\/pw\/\",\"logo\":{\"@type\":\"ImageObject\",\"inLanguage\":\"es\",\"@id\":\"https:\/\/www.cannabis.es\/pw\/#\/schema\/logo\/image\/\",\"url\":\"https:\/\/www.cannabis.es\/pw\/wp-content\/uploads\/2019\/04\/cropped-logo_cannabis.png\",\"contentUrl\":\"https:\/\/www.cannabis.es\/pw\/wp-content\/uploads\/2019\/04\/cropped-logo_cannabis.png\",\"width\":361,\"height\":120,\"caption\":\"Cannabis.es\"},\"image\":{\"@id\":\"https:\/\/www.cannabis.es\/pw\/#\/schema\/logo\/image\/\"},\"sameAs\":[\"https:\/\/x.com\/cannabis_es\"]},{\"@type\":\"Person\",\"@id\":\"https:\/\/www.cannabis.es\/pw\/#\/schema\/person\/e2fbd204580cf4fe74c79b82bc447374\",\"name\":\"Cannabis.es\",\"image\":{\"@type\":\"ImageObject\",\"inLanguage\":\"es\",\"@id\":\"https:\/\/www.cannabis.es\/pw\/#\/schema\/person\/image\/\",\"url\":\"https:\/\/secure.gravatar.com\/avatar\/4375b1eb6e272e2e48a4b8a8def52e5f208151f555bb5906da616906ee6dd2e8?s=96&d=mm&r=g\",\"contentUrl\":\"https:\/\/secure.gravatar.com\/avatar\/4375b1eb6e272e2e48a4b8a8def52e5f208151f555bb5906da616906ee6dd2e8?s=96&d=mm&r=g\",\"caption\":\"Cannabis.es\"},\"url\":\"https:\/\/www.cannabis.es\/pw\/author\/cannabis\/\"}]}<\/script>\n<!-- \/ Yoast SEO plugin. -->","yoast_head_json":{"title":"La reducci\u00f3n de da\u00f1os en Arag\u00f3n: entrevista con Javier S\u00e1nchez, de Consumoconciencia","description":"Entrada &#8226; Portal multimedia sobre cannabis y otras sustancias &#8226; 10 abril, 2019","robots":{"index":"index","follow":"follow","max-snippet":"max-snippet:-1","max-image-preview":"max-image-preview:large","max-video-preview":"max-video-preview:-1"},"canonical":"https:\/\/www.cannabis.es\/pw\/2019\/04\/10\/i-play-the-violin-when-i-am-thinking\/","twitter_card":"summary_large_image","twitter_title":"La reducci\u00f3n de da\u00f1os en Arag\u00f3n: entrevista con Javier S\u00e1nchez, de Consumoconciencia","twitter_description":"Entrada &#8226; Portal multimedia sobre cannabis y otras sustancias &#8226; 10 abril, 2019","twitter_image":"https:\/\/www.cannabis.es\/pw\/wp-content\/uploads\/2017\/04\/consumo-conciencia.jpg","twitter_creator":"@cannabis_es","twitter_site":"@cannabis_es","twitter_misc":{"Escrito por":"Cannabis.es","Tiempo de lectura":"13 minutos"},"schema":{"@context":"https:\/\/schema.org","@graph":[{"@type":"Article","@id":"https:\/\/www.cannabis.es\/pw\/2019\/04\/10\/i-play-the-violin-when-i-am-thinking\/#article","isPartOf":{"@id":"https:\/\/www.cannabis.es\/pw\/2019\/04\/10\/i-play-the-violin-when-i-am-thinking\/"},"author":{"name":"Cannabis.es","@id":"https:\/\/www.cannabis.es\/pw\/#\/schema\/person\/e2fbd204580cf4fe74c79b82bc447374"},"headline":"La reducci\u00f3n de da\u00f1os en Arag\u00f3n: entrevista con Javier S\u00e1nchez, de Consumoconciencia","datePublished":"2019-04-10T05:47:45+00:00","dateModified":"2020-09-04T11:06:36+00:00","mainEntityOfPage":{"@id":"https:\/\/www.cannabis.es\/pw\/2019\/04\/10\/i-play-the-violin-when-i-am-thinking\/"},"wordCount":2707,"publisher":{"@id":"https:\/\/www.cannabis.es\/pw\/#organization"},"image":{"@id":"https:\/\/www.cannabis.es\/pw\/2019\/04\/10\/i-play-the-violin-when-i-am-thinking\/#primaryimage"},"thumbnailUrl":"https:\/\/www.cannabis.es\/pw\/wp-content\/uploads\/2017\/04\/consumo-conciencia.jpg","keywords":["an\u00e1lisis de drogas","drogas","pol\u00edtica","prohibicionismo","reducci\u00f3n de riesgos","salud","salud p\u00fablica"],"articleSection":["Entrevistas"],"inLanguage":"es"},{"@type":"WebPage","@id":"https:\/\/www.cannabis.es\/pw\/2019\/04\/10\/i-play-the-violin-when-i-am-thinking\/","url":"https:\/\/www.cannabis.es\/pw\/2019\/04\/10\/i-play-the-violin-when-i-am-thinking\/","name":"La reducci\u00f3n de da\u00f1os en Arag\u00f3n: entrevista con Javier S\u00e1nchez, de Consumoconciencia","isPartOf":{"@id":"https:\/\/www.cannabis.es\/pw\/#website"},"primaryImageOfPage":{"@id":"https:\/\/www.cannabis.es\/pw\/2019\/04\/10\/i-play-the-violin-when-i-am-thinking\/#primaryimage"},"image":{"@id":"https:\/\/www.cannabis.es\/pw\/2019\/04\/10\/i-play-the-violin-when-i-am-thinking\/#primaryimage"},"thumbnailUrl":"https:\/\/www.cannabis.es\/pw\/wp-content\/uploads\/2017\/04\/consumo-conciencia.jpg","datePublished":"2019-04-10T05:47:45+00:00","dateModified":"2020-09-04T11:06:36+00:00","description":"Entrada &#8226; Portal multimedia sobre cannabis y otras sustancias &#8226; 10 abril, 2019","breadcrumb":{"@id":"https:\/\/www.cannabis.es\/pw\/2019\/04\/10\/i-play-the-violin-when-i-am-thinking\/#breadcrumb"},"inLanguage":"es","potentialAction":[{"@type":"ReadAction","target":["https:\/\/www.cannabis.es\/pw\/2019\/04\/10\/i-play-the-violin-when-i-am-thinking\/"]}]},{"@type":"ImageObject","inLanguage":"es","@id":"https:\/\/www.cannabis.es\/pw\/2019\/04\/10\/i-play-the-violin-when-i-am-thinking\/#primaryimage","url":"https:\/\/www.cannabis.es\/pw\/wp-content\/uploads\/2017\/04\/consumo-conciencia.jpg","contentUrl":"https:\/\/www.cannabis.es\/pw\/wp-content\/uploads\/2017\/04\/consumo-conciencia.jpg","width":959,"height":475},{"@type":"BreadcrumbList","@id":"https:\/\/www.cannabis.es\/pw\/2019\/04\/10\/i-play-the-violin-when-i-am-thinking\/#breadcrumb","itemListElement":[{"@type":"ListItem","position":1,"name":"Portada","item":"http:\/\/www.cannabis.es\/pw\/"},{"@type":"ListItem","position":2,"name":"La reducci\u00f3n de da\u00f1os en Arag\u00f3n: entrevista con Javier S\u00e1nchez, de Consumoconciencia"}]},{"@type":"WebSite","@id":"https:\/\/www.cannabis.es\/pw\/#website","url":"https:\/\/www.cannabis.es\/pw\/","name":"Cannabis","description":"Portal multimedia sobre cannabis y otras sustancias","publisher":{"@id":"https:\/\/www.cannabis.es\/pw\/#organization"},"potentialAction":[{"@type":"SearchAction","target":{"@type":"EntryPoint","urlTemplate":"https:\/\/www.cannabis.es\/pw\/?s={search_term_string}"},"query-input":{"@type":"PropertyValueSpecification","valueRequired":true,"valueName":"search_term_string"}}],"inLanguage":"es"},{"@type":"Organization","@id":"https:\/\/www.cannabis.es\/pw\/#organization","name":"Cannabis.es","url":"https:\/\/www.cannabis.es\/pw\/","logo":{"@type":"ImageObject","inLanguage":"es","@id":"https:\/\/www.cannabis.es\/pw\/#\/schema\/logo\/image\/","url":"https:\/\/www.cannabis.es\/pw\/wp-content\/uploads\/2019\/04\/cropped-logo_cannabis.png","contentUrl":"https:\/\/www.cannabis.es\/pw\/wp-content\/uploads\/2019\/04\/cropped-logo_cannabis.png","width":361,"height":120,"caption":"Cannabis.es"},"image":{"@id":"https:\/\/www.cannabis.es\/pw\/#\/schema\/logo\/image\/"},"sameAs":["https:\/\/x.com\/cannabis_es"]},{"@type":"Person","@id":"https:\/\/www.cannabis.es\/pw\/#\/schema\/person\/e2fbd204580cf4fe74c79b82bc447374","name":"Cannabis.es","image":{"@type":"ImageObject","inLanguage":"es","@id":"https:\/\/www.cannabis.es\/pw\/#\/schema\/person\/image\/","url":"https:\/\/secure.gravatar.com\/avatar\/4375b1eb6e272e2e48a4b8a8def52e5f208151f555bb5906da616906ee6dd2e8?s=96&d=mm&r=g","contentUrl":"https:\/\/secure.gravatar.com\/avatar\/4375b1eb6e272e2e48a4b8a8def52e5f208151f555bb5906da616906ee6dd2e8?s=96&d=mm&r=g","caption":"Cannabis.es"},"url":"https:\/\/www.cannabis.es\/pw\/author\/cannabis\/"}]}},"_links":{"self":[{"href":"https:\/\/www.cannabis.es\/pw\/wp-json\/wp\/v2\/posts\/132","targetHints":{"allow":["GET"]}}],"collection":[{"href":"https:\/\/www.cannabis.es\/pw\/wp-json\/wp\/v2\/posts"}],"about":[{"href":"https:\/\/www.cannabis.es\/pw\/wp-json\/wp\/v2\/types\/post"}],"author":[{"embeddable":true,"href":"https:\/\/www.cannabis.es\/pw\/wp-json\/wp\/v2\/users\/1"}],"replies":[{"embeddable":true,"href":"https:\/\/www.cannabis.es\/pw\/wp-json\/wp\/v2\/comments?post=132"}],"version-history":[{"count":22,"href":"https:\/\/www.cannabis.es\/pw\/wp-json\/wp\/v2\/posts\/132\/revisions"}],"predecessor-version":[{"id":5993,"href":"https:\/\/www.cannabis.es\/pw\/wp-json\/wp\/v2\/posts\/132\/revisions\/5993"}],"wp:featuredmedia":[{"embeddable":true,"href":"https:\/\/www.cannabis.es\/pw\/wp-json\/wp\/v2\/media\/1071"}],"wp:attachment":[{"href":"https:\/\/www.cannabis.es\/pw\/wp-json\/wp\/v2\/media?parent=132"}],"wp:term":[{"taxonomy":"category","embeddable":true,"href":"https:\/\/www.cannabis.es\/pw\/wp-json\/wp\/v2\/categories?post=132"},{"taxonomy":"post_tag","embeddable":true,"href":"https:\/\/www.cannabis.es\/pw\/wp-json\/wp\/v2\/tags?post=132"}],"curies":[{"name":"wp","href":"https:\/\/api.w.org\/{rel}","templated":true}]}}