{"id":1406,"date":"2019-04-08T12:20:43","date_gmt":"2019-04-08T10:20:43","guid":{"rendered":"http:\/\/www.cannabis.es\/pw\/?p=1406"},"modified":"2020-09-04T13:06:45","modified_gmt":"2020-09-04T11:06:45","slug":"cannabis-contra-el-calentamiento-global-una-entrevista-a-miguel-gimeno","status":"publish","type":"post","link":"https:\/\/www.cannabis.es\/pw\/2019\/04\/08\/cannabis-contra-el-calentamiento-global-una-entrevista-a-miguel-gimeno\/","title":{"rendered":"Cannabis contra el calentamiento global, una entrevista a Miguel Gimeno"},"content":{"rendered":"\n<p>Por Benito D\u00edaz.<\/p>\n\n\n<p>El cannabis y el c\u00e1\u00f1amo, como cultivo industrial, ayudar\u00edan a mitigar el efecto de la contaminaci\u00f3n y retrasar la aparici\u00f3n del cambio clim\u00e1tico, adem\u00e1s de mejorar los sustratos de cultivo. El cambio de relaci\u00f3n entre los seres humanos y la planta podr\u00eda servir como un potente catalizador que act\u00fae en la reducci\u00f3n de los efectos del calentamiento global antropog\u00e9nico.<\/p>\n<p>Conversamos con&nbsp;<a href=\"https:\/\/www.facebook.com\/miguel.gimeno.923\" target=\"_blank\" rel=\"noopener noreferrer\">Miguel Gimeno, ecoagricultor,<\/a>&nbsp;experto en cultivos biol\u00f3gicos y colaborador habitual en medios cann\u00e1bicos, as\u00ed como divulgador con su libro&nbsp;Marihuana al natural<i>.<\/i>&nbsp;<i>\u201cTodas las plantas aspiran CO2 y expiran O2. Su presencia refresca el ambiente y reduce el impacto del sol en el suelo. Adem\u00e1s, evitan la desertizaci\u00f3n y la degradaci\u00f3n del ecosistema\u201d,<\/i>&nbsp;nos explica.<\/p>\n<p><span style=\"color: #339966;\"><strong>&lt;&nbsp;La&nbsp;marihuana es una gran baza contra el cambio clim\u00e1tico&nbsp;&gt;<\/strong><\/span><\/p>\n<p>\u201c<i>La&nbsp;<\/i><i>m<\/i><i>arihuana es una gran baza contra el cambio clim\u00e1tico, pues es muy resistente y adaptable. Soporta estr\u00e9s h\u00eddrico, causas ambientales, carencias de nutrientes y cambios diversos en la climatolog\u00eda. Otra cosa ser\u00eda hablar de la calidad de un<\/i><i>c<\/i><i>annabis que haya tenido que luchar contra todos estos factores, claro. Tambi\u00e9n es conveniente hablar de la capacidad del<\/i><i>c<\/i><i>\u00e1\u00f1amo y el&nbsp;<\/i><i>c<\/i><i>annabis para enfrentarse a la deforestaci\u00f3n de los bosques\u201d,<\/i>&nbsp;relata nuestro experto.&nbsp;<i>\u201cEstos ecosistemas se explotan debido a la exigencia de celulosa para fabricar papel, o para la obtenci\u00f3n de textiles, que podr\u00edan ser f\u00e1cilmente sustituidos por el&nbsp;<\/i><i>c<\/i><i>\u00e1\u00f1amo\u201d.<\/i><\/p>\n<p>\u201c<strong><i>El cultivo de&nbsp;<\/i><i>c<\/i><i>\u00e1\u00f1amo ha sido utilizado durante siglos en la agricultura como preparaci\u00f3n previa del suelo&nbsp;<\/i><\/strong><i>a<\/i><i>&nbsp;la plantaci\u00f3n de cereales y otros vegetales alimentarios, debido a la capacidad de sus ra\u00edces para \u2018abrir\u2019&nbsp;<\/i><i>la tierra<\/i><i>&nbsp;y mejorar el sustrato para otros tipos de cultivo\u201d,<\/i>&nbsp;recuerda Gimeno. Comentamos la importancia del llamado \u201csecuestro de carbono\u201d, un fen\u00f3meno que consiste en la retenci\u00f3n de este gas en el suelo y en las plantas, obtenido a trav\u00e9s de su respiraci\u00f3n y potenciado por microorganismos que tambi\u00e9n ayudan a fijarlo en el sustrato para su uso por parte de los vegetales.&nbsp;<i>\u201cLas bacterias, micorrizas y otros probi\u00f3ticos relacionados, ayudan a la planta a absorber este carbono, que obtiene tambi\u00e9n mediante la fotos\u00edntesis, y fijarlo a sus estructuras vitales.&nbsp;<strong>Es importante que el cultivo sea org\u00e1nico<\/strong>, pues estos microorganismos son muy sensibles a productos qu\u00edmicos y de otra forma morir\u00edan\u201d.<\/i><\/p>\n<h6><strong>LAS CR\u00cdTICAS SE BASAN EN UNA CONCEPCI\u00d3N INTENSIVA DEL CULTIVO<\/strong><\/h6>\n<p>Sobre la opini\u00f3n de algunos cr\u00edticos que afirman que el cultivo de cannabis es perjudicial para el medio ambiente, debido al alto gasto energ\u00e9tico que producen, sus elevadas necesidades de agua y a la contaminaci\u00f3n producida por la utilizaci\u00f3n de abonos qu\u00edmicos y pesticidas, Gimeno lo tiene muy claro:&nbsp;<i>\u201cEso solo ser\u00eda as\u00ed por una mala aplicaci\u00f3n del cultivo convencional en sustituci\u00f3n de un cultivo ecol\u00f3gico y org\u00e1nico, de&nbsp;<\/i><i>c<\/i><i>annabis o de cualquier otra planta, sean habas o lechuga. Los cultivos indoor suelen usar focos de alto gasto energ\u00e9tico sostenidos por energ\u00edas no-renovables, como la nuclear. Los abonos qu\u00edmicos y pesticidas son producidos ya en origen en industrias contaminantes, adem\u00e1s de ser necesario su env\u00edo en medios de transporte en flotas de camiones, etc\u00e9tera. Su huella ecol\u00f3gica es tremenda\u201d<\/i>, asegura.<\/p>\n<p>\u201c<i><b>La agricultura tradicional se basa en fertilizar las plantas. La agricultura ecol\u00f3gica, por el contrario, trata de fertilizar el suelo con t\u00e9cnicas como el compostaje<\/b><\/i><i>. La vuelta del cultivo industrial de&nbsp;<\/i><i>c<\/i><i>\u00e1\u00f1amo y de&nbsp;<\/i><i>m<\/i><i>arihuana traer\u00eda consigo una revoluci\u00f3n a nivel social muy importante. Hablamos de afectar a la industria energ\u00e9tica con una alternativa ecol\u00f3gica, la recuperaci\u00f3n de la biomasa natural; de un impacto notable en las industrias textil, farmac\u00e9utica\u2026 Un gran impulso al mundo rural, una oportunidad de independencia energ\u00e9tica con los biocombustibles, una menor huella ecol\u00f3gica\u201d<\/i>&nbsp;concluye Miguel Gimeno.<\/p>\n<p>El an\u00e1lisis de la&nbsp;<a href=\"http:\/\/faaat.net\/\" target=\"_blank\" rel=\"noopener noreferrer\">fundaci\u00f3n FAAAT<\/a>, titulado&nbsp;<a href=\"http:\/\/faaat.net\/wp-content\/uploads\/FAAAT-CANNABIS-SDG-REPORT-2019_web.pdf\" target=\"_blank\" rel=\"noopener noreferrer\">\u201cCannabis y desarrollo sostenible\u201d<\/a>&nbsp;viene a completar la informaci\u00f3n dada por Gimeno.&nbsp;<span style=\"color: #ff9900;\"><em>\u201cEl trabajo entre los seres humanos y el Cannabis Sativa es necesario para construir sociedades verdes y capaces de enfrentarse a cambios o agentes perturbadores. Muchos de los hallazgos presentados muestran que la planta de cannabis y las reformas de pol\u00edticas sostenibles, proporcionan un conjunto de herramientas para ayudar a mitigar el cambio clim\u00e1tico y abordar sus efectos. El cannabis y sus pol\u00edticas pueden no estar en el centro de la acci\u00f3n multilateral sobre el cambio clim\u00e1tico, sin embargo, son un factor que influye en el clima y los resultados del cambio clim\u00e1tico, ya sea positivamente en el caso del potencial de la planta (por ejemplo, usos de la planta para los numerosos fines no relacionados con la psicoactividad, fitorremediaci\u00f3n de suelos \u2026) o negativamente en el caso de pol\u00edticas fallidas (por ejemplo, la deforestaci\u00f3n causada por cultivos il\u00edcitos impulsados \u200b\u200bpor DTO, cultivos en interiores \u2026)\u201d.<\/em><\/span><\/p>\n<p>Las pol\u00edticas relacionadas con el cannabis pueden tener un&nbsp;<strong>efecto renovador en zonas rurales<\/strong>, amenazadas por la despoblaci\u00f3n y abandonadas a su suerte por la Administraci\u00f3n. Citando el anterior estudio, puede que el cannabis no vaya a salvar el mundo, pero s\u00ed tiene un papel fundamental en la transformaci\u00f3n del planeta y sus habitantes.<\/p>","protected":false},"excerpt":{"rendered":"<span class=\"span-reading-time rt-reading-time\" style=\"display: block;\"><span class=\"rt-label rt-prefix\">Tiempo de lectura:<\/span> <span class=\"rt-time\"> 3<\/span> <span class=\"rt-label rt-postfix\">minutos<\/span><\/span>Por Benito D\u00edaz. El cannabis y el c\u00e1\u00f1amo, como cultivo industrial, ayudar\u00edan a mitigar el efecto de la contaminaci\u00f3n y retrasar la aparici\u00f3n del cambio clim\u00e1tico, adem\u00e1s de mejorar los sustratos de cultivo. El cambio de relaci\u00f3n entre los seres humanos y la planta podr\u00eda servir como un potente catalizador que act\u00fae en la reducci\u00f3n [&hellip;]","protected":false},"author":1,"featured_media":1178,"comment_status":"closed","ping_status":"closed","sticky":false,"template":"","format":"standard","meta":{"loftocean-featured-post":"","loftocean_post_format_gallery":"","loftocean_post_format_gallery_ids":"","loftocean_post_format_gallery_urls":"","loftocean_post_format_video_id":"","loftocean_post_format_video_url":"","loftocean_post_format_video_type":"","loftocean_post_format_video":"","loftocean_post_format_audio_type":"","loftocean_post_format_audio_url":"","loftocean_post_format_audio_id":"","loftocean_post_format_audio":"","loftocean_post_format_quote_text":"","loftocean_post_format_quote_byline":"","loftocean_post_format_link_text":"","loftocean_post_format_link_url":"","ceramag_post_header_style":"","ceramag_enable_background_video":"","ceramag_show_in_top_slider":"","ceramag_post_background_video_start":"","ceramag_post_background_video_end":"","loftocean_page_background_video_id":"","loftocean_page_background_video_url":"","loftocean_page_background_video_type":"","loftocean_page_background_video":"","ceramag_background_video_start":"","ceramag_background_video_end":"","ceramag_single_page_hide_header":"","footnotes":""},"categories":[33,35],"tags":[41,61,64,62,63,345,42],"class_list":["post-1406","post","type-post","status-publish","format-standard","has-post-thumbnail","hentry","category-entrevistas","category-politica-y-sociedad","tag-cannabis","tag-cultivo","tag-cultivo-ecologico","tag-ecologico","tag-ecologismo","tag-marijuana","tag-politica"],"yoast_head":"<!-- This site is optimized with the Yoast SEO plugin v24.9 - https:\/\/yoast.com\/wordpress\/plugins\/seo\/ -->\n<title>Cannabis contra el calentamiento global, una entrevista a Miguel Gimeno<\/title>\n<meta name=\"description\" content=\"Entrada &#8226; Portal multimedia sobre cannabis y otras sustancias &#8226; 8 abril, 2019\" \/>\n<meta name=\"robots\" content=\"index, follow, max-snippet:-1, max-image-preview:large, max-video-preview:-1\" \/>\n<link rel=\"canonical\" href=\"https:\/\/www.cannabis.es\/pw\/2019\/04\/08\/cannabis-contra-el-calentamiento-global-una-entrevista-a-miguel-gimeno\/\" \/>\n<meta name=\"twitter:card\" content=\"summary_large_image\" \/>\n<meta name=\"twitter:title\" content=\"Cannabis contra el calentamiento global, una entrevista a Miguel Gimeno\" \/>\n<meta name=\"twitter:description\" content=\"Entrada &#8226; Portal multimedia sobre cannabis y otras sustancias &#8226; 8 abril, 2019\" \/>\n<meta name=\"twitter:image\" content=\"https:\/\/www.cannabis.es\/pw\/wp-content\/uploads\/2017\/04\/Calentamiento.jpg\" \/>\n<meta name=\"twitter:creator\" content=\"@cannabis_es\" \/>\n<meta name=\"twitter:site\" content=\"@cannabis_es\" \/>\n<meta name=\"twitter:label1\" content=\"Escrito por\" \/>\n\t<meta name=\"twitter:data1\" content=\"Cannabis.es\" \/>\n\t<meta name=\"twitter:label2\" content=\"Tiempo de lectura\" \/>\n\t<meta name=\"twitter:data2\" content=\"5 minutos\" \/>\n<script type=\"application\/ld+json\" class=\"yoast-schema-graph\">{\"@context\":\"https:\/\/schema.org\",\"@graph\":[{\"@type\":\"Article\",\"@id\":\"https:\/\/www.cannabis.es\/pw\/2019\/04\/08\/cannabis-contra-el-calentamiento-global-una-entrevista-a-miguel-gimeno\/#article\",\"isPartOf\":{\"@id\":\"https:\/\/www.cannabis.es\/pw\/2019\/04\/08\/cannabis-contra-el-calentamiento-global-una-entrevista-a-miguel-gimeno\/\"},\"author\":{\"name\":\"Cannabis.es\",\"@id\":\"https:\/\/www.cannabis.es\/pw\/#\/schema\/person\/e2fbd204580cf4fe74c79b82bc447374\"},\"headline\":\"Cannabis contra el calentamiento global, una entrevista a Miguel Gimeno\",\"datePublished\":\"2019-04-08T10:20:43+00:00\",\"dateModified\":\"2020-09-04T11:06:45+00:00\",\"mainEntityOfPage\":{\"@id\":\"https:\/\/www.cannabis.es\/pw\/2019\/04\/08\/cannabis-contra-el-calentamiento-global-una-entrevista-a-miguel-gimeno\/\"},\"wordCount\":965,\"publisher\":{\"@id\":\"https:\/\/www.cannabis.es\/pw\/#organization\"},\"image\":{\"@id\":\"https:\/\/www.cannabis.es\/pw\/2019\/04\/08\/cannabis-contra-el-calentamiento-global-una-entrevista-a-miguel-gimeno\/#primaryimage\"},\"thumbnailUrl\":\"https:\/\/www.cannabis.es\/pw\/wp-content\/uploads\/2017\/04\/Calentamiento.jpg\",\"keywords\":[\"cannabis\",\"cultivo\",\"cultivo ecol\u00f3gico\",\"ecol\u00f3gico\",\"ecologismo\",\"marijuana\",\"pol\u00edtica\"],\"articleSection\":[\"Entrevistas\",\"Pol\u00edtica y Sociedad\"],\"inLanguage\":\"es\"},{\"@type\":\"WebPage\",\"@id\":\"https:\/\/www.cannabis.es\/pw\/2019\/04\/08\/cannabis-contra-el-calentamiento-global-una-entrevista-a-miguel-gimeno\/\",\"url\":\"https:\/\/www.cannabis.es\/pw\/2019\/04\/08\/cannabis-contra-el-calentamiento-global-una-entrevista-a-miguel-gimeno\/\",\"name\":\"Cannabis contra el calentamiento global, una entrevista a Miguel Gimeno\",\"isPartOf\":{\"@id\":\"https:\/\/www.cannabis.es\/pw\/#website\"},\"primaryImageOfPage\":{\"@id\":\"https:\/\/www.cannabis.es\/pw\/2019\/04\/08\/cannabis-contra-el-calentamiento-global-una-entrevista-a-miguel-gimeno\/#primaryimage\"},\"image\":{\"@id\":\"https:\/\/www.cannabis.es\/pw\/2019\/04\/08\/cannabis-contra-el-calentamiento-global-una-entrevista-a-miguel-gimeno\/#primaryimage\"},\"thumbnailUrl\":\"https:\/\/www.cannabis.es\/pw\/wp-content\/uploads\/2017\/04\/Calentamiento.jpg\",\"datePublished\":\"2019-04-08T10:20:43+00:00\",\"dateModified\":\"2020-09-04T11:06:45+00:00\",\"description\":\"Entrada &#8226; Portal multimedia sobre cannabis y otras sustancias &#8226; 8 abril, 2019\",\"breadcrumb\":{\"@id\":\"https:\/\/www.cannabis.es\/pw\/2019\/04\/08\/cannabis-contra-el-calentamiento-global-una-entrevista-a-miguel-gimeno\/#breadcrumb\"},\"inLanguage\":\"es\",\"potentialAction\":[{\"@type\":\"ReadAction\",\"target\":[\"https:\/\/www.cannabis.es\/pw\/2019\/04\/08\/cannabis-contra-el-calentamiento-global-una-entrevista-a-miguel-gimeno\/\"]}]},{\"@type\":\"ImageObject\",\"inLanguage\":\"es\",\"@id\":\"https:\/\/www.cannabis.es\/pw\/2019\/04\/08\/cannabis-contra-el-calentamiento-global-una-entrevista-a-miguel-gimeno\/#primaryimage\",\"url\":\"https:\/\/www.cannabis.es\/pw\/wp-content\/uploads\/2017\/04\/Calentamiento.jpg\",\"contentUrl\":\"https:\/\/www.cannabis.es\/pw\/wp-content\/uploads\/2017\/04\/Calentamiento.jpg\",\"width\":959,\"height\":475},{\"@type\":\"BreadcrumbList\",\"@id\":\"https:\/\/www.cannabis.es\/pw\/2019\/04\/08\/cannabis-contra-el-calentamiento-global-una-entrevista-a-miguel-gimeno\/#breadcrumb\",\"itemListElement\":[{\"@type\":\"ListItem\",\"position\":1,\"name\":\"Portada\",\"item\":\"http:\/\/www.cannabis.es\/pw\/\"},{\"@type\":\"ListItem\",\"position\":2,\"name\":\"Cannabis contra el calentamiento global, una entrevista a Miguel Gimeno\"}]},{\"@type\":\"WebSite\",\"@id\":\"https:\/\/www.cannabis.es\/pw\/#website\",\"url\":\"https:\/\/www.cannabis.es\/pw\/\",\"name\":\"Cannabis\",\"description\":\"Portal multimedia sobre cannabis y otras sustancias\",\"publisher\":{\"@id\":\"https:\/\/www.cannabis.es\/pw\/#organization\"},\"potentialAction\":[{\"@type\":\"SearchAction\",\"target\":{\"@type\":\"EntryPoint\",\"urlTemplate\":\"https:\/\/www.cannabis.es\/pw\/?s={search_term_string}\"},\"query-input\":{\"@type\":\"PropertyValueSpecification\",\"valueRequired\":true,\"valueName\":\"search_term_string\"}}],\"inLanguage\":\"es\"},{\"@type\":\"Organization\",\"@id\":\"https:\/\/www.cannabis.es\/pw\/#organization\",\"name\":\"Cannabis.es\",\"url\":\"https:\/\/www.cannabis.es\/pw\/\",\"logo\":{\"@type\":\"ImageObject\",\"inLanguage\":\"es\",\"@id\":\"https:\/\/www.cannabis.es\/pw\/#\/schema\/logo\/image\/\",\"url\":\"https:\/\/www.cannabis.es\/pw\/wp-content\/uploads\/2019\/04\/cropped-logo_cannabis.png\",\"contentUrl\":\"https:\/\/www.cannabis.es\/pw\/wp-content\/uploads\/2019\/04\/cropped-logo_cannabis.png\",\"width\":361,\"height\":120,\"caption\":\"Cannabis.es\"},\"image\":{\"@id\":\"https:\/\/www.cannabis.es\/pw\/#\/schema\/logo\/image\/\"},\"sameAs\":[\"https:\/\/x.com\/cannabis_es\"]},{\"@type\":\"Person\",\"@id\":\"https:\/\/www.cannabis.es\/pw\/#\/schema\/person\/e2fbd204580cf4fe74c79b82bc447374\",\"name\":\"Cannabis.es\",\"image\":{\"@type\":\"ImageObject\",\"inLanguage\":\"es\",\"@id\":\"https:\/\/www.cannabis.es\/pw\/#\/schema\/person\/image\/\",\"url\":\"https:\/\/secure.gravatar.com\/avatar\/4375b1eb6e272e2e48a4b8a8def52e5f208151f555bb5906da616906ee6dd2e8?s=96&d=mm&r=g\",\"contentUrl\":\"https:\/\/secure.gravatar.com\/avatar\/4375b1eb6e272e2e48a4b8a8def52e5f208151f555bb5906da616906ee6dd2e8?s=96&d=mm&r=g\",\"caption\":\"Cannabis.es\"},\"url\":\"https:\/\/www.cannabis.es\/pw\/author\/cannabis\/\"}]}<\/script>\n<!-- \/ Yoast SEO plugin. -->","yoast_head_json":{"title":"Cannabis contra el calentamiento global, una entrevista a Miguel Gimeno","description":"Entrada &#8226; Portal multimedia sobre cannabis y otras sustancias &#8226; 8 abril, 2019","robots":{"index":"index","follow":"follow","max-snippet":"max-snippet:-1","max-image-preview":"max-image-preview:large","max-video-preview":"max-video-preview:-1"},"canonical":"https:\/\/www.cannabis.es\/pw\/2019\/04\/08\/cannabis-contra-el-calentamiento-global-una-entrevista-a-miguel-gimeno\/","twitter_card":"summary_large_image","twitter_title":"Cannabis contra el calentamiento global, una entrevista a Miguel Gimeno","twitter_description":"Entrada &#8226; Portal multimedia sobre cannabis y otras sustancias &#8226; 8 abril, 2019","twitter_image":"https:\/\/www.cannabis.es\/pw\/wp-content\/uploads\/2017\/04\/Calentamiento.jpg","twitter_creator":"@cannabis_es","twitter_site":"@cannabis_es","twitter_misc":{"Escrito por":"Cannabis.es","Tiempo de lectura":"5 minutos"},"schema":{"@context":"https:\/\/schema.org","@graph":[{"@type":"Article","@id":"https:\/\/www.cannabis.es\/pw\/2019\/04\/08\/cannabis-contra-el-calentamiento-global-una-entrevista-a-miguel-gimeno\/#article","isPartOf":{"@id":"https:\/\/www.cannabis.es\/pw\/2019\/04\/08\/cannabis-contra-el-calentamiento-global-una-entrevista-a-miguel-gimeno\/"},"author":{"name":"Cannabis.es","@id":"https:\/\/www.cannabis.es\/pw\/#\/schema\/person\/e2fbd204580cf4fe74c79b82bc447374"},"headline":"Cannabis contra el calentamiento global, una entrevista a Miguel Gimeno","datePublished":"2019-04-08T10:20:43+00:00","dateModified":"2020-09-04T11:06:45+00:00","mainEntityOfPage":{"@id":"https:\/\/www.cannabis.es\/pw\/2019\/04\/08\/cannabis-contra-el-calentamiento-global-una-entrevista-a-miguel-gimeno\/"},"wordCount":965,"publisher":{"@id":"https:\/\/www.cannabis.es\/pw\/#organization"},"image":{"@id":"https:\/\/www.cannabis.es\/pw\/2019\/04\/08\/cannabis-contra-el-calentamiento-global-una-entrevista-a-miguel-gimeno\/#primaryimage"},"thumbnailUrl":"https:\/\/www.cannabis.es\/pw\/wp-content\/uploads\/2017\/04\/Calentamiento.jpg","keywords":["cannabis","cultivo","cultivo ecol\u00f3gico","ecol\u00f3gico","ecologismo","marijuana","pol\u00edtica"],"articleSection":["Entrevistas","Pol\u00edtica y Sociedad"],"inLanguage":"es"},{"@type":"WebPage","@id":"https:\/\/www.cannabis.es\/pw\/2019\/04\/08\/cannabis-contra-el-calentamiento-global-una-entrevista-a-miguel-gimeno\/","url":"https:\/\/www.cannabis.es\/pw\/2019\/04\/08\/cannabis-contra-el-calentamiento-global-una-entrevista-a-miguel-gimeno\/","name":"Cannabis contra el calentamiento global, una entrevista a Miguel Gimeno","isPartOf":{"@id":"https:\/\/www.cannabis.es\/pw\/#website"},"primaryImageOfPage":{"@id":"https:\/\/www.cannabis.es\/pw\/2019\/04\/08\/cannabis-contra-el-calentamiento-global-una-entrevista-a-miguel-gimeno\/#primaryimage"},"image":{"@id":"https:\/\/www.cannabis.es\/pw\/2019\/04\/08\/cannabis-contra-el-calentamiento-global-una-entrevista-a-miguel-gimeno\/#primaryimage"},"thumbnailUrl":"https:\/\/www.cannabis.es\/pw\/wp-content\/uploads\/2017\/04\/Calentamiento.jpg","datePublished":"2019-04-08T10:20:43+00:00","dateModified":"2020-09-04T11:06:45+00:00","description":"Entrada &#8226; Portal multimedia sobre cannabis y otras sustancias &#8226; 8 abril, 2019","breadcrumb":{"@id":"https:\/\/www.cannabis.es\/pw\/2019\/04\/08\/cannabis-contra-el-calentamiento-global-una-entrevista-a-miguel-gimeno\/#breadcrumb"},"inLanguage":"es","potentialAction":[{"@type":"ReadAction","target":["https:\/\/www.cannabis.es\/pw\/2019\/04\/08\/cannabis-contra-el-calentamiento-global-una-entrevista-a-miguel-gimeno\/"]}]},{"@type":"ImageObject","inLanguage":"es","@id":"https:\/\/www.cannabis.es\/pw\/2019\/04\/08\/cannabis-contra-el-calentamiento-global-una-entrevista-a-miguel-gimeno\/#primaryimage","url":"https:\/\/www.cannabis.es\/pw\/wp-content\/uploads\/2017\/04\/Calentamiento.jpg","contentUrl":"https:\/\/www.cannabis.es\/pw\/wp-content\/uploads\/2017\/04\/Calentamiento.jpg","width":959,"height":475},{"@type":"BreadcrumbList","@id":"https:\/\/www.cannabis.es\/pw\/2019\/04\/08\/cannabis-contra-el-calentamiento-global-una-entrevista-a-miguel-gimeno\/#breadcrumb","itemListElement":[{"@type":"ListItem","position":1,"name":"Portada","item":"http:\/\/www.cannabis.es\/pw\/"},{"@type":"ListItem","position":2,"name":"Cannabis contra el calentamiento global, una entrevista a Miguel Gimeno"}]},{"@type":"WebSite","@id":"https:\/\/www.cannabis.es\/pw\/#website","url":"https:\/\/www.cannabis.es\/pw\/","name":"Cannabis","description":"Portal multimedia sobre cannabis y otras sustancias","publisher":{"@id":"https:\/\/www.cannabis.es\/pw\/#organization"},"potentialAction":[{"@type":"SearchAction","target":{"@type":"EntryPoint","urlTemplate":"https:\/\/www.cannabis.es\/pw\/?s={search_term_string}"},"query-input":{"@type":"PropertyValueSpecification","valueRequired":true,"valueName":"search_term_string"}}],"inLanguage":"es"},{"@type":"Organization","@id":"https:\/\/www.cannabis.es\/pw\/#organization","name":"Cannabis.es","url":"https:\/\/www.cannabis.es\/pw\/","logo":{"@type":"ImageObject","inLanguage":"es","@id":"https:\/\/www.cannabis.es\/pw\/#\/schema\/logo\/image\/","url":"https:\/\/www.cannabis.es\/pw\/wp-content\/uploads\/2019\/04\/cropped-logo_cannabis.png","contentUrl":"https:\/\/www.cannabis.es\/pw\/wp-content\/uploads\/2019\/04\/cropped-logo_cannabis.png","width":361,"height":120,"caption":"Cannabis.es"},"image":{"@id":"https:\/\/www.cannabis.es\/pw\/#\/schema\/logo\/image\/"},"sameAs":["https:\/\/x.com\/cannabis_es"]},{"@type":"Person","@id":"https:\/\/www.cannabis.es\/pw\/#\/schema\/person\/e2fbd204580cf4fe74c79b82bc447374","name":"Cannabis.es","image":{"@type":"ImageObject","inLanguage":"es","@id":"https:\/\/www.cannabis.es\/pw\/#\/schema\/person\/image\/","url":"https:\/\/secure.gravatar.com\/avatar\/4375b1eb6e272e2e48a4b8a8def52e5f208151f555bb5906da616906ee6dd2e8?s=96&d=mm&r=g","contentUrl":"https:\/\/secure.gravatar.com\/avatar\/4375b1eb6e272e2e48a4b8a8def52e5f208151f555bb5906da616906ee6dd2e8?s=96&d=mm&r=g","caption":"Cannabis.es"},"url":"https:\/\/www.cannabis.es\/pw\/author\/cannabis\/"}]}},"_links":{"self":[{"href":"https:\/\/www.cannabis.es\/pw\/wp-json\/wp\/v2\/posts\/1406","targetHints":{"allow":["GET"]}}],"collection":[{"href":"https:\/\/www.cannabis.es\/pw\/wp-json\/wp\/v2\/posts"}],"about":[{"href":"https:\/\/www.cannabis.es\/pw\/wp-json\/wp\/v2\/types\/post"}],"author":[{"embeddable":true,"href":"https:\/\/www.cannabis.es\/pw\/wp-json\/wp\/v2\/users\/1"}],"replies":[{"embeddable":true,"href":"https:\/\/www.cannabis.es\/pw\/wp-json\/wp\/v2\/comments?post=1406"}],"version-history":[{"count":5,"href":"https:\/\/www.cannabis.es\/pw\/wp-json\/wp\/v2\/posts\/1406\/revisions"}],"predecessor-version":[{"id":5994,"href":"https:\/\/www.cannabis.es\/pw\/wp-json\/wp\/v2\/posts\/1406\/revisions\/5994"}],"wp:featuredmedia":[{"embeddable":true,"href":"https:\/\/www.cannabis.es\/pw\/wp-json\/wp\/v2\/media\/1178"}],"wp:attachment":[{"href":"https:\/\/www.cannabis.es\/pw\/wp-json\/wp\/v2\/media?parent=1406"}],"wp:term":[{"taxonomy":"category","embeddable":true,"href":"https:\/\/www.cannabis.es\/pw\/wp-json\/wp\/v2\/categories?post=1406"},{"taxonomy":"post_tag","embeddable":true,"href":"https:\/\/www.cannabis.es\/pw\/wp-json\/wp\/v2\/tags?post=1406"}],"curies":[{"name":"wp","href":"https:\/\/api.w.org\/{rel}","templated":true}]}}