{"id":1446,"date":"2019-05-03T13:49:49","date_gmt":"2019-05-03T11:49:49","guid":{"rendered":"http:\/\/www.cannabis.es\/pw\/?p=1446"},"modified":"2020-09-04T12:59:25","modified_gmt":"2020-09-04T10:59:25","slug":"legalizacion-2-0-tras-la-retirada-de-productos-en-mexico","status":"publish","type":"post","link":"https:\/\/www.cannabis.es\/pw\/2019\/05\/03\/legalizacion-2-0-tras-la-retirada-de-productos-en-mexico\/","title":{"rendered":"Legalizaci\u00f3n 2.0 tras la retirada de productos en M\u00e9xico"},"content":{"rendered":"\n<p>Benito D\u00edaz<\/p>\n\n\n\n<p>Mediante la Comisi\u00f3n Federal para la Protecci\u00f3n contra Riesgos Sanitarios (Cofepris), el Gobierno de M\u00e9xico cancel\u00f3 las \u201cautorizaciones\u201d de productos cann\u00e1bicos y derivados que la anterior administraci\u00f3n emiti\u00f3. Las razones para la revocaci\u00f3n de los permisos fueron expresadas por el titular de la Secretar\u00eda, Jorge Alcocer, que argumentaba que se hicieron&nbsp;<strong>de forma \u201capresurada<\/strong><strong>\u201d<\/strong>&nbsp;y sin someterlos a un \u201can\u00e1lisis de impacto regulatorio\u201d. Una nueva legislaci\u00f3n tendr\u00e1 que entrar en vigor antes de octubre y, para beneficio del usuariado, incluir\u00e1 mayores libertades.<\/p>\n\n\n\n<hr class=\"wp-block-separator\"\/>\n\n\n\n<p>La regularizaci\u00f3n del cannabis en M\u00e9xico ha comenzado a enfrentar sus primeros desaf\u00edos tras la revocaci\u00f3n de los lineamientos de control sanitario ya establecidos. El pasado mi\u00e9rcoles 28 de marzo, las autoridades de la Secretar\u00eda de Salud revisaron todos los permisos que el anterior gobierno, dirigido por Enrique Pe\u00f1a Nieto, concedi\u00f3 para comercializar productos elaborados con cannabis.<\/p>\n\n\n\n<p>En el caso del cannabis, tambi\u00e9n se encontraron pasos legales duplicados que requieren ser investigados, derivados de&nbsp;<strong>una posible red de corrupci\u00f3n<\/strong>&nbsp;en la que pudieron participar tanto funcionarios como usuarios. La Secretar\u00eda de&nbsp;<strong>Salud asegur\u00f3<\/strong>&nbsp;en bolet\u00edn&nbsp;<strong>que las nuevas normativas violan la Ley General de Salud<\/strong>&nbsp;de 2017,&nbsp;<em>\u201cpor haber excedido su prop\u00f3sito al autorizar la comercializaci\u00f3n de diversos productos con derivado de cannabis (THC) en usos distintos a los m\u00e9dicos y cient\u00edficos\u201d<\/em><em>.&nbsp;<\/em>Adem\u00e1s, se mencionaron posibles irregularidades en el establecimiento de reglamentos no arancelarios a exportaciones.<\/p>\n\n\n\n<p>La revisi\u00f3n de las autorizaciones por parte de la misma Cofepris permitir\u00e1 devolverles la validez o enfrentarlas al marco legal aplicable, seg\u00fan la Secretar\u00eda, que confirm\u00f3 la revocaci\u00f3n.&nbsp;<strong>Cientos de empresas del sector<\/strong>, tales como HempMeds Mexico, se hallan entonces&nbsp;<strong>a la espera<\/strong>&nbsp;para continuar con sus actividades, tras asegurar que la revisi\u00f3n no les afectar\u00e1 en ninguna forma.<\/p>\n\n\n\n<h3 class=\"wp-block-heading\"><strong>Activismo<\/strong><\/h3>\n\n\n\n<p>Charlamos&nbsp;<a href=\"https:\/\/twitter.com\/Negro828\">con Felipe Samayoa,<\/a>&nbsp;activista en Quer\u00e9taro (M\u00e9xico).&nbsp;<em>\u201cLos cann\u00e1bicos estamos de acuerdo con la revisi\u00f3n de los permisos\u201d<\/em><em>,<\/em>&nbsp;asegura en una afirmaci\u00f3n que podr\u00eda resultar contradictoria, pero Samayoa tiene sus razones.&nbsp;<em>\u201cHubo un proceso que involucr\u00f3 hasta expresidentes para otorgar las licencias de importaci\u00f3n de medicamentos basados en&nbsp;<\/em><em>c<\/em><em>\u00e1\u00f1amo y CBD, que adem\u00e1s eran poco funcionales (no hab\u00eda simbiosis cannabinoide en tratamientos) y las licitaciones para entregar los permisos fueron sumamente turbias, beneficiando \u00fanicamente a dos o tres empresas,&nbsp;<\/em><em><strong>sin estimular la industria local<\/strong><\/em>\u201d, expone.<\/p>\n\n\n\n<p>El activista se\u00f1ala a la&nbsp;<a href=\"https:\/\/twitter.com\/HempMex\">empresa HempMex<\/a>&nbsp;como principal beneficiado de la entrega de las licencias a revisi\u00f3n, puesto que se llevar\u00e1 el mercado de los productos con THC retenidos hacia sus propios productos basados en CBD.&nbsp;<em>\u201cImagina esto. Un ni\u00f1o que tiene Lenox Gastaut&nbsp;(S\u00edndrome epil\u00e9ptico infantil), requer\u00eda tomar&nbsp;aproximadamente&nbsp;500ml de aceite al mes, costando cada frasco entre 6.000 y 8.000&nbsp;pesos, que traducido en d\u00f3lares son unos 300&nbsp;o&nbsp;425 d\u00f3lares mensuales. Eso ya es un salario de clase media en M\u00e9xico. Ah, y con pocos resultados m\u00e9dicos, pues no paliaban las crisis epil\u00e9pticas como promet\u00eda el vendedor privado. Esto, adem\u00e1s de afectar a las familias, rest\u00f3 legitimidad al movimiento cann\u00e1bico. La gente segu\u00eda entonces optando por el mercado negro de aceites no-balanceados en sus componentes cannabinoides, que s\u00ed<\/em><em>&nbsp;eran funcionales y casi un 200% m\u00e1s baratos\u201d<\/em><em>,<\/em>&nbsp;relata Samayoa.<\/p>\n\n\n\n<blockquote class=\"wp-block-quote is-layout-flow wp-block-quote-is-layout-flow\"><p><strong>&lt;&lt; Recordemos que el autocultivo, consumo y transporte&nbsp;<a href=\"http:\/\/www.cannabis.es\/pw\/2018\/11\/19\/mexico-lucha-por-la-legalizacion-del-cannabis\/\">de&nbsp;cannabis en M\u00e9xico<\/a>&nbsp;est\u00e1 regulado desde el pasado a\u00f1o y la&nbsp;marihuana terap\u00e9utica se viene importando desde 2016 &gt;&gt;<\/strong><\/p><\/blockquote>\n\n\n\n<p>Preguntado por las empresas privadas distribuidoras de productos cann\u00e1bicos, Felipe sostiene que, si bien pareciera que el Estado recibe impuestos de la importaci\u00f3n de productos, en realidad las empresas y contratas privadas no tienen relaci\u00f3n contributiva con M\u00e9xico, no pagan impuestos derivados de su actividad all\u00ed, aunque probablemente provengan de un mismo capital financiero.&nbsp;<em>\u201cEsto es una suposici\u00f3n y, sin embargo, hubo corrupci\u00f3n notoria. Por ejemplo, el expresidente Vicente Fox es due\u00f1o de una de las empresas que fue beneficiada por este tipo de licitaciones\u201d<\/em><em>.<\/em><\/p>\n\n\n\n<p>\u201c<em><strong>La revisi\u00f3n de las licitaciones va permitir unos nuevos lineamientos que contemplen todo el espectro del cannabis, medicinal y l\u00fadico. Autocultivo, fumable, comestibles, aceite, pomada, pastillas, comercializaci\u00f3n de semillas, exportaci\u00f3n e importaci\u00f3n. Todo<\/strong><\/em><em>\u201d,&nbsp;<\/em>asegura Samayoa.&nbsp;<em>\u201cAdem\u00e1s, no podemos permitir que suceda lo mismo que en Canad\u00e1, donde se regula toda la cadena de producci\u00f3n, pero se criminaliza la cultura&nbsp;<\/em><em>c<\/em><em>ann\u00e1bica. Por ejemplo, no puedo andar por la calle con una playera procannabis porque cometo una falta administrativa. Esto es en parte porque el estado canadiense dio las riendas de la industria a los grandes capitales, donde los consumidores no podemos expresar qu\u00e9 pensamos de algunos productos. De hecho, en Cadan\u00e1, los directivos de estos institutos son polic\u00edas de alto rango, exfuncionarios de Antidrogas y antiguos agentes de la DEA\u201d.<\/em><\/p>\n\n\n\n<p>El tiempo apremia para la revisi\u00f3n de las licitaciones y sus resoluciones.&nbsp;<em>\u201cTras la determinaci\u00f3n de la Suprema Corte de Justicia de la Naci\u00f3n, el poder judicial obliga al ejecutivo y legislativo a tratar el tema en un plazo de 90 d\u00edas naturales para realizar una modificaci\u00f3n a la ley. De no hacerlo, se declarar\u00eda una inconstitucionalidad y tendr\u00edamos un boquete legal que traer\u00eda como resultado un libre mercado. Los legisladores tienen hasta septiembre-octubre para cumplir ese plazo y hasta all\u00e1 van a llevar la discusi\u00f3n, agotando e<\/em><em>l<\/em><em>&nbsp;plazo. A pesar de ellos, todo indica que en&nbsp;<\/em><em><strong>e<\/strong><\/em><em><strong>nero de 2020<\/strong><\/em><em>&nbsp;ya cortamos el list\u00f3n de arranque en M\u00e9xico\u201d.<\/em><\/p>\n\n\n\n<p><a href=\"https:\/\/www.instagram.com\/canna_roll\/\">Felipe Samayoa<\/a>&nbsp;se muestra optimista y decidido al afirmar que los cann\u00e1bicos&nbsp;<em>\u201cvamos a ganar\u201d. \u201c<\/em><em><strong>Ya lo federal est\u00e1 resuelto, solo falta que nos apoyen los congresos locales<\/strong><\/em><em>. Urge hacer eventos donde invitemos a los representantes locales y a la oposici\u00f3n conservadora, salvando algunos morenistas que quieran apoyar la ilegalidad misma\u201d<\/em>&nbsp;resume Samayoa.&nbsp;<em>\u201cEl prohibicionismo es un ente muy poderoso que se resiste a morir, pero tenemos mucha seguridad en nuestra victoria\u201d,<\/em>&nbsp;resuelve el activista.<\/p>\n","protected":false},"excerpt":{"rendered":"<span class=\"span-reading-time rt-reading-time\" style=\"display: block;\"><span class=\"rt-label rt-prefix\">Tiempo de lectura:<\/span> <span class=\"rt-time\"> 3<\/span> <span class=\"rt-label rt-postfix\">minutos<\/span><\/span>Benito D\u00edaz Mediante la Comisi\u00f3n Federal para la Protecci\u00f3n contra Riesgos Sanitarios (Cofepris), el Gobierno de M\u00e9xico cancel\u00f3 las \u201cautorizaciones\u201d de productos cann\u00e1bicos y derivados que la anterior administraci\u00f3n emiti\u00f3. Las razones para la revocaci\u00f3n de los permisos fueron expresadas por el titular de la Secretar\u00eda, Jorge Alcocer, que argumentaba que se hicieron&nbsp;de forma \u201capresurada\u201d&nbsp;y [&hellip;]","protected":false},"author":3,"featured_media":1448,"comment_status":"closed","ping_status":"closed","sticky":false,"template":"","format":"standard","meta":{"loftocean-featured-post":"","loftocean_post_format_gallery":"","loftocean_post_format_gallery_ids":"","loftocean_post_format_gallery_urls":"","loftocean_post_format_video_id":"","loftocean_post_format_video_url":"","loftocean_post_format_video_type":"","loftocean_post_format_video":"","loftocean_post_format_audio_type":"","loftocean_post_format_audio_url":"","loftocean_post_format_audio_id":"","loftocean_post_format_audio":"","loftocean_post_format_quote_text":"","loftocean_post_format_quote_byline":"","loftocean_post_format_link_text":"","loftocean_post_format_link_url":"","ceramag_post_header_style":"","ceramag_enable_background_video":"","ceramag_show_in_top_slider":"","ceramag_post_background_video_start":"","ceramag_post_background_video_end":"","loftocean_page_background_video_id":"","loftocean_page_background_video_url":"","loftocean_page_background_video_type":"","loftocean_page_background_video":"","ceramag_background_video_start":"","ceramag_background_video_end":"","ceramag_single_page_hide_header":"","footnotes":""},"categories":[35],"tags":[41,54,40,393,55,51],"class_list":["post-1446","post","type-post","status-publish","format-standard","has-post-thumbnail","hentry","category-politica-y-sociedad","tag-cannabis","tag-legalizacion","tag-marihuana","tag-mexico","tag-regulacion","tag-salud"],"yoast_head":"<!-- This site is optimized with the Yoast SEO plugin v24.9 - https:\/\/yoast.com\/wordpress\/plugins\/seo\/ -->\n<title>Legalizaci\u00f3n 2.0 tras la retirada de productos en M\u00e9xico<\/title>\n<meta name=\"description\" content=\"Entrada &#8226; Portal multimedia sobre cannabis y otras sustancias &#8226; 3 mayo, 2019\" \/>\n<meta name=\"robots\" content=\"index, follow, max-snippet:-1, max-image-preview:large, max-video-preview:-1\" \/>\n<link rel=\"canonical\" href=\"https:\/\/www.cannabis.es\/pw\/2019\/05\/03\/legalizacion-2-0-tras-la-retirada-de-productos-en-mexico\/\" \/>\n<meta name=\"twitter:card\" content=\"summary_large_image\" \/>\n<meta name=\"twitter:title\" content=\"Legalizaci\u00f3n 2.0 tras la retirada de productos en M\u00e9xico\" \/>\n<meta name=\"twitter:description\" content=\"Entrada &#8226; Portal multimedia sobre cannabis y otras sustancias &#8226; 3 mayo, 2019\" \/>\n<meta name=\"twitter:image\" content=\"https:\/\/www.cannabis.es\/pw\/wp-content\/uploads\/2019\/05\/mexico2.jpg\" \/>\n<meta name=\"twitter:creator\" content=\"@cannabis_es\" \/>\n<meta name=\"twitter:site\" content=\"@cannabis_es\" \/>\n<meta name=\"twitter:label1\" content=\"Escrito por\" \/>\n\t<meta name=\"twitter:data1\" content=\"Cannabis.es\" \/>\n\t<meta name=\"twitter:label2\" content=\"Tiempo de lectura\" \/>\n\t<meta name=\"twitter:data2\" content=\"5 minutos\" \/>\n<script type=\"application\/ld+json\" class=\"yoast-schema-graph\">{\"@context\":\"https:\/\/schema.org\",\"@graph\":[{\"@type\":\"Article\",\"@id\":\"https:\/\/www.cannabis.es\/pw\/2019\/05\/03\/legalizacion-2-0-tras-la-retirada-de-productos-en-mexico\/#article\",\"isPartOf\":{\"@id\":\"https:\/\/www.cannabis.es\/pw\/2019\/05\/03\/legalizacion-2-0-tras-la-retirada-de-productos-en-mexico\/\"},\"author\":{\"name\":\"Cannabis.es\",\"@id\":\"https:\/\/www.cannabis.es\/pw\/#\/schema\/person\/ec770c03f3e99d770687f537f4ba1e89\"},\"headline\":\"Legalizaci\u00f3n 2.0 tras la retirada de productos en M\u00e9xico\",\"datePublished\":\"2019-05-03T11:49:49+00:00\",\"dateModified\":\"2020-09-04T10:59:25+00:00\",\"mainEntityOfPage\":{\"@id\":\"https:\/\/www.cannabis.es\/pw\/2019\/05\/03\/legalizacion-2-0-tras-la-retirada-de-productos-en-mexico\/\"},\"wordCount\":1085,\"publisher\":{\"@id\":\"https:\/\/www.cannabis.es\/pw\/#organization\"},\"image\":{\"@id\":\"https:\/\/www.cannabis.es\/pw\/2019\/05\/03\/legalizacion-2-0-tras-la-retirada-de-productos-en-mexico\/#primaryimage\"},\"thumbnailUrl\":\"https:\/\/www.cannabis.es\/pw\/wp-content\/uploads\/2019\/05\/mexico2.jpg\",\"keywords\":[\"cannabis\",\"legalizaci\u00f3n\",\"marihuana\",\"m\u00e9xico\",\"regulaci\u00f3n\",\"salud\"],\"articleSection\":[\"Pol\u00edtica y Sociedad\"],\"inLanguage\":\"es\"},{\"@type\":\"WebPage\",\"@id\":\"https:\/\/www.cannabis.es\/pw\/2019\/05\/03\/legalizacion-2-0-tras-la-retirada-de-productos-en-mexico\/\",\"url\":\"https:\/\/www.cannabis.es\/pw\/2019\/05\/03\/legalizacion-2-0-tras-la-retirada-de-productos-en-mexico\/\",\"name\":\"Legalizaci\u00f3n 2.0 tras la retirada de productos en M\u00e9xico\",\"isPartOf\":{\"@id\":\"https:\/\/www.cannabis.es\/pw\/#website\"},\"primaryImageOfPage\":{\"@id\":\"https:\/\/www.cannabis.es\/pw\/2019\/05\/03\/legalizacion-2-0-tras-la-retirada-de-productos-en-mexico\/#primaryimage\"},\"image\":{\"@id\":\"https:\/\/www.cannabis.es\/pw\/2019\/05\/03\/legalizacion-2-0-tras-la-retirada-de-productos-en-mexico\/#primaryimage\"},\"thumbnailUrl\":\"https:\/\/www.cannabis.es\/pw\/wp-content\/uploads\/2019\/05\/mexico2.jpg\",\"datePublished\":\"2019-05-03T11:49:49+00:00\",\"dateModified\":\"2020-09-04T10:59:25+00:00\",\"description\":\"Entrada &#8226; Portal multimedia sobre cannabis y otras sustancias &#8226; 3 mayo, 2019\",\"breadcrumb\":{\"@id\":\"https:\/\/www.cannabis.es\/pw\/2019\/05\/03\/legalizacion-2-0-tras-la-retirada-de-productos-en-mexico\/#breadcrumb\"},\"inLanguage\":\"es\",\"potentialAction\":[{\"@type\":\"ReadAction\",\"target\":[\"https:\/\/www.cannabis.es\/pw\/2019\/05\/03\/legalizacion-2-0-tras-la-retirada-de-productos-en-mexico\/\"]}]},{\"@type\":\"ImageObject\",\"inLanguage\":\"es\",\"@id\":\"https:\/\/www.cannabis.es\/pw\/2019\/05\/03\/legalizacion-2-0-tras-la-retirada-de-productos-en-mexico\/#primaryimage\",\"url\":\"https:\/\/www.cannabis.es\/pw\/wp-content\/uploads\/2019\/05\/mexico2.jpg\",\"contentUrl\":\"https:\/\/www.cannabis.es\/pw\/wp-content\/uploads\/2019\/05\/mexico2.jpg\",\"width\":959,\"height\":475},{\"@type\":\"BreadcrumbList\",\"@id\":\"https:\/\/www.cannabis.es\/pw\/2019\/05\/03\/legalizacion-2-0-tras-la-retirada-de-productos-en-mexico\/#breadcrumb\",\"itemListElement\":[{\"@type\":\"ListItem\",\"position\":1,\"name\":\"Portada\",\"item\":\"http:\/\/www.cannabis.es\/pw\/\"},{\"@type\":\"ListItem\",\"position\":2,\"name\":\"Legalizaci\u00f3n 2.0 tras la retirada de productos en M\u00e9xico\"}]},{\"@type\":\"WebSite\",\"@id\":\"https:\/\/www.cannabis.es\/pw\/#website\",\"url\":\"https:\/\/www.cannabis.es\/pw\/\",\"name\":\"Cannabis\",\"description\":\"Portal multimedia sobre cannabis y otras sustancias\",\"publisher\":{\"@id\":\"https:\/\/www.cannabis.es\/pw\/#organization\"},\"potentialAction\":[{\"@type\":\"SearchAction\",\"target\":{\"@type\":\"EntryPoint\",\"urlTemplate\":\"https:\/\/www.cannabis.es\/pw\/?s={search_term_string}\"},\"query-input\":{\"@type\":\"PropertyValueSpecification\",\"valueRequired\":true,\"valueName\":\"search_term_string\"}}],\"inLanguage\":\"es\"},{\"@type\":\"Organization\",\"@id\":\"https:\/\/www.cannabis.es\/pw\/#organization\",\"name\":\"Cannabis.es\",\"url\":\"https:\/\/www.cannabis.es\/pw\/\",\"logo\":{\"@type\":\"ImageObject\",\"inLanguage\":\"es\",\"@id\":\"https:\/\/www.cannabis.es\/pw\/#\/schema\/logo\/image\/\",\"url\":\"https:\/\/www.cannabis.es\/pw\/wp-content\/uploads\/2019\/04\/cropped-logo_cannabis.png\",\"contentUrl\":\"https:\/\/www.cannabis.es\/pw\/wp-content\/uploads\/2019\/04\/cropped-logo_cannabis.png\",\"width\":361,\"height\":120,\"caption\":\"Cannabis.es\"},\"image\":{\"@id\":\"https:\/\/www.cannabis.es\/pw\/#\/schema\/logo\/image\/\"},\"sameAs\":[\"https:\/\/x.com\/cannabis_es\"]},{\"@type\":\"Person\",\"@id\":\"https:\/\/www.cannabis.es\/pw\/#\/schema\/person\/ec770c03f3e99d770687f537f4ba1e89\",\"name\":\"Cannabis.es\",\"image\":{\"@type\":\"ImageObject\",\"inLanguage\":\"es\",\"@id\":\"https:\/\/www.cannabis.es\/pw\/#\/schema\/person\/image\/\",\"url\":\"https:\/\/secure.gravatar.com\/avatar\/810c93a3d6fadc3d9c2665b1d919a4aedea8ed4dd63689d001e985a804e90d83?s=96&d=mm&r=g\",\"contentUrl\":\"https:\/\/secure.gravatar.com\/avatar\/810c93a3d6fadc3d9c2665b1d919a4aedea8ed4dd63689d001e985a804e90d83?s=96&d=mm&r=g\",\"caption\":\"Cannabis.es\"},\"url\":\"https:\/\/www.cannabis.es\/pw\/author\/arnau\/\"}]}<\/script>\n<!-- \/ Yoast SEO plugin. -->","yoast_head_json":{"title":"Legalizaci\u00f3n 2.0 tras la retirada de productos en M\u00e9xico","description":"Entrada &#8226; Portal multimedia sobre cannabis y otras sustancias &#8226; 3 mayo, 2019","robots":{"index":"index","follow":"follow","max-snippet":"max-snippet:-1","max-image-preview":"max-image-preview:large","max-video-preview":"max-video-preview:-1"},"canonical":"https:\/\/www.cannabis.es\/pw\/2019\/05\/03\/legalizacion-2-0-tras-la-retirada-de-productos-en-mexico\/","twitter_card":"summary_large_image","twitter_title":"Legalizaci\u00f3n 2.0 tras la retirada de productos en M\u00e9xico","twitter_description":"Entrada &#8226; Portal multimedia sobre cannabis y otras sustancias &#8226; 3 mayo, 2019","twitter_image":"https:\/\/www.cannabis.es\/pw\/wp-content\/uploads\/2019\/05\/mexico2.jpg","twitter_creator":"@cannabis_es","twitter_site":"@cannabis_es","twitter_misc":{"Escrito por":"Cannabis.es","Tiempo de lectura":"5 minutos"},"schema":{"@context":"https:\/\/schema.org","@graph":[{"@type":"Article","@id":"https:\/\/www.cannabis.es\/pw\/2019\/05\/03\/legalizacion-2-0-tras-la-retirada-de-productos-en-mexico\/#article","isPartOf":{"@id":"https:\/\/www.cannabis.es\/pw\/2019\/05\/03\/legalizacion-2-0-tras-la-retirada-de-productos-en-mexico\/"},"author":{"name":"Cannabis.es","@id":"https:\/\/www.cannabis.es\/pw\/#\/schema\/person\/ec770c03f3e99d770687f537f4ba1e89"},"headline":"Legalizaci\u00f3n 2.0 tras la retirada de productos en M\u00e9xico","datePublished":"2019-05-03T11:49:49+00:00","dateModified":"2020-09-04T10:59:25+00:00","mainEntityOfPage":{"@id":"https:\/\/www.cannabis.es\/pw\/2019\/05\/03\/legalizacion-2-0-tras-la-retirada-de-productos-en-mexico\/"},"wordCount":1085,"publisher":{"@id":"https:\/\/www.cannabis.es\/pw\/#organization"},"image":{"@id":"https:\/\/www.cannabis.es\/pw\/2019\/05\/03\/legalizacion-2-0-tras-la-retirada-de-productos-en-mexico\/#primaryimage"},"thumbnailUrl":"https:\/\/www.cannabis.es\/pw\/wp-content\/uploads\/2019\/05\/mexico2.jpg","keywords":["cannabis","legalizaci\u00f3n","marihuana","m\u00e9xico","regulaci\u00f3n","salud"],"articleSection":["Pol\u00edtica y Sociedad"],"inLanguage":"es"},{"@type":"WebPage","@id":"https:\/\/www.cannabis.es\/pw\/2019\/05\/03\/legalizacion-2-0-tras-la-retirada-de-productos-en-mexico\/","url":"https:\/\/www.cannabis.es\/pw\/2019\/05\/03\/legalizacion-2-0-tras-la-retirada-de-productos-en-mexico\/","name":"Legalizaci\u00f3n 2.0 tras la retirada de productos en M\u00e9xico","isPartOf":{"@id":"https:\/\/www.cannabis.es\/pw\/#website"},"primaryImageOfPage":{"@id":"https:\/\/www.cannabis.es\/pw\/2019\/05\/03\/legalizacion-2-0-tras-la-retirada-de-productos-en-mexico\/#primaryimage"},"image":{"@id":"https:\/\/www.cannabis.es\/pw\/2019\/05\/03\/legalizacion-2-0-tras-la-retirada-de-productos-en-mexico\/#primaryimage"},"thumbnailUrl":"https:\/\/www.cannabis.es\/pw\/wp-content\/uploads\/2019\/05\/mexico2.jpg","datePublished":"2019-05-03T11:49:49+00:00","dateModified":"2020-09-04T10:59:25+00:00","description":"Entrada &#8226; Portal multimedia sobre cannabis y otras sustancias &#8226; 3 mayo, 2019","breadcrumb":{"@id":"https:\/\/www.cannabis.es\/pw\/2019\/05\/03\/legalizacion-2-0-tras-la-retirada-de-productos-en-mexico\/#breadcrumb"},"inLanguage":"es","potentialAction":[{"@type":"ReadAction","target":["https:\/\/www.cannabis.es\/pw\/2019\/05\/03\/legalizacion-2-0-tras-la-retirada-de-productos-en-mexico\/"]}]},{"@type":"ImageObject","inLanguage":"es","@id":"https:\/\/www.cannabis.es\/pw\/2019\/05\/03\/legalizacion-2-0-tras-la-retirada-de-productos-en-mexico\/#primaryimage","url":"https:\/\/www.cannabis.es\/pw\/wp-content\/uploads\/2019\/05\/mexico2.jpg","contentUrl":"https:\/\/www.cannabis.es\/pw\/wp-content\/uploads\/2019\/05\/mexico2.jpg","width":959,"height":475},{"@type":"BreadcrumbList","@id":"https:\/\/www.cannabis.es\/pw\/2019\/05\/03\/legalizacion-2-0-tras-la-retirada-de-productos-en-mexico\/#breadcrumb","itemListElement":[{"@type":"ListItem","position":1,"name":"Portada","item":"http:\/\/www.cannabis.es\/pw\/"},{"@type":"ListItem","position":2,"name":"Legalizaci\u00f3n 2.0 tras la retirada de productos en M\u00e9xico"}]},{"@type":"WebSite","@id":"https:\/\/www.cannabis.es\/pw\/#website","url":"https:\/\/www.cannabis.es\/pw\/","name":"Cannabis","description":"Portal multimedia sobre cannabis y otras sustancias","publisher":{"@id":"https:\/\/www.cannabis.es\/pw\/#organization"},"potentialAction":[{"@type":"SearchAction","target":{"@type":"EntryPoint","urlTemplate":"https:\/\/www.cannabis.es\/pw\/?s={search_term_string}"},"query-input":{"@type":"PropertyValueSpecification","valueRequired":true,"valueName":"search_term_string"}}],"inLanguage":"es"},{"@type":"Organization","@id":"https:\/\/www.cannabis.es\/pw\/#organization","name":"Cannabis.es","url":"https:\/\/www.cannabis.es\/pw\/","logo":{"@type":"ImageObject","inLanguage":"es","@id":"https:\/\/www.cannabis.es\/pw\/#\/schema\/logo\/image\/","url":"https:\/\/www.cannabis.es\/pw\/wp-content\/uploads\/2019\/04\/cropped-logo_cannabis.png","contentUrl":"https:\/\/www.cannabis.es\/pw\/wp-content\/uploads\/2019\/04\/cropped-logo_cannabis.png","width":361,"height":120,"caption":"Cannabis.es"},"image":{"@id":"https:\/\/www.cannabis.es\/pw\/#\/schema\/logo\/image\/"},"sameAs":["https:\/\/x.com\/cannabis_es"]},{"@type":"Person","@id":"https:\/\/www.cannabis.es\/pw\/#\/schema\/person\/ec770c03f3e99d770687f537f4ba1e89","name":"Cannabis.es","image":{"@type":"ImageObject","inLanguage":"es","@id":"https:\/\/www.cannabis.es\/pw\/#\/schema\/person\/image\/","url":"https:\/\/secure.gravatar.com\/avatar\/810c93a3d6fadc3d9c2665b1d919a4aedea8ed4dd63689d001e985a804e90d83?s=96&d=mm&r=g","contentUrl":"https:\/\/secure.gravatar.com\/avatar\/810c93a3d6fadc3d9c2665b1d919a4aedea8ed4dd63689d001e985a804e90d83?s=96&d=mm&r=g","caption":"Cannabis.es"},"url":"https:\/\/www.cannabis.es\/pw\/author\/arnau\/"}]}},"_links":{"self":[{"href":"https:\/\/www.cannabis.es\/pw\/wp-json\/wp\/v2\/posts\/1446","targetHints":{"allow":["GET"]}}],"collection":[{"href":"https:\/\/www.cannabis.es\/pw\/wp-json\/wp\/v2\/posts"}],"about":[{"href":"https:\/\/www.cannabis.es\/pw\/wp-json\/wp\/v2\/types\/post"}],"author":[{"embeddable":true,"href":"https:\/\/www.cannabis.es\/pw\/wp-json\/wp\/v2\/users\/3"}],"replies":[{"embeddable":true,"href":"https:\/\/www.cannabis.es\/pw\/wp-json\/wp\/v2\/comments?post=1446"}],"version-history":[{"count":3,"href":"https:\/\/www.cannabis.es\/pw\/wp-json\/wp\/v2\/posts\/1446\/revisions"}],"predecessor-version":[{"id":5990,"href":"https:\/\/www.cannabis.es\/pw\/wp-json\/wp\/v2\/posts\/1446\/revisions\/5990"}],"wp:featuredmedia":[{"embeddable":true,"href":"https:\/\/www.cannabis.es\/pw\/wp-json\/wp\/v2\/media\/1448"}],"wp:attachment":[{"href":"https:\/\/www.cannabis.es\/pw\/wp-json\/wp\/v2\/media?parent=1446"}],"wp:term":[{"taxonomy":"category","embeddable":true,"href":"https:\/\/www.cannabis.es\/pw\/wp-json\/wp\/v2\/categories?post=1446"},{"taxonomy":"post_tag","embeddable":true,"href":"https:\/\/www.cannabis.es\/pw\/wp-json\/wp\/v2\/tags?post=1446"}],"curies":[{"name":"wp","href":"https:\/\/api.w.org\/{rel}","templated":true}]}}