{"id":1476,"date":"2019-05-10T12:39:36","date_gmt":"2019-05-10T10:39:36","guid":{"rendered":"http:\/\/www.cannabis.es\/pw\/?p=1476"},"modified":"2020-09-04T12:59:09","modified_gmt":"2020-09-04T10:59:09","slug":"sin-documentacion-original-ni-testimonios-en-el-juicio-a-la-activista-mas-veterana","status":"publish","type":"post","link":"https:\/\/www.cannabis.es\/pw\/2019\/05\/10\/sin-documentacion-original-ni-testimonios-en-el-juicio-a-la-activista-mas-veterana\/","title":{"rendered":"SIN DOCUMENTACI\u00d3N ORIGINAL NI TESTIMONIOS EN EL JUICIO A LA ACTIVISTA M\u00c1S VETERANA"},"content":{"rendered":"\n<p>Arnau Alcaide&nbsp;<\/p>\n\n\n\n<p>Podr\u00edamos decir que a Fernanda de la Figuera la persiguen varios fantasmas por los que el juzgado de M\u00e1laga la llev\u00f3 a juicio el jueves veinticinco de abril. Una vista que, finalmente, se pospuso para octubre. Nos lo explica su abogado, Rafael Ramos, en exclusiva para Cannabis.es.<br><\/p>\n\n\n\n<p>La entrada a registrar una de las sedes de la asociaci\u00f3n cann\u00e1bica de la que forma parte como cultivadora, as\u00ed como la incoaci\u00f3n del cultivo compartido en su domicilio, llevaron a esta activista de 76 a\u00f1os a los juzgados. Usuaria medicinal y cultivadora, vuelve a tener problemas con la ley por compartir el cultivo entre una asociaci\u00f3n. Aunque Fernanda de la Figuera ya fue juzgada y por tanto ratificada cultivadora legal en el pasado, en esta ocasi\u00f3n podr\u00eda ser diferencial la cantidad incautada superior -justificada en base a m\u00e1s socios- y el pronunciamiento del Tribunal Supremo en 2015 sobre la ilegalidad de los Clubes Sociales Cann\u00e1bicos.<br><br>El abogado se\u00f1ala entre los motivos del aplazamiento que<em>&nbsp;\u201cdos de&nbsp;<\/em><em>los guardias civiles que intervinieron en la entrada en la asociaci\u00f3n<\/em><em>\u201d<\/em>,&nbsp;<strong>Mar\u00edas X mar\u00eda,<\/strong>&nbsp;no se hallaban&nbsp;<em>\u201cpresentes\u201d<\/em>&nbsp;en la vista, por lo que la fiscal\u00eda prefiri\u00f3 esperar a la aportaci\u00f3n de su relevante testimonio. Y, adem\u00e1s, la documentaci\u00f3n<em>&nbsp;\u00aboriginal\u00bb<\/em>&nbsp;de la asociaci\u00f3n en la que los socios aparecen registrados, junto a su historial m\u00e9dico, tampoco se incorpor\u00f3 al juicio, lo que fue considerado por la defensa como motivo para solicitar tambi\u00e9n que se aplazase. Se presentaron&nbsp;<em>\u00abfotocopias\u00bb<\/em>, lo que consider\u00f3&nbsp;<em>\u00abinapropiado\u00bb<\/em>.<\/p>\n\n\n\n<p><em>\u201cEn un primer momento, de la Figuera se enfrentaba a dos causas\u201d<\/em>, incide Ramos,&nbsp;<em>\u201cpor la actividad de la asociaci\u00f3n y por el cultivo\u201d<\/em>. Las causas se unieron puesto que se demostr\u00f3 que constitu\u00edan una misma, pero el enjuiciamiento de la activista est\u00e1 lejos de terminar.<\/p>\n\n\n\n<p>Susceptible de convertirse en una causa popular, el juicio de Fernanda de la Figuera podr\u00eda resolverse por la v\u00eda del error invencible, puesto que se trata de una actividad que viene practicando toda su vida y, en concreto, cargos similares a los que se acusan en este nuevo proceso con su asociaci\u00f3n&nbsp;<strong>Mar\u00edas por mar\u00eda<\/strong>&nbsp;fueron desestimados en el pasado, legitimando a la cultivadora. En el error invencible prevalece la inocencia del acusado, al entenderse que no tuvo medios para conocer que incurr\u00eda en una ilegalidad.<\/p>\n\n\n\n<h3 class=\"wp-block-heading\"><strong>LOS FANTASMAS DEL PROHIBICIONISMO SE CEBAN CON EL USUARIADO ASOCIADO<\/strong><br><\/h3>\n\n\n\n<p>El primero de los fantasmas es el de la recurrencia. Recurrencia en la persecuci\u00f3n, aunque ya sea de sobra conocida por la polic\u00eda y la justicia, que ya la llev\u00f3 a juicio en 1995 y 2010, con sendas absoluciones todav\u00eda reflejadas por escrito. Recurrencia pues en el sinsentido de cuestionar en esta ya tercera vez una conducta previamente avalada.<br><br>El segundo, el del miedo. Miedo a, pese a ser una en\u00e9rgica activista, acabar a sus 76 a\u00f1os en la c\u00e1rcel en otro episodio de la pesadilla. Miedo al durante, pese a que termine en alivio, como anteriormente. Y, aunque su notoriedad la lleva en cierta medida a los juzgados, podr\u00eda ayudarla a defenderse de la causa, un agridulce doble filo para el movimiento cann\u00e1bico en lo que respecta a (in)seguridad jur\u00eddica.&nbsp;<em>\u00abSu trasfondo es trascendente por ser una persona con una ampl\u00edsima trayectoria de activismo cuya vida ya ha sido enjuiciada anteriormente\u00bb<\/em>, plantea Ramos.<\/p>\n\n\n\n<p>El tercer fantasma es el de la incomprensi\u00f3n. Incomprensi\u00f3n de saberse perseguida, de descansar a treguas legales, y a la vez necesitar la planta que motiva la persecuci\u00f3n. Y ante esta incomprensi\u00f3n, es su abogado quien nos expone la dificultad agregada de que en su&nbsp;<em>\u00ab<\/em><em>humilde y singular punto de vista<\/em><em>\u00bb<\/em>, el Tribunal Supremo&nbsp;<em>\u00ab<\/em><em>ya se pronunci\u00f3 en 2015 acerca de la gravedad de estas cuestiones<\/em><em>\u00bb<\/em>, con lo que es posible que prevalezca esta posici\u00f3n de ilegalidad de los CSC.<\/p>\n","protected":false},"excerpt":{"rendered":"<span class=\"span-reading-time rt-reading-time\" style=\"display: block;\"><span class=\"rt-label rt-prefix\">Tiempo de lectura:<\/span> <span class=\"rt-time\"> 3<\/span> <span class=\"rt-label rt-postfix\">minutos<\/span><\/span>Podr\u00edamos decir que a Fernanda de la Figuera la persiguen varios fantasmas por los que el juzgado de M\u00e1laga la llev\u00f3 a juicio el jueves veinticinco de abril. Una vista que, finalmente, se pospuso para octubre. Nos lo explica su abogado, Rafael Ramos, en exclusiva para Cannabis.es.","protected":false},"author":3,"featured_media":1477,"comment_status":"closed","ping_status":"closed","sticky":false,"template":"","format":"standard","meta":{"loftocean-featured-post":"","loftocean_post_format_gallery":"","loftocean_post_format_gallery_ids":"","loftocean_post_format_gallery_urls":"","loftocean_post_format_video_id":"","loftocean_post_format_video_url":"","loftocean_post_format_video_type":"","loftocean_post_format_video":"","loftocean_post_format_audio_type":"","loftocean_post_format_audio_url":"","loftocean_post_format_audio_id":"","loftocean_post_format_audio":"","loftocean_post_format_quote_text":"","loftocean_post_format_quote_byline":"","loftocean_post_format_link_text":"","loftocean_post_format_link_url":"","ceramag_post_header_style":"","ceramag_enable_background_video":"","ceramag_show_in_top_slider":"","ceramag_post_background_video_start":"","ceramag_post_background_video_end":"","loftocean_page_background_video_id":"","loftocean_page_background_video_url":"","loftocean_page_background_video_type":"","loftocean_page_background_video":"","ceramag_background_video_start":"","ceramag_background_video_end":"","ceramag_single_page_hide_header":"","footnotes":""},"categories":[35],"tags":[41,398,399],"class_list":["post-1476","post","type-post","status-publish","format-standard","has-post-thumbnail","hentry","category-politica-y-sociedad","tag-cannabis","tag-csc","tag-fernanda-de-la-figuera"],"yoast_head":"<!-- This site is optimized with the Yoast SEO plugin v24.9 - https:\/\/yoast.com\/wordpress\/plugins\/seo\/ -->\n<title>SIN DOCUMENTACI\u00d3N ORIGINAL NI TESTIMONIOS EN EL JUICIO A LA ACTIVISTA M\u00c1S VETERANA<\/title>\n<meta name=\"description\" content=\"Entrada &#8226; Portal multimedia sobre cannabis y otras sustancias &#8226; 10 mayo, 2019\" \/>\n<meta name=\"robots\" content=\"index, follow, max-snippet:-1, max-image-preview:large, max-video-preview:-1\" \/>\n<link rel=\"canonical\" href=\"https:\/\/www.cannabis.es\/pw\/2019\/05\/10\/sin-documentacion-original-ni-testimonios-en-el-juicio-a-la-activista-mas-veterana\/\" \/>\n<meta name=\"twitter:card\" content=\"summary_large_image\" \/>\n<meta name=\"twitter:title\" content=\"SIN DOCUMENTACI\u00d3N ORIGINAL NI TESTIMONIOS EN EL JUICIO A LA ACTIVISTA M\u00c1S VETERANA\" \/>\n<meta name=\"twitter:description\" content=\"Entrada &#8226; Portal multimedia sobre cannabis y otras sustancias &#8226; 10 mayo, 2019\" \/>\n<meta name=\"twitter:image\" content=\"https:\/\/www.cannabis.es\/pw\/wp-content\/uploads\/2019\/05\/Fernanda-de-la-Figuera.jpg\" \/>\n<meta name=\"twitter:creator\" content=\"@cannabis_es\" \/>\n<meta name=\"twitter:site\" content=\"@cannabis_es\" \/>\n<meta name=\"twitter:label1\" content=\"Escrito por\" \/>\n\t<meta name=\"twitter:data1\" content=\"Cannabis.es\" \/>\n\t<meta name=\"twitter:label2\" content=\"Tiempo de lectura\" \/>\n\t<meta name=\"twitter:data2\" content=\"3 minutos\" \/>\n<script type=\"application\/ld+json\" class=\"yoast-schema-graph\">{\"@context\":\"https:\/\/schema.org\",\"@graph\":[{\"@type\":\"Article\",\"@id\":\"https:\/\/www.cannabis.es\/pw\/2019\/05\/10\/sin-documentacion-original-ni-testimonios-en-el-juicio-a-la-activista-mas-veterana\/#article\",\"isPartOf\":{\"@id\":\"https:\/\/www.cannabis.es\/pw\/2019\/05\/10\/sin-documentacion-original-ni-testimonios-en-el-juicio-a-la-activista-mas-veterana\/\"},\"author\":{\"name\":\"Cannabis.es\",\"@id\":\"https:\/\/www.cannabis.es\/pw\/#\/schema\/person\/ec770c03f3e99d770687f537f4ba1e89\"},\"headline\":\"SIN DOCUMENTACI\u00d3N ORIGINAL NI TESTIMONIOS EN EL JUICIO A LA ACTIVISTA M\u00c1S VETERANA\",\"datePublished\":\"2019-05-10T10:39:36+00:00\",\"dateModified\":\"2020-09-04T10:59:09+00:00\",\"mainEntityOfPage\":{\"@id\":\"https:\/\/www.cannabis.es\/pw\/2019\/05\/10\/sin-documentacion-original-ni-testimonios-en-el-juicio-a-la-activista-mas-veterana\/\"},\"wordCount\":697,\"publisher\":{\"@id\":\"https:\/\/www.cannabis.es\/pw\/#organization\"},\"image\":{\"@id\":\"https:\/\/www.cannabis.es\/pw\/2019\/05\/10\/sin-documentacion-original-ni-testimonios-en-el-juicio-a-la-activista-mas-veterana\/#primaryimage\"},\"thumbnailUrl\":\"https:\/\/www.cannabis.es\/pw\/wp-content\/uploads\/2019\/05\/Fernanda-de-la-Figuera.jpg\",\"keywords\":[\"cannabis\",\"CSC\",\"Fernanda de la Figuera\"],\"articleSection\":[\"Pol\u00edtica y Sociedad\"],\"inLanguage\":\"es\"},{\"@type\":\"WebPage\",\"@id\":\"https:\/\/www.cannabis.es\/pw\/2019\/05\/10\/sin-documentacion-original-ni-testimonios-en-el-juicio-a-la-activista-mas-veterana\/\",\"url\":\"https:\/\/www.cannabis.es\/pw\/2019\/05\/10\/sin-documentacion-original-ni-testimonios-en-el-juicio-a-la-activista-mas-veterana\/\",\"name\":\"SIN DOCUMENTACI\u00d3N ORIGINAL NI TESTIMONIOS EN EL JUICIO A LA ACTIVISTA M\u00c1S VETERANA\",\"isPartOf\":{\"@id\":\"https:\/\/www.cannabis.es\/pw\/#website\"},\"primaryImageOfPage\":{\"@id\":\"https:\/\/www.cannabis.es\/pw\/2019\/05\/10\/sin-documentacion-original-ni-testimonios-en-el-juicio-a-la-activista-mas-veterana\/#primaryimage\"},\"image\":{\"@id\":\"https:\/\/www.cannabis.es\/pw\/2019\/05\/10\/sin-documentacion-original-ni-testimonios-en-el-juicio-a-la-activista-mas-veterana\/#primaryimage\"},\"thumbnailUrl\":\"https:\/\/www.cannabis.es\/pw\/wp-content\/uploads\/2019\/05\/Fernanda-de-la-Figuera.jpg\",\"datePublished\":\"2019-05-10T10:39:36+00:00\",\"dateModified\":\"2020-09-04T10:59:09+00:00\",\"description\":\"Entrada &#8226; Portal multimedia sobre cannabis y otras sustancias &#8226; 10 mayo, 2019\",\"breadcrumb\":{\"@id\":\"https:\/\/www.cannabis.es\/pw\/2019\/05\/10\/sin-documentacion-original-ni-testimonios-en-el-juicio-a-la-activista-mas-veterana\/#breadcrumb\"},\"inLanguage\":\"es\",\"potentialAction\":[{\"@type\":\"ReadAction\",\"target\":[\"https:\/\/www.cannabis.es\/pw\/2019\/05\/10\/sin-documentacion-original-ni-testimonios-en-el-juicio-a-la-activista-mas-veterana\/\"]}]},{\"@type\":\"ImageObject\",\"inLanguage\":\"es\",\"@id\":\"https:\/\/www.cannabis.es\/pw\/2019\/05\/10\/sin-documentacion-original-ni-testimonios-en-el-juicio-a-la-activista-mas-veterana\/#primaryimage\",\"url\":\"https:\/\/www.cannabis.es\/pw\/wp-content\/uploads\/2019\/05\/Fernanda-de-la-Figuera.jpg\",\"contentUrl\":\"https:\/\/www.cannabis.es\/pw\/wp-content\/uploads\/2019\/05\/Fernanda-de-la-Figuera.jpg\",\"width\":959,\"height\":475},{\"@type\":\"BreadcrumbList\",\"@id\":\"https:\/\/www.cannabis.es\/pw\/2019\/05\/10\/sin-documentacion-original-ni-testimonios-en-el-juicio-a-la-activista-mas-veterana\/#breadcrumb\",\"itemListElement\":[{\"@type\":\"ListItem\",\"position\":1,\"name\":\"Portada\",\"item\":\"http:\/\/www.cannabis.es\/pw\/\"},{\"@type\":\"ListItem\",\"position\":2,\"name\":\"SIN DOCUMENTACI\u00d3N ORIGINAL NI TESTIMONIOS EN EL JUICIO A LA ACTIVISTA M\u00c1S VETERANA\"}]},{\"@type\":\"WebSite\",\"@id\":\"https:\/\/www.cannabis.es\/pw\/#website\",\"url\":\"https:\/\/www.cannabis.es\/pw\/\",\"name\":\"Cannabis\",\"description\":\"Portal multimedia sobre cannabis y otras sustancias\",\"publisher\":{\"@id\":\"https:\/\/www.cannabis.es\/pw\/#organization\"},\"potentialAction\":[{\"@type\":\"SearchAction\",\"target\":{\"@type\":\"EntryPoint\",\"urlTemplate\":\"https:\/\/www.cannabis.es\/pw\/?s={search_term_string}\"},\"query-input\":{\"@type\":\"PropertyValueSpecification\",\"valueRequired\":true,\"valueName\":\"search_term_string\"}}],\"inLanguage\":\"es\"},{\"@type\":\"Organization\",\"@id\":\"https:\/\/www.cannabis.es\/pw\/#organization\",\"name\":\"Cannabis.es\",\"url\":\"https:\/\/www.cannabis.es\/pw\/\",\"logo\":{\"@type\":\"ImageObject\",\"inLanguage\":\"es\",\"@id\":\"https:\/\/www.cannabis.es\/pw\/#\/schema\/logo\/image\/\",\"url\":\"https:\/\/www.cannabis.es\/pw\/wp-content\/uploads\/2019\/04\/cropped-logo_cannabis.png\",\"contentUrl\":\"https:\/\/www.cannabis.es\/pw\/wp-content\/uploads\/2019\/04\/cropped-logo_cannabis.png\",\"width\":361,\"height\":120,\"caption\":\"Cannabis.es\"},\"image\":{\"@id\":\"https:\/\/www.cannabis.es\/pw\/#\/schema\/logo\/image\/\"},\"sameAs\":[\"https:\/\/x.com\/cannabis_es\"]},{\"@type\":\"Person\",\"@id\":\"https:\/\/www.cannabis.es\/pw\/#\/schema\/person\/ec770c03f3e99d770687f537f4ba1e89\",\"name\":\"Cannabis.es\",\"image\":{\"@type\":\"ImageObject\",\"inLanguage\":\"es\",\"@id\":\"https:\/\/www.cannabis.es\/pw\/#\/schema\/person\/image\/\",\"url\":\"https:\/\/secure.gravatar.com\/avatar\/810c93a3d6fadc3d9c2665b1d919a4aedea8ed4dd63689d001e985a804e90d83?s=96&d=mm&r=g\",\"contentUrl\":\"https:\/\/secure.gravatar.com\/avatar\/810c93a3d6fadc3d9c2665b1d919a4aedea8ed4dd63689d001e985a804e90d83?s=96&d=mm&r=g\",\"caption\":\"Cannabis.es\"},\"url\":\"https:\/\/www.cannabis.es\/pw\/author\/arnau\/\"}]}<\/script>\n<!-- \/ Yoast SEO plugin. -->","yoast_head_json":{"title":"SIN DOCUMENTACI\u00d3N ORIGINAL NI TESTIMONIOS EN EL JUICIO A LA ACTIVISTA M\u00c1S VETERANA","description":"Entrada &#8226; Portal multimedia sobre cannabis y otras sustancias &#8226; 10 mayo, 2019","robots":{"index":"index","follow":"follow","max-snippet":"max-snippet:-1","max-image-preview":"max-image-preview:large","max-video-preview":"max-video-preview:-1"},"canonical":"https:\/\/www.cannabis.es\/pw\/2019\/05\/10\/sin-documentacion-original-ni-testimonios-en-el-juicio-a-la-activista-mas-veterana\/","twitter_card":"summary_large_image","twitter_title":"SIN DOCUMENTACI\u00d3N ORIGINAL NI TESTIMONIOS EN EL JUICIO A LA ACTIVISTA M\u00c1S VETERANA","twitter_description":"Entrada &#8226; Portal multimedia sobre cannabis y otras sustancias &#8226; 10 mayo, 2019","twitter_image":"https:\/\/www.cannabis.es\/pw\/wp-content\/uploads\/2019\/05\/Fernanda-de-la-Figuera.jpg","twitter_creator":"@cannabis_es","twitter_site":"@cannabis_es","twitter_misc":{"Escrito por":"Cannabis.es","Tiempo de lectura":"3 minutos"},"schema":{"@context":"https:\/\/schema.org","@graph":[{"@type":"Article","@id":"https:\/\/www.cannabis.es\/pw\/2019\/05\/10\/sin-documentacion-original-ni-testimonios-en-el-juicio-a-la-activista-mas-veterana\/#article","isPartOf":{"@id":"https:\/\/www.cannabis.es\/pw\/2019\/05\/10\/sin-documentacion-original-ni-testimonios-en-el-juicio-a-la-activista-mas-veterana\/"},"author":{"name":"Cannabis.es","@id":"https:\/\/www.cannabis.es\/pw\/#\/schema\/person\/ec770c03f3e99d770687f537f4ba1e89"},"headline":"SIN DOCUMENTACI\u00d3N ORIGINAL NI TESTIMONIOS EN EL JUICIO A LA ACTIVISTA M\u00c1S VETERANA","datePublished":"2019-05-10T10:39:36+00:00","dateModified":"2020-09-04T10:59:09+00:00","mainEntityOfPage":{"@id":"https:\/\/www.cannabis.es\/pw\/2019\/05\/10\/sin-documentacion-original-ni-testimonios-en-el-juicio-a-la-activista-mas-veterana\/"},"wordCount":697,"publisher":{"@id":"https:\/\/www.cannabis.es\/pw\/#organization"},"image":{"@id":"https:\/\/www.cannabis.es\/pw\/2019\/05\/10\/sin-documentacion-original-ni-testimonios-en-el-juicio-a-la-activista-mas-veterana\/#primaryimage"},"thumbnailUrl":"https:\/\/www.cannabis.es\/pw\/wp-content\/uploads\/2019\/05\/Fernanda-de-la-Figuera.jpg","keywords":["cannabis","CSC","Fernanda de la Figuera"],"articleSection":["Pol\u00edtica y Sociedad"],"inLanguage":"es"},{"@type":"WebPage","@id":"https:\/\/www.cannabis.es\/pw\/2019\/05\/10\/sin-documentacion-original-ni-testimonios-en-el-juicio-a-la-activista-mas-veterana\/","url":"https:\/\/www.cannabis.es\/pw\/2019\/05\/10\/sin-documentacion-original-ni-testimonios-en-el-juicio-a-la-activista-mas-veterana\/","name":"SIN DOCUMENTACI\u00d3N ORIGINAL NI TESTIMONIOS EN EL JUICIO A LA ACTIVISTA M\u00c1S VETERANA","isPartOf":{"@id":"https:\/\/www.cannabis.es\/pw\/#website"},"primaryImageOfPage":{"@id":"https:\/\/www.cannabis.es\/pw\/2019\/05\/10\/sin-documentacion-original-ni-testimonios-en-el-juicio-a-la-activista-mas-veterana\/#primaryimage"},"image":{"@id":"https:\/\/www.cannabis.es\/pw\/2019\/05\/10\/sin-documentacion-original-ni-testimonios-en-el-juicio-a-la-activista-mas-veterana\/#primaryimage"},"thumbnailUrl":"https:\/\/www.cannabis.es\/pw\/wp-content\/uploads\/2019\/05\/Fernanda-de-la-Figuera.jpg","datePublished":"2019-05-10T10:39:36+00:00","dateModified":"2020-09-04T10:59:09+00:00","description":"Entrada &#8226; Portal multimedia sobre cannabis y otras sustancias &#8226; 10 mayo, 2019","breadcrumb":{"@id":"https:\/\/www.cannabis.es\/pw\/2019\/05\/10\/sin-documentacion-original-ni-testimonios-en-el-juicio-a-la-activista-mas-veterana\/#breadcrumb"},"inLanguage":"es","potentialAction":[{"@type":"ReadAction","target":["https:\/\/www.cannabis.es\/pw\/2019\/05\/10\/sin-documentacion-original-ni-testimonios-en-el-juicio-a-la-activista-mas-veterana\/"]}]},{"@type":"ImageObject","inLanguage":"es","@id":"https:\/\/www.cannabis.es\/pw\/2019\/05\/10\/sin-documentacion-original-ni-testimonios-en-el-juicio-a-la-activista-mas-veterana\/#primaryimage","url":"https:\/\/www.cannabis.es\/pw\/wp-content\/uploads\/2019\/05\/Fernanda-de-la-Figuera.jpg","contentUrl":"https:\/\/www.cannabis.es\/pw\/wp-content\/uploads\/2019\/05\/Fernanda-de-la-Figuera.jpg","width":959,"height":475},{"@type":"BreadcrumbList","@id":"https:\/\/www.cannabis.es\/pw\/2019\/05\/10\/sin-documentacion-original-ni-testimonios-en-el-juicio-a-la-activista-mas-veterana\/#breadcrumb","itemListElement":[{"@type":"ListItem","position":1,"name":"Portada","item":"http:\/\/www.cannabis.es\/pw\/"},{"@type":"ListItem","position":2,"name":"SIN DOCUMENTACI\u00d3N ORIGINAL NI TESTIMONIOS EN EL JUICIO A LA ACTIVISTA M\u00c1S VETERANA"}]},{"@type":"WebSite","@id":"https:\/\/www.cannabis.es\/pw\/#website","url":"https:\/\/www.cannabis.es\/pw\/","name":"Cannabis","description":"Portal multimedia sobre cannabis y otras sustancias","publisher":{"@id":"https:\/\/www.cannabis.es\/pw\/#organization"},"potentialAction":[{"@type":"SearchAction","target":{"@type":"EntryPoint","urlTemplate":"https:\/\/www.cannabis.es\/pw\/?s={search_term_string}"},"query-input":{"@type":"PropertyValueSpecification","valueRequired":true,"valueName":"search_term_string"}}],"inLanguage":"es"},{"@type":"Organization","@id":"https:\/\/www.cannabis.es\/pw\/#organization","name":"Cannabis.es","url":"https:\/\/www.cannabis.es\/pw\/","logo":{"@type":"ImageObject","inLanguage":"es","@id":"https:\/\/www.cannabis.es\/pw\/#\/schema\/logo\/image\/","url":"https:\/\/www.cannabis.es\/pw\/wp-content\/uploads\/2019\/04\/cropped-logo_cannabis.png","contentUrl":"https:\/\/www.cannabis.es\/pw\/wp-content\/uploads\/2019\/04\/cropped-logo_cannabis.png","width":361,"height":120,"caption":"Cannabis.es"},"image":{"@id":"https:\/\/www.cannabis.es\/pw\/#\/schema\/logo\/image\/"},"sameAs":["https:\/\/x.com\/cannabis_es"]},{"@type":"Person","@id":"https:\/\/www.cannabis.es\/pw\/#\/schema\/person\/ec770c03f3e99d770687f537f4ba1e89","name":"Cannabis.es","image":{"@type":"ImageObject","inLanguage":"es","@id":"https:\/\/www.cannabis.es\/pw\/#\/schema\/person\/image\/","url":"https:\/\/secure.gravatar.com\/avatar\/810c93a3d6fadc3d9c2665b1d919a4aedea8ed4dd63689d001e985a804e90d83?s=96&d=mm&r=g","contentUrl":"https:\/\/secure.gravatar.com\/avatar\/810c93a3d6fadc3d9c2665b1d919a4aedea8ed4dd63689d001e985a804e90d83?s=96&d=mm&r=g","caption":"Cannabis.es"},"url":"https:\/\/www.cannabis.es\/pw\/author\/arnau\/"}]}},"_links":{"self":[{"href":"https:\/\/www.cannabis.es\/pw\/wp-json\/wp\/v2\/posts\/1476","targetHints":{"allow":["GET"]}}],"collection":[{"href":"https:\/\/www.cannabis.es\/pw\/wp-json\/wp\/v2\/posts"}],"about":[{"href":"https:\/\/www.cannabis.es\/pw\/wp-json\/wp\/v2\/types\/post"}],"author":[{"embeddable":true,"href":"https:\/\/www.cannabis.es\/pw\/wp-json\/wp\/v2\/users\/3"}],"replies":[{"embeddable":true,"href":"https:\/\/www.cannabis.es\/pw\/wp-json\/wp\/v2\/comments?post=1476"}],"version-history":[{"count":1,"href":"https:\/\/www.cannabis.es\/pw\/wp-json\/wp\/v2\/posts\/1476\/revisions"}],"predecessor-version":[{"id":1478,"href":"https:\/\/www.cannabis.es\/pw\/wp-json\/wp\/v2\/posts\/1476\/revisions\/1478"}],"wp:featuredmedia":[{"embeddable":true,"href":"https:\/\/www.cannabis.es\/pw\/wp-json\/wp\/v2\/media\/1477"}],"wp:attachment":[{"href":"https:\/\/www.cannabis.es\/pw\/wp-json\/wp\/v2\/media?parent=1476"}],"wp:term":[{"taxonomy":"category","embeddable":true,"href":"https:\/\/www.cannabis.es\/pw\/wp-json\/wp\/v2\/categories?post=1476"},{"taxonomy":"post_tag","embeddable":true,"href":"https:\/\/www.cannabis.es\/pw\/wp-json\/wp\/v2\/tags?post=1476"}],"curies":[{"name":"wp","href":"https:\/\/api.w.org\/{rel}","templated":true}]}}