{"id":1485,"date":"2019-05-29T12:59:24","date_gmt":"2019-05-29T10:59:24","guid":{"rendered":"http:\/\/www.cannabis.es\/pw\/?p=1485"},"modified":"2020-09-04T12:58:00","modified_gmt":"2020-09-04T10:58:00","slug":"probando-la-feira-das-milflores-de-santiago-de-compostela","status":"publish","type":"post","link":"https:\/\/www.cannabis.es\/pw\/2019\/05\/29\/probando-la-feira-das-milflores-de-santiago-de-compostela\/","title":{"rendered":"Probando la Feira das Milflores de Santiago de Compostela"},"content":{"rendered":"\n<p>Ram\u00f3n Souto<\/p>\n\n\n<p>Un recorrido por la&nbsp;<span style=\"color: #ff6600;\"><em>Feira das Milflores<\/em><\/span>&nbsp;de Santiago de Compostela entre 150 muestras diferentes de cannabis que iban de marihuana interior a exterior, pasando por extracciones sin solventes, Rosin y hasta BHO. Los premios y la cr\u00f3nica del evento, en Cannabis.es.<\/p>\n<p>Agradezco a toda la organizaci\u00f3n de la<span style=\"color: #ff6600;\"> <em>Feira das Milflores<\/em><\/span>&nbsp;que hayan confiado en m\u00ed para ser uno de los fot\u00f3grafos oficiales del evento. Este a\u00f1o, adem\u00e1s, se estrenaron con la 1\u00ba Edici\u00f3n de la Copa de las Milflores, que, para ser la primera, recibi\u00f3 muestras de diversas partes de la geograf\u00eda espa\u00f1ola.&nbsp;<\/p>\n\n\n<p>Unos d\u00edas antes ya ten\u00eda el material preparado en mi mochila: c\u00e1mara, objetivo, flash, filtros, bater\u00edas de repuesto\u2026 todas las cosas que pudiera necesitar durante el transcurso de la cata popular y la feria.<\/p>\n\n\n\n<p>El d\u00eda 17 de mayo se realiz\u00f3 una&nbsp;<strong>cata popular<\/strong>&nbsp;(de la que fui part\u00edcipe) en Santiago de Compostela, para los concursantes y profesionales del sector. Para una puntuaci\u00f3n m\u00e1s honesta, los participantes no pod\u00edan calificar en la categor\u00eda que se hubieran presentado.<\/p>\n\n\n\n<p>En total se presentaron m\u00e1s de 150 muestras de: marihuana interior, marihuana exterior, extracciones sin solvente, Rosin y BHO. Como estaba trabajando, solo realic\u00e9 dos catas para no salir de all\u00ed a rastras.<\/p>\n\n\n\n<p>Durante la cata tuvimos presente un jurado de gran prestigio y diversas partes de Espa\u00f1a. Todos pudimos degustar las maravillas presentadas a la copa, que, en mi opini\u00f3n, para ser su primera edici\u00f3n, present\u00f3 una gran calidad en las muestras.<\/p>\n\n\n\n<p>La cata empez\u00f3 a las 16.30 y termin\u00f3 sobre las 21.30 aproximadamente. Durante esas cinco horas la gente iba catando muestras de las distintas categor\u00edas. A las 21.30 recog\u00ed los b\u00e1rtulos para ir a casa y descansar para el d\u00eda siguiente.<\/p>\n\n\n\n<p>A las 11 de la ma\u00f1ana los compa\u00f1eros de CS Gardens (3<sup>er<\/sup>&nbsp;premio Rosin) vinieron a recogerme y nos fuimos directos al evento. Cada uno de nosotros recogi\u00f3 su pase correspondiente (ellos Stand y yo de fotograf\u00eda) y mi camiseta del personal de la&nbsp;<em>Feira das Milflores<\/em>.<\/p>\n\n\n\n<p>Lo primero que destaca es el lugar elegido para el evento: unas&nbsp;<strong>instalaciones del S. XVIII totalmente reformadas en un paraje rodeado de naturaleza y con unas vistas inmejorables<\/strong>. Los stands se distribu\u00edan por toda la zona exterior del Salt\u00f3n Verde Market. Cuando llegu\u00e9, a\u00fan estaban montando los m\u00e1s retrasados.<\/p>\n\n\n\n<p>A pesar de que no era bueno el tiempo pronosticado, la ma\u00f1ana comenz\u00f3 con un peque\u00f1o chubasco que dur\u00f3 a penas unos minutos, para luego desaparecer y dejarnos un d\u00eda a medio sol, pero sin m\u00e1s complicaciones.<\/p>\n\n\n\n<p>Al acercarse las 3 de la tarde me entr\u00f3 el hambre y me acerqu\u00e9 a la zona de los foodtrucks, hab\u00eda tres opciones para comer: El ya conocido pulpero tradicional gallego, el puesto de Fa\u00edscas de comida tradicional gallega y de calidad y, por \u00faltimo, un puesto de pizzas artesanales.<\/p>\n\n\n\n<p>Para amenizar al personal, pusieron la Canna Music Station, por donde pasaron diversos artistas. Durante el d\u00eda pudimos disfrutar de Mandril Selektah, Nahno Selektah y Zere Selektah y, a la noche, comenz\u00f3 con Lopes, Mandril Selektah, YT, Tomawok y, por \u00faltimo,&nbsp;Dub fi dub Maislume &amp; Friends.<\/p>\n\n\n\n<p>A las 18 horas el colectivo de Muyeres Cann\u00e1bicas realiz\u00f3&nbsp;<strong>el casting de su ya conocido calendario Cannaman, buscando a los nuevos modelos para el 2020<\/strong>. \u00bfQui\u00e9nes ser\u00e1n? No dud\u00e9is en comprar este calendario, ya que estaremos combatiendo la cosificaci\u00f3n de la mujer en la publicidad cann\u00e1bica y en nuestra vida en general.<\/p>\n\n\n\n<p>Una vez finalizado el casting, fui dando una vuelta para ver todos los stands: el Salt\u00f3n Verde, Hashskull, Astral bites, Sardo distribuciones, Weedkend\u00b4s cocteles, Biovapo, Route 420, Sumerian Seeds Bank, Gold Label\u2026 y muchos m\u00e1s que me perdonar\u00e1n no ser mencionados.<\/p>\n\n\n\n<figure class=\"wp-block-gallery columns-3 is-cropped wp-block-gallery-1 is-layout-flex wp-block-gallery-is-layout-flex\"><ul class=\"blocks-gallery-grid\"><li class=\"blocks-gallery-item\"><figure><img loading=\"lazy\" decoding=\"async\" width=\"900\" height=\"600\" src=\"http:\/\/www.cannabis.es\/pw\/wp-content\/uploads\/2019\/05\/Milflores1.jpg\" alt=\"\" data-id=\"1487\" data-link=\"http:\/\/www.cannabis.es\/pw\/?attachment_id=1487\" class=\"wp-image-1487\" srcset=\"https:\/\/www.cannabis.es\/pw\/wp-content\/uploads\/2019\/05\/Milflores1.jpg 900w, https:\/\/www.cannabis.es\/pw\/wp-content\/uploads\/2019\/05\/Milflores1-300x200.jpg 300w, https:\/\/www.cannabis.es\/pw\/wp-content\/uploads\/2019\/05\/Milflores1-768x512.jpg 768w, https:\/\/www.cannabis.es\/pw\/wp-content\/uploads\/2019\/05\/Milflores1-600x400.jpg 600w\" sizes=\"auto, (max-width: 900px) 100vw, 900px\" \/><\/figure><\/li><li class=\"blocks-gallery-item\"><figure><img loading=\"lazy\" decoding=\"async\" width=\"900\" height=\"600\" src=\"http:\/\/www.cannabis.es\/pw\/wp-content\/uploads\/2019\/05\/Milflores2.jpg\" alt=\"\" data-id=\"1488\" data-link=\"http:\/\/www.cannabis.es\/pw\/?attachment_id=1488\" class=\"wp-image-1488\" srcset=\"https:\/\/www.cannabis.es\/pw\/wp-content\/uploads\/2019\/05\/Milflores2.jpg 900w, https:\/\/www.cannabis.es\/pw\/wp-content\/uploads\/2019\/05\/Milflores2-300x200.jpg 300w, https:\/\/www.cannabis.es\/pw\/wp-content\/uploads\/2019\/05\/Milflores2-768x512.jpg 768w, https:\/\/www.cannabis.es\/pw\/wp-content\/uploads\/2019\/05\/Milflores2-600x400.jpg 600w\" sizes=\"auto, (max-width: 900px) 100vw, 900px\" \/><\/figure><\/li><li class=\"blocks-gallery-item\"><figure><img loading=\"lazy\" decoding=\"async\" width=\"900\" height=\"600\" src=\"http:\/\/www.cannabis.es\/pw\/wp-content\/uploads\/2019\/05\/Milflores3.jpg\" alt=\"\" data-id=\"1489\" data-link=\"http:\/\/www.cannabis.es\/pw\/?attachment_id=1489\" class=\"wp-image-1489\" srcset=\"https:\/\/www.cannabis.es\/pw\/wp-content\/uploads\/2019\/05\/Milflores3.jpg 900w, https:\/\/www.cannabis.es\/pw\/wp-content\/uploads\/2019\/05\/Milflores3-300x200.jpg 300w, https:\/\/www.cannabis.es\/pw\/wp-content\/uploads\/2019\/05\/Milflores3-768x512.jpg 768w, https:\/\/www.cannabis.es\/pw\/wp-content\/uploads\/2019\/05\/Milflores3-600x400.jpg 600w\" sizes=\"auto, (max-width: 900px) 100vw, 900px\" \/><\/figure><\/li><\/ul><\/figure>\n\n\n\n<h3 class=\"wp-block-heading\"><strong>PREMIOS 1<sup>A<\/sup> COPA DAS MILFLORES<\/strong><\/h3>\n\n\n\n<p class=\"has-text-color has-vivid-green-cyan-color\"><strong>CATEGOR\u00cdA: INTERIOR<\/strong><\/p>\n\n\n\n<ul class=\"wp-block-list\"><li><strong>1\u00ba Lady Coly (Gorilla Glue 4)<\/strong><\/li><li><strong>2\u00ba Mr. Hide Seeds (420K)<\/strong><\/li><li><strong>3\u00ba Mr. FoxTail (Triple Candy)<\/strong><\/li><li><strong>Jueces: Gemma Gallardo (Las mujeres tambi\u00e9n cultivan), Vitty Garc\u00eda (WeedKend) y Javier Campos (Maislume Kolective)<\/strong><\/li><\/ul>\n\n\n\n<p class=\"has-text-color has-vivid-green-cyan-color\"><strong>CATEGOR\u00cdA: EXTERIOR<\/strong><\/p>\n\n\n\n<ul class=\"wp-block-list\"><li><strong>1\u00ba Asociaci\u00f3n La Ova, Rafael Garc\u00eda (M8 de Gea Seeds)<\/strong><\/li><li><strong>2\u00ba Asociaci\u00f3n Euskanabis (Gorilla Lemone V1)<\/strong><\/li><li><strong>3\u00ba Mr. Hide Seeds (Mr. Eiden Mass)<\/strong><\/li><li><strong>Jueces: Mayte (Muyeres Cann\u00e1nicas), Luz Yolanda y Tim Berry<\/strong><\/li><\/ul>\n\n\n\n<p class=\"has-text-color has-vivid-green-cyan-color\"><strong>CATEGOR\u00cdA: EXTRACCIONES SIN SOLVENTE<\/strong><\/p>\n\n\n\n<ul class=\"wp-block-list\"><li><strong>1\u00ba Asociaci\u00f3n La Kalada (WaterHash Banana Punch)<\/strong><\/li><li><strong>2\u00ba White Rabbit, Zucu (Mars Monkey BubbleHash)<\/strong><\/li><li><strong>3\u00ba Josep Dur\u00e1n (Papaya Cake Fresh Frozen)<\/strong><\/li><\/ul>\n\n\n\n<ul class=\"wp-block-list\"><li><strong>Jueces: Karulo Abell\u00e1n, Sarita (Route420) y Juan Presa<\/strong><\/li><\/ul>\n\n\n\n<p class=\"has-text-color has-vivid-green-cyan-color\"><strong>CATEGOR\u00cdA: ROSIN<\/strong><\/p>\n\n\n\n<ul class=\"wp-block-list\"><li><strong>1\u00ba Asociaci\u00f3n La Kalada (Banana Punch)<\/strong><\/li><li><strong>2\u00ba Lume Extracts (Dosidos x Zkittles)<\/strong><\/li><li><strong>3\u00ba CS Gardens (Green Poison)<\/strong><\/li><li><strong>Jueces: Alberto (Hashskull),Tim Berry y Ferreti<\/strong><\/li><\/ul>\n\n\n\n<p class=\"has-text-color has-vivid-green-cyan-color\"><strong>CATEGOR\u00cdA: B. H. O.<\/strong><\/p>\n\n\n\n<ul class=\"wp-block-list\"><li><strong>1\u00ba BHOtanical (White M. Kush)<\/strong><\/li><li><strong>2\u00ba TerraGrow, Rub\u00e9n (Terra White)<\/strong><\/li><li><strong>3\u00ba The Backyard (Banana Split)<\/strong><\/li><li><strong>Jueces: Jose de la Rica, Arnau (Dab4live) y Seras (O Dispensario)<\/strong><\/li><\/ul>\n\n\n\n<p>Los premios de cada categor\u00eda fueron dise\u00f1ados y fabricados por Ganjaecia Weed Art, una joven y prometedora empresa que derrocha arte. Tengo el placer de tener alguno de sus productos, como el colgante, el im\u00e1n o el pin.<\/p>\n\n\n\n<p>Al finalizar la entrega de premios, se abri\u00f3 la vitrina con las muestras expuestas durante la feria y se comenz\u00f3 a repartir entre los asistentes. De esta manera&nbsp;<strong>cualquier presente pudo catar y juzgar las calidades que fueron presentadas<\/strong>.<\/p>\n\n\n\n<p>Tambi\u00e9n se hizo una breve presentaci\u00f3n sobre la copa Volcanna 2019, que ser\u00e1 en Lanzarote.<\/p>\n\n\n\n<p>Para terminar el evento, lleg\u00f3 el momento de la m\u00fasica, que aproximadamente estar\u00eda desde las 21h hasta las 4h de la madrugada. Despu\u00e9s de estar trabajando el d\u00eda anterior y en la feria, mi cuerpo ped\u00eda cama a las 2 de la ma\u00f1ana. El estar cargando todo el d\u00eda con la c\u00e1mara y dem\u00e1s artilugios pasa factura.<\/p>\n\n\n\n<figure class=\"wp-block-image\"><img decoding=\"async\" src=\"https:\/\/www.cannabis.es\/web\/images\/CultivaUnaIdea.png\" alt=\"\"\/><\/figure>\n\n\n\n<p>Animaos a venir el a\u00f1o que viene, con m\u00e1s fuerza y experiencia, a la que poco a poco podr\u00e1 convertirse en una de las ferias referentes de nuestro sector. Os deseo los mejores humos para poder seguir cultivando nuestras ideas.<\/p>\n","protected":false},"excerpt":{"rendered":"<span class=\"span-reading-time rt-reading-time\" style=\"display: block;\"><span class=\"rt-label rt-prefix\">Tiempo de lectura:<\/span> <span class=\"rt-time\"> 4<\/span> <span class=\"rt-label rt-postfix\">minutos<\/span><\/span>Un recorrido por la Feira das Milflores de Santiago de Compostela entre 150 muestras diferentes de cannabis que iban de marihuana interior a exterior, pasando por extracciones sin solventes, Rosin y hasta BHO. Los premios y la cr\u00f3nica del evento, en Cannabis.es.","protected":false},"author":3,"featured_media":1486,"comment_status":"closed","ping_status":"closed","sticky":false,"template":"","format":"standard","meta":{"loftocean-featured-post":"","loftocean_post_format_gallery":"","loftocean_post_format_gallery_ids":"","loftocean_post_format_gallery_urls":"","loftocean_post_format_video_id":"","loftocean_post_format_video_url":"","loftocean_post_format_video_type":"","loftocean_post_format_video":"","loftocean_post_format_audio_type":"","loftocean_post_format_audio_url":"","loftocean_post_format_audio_id":"","loftocean_post_format_audio":"","loftocean_post_format_quote_text":"","loftocean_post_format_quote_byline":"","loftocean_post_format_link_text":"","loftocean_post_format_link_url":"","ceramag_post_header_style":"","ceramag_enable_background_video":"","ceramag_show_in_top_slider":"","ceramag_post_background_video_start":"","ceramag_post_background_video_end":"","loftocean_page_background_video_id":"","loftocean_page_background_video_url":"","loftocean_page_background_video_type":"","loftocean_page_background_video":"","ceramag_background_video_start":"","ceramag_background_video_end":"","ceramag_single_page_hide_header":"","footnotes":""},"categories":[34],"tags":[41,409,40,68],"class_list":["post-1485","post","type-post","status-publish","format-standard","has-post-thumbnail","hentry","category-reportajes","tag-cannabis","tag-feria","tag-marihuana","tag-ramon-souto"],"yoast_head":"<!-- This site is optimized with the Yoast SEO plugin v24.9 - https:\/\/yoast.com\/wordpress\/plugins\/seo\/ -->\n<title>Probando la Feira das Milflores de Santiago de Compostela<\/title>\n<meta name=\"description\" content=\"Entrada &#8226; Portal multimedia sobre cannabis y otras sustancias &#8226; 29 mayo, 2019\" \/>\n<meta name=\"robots\" content=\"index, follow, max-snippet:-1, max-image-preview:large, max-video-preview:-1\" \/>\n<link rel=\"canonical\" href=\"https:\/\/www.cannabis.es\/pw\/2019\/05\/29\/probando-la-feira-das-milflores-de-santiago-de-compostela\/\" \/>\n<meta name=\"twitter:card\" content=\"summary_large_image\" \/>\n<meta name=\"twitter:title\" content=\"Probando la Feira das Milflores de Santiago de Compostela\" \/>\n<meta name=\"twitter:description\" content=\"Entrada &#8226; Portal multimedia sobre cannabis y otras sustancias &#8226; 29 mayo, 2019\" \/>\n<meta name=\"twitter:image\" content=\"https:\/\/www.cannabis.es\/pw\/wp-content\/uploads\/2019\/05\/Milflores-port.jpg\" \/>\n<meta name=\"twitter:creator\" content=\"@cannabis_es\" \/>\n<meta name=\"twitter:site\" content=\"@cannabis_es\" \/>\n<meta name=\"twitter:label1\" content=\"Escrito por\" \/>\n\t<meta name=\"twitter:data1\" content=\"Cannabis.es\" \/>\n\t<meta name=\"twitter:label2\" content=\"Tiempo de lectura\" \/>\n\t<meta name=\"twitter:data2\" content=\"5 minutos\" \/>\n<script type=\"application\/ld+json\" class=\"yoast-schema-graph\">{\"@context\":\"https:\/\/schema.org\",\"@graph\":[{\"@type\":\"Article\",\"@id\":\"https:\/\/www.cannabis.es\/pw\/2019\/05\/29\/probando-la-feira-das-milflores-de-santiago-de-compostela\/#article\",\"isPartOf\":{\"@id\":\"https:\/\/www.cannabis.es\/pw\/2019\/05\/29\/probando-la-feira-das-milflores-de-santiago-de-compostela\/\"},\"author\":{\"name\":\"Cannabis.es\",\"@id\":\"https:\/\/www.cannabis.es\/pw\/#\/schema\/person\/ec770c03f3e99d770687f537f4ba1e89\"},\"headline\":\"Probando la Feira das Milflores de Santiago de Compostela\",\"datePublished\":\"2019-05-29T10:59:24+00:00\",\"dateModified\":\"2020-09-04T10:58:00+00:00\",\"mainEntityOfPage\":{\"@id\":\"https:\/\/www.cannabis.es\/pw\/2019\/05\/29\/probando-la-feira-das-milflores-de-santiago-de-compostela\/\"},\"wordCount\":1038,\"publisher\":{\"@id\":\"https:\/\/www.cannabis.es\/pw\/#organization\"},\"image\":{\"@id\":\"https:\/\/www.cannabis.es\/pw\/2019\/05\/29\/probando-la-feira-das-milflores-de-santiago-de-compostela\/#primaryimage\"},\"thumbnailUrl\":\"https:\/\/www.cannabis.es\/pw\/wp-content\/uploads\/2019\/05\/Milflores-port.jpg\",\"keywords\":[\"cannabis\",\"feria\",\"marihuana\",\"Ram\u00f3n Souto\"],\"articleSection\":[\"Reportajes\"],\"inLanguage\":\"es\"},{\"@type\":\"WebPage\",\"@id\":\"https:\/\/www.cannabis.es\/pw\/2019\/05\/29\/probando-la-feira-das-milflores-de-santiago-de-compostela\/\",\"url\":\"https:\/\/www.cannabis.es\/pw\/2019\/05\/29\/probando-la-feira-das-milflores-de-santiago-de-compostela\/\",\"name\":\"Probando la Feira das Milflores de Santiago de Compostela\",\"isPartOf\":{\"@id\":\"https:\/\/www.cannabis.es\/pw\/#website\"},\"primaryImageOfPage\":{\"@id\":\"https:\/\/www.cannabis.es\/pw\/2019\/05\/29\/probando-la-feira-das-milflores-de-santiago-de-compostela\/#primaryimage\"},\"image\":{\"@id\":\"https:\/\/www.cannabis.es\/pw\/2019\/05\/29\/probando-la-feira-das-milflores-de-santiago-de-compostela\/#primaryimage\"},\"thumbnailUrl\":\"https:\/\/www.cannabis.es\/pw\/wp-content\/uploads\/2019\/05\/Milflores-port.jpg\",\"datePublished\":\"2019-05-29T10:59:24+00:00\",\"dateModified\":\"2020-09-04T10:58:00+00:00\",\"description\":\"Entrada &#8226; Portal multimedia sobre cannabis y otras sustancias &#8226; 29 mayo, 2019\",\"breadcrumb\":{\"@id\":\"https:\/\/www.cannabis.es\/pw\/2019\/05\/29\/probando-la-feira-das-milflores-de-santiago-de-compostela\/#breadcrumb\"},\"inLanguage\":\"es\",\"potentialAction\":[{\"@type\":\"ReadAction\",\"target\":[\"https:\/\/www.cannabis.es\/pw\/2019\/05\/29\/probando-la-feira-das-milflores-de-santiago-de-compostela\/\"]}]},{\"@type\":\"ImageObject\",\"inLanguage\":\"es\",\"@id\":\"https:\/\/www.cannabis.es\/pw\/2019\/05\/29\/probando-la-feira-das-milflores-de-santiago-de-compostela\/#primaryimage\",\"url\":\"https:\/\/www.cannabis.es\/pw\/wp-content\/uploads\/2019\/05\/Milflores-port.jpg\",\"contentUrl\":\"https:\/\/www.cannabis.es\/pw\/wp-content\/uploads\/2019\/05\/Milflores-port.jpg\",\"width\":959,\"height\":475},{\"@type\":\"BreadcrumbList\",\"@id\":\"https:\/\/www.cannabis.es\/pw\/2019\/05\/29\/probando-la-feira-das-milflores-de-santiago-de-compostela\/#breadcrumb\",\"itemListElement\":[{\"@type\":\"ListItem\",\"position\":1,\"name\":\"Portada\",\"item\":\"http:\/\/www.cannabis.es\/pw\/\"},{\"@type\":\"ListItem\",\"position\":2,\"name\":\"Probando la Feira das Milflores de Santiago de Compostela\"}]},{\"@type\":\"WebSite\",\"@id\":\"https:\/\/www.cannabis.es\/pw\/#website\",\"url\":\"https:\/\/www.cannabis.es\/pw\/\",\"name\":\"Cannabis\",\"description\":\"Portal multimedia sobre cannabis y otras sustancias\",\"publisher\":{\"@id\":\"https:\/\/www.cannabis.es\/pw\/#organization\"},\"potentialAction\":[{\"@type\":\"SearchAction\",\"target\":{\"@type\":\"EntryPoint\",\"urlTemplate\":\"https:\/\/www.cannabis.es\/pw\/?s={search_term_string}\"},\"query-input\":{\"@type\":\"PropertyValueSpecification\",\"valueRequired\":true,\"valueName\":\"search_term_string\"}}],\"inLanguage\":\"es\"},{\"@type\":\"Organization\",\"@id\":\"https:\/\/www.cannabis.es\/pw\/#organization\",\"name\":\"Cannabis.es\",\"url\":\"https:\/\/www.cannabis.es\/pw\/\",\"logo\":{\"@type\":\"ImageObject\",\"inLanguage\":\"es\",\"@id\":\"https:\/\/www.cannabis.es\/pw\/#\/schema\/logo\/image\/\",\"url\":\"https:\/\/www.cannabis.es\/pw\/wp-content\/uploads\/2019\/04\/cropped-logo_cannabis.png\",\"contentUrl\":\"https:\/\/www.cannabis.es\/pw\/wp-content\/uploads\/2019\/04\/cropped-logo_cannabis.png\",\"width\":361,\"height\":120,\"caption\":\"Cannabis.es\"},\"image\":{\"@id\":\"https:\/\/www.cannabis.es\/pw\/#\/schema\/logo\/image\/\"},\"sameAs\":[\"https:\/\/x.com\/cannabis_es\"]},{\"@type\":\"Person\",\"@id\":\"https:\/\/www.cannabis.es\/pw\/#\/schema\/person\/ec770c03f3e99d770687f537f4ba1e89\",\"name\":\"Cannabis.es\",\"image\":{\"@type\":\"ImageObject\",\"inLanguage\":\"es\",\"@id\":\"https:\/\/www.cannabis.es\/pw\/#\/schema\/person\/image\/\",\"url\":\"https:\/\/secure.gravatar.com\/avatar\/810c93a3d6fadc3d9c2665b1d919a4aedea8ed4dd63689d001e985a804e90d83?s=96&d=mm&r=g\",\"contentUrl\":\"https:\/\/secure.gravatar.com\/avatar\/810c93a3d6fadc3d9c2665b1d919a4aedea8ed4dd63689d001e985a804e90d83?s=96&d=mm&r=g\",\"caption\":\"Cannabis.es\"},\"url\":\"https:\/\/www.cannabis.es\/pw\/author\/arnau\/\"}]}<\/script>\n<!-- \/ Yoast SEO plugin. -->","yoast_head_json":{"title":"Probando la Feira das Milflores de Santiago de Compostela","description":"Entrada &#8226; Portal multimedia sobre cannabis y otras sustancias &#8226; 29 mayo, 2019","robots":{"index":"index","follow":"follow","max-snippet":"max-snippet:-1","max-image-preview":"max-image-preview:large","max-video-preview":"max-video-preview:-1"},"canonical":"https:\/\/www.cannabis.es\/pw\/2019\/05\/29\/probando-la-feira-das-milflores-de-santiago-de-compostela\/","twitter_card":"summary_large_image","twitter_title":"Probando la Feira das Milflores de Santiago de Compostela","twitter_description":"Entrada &#8226; Portal multimedia sobre cannabis y otras sustancias &#8226; 29 mayo, 2019","twitter_image":"https:\/\/www.cannabis.es\/pw\/wp-content\/uploads\/2019\/05\/Milflores-port.jpg","twitter_creator":"@cannabis_es","twitter_site":"@cannabis_es","twitter_misc":{"Escrito por":"Cannabis.es","Tiempo de lectura":"5 minutos"},"schema":{"@context":"https:\/\/schema.org","@graph":[{"@type":"Article","@id":"https:\/\/www.cannabis.es\/pw\/2019\/05\/29\/probando-la-feira-das-milflores-de-santiago-de-compostela\/#article","isPartOf":{"@id":"https:\/\/www.cannabis.es\/pw\/2019\/05\/29\/probando-la-feira-das-milflores-de-santiago-de-compostela\/"},"author":{"name":"Cannabis.es","@id":"https:\/\/www.cannabis.es\/pw\/#\/schema\/person\/ec770c03f3e99d770687f537f4ba1e89"},"headline":"Probando la Feira das Milflores de Santiago de Compostela","datePublished":"2019-05-29T10:59:24+00:00","dateModified":"2020-09-04T10:58:00+00:00","mainEntityOfPage":{"@id":"https:\/\/www.cannabis.es\/pw\/2019\/05\/29\/probando-la-feira-das-milflores-de-santiago-de-compostela\/"},"wordCount":1038,"publisher":{"@id":"https:\/\/www.cannabis.es\/pw\/#organization"},"image":{"@id":"https:\/\/www.cannabis.es\/pw\/2019\/05\/29\/probando-la-feira-das-milflores-de-santiago-de-compostela\/#primaryimage"},"thumbnailUrl":"https:\/\/www.cannabis.es\/pw\/wp-content\/uploads\/2019\/05\/Milflores-port.jpg","keywords":["cannabis","feria","marihuana","Ram\u00f3n Souto"],"articleSection":["Reportajes"],"inLanguage":"es"},{"@type":"WebPage","@id":"https:\/\/www.cannabis.es\/pw\/2019\/05\/29\/probando-la-feira-das-milflores-de-santiago-de-compostela\/","url":"https:\/\/www.cannabis.es\/pw\/2019\/05\/29\/probando-la-feira-das-milflores-de-santiago-de-compostela\/","name":"Probando la Feira das Milflores de Santiago de Compostela","isPartOf":{"@id":"https:\/\/www.cannabis.es\/pw\/#website"},"primaryImageOfPage":{"@id":"https:\/\/www.cannabis.es\/pw\/2019\/05\/29\/probando-la-feira-das-milflores-de-santiago-de-compostela\/#primaryimage"},"image":{"@id":"https:\/\/www.cannabis.es\/pw\/2019\/05\/29\/probando-la-feira-das-milflores-de-santiago-de-compostela\/#primaryimage"},"thumbnailUrl":"https:\/\/www.cannabis.es\/pw\/wp-content\/uploads\/2019\/05\/Milflores-port.jpg","datePublished":"2019-05-29T10:59:24+00:00","dateModified":"2020-09-04T10:58:00+00:00","description":"Entrada &#8226; Portal multimedia sobre cannabis y otras sustancias &#8226; 29 mayo, 2019","breadcrumb":{"@id":"https:\/\/www.cannabis.es\/pw\/2019\/05\/29\/probando-la-feira-das-milflores-de-santiago-de-compostela\/#breadcrumb"},"inLanguage":"es","potentialAction":[{"@type":"ReadAction","target":["https:\/\/www.cannabis.es\/pw\/2019\/05\/29\/probando-la-feira-das-milflores-de-santiago-de-compostela\/"]}]},{"@type":"ImageObject","inLanguage":"es","@id":"https:\/\/www.cannabis.es\/pw\/2019\/05\/29\/probando-la-feira-das-milflores-de-santiago-de-compostela\/#primaryimage","url":"https:\/\/www.cannabis.es\/pw\/wp-content\/uploads\/2019\/05\/Milflores-port.jpg","contentUrl":"https:\/\/www.cannabis.es\/pw\/wp-content\/uploads\/2019\/05\/Milflores-port.jpg","width":959,"height":475},{"@type":"BreadcrumbList","@id":"https:\/\/www.cannabis.es\/pw\/2019\/05\/29\/probando-la-feira-das-milflores-de-santiago-de-compostela\/#breadcrumb","itemListElement":[{"@type":"ListItem","position":1,"name":"Portada","item":"http:\/\/www.cannabis.es\/pw\/"},{"@type":"ListItem","position":2,"name":"Probando la Feira das Milflores de Santiago de Compostela"}]},{"@type":"WebSite","@id":"https:\/\/www.cannabis.es\/pw\/#website","url":"https:\/\/www.cannabis.es\/pw\/","name":"Cannabis","description":"Portal multimedia sobre cannabis y otras sustancias","publisher":{"@id":"https:\/\/www.cannabis.es\/pw\/#organization"},"potentialAction":[{"@type":"SearchAction","target":{"@type":"EntryPoint","urlTemplate":"https:\/\/www.cannabis.es\/pw\/?s={search_term_string}"},"query-input":{"@type":"PropertyValueSpecification","valueRequired":true,"valueName":"search_term_string"}}],"inLanguage":"es"},{"@type":"Organization","@id":"https:\/\/www.cannabis.es\/pw\/#organization","name":"Cannabis.es","url":"https:\/\/www.cannabis.es\/pw\/","logo":{"@type":"ImageObject","inLanguage":"es","@id":"https:\/\/www.cannabis.es\/pw\/#\/schema\/logo\/image\/","url":"https:\/\/www.cannabis.es\/pw\/wp-content\/uploads\/2019\/04\/cropped-logo_cannabis.png","contentUrl":"https:\/\/www.cannabis.es\/pw\/wp-content\/uploads\/2019\/04\/cropped-logo_cannabis.png","width":361,"height":120,"caption":"Cannabis.es"},"image":{"@id":"https:\/\/www.cannabis.es\/pw\/#\/schema\/logo\/image\/"},"sameAs":["https:\/\/x.com\/cannabis_es"]},{"@type":"Person","@id":"https:\/\/www.cannabis.es\/pw\/#\/schema\/person\/ec770c03f3e99d770687f537f4ba1e89","name":"Cannabis.es","image":{"@type":"ImageObject","inLanguage":"es","@id":"https:\/\/www.cannabis.es\/pw\/#\/schema\/person\/image\/","url":"https:\/\/secure.gravatar.com\/avatar\/810c93a3d6fadc3d9c2665b1d919a4aedea8ed4dd63689d001e985a804e90d83?s=96&d=mm&r=g","contentUrl":"https:\/\/secure.gravatar.com\/avatar\/810c93a3d6fadc3d9c2665b1d919a4aedea8ed4dd63689d001e985a804e90d83?s=96&d=mm&r=g","caption":"Cannabis.es"},"url":"https:\/\/www.cannabis.es\/pw\/author\/arnau\/"}]}},"_links":{"self":[{"href":"https:\/\/www.cannabis.es\/pw\/wp-json\/wp\/v2\/posts\/1485","targetHints":{"allow":["GET"]}}],"collection":[{"href":"https:\/\/www.cannabis.es\/pw\/wp-json\/wp\/v2\/posts"}],"about":[{"href":"https:\/\/www.cannabis.es\/pw\/wp-json\/wp\/v2\/types\/post"}],"author":[{"embeddable":true,"href":"https:\/\/www.cannabis.es\/pw\/wp-json\/wp\/v2\/users\/3"}],"replies":[{"embeddable":true,"href":"https:\/\/www.cannabis.es\/pw\/wp-json\/wp\/v2\/comments?post=1485"}],"version-history":[{"count":5,"href":"https:\/\/www.cannabis.es\/pw\/wp-json\/wp\/v2\/posts\/1485\/revisions"}],"predecessor-version":[{"id":5986,"href":"https:\/\/www.cannabis.es\/pw\/wp-json\/wp\/v2\/posts\/1485\/revisions\/5986"}],"wp:featuredmedia":[{"embeddable":true,"href":"https:\/\/www.cannabis.es\/pw\/wp-json\/wp\/v2\/media\/1486"}],"wp:attachment":[{"href":"https:\/\/www.cannabis.es\/pw\/wp-json\/wp\/v2\/media?parent=1485"}],"wp:term":[{"taxonomy":"category","embeddable":true,"href":"https:\/\/www.cannabis.es\/pw\/wp-json\/wp\/v2\/categories?post=1485"},{"taxonomy":"post_tag","embeddable":true,"href":"https:\/\/www.cannabis.es\/pw\/wp-json\/wp\/v2\/tags?post=1485"}],"curies":[{"name":"wp","href":"https:\/\/api.w.org\/{rel}","templated":true}]}}