{"id":1508,"date":"2019-06-07T11:47:42","date_gmt":"2019-06-07T09:47:42","guid":{"rendered":"http:\/\/www.cannabis.es\/pw\/?p=1508"},"modified":"2020-09-04T12:56:12","modified_gmt":"2020-09-04T10:56:12","slug":"reflexiones-al-estudiar-los-efectos-sociales-de-la-legalizacion","status":"publish","type":"post","link":"https:\/\/www.cannabis.es\/pw\/2019\/06\/07\/reflexiones-al-estudiar-los-efectos-sociales-de-la-legalizacion\/","title":{"rendered":"REFLEXIONES AL ESTUDIAR LOS EFECTOS SOCIALES DE LA LEGALIZACI\u00d3N"},"content":{"rendered":"<p><span style=\"color: #000000;\"><span style=\"font-family: Arial, sans-serif;\"><span style=\"font-size: small;\"><span style=\"font-weight: normal;\"><span style=\"background: transparent;\">Arnau Alcaide<\/span><\/span><\/span><\/span><\/span><\/p>\n<p><span style=\"color: #000000;\"><span style=\"font-family: Arial, sans-serif;\"><span style=\"font-size: small;\"><span style=\"font-weight: normal;\"><span style=\"background: transparent;\">El inter\u00e9s por los nuevos mercados del cannabis ha hecho florecer la investigaci\u00f3n medicinal de la planta en los \u00faltimos a\u00f1os.&nbsp;<\/span><\/span><\/span><\/span><\/span><span style=\"color: #000000;\"><span style=\"font-family: Arial, sans-serif;\"><span style=\"font-size: small;\"><span style=\"font-weight: normal;\"><span style=\"background: transparent;\">No obstante, son los avances regulatorios los que permiten nuevas evaluaciones de la legalizaci\u00f3n, que ahora arrojan correlaciones estad\u00edsticas para la reflexi\u00f3n<\/span><\/span><\/span><\/span><\/span><span style=\"color: #000000;\"><span style=\"font-family: Arial, sans-serif;\"><span style=\"font-size: small;\"><span style=\"font-weight: normal;\"><span style=\"background: transparent;\">: all\u00ed donde es legal, no crecer\u00eda o se reducir\u00eda la&nbsp;<\/span><\/span><\/span><\/span><\/span><a href=\"https:\/\/www.sciencedirect.com\/science\/article\/abs\/pii\/S0955395918301968?via=ihub\"><span style=\"color: #0000ff;\"><span style=\"font-family: Arial, sans-serif;\"><span style=\"font-size: small;\"><span style=\"text-decoration: underline;\"><span style=\"font-weight: normal;\"><span style=\"background: transparent;\">mortalidad laboral<\/span><\/span><\/span><\/span><\/span><\/span><\/a><span style=\"color: #000000;\"><span style=\"font-family: Arial, sans-serif;\"><span style=\"font-size: small;\"><span style=\"font-weight: normal;\"><span style=\"background: transparent;\">, y lo mismo ocurrir\u00eda con los&nbsp;<\/span><\/span><\/span><\/span><\/span><a href=\"https:\/\/www.tandfonline.com\/doi\/abs\/10.1080\/13811118.2019.1612803?journalCode=usui20\"><span style=\"color: #0000ff;\"><span style=\"font-family: Arial, sans-serif;\"><span style=\"font-size: small;\"><span style=\"text-decoration: underline;\"><span style=\"font-weight: normal;\"><span style=\"background: transparent;\">suicidios<\/span><\/span><\/span><\/span><\/span><\/span><\/a><span style=\"color: #000000;\"><span style=\"font-family: Arial, sans-serif;\"><span style=\"font-size: small;\"><span style=\"font-weight: normal;\"><span style=\"background: transparent;\">.<\/span><\/span><\/span><\/span><\/span><\/p>\n<hr id=\"system-readmore\" class=\"mceItemReadMore\">\n<p><span style=\"color: #000000;\"><span style=\"font-family: Arial, sans-serif;\"><span style=\"font-size: small;\"><span style=\"font-weight: normal;\"><span style=\"background: transparent;\">Apenas esbozos de conclusiones, la relevancia de estas&nbsp;<\/span><\/span><\/span><\/span><\/span><span style=\"color: #000000;\"><span style=\"font-family: Arial, sans-serif;\"><span style=\"font-size: small;\"><span style=\"font-weight: normal;\"><span style=\"background: transparent;\">nuevas<\/span><\/span><\/span><\/span><\/span><span style=\"color: #000000;\"><span style=\"font-family: Arial, sans-serif;\"><span style=\"font-size: small;\"><span style=\"font-weight: normal;\"><span style=\"background: transparent;\">&nbsp;investigaciones&nbsp;<\/span><\/span><\/span><\/span><\/span><span style=\"color: #000000;\"><span style=\"font-family: Arial, sans-serif;\"><span style=\"font-size: small;\"><span style=\"font-weight: normal;\"><span style=\"background: transparent;\">sociales<\/span><\/span><\/span><\/span><\/span><span style=\"color: #000000;\"><span style=\"font-family: Arial, sans-serif;\"><span style=\"font-size: small;\"><span style=\"font-weight: normal;\"><span style=\"background: transparent;\">&nbsp;puede poner en evidencia lo perjudicial del prohibicionismo tanto como los posibles beneficios de la marihuana. En una interpretaci\u00f3n r\u00e1pida,&nbsp;<\/span><\/span><\/span><\/span><\/span><span style=\"color: #000000;\"><span style=\"font-family: Arial, sans-serif;\"><span style=\"font-size: small;\"><b><span style=\"background: transparent;\">la posibilidad de consumir cannabis detraer\u00eda de comportamientos m\u00e1s perjudiciales<\/span><\/b><\/span><\/span><\/span><span style=\"color: #000000;\"><span style=\"font-family: Arial, sans-serif;\"><span style=\"font-size: small;\"><span style=\"font-weight: normal;\"><span style=\"background: transparent;\">&nbsp;tanto para los trabajadores como para quien potencialmente pudiera cometer sucidio. Tambi\u00e9n podr\u00eda existir una&nbsp;<\/span><\/span><\/span><\/span><\/span><span style=\"color: #000000;\"><span style=\"font-family: Arial, sans-serif;\"><span style=\"font-size: small;\"><b><span style=\"background: transparent;\">condici\u00f3n de alivio m\u00e1s satisfactoria y menos perjudicial con el consumo de cannabis frente al de otras sustancias psicoactivas como el alcohol o los antidepresivos<\/span><\/b><\/span><\/span><\/span><span style=\"color: #000000;\"><span style=\"font-family: Arial, sans-serif;\"><span style=\"font-size: small;\"><span style=\"font-weight: normal;\"><span style=\"background: transparent;\">.<\/span><\/span><\/span><\/span><\/span><\/p>\n<p>La creciente producci\u00f3n de conocimiento acerca del <span style=\"color: #ff6600;\"><em>cannabis<\/em> <em>en disciplinas sociales<\/em><\/span>, menos susceptible de generar ingresos directos que una aplicaci\u00f3n cient\u00edfico-t\u00e9cnica, se debe a la demanda regulatoria que existe en la sociedad y a la necesidad de an\u00e1lisis pol\u00edico y social en los pa\u00edses con una regulaci\u00f3n ya establecida. Hacia ellos mira la pol\u00edtica en el resto del mundo, con mayor o menor recelo.<\/p>\n<p>Cabe entender que el clima de opini\u00f3n acerca de esta planta es muy relevante de cara a la financiaci\u00f3n de la producci\u00f3n de conocimiento, dado que,&nbsp;<span style=\"color: #000000;\"><span style=\"font-family: Arial, sans-serif;\"><span style=\"font-size: small;\"><b><span style=\"background: transparent;\">ante un prohibicionismo imperante, los estudios se centran en aislar los potenciales efectos da\u00f1inos<\/span><\/b><\/span><\/span><\/span><span style=\"color: #000000;\"><span style=\"font-family: Arial, sans-serif;\"><span style=\"font-size: small;\"><span style=\"font-weight: normal;\"><span style=\"background: transparent;\">&nbsp;del consumo y la tasa de poblaci\u00f3n que lo hace, sin observar los efectos generados por la prohibici\u00f3n de la sustancia.<\/span><\/span><\/span><\/span><\/span><\/p>\n<p><span style=\"color: #000000;\"><span style=\"font-family: Arial, sans-serif;\"><span style=\"font-size: small;\"><span style=\"background: transparent;\">Son correlaciones estad\u00edsticas, s\u00ed, pero de mucho potencial, porque observan aspectos sociales de la regulaci\u00f3n hasta ahora omitidos y que, cada vez con mayor solidez, iremos viendo aparecer en otros estudios y pa\u00edses.<\/span><\/span><\/span><\/span><\/p>\n","protected":false},"excerpt":{"rendered":"<span class=\"span-reading-time rt-reading-time\" style=\"display: block;\"><span class=\"rt-label rt-prefix\">Tiempo de lectura:<\/span> <span class=\"rt-time\"> &lt; 1<\/span> <span class=\"rt-label rt-postfix\">minuto<\/span><\/span>El inter\u00e9s por los nuevos mercados del cannabis ha hecho florecer la investigaci\u00f3n medicinal de la planta en los \u00faltimos a\u00f1os.\u00a0No obstante, son los avances regulatorios los que permiten nuevas evaluaciones de la legalizaci\u00f3n, que ahora arrojan correlaciones estad\u00edsticas para la reflexi\u00f3n: all\u00ed donde es legal, no crecer\u00eda o se reducir\u00eda la\u00a0mortalidad laboral, y lo mismo ocurrir\u00eda con los\u00a0suicidios.","protected":false},"author":3,"featured_media":1510,"comment_status":"closed","ping_status":"closed","sticky":false,"template":"","format":"standard","meta":{"loftocean-featured-post":"","loftocean_post_format_gallery":"","loftocean_post_format_gallery_ids":"","loftocean_post_format_gallery_urls":"","loftocean_post_format_video_id":"","loftocean_post_format_video_url":"","loftocean_post_format_video_type":"","loftocean_post_format_video":"","loftocean_post_format_audio_type":"","loftocean_post_format_audio_url":"","loftocean_post_format_audio_id":"","loftocean_post_format_audio":"","loftocean_post_format_quote_text":"","loftocean_post_format_quote_byline":"","loftocean_post_format_link_text":"","loftocean_post_format_link_url":"","ceramag_post_header_style":"","ceramag_enable_background_video":"","ceramag_show_in_top_slider":"","ceramag_post_background_video_start":"","ceramag_post_background_video_end":"","loftocean_page_background_video_id":"","loftocean_page_background_video_url":"","loftocean_page_background_video_type":"","loftocean_page_background_video":"","ceramag_background_video_start":"","ceramag_background_video_end":"","ceramag_single_page_hide_header":"","footnotes":""},"categories":[35],"tags":[41,417,53,54,40,59],"class_list":["post-1508","post","type-post","status-publish","format-standard","has-post-thumbnail","hentry","category-politica-y-sociedad","tag-cannabis","tag-estudio","tag-investigacion","tag-legalizacion","tag-marihuana","tag-prohibicionismo"],"yoast_head":"<!-- This site is optimized with the Yoast SEO plugin v24.9 - https:\/\/yoast.com\/wordpress\/plugins\/seo\/ -->\n<title>REFLEXIONES AL ESTUDIAR LOS EFECTOS SOCIALES DE LA LEGALIZACI\u00d3N<\/title>\n<meta name=\"description\" content=\"Entrada &#8226; Portal multimedia sobre cannabis y otras sustancias &#8226; 7 junio, 2019\" \/>\n<meta name=\"robots\" content=\"index, follow, max-snippet:-1, max-image-preview:large, max-video-preview:-1\" \/>\n<link rel=\"canonical\" href=\"https:\/\/www.cannabis.es\/pw\/2019\/06\/07\/reflexiones-al-estudiar-los-efectos-sociales-de-la-legalizacion\/\" \/>\n<meta name=\"twitter:card\" content=\"summary_large_image\" \/>\n<meta name=\"twitter:title\" content=\"REFLEXIONES AL ESTUDIAR LOS EFECTOS SOCIALES DE LA LEGALIZACI\u00d3N\" \/>\n<meta name=\"twitter:description\" content=\"Entrada &#8226; Portal multimedia sobre cannabis y otras sustancias &#8226; 7 junio, 2019\" \/>\n<meta name=\"twitter:image\" content=\"https:\/\/www.cannabis.es\/pw\/wp-content\/uploads\/2019\/06\/portada-bienestar.jpg\" \/>\n<meta name=\"twitter:creator\" content=\"@cannabis_es\" \/>\n<meta name=\"twitter:site\" content=\"@cannabis_es\" \/>\n<meta name=\"twitter:label1\" content=\"Escrito por\" \/>\n\t<meta name=\"twitter:data1\" content=\"Cannabis.es\" \/>\n\t<meta name=\"twitter:label2\" content=\"Tiempo de lectura\" \/>\n\t<meta name=\"twitter:data2\" content=\"2 minutos\" \/>\n<script type=\"application\/ld+json\" class=\"yoast-schema-graph\">{\"@context\":\"https:\/\/schema.org\",\"@graph\":[{\"@type\":\"Article\",\"@id\":\"https:\/\/www.cannabis.es\/pw\/2019\/06\/07\/reflexiones-al-estudiar-los-efectos-sociales-de-la-legalizacion\/#article\",\"isPartOf\":{\"@id\":\"https:\/\/www.cannabis.es\/pw\/2019\/06\/07\/reflexiones-al-estudiar-los-efectos-sociales-de-la-legalizacion\/\"},\"author\":{\"name\":\"Cannabis.es\",\"@id\":\"https:\/\/www.cannabis.es\/pw\/#\/schema\/person\/ec770c03f3e99d770687f537f4ba1e89\"},\"headline\":\"REFLEXIONES AL ESTUDIAR LOS EFECTOS SOCIALES DE LA LEGALIZACI\u00d3N\",\"datePublished\":\"2019-06-07T09:47:42+00:00\",\"dateModified\":\"2020-09-04T10:56:12+00:00\",\"mainEntityOfPage\":{\"@id\":\"https:\/\/www.cannabis.es\/pw\/2019\/06\/07\/reflexiones-al-estudiar-los-efectos-sociales-de-la-legalizacion\/\"},\"wordCount\":360,\"publisher\":{\"@id\":\"https:\/\/www.cannabis.es\/pw\/#organization\"},\"image\":{\"@id\":\"https:\/\/www.cannabis.es\/pw\/2019\/06\/07\/reflexiones-al-estudiar-los-efectos-sociales-de-la-legalizacion\/#primaryimage\"},\"thumbnailUrl\":\"https:\/\/www.cannabis.es\/pw\/wp-content\/uploads\/2019\/06\/portada-bienestar.jpg\",\"keywords\":[\"cannabis\",\"estudio\",\"investigaci\u00f3n\",\"legalizaci\u00f3n\",\"marihuana\",\"prohibicionismo\"],\"articleSection\":[\"Pol\u00edtica y Sociedad\"],\"inLanguage\":\"es\"},{\"@type\":\"WebPage\",\"@id\":\"https:\/\/www.cannabis.es\/pw\/2019\/06\/07\/reflexiones-al-estudiar-los-efectos-sociales-de-la-legalizacion\/\",\"url\":\"https:\/\/www.cannabis.es\/pw\/2019\/06\/07\/reflexiones-al-estudiar-los-efectos-sociales-de-la-legalizacion\/\",\"name\":\"REFLEXIONES AL ESTUDIAR LOS EFECTOS SOCIALES DE LA LEGALIZACI\u00d3N\",\"isPartOf\":{\"@id\":\"https:\/\/www.cannabis.es\/pw\/#website\"},\"primaryImageOfPage\":{\"@id\":\"https:\/\/www.cannabis.es\/pw\/2019\/06\/07\/reflexiones-al-estudiar-los-efectos-sociales-de-la-legalizacion\/#primaryimage\"},\"image\":{\"@id\":\"https:\/\/www.cannabis.es\/pw\/2019\/06\/07\/reflexiones-al-estudiar-los-efectos-sociales-de-la-legalizacion\/#primaryimage\"},\"thumbnailUrl\":\"https:\/\/www.cannabis.es\/pw\/wp-content\/uploads\/2019\/06\/portada-bienestar.jpg\",\"datePublished\":\"2019-06-07T09:47:42+00:00\",\"dateModified\":\"2020-09-04T10:56:12+00:00\",\"description\":\"Entrada &#8226; Portal multimedia sobre cannabis y otras sustancias &#8226; 7 junio, 2019\",\"breadcrumb\":{\"@id\":\"https:\/\/www.cannabis.es\/pw\/2019\/06\/07\/reflexiones-al-estudiar-los-efectos-sociales-de-la-legalizacion\/#breadcrumb\"},\"inLanguage\":\"es\",\"potentialAction\":[{\"@type\":\"ReadAction\",\"target\":[\"https:\/\/www.cannabis.es\/pw\/2019\/06\/07\/reflexiones-al-estudiar-los-efectos-sociales-de-la-legalizacion\/\"]}]},{\"@type\":\"ImageObject\",\"inLanguage\":\"es\",\"@id\":\"https:\/\/www.cannabis.es\/pw\/2019\/06\/07\/reflexiones-al-estudiar-los-efectos-sociales-de-la-legalizacion\/#primaryimage\",\"url\":\"https:\/\/www.cannabis.es\/pw\/wp-content\/uploads\/2019\/06\/portada-bienestar.jpg\",\"contentUrl\":\"https:\/\/www.cannabis.es\/pw\/wp-content\/uploads\/2019\/06\/portada-bienestar.jpg\",\"width\":959,\"height\":475},{\"@type\":\"BreadcrumbList\",\"@id\":\"https:\/\/www.cannabis.es\/pw\/2019\/06\/07\/reflexiones-al-estudiar-los-efectos-sociales-de-la-legalizacion\/#breadcrumb\",\"itemListElement\":[{\"@type\":\"ListItem\",\"position\":1,\"name\":\"Portada\",\"item\":\"http:\/\/www.cannabis.es\/pw\/\"},{\"@type\":\"ListItem\",\"position\":2,\"name\":\"REFLEXIONES AL ESTUDIAR LOS EFECTOS SOCIALES DE LA LEGALIZACI\u00d3N\"}]},{\"@type\":\"WebSite\",\"@id\":\"https:\/\/www.cannabis.es\/pw\/#website\",\"url\":\"https:\/\/www.cannabis.es\/pw\/\",\"name\":\"Cannabis\",\"description\":\"Portal multimedia sobre cannabis y otras sustancias\",\"publisher\":{\"@id\":\"https:\/\/www.cannabis.es\/pw\/#organization\"},\"potentialAction\":[{\"@type\":\"SearchAction\",\"target\":{\"@type\":\"EntryPoint\",\"urlTemplate\":\"https:\/\/www.cannabis.es\/pw\/?s={search_term_string}\"},\"query-input\":{\"@type\":\"PropertyValueSpecification\",\"valueRequired\":true,\"valueName\":\"search_term_string\"}}],\"inLanguage\":\"es\"},{\"@type\":\"Organization\",\"@id\":\"https:\/\/www.cannabis.es\/pw\/#organization\",\"name\":\"Cannabis.es\",\"url\":\"https:\/\/www.cannabis.es\/pw\/\",\"logo\":{\"@type\":\"ImageObject\",\"inLanguage\":\"es\",\"@id\":\"https:\/\/www.cannabis.es\/pw\/#\/schema\/logo\/image\/\",\"url\":\"https:\/\/www.cannabis.es\/pw\/wp-content\/uploads\/2019\/04\/cropped-logo_cannabis.png\",\"contentUrl\":\"https:\/\/www.cannabis.es\/pw\/wp-content\/uploads\/2019\/04\/cropped-logo_cannabis.png\",\"width\":361,\"height\":120,\"caption\":\"Cannabis.es\"},\"image\":{\"@id\":\"https:\/\/www.cannabis.es\/pw\/#\/schema\/logo\/image\/\"},\"sameAs\":[\"https:\/\/x.com\/cannabis_es\"]},{\"@type\":\"Person\",\"@id\":\"https:\/\/www.cannabis.es\/pw\/#\/schema\/person\/ec770c03f3e99d770687f537f4ba1e89\",\"name\":\"Cannabis.es\",\"image\":{\"@type\":\"ImageObject\",\"inLanguage\":\"es\",\"@id\":\"https:\/\/www.cannabis.es\/pw\/#\/schema\/person\/image\/\",\"url\":\"https:\/\/secure.gravatar.com\/avatar\/810c93a3d6fadc3d9c2665b1d919a4aedea8ed4dd63689d001e985a804e90d83?s=96&d=mm&r=g\",\"contentUrl\":\"https:\/\/secure.gravatar.com\/avatar\/810c93a3d6fadc3d9c2665b1d919a4aedea8ed4dd63689d001e985a804e90d83?s=96&d=mm&r=g\",\"caption\":\"Cannabis.es\"},\"url\":\"https:\/\/www.cannabis.es\/pw\/author\/arnau\/\"}]}<\/script>\n<!-- \/ Yoast SEO plugin. -->","yoast_head_json":{"title":"REFLEXIONES AL ESTUDIAR LOS EFECTOS SOCIALES DE LA LEGALIZACI\u00d3N","description":"Entrada &#8226; Portal multimedia sobre cannabis y otras sustancias &#8226; 7 junio, 2019","robots":{"index":"index","follow":"follow","max-snippet":"max-snippet:-1","max-image-preview":"max-image-preview:large","max-video-preview":"max-video-preview:-1"},"canonical":"https:\/\/www.cannabis.es\/pw\/2019\/06\/07\/reflexiones-al-estudiar-los-efectos-sociales-de-la-legalizacion\/","twitter_card":"summary_large_image","twitter_title":"REFLEXIONES AL ESTUDIAR LOS EFECTOS SOCIALES DE LA LEGALIZACI\u00d3N","twitter_description":"Entrada &#8226; Portal multimedia sobre cannabis y otras sustancias &#8226; 7 junio, 2019","twitter_image":"https:\/\/www.cannabis.es\/pw\/wp-content\/uploads\/2019\/06\/portada-bienestar.jpg","twitter_creator":"@cannabis_es","twitter_site":"@cannabis_es","twitter_misc":{"Escrito por":"Cannabis.es","Tiempo de lectura":"2 minutos"},"schema":{"@context":"https:\/\/schema.org","@graph":[{"@type":"Article","@id":"https:\/\/www.cannabis.es\/pw\/2019\/06\/07\/reflexiones-al-estudiar-los-efectos-sociales-de-la-legalizacion\/#article","isPartOf":{"@id":"https:\/\/www.cannabis.es\/pw\/2019\/06\/07\/reflexiones-al-estudiar-los-efectos-sociales-de-la-legalizacion\/"},"author":{"name":"Cannabis.es","@id":"https:\/\/www.cannabis.es\/pw\/#\/schema\/person\/ec770c03f3e99d770687f537f4ba1e89"},"headline":"REFLEXIONES AL ESTUDIAR LOS EFECTOS SOCIALES DE LA LEGALIZACI\u00d3N","datePublished":"2019-06-07T09:47:42+00:00","dateModified":"2020-09-04T10:56:12+00:00","mainEntityOfPage":{"@id":"https:\/\/www.cannabis.es\/pw\/2019\/06\/07\/reflexiones-al-estudiar-los-efectos-sociales-de-la-legalizacion\/"},"wordCount":360,"publisher":{"@id":"https:\/\/www.cannabis.es\/pw\/#organization"},"image":{"@id":"https:\/\/www.cannabis.es\/pw\/2019\/06\/07\/reflexiones-al-estudiar-los-efectos-sociales-de-la-legalizacion\/#primaryimage"},"thumbnailUrl":"https:\/\/www.cannabis.es\/pw\/wp-content\/uploads\/2019\/06\/portada-bienestar.jpg","keywords":["cannabis","estudio","investigaci\u00f3n","legalizaci\u00f3n","marihuana","prohibicionismo"],"articleSection":["Pol\u00edtica y Sociedad"],"inLanguage":"es"},{"@type":"WebPage","@id":"https:\/\/www.cannabis.es\/pw\/2019\/06\/07\/reflexiones-al-estudiar-los-efectos-sociales-de-la-legalizacion\/","url":"https:\/\/www.cannabis.es\/pw\/2019\/06\/07\/reflexiones-al-estudiar-los-efectos-sociales-de-la-legalizacion\/","name":"REFLEXIONES AL ESTUDIAR LOS EFECTOS SOCIALES DE LA LEGALIZACI\u00d3N","isPartOf":{"@id":"https:\/\/www.cannabis.es\/pw\/#website"},"primaryImageOfPage":{"@id":"https:\/\/www.cannabis.es\/pw\/2019\/06\/07\/reflexiones-al-estudiar-los-efectos-sociales-de-la-legalizacion\/#primaryimage"},"image":{"@id":"https:\/\/www.cannabis.es\/pw\/2019\/06\/07\/reflexiones-al-estudiar-los-efectos-sociales-de-la-legalizacion\/#primaryimage"},"thumbnailUrl":"https:\/\/www.cannabis.es\/pw\/wp-content\/uploads\/2019\/06\/portada-bienestar.jpg","datePublished":"2019-06-07T09:47:42+00:00","dateModified":"2020-09-04T10:56:12+00:00","description":"Entrada &#8226; Portal multimedia sobre cannabis y otras sustancias &#8226; 7 junio, 2019","breadcrumb":{"@id":"https:\/\/www.cannabis.es\/pw\/2019\/06\/07\/reflexiones-al-estudiar-los-efectos-sociales-de-la-legalizacion\/#breadcrumb"},"inLanguage":"es","potentialAction":[{"@type":"ReadAction","target":["https:\/\/www.cannabis.es\/pw\/2019\/06\/07\/reflexiones-al-estudiar-los-efectos-sociales-de-la-legalizacion\/"]}]},{"@type":"ImageObject","inLanguage":"es","@id":"https:\/\/www.cannabis.es\/pw\/2019\/06\/07\/reflexiones-al-estudiar-los-efectos-sociales-de-la-legalizacion\/#primaryimage","url":"https:\/\/www.cannabis.es\/pw\/wp-content\/uploads\/2019\/06\/portada-bienestar.jpg","contentUrl":"https:\/\/www.cannabis.es\/pw\/wp-content\/uploads\/2019\/06\/portada-bienestar.jpg","width":959,"height":475},{"@type":"BreadcrumbList","@id":"https:\/\/www.cannabis.es\/pw\/2019\/06\/07\/reflexiones-al-estudiar-los-efectos-sociales-de-la-legalizacion\/#breadcrumb","itemListElement":[{"@type":"ListItem","position":1,"name":"Portada","item":"http:\/\/www.cannabis.es\/pw\/"},{"@type":"ListItem","position":2,"name":"REFLEXIONES AL ESTUDIAR LOS EFECTOS SOCIALES DE LA LEGALIZACI\u00d3N"}]},{"@type":"WebSite","@id":"https:\/\/www.cannabis.es\/pw\/#website","url":"https:\/\/www.cannabis.es\/pw\/","name":"Cannabis","description":"Portal multimedia sobre cannabis y otras sustancias","publisher":{"@id":"https:\/\/www.cannabis.es\/pw\/#organization"},"potentialAction":[{"@type":"SearchAction","target":{"@type":"EntryPoint","urlTemplate":"https:\/\/www.cannabis.es\/pw\/?s={search_term_string}"},"query-input":{"@type":"PropertyValueSpecification","valueRequired":true,"valueName":"search_term_string"}}],"inLanguage":"es"},{"@type":"Organization","@id":"https:\/\/www.cannabis.es\/pw\/#organization","name":"Cannabis.es","url":"https:\/\/www.cannabis.es\/pw\/","logo":{"@type":"ImageObject","inLanguage":"es","@id":"https:\/\/www.cannabis.es\/pw\/#\/schema\/logo\/image\/","url":"https:\/\/www.cannabis.es\/pw\/wp-content\/uploads\/2019\/04\/cropped-logo_cannabis.png","contentUrl":"https:\/\/www.cannabis.es\/pw\/wp-content\/uploads\/2019\/04\/cropped-logo_cannabis.png","width":361,"height":120,"caption":"Cannabis.es"},"image":{"@id":"https:\/\/www.cannabis.es\/pw\/#\/schema\/logo\/image\/"},"sameAs":["https:\/\/x.com\/cannabis_es"]},{"@type":"Person","@id":"https:\/\/www.cannabis.es\/pw\/#\/schema\/person\/ec770c03f3e99d770687f537f4ba1e89","name":"Cannabis.es","image":{"@type":"ImageObject","inLanguage":"es","@id":"https:\/\/www.cannabis.es\/pw\/#\/schema\/person\/image\/","url":"https:\/\/secure.gravatar.com\/avatar\/810c93a3d6fadc3d9c2665b1d919a4aedea8ed4dd63689d001e985a804e90d83?s=96&d=mm&r=g","contentUrl":"https:\/\/secure.gravatar.com\/avatar\/810c93a3d6fadc3d9c2665b1d919a4aedea8ed4dd63689d001e985a804e90d83?s=96&d=mm&r=g","caption":"Cannabis.es"},"url":"https:\/\/www.cannabis.es\/pw\/author\/arnau\/"}]}},"_links":{"self":[{"href":"https:\/\/www.cannabis.es\/pw\/wp-json\/wp\/v2\/posts\/1508","targetHints":{"allow":["GET"]}}],"collection":[{"href":"https:\/\/www.cannabis.es\/pw\/wp-json\/wp\/v2\/posts"}],"about":[{"href":"https:\/\/www.cannabis.es\/pw\/wp-json\/wp\/v2\/types\/post"}],"author":[{"embeddable":true,"href":"https:\/\/www.cannabis.es\/pw\/wp-json\/wp\/v2\/users\/3"}],"replies":[{"embeddable":true,"href":"https:\/\/www.cannabis.es\/pw\/wp-json\/wp\/v2\/comments?post=1508"}],"version-history":[{"count":3,"href":"https:\/\/www.cannabis.es\/pw\/wp-json\/wp\/v2\/posts\/1508\/revisions"}],"predecessor-version":[{"id":5985,"href":"https:\/\/www.cannabis.es\/pw\/wp-json\/wp\/v2\/posts\/1508\/revisions\/5985"}],"wp:featuredmedia":[{"embeddable":true,"href":"https:\/\/www.cannabis.es\/pw\/wp-json\/wp\/v2\/media\/1510"}],"wp:attachment":[{"href":"https:\/\/www.cannabis.es\/pw\/wp-json\/wp\/v2\/media?parent=1508"}],"wp:term":[{"taxonomy":"category","embeddable":true,"href":"https:\/\/www.cannabis.es\/pw\/wp-json\/wp\/v2\/categories?post=1508"},{"taxonomy":"post_tag","embeddable":true,"href":"https:\/\/www.cannabis.es\/pw\/wp-json\/wp\/v2\/tags?post=1508"}],"curies":[{"name":"wp","href":"https:\/\/api.w.org\/{rel}","templated":true}]}}