{"id":1534,"date":"2019-07-05T13:40:47","date_gmt":"2019-07-05T11:40:47","guid":{"rendered":"http:\/\/www.cannabis.es\/pw\/?p=1534"},"modified":"2020-08-31T12:06:09","modified_gmt":"2020-08-31T10:06:09","slug":"suiza-se-propone-legalizar-recetar-cannabis-y-estudiar-el-recreativo","status":"publish","type":"post","link":"https:\/\/www.cannabis.es\/pw\/2019\/07\/05\/suiza-se-propone-legalizar-recetar-cannabis-y-estudiar-el-recreativo\/","title":{"rendered":"SUIZA SE PROPONE LEGALIZAR RECETAR CANNABIS Y ESTUDIAR EL RECREATIVO"},"content":{"rendered":"<p>Benito D\u00edaz<\/p>\n<p>El pa\u00eds helv\u00e9tico est\u00e1 de enhorabuena. Dos propuestas abren camino a la ola legalizadora que recorre el mundo. Este mes, nos enter\u00e1bamos de que el parlamento suizo estudia regular tanto el cannabis terap\u00e9utico como el recreativo.<\/p>\n<p>Dos propuestas sobre la mesa: por un lado, permitir la prescripci\u00f3n de cannabis para tratar a personas que sufren c\u00e1ncer u otras enfermedades graves. Por el otro, el programa piloto para poner a prueba las nuevas leyes que permitir\u00edan el consumo recreativo.<\/p>\n<h3><b>CANNABIS&nbsp;<\/b><b>T<\/b><b>ERAP\u00c9UTICO<\/b><\/h3>\n<p>El jueves 28 de Febrero, la Oficina Federal de Salud P\u00fablica, lanz\u00f3 una propuesta de enmienda en la ley de 1951 que proh\u00edbe el consumo de cannabis, ante el Parlamento Federal.<\/p>\n<p><em>\u00abLa propuesta hace posible que los m\u00e9dicos puedan prescribir directamente el cannabis como parte de su tratamiento\u00bb<\/em><i>,<\/i>&nbsp;inform\u00f3 el gabinete suizo en un comunicado<i>.&nbsp;<\/i><em>\u00abEl mayor obst\u00e1culo para el reembolso autom\u00e1tico [la inclusi\u00f3n de la Cannabis en el sistema Sanitario] es que la evidencia cient\u00edfica de la eficacia a\u00fan no es suficiente y las conclusiones de los estudios existentes a veces son contradictorias\u00bb<\/em><i>.<\/i><\/p>\n<p><em>\u00abEl cultivo y el procesamiento de cannabis medicinal, as\u00ed como su venta, ser\u00edan posibles bajo un sistema regulado\u00bb<\/em><i>,<\/i>&nbsp;asegur\u00f3 otra notificaci\u00f3n de Swissmedic, la agencia reguladora de medicamentos del pa\u00eds.<\/p>\n<p>La eficacia del&nbsp;cannabis en el tratamiento de enfermedades reurop\u00e1ticas y oncol\u00f3gicas ha sido demostrada en diferentes estudios cient\u00edficos por ejemplo&nbsp;como&nbsp;los&nbsp;<a href=\"http:\/\/www.cannabis.es\/pw\/2018\/10\/29\/cannabis-droga-o-farmaco\/\">del Profesor Manuel Guzm\u00e1n<\/a>, o los prometedores estudios sobre animales del Profesor Carlos Goicoechea, relacionados con&nbsp;<a href=\"http:\/\/www.cannabis.es\/pw\/2019\/03\/11\/cannabis-medicinal-en-el-control-del-dolor-cronico\/\">el control del dolor<\/a>&nbsp;mediante la aplicaci\u00f3n de Cannabinoides.<\/p>\n<p>La Oficina Federal de Salud suiza lanzar\u00e1 un proyecto de evaluaci\u00f3n para ayudar a responder preguntas, abriendo un per\u00edodo de respuesta hasta mediados del mes de Octubre. Se habilitar\u00e1 un cuestionario para los enfermos seleccionados, con tal de averiguar si el medicamento es eficaz y sobre qu\u00e9 condiciones, seg\u00fan explicaba el comunicado oficial.<\/p>\n<h3><b>CANNABIS&nbsp;<\/b><b>R<\/b><b>ECREATIVO<\/b><\/h3>\n<p>La marihuana es uno de los productos prohibidos m\u00e1s consumidos en el mercado negro helv\u00e9tico y ha experimentado un gran crecimiento en los \u00faltimos a\u00f1os. A pesar de estar prohibido, m\u00e1s de 20.000 personas en Suiza consumen cannabis, seg\u00fan los datos barajados por Reuters.<\/p>\n<p>En la actualidad, es posible conseguir marihuana en grandes supermercados suizos; eso s\u00ed, con un porcentaje menor o igual al 1% de THC. Adem\u00e1s, desde 2013, las personas que sean sorprendidas con una&nbsp;<b>cantidad menor de 10g de&nbsp;<\/b><b>c<\/b><b>annabis<\/b>&nbsp;solo tendr\u00edan que enfrentarse a una&nbsp;<b>sanci\u00f3n administrativa de 85 euros<\/b>, una cantidad muy inferior a la misma sanci\u00f3n si se aplicase en nuestro pa\u00eds, por ejemplo.<\/p>\n<p>Ante el desarrollo del consumo y de los consumidores de cannabis suizos, el Parlamento Federal ha decidido dar luz verde a una prueba que examine la posible aplicaci\u00f3n de leyes para su regularizaci\u00f3n en el \u00e1mbito recreativo. Ya en 2018, el Canciller suizo Walter Thurnherr afirmaba que&nbsp;<em>\u201cel mercado negro est\u00e1 floreciendo y no se puede garantizar la seguridad de los consumidores debido a la falta de control de calidad\u201d<\/em>.<\/p>\n<p>El proyecto piloto consistir\u00eda en seleccionar grupos de personas mayores de edad que se demuestren consumidoras, de no m\u00e1s de 5000 individuos, seg\u00fan el proyecto legal presentado, sin aclarar si ese n\u00famero se refiere a cada localidad o cant\u00f3n, o al total nacional.<\/p>\n<p>A \u00e9stos se les dotar\u00eda de un permiso especial para consumir&nbsp;cannabis. \u00c9stos participantes tendr\u00edan derecho a adquirir una cantidad limitada de la planta, hasta un m\u00e1ximo de 10 gramos mensuales de THC, seg\u00fan la Oficina Federal en la&nbsp;<a href=\"https:\/\/www.bag.admin.ch\/bag\/en\/home.html\">web oficial del Gobierno.<\/a><\/p>\n<p>Los estudios se podr\u00edan alargar hasta los cinco a\u00f1os y se limitar\u00edan solo a determinadas localidades interesadas en albergar estos proyectos pioneros, entre ellas Z\u00farich, Ginebra o Basilea. Una vez concluidos,&nbsp;<b>el an\u00e1lisis de los resultados decidir\u00eda si deben aplicarse medidas de regularizaci\u00f3n<\/b>&nbsp;o flexibilizar las vigentes leyes prohibicionistas.<\/p>\n<p>Dos medidas para la regularizaci\u00f3n del&nbsp;cannabis soplan frescas sobre los consumidores alpinos, aires de libertad para un pa\u00eds que se adhiere al grupo&nbsp;<a href=\"http:\/\/www.cannabis.es\/pw\/2018\/12\/21\/luxemburgo-ultima-detalles-para-la-legalizacion\/\">formado por Portugal<\/a>, Rep\u00fablica Checa y&nbsp;<a href=\"https:\/\/www.cannabis.es\/web\/features\/articulos\/842-luxemburgo-ultima-detalles-para-la-legalizacion\">pr\u00f3ximamente, Luxemburgo<\/a>.<\/p>\n","protected":false},"excerpt":{"rendered":"<span class=\"span-reading-time rt-reading-time\" style=\"display: block;\"><span class=\"rt-label rt-prefix\">Tiempo de lectura:<\/span> <span class=\"rt-time\"> 3<\/span> <span class=\"rt-label rt-postfix\">minutos<\/span><\/span>Dos propuestas abren camino en Suiza a la ola legalizadora que recorre el mundo. Este mes, nos enter\u00e1bamos de que el parlamento suizo estudia regular tanto el cannabis terap\u00e9utico como el recreativo.","protected":false},"author":3,"featured_media":1535,"comment_status":"closed","ping_status":"closed","sticky":false,"template":"","format":"standard","meta":{"loftocean-featured-post":"","loftocean_post_format_gallery":"","loftocean_post_format_gallery_ids":"","loftocean_post_format_gallery_urls":"","loftocean_post_format_video_id":"","loftocean_post_format_video_url":"","loftocean_post_format_video_type":"","loftocean_post_format_video":"","loftocean_post_format_audio_type":"","loftocean_post_format_audio_url":"","loftocean_post_format_audio_id":"","loftocean_post_format_audio":"","loftocean_post_format_quote_text":"","loftocean_post_format_quote_byline":"","loftocean_post_format_link_text":"","loftocean_post_format_link_url":"","ceramag_post_header_style":"","ceramag_enable_background_video":"","ceramag_show_in_top_slider":"","ceramag_post_background_video_start":"","ceramag_post_background_video_end":"","loftocean_page_background_video_id":"","loftocean_page_background_video_url":"","loftocean_page_background_video_type":"","loftocean_page_background_video":"","ceramag_background_video_start":"","ceramag_background_video_end":"","ceramag_single_page_hide_header":"","footnotes":""},"categories":[35],"tags":[43,41,54,40,55],"class_list":["post-1534","post","type-post","status-publish","format-standard","has-post-thumbnail","hentry","category-politica-y-sociedad","tag-benito-diaz","tag-cannabis","tag-legalizacion","tag-marihuana","tag-regulacion"],"yoast_head":"<!-- This site is optimized with the Yoast SEO plugin v24.9 - https:\/\/yoast.com\/wordpress\/plugins\/seo\/ -->\n<title>SUIZA SE PROPONE LEGALIZAR RECETAR CANNABIS Y ESTUDIAR EL RECREATIVO<\/title>\n<meta name=\"description\" content=\"Entrada &#8226; Portal multimedia sobre cannabis y otras sustancias &#8226; 5 julio, 2019\" \/>\n<meta name=\"robots\" content=\"index, follow, max-snippet:-1, max-image-preview:large, max-video-preview:-1\" \/>\n<link rel=\"canonical\" href=\"https:\/\/www.cannabis.es\/pw\/2019\/07\/05\/suiza-se-propone-legalizar-recetar-cannabis-y-estudiar-el-recreativo\/\" \/>\n<meta name=\"twitter:card\" content=\"summary_large_image\" \/>\n<meta name=\"twitter:title\" content=\"SUIZA SE PROPONE LEGALIZAR RECETAR CANNABIS Y ESTUDIAR EL RECREATIVO\" \/>\n<meta name=\"twitter:description\" content=\"Entrada &#8226; Portal multimedia sobre cannabis y otras sustancias &#8226; 5 julio, 2019\" \/>\n<meta name=\"twitter:image\" content=\"https:\/\/www.cannabis.es\/pw\/wp-content\/uploads\/2019\/07\/Suiza-medicinal-ludica.jpg\" \/>\n<meta name=\"twitter:creator\" content=\"@cannabis_es\" \/>\n<meta name=\"twitter:site\" content=\"@cannabis_es\" \/>\n<meta name=\"twitter:label1\" content=\"Escrito por\" \/>\n\t<meta name=\"twitter:data1\" content=\"Cannabis.es\" \/>\n\t<meta name=\"twitter:label2\" content=\"Tiempo de lectura\" \/>\n\t<meta name=\"twitter:data2\" content=\"4 minutos\" \/>\n<script type=\"application\/ld+json\" class=\"yoast-schema-graph\">{\"@context\":\"https:\/\/schema.org\",\"@graph\":[{\"@type\":\"Article\",\"@id\":\"https:\/\/www.cannabis.es\/pw\/2019\/07\/05\/suiza-se-propone-legalizar-recetar-cannabis-y-estudiar-el-recreativo\/#article\",\"isPartOf\":{\"@id\":\"https:\/\/www.cannabis.es\/pw\/2019\/07\/05\/suiza-se-propone-legalizar-recetar-cannabis-y-estudiar-el-recreativo\/\"},\"author\":{\"name\":\"Cannabis.es\",\"@id\":\"https:\/\/www.cannabis.es\/pw\/#\/schema\/person\/ec770c03f3e99d770687f537f4ba1e89\"},\"headline\":\"SUIZA SE PROPONE LEGALIZAR RECETAR CANNABIS Y ESTUDIAR EL RECREATIVO\",\"datePublished\":\"2019-07-05T11:40:47+00:00\",\"dateModified\":\"2020-08-31T10:06:09+00:00\",\"mainEntityOfPage\":{\"@id\":\"https:\/\/www.cannabis.es\/pw\/2019\/07\/05\/suiza-se-propone-legalizar-recetar-cannabis-y-estudiar-el-recreativo\/\"},\"wordCount\":743,\"publisher\":{\"@id\":\"https:\/\/www.cannabis.es\/pw\/#organization\"},\"image\":{\"@id\":\"https:\/\/www.cannabis.es\/pw\/2019\/07\/05\/suiza-se-propone-legalizar-recetar-cannabis-y-estudiar-el-recreativo\/#primaryimage\"},\"thumbnailUrl\":\"https:\/\/www.cannabis.es\/pw\/wp-content\/uploads\/2019\/07\/Suiza-medicinal-ludica.jpg\",\"keywords\":[\"Benito D\u00edaz\",\"cannabis\",\"legalizaci\u00f3n\",\"marihuana\",\"regulaci\u00f3n\"],\"articleSection\":[\"Pol\u00edtica y Sociedad\"],\"inLanguage\":\"es\"},{\"@type\":\"WebPage\",\"@id\":\"https:\/\/www.cannabis.es\/pw\/2019\/07\/05\/suiza-se-propone-legalizar-recetar-cannabis-y-estudiar-el-recreativo\/\",\"url\":\"https:\/\/www.cannabis.es\/pw\/2019\/07\/05\/suiza-se-propone-legalizar-recetar-cannabis-y-estudiar-el-recreativo\/\",\"name\":\"SUIZA SE PROPONE LEGALIZAR RECETAR CANNABIS Y ESTUDIAR EL RECREATIVO\",\"isPartOf\":{\"@id\":\"https:\/\/www.cannabis.es\/pw\/#website\"},\"primaryImageOfPage\":{\"@id\":\"https:\/\/www.cannabis.es\/pw\/2019\/07\/05\/suiza-se-propone-legalizar-recetar-cannabis-y-estudiar-el-recreativo\/#primaryimage\"},\"image\":{\"@id\":\"https:\/\/www.cannabis.es\/pw\/2019\/07\/05\/suiza-se-propone-legalizar-recetar-cannabis-y-estudiar-el-recreativo\/#primaryimage\"},\"thumbnailUrl\":\"https:\/\/www.cannabis.es\/pw\/wp-content\/uploads\/2019\/07\/Suiza-medicinal-ludica.jpg\",\"datePublished\":\"2019-07-05T11:40:47+00:00\",\"dateModified\":\"2020-08-31T10:06:09+00:00\",\"description\":\"Entrada &#8226; Portal multimedia sobre cannabis y otras sustancias &#8226; 5 julio, 2019\",\"breadcrumb\":{\"@id\":\"https:\/\/www.cannabis.es\/pw\/2019\/07\/05\/suiza-se-propone-legalizar-recetar-cannabis-y-estudiar-el-recreativo\/#breadcrumb\"},\"inLanguage\":\"es\",\"potentialAction\":[{\"@type\":\"ReadAction\",\"target\":[\"https:\/\/www.cannabis.es\/pw\/2019\/07\/05\/suiza-se-propone-legalizar-recetar-cannabis-y-estudiar-el-recreativo\/\"]}]},{\"@type\":\"ImageObject\",\"inLanguage\":\"es\",\"@id\":\"https:\/\/www.cannabis.es\/pw\/2019\/07\/05\/suiza-se-propone-legalizar-recetar-cannabis-y-estudiar-el-recreativo\/#primaryimage\",\"url\":\"https:\/\/www.cannabis.es\/pw\/wp-content\/uploads\/2019\/07\/Suiza-medicinal-ludica.jpg\",\"contentUrl\":\"https:\/\/www.cannabis.es\/pw\/wp-content\/uploads\/2019\/07\/Suiza-medicinal-ludica.jpg\",\"width\":959,\"height\":475},{\"@type\":\"BreadcrumbList\",\"@id\":\"https:\/\/www.cannabis.es\/pw\/2019\/07\/05\/suiza-se-propone-legalizar-recetar-cannabis-y-estudiar-el-recreativo\/#breadcrumb\",\"itemListElement\":[{\"@type\":\"ListItem\",\"position\":1,\"name\":\"Portada\",\"item\":\"http:\/\/www.cannabis.es\/pw\/\"},{\"@type\":\"ListItem\",\"position\":2,\"name\":\"SUIZA SE PROPONE LEGALIZAR RECETAR CANNABIS Y ESTUDIAR EL RECREATIVO\"}]},{\"@type\":\"WebSite\",\"@id\":\"https:\/\/www.cannabis.es\/pw\/#website\",\"url\":\"https:\/\/www.cannabis.es\/pw\/\",\"name\":\"Cannabis\",\"description\":\"Portal multimedia sobre cannabis y otras sustancias\",\"publisher\":{\"@id\":\"https:\/\/www.cannabis.es\/pw\/#organization\"},\"potentialAction\":[{\"@type\":\"SearchAction\",\"target\":{\"@type\":\"EntryPoint\",\"urlTemplate\":\"https:\/\/www.cannabis.es\/pw\/?s={search_term_string}\"},\"query-input\":{\"@type\":\"PropertyValueSpecification\",\"valueRequired\":true,\"valueName\":\"search_term_string\"}}],\"inLanguage\":\"es\"},{\"@type\":\"Organization\",\"@id\":\"https:\/\/www.cannabis.es\/pw\/#organization\",\"name\":\"Cannabis.es\",\"url\":\"https:\/\/www.cannabis.es\/pw\/\",\"logo\":{\"@type\":\"ImageObject\",\"inLanguage\":\"es\",\"@id\":\"https:\/\/www.cannabis.es\/pw\/#\/schema\/logo\/image\/\",\"url\":\"https:\/\/www.cannabis.es\/pw\/wp-content\/uploads\/2019\/04\/cropped-logo_cannabis.png\",\"contentUrl\":\"https:\/\/www.cannabis.es\/pw\/wp-content\/uploads\/2019\/04\/cropped-logo_cannabis.png\",\"width\":361,\"height\":120,\"caption\":\"Cannabis.es\"},\"image\":{\"@id\":\"https:\/\/www.cannabis.es\/pw\/#\/schema\/logo\/image\/\"},\"sameAs\":[\"https:\/\/x.com\/cannabis_es\"]},{\"@type\":\"Person\",\"@id\":\"https:\/\/www.cannabis.es\/pw\/#\/schema\/person\/ec770c03f3e99d770687f537f4ba1e89\",\"name\":\"Cannabis.es\",\"image\":{\"@type\":\"ImageObject\",\"inLanguage\":\"es\",\"@id\":\"https:\/\/www.cannabis.es\/pw\/#\/schema\/person\/image\/\",\"url\":\"https:\/\/secure.gravatar.com\/avatar\/810c93a3d6fadc3d9c2665b1d919a4aedea8ed4dd63689d001e985a804e90d83?s=96&d=mm&r=g\",\"contentUrl\":\"https:\/\/secure.gravatar.com\/avatar\/810c93a3d6fadc3d9c2665b1d919a4aedea8ed4dd63689d001e985a804e90d83?s=96&d=mm&r=g\",\"caption\":\"Cannabis.es\"},\"url\":\"https:\/\/www.cannabis.es\/pw\/author\/arnau\/\"}]}<\/script>\n<!-- \/ Yoast SEO plugin. -->","yoast_head_json":{"title":"SUIZA SE PROPONE LEGALIZAR RECETAR CANNABIS Y ESTUDIAR EL RECREATIVO","description":"Entrada &#8226; Portal multimedia sobre cannabis y otras sustancias &#8226; 5 julio, 2019","robots":{"index":"index","follow":"follow","max-snippet":"max-snippet:-1","max-image-preview":"max-image-preview:large","max-video-preview":"max-video-preview:-1"},"canonical":"https:\/\/www.cannabis.es\/pw\/2019\/07\/05\/suiza-se-propone-legalizar-recetar-cannabis-y-estudiar-el-recreativo\/","twitter_card":"summary_large_image","twitter_title":"SUIZA SE PROPONE LEGALIZAR RECETAR CANNABIS Y ESTUDIAR EL RECREATIVO","twitter_description":"Entrada &#8226; Portal multimedia sobre cannabis y otras sustancias &#8226; 5 julio, 2019","twitter_image":"https:\/\/www.cannabis.es\/pw\/wp-content\/uploads\/2019\/07\/Suiza-medicinal-ludica.jpg","twitter_creator":"@cannabis_es","twitter_site":"@cannabis_es","twitter_misc":{"Escrito por":"Cannabis.es","Tiempo de lectura":"4 minutos"},"schema":{"@context":"https:\/\/schema.org","@graph":[{"@type":"Article","@id":"https:\/\/www.cannabis.es\/pw\/2019\/07\/05\/suiza-se-propone-legalizar-recetar-cannabis-y-estudiar-el-recreativo\/#article","isPartOf":{"@id":"https:\/\/www.cannabis.es\/pw\/2019\/07\/05\/suiza-se-propone-legalizar-recetar-cannabis-y-estudiar-el-recreativo\/"},"author":{"name":"Cannabis.es","@id":"https:\/\/www.cannabis.es\/pw\/#\/schema\/person\/ec770c03f3e99d770687f537f4ba1e89"},"headline":"SUIZA SE PROPONE LEGALIZAR RECETAR CANNABIS Y ESTUDIAR EL RECREATIVO","datePublished":"2019-07-05T11:40:47+00:00","dateModified":"2020-08-31T10:06:09+00:00","mainEntityOfPage":{"@id":"https:\/\/www.cannabis.es\/pw\/2019\/07\/05\/suiza-se-propone-legalizar-recetar-cannabis-y-estudiar-el-recreativo\/"},"wordCount":743,"publisher":{"@id":"https:\/\/www.cannabis.es\/pw\/#organization"},"image":{"@id":"https:\/\/www.cannabis.es\/pw\/2019\/07\/05\/suiza-se-propone-legalizar-recetar-cannabis-y-estudiar-el-recreativo\/#primaryimage"},"thumbnailUrl":"https:\/\/www.cannabis.es\/pw\/wp-content\/uploads\/2019\/07\/Suiza-medicinal-ludica.jpg","keywords":["Benito D\u00edaz","cannabis","legalizaci\u00f3n","marihuana","regulaci\u00f3n"],"articleSection":["Pol\u00edtica y Sociedad"],"inLanguage":"es"},{"@type":"WebPage","@id":"https:\/\/www.cannabis.es\/pw\/2019\/07\/05\/suiza-se-propone-legalizar-recetar-cannabis-y-estudiar-el-recreativo\/","url":"https:\/\/www.cannabis.es\/pw\/2019\/07\/05\/suiza-se-propone-legalizar-recetar-cannabis-y-estudiar-el-recreativo\/","name":"SUIZA SE PROPONE LEGALIZAR RECETAR CANNABIS Y ESTUDIAR EL RECREATIVO","isPartOf":{"@id":"https:\/\/www.cannabis.es\/pw\/#website"},"primaryImageOfPage":{"@id":"https:\/\/www.cannabis.es\/pw\/2019\/07\/05\/suiza-se-propone-legalizar-recetar-cannabis-y-estudiar-el-recreativo\/#primaryimage"},"image":{"@id":"https:\/\/www.cannabis.es\/pw\/2019\/07\/05\/suiza-se-propone-legalizar-recetar-cannabis-y-estudiar-el-recreativo\/#primaryimage"},"thumbnailUrl":"https:\/\/www.cannabis.es\/pw\/wp-content\/uploads\/2019\/07\/Suiza-medicinal-ludica.jpg","datePublished":"2019-07-05T11:40:47+00:00","dateModified":"2020-08-31T10:06:09+00:00","description":"Entrada &#8226; Portal multimedia sobre cannabis y otras sustancias &#8226; 5 julio, 2019","breadcrumb":{"@id":"https:\/\/www.cannabis.es\/pw\/2019\/07\/05\/suiza-se-propone-legalizar-recetar-cannabis-y-estudiar-el-recreativo\/#breadcrumb"},"inLanguage":"es","potentialAction":[{"@type":"ReadAction","target":["https:\/\/www.cannabis.es\/pw\/2019\/07\/05\/suiza-se-propone-legalizar-recetar-cannabis-y-estudiar-el-recreativo\/"]}]},{"@type":"ImageObject","inLanguage":"es","@id":"https:\/\/www.cannabis.es\/pw\/2019\/07\/05\/suiza-se-propone-legalizar-recetar-cannabis-y-estudiar-el-recreativo\/#primaryimage","url":"https:\/\/www.cannabis.es\/pw\/wp-content\/uploads\/2019\/07\/Suiza-medicinal-ludica.jpg","contentUrl":"https:\/\/www.cannabis.es\/pw\/wp-content\/uploads\/2019\/07\/Suiza-medicinal-ludica.jpg","width":959,"height":475},{"@type":"BreadcrumbList","@id":"https:\/\/www.cannabis.es\/pw\/2019\/07\/05\/suiza-se-propone-legalizar-recetar-cannabis-y-estudiar-el-recreativo\/#breadcrumb","itemListElement":[{"@type":"ListItem","position":1,"name":"Portada","item":"http:\/\/www.cannabis.es\/pw\/"},{"@type":"ListItem","position":2,"name":"SUIZA SE PROPONE LEGALIZAR RECETAR CANNABIS Y ESTUDIAR EL RECREATIVO"}]},{"@type":"WebSite","@id":"https:\/\/www.cannabis.es\/pw\/#website","url":"https:\/\/www.cannabis.es\/pw\/","name":"Cannabis","description":"Portal multimedia sobre cannabis y otras sustancias","publisher":{"@id":"https:\/\/www.cannabis.es\/pw\/#organization"},"potentialAction":[{"@type":"SearchAction","target":{"@type":"EntryPoint","urlTemplate":"https:\/\/www.cannabis.es\/pw\/?s={search_term_string}"},"query-input":{"@type":"PropertyValueSpecification","valueRequired":true,"valueName":"search_term_string"}}],"inLanguage":"es"},{"@type":"Organization","@id":"https:\/\/www.cannabis.es\/pw\/#organization","name":"Cannabis.es","url":"https:\/\/www.cannabis.es\/pw\/","logo":{"@type":"ImageObject","inLanguage":"es","@id":"https:\/\/www.cannabis.es\/pw\/#\/schema\/logo\/image\/","url":"https:\/\/www.cannabis.es\/pw\/wp-content\/uploads\/2019\/04\/cropped-logo_cannabis.png","contentUrl":"https:\/\/www.cannabis.es\/pw\/wp-content\/uploads\/2019\/04\/cropped-logo_cannabis.png","width":361,"height":120,"caption":"Cannabis.es"},"image":{"@id":"https:\/\/www.cannabis.es\/pw\/#\/schema\/logo\/image\/"},"sameAs":["https:\/\/x.com\/cannabis_es"]},{"@type":"Person","@id":"https:\/\/www.cannabis.es\/pw\/#\/schema\/person\/ec770c03f3e99d770687f537f4ba1e89","name":"Cannabis.es","image":{"@type":"ImageObject","inLanguage":"es","@id":"https:\/\/www.cannabis.es\/pw\/#\/schema\/person\/image\/","url":"https:\/\/secure.gravatar.com\/avatar\/810c93a3d6fadc3d9c2665b1d919a4aedea8ed4dd63689d001e985a804e90d83?s=96&d=mm&r=g","contentUrl":"https:\/\/secure.gravatar.com\/avatar\/810c93a3d6fadc3d9c2665b1d919a4aedea8ed4dd63689d001e985a804e90d83?s=96&d=mm&r=g","caption":"Cannabis.es"},"url":"https:\/\/www.cannabis.es\/pw\/author\/arnau\/"}]}},"_links":{"self":[{"href":"https:\/\/www.cannabis.es\/pw\/wp-json\/wp\/v2\/posts\/1534","targetHints":{"allow":["GET"]}}],"collection":[{"href":"https:\/\/www.cannabis.es\/pw\/wp-json\/wp\/v2\/posts"}],"about":[{"href":"https:\/\/www.cannabis.es\/pw\/wp-json\/wp\/v2\/types\/post"}],"author":[{"embeddable":true,"href":"https:\/\/www.cannabis.es\/pw\/wp-json\/wp\/v2\/users\/3"}],"replies":[{"embeddable":true,"href":"https:\/\/www.cannabis.es\/pw\/wp-json\/wp\/v2\/comments?post=1534"}],"version-history":[{"count":3,"href":"https:\/\/www.cannabis.es\/pw\/wp-json\/wp\/v2\/posts\/1534\/revisions"}],"predecessor-version":[{"id":5972,"href":"https:\/\/www.cannabis.es\/pw\/wp-json\/wp\/v2\/posts\/1534\/revisions\/5972"}],"wp:featuredmedia":[{"embeddable":true,"href":"https:\/\/www.cannabis.es\/pw\/wp-json\/wp\/v2\/media\/1535"}],"wp:attachment":[{"href":"https:\/\/www.cannabis.es\/pw\/wp-json\/wp\/v2\/media?parent=1534"}],"wp:term":[{"taxonomy":"category","embeddable":true,"href":"https:\/\/www.cannabis.es\/pw\/wp-json\/wp\/v2\/categories?post=1534"},{"taxonomy":"post_tag","embeddable":true,"href":"https:\/\/www.cannabis.es\/pw\/wp-json\/wp\/v2\/tags?post=1534"}],"curies":[{"name":"wp","href":"https:\/\/api.w.org\/{rel}","templated":true}]}}