{"id":1538,"date":"2019-07-08T13:31:06","date_gmt":"2019-07-08T11:31:06","guid":{"rendered":"http:\/\/www.cannabis.es\/pw\/?p=1538"},"modified":"2020-08-31T12:05:54","modified_gmt":"2020-08-31T10:05:54","slug":"illinois-legaliza-el-cannabis-recreativo-y-prepara-reparaciones-a-la-criminalizacion","status":"publish","type":"post","link":"https:\/\/www.cannabis.es\/pw\/2019\/07\/08\/illinois-legaliza-el-cannabis-recreativo-y-prepara-reparaciones-a-la-criminalizacion\/","title":{"rendered":"Illinois legaliza el cannabis recreativo y prepara reparaciones a la criminalizaci\u00f3n"},"content":{"rendered":"<p style=\"margin-bottom: 0.28cm; line-height: 150%;\"><span style=\"font-family: Arial, sans-serif;\"><span style=\"font-size: small;\">Benito D\u00edaz<\/span><\/span><\/p>\n<p style=\"margin-bottom: 0.28cm; line-height: 150%;\"><span style=\"font-family: Arial, sans-serif;\"><span style=\"font-size: small;\">Illinois, el \u201cEstado de la Pradera\u201d de USA, con una poblaci\u00f3n estimada de casi 13 millones de personas, se ha convertido en el und\u00e9cimo estado americano en legalizar el consumo recreacional de marihuana.<\/span><\/span><\/p>\n<hr id=\"system-readmore\" class=\"mceItemReadMore\">\n<p style=\"margin-bottom: 0.28cm; line-height: 150%;\">\n<p style=\"margin-bottom: 0.28cm; line-height: 150%;\"><span style=\"font-family: Arial, sans-serif;\"><span style=\"font-size: small;\">El pasado 25 de junio, el gobernador JB Pritzker autoriz\u00f3 con su firma el proyecto de ley que permite el consumo de cannabis en adultos mayores de 21 a\u00f1os a partir del uno de enero de 2020.<\/span><\/span><\/p>\n<p style=\"margin-bottom: 0.28cm; line-height: 150%;\"><span style=\"font-family: Arial, sans-serif;\"><span style=\"font-size: small;\"><span style=\"color: #ff6600;\"><em>\u00abEn los \u00faltimos 50 a\u00f1os, la guerra contra el cannabis destruy\u00f3 familias, llen\u00f3 las c\u00e1rceles con delincuentes no violentos y desorganiz\u00f3 desproporcionadamente a las comunidades de color. Ha sido un fracaso\u201d<\/em><\/span>, asegur\u00f3 el Gobernador. Tambi\u00e9n inform\u00f3 de que se trata del primer tratado de este tipo que se lleva a cabo sin plebiscito, refer\u00e9ndum, esto es, llegando a un acuerdo entre las distintas fuerzas pol\u00edticas.<\/span><\/span><\/p>\n<h3 style=\"margin-bottom: 0.28cm; line-height: 150%;\"><span style=\"font-family: Arial, sans-serif;\"><span style=\"font-size: small;\"><b>Un paso equitativo y de justicia<\/b><\/span><\/span><\/h3>\n<p style=\"margin-bottom: 0.28cm; line-height: 150%;\"><span style=\"font-family: Arial, sans-serif;\"><span style=\"font-size: small;\">Quiz\u00e1s el punto m\u00e1s novedoso de esta legislaci\u00f3n, sea la&nbsp;<b>revisi\u00f3n y absoluci\u00f3n de condenas debidas al&nbsp;<\/b><b>c<\/b><b>annabis<\/b> en el estado. La ley prev\u00e9 que aquellos que est\u00e9n cumpliendo condenas con cargos no-violentos y cantidades menores a 30g de marihuana, ser\u00e1n indultados y puestos en libertad. Por otro lado, los abogados del estado o individuos procesados, pueden pedir su absoluci\u00f3n por posesi\u00f3n de hasta 500g. Medidas sociales que muchas plataformas ciudadanas por la legalizaci\u00f3n llevan mucho tiempo reivindicando y cuyas voces empiezan a sonar ahora en la alta pol\u00edtica.<\/span><\/span><\/p>\n<h3 style=\"margin-bottom: 0.28cm; line-height: 150%;\"><span style=\"font-family: Arial, sans-serif;\"><span style=\"font-size: small;\"><b>La Ley de Illinois<\/b><\/span><\/span><\/h3>\n<p style=\"margin-bottom: 0.28cm; line-height: 150%;\"><span style=\"font-family: Arial, sans-serif;\"><span style=\"font-size: small;\">Desde 1931, a\u00f1o en que se prohibi\u00f3 el consumo de&nbsp;<\/span><\/span><span style=\"font-family: Arial, sans-serif;\"><span style=\"font-size: small;\">c<\/span><\/span><span style=\"font-family: Arial, sans-serif;\"><span style=\"font-size: small;\">annabis en la \u201c<\/span><\/span><span style=\"font-family: Arial, sans-serif;\"><span style=\"font-size: small;\">t<\/span><\/span><span style=\"font-family: Arial, sans-serif;\"><span style=\"font-size: small;\">ierra de Lincoln\u201d,&nbsp;<\/span><\/span><span style=\"color: #0563c1;\"><span style=\"text-decoration: underline;\"><a href=\"http:\/\/www.cannabis.es\/pw\/2019\/05\/13\/mas-de-25-000-personas-en-la-marcha-mundial-de-la-marihuana-de-madrid-2019\/\"><span style=\"font-family: Arial, sans-serif;\"><span style=\"font-size: small;\">el activismo cann\u00e1bico<\/span><\/span><\/a><\/span><\/span><span style=\"font-family: Arial, sans-serif;\"><span style=\"font-size: small;\">&nbsp;ha recorrido un largo camino, en el que ha triunfado al final.<\/span><\/span><\/p>\n<p style=\"margin-bottom: 0.28cm; line-height: 150%;\"><span style=\"font-family: Arial, sans-serif;\"><span style=\"font-size: small;\">En el texto, se especifica que cualquier persona mayor de 21 a\u00f1os podr\u00e1 tener acceso para su consumo personal, hasta 30 gramos de flores, 5g de concentrados (Rosin, BHO, etc) y no m\u00e1s de 500 miligramos de Tetrahidrocannabinol (THC).<\/span><\/span><\/p>\n<p style=\"margin-bottom: 0.28cm; line-height: 150%;\"><span style=\"font-family: Arial, sans-serif;\"><span style=\"font-size: small;\">Para los pacientes&nbsp;<\/span><\/span><span style=\"color: #0563c1;\"><span style=\"text-decoration: underline;\"><a href=\"http:\/\/www.cannabis.es\/pw\/2019\/03\/11\/cannabis-medicinal-en-el-control-del-dolor-cronico\/\"><span style=\"font-family: Arial, sans-serif;\"><span style=\"font-size: small;\">de Marihuana Terap\u00e9utica<\/span><\/span><\/a><\/span><\/span><span style=\"font-family: Arial, sans-serif;\"><span style=\"font-size: small;\">, que conquistaron su derecho en 2013, el l\u00edmite ser\u00e1 de 30 gramos, teniendo permitido el autocultivo en viviendas, en habitaciones cerradas y fuera de la vista del p\u00fablico, contando con el benepl\u00e1cito del propietario.<\/span><\/span><\/p>\n<p style=\"margin-bottom: 0.28cm; line-height: 150%;\"><span style=\"font-family: Arial, sans-serif;\"><span style=\"font-size: small;\">Las personas no residentes en el Estado, tendr\u00e1n tambi\u00e9n derecho a posesi\u00f3n, eso si, con menores cantidades que no superar\u00e1n los 15 gramos de flores, 2,5 gramos de concentrado y no m\u00e1s de 250 miligramos de THC.<\/span><\/span><\/p>\n<p style=\"margin-bottom: 0.28cm; line-height: 150%;\"><span style=\"font-family: Arial, sans-serif;\"><span style=\"font-size: small;\">El cannabis se vender\u00e1 en dispensarios especialmente autorizados que funcionar\u00e1n por todo el Estado. Los envoltorios estar\u00e1n registrados, sellados y etiquetados, a prueba de ni\u00f1os y bajo la leyenda de que el cannabis \u201cpuede crear h\u00e1bito\u201d. Tambi\u00e9n&nbsp;<b>se desaconsejar\u00e1 el uso por parte de mujeres embarazadas o madres lactantes<\/b>.<\/span><\/span><\/p>\n<p style=\"margin-bottom: 0.28cm; line-height: 150%;\"><span style=\"font-family: Arial, sans-serif;\"><span style=\"font-size: small;\">Ser\u00e1 ilegal la reventa de marihuana y sacarla del Estado podr\u00eda conllevar problemas, dado que en gran parte del pa\u00eds sigue siendo ilegal y muy perseguida.<\/span><\/span><\/p>\n<p style=\"margin-bottom: 0.28cm; line-height: 150%;\"><span style=\"font-family: Arial, sans-serif;\"><span style=\"font-size: small;\">Estar\u00e1&nbsp;<b>prohibida la publicidad cerca de escuelas, patios de recreo, parques, transporte y propiedades p\u00fablicas<\/b>, as\u00ed como cualquier actividad comercial que involucre o pueda involucrar a menores.&nbsp;<b>No se podr\u00e1 consumir en espacios p\u00fablicos<\/b>&nbsp;y cada administraci\u00f3n local podr\u00e1 decidir en qu\u00e9 establecimientos se podr\u00e1 consumir.<\/span><\/span><\/p>\n<p style=\"margin-bottom: 0.28cm; line-height: 150%;\"><span style=\"font-family: Arial, sans-serif;\"><span style=\"font-size: small;\">Otro punto m\u00e1s en la ley crea el programa de becas \u201cRestaura, Reinvierte y Renueva\u201d, que ayuda&nbsp;<b>a las comunidades m\u00e1s afectadas por la fallida Guerra contra las Drogas<\/b>, estableciendo un&nbsp;<b>programa de pr\u00e9stamos<\/b>&nbsp;de bajo inter\u00e9s de 30 millones de d\u00f3lares, disponibles para emprendedores cualificados que quieran empezar en un negocio legal de cannabis.<\/span><\/span><\/p>\n<h3 style=\"margin-bottom: 0.28cm; line-height: 150%;\"><span style=\"font-family: Arial, sans-serif;\"><span style=\"font-size: small;\"><b>E<\/b><b>x<\/b><b>pectativas econ\u00f3micas<\/b><\/span><\/span><\/h3>\n<p style=\"margin-bottom: 0.28cm; line-height: 150%;\"><span style=\"font-family: Arial, sans-serif;\"><span style=\"font-size: small;\">Los legisladores establecen una estructura impositiva que permitir\u00e1 recaudar tributos por valor de unos 57 millones de d\u00f3lares el primer a\u00f1o fiscal y que aumentar\u00e1 anualmente hasta llegar a 375 millones en 2024.<\/span><\/span><\/p>\n<p style=\"margin-bottom: 0.28cm; line-height: 150%;\"><span style=\"font-family: Arial, sans-serif;\"><span style=\"font-size: small;\">De los ingresos generados por la nueva legislaci\u00f3n, el&nbsp;<b>35%<\/b>&nbsp;se destinar\u00e1 al&nbsp;<b>Fondo General del Estado<\/b>, el&nbsp;<b>25% a la reinversi\u00f3n en la comunidad<\/b>&nbsp;mediante programas p\u00fablicos y el&nbsp;<b>29%&nbsp;<\/b>al tratamiento de&nbsp;<b>Salud<\/b>&nbsp;Mental y rehabilitaci\u00f3n de personas con problemas de adicci\u00f3n. Adem\u00e1s, se destinar\u00e1n fondos para pagar facturas pendientes del Estado, a subvenciones de preparaci\u00f3n para la aplicaci\u00f3n de la ley y un dos por ciento para la educaci\u00f3n p\u00fablica sobre drogas.<\/span><\/span><\/p>\n<p style=\"margin-bottom: 0.28cm; line-height: 150%;\"><span style=\"color: #ff6600;\"><em>\u201c<\/em><\/span><span style=\"font-family: Arial, sans-serif;\"><span style=\"font-size: small;\"><span style=\"color: #ff6600;\"><em>Estamos creando una legislaci\u00f3n hist\u00f3rica y revolucionaria. Estoy orgullosa de haber podido colaborar\u201d<\/em><\/span><i>,<\/i>&nbsp;declar\u00f3 Kim Foxx, procuradora de justicia del Condado de Cook, tras la resoluci\u00f3n de la ley que va a incluir a Illinois como una de las regiones del mundo que lleva la libertad para el cannabis por bandera.<br \/>\n<\/span><\/span><\/p>\n","protected":false},"excerpt":{"rendered":"<span class=\"span-reading-time rt-reading-time\" style=\"display: block;\"><span class=\"rt-label rt-prefix\">Tiempo de lectura:<\/span> <span class=\"rt-time\"> 3<\/span> <span class=\"rt-label rt-postfix\">minutos<\/span><\/span>Illinois, el \u201cEstado de la Pradera\u201d de USA, con una poblaci\u00f3n estimada de casi 13 millones de personas, se ha convertido en el und\u00e9cimo estado americano en legalizar el consumo recreacional de marihuana.","protected":false},"author":3,"featured_media":1540,"comment_status":"closed","ping_status":"closed","sticky":false,"template":"","format":"standard","meta":{"loftocean-featured-post":"","loftocean_post_format_gallery":"","loftocean_post_format_gallery_ids":"","loftocean_post_format_gallery_urls":"","loftocean_post_format_video_id":"","loftocean_post_format_video_url":"","loftocean_post_format_video_type":"","loftocean_post_format_video":"","loftocean_post_format_audio_type":"","loftocean_post_format_audio_url":"","loftocean_post_format_audio_id":"","loftocean_post_format_audio":"","loftocean_post_format_quote_text":"","loftocean_post_format_quote_byline":"","loftocean_post_format_link_text":"","loftocean_post_format_link_url":"","ceramag_post_header_style":"","ceramag_enable_background_video":"","ceramag_show_in_top_slider":"","ceramag_post_background_video_start":"","ceramag_post_background_video_end":"","loftocean_page_background_video_id":"","loftocean_page_background_video_url":"","loftocean_page_background_video_type":"","loftocean_page_background_video":"","ceramag_background_video_start":"","ceramag_background_video_end":"","ceramag_single_page_hide_header":"","footnotes":""},"categories":[35],"tags":[43,41,457,54,40,56],"class_list":["post-1538","post","type-post","status-publish","format-standard","has-post-thumbnail","hentry","category-politica-y-sociedad","tag-benito-diaz","tag-cannabis","tag-estados-unidos","tag-legalizacion","tag-marihuana","tag-regulacion-cannabis"],"yoast_head":"<!-- This site is optimized with the Yoast SEO plugin v24.9 - https:\/\/yoast.com\/wordpress\/plugins\/seo\/ -->\n<title>Illinois legaliza el cannabis recreativo y prepara reparaciones a la criminalizaci\u00f3n<\/title>\n<meta name=\"description\" content=\"Entrada &#8226; Portal multimedia sobre cannabis y otras sustancias &#8226; 8 julio, 2019\" \/>\n<meta name=\"robots\" content=\"index, follow, max-snippet:-1, max-image-preview:large, max-video-preview:-1\" \/>\n<link rel=\"canonical\" href=\"https:\/\/www.cannabis.es\/pw\/2019\/07\/08\/illinois-legaliza-el-cannabis-recreativo-y-prepara-reparaciones-a-la-criminalizacion\/\" \/>\n<meta name=\"twitter:card\" content=\"summary_large_image\" \/>\n<meta name=\"twitter:title\" content=\"Illinois legaliza el cannabis recreativo y prepara reparaciones a la criminalizaci\u00f3n\" \/>\n<meta name=\"twitter:description\" content=\"Entrada &#8226; Portal multimedia sobre cannabis y otras sustancias &#8226; 8 julio, 2019\" \/>\n<meta name=\"twitter:image\" content=\"https:\/\/www.cannabis.es\/pw\/wp-content\/uploads\/2019\/07\/ILLINOIS.jpg\" \/>\n<meta name=\"twitter:creator\" content=\"@cannabis_es\" \/>\n<meta name=\"twitter:site\" content=\"@cannabis_es\" \/>\n<meta name=\"twitter:label1\" content=\"Escrito por\" \/>\n\t<meta name=\"twitter:data1\" content=\"Cannabis.es\" \/>\n\t<meta name=\"twitter:label2\" content=\"Tiempo de lectura\" \/>\n\t<meta name=\"twitter:data2\" content=\"4 minutos\" \/>\n<script type=\"application\/ld+json\" class=\"yoast-schema-graph\">{\"@context\":\"https:\/\/schema.org\",\"@graph\":[{\"@type\":\"Article\",\"@id\":\"https:\/\/www.cannabis.es\/pw\/2019\/07\/08\/illinois-legaliza-el-cannabis-recreativo-y-prepara-reparaciones-a-la-criminalizacion\/#article\",\"isPartOf\":{\"@id\":\"https:\/\/www.cannabis.es\/pw\/2019\/07\/08\/illinois-legaliza-el-cannabis-recreativo-y-prepara-reparaciones-a-la-criminalizacion\/\"},\"author\":{\"name\":\"Cannabis.es\",\"@id\":\"https:\/\/www.cannabis.es\/pw\/#\/schema\/person\/ec770c03f3e99d770687f537f4ba1e89\"},\"headline\":\"Illinois legaliza el cannabis recreativo y prepara reparaciones a la criminalizaci\u00f3n\",\"datePublished\":\"2019-07-08T11:31:06+00:00\",\"dateModified\":\"2020-08-31T10:05:54+00:00\",\"mainEntityOfPage\":{\"@id\":\"https:\/\/www.cannabis.es\/pw\/2019\/07\/08\/illinois-legaliza-el-cannabis-recreativo-y-prepara-reparaciones-a-la-criminalizacion\/\"},\"wordCount\":804,\"publisher\":{\"@id\":\"https:\/\/www.cannabis.es\/pw\/#organization\"},\"image\":{\"@id\":\"https:\/\/www.cannabis.es\/pw\/2019\/07\/08\/illinois-legaliza-el-cannabis-recreativo-y-prepara-reparaciones-a-la-criminalizacion\/#primaryimage\"},\"thumbnailUrl\":\"https:\/\/www.cannabis.es\/pw\/wp-content\/uploads\/2019\/07\/ILLINOIS.jpg\",\"keywords\":[\"Benito D\u00edaz\",\"cannabis\",\"Estados Unidos\",\"legalizaci\u00f3n\",\"marihuana\",\"regulaci\u00f3n cannabis\"],\"articleSection\":[\"Pol\u00edtica y Sociedad\"],\"inLanguage\":\"es\"},{\"@type\":\"WebPage\",\"@id\":\"https:\/\/www.cannabis.es\/pw\/2019\/07\/08\/illinois-legaliza-el-cannabis-recreativo-y-prepara-reparaciones-a-la-criminalizacion\/\",\"url\":\"https:\/\/www.cannabis.es\/pw\/2019\/07\/08\/illinois-legaliza-el-cannabis-recreativo-y-prepara-reparaciones-a-la-criminalizacion\/\",\"name\":\"Illinois legaliza el cannabis recreativo y prepara reparaciones a la criminalizaci\u00f3n\",\"isPartOf\":{\"@id\":\"https:\/\/www.cannabis.es\/pw\/#website\"},\"primaryImageOfPage\":{\"@id\":\"https:\/\/www.cannabis.es\/pw\/2019\/07\/08\/illinois-legaliza-el-cannabis-recreativo-y-prepara-reparaciones-a-la-criminalizacion\/#primaryimage\"},\"image\":{\"@id\":\"https:\/\/www.cannabis.es\/pw\/2019\/07\/08\/illinois-legaliza-el-cannabis-recreativo-y-prepara-reparaciones-a-la-criminalizacion\/#primaryimage\"},\"thumbnailUrl\":\"https:\/\/www.cannabis.es\/pw\/wp-content\/uploads\/2019\/07\/ILLINOIS.jpg\",\"datePublished\":\"2019-07-08T11:31:06+00:00\",\"dateModified\":\"2020-08-31T10:05:54+00:00\",\"description\":\"Entrada &#8226; Portal multimedia sobre cannabis y otras sustancias &#8226; 8 julio, 2019\",\"breadcrumb\":{\"@id\":\"https:\/\/www.cannabis.es\/pw\/2019\/07\/08\/illinois-legaliza-el-cannabis-recreativo-y-prepara-reparaciones-a-la-criminalizacion\/#breadcrumb\"},\"inLanguage\":\"es\",\"potentialAction\":[{\"@type\":\"ReadAction\",\"target\":[\"https:\/\/www.cannabis.es\/pw\/2019\/07\/08\/illinois-legaliza-el-cannabis-recreativo-y-prepara-reparaciones-a-la-criminalizacion\/\"]}]},{\"@type\":\"ImageObject\",\"inLanguage\":\"es\",\"@id\":\"https:\/\/www.cannabis.es\/pw\/2019\/07\/08\/illinois-legaliza-el-cannabis-recreativo-y-prepara-reparaciones-a-la-criminalizacion\/#primaryimage\",\"url\":\"https:\/\/www.cannabis.es\/pw\/wp-content\/uploads\/2019\/07\/ILLINOIS.jpg\",\"contentUrl\":\"https:\/\/www.cannabis.es\/pw\/wp-content\/uploads\/2019\/07\/ILLINOIS.jpg\",\"width\":959,\"height\":475},{\"@type\":\"BreadcrumbList\",\"@id\":\"https:\/\/www.cannabis.es\/pw\/2019\/07\/08\/illinois-legaliza-el-cannabis-recreativo-y-prepara-reparaciones-a-la-criminalizacion\/#breadcrumb\",\"itemListElement\":[{\"@type\":\"ListItem\",\"position\":1,\"name\":\"Portada\",\"item\":\"http:\/\/www.cannabis.es\/pw\/\"},{\"@type\":\"ListItem\",\"position\":2,\"name\":\"Illinois legaliza el cannabis recreativo y prepara reparaciones a la criminalizaci\u00f3n\"}]},{\"@type\":\"WebSite\",\"@id\":\"https:\/\/www.cannabis.es\/pw\/#website\",\"url\":\"https:\/\/www.cannabis.es\/pw\/\",\"name\":\"Cannabis\",\"description\":\"Portal multimedia sobre cannabis y otras sustancias\",\"publisher\":{\"@id\":\"https:\/\/www.cannabis.es\/pw\/#organization\"},\"potentialAction\":[{\"@type\":\"SearchAction\",\"target\":{\"@type\":\"EntryPoint\",\"urlTemplate\":\"https:\/\/www.cannabis.es\/pw\/?s={search_term_string}\"},\"query-input\":{\"@type\":\"PropertyValueSpecification\",\"valueRequired\":true,\"valueName\":\"search_term_string\"}}],\"inLanguage\":\"es\"},{\"@type\":\"Organization\",\"@id\":\"https:\/\/www.cannabis.es\/pw\/#organization\",\"name\":\"Cannabis.es\",\"url\":\"https:\/\/www.cannabis.es\/pw\/\",\"logo\":{\"@type\":\"ImageObject\",\"inLanguage\":\"es\",\"@id\":\"https:\/\/www.cannabis.es\/pw\/#\/schema\/logo\/image\/\",\"url\":\"https:\/\/www.cannabis.es\/pw\/wp-content\/uploads\/2019\/04\/cropped-logo_cannabis.png\",\"contentUrl\":\"https:\/\/www.cannabis.es\/pw\/wp-content\/uploads\/2019\/04\/cropped-logo_cannabis.png\",\"width\":361,\"height\":120,\"caption\":\"Cannabis.es\"},\"image\":{\"@id\":\"https:\/\/www.cannabis.es\/pw\/#\/schema\/logo\/image\/\"},\"sameAs\":[\"https:\/\/x.com\/cannabis_es\"]},{\"@type\":\"Person\",\"@id\":\"https:\/\/www.cannabis.es\/pw\/#\/schema\/person\/ec770c03f3e99d770687f537f4ba1e89\",\"name\":\"Cannabis.es\",\"image\":{\"@type\":\"ImageObject\",\"inLanguage\":\"es\",\"@id\":\"https:\/\/www.cannabis.es\/pw\/#\/schema\/person\/image\/\",\"url\":\"https:\/\/secure.gravatar.com\/avatar\/810c93a3d6fadc3d9c2665b1d919a4aedea8ed4dd63689d001e985a804e90d83?s=96&d=mm&r=g\",\"contentUrl\":\"https:\/\/secure.gravatar.com\/avatar\/810c93a3d6fadc3d9c2665b1d919a4aedea8ed4dd63689d001e985a804e90d83?s=96&d=mm&r=g\",\"caption\":\"Cannabis.es\"},\"url\":\"https:\/\/www.cannabis.es\/pw\/author\/arnau\/\"}]}<\/script>\n<!-- \/ Yoast SEO plugin. -->","yoast_head_json":{"title":"Illinois legaliza el cannabis recreativo y prepara reparaciones a la criminalizaci\u00f3n","description":"Entrada &#8226; Portal multimedia sobre cannabis y otras sustancias &#8226; 8 julio, 2019","robots":{"index":"index","follow":"follow","max-snippet":"max-snippet:-1","max-image-preview":"max-image-preview:large","max-video-preview":"max-video-preview:-1"},"canonical":"https:\/\/www.cannabis.es\/pw\/2019\/07\/08\/illinois-legaliza-el-cannabis-recreativo-y-prepara-reparaciones-a-la-criminalizacion\/","twitter_card":"summary_large_image","twitter_title":"Illinois legaliza el cannabis recreativo y prepara reparaciones a la criminalizaci\u00f3n","twitter_description":"Entrada &#8226; Portal multimedia sobre cannabis y otras sustancias &#8226; 8 julio, 2019","twitter_image":"https:\/\/www.cannabis.es\/pw\/wp-content\/uploads\/2019\/07\/ILLINOIS.jpg","twitter_creator":"@cannabis_es","twitter_site":"@cannabis_es","twitter_misc":{"Escrito por":"Cannabis.es","Tiempo de lectura":"4 minutos"},"schema":{"@context":"https:\/\/schema.org","@graph":[{"@type":"Article","@id":"https:\/\/www.cannabis.es\/pw\/2019\/07\/08\/illinois-legaliza-el-cannabis-recreativo-y-prepara-reparaciones-a-la-criminalizacion\/#article","isPartOf":{"@id":"https:\/\/www.cannabis.es\/pw\/2019\/07\/08\/illinois-legaliza-el-cannabis-recreativo-y-prepara-reparaciones-a-la-criminalizacion\/"},"author":{"name":"Cannabis.es","@id":"https:\/\/www.cannabis.es\/pw\/#\/schema\/person\/ec770c03f3e99d770687f537f4ba1e89"},"headline":"Illinois legaliza el cannabis recreativo y prepara reparaciones a la criminalizaci\u00f3n","datePublished":"2019-07-08T11:31:06+00:00","dateModified":"2020-08-31T10:05:54+00:00","mainEntityOfPage":{"@id":"https:\/\/www.cannabis.es\/pw\/2019\/07\/08\/illinois-legaliza-el-cannabis-recreativo-y-prepara-reparaciones-a-la-criminalizacion\/"},"wordCount":804,"publisher":{"@id":"https:\/\/www.cannabis.es\/pw\/#organization"},"image":{"@id":"https:\/\/www.cannabis.es\/pw\/2019\/07\/08\/illinois-legaliza-el-cannabis-recreativo-y-prepara-reparaciones-a-la-criminalizacion\/#primaryimage"},"thumbnailUrl":"https:\/\/www.cannabis.es\/pw\/wp-content\/uploads\/2019\/07\/ILLINOIS.jpg","keywords":["Benito D\u00edaz","cannabis","Estados Unidos","legalizaci\u00f3n","marihuana","regulaci\u00f3n cannabis"],"articleSection":["Pol\u00edtica y Sociedad"],"inLanguage":"es"},{"@type":"WebPage","@id":"https:\/\/www.cannabis.es\/pw\/2019\/07\/08\/illinois-legaliza-el-cannabis-recreativo-y-prepara-reparaciones-a-la-criminalizacion\/","url":"https:\/\/www.cannabis.es\/pw\/2019\/07\/08\/illinois-legaliza-el-cannabis-recreativo-y-prepara-reparaciones-a-la-criminalizacion\/","name":"Illinois legaliza el cannabis recreativo y prepara reparaciones a la criminalizaci\u00f3n","isPartOf":{"@id":"https:\/\/www.cannabis.es\/pw\/#website"},"primaryImageOfPage":{"@id":"https:\/\/www.cannabis.es\/pw\/2019\/07\/08\/illinois-legaliza-el-cannabis-recreativo-y-prepara-reparaciones-a-la-criminalizacion\/#primaryimage"},"image":{"@id":"https:\/\/www.cannabis.es\/pw\/2019\/07\/08\/illinois-legaliza-el-cannabis-recreativo-y-prepara-reparaciones-a-la-criminalizacion\/#primaryimage"},"thumbnailUrl":"https:\/\/www.cannabis.es\/pw\/wp-content\/uploads\/2019\/07\/ILLINOIS.jpg","datePublished":"2019-07-08T11:31:06+00:00","dateModified":"2020-08-31T10:05:54+00:00","description":"Entrada &#8226; Portal multimedia sobre cannabis y otras sustancias &#8226; 8 julio, 2019","breadcrumb":{"@id":"https:\/\/www.cannabis.es\/pw\/2019\/07\/08\/illinois-legaliza-el-cannabis-recreativo-y-prepara-reparaciones-a-la-criminalizacion\/#breadcrumb"},"inLanguage":"es","potentialAction":[{"@type":"ReadAction","target":["https:\/\/www.cannabis.es\/pw\/2019\/07\/08\/illinois-legaliza-el-cannabis-recreativo-y-prepara-reparaciones-a-la-criminalizacion\/"]}]},{"@type":"ImageObject","inLanguage":"es","@id":"https:\/\/www.cannabis.es\/pw\/2019\/07\/08\/illinois-legaliza-el-cannabis-recreativo-y-prepara-reparaciones-a-la-criminalizacion\/#primaryimage","url":"https:\/\/www.cannabis.es\/pw\/wp-content\/uploads\/2019\/07\/ILLINOIS.jpg","contentUrl":"https:\/\/www.cannabis.es\/pw\/wp-content\/uploads\/2019\/07\/ILLINOIS.jpg","width":959,"height":475},{"@type":"BreadcrumbList","@id":"https:\/\/www.cannabis.es\/pw\/2019\/07\/08\/illinois-legaliza-el-cannabis-recreativo-y-prepara-reparaciones-a-la-criminalizacion\/#breadcrumb","itemListElement":[{"@type":"ListItem","position":1,"name":"Portada","item":"http:\/\/www.cannabis.es\/pw\/"},{"@type":"ListItem","position":2,"name":"Illinois legaliza el cannabis recreativo y prepara reparaciones a la criminalizaci\u00f3n"}]},{"@type":"WebSite","@id":"https:\/\/www.cannabis.es\/pw\/#website","url":"https:\/\/www.cannabis.es\/pw\/","name":"Cannabis","description":"Portal multimedia sobre cannabis y otras sustancias","publisher":{"@id":"https:\/\/www.cannabis.es\/pw\/#organization"},"potentialAction":[{"@type":"SearchAction","target":{"@type":"EntryPoint","urlTemplate":"https:\/\/www.cannabis.es\/pw\/?s={search_term_string}"},"query-input":{"@type":"PropertyValueSpecification","valueRequired":true,"valueName":"search_term_string"}}],"inLanguage":"es"},{"@type":"Organization","@id":"https:\/\/www.cannabis.es\/pw\/#organization","name":"Cannabis.es","url":"https:\/\/www.cannabis.es\/pw\/","logo":{"@type":"ImageObject","inLanguage":"es","@id":"https:\/\/www.cannabis.es\/pw\/#\/schema\/logo\/image\/","url":"https:\/\/www.cannabis.es\/pw\/wp-content\/uploads\/2019\/04\/cropped-logo_cannabis.png","contentUrl":"https:\/\/www.cannabis.es\/pw\/wp-content\/uploads\/2019\/04\/cropped-logo_cannabis.png","width":361,"height":120,"caption":"Cannabis.es"},"image":{"@id":"https:\/\/www.cannabis.es\/pw\/#\/schema\/logo\/image\/"},"sameAs":["https:\/\/x.com\/cannabis_es"]},{"@type":"Person","@id":"https:\/\/www.cannabis.es\/pw\/#\/schema\/person\/ec770c03f3e99d770687f537f4ba1e89","name":"Cannabis.es","image":{"@type":"ImageObject","inLanguage":"es","@id":"https:\/\/www.cannabis.es\/pw\/#\/schema\/person\/image\/","url":"https:\/\/secure.gravatar.com\/avatar\/810c93a3d6fadc3d9c2665b1d919a4aedea8ed4dd63689d001e985a804e90d83?s=96&d=mm&r=g","contentUrl":"https:\/\/secure.gravatar.com\/avatar\/810c93a3d6fadc3d9c2665b1d919a4aedea8ed4dd63689d001e985a804e90d83?s=96&d=mm&r=g","caption":"Cannabis.es"},"url":"https:\/\/www.cannabis.es\/pw\/author\/arnau\/"}]}},"_links":{"self":[{"href":"https:\/\/www.cannabis.es\/pw\/wp-json\/wp\/v2\/posts\/1538","targetHints":{"allow":["GET"]}}],"collection":[{"href":"https:\/\/www.cannabis.es\/pw\/wp-json\/wp\/v2\/posts"}],"about":[{"href":"https:\/\/www.cannabis.es\/pw\/wp-json\/wp\/v2\/types\/post"}],"author":[{"embeddable":true,"href":"https:\/\/www.cannabis.es\/pw\/wp-json\/wp\/v2\/users\/3"}],"replies":[{"embeddable":true,"href":"https:\/\/www.cannabis.es\/pw\/wp-json\/wp\/v2\/comments?post=1538"}],"version-history":[{"count":3,"href":"https:\/\/www.cannabis.es\/pw\/wp-json\/wp\/v2\/posts\/1538\/revisions"}],"predecessor-version":[{"id":5971,"href":"https:\/\/www.cannabis.es\/pw\/wp-json\/wp\/v2\/posts\/1538\/revisions\/5971"}],"wp:featuredmedia":[{"embeddable":true,"href":"https:\/\/www.cannabis.es\/pw\/wp-json\/wp\/v2\/media\/1540"}],"wp:attachment":[{"href":"https:\/\/www.cannabis.es\/pw\/wp-json\/wp\/v2\/media?parent=1538"}],"wp:term":[{"taxonomy":"category","embeddable":true,"href":"https:\/\/www.cannabis.es\/pw\/wp-json\/wp\/v2\/categories?post=1538"},{"taxonomy":"post_tag","embeddable":true,"href":"https:\/\/www.cannabis.es\/pw\/wp-json\/wp\/v2\/tags?post=1538"}],"curies":[{"name":"wp","href":"https:\/\/api.w.org\/{rel}","templated":true}]}}