{"id":1541,"date":"2019-07-12T13:47:10","date_gmt":"2019-07-12T11:47:10","guid":{"rendered":"http:\/\/www.cannabis.es\/pw\/?p=1541"},"modified":"2022-04-05T14:01:35","modified_gmt":"2022-04-05T12:01:35","slug":"prision-sexista-racista-y-de-clase-en-la-guerra-contra-las-drogas","status":"publish","type":"post","link":"https:\/\/www.cannabis.es\/pw\/2019\/07\/12\/prision-sexista-racista-y-de-clase-en-la-guerra-contra-las-drogas\/","title":{"rendered":"PRISI\u00d3N SEXISTA, RACISTA Y DE CLASE EN LA GUERRA CONTRA LAS DROGAS"},"content":{"rendered":"<p><span lang=\"es-ES\">Arnau Alcaide<\/span><\/p>\n<p><span lang=\"es-ES\">Mientras que el 64% de la poblaci\u00f3n de Estados Unidos es blanca, la hispana un 16% y la negra un 12%, los porcentajes de poblaci\u00f3n encarcelada\u00a0<\/span><span lang=\"es-ES\">son muy distintos<\/span><span lang=\"es-ES\">: la poblaci\u00f3n negra es un 33% de\u00a0<\/span><span lang=\"es-ES\">la que est\u00e1 en prisi\u00f3n<\/span><span lang=\"es-ES\">.\u00a0<\/span><span lang=\"es-ES\">Un\u00a0<\/span><em><span lang=\"es-ES\">modus operandi<\/span><\/em><span lang=\"es-ES\">\u00a0racista que ha utilizado en parte el cannabis como pretexto<\/span><span lang=\"es-ES\">.<\/span><\/p>\n<p><span lang=\"es-ES\">Aunque esta poblaci\u00f3n pu<\/span><span lang=\"es-ES\">diese,\u00a0<\/span><span lang=\"es-ES\">en la apariencia de los datos,<\/span><span lang=\"es-ES\">\u00a0<\/span><span lang=\"es-ES\">ser m\u00e1s propensa<\/span><span lang=\"es-ES\">\u00a0al crimen<\/span><span lang=\"es-ES\">, no es que delincan m\u00e1s; la diferencia,\u00a0<\/span><span lang=\"es-ES\">en realidad,<\/span><span lang=\"es-ES\">\u00a0se justifica en una\u00a0<strong>criminalizaci\u00f3n racista<\/strong>, s\u00ed, racista,\u00a0<strong>del uso de drogas<\/strong>.\u00a0<\/span><span lang=\"es-ES\">La mayor cercan\u00eda a las drogas ilegales que se da tradicionalmente en la poblaci\u00f3n negra y latina,<\/span><span lang=\"es-ES\">\u00a0<\/span><span lang=\"es-ES\">y\u00a0<\/span><span lang=\"es-ES\">en especial\u00a0<\/span><span lang=\"es-ES\">a<\/span><span lang=\"es-ES\">\u00a0la cultura cann\u00e1bica,\u00a0<\/span><span lang=\"es-ES\">perjudica a estos grupos sociales y sirve de motivo para criminalizarlos, ya que, en efecto, la droga ilegal ser\u00e1 considerada como tal<\/span><span lang=\"es-ES\">. La aplicaci\u00f3n de la ley se hace despu\u00e9s con la mirada del prejuicio hacia estas poblaciones, yendo a por ellas con mayor o menor conciencia de ello.<\/span><\/p>\n<p><span lang=\"es-ES\">Adem\u00e1s, al no poner remedio al narcotr\u00e1fico\u00a0<\/span><span lang=\"es-ES\">mediante la regulaci\u00f3n<\/span><span lang=\"es-ES\">, la oferta de trabajo ilegal\u00a0<\/span><span lang=\"es-ES\">sigue siendo atractiva<\/span><span lang=\"es-ES\">,\u00a0<\/span><span lang=\"es-ES\">bien por ambici\u00f3n o necesidad.<\/span><span lang=\"es-ES\">\u00a0<\/span><span lang=\"es-ES\">Y esto<\/span><span lang=\"es-ES\">\u00a0a<\/span><span lang=\"es-ES\">l margen de\u00a0<\/span><span lang=\"es-ES\">peque\u00f1as compras entre usuarios a las que no ser\u00eda justo tachar de narcotr\u00e1fico y que tambi\u00e9n pueden resultar duramente castigadas por la ley.<\/span><\/p>\n<p><span lang=\"es-ES\">En 2017,\u00a0<\/span><span lang=\"es-ES\">ya<\/span><span lang=\"es-ES\">\u00a0<\/span><a href=\"http:\/\/www.drugpolicy.org\/issues\/drug-war-statistics\">659.700<\/a><span lang=\"es-ES\">\u00a0personas fueron arrestadas\u00a0<\/span><span lang=\"es-ES\">en Estados Unidos<\/span><span lang=\"es-ES\">\u00a0por\u00a0<\/span><span lang=\"es-ES\">infringir la ley con marihuana,\u00a0<\/span><span lang=\"es-ES\">lo que supone\u00a0<\/span><span lang=\"es-ES\">el 40\u20194% del total de los arrestos por un motivo de drogas.\u00a0<\/span><span lang=\"es-ES\">De los arrestos, la mayor\u00eda corresponden al\u00a0<\/span><span lang=\"es-ES\">cannabis, que resulta<\/span><span lang=\"es-ES\">la\u00a0<\/span><span lang=\"es-ES\">droga<\/span><span lang=\"es-ES\">\u00a0que recibe mayor castigo por la ley, en parte por su uso extendido.\u00a0<\/span><span lang=\"es-ES\">Nueve de cada diez<strong>\u00a0arrestos por drogas<\/strong>\u00a0se saldan con cargos penales<\/span><span lang=\"es-ES\">\u00a0y, de estos, el\u00a0<strong>46% de la poblaci\u00f3n que los recibe es negra o latina<\/strong>;<\/span><span lang=\"es-ES\">\u00a0pese a que negros y latinos juntos son solo el<\/span><span lang=\"es-ES\">\u00a028% de la poblaci\u00f3n<\/span><span lang=\"es-ES\">. \u00bfHay un gen criminal asociado al color de la piel, acaso?\u00a0<\/span><span lang=\"es-ES\">Uno de cada cinco<\/span><span lang=\"es-ES\">\u00a0encarcelamientos en 2016 fue por un motivo de drogas, entre ellas el cannabis.<\/span><\/p>\n<p lang=\"es-ES\">Pero el alcance de la Guerra contra las Drogas desde una \u00f3ptica internacional va m\u00e1s all\u00e1 de la cuesti\u00f3n racial, o ahonda en ella, dependiendo del punto de vista. En Am\u00e9rica Latina existen cada vez mayores tasas de encarcelaci\u00f3n, llegando a suponer un\u00a0<strong>problema p\u00fablico por el cual un elevado porcentaje de la poblaci\u00f3n est\u00e1 presa<\/strong>, y estas tasas est\u00e1n directamente relacionadas con la Guerra contra las Drogas, ya que en muchas pa\u00edses aumentan los delitos de drogas por encima de la media,\u00a0<a href=\"https:\/\/www.openglobalrights.org\/reforming-drug-laws-to-reduce-prison-populations-in-latin-america\/\">incluso exageradamente<\/a>.<\/p>\n<p><span lang=\"es-ES\">De la poblaci\u00f3n latinoamericana,\u00a0<\/span><a href=\"https:\/\/www.unodc.org\/documents\/ungass2016\/Contributions\/Civil\/PenalReform\/Drugs_and_imprisonment_PRI_submission_UNGASS.pdf\"><span lang=\"es-ES\">seg\u00fan datos de la ONU de 2015<\/span><\/a><span lang=\"es-ES\">, la Organizaci\u00f3n de Naciones Unidas, un 45% de la presa en Bolivia lo est\u00e1 por delitos de drogas, y lo mismo ocurre con el 35% de la reclusa en Trinidad y Tobago, as\u00ed como el 34% de la de Ecuador o el 24% en Per\u00fa. En Asia es rese\u00f1able Tailandia, cuya hist\u00f3rica persecuci\u00f3n lleva a cotas de un 65% de la poblaci\u00f3n reclusa por motivos de drogas.<\/span><\/p>\n<p><span lang=\"es-ES\"><b>En palabras del informe de la ONU<\/b><\/span><\/p>\n<p><span style=\"color: #ff6600;\"><em><span lang=\"es-ES\">En algunos estados, las minor\u00edas \u00e9tnicas y grupos marginados que vive<\/span><span lang=\"es-ES\">n\u00a0<\/span><span lang=\"es-ES\">en la pobreza son\u00a0<\/span><span lang=\"es-ES\">o<\/span><span lang=\"es-ES\">bjetivo\u00a0<\/span><span lang=\"es-ES\">desproporcionado<\/span><span lang=\"es-ES\">\u00a0de la aplicaci\u00f3n de\u00a0<\/span><span lang=\"es-ES\">los esfuerzos contra las<\/span><span lang=\"es-ES\">\u00a0drogas. Las estad\u00edsticas tambi\u00e9n muestran que proporciones muy grandes de extranjeros\u00a0<\/span><span lang=\"es-ES\">residentes que acaban<\/span><span lang=\"es-ES\">en prisi\u00f3n son acusados o<\/span><span lang=\"es-ES\">\u00a0condenado<\/span><span lang=\"es-ES\">s<\/span><span lang=\"es-ES\">\u00a0por drogas, especialmente\u00a0<\/span><span lang=\"es-ES\">por tr\u00e1fico<\/span><span lang=\"es-ES\">.<\/span><\/em><\/span><\/p>\n<h3 lang=\"es-ES\"><b>EL DELITO DE DROGAS ES EL PRIMER MOTIVO DE C\u00c1RCEL PARA MUJERES<\/b><\/h3>\n<p lang=\"es-ES\">Las estad\u00edsticas de la prisi\u00f3n muestran que un mayor porcentaje de mujeres que de hombres est\u00e1n en prisi\u00f3n por delitos de drogas. Un estudio de 2012 revel\u00f3 que m\u00e1s de <strong>una de cada cuatro mujeres en Europa y<\/strong> las prisiones de<strong> Asia<\/strong> central fueron encarcelado por delitos de drogas. En muchos pa\u00edses latinoamericanos como<strong>\u00a0Argentina (68,2%), Costa Rica (70%) y Per\u00fa (66,38%)<\/strong>\u00a0las tasas son m\u00e1s altas todav\u00eda.\u00a0<strong>En Ecuador, el 77% de mujeres<\/strong>\u00a0fueron encarceladas por delitos de drogas en comparaci\u00f3n con 33.5% de la prisi\u00f3n masculina.\u00a0<strong>En M\u00e9xico, el 45%<\/strong>\u00a0de las mujeres est\u00e1n presas por realizar trabajos de tr\u00e1fico fronterizo, lo que se conoce como\u00a0<strong>\u201cmula\u201d.<\/strong><\/p>\n<p lang=\"es-ES\"><img decoding=\"async\" src=\"images\/grafica_racial-03.jpg\" alt=\"\" \/><\/p>\n<h3 lang=\"es-ES\"><b>EN EUROPA<\/b><\/h3>\n<p lang=\"es-ES\">Los reclusos fueron condenados principalmente por los siguientes tipos de delitos\u00a0seg\u00fan el informe europeo Space: <strong>delitos relacionados con drogas (18.7%)<\/strong>, hurto (16.2%), homicidio (12.8.%) y robo con violencia (12.6%), una estructura que difiere de la de Espa\u00f1a\u00a0por lamayor representaci\u00f3n de los delitos contra el patrimonio y el orden socioecon\u00f3mico,\u00a0o la suma de\u00a0hurto y robo,\u00a0y los delitos contra la salud p\u00fablica.<\/p>\n<p>En Europa destacan el <strong>39% de presos por delitos de drogas de Italia, <\/strong>seguido del 26%<strong> de Espa\u00f1a<\/strong>,\u00a0quiz\u00e1s motivado por ser los pa\u00edses de elecci\u00f3n del tr\u00e1fico en el mediterr\u00e1neo, ya que no se corresponde con una legislaci\u00f3n m\u00e1s represiva. En su relaci\u00f3n internacional es un contienente eminentemente consumidor de droga, como su tasa de criminalizaci\u00f3n por este motivo indica, pues ya hemos visto que los proveedores pueden duplicar perfectamente estos porcentajes.\u00a0De cara a los adentros de Europa, se genera un efecto similar al ocurrido con la relaci\u00f3n econ\u00f3mica en el globo: el pa\u00eds proveedor o de entrada tiene mayor \u00edndice de criminalidad.<\/p>\n<h3 lang=\"es-ES\"><b>DISTRIBUCI\u00d3N DEL DELITO EN ESPA\u00d1A: UNAS CIFRAS CAMUFLADAS<\/b><\/h3>\n<p lang=\"es-ES\">En Espa\u00f1a, un 22\u20195% de los reclusos lo est\u00e1 por motivos de drogas, si bien esto debemos averiguarlo a trav\u00e9s de cifras de organismos internacionales, en este caso\u00a0<a href=\"http:\/\/wp.unil.ch\/space\/files\/2017\/04\/SPACE_I_2015_FinalReport_161215_REV170425.pdf\">el informe europeo Space<\/a>\u00a02017, pues\u00a0<a href=\"http:\/\/www.institucionpenitenciaria.es\/web\/export\/sites\/default\/datos\/descargables\/publicaciones\/Informe_General_2017_acc.pdf\">los datos nacionales<\/a>\u00a0del Instituto de Penitenciar\u00eda solo reconocen alrededor de un 6% de reclusos, en funci\u00f3n del a\u00f1o, por este motivo. En el caso del informe de la ONU referenciado anteriormente en el art\u00edculo, la cifra que daba para Espa\u00f1a en 2015 era del 26%, todav\u00eda superior a la del informe Space.<\/p>\n<p lang=\"es-ES\">Seg\u00fan el informe de penitenciar\u00eda, \u201clos hombres se encuentran en prisi\u00f3n en aplicaci\u00f3n de la Ley Org\u00e1nica 10\/95 del C\u00f3digo Penal, por los siguientes delitos principalmente: contra el patrimonio y el orden socioecon\u00f3mico (36,2%) y\u00a0<b>contra la salud p\u00fablica (20,1%)<\/b>; a m\u00e1s distancia, los delitos relacionados con violencia de g\u00e9nero (9,5%); homicidio y sus formas (7,5%); contra la libertad sexual (6,7%)\u201d.<\/p>\n<p><span lang=\"es-ES\">Mientras que \u201cl<\/span><span lang=\"es-ES\">as internas que se encuentran en prisi\u00f3n, en aplicaci\u00f3n de la Ley 10\/95 del C\u00f3digo Penal, por los siguientes delitos principalmente: contra el patrimonio y el orden socioecon\u00f3mico (34,6%); y\u00a0<\/span><span lang=\"es-ES\"><b>contra la salud p\u00fablica (32,8%)\u201d<\/b><\/span><span lang=\"es-ES\">.\u00a0<\/span><span lang=\"es-ES\">Lo que no se explica es que al desglosar el delito de drogas de entre los de salud p\u00fablica,\u00a0<\/span><span lang=\"es-ES\">la poblaci\u00f3n de ambos sexos penada por este<\/span><span lang=\"es-ES\">\u00a0quede simplemente en un 6%.<\/span><\/p>\n<h3><span lang=\"es-ES\"><b>LOS DA\u00d1OS SOCIALES DE LA GUERRA CONTRA LAS DROGAS Y LA RELACI\u00d3N ECON\u00d3MICA NORTE-SUR<\/b><br \/>\n<\/span><\/h3>\n<p><span lang=\"es-ES\">A\u00a0la vista de los datos, se demuestra la preeminencia del delito de drogas en sectores de poblaci\u00f3n que se ven\u00a0recurrentemente\u00a0desfavorecidos por la aplicaci\u00f3n de la Guerra Contra las Drogas, v\u00e9anse las mujeres alrededor del globo, los afroamericanos en Estados Unidos, o pa\u00edses en los que est\u00e1 tradicionalmente asentado el narcotr\u00e1fico, cuyo estado compite con poderes paralelos para establecer una econom\u00eda pr\u00f3spera, que impida que sea atractiva la oferta de trabajo ilegal.<\/span><\/p>\n<p><span lang=\"es-ES\">En la medida que la legalizaci\u00f3n no incluye una incorporaci\u00f3n y descriminalizaci\u00f3n de los sectores proveedores a la econom\u00eda, se est\u00e1 cometiendo una injusticia en la relaci\u00f3n econ\u00f3mica entre pa\u00edses, por la cual la demanda de unos repercutir\u00e1 sobre los \u00edndices de criminalidad de otros en materia de drogas, y por ende en la poblaci\u00f3n reclusa.<\/span><\/p>\n<p><span lang=\"es-ES\">As\u00ed mismo<\/span><span lang=\"es-ES\">,\u00a0<\/span><span lang=\"es-ES\">tambi\u00e9n observamos\u00a0<\/span><span lang=\"es-ES\">la relaci\u00f3n entre clases sociales,\u00a0<\/span><span lang=\"es-ES\">que se traduce<\/span><span lang=\"es-ES\">\u00a0en una mayor exposici\u00f3n del populacho a los delitos de tr\u00e1fico, pues\u00a0<\/span><span lang=\"es-ES\">es m\u00e1s f\u00e1cil que est\u00e9<\/span><span lang=\"es-ES\">\u00a0presente el m\u00f3vil<\/span><span lang=\"es-ES\">\u00a0econ\u00f3mico\u00a0<\/span><span lang=\"es-ES\">cuanto menos dinero tengas<\/span><span lang=\"es-ES\">.\u00a0<\/span><span lang=\"es-ES\">Es por esto que<\/span><span lang=\"es-ES\">,\u00a0<\/span><span lang=\"es-ES\">como\u00a0<\/span><span lang=\"es-ES\">en el caso de las\u00a0<\/span><span lang=\"es-ES\">mujeres que hacen de<\/span><span lang=\"es-ES\">\u00a0mulas,\u00a0<\/span><span lang=\"es-ES\">personas<\/span><span lang=\"es-ES\">\u00a0de clase baja se ven expuestas a una oferta laboral mucho mejor que la competencia, sin desaf\u00edo moral alguno m\u00e1s que el de\u00a0<\/span><span lang=\"es-ES\">introducir en otro pa\u00eds<\/span><span lang=\"es-ES\">\u00a0un objeto de lujo para un consumidor de otro poder adquisitivo;\u00a0<\/span><span lang=\"es-ES\">ilegal, eso s\u00ed.<\/span><\/p>\n<p><span lang=\"es-ES\">El tr\u00e1fico de drogas es una de esas relaciones que conservan los viejos poderes del colonialismo y que responden a la estructura econ\u00f3mica del globo, en la medida que se establece una <strong>relaci\u00f3n de producci\u00f3n<\/strong> de materia prima de lujo para exportaci\u00f3n que, lejos de llevar al desarrollo econ\u00f3mico del pa\u00eds, lo sum<\/span><span lang=\"es-ES\">e<\/span><span lang=\"es-ES\">\u00a0todav\u00eda m\u00e1s en<strong> problemas p\u00fablicos<\/strong>, al tener que <strong>penar a altos porcentajes de poblaci\u00f3n<\/strong>.\u00a0<\/span><span lang=\"es-ES\">Esta relaci\u00f3n subordinada, perpetuada por la Guerra contra las drogas, se ceba adem\u00e1s con los grupos hist\u00f3ricamente ya perjudicados, como lo son las mujeres y las minor\u00edas \u00e9tnicas.<\/span><\/p>\n","protected":false},"excerpt":{"rendered":"<span class=\"span-reading-time rt-reading-time\" style=\"display: block;\"><span class=\"rt-label rt-prefix\">Tiempo de lectura:<\/span> <span class=\"rt-time\"> 5<\/span> <span class=\"rt-label rt-postfix\">minutos<\/span><\/span>Las personas perjudicadas por la Guerra contra las Drogas son siempre las mismas. Un art\u00edculo de investigaci\u00f3n sobre cu\u00e1nta poblaci\u00f3n hay presa por delitos de drogas y las partes m\u00e1s perjudicadas: mujeres, minor\u00edas \u00e9tnicas y clases sociales bajas, as\u00ed como los pa\u00edses del sur, m\u00e1s criminalizados.","protected":false},"author":3,"featured_media":1544,"comment_status":"closed","ping_status":"closed","sticky":false,"template":"","format":"standard","meta":{"loftocean-featured-post":"","loftocean_post_format_gallery":"","loftocean_post_format_gallery_ids":"","loftocean_post_format_gallery_urls":"","loftocean_post_format_video_id":"","loftocean_post_format_video_url":"","loftocean_post_format_video_type":"","loftocean_post_format_video":"","loftocean_post_format_audio_type":"","loftocean_post_format_audio_url":"","loftocean_post_format_audio_id":"","loftocean_post_format_audio":"","loftocean_post_format_quote_text":"","loftocean_post_format_quote_byline":"","loftocean_post_format_link_text":"","loftocean_post_format_link_url":"","ceramag_post_header_style":"","ceramag_enable_background_video":"","ceramag_show_in_top_slider":"","ceramag_post_background_video_start":"","ceramag_post_background_video_end":"","loftocean_page_background_video_id":"","loftocean_page_background_video_url":"","loftocean_page_background_video_type":"","loftocean_page_background_video":"","ceramag_background_video_start":"","ceramag_background_video_end":"","ceramag_single_page_hide_header":"","footnotes":""},"categories":[35],"tags":[462,461],"class_list":["post-1541","post","type-post","status-publish","format-standard","has-post-thumbnail","hentry","category-politica-y-sociedad","tag-criminalizacion","tag-guerracontralasdrogas"],"yoast_head":"<!-- This site is optimized with the Yoast SEO plugin v24.9 - https:\/\/yoast.com\/wordpress\/plugins\/seo\/ -->\n<title>PRISI\u00d3N SEXISTA, RACISTA Y DE CLASE EN LA GUERRA CONTRA LAS DROGAS<\/title>\n<meta name=\"description\" content=\"Entrada &#8226; Portal multimedia sobre cannabis y otras sustancias &#8226; 12 julio, 2019\" \/>\n<meta name=\"robots\" content=\"index, follow, max-snippet:-1, max-image-preview:large, max-video-preview:-1\" \/>\n<link rel=\"canonical\" href=\"https:\/\/www.cannabis.es\/pw\/2019\/07\/12\/prision-sexista-racista-y-de-clase-en-la-guerra-contra-las-drogas\/\" \/>\n<meta name=\"twitter:card\" content=\"summary_large_image\" \/>\n<meta name=\"twitter:title\" content=\"PRISI\u00d3N SEXISTA, RACISTA Y DE CLASE EN LA GUERRA CONTRA LAS DROGAS\" \/>\n<meta name=\"twitter:description\" content=\"Entrada &#8226; Portal multimedia sobre cannabis y otras sustancias &#8226; 12 julio, 2019\" \/>\n<meta name=\"twitter:image\" content=\"https:\/\/www.cannabis.es\/pw\/wp-content\/uploads\/2019\/07\/prision.jpg\" \/>\n<meta name=\"twitter:creator\" content=\"@cannabis_es\" \/>\n<meta name=\"twitter:site\" content=\"@cannabis_es\" \/>\n<meta name=\"twitter:label1\" content=\"Escrito por\" \/>\n\t<meta name=\"twitter:data1\" content=\"Cannabis.es\" \/>\n\t<meta name=\"twitter:label2\" content=\"Tiempo de lectura\" \/>\n\t<meta name=\"twitter:data2\" content=\"7 minutos\" \/>\n<script type=\"application\/ld+json\" class=\"yoast-schema-graph\">{\"@context\":\"https:\/\/schema.org\",\"@graph\":[{\"@type\":\"Article\",\"@id\":\"https:\/\/www.cannabis.es\/pw\/2019\/07\/12\/prision-sexista-racista-y-de-clase-en-la-guerra-contra-las-drogas\/#article\",\"isPartOf\":{\"@id\":\"https:\/\/www.cannabis.es\/pw\/2019\/07\/12\/prision-sexista-racista-y-de-clase-en-la-guerra-contra-las-drogas\/\"},\"author\":{\"name\":\"Cannabis.es\",\"@id\":\"https:\/\/www.cannabis.es\/pw\/#\/schema\/person\/ec770c03f3e99d770687f537f4ba1e89\"},\"headline\":\"PRISI\u00d3N SEXISTA, RACISTA Y DE CLASE EN LA GUERRA CONTRA LAS DROGAS\",\"datePublished\":\"2019-07-12T11:47:10+00:00\",\"dateModified\":\"2022-04-05T12:01:35+00:00\",\"mainEntityOfPage\":{\"@id\":\"https:\/\/www.cannabis.es\/pw\/2019\/07\/12\/prision-sexista-racista-y-de-clase-en-la-guerra-contra-las-drogas\/\"},\"wordCount\":1536,\"publisher\":{\"@id\":\"https:\/\/www.cannabis.es\/pw\/#organization\"},\"image\":{\"@id\":\"https:\/\/www.cannabis.es\/pw\/2019\/07\/12\/prision-sexista-racista-y-de-clase-en-la-guerra-contra-las-drogas\/#primaryimage\"},\"thumbnailUrl\":\"https:\/\/www.cannabis.es\/pw\/wp-content\/uploads\/2019\/07\/prision.jpg\",\"keywords\":[\"criminalizaci\u00f3n\",\"guerracontralasdrogas\"],\"articleSection\":[\"Pol\u00edtica y Sociedad\"],\"inLanguage\":\"es\"},{\"@type\":\"WebPage\",\"@id\":\"https:\/\/www.cannabis.es\/pw\/2019\/07\/12\/prision-sexista-racista-y-de-clase-en-la-guerra-contra-las-drogas\/\",\"url\":\"https:\/\/www.cannabis.es\/pw\/2019\/07\/12\/prision-sexista-racista-y-de-clase-en-la-guerra-contra-las-drogas\/\",\"name\":\"PRISI\u00d3N SEXISTA, RACISTA Y DE CLASE EN LA GUERRA CONTRA LAS DROGAS\",\"isPartOf\":{\"@id\":\"https:\/\/www.cannabis.es\/pw\/#website\"},\"primaryImageOfPage\":{\"@id\":\"https:\/\/www.cannabis.es\/pw\/2019\/07\/12\/prision-sexista-racista-y-de-clase-en-la-guerra-contra-las-drogas\/#primaryimage\"},\"image\":{\"@id\":\"https:\/\/www.cannabis.es\/pw\/2019\/07\/12\/prision-sexista-racista-y-de-clase-en-la-guerra-contra-las-drogas\/#primaryimage\"},\"thumbnailUrl\":\"https:\/\/www.cannabis.es\/pw\/wp-content\/uploads\/2019\/07\/prision.jpg\",\"datePublished\":\"2019-07-12T11:47:10+00:00\",\"dateModified\":\"2022-04-05T12:01:35+00:00\",\"description\":\"Entrada &#8226; Portal multimedia sobre cannabis y otras sustancias &#8226; 12 julio, 2019\",\"breadcrumb\":{\"@id\":\"https:\/\/www.cannabis.es\/pw\/2019\/07\/12\/prision-sexista-racista-y-de-clase-en-la-guerra-contra-las-drogas\/#breadcrumb\"},\"inLanguage\":\"es\",\"potentialAction\":[{\"@type\":\"ReadAction\",\"target\":[\"https:\/\/www.cannabis.es\/pw\/2019\/07\/12\/prision-sexista-racista-y-de-clase-en-la-guerra-contra-las-drogas\/\"]}]},{\"@type\":\"ImageObject\",\"inLanguage\":\"es\",\"@id\":\"https:\/\/www.cannabis.es\/pw\/2019\/07\/12\/prision-sexista-racista-y-de-clase-en-la-guerra-contra-las-drogas\/#primaryimage\",\"url\":\"https:\/\/www.cannabis.es\/pw\/wp-content\/uploads\/2019\/07\/prision.jpg\",\"contentUrl\":\"https:\/\/www.cannabis.es\/pw\/wp-content\/uploads\/2019\/07\/prision.jpg\",\"width\":959,\"height\":475},{\"@type\":\"BreadcrumbList\",\"@id\":\"https:\/\/www.cannabis.es\/pw\/2019\/07\/12\/prision-sexista-racista-y-de-clase-en-la-guerra-contra-las-drogas\/#breadcrumb\",\"itemListElement\":[{\"@type\":\"ListItem\",\"position\":1,\"name\":\"Portada\",\"item\":\"http:\/\/www.cannabis.es\/pw\/\"},{\"@type\":\"ListItem\",\"position\":2,\"name\":\"PRISI\u00d3N SEXISTA, RACISTA Y DE CLASE EN LA GUERRA CONTRA LAS DROGAS\"}]},{\"@type\":\"WebSite\",\"@id\":\"https:\/\/www.cannabis.es\/pw\/#website\",\"url\":\"https:\/\/www.cannabis.es\/pw\/\",\"name\":\"Cannabis\",\"description\":\"Portal multimedia sobre cannabis y otras sustancias\",\"publisher\":{\"@id\":\"https:\/\/www.cannabis.es\/pw\/#organization\"},\"potentialAction\":[{\"@type\":\"SearchAction\",\"target\":{\"@type\":\"EntryPoint\",\"urlTemplate\":\"https:\/\/www.cannabis.es\/pw\/?s={search_term_string}\"},\"query-input\":{\"@type\":\"PropertyValueSpecification\",\"valueRequired\":true,\"valueName\":\"search_term_string\"}}],\"inLanguage\":\"es\"},{\"@type\":\"Organization\",\"@id\":\"https:\/\/www.cannabis.es\/pw\/#organization\",\"name\":\"Cannabis.es\",\"url\":\"https:\/\/www.cannabis.es\/pw\/\",\"logo\":{\"@type\":\"ImageObject\",\"inLanguage\":\"es\",\"@id\":\"https:\/\/www.cannabis.es\/pw\/#\/schema\/logo\/image\/\",\"url\":\"https:\/\/www.cannabis.es\/pw\/wp-content\/uploads\/2019\/04\/cropped-logo_cannabis.png\",\"contentUrl\":\"https:\/\/www.cannabis.es\/pw\/wp-content\/uploads\/2019\/04\/cropped-logo_cannabis.png\",\"width\":361,\"height\":120,\"caption\":\"Cannabis.es\"},\"image\":{\"@id\":\"https:\/\/www.cannabis.es\/pw\/#\/schema\/logo\/image\/\"},\"sameAs\":[\"https:\/\/x.com\/cannabis_es\"]},{\"@type\":\"Person\",\"@id\":\"https:\/\/www.cannabis.es\/pw\/#\/schema\/person\/ec770c03f3e99d770687f537f4ba1e89\",\"name\":\"Cannabis.es\",\"image\":{\"@type\":\"ImageObject\",\"inLanguage\":\"es\",\"@id\":\"https:\/\/www.cannabis.es\/pw\/#\/schema\/person\/image\/\",\"url\":\"https:\/\/secure.gravatar.com\/avatar\/810c93a3d6fadc3d9c2665b1d919a4aedea8ed4dd63689d001e985a804e90d83?s=96&d=mm&r=g\",\"contentUrl\":\"https:\/\/secure.gravatar.com\/avatar\/810c93a3d6fadc3d9c2665b1d919a4aedea8ed4dd63689d001e985a804e90d83?s=96&d=mm&r=g\",\"caption\":\"Cannabis.es\"},\"url\":\"https:\/\/www.cannabis.es\/pw\/author\/arnau\/\"}]}<\/script>\n<!-- \/ Yoast SEO plugin. -->","yoast_head_json":{"title":"PRISI\u00d3N SEXISTA, RACISTA Y DE CLASE EN LA GUERRA CONTRA LAS DROGAS","description":"Entrada &#8226; Portal multimedia sobre cannabis y otras sustancias &#8226; 12 julio, 2019","robots":{"index":"index","follow":"follow","max-snippet":"max-snippet:-1","max-image-preview":"max-image-preview:large","max-video-preview":"max-video-preview:-1"},"canonical":"https:\/\/www.cannabis.es\/pw\/2019\/07\/12\/prision-sexista-racista-y-de-clase-en-la-guerra-contra-las-drogas\/","twitter_card":"summary_large_image","twitter_title":"PRISI\u00d3N SEXISTA, RACISTA Y DE CLASE EN LA GUERRA CONTRA LAS DROGAS","twitter_description":"Entrada &#8226; Portal multimedia sobre cannabis y otras sustancias &#8226; 12 julio, 2019","twitter_image":"https:\/\/www.cannabis.es\/pw\/wp-content\/uploads\/2019\/07\/prision.jpg","twitter_creator":"@cannabis_es","twitter_site":"@cannabis_es","twitter_misc":{"Escrito por":"Cannabis.es","Tiempo de lectura":"7 minutos"},"schema":{"@context":"https:\/\/schema.org","@graph":[{"@type":"Article","@id":"https:\/\/www.cannabis.es\/pw\/2019\/07\/12\/prision-sexista-racista-y-de-clase-en-la-guerra-contra-las-drogas\/#article","isPartOf":{"@id":"https:\/\/www.cannabis.es\/pw\/2019\/07\/12\/prision-sexista-racista-y-de-clase-en-la-guerra-contra-las-drogas\/"},"author":{"name":"Cannabis.es","@id":"https:\/\/www.cannabis.es\/pw\/#\/schema\/person\/ec770c03f3e99d770687f537f4ba1e89"},"headline":"PRISI\u00d3N SEXISTA, RACISTA Y DE CLASE EN LA GUERRA CONTRA LAS DROGAS","datePublished":"2019-07-12T11:47:10+00:00","dateModified":"2022-04-05T12:01:35+00:00","mainEntityOfPage":{"@id":"https:\/\/www.cannabis.es\/pw\/2019\/07\/12\/prision-sexista-racista-y-de-clase-en-la-guerra-contra-las-drogas\/"},"wordCount":1536,"publisher":{"@id":"https:\/\/www.cannabis.es\/pw\/#organization"},"image":{"@id":"https:\/\/www.cannabis.es\/pw\/2019\/07\/12\/prision-sexista-racista-y-de-clase-en-la-guerra-contra-las-drogas\/#primaryimage"},"thumbnailUrl":"https:\/\/www.cannabis.es\/pw\/wp-content\/uploads\/2019\/07\/prision.jpg","keywords":["criminalizaci\u00f3n","guerracontralasdrogas"],"articleSection":["Pol\u00edtica y Sociedad"],"inLanguage":"es"},{"@type":"WebPage","@id":"https:\/\/www.cannabis.es\/pw\/2019\/07\/12\/prision-sexista-racista-y-de-clase-en-la-guerra-contra-las-drogas\/","url":"https:\/\/www.cannabis.es\/pw\/2019\/07\/12\/prision-sexista-racista-y-de-clase-en-la-guerra-contra-las-drogas\/","name":"PRISI\u00d3N SEXISTA, RACISTA Y DE CLASE EN LA GUERRA CONTRA LAS DROGAS","isPartOf":{"@id":"https:\/\/www.cannabis.es\/pw\/#website"},"primaryImageOfPage":{"@id":"https:\/\/www.cannabis.es\/pw\/2019\/07\/12\/prision-sexista-racista-y-de-clase-en-la-guerra-contra-las-drogas\/#primaryimage"},"image":{"@id":"https:\/\/www.cannabis.es\/pw\/2019\/07\/12\/prision-sexista-racista-y-de-clase-en-la-guerra-contra-las-drogas\/#primaryimage"},"thumbnailUrl":"https:\/\/www.cannabis.es\/pw\/wp-content\/uploads\/2019\/07\/prision.jpg","datePublished":"2019-07-12T11:47:10+00:00","dateModified":"2022-04-05T12:01:35+00:00","description":"Entrada &#8226; Portal multimedia sobre cannabis y otras sustancias &#8226; 12 julio, 2019","breadcrumb":{"@id":"https:\/\/www.cannabis.es\/pw\/2019\/07\/12\/prision-sexista-racista-y-de-clase-en-la-guerra-contra-las-drogas\/#breadcrumb"},"inLanguage":"es","potentialAction":[{"@type":"ReadAction","target":["https:\/\/www.cannabis.es\/pw\/2019\/07\/12\/prision-sexista-racista-y-de-clase-en-la-guerra-contra-las-drogas\/"]}]},{"@type":"ImageObject","inLanguage":"es","@id":"https:\/\/www.cannabis.es\/pw\/2019\/07\/12\/prision-sexista-racista-y-de-clase-en-la-guerra-contra-las-drogas\/#primaryimage","url":"https:\/\/www.cannabis.es\/pw\/wp-content\/uploads\/2019\/07\/prision.jpg","contentUrl":"https:\/\/www.cannabis.es\/pw\/wp-content\/uploads\/2019\/07\/prision.jpg","width":959,"height":475},{"@type":"BreadcrumbList","@id":"https:\/\/www.cannabis.es\/pw\/2019\/07\/12\/prision-sexista-racista-y-de-clase-en-la-guerra-contra-las-drogas\/#breadcrumb","itemListElement":[{"@type":"ListItem","position":1,"name":"Portada","item":"http:\/\/www.cannabis.es\/pw\/"},{"@type":"ListItem","position":2,"name":"PRISI\u00d3N SEXISTA, RACISTA Y DE CLASE EN LA GUERRA CONTRA LAS DROGAS"}]},{"@type":"WebSite","@id":"https:\/\/www.cannabis.es\/pw\/#website","url":"https:\/\/www.cannabis.es\/pw\/","name":"Cannabis","description":"Portal multimedia sobre cannabis y otras sustancias","publisher":{"@id":"https:\/\/www.cannabis.es\/pw\/#organization"},"potentialAction":[{"@type":"SearchAction","target":{"@type":"EntryPoint","urlTemplate":"https:\/\/www.cannabis.es\/pw\/?s={search_term_string}"},"query-input":{"@type":"PropertyValueSpecification","valueRequired":true,"valueName":"search_term_string"}}],"inLanguage":"es"},{"@type":"Organization","@id":"https:\/\/www.cannabis.es\/pw\/#organization","name":"Cannabis.es","url":"https:\/\/www.cannabis.es\/pw\/","logo":{"@type":"ImageObject","inLanguage":"es","@id":"https:\/\/www.cannabis.es\/pw\/#\/schema\/logo\/image\/","url":"https:\/\/www.cannabis.es\/pw\/wp-content\/uploads\/2019\/04\/cropped-logo_cannabis.png","contentUrl":"https:\/\/www.cannabis.es\/pw\/wp-content\/uploads\/2019\/04\/cropped-logo_cannabis.png","width":361,"height":120,"caption":"Cannabis.es"},"image":{"@id":"https:\/\/www.cannabis.es\/pw\/#\/schema\/logo\/image\/"},"sameAs":["https:\/\/x.com\/cannabis_es"]},{"@type":"Person","@id":"https:\/\/www.cannabis.es\/pw\/#\/schema\/person\/ec770c03f3e99d770687f537f4ba1e89","name":"Cannabis.es","image":{"@type":"ImageObject","inLanguage":"es","@id":"https:\/\/www.cannabis.es\/pw\/#\/schema\/person\/image\/","url":"https:\/\/secure.gravatar.com\/avatar\/810c93a3d6fadc3d9c2665b1d919a4aedea8ed4dd63689d001e985a804e90d83?s=96&d=mm&r=g","contentUrl":"https:\/\/secure.gravatar.com\/avatar\/810c93a3d6fadc3d9c2665b1d919a4aedea8ed4dd63689d001e985a804e90d83?s=96&d=mm&r=g","caption":"Cannabis.es"},"url":"https:\/\/www.cannabis.es\/pw\/author\/arnau\/"}]}},"_links":{"self":[{"href":"https:\/\/www.cannabis.es\/pw\/wp-json\/wp\/v2\/posts\/1541","targetHints":{"allow":["GET"]}}],"collection":[{"href":"https:\/\/www.cannabis.es\/pw\/wp-json\/wp\/v2\/posts"}],"about":[{"href":"https:\/\/www.cannabis.es\/pw\/wp-json\/wp\/v2\/types\/post"}],"author":[{"embeddable":true,"href":"https:\/\/www.cannabis.es\/pw\/wp-json\/wp\/v2\/users\/3"}],"replies":[{"embeddable":true,"href":"https:\/\/www.cannabis.es\/pw\/wp-json\/wp\/v2\/comments?post=1541"}],"version-history":[{"count":6,"href":"https:\/\/www.cannabis.es\/pw\/wp-json\/wp\/v2\/posts\/1541\/revisions"}],"predecessor-version":[{"id":8303,"href":"https:\/\/www.cannabis.es\/pw\/wp-json\/wp\/v2\/posts\/1541\/revisions\/8303"}],"wp:featuredmedia":[{"embeddable":true,"href":"https:\/\/www.cannabis.es\/pw\/wp-json\/wp\/v2\/media\/1544"}],"wp:attachment":[{"href":"https:\/\/www.cannabis.es\/pw\/wp-json\/wp\/v2\/media?parent=1541"}],"wp:term":[{"taxonomy":"category","embeddable":true,"href":"https:\/\/www.cannabis.es\/pw\/wp-json\/wp\/v2\/categories?post=1541"},{"taxonomy":"post_tag","embeddable":true,"href":"https:\/\/www.cannabis.es\/pw\/wp-json\/wp\/v2\/tags?post=1541"}],"curies":[{"name":"wp","href":"https:\/\/api.w.org\/{rel}","templated":true}]}}