{"id":1547,"date":"2019-07-19T13:12:28","date_gmt":"2019-07-19T11:12:28","guid":{"rendered":"http:\/\/www.cannabis.es\/pw\/?p=1547"},"modified":"2020-08-28T13:41:28","modified_gmt":"2020-08-28T11:41:28","slug":"costa-rica-lucha-por-la-legalizacion","status":"publish","type":"post","link":"https:\/\/www.cannabis.es\/pw\/2019\/07\/19\/costa-rica-lucha-por-la-legalizacion\/","title":{"rendered":"COSTA RICA LUCHA POR LA LEGALIZACI\u00d3N"},"content":{"rendered":"<p>Benito D\u00edaz<\/p>\n<p>Desde 2018, en Costa Rica es legal el autocultivo. La Sala III de la Corte Suprema fall\u00f3 a favor de la propuesta que permite la siembra de marihuana para consumo propio y no para la comercializaci\u00f3n. A pesar de ello, la vaguedad de los art\u00edculos y leyes al respecto lleva a contradicciones en el tema jur\u00eddico.<\/p>\n<p>El&nbsp;<b>derecho al autocultivo<\/b>&nbsp;fue reconocido en la sentencia N.\u00b0 481-2018 del 29 de junio del 2018, sobre el caso de un ciudadano de Alajuela, acusado de cultivar cannabis en su vivienda a la vista de las autoridades. Al no poder probar la fiscal\u00eda que se trataba de una plantaci\u00f3n con intenci\u00f3n de venta, Mario Cerdas, que resultaba ser un abogado con la intenci\u00f3n de mostrar que estaba permitido, fue absuelto y la sentencia sent\u00f3 jurisprudencia para todo el Estado.<\/p>\n<p>Fue la llave que abri\u00f3 el&nbsp;<b>camino a la despenalizaci\u00f3n<\/b>&nbsp;exigida por el pueblo costarricense. En marzo de ese mismo a\u00f1o, se crea la asociaci\u00f3n cann\u00e1bica Costa Rica Alchemy.&nbsp;<span style=\"color: #ff6600;\"><i>\u201c<\/i><em>La agrupaci\u00f3n tiene el fin de proteger a las personas de los riesgos asociados al mercado il\u00edcito del cannabis y defender los derechos constitucionales que tienen los consumidores de esta planta<\/em><\/span><i><span style=\"color: #ff6600;\">\u201d<\/span>,<\/i>&nbsp;explic\u00f3 en declaraciones Juan Z\u00fa\u00f1iga, fundador y portavoz.<a href=\"https:\/\/www.facebook.com\/CostaRicaAlchemy\/\">&nbsp;CR Alchemy<\/a>&nbsp;fue la primera asociaci\u00f3n de este tipo con c\u00e9dula de registro civil en Latinoam\u00e9rica.<\/p>\n<p>Las protestas y manifestaciones que han seguido este a\u00f1o al estallido de libertad cann\u00e1bica fueron&nbsp;<b>duramente criticad<\/b><b>a<\/b><b>s por algunas figuras p\u00fablicas<\/b>, como Guillermo Araya, director del Instituto Costarricense sobre Drogas, que afirma que&nbsp;<i>\u201c<\/i><em>la ley no ha cambiado<\/em><i>\u201d,&nbsp;<\/i>ya que<i>&nbsp;\u201c<\/i><em>el art\u00edculo 58 de la 8204 da una pena de entre cinco y ocho a\u00f1os de c\u00e1rcel a qui\u00e9n comercialice o cultive sustancias que est\u00e1n prohibidas\u201d. El director incidi\u00f3 en que \u201clo que hay que hacer<\/em><i>\u201d&nbsp;<\/i>es la reglamentaci\u00f3n<i>&nbsp;\u201c<\/i><em>que regule lo que es uso medicinal<\/em><i>\u201d. \u201c<\/i><em>Desde el punto de vista jur\u00eddico existe esa carencia, pero no nos alejamos de esa posici\u00f3n solidaria, compasiva, hacia personas que puedan complementar sus tratamientos o que sean derivados del cannabis para la producci\u00f3n de medicamentos, pero producci\u00f3n con factura de alta calidad<\/em><i>\u201d,<\/i>a\u00f1adi\u00f3.<i><\/i><\/p>\n<h3><b>SITUACI\u00d3N ACTUAL<\/b><\/h3>\n<p>La legalidad en cuanto al cannabis es confusa en Costa Rica. La ley No. 8204 declara ilegal vender y producir marihuana a gran escala. Tambi\u00e9n es ilegal trasportar o hallarse en posesi\u00f3n de cannabis \u201c<em>en m\u00e1s de una peque\u00f1a dosis\u201d<\/em>. Sin embargo, no se certifica qu\u00e9 cantidad de cannabis ser\u00e1 calificada como \u201c<em>peque\u00f1a dosis<\/em>\u201d, o si es legal cultivar la planta para uso personal.<\/p>\n<p>En la calle, la polic\u00eda suele incautar o confiscar cantidades de entre uno y ocho gramos. Llegado el caso, se proceder\u00e1 al arresto si la cantidad es mayor.<\/p>\n<p>Costa Rica es uno de los pa\u00edses latinoamericanos que cuenta con una mejor aceptaci\u00f3n del p\u00fablico al consumo de marihuana, llegando a aceptar de hecho la despenalizaci\u00f3n de su consumo privado.<\/p>\n<p>Muchos pacientes con dolor cr\u00f3nico o enfermedades neurodegenerativas ya recurren al&nbsp;<b>cultivo personal<\/b>&nbsp;para atender sus dolencias,&nbsp;<b>ante<\/b>&nbsp;la ausencia o laxitud de las actuales&nbsp;<b>legislaciones<\/b>, que impiden la comercializaci\u00f3n de preparados terap\u00e9uticos a base de cannabis.<\/p>\n<p>Costa Rica Alchemy produce cremas, pomadas y aceites con base de cannabis para atender a enfermos que no pueden acceder a ellos. Su venta est\u00e1 prohibida, pero s\u00ed aceptan donaciones.&nbsp;<span style=\"color: #ff6600;\"><i>\u201c<\/i><em>No queremos ponerle precio a la salud de las personas, nos interesa m\u00e1s ayudar a los pacientes aprovechando los beneficios de esta planta<\/em><\/span><i><span style=\"color: #ff6600;\">\u201d<\/span>,&nbsp;<\/i>explic\u00f3 Z\u00fa\u00f1iga.<\/p>\n<p>Seg\u00fan los informes, existen alrededor de 20 asociaciones en CR dedicadas a la difusi\u00f3n de informaci\u00f3n sobre el uso medicinal y el autocultivo del cannabis.&nbsp;<i>\u201cLa idea es crear una&nbsp;<\/i><i><b>gran federaci\u00f3n<\/b><\/i><i>, toda vez que las asociaciones se formalicen y tenga c\u00e9dula jur\u00eddica<\/i>\u201d, indic\u00f3 el portavoz.<\/p>\n","protected":false},"excerpt":{"rendered":"<span class=\"span-reading-time rt-reading-time\" style=\"display: block;\"><span class=\"rt-label rt-prefix\">Tiempo de lectura:<\/span> <span class=\"rt-time\"> 2<\/span> <span class=\"rt-label rt-postfix\">minutos<\/span><\/span>Desde 2018, en Costa Rica es legal el autocultivo. La Sala III de la Corte Suprema fall\u00f3 a favor de la propuesta que permite la siembra de marihuana para consumo propio y no para la comercializaci\u00f3n. A pesar de ello, la vaguedad de los art\u00edculos y leyes al respecto lleva a contradicciones en el tema jur\u00eddico.","protected":false},"author":3,"featured_media":1548,"comment_status":"closed","ping_status":"closed","sticky":false,"template":"","format":"standard","meta":{"loftocean-featured-post":"","loftocean_post_format_gallery":"","loftocean_post_format_gallery_ids":"","loftocean_post_format_gallery_urls":"","loftocean_post_format_video_id":"","loftocean_post_format_video_url":"","loftocean_post_format_video_type":"","loftocean_post_format_video":"","loftocean_post_format_audio_type":"","loftocean_post_format_audio_url":"","loftocean_post_format_audio_id":"","loftocean_post_format_audio":"","loftocean_post_format_quote_text":"","loftocean_post_format_quote_byline":"","loftocean_post_format_link_text":"","loftocean_post_format_link_url":"","ceramag_post_header_style":"","ceramag_enable_background_video":"","ceramag_show_in_top_slider":"","ceramag_post_background_video_start":"","ceramag_post_background_video_end":"","loftocean_page_background_video_id":"","loftocean_page_background_video_url":"","loftocean_page_background_video_type":"","loftocean_page_background_video":"","ceramag_background_video_start":"","ceramag_background_video_end":"","ceramag_single_page_hide_header":"","footnotes":""},"categories":[35],"tags":[66,43,467,54,55],"class_list":["post-1547","post","type-post","status-publish","format-standard","has-post-thumbnail","hentry","category-politica-y-sociedad","tag-autocultivo","tag-benito-diaz","tag-costa-rica","tag-legalizacion","tag-regulacion"],"yoast_head":"<!-- This site is optimized with the Yoast SEO plugin v24.9 - https:\/\/yoast.com\/wordpress\/plugins\/seo\/ -->\n<title>COSTA RICA LUCHA POR LA LEGALIZACI\u00d3N<\/title>\n<meta name=\"description\" content=\"Entrada &#8226; Portal multimedia sobre cannabis y otras sustancias &#8226; 19 julio, 2019\" \/>\n<meta name=\"robots\" content=\"index, follow, max-snippet:-1, max-image-preview:large, max-video-preview:-1\" \/>\n<link rel=\"canonical\" href=\"https:\/\/www.cannabis.es\/pw\/2019\/07\/19\/costa-rica-lucha-por-la-legalizacion\/\" \/>\n<meta name=\"twitter:card\" content=\"summary_large_image\" \/>\n<meta name=\"twitter:title\" content=\"COSTA RICA LUCHA POR LA LEGALIZACI\u00d3N\" \/>\n<meta name=\"twitter:description\" content=\"Entrada &#8226; Portal multimedia sobre cannabis y otras sustancias &#8226; 19 julio, 2019\" \/>\n<meta name=\"twitter:image\" content=\"https:\/\/www.cannabis.es\/pw\/wp-content\/uploads\/2019\/07\/PORTADA_CANNABISES_COSTA_RICA_LEY.jpg\" \/>\n<meta name=\"twitter:creator\" content=\"@cannabis_es\" \/>\n<meta name=\"twitter:site\" content=\"@cannabis_es\" \/>\n<meta name=\"twitter:label1\" content=\"Escrito por\" \/>\n\t<meta name=\"twitter:data1\" content=\"Cannabis.es\" \/>\n\t<meta name=\"twitter:label2\" content=\"Tiempo de lectura\" \/>\n\t<meta name=\"twitter:data2\" content=\"3 minutos\" \/>\n<script type=\"application\/ld+json\" class=\"yoast-schema-graph\">{\"@context\":\"https:\/\/schema.org\",\"@graph\":[{\"@type\":\"Article\",\"@id\":\"https:\/\/www.cannabis.es\/pw\/2019\/07\/19\/costa-rica-lucha-por-la-legalizacion\/#article\",\"isPartOf\":{\"@id\":\"https:\/\/www.cannabis.es\/pw\/2019\/07\/19\/costa-rica-lucha-por-la-legalizacion\/\"},\"author\":{\"name\":\"Cannabis.es\",\"@id\":\"https:\/\/www.cannabis.es\/pw\/#\/schema\/person\/ec770c03f3e99d770687f537f4ba1e89\"},\"headline\":\"COSTA RICA LUCHA POR LA LEGALIZACI\u00d3N\",\"datePublished\":\"2019-07-19T11:12:28+00:00\",\"dateModified\":\"2020-08-28T11:41:28+00:00\",\"mainEntityOfPage\":{\"@id\":\"https:\/\/www.cannabis.es\/pw\/2019\/07\/19\/costa-rica-lucha-por-la-legalizacion\/\"},\"wordCount\":694,\"publisher\":{\"@id\":\"https:\/\/www.cannabis.es\/pw\/#organization\"},\"image\":{\"@id\":\"https:\/\/www.cannabis.es\/pw\/2019\/07\/19\/costa-rica-lucha-por-la-legalizacion\/#primaryimage\"},\"thumbnailUrl\":\"https:\/\/www.cannabis.es\/pw\/wp-content\/uploads\/2019\/07\/PORTADA_CANNABISES_COSTA_RICA_LEY.jpg\",\"keywords\":[\"autocultivo\",\"Benito D\u00edaz\",\"Costa Rica\",\"legalizaci\u00f3n\",\"regulaci\u00f3n\"],\"articleSection\":[\"Pol\u00edtica y Sociedad\"],\"inLanguage\":\"es\"},{\"@type\":\"WebPage\",\"@id\":\"https:\/\/www.cannabis.es\/pw\/2019\/07\/19\/costa-rica-lucha-por-la-legalizacion\/\",\"url\":\"https:\/\/www.cannabis.es\/pw\/2019\/07\/19\/costa-rica-lucha-por-la-legalizacion\/\",\"name\":\"COSTA RICA LUCHA POR LA LEGALIZACI\u00d3N\",\"isPartOf\":{\"@id\":\"https:\/\/www.cannabis.es\/pw\/#website\"},\"primaryImageOfPage\":{\"@id\":\"https:\/\/www.cannabis.es\/pw\/2019\/07\/19\/costa-rica-lucha-por-la-legalizacion\/#primaryimage\"},\"image\":{\"@id\":\"https:\/\/www.cannabis.es\/pw\/2019\/07\/19\/costa-rica-lucha-por-la-legalizacion\/#primaryimage\"},\"thumbnailUrl\":\"https:\/\/www.cannabis.es\/pw\/wp-content\/uploads\/2019\/07\/PORTADA_CANNABISES_COSTA_RICA_LEY.jpg\",\"datePublished\":\"2019-07-19T11:12:28+00:00\",\"dateModified\":\"2020-08-28T11:41:28+00:00\",\"description\":\"Entrada &#8226; Portal multimedia sobre cannabis y otras sustancias &#8226; 19 julio, 2019\",\"breadcrumb\":{\"@id\":\"https:\/\/www.cannabis.es\/pw\/2019\/07\/19\/costa-rica-lucha-por-la-legalizacion\/#breadcrumb\"},\"inLanguage\":\"es\",\"potentialAction\":[{\"@type\":\"ReadAction\",\"target\":[\"https:\/\/www.cannabis.es\/pw\/2019\/07\/19\/costa-rica-lucha-por-la-legalizacion\/\"]}]},{\"@type\":\"ImageObject\",\"inLanguage\":\"es\",\"@id\":\"https:\/\/www.cannabis.es\/pw\/2019\/07\/19\/costa-rica-lucha-por-la-legalizacion\/#primaryimage\",\"url\":\"https:\/\/www.cannabis.es\/pw\/wp-content\/uploads\/2019\/07\/PORTADA_CANNABISES_COSTA_RICA_LEY.jpg\",\"contentUrl\":\"https:\/\/www.cannabis.es\/pw\/wp-content\/uploads\/2019\/07\/PORTADA_CANNABISES_COSTA_RICA_LEY.jpg\",\"width\":959,\"height\":475},{\"@type\":\"BreadcrumbList\",\"@id\":\"https:\/\/www.cannabis.es\/pw\/2019\/07\/19\/costa-rica-lucha-por-la-legalizacion\/#breadcrumb\",\"itemListElement\":[{\"@type\":\"ListItem\",\"position\":1,\"name\":\"Portada\",\"item\":\"http:\/\/www.cannabis.es\/pw\/\"},{\"@type\":\"ListItem\",\"position\":2,\"name\":\"COSTA RICA LUCHA POR LA LEGALIZACI\u00d3N\"}]},{\"@type\":\"WebSite\",\"@id\":\"https:\/\/www.cannabis.es\/pw\/#website\",\"url\":\"https:\/\/www.cannabis.es\/pw\/\",\"name\":\"Cannabis\",\"description\":\"Portal multimedia sobre cannabis y otras sustancias\",\"publisher\":{\"@id\":\"https:\/\/www.cannabis.es\/pw\/#organization\"},\"potentialAction\":[{\"@type\":\"SearchAction\",\"target\":{\"@type\":\"EntryPoint\",\"urlTemplate\":\"https:\/\/www.cannabis.es\/pw\/?s={search_term_string}\"},\"query-input\":{\"@type\":\"PropertyValueSpecification\",\"valueRequired\":true,\"valueName\":\"search_term_string\"}}],\"inLanguage\":\"es\"},{\"@type\":\"Organization\",\"@id\":\"https:\/\/www.cannabis.es\/pw\/#organization\",\"name\":\"Cannabis.es\",\"url\":\"https:\/\/www.cannabis.es\/pw\/\",\"logo\":{\"@type\":\"ImageObject\",\"inLanguage\":\"es\",\"@id\":\"https:\/\/www.cannabis.es\/pw\/#\/schema\/logo\/image\/\",\"url\":\"https:\/\/www.cannabis.es\/pw\/wp-content\/uploads\/2019\/04\/cropped-logo_cannabis.png\",\"contentUrl\":\"https:\/\/www.cannabis.es\/pw\/wp-content\/uploads\/2019\/04\/cropped-logo_cannabis.png\",\"width\":361,\"height\":120,\"caption\":\"Cannabis.es\"},\"image\":{\"@id\":\"https:\/\/www.cannabis.es\/pw\/#\/schema\/logo\/image\/\"},\"sameAs\":[\"https:\/\/x.com\/cannabis_es\"]},{\"@type\":\"Person\",\"@id\":\"https:\/\/www.cannabis.es\/pw\/#\/schema\/person\/ec770c03f3e99d770687f537f4ba1e89\",\"name\":\"Cannabis.es\",\"image\":{\"@type\":\"ImageObject\",\"inLanguage\":\"es\",\"@id\":\"https:\/\/www.cannabis.es\/pw\/#\/schema\/person\/image\/\",\"url\":\"https:\/\/secure.gravatar.com\/avatar\/810c93a3d6fadc3d9c2665b1d919a4aedea8ed4dd63689d001e985a804e90d83?s=96&d=mm&r=g\",\"contentUrl\":\"https:\/\/secure.gravatar.com\/avatar\/810c93a3d6fadc3d9c2665b1d919a4aedea8ed4dd63689d001e985a804e90d83?s=96&d=mm&r=g\",\"caption\":\"Cannabis.es\"},\"url\":\"https:\/\/www.cannabis.es\/pw\/author\/arnau\/\"}]}<\/script>\n<!-- \/ Yoast SEO plugin. -->","yoast_head_json":{"title":"COSTA RICA LUCHA POR LA LEGALIZACI\u00d3N","description":"Entrada &#8226; Portal multimedia sobre cannabis y otras sustancias &#8226; 19 julio, 2019","robots":{"index":"index","follow":"follow","max-snippet":"max-snippet:-1","max-image-preview":"max-image-preview:large","max-video-preview":"max-video-preview:-1"},"canonical":"https:\/\/www.cannabis.es\/pw\/2019\/07\/19\/costa-rica-lucha-por-la-legalizacion\/","twitter_card":"summary_large_image","twitter_title":"COSTA RICA LUCHA POR LA LEGALIZACI\u00d3N","twitter_description":"Entrada &#8226; Portal multimedia sobre cannabis y otras sustancias &#8226; 19 julio, 2019","twitter_image":"https:\/\/www.cannabis.es\/pw\/wp-content\/uploads\/2019\/07\/PORTADA_CANNABISES_COSTA_RICA_LEY.jpg","twitter_creator":"@cannabis_es","twitter_site":"@cannabis_es","twitter_misc":{"Escrito por":"Cannabis.es","Tiempo de lectura":"3 minutos"},"schema":{"@context":"https:\/\/schema.org","@graph":[{"@type":"Article","@id":"https:\/\/www.cannabis.es\/pw\/2019\/07\/19\/costa-rica-lucha-por-la-legalizacion\/#article","isPartOf":{"@id":"https:\/\/www.cannabis.es\/pw\/2019\/07\/19\/costa-rica-lucha-por-la-legalizacion\/"},"author":{"name":"Cannabis.es","@id":"https:\/\/www.cannabis.es\/pw\/#\/schema\/person\/ec770c03f3e99d770687f537f4ba1e89"},"headline":"COSTA RICA LUCHA POR LA LEGALIZACI\u00d3N","datePublished":"2019-07-19T11:12:28+00:00","dateModified":"2020-08-28T11:41:28+00:00","mainEntityOfPage":{"@id":"https:\/\/www.cannabis.es\/pw\/2019\/07\/19\/costa-rica-lucha-por-la-legalizacion\/"},"wordCount":694,"publisher":{"@id":"https:\/\/www.cannabis.es\/pw\/#organization"},"image":{"@id":"https:\/\/www.cannabis.es\/pw\/2019\/07\/19\/costa-rica-lucha-por-la-legalizacion\/#primaryimage"},"thumbnailUrl":"https:\/\/www.cannabis.es\/pw\/wp-content\/uploads\/2019\/07\/PORTADA_CANNABISES_COSTA_RICA_LEY.jpg","keywords":["autocultivo","Benito D\u00edaz","Costa Rica","legalizaci\u00f3n","regulaci\u00f3n"],"articleSection":["Pol\u00edtica y Sociedad"],"inLanguage":"es"},{"@type":"WebPage","@id":"https:\/\/www.cannabis.es\/pw\/2019\/07\/19\/costa-rica-lucha-por-la-legalizacion\/","url":"https:\/\/www.cannabis.es\/pw\/2019\/07\/19\/costa-rica-lucha-por-la-legalizacion\/","name":"COSTA RICA LUCHA POR LA LEGALIZACI\u00d3N","isPartOf":{"@id":"https:\/\/www.cannabis.es\/pw\/#website"},"primaryImageOfPage":{"@id":"https:\/\/www.cannabis.es\/pw\/2019\/07\/19\/costa-rica-lucha-por-la-legalizacion\/#primaryimage"},"image":{"@id":"https:\/\/www.cannabis.es\/pw\/2019\/07\/19\/costa-rica-lucha-por-la-legalizacion\/#primaryimage"},"thumbnailUrl":"https:\/\/www.cannabis.es\/pw\/wp-content\/uploads\/2019\/07\/PORTADA_CANNABISES_COSTA_RICA_LEY.jpg","datePublished":"2019-07-19T11:12:28+00:00","dateModified":"2020-08-28T11:41:28+00:00","description":"Entrada &#8226; Portal multimedia sobre cannabis y otras sustancias &#8226; 19 julio, 2019","breadcrumb":{"@id":"https:\/\/www.cannabis.es\/pw\/2019\/07\/19\/costa-rica-lucha-por-la-legalizacion\/#breadcrumb"},"inLanguage":"es","potentialAction":[{"@type":"ReadAction","target":["https:\/\/www.cannabis.es\/pw\/2019\/07\/19\/costa-rica-lucha-por-la-legalizacion\/"]}]},{"@type":"ImageObject","inLanguage":"es","@id":"https:\/\/www.cannabis.es\/pw\/2019\/07\/19\/costa-rica-lucha-por-la-legalizacion\/#primaryimage","url":"https:\/\/www.cannabis.es\/pw\/wp-content\/uploads\/2019\/07\/PORTADA_CANNABISES_COSTA_RICA_LEY.jpg","contentUrl":"https:\/\/www.cannabis.es\/pw\/wp-content\/uploads\/2019\/07\/PORTADA_CANNABISES_COSTA_RICA_LEY.jpg","width":959,"height":475},{"@type":"BreadcrumbList","@id":"https:\/\/www.cannabis.es\/pw\/2019\/07\/19\/costa-rica-lucha-por-la-legalizacion\/#breadcrumb","itemListElement":[{"@type":"ListItem","position":1,"name":"Portada","item":"http:\/\/www.cannabis.es\/pw\/"},{"@type":"ListItem","position":2,"name":"COSTA RICA LUCHA POR LA LEGALIZACI\u00d3N"}]},{"@type":"WebSite","@id":"https:\/\/www.cannabis.es\/pw\/#website","url":"https:\/\/www.cannabis.es\/pw\/","name":"Cannabis","description":"Portal multimedia sobre cannabis y otras sustancias","publisher":{"@id":"https:\/\/www.cannabis.es\/pw\/#organization"},"potentialAction":[{"@type":"SearchAction","target":{"@type":"EntryPoint","urlTemplate":"https:\/\/www.cannabis.es\/pw\/?s={search_term_string}"},"query-input":{"@type":"PropertyValueSpecification","valueRequired":true,"valueName":"search_term_string"}}],"inLanguage":"es"},{"@type":"Organization","@id":"https:\/\/www.cannabis.es\/pw\/#organization","name":"Cannabis.es","url":"https:\/\/www.cannabis.es\/pw\/","logo":{"@type":"ImageObject","inLanguage":"es","@id":"https:\/\/www.cannabis.es\/pw\/#\/schema\/logo\/image\/","url":"https:\/\/www.cannabis.es\/pw\/wp-content\/uploads\/2019\/04\/cropped-logo_cannabis.png","contentUrl":"https:\/\/www.cannabis.es\/pw\/wp-content\/uploads\/2019\/04\/cropped-logo_cannabis.png","width":361,"height":120,"caption":"Cannabis.es"},"image":{"@id":"https:\/\/www.cannabis.es\/pw\/#\/schema\/logo\/image\/"},"sameAs":["https:\/\/x.com\/cannabis_es"]},{"@type":"Person","@id":"https:\/\/www.cannabis.es\/pw\/#\/schema\/person\/ec770c03f3e99d770687f537f4ba1e89","name":"Cannabis.es","image":{"@type":"ImageObject","inLanguage":"es","@id":"https:\/\/www.cannabis.es\/pw\/#\/schema\/person\/image\/","url":"https:\/\/secure.gravatar.com\/avatar\/810c93a3d6fadc3d9c2665b1d919a4aedea8ed4dd63689d001e985a804e90d83?s=96&d=mm&r=g","contentUrl":"https:\/\/secure.gravatar.com\/avatar\/810c93a3d6fadc3d9c2665b1d919a4aedea8ed4dd63689d001e985a804e90d83?s=96&d=mm&r=g","caption":"Cannabis.es"},"url":"https:\/\/www.cannabis.es\/pw\/author\/arnau\/"}]}},"_links":{"self":[{"href":"https:\/\/www.cannabis.es\/pw\/wp-json\/wp\/v2\/posts\/1547","targetHints":{"allow":["GET"]}}],"collection":[{"href":"https:\/\/www.cannabis.es\/pw\/wp-json\/wp\/v2\/posts"}],"about":[{"href":"https:\/\/www.cannabis.es\/pw\/wp-json\/wp\/v2\/types\/post"}],"author":[{"embeddable":true,"href":"https:\/\/www.cannabis.es\/pw\/wp-json\/wp\/v2\/users\/3"}],"replies":[{"embeddable":true,"href":"https:\/\/www.cannabis.es\/pw\/wp-json\/wp\/v2\/comments?post=1547"}],"version-history":[{"count":2,"href":"https:\/\/www.cannabis.es\/pw\/wp-json\/wp\/v2\/posts\/1547\/revisions"}],"predecessor-version":[{"id":5969,"href":"https:\/\/www.cannabis.es\/pw\/wp-json\/wp\/v2\/posts\/1547\/revisions\/5969"}],"wp:featuredmedia":[{"embeddable":true,"href":"https:\/\/www.cannabis.es\/pw\/wp-json\/wp\/v2\/media\/1548"}],"wp:attachment":[{"href":"https:\/\/www.cannabis.es\/pw\/wp-json\/wp\/v2\/media?parent=1547"}],"wp:term":[{"taxonomy":"category","embeddable":true,"href":"https:\/\/www.cannabis.es\/pw\/wp-json\/wp\/v2\/categories?post=1547"},{"taxonomy":"post_tag","embeddable":true,"href":"https:\/\/www.cannabis.es\/pw\/wp-json\/wp\/v2\/tags?post=1547"}],"curies":[{"name":"wp","href":"https:\/\/api.w.org\/{rel}","templated":true}]}}