{"id":1551,"date":"2019-07-24T13:11:38","date_gmt":"2019-07-24T11:11:38","guid":{"rendered":"http:\/\/www.cannabis.es\/pw\/?p=1551"},"modified":"2020-08-28T13:40:34","modified_gmt":"2020-08-28T11:40:34","slug":"evitar-el-mildiu-en-el-cultivo-y-diferenciarlo-del-oidio","status":"publish","type":"post","link":"https:\/\/www.cannabis.es\/pw\/2019\/07\/24\/evitar-el-mildiu-en-el-cultivo-y-diferenciarlo-del-oidio\/","title":{"rendered":"EVITAR EL MILDIU EN EL CULTIVO Y DIFERENCIARLO DEL O\u00cdDIO"},"content":{"rendered":"<p class=\"western\">\nRam\u00f3n Souto<\/p>\n<p>En este nuevo art\u00edculo de la secci\u00f3n de hongos, vamos a mencionar al mildiu. Es importante distinguirlo, ya que&nbsp;<b>muchos cultivadores lo confunden con el o\u00eddio<\/b>.<\/p>\n<p class=\"western\">M\u00e1s<b>&nbsp;com\u00fan e<\/b><b>n<\/b><b>&nbsp;los cultivos de interior o invernadero<\/b>, nos requerir\u00e1 tener controlados los par\u00e1metros de temperatura y humedad. Aunque tiene la caracter\u00edstica de que puede permanecer en estado latente durante un largo per\u00edodo de tiempo.<\/p>\n<p class=\"western\">Es un cultivo muy da\u00f1ino, y no solo para el cannabis: los cultivos agr\u00edcolas como la patata o el tabaco tambi\u00e9n son propensos a sus ataques.<\/p>\n<p class=\"western\"><img decoding=\"async\" src=\"https:\/\/www.cannabis.es\/web\/images\/IMG-20190724-WA0001.jpg\" alt=\"IMG-20190724-WA0001.jpg\"><\/p>\n<h3 class=\"western\"><b>\u00bfQU\u00c9 ES EL MILDIU?<\/b><\/h3>\n<p class=\"western\">El mildiu es una enfermedad criptog\u00e1mica (causada por un hongo) que desarrolla hifas f\u00fangicas que proliferan en los tejidos vegetales de la planta.<\/p>\n<p class=\"western\">Durante el siglo XIX, Inglaterra y Francia manten\u00edan relaciones comerciales con el continente americano.&nbsp;<b>En una importaci\u00f3n de vides se introdujo<\/b>&nbsp;el endopar\u00e1sito en nuestro continente.<\/p>\n<p class=\"western\">Cuando las temperaturas (12 &#8211; 35\u00baC) son c\u00e1lidas, comienza a manifestarse. En&nbsp;<b>primavera&nbsp;<\/b>debemos estar atentos, ya que es su \u00e9poca de mayor esplendor. Sin embargo, con temperaturas por debajo de los 10\u00baC o por encima de los 35\u00baC no se desarrolla, entra en una especie de letargo.<\/p>\n<p class=\"western\"><b>\u00bfC\u00f3mo reconocer un ataque de Mildiu?<\/b><\/p>\n<p class=\"western\">Las hojas adquieren un color amarillento, pudiendo llegar a marr\u00f3n y marchit\u00e1ndose.<\/p>\n<p class=\"western\">Aparecen unas manchas en el haz de la hojas, blancas o amarillentas, que en algunas ocasiones llegan a ser trasl\u00facidas.<\/p>\n<p class=\"western\">Produce un polvo o pelusilla por el env\u00e9s de las hojas. Si la humedad relativa es la id\u00f3nea, se reproducir\u00e1 r\u00e1pidamente.<\/p>\n<h3 class=\"western\"><b>DIERENCI\u00c1NDOLO DEL<\/b><b>&nbsp;O\u00cdDIO<\/b><\/h3>\n<p class=\"western\">Es muy sencillo confundirlos cuando llevamos poco tiempo cultivando, ya que ambos son muy parecidos.El&nbsp;<b>o\u00eddio&nbsp;<\/b>\u00fanicamente ataca la&nbsp;<b>superficie<\/b>&nbsp;de las hojas, la flores y los tallos, mientras que el&nbsp;<b>mildiu penetra<\/b>&nbsp;en los tejidos vegetales, causando importantes da\u00f1os. Se suele mostrar en las&nbsp;<b>partes a\u00e9reas&nbsp;<\/b>de las plantas.<\/p>\n<p class=\"western\">Otra caracter\u00edstica es que las&nbsp;<b>manchas<\/b>&nbsp;de las hojas del mildiu son&nbsp;<b>amarillas en el haz<\/b>&nbsp;y&nbsp;<b>blancas en el env\u00e9s<\/b>, mientras que, el&nbsp;<b>o\u00eddio<\/b>&nbsp;manifestar\u00e1&nbsp;<b>manchas blancas en el haz<\/b>&nbsp;de las hojas.&nbsp;Los da\u00f1os de ambos son muy similares, por eso llevan a confusi\u00f3n.<\/p>\n<p><img decoding=\"async\" src=\"https:\/\/www.cannabis.es\/web\/images\/IMG-20190724-WA0000.jpg\" alt=\"IMG-20190724-WA0000.jpg\"><\/p>\n<h3 class=\"western\"><b>\u00bfC\u00d3MO PREVENIR EL MILDIU?<\/b><\/h3>\n<ul>\n<li class=\"western\">La limpieza e higiene en el cultivo es uno de los factores m\u00e1s importantes a la hora de prevenir. Se deben recoger todas las hojas y restos vegetales que vayan cayendo en el suelo y macetas.<\/li>\n<li class=\"western\">Podemos usar productos preventivos como la cola de caballo o prop\u00f3leos cada dos semanas.<\/li>\n<li class=\"western\">Se debe controlar la humedad para que no suba demasiado: con un deshumificador podemos regularla y mantenerla constante.<\/li>\n<li class=\"western\">La temperatura es otro factor a tener en cuenta; teniendo unos buenos ventiladores y un sistema de intracci\u00f3n y extracci\u00f3n de aire nos basta.<\/li>\n<li class=\"western\">El uso de sublimadores \/ quemadores de azufre es otro m\u00e9todo de prevenci\u00f3n.<\/li>\n<li class=\"western\">Un abuso excesivo de nitr\u00f3geno puede favorecer la aparici\u00f3n de hongos.<\/li>\n<li class=\"western\">Realizar podas bajeras para mejorar la ventilaci\u00f3n en la parte baja del cultivo y que no se formen bolsas de humedad.<\/li>\n<li class=\"western\">Si tenemos varias salas de cultivo y unas est\u00e1n afectadas y otras no, lo mejor es cambiarse de ropa al pasar entre salas. Si no, podemos arrastrar las esporas e infectar los otros cultivos.<\/li>\n<\/ul>\n<p class=\"western\"><b>\u00bfC\u00f3mo eliminar el Mildiu de mi cultivo?<\/b><\/p>\n<p class=\"western\">Para eliminar el mildiu de una forma 100% efectiva necesitaremos echar mano a&nbsp;<strong>fungicidas qu\u00edmicos<\/strong>. Los fungicidas a base de triazoles, imazalil, clorotanolil o miclobutanil son efectivos contra el mildiu y el o\u00eddio.Los fungicidas c\u00fapricos micronizados y los basados en oxicloruro de cobre tambi\u00e9n van bien para estos menesteres.<\/p>\n<p class=\"western\">Como<strong>&nbsp;lucha biol\u00f3gica<\/strong>&nbsp;se puede usar la mariquita amarilla de 22 puntos (Thea vintigiduopunctata), que se alimenta a base de hongos (o\u00eddio y mildiu).&nbsp;Los ataques de hongos son muy perjudiciales para nuestras cosechas, pudi\u00e9ndolas dejar inservibles o muy mermadas.. Por eso es siempre muy importante la prevenci\u00f3n, al igual que el uso de los productos m\u00e1s adecuados del mercado.<\/p>\n<p class=\"western\">Ante cualquier duda de lo que puede ser lo que padezc\u00e1is en vuestros cultivos,&nbsp;<strong>lo mejor es que pregunt\u00e9is<\/strong>&nbsp;a profesionales (foros, p\u00e1ginas webs, blogs\u2026) o acud\u00e1is a vuestro growshop de confianza. Os aconsejo siempre llevar con vosotros&nbsp;<strong>fotos<\/strong>&nbsp;(de calidad \u00f3ptima) del hongo o plaga, as\u00ed siempre les ser\u00e1 m\u00e1s f\u00e1cil ayudaros.<\/p>\n<p class=\"western\">Si ten\u00e9is cualquier duda de cultivo,&nbsp;<strong>recordad que hemos abierto un consultorio en cannabis.es<\/strong>&nbsp;para que cualquier lector pueda acercarnos sus dudas. Estar\u00e9 encantado de ayudaros e intentar mejorar vuestros cultivos si est\u00e1 en mi mano.<\/p>\n<p class=\"western\">Os deseo los mejores humos y seguimos cultivando nuestras ideas.<\/p>\n","protected":false},"excerpt":{"rendered":"<span class=\"span-reading-time rt-reading-time\" style=\"display: block;\"><span class=\"rt-label rt-prefix\">Tiempo de lectura:<\/span> <span class=\"rt-time\"> 3<\/span> <span class=\"rt-label rt-postfix\">minutos<\/span><\/span>En este nuevo art\u00edculo de la secci\u00f3n de hongos, vamos a mencionar al mildiu. Es importante distinguirlo, ya que\u00a0muchos cultivadores lo confunden con el o\u00eddio.","protected":false},"author":3,"featured_media":1552,"comment_status":"closed","ping_status":"closed","sticky":false,"template":"","format":"standard","meta":{"loftocean-featured-post":"","loftocean_post_format_gallery":"","loftocean_post_format_gallery_ids":"","loftocean_post_format_gallery_urls":"","loftocean_post_format_video_id":"","loftocean_post_format_video_url":"","loftocean_post_format_video_type":"","loftocean_post_format_video":"","loftocean_post_format_audio_type":"","loftocean_post_format_audio_url":"","loftocean_post_format_audio_id":"","loftocean_post_format_audio":"","loftocean_post_format_quote_text":"","loftocean_post_format_quote_byline":"","loftocean_post_format_link_text":"","loftocean_post_format_link_url":"","ceramag_post_header_style":"","ceramag_enable_background_video":"","ceramag_show_in_top_slider":"","ceramag_post_background_video_start":"","ceramag_post_background_video_end":"","loftocean_page_background_video_id":"","loftocean_page_background_video_url":"","loftocean_page_background_video_type":"","loftocean_page_background_video":"","ceramag_background_video_start":"","ceramag_background_video_end":"","ceramag_single_page_hide_header":"","footnotes":""},"categories":[711],"tags":[41,61,426,68],"class_list":["post-1551","post","type-post","status-publish","format-standard","has-post-thumbnail","hentry","category-cultivo","tag-cannabis","tag-cultivo","tag-hongos","tag-ramon-souto"],"yoast_head":"<!-- This site is optimized with the Yoast SEO plugin v24.9 - https:\/\/yoast.com\/wordpress\/plugins\/seo\/ -->\n<title>EVITAR EL MILDIU EN EL CULTIVO Y DIFERENCIARLO DEL O\u00cdDIO<\/title>\n<meta name=\"description\" content=\"Entrada &#8226; Portal multimedia sobre cannabis y otras sustancias &#8226; 24 julio, 2019\" \/>\n<meta name=\"robots\" content=\"index, follow, max-snippet:-1, max-image-preview:large, max-video-preview:-1\" \/>\n<link rel=\"canonical\" href=\"https:\/\/www.cannabis.es\/pw\/2019\/07\/24\/evitar-el-mildiu-en-el-cultivo-y-diferenciarlo-del-oidio\/\" \/>\n<meta name=\"twitter:card\" content=\"summary_large_image\" \/>\n<meta name=\"twitter:title\" content=\"EVITAR EL MILDIU EN EL CULTIVO Y DIFERENCIARLO DEL O\u00cdDIO\" \/>\n<meta name=\"twitter:description\" content=\"Entrada &#8226; Portal multimedia sobre cannabis y otras sustancias &#8226; 24 julio, 2019\" \/>\n<meta name=\"twitter:image\" content=\"https:\/\/www.cannabis.es\/pw\/wp-content\/uploads\/2019\/07\/PORTADA_MILDIU3.jpg\" \/>\n<meta name=\"twitter:creator\" content=\"@cannabis_es\" \/>\n<meta name=\"twitter:site\" content=\"@cannabis_es\" \/>\n<meta name=\"twitter:label1\" content=\"Escrito por\" \/>\n\t<meta name=\"twitter:data1\" content=\"Cannabis.es\" \/>\n\t<meta name=\"twitter:label2\" content=\"Tiempo de lectura\" \/>\n\t<meta name=\"twitter:data2\" content=\"4 minutos\" \/>\n<script type=\"application\/ld+json\" class=\"yoast-schema-graph\">{\"@context\":\"https:\/\/schema.org\",\"@graph\":[{\"@type\":\"Article\",\"@id\":\"https:\/\/www.cannabis.es\/pw\/2019\/07\/24\/evitar-el-mildiu-en-el-cultivo-y-diferenciarlo-del-oidio\/#article\",\"isPartOf\":{\"@id\":\"https:\/\/www.cannabis.es\/pw\/2019\/07\/24\/evitar-el-mildiu-en-el-cultivo-y-diferenciarlo-del-oidio\/\"},\"author\":{\"name\":\"Cannabis.es\",\"@id\":\"https:\/\/www.cannabis.es\/pw\/#\/schema\/person\/ec770c03f3e99d770687f537f4ba1e89\"},\"headline\":\"EVITAR EL MILDIU EN EL CULTIVO Y DIFERENCIARLO DEL O\u00cdDIO\",\"datePublished\":\"2019-07-24T11:11:38+00:00\",\"dateModified\":\"2020-08-28T11:40:34+00:00\",\"mainEntityOfPage\":{\"@id\":\"https:\/\/www.cannabis.es\/pw\/2019\/07\/24\/evitar-el-mildiu-en-el-cultivo-y-diferenciarlo-del-oidio\/\"},\"wordCount\":849,\"publisher\":{\"@id\":\"https:\/\/www.cannabis.es\/pw\/#organization\"},\"image\":{\"@id\":\"https:\/\/www.cannabis.es\/pw\/2019\/07\/24\/evitar-el-mildiu-en-el-cultivo-y-diferenciarlo-del-oidio\/#primaryimage\"},\"thumbnailUrl\":\"https:\/\/www.cannabis.es\/pw\/wp-content\/uploads\/2019\/07\/PORTADA_MILDIU3.jpg\",\"keywords\":[\"cannabis\",\"cultivo\",\"hongos\",\"Ram\u00f3n Souto\"],\"articleSection\":[\"Cultivo\"],\"inLanguage\":\"es\"},{\"@type\":\"WebPage\",\"@id\":\"https:\/\/www.cannabis.es\/pw\/2019\/07\/24\/evitar-el-mildiu-en-el-cultivo-y-diferenciarlo-del-oidio\/\",\"url\":\"https:\/\/www.cannabis.es\/pw\/2019\/07\/24\/evitar-el-mildiu-en-el-cultivo-y-diferenciarlo-del-oidio\/\",\"name\":\"EVITAR EL MILDIU EN EL CULTIVO Y DIFERENCIARLO DEL O\u00cdDIO\",\"isPartOf\":{\"@id\":\"https:\/\/www.cannabis.es\/pw\/#website\"},\"primaryImageOfPage\":{\"@id\":\"https:\/\/www.cannabis.es\/pw\/2019\/07\/24\/evitar-el-mildiu-en-el-cultivo-y-diferenciarlo-del-oidio\/#primaryimage\"},\"image\":{\"@id\":\"https:\/\/www.cannabis.es\/pw\/2019\/07\/24\/evitar-el-mildiu-en-el-cultivo-y-diferenciarlo-del-oidio\/#primaryimage\"},\"thumbnailUrl\":\"https:\/\/www.cannabis.es\/pw\/wp-content\/uploads\/2019\/07\/PORTADA_MILDIU3.jpg\",\"datePublished\":\"2019-07-24T11:11:38+00:00\",\"dateModified\":\"2020-08-28T11:40:34+00:00\",\"description\":\"Entrada &#8226; Portal multimedia sobre cannabis y otras sustancias &#8226; 24 julio, 2019\",\"breadcrumb\":{\"@id\":\"https:\/\/www.cannabis.es\/pw\/2019\/07\/24\/evitar-el-mildiu-en-el-cultivo-y-diferenciarlo-del-oidio\/#breadcrumb\"},\"inLanguage\":\"es\",\"potentialAction\":[{\"@type\":\"ReadAction\",\"target\":[\"https:\/\/www.cannabis.es\/pw\/2019\/07\/24\/evitar-el-mildiu-en-el-cultivo-y-diferenciarlo-del-oidio\/\"]}]},{\"@type\":\"ImageObject\",\"inLanguage\":\"es\",\"@id\":\"https:\/\/www.cannabis.es\/pw\/2019\/07\/24\/evitar-el-mildiu-en-el-cultivo-y-diferenciarlo-del-oidio\/#primaryimage\",\"url\":\"https:\/\/www.cannabis.es\/pw\/wp-content\/uploads\/2019\/07\/PORTADA_MILDIU3.jpg\",\"contentUrl\":\"https:\/\/www.cannabis.es\/pw\/wp-content\/uploads\/2019\/07\/PORTADA_MILDIU3.jpg\",\"width\":959,\"height\":475},{\"@type\":\"BreadcrumbList\",\"@id\":\"https:\/\/www.cannabis.es\/pw\/2019\/07\/24\/evitar-el-mildiu-en-el-cultivo-y-diferenciarlo-del-oidio\/#breadcrumb\",\"itemListElement\":[{\"@type\":\"ListItem\",\"position\":1,\"name\":\"Portada\",\"item\":\"http:\/\/www.cannabis.es\/pw\/\"},{\"@type\":\"ListItem\",\"position\":2,\"name\":\"EVITAR EL MILDIU EN EL CULTIVO Y DIFERENCIARLO DEL O\u00cdDIO\"}]},{\"@type\":\"WebSite\",\"@id\":\"https:\/\/www.cannabis.es\/pw\/#website\",\"url\":\"https:\/\/www.cannabis.es\/pw\/\",\"name\":\"Cannabis\",\"description\":\"Portal multimedia sobre cannabis y otras sustancias\",\"publisher\":{\"@id\":\"https:\/\/www.cannabis.es\/pw\/#organization\"},\"potentialAction\":[{\"@type\":\"SearchAction\",\"target\":{\"@type\":\"EntryPoint\",\"urlTemplate\":\"https:\/\/www.cannabis.es\/pw\/?s={search_term_string}\"},\"query-input\":{\"@type\":\"PropertyValueSpecification\",\"valueRequired\":true,\"valueName\":\"search_term_string\"}}],\"inLanguage\":\"es\"},{\"@type\":\"Organization\",\"@id\":\"https:\/\/www.cannabis.es\/pw\/#organization\",\"name\":\"Cannabis.es\",\"url\":\"https:\/\/www.cannabis.es\/pw\/\",\"logo\":{\"@type\":\"ImageObject\",\"inLanguage\":\"es\",\"@id\":\"https:\/\/www.cannabis.es\/pw\/#\/schema\/logo\/image\/\",\"url\":\"https:\/\/www.cannabis.es\/pw\/wp-content\/uploads\/2019\/04\/cropped-logo_cannabis.png\",\"contentUrl\":\"https:\/\/www.cannabis.es\/pw\/wp-content\/uploads\/2019\/04\/cropped-logo_cannabis.png\",\"width\":361,\"height\":120,\"caption\":\"Cannabis.es\"},\"image\":{\"@id\":\"https:\/\/www.cannabis.es\/pw\/#\/schema\/logo\/image\/\"},\"sameAs\":[\"https:\/\/x.com\/cannabis_es\"]},{\"@type\":\"Person\",\"@id\":\"https:\/\/www.cannabis.es\/pw\/#\/schema\/person\/ec770c03f3e99d770687f537f4ba1e89\",\"name\":\"Cannabis.es\",\"image\":{\"@type\":\"ImageObject\",\"inLanguage\":\"es\",\"@id\":\"https:\/\/www.cannabis.es\/pw\/#\/schema\/person\/image\/\",\"url\":\"https:\/\/secure.gravatar.com\/avatar\/810c93a3d6fadc3d9c2665b1d919a4aedea8ed4dd63689d001e985a804e90d83?s=96&d=mm&r=g\",\"contentUrl\":\"https:\/\/secure.gravatar.com\/avatar\/810c93a3d6fadc3d9c2665b1d919a4aedea8ed4dd63689d001e985a804e90d83?s=96&d=mm&r=g\",\"caption\":\"Cannabis.es\"},\"url\":\"https:\/\/www.cannabis.es\/pw\/author\/arnau\/\"}]}<\/script>\n<!-- \/ Yoast SEO plugin. -->","yoast_head_json":{"title":"EVITAR EL MILDIU EN EL CULTIVO Y DIFERENCIARLO DEL O\u00cdDIO","description":"Entrada &#8226; Portal multimedia sobre cannabis y otras sustancias &#8226; 24 julio, 2019","robots":{"index":"index","follow":"follow","max-snippet":"max-snippet:-1","max-image-preview":"max-image-preview:large","max-video-preview":"max-video-preview:-1"},"canonical":"https:\/\/www.cannabis.es\/pw\/2019\/07\/24\/evitar-el-mildiu-en-el-cultivo-y-diferenciarlo-del-oidio\/","twitter_card":"summary_large_image","twitter_title":"EVITAR EL MILDIU EN EL CULTIVO Y DIFERENCIARLO DEL O\u00cdDIO","twitter_description":"Entrada &#8226; Portal multimedia sobre cannabis y otras sustancias &#8226; 24 julio, 2019","twitter_image":"https:\/\/www.cannabis.es\/pw\/wp-content\/uploads\/2019\/07\/PORTADA_MILDIU3.jpg","twitter_creator":"@cannabis_es","twitter_site":"@cannabis_es","twitter_misc":{"Escrito por":"Cannabis.es","Tiempo de lectura":"4 minutos"},"schema":{"@context":"https:\/\/schema.org","@graph":[{"@type":"Article","@id":"https:\/\/www.cannabis.es\/pw\/2019\/07\/24\/evitar-el-mildiu-en-el-cultivo-y-diferenciarlo-del-oidio\/#article","isPartOf":{"@id":"https:\/\/www.cannabis.es\/pw\/2019\/07\/24\/evitar-el-mildiu-en-el-cultivo-y-diferenciarlo-del-oidio\/"},"author":{"name":"Cannabis.es","@id":"https:\/\/www.cannabis.es\/pw\/#\/schema\/person\/ec770c03f3e99d770687f537f4ba1e89"},"headline":"EVITAR EL MILDIU EN EL CULTIVO Y DIFERENCIARLO DEL O\u00cdDIO","datePublished":"2019-07-24T11:11:38+00:00","dateModified":"2020-08-28T11:40:34+00:00","mainEntityOfPage":{"@id":"https:\/\/www.cannabis.es\/pw\/2019\/07\/24\/evitar-el-mildiu-en-el-cultivo-y-diferenciarlo-del-oidio\/"},"wordCount":849,"publisher":{"@id":"https:\/\/www.cannabis.es\/pw\/#organization"},"image":{"@id":"https:\/\/www.cannabis.es\/pw\/2019\/07\/24\/evitar-el-mildiu-en-el-cultivo-y-diferenciarlo-del-oidio\/#primaryimage"},"thumbnailUrl":"https:\/\/www.cannabis.es\/pw\/wp-content\/uploads\/2019\/07\/PORTADA_MILDIU3.jpg","keywords":["cannabis","cultivo","hongos","Ram\u00f3n Souto"],"articleSection":["Cultivo"],"inLanguage":"es"},{"@type":"WebPage","@id":"https:\/\/www.cannabis.es\/pw\/2019\/07\/24\/evitar-el-mildiu-en-el-cultivo-y-diferenciarlo-del-oidio\/","url":"https:\/\/www.cannabis.es\/pw\/2019\/07\/24\/evitar-el-mildiu-en-el-cultivo-y-diferenciarlo-del-oidio\/","name":"EVITAR EL MILDIU EN EL CULTIVO Y DIFERENCIARLO DEL O\u00cdDIO","isPartOf":{"@id":"https:\/\/www.cannabis.es\/pw\/#website"},"primaryImageOfPage":{"@id":"https:\/\/www.cannabis.es\/pw\/2019\/07\/24\/evitar-el-mildiu-en-el-cultivo-y-diferenciarlo-del-oidio\/#primaryimage"},"image":{"@id":"https:\/\/www.cannabis.es\/pw\/2019\/07\/24\/evitar-el-mildiu-en-el-cultivo-y-diferenciarlo-del-oidio\/#primaryimage"},"thumbnailUrl":"https:\/\/www.cannabis.es\/pw\/wp-content\/uploads\/2019\/07\/PORTADA_MILDIU3.jpg","datePublished":"2019-07-24T11:11:38+00:00","dateModified":"2020-08-28T11:40:34+00:00","description":"Entrada &#8226; Portal multimedia sobre cannabis y otras sustancias &#8226; 24 julio, 2019","breadcrumb":{"@id":"https:\/\/www.cannabis.es\/pw\/2019\/07\/24\/evitar-el-mildiu-en-el-cultivo-y-diferenciarlo-del-oidio\/#breadcrumb"},"inLanguage":"es","potentialAction":[{"@type":"ReadAction","target":["https:\/\/www.cannabis.es\/pw\/2019\/07\/24\/evitar-el-mildiu-en-el-cultivo-y-diferenciarlo-del-oidio\/"]}]},{"@type":"ImageObject","inLanguage":"es","@id":"https:\/\/www.cannabis.es\/pw\/2019\/07\/24\/evitar-el-mildiu-en-el-cultivo-y-diferenciarlo-del-oidio\/#primaryimage","url":"https:\/\/www.cannabis.es\/pw\/wp-content\/uploads\/2019\/07\/PORTADA_MILDIU3.jpg","contentUrl":"https:\/\/www.cannabis.es\/pw\/wp-content\/uploads\/2019\/07\/PORTADA_MILDIU3.jpg","width":959,"height":475},{"@type":"BreadcrumbList","@id":"https:\/\/www.cannabis.es\/pw\/2019\/07\/24\/evitar-el-mildiu-en-el-cultivo-y-diferenciarlo-del-oidio\/#breadcrumb","itemListElement":[{"@type":"ListItem","position":1,"name":"Portada","item":"http:\/\/www.cannabis.es\/pw\/"},{"@type":"ListItem","position":2,"name":"EVITAR EL MILDIU EN EL CULTIVO Y DIFERENCIARLO DEL O\u00cdDIO"}]},{"@type":"WebSite","@id":"https:\/\/www.cannabis.es\/pw\/#website","url":"https:\/\/www.cannabis.es\/pw\/","name":"Cannabis","description":"Portal multimedia sobre cannabis y otras sustancias","publisher":{"@id":"https:\/\/www.cannabis.es\/pw\/#organization"},"potentialAction":[{"@type":"SearchAction","target":{"@type":"EntryPoint","urlTemplate":"https:\/\/www.cannabis.es\/pw\/?s={search_term_string}"},"query-input":{"@type":"PropertyValueSpecification","valueRequired":true,"valueName":"search_term_string"}}],"inLanguage":"es"},{"@type":"Organization","@id":"https:\/\/www.cannabis.es\/pw\/#organization","name":"Cannabis.es","url":"https:\/\/www.cannabis.es\/pw\/","logo":{"@type":"ImageObject","inLanguage":"es","@id":"https:\/\/www.cannabis.es\/pw\/#\/schema\/logo\/image\/","url":"https:\/\/www.cannabis.es\/pw\/wp-content\/uploads\/2019\/04\/cropped-logo_cannabis.png","contentUrl":"https:\/\/www.cannabis.es\/pw\/wp-content\/uploads\/2019\/04\/cropped-logo_cannabis.png","width":361,"height":120,"caption":"Cannabis.es"},"image":{"@id":"https:\/\/www.cannabis.es\/pw\/#\/schema\/logo\/image\/"},"sameAs":["https:\/\/x.com\/cannabis_es"]},{"@type":"Person","@id":"https:\/\/www.cannabis.es\/pw\/#\/schema\/person\/ec770c03f3e99d770687f537f4ba1e89","name":"Cannabis.es","image":{"@type":"ImageObject","inLanguage":"es","@id":"https:\/\/www.cannabis.es\/pw\/#\/schema\/person\/image\/","url":"https:\/\/secure.gravatar.com\/avatar\/810c93a3d6fadc3d9c2665b1d919a4aedea8ed4dd63689d001e985a804e90d83?s=96&d=mm&r=g","contentUrl":"https:\/\/secure.gravatar.com\/avatar\/810c93a3d6fadc3d9c2665b1d919a4aedea8ed4dd63689d001e985a804e90d83?s=96&d=mm&r=g","caption":"Cannabis.es"},"url":"https:\/\/www.cannabis.es\/pw\/author\/arnau\/"}]}},"_links":{"self":[{"href":"https:\/\/www.cannabis.es\/pw\/wp-json\/wp\/v2\/posts\/1551","targetHints":{"allow":["GET"]}}],"collection":[{"href":"https:\/\/www.cannabis.es\/pw\/wp-json\/wp\/v2\/posts"}],"about":[{"href":"https:\/\/www.cannabis.es\/pw\/wp-json\/wp\/v2\/types\/post"}],"author":[{"embeddable":true,"href":"https:\/\/www.cannabis.es\/pw\/wp-json\/wp\/v2\/users\/3"}],"replies":[{"embeddable":true,"href":"https:\/\/www.cannabis.es\/pw\/wp-json\/wp\/v2\/comments?post=1551"}],"version-history":[{"count":2,"href":"https:\/\/www.cannabis.es\/pw\/wp-json\/wp\/v2\/posts\/1551\/revisions"}],"predecessor-version":[{"id":4939,"href":"https:\/\/www.cannabis.es\/pw\/wp-json\/wp\/v2\/posts\/1551\/revisions\/4939"}],"wp:featuredmedia":[{"embeddable":true,"href":"https:\/\/www.cannabis.es\/pw\/wp-json\/wp\/v2\/media\/1552"}],"wp:attachment":[{"href":"https:\/\/www.cannabis.es\/pw\/wp-json\/wp\/v2\/media?parent=1551"}],"wp:term":[{"taxonomy":"category","embeddable":true,"href":"https:\/\/www.cannabis.es\/pw\/wp-json\/wp\/v2\/categories?post=1551"},{"taxonomy":"post_tag","embeddable":true,"href":"https:\/\/www.cannabis.es\/pw\/wp-json\/wp\/v2\/tags?post=1551"}],"curies":[{"name":"wp","href":"https:\/\/api.w.org\/{rel}","templated":true}]}}