{"id":1588,"date":"2019-09-25T13:49:55","date_gmt":"2019-09-25T11:49:55","guid":{"rendered":"http:\/\/www.cannabis.es\/pw\/?p=1588"},"modified":"2020-08-27T12:34:00","modified_gmt":"2020-08-27T10:34:00","slug":"slow-fashion-la-moda-respetuosa-que-teje-con-canamo","status":"publish","type":"post","link":"https:\/\/www.cannabis.es\/pw\/2019\/09\/25\/slow-fashion-la-moda-respetuosa-que-teje-con-canamo\/","title":{"rendered":"Slow Fashion, la moda respetuosa que teje con c\u00e1\u00f1amo"},"content":{"rendered":"<p><span style=\"font-family: Arial, sans-serif;\"><span style=\"font-size: medium;\">Benito D\u00edaz<\/span><\/span><\/p>\n<p><span style=\"font-family: Arial, sans-serif;\"><span style=\"font-size: medium;\">El c\u00e1\u00f1amo se est\u00e1 revelando como la fibra m\u00e1s vers\u00e1til, frente a otras fibras textiles tales como el algod\u00f3n. Este cultivo milenario se adapt\u00f3 anteriormente a otros cientos de necesidades distintas que pueden aprovechar su fant\u00e1stico potencial, su bajo coste y sus propiedades biodegradables. <\/span><\/span><\/p>\n<p><span style=\"font-family: Arial, sans-serif;\"><span style=\"font-size: medium;\">En otras ocasiones, hemos podido comprobar c\u00f3mo el <\/span><\/span><span style=\"font-family: Arial, sans-serif;\"><span style=\"font-size: medium;\">c<\/span><\/span><span style=\"font-family: Arial, sans-serif;\"><span style=\"font-size: medium;\">\u00e1\u00f1amo es \u00fatil y eficiente desempe\u00f1ando un sinf\u00edn de usos tales como la <\/span><\/span><span style=\"color: #0563c1;\"><u><a href=\"http:\/\/www.cannabis.es\/pw\/2019\/08\/26\/papel-de-canamo-una-tradicion-milenaria-y-mas-sostenible\/\"><span style=\"font-family: Arial, sans-serif;\"><span style=\"font-size: medium;\">fabricaci\u00f3n de papel<\/span><\/span><\/a><\/u><\/span><span style=\"font-family: Arial, sans-serif;\"><span style=\"font-size: medium;\">, biopl\u00e1sticos, materiales usados en <\/span><\/span><span style=\"color: #0563c1;\"><u><a href=\"http:\/\/www.cannabis.es\/pw\/2019\/09\/16\/canamo-material-para-vehiculos-y-aeronautica\/\"><span style=\"font-family: Arial, sans-serif;\"><span style=\"font-size: medium;\">fabricaci\u00f3n de autom\u00f3viles<\/span><\/span><\/a><\/u><\/span><span style=\"font-family: Arial, sans-serif;\"><span style=\"font-size: medium;\"> o en las <\/span><\/span><span style=\"color: #0563c1;\"><u><a href=\"http:\/\/www.cannabis.es\/pw\/2019\/09\/09\/canamo-electrico-supercondensadores-eficientes\/\"><span style=\"font-family: Arial, sans-serif;\"><span style=\"font-size: medium;\">bater\u00edas recargables<\/span><\/span><\/a><\/u><\/span><span style=\"font-family: Arial, sans-serif;\"><span style=\"font-size: medium;\"> de modelos el\u00e9ctricos. <\/span><\/span><\/p>\n<p><span style=\"font-family: Arial, sans-serif;\"><span style=\"font-size: medium;\">La industria textil es una de las que m\u00e1s tradici\u00f3n posee a la hora de manipular la materia prima del c\u00e1\u00f1amo. Con la regulaci\u00f3n del cannabis en muchos lugares del mundo, grandes marcas de moda han tra\u00eddo lemas pro-marihuana en sus camisetas y estampados m\u00e1s atrevidos. Incluso las hay que, con intenciones m\u00e1s serias que la mera provocaci\u00f3n, han apostado fuerte por la llamada \u201cfibra est\u00e1ndar del mundo\u201d. <b>Su mensaje est\u00e1 orientado hacia una industria sostenible<\/b> y productos que ayuden a mejorar la calidad de vida en el planeta. <\/span><\/span><\/p>\n<p><span style=\"font-family: Arial, sans-serif;\"><span style=\"font-size: medium;\">Nos referimos a las empresas que, bajo el lema del <i>Slow Fashion,<\/i> han lanzado al mercado distintas prendas elaboradas con tejidos sostenibles y que adoran el c\u00e1\u00f1amo. <\/span><\/span><\/p>\n<p><span style=\"font-family: Arial, sans-serif;\"><span style=\"font-size: medium;\"><b>Slow Fashion<\/b><\/span><\/span><\/p>\n<p><span style=\"font-family: Arial, sans-serif;\"><span style=\"font-size: medium;\">El t\u00e9rmino <\/span><\/span><span style=\"font-family: Arial, sans-serif;\"><span style=\"font-size: medium;\"><i>Slow Fashion<\/i><\/span><\/span><span style=\"font-family: Arial, sans-serif;\"><span style=\"font-size: medium;\"> fue acu\u00f1ado por la profesora de Sostenibilidad, Dise\u00f1o y Moda del Centre for Sustainable Fashion de <\/span><\/span><span style=\"color: #0563c1;\"><u><a href=\"https:\/\/www.researchgate.net\/publication\/233596614_Slow_Fashion_An_Invitation_for_Systems_Change\"><span style=\"font-family: Arial, sans-serif;\"><span style=\"font-size: medium;\">Londres, Kate Fletcher,<\/span><\/span><\/a><\/u><\/span><span style=\"font-family: Arial, sans-serif;\"><span style=\"font-size: medium;\"> en el a\u00f1o 2007. <\/span><\/span><span style=\"font-family: Arial, sans-serif;\"><span style=\"font-size: medium;\"><i>Slow Fashion<\/i><\/span><\/span><span style=\"font-family: Arial, sans-serif;\"><span style=\"font-size: medium;\"> trata de mostrarse como la ant\u00edtesis de la <\/span><\/span><span style=\"font-family: Arial, sans-serif;\"><span style=\"font-size: medium;\"><i>Fast Fashion<\/i><\/span><\/span><span style=\"font-family: Arial, sans-serif;\"><span style=\"font-size: medium;\"> o moda industrializada, promoviendo la transparencia en los procesos de producci\u00f3n, la trazabilidad de las prendas y el uso responsable de los recursos naturales. <\/span><\/span><\/p>\n<p><span style=\"font-family: Arial, sans-serif;\"><span style=\"font-size: medium;\"><b>Este movimiento gan\u00f3 peso tras la tragedia sucedida en Bangladesh en 2013<\/b>, cuando una f\u00e1brica del gigante multinacional Inditex colaps\u00f3, matando a m\u00e1s de 1100 personas. La falta de derechos y de seguridad de aquellas personas hizo reflexionar a una parte de la poblaci\u00f3n, que prefiri\u00f3 elegir ropa proveniente del comercio justo y las tiendas de segunda mano. <\/span><\/span><\/p>\n<p><span style=\"font-family: Arial, sans-serif;\"><span style=\"font-size: medium;\">La filosof\u00eda del <i>Slow Fashion<\/i>, opuesta a la megaproducci\u00f3n industrial, apuesta por el consumo responsable de ropa, concienciando a los compradores del impacto que conlleva la producci\u00f3n masiva, que utiliza en muchas ocasiones productos qu\u00edmicos perjudiciales en sus lavados y entintados, a la vez que sus residuos ocasionan severos trastornos en el ecosistema. <\/span><\/span><\/p>\n<p><span style=\"font-family: Arial, sans-serif;\"><span style=\"font-size: medium;\">Los materiales avalados por el <i>Slow Fashion<\/i> suelen ser productos tradicionales cuya obtenci\u00f3n reduce al m\u00ednimo la huella ecol\u00f3gica y responsables con el entorno. El c\u00e1\u00f1amo, fibra sostenible, vers\u00e1til y biodegradable, se encuentra en el primer puesto de la lista.<\/span><\/span><\/p>\n<p><span style=\"font-family: Arial, sans-serif;\"><span style=\"font-size: medium;\">Entre las cualidades de los tejidos elaborados con c\u00e1\u00f1amo encontramos su legendaria estabilidad y durabilidad. No en vano las velas que impulsaron las Tres Carabelas de Col\u00f3n estaban realizadas con este material. <\/span><\/span><\/p>\n<p><span style=\"font-family: Arial, sans-serif;\"><span style=\"font-size: medium;\"><b>La tela de <\/b><b>c<\/b><b>\u00e1\u00f1amo absorbe mejor la humedad que la de algod\u00f3n y su capacidad t\u00e9rmica la hace m\u00e1s fresca en verano y c\u00e1lida en invierno<\/b>. Con ella se obtienen telas de alta resistencia, finas o para trabajo, lo que la hace ideal para tejer calcetines, zapatos de lona, alpargatas, bolsas, alfombras y un sinf\u00edn de productos textiles. Adem\u00e1s, por su cultivo y tratamiento ecol\u00f3gico, est\u00e1 <b>indicada para personas con pieles sensibles<\/b>. <\/span><\/span><\/p>\n<p><span style=\"font-family: Arial, sans-serif;\"><span style=\"font-size: medium;\"><b>Marcas<\/b><\/span><\/span><\/p>\n<p><span style=\"font-family: Arial, sans-serif;\"><span style=\"font-size: medium;\">El c\u00e1\u00f1amo como fibra textil ha sido uno de los cultivos m\u00e1s explotados de la historia, muy extendido por todo el mundo hasta principios del siglo XX, cuando entr\u00f3 en vigor la prohibici\u00f3n del cannabis. Existen quienes aseguran que la creaci\u00f3n de productos pl\u00e1sticos sustitutivos, provenientes del petr\u00f3leo, supuso la constituci\u00f3n de un lobby que tuvo mucho peso en la toma de decisiones, sobre todo en Estados Unidos. <\/span><\/span><\/p>\n<p><span style=\"font-family: Arial, sans-serif;\"><span style=\"font-size: medium;\">Las plantaciones de c\u00e1\u00f1amo desaparecieron. No volver\u00edan hasta principios del a\u00f1o 2000. Un a\u00f1o antes, <i>The Hemp Trading Company<\/i> se estableci\u00f3 en Londres, dando lugar a una compa\u00f1\u00eda especializada en ropa ecol\u00f3gica. Esta empresa ha estado desde entonces a la cabeza del uso del c\u00e1\u00f1amo y es una de las diez empresas de UK premiada por su consumo \u00e9tico y responsable. <\/span><\/span><\/p>\n<p><span style=\"font-family: Arial, sans-serif;\"><span style=\"font-size: medium;\">Los primeros vaqueros de Levi Strauss fueron fabricados con c\u00e1\u00f1amo, comenzando as\u00ed una larga relaci\u00f3n con el tejido denim. Esta empresa trabaja en la actualidad con el lanzamiento al mercado de su colecci\u00f3n <i>Levi&#8217;s Spring \/ Summer Wellthread x Outerknown,<\/i> en la cual utilizan c\u00e1\u00f1amo tratado para dar el aspecto de algod\u00f3n. <\/span><\/span><\/p>\n<p><span style=\"font-family: Arial, sans-serif;\"><span style=\"font-size: medium;\">Otras empresas muy reconocidas como <i>Armani, Gucci, Stella McCartney o Calvin Klein,<\/i> utilizan c\u00e1\u00f1amo en sus dise\u00f1os. Las marcas <i>Vans<\/i> y <i>Adidas<\/i> tambi\u00e9n se suben al carro de la moda sostenible para sus zapatillas y zapatos.<\/span><\/span><\/p>\n<p><span style=\"font-family: Arial, sans-serif;\"><span style=\"font-size: medium;\">Estas famosas empresas, sin embargo, no llegan a la especializaci\u00f3n en este tejido que s\u00ed alcanzan otras, tales como <i>Tuffery<\/i> o <i>Cannabis Jeans<\/i> en la producci\u00f3n de vaqueros, <i>Nomads Hemp Wear<\/i> en ropa de aventura u otras etiquetas textiles tales como <i>Hempy\u00b4s, Hoodland, Jungmaven, Seeker, Reactor<\/i>, entre otras, todas ellas destinadas al \u201cStreet Wear\u201d y al p\u00fablico joven. <\/span><\/span><\/p>\n","protected":false},"excerpt":{"rendered":"<span class=\"span-reading-time rt-reading-time\" style=\"display: block;\"><span class=\"rt-label rt-prefix\">Tiempo de lectura:<\/span> <span class=\"rt-time\"> 3<\/span> <span class=\"rt-label rt-postfix\">minutos<\/span><\/span>Benito D\u00edaz El c\u00e1\u00f1amo se est\u00e1 revelando como la fibra m\u00e1s vers\u00e1til, frente a otras fibras textiles tales como el algod\u00f3n. Este cultivo milenario se adapt\u00f3 anteriormente a otros cientos de necesidades distintas que pueden aprovechar su fant\u00e1stico potencial, su bajo coste y sus propiedades biodegradables. En otras ocasiones, hemos podido comprobar c\u00f3mo el c\u00e1\u00f1amo [&hellip;]","protected":false},"author":3,"featured_media":1590,"comment_status":"closed","ping_status":"closed","sticky":false,"template":"","format":"standard","meta":{"loftocean-featured-post":"","loftocean_post_format_gallery":"","loftocean_post_format_gallery_ids":"","loftocean_post_format_gallery_urls":"","loftocean_post_format_video_id":"","loftocean_post_format_video_url":"","loftocean_post_format_video_type":"","loftocean_post_format_video":"","loftocean_post_format_audio_type":"","loftocean_post_format_audio_url":"","loftocean_post_format_audio_id":"","loftocean_post_format_audio":"","loftocean_post_format_quote_text":"","loftocean_post_format_quote_byline":"","loftocean_post_format_link_text":"","loftocean_post_format_link_url":"","ceramag_post_header_style":"","ceramag_enable_background_video":"","ceramag_show_in_top_slider":"","ceramag_post_background_video_start":"","ceramag_post_background_video_end":"","loftocean_page_background_video_id":"","loftocean_page_background_video_url":"","loftocean_page_background_video_type":"","loftocean_page_background_video":"","ceramag_background_video_start":"","ceramag_background_video_end":"","ceramag_single_page_hide_header":"","footnotes":""},"categories":[35],"tags":[43,487],"class_list":["post-1588","post","type-post","status-publish","format-standard","has-post-thumbnail","hentry","category-politica-y-sociedad","tag-benito-diaz","tag-canamo"],"yoast_head":"<!-- This site is optimized with the Yoast SEO plugin v24.9 - https:\/\/yoast.com\/wordpress\/plugins\/seo\/ -->\n<title>Slow Fashion, la moda respetuosa que teje con c\u00e1\u00f1amo<\/title>\n<meta name=\"description\" content=\"Entrada &#8226; Portal multimedia sobre cannabis y otras sustancias &#8226; 25 septiembre, 2019\" \/>\n<meta name=\"robots\" content=\"index, follow, max-snippet:-1, max-image-preview:large, max-video-preview:-1\" \/>\n<link rel=\"canonical\" href=\"https:\/\/www.cannabis.es\/pw\/2019\/09\/25\/slow-fashion-la-moda-respetuosa-que-teje-con-canamo\/\" \/>\n<meta name=\"twitter:card\" content=\"summary_large_image\" \/>\n<meta name=\"twitter:title\" content=\"Slow Fashion, la moda respetuosa que teje con c\u00e1\u00f1amo\" \/>\n<meta name=\"twitter:description\" content=\"Entrada &#8226; Portal multimedia sobre cannabis y otras sustancias &#8226; 25 septiembre, 2019\" \/>\n<meta name=\"twitter:image\" content=\"https:\/\/www.cannabis.es\/pw\/wp-content\/uploads\/2019\/09\/slowfashion.jpg\" \/>\n<meta name=\"twitter:creator\" content=\"@cannabis_es\" \/>\n<meta name=\"twitter:site\" content=\"@cannabis_es\" \/>\n<meta name=\"twitter:label1\" content=\"Escrito por\" \/>\n\t<meta name=\"twitter:data1\" content=\"Cannabis.es\" \/>\n\t<meta name=\"twitter:label2\" content=\"Tiempo de lectura\" \/>\n\t<meta name=\"twitter:data2\" content=\"4 minutos\" \/>\n<script type=\"application\/ld+json\" class=\"yoast-schema-graph\">{\"@context\":\"https:\/\/schema.org\",\"@graph\":[{\"@type\":\"Article\",\"@id\":\"https:\/\/www.cannabis.es\/pw\/2019\/09\/25\/slow-fashion-la-moda-respetuosa-que-teje-con-canamo\/#article\",\"isPartOf\":{\"@id\":\"https:\/\/www.cannabis.es\/pw\/2019\/09\/25\/slow-fashion-la-moda-respetuosa-que-teje-con-canamo\/\"},\"author\":{\"name\":\"Cannabis.es\",\"@id\":\"https:\/\/www.cannabis.es\/pw\/#\/schema\/person\/ec770c03f3e99d770687f537f4ba1e89\"},\"headline\":\"Slow Fashion, la moda respetuosa que teje con c\u00e1\u00f1amo\",\"datePublished\":\"2019-09-25T11:49:55+00:00\",\"dateModified\":\"2020-08-27T10:34:00+00:00\",\"mainEntityOfPage\":{\"@id\":\"https:\/\/www.cannabis.es\/pw\/2019\/09\/25\/slow-fashion-la-moda-respetuosa-que-teje-con-canamo\/\"},\"wordCount\":882,\"publisher\":{\"@id\":\"https:\/\/www.cannabis.es\/pw\/#organization\"},\"image\":{\"@id\":\"https:\/\/www.cannabis.es\/pw\/2019\/09\/25\/slow-fashion-la-moda-respetuosa-que-teje-con-canamo\/#primaryimage\"},\"thumbnailUrl\":\"https:\/\/www.cannabis.es\/pw\/wp-content\/uploads\/2019\/09\/slowfashion.jpg\",\"keywords\":[\"Benito D\u00edaz\",\"c\u00e1\u00f1amo\"],\"articleSection\":[\"Pol\u00edtica y Sociedad\"],\"inLanguage\":\"es\"},{\"@type\":\"WebPage\",\"@id\":\"https:\/\/www.cannabis.es\/pw\/2019\/09\/25\/slow-fashion-la-moda-respetuosa-que-teje-con-canamo\/\",\"url\":\"https:\/\/www.cannabis.es\/pw\/2019\/09\/25\/slow-fashion-la-moda-respetuosa-que-teje-con-canamo\/\",\"name\":\"Slow Fashion, la moda respetuosa que teje con c\u00e1\u00f1amo\",\"isPartOf\":{\"@id\":\"https:\/\/www.cannabis.es\/pw\/#website\"},\"primaryImageOfPage\":{\"@id\":\"https:\/\/www.cannabis.es\/pw\/2019\/09\/25\/slow-fashion-la-moda-respetuosa-que-teje-con-canamo\/#primaryimage\"},\"image\":{\"@id\":\"https:\/\/www.cannabis.es\/pw\/2019\/09\/25\/slow-fashion-la-moda-respetuosa-que-teje-con-canamo\/#primaryimage\"},\"thumbnailUrl\":\"https:\/\/www.cannabis.es\/pw\/wp-content\/uploads\/2019\/09\/slowfashion.jpg\",\"datePublished\":\"2019-09-25T11:49:55+00:00\",\"dateModified\":\"2020-08-27T10:34:00+00:00\",\"description\":\"Entrada &#8226; Portal multimedia sobre cannabis y otras sustancias &#8226; 25 septiembre, 2019\",\"breadcrumb\":{\"@id\":\"https:\/\/www.cannabis.es\/pw\/2019\/09\/25\/slow-fashion-la-moda-respetuosa-que-teje-con-canamo\/#breadcrumb\"},\"inLanguage\":\"es\",\"potentialAction\":[{\"@type\":\"ReadAction\",\"target\":[\"https:\/\/www.cannabis.es\/pw\/2019\/09\/25\/slow-fashion-la-moda-respetuosa-que-teje-con-canamo\/\"]}]},{\"@type\":\"ImageObject\",\"inLanguage\":\"es\",\"@id\":\"https:\/\/www.cannabis.es\/pw\/2019\/09\/25\/slow-fashion-la-moda-respetuosa-que-teje-con-canamo\/#primaryimage\",\"url\":\"https:\/\/www.cannabis.es\/pw\/wp-content\/uploads\/2019\/09\/slowfashion.jpg\",\"contentUrl\":\"https:\/\/www.cannabis.es\/pw\/wp-content\/uploads\/2019\/09\/slowfashion.jpg\",\"width\":959,\"height\":475},{\"@type\":\"BreadcrumbList\",\"@id\":\"https:\/\/www.cannabis.es\/pw\/2019\/09\/25\/slow-fashion-la-moda-respetuosa-que-teje-con-canamo\/#breadcrumb\",\"itemListElement\":[{\"@type\":\"ListItem\",\"position\":1,\"name\":\"Portada\",\"item\":\"http:\/\/www.cannabis.es\/pw\/\"},{\"@type\":\"ListItem\",\"position\":2,\"name\":\"Slow Fashion, la moda respetuosa que teje con c\u00e1\u00f1amo\"}]},{\"@type\":\"WebSite\",\"@id\":\"https:\/\/www.cannabis.es\/pw\/#website\",\"url\":\"https:\/\/www.cannabis.es\/pw\/\",\"name\":\"Cannabis\",\"description\":\"Portal multimedia sobre cannabis y otras sustancias\",\"publisher\":{\"@id\":\"https:\/\/www.cannabis.es\/pw\/#organization\"},\"potentialAction\":[{\"@type\":\"SearchAction\",\"target\":{\"@type\":\"EntryPoint\",\"urlTemplate\":\"https:\/\/www.cannabis.es\/pw\/?s={search_term_string}\"},\"query-input\":{\"@type\":\"PropertyValueSpecification\",\"valueRequired\":true,\"valueName\":\"search_term_string\"}}],\"inLanguage\":\"es\"},{\"@type\":\"Organization\",\"@id\":\"https:\/\/www.cannabis.es\/pw\/#organization\",\"name\":\"Cannabis.es\",\"url\":\"https:\/\/www.cannabis.es\/pw\/\",\"logo\":{\"@type\":\"ImageObject\",\"inLanguage\":\"es\",\"@id\":\"https:\/\/www.cannabis.es\/pw\/#\/schema\/logo\/image\/\",\"url\":\"https:\/\/www.cannabis.es\/pw\/wp-content\/uploads\/2019\/04\/cropped-logo_cannabis.png\",\"contentUrl\":\"https:\/\/www.cannabis.es\/pw\/wp-content\/uploads\/2019\/04\/cropped-logo_cannabis.png\",\"width\":361,\"height\":120,\"caption\":\"Cannabis.es\"},\"image\":{\"@id\":\"https:\/\/www.cannabis.es\/pw\/#\/schema\/logo\/image\/\"},\"sameAs\":[\"https:\/\/x.com\/cannabis_es\"]},{\"@type\":\"Person\",\"@id\":\"https:\/\/www.cannabis.es\/pw\/#\/schema\/person\/ec770c03f3e99d770687f537f4ba1e89\",\"name\":\"Cannabis.es\",\"image\":{\"@type\":\"ImageObject\",\"inLanguage\":\"es\",\"@id\":\"https:\/\/www.cannabis.es\/pw\/#\/schema\/person\/image\/\",\"url\":\"https:\/\/secure.gravatar.com\/avatar\/810c93a3d6fadc3d9c2665b1d919a4aedea8ed4dd63689d001e985a804e90d83?s=96&d=mm&r=g\",\"contentUrl\":\"https:\/\/secure.gravatar.com\/avatar\/810c93a3d6fadc3d9c2665b1d919a4aedea8ed4dd63689d001e985a804e90d83?s=96&d=mm&r=g\",\"caption\":\"Cannabis.es\"},\"url\":\"https:\/\/www.cannabis.es\/pw\/author\/arnau\/\"}]}<\/script>\n<!-- \/ Yoast SEO plugin. -->","yoast_head_json":{"title":"Slow Fashion, la moda respetuosa que teje con c\u00e1\u00f1amo","description":"Entrada &#8226; Portal multimedia sobre cannabis y otras sustancias &#8226; 25 septiembre, 2019","robots":{"index":"index","follow":"follow","max-snippet":"max-snippet:-1","max-image-preview":"max-image-preview:large","max-video-preview":"max-video-preview:-1"},"canonical":"https:\/\/www.cannabis.es\/pw\/2019\/09\/25\/slow-fashion-la-moda-respetuosa-que-teje-con-canamo\/","twitter_card":"summary_large_image","twitter_title":"Slow Fashion, la moda respetuosa que teje con c\u00e1\u00f1amo","twitter_description":"Entrada &#8226; Portal multimedia sobre cannabis y otras sustancias &#8226; 25 septiembre, 2019","twitter_image":"https:\/\/www.cannabis.es\/pw\/wp-content\/uploads\/2019\/09\/slowfashion.jpg","twitter_creator":"@cannabis_es","twitter_site":"@cannabis_es","twitter_misc":{"Escrito por":"Cannabis.es","Tiempo de lectura":"4 minutos"},"schema":{"@context":"https:\/\/schema.org","@graph":[{"@type":"Article","@id":"https:\/\/www.cannabis.es\/pw\/2019\/09\/25\/slow-fashion-la-moda-respetuosa-que-teje-con-canamo\/#article","isPartOf":{"@id":"https:\/\/www.cannabis.es\/pw\/2019\/09\/25\/slow-fashion-la-moda-respetuosa-que-teje-con-canamo\/"},"author":{"name":"Cannabis.es","@id":"https:\/\/www.cannabis.es\/pw\/#\/schema\/person\/ec770c03f3e99d770687f537f4ba1e89"},"headline":"Slow Fashion, la moda respetuosa que teje con c\u00e1\u00f1amo","datePublished":"2019-09-25T11:49:55+00:00","dateModified":"2020-08-27T10:34:00+00:00","mainEntityOfPage":{"@id":"https:\/\/www.cannabis.es\/pw\/2019\/09\/25\/slow-fashion-la-moda-respetuosa-que-teje-con-canamo\/"},"wordCount":882,"publisher":{"@id":"https:\/\/www.cannabis.es\/pw\/#organization"},"image":{"@id":"https:\/\/www.cannabis.es\/pw\/2019\/09\/25\/slow-fashion-la-moda-respetuosa-que-teje-con-canamo\/#primaryimage"},"thumbnailUrl":"https:\/\/www.cannabis.es\/pw\/wp-content\/uploads\/2019\/09\/slowfashion.jpg","keywords":["Benito D\u00edaz","c\u00e1\u00f1amo"],"articleSection":["Pol\u00edtica y Sociedad"],"inLanguage":"es"},{"@type":"WebPage","@id":"https:\/\/www.cannabis.es\/pw\/2019\/09\/25\/slow-fashion-la-moda-respetuosa-que-teje-con-canamo\/","url":"https:\/\/www.cannabis.es\/pw\/2019\/09\/25\/slow-fashion-la-moda-respetuosa-que-teje-con-canamo\/","name":"Slow Fashion, la moda respetuosa que teje con c\u00e1\u00f1amo","isPartOf":{"@id":"https:\/\/www.cannabis.es\/pw\/#website"},"primaryImageOfPage":{"@id":"https:\/\/www.cannabis.es\/pw\/2019\/09\/25\/slow-fashion-la-moda-respetuosa-que-teje-con-canamo\/#primaryimage"},"image":{"@id":"https:\/\/www.cannabis.es\/pw\/2019\/09\/25\/slow-fashion-la-moda-respetuosa-que-teje-con-canamo\/#primaryimage"},"thumbnailUrl":"https:\/\/www.cannabis.es\/pw\/wp-content\/uploads\/2019\/09\/slowfashion.jpg","datePublished":"2019-09-25T11:49:55+00:00","dateModified":"2020-08-27T10:34:00+00:00","description":"Entrada &#8226; Portal multimedia sobre cannabis y otras sustancias &#8226; 25 septiembre, 2019","breadcrumb":{"@id":"https:\/\/www.cannabis.es\/pw\/2019\/09\/25\/slow-fashion-la-moda-respetuosa-que-teje-con-canamo\/#breadcrumb"},"inLanguage":"es","potentialAction":[{"@type":"ReadAction","target":["https:\/\/www.cannabis.es\/pw\/2019\/09\/25\/slow-fashion-la-moda-respetuosa-que-teje-con-canamo\/"]}]},{"@type":"ImageObject","inLanguage":"es","@id":"https:\/\/www.cannabis.es\/pw\/2019\/09\/25\/slow-fashion-la-moda-respetuosa-que-teje-con-canamo\/#primaryimage","url":"https:\/\/www.cannabis.es\/pw\/wp-content\/uploads\/2019\/09\/slowfashion.jpg","contentUrl":"https:\/\/www.cannabis.es\/pw\/wp-content\/uploads\/2019\/09\/slowfashion.jpg","width":959,"height":475},{"@type":"BreadcrumbList","@id":"https:\/\/www.cannabis.es\/pw\/2019\/09\/25\/slow-fashion-la-moda-respetuosa-que-teje-con-canamo\/#breadcrumb","itemListElement":[{"@type":"ListItem","position":1,"name":"Portada","item":"http:\/\/www.cannabis.es\/pw\/"},{"@type":"ListItem","position":2,"name":"Slow Fashion, la moda respetuosa que teje con c\u00e1\u00f1amo"}]},{"@type":"WebSite","@id":"https:\/\/www.cannabis.es\/pw\/#website","url":"https:\/\/www.cannabis.es\/pw\/","name":"Cannabis","description":"Portal multimedia sobre cannabis y otras sustancias","publisher":{"@id":"https:\/\/www.cannabis.es\/pw\/#organization"},"potentialAction":[{"@type":"SearchAction","target":{"@type":"EntryPoint","urlTemplate":"https:\/\/www.cannabis.es\/pw\/?s={search_term_string}"},"query-input":{"@type":"PropertyValueSpecification","valueRequired":true,"valueName":"search_term_string"}}],"inLanguage":"es"},{"@type":"Organization","@id":"https:\/\/www.cannabis.es\/pw\/#organization","name":"Cannabis.es","url":"https:\/\/www.cannabis.es\/pw\/","logo":{"@type":"ImageObject","inLanguage":"es","@id":"https:\/\/www.cannabis.es\/pw\/#\/schema\/logo\/image\/","url":"https:\/\/www.cannabis.es\/pw\/wp-content\/uploads\/2019\/04\/cropped-logo_cannabis.png","contentUrl":"https:\/\/www.cannabis.es\/pw\/wp-content\/uploads\/2019\/04\/cropped-logo_cannabis.png","width":361,"height":120,"caption":"Cannabis.es"},"image":{"@id":"https:\/\/www.cannabis.es\/pw\/#\/schema\/logo\/image\/"},"sameAs":["https:\/\/x.com\/cannabis_es"]},{"@type":"Person","@id":"https:\/\/www.cannabis.es\/pw\/#\/schema\/person\/ec770c03f3e99d770687f537f4ba1e89","name":"Cannabis.es","image":{"@type":"ImageObject","inLanguage":"es","@id":"https:\/\/www.cannabis.es\/pw\/#\/schema\/person\/image\/","url":"https:\/\/secure.gravatar.com\/avatar\/810c93a3d6fadc3d9c2665b1d919a4aedea8ed4dd63689d001e985a804e90d83?s=96&d=mm&r=g","contentUrl":"https:\/\/secure.gravatar.com\/avatar\/810c93a3d6fadc3d9c2665b1d919a4aedea8ed4dd63689d001e985a804e90d83?s=96&d=mm&r=g","caption":"Cannabis.es"},"url":"https:\/\/www.cannabis.es\/pw\/author\/arnau\/"}]}},"_links":{"self":[{"href":"https:\/\/www.cannabis.es\/pw\/wp-json\/wp\/v2\/posts\/1588","targetHints":{"allow":["GET"]}}],"collection":[{"href":"https:\/\/www.cannabis.es\/pw\/wp-json\/wp\/v2\/posts"}],"about":[{"href":"https:\/\/www.cannabis.es\/pw\/wp-json\/wp\/v2\/types\/post"}],"author":[{"embeddable":true,"href":"https:\/\/www.cannabis.es\/pw\/wp-json\/wp\/v2\/users\/3"}],"replies":[{"embeddable":true,"href":"https:\/\/www.cannabis.es\/pw\/wp-json\/wp\/v2\/comments?post=1588"}],"version-history":[{"count":2,"href":"https:\/\/www.cannabis.es\/pw\/wp-json\/wp\/v2\/posts\/1588\/revisions"}],"predecessor-version":[{"id":4773,"href":"https:\/\/www.cannabis.es\/pw\/wp-json\/wp\/v2\/posts\/1588\/revisions\/4773"}],"wp:featuredmedia":[{"embeddable":true,"href":"https:\/\/www.cannabis.es\/pw\/wp-json\/wp\/v2\/media\/1590"}],"wp:attachment":[{"href":"https:\/\/www.cannabis.es\/pw\/wp-json\/wp\/v2\/media?parent=1588"}],"wp:term":[{"taxonomy":"category","embeddable":true,"href":"https:\/\/www.cannabis.es\/pw\/wp-json\/wp\/v2\/categories?post=1588"},{"taxonomy":"post_tag","embeddable":true,"href":"https:\/\/www.cannabis.es\/pw\/wp-json\/wp\/v2\/tags?post=1588"}],"curies":[{"name":"wp","href":"https:\/\/api.w.org\/{rel}","templated":true}]}}