{"id":1593,"date":"2019-11-04T10:37:05","date_gmt":"2019-11-04T09:37:05","guid":{"rendered":"http:\/\/www.cannabis.es\/pw\/?p=1593"},"modified":"2020-07-23T13:45:35","modified_gmt":"2020-07-23T11:45:35","slug":"fernanda-de-la-figuera-espera-la-sentencia-tras-el-juicio-por-cultivo-compartido","status":"publish","type":"post","link":"https:\/\/www.cannabis.es\/pw\/2019\/11\/04\/fernanda-de-la-figuera-espera-la-sentencia-tras-el-juicio-por-cultivo-compartido\/","title":{"rendered":"FERNANDA DE LA FIGUERA ESPERA LA SENTENCIA TRAS EL JUICIO POR CULTIVO COMPARTIDO"},"content":{"rendered":"<p class=\"western\" lang=\"es-ES\">Gema Barba<\/p>\n<p>El juicio de ayer 30 de octubre a Fernanda de la Figuera, la abuela del cannabis, ya est\u00e1 visto para sentencia, y fiscal\u00eda pide 4 a\u00f1os de c\u00e1rcel. El abogado de Fernanda, Rafael Ramos, centr\u00f3 la defensa en las&nbsp;<b>deficiencias de la intervenci\u00f3n policial, no protocolaria<\/b>, y en el&nbsp;<b>error invencible o error de prohibici\u00f3n<\/b>, basado en que Fernanda estaba convencida de que actuaba legalmente cultivando para la asociaci\u00f3n. Tras la de Pannagh, la sentencia seguir\u00e1 definiendo la legalidad de las asociaciones en estado de inseguridad jur\u00eddica. De aceptar el error invencible o demasiados errores protocolarios se llegar\u00eda directamente a la absoluci\u00f3n.<\/p>\n<p class=\"western\" lang=\"es-ES\">El juicio empez\u00f3 por la ma\u00f1ana en la Ciudad de la \u201cJusticia\u201d de M\u00e1laga con el apoyo de un nutrido grupo de manifestantes y activistas. Queda menos pues para saber qu\u00e9 dictamina el juez en los hechos que se le imputan. Mucho tiempo ha pasado desde que el 2 de julio de 2014 se presentara la polic\u00eda de paisano en el local de la asociaci\u00f3n&nbsp;<b>\u201cMar\u00edas x Mar\u00eda\u201d<\/b>, situado en calle Montes de Oca, en M\u00e1laga, y registrara el espacio, deteni\u00e9ndola a ella y al tesorero y secretario.<\/p>\n<h3 class=\"western\" lang=\"es-ES\"><b>LA DEFENSA<\/b><\/h3>\n<p class=\"western\" lang=\"es-ES\">El juicio empez\u00f3 por la ma\u00f1ana en la Ciudad de la \u201cJusticia\u201d de M\u00e1laga con el apoyo de un nutrido grupo de manifestantes y activistas. Al haber sido absuelta en ocasiones anteriores, incluso con m\u00e1s cantidad incautada, Fernanda habr\u00eda sido&nbsp;<b>ratificada cultivadora legal<\/b>, y en esto se basa el error invencible o de prohibici\u00f3n.&nbsp;<b>De aceptar el error invencible<\/b>, significar\u00eda que<b>&nbsp;la sentencia tiene que ser absolutoria<\/b>&nbsp;y, de no aceptarlo, que va a dictar una sentencia condenatoria o bien, hipot\u00e9ticamente, una absolutoria por defectos de forma.<\/p>\n<p class=\"western\" lang=\"es-ES\">Para Ramos, las irregularidades en el proceso se produjeron desde el principio. La vulneraci\u00f3n de derechos fundamentales por la forma en la que se produjo el registro y posterior detenci\u00f3n, la vulneraci\u00f3n de la cadena de custodia de la incautaci\u00f3n y casualidades como poco sorprendentes sobre c\u00f3mo se llev\u00f3 la operaci\u00f3n por los diferentes cuerpos del estado&#8230;<\/p>\n<p class=\"western\" lang=\"es-ES\">Polic\u00eda local (la que entr\u00f3 a la asociaci\u00f3n) y Guardia Civil (la que incaut\u00f3 el cultivo en la finca&nbsp;<i>El Refugio&nbsp;<\/i>situada en Alhaur\u00edn el Grande) curiosamente hab\u00edan coincidido en el tiempo en la incurrencia del delito. Los testigos de la Polic\u00eda Local relatan c\u00f3mo despu\u00e9s de una investigaci\u00f3n por internet llegan a la asociaci\u00f3n \u201cMar\u00edas x Mar\u00eda\u201d, donde observan un trasiego de personas que entran y salen en intervalos cortos de tiempo. De paisano, aprovechan que la puerta estaba a\u00fan abierta por la entrada de un socio para colarse y tras ense\u00f1ar la placa le preguntan a Fernanda si pueden mirar en el local.<\/p>\n<h3 class=\"western\" lang=\"es-ES\"><b>FERNANDA<\/b><\/h3>\n<p class=\"western\" lang=\"es-ES\">Visiblemente cansada,&nbsp;<em>la declaraci\u00f3n de Fernanda es de una persona normal en defensa de algo en lo que ha cre\u00eddo durante m\u00e1s de sus 30 a\u00f1os<\/em>&nbsp;de activismo. La marihuana con car\u00e1cter medicinal ayuda a personas enfermas a tener una mejor calidad de vida, en este caso mujeres enfermas que tienen dif\u00edcil el acceso a esta sustancia. Deja claro que nunca se ha lucrado del negocio ni ha tenido mayor inter\u00e9s que la legalizaci\u00f3n de la sustancia. Le duele que hayan ido contra ella de tan malas formas. Todos la conocen, saben de la asociaci\u00f3n porque adem\u00e1s est\u00e1 registrada legalmente en la Comunidad Aut\u00f3noma Andaluza.<\/p>\n<h3 class=\"western\" lang=\"es-ES\"><b>FISCAL\u00cdA<\/b><\/h3>\n<p class=\"western\" lang=\"es-ES\">El trasiego de declaraciones de los distintos cuerpos de seguridad del estado deja claro que&nbsp;<b>seg\u00fan ellos en ese local se promov\u00eda, favorec\u00eda y dispensaba marihuana a personas que no eran socias<\/b>, incumpliendo una de las tres normas principales de los estatutos de las asociaciones de consumidores. Adem\u00e1s, seg\u00fan ellos&nbsp;<b>tambi\u00e9n incurr\u00edan en delito por el elevado n\u00famero de socios (casi 200)<\/b>&nbsp;y en el no cumplimiento de consumir en exclusiva dentro de la asociaci\u00f3n, incidiendo en el<b>&nbsp;traslado de la sustancia fuera&nbsp;<\/b>de las instalaciones. La polic\u00eda local utiliza en varias ocasiones el verbo&nbsp;<b>\u201ccaptar\u201d para referirse al momento de entrada de un socio nuevo<\/b>. En el alegato final, el abogado defensor ataca la utilizaci\u00f3n de este t\u00e9rmino por considerarlo intolerable.<\/p>\n<p class=\"western\" lang=\"es-ES\">Siempre seg\u00fan la Fiscal\u00eda, no hab\u00eda un control exhaustivo del proceder dentro de la asociaci\u00f3n acorde a los estatutos, siendo delito por la forma en la que se operaba.<\/p>\n<h3 class=\"western\" lang=\"es-ES\"><b>LOS PERITOS<\/b><\/h3>\n<p class=\"western\" lang=\"es-ES\">Dos peritos del Ministerio Fiscal y uno independiente presentado por la defensa cierran la sesi\u00f3n juicial. Como siempre suele ocurrir en estos casos,&nbsp;<b>la incautaci\u00f3n de la droga pasa por procesos err\u00f3neos en su tratamiento policial<\/b>&nbsp;por lo que la defensa argumenta que de los supuestos 10 kg obtenidos el d\u00eda de los hechos, por lo menos dos no deber\u00edan haberse contabilizado incidiendo tambi\u00e9n en el hecho de lo que es tomado como sustancia ilegal y que se encuentra en las unidades floridas, dejando fuera el resto, entre ellas las hojas.<\/p>\n<h3 class=\"western\" lang=\"es-ES\"><b>LA CARGA DE LA PERSECUCI\u00d3N:&nbsp;<\/b><b>\u00a1<\/b><b>Y<\/b><b>O TAMBI\u00c9N SOY FERNANDA!<\/b><\/h3>\n<p class=\"western\" lang=\"es-ES\">Esta dilataci\u00f3n en el tiempo ha hecho&nbsp;<b>mella<\/b>&nbsp;en todos. Primero en las personas imputadas, que por defender el autoconsumo y el autocultivo de la marihuana, un derecho que debe ser de todos, sufren las consecuencias de un sistema que sigue sin adaptarse a la evoluci\u00f3n de la sociedad, anclado en el pasado. Despu\u00e9s nos afecta a nosotros, defensores de una libertad que entendemos deber\u00eda darse ya. Mientras vemos c\u00f3mo en otros pa\u00edses las leyes se adec\u00faan a las demandas de la sociedad en materia de cannabis, aqu\u00ed seguimos con<b>&nbsp;ambig\u00fcedades y subjetividades<\/b>&nbsp;seg\u00fan te toque el polic\u00eda o juez de turno.<\/p>\n<p class=\"western\" lang=\"es-ES\"><b>Fernanda de la&nbsp;<\/b><b>F<\/b><b>iguera<\/b>&nbsp;es&nbsp;<b>\u201cla abuela de la marihuana\u201d<\/b>, un cari\u00f1oso nombre que se ha ganado durante toda una vida relacionada con el activismo cann\u00e1bico.&nbsp;Ver a esta&nbsp;<b>se\u00f1ora de 76 a\u00f1os con claras mermas en su salud sentada en el banquillo de los acusados como una delincuente<\/b>&nbsp;produce rabia y tristeza. Ha sido un juicio largo,&nbsp;<b>cuatro horas de sesi\u00f3n<\/b>&nbsp;donde se han manifestado ambas partes.&nbsp;<b>El fiscal pide para ella 4 a\u00f1os de c\u00e1rcel.<\/b><\/p>\n<p class=\"western\" lang=\"es-ES\">Fernanda ha sentido el apoyo de mucha gente por medio de las redes, pero tambi\u00e9n de forma f\u00edsica, ya que se ha producido una concentraci\u00f3n multitudinaria frente a los juzgados de M\u00e1laga, donde hab\u00eda personas provenientes de diferentes lugares de la pen\u00ednsula.<\/p>\n<p class=\"western\" lang=\"es-ES\">Ella nunca se ha&nbsp;<em>\u201cescondido\u201d<\/em>, siempre ha<em>&nbsp;\u201cdefendido\u201d<\/em>&nbsp;el uso medicinal y l\u00fadico de la marihuana, y&nbsp;<em>\u201cde firme convicci\u00f3n\u201d<\/em>&nbsp;no cree que estuviera haciendo&nbsp;<em>\u201calgo malo\u201d ni \u201cilegal\u201d<\/em>. De hecho, es la tercera vez que pasa por los tribunales, habiendo sido absuelta en las dos ocasiones anteriores, la \u00faltima en 2010. Entonces, \u00bfpor qu\u00e9 a estas alturas y de esta forma?&nbsp;<b>Ronda en el ambiente la duda de una condena ejemplarizante.<\/b>&nbsp;Sinceramente esperamos que no y que sea absuelta de todos los cargos.<\/p>\n<p class=\"western\" lang=\"es-ES\">Esperamos que esta pesadilla acabe en una condena absolutoria para ella y las dos personas corresponsables de la asociaci\u00f3n que la acompa\u00f1an imputadas en este juicio.<\/p>\n","protected":false},"excerpt":{"rendered":"<span class=\"span-reading-time rt-reading-time\" style=\"display: block;\"><span class=\"rt-label rt-prefix\">Tiempo de lectura:<\/span> <span class=\"rt-time\"> 4<\/span> <span class=\"rt-label rt-postfix\">minutos<\/span><\/span>Gema Barba El juicio de ayer 30 de octubre a Fernanda de la Figuera, la abuela del cannabis, ya est\u00e1 visto para sentencia, y fiscal\u00eda pide 4 a\u00f1os de c\u00e1rcel. El abogado de Fernanda, Rafael Ramos, centr\u00f3 la defensa en las&nbsp;deficiencias de la intervenci\u00f3n policial, no protocolaria, y en el&nbsp;error invencible o error de prohibici\u00f3n, [&hellip;]","protected":false},"author":3,"featured_media":1594,"comment_status":"closed","ping_status":"closed","sticky":false,"template":"","format":"standard","meta":{"loftocean-featured-post":"","loftocean_post_format_gallery":"","loftocean_post_format_gallery_ids":"","loftocean_post_format_gallery_urls":"","loftocean_post_format_video_id":"","loftocean_post_format_video_url":"","loftocean_post_format_video_type":"","loftocean_post_format_video":"","loftocean_post_format_audio_type":"","loftocean_post_format_audio_url":"","loftocean_post_format_audio_id":"","loftocean_post_format_audio":"","loftocean_post_format_quote_text":"","loftocean_post_format_quote_byline":"","loftocean_post_format_link_text":"","loftocean_post_format_link_url":"","ceramag_post_header_style":"","ceramag_enable_background_video":"","ceramag_show_in_top_slider":"","ceramag_post_background_video_start":"","ceramag_post_background_video_end":"","loftocean_page_background_video_id":"","loftocean_page_background_video_url":"","loftocean_page_background_video_type":"","loftocean_page_background_video":"","ceramag_background_video_start":"","ceramag_background_video_end":"","ceramag_single_page_hide_header":"","footnotes":""},"categories":[35,34],"tags":[399],"class_list":["post-1593","post","type-post","status-publish","format-standard","has-post-thumbnail","hentry","category-politica-y-sociedad","category-reportajes","tag-fernanda-de-la-figuera"],"yoast_head":"<!-- This site is optimized with the Yoast SEO plugin v24.9 - https:\/\/yoast.com\/wordpress\/plugins\/seo\/ -->\n<title>FERNANDA DE LA FIGUERA ESPERA LA SENTENCIA TRAS EL JUICIO POR CULTIVO COMPARTIDO<\/title>\n<meta name=\"description\" content=\"Entrada &#8226; Portal multimedia sobre cannabis y otras sustancias &#8226; 4 noviembre, 2019\" \/>\n<meta name=\"robots\" content=\"index, follow, max-snippet:-1, max-image-preview:large, max-video-preview:-1\" \/>\n<link rel=\"canonical\" href=\"https:\/\/www.cannabis.es\/pw\/2019\/11\/04\/fernanda-de-la-figuera-espera-la-sentencia-tras-el-juicio-por-cultivo-compartido\/\" \/>\n<meta name=\"twitter:card\" content=\"summary_large_image\" \/>\n<meta name=\"twitter:title\" content=\"FERNANDA DE LA FIGUERA ESPERA LA SENTENCIA TRAS EL JUICIO POR CULTIVO COMPARTIDO\" \/>\n<meta name=\"twitter:description\" content=\"Entrada &#8226; Portal multimedia sobre cannabis y otras sustancias &#8226; 4 noviembre, 2019\" \/>\n<meta name=\"twitter:image\" content=\"https:\/\/www.cannabis.es\/pw\/wp-content\/uploads\/2019\/11\/LIBERTAD_FERNANDA.jpg\" \/>\n<meta name=\"twitter:creator\" content=\"@cannabis_es\" \/>\n<meta name=\"twitter:site\" content=\"@cannabis_es\" \/>\n<meta name=\"twitter:label1\" content=\"Escrito por\" \/>\n\t<meta name=\"twitter:data1\" content=\"Cannabis.es\" \/>\n\t<meta name=\"twitter:label2\" content=\"Tiempo de lectura\" \/>\n\t<meta name=\"twitter:data2\" content=\"6 minutos\" \/>\n<script type=\"application\/ld+json\" class=\"yoast-schema-graph\">{\"@context\":\"https:\/\/schema.org\",\"@graph\":[{\"@type\":\"Article\",\"@id\":\"https:\/\/www.cannabis.es\/pw\/2019\/11\/04\/fernanda-de-la-figuera-espera-la-sentencia-tras-el-juicio-por-cultivo-compartido\/#article\",\"isPartOf\":{\"@id\":\"https:\/\/www.cannabis.es\/pw\/2019\/11\/04\/fernanda-de-la-figuera-espera-la-sentencia-tras-el-juicio-por-cultivo-compartido\/\"},\"author\":{\"name\":\"Cannabis.es\",\"@id\":\"https:\/\/www.cannabis.es\/pw\/#\/schema\/person\/ec770c03f3e99d770687f537f4ba1e89\"},\"headline\":\"FERNANDA DE LA FIGUERA ESPERA LA SENTENCIA TRAS EL JUICIO POR CULTIVO COMPARTIDO\",\"datePublished\":\"2019-11-04T09:37:05+00:00\",\"dateModified\":\"2020-07-23T11:45:35+00:00\",\"mainEntityOfPage\":{\"@id\":\"https:\/\/www.cannabis.es\/pw\/2019\/11\/04\/fernanda-de-la-figuera-espera-la-sentencia-tras-el-juicio-por-cultivo-compartido\/\"},\"wordCount\":1286,\"publisher\":{\"@id\":\"https:\/\/www.cannabis.es\/pw\/#organization\"},\"image\":{\"@id\":\"https:\/\/www.cannabis.es\/pw\/2019\/11\/04\/fernanda-de-la-figuera-espera-la-sentencia-tras-el-juicio-por-cultivo-compartido\/#primaryimage\"},\"thumbnailUrl\":\"https:\/\/www.cannabis.es\/pw\/wp-content\/uploads\/2019\/11\/LIBERTAD_FERNANDA.jpg\",\"keywords\":[\"Fernanda de la Figuera\"],\"articleSection\":[\"Pol\u00edtica y Sociedad\",\"Reportajes\"],\"inLanguage\":\"es\"},{\"@type\":\"WebPage\",\"@id\":\"https:\/\/www.cannabis.es\/pw\/2019\/11\/04\/fernanda-de-la-figuera-espera-la-sentencia-tras-el-juicio-por-cultivo-compartido\/\",\"url\":\"https:\/\/www.cannabis.es\/pw\/2019\/11\/04\/fernanda-de-la-figuera-espera-la-sentencia-tras-el-juicio-por-cultivo-compartido\/\",\"name\":\"FERNANDA DE LA FIGUERA ESPERA LA SENTENCIA TRAS EL JUICIO POR CULTIVO COMPARTIDO\",\"isPartOf\":{\"@id\":\"https:\/\/www.cannabis.es\/pw\/#website\"},\"primaryImageOfPage\":{\"@id\":\"https:\/\/www.cannabis.es\/pw\/2019\/11\/04\/fernanda-de-la-figuera-espera-la-sentencia-tras-el-juicio-por-cultivo-compartido\/#primaryimage\"},\"image\":{\"@id\":\"https:\/\/www.cannabis.es\/pw\/2019\/11\/04\/fernanda-de-la-figuera-espera-la-sentencia-tras-el-juicio-por-cultivo-compartido\/#primaryimage\"},\"thumbnailUrl\":\"https:\/\/www.cannabis.es\/pw\/wp-content\/uploads\/2019\/11\/LIBERTAD_FERNANDA.jpg\",\"datePublished\":\"2019-11-04T09:37:05+00:00\",\"dateModified\":\"2020-07-23T11:45:35+00:00\",\"description\":\"Entrada &#8226; Portal multimedia sobre cannabis y otras sustancias &#8226; 4 noviembre, 2019\",\"breadcrumb\":{\"@id\":\"https:\/\/www.cannabis.es\/pw\/2019\/11\/04\/fernanda-de-la-figuera-espera-la-sentencia-tras-el-juicio-por-cultivo-compartido\/#breadcrumb\"},\"inLanguage\":\"es\",\"potentialAction\":[{\"@type\":\"ReadAction\",\"target\":[\"https:\/\/www.cannabis.es\/pw\/2019\/11\/04\/fernanda-de-la-figuera-espera-la-sentencia-tras-el-juicio-por-cultivo-compartido\/\"]}]},{\"@type\":\"ImageObject\",\"inLanguage\":\"es\",\"@id\":\"https:\/\/www.cannabis.es\/pw\/2019\/11\/04\/fernanda-de-la-figuera-espera-la-sentencia-tras-el-juicio-por-cultivo-compartido\/#primaryimage\",\"url\":\"https:\/\/www.cannabis.es\/pw\/wp-content\/uploads\/2019\/11\/LIBERTAD_FERNANDA.jpg\",\"contentUrl\":\"https:\/\/www.cannabis.es\/pw\/wp-content\/uploads\/2019\/11\/LIBERTAD_FERNANDA.jpg\",\"width\":1397,\"height\":940},{\"@type\":\"BreadcrumbList\",\"@id\":\"https:\/\/www.cannabis.es\/pw\/2019\/11\/04\/fernanda-de-la-figuera-espera-la-sentencia-tras-el-juicio-por-cultivo-compartido\/#breadcrumb\",\"itemListElement\":[{\"@type\":\"ListItem\",\"position\":1,\"name\":\"Portada\",\"item\":\"http:\/\/www.cannabis.es\/pw\/\"},{\"@type\":\"ListItem\",\"position\":2,\"name\":\"FERNANDA DE LA FIGUERA ESPERA LA SENTENCIA TRAS EL JUICIO POR CULTIVO COMPARTIDO\"}]},{\"@type\":\"WebSite\",\"@id\":\"https:\/\/www.cannabis.es\/pw\/#website\",\"url\":\"https:\/\/www.cannabis.es\/pw\/\",\"name\":\"Cannabis\",\"description\":\"Portal multimedia sobre cannabis y otras sustancias\",\"publisher\":{\"@id\":\"https:\/\/www.cannabis.es\/pw\/#organization\"},\"potentialAction\":[{\"@type\":\"SearchAction\",\"target\":{\"@type\":\"EntryPoint\",\"urlTemplate\":\"https:\/\/www.cannabis.es\/pw\/?s={search_term_string}\"},\"query-input\":{\"@type\":\"PropertyValueSpecification\",\"valueRequired\":true,\"valueName\":\"search_term_string\"}}],\"inLanguage\":\"es\"},{\"@type\":\"Organization\",\"@id\":\"https:\/\/www.cannabis.es\/pw\/#organization\",\"name\":\"Cannabis.es\",\"url\":\"https:\/\/www.cannabis.es\/pw\/\",\"logo\":{\"@type\":\"ImageObject\",\"inLanguage\":\"es\",\"@id\":\"https:\/\/www.cannabis.es\/pw\/#\/schema\/logo\/image\/\",\"url\":\"https:\/\/www.cannabis.es\/pw\/wp-content\/uploads\/2019\/04\/cropped-logo_cannabis.png\",\"contentUrl\":\"https:\/\/www.cannabis.es\/pw\/wp-content\/uploads\/2019\/04\/cropped-logo_cannabis.png\",\"width\":361,\"height\":120,\"caption\":\"Cannabis.es\"},\"image\":{\"@id\":\"https:\/\/www.cannabis.es\/pw\/#\/schema\/logo\/image\/\"},\"sameAs\":[\"https:\/\/x.com\/cannabis_es\"]},{\"@type\":\"Person\",\"@id\":\"https:\/\/www.cannabis.es\/pw\/#\/schema\/person\/ec770c03f3e99d770687f537f4ba1e89\",\"name\":\"Cannabis.es\",\"image\":{\"@type\":\"ImageObject\",\"inLanguage\":\"es\",\"@id\":\"https:\/\/www.cannabis.es\/pw\/#\/schema\/person\/image\/\",\"url\":\"https:\/\/secure.gravatar.com\/avatar\/810c93a3d6fadc3d9c2665b1d919a4aedea8ed4dd63689d001e985a804e90d83?s=96&d=mm&r=g\",\"contentUrl\":\"https:\/\/secure.gravatar.com\/avatar\/810c93a3d6fadc3d9c2665b1d919a4aedea8ed4dd63689d001e985a804e90d83?s=96&d=mm&r=g\",\"caption\":\"Cannabis.es\"},\"url\":\"https:\/\/www.cannabis.es\/pw\/author\/arnau\/\"}]}<\/script>\n<!-- \/ Yoast SEO plugin. -->","yoast_head_json":{"title":"FERNANDA DE LA FIGUERA ESPERA LA SENTENCIA TRAS EL JUICIO POR CULTIVO COMPARTIDO","description":"Entrada &#8226; Portal multimedia sobre cannabis y otras sustancias &#8226; 4 noviembre, 2019","robots":{"index":"index","follow":"follow","max-snippet":"max-snippet:-1","max-image-preview":"max-image-preview:large","max-video-preview":"max-video-preview:-1"},"canonical":"https:\/\/www.cannabis.es\/pw\/2019\/11\/04\/fernanda-de-la-figuera-espera-la-sentencia-tras-el-juicio-por-cultivo-compartido\/","twitter_card":"summary_large_image","twitter_title":"FERNANDA DE LA FIGUERA ESPERA LA SENTENCIA TRAS EL JUICIO POR CULTIVO COMPARTIDO","twitter_description":"Entrada &#8226; Portal multimedia sobre cannabis y otras sustancias &#8226; 4 noviembre, 2019","twitter_image":"https:\/\/www.cannabis.es\/pw\/wp-content\/uploads\/2019\/11\/LIBERTAD_FERNANDA.jpg","twitter_creator":"@cannabis_es","twitter_site":"@cannabis_es","twitter_misc":{"Escrito por":"Cannabis.es","Tiempo de lectura":"6 minutos"},"schema":{"@context":"https:\/\/schema.org","@graph":[{"@type":"Article","@id":"https:\/\/www.cannabis.es\/pw\/2019\/11\/04\/fernanda-de-la-figuera-espera-la-sentencia-tras-el-juicio-por-cultivo-compartido\/#article","isPartOf":{"@id":"https:\/\/www.cannabis.es\/pw\/2019\/11\/04\/fernanda-de-la-figuera-espera-la-sentencia-tras-el-juicio-por-cultivo-compartido\/"},"author":{"name":"Cannabis.es","@id":"https:\/\/www.cannabis.es\/pw\/#\/schema\/person\/ec770c03f3e99d770687f537f4ba1e89"},"headline":"FERNANDA DE LA FIGUERA ESPERA LA SENTENCIA TRAS EL JUICIO POR CULTIVO COMPARTIDO","datePublished":"2019-11-04T09:37:05+00:00","dateModified":"2020-07-23T11:45:35+00:00","mainEntityOfPage":{"@id":"https:\/\/www.cannabis.es\/pw\/2019\/11\/04\/fernanda-de-la-figuera-espera-la-sentencia-tras-el-juicio-por-cultivo-compartido\/"},"wordCount":1286,"publisher":{"@id":"https:\/\/www.cannabis.es\/pw\/#organization"},"image":{"@id":"https:\/\/www.cannabis.es\/pw\/2019\/11\/04\/fernanda-de-la-figuera-espera-la-sentencia-tras-el-juicio-por-cultivo-compartido\/#primaryimage"},"thumbnailUrl":"https:\/\/www.cannabis.es\/pw\/wp-content\/uploads\/2019\/11\/LIBERTAD_FERNANDA.jpg","keywords":["Fernanda de la Figuera"],"articleSection":["Pol\u00edtica y Sociedad","Reportajes"],"inLanguage":"es"},{"@type":"WebPage","@id":"https:\/\/www.cannabis.es\/pw\/2019\/11\/04\/fernanda-de-la-figuera-espera-la-sentencia-tras-el-juicio-por-cultivo-compartido\/","url":"https:\/\/www.cannabis.es\/pw\/2019\/11\/04\/fernanda-de-la-figuera-espera-la-sentencia-tras-el-juicio-por-cultivo-compartido\/","name":"FERNANDA DE LA FIGUERA ESPERA LA SENTENCIA TRAS EL JUICIO POR CULTIVO COMPARTIDO","isPartOf":{"@id":"https:\/\/www.cannabis.es\/pw\/#website"},"primaryImageOfPage":{"@id":"https:\/\/www.cannabis.es\/pw\/2019\/11\/04\/fernanda-de-la-figuera-espera-la-sentencia-tras-el-juicio-por-cultivo-compartido\/#primaryimage"},"image":{"@id":"https:\/\/www.cannabis.es\/pw\/2019\/11\/04\/fernanda-de-la-figuera-espera-la-sentencia-tras-el-juicio-por-cultivo-compartido\/#primaryimage"},"thumbnailUrl":"https:\/\/www.cannabis.es\/pw\/wp-content\/uploads\/2019\/11\/LIBERTAD_FERNANDA.jpg","datePublished":"2019-11-04T09:37:05+00:00","dateModified":"2020-07-23T11:45:35+00:00","description":"Entrada &#8226; Portal multimedia sobre cannabis y otras sustancias &#8226; 4 noviembre, 2019","breadcrumb":{"@id":"https:\/\/www.cannabis.es\/pw\/2019\/11\/04\/fernanda-de-la-figuera-espera-la-sentencia-tras-el-juicio-por-cultivo-compartido\/#breadcrumb"},"inLanguage":"es","potentialAction":[{"@type":"ReadAction","target":["https:\/\/www.cannabis.es\/pw\/2019\/11\/04\/fernanda-de-la-figuera-espera-la-sentencia-tras-el-juicio-por-cultivo-compartido\/"]}]},{"@type":"ImageObject","inLanguage":"es","@id":"https:\/\/www.cannabis.es\/pw\/2019\/11\/04\/fernanda-de-la-figuera-espera-la-sentencia-tras-el-juicio-por-cultivo-compartido\/#primaryimage","url":"https:\/\/www.cannabis.es\/pw\/wp-content\/uploads\/2019\/11\/LIBERTAD_FERNANDA.jpg","contentUrl":"https:\/\/www.cannabis.es\/pw\/wp-content\/uploads\/2019\/11\/LIBERTAD_FERNANDA.jpg","width":1397,"height":940},{"@type":"BreadcrumbList","@id":"https:\/\/www.cannabis.es\/pw\/2019\/11\/04\/fernanda-de-la-figuera-espera-la-sentencia-tras-el-juicio-por-cultivo-compartido\/#breadcrumb","itemListElement":[{"@type":"ListItem","position":1,"name":"Portada","item":"http:\/\/www.cannabis.es\/pw\/"},{"@type":"ListItem","position":2,"name":"FERNANDA DE LA FIGUERA ESPERA LA SENTENCIA TRAS EL JUICIO POR CULTIVO COMPARTIDO"}]},{"@type":"WebSite","@id":"https:\/\/www.cannabis.es\/pw\/#website","url":"https:\/\/www.cannabis.es\/pw\/","name":"Cannabis","description":"Portal multimedia sobre cannabis y otras sustancias","publisher":{"@id":"https:\/\/www.cannabis.es\/pw\/#organization"},"potentialAction":[{"@type":"SearchAction","target":{"@type":"EntryPoint","urlTemplate":"https:\/\/www.cannabis.es\/pw\/?s={search_term_string}"},"query-input":{"@type":"PropertyValueSpecification","valueRequired":true,"valueName":"search_term_string"}}],"inLanguage":"es"},{"@type":"Organization","@id":"https:\/\/www.cannabis.es\/pw\/#organization","name":"Cannabis.es","url":"https:\/\/www.cannabis.es\/pw\/","logo":{"@type":"ImageObject","inLanguage":"es","@id":"https:\/\/www.cannabis.es\/pw\/#\/schema\/logo\/image\/","url":"https:\/\/www.cannabis.es\/pw\/wp-content\/uploads\/2019\/04\/cropped-logo_cannabis.png","contentUrl":"https:\/\/www.cannabis.es\/pw\/wp-content\/uploads\/2019\/04\/cropped-logo_cannabis.png","width":361,"height":120,"caption":"Cannabis.es"},"image":{"@id":"https:\/\/www.cannabis.es\/pw\/#\/schema\/logo\/image\/"},"sameAs":["https:\/\/x.com\/cannabis_es"]},{"@type":"Person","@id":"https:\/\/www.cannabis.es\/pw\/#\/schema\/person\/ec770c03f3e99d770687f537f4ba1e89","name":"Cannabis.es","image":{"@type":"ImageObject","inLanguage":"es","@id":"https:\/\/www.cannabis.es\/pw\/#\/schema\/person\/image\/","url":"https:\/\/secure.gravatar.com\/avatar\/810c93a3d6fadc3d9c2665b1d919a4aedea8ed4dd63689d001e985a804e90d83?s=96&d=mm&r=g","contentUrl":"https:\/\/secure.gravatar.com\/avatar\/810c93a3d6fadc3d9c2665b1d919a4aedea8ed4dd63689d001e985a804e90d83?s=96&d=mm&r=g","caption":"Cannabis.es"},"url":"https:\/\/www.cannabis.es\/pw\/author\/arnau\/"}]}},"_links":{"self":[{"href":"https:\/\/www.cannabis.es\/pw\/wp-json\/wp\/v2\/posts\/1593","targetHints":{"allow":["GET"]}}],"collection":[{"href":"https:\/\/www.cannabis.es\/pw\/wp-json\/wp\/v2\/posts"}],"about":[{"href":"https:\/\/www.cannabis.es\/pw\/wp-json\/wp\/v2\/types\/post"}],"author":[{"embeddable":true,"href":"https:\/\/www.cannabis.es\/pw\/wp-json\/wp\/v2\/users\/3"}],"replies":[{"embeddable":true,"href":"https:\/\/www.cannabis.es\/pw\/wp-json\/wp\/v2\/comments?post=1593"}],"version-history":[{"count":3,"href":"https:\/\/www.cannabis.es\/pw\/wp-json\/wp\/v2\/posts\/1593\/revisions"}],"predecessor-version":[{"id":5063,"href":"https:\/\/www.cannabis.es\/pw\/wp-json\/wp\/v2\/posts\/1593\/revisions\/5063"}],"wp:featuredmedia":[{"embeddable":true,"href":"https:\/\/www.cannabis.es\/pw\/wp-json\/wp\/v2\/media\/1594"}],"wp:attachment":[{"href":"https:\/\/www.cannabis.es\/pw\/wp-json\/wp\/v2\/media?parent=1593"}],"wp:term":[{"taxonomy":"category","embeddable":true,"href":"https:\/\/www.cannabis.es\/pw\/wp-json\/wp\/v2\/categories?post=1593"},{"taxonomy":"post_tag","embeddable":true,"href":"https:\/\/www.cannabis.es\/pw\/wp-json\/wp\/v2\/tags?post=1593"}],"curies":[{"name":"wp","href":"https:\/\/api.w.org\/{rel}","templated":true}]}}