{"id":1599,"date":"2019-11-06T15:44:59","date_gmt":"2019-11-06T14:44:59","guid":{"rendered":"http:\/\/www.cannabis.es\/pw\/?p=1599"},"modified":"2020-07-23T13:45:23","modified_gmt":"2020-07-23T11:45:23","slug":"la-policia-golpea-la-b-o-c-a-de-menorca","status":"publish","type":"post","link":"https:\/\/www.cannabis.es\/pw\/2019\/11\/06\/la-policia-golpea-la-b-o-c-a-de-menorca\/","title":{"rendered":"La Polic\u00eda golpea la B.O.C.A de Menorca"},"content":{"rendered":"\n<p>Benito D\u00edaz<\/p>\n\n\n\n<p>El pasado mi\u00e9rcoles 9 de Octubre, la prensa lanzaba la noticia de otra intervenci\u00f3n a un Club Social de Cannabis por parte de la Polic\u00eda. Seg\u00fan las informaciones, los agentes del Cuerpo Nacional incautaron un alijo de 68 kg en Mah\u00f3n, Menorca. La actuaci\u00f3n estaba dirigida contra el CSC Bot\u00e1nica Cannabis (BOCA) y fueron detenidos su presidente y dos miembros de la asociaci\u00f3n.<\/p>\n\n\n\n<hr class=\"wp-block-separator\"\/>\n\n\n\n<p>La noticia, publicada en un medio local, afirma que se trata de una investigaci\u00f3n abierta en 2018, cuando se supo de su existencia. Dicho club contaba con un nutrido grupo de socios y su presidente usar\u00eda esta asociaci\u00f3n como tapadera para vender Cannabis que cultivar\u00eda en una finca de su propiedad.<\/p>\n\n\n\n<p><strong>Leandro Spera es el presidente de la BOCA<\/strong>. Nos explica que la asociaci\u00f3n se fund\u00f3 hace ocho a\u00f1os y que cuenta con unos 30-40 socixs. Seg\u00fan la descripci\u00f3n que encontramos en su blog, BOCA es una&nbsp;<em>\u201c<\/em><em>asociaci\u00f3n sin af\u00e1n de lucro de cultivadores y usuarios de Cananbis, que busca estudiar el C\u00e1\u00f1amo y su aplicaci\u00f3n tanto l\u00fadica como terap\u00e9utica, agr\u00edcola, cient\u00edfica y cultural, as\u00ed como informar sobre conceptos b\u00e1sicos de siembra, producci\u00f3n sostenida, uso de abonos, etc.<\/em><em>\u201d<\/em>&nbsp;El retrato se cierra hablando sobre el cooperativismo, el Cannabis Terap\u00e9utico y la necesidad de protecci\u00f3n de los usuarios del c\u00edrculo cerrado, ante el mercado ilegal.<\/p>\n\n\n\n<p>\u201c<em>Organizamos jornadas informativas, participamos en el D\u00eda Mundial de la Marihuana, montamos la Copa Cann\u00e1bica, la Bicicleteada, el BioMenorCannabis, charlas, conciertos\u2026\u201d nos explica Spera. \u201cSomos seis personas que conformamos la junta directiva y gestionamos el local. Mantenemos el cultivo para abastecer a los socios. Es probable que tengamos que dejar nuestra sede, pues el cultivo abastec\u00eda el dispensario y el dispensario, pagaba el aquiler. En ese aspecto, estaremos parados hasta que podamos montarlo otra vez\u201d<\/em>&nbsp;asegura el presidente de la BOCA.<\/p>\n\n\n\n<p>Leandro narra lo que puede al respecto de la intervenci\u00f3n de la Polic\u00eda. Debe proteger la l\u00ednea de defensa que sus abogados est\u00e1n desarrollando para este proceso en activo.&nbsp;<em>\u201c<\/em><em>La Polic\u00eda lleg\u00f3 sin tener orden de registro. Nos dijeron que iban a pedirla y que se la conceder\u00edan. Iban a entrar igual y nosotros estamos dentro de la legalidad, as\u00ed que les dej\u00e9 entrar sin resistencia. Pens\u00e9 que era mejor colaborar, no estamos haciendo nada irregular, dejemos que el juez decida<\/em><em>\u201d<\/em>&nbsp;declara Spera.&nbsp;<em>\u201cLos agentes fueron bastante amables, colabor\u00e9 en todo momento. Se iban a llevar todo igual. Me trataron bien, dentro de lo que cabe\u201d.<\/em><\/p>\n\n\n\n<p>El registro dio con la incautaci\u00f3n del cultivo de la asociaci\u00f3n y una peque\u00f1a cantidad de resina. Detuvieron a un colaborador y dos miembros de la junta directiva, entre los que estaba Spera.&nbsp;<em>\u201cNo es cierto que hubiera 68 kilos en nuestro local. Tengo una empresa de C\u00e1\u00f1amo industrial\u201d<\/em>&nbsp;asegura el presidente sin entrar en detalles. Se enfrenta a sanciones que incluyen penas de entre cuatro y ocho a\u00f1os de c\u00e1rcel por tr\u00e1fico de drogas y asociaci\u00f3n il\u00edcita.&nbsp;<em>\u201cSiempre hemos estado actuando en un vac\u00edo legal. Las autoridades se encargan de ir a por qui\u00e9n les interesa\u201d.<\/em><\/p>\n\n\n\n<p>El local de la BOCA no ha sido clausurado y seguir\u00e1n en activo todo lo que puedan, asegura Spera.&nbsp;<em>\u201cSeguimos organizando reuniones informativas. Adem\u00e1s, la semana que viene es la MenorCannabis en su quinta edici\u00f3n, un evento con charlas, actuaciones en directo y competici\u00f3n cann\u00e1bica. Vienen Jose Carlos Bouso y \u00d2scar Par\u00e9s y tendr\u00e1n lugar en la Biblioteca P\u00fablica de Mah\u00f3n. Los conciertos, en la sala Musik Box. Ambas cosas el dos de noviembre\u201d.<\/em><\/p>\n\n\n\n<p>Los golpes policiales a los CSC y Asociaciones de Cannabis se han multiplicado en n\u00famero en lo que va de a\u00f1o. Hace poco, contamos&nbsp;<a href=\"http:\/\/www.cannabis.es\/pw\/2019\/09\/04\/golpes-policiales-a-asociaciones-en-zaragoza\/\">lo sucedido en Zaragoza<\/a>&nbsp;y los abusos sufridos por los&nbsp;<a href=\"http:\/\/www.cannabis.es\/pw\/2019\/09\/18\/salarios-embargados-miedo-al-despido-e-insolvencia-con-las-multas-mordaza\/\">vecinos de Yecla<\/a>. Leandro Spera desea que dentro de poco se lleve a cabo una regulaci\u00f3n.&nbsp;<em>\u201cQue cada uno pueda montar una peque\u00f1a asociaci\u00f3n de barrio o una multitudinaria con cientos de personas, con todo el derecho\u201d.&nbsp;<\/em>La realidad es que el cerco policial se estrecha alrededor de estas zonas de libertad, estos lugares necesarios donde los prejuicios y los estigmas se quedan en la puerta.<\/p>\n\n\n\n<p><em>Puedes seguir toda la actividad de la BOCA en&nbsp;<\/em><a href=\"https:\/\/www.facebook.com\/laboca.demenorca\/?__tn__=%2Cd%2CP-R&amp;eid=ARCb7CERhYaTV6-JGWuGeBWGK8B4VMckBlimI17mO5HW8bS7XpINlo3sZwd-LhrQUG0LhI_OpVhVPOyA\"><em>su Facebook<\/em><\/a><a href=\"https:\/\/www.instagram.com\/labocademenorca\/\"><em>e Instagram<\/em><\/a><em>. Visita&nbsp;<\/em><a href=\"http:\/\/bocacsc.blogspot.com\/\"><em>su blog<\/em><\/a><em>&nbsp;para ampliar informaci\u00f3n.<\/em><\/p>\n","protected":false},"excerpt":{"rendered":"<span class=\"span-reading-time rt-reading-time\" style=\"display: block;\"><span class=\"rt-label rt-prefix\">Tiempo de lectura:<\/span> <span class=\"rt-time\"> 3<\/span> <span class=\"rt-label rt-postfix\">minutos<\/span><\/span>Benito D\u00edaz El pasado mi\u00e9rcoles 9 de Octubre, la prensa lanzaba la noticia de otra intervenci\u00f3n a un Club Social de Cannabis por parte de la Polic\u00eda. Seg\u00fan las informaciones, los agentes del Cuerpo Nacional incautaron un alijo de 68 kg en Mah\u00f3n, Menorca. La actuaci\u00f3n estaba dirigida contra el CSC Bot\u00e1nica Cannabis (BOCA) y [&hellip;]","protected":false},"author":1,"featured_media":1600,"comment_status":"closed","ping_status":"closed","sticky":false,"template":"","format":"standard","meta":{"loftocean-featured-post":"","loftocean_post_format_gallery":"","loftocean_post_format_gallery_ids":"","loftocean_post_format_gallery_urls":"","loftocean_post_format_video_id":"","loftocean_post_format_video_url":"","loftocean_post_format_video_type":"","loftocean_post_format_video":"","loftocean_post_format_audio_type":"","loftocean_post_format_audio_url":"","loftocean_post_format_audio_id":"","loftocean_post_format_audio":"","loftocean_post_format_quote_text":"","loftocean_post_format_quote_byline":"","loftocean_post_format_link_text":"","loftocean_post_format_link_url":"","ceramag_post_header_style":"","ceramag_enable_background_video":"","ceramag_show_in_top_slider":"","ceramag_post_background_video_start":"","ceramag_post_background_video_end":"","loftocean_page_background_video_id":"","loftocean_page_background_video_url":"","loftocean_page_background_video_type":"","loftocean_page_background_video":"","ceramag_background_video_start":"","ceramag_background_video_end":"","ceramag_single_page_hide_header":"","footnotes":""},"categories":[35],"tags":[528,43,41,398],"class_list":["post-1599","post","type-post","status-publish","format-standard","has-post-thumbnail","hentry","category-politica-y-sociedad","tag-asociacion-cannabica","tag-benito-diaz","tag-cannabis","tag-csc"],"yoast_head":"<!-- This site is optimized with the Yoast SEO plugin v24.9 - https:\/\/yoast.com\/wordpress\/plugins\/seo\/ -->\n<title>La Polic\u00eda golpea la B.O.C.A de Menorca<\/title>\n<meta name=\"description\" content=\"Entrada &#8226; Portal multimedia sobre cannabis y otras sustancias &#8226; 6 noviembre, 2019\" \/>\n<meta name=\"robots\" content=\"index, follow, max-snippet:-1, max-image-preview:large, max-video-preview:-1\" \/>\n<link rel=\"canonical\" href=\"https:\/\/www.cannabis.es\/pw\/2019\/11\/06\/la-policia-golpea-la-b-o-c-a-de-menorca\/\" \/>\n<meta name=\"twitter:card\" content=\"summary_large_image\" \/>\n<meta name=\"twitter:title\" content=\"La Polic\u00eda golpea la B.O.C.A de Menorca\" \/>\n<meta name=\"twitter:description\" content=\"Entrada &#8226; Portal multimedia sobre cannabis y otras sustancias &#8226; 6 noviembre, 2019\" \/>\n<meta name=\"twitter:image\" content=\"https:\/\/www.cannabis.es\/pw\/wp-content\/uploads\/2020\/05\/boca.jpg\" \/>\n<meta name=\"twitter:creator\" content=\"@cannabis_es\" \/>\n<meta name=\"twitter:site\" content=\"@cannabis_es\" \/>\n<meta name=\"twitter:label1\" content=\"Escrito por\" \/>\n\t<meta name=\"twitter:data1\" content=\"Cannabis.es\" \/>\n\t<meta name=\"twitter:label2\" content=\"Tiempo de lectura\" \/>\n\t<meta name=\"twitter:data2\" content=\"4 minutos\" \/>\n<script type=\"application\/ld+json\" class=\"yoast-schema-graph\">{\"@context\":\"https:\/\/schema.org\",\"@graph\":[{\"@type\":\"Article\",\"@id\":\"https:\/\/www.cannabis.es\/pw\/2019\/11\/06\/la-policia-golpea-la-b-o-c-a-de-menorca\/#article\",\"isPartOf\":{\"@id\":\"https:\/\/www.cannabis.es\/pw\/2019\/11\/06\/la-policia-golpea-la-b-o-c-a-de-menorca\/\"},\"author\":{\"name\":\"Cannabis.es\",\"@id\":\"https:\/\/www.cannabis.es\/pw\/#\/schema\/person\/e2fbd204580cf4fe74c79b82bc447374\"},\"headline\":\"La Polic\u00eda golpea la B.O.C.A de Menorca\",\"datePublished\":\"2019-11-06T14:44:59+00:00\",\"dateModified\":\"2020-07-23T11:45:23+00:00\",\"mainEntityOfPage\":{\"@id\":\"https:\/\/www.cannabis.es\/pw\/2019\/11\/06\/la-policia-golpea-la-b-o-c-a-de-menorca\/\"},\"wordCount\":786,\"publisher\":{\"@id\":\"https:\/\/www.cannabis.es\/pw\/#organization\"},\"image\":{\"@id\":\"https:\/\/www.cannabis.es\/pw\/2019\/11\/06\/la-policia-golpea-la-b-o-c-a-de-menorca\/#primaryimage\"},\"thumbnailUrl\":\"https:\/\/www.cannabis.es\/pw\/wp-content\/uploads\/2020\/05\/boca.jpg\",\"keywords\":[\"asociaci\u00f3n cann\u00e1bica\",\"Benito D\u00edaz\",\"cannabis\",\"CSC\"],\"articleSection\":[\"Pol\u00edtica y Sociedad\"],\"inLanguage\":\"es\"},{\"@type\":\"WebPage\",\"@id\":\"https:\/\/www.cannabis.es\/pw\/2019\/11\/06\/la-policia-golpea-la-b-o-c-a-de-menorca\/\",\"url\":\"https:\/\/www.cannabis.es\/pw\/2019\/11\/06\/la-policia-golpea-la-b-o-c-a-de-menorca\/\",\"name\":\"La Polic\u00eda golpea la B.O.C.A de Menorca\",\"isPartOf\":{\"@id\":\"https:\/\/www.cannabis.es\/pw\/#website\"},\"primaryImageOfPage\":{\"@id\":\"https:\/\/www.cannabis.es\/pw\/2019\/11\/06\/la-policia-golpea-la-b-o-c-a-de-menorca\/#primaryimage\"},\"image\":{\"@id\":\"https:\/\/www.cannabis.es\/pw\/2019\/11\/06\/la-policia-golpea-la-b-o-c-a-de-menorca\/#primaryimage\"},\"thumbnailUrl\":\"https:\/\/www.cannabis.es\/pw\/wp-content\/uploads\/2020\/05\/boca.jpg\",\"datePublished\":\"2019-11-06T14:44:59+00:00\",\"dateModified\":\"2020-07-23T11:45:23+00:00\",\"description\":\"Entrada &#8226; Portal multimedia sobre cannabis y otras sustancias &#8226; 6 noviembre, 2019\",\"breadcrumb\":{\"@id\":\"https:\/\/www.cannabis.es\/pw\/2019\/11\/06\/la-policia-golpea-la-b-o-c-a-de-menorca\/#breadcrumb\"},\"inLanguage\":\"es\",\"potentialAction\":[{\"@type\":\"ReadAction\",\"target\":[\"https:\/\/www.cannabis.es\/pw\/2019\/11\/06\/la-policia-golpea-la-b-o-c-a-de-menorca\/\"]}]},{\"@type\":\"ImageObject\",\"inLanguage\":\"es\",\"@id\":\"https:\/\/www.cannabis.es\/pw\/2019\/11\/06\/la-policia-golpea-la-b-o-c-a-de-menorca\/#primaryimage\",\"url\":\"https:\/\/www.cannabis.es\/pw\/wp-content\/uploads\/2020\/05\/boca.jpg\",\"contentUrl\":\"https:\/\/www.cannabis.es\/pw\/wp-content\/uploads\/2020\/05\/boca.jpg\",\"width\":959,\"height\":475},{\"@type\":\"BreadcrumbList\",\"@id\":\"https:\/\/www.cannabis.es\/pw\/2019\/11\/06\/la-policia-golpea-la-b-o-c-a-de-menorca\/#breadcrumb\",\"itemListElement\":[{\"@type\":\"ListItem\",\"position\":1,\"name\":\"Portada\",\"item\":\"http:\/\/www.cannabis.es\/pw\/\"},{\"@type\":\"ListItem\",\"position\":2,\"name\":\"La Polic\u00eda golpea la B.O.C.A de Menorca\"}]},{\"@type\":\"WebSite\",\"@id\":\"https:\/\/www.cannabis.es\/pw\/#website\",\"url\":\"https:\/\/www.cannabis.es\/pw\/\",\"name\":\"Cannabis\",\"description\":\"Portal multimedia sobre cannabis y otras sustancias\",\"publisher\":{\"@id\":\"https:\/\/www.cannabis.es\/pw\/#organization\"},\"potentialAction\":[{\"@type\":\"SearchAction\",\"target\":{\"@type\":\"EntryPoint\",\"urlTemplate\":\"https:\/\/www.cannabis.es\/pw\/?s={search_term_string}\"},\"query-input\":{\"@type\":\"PropertyValueSpecification\",\"valueRequired\":true,\"valueName\":\"search_term_string\"}}],\"inLanguage\":\"es\"},{\"@type\":\"Organization\",\"@id\":\"https:\/\/www.cannabis.es\/pw\/#organization\",\"name\":\"Cannabis.es\",\"url\":\"https:\/\/www.cannabis.es\/pw\/\",\"logo\":{\"@type\":\"ImageObject\",\"inLanguage\":\"es\",\"@id\":\"https:\/\/www.cannabis.es\/pw\/#\/schema\/logo\/image\/\",\"url\":\"https:\/\/www.cannabis.es\/pw\/wp-content\/uploads\/2019\/04\/cropped-logo_cannabis.png\",\"contentUrl\":\"https:\/\/www.cannabis.es\/pw\/wp-content\/uploads\/2019\/04\/cropped-logo_cannabis.png\",\"width\":361,\"height\":120,\"caption\":\"Cannabis.es\"},\"image\":{\"@id\":\"https:\/\/www.cannabis.es\/pw\/#\/schema\/logo\/image\/\"},\"sameAs\":[\"https:\/\/x.com\/cannabis_es\"]},{\"@type\":\"Person\",\"@id\":\"https:\/\/www.cannabis.es\/pw\/#\/schema\/person\/e2fbd204580cf4fe74c79b82bc447374\",\"name\":\"Cannabis.es\",\"image\":{\"@type\":\"ImageObject\",\"inLanguage\":\"es\",\"@id\":\"https:\/\/www.cannabis.es\/pw\/#\/schema\/person\/image\/\",\"url\":\"https:\/\/secure.gravatar.com\/avatar\/4375b1eb6e272e2e48a4b8a8def52e5f208151f555bb5906da616906ee6dd2e8?s=96&d=mm&r=g\",\"contentUrl\":\"https:\/\/secure.gravatar.com\/avatar\/4375b1eb6e272e2e48a4b8a8def52e5f208151f555bb5906da616906ee6dd2e8?s=96&d=mm&r=g\",\"caption\":\"Cannabis.es\"},\"url\":\"https:\/\/www.cannabis.es\/pw\/author\/cannabis\/\"}]}<\/script>\n<!-- \/ Yoast SEO plugin. -->","yoast_head_json":{"title":"La Polic\u00eda golpea la B.O.C.A de Menorca","description":"Entrada &#8226; Portal multimedia sobre cannabis y otras sustancias &#8226; 6 noviembre, 2019","robots":{"index":"index","follow":"follow","max-snippet":"max-snippet:-1","max-image-preview":"max-image-preview:large","max-video-preview":"max-video-preview:-1"},"canonical":"https:\/\/www.cannabis.es\/pw\/2019\/11\/06\/la-policia-golpea-la-b-o-c-a-de-menorca\/","twitter_card":"summary_large_image","twitter_title":"La Polic\u00eda golpea la B.O.C.A de Menorca","twitter_description":"Entrada &#8226; Portal multimedia sobre cannabis y otras sustancias &#8226; 6 noviembre, 2019","twitter_image":"https:\/\/www.cannabis.es\/pw\/wp-content\/uploads\/2020\/05\/boca.jpg","twitter_creator":"@cannabis_es","twitter_site":"@cannabis_es","twitter_misc":{"Escrito por":"Cannabis.es","Tiempo de lectura":"4 minutos"},"schema":{"@context":"https:\/\/schema.org","@graph":[{"@type":"Article","@id":"https:\/\/www.cannabis.es\/pw\/2019\/11\/06\/la-policia-golpea-la-b-o-c-a-de-menorca\/#article","isPartOf":{"@id":"https:\/\/www.cannabis.es\/pw\/2019\/11\/06\/la-policia-golpea-la-b-o-c-a-de-menorca\/"},"author":{"name":"Cannabis.es","@id":"https:\/\/www.cannabis.es\/pw\/#\/schema\/person\/e2fbd204580cf4fe74c79b82bc447374"},"headline":"La Polic\u00eda golpea la B.O.C.A de Menorca","datePublished":"2019-11-06T14:44:59+00:00","dateModified":"2020-07-23T11:45:23+00:00","mainEntityOfPage":{"@id":"https:\/\/www.cannabis.es\/pw\/2019\/11\/06\/la-policia-golpea-la-b-o-c-a-de-menorca\/"},"wordCount":786,"publisher":{"@id":"https:\/\/www.cannabis.es\/pw\/#organization"},"image":{"@id":"https:\/\/www.cannabis.es\/pw\/2019\/11\/06\/la-policia-golpea-la-b-o-c-a-de-menorca\/#primaryimage"},"thumbnailUrl":"https:\/\/www.cannabis.es\/pw\/wp-content\/uploads\/2020\/05\/boca.jpg","keywords":["asociaci\u00f3n cann\u00e1bica","Benito D\u00edaz","cannabis","CSC"],"articleSection":["Pol\u00edtica y Sociedad"],"inLanguage":"es"},{"@type":"WebPage","@id":"https:\/\/www.cannabis.es\/pw\/2019\/11\/06\/la-policia-golpea-la-b-o-c-a-de-menorca\/","url":"https:\/\/www.cannabis.es\/pw\/2019\/11\/06\/la-policia-golpea-la-b-o-c-a-de-menorca\/","name":"La Polic\u00eda golpea la B.O.C.A de Menorca","isPartOf":{"@id":"https:\/\/www.cannabis.es\/pw\/#website"},"primaryImageOfPage":{"@id":"https:\/\/www.cannabis.es\/pw\/2019\/11\/06\/la-policia-golpea-la-b-o-c-a-de-menorca\/#primaryimage"},"image":{"@id":"https:\/\/www.cannabis.es\/pw\/2019\/11\/06\/la-policia-golpea-la-b-o-c-a-de-menorca\/#primaryimage"},"thumbnailUrl":"https:\/\/www.cannabis.es\/pw\/wp-content\/uploads\/2020\/05\/boca.jpg","datePublished":"2019-11-06T14:44:59+00:00","dateModified":"2020-07-23T11:45:23+00:00","description":"Entrada &#8226; Portal multimedia sobre cannabis y otras sustancias &#8226; 6 noviembre, 2019","breadcrumb":{"@id":"https:\/\/www.cannabis.es\/pw\/2019\/11\/06\/la-policia-golpea-la-b-o-c-a-de-menorca\/#breadcrumb"},"inLanguage":"es","potentialAction":[{"@type":"ReadAction","target":["https:\/\/www.cannabis.es\/pw\/2019\/11\/06\/la-policia-golpea-la-b-o-c-a-de-menorca\/"]}]},{"@type":"ImageObject","inLanguage":"es","@id":"https:\/\/www.cannabis.es\/pw\/2019\/11\/06\/la-policia-golpea-la-b-o-c-a-de-menorca\/#primaryimage","url":"https:\/\/www.cannabis.es\/pw\/wp-content\/uploads\/2020\/05\/boca.jpg","contentUrl":"https:\/\/www.cannabis.es\/pw\/wp-content\/uploads\/2020\/05\/boca.jpg","width":959,"height":475},{"@type":"BreadcrumbList","@id":"https:\/\/www.cannabis.es\/pw\/2019\/11\/06\/la-policia-golpea-la-b-o-c-a-de-menorca\/#breadcrumb","itemListElement":[{"@type":"ListItem","position":1,"name":"Portada","item":"http:\/\/www.cannabis.es\/pw\/"},{"@type":"ListItem","position":2,"name":"La Polic\u00eda golpea la B.O.C.A de Menorca"}]},{"@type":"WebSite","@id":"https:\/\/www.cannabis.es\/pw\/#website","url":"https:\/\/www.cannabis.es\/pw\/","name":"Cannabis","description":"Portal multimedia sobre cannabis y otras sustancias","publisher":{"@id":"https:\/\/www.cannabis.es\/pw\/#organization"},"potentialAction":[{"@type":"SearchAction","target":{"@type":"EntryPoint","urlTemplate":"https:\/\/www.cannabis.es\/pw\/?s={search_term_string}"},"query-input":{"@type":"PropertyValueSpecification","valueRequired":true,"valueName":"search_term_string"}}],"inLanguage":"es"},{"@type":"Organization","@id":"https:\/\/www.cannabis.es\/pw\/#organization","name":"Cannabis.es","url":"https:\/\/www.cannabis.es\/pw\/","logo":{"@type":"ImageObject","inLanguage":"es","@id":"https:\/\/www.cannabis.es\/pw\/#\/schema\/logo\/image\/","url":"https:\/\/www.cannabis.es\/pw\/wp-content\/uploads\/2019\/04\/cropped-logo_cannabis.png","contentUrl":"https:\/\/www.cannabis.es\/pw\/wp-content\/uploads\/2019\/04\/cropped-logo_cannabis.png","width":361,"height":120,"caption":"Cannabis.es"},"image":{"@id":"https:\/\/www.cannabis.es\/pw\/#\/schema\/logo\/image\/"},"sameAs":["https:\/\/x.com\/cannabis_es"]},{"@type":"Person","@id":"https:\/\/www.cannabis.es\/pw\/#\/schema\/person\/e2fbd204580cf4fe74c79b82bc447374","name":"Cannabis.es","image":{"@type":"ImageObject","inLanguage":"es","@id":"https:\/\/www.cannabis.es\/pw\/#\/schema\/person\/image\/","url":"https:\/\/secure.gravatar.com\/avatar\/4375b1eb6e272e2e48a4b8a8def52e5f208151f555bb5906da616906ee6dd2e8?s=96&d=mm&r=g","contentUrl":"https:\/\/secure.gravatar.com\/avatar\/4375b1eb6e272e2e48a4b8a8def52e5f208151f555bb5906da616906ee6dd2e8?s=96&d=mm&r=g","caption":"Cannabis.es"},"url":"https:\/\/www.cannabis.es\/pw\/author\/cannabis\/"}]}},"_links":{"self":[{"href":"https:\/\/www.cannabis.es\/pw\/wp-json\/wp\/v2\/posts\/1599","targetHints":{"allow":["GET"]}}],"collection":[{"href":"https:\/\/www.cannabis.es\/pw\/wp-json\/wp\/v2\/posts"}],"about":[{"href":"https:\/\/www.cannabis.es\/pw\/wp-json\/wp\/v2\/types\/post"}],"author":[{"embeddable":true,"href":"https:\/\/www.cannabis.es\/pw\/wp-json\/wp\/v2\/users\/1"}],"replies":[{"embeddable":true,"href":"https:\/\/www.cannabis.es\/pw\/wp-json\/wp\/v2\/comments?post=1599"}],"version-history":[{"count":3,"href":"https:\/\/www.cannabis.es\/pw\/wp-json\/wp\/v2\/posts\/1599\/revisions"}],"predecessor-version":[{"id":5905,"href":"https:\/\/www.cannabis.es\/pw\/wp-json\/wp\/v2\/posts\/1599\/revisions\/5905"}],"wp:featuredmedia":[{"embeddable":true,"href":"https:\/\/www.cannabis.es\/pw\/wp-json\/wp\/v2\/media\/1600"}],"wp:attachment":[{"href":"https:\/\/www.cannabis.es\/pw\/wp-json\/wp\/v2\/media?parent=1599"}],"wp:term":[{"taxonomy":"category","embeddable":true,"href":"https:\/\/www.cannabis.es\/pw\/wp-json\/wp\/v2\/categories?post=1599"},{"taxonomy":"post_tag","embeddable":true,"href":"https:\/\/www.cannabis.es\/pw\/wp-json\/wp\/v2\/tags?post=1599"}],"curies":[{"name":"wp","href":"https:\/\/api.w.org\/{rel}","templated":true}]}}