{"id":1608,"date":"2019-11-13T16:30:43","date_gmt":"2019-11-13T15:30:43","guid":{"rendered":"http:\/\/www.cannabis.es\/pw\/?p=1608"},"modified":"2020-07-23T13:34:04","modified_gmt":"2020-07-23T11:34:04","slug":"programa-piloto-en-francia-hacia-la-legalizacion-medicinal","status":"publish","type":"post","link":"https:\/\/www.cannabis.es\/pw\/2019\/11\/13\/programa-piloto-en-francia-hacia-la-legalizacion-medicinal\/","title":{"rendered":"Programa piloto en Francia hacia la legalizaci\u00f3n medicinal"},"content":{"rendered":"\n<p>Benito D\u00edaz<\/p>\n\n\n\n<p>El pasado viernes 25 de octubre, el gobierno franc\u00e9s, mediante una votaci\u00f3n en la Asamblea Nacional, aprob\u00f3 una enmienda propuesta por el diputado Olivier V\u00e9ran, miembro del partido del presidente Emmanuel Macron. Se inicia as\u00ed un periodo de experimentaci\u00f3n con el cannabis terap\u00e9utico dentro de un entorno&nbsp;<em>\u201c<\/em><em>cient\u00edfico, seguro y evaluado<\/em><em>\u201d.<\/em><\/p>\n\n\n\n<hr class=\"wp-block-separator\"\/>\n\n\n\n<p>El grupo de control estar\u00e1 formado por&nbsp;<strong>pacientes con patolog\u00edas graves e incurables<\/strong>, alcanzando las&nbsp;<strong>3.000 personas<\/strong>. El resultado de las pruebas determinar\u00e1 la implantaci\u00f3n de estas terapias de forma generalizada.<\/p>\n\n\n\n<p>El proyecto, que ver\u00e1 la luz durante el verano de 2020 y se extender\u00e1 dos a\u00f1os,&nbsp;<strong>permitir\u00e1 a m\u00e9dicos y facultativos recetar aceites, flores o infusiones<\/strong>&nbsp;con el objetivo a\u00f1adido de evitar la automedicaci\u00f3n en enfermos con cuidados paliativos. Las primeras dosis vendr\u00e1n seguidas muy de cerca y en hospitales, para ser facilitadas m\u00e1s tarde en farmacias.<\/p>\n\n\n\n<p>\u201c<em>Seamos claros. No se trata de desarrollar un nuevo medicamento que reemplace al paracetamol, sino de encontrar un nuevo tratamiento coadyuvante y determinar el efecto y la eficacia en la vida real en una muestra de enfermos suficientemente amplia y en un marco cient\u00edfico plenamente validado y totalmente seguro<\/em><em>\u201d,&nbsp;<\/em>expuso el promotor de la medida, Olivier V\u00e9ran.&nbsp;<em>\u201c<\/em><em>Recibo miles de correos de gente que sufre todo tipo de enfermedades y espera que el uso m\u00e9dico del cannabis le d\u00e9 una respuesta<\/em><em>\u201d.<\/em><\/p>\n\n\n\n<p>El tratamiento con cannabis es una terapia permitida en 17 pa\u00edses de la Uni\u00f3n Europea pero todav\u00eda no aceptado en el pa\u00eds galo, donde desde 2014 se aprueba la receta de f\u00e1rmacos derivados de la marihuana, solo despu\u00e9s de complicadas peticiones a altos costes econ\u00f3micos.<\/p>\n\n\n\n<h3 class=\"wp-block-heading\"><strong>Debate sobre el&nbsp;<\/strong><strong>c<\/strong><strong>annabis en Francia<\/strong><\/h3>\n\n\n\n<p>Las informaciones arrojadas por el Observatorio Franc\u00e9s de Drogas y Toxicoman\u00edas de 2016 introducen que casi 17 millones de franceses de entre 11 y 64 a\u00f1os aseguran haber tenido alguna experiencia con el cannabis. Entre ellos, cinco millones dicen haberlo consumido al menos una vez al a\u00f1o y 700.000 reconocen uso diario.<\/p>\n\n\n\n<p>En el \u00e1mbito de la salud, la propuesta aprobada fue lanzada en Septiembre de 2018 y ha sido revisada por un grupo de expertos designados por la Agencia de Seguridad del Medicamento de Francia (ANSM). El informe resultante, que inclu\u00eda las opiniones de profesionales del mundo de la farmacolog\u00eda, oncolog\u00eda, neurolog\u00eda y prevenci\u00f3n del dolor, ha propiciado que se lleve a cabo este estudio con el cannabis terap\u00e9utico.<\/p>\n\n\n\n<p>Este movimiento del gobierno franc\u00e9s se explica solo si se acepta la existencia de una corriente de pensamiento con gran apoyo entre el pueblo. El pasado 19 de junio, por ejemplo, 70 personalidades de la pol\u00edtica, medicina y econom\u00eda, ped\u00edan la legalizaci\u00f3n de la&nbsp;cannabis desde las p\u00e1ginas del&nbsp;<a href=\"https:\/\/www.nouvelobs.com\/societe\/20190619.OBS14590\/l-appel-de-70-medecins-elus-economistes-pourquoi-nous-voulons-legaliser-le-cannabis.html\">semanario L&#8217;OBS<\/a>.<\/p>\n\n\n\n<p>Las propuestas de regularizaci\u00f3n, a diferencia de otros pa\u00edses, llegan y se discuten en el Parlamento de la naci\u00f3n. Como informamos&nbsp;<a href=\"http:\/\/www.cannabis.es\/pw\/2019\/08\/02\/francia-sopesa-la-legalizacion-del-cannabis-terapeutico\/\">en estas mismas p\u00e1ginas<\/a>, el gobierno franc\u00e9s ya hab\u00eda propuesto leyes de regulaci\u00f3n para el&nbsp;cannabis, aunque la \u00faltima, del d\u00eda 20 de junio, solo fue secundada por catorce diputados de los 577 que componen la c\u00e1mara de representantes. Pese a que no se ha producido todav\u00eda ning\u00fan debate en firme, su presidente, Richar Ferrand, se ha revelado conforme con tratar el tema en la Asamblea Nacional.<\/p>\n\n\n\n<p>El desarrollo de una industria del cannabis franc\u00e9s se presenta en conjunto con la propuesta de creaci\u00f3n de un organismo de gesti\u00f3n, estableciendo un<strong>&nbsp;monopolio estatal<\/strong>&nbsp;del mismo.<\/p>\n\n\n\n<p>La Sociedad de Explotaci\u00f3n del Cannabis (Soci\u00e9t\u00e9 d&#8217;Exploitation du cannabis \u2014 SECA) se encargar\u00eda de la producci\u00f3n y distribuci\u00f3n al por menor de la marihuana, revisada por el Consejo del Cannabis. La SECA se ocupar\u00eda de la aplicaci\u00f3n de la regulaci\u00f3n y el control de la producci\u00f3n, el comercio y la distribuci\u00f3n del Cannabis en el territorio, as\u00ed como de la prevenci\u00f3n y lucha contra el tr\u00e1fico il\u00edcito.<\/p>\n\n\n\n<p>Mientras el gobierno franc\u00e9s avanza en su planificaci\u00f3n, el debate est\u00e1 en la calle. De esto se ha dado cuenta la plataforma de video en Streaming, Netflix, al lanzar la serie&nbsp;<em>\u201cFamily Bussiness\u201d<\/em>&nbsp;sobre una familia obrera francesa, que de pronto ve una oportunidad de negocio en el cannabis. La comedia, por ratos divertida, solo propone un escenario disparatado con unos personajes histri\u00f3nicos que, sin embargo, no dejan de sacar a la palestra la aceptaci\u00f3n y difusi\u00f3n de la cultura cann\u00e1bica en la sociedad de nuestro pa\u00eds vecino.<\/p>\n","protected":false},"excerpt":{"rendered":"<span class=\"span-reading-time rt-reading-time\" style=\"display: block;\"><span class=\"rt-label rt-prefix\">Tiempo de lectura:<\/span> <span class=\"rt-time\"> 3<\/span> <span class=\"rt-label rt-postfix\">minutos<\/span><\/span>Benito D\u00edaz El pasado viernes 25 de octubre, el gobierno franc\u00e9s, mediante una votaci\u00f3n en la Asamblea Nacional, aprob\u00f3 una enmienda propuesta por el diputado Olivier V\u00e9ran, miembro del partido del presidente Emmanuel Macron. Se inicia as\u00ed un periodo de experimentaci\u00f3n con el cannabis terap\u00e9utico dentro de un entorno&nbsp;\u201ccient\u00edfico, seguro y evaluado\u201d. El grupo de [&hellip;]","protected":false},"author":1,"featured_media":1609,"comment_status":"closed","ping_status":"closed","sticky":false,"template":"","format":"standard","meta":{"loftocean-featured-post":"","loftocean_post_format_gallery":"","loftocean_post_format_gallery_ids":"","loftocean_post_format_gallery_urls":"","loftocean_post_format_video_id":"","loftocean_post_format_video_url":"","loftocean_post_format_video_type":"","loftocean_post_format_video":"","loftocean_post_format_audio_type":"","loftocean_post_format_audio_url":"","loftocean_post_format_audio_id":"","loftocean_post_format_audio":"","loftocean_post_format_quote_text":"","loftocean_post_format_quote_byline":"","loftocean_post_format_link_text":"","loftocean_post_format_link_url":"","ceramag_post_header_style":"","ceramag_enable_background_video":"","ceramag_show_in_top_slider":"","ceramag_post_background_video_start":"","ceramag_post_background_video_end":"","loftocean_page_background_video_id":"","loftocean_page_background_video_url":"","loftocean_page_background_video_type":"","loftocean_page_background_video":"","ceramag_background_video_start":"","ceramag_background_video_end":"","ceramag_single_page_hide_header":"","footnotes":""},"categories":[35],"tags":[43,52,534],"class_list":["post-1608","post","type-post","status-publish","format-standard","has-post-thumbnail","hentry","category-politica-y-sociedad","tag-benito-diaz","tag-cannabis-medicinal","tag-francia"],"yoast_head":"<!-- This site is optimized with the Yoast SEO plugin v24.9 - https:\/\/yoast.com\/wordpress\/plugins\/seo\/ -->\n<title>Programa piloto en Francia hacia la legalizaci\u00f3n medicinal<\/title>\n<meta name=\"description\" content=\"Entrada &#8226; Portal multimedia sobre cannabis y otras sustancias &#8226; 13 noviembre, 2019\" \/>\n<meta name=\"robots\" content=\"index, follow, max-snippet:-1, max-image-preview:large, max-video-preview:-1\" \/>\n<link rel=\"canonical\" href=\"https:\/\/www.cannabis.es\/pw\/2019\/11\/13\/programa-piloto-en-francia-hacia-la-legalizacion-medicinal\/\" \/>\n<meta name=\"twitter:card\" content=\"summary_large_image\" \/>\n<meta name=\"twitter:title\" content=\"Programa piloto en Francia hacia la legalizaci\u00f3n medicinal\" \/>\n<meta name=\"twitter:description\" content=\"Entrada &#8226; Portal multimedia sobre cannabis y otras sustancias &#8226; 13 noviembre, 2019\" \/>\n<meta name=\"twitter:image\" content=\"https:\/\/www.cannabis.es\/pw\/wp-content\/uploads\/2020\/05\/francia-medicinal.jpg\" \/>\n<meta name=\"twitter:creator\" content=\"@cannabis_es\" \/>\n<meta name=\"twitter:site\" content=\"@cannabis_es\" \/>\n<meta name=\"twitter:label1\" content=\"Escrito por\" \/>\n\t<meta name=\"twitter:data1\" content=\"Cannabis.es\" \/>\n\t<meta name=\"twitter:label2\" content=\"Tiempo de lectura\" \/>\n\t<meta name=\"twitter:data2\" content=\"4 minutos\" \/>\n<script type=\"application\/ld+json\" class=\"yoast-schema-graph\">{\"@context\":\"https:\/\/schema.org\",\"@graph\":[{\"@type\":\"Article\",\"@id\":\"https:\/\/www.cannabis.es\/pw\/2019\/11\/13\/programa-piloto-en-francia-hacia-la-legalizacion-medicinal\/#article\",\"isPartOf\":{\"@id\":\"https:\/\/www.cannabis.es\/pw\/2019\/11\/13\/programa-piloto-en-francia-hacia-la-legalizacion-medicinal\/\"},\"author\":{\"name\":\"Cannabis.es\",\"@id\":\"https:\/\/www.cannabis.es\/pw\/#\/schema\/person\/e2fbd204580cf4fe74c79b82bc447374\"},\"headline\":\"Programa piloto en Francia hacia la legalizaci\u00f3n medicinal\",\"datePublished\":\"2019-11-13T15:30:43+00:00\",\"dateModified\":\"2020-07-23T11:34:04+00:00\",\"mainEntityOfPage\":{\"@id\":\"https:\/\/www.cannabis.es\/pw\/2019\/11\/13\/programa-piloto-en-francia-hacia-la-legalizacion-medicinal\/\"},\"wordCount\":801,\"publisher\":{\"@id\":\"https:\/\/www.cannabis.es\/pw\/#organization\"},\"image\":{\"@id\":\"https:\/\/www.cannabis.es\/pw\/2019\/11\/13\/programa-piloto-en-francia-hacia-la-legalizacion-medicinal\/#primaryimage\"},\"thumbnailUrl\":\"https:\/\/www.cannabis.es\/pw\/wp-content\/uploads\/2020\/05\/francia-medicinal.jpg\",\"keywords\":[\"Benito D\u00edaz\",\"cannabis medicinal\",\"Francia\"],\"articleSection\":[\"Pol\u00edtica y Sociedad\"],\"inLanguage\":\"es\"},{\"@type\":\"WebPage\",\"@id\":\"https:\/\/www.cannabis.es\/pw\/2019\/11\/13\/programa-piloto-en-francia-hacia-la-legalizacion-medicinal\/\",\"url\":\"https:\/\/www.cannabis.es\/pw\/2019\/11\/13\/programa-piloto-en-francia-hacia-la-legalizacion-medicinal\/\",\"name\":\"Programa piloto en Francia hacia la legalizaci\u00f3n medicinal\",\"isPartOf\":{\"@id\":\"https:\/\/www.cannabis.es\/pw\/#website\"},\"primaryImageOfPage\":{\"@id\":\"https:\/\/www.cannabis.es\/pw\/2019\/11\/13\/programa-piloto-en-francia-hacia-la-legalizacion-medicinal\/#primaryimage\"},\"image\":{\"@id\":\"https:\/\/www.cannabis.es\/pw\/2019\/11\/13\/programa-piloto-en-francia-hacia-la-legalizacion-medicinal\/#primaryimage\"},\"thumbnailUrl\":\"https:\/\/www.cannabis.es\/pw\/wp-content\/uploads\/2020\/05\/francia-medicinal.jpg\",\"datePublished\":\"2019-11-13T15:30:43+00:00\",\"dateModified\":\"2020-07-23T11:34:04+00:00\",\"description\":\"Entrada &#8226; Portal multimedia sobre cannabis y otras sustancias &#8226; 13 noviembre, 2019\",\"breadcrumb\":{\"@id\":\"https:\/\/www.cannabis.es\/pw\/2019\/11\/13\/programa-piloto-en-francia-hacia-la-legalizacion-medicinal\/#breadcrumb\"},\"inLanguage\":\"es\",\"potentialAction\":[{\"@type\":\"ReadAction\",\"target\":[\"https:\/\/www.cannabis.es\/pw\/2019\/11\/13\/programa-piloto-en-francia-hacia-la-legalizacion-medicinal\/\"]}]},{\"@type\":\"ImageObject\",\"inLanguage\":\"es\",\"@id\":\"https:\/\/www.cannabis.es\/pw\/2019\/11\/13\/programa-piloto-en-francia-hacia-la-legalizacion-medicinal\/#primaryimage\",\"url\":\"https:\/\/www.cannabis.es\/pw\/wp-content\/uploads\/2020\/05\/francia-medicinal.jpg\",\"contentUrl\":\"https:\/\/www.cannabis.es\/pw\/wp-content\/uploads\/2020\/05\/francia-medicinal.jpg\",\"width\":959,\"height\":475},{\"@type\":\"BreadcrumbList\",\"@id\":\"https:\/\/www.cannabis.es\/pw\/2019\/11\/13\/programa-piloto-en-francia-hacia-la-legalizacion-medicinal\/#breadcrumb\",\"itemListElement\":[{\"@type\":\"ListItem\",\"position\":1,\"name\":\"Portada\",\"item\":\"http:\/\/www.cannabis.es\/pw\/\"},{\"@type\":\"ListItem\",\"position\":2,\"name\":\"Programa piloto en Francia hacia la legalizaci\u00f3n medicinal\"}]},{\"@type\":\"WebSite\",\"@id\":\"https:\/\/www.cannabis.es\/pw\/#website\",\"url\":\"https:\/\/www.cannabis.es\/pw\/\",\"name\":\"Cannabis\",\"description\":\"Portal multimedia sobre cannabis y otras sustancias\",\"publisher\":{\"@id\":\"https:\/\/www.cannabis.es\/pw\/#organization\"},\"potentialAction\":[{\"@type\":\"SearchAction\",\"target\":{\"@type\":\"EntryPoint\",\"urlTemplate\":\"https:\/\/www.cannabis.es\/pw\/?s={search_term_string}\"},\"query-input\":{\"@type\":\"PropertyValueSpecification\",\"valueRequired\":true,\"valueName\":\"search_term_string\"}}],\"inLanguage\":\"es\"},{\"@type\":\"Organization\",\"@id\":\"https:\/\/www.cannabis.es\/pw\/#organization\",\"name\":\"Cannabis.es\",\"url\":\"https:\/\/www.cannabis.es\/pw\/\",\"logo\":{\"@type\":\"ImageObject\",\"inLanguage\":\"es\",\"@id\":\"https:\/\/www.cannabis.es\/pw\/#\/schema\/logo\/image\/\",\"url\":\"https:\/\/www.cannabis.es\/pw\/wp-content\/uploads\/2019\/04\/cropped-logo_cannabis.png\",\"contentUrl\":\"https:\/\/www.cannabis.es\/pw\/wp-content\/uploads\/2019\/04\/cropped-logo_cannabis.png\",\"width\":361,\"height\":120,\"caption\":\"Cannabis.es\"},\"image\":{\"@id\":\"https:\/\/www.cannabis.es\/pw\/#\/schema\/logo\/image\/\"},\"sameAs\":[\"https:\/\/x.com\/cannabis_es\"]},{\"@type\":\"Person\",\"@id\":\"https:\/\/www.cannabis.es\/pw\/#\/schema\/person\/e2fbd204580cf4fe74c79b82bc447374\",\"name\":\"Cannabis.es\",\"image\":{\"@type\":\"ImageObject\",\"inLanguage\":\"es\",\"@id\":\"https:\/\/www.cannabis.es\/pw\/#\/schema\/person\/image\/\",\"url\":\"https:\/\/secure.gravatar.com\/avatar\/4375b1eb6e272e2e48a4b8a8def52e5f208151f555bb5906da616906ee6dd2e8?s=96&d=mm&r=g\",\"contentUrl\":\"https:\/\/secure.gravatar.com\/avatar\/4375b1eb6e272e2e48a4b8a8def52e5f208151f555bb5906da616906ee6dd2e8?s=96&d=mm&r=g\",\"caption\":\"Cannabis.es\"},\"url\":\"https:\/\/www.cannabis.es\/pw\/author\/cannabis\/\"}]}<\/script>\n<!-- \/ Yoast SEO plugin. -->","yoast_head_json":{"title":"Programa piloto en Francia hacia la legalizaci\u00f3n medicinal","description":"Entrada &#8226; Portal multimedia sobre cannabis y otras sustancias &#8226; 13 noviembre, 2019","robots":{"index":"index","follow":"follow","max-snippet":"max-snippet:-1","max-image-preview":"max-image-preview:large","max-video-preview":"max-video-preview:-1"},"canonical":"https:\/\/www.cannabis.es\/pw\/2019\/11\/13\/programa-piloto-en-francia-hacia-la-legalizacion-medicinal\/","twitter_card":"summary_large_image","twitter_title":"Programa piloto en Francia hacia la legalizaci\u00f3n medicinal","twitter_description":"Entrada &#8226; Portal multimedia sobre cannabis y otras sustancias &#8226; 13 noviembre, 2019","twitter_image":"https:\/\/www.cannabis.es\/pw\/wp-content\/uploads\/2020\/05\/francia-medicinal.jpg","twitter_creator":"@cannabis_es","twitter_site":"@cannabis_es","twitter_misc":{"Escrito por":"Cannabis.es","Tiempo de lectura":"4 minutos"},"schema":{"@context":"https:\/\/schema.org","@graph":[{"@type":"Article","@id":"https:\/\/www.cannabis.es\/pw\/2019\/11\/13\/programa-piloto-en-francia-hacia-la-legalizacion-medicinal\/#article","isPartOf":{"@id":"https:\/\/www.cannabis.es\/pw\/2019\/11\/13\/programa-piloto-en-francia-hacia-la-legalizacion-medicinal\/"},"author":{"name":"Cannabis.es","@id":"https:\/\/www.cannabis.es\/pw\/#\/schema\/person\/e2fbd204580cf4fe74c79b82bc447374"},"headline":"Programa piloto en Francia hacia la legalizaci\u00f3n medicinal","datePublished":"2019-11-13T15:30:43+00:00","dateModified":"2020-07-23T11:34:04+00:00","mainEntityOfPage":{"@id":"https:\/\/www.cannabis.es\/pw\/2019\/11\/13\/programa-piloto-en-francia-hacia-la-legalizacion-medicinal\/"},"wordCount":801,"publisher":{"@id":"https:\/\/www.cannabis.es\/pw\/#organization"},"image":{"@id":"https:\/\/www.cannabis.es\/pw\/2019\/11\/13\/programa-piloto-en-francia-hacia-la-legalizacion-medicinal\/#primaryimage"},"thumbnailUrl":"https:\/\/www.cannabis.es\/pw\/wp-content\/uploads\/2020\/05\/francia-medicinal.jpg","keywords":["Benito D\u00edaz","cannabis medicinal","Francia"],"articleSection":["Pol\u00edtica y Sociedad"],"inLanguage":"es"},{"@type":"WebPage","@id":"https:\/\/www.cannabis.es\/pw\/2019\/11\/13\/programa-piloto-en-francia-hacia-la-legalizacion-medicinal\/","url":"https:\/\/www.cannabis.es\/pw\/2019\/11\/13\/programa-piloto-en-francia-hacia-la-legalizacion-medicinal\/","name":"Programa piloto en Francia hacia la legalizaci\u00f3n medicinal","isPartOf":{"@id":"https:\/\/www.cannabis.es\/pw\/#website"},"primaryImageOfPage":{"@id":"https:\/\/www.cannabis.es\/pw\/2019\/11\/13\/programa-piloto-en-francia-hacia-la-legalizacion-medicinal\/#primaryimage"},"image":{"@id":"https:\/\/www.cannabis.es\/pw\/2019\/11\/13\/programa-piloto-en-francia-hacia-la-legalizacion-medicinal\/#primaryimage"},"thumbnailUrl":"https:\/\/www.cannabis.es\/pw\/wp-content\/uploads\/2020\/05\/francia-medicinal.jpg","datePublished":"2019-11-13T15:30:43+00:00","dateModified":"2020-07-23T11:34:04+00:00","description":"Entrada &#8226; Portal multimedia sobre cannabis y otras sustancias &#8226; 13 noviembre, 2019","breadcrumb":{"@id":"https:\/\/www.cannabis.es\/pw\/2019\/11\/13\/programa-piloto-en-francia-hacia-la-legalizacion-medicinal\/#breadcrumb"},"inLanguage":"es","potentialAction":[{"@type":"ReadAction","target":["https:\/\/www.cannabis.es\/pw\/2019\/11\/13\/programa-piloto-en-francia-hacia-la-legalizacion-medicinal\/"]}]},{"@type":"ImageObject","inLanguage":"es","@id":"https:\/\/www.cannabis.es\/pw\/2019\/11\/13\/programa-piloto-en-francia-hacia-la-legalizacion-medicinal\/#primaryimage","url":"https:\/\/www.cannabis.es\/pw\/wp-content\/uploads\/2020\/05\/francia-medicinal.jpg","contentUrl":"https:\/\/www.cannabis.es\/pw\/wp-content\/uploads\/2020\/05\/francia-medicinal.jpg","width":959,"height":475},{"@type":"BreadcrumbList","@id":"https:\/\/www.cannabis.es\/pw\/2019\/11\/13\/programa-piloto-en-francia-hacia-la-legalizacion-medicinal\/#breadcrumb","itemListElement":[{"@type":"ListItem","position":1,"name":"Portada","item":"http:\/\/www.cannabis.es\/pw\/"},{"@type":"ListItem","position":2,"name":"Programa piloto en Francia hacia la legalizaci\u00f3n medicinal"}]},{"@type":"WebSite","@id":"https:\/\/www.cannabis.es\/pw\/#website","url":"https:\/\/www.cannabis.es\/pw\/","name":"Cannabis","description":"Portal multimedia sobre cannabis y otras sustancias","publisher":{"@id":"https:\/\/www.cannabis.es\/pw\/#organization"},"potentialAction":[{"@type":"SearchAction","target":{"@type":"EntryPoint","urlTemplate":"https:\/\/www.cannabis.es\/pw\/?s={search_term_string}"},"query-input":{"@type":"PropertyValueSpecification","valueRequired":true,"valueName":"search_term_string"}}],"inLanguage":"es"},{"@type":"Organization","@id":"https:\/\/www.cannabis.es\/pw\/#organization","name":"Cannabis.es","url":"https:\/\/www.cannabis.es\/pw\/","logo":{"@type":"ImageObject","inLanguage":"es","@id":"https:\/\/www.cannabis.es\/pw\/#\/schema\/logo\/image\/","url":"https:\/\/www.cannabis.es\/pw\/wp-content\/uploads\/2019\/04\/cropped-logo_cannabis.png","contentUrl":"https:\/\/www.cannabis.es\/pw\/wp-content\/uploads\/2019\/04\/cropped-logo_cannabis.png","width":361,"height":120,"caption":"Cannabis.es"},"image":{"@id":"https:\/\/www.cannabis.es\/pw\/#\/schema\/logo\/image\/"},"sameAs":["https:\/\/x.com\/cannabis_es"]},{"@type":"Person","@id":"https:\/\/www.cannabis.es\/pw\/#\/schema\/person\/e2fbd204580cf4fe74c79b82bc447374","name":"Cannabis.es","image":{"@type":"ImageObject","inLanguage":"es","@id":"https:\/\/www.cannabis.es\/pw\/#\/schema\/person\/image\/","url":"https:\/\/secure.gravatar.com\/avatar\/4375b1eb6e272e2e48a4b8a8def52e5f208151f555bb5906da616906ee6dd2e8?s=96&d=mm&r=g","contentUrl":"https:\/\/secure.gravatar.com\/avatar\/4375b1eb6e272e2e48a4b8a8def52e5f208151f555bb5906da616906ee6dd2e8?s=96&d=mm&r=g","caption":"Cannabis.es"},"url":"https:\/\/www.cannabis.es\/pw\/author\/cannabis\/"}]}},"_links":{"self":[{"href":"https:\/\/www.cannabis.es\/pw\/wp-json\/wp\/v2\/posts\/1608","targetHints":{"allow":["GET"]}}],"collection":[{"href":"https:\/\/www.cannabis.es\/pw\/wp-json\/wp\/v2\/posts"}],"about":[{"href":"https:\/\/www.cannabis.es\/pw\/wp-json\/wp\/v2\/types\/post"}],"author":[{"embeddable":true,"href":"https:\/\/www.cannabis.es\/pw\/wp-json\/wp\/v2\/users\/1"}],"replies":[{"embeddable":true,"href":"https:\/\/www.cannabis.es\/pw\/wp-json\/wp\/v2\/comments?post=1608"}],"version-history":[{"count":3,"href":"https:\/\/www.cannabis.es\/pw\/wp-json\/wp\/v2\/posts\/1608\/revisions"}],"predecessor-version":[{"id":5903,"href":"https:\/\/www.cannabis.es\/pw\/wp-json\/wp\/v2\/posts\/1608\/revisions\/5903"}],"wp:featuredmedia":[{"embeddable":true,"href":"https:\/\/www.cannabis.es\/pw\/wp-json\/wp\/v2\/media\/1609"}],"wp:attachment":[{"href":"https:\/\/www.cannabis.es\/pw\/wp-json\/wp\/v2\/media?parent=1608"}],"wp:term":[{"taxonomy":"category","embeddable":true,"href":"https:\/\/www.cannabis.es\/pw\/wp-json\/wp\/v2\/categories?post=1608"},{"taxonomy":"post_tag","embeddable":true,"href":"https:\/\/www.cannabis.es\/pw\/wp-json\/wp\/v2\/tags?post=1608"}],"curies":[{"name":"wp","href":"https:\/\/api.w.org\/{rel}","templated":true}]}}