{"id":1614,"date":"2019-11-20T17:00:53","date_gmt":"2019-11-20T16:00:53","guid":{"rendered":"http:\/\/www.cannabis.es\/pw\/?p=1614"},"modified":"2020-07-23T13:33:20","modified_gmt":"2020-07-23T11:33:20","slug":"prorroga-a-la-regulacion-integral-en-mexico","status":"publish","type":"post","link":"https:\/\/www.cannabis.es\/pw\/2019\/11\/20\/prorroga-a-la-regulacion-integral-en-mexico\/","title":{"rendered":"Pr\u00f3rroga a la regulaci\u00f3n integral en M\u00e9xico"},"content":{"rendered":"\n<p>Benito D\u00edaz<\/p>\n\n\n\n<p>El proceso abierto en 2015 para alcanzar la regulaci\u00f3n del cannabis medicinal y recreativo contin\u00faa despu\u00e9s de que el Senado no lograse ponerse de acuerdo con los matices de la ley y pidiese una pr\u00f3rroga a la Suprema Corte de Justicia de la Naci\u00f3n (SCJN). El tribunal mexicano ya determin\u00f3 el 24 de octubre que es inconstitucional la prohibici\u00f3n absoluta de su consumo, pues atenta contra el derecho a la libre expresi\u00f3n de las personas. Sin embargo, la SCJN retrasa hasta Abril de 2020 la votaci\u00f3n para una reforma legislativa.<\/p>\n\n\n\n<hr class=\"wp-block-separator\"\/>\n\n\n\n<p>Frente a las peticiones del movimiento cann\u00e1bico, las presiones efectuadas por los lobbys farmac\u00e9utico y empresarial ganan peso entre los legisladores. Como reconoce el coordinador del partido Morena en el Senado, Ricardo Monreal,&nbsp;<strong>se recibieron presiones indebidas por parte de los lobbys para influir en el proceso legislativo<\/strong>. El documento que se present\u00f3 en el senado&nbsp;<em>\u201cparec\u00eda redactado por y para la industria\u201d<\/em>&nbsp;seg\u00fan las palabras del representante. Por su parte, la industria, po boca de Antonio Droghetti, director de Canopy LATAM, filial de Canopy Growth, alega que&nbsp;<em>\u201cest\u00e1 en juego la participaci\u00f3n en un mercado que estar\u00eda cerca de los 1.000 millones de d\u00f3lares y que tiene potencial para convertirse en el m\u00e1s grande del mundo para la marihuana medicinal y recreativa\u201d<\/em><em>.<\/em><\/p>\n\n\n\n<p>Como informamos en&nbsp;<a href=\"http:\/\/www.cannabis.es\/pw\/2019\/05\/03\/legalizacion-2-0-tras-la-retirada-de-productos-en-mexico\/\">estas mismas p\u00e1ginas<\/a>, la delegaci\u00f3n encargada de establecer y aplicar el marco regulatorio era la conocida como COFEPRIS. La Comisi\u00f3n Federal para la Protecci\u00f3n contra Riesgos Sanitarios hab\u00eda cancelado las autorizaciones para comercializar Cannabis Terap\u00e9utico y ahora&nbsp;<em>\u201cse sigue declarando incompetente para tratar el tema y todo lo canaliza a los jueces, que est\u00e1n obligados a dar el permiso a quien lo tramite. No tienen idea del tema y siguen alargando el proceso\u201d,<\/em>&nbsp;seg\u00fan nos informa el activista, Luis Felipe Samayoa.<\/p>\n\n\n\n<h3 class=\"wp-block-heading\"><strong>Activismo<\/strong><\/h3>\n\n\n\n<p>Luis Felipe Samayoa, activista por la regularizaci\u00f3n del cannabis de Quer\u00e9taro (M\u00e9xico) nos explica la situaci\u00f3n actual del proceso que se est\u00e1 llevando a cabo, comenzando por HempMex, principal representante de la industria farmac\u00e9utica que pretende operar en M\u00e9xico.&nbsp;<em>\u201cEst\u00e1 pr\u00e1cticamente pasando desapercibida\u201d<\/em><em>,&nbsp;<\/em>asegura.<em>&nbsp;\u201cExiste un rumor en la pol\u00edtica de que las transnacionales canadienses y estadounidenses del cannabis, junto a lobbys religiosos, presionaron a la actual legislatura para detener el proceso regulatorio\u201d<\/em><em>,<\/em>&nbsp;algo confirmado por el propio representante del partido Morena en el gobierno.&nbsp;<em>\u201cSon estas grandes empresas las que en parte<\/em><em><strong>&nbsp;presionan para que la ley salga a modo de aquellos que pueden invertir grandes sumas de dinero<\/strong><\/em><em>. Esto generar\u00eda una contradicci\u00f3n, ya que se busca que la ley tenga perspectiva de justicia social, tanto para campesinos como para consumidores, mostrados en estad\u00edsticas como los que m\u00e1s sufren las detenciones y la violaci\u00f3n de derechos humanos\u201d.<\/em><\/p>\n\n\n\n<p>Ante la pregunta de si cree que la legislaci\u00f3n deber\u00eda adaptarse a la realidad o que deber\u00eda establecerse una nueva legislaci\u00f3n desde cero, Samayoa declara que&nbsp;<em>\u201cse gener\u00f3 un pre-dictamen de ley hecho a o\u00eddos sordos de la ciudadan\u00eda, con derecho a cuatro plantas por hogar, mont\u00f3n de licencias y la creaci\u00f3n de una empresa paraestatal que compre y venda el&nbsp;<\/em><em>c<\/em><em>annabis como en Canad\u00e1 y Uruguay, cuando la realidad de M\u00e9xico es otra. No aceptamos la medida actual y se volver\u00e1 a discutir, ya que, a pesar de los a\u00f1os de foros (desde 2015), los legisladores no nos han escuchado\u201d,<\/em>&nbsp;lamenta.<\/p>\n\n\n\n<p>\u201c<em>Imagina esto:&nbsp;<\/em><em><strong>te tienes que dar de alta en un padr\u00f3n de autocultivo&nbsp;<\/strong><\/em><em>y tus excedentes los tienes que donar al Estado. \u00bfC\u00f3mo van a supervisar esto? \u00bfCon \u00f3rdenes de registro por estar apuntado al padr\u00f3n?&nbsp;<\/em><em><strong>La propuesta de ley en s\u00ed misma, viola derechos humanos.<\/strong><\/em><em>&nbsp;Y solo tenemos el recurso de amparo para exigir nuestros permisos, una v\u00eda que tarda al menos seis meses en resolver cualquier situaci\u00f3n.\u201d<\/em><\/p>\n\n\n\n<p>Para Samayoa, tanto el Cannabis Terap\u00e9utico como el Recreativo est\u00e1n en la agenda de los mexicanos.&nbsp;<em>\u201cCada vez m\u00e1s personas aceptan salir del closet cann\u00e1bico y otras m\u00e1s, sobre todo adultos mayores, quieren optar por tratamientos a partir del cannabis. Respecto a lo recreativo, hay una tremenda hambre empresarial y las tensiones ante la incapacidad por legislar est\u00e1n aumentando mucho las expectativas, tanto positiva como negativamente. Hay muchos nervios para el banderazo\u201d<\/em><em>,<\/em>&nbsp;expone.&nbsp;<\/p>\n\n\n\n<p>Desde el activismo cann\u00e1bico, se reivindica la creaci\u00f3n de un instituto aut\u00f3nomo del cannabis. \u00c9ste tiene que ser dirigido por alguien que est\u00e9 involucrado en todo lo que tenga que ver con el cannabis, as\u00ed como saber la ruta que ha llevado el activismo. No puedes poner a un matem\u00e1tico a dar clases de Historia, que fue lo que pas\u00f3 en Canad\u00e1. Siguen siendo los bur\u00f3cratas antidrogas los que hoy encabezan las instituciones regulatorias en aquel pa\u00eds.<\/p>\n\n\n\n<p><a href=\"https:\/\/twitter.com\/Negro828\">Samayoa concluye<\/a>&nbsp;se\u00f1alando que como l\u00edmite Abril de 2020, el plazo de pr\u00f3rroga de la SCJN al Congreso.&nbsp;<em>\u201cDe no hacerlo, se declarar\u00eda la inconstitucionalidad en los art\u00edculos que tengan que ver con el Cannabis y habr\u00eda libre mercado. Te podr\u00eda vender una tonelada en la calle sin problemas\u201d.<\/em><\/p>\n","protected":false},"excerpt":{"rendered":"<span class=\"span-reading-time rt-reading-time\" style=\"display: block;\"><span class=\"rt-label rt-prefix\">Tiempo de lectura:<\/span> <span class=\"rt-time\"> 3<\/span> <span class=\"rt-label rt-postfix\">minutos<\/span><\/span>Benito D\u00edaz El proceso abierto en 2015 para alcanzar la regulaci\u00f3n del cannabis medicinal y recreativo contin\u00faa despu\u00e9s de que el Senado no lograse ponerse de acuerdo con los matices de la ley y pidiese una pr\u00f3rroga a la Suprema Corte de Justicia de la Naci\u00f3n (SCJN). El tribunal mexicano ya determin\u00f3 el 24 de [&hellip;]","protected":false},"author":1,"featured_media":1615,"comment_status":"closed","ping_status":"closed","sticky":false,"template":"","format":"standard","meta":{"loftocean-featured-post":"","loftocean_post_format_gallery":"","loftocean_post_format_gallery_ids":"","loftocean_post_format_gallery_urls":"","loftocean_post_format_video_id":"","loftocean_post_format_video_url":"","loftocean_post_format_video_type":"","loftocean_post_format_video":"","loftocean_post_format_audio_type":"","loftocean_post_format_audio_url":"","loftocean_post_format_audio_id":"","loftocean_post_format_audio":"","loftocean_post_format_quote_text":"","loftocean_post_format_quote_byline":"","loftocean_post_format_link_text":"","loftocean_post_format_link_url":"","ceramag_post_header_style":"","ceramag_enable_background_video":"","ceramag_show_in_top_slider":"","ceramag_post_background_video_start":"","ceramag_post_background_video_end":"","loftocean_page_background_video_id":"","loftocean_page_background_video_url":"","loftocean_page_background_video_type":"","loftocean_page_background_video":"","ceramag_background_video_start":"","ceramag_background_video_end":"","ceramag_single_page_hide_header":"","footnotes":""},"categories":[35],"tags":[43,41,40],"class_list":["post-1614","post","type-post","status-publish","format-standard","has-post-thumbnail","hentry","category-politica-y-sociedad","tag-benito-diaz","tag-cannabis","tag-marihuana"],"yoast_head":"<!-- This site is optimized with the Yoast SEO plugin v24.9 - https:\/\/yoast.com\/wordpress\/plugins\/seo\/ -->\n<title>Pr\u00f3rroga a la regulaci\u00f3n integral en M\u00e9xico<\/title>\n<meta name=\"description\" content=\"Entrada &#8226; Portal multimedia sobre cannabis y otras sustancias &#8226; 20 noviembre, 2019\" \/>\n<meta name=\"robots\" content=\"index, follow, max-snippet:-1, max-image-preview:large, max-video-preview:-1\" \/>\n<link rel=\"canonical\" href=\"https:\/\/www.cannabis.es\/pw\/2019\/11\/20\/prorroga-a-la-regulacion-integral-en-mexico\/\" \/>\n<meta name=\"twitter:card\" content=\"summary_large_image\" \/>\n<meta name=\"twitter:title\" content=\"Pr\u00f3rroga a la regulaci\u00f3n integral en M\u00e9xico\" \/>\n<meta name=\"twitter:description\" content=\"Entrada &#8226; Portal multimedia sobre cannabis y otras sustancias &#8226; 20 noviembre, 2019\" \/>\n<meta name=\"twitter:image\" content=\"https:\/\/www.cannabis.es\/pw\/wp-content\/uploads\/2020\/05\/mexico-pospone.jpg\" \/>\n<meta name=\"twitter:creator\" content=\"@cannabis_es\" \/>\n<meta name=\"twitter:site\" content=\"@cannabis_es\" \/>\n<meta name=\"twitter:label1\" content=\"Escrito por\" \/>\n\t<meta name=\"twitter:data1\" content=\"Cannabis.es\" \/>\n\t<meta name=\"twitter:label2\" content=\"Tiempo de lectura\" \/>\n\t<meta name=\"twitter:data2\" content=\"5 minutos\" \/>\n<script type=\"application\/ld+json\" class=\"yoast-schema-graph\">{\"@context\":\"https:\/\/schema.org\",\"@graph\":[{\"@type\":\"Article\",\"@id\":\"https:\/\/www.cannabis.es\/pw\/2019\/11\/20\/prorroga-a-la-regulacion-integral-en-mexico\/#article\",\"isPartOf\":{\"@id\":\"https:\/\/www.cannabis.es\/pw\/2019\/11\/20\/prorroga-a-la-regulacion-integral-en-mexico\/\"},\"author\":{\"name\":\"Cannabis.es\",\"@id\":\"https:\/\/www.cannabis.es\/pw\/#\/schema\/person\/e2fbd204580cf4fe74c79b82bc447374\"},\"headline\":\"Pr\u00f3rroga a la regulaci\u00f3n integral en M\u00e9xico\",\"datePublished\":\"2019-11-20T16:00:53+00:00\",\"dateModified\":\"2020-07-23T11:33:20+00:00\",\"mainEntityOfPage\":{\"@id\":\"https:\/\/www.cannabis.es\/pw\/2019\/11\/20\/prorroga-a-la-regulacion-integral-en-mexico\/\"},\"wordCount\":920,\"publisher\":{\"@id\":\"https:\/\/www.cannabis.es\/pw\/#organization\"},\"image\":{\"@id\":\"https:\/\/www.cannabis.es\/pw\/2019\/11\/20\/prorroga-a-la-regulacion-integral-en-mexico\/#primaryimage\"},\"thumbnailUrl\":\"https:\/\/www.cannabis.es\/pw\/wp-content\/uploads\/2020\/05\/mexico-pospone.jpg\",\"keywords\":[\"Benito D\u00edaz\",\"cannabis\",\"marihuana\"],\"articleSection\":[\"Pol\u00edtica y Sociedad\"],\"inLanguage\":\"es\"},{\"@type\":\"WebPage\",\"@id\":\"https:\/\/www.cannabis.es\/pw\/2019\/11\/20\/prorroga-a-la-regulacion-integral-en-mexico\/\",\"url\":\"https:\/\/www.cannabis.es\/pw\/2019\/11\/20\/prorroga-a-la-regulacion-integral-en-mexico\/\",\"name\":\"Pr\u00f3rroga a la regulaci\u00f3n integral en M\u00e9xico\",\"isPartOf\":{\"@id\":\"https:\/\/www.cannabis.es\/pw\/#website\"},\"primaryImageOfPage\":{\"@id\":\"https:\/\/www.cannabis.es\/pw\/2019\/11\/20\/prorroga-a-la-regulacion-integral-en-mexico\/#primaryimage\"},\"image\":{\"@id\":\"https:\/\/www.cannabis.es\/pw\/2019\/11\/20\/prorroga-a-la-regulacion-integral-en-mexico\/#primaryimage\"},\"thumbnailUrl\":\"https:\/\/www.cannabis.es\/pw\/wp-content\/uploads\/2020\/05\/mexico-pospone.jpg\",\"datePublished\":\"2019-11-20T16:00:53+00:00\",\"dateModified\":\"2020-07-23T11:33:20+00:00\",\"description\":\"Entrada &#8226; Portal multimedia sobre cannabis y otras sustancias &#8226; 20 noviembre, 2019\",\"breadcrumb\":{\"@id\":\"https:\/\/www.cannabis.es\/pw\/2019\/11\/20\/prorroga-a-la-regulacion-integral-en-mexico\/#breadcrumb\"},\"inLanguage\":\"es\",\"potentialAction\":[{\"@type\":\"ReadAction\",\"target\":[\"https:\/\/www.cannabis.es\/pw\/2019\/11\/20\/prorroga-a-la-regulacion-integral-en-mexico\/\"]}]},{\"@type\":\"ImageObject\",\"inLanguage\":\"es\",\"@id\":\"https:\/\/www.cannabis.es\/pw\/2019\/11\/20\/prorroga-a-la-regulacion-integral-en-mexico\/#primaryimage\",\"url\":\"https:\/\/www.cannabis.es\/pw\/wp-content\/uploads\/2020\/05\/mexico-pospone.jpg\",\"contentUrl\":\"https:\/\/www.cannabis.es\/pw\/wp-content\/uploads\/2020\/05\/mexico-pospone.jpg\",\"width\":959,\"height\":475},{\"@type\":\"BreadcrumbList\",\"@id\":\"https:\/\/www.cannabis.es\/pw\/2019\/11\/20\/prorroga-a-la-regulacion-integral-en-mexico\/#breadcrumb\",\"itemListElement\":[{\"@type\":\"ListItem\",\"position\":1,\"name\":\"Portada\",\"item\":\"http:\/\/www.cannabis.es\/pw\/\"},{\"@type\":\"ListItem\",\"position\":2,\"name\":\"Pr\u00f3rroga a la regulaci\u00f3n integral en M\u00e9xico\"}]},{\"@type\":\"WebSite\",\"@id\":\"https:\/\/www.cannabis.es\/pw\/#website\",\"url\":\"https:\/\/www.cannabis.es\/pw\/\",\"name\":\"Cannabis\",\"description\":\"Portal multimedia sobre cannabis y otras sustancias\",\"publisher\":{\"@id\":\"https:\/\/www.cannabis.es\/pw\/#organization\"},\"potentialAction\":[{\"@type\":\"SearchAction\",\"target\":{\"@type\":\"EntryPoint\",\"urlTemplate\":\"https:\/\/www.cannabis.es\/pw\/?s={search_term_string}\"},\"query-input\":{\"@type\":\"PropertyValueSpecification\",\"valueRequired\":true,\"valueName\":\"search_term_string\"}}],\"inLanguage\":\"es\"},{\"@type\":\"Organization\",\"@id\":\"https:\/\/www.cannabis.es\/pw\/#organization\",\"name\":\"Cannabis.es\",\"url\":\"https:\/\/www.cannabis.es\/pw\/\",\"logo\":{\"@type\":\"ImageObject\",\"inLanguage\":\"es\",\"@id\":\"https:\/\/www.cannabis.es\/pw\/#\/schema\/logo\/image\/\",\"url\":\"https:\/\/www.cannabis.es\/pw\/wp-content\/uploads\/2019\/04\/cropped-logo_cannabis.png\",\"contentUrl\":\"https:\/\/www.cannabis.es\/pw\/wp-content\/uploads\/2019\/04\/cropped-logo_cannabis.png\",\"width\":361,\"height\":120,\"caption\":\"Cannabis.es\"},\"image\":{\"@id\":\"https:\/\/www.cannabis.es\/pw\/#\/schema\/logo\/image\/\"},\"sameAs\":[\"https:\/\/x.com\/cannabis_es\"]},{\"@type\":\"Person\",\"@id\":\"https:\/\/www.cannabis.es\/pw\/#\/schema\/person\/e2fbd204580cf4fe74c79b82bc447374\",\"name\":\"Cannabis.es\",\"image\":{\"@type\":\"ImageObject\",\"inLanguage\":\"es\",\"@id\":\"https:\/\/www.cannabis.es\/pw\/#\/schema\/person\/image\/\",\"url\":\"https:\/\/secure.gravatar.com\/avatar\/4375b1eb6e272e2e48a4b8a8def52e5f208151f555bb5906da616906ee6dd2e8?s=96&d=mm&r=g\",\"contentUrl\":\"https:\/\/secure.gravatar.com\/avatar\/4375b1eb6e272e2e48a4b8a8def52e5f208151f555bb5906da616906ee6dd2e8?s=96&d=mm&r=g\",\"caption\":\"Cannabis.es\"},\"url\":\"https:\/\/www.cannabis.es\/pw\/author\/cannabis\/\"}]}<\/script>\n<!-- \/ Yoast SEO plugin. -->","yoast_head_json":{"title":"Pr\u00f3rroga a la regulaci\u00f3n integral en M\u00e9xico","description":"Entrada &#8226; Portal multimedia sobre cannabis y otras sustancias &#8226; 20 noviembre, 2019","robots":{"index":"index","follow":"follow","max-snippet":"max-snippet:-1","max-image-preview":"max-image-preview:large","max-video-preview":"max-video-preview:-1"},"canonical":"https:\/\/www.cannabis.es\/pw\/2019\/11\/20\/prorroga-a-la-regulacion-integral-en-mexico\/","twitter_card":"summary_large_image","twitter_title":"Pr\u00f3rroga a la regulaci\u00f3n integral en M\u00e9xico","twitter_description":"Entrada &#8226; Portal multimedia sobre cannabis y otras sustancias &#8226; 20 noviembre, 2019","twitter_image":"https:\/\/www.cannabis.es\/pw\/wp-content\/uploads\/2020\/05\/mexico-pospone.jpg","twitter_creator":"@cannabis_es","twitter_site":"@cannabis_es","twitter_misc":{"Escrito por":"Cannabis.es","Tiempo de lectura":"5 minutos"},"schema":{"@context":"https:\/\/schema.org","@graph":[{"@type":"Article","@id":"https:\/\/www.cannabis.es\/pw\/2019\/11\/20\/prorroga-a-la-regulacion-integral-en-mexico\/#article","isPartOf":{"@id":"https:\/\/www.cannabis.es\/pw\/2019\/11\/20\/prorroga-a-la-regulacion-integral-en-mexico\/"},"author":{"name":"Cannabis.es","@id":"https:\/\/www.cannabis.es\/pw\/#\/schema\/person\/e2fbd204580cf4fe74c79b82bc447374"},"headline":"Pr\u00f3rroga a la regulaci\u00f3n integral en M\u00e9xico","datePublished":"2019-11-20T16:00:53+00:00","dateModified":"2020-07-23T11:33:20+00:00","mainEntityOfPage":{"@id":"https:\/\/www.cannabis.es\/pw\/2019\/11\/20\/prorroga-a-la-regulacion-integral-en-mexico\/"},"wordCount":920,"publisher":{"@id":"https:\/\/www.cannabis.es\/pw\/#organization"},"image":{"@id":"https:\/\/www.cannabis.es\/pw\/2019\/11\/20\/prorroga-a-la-regulacion-integral-en-mexico\/#primaryimage"},"thumbnailUrl":"https:\/\/www.cannabis.es\/pw\/wp-content\/uploads\/2020\/05\/mexico-pospone.jpg","keywords":["Benito D\u00edaz","cannabis","marihuana"],"articleSection":["Pol\u00edtica y Sociedad"],"inLanguage":"es"},{"@type":"WebPage","@id":"https:\/\/www.cannabis.es\/pw\/2019\/11\/20\/prorroga-a-la-regulacion-integral-en-mexico\/","url":"https:\/\/www.cannabis.es\/pw\/2019\/11\/20\/prorroga-a-la-regulacion-integral-en-mexico\/","name":"Pr\u00f3rroga a la regulaci\u00f3n integral en M\u00e9xico","isPartOf":{"@id":"https:\/\/www.cannabis.es\/pw\/#website"},"primaryImageOfPage":{"@id":"https:\/\/www.cannabis.es\/pw\/2019\/11\/20\/prorroga-a-la-regulacion-integral-en-mexico\/#primaryimage"},"image":{"@id":"https:\/\/www.cannabis.es\/pw\/2019\/11\/20\/prorroga-a-la-regulacion-integral-en-mexico\/#primaryimage"},"thumbnailUrl":"https:\/\/www.cannabis.es\/pw\/wp-content\/uploads\/2020\/05\/mexico-pospone.jpg","datePublished":"2019-11-20T16:00:53+00:00","dateModified":"2020-07-23T11:33:20+00:00","description":"Entrada &#8226; Portal multimedia sobre cannabis y otras sustancias &#8226; 20 noviembre, 2019","breadcrumb":{"@id":"https:\/\/www.cannabis.es\/pw\/2019\/11\/20\/prorroga-a-la-regulacion-integral-en-mexico\/#breadcrumb"},"inLanguage":"es","potentialAction":[{"@type":"ReadAction","target":["https:\/\/www.cannabis.es\/pw\/2019\/11\/20\/prorroga-a-la-regulacion-integral-en-mexico\/"]}]},{"@type":"ImageObject","inLanguage":"es","@id":"https:\/\/www.cannabis.es\/pw\/2019\/11\/20\/prorroga-a-la-regulacion-integral-en-mexico\/#primaryimage","url":"https:\/\/www.cannabis.es\/pw\/wp-content\/uploads\/2020\/05\/mexico-pospone.jpg","contentUrl":"https:\/\/www.cannabis.es\/pw\/wp-content\/uploads\/2020\/05\/mexico-pospone.jpg","width":959,"height":475},{"@type":"BreadcrumbList","@id":"https:\/\/www.cannabis.es\/pw\/2019\/11\/20\/prorroga-a-la-regulacion-integral-en-mexico\/#breadcrumb","itemListElement":[{"@type":"ListItem","position":1,"name":"Portada","item":"http:\/\/www.cannabis.es\/pw\/"},{"@type":"ListItem","position":2,"name":"Pr\u00f3rroga a la regulaci\u00f3n integral en M\u00e9xico"}]},{"@type":"WebSite","@id":"https:\/\/www.cannabis.es\/pw\/#website","url":"https:\/\/www.cannabis.es\/pw\/","name":"Cannabis","description":"Portal multimedia sobre cannabis y otras sustancias","publisher":{"@id":"https:\/\/www.cannabis.es\/pw\/#organization"},"potentialAction":[{"@type":"SearchAction","target":{"@type":"EntryPoint","urlTemplate":"https:\/\/www.cannabis.es\/pw\/?s={search_term_string}"},"query-input":{"@type":"PropertyValueSpecification","valueRequired":true,"valueName":"search_term_string"}}],"inLanguage":"es"},{"@type":"Organization","@id":"https:\/\/www.cannabis.es\/pw\/#organization","name":"Cannabis.es","url":"https:\/\/www.cannabis.es\/pw\/","logo":{"@type":"ImageObject","inLanguage":"es","@id":"https:\/\/www.cannabis.es\/pw\/#\/schema\/logo\/image\/","url":"https:\/\/www.cannabis.es\/pw\/wp-content\/uploads\/2019\/04\/cropped-logo_cannabis.png","contentUrl":"https:\/\/www.cannabis.es\/pw\/wp-content\/uploads\/2019\/04\/cropped-logo_cannabis.png","width":361,"height":120,"caption":"Cannabis.es"},"image":{"@id":"https:\/\/www.cannabis.es\/pw\/#\/schema\/logo\/image\/"},"sameAs":["https:\/\/x.com\/cannabis_es"]},{"@type":"Person","@id":"https:\/\/www.cannabis.es\/pw\/#\/schema\/person\/e2fbd204580cf4fe74c79b82bc447374","name":"Cannabis.es","image":{"@type":"ImageObject","inLanguage":"es","@id":"https:\/\/www.cannabis.es\/pw\/#\/schema\/person\/image\/","url":"https:\/\/secure.gravatar.com\/avatar\/4375b1eb6e272e2e48a4b8a8def52e5f208151f555bb5906da616906ee6dd2e8?s=96&d=mm&r=g","contentUrl":"https:\/\/secure.gravatar.com\/avatar\/4375b1eb6e272e2e48a4b8a8def52e5f208151f555bb5906da616906ee6dd2e8?s=96&d=mm&r=g","caption":"Cannabis.es"},"url":"https:\/\/www.cannabis.es\/pw\/author\/cannabis\/"}]}},"_links":{"self":[{"href":"https:\/\/www.cannabis.es\/pw\/wp-json\/wp\/v2\/posts\/1614","targetHints":{"allow":["GET"]}}],"collection":[{"href":"https:\/\/www.cannabis.es\/pw\/wp-json\/wp\/v2\/posts"}],"about":[{"href":"https:\/\/www.cannabis.es\/pw\/wp-json\/wp\/v2\/types\/post"}],"author":[{"embeddable":true,"href":"https:\/\/www.cannabis.es\/pw\/wp-json\/wp\/v2\/users\/1"}],"replies":[{"embeddable":true,"href":"https:\/\/www.cannabis.es\/pw\/wp-json\/wp\/v2\/comments?post=1614"}],"version-history":[{"count":3,"href":"https:\/\/www.cannabis.es\/pw\/wp-json\/wp\/v2\/posts\/1614\/revisions"}],"predecessor-version":[{"id":5902,"href":"https:\/\/www.cannabis.es\/pw\/wp-json\/wp\/v2\/posts\/1614\/revisions\/5902"}],"wp:featuredmedia":[{"embeddable":true,"href":"https:\/\/www.cannabis.es\/pw\/wp-json\/wp\/v2\/media\/1615"}],"wp:attachment":[{"href":"https:\/\/www.cannabis.es\/pw\/wp-json\/wp\/v2\/media?parent=1614"}],"wp:term":[{"taxonomy":"category","embeddable":true,"href":"https:\/\/www.cannabis.es\/pw\/wp-json\/wp\/v2\/categories?post=1614"},{"taxonomy":"post_tag","embeddable":true,"href":"https:\/\/www.cannabis.es\/pw\/wp-json\/wp\/v2\/tags?post=1614"}],"curies":[{"name":"wp","href":"https:\/\/api.w.org\/{rel}","templated":true}]}}