{"id":1620,"date":"2019-11-25T17:48:26","date_gmt":"2019-11-25T16:48:26","guid":{"rendered":"http:\/\/www.cannabis.es\/pw\/?p=1620"},"modified":"2020-07-23T13:32:58","modified_gmt":"2020-07-23T11:32:58","slug":"un-unico-paciente-de-los-358-000-no-tratados-con-cannabis-pierde-de-media-en-calidad-de-vida-el-coste-de-una-investigacion","status":"publish","type":"post","link":"https:\/\/www.cannabis.es\/pw\/2019\/11\/25\/un-unico-paciente-de-los-358-000-no-tratados-con-cannabis-pierde-de-media-en-calidad-de-vida-el-coste-de-una-investigacion\/","title":{"rendered":"Un \u00fanico paciente de los 358.000 no tratados con cannabis pierde de media en calidad de vida el coste de una investigaci\u00f3n"},"content":{"rendered":"\n<p>Arnau Alcaide<br><\/p>\n\n\n\n<p>En el parque cient\u00edfico de la Universidad de Valencia en Paterna se celebr\u00f3 el viernes 22 de noviembre una conferencia sobre el cannabis medicinal que tuvo como protagonista invitado a Jos\u00e9 Carlos Bouso, autor de \u00abCannabis Medicinal, de droga a soluci\u00f3n terap\u00e9utica\u00bb, en la que se cont\u00f3 con personal investigador en la materia de la propia Universidad, como Noem\u00ed S\u00e1nchez o Salvador Amig\u00f3, con un<strong>&nbsp;ins\u00f3lito estudio en marcha<\/strong>, en colaboraci\u00f3n precisamente con la asociaci\u00f3n Terap\u00e9uticas Hierbas Castell\u00f3 y el grupo para la reducci\u00f3n de da\u00f1os Fes-ho b\u00e9! tambi\u00e9n organizadores del evento &#8211; cuyo presidente Javier Miravete moder\u00f3 acompa\u00f1ado del m\u00e9dico de la asociaci\u00f3n Mario Land como ponente.<\/p>\n\n\n\n<hr class=\"wp-block-separator\"\/>\n\n\n\n<h3 class=\"wp-block-heading\"><strong>Salvador Amig\u00f3&nbsp;<\/strong><strong>coment\u00f3<\/strong><strong>&nbsp;la recuperaci\u00f3n observable&nbsp;<\/strong><strong>en&nbsp;<\/strong><strong>su<\/strong><strong>&nbsp;investigaci\u00f3n&nbsp;<\/strong><strong>de<\/strong><strong>l usuariado de THCs<\/strong><strong>&nbsp;de<\/strong><strong>sde<\/strong><strong>&nbsp;la UV<\/strong><\/h3>\n\n\n\n<p>El Doctor en psicolog\u00eda,&nbsp;<strong>Salvador Amig\u00f3 Borr\u00e1s,<\/strong>&nbsp;profesor de la Universitat de Val\u00e8ncia,&nbsp;divulgador,&nbsp;investigador y componente del Grupo de Estudios FesHoBe! sobre Cannabis y Drogas, coment\u00f3&nbsp;los primeros resultados analizados del estudio sobre&nbsp;<em>Calidad de vida en pacientes usuarios de cannabis en clubes sociales de cannabis<\/em>,&nbsp;un estudio pionero.<\/p>\n\n\n\n<p>En colaboraci\u00f3n varias asociaciones de Castell\u00f3, como la organizadora&nbsp;THCs,&nbsp;Amig\u00f3 present\u00f3&nbsp;uno de los primeros estudios en contacto directo con el usuariado,&nbsp;con la&nbsp;<strong>novedad de hacerlo desde la Universidad, que hab\u00eda denegado investigar el cannabis hasta la fecha<\/strong>&nbsp;<strong>pese a la insistencia p\u00fablica y cient\u00edfica de personal investigador como Noem\u00ed S\u00e1nchez o \u00e9l mismo.<\/strong><\/p>\n\n\n\n<p>\u201cSe trata,&nbsp;ya&nbsp;<strong>no de curar enfermedades, sino de mejorar la calidad de vida<\/strong>&nbsp;<strong>en un nuevo planteamiento de la medicina y la salud<\/strong>. No hay nada m\u00e1s en Espa\u00f1a, a excepci\u00f3n de&nbsp;lo hecho por&nbsp;quien inici\u00f3 la investigaci\u00f3n,&nbsp;que se sienta en esta mesa\u201d,&nbsp;refiri\u00e9ndose a Bouso.<\/p>\n\n\n\n<p>\u201cVamos a compartir ser pioneros.&nbsp;<strong>Hemos creado un sistema de medici\u00f3n de la calidad de vida relacionado con la salud que nos permitir\u00e1 medir los resultados del estudio<\/strong>. La media de edad de 53 a\u00f1os demuestra que no se trata para nada de usuarios j\u00f3venes recreativos, como presupondr\u00eda el estigma, sino pacientes de fibromialgia, c\u00e1ncer, artrosis, depresi\u00f3n, hernia discal, lumbalgia,&nbsp;etc.\u201d,&nbsp;proclam\u00f3.<\/p>\n\n\n\n<figure class=\"wp-block-image\"><img decoding=\"async\" src=\"https:\/\/cannabis.es\/web\/images\/ponencia_UV_2.jpg\" alt=\"ponencia_UV_2.jpg\"\/><\/figure>\n\n\n\n<p><strong>El estudio<\/strong><br><br>Con&nbsp;datos sanitarios p\u00fablicos&nbsp;como grupo de control&nbsp;(el que sirve para comparar),&nbsp;pues no existe la posibilidad en la asociaci\u00f3n de contar con pacientes que no se mediquen,&nbsp;la calidad de vida registrada por el cuestionario alterna entre mejora y mantenimiento. \u201cEstamos empezando a demostrar mejoras sostenidas en el tiempo\u201d,&nbsp;alega.<\/p>\n\n\n\n<p><strong>Se suman a los nuevos an\u00e1lisis de coste-beneficio de la pol\u00edtica econ\u00f3mica que incorporan factores de calidad. En el caso de la Salud, pensando en c\u00f3mo se vive y no solo en el coste, que ser\u00eda la cantidad de a\u00f1os o esperanza de vida y, en \u00faltima instancia, el valor econ\u00f3mico de estos, o precio de mejorarlos desde el sistema de Salud. El resultado es que cada paciente perdido que no recibe tratamiento con cannabis deja de recibir una mejora de su salud equivalente a un coste monetario medio de m\u00e1s de 20.000\u20ac por persona, cantidad que puede financiar una investigaci\u00f3n.<\/strong><\/p>\n\n\n\n<p>\u201cPodemos ofrecer evidencias&nbsp;cient\u00edficas&nbsp;sobre tratamientos de enfermedades, pero tambi\u00e9n evidencia sobre calidad de vida\u201d,&nbsp;se\u00f1ala. Y es que han creado una herramienta que calcula los a\u00f1os de vida ajustados por calidad .&nbsp;Los estudios&nbsp;del coste-efectividad de los estudios en salud&nbsp;introduciendo&nbsp;la variable calidad&nbsp;en la generaci\u00f3n de datos cuantitativos.<\/p>\n\n\n\n<p><strong>La situaci\u00f3n de la investigaci\u00f3n en la Universidad de Valencia<\/strong><\/p>\n\n\n\n<p>\u201c<strong>En la Universidad ahora tendr<\/strong><strong>\u00edamos dificultades&nbsp;para conseguir ese permiso&nbsp;\u00e9tico&nbsp;que nos han dado,&nbsp;porque est\u00e1 todo m\u00e1s enrarecido recientemente.&nbsp;La UV se involucr\u00f3&nbsp;porque ya hay un trabajo de una estudiante de psicolog\u00eda que ha obtenido el benepl\u00e1cito de la facultad. Estamos obteniendo un r\u00e9dito en la aceptaci\u00f3n de lo que estamos haciendo\u201d,&nbsp;<\/strong>coment\u00f3 un Amig\u00f3 que realiz\u00f3 un llamamiento para que permitiesen la investigaci\u00f3n el a\u00f1o pasado en las jornadas en la Universidad<strong>.<\/strong><\/p>\n\n\n\n<p>\u201cTenemos otras estudiantes con la&nbsp;voluntad&nbsp;de&nbsp;participar.&nbsp;Nuevas personas abiertas e interesadas en nuevos enfoques y maneras de entender las drogas.&nbsp;<strong>La UV no es la que&nbsp;se caracteriza por el&nbsp;mayor apoyo,&nbsp;pero se respeta la comisi\u00f3n&nbsp;\u00e9tica&nbsp;y&nbsp;esta&nbsp;dio su autorizaci\u00f3n y permiso.<\/strong>&nbsp;<strong>Esa es&nbsp;la&nbsp;manera que tenemos de manejarnos con la UV. Me gustar\u00eda que fuese de otra manera, la catedral del conocimiento y de la inteligencia, abriendo v\u00edas para la investigaci\u00f3n\u201d.<\/strong><\/p>\n\n\n\n<h3 class=\"wp-block-heading\"><strong>Seg\u00fan la encuesta de Noem\u00ed S\u00e1nchez, un tercio del usuariado diario es medicinal<\/strong><\/h3>\n\n\n\n<p>Noem\u00ed S\u00e1nchez N\u00e0cher,&nbsp;profesora e investigadora asociada en la Universidad de Valencia,&nbsp;licenciada en psicolog\u00eda, m\u00e1ster en neuropsicolog\u00eda y neurociencias, componente del Grupo de Estudios FesHoBe! sobre Cannabis y Drogas, actual presidenta del OECCC&nbsp;y usuaria medicinal&nbsp;present\u00f3&nbsp;resultados preliminares sobre motivaciones de consumo en personas usuarias terap\u00e9uticas provenientes de la Encuesta Cannabis.<\/p>\n\n\n\n<p><strong>Un&nbsp;<\/strong><strong>3<\/strong><strong>6.64%&nbsp;<\/strong><strong>de las personas usuarias,&nbsp;<\/strong>aproximadamente unas&nbsp;<strong>358.000 en el pa\u00eds seg\u00fan la&nbsp;<\/strong><strong>muestra de la<\/strong>&nbsp;<strong>encuesta<\/strong><strong>,<\/strong><strong>&nbsp;lo hacen por motivos<\/strong><strong>&nbsp;terap\u00e9utic<\/strong><strong>o<\/strong><strong>s,<\/strong>&nbsp;<strong>dato in\u00e9dito<\/strong>&nbsp;con&nbsp;casi&nbsp;1000 personas&nbsp;sondeadas&nbsp;que permite anticipar la cifra provisional.&nbsp;Lo caracter\u00edstico, se\u00f1ala la investigadora, es que&nbsp;<strong>u<\/strong><strong>n 75% del grupo&nbsp;<\/strong><strong>medicinal<\/strong>&nbsp;<strong>anterior<\/strong><strong>&nbsp;pensaba que tambi\u00e9n hac\u00eda un uso recreativo<\/strong>. \u201cLo que motiva este pensamiento es precisamente que estas personas sienten placer, y esto lo asocian al ocio\u201d. \u201cDormir, el relax o el dolor\u201d son las otras \u201ccausas\u201d que \u201cmotivan a mantener el consumo\u201d.<\/p>\n\n\n\n<p>La encuesta explica<strong>&nbsp;las m<\/strong><strong>otivaciones en la continuaci\u00f3n<\/strong>&nbsp;del consumo de cannabis por parte de personas usuarias con fines terap\u00e9uticos,&nbsp;<strong>par\u00e1metros muy relacionados con la calidad de vida<\/strong>.&nbsp;El cannabis es la sustancia m\u00e1s consumida en Espa\u00f1a: un&nbsp;35.2%&nbsp;la&nbsp;ha probado,&nbsp;y un&nbsp;2.1%&nbsp;lo toma&nbsp;cada d\u00eda. Pero no hab\u00eda&nbsp;datos sobre el&nbsp;n\u00famero&nbsp;de personas que&nbsp;lo usan medicinalmente.<\/p>\n\n\n\n<p>\u201cNormalmente las encuestas&nbsp;de&nbsp;cannabis preguntan por los problemas derivados del consumo, una construcci\u00f3n negativa\u201d,&nbsp;se\u00f1ala S\u00e1nchez. \u201cLa conclusi\u00f3n que se desprende es que en el cannabis no hay motivaci\u00f3n, sino abuso,&nbsp;un argumento repetido&nbsp;la prohibici\u00f3n y la gente partidaria.&nbsp;Hemos ido a buscar esa motivaci\u00f3n\u201d,&nbsp;concluye abanderando la necesidad de planteamientos de investigaci\u00f3n sin prejuicios preconcebidos.<\/p>\n\n\n\n<figure class=\"wp-block-image\"><img decoding=\"async\" src=\"https:\/\/cannabis.es\/web\/images\/ponencia_UV_12.jpg\" alt=\"ponencia_UV_12.jpg\"\/><\/figure>\n\n\n\n<h3 class=\"wp-block-heading\"><strong>Bouso, autor de Cannabis medicinal<\/strong><\/h3>\n\n\n\n<p>Jos\u00e9 Carlos Bouso&nbsp;es director de Investigaci\u00f3n del Centro Internacional Etnobot\u00e1nico de Investigaci\u00f3n (ICEERS),&nbsp;doctor en Farmacolog\u00eda y Licenciado en Psicolog\u00eda,&nbsp;adem\u00e1s de&nbsp;autor de estudios y numerosos art\u00edculos.&nbsp;Aludiendo a su investigaci\u00f3n y a su libro Cannabis medicinal, \u00bfde droga prohibida a soluci\u00f3n terap\u00e9utica?, habl\u00f3 de los avances en la investigaci\u00f3n con&nbsp;cannabis, ayahuasca&nbsp;e&nbsp;iboga\u00edna,&nbsp;especialmente&nbsp;para la sustituci\u00f3n de&nbsp;derivados opi\u00e1ceos&nbsp;como la metadona.<\/p>\n\n\n\n<figure class=\"wp-block-image\"><img decoding=\"async\" src=\"https:\/\/cannabis.es\/web\/images\/ponencia_UV_1.jpg\" alt=\"ponencia_UV_1.jpg\"\/><\/figure>\n\n\n\n<p>Bouso introdujo la creaci\u00f3n de&nbsp;Cannabmed&nbsp;como asociaci\u00f3n de pacientes&nbsp;y profesionales del cuidado o la salud&nbsp;por la regulaci\u00f3n del cannabis. \u201cCedimos nuestro espacio y pusimos a una persona a cargo de que controle este proceso\u201d,&nbsp;alega el autor, que destaca que ayudan a \u201cincubar\u201d proyectos que \u201ccambien la sociedad\u201d.&nbsp;Lament\u00f3 que se est\u00e9&nbsp;\u201cperdiendo la posibilidad\u201d de que&nbsp;m\u00e1s&nbsp;profesionales se unan al&nbsp;movimiento&nbsp;por los ataques a su&nbsp;\u201clegitimidad\u201d, y por eso abogan&nbsp;por&nbsp;el deber de&nbsp;asociarse. \u201cTodas nuestras conclusiones est\u00e1n basadas en la evidencia cient\u00edfica\u201d,&nbsp;apunta.<\/p>\n\n\n\n<p>\u201cFisiol\u00f3gicamente, los riesgos que produce el cannabis son bajos porque es muy dif\u00edcil morir de sobredosis. El gasto card\u00edaco podr\u00eda incrementarse en personas que ya sufriesen de ello, pero la tolerancia llevar\u00eda r\u00e1pidamente a una adaptaci\u00f3n por los niveles normales\u201d.<\/p>\n\n\n\n<p>\u201cSe acusa de riesgos neuropsiqui\u00e1tricos de psicosis o esquizofrenia. Es el colectivo psiqui\u00e1trico quien m\u00e1s insiste. Los dem\u00e1s, especialmente onc\u00f3logos, est\u00e1n a favor&nbsp;de su uso medicinal. Se supone que los psiquiatras son los expertos y tienen el control de los f\u00e1rmacos, pero es la \u00fanica disciplina que primero crea el f\u00e1rmaco y luego concibe la enfermedad.&nbsp;Se est\u00e1n utilizando f\u00e1rmacos que no responden a los motivos de la enfermedad,&nbsp;\u00bfqu\u00e9 es esto sino una pseudociencia y una pseudoterapia?&nbsp;<strong>Al cannabis se le exigen condiciones de seguridad que no se cumplen para los f\u00e1rmacos que los mismos psiquiatras&nbsp;<\/strong><strong>recetan<\/strong>\u201d.<\/p>\n\n\n\n<p>\u201cUna cosa es la evidencia que se produce y otra c\u00f3mo se eval\u00faa y valora a la hora de tomar decisiones en pol\u00editcas p\u00fablicas.&nbsp;<strong>No hemos&nbsp;<\/strong><strong>encontrado<\/strong>&nbsp;<strong>d\u00e9ficits<\/strong><strong>&nbsp;permanentes<\/strong>&nbsp;en consumidores excepto en consumos cruzados o personas con trastornos.&nbsp;Adem\u00e1s m\u00e1s bien se est\u00e1 descubriendo lo contrario\u201d,&nbsp;refiri\u00e9ndose al potencial neuroregenerativo en prueba con casos de alzheimer.<\/p>\n\n\n\n<p>\u201c<strong>La evidencia est\u00e1 dominada por los protocolos m\u00e9dic<\/strong><strong>o<\/strong><strong>s y el person<\/strong><strong>a<\/strong><strong>l cl\u00ednico es el \u00faltimo eslab\u00f3n en a la hora de legitimar la terapia con cannabis<\/strong>\u201d,&nbsp;por eso es tan importante financiar una investigaci\u00f3n que no aplique prejuicios preconcebidos. \u201cDonde se permite el cannabis medicinal, se est\u00e1n reduciendo las muertes por f\u00e1rmacos m\u00e1s da\u00f1inos\u201d.<\/p>\n\n\n\n<p>\u201cSe habla de problema de&nbsp;Salud&nbsp;P\u00fablica, pero la contaminaci\u00f3n es equivalente a fumar tabaco, el dolor cr\u00f3nico&nbsp;frecuenta a&nbsp;personas cada vez m\u00e1s&nbsp;longevas y solas, o con tendencias suicidas. Eso s\u00ed son problemas de Salud P\u00fablica\u201d.<\/p>\n\n\n\n<p>Estas actitudes prohibicionistas basadas en esta especie de&nbsp;dogma teol\u00f3gico, se\u00f1ala el autor, \u201cvulneran el derecho a la&nbsp;ciencia&nbsp;por las dificultades para investigar\u201d&nbsp;y con \u00e9l \u201cse vulnera pues&nbsp;el de&nbsp;los ciudadanos de beneficiarse del mejor tratamiento posible\u201d.&nbsp;Y recuerda que cualquier persona, adem\u00e1s, tiene el derecho inherente e irrebatable de consumir.<\/p>\n\n\n\n<p>\u201cLas pol\u00edticas p\u00fablicas sobre drogas dejan el negocio y la salud en las mafias.&nbsp;Las enfermedades neurodegenerativas deben ser investigadas por los gastos futuros que vienen,&nbsp;ya que&nbsp;una de cada cuatro personas va a desarrollar c\u00e1ncer y enfermedades mentales.&nbsp;Ya hay indicios precl\u00ednicos para contribuir en estas investigaciones\u201d,&nbsp;ha incidido un Bouso&nbsp;cuyo papel de investigador, como el de la mayor\u00eda en esta ciencia hecha tab\u00fa, ya hace tiempo que ha trascendido tambi\u00e9n a la esfera de activista.<\/p>\n\n\n\n<p>Javier&nbsp;Miravete,&nbsp;presidente de la asociaci\u00f3n de pacientes,&nbsp;record\u00f3 que&nbsp;ICEERS&nbsp;cede&nbsp;el 50% del libro&nbsp;a THCs, y agradece la dedicaci\u00f3n de la asociaci\u00f3n a la hora de educar&nbsp;a tratarse con cannabis.<\/p>\n\n\n\n<h3 class=\"wp-block-heading\"><strong>Mario&nbsp;<\/strong><strong>L<\/strong><strong>and,&nbsp;<\/strong><strong>mecanismos del sistema endocannabinoide<\/strong><\/h3>\n\n\n\n<p>Mario Land, M\u00e9dico de Familia Experto en Adicciones&nbsp;y&nbsp;colaborador de la asociaci\u00f3n THCs&nbsp;<strong>c<\/strong><strong>ontabiliz\u00f3&nbsp;<\/strong><strong>al empezar<\/strong><strong>&nbsp;la cantidad de&nbsp;<\/strong><strong>personal m\u00e9dico<\/strong><strong>&nbsp;(2) vs pacientes&nbsp;<\/strong><strong>(<\/strong><strong>15<\/strong><strong>)<\/strong><strong>&nbsp;en la sala&nbsp;<\/strong><strong>para acompa\u00f1ar la apelaci\u00f3n previa de Bouso a las fuentes de credibilidad estamentadas y a la consideraci\u00f3n de pacientes como una de ellas<\/strong>. Explic\u00f3 el sistema endocannabinoide&nbsp;y&nbsp;quiso argumentar&nbsp;en contra de uno de los prejuicios mayoritarios con el cannabis:&nbsp;\u201cEs muy&nbsp;dif\u00edcil&nbsp;que una persona pueda tener sintomatolog\u00eda cl\u00ednica por s\u00edndrome de abstinencia\u201d.<\/p>\n\n\n\n<p>Se\u00f1al\u00f3 los potenciales avances que se est\u00e1n dando en la investigaci\u00f3n en&nbsp;alzheimer&nbsp;y&nbsp;en el \u00e1mbito de&nbsp;la&nbsp;regeneraci\u00f3n&nbsp;neuronal, y&nbsp;en el&nbsp;c\u00e1ncer,&nbsp;accionando la hipoxia (dejar sin ox\u00edgeno) en las&nbsp;c\u00e9lulas cancer\u00edgenas.<\/p>\n\n\n\n<p>No se march\u00f3 sin una reflexi\u00f3n resonada con la&nbsp;que apuntaba a repensar la&nbsp;Salud P\u00fablica&nbsp;dentro del sistema&nbsp;sanitario, el c\u00f3mo est\u00e1 orientado el trato a las personas desde la reacci\u00f3n a la enfermedad en lugar de hacia la calidad de vida:&nbsp;\u201cDecirles a los m\u00e9dicos que son el primer grupo de personas que se suicida a d\u00eda de hoy\u201d.<\/p>\n\n\n\n<figure class=\"wp-block-image\"><img decoding=\"async\" src=\"https:\/\/cannabis.es\/web\/images\/ponencia_UV_3.jpg\" alt=\"ponencia_UV_3.jpg\"\/><\/figure>\n\n\n\n<h3 class=\"wp-block-heading\"><strong>H\u00e9ctor Brotons,&nbsp;<\/strong><strong>la regulaci\u00f3n&nbsp;<\/strong><strong>medicinal&nbsp;<\/strong><strong>en un libro, lista para la pol\u00edtica<\/strong><\/h3>\n\n\n\n<p><strong>H<\/strong><strong>\u00e9ctor Brotons,<\/strong>&nbsp;abogado&nbsp;penalista especialista en leyes sobre el cannabis,&nbsp;director del&nbsp;gabinete&nbsp;jur\u00eddico&nbsp;Brotsanbert&nbsp;y representante del Observatorio Europeo de Consumo y Cultivo de Cannabis (OECCC), nos present\u00f3&nbsp;\u201cLey del Cannabis Medicinal y Terap\u00e9utico, documento de trabajo\u201d,&nbsp;un&nbsp;planteamiento con opciones abiertas de&nbsp;regulaci\u00f3n completa&nbsp;que encaja con lo&nbsp;que los convenios internacionales permiten,&nbsp;pues dejan&nbsp;que los pa\u00edses regulen sus proyectos de cannabis medicinal \u201csiempre que criterios de Salud P\u00fablica lo aconsejen\u201d.<\/p>\n\n\n\n<p>Modelos&nbsp;de&nbsp;regulaci\u00f3n&nbsp;de lugares como&nbsp;Colombia, Portugal, Canad\u00e1 y&nbsp;el de&nbsp;Fundaci\u00f3n Daya&nbsp;para Argentina son los que se han usado&nbsp;como referencia&nbsp;para que no se castigue en Espa\u00f1a desde el Estado el cultivo medicinal. La clave radica en que la administraci\u00f3n no \u201cpueda pensar\u201d dada la inseguridad que se&nbsp;sufre, que pudieses \u201ctraficar\u201d.&nbsp;<strong>\u201cPedimos que&nbsp;primero se pregunte y luego se dispare, hay que proteger el autocultivo medicinal\u201d<\/strong>.<\/p>\n\n\n\n<p>En&nbsp;el libro-propuesta&nbsp;se argumenta la evidencia cient\u00edfica por organizaciones&nbsp;internacionales&nbsp;y habla del marco legal en Espa\u00f1a, donde supuestamente el c\u00e1\u00f1amo no est\u00e1 restringido, pero hay inseguridad jur\u00eddica&nbsp;al trabajar con productos derivados de \u00e9l.&nbsp;Tambi\u00e9n se alude a la&nbsp;relaci\u00f3n antropol\u00f3gica de cultivar la&nbsp;planta,&nbsp;tu&nbsp;propia&nbsp;medicina.&nbsp;\u201cOlvidamos el juramento hipocr\u00e1tico de los m\u00e9dicos por lo que lo primero es la salud de las personas\u201d,&nbsp;incide el abogado.<\/p>\n\n\n\n<p>\u201cHemos planteado en un recurso&nbsp;<strong>al&nbsp;<\/strong><strong>C<\/strong><strong>onstitucional el debate sobre los beneficios y pe<\/strong><strong>r<\/strong><strong>juicios que llevan a la acci\u00f3n legal.&nbsp;<\/strong><strong>Que seamos rigurosos en la ponderaci\u00f3n de los fines y los derechos.<\/strong>&nbsp;Porque el libre desarrollo de la personalidad est\u00e1 por encima de una decisi\u00f3n personal de salud, y no por ello se deja de proteger la&nbsp;Salud&nbsp;P\u00fablica.&nbsp;Lo que se pretende con la ley preparada es que se incluya a los colectivos perjudicados\u201d,&nbsp;explica Brotons.<\/p>\n\n\n\n<p>\u201cPor no estar a la altura los pol\u00edticos, nos han pasado de largo con la regulaci\u00f3n otros pa\u00edses.&nbsp;Una sustancia que se debe tratar como medicamento&nbsp;en el caso de pacientes\u201d,&nbsp;agrava el penalista.<\/p>\n\n\n\n<p>\u201c<strong>E<\/strong><strong>stamos planteando una denuncia a&nbsp;<\/strong><strong>competencia<\/strong><strong>&nbsp;por un&nbsp;<\/strong><strong>r\u00e9gimen<\/strong><strong>&nbsp;opaco en el registro de semillas\u201d,&nbsp;<\/strong>da como primicia Brotons en otra pr\u00e1ctica de lucro comercial, la de la propiedad intelectual de las semillas, vetada al p\u00fablico general. \u201cPor no hablar de la ya recurrida opacidad&nbsp;de las&nbsp;licencias&nbsp;de producci\u00f3n de la&nbsp;Agencia del Medicamento\u201d.<\/p>\n\n\n\n<p>\u201cLa directiva europea de armonizaci\u00f3n de sistemas penales indica que no se debe castigar los usos que queden dentro de lo personal, como el autocultivo. Ahora mismo hay absoluciones con kg y condenas con g. La ley es tan laxa&nbsp;y variable\u2026&nbsp;Y las sanciones tambi\u00e9n est\u00e1n relacionadas con el beneficio econ\u00f3mico\u201d,&nbsp;contin\u00faa.<\/p>\n\n\n\n<h3 class=\"wp-block-heading\"><strong>Respuestas a algunas preguntas del p\u00fablico<\/strong><\/h3>\n\n\n\n<p>Cerr\u00f3&nbsp;el evento Javier Miravete, presidente de Terap\u00e9uticas Hierbas Castell\u00f3 con el agradecimiento a Fundaci\u00f3n Canna, ICEERS, OECCC y al Grupo de Estudios FesHoBe! sobre Cannabis y Drogas, as\u00ed como a las asociaciones y a la FAC-Levante, la confederaci\u00f3n de asociaciones auton\u00f3mica, por su c\u00f3digo \u00e9tico que ha permitido la investigaci\u00f3n.<\/p>\n\n\n\n<figure class=\"wp-block-image\"><img decoding=\"async\" src=\"https:\/\/cannabis.es\/web\/images\/ponencia_UV_5.jpg\" alt=\"ponencia_UV_5.jpg\"\/><\/figure>\n\n\n\n<p>En el turno de preguntas, de partidos pol\u00edticos&nbsp;Brotons&nbsp;explic\u00f3: \u201cCiudadanos ha perdido ese cariz liberal m\u00e1s abierto que pod\u00eda, como lleg\u00f3 a proponer con el medicinal, acercarle a una regulaci\u00f3n. Incluso dentro de Podemos, ha perdido peso porque muchos partidarios se han ido a M\u00e1s Pa\u00eds. A\u00fan as\u00ed, Pablo Iglesias es el \u00fanico gran representante que se ha pronunciado.&nbsp;Y el PSOE tiene muchos anclajes, por ser finos\u201d.&nbsp;Javier&nbsp;Miravete&nbsp;a\u00f1adi\u00f3 que en Castell\u00f3&nbsp;\u201cERC tambi\u00e9n\u201d&nbsp;est\u00e1 apoy\u00e1ndoles \u201cmucho\u201d.<\/p>\n\n\n\n<p>\u201cLa sociedad civil espa\u00f1ola ha ido por delante de la pol\u00edtica jug\u00e1ndosela en la inseguridad jur\u00eddica. Pido tacticismo a los partidos&nbsp;para participar adem\u00e1s del mercado del cannabis de manera justa\u201d,&nbsp;dijo el mismo abogado.<\/p>\n\n\n\n<p>Y&nbsp;Bouso&nbsp;record\u00f3 que habr\u00e1&nbsp;debate en el colegio de farmac\u00e9uticos&nbsp;a una profesional interesada y denostada por sus compa\u00f1eros. \u201c<strong>En junio ICEERS har\u00e1 un evento&nbsp;<\/strong><strong>C<\/strong><strong>annamed en Barcelona con el colegio de farmac\u00e9uticos<\/strong>. Un debate interesante en el que&nbsp;farmac\u00e9uticos reflexionar\u00e1n. La sociedad&nbsp;cl\u00ednica&nbsp;de endocannabinolog\u00eda&nbsp;tambi\u00e9n&nbsp;se abrir\u00e1&nbsp;a&nbsp;farmac\u00e9uticos como a otros profesionales de la salud\u201d.<\/p>\n\n\n\n<figure class=\"wp-block-image\"><img decoding=\"async\" src=\"https:\/\/cannabis.es\/web\/images\/ponencia_UV_6.jpg\" alt=\"ponencia_UV_6.jpg\"\/><\/figure>\n\n\n\n<p>menci\u00f3n al trabajo de los clubes sociales cannabicos y FAC-Levante gracias a los cuales y su c\u00f3digo etico se est\u00e1n pidiendo realizar estos estudios<\/p>\n","protected":false},"excerpt":{"rendered":"<span class=\"span-reading-time rt-reading-time\" style=\"display: block;\"><span class=\"rt-label rt-prefix\">Tiempo de lectura:<\/span> <span class=\"rt-time\"> 8<\/span> <span class=\"rt-label rt-postfix\">minutos<\/span><\/span>Arnau Alcaide En el parque cient\u00edfico de la Universidad de Valencia en Paterna se celebr\u00f3 el viernes 22 de noviembre una conferencia sobre el cannabis medicinal que tuvo como protagonista invitado a Jos\u00e9 Carlos Bouso, autor de \u00abCannabis Medicinal, de droga a soluci\u00f3n terap\u00e9utica\u00bb, en la que se cont\u00f3 con personal investigador en la materia [&hellip;]","protected":false},"author":1,"featured_media":1621,"comment_status":"closed","ping_status":"closed","sticky":false,"template":"","format":"standard","meta":{"loftocean-featured-post":"","loftocean_post_format_gallery":"","loftocean_post_format_gallery_ids":"","loftocean_post_format_gallery_urls":"","loftocean_post_format_video_id":"","loftocean_post_format_video_url":"","loftocean_post_format_video_type":"","loftocean_post_format_video":"","loftocean_post_format_audio_type":"","loftocean_post_format_audio_url":"","loftocean_post_format_audio_id":"","loftocean_post_format_audio":"","loftocean_post_format_quote_text":"","loftocean_post_format_quote_byline":"","loftocean_post_format_link_text":"","loftocean_post_format_link_url":"","ceramag_post_header_style":"","ceramag_enable_background_video":"","ceramag_show_in_top_slider":"","ceramag_post_background_video_start":"","ceramag_post_background_video_end":"","loftocean_page_background_video_id":"","loftocean_page_background_video_url":"","loftocean_page_background_video_type":"","loftocean_page_background_video":"","ceramag_background_video_start":"","ceramag_background_video_end":"","ceramag_single_page_hide_header":"","footnotes":""},"categories":[35],"tags":[540],"class_list":["post-1620","post","type-post","status-publish","format-standard","has-post-thumbnail","hentry","category-politica-y-sociedad","tag-arnau-alcaide"],"yoast_head":"<!-- This site is optimized with the Yoast SEO plugin v24.9 - https:\/\/yoast.com\/wordpress\/plugins\/seo\/ -->\n<title>Un \u00fanico paciente de los 358.000 no tratados con cannabis pierde de media en calidad de vida el coste de una investigaci\u00f3n<\/title>\n<meta name=\"description\" content=\"Entrada &#8226; Portal multimedia sobre cannabis y otras sustancias &#8226; 25 noviembre, 2019\" \/>\n<meta name=\"robots\" content=\"index, follow, max-snippet:-1, max-image-preview:large, max-video-preview:-1\" \/>\n<link rel=\"canonical\" href=\"https:\/\/www.cannabis.es\/pw\/2019\/11\/25\/un-unico-paciente-de-los-358-000-no-tratados-con-cannabis-pierde-de-media-en-calidad-de-vida-el-coste-de-una-investigacion\/\" \/>\n<meta name=\"twitter:card\" content=\"summary_large_image\" \/>\n<meta name=\"twitter:title\" content=\"Un \u00fanico paciente de los 358.000 no tratados con cannabis pierde de media en calidad de vida el coste de una investigaci\u00f3n\" \/>\n<meta name=\"twitter:description\" content=\"Entrada &#8226; Portal multimedia sobre cannabis y otras sustancias &#8226; 25 noviembre, 2019\" \/>\n<meta name=\"twitter:image\" content=\"https:\/\/www.cannabis.es\/pw\/wp-content\/uploads\/2020\/05\/ponencia-universitat-valencia.jpg\" \/>\n<meta name=\"twitter:creator\" content=\"@cannabis_es\" \/>\n<meta name=\"twitter:site\" content=\"@cannabis_es\" \/>\n<meta name=\"twitter:label1\" content=\"Escrito por\" \/>\n\t<meta name=\"twitter:data1\" content=\"Cannabis.es\" \/>\n\t<meta name=\"twitter:label2\" content=\"Tiempo de lectura\" \/>\n\t<meta name=\"twitter:data2\" content=\"15 minutos\" \/>\n<script type=\"application\/ld+json\" class=\"yoast-schema-graph\">{\"@context\":\"https:\/\/schema.org\",\"@graph\":[{\"@type\":\"Article\",\"@id\":\"https:\/\/www.cannabis.es\/pw\/2019\/11\/25\/un-unico-paciente-de-los-358-000-no-tratados-con-cannabis-pierde-de-media-en-calidad-de-vida-el-coste-de-una-investigacion\/#article\",\"isPartOf\":{\"@id\":\"https:\/\/www.cannabis.es\/pw\/2019\/11\/25\/un-unico-paciente-de-los-358-000-no-tratados-con-cannabis-pierde-de-media-en-calidad-de-vida-el-coste-de-una-investigacion\/\"},\"author\":{\"name\":\"Cannabis.es\",\"@id\":\"https:\/\/www.cannabis.es\/pw\/#\/schema\/person\/e2fbd204580cf4fe74c79b82bc447374\"},\"headline\":\"Un \u00fanico paciente de los 358.000 no tratados con cannabis pierde de media en calidad de vida el coste de una investigaci\u00f3n\",\"datePublished\":\"2019-11-25T16:48:26+00:00\",\"dateModified\":\"2020-07-23T11:32:58+00:00\",\"mainEntityOfPage\":{\"@id\":\"https:\/\/www.cannabis.es\/pw\/2019\/11\/25\/un-unico-paciente-de-los-358-000-no-tratados-con-cannabis-pierde-de-media-en-calidad-de-vida-el-coste-de-una-investigacion\/\"},\"wordCount\":3090,\"publisher\":{\"@id\":\"https:\/\/www.cannabis.es\/pw\/#organization\"},\"image\":{\"@id\":\"https:\/\/www.cannabis.es\/pw\/2019\/11\/25\/un-unico-paciente-de-los-358-000-no-tratados-con-cannabis-pierde-de-media-en-calidad-de-vida-el-coste-de-una-investigacion\/#primaryimage\"},\"thumbnailUrl\":\"https:\/\/www.cannabis.es\/pw\/wp-content\/uploads\/2020\/05\/ponencia-universitat-valencia.jpg\",\"keywords\":[\"Arnau Alcaide\"],\"articleSection\":[\"Pol\u00edtica y Sociedad\"],\"inLanguage\":\"es\"},{\"@type\":\"WebPage\",\"@id\":\"https:\/\/www.cannabis.es\/pw\/2019\/11\/25\/un-unico-paciente-de-los-358-000-no-tratados-con-cannabis-pierde-de-media-en-calidad-de-vida-el-coste-de-una-investigacion\/\",\"url\":\"https:\/\/www.cannabis.es\/pw\/2019\/11\/25\/un-unico-paciente-de-los-358-000-no-tratados-con-cannabis-pierde-de-media-en-calidad-de-vida-el-coste-de-una-investigacion\/\",\"name\":\"Un \u00fanico paciente de los 358.000 no tratados con cannabis pierde de media en calidad de vida el coste de una investigaci\u00f3n\",\"isPartOf\":{\"@id\":\"https:\/\/www.cannabis.es\/pw\/#website\"},\"primaryImageOfPage\":{\"@id\":\"https:\/\/www.cannabis.es\/pw\/2019\/11\/25\/un-unico-paciente-de-los-358-000-no-tratados-con-cannabis-pierde-de-media-en-calidad-de-vida-el-coste-de-una-investigacion\/#primaryimage\"},\"image\":{\"@id\":\"https:\/\/www.cannabis.es\/pw\/2019\/11\/25\/un-unico-paciente-de-los-358-000-no-tratados-con-cannabis-pierde-de-media-en-calidad-de-vida-el-coste-de-una-investigacion\/#primaryimage\"},\"thumbnailUrl\":\"https:\/\/www.cannabis.es\/pw\/wp-content\/uploads\/2020\/05\/ponencia-universitat-valencia.jpg\",\"datePublished\":\"2019-11-25T16:48:26+00:00\",\"dateModified\":\"2020-07-23T11:32:58+00:00\",\"description\":\"Entrada &#8226; Portal multimedia sobre cannabis y otras sustancias &#8226; 25 noviembre, 2019\",\"breadcrumb\":{\"@id\":\"https:\/\/www.cannabis.es\/pw\/2019\/11\/25\/un-unico-paciente-de-los-358-000-no-tratados-con-cannabis-pierde-de-media-en-calidad-de-vida-el-coste-de-una-investigacion\/#breadcrumb\"},\"inLanguage\":\"es\",\"potentialAction\":[{\"@type\":\"ReadAction\",\"target\":[\"https:\/\/www.cannabis.es\/pw\/2019\/11\/25\/un-unico-paciente-de-los-358-000-no-tratados-con-cannabis-pierde-de-media-en-calidad-de-vida-el-coste-de-una-investigacion\/\"]}]},{\"@type\":\"ImageObject\",\"inLanguage\":\"es\",\"@id\":\"https:\/\/www.cannabis.es\/pw\/2019\/11\/25\/un-unico-paciente-de-los-358-000-no-tratados-con-cannabis-pierde-de-media-en-calidad-de-vida-el-coste-de-una-investigacion\/#primaryimage\",\"url\":\"https:\/\/www.cannabis.es\/pw\/wp-content\/uploads\/2020\/05\/ponencia-universitat-valencia.jpg\",\"contentUrl\":\"https:\/\/www.cannabis.es\/pw\/wp-content\/uploads\/2020\/05\/ponencia-universitat-valencia.jpg\",\"width\":959,\"height\":475},{\"@type\":\"BreadcrumbList\",\"@id\":\"https:\/\/www.cannabis.es\/pw\/2019\/11\/25\/un-unico-paciente-de-los-358-000-no-tratados-con-cannabis-pierde-de-media-en-calidad-de-vida-el-coste-de-una-investigacion\/#breadcrumb\",\"itemListElement\":[{\"@type\":\"ListItem\",\"position\":1,\"name\":\"Portada\",\"item\":\"http:\/\/www.cannabis.es\/pw\/\"},{\"@type\":\"ListItem\",\"position\":2,\"name\":\"Un \u00fanico paciente de los 358.000 no tratados con cannabis pierde de media en calidad de vida el coste de una investigaci\u00f3n\"}]},{\"@type\":\"WebSite\",\"@id\":\"https:\/\/www.cannabis.es\/pw\/#website\",\"url\":\"https:\/\/www.cannabis.es\/pw\/\",\"name\":\"Cannabis\",\"description\":\"Portal multimedia sobre cannabis y otras sustancias\",\"publisher\":{\"@id\":\"https:\/\/www.cannabis.es\/pw\/#organization\"},\"potentialAction\":[{\"@type\":\"SearchAction\",\"target\":{\"@type\":\"EntryPoint\",\"urlTemplate\":\"https:\/\/www.cannabis.es\/pw\/?s={search_term_string}\"},\"query-input\":{\"@type\":\"PropertyValueSpecification\",\"valueRequired\":true,\"valueName\":\"search_term_string\"}}],\"inLanguage\":\"es\"},{\"@type\":\"Organization\",\"@id\":\"https:\/\/www.cannabis.es\/pw\/#organization\",\"name\":\"Cannabis.es\",\"url\":\"https:\/\/www.cannabis.es\/pw\/\",\"logo\":{\"@type\":\"ImageObject\",\"inLanguage\":\"es\",\"@id\":\"https:\/\/www.cannabis.es\/pw\/#\/schema\/logo\/image\/\",\"url\":\"https:\/\/www.cannabis.es\/pw\/wp-content\/uploads\/2019\/04\/cropped-logo_cannabis.png\",\"contentUrl\":\"https:\/\/www.cannabis.es\/pw\/wp-content\/uploads\/2019\/04\/cropped-logo_cannabis.png\",\"width\":361,\"height\":120,\"caption\":\"Cannabis.es\"},\"image\":{\"@id\":\"https:\/\/www.cannabis.es\/pw\/#\/schema\/logo\/image\/\"},\"sameAs\":[\"https:\/\/x.com\/cannabis_es\"]},{\"@type\":\"Person\",\"@id\":\"https:\/\/www.cannabis.es\/pw\/#\/schema\/person\/e2fbd204580cf4fe74c79b82bc447374\",\"name\":\"Cannabis.es\",\"image\":{\"@type\":\"ImageObject\",\"inLanguage\":\"es\",\"@id\":\"https:\/\/www.cannabis.es\/pw\/#\/schema\/person\/image\/\",\"url\":\"https:\/\/secure.gravatar.com\/avatar\/4375b1eb6e272e2e48a4b8a8def52e5f208151f555bb5906da616906ee6dd2e8?s=96&d=mm&r=g\",\"contentUrl\":\"https:\/\/secure.gravatar.com\/avatar\/4375b1eb6e272e2e48a4b8a8def52e5f208151f555bb5906da616906ee6dd2e8?s=96&d=mm&r=g\",\"caption\":\"Cannabis.es\"},\"url\":\"https:\/\/www.cannabis.es\/pw\/author\/cannabis\/\"}]}<\/script>\n<!-- \/ Yoast SEO plugin. -->","yoast_head_json":{"title":"Un \u00fanico paciente de los 358.000 no tratados con cannabis pierde de media en calidad de vida el coste de una investigaci\u00f3n","description":"Entrada &#8226; Portal multimedia sobre cannabis y otras sustancias &#8226; 25 noviembre, 2019","robots":{"index":"index","follow":"follow","max-snippet":"max-snippet:-1","max-image-preview":"max-image-preview:large","max-video-preview":"max-video-preview:-1"},"canonical":"https:\/\/www.cannabis.es\/pw\/2019\/11\/25\/un-unico-paciente-de-los-358-000-no-tratados-con-cannabis-pierde-de-media-en-calidad-de-vida-el-coste-de-una-investigacion\/","twitter_card":"summary_large_image","twitter_title":"Un \u00fanico paciente de los 358.000 no tratados con cannabis pierde de media en calidad de vida el coste de una investigaci\u00f3n","twitter_description":"Entrada &#8226; Portal multimedia sobre cannabis y otras sustancias &#8226; 25 noviembre, 2019","twitter_image":"https:\/\/www.cannabis.es\/pw\/wp-content\/uploads\/2020\/05\/ponencia-universitat-valencia.jpg","twitter_creator":"@cannabis_es","twitter_site":"@cannabis_es","twitter_misc":{"Escrito por":"Cannabis.es","Tiempo de lectura":"15 minutos"},"schema":{"@context":"https:\/\/schema.org","@graph":[{"@type":"Article","@id":"https:\/\/www.cannabis.es\/pw\/2019\/11\/25\/un-unico-paciente-de-los-358-000-no-tratados-con-cannabis-pierde-de-media-en-calidad-de-vida-el-coste-de-una-investigacion\/#article","isPartOf":{"@id":"https:\/\/www.cannabis.es\/pw\/2019\/11\/25\/un-unico-paciente-de-los-358-000-no-tratados-con-cannabis-pierde-de-media-en-calidad-de-vida-el-coste-de-una-investigacion\/"},"author":{"name":"Cannabis.es","@id":"https:\/\/www.cannabis.es\/pw\/#\/schema\/person\/e2fbd204580cf4fe74c79b82bc447374"},"headline":"Un \u00fanico paciente de los 358.000 no tratados con cannabis pierde de media en calidad de vida el coste de una investigaci\u00f3n","datePublished":"2019-11-25T16:48:26+00:00","dateModified":"2020-07-23T11:32:58+00:00","mainEntityOfPage":{"@id":"https:\/\/www.cannabis.es\/pw\/2019\/11\/25\/un-unico-paciente-de-los-358-000-no-tratados-con-cannabis-pierde-de-media-en-calidad-de-vida-el-coste-de-una-investigacion\/"},"wordCount":3090,"publisher":{"@id":"https:\/\/www.cannabis.es\/pw\/#organization"},"image":{"@id":"https:\/\/www.cannabis.es\/pw\/2019\/11\/25\/un-unico-paciente-de-los-358-000-no-tratados-con-cannabis-pierde-de-media-en-calidad-de-vida-el-coste-de-una-investigacion\/#primaryimage"},"thumbnailUrl":"https:\/\/www.cannabis.es\/pw\/wp-content\/uploads\/2020\/05\/ponencia-universitat-valencia.jpg","keywords":["Arnau Alcaide"],"articleSection":["Pol\u00edtica y Sociedad"],"inLanguage":"es"},{"@type":"WebPage","@id":"https:\/\/www.cannabis.es\/pw\/2019\/11\/25\/un-unico-paciente-de-los-358-000-no-tratados-con-cannabis-pierde-de-media-en-calidad-de-vida-el-coste-de-una-investigacion\/","url":"https:\/\/www.cannabis.es\/pw\/2019\/11\/25\/un-unico-paciente-de-los-358-000-no-tratados-con-cannabis-pierde-de-media-en-calidad-de-vida-el-coste-de-una-investigacion\/","name":"Un \u00fanico paciente de los 358.000 no tratados con cannabis pierde de media en calidad de vida el coste de una investigaci\u00f3n","isPartOf":{"@id":"https:\/\/www.cannabis.es\/pw\/#website"},"primaryImageOfPage":{"@id":"https:\/\/www.cannabis.es\/pw\/2019\/11\/25\/un-unico-paciente-de-los-358-000-no-tratados-con-cannabis-pierde-de-media-en-calidad-de-vida-el-coste-de-una-investigacion\/#primaryimage"},"image":{"@id":"https:\/\/www.cannabis.es\/pw\/2019\/11\/25\/un-unico-paciente-de-los-358-000-no-tratados-con-cannabis-pierde-de-media-en-calidad-de-vida-el-coste-de-una-investigacion\/#primaryimage"},"thumbnailUrl":"https:\/\/www.cannabis.es\/pw\/wp-content\/uploads\/2020\/05\/ponencia-universitat-valencia.jpg","datePublished":"2019-11-25T16:48:26+00:00","dateModified":"2020-07-23T11:32:58+00:00","description":"Entrada &#8226; Portal multimedia sobre cannabis y otras sustancias &#8226; 25 noviembre, 2019","breadcrumb":{"@id":"https:\/\/www.cannabis.es\/pw\/2019\/11\/25\/un-unico-paciente-de-los-358-000-no-tratados-con-cannabis-pierde-de-media-en-calidad-de-vida-el-coste-de-una-investigacion\/#breadcrumb"},"inLanguage":"es","potentialAction":[{"@type":"ReadAction","target":["https:\/\/www.cannabis.es\/pw\/2019\/11\/25\/un-unico-paciente-de-los-358-000-no-tratados-con-cannabis-pierde-de-media-en-calidad-de-vida-el-coste-de-una-investigacion\/"]}]},{"@type":"ImageObject","inLanguage":"es","@id":"https:\/\/www.cannabis.es\/pw\/2019\/11\/25\/un-unico-paciente-de-los-358-000-no-tratados-con-cannabis-pierde-de-media-en-calidad-de-vida-el-coste-de-una-investigacion\/#primaryimage","url":"https:\/\/www.cannabis.es\/pw\/wp-content\/uploads\/2020\/05\/ponencia-universitat-valencia.jpg","contentUrl":"https:\/\/www.cannabis.es\/pw\/wp-content\/uploads\/2020\/05\/ponencia-universitat-valencia.jpg","width":959,"height":475},{"@type":"BreadcrumbList","@id":"https:\/\/www.cannabis.es\/pw\/2019\/11\/25\/un-unico-paciente-de-los-358-000-no-tratados-con-cannabis-pierde-de-media-en-calidad-de-vida-el-coste-de-una-investigacion\/#breadcrumb","itemListElement":[{"@type":"ListItem","position":1,"name":"Portada","item":"http:\/\/www.cannabis.es\/pw\/"},{"@type":"ListItem","position":2,"name":"Un \u00fanico paciente de los 358.000 no tratados con cannabis pierde de media en calidad de vida el coste de una investigaci\u00f3n"}]},{"@type":"WebSite","@id":"https:\/\/www.cannabis.es\/pw\/#website","url":"https:\/\/www.cannabis.es\/pw\/","name":"Cannabis","description":"Portal multimedia sobre cannabis y otras sustancias","publisher":{"@id":"https:\/\/www.cannabis.es\/pw\/#organization"},"potentialAction":[{"@type":"SearchAction","target":{"@type":"EntryPoint","urlTemplate":"https:\/\/www.cannabis.es\/pw\/?s={search_term_string}"},"query-input":{"@type":"PropertyValueSpecification","valueRequired":true,"valueName":"search_term_string"}}],"inLanguage":"es"},{"@type":"Organization","@id":"https:\/\/www.cannabis.es\/pw\/#organization","name":"Cannabis.es","url":"https:\/\/www.cannabis.es\/pw\/","logo":{"@type":"ImageObject","inLanguage":"es","@id":"https:\/\/www.cannabis.es\/pw\/#\/schema\/logo\/image\/","url":"https:\/\/www.cannabis.es\/pw\/wp-content\/uploads\/2019\/04\/cropped-logo_cannabis.png","contentUrl":"https:\/\/www.cannabis.es\/pw\/wp-content\/uploads\/2019\/04\/cropped-logo_cannabis.png","width":361,"height":120,"caption":"Cannabis.es"},"image":{"@id":"https:\/\/www.cannabis.es\/pw\/#\/schema\/logo\/image\/"},"sameAs":["https:\/\/x.com\/cannabis_es"]},{"@type":"Person","@id":"https:\/\/www.cannabis.es\/pw\/#\/schema\/person\/e2fbd204580cf4fe74c79b82bc447374","name":"Cannabis.es","image":{"@type":"ImageObject","inLanguage":"es","@id":"https:\/\/www.cannabis.es\/pw\/#\/schema\/person\/image\/","url":"https:\/\/secure.gravatar.com\/avatar\/4375b1eb6e272e2e48a4b8a8def52e5f208151f555bb5906da616906ee6dd2e8?s=96&d=mm&r=g","contentUrl":"https:\/\/secure.gravatar.com\/avatar\/4375b1eb6e272e2e48a4b8a8def52e5f208151f555bb5906da616906ee6dd2e8?s=96&d=mm&r=g","caption":"Cannabis.es"},"url":"https:\/\/www.cannabis.es\/pw\/author\/cannabis\/"}]}},"_links":{"self":[{"href":"https:\/\/www.cannabis.es\/pw\/wp-json\/wp\/v2\/posts\/1620","targetHints":{"allow":["GET"]}}],"collection":[{"href":"https:\/\/www.cannabis.es\/pw\/wp-json\/wp\/v2\/posts"}],"about":[{"href":"https:\/\/www.cannabis.es\/pw\/wp-json\/wp\/v2\/types\/post"}],"author":[{"embeddable":true,"href":"https:\/\/www.cannabis.es\/pw\/wp-json\/wp\/v2\/users\/1"}],"replies":[{"embeddable":true,"href":"https:\/\/www.cannabis.es\/pw\/wp-json\/wp\/v2\/comments?post=1620"}],"version-history":[{"count":2,"href":"https:\/\/www.cannabis.es\/pw\/wp-json\/wp\/v2\/posts\/1620\/revisions"}],"predecessor-version":[{"id":4747,"href":"https:\/\/www.cannabis.es\/pw\/wp-json\/wp\/v2\/posts\/1620\/revisions\/4747"}],"wp:featuredmedia":[{"embeddable":true,"href":"https:\/\/www.cannabis.es\/pw\/wp-json\/wp\/v2\/media\/1621"}],"wp:attachment":[{"href":"https:\/\/www.cannabis.es\/pw\/wp-json\/wp\/v2\/media?parent=1620"}],"wp:term":[{"taxonomy":"category","embeddable":true,"href":"https:\/\/www.cannabis.es\/pw\/wp-json\/wp\/v2\/categories?post=1620"},{"taxonomy":"post_tag","embeddable":true,"href":"https:\/\/www.cannabis.es\/pw\/wp-json\/wp\/v2\/tags?post=1620"}],"curies":[{"name":"wp","href":"https:\/\/api.w.org\/{rel}","templated":true}]}}