{"id":1623,"date":"2019-11-27T17:52:56","date_gmt":"2019-11-27T16:52:56","guid":{"rendered":"http:\/\/www.cannabis.es\/pw\/?p=1623"},"modified":"2020-07-23T13:32:42","modified_gmt":"2020-07-23T11:32:42","slug":"ecuador-legaliza-el-cannabis-medicinal-con-un-1-de-thc-o-menos","status":"publish","type":"post","link":"https:\/\/www.cannabis.es\/pw\/2019\/11\/27\/ecuador-legaliza-el-cannabis-medicinal-con-un-1-de-thc-o-menos\/","title":{"rendered":"Ecuador legaliza el cannabis medicinal con un 1% de THC o menos"},"content":{"rendered":"\n<p>Benito D\u00edaz<\/p>\n\n\n\n<p>La Asamblea Nacional de Ecuador, tras una votaci\u00f3n de 83 contra 23, acept\u00f3 reformar su C\u00f3digo Org\u00e1nico Integral Penal para acoger el cannabis terap\u00e9utico. El pasado septiembre, el legislativo admiti\u00f3 la producci\u00f3n, comercializaci\u00f3n, distribuci\u00f3n, uso y consumo de marihuana, dentro del orden indicado para una sustancia medicinal en su uso occidental, los medicamentos, pero tambi\u00e9n en su uso ancestral y alternativo de la planta, que implica el&nbsp;<strong>autocultivo&nbsp;<\/strong>y<strong>&nbsp;democratiza el acceso<\/strong>, demasiado caro en el caso de los f\u00e1rmacos.<\/p>\n\n\n\n<hr class=\"wp-block-separator\"\/>\n\n\n\n<p>En Ecuador, la ley contemplaba la posesi\u00f3n de hasta 10 gramos para consumo personal, mientras que la venta de cannabis est\u00e1 prohibida. Pero la legalizaci\u00f3n del autocultivo viene acompa\u00f1ada de la&nbsp;<strong>despenalizaci\u00f3n total de la posesi\u00f3n<\/strong>&nbsp;de flores y derivados cann\u00e1bicos, siempre en el caso de tener el debido&nbsp;<strong>permiso que otorgar\u00e1 el personal m\u00e9dico<\/strong>.&nbsp;Tambi\u00e9n el cultivo asociado bajo licencia de producci\u00f3n, como para las empresas, disipando los temores del movimiento civil. Eso s\u00ed,&nbsp;<strong>solo un 1% de THC&nbsp;<\/strong>para las variedades.<\/p>\n\n\n\n<p>Antes de la reforma, el c\u00f3digo sancionaba con penas de c\u00e1rcel que variaban entre siete y diez a\u00f1os a aquellos que produjeran o manipulasen el cannabis. Con la reforma aprobada, esta prohibici\u00f3n queda eliminada, a menos que el presidente, Lenin Moreno, llegue a vetarla dentro del plazo estimado. Ahora, la pena por cultivar de forma ilegal, sin credenciales de uso medicinal, pasa a ser de uno a tres a\u00f1os.<\/p>\n\n\n\n<p>El ejemplo dado por otros pa\u00edses latinoamericanos&nbsp;<a href=\"http:\/\/www.cannabis.es\/pw\/2018\/11\/12\/mama-cultiva-esperanza-medicinal-para-chile-y-argentina\/\">como Chile,<\/a>&nbsp;Colombia&nbsp;<a href=\"http:\/\/www.cannabis.es\/pw\/2019\/11\/20\/prorroga-a-la-regulacion-integral-en-mexico\/\">o M\u00e9xico<\/a>, enfrenta ahora nuevos objetivos en el pa\u00eds amaz\u00f3nico, como los retos planteados por la log\u00edstica y la legislaci\u00f3n necesaria para amparar a los enfermos que necesiten estas medicinas.<\/p>\n\n\n\n<p>Voces de alegr\u00eda se elevan desde el \u00e1mbito del activismo, celebrando la medida. Por ejemplo, el abogado Silverio Rodr\u00edguez asegura que esta medida es necesaria para luchar contra el narcotr\u00e1fico en Ecuador:&nbsp;<em>\u201c<\/em><em>En Am\u00e9rica Latina, al menos siete pa\u00edses han aprobado la marihuana con fines medicinales, y solo uno, Uruguay, legaliz\u00f3 su consumo con fines recreativos, convirti\u00e9ndose en el primer pa\u00eds del mundo en hacerlo<\/em><em>\u201d.<\/em>&nbsp;Rodr\u00edguez afirma que la regularizaci\u00f3n en aquel pa\u00eds ha servido para arrancar importantes parcelas de poder a los C\u00e1rteles de la Droga y que se debe imponer un registro riguroso para controlar el consumo.<\/p>\n\n\n\n<h3 class=\"wp-block-heading\"><strong>La Autoridad Sanitaria Nacional<\/strong><\/h3>\n\n\n\n<p>Considerar el cannabis como terapia implica incluir al sistema p\u00fablico de salud para su control y distribuci\u00f3n. En el caso de Ecuador, ser\u00e1 su Autoridad Sanitaria Nacional (ASN) qui\u00e9n otorgar\u00e1 las licencias para la producci\u00f3n, procesamiento, almacenamiento y dispensaci\u00f3n, empleando un sistema similar al de Uruguay.<\/p>\n\n\n\n<p>Las<strong>&nbsp;licencias<\/strong>&nbsp;durar\u00e1n cinco a\u00f1os y para conseguirlas ser\u00e1 necesario ser una persona jur\u00eddica, cooperativa u asociaci\u00f3n cuyo fin sea la producci\u00f3n medicinal. Tambi\u00e9n ser\u00e1 necesaria la presentaci\u00f3n de un proyecto que especifique todo tipo de detalles, como el tipo de semilla, con&nbsp;<strong>no m\u00e1s del 1% de THC<\/strong>; as\u00ed como la cantidad de plantas, productos obtenidos, descripci\u00f3n de la l\u00ednea productiva, etc., que pueda necesitar la ASN.<\/p>\n\n\n\n<p>Los protocolos de seguridad y control externo e interno deber\u00e1n ser aprobados por el Ministerio de Gobierno y Orden P\u00fablico. La Autoridad Agraria Nacional se encargar\u00e1 de los controles en cultivos, precisamente en el control de ese 1% de THC. Por \u00faltimo, el Plan de Tratamiento de desechos deber\u00e1 ser aprobado por los Gobiernos municipales y la Autoridad Ambiental Nacional.<\/p>\n\n\n\n<h3 class=\"wp-block-heading\"><strong>Sociedad Ecuatoriana<\/strong><\/h3>\n\n\n\n<p>\u201c<em>A\u00fan no usamos el&nbsp;cannabis como medicina. Se est\u00e1 tratando de legislar el uso de mol\u00e9culas derivadas como el Cannabidiol (CBD). No se prescribe ni la planta, ni cigarrillos\u201d,<\/em>&nbsp;explica Ernesto Carrasco, Presidente de la Asociaci\u00f3n M\u00e9dica Ecuatoriana.&nbsp;<em>\u201cEste compuesto favorece a las personas que presentan cuadros neurol\u00f3gicos como epilepsia, Alzheimer, Parkinson,&nbsp;<a href=\"http:\/\/www.cannabis.es\/pw\/2019\/03\/11\/cannabis-medicinal-en-el-control-del-dolor-cronico\/\">pacientes con dolores<\/a>&nbsp;derivados de tratamientos oncol\u00f3gicos, etc\u201d,<\/em>&nbsp;revela Carrasco en declaraciones al medio El Tel\u00e9grafo. No en vano, existe una&nbsp;<a href=\"https:\/\/www.defensoria.gob.ec\/?page_id=676\">Liga de Familias por el Cannabis Medicinal<\/a>&nbsp;en Ecuador, que reivindica el uso de estas terapias para aliviar a sus enfermos.<\/p>\n\n\n\n<p>La oportunidad de negocio que significa el cannabis regulado tampoco ha pasado desapercibida para el sector industrial ecuatoriano. Como cuenta en declaraciones Santiago Trejo, consultor de Asuntos Regulatorios para Industrias Sensibles,&nbsp;<em>\u201c<\/em><em>la cadena de valor del c\u00e1\u00f1amo es extensa, tiene m\u00e1s de 50 mil productos. Este cultivo sirve para la reconversi\u00f3n de muchas plantaciones como son el cultivo de bananas o de flores, dando lugar a cosechas especializadas m\u00e1s extensas. Sin embargo, a la industria a\u00fan le quedan las tareas de desarrollarse y aprender para aprovechar todos los elementos de la planta\u201d<\/em><em>.<\/em><\/p>\n\n\n\n<p>En el \u00e1mbito del activismo, se felicitan por el paso dado, pero instan al gobierno a \u201cconverger en una agenda que permita regularizar y normalizar nuestras actividades relacionadas con el&nbsp;cannabis\u201d.&nbsp;Se trata, dice el comunicado de la<a href=\"http:\/\/ecuadorcannabico.blogspot.com\/\">&nbsp;plataforma Ecuador Cann\u00e1bico<\/a>, de una victoria para todo el movimiento frente a los intereses de empresas transnacionales que plantean que la \u00fanica forma de aprovisionamiento de la planta es la importaci\u00f3n.<\/p>\n\n\n\n<p>El comunicado a\u00f1ade la&nbsp;<strong>necesidad de salvaguardar el autocultivo frente a los intereses regulatorios de grandes empresas y&nbsp;<\/strong><strong>valora como victoria<\/strong><strong>&nbsp;la reforma del C\u00f3digo<\/strong><strong>,&nbsp;<\/strong><strong>pese a que reclama al movimiento seguir luchando por el resto de derechos<\/strong>.<\/p>\n","protected":false},"excerpt":{"rendered":"<span class=\"span-reading-time rt-reading-time\" style=\"display: block;\"><span class=\"rt-label rt-prefix\">Tiempo de lectura:<\/span> <span class=\"rt-time\"> 3<\/span> <span class=\"rt-label rt-postfix\">minutos<\/span><\/span>Benito D\u00edaz La Asamblea Nacional de Ecuador, tras una votaci\u00f3n de 83 contra 23, acept\u00f3 reformar su C\u00f3digo Org\u00e1nico Integral Penal para acoger el cannabis terap\u00e9utico. El pasado septiembre, el legislativo admiti\u00f3 la producci\u00f3n, comercializaci\u00f3n, distribuci\u00f3n, uso y consumo de marihuana, dentro del orden indicado para una sustancia medicinal en su uso occidental, los medicamentos, [&hellip;]","protected":false},"author":1,"featured_media":1624,"comment_status":"closed","ping_status":"closed","sticky":false,"template":"","format":"standard","meta":{"loftocean-featured-post":"","loftocean_post_format_gallery":"","loftocean_post_format_gallery_ids":"","loftocean_post_format_gallery_urls":"","loftocean_post_format_video_id":"","loftocean_post_format_video_url":"","loftocean_post_format_video_type":"","loftocean_post_format_video":"","loftocean_post_format_audio_type":"","loftocean_post_format_audio_url":"","loftocean_post_format_audio_id":"","loftocean_post_format_audio":"","loftocean_post_format_quote_text":"","loftocean_post_format_quote_byline":"","loftocean_post_format_link_text":"","loftocean_post_format_link_url":"","ceramag_post_header_style":"","ceramag_enable_background_video":"","ceramag_show_in_top_slider":"","ceramag_post_background_video_start":"","ceramag_post_background_video_end":"","loftocean_page_background_video_id":"","loftocean_page_background_video_url":"","loftocean_page_background_video_type":"","loftocean_page_background_video":"","ceramag_background_video_start":"","ceramag_background_video_end":"","ceramag_single_page_hide_header":"","footnotes":""},"categories":[35],"tags":[66,43,52,54],"class_list":["post-1623","post","type-post","status-publish","format-standard","has-post-thumbnail","hentry","category-politica-y-sociedad","tag-autocultivo","tag-benito-diaz","tag-cannabis-medicinal","tag-legalizacion"],"yoast_head":"<!-- This site is optimized with the Yoast SEO plugin v24.9 - https:\/\/yoast.com\/wordpress\/plugins\/seo\/ -->\n<title>Ecuador legaliza el cannabis medicinal con un 1% de THC o menos<\/title>\n<meta name=\"description\" content=\"Entrada &#8226; Portal multimedia sobre cannabis y otras sustancias &#8226; 27 noviembre, 2019\" \/>\n<meta name=\"robots\" content=\"index, follow, max-snippet:-1, max-image-preview:large, max-video-preview:-1\" \/>\n<link rel=\"canonical\" href=\"https:\/\/www.cannabis.es\/pw\/2019\/11\/27\/ecuador-legaliza-el-cannabis-medicinal-con-un-1-de-thc-o-menos\/\" \/>\n<meta name=\"twitter:card\" content=\"summary_large_image\" \/>\n<meta name=\"twitter:title\" content=\"Ecuador legaliza el cannabis medicinal con un 1% de THC o menos\" \/>\n<meta name=\"twitter:description\" content=\"Entrada &#8226; Portal multimedia sobre cannabis y otras sustancias &#8226; 27 noviembre, 2019\" \/>\n<meta name=\"twitter:image\" content=\"https:\/\/www.cannabis.es\/pw\/wp-content\/uploads\/2020\/05\/ecuador.jpg\" \/>\n<meta name=\"twitter:creator\" content=\"@cannabis_es\" \/>\n<meta name=\"twitter:site\" content=\"@cannabis_es\" \/>\n<meta name=\"twitter:label1\" content=\"Escrito por\" \/>\n\t<meta name=\"twitter:data1\" content=\"Cannabis.es\" \/>\n\t<meta name=\"twitter:label2\" content=\"Tiempo de lectura\" \/>\n\t<meta name=\"twitter:data2\" content=\"5 minutos\" \/>\n<script type=\"application\/ld+json\" class=\"yoast-schema-graph\">{\"@context\":\"https:\/\/schema.org\",\"@graph\":[{\"@type\":\"Article\",\"@id\":\"https:\/\/www.cannabis.es\/pw\/2019\/11\/27\/ecuador-legaliza-el-cannabis-medicinal-con-un-1-de-thc-o-menos\/#article\",\"isPartOf\":{\"@id\":\"https:\/\/www.cannabis.es\/pw\/2019\/11\/27\/ecuador-legaliza-el-cannabis-medicinal-con-un-1-de-thc-o-menos\/\"},\"author\":{\"name\":\"Cannabis.es\",\"@id\":\"https:\/\/www.cannabis.es\/pw\/#\/schema\/person\/e2fbd204580cf4fe74c79b82bc447374\"},\"headline\":\"Ecuador legaliza el cannabis medicinal con un 1% de THC o menos\",\"datePublished\":\"2019-11-27T16:52:56+00:00\",\"dateModified\":\"2020-07-23T11:32:42+00:00\",\"mainEntityOfPage\":{\"@id\":\"https:\/\/www.cannabis.es\/pw\/2019\/11\/27\/ecuador-legaliza-el-cannabis-medicinal-con-un-1-de-thc-o-menos\/\"},\"wordCount\":957,\"publisher\":{\"@id\":\"https:\/\/www.cannabis.es\/pw\/#organization\"},\"image\":{\"@id\":\"https:\/\/www.cannabis.es\/pw\/2019\/11\/27\/ecuador-legaliza-el-cannabis-medicinal-con-un-1-de-thc-o-menos\/#primaryimage\"},\"thumbnailUrl\":\"https:\/\/www.cannabis.es\/pw\/wp-content\/uploads\/2020\/05\/ecuador.jpg\",\"keywords\":[\"autocultivo\",\"Benito D\u00edaz\",\"cannabis medicinal\",\"legalizaci\u00f3n\"],\"articleSection\":[\"Pol\u00edtica y Sociedad\"],\"inLanguage\":\"es\"},{\"@type\":\"WebPage\",\"@id\":\"https:\/\/www.cannabis.es\/pw\/2019\/11\/27\/ecuador-legaliza-el-cannabis-medicinal-con-un-1-de-thc-o-menos\/\",\"url\":\"https:\/\/www.cannabis.es\/pw\/2019\/11\/27\/ecuador-legaliza-el-cannabis-medicinal-con-un-1-de-thc-o-menos\/\",\"name\":\"Ecuador legaliza el cannabis medicinal con un 1% de THC o menos\",\"isPartOf\":{\"@id\":\"https:\/\/www.cannabis.es\/pw\/#website\"},\"primaryImageOfPage\":{\"@id\":\"https:\/\/www.cannabis.es\/pw\/2019\/11\/27\/ecuador-legaliza-el-cannabis-medicinal-con-un-1-de-thc-o-menos\/#primaryimage\"},\"image\":{\"@id\":\"https:\/\/www.cannabis.es\/pw\/2019\/11\/27\/ecuador-legaliza-el-cannabis-medicinal-con-un-1-de-thc-o-menos\/#primaryimage\"},\"thumbnailUrl\":\"https:\/\/www.cannabis.es\/pw\/wp-content\/uploads\/2020\/05\/ecuador.jpg\",\"datePublished\":\"2019-11-27T16:52:56+00:00\",\"dateModified\":\"2020-07-23T11:32:42+00:00\",\"description\":\"Entrada &#8226; Portal multimedia sobre cannabis y otras sustancias &#8226; 27 noviembre, 2019\",\"breadcrumb\":{\"@id\":\"https:\/\/www.cannabis.es\/pw\/2019\/11\/27\/ecuador-legaliza-el-cannabis-medicinal-con-un-1-de-thc-o-menos\/#breadcrumb\"},\"inLanguage\":\"es\",\"potentialAction\":[{\"@type\":\"ReadAction\",\"target\":[\"https:\/\/www.cannabis.es\/pw\/2019\/11\/27\/ecuador-legaliza-el-cannabis-medicinal-con-un-1-de-thc-o-menos\/\"]}]},{\"@type\":\"ImageObject\",\"inLanguage\":\"es\",\"@id\":\"https:\/\/www.cannabis.es\/pw\/2019\/11\/27\/ecuador-legaliza-el-cannabis-medicinal-con-un-1-de-thc-o-menos\/#primaryimage\",\"url\":\"https:\/\/www.cannabis.es\/pw\/wp-content\/uploads\/2020\/05\/ecuador.jpg\",\"contentUrl\":\"https:\/\/www.cannabis.es\/pw\/wp-content\/uploads\/2020\/05\/ecuador.jpg\",\"width\":959,\"height\":475},{\"@type\":\"BreadcrumbList\",\"@id\":\"https:\/\/www.cannabis.es\/pw\/2019\/11\/27\/ecuador-legaliza-el-cannabis-medicinal-con-un-1-de-thc-o-menos\/#breadcrumb\",\"itemListElement\":[{\"@type\":\"ListItem\",\"position\":1,\"name\":\"Portada\",\"item\":\"http:\/\/www.cannabis.es\/pw\/\"},{\"@type\":\"ListItem\",\"position\":2,\"name\":\"Ecuador legaliza el cannabis medicinal con un 1% de THC o menos\"}]},{\"@type\":\"WebSite\",\"@id\":\"https:\/\/www.cannabis.es\/pw\/#website\",\"url\":\"https:\/\/www.cannabis.es\/pw\/\",\"name\":\"Cannabis\",\"description\":\"Portal multimedia sobre cannabis y otras sustancias\",\"publisher\":{\"@id\":\"https:\/\/www.cannabis.es\/pw\/#organization\"},\"potentialAction\":[{\"@type\":\"SearchAction\",\"target\":{\"@type\":\"EntryPoint\",\"urlTemplate\":\"https:\/\/www.cannabis.es\/pw\/?s={search_term_string}\"},\"query-input\":{\"@type\":\"PropertyValueSpecification\",\"valueRequired\":true,\"valueName\":\"search_term_string\"}}],\"inLanguage\":\"es\"},{\"@type\":\"Organization\",\"@id\":\"https:\/\/www.cannabis.es\/pw\/#organization\",\"name\":\"Cannabis.es\",\"url\":\"https:\/\/www.cannabis.es\/pw\/\",\"logo\":{\"@type\":\"ImageObject\",\"inLanguage\":\"es\",\"@id\":\"https:\/\/www.cannabis.es\/pw\/#\/schema\/logo\/image\/\",\"url\":\"https:\/\/www.cannabis.es\/pw\/wp-content\/uploads\/2019\/04\/cropped-logo_cannabis.png\",\"contentUrl\":\"https:\/\/www.cannabis.es\/pw\/wp-content\/uploads\/2019\/04\/cropped-logo_cannabis.png\",\"width\":361,\"height\":120,\"caption\":\"Cannabis.es\"},\"image\":{\"@id\":\"https:\/\/www.cannabis.es\/pw\/#\/schema\/logo\/image\/\"},\"sameAs\":[\"https:\/\/x.com\/cannabis_es\"]},{\"@type\":\"Person\",\"@id\":\"https:\/\/www.cannabis.es\/pw\/#\/schema\/person\/e2fbd204580cf4fe74c79b82bc447374\",\"name\":\"Cannabis.es\",\"image\":{\"@type\":\"ImageObject\",\"inLanguage\":\"es\",\"@id\":\"https:\/\/www.cannabis.es\/pw\/#\/schema\/person\/image\/\",\"url\":\"https:\/\/secure.gravatar.com\/avatar\/4375b1eb6e272e2e48a4b8a8def52e5f208151f555bb5906da616906ee6dd2e8?s=96&d=mm&r=g\",\"contentUrl\":\"https:\/\/secure.gravatar.com\/avatar\/4375b1eb6e272e2e48a4b8a8def52e5f208151f555bb5906da616906ee6dd2e8?s=96&d=mm&r=g\",\"caption\":\"Cannabis.es\"},\"url\":\"https:\/\/www.cannabis.es\/pw\/author\/cannabis\/\"}]}<\/script>\n<!-- \/ Yoast SEO plugin. -->","yoast_head_json":{"title":"Ecuador legaliza el cannabis medicinal con un 1% de THC o menos","description":"Entrada &#8226; Portal multimedia sobre cannabis y otras sustancias &#8226; 27 noviembre, 2019","robots":{"index":"index","follow":"follow","max-snippet":"max-snippet:-1","max-image-preview":"max-image-preview:large","max-video-preview":"max-video-preview:-1"},"canonical":"https:\/\/www.cannabis.es\/pw\/2019\/11\/27\/ecuador-legaliza-el-cannabis-medicinal-con-un-1-de-thc-o-menos\/","twitter_card":"summary_large_image","twitter_title":"Ecuador legaliza el cannabis medicinal con un 1% de THC o menos","twitter_description":"Entrada &#8226; Portal multimedia sobre cannabis y otras sustancias &#8226; 27 noviembre, 2019","twitter_image":"https:\/\/www.cannabis.es\/pw\/wp-content\/uploads\/2020\/05\/ecuador.jpg","twitter_creator":"@cannabis_es","twitter_site":"@cannabis_es","twitter_misc":{"Escrito por":"Cannabis.es","Tiempo de lectura":"5 minutos"},"schema":{"@context":"https:\/\/schema.org","@graph":[{"@type":"Article","@id":"https:\/\/www.cannabis.es\/pw\/2019\/11\/27\/ecuador-legaliza-el-cannabis-medicinal-con-un-1-de-thc-o-menos\/#article","isPartOf":{"@id":"https:\/\/www.cannabis.es\/pw\/2019\/11\/27\/ecuador-legaliza-el-cannabis-medicinal-con-un-1-de-thc-o-menos\/"},"author":{"name":"Cannabis.es","@id":"https:\/\/www.cannabis.es\/pw\/#\/schema\/person\/e2fbd204580cf4fe74c79b82bc447374"},"headline":"Ecuador legaliza el cannabis medicinal con un 1% de THC o menos","datePublished":"2019-11-27T16:52:56+00:00","dateModified":"2020-07-23T11:32:42+00:00","mainEntityOfPage":{"@id":"https:\/\/www.cannabis.es\/pw\/2019\/11\/27\/ecuador-legaliza-el-cannabis-medicinal-con-un-1-de-thc-o-menos\/"},"wordCount":957,"publisher":{"@id":"https:\/\/www.cannabis.es\/pw\/#organization"},"image":{"@id":"https:\/\/www.cannabis.es\/pw\/2019\/11\/27\/ecuador-legaliza-el-cannabis-medicinal-con-un-1-de-thc-o-menos\/#primaryimage"},"thumbnailUrl":"https:\/\/www.cannabis.es\/pw\/wp-content\/uploads\/2020\/05\/ecuador.jpg","keywords":["autocultivo","Benito D\u00edaz","cannabis medicinal","legalizaci\u00f3n"],"articleSection":["Pol\u00edtica y Sociedad"],"inLanguage":"es"},{"@type":"WebPage","@id":"https:\/\/www.cannabis.es\/pw\/2019\/11\/27\/ecuador-legaliza-el-cannabis-medicinal-con-un-1-de-thc-o-menos\/","url":"https:\/\/www.cannabis.es\/pw\/2019\/11\/27\/ecuador-legaliza-el-cannabis-medicinal-con-un-1-de-thc-o-menos\/","name":"Ecuador legaliza el cannabis medicinal con un 1% de THC o menos","isPartOf":{"@id":"https:\/\/www.cannabis.es\/pw\/#website"},"primaryImageOfPage":{"@id":"https:\/\/www.cannabis.es\/pw\/2019\/11\/27\/ecuador-legaliza-el-cannabis-medicinal-con-un-1-de-thc-o-menos\/#primaryimage"},"image":{"@id":"https:\/\/www.cannabis.es\/pw\/2019\/11\/27\/ecuador-legaliza-el-cannabis-medicinal-con-un-1-de-thc-o-menos\/#primaryimage"},"thumbnailUrl":"https:\/\/www.cannabis.es\/pw\/wp-content\/uploads\/2020\/05\/ecuador.jpg","datePublished":"2019-11-27T16:52:56+00:00","dateModified":"2020-07-23T11:32:42+00:00","description":"Entrada &#8226; Portal multimedia sobre cannabis y otras sustancias &#8226; 27 noviembre, 2019","breadcrumb":{"@id":"https:\/\/www.cannabis.es\/pw\/2019\/11\/27\/ecuador-legaliza-el-cannabis-medicinal-con-un-1-de-thc-o-menos\/#breadcrumb"},"inLanguage":"es","potentialAction":[{"@type":"ReadAction","target":["https:\/\/www.cannabis.es\/pw\/2019\/11\/27\/ecuador-legaliza-el-cannabis-medicinal-con-un-1-de-thc-o-menos\/"]}]},{"@type":"ImageObject","inLanguage":"es","@id":"https:\/\/www.cannabis.es\/pw\/2019\/11\/27\/ecuador-legaliza-el-cannabis-medicinal-con-un-1-de-thc-o-menos\/#primaryimage","url":"https:\/\/www.cannabis.es\/pw\/wp-content\/uploads\/2020\/05\/ecuador.jpg","contentUrl":"https:\/\/www.cannabis.es\/pw\/wp-content\/uploads\/2020\/05\/ecuador.jpg","width":959,"height":475},{"@type":"BreadcrumbList","@id":"https:\/\/www.cannabis.es\/pw\/2019\/11\/27\/ecuador-legaliza-el-cannabis-medicinal-con-un-1-de-thc-o-menos\/#breadcrumb","itemListElement":[{"@type":"ListItem","position":1,"name":"Portada","item":"http:\/\/www.cannabis.es\/pw\/"},{"@type":"ListItem","position":2,"name":"Ecuador legaliza el cannabis medicinal con un 1% de THC o menos"}]},{"@type":"WebSite","@id":"https:\/\/www.cannabis.es\/pw\/#website","url":"https:\/\/www.cannabis.es\/pw\/","name":"Cannabis","description":"Portal multimedia sobre cannabis y otras sustancias","publisher":{"@id":"https:\/\/www.cannabis.es\/pw\/#organization"},"potentialAction":[{"@type":"SearchAction","target":{"@type":"EntryPoint","urlTemplate":"https:\/\/www.cannabis.es\/pw\/?s={search_term_string}"},"query-input":{"@type":"PropertyValueSpecification","valueRequired":true,"valueName":"search_term_string"}}],"inLanguage":"es"},{"@type":"Organization","@id":"https:\/\/www.cannabis.es\/pw\/#organization","name":"Cannabis.es","url":"https:\/\/www.cannabis.es\/pw\/","logo":{"@type":"ImageObject","inLanguage":"es","@id":"https:\/\/www.cannabis.es\/pw\/#\/schema\/logo\/image\/","url":"https:\/\/www.cannabis.es\/pw\/wp-content\/uploads\/2019\/04\/cropped-logo_cannabis.png","contentUrl":"https:\/\/www.cannabis.es\/pw\/wp-content\/uploads\/2019\/04\/cropped-logo_cannabis.png","width":361,"height":120,"caption":"Cannabis.es"},"image":{"@id":"https:\/\/www.cannabis.es\/pw\/#\/schema\/logo\/image\/"},"sameAs":["https:\/\/x.com\/cannabis_es"]},{"@type":"Person","@id":"https:\/\/www.cannabis.es\/pw\/#\/schema\/person\/e2fbd204580cf4fe74c79b82bc447374","name":"Cannabis.es","image":{"@type":"ImageObject","inLanguage":"es","@id":"https:\/\/www.cannabis.es\/pw\/#\/schema\/person\/image\/","url":"https:\/\/secure.gravatar.com\/avatar\/4375b1eb6e272e2e48a4b8a8def52e5f208151f555bb5906da616906ee6dd2e8?s=96&d=mm&r=g","contentUrl":"https:\/\/secure.gravatar.com\/avatar\/4375b1eb6e272e2e48a4b8a8def52e5f208151f555bb5906da616906ee6dd2e8?s=96&d=mm&r=g","caption":"Cannabis.es"},"url":"https:\/\/www.cannabis.es\/pw\/author\/cannabis\/"}]}},"_links":{"self":[{"href":"https:\/\/www.cannabis.es\/pw\/wp-json\/wp\/v2\/posts\/1623","targetHints":{"allow":["GET"]}}],"collection":[{"href":"https:\/\/www.cannabis.es\/pw\/wp-json\/wp\/v2\/posts"}],"about":[{"href":"https:\/\/www.cannabis.es\/pw\/wp-json\/wp\/v2\/types\/post"}],"author":[{"embeddable":true,"href":"https:\/\/www.cannabis.es\/pw\/wp-json\/wp\/v2\/users\/1"}],"replies":[{"embeddable":true,"href":"https:\/\/www.cannabis.es\/pw\/wp-json\/wp\/v2\/comments?post=1623"}],"version-history":[{"count":3,"href":"https:\/\/www.cannabis.es\/pw\/wp-json\/wp\/v2\/posts\/1623\/revisions"}],"predecessor-version":[{"id":5900,"href":"https:\/\/www.cannabis.es\/pw\/wp-json\/wp\/v2\/posts\/1623\/revisions\/5900"}],"wp:featuredmedia":[{"embeddable":true,"href":"https:\/\/www.cannabis.es\/pw\/wp-json\/wp\/v2\/media\/1624"}],"wp:attachment":[{"href":"https:\/\/www.cannabis.es\/pw\/wp-json\/wp\/v2\/media?parent=1623"}],"wp:term":[{"taxonomy":"category","embeddable":true,"href":"https:\/\/www.cannabis.es\/pw\/wp-json\/wp\/v2\/categories?post=1623"},{"taxonomy":"post_tag","embeddable":true,"href":"https:\/\/www.cannabis.es\/pw\/wp-json\/wp\/v2\/tags?post=1623"}],"curies":[{"name":"wp","href":"https:\/\/api.w.org\/{rel}","templated":true}]}}