{"id":1660,"date":"2019-12-27T11:22:43","date_gmt":"2019-12-27T10:22:43","guid":{"rendered":"http:\/\/www.cannabis.es\/pw\/?p=1660"},"modified":"2020-07-23T13:30:13","modified_gmt":"2020-07-23T11:30:13","slug":"condenan-a-9-meses-y-10-000-euros-a-la-abuela-marihuana","status":"publish","type":"post","link":"https:\/\/www.cannabis.es\/pw\/2019\/12\/27\/condenan-a-9-meses-y-10-000-euros-a-la-abuela-marihuana\/","title":{"rendered":"Condenan a 9 meses y 10.000 euros a la Abuela Marihuana"},"content":{"rendered":"\n<p>Benito D\u00edaz<\/p>\n\n\n\n<p>La sentencia, conocida el 16 de diciembre, condena a&nbsp;<a href=\"http:\/\/www.cannabis.es\/pw\/2019\/05\/24\/conoce-a-nuestra-veterana-activista-enjuiciada-la-feminista-cannabica-fernanda-de-la-figuera\/\">Fernanda de la Figuera, la Abuela Marihuana<\/a>, a una pena de 9 meses de prisi\u00f3n por un delito contra la Salud P\u00fablica y tr\u00e1fico de drogas. El rodillo judicial tambi\u00e9n abarca a los socios representantes de su asociaci\u00f3n cann\u00e1bica, Mar\u00edas x Mar\u00eda, condenados a 7 meses. A las condenas se suman la inhabilitaci\u00f3n para ejercer cargos p\u00fablicos y multas de 400 euros en el caso de los socios y de 10.000 euros en el caso de Fernanda.<\/p>\n\n\n\n<hr class=\"wp-block-separator\"\/>\n\n\n\n<p>El activismo se hab\u00eda volcado en defender a una mujer que lleva m\u00e1s de media vida dedicada a proteger el derecho a cultivar y consumir cannabis de forma legal. Una marcha convocada por m\u00e1s de 70 asociaciones la arrop\u00f3<a href=\"http:\/\/www.cannabis.es\/pw\/2019\/11\/04\/fernanda-de-la-figuera-espera-la-sentencia-tras-el-juicio-por-cultivo-compartido\/\">&nbsp;el pasado octubre cuando tuvo lugar el juicio en M\u00e1laga<\/a>.<\/p>\n\n\n\n<p>Organizaciones como&nbsp;<a href=\"https:\/\/twitter.com\/ObsCannabis\">la OECCC<\/a>&nbsp;y&nbsp;<a href=\"https:\/\/twitter.com\/AndaluciaArseca\">ARSECA<\/a>,&nbsp;respaldados&nbsp;por la&nbsp;<a href=\"https:\/\/twitter.com\/FederacionFAC\">CONFAC,<\/a>&nbsp;han apoyado siempre a Fernanda y a sus socios en este largo periplo judicial que comenzaba en 2014, cuando la polic\u00eda efectu\u00f3 un registro en la propiedad de Fernanda. Mediante enga\u00f1os, los agentes mintieron para acceder a la propiedad,&nbsp;y tambi\u00e9n actuaron&nbsp;violentamente en una escena&nbsp;que la propia Fernanda compar\u00f3 durante el juicio con&nbsp;<em>\u201clos Guerrilleros de Cristo Rey entrando al caf<\/em><em>\u00e9<\/em><em>&nbsp;Gij<\/em><em>\u00f3<\/em><em>n en los a\u00f1os 70\u201d<\/em>.<\/p>\n\n\n\n<p>Fernanda de la Figuera, activista de 76 a\u00f1os y cuyo estado de salud se encuentra comprometido, ya hab\u00eda sido absuelta por cargos similares en dos ocasiones. Su fe en en la libertad del cannabis y su militancia feminista le llev\u00f3 a crear la asociaci\u00f3n Mar\u00edas x Mar\u00eda en 2010. En ella, mujeres con problemas ten\u00edan la posibilidad de acceder al cannabis medicinal sin ponerse en peligro.&nbsp;<em>\u201cUn hombre sale a la calle y enseguida encuentra un dealer, pero las mujeres lo tienen m\u00e1s complicado. Les ense\u00f1o a cultivar, a aprovechar las bondades de la planta para sus problemas femeninos, como los dolores menstruales, molestias del embarazo\u2026&nbsp;<\/em><em>Es una medicina natural, se usaba para lo mismo hace 5.000 a\u00f1os, no vamos a descubrir nada nuevo\u201d<\/em><em>.<\/em><\/p>\n\n\n\n<h3 class=\"wp-block-heading\"><strong>Fallo del tribunal<\/strong><\/h3>\n\n\n\n<p>La sentencia obedece a la aplicaci\u00f3n del art\u00edculo 368 CP que establece:&nbsp;<em>\u201c<\/em><em>l<\/em><em>os que ejecuten actos de cultivo, elaboraci\u00f3n o tr\u00e1fico, o de otro modo promuevan, favorezcan o faciliten el consumo ilegal de drogas [\u2026] o las posean con aquellos fines, ser\u00e1n castigados con las penas de prisi\u00f3n de tres a seis a\u00f1os y multa del tanto al triplo del valor de la droga objeto del delito si se tratare de sustancias o productos que causen grave da\u00f1o a la salud, y de prisi\u00f3n de uno a tres a\u00f1os y multa del tanto al duplo en los dem\u00e1s casos.\u201d&nbsp;<\/em>A continuaci\u00f3n,&nbsp;<strong>expone la potestad del tribunal para acordar una pena inferior en virtud de<\/strong><em><strong>&nbsp;\u201chechos de escasa entidad\u201d&nbsp;<\/strong><\/em><strong>o&nbsp;<\/strong><em><strong>\u201ccircunstancias personales del acusado\u201d<\/strong><\/em><em>,&nbsp;<\/em>como son los casos de Fernanda, el secretario y el tesorero de MxM.<\/p>\n\n\n\n<p>El tribunal tambi\u00e9n considera probatorio el que&nbsp;<em>\u201cla asociaci\u00f3n Mar\u00edas por Mar\u00eda [\u2026] han desarrollado en la pr\u00e1ctica, acciones y conductas que s\u00ed han favorecido el consumo de la&nbsp;<\/em><em>m<\/em><em>arihuana, por cuanto que, el&nbsp;<\/em><em><strong>n\u00famero de socios es muy elevado (200)<\/strong><\/em><em>,&nbsp;<\/em><em><strong>no se acredita ni controla que los socios registrados fueran consumidores habituales de la droga, adictos o drogadictos, no se han adoptado medidas de control y de vigilancia para garantizar que la droga que se cultivaba en la finca que posteriormente se distribu\u00eda en el local, que el consumo se realizara de forma inmediata en dicho lugar,<\/strong><\/em><em><strong>en la dosis m\u00ednima y de consumo inmediato, no existiendo control exhaustivo de la cantidad de droga que cada socio adquir\u00eda, ni existiendo supervisi\u00f3n de la persona que lo adquir\u00eda. Tampoco se ha evitado que la droga pudiera llegar a manos de terceras personas desconocidas y ajenas a la asociaci\u00f3n\u201d.<\/strong><\/em><\/p>\n\n\n\n<p>Otra parte del pliego se refiere concretamente al control que, a raz\u00f3n del juez, deben ejercer las asociaciones ante sus socios. As\u00ed,&nbsp;<em>\u201cla acusada Mar\u00eda Fernanda, afirm\u00f3 en el juicio oral que las directrices que se impart\u00edan a los socios eran que&nbsp;<\/em><em><strong>el consumo de la droga deb\u00eda ser realizada en el interior del local<\/strong><\/em><em>, si bien reconoc\u00eda que no exist\u00eda ning\u00fan tipo de control de que esto realmente fuera as\u00ed, dado que no eran polic\u00edas ni vigilantes, ni pod\u00edan impedir que los adquirientes de la droga salieran del local con ella, que no se pod\u00eda cachear a los socios, y que no puede descartar que alg\u00fan socio sacara cogollos del local, por ello [\u2026]&nbsp;<\/em><em>No basta con la mera menci\u00f3n de una directriz gen\u00e9rica a los socios de que deben consumir en el local o una referencia a que se le dec\u00eda a los socios que lo hicieran, sino que, los responsables de la Asociaci\u00f3n, ahora acusados, deb\u00edan haber adoptado los medios y medidas de vigilancia y control para garantizar en la pr\u00e1ctica que dicho consumo se realizaba en el interior del local, y que nadie sacara droga de dicho establecimiento\u201d<\/em><em>.<\/em><\/p>\n\n\n\n<h3 class=\"wp-block-heading\"><strong>El documento reconoce solo parcialmente las alegaciones aportadas por la defensa<\/strong><\/h3>\n\n\n\n<p>Se\u00f1ala la entrada en la finca como correcta y la presunta irregularidad en la cadena de custodia como carente de pruebas. Adem\u00e1s,&nbsp;<a href=\"http:\/\/www.cannabis.es\/pw\/2019\/05\/10\/sin-documentacion-original-ni-testimonios-en-el-juicio-a-la-activista-mas-veterana\/\">descarta el error de prohibici\u00f3n o error invencible<\/a>&nbsp;alegado por la defensa, por el que Fernanda estaba convencida de que actuaba legalmente, con un complicado, si no vac\u00edo, argumento: el Tribunal lo desestima porque se podr\u00edan haber \u201cadoptado\u201d medidas de \u201cvigilancia, control y supervisi\u00f3n concretas de las actuaciones de los socios, y de la llevanza de la Asociaci\u00f3n\u201d que \u201cpodr\u00edan haber evitado transgresiones de la legalidad\u201d. Solo ret\u00f3rica o no, lo ha considerado vencible por este motivo. El Tribunal s\u00ed ha aceptado rechazar la \u00abnotoria importancia\u00bb, restando gravedad, y la nulidad del registro, pese a que la encuentre insuficiente para descartar los cargos porque considera que tiene otras pruebas.<\/p>\n\n\n\n<h3 class=\"wp-block-heading\"><strong>Persecuci\u00f3n progresiva a las Asociaciones Cann\u00e1bicas<\/strong><\/h3>\n\n\n\n<p>Algunas voces ya advierten que se est\u00e1 endureciendo la persecuci\u00f3n estatal a activistas, asociaciones y clubes con la intenci\u00f3n de reducir las opiniones e informaci\u00f3n al respecto de una regulaci\u00f3n alternativa de la marihuana. Esto conducir\u00eda a un escenario en el que&nbsp;<strong>silenciar\u00edan la lucha cann\u00e1bica&nbsp;<\/strong>en favor de las grandes corporaciones multinacionales que persiguen una legalizaci\u00f3n a la medida, sobre todo la penalizaci\u00f3n dura y severa del autocultivo.<\/p>\n\n\n\n<p>Las duraciones de las condenas dejan entrever que es posible que la situaci\u00f3n se solucione con un recurso de amparo,&nbsp;<strong>un tir\u00f3n de orejas para escarmentar de un plumazo a activistas y asociaciones<\/strong>. Eso sin descuidar la cuant\u00eda econ\u00f3mica de las multas, de dif\u00edcil reducci\u00f3n. Un aviso a otros miembros de la comunidad cann\u00e1bica. Una advertencia seg\u00fan la cual las palabras m\u00e1s pesimistas podr\u00edan llegar a tener raz\u00f3n.<\/p>\n\n\n\n<p>El pa\u00eds se encuentra en una encrucijada de caminos, con la posibilidad de un gobierno socialista en el horizonte. Recordemos que uno de los m\u00e1ximos aspirantes a t\u00edtulo de poder, Pablo Iglesias, presidente de&nbsp;<strong>Podemos&nbsp;<\/strong>que ahora se postula como pr\u00f3ximo vicepresidente de gobierno, hizo de la regularizaci\u00f3n del&nbsp;cannabis una de sus propuestas estrella en el programa electoral. Incluso visit\u00f3&nbsp;<a href=\"http:\/\/www.cannabis.es\/pw\/2018\/10\/22\/hacia-una-regulacion-integral-del-cannabis-jornada-en-el-congreso-de-los-diputados\/\">el Congreso de los Diputados<\/a>&nbsp;junto a las principales asociaciones cann\u00e1bicas para escuchar sus propuestas y plantear soluciones que amparen a estos colectivos.<\/p>\n\n\n\n<p><strong>Hasta hoy no ha vuelto a mencionar el tema<\/strong>, ni proporcionado m\u00e1s informaci\u00f3n al respecto.<\/p>\n","protected":false},"excerpt":{"rendered":"<span class=\"span-reading-time rt-reading-time\" style=\"display: block;\"><span class=\"rt-label rt-prefix\">Tiempo de lectura:<\/span> <span class=\"rt-time\"> 4<\/span> <span class=\"rt-label rt-postfix\">minutos<\/span><\/span>Benito D\u00edaz La sentencia, conocida el 16 de diciembre, condena a&nbsp;Fernanda de la Figuera, la Abuela Marihuana, a una pena de 9 meses de prisi\u00f3n por un delito contra la Salud P\u00fablica y tr\u00e1fico de drogas. El rodillo judicial tambi\u00e9n abarca a los socios representantes de su asociaci\u00f3n cann\u00e1bica, Mar\u00edas x Mar\u00eda, condenados a 7 [&hellip;]","protected":false},"author":1,"featured_media":1661,"comment_status":"closed","ping_status":"closed","sticky":false,"template":"","format":"standard","meta":{"loftocean-featured-post":"","loftocean_post_format_gallery":"","loftocean_post_format_gallery_ids":"","loftocean_post_format_gallery_urls":"","loftocean_post_format_video_id":"","loftocean_post_format_video_url":"","loftocean_post_format_video_type":"","loftocean_post_format_video":"","loftocean_post_format_audio_type":"","loftocean_post_format_audio_url":"","loftocean_post_format_audio_id":"","loftocean_post_format_audio":"","loftocean_post_format_quote_text":"","loftocean_post_format_quote_byline":"","loftocean_post_format_link_text":"","loftocean_post_format_link_url":"","ceramag_post_header_style":"","ceramag_enable_background_video":"","ceramag_show_in_top_slider":"","ceramag_post_background_video_start":"","ceramag_post_background_video_end":"","loftocean_page_background_video_id":"","loftocean_page_background_video_url":"","loftocean_page_background_video_type":"","loftocean_page_background_video":"","ceramag_background_video_start":"","ceramag_background_video_end":"","ceramag_single_page_hide_header":"","footnotes":""},"categories":[35],"tags":[43,40],"class_list":["post-1660","post","type-post","status-publish","format-standard","has-post-thumbnail","hentry","category-politica-y-sociedad","tag-benito-diaz","tag-marihuana"],"yoast_head":"<!-- This site is optimized with the Yoast SEO plugin v24.9 - https:\/\/yoast.com\/wordpress\/plugins\/seo\/ -->\n<title>Condenan a 9 meses y 10.000 euros a la Abuela Marihuana<\/title>\n<meta name=\"description\" content=\"Entrada &#8226; Portal multimedia sobre cannabis y otras sustancias &#8226; 27 diciembre, 2019\" \/>\n<meta name=\"robots\" content=\"index, follow, max-snippet:-1, max-image-preview:large, max-video-preview:-1\" \/>\n<link rel=\"canonical\" href=\"https:\/\/www.cannabis.es\/pw\/2019\/12\/27\/condenan-a-9-meses-y-10-000-euros-a-la-abuela-marihuana\/\" \/>\n<meta name=\"twitter:card\" content=\"summary_large_image\" \/>\n<meta name=\"twitter:title\" content=\"Condenan a 9 meses y 10.000 euros a la Abuela Marihuana\" \/>\n<meta name=\"twitter:description\" content=\"Entrada &#8226; Portal multimedia sobre cannabis y otras sustancias &#8226; 27 diciembre, 2019\" \/>\n<meta name=\"twitter:image\" content=\"https:\/\/www.cannabis.es\/pw\/wp-content\/uploads\/2020\/05\/fernanda.jpg\" \/>\n<meta name=\"twitter:creator\" content=\"@cannabis_es\" \/>\n<meta name=\"twitter:site\" content=\"@cannabis_es\" \/>\n<meta name=\"twitter:label1\" content=\"Escrito por\" \/>\n\t<meta name=\"twitter:data1\" content=\"Cannabis.es\" \/>\n\t<meta name=\"twitter:label2\" content=\"Tiempo de lectura\" \/>\n\t<meta name=\"twitter:data2\" content=\"7 minutos\" \/>\n<script type=\"application\/ld+json\" class=\"yoast-schema-graph\">{\"@context\":\"https:\/\/schema.org\",\"@graph\":[{\"@type\":\"Article\",\"@id\":\"https:\/\/www.cannabis.es\/pw\/2019\/12\/27\/condenan-a-9-meses-y-10-000-euros-a-la-abuela-marihuana\/#article\",\"isPartOf\":{\"@id\":\"https:\/\/www.cannabis.es\/pw\/2019\/12\/27\/condenan-a-9-meses-y-10-000-euros-a-la-abuela-marihuana\/\"},\"author\":{\"name\":\"Cannabis.es\",\"@id\":\"https:\/\/www.cannabis.es\/pw\/#\/schema\/person\/e2fbd204580cf4fe74c79b82bc447374\"},\"headline\":\"Condenan a 9 meses y 10.000 euros a la Abuela Marihuana\",\"datePublished\":\"2019-12-27T10:22:43+00:00\",\"dateModified\":\"2020-07-23T11:30:13+00:00\",\"mainEntityOfPage\":{\"@id\":\"https:\/\/www.cannabis.es\/pw\/2019\/12\/27\/condenan-a-9-meses-y-10-000-euros-a-la-abuela-marihuana\/\"},\"wordCount\":1346,\"publisher\":{\"@id\":\"https:\/\/www.cannabis.es\/pw\/#organization\"},\"image\":{\"@id\":\"https:\/\/www.cannabis.es\/pw\/2019\/12\/27\/condenan-a-9-meses-y-10-000-euros-a-la-abuela-marihuana\/#primaryimage\"},\"thumbnailUrl\":\"https:\/\/www.cannabis.es\/pw\/wp-content\/uploads\/2020\/05\/fernanda.jpg\",\"keywords\":[\"Benito D\u00edaz\",\"marihuana\"],\"articleSection\":[\"Pol\u00edtica y Sociedad\"],\"inLanguage\":\"es\"},{\"@type\":\"WebPage\",\"@id\":\"https:\/\/www.cannabis.es\/pw\/2019\/12\/27\/condenan-a-9-meses-y-10-000-euros-a-la-abuela-marihuana\/\",\"url\":\"https:\/\/www.cannabis.es\/pw\/2019\/12\/27\/condenan-a-9-meses-y-10-000-euros-a-la-abuela-marihuana\/\",\"name\":\"Condenan a 9 meses y 10.000 euros a la Abuela Marihuana\",\"isPartOf\":{\"@id\":\"https:\/\/www.cannabis.es\/pw\/#website\"},\"primaryImageOfPage\":{\"@id\":\"https:\/\/www.cannabis.es\/pw\/2019\/12\/27\/condenan-a-9-meses-y-10-000-euros-a-la-abuela-marihuana\/#primaryimage\"},\"image\":{\"@id\":\"https:\/\/www.cannabis.es\/pw\/2019\/12\/27\/condenan-a-9-meses-y-10-000-euros-a-la-abuela-marihuana\/#primaryimage\"},\"thumbnailUrl\":\"https:\/\/www.cannabis.es\/pw\/wp-content\/uploads\/2020\/05\/fernanda.jpg\",\"datePublished\":\"2019-12-27T10:22:43+00:00\",\"dateModified\":\"2020-07-23T11:30:13+00:00\",\"description\":\"Entrada &#8226; Portal multimedia sobre cannabis y otras sustancias &#8226; 27 diciembre, 2019\",\"breadcrumb\":{\"@id\":\"https:\/\/www.cannabis.es\/pw\/2019\/12\/27\/condenan-a-9-meses-y-10-000-euros-a-la-abuela-marihuana\/#breadcrumb\"},\"inLanguage\":\"es\",\"potentialAction\":[{\"@type\":\"ReadAction\",\"target\":[\"https:\/\/www.cannabis.es\/pw\/2019\/12\/27\/condenan-a-9-meses-y-10-000-euros-a-la-abuela-marihuana\/\"]}]},{\"@type\":\"ImageObject\",\"inLanguage\":\"es\",\"@id\":\"https:\/\/www.cannabis.es\/pw\/2019\/12\/27\/condenan-a-9-meses-y-10-000-euros-a-la-abuela-marihuana\/#primaryimage\",\"url\":\"https:\/\/www.cannabis.es\/pw\/wp-content\/uploads\/2020\/05\/fernanda.jpg\",\"contentUrl\":\"https:\/\/www.cannabis.es\/pw\/wp-content\/uploads\/2020\/05\/fernanda.jpg\",\"width\":959,\"height\":475},{\"@type\":\"BreadcrumbList\",\"@id\":\"https:\/\/www.cannabis.es\/pw\/2019\/12\/27\/condenan-a-9-meses-y-10-000-euros-a-la-abuela-marihuana\/#breadcrumb\",\"itemListElement\":[{\"@type\":\"ListItem\",\"position\":1,\"name\":\"Portada\",\"item\":\"http:\/\/www.cannabis.es\/pw\/\"},{\"@type\":\"ListItem\",\"position\":2,\"name\":\"Condenan a 9 meses y 10.000 euros a la Abuela Marihuana\"}]},{\"@type\":\"WebSite\",\"@id\":\"https:\/\/www.cannabis.es\/pw\/#website\",\"url\":\"https:\/\/www.cannabis.es\/pw\/\",\"name\":\"Cannabis\",\"description\":\"Portal multimedia sobre cannabis y otras sustancias\",\"publisher\":{\"@id\":\"https:\/\/www.cannabis.es\/pw\/#organization\"},\"potentialAction\":[{\"@type\":\"SearchAction\",\"target\":{\"@type\":\"EntryPoint\",\"urlTemplate\":\"https:\/\/www.cannabis.es\/pw\/?s={search_term_string}\"},\"query-input\":{\"@type\":\"PropertyValueSpecification\",\"valueRequired\":true,\"valueName\":\"search_term_string\"}}],\"inLanguage\":\"es\"},{\"@type\":\"Organization\",\"@id\":\"https:\/\/www.cannabis.es\/pw\/#organization\",\"name\":\"Cannabis.es\",\"url\":\"https:\/\/www.cannabis.es\/pw\/\",\"logo\":{\"@type\":\"ImageObject\",\"inLanguage\":\"es\",\"@id\":\"https:\/\/www.cannabis.es\/pw\/#\/schema\/logo\/image\/\",\"url\":\"https:\/\/www.cannabis.es\/pw\/wp-content\/uploads\/2019\/04\/cropped-logo_cannabis.png\",\"contentUrl\":\"https:\/\/www.cannabis.es\/pw\/wp-content\/uploads\/2019\/04\/cropped-logo_cannabis.png\",\"width\":361,\"height\":120,\"caption\":\"Cannabis.es\"},\"image\":{\"@id\":\"https:\/\/www.cannabis.es\/pw\/#\/schema\/logo\/image\/\"},\"sameAs\":[\"https:\/\/x.com\/cannabis_es\"]},{\"@type\":\"Person\",\"@id\":\"https:\/\/www.cannabis.es\/pw\/#\/schema\/person\/e2fbd204580cf4fe74c79b82bc447374\",\"name\":\"Cannabis.es\",\"image\":{\"@type\":\"ImageObject\",\"inLanguage\":\"es\",\"@id\":\"https:\/\/www.cannabis.es\/pw\/#\/schema\/person\/image\/\",\"url\":\"https:\/\/secure.gravatar.com\/avatar\/4375b1eb6e272e2e48a4b8a8def52e5f208151f555bb5906da616906ee6dd2e8?s=96&d=mm&r=g\",\"contentUrl\":\"https:\/\/secure.gravatar.com\/avatar\/4375b1eb6e272e2e48a4b8a8def52e5f208151f555bb5906da616906ee6dd2e8?s=96&d=mm&r=g\",\"caption\":\"Cannabis.es\"},\"url\":\"https:\/\/www.cannabis.es\/pw\/author\/cannabis\/\"}]}<\/script>\n<!-- \/ Yoast SEO plugin. -->","yoast_head_json":{"title":"Condenan a 9 meses y 10.000 euros a la Abuela Marihuana","description":"Entrada &#8226; Portal multimedia sobre cannabis y otras sustancias &#8226; 27 diciembre, 2019","robots":{"index":"index","follow":"follow","max-snippet":"max-snippet:-1","max-image-preview":"max-image-preview:large","max-video-preview":"max-video-preview:-1"},"canonical":"https:\/\/www.cannabis.es\/pw\/2019\/12\/27\/condenan-a-9-meses-y-10-000-euros-a-la-abuela-marihuana\/","twitter_card":"summary_large_image","twitter_title":"Condenan a 9 meses y 10.000 euros a la Abuela Marihuana","twitter_description":"Entrada &#8226; Portal multimedia sobre cannabis y otras sustancias &#8226; 27 diciembre, 2019","twitter_image":"https:\/\/www.cannabis.es\/pw\/wp-content\/uploads\/2020\/05\/fernanda.jpg","twitter_creator":"@cannabis_es","twitter_site":"@cannabis_es","twitter_misc":{"Escrito por":"Cannabis.es","Tiempo de lectura":"7 minutos"},"schema":{"@context":"https:\/\/schema.org","@graph":[{"@type":"Article","@id":"https:\/\/www.cannabis.es\/pw\/2019\/12\/27\/condenan-a-9-meses-y-10-000-euros-a-la-abuela-marihuana\/#article","isPartOf":{"@id":"https:\/\/www.cannabis.es\/pw\/2019\/12\/27\/condenan-a-9-meses-y-10-000-euros-a-la-abuela-marihuana\/"},"author":{"name":"Cannabis.es","@id":"https:\/\/www.cannabis.es\/pw\/#\/schema\/person\/e2fbd204580cf4fe74c79b82bc447374"},"headline":"Condenan a 9 meses y 10.000 euros a la Abuela Marihuana","datePublished":"2019-12-27T10:22:43+00:00","dateModified":"2020-07-23T11:30:13+00:00","mainEntityOfPage":{"@id":"https:\/\/www.cannabis.es\/pw\/2019\/12\/27\/condenan-a-9-meses-y-10-000-euros-a-la-abuela-marihuana\/"},"wordCount":1346,"publisher":{"@id":"https:\/\/www.cannabis.es\/pw\/#organization"},"image":{"@id":"https:\/\/www.cannabis.es\/pw\/2019\/12\/27\/condenan-a-9-meses-y-10-000-euros-a-la-abuela-marihuana\/#primaryimage"},"thumbnailUrl":"https:\/\/www.cannabis.es\/pw\/wp-content\/uploads\/2020\/05\/fernanda.jpg","keywords":["Benito D\u00edaz","marihuana"],"articleSection":["Pol\u00edtica y Sociedad"],"inLanguage":"es"},{"@type":"WebPage","@id":"https:\/\/www.cannabis.es\/pw\/2019\/12\/27\/condenan-a-9-meses-y-10-000-euros-a-la-abuela-marihuana\/","url":"https:\/\/www.cannabis.es\/pw\/2019\/12\/27\/condenan-a-9-meses-y-10-000-euros-a-la-abuela-marihuana\/","name":"Condenan a 9 meses y 10.000 euros a la Abuela Marihuana","isPartOf":{"@id":"https:\/\/www.cannabis.es\/pw\/#website"},"primaryImageOfPage":{"@id":"https:\/\/www.cannabis.es\/pw\/2019\/12\/27\/condenan-a-9-meses-y-10-000-euros-a-la-abuela-marihuana\/#primaryimage"},"image":{"@id":"https:\/\/www.cannabis.es\/pw\/2019\/12\/27\/condenan-a-9-meses-y-10-000-euros-a-la-abuela-marihuana\/#primaryimage"},"thumbnailUrl":"https:\/\/www.cannabis.es\/pw\/wp-content\/uploads\/2020\/05\/fernanda.jpg","datePublished":"2019-12-27T10:22:43+00:00","dateModified":"2020-07-23T11:30:13+00:00","description":"Entrada &#8226; Portal multimedia sobre cannabis y otras sustancias &#8226; 27 diciembre, 2019","breadcrumb":{"@id":"https:\/\/www.cannabis.es\/pw\/2019\/12\/27\/condenan-a-9-meses-y-10-000-euros-a-la-abuela-marihuana\/#breadcrumb"},"inLanguage":"es","potentialAction":[{"@type":"ReadAction","target":["https:\/\/www.cannabis.es\/pw\/2019\/12\/27\/condenan-a-9-meses-y-10-000-euros-a-la-abuela-marihuana\/"]}]},{"@type":"ImageObject","inLanguage":"es","@id":"https:\/\/www.cannabis.es\/pw\/2019\/12\/27\/condenan-a-9-meses-y-10-000-euros-a-la-abuela-marihuana\/#primaryimage","url":"https:\/\/www.cannabis.es\/pw\/wp-content\/uploads\/2020\/05\/fernanda.jpg","contentUrl":"https:\/\/www.cannabis.es\/pw\/wp-content\/uploads\/2020\/05\/fernanda.jpg","width":959,"height":475},{"@type":"BreadcrumbList","@id":"https:\/\/www.cannabis.es\/pw\/2019\/12\/27\/condenan-a-9-meses-y-10-000-euros-a-la-abuela-marihuana\/#breadcrumb","itemListElement":[{"@type":"ListItem","position":1,"name":"Portada","item":"http:\/\/www.cannabis.es\/pw\/"},{"@type":"ListItem","position":2,"name":"Condenan a 9 meses y 10.000 euros a la Abuela Marihuana"}]},{"@type":"WebSite","@id":"https:\/\/www.cannabis.es\/pw\/#website","url":"https:\/\/www.cannabis.es\/pw\/","name":"Cannabis","description":"Portal multimedia sobre cannabis y otras sustancias","publisher":{"@id":"https:\/\/www.cannabis.es\/pw\/#organization"},"potentialAction":[{"@type":"SearchAction","target":{"@type":"EntryPoint","urlTemplate":"https:\/\/www.cannabis.es\/pw\/?s={search_term_string}"},"query-input":{"@type":"PropertyValueSpecification","valueRequired":true,"valueName":"search_term_string"}}],"inLanguage":"es"},{"@type":"Organization","@id":"https:\/\/www.cannabis.es\/pw\/#organization","name":"Cannabis.es","url":"https:\/\/www.cannabis.es\/pw\/","logo":{"@type":"ImageObject","inLanguage":"es","@id":"https:\/\/www.cannabis.es\/pw\/#\/schema\/logo\/image\/","url":"https:\/\/www.cannabis.es\/pw\/wp-content\/uploads\/2019\/04\/cropped-logo_cannabis.png","contentUrl":"https:\/\/www.cannabis.es\/pw\/wp-content\/uploads\/2019\/04\/cropped-logo_cannabis.png","width":361,"height":120,"caption":"Cannabis.es"},"image":{"@id":"https:\/\/www.cannabis.es\/pw\/#\/schema\/logo\/image\/"},"sameAs":["https:\/\/x.com\/cannabis_es"]},{"@type":"Person","@id":"https:\/\/www.cannabis.es\/pw\/#\/schema\/person\/e2fbd204580cf4fe74c79b82bc447374","name":"Cannabis.es","image":{"@type":"ImageObject","inLanguage":"es","@id":"https:\/\/www.cannabis.es\/pw\/#\/schema\/person\/image\/","url":"https:\/\/secure.gravatar.com\/avatar\/4375b1eb6e272e2e48a4b8a8def52e5f208151f555bb5906da616906ee6dd2e8?s=96&d=mm&r=g","contentUrl":"https:\/\/secure.gravatar.com\/avatar\/4375b1eb6e272e2e48a4b8a8def52e5f208151f555bb5906da616906ee6dd2e8?s=96&d=mm&r=g","caption":"Cannabis.es"},"url":"https:\/\/www.cannabis.es\/pw\/author\/cannabis\/"}]}},"_links":{"self":[{"href":"https:\/\/www.cannabis.es\/pw\/wp-json\/wp\/v2\/posts\/1660","targetHints":{"allow":["GET"]}}],"collection":[{"href":"https:\/\/www.cannabis.es\/pw\/wp-json\/wp\/v2\/posts"}],"about":[{"href":"https:\/\/www.cannabis.es\/pw\/wp-json\/wp\/v2\/types\/post"}],"author":[{"embeddable":true,"href":"https:\/\/www.cannabis.es\/pw\/wp-json\/wp\/v2\/users\/1"}],"replies":[{"embeddable":true,"href":"https:\/\/www.cannabis.es\/pw\/wp-json\/wp\/v2\/comments?post=1660"}],"version-history":[{"count":3,"href":"https:\/\/www.cannabis.es\/pw\/wp-json\/wp\/v2\/posts\/1660\/revisions"}],"predecessor-version":[{"id":5897,"href":"https:\/\/www.cannabis.es\/pw\/wp-json\/wp\/v2\/posts\/1660\/revisions\/5897"}],"wp:featuredmedia":[{"embeddable":true,"href":"https:\/\/www.cannabis.es\/pw\/wp-json\/wp\/v2\/media\/1661"}],"wp:attachment":[{"href":"https:\/\/www.cannabis.es\/pw\/wp-json\/wp\/v2\/media?parent=1660"}],"wp:term":[{"taxonomy":"category","embeddable":true,"href":"https:\/\/www.cannabis.es\/pw\/wp-json\/wp\/v2\/categories?post=1660"},{"taxonomy":"post_tag","embeddable":true,"href":"https:\/\/www.cannabis.es\/pw\/wp-json\/wp\/v2\/tags?post=1660"}],"curies":[{"name":"wp","href":"https:\/\/api.w.org\/{rel}","templated":true}]}}