{"id":1710,"date":"2020-02-05T15:32:04","date_gmt":"2020-02-05T14:32:04","guid":{"rendered":"http:\/\/www.cannabis.es\/pw\/?p=1710"},"modified":"2020-07-22T13:45:05","modified_gmt":"2020-07-22T11:45:05","slug":"el-observatorio-del-cannabis-se-reune-con-los-partidos-politicos","status":"publish","type":"post","link":"https:\/\/www.cannabis.es\/pw\/2020\/02\/05\/el-observatorio-del-cannabis-se-reune-con-los-partidos-politicos\/","title":{"rendered":"El Observatorio del Cannabis se re\u00fane con los partidos pol\u00edticos"},"content":{"rendered":"\n<p>Benito D\u00edaz<\/p>\n\n\n\n<p>El Observatorio Europeo del Consumo y Cultivo de Cannabis (OECCC) se dio cita el pasado 4 de Febrero en Madrid, con la intenci\u00f3n de avanzar y conversar con distintos actores pol\u00edticos en su lucha por la regulaci\u00f3n integral de la planta.<\/p>\n\n\n\n<hr class=\"wp-block-separator\"\/>\n\n\n\n<p>Una comitiva formada por Judit Vega (directora de marketing), Hugo Madera (Soft Secrets), H\u00e9ctor Brotons (Estudio jur\u00eddico Brotsanbert) y Noem\u00ed S\u00e1nchez, presidenta del OECCC y directora de la&nbsp;<a href=\"http:\/\/www.cannabis.es\/pw\/2019\/10\/21\/primera-encuesta-para-conocer-la-mejor-regulacion-para-espana\/\">Encuesta Cannabis,<\/a>&nbsp;recorrieron distintas instituciones, tales como el Congreso de los Diputados, el Senado y la Embajada de M\u00e9xico.<\/p>\n\n\n\n<h3 class=\"wp-block-heading\"><strong>Regulaci\u00f3n por la paz<\/strong><\/h3>\n\n\n\n<p><br>La rueda de prensa tiene lugar frente al Congreso. Nos atienden Noem\u00ed S\u00e1nchez y Judit Vega, que comienzan explicando su adhesi\u00f3n a la jornada \u201cRegulaci\u00f3n por la paz\u201d, que examina el proceso de legalizaci\u00f3n que est\u00e1 teniendo lugar en M\u00e9xico con la marihuana. \u201cHemos visto ciertos paralelismos entre lo que est\u00e1 sucediendo en M\u00e9xico y lo que podr\u00eda darse en Espa\u00f1a, en el caso de una regulaci\u00f3n. Hay un control excesivo en cuanto a las asociaciones cann\u00e1bicas, restringiendo el n\u00famero de asociados, lo cual las hace insostenibles. Tambi\u00e9n hemos visto problemas en cuanto a la trazabilidad de las semillas, entre otros ejemplos\u201d, declar\u00f3 S\u00e1nchez.<br>\u201cSi no nos ponemos las pilas y defendemos los derechos de cultivadores y asociaciones, las grandes farmac\u00e9uticas nos van a adelantar e impondr\u00e1n sus condiciones. Nos quedaremos fuera. Creemos que es importante hablar con nuestros pol\u00edticos para expresarles las preocupaciones de la sociedad civil\u201d, destac\u00f3 Vega. \u201cSe trata de un movimiento mundial, si nosotros podemos ayudar a M\u00e9xico, creemos que M\u00e9xico tambi\u00e9n nos puede ayudar a nosotras\u201d.<\/p>\n\n\n\n<h3 class=\"wp-block-heading\">Encuesta Cannabis<\/h3>\n\n\n\n<p>Las representantes manifestaron la importancia de Encuesta Cannabis para cimentar la regulaci\u00f3n de la OECCC ante los representantes. \u201cNosotros no nos sacamos las propuestas de la manga, primero miramos las leyes existentes, lo que se ha hecho en el mundo, una justificaci\u00f3n jur\u00eddica. Pero luego, desde el OECCC siempre escuchamos a la gente lo que opina, que sean leyes que vengan desde el sentir de las personas\u201d afirm\u00f3 Hugo Madera.<br>\u201cEs muy importante, como sab\u00e9is hay distintas proposiciones de ley. Desde el OECCC hemos proyectado esta ley y dejado a la gente valorarla, mediante la Encuesta Cannabis. De esta manera, las personas pueden valorar cada parte del proyecto y al final, hay un espacio para opinar libremente. Creo que as\u00ed, los partidos pol\u00edticos deber\u00edan darse cuenta que nuestras sugerencias no surge de cuatro especialistas que se re\u00fanen para pensar sobre algo, si no que proviene de mucha gente de todo el Estado. La idea es llegar a un porcentaje de gente elevado, as\u00ed que invito a todo aquel que no haya participado a que lo haga. De esta forma podremos presionar m\u00e1s a los pol\u00edticos porque hablaremos con todas vuestras voces\u201d explic\u00f3 la presidenta. El plazo de participaci\u00f3n se encuentra abierto hasta Junio. Han participado alrededor de 3.000 personas, pero se busca m\u00e1s representaci\u00f3n hasta llegar a 5.000, incluso a 10.000.<\/p>\n\n\n\n<h3 class=\"wp-block-heading\">Conversaciones con grupos pol\u00edticos<\/h3>\n\n\n\n<p><br>Esquerra Republicana, Unidas Podemos, M\u00e1s Pa\u00eds, Comprom\u00eds, Ciudadanos y PNV fueron algunos de los grupos pol\u00edticos que recibieron a los representantes del OECCC. \u201cHemos visto muy buen ambiente y, sobre todo, apoyo. Hay voluntad de cambiar, de escuchar, y espero que esto se traduzca en hechos. Que podamos hacer una aut\u00e9ntica proposici\u00f3n de ley que incluya a todas las personas y agentes de este sector, desde usuarios hasta las asociaciones y empresas\u201d, expuso Vega. \u201cDe momento no nos han dicho plazos, cada grupo dice cosas distintas.Por ejemplo, desde UP nos han dicho que necesitan un tiempo, que las personas que llevan estos asuntos necesitan ponerse en situaci\u00f3n y escuchar todas las voces para formarse una opini\u00f3n. Desde otras organizaciones, como Comprom\u00eds con Joan Baldov\u00ed, es todo muy flu\u00eddo. Ya sabes que en Valencia firmaron la PNL y todos los grupos la apoyaron. Se ha hablado mucho de que el cannabis podr\u00eda reactivar la huerta valenciana y eso le interesa. Todos los grupos con los que hemos hablado, comentan que, si llegase a proponerse una ley, ellos la apoyar\u00edan, primero a nivel personal y luego a nivel de partido\u201d, explic\u00f3 S\u00e1nchez.<\/p>\n\n\n\n<p><br>\u201cVemos cierta sinton\u00eda. Tenemos en cuenta que es el principio de la legislatura pero creemos que hemos llegado bien de tiempo porque ahora es cuando se est\u00e1n planteando todas estas cuestiones. Creo que tienen un buen margen de tiempo para examinar todo lo que les hemos comentado y traducirlo en alg\u00fan tipo de proposici\u00f3n o un debate sobre la regularizaci\u00f3n del cannabis en nuestro pa\u00eds\u201d, avanz\u00f3 Vega. La portavoz afirm\u00f3 que es m\u00e1s sencillo que se comience por regular el CBD, ya que la Organizaci\u00f3n Mundial de la Salud ha sacado la mol\u00e9cula de sus listas de sustancias fiscalizadas. Esto, tras una votaci\u00f3n de la ONU, ser\u00eda el pistoletazo de salida hacia una regulaci\u00f3n integral.<br>El grupo del Observatorio tambi\u00e9n visit\u00f3 la Agencia Espa\u00f1ola del Medicamento (AEMPS), donde dejaron un documento con preguntas al respecto de su falta de transparencia al otorgar&nbsp;<a href=\"http:\/\/www.cannabis.es\/pw\/2019\/10\/21\/primera-encuesta-para-conocer-la-mejor-regulacion-para-espana\/\">licencias<\/a>&nbsp;para el cultivo y explotaci\u00f3n del cannabis. Seg\u00fan fuentes del Observatorio y como hoy revela P\u00fablico, una de las&nbsp;licencias&nbsp;que se concedi\u00f3 al grupo nacional Alcaliber se traspasas\u00f3 por 9,4 millones de euros a Linneo Health, participado por el fondo brit\u00e1nico GHO, radicado en las Islas Caim\u00e1n.<\/p>\n\n\n\n<p>\u201cLas concesiones se hacen por un periodo de un a\u00f1o, que puede ser prorrogado previa presentaci\u00f3n de resultados, y para conseguirlas las empresas o entidades solicitantes deben detallar la previsi\u00f3n de superficie a cultivar, el origen y las variedades de semillas, la cantidad de THC y CBD de las plantas y el destino de la producci\u00f3n, entre otros datos. Sin embargo, toda esa producci\u00f3n debe ser exportada a otros pa\u00edses, porque en Espa\u00f1a no est\u00e1 permitido el uso medicinal del cannabis\u201d, explica el art\u00edculo.<\/p>\n","protected":false},"excerpt":{"rendered":"<span class=\"span-reading-time rt-reading-time\" style=\"display: block;\"><span class=\"rt-label rt-prefix\">Tiempo de lectura:<\/span> <span class=\"rt-time\"> 4<\/span> <span class=\"rt-label rt-postfix\">minutos<\/span><\/span>Benito D\u00edaz El Observatorio Europeo del Consumo y Cultivo de Cannabis (OECCC) se dio cita el pasado 4 de Febrero en Madrid, con la intenci\u00f3n de avanzar y conversar con distintos actores pol\u00edticos en su lucha por la regulaci\u00f3n integral de la planta. Una comitiva formada por Judit Vega (directora de marketing), Hugo Madera (Soft [&hellip;]","protected":false},"author":1,"featured_media":1711,"comment_status":"closed","ping_status":"closed","sticky":false,"template":"","format":"standard","meta":{"loftocean-featured-post":"","loftocean_post_format_gallery":"","loftocean_post_format_gallery_ids":"","loftocean_post_format_gallery_urls":"","loftocean_post_format_video_id":"","loftocean_post_format_video_url":"","loftocean_post_format_video_type":"","loftocean_post_format_video":"","loftocean_post_format_audio_type":"","loftocean_post_format_audio_url":"","loftocean_post_format_audio_id":"","loftocean_post_format_audio":"","loftocean_post_format_quote_text":"","loftocean_post_format_quote_byline":"","loftocean_post_format_link_text":"","loftocean_post_format_link_url":"","ceramag_post_header_style":"","ceramag_enable_background_video":"","ceramag_show_in_top_slider":"","ceramag_post_background_video_start":"","ceramag_post_background_video_end":"","loftocean_page_background_video_id":"","loftocean_page_background_video_url":"","loftocean_page_background_video_type":"","loftocean_page_background_video":"","ceramag_background_video_start":"","ceramag_background_video_end":"","ceramag_single_page_hide_header":"","footnotes":""},"categories":[35],"tags":[43,41,52,54,579,42,55],"class_list":["post-1710","post","type-post","status-publish","format-standard","has-post-thumbnail","hentry","category-politica-y-sociedad","tag-benito-diaz","tag-cannabis","tag-cannabis-medicinal","tag-legalizacion","tag-oeccc","tag-politica","tag-regulacion"],"yoast_head":"<!-- This site is optimized with the Yoast SEO plugin v24.9 - https:\/\/yoast.com\/wordpress\/plugins\/seo\/ -->\n<title>El Observatorio del Cannabis se re\u00fane con los partidos pol\u00edticos<\/title>\n<meta name=\"description\" content=\"Entrada &#8226; Portal multimedia sobre cannabis y otras sustancias &#8226; 5 febrero, 2020\" \/>\n<meta name=\"robots\" content=\"index, follow, max-snippet:-1, max-image-preview:large, max-video-preview:-1\" \/>\n<link rel=\"canonical\" href=\"https:\/\/www.cannabis.es\/pw\/2020\/02\/05\/el-observatorio-del-cannabis-se-reune-con-los-partidos-politicos\/\" \/>\n<meta name=\"twitter:card\" content=\"summary_large_image\" \/>\n<meta name=\"twitter:title\" content=\"El Observatorio del Cannabis se re\u00fane con los partidos pol\u00edticos\" \/>\n<meta name=\"twitter:description\" content=\"Entrada &#8226; Portal multimedia sobre cannabis y otras sustancias &#8226; 5 febrero, 2020\" \/>\n<meta name=\"twitter:image\" content=\"https:\/\/www.cannabis.es\/pw\/wp-content\/uploads\/2020\/05\/observatorio-europeo-de-consumo.jpg\" \/>\n<meta name=\"twitter:creator\" content=\"@cannabis_es\" \/>\n<meta name=\"twitter:site\" content=\"@cannabis_es\" \/>\n<meta name=\"twitter:label1\" content=\"Escrito por\" \/>\n\t<meta name=\"twitter:data1\" content=\"Cannabis.es\" \/>\n\t<meta name=\"twitter:label2\" content=\"Tiempo de lectura\" \/>\n\t<meta name=\"twitter:data2\" content=\"5 minutos\" \/>\n<script type=\"application\/ld+json\" class=\"yoast-schema-graph\">{\"@context\":\"https:\/\/schema.org\",\"@graph\":[{\"@type\":\"Article\",\"@id\":\"https:\/\/www.cannabis.es\/pw\/2020\/02\/05\/el-observatorio-del-cannabis-se-reune-con-los-partidos-politicos\/#article\",\"isPartOf\":{\"@id\":\"https:\/\/www.cannabis.es\/pw\/2020\/02\/05\/el-observatorio-del-cannabis-se-reune-con-los-partidos-politicos\/\"},\"author\":{\"name\":\"Cannabis.es\",\"@id\":\"https:\/\/www.cannabis.es\/pw\/#\/schema\/person\/e2fbd204580cf4fe74c79b82bc447374\"},\"headline\":\"El Observatorio del Cannabis se re\u00fane con los partidos pol\u00edticos\",\"datePublished\":\"2020-02-05T14:32:04+00:00\",\"dateModified\":\"2020-07-22T11:45:05+00:00\",\"mainEntityOfPage\":{\"@id\":\"https:\/\/www.cannabis.es\/pw\/2020\/02\/05\/el-observatorio-del-cannabis-se-reune-con-los-partidos-politicos\/\"},\"wordCount\":1052,\"publisher\":{\"@id\":\"https:\/\/www.cannabis.es\/pw\/#organization\"},\"image\":{\"@id\":\"https:\/\/www.cannabis.es\/pw\/2020\/02\/05\/el-observatorio-del-cannabis-se-reune-con-los-partidos-politicos\/#primaryimage\"},\"thumbnailUrl\":\"https:\/\/www.cannabis.es\/pw\/wp-content\/uploads\/2020\/05\/observatorio-europeo-de-consumo.jpg\",\"keywords\":[\"Benito D\u00edaz\",\"cannabis\",\"cannabis medicinal\",\"legalizaci\u00f3n\",\"OECCC\",\"pol\u00edtica\",\"regulaci\u00f3n\"],\"articleSection\":[\"Pol\u00edtica y Sociedad\"],\"inLanguage\":\"es\"},{\"@type\":\"WebPage\",\"@id\":\"https:\/\/www.cannabis.es\/pw\/2020\/02\/05\/el-observatorio-del-cannabis-se-reune-con-los-partidos-politicos\/\",\"url\":\"https:\/\/www.cannabis.es\/pw\/2020\/02\/05\/el-observatorio-del-cannabis-se-reune-con-los-partidos-politicos\/\",\"name\":\"El Observatorio del Cannabis se re\u00fane con los partidos pol\u00edticos\",\"isPartOf\":{\"@id\":\"https:\/\/www.cannabis.es\/pw\/#website\"},\"primaryImageOfPage\":{\"@id\":\"https:\/\/www.cannabis.es\/pw\/2020\/02\/05\/el-observatorio-del-cannabis-se-reune-con-los-partidos-politicos\/#primaryimage\"},\"image\":{\"@id\":\"https:\/\/www.cannabis.es\/pw\/2020\/02\/05\/el-observatorio-del-cannabis-se-reune-con-los-partidos-politicos\/#primaryimage\"},\"thumbnailUrl\":\"https:\/\/www.cannabis.es\/pw\/wp-content\/uploads\/2020\/05\/observatorio-europeo-de-consumo.jpg\",\"datePublished\":\"2020-02-05T14:32:04+00:00\",\"dateModified\":\"2020-07-22T11:45:05+00:00\",\"description\":\"Entrada &#8226; Portal multimedia sobre cannabis y otras sustancias &#8226; 5 febrero, 2020\",\"breadcrumb\":{\"@id\":\"https:\/\/www.cannabis.es\/pw\/2020\/02\/05\/el-observatorio-del-cannabis-se-reune-con-los-partidos-politicos\/#breadcrumb\"},\"inLanguage\":\"es\",\"potentialAction\":[{\"@type\":\"ReadAction\",\"target\":[\"https:\/\/www.cannabis.es\/pw\/2020\/02\/05\/el-observatorio-del-cannabis-se-reune-con-los-partidos-politicos\/\"]}]},{\"@type\":\"ImageObject\",\"inLanguage\":\"es\",\"@id\":\"https:\/\/www.cannabis.es\/pw\/2020\/02\/05\/el-observatorio-del-cannabis-se-reune-con-los-partidos-politicos\/#primaryimage\",\"url\":\"https:\/\/www.cannabis.es\/pw\/wp-content\/uploads\/2020\/05\/observatorio-europeo-de-consumo.jpg\",\"contentUrl\":\"https:\/\/www.cannabis.es\/pw\/wp-content\/uploads\/2020\/05\/observatorio-europeo-de-consumo.jpg\",\"width\":959,\"height\":475},{\"@type\":\"BreadcrumbList\",\"@id\":\"https:\/\/www.cannabis.es\/pw\/2020\/02\/05\/el-observatorio-del-cannabis-se-reune-con-los-partidos-politicos\/#breadcrumb\",\"itemListElement\":[{\"@type\":\"ListItem\",\"position\":1,\"name\":\"Portada\",\"item\":\"http:\/\/www.cannabis.es\/pw\/\"},{\"@type\":\"ListItem\",\"position\":2,\"name\":\"El Observatorio del Cannabis se re\u00fane con los partidos pol\u00edticos\"}]},{\"@type\":\"WebSite\",\"@id\":\"https:\/\/www.cannabis.es\/pw\/#website\",\"url\":\"https:\/\/www.cannabis.es\/pw\/\",\"name\":\"Cannabis\",\"description\":\"Portal multimedia sobre cannabis y otras sustancias\",\"publisher\":{\"@id\":\"https:\/\/www.cannabis.es\/pw\/#organization\"},\"potentialAction\":[{\"@type\":\"SearchAction\",\"target\":{\"@type\":\"EntryPoint\",\"urlTemplate\":\"https:\/\/www.cannabis.es\/pw\/?s={search_term_string}\"},\"query-input\":{\"@type\":\"PropertyValueSpecification\",\"valueRequired\":true,\"valueName\":\"search_term_string\"}}],\"inLanguage\":\"es\"},{\"@type\":\"Organization\",\"@id\":\"https:\/\/www.cannabis.es\/pw\/#organization\",\"name\":\"Cannabis.es\",\"url\":\"https:\/\/www.cannabis.es\/pw\/\",\"logo\":{\"@type\":\"ImageObject\",\"inLanguage\":\"es\",\"@id\":\"https:\/\/www.cannabis.es\/pw\/#\/schema\/logo\/image\/\",\"url\":\"https:\/\/www.cannabis.es\/pw\/wp-content\/uploads\/2019\/04\/cropped-logo_cannabis.png\",\"contentUrl\":\"https:\/\/www.cannabis.es\/pw\/wp-content\/uploads\/2019\/04\/cropped-logo_cannabis.png\",\"width\":361,\"height\":120,\"caption\":\"Cannabis.es\"},\"image\":{\"@id\":\"https:\/\/www.cannabis.es\/pw\/#\/schema\/logo\/image\/\"},\"sameAs\":[\"https:\/\/x.com\/cannabis_es\"]},{\"@type\":\"Person\",\"@id\":\"https:\/\/www.cannabis.es\/pw\/#\/schema\/person\/e2fbd204580cf4fe74c79b82bc447374\",\"name\":\"Cannabis.es\",\"image\":{\"@type\":\"ImageObject\",\"inLanguage\":\"es\",\"@id\":\"https:\/\/www.cannabis.es\/pw\/#\/schema\/person\/image\/\",\"url\":\"https:\/\/secure.gravatar.com\/avatar\/4375b1eb6e272e2e48a4b8a8def52e5f208151f555bb5906da616906ee6dd2e8?s=96&d=mm&r=g\",\"contentUrl\":\"https:\/\/secure.gravatar.com\/avatar\/4375b1eb6e272e2e48a4b8a8def52e5f208151f555bb5906da616906ee6dd2e8?s=96&d=mm&r=g\",\"caption\":\"Cannabis.es\"},\"url\":\"https:\/\/www.cannabis.es\/pw\/author\/cannabis\/\"}]}<\/script>\n<!-- \/ Yoast SEO plugin. -->","yoast_head_json":{"title":"El Observatorio del Cannabis se re\u00fane con los partidos pol\u00edticos","description":"Entrada &#8226; Portal multimedia sobre cannabis y otras sustancias &#8226; 5 febrero, 2020","robots":{"index":"index","follow":"follow","max-snippet":"max-snippet:-1","max-image-preview":"max-image-preview:large","max-video-preview":"max-video-preview:-1"},"canonical":"https:\/\/www.cannabis.es\/pw\/2020\/02\/05\/el-observatorio-del-cannabis-se-reune-con-los-partidos-politicos\/","twitter_card":"summary_large_image","twitter_title":"El Observatorio del Cannabis se re\u00fane con los partidos pol\u00edticos","twitter_description":"Entrada &#8226; Portal multimedia sobre cannabis y otras sustancias &#8226; 5 febrero, 2020","twitter_image":"https:\/\/www.cannabis.es\/pw\/wp-content\/uploads\/2020\/05\/observatorio-europeo-de-consumo.jpg","twitter_creator":"@cannabis_es","twitter_site":"@cannabis_es","twitter_misc":{"Escrito por":"Cannabis.es","Tiempo de lectura":"5 minutos"},"schema":{"@context":"https:\/\/schema.org","@graph":[{"@type":"Article","@id":"https:\/\/www.cannabis.es\/pw\/2020\/02\/05\/el-observatorio-del-cannabis-se-reune-con-los-partidos-politicos\/#article","isPartOf":{"@id":"https:\/\/www.cannabis.es\/pw\/2020\/02\/05\/el-observatorio-del-cannabis-se-reune-con-los-partidos-politicos\/"},"author":{"name":"Cannabis.es","@id":"https:\/\/www.cannabis.es\/pw\/#\/schema\/person\/e2fbd204580cf4fe74c79b82bc447374"},"headline":"El Observatorio del Cannabis se re\u00fane con los partidos pol\u00edticos","datePublished":"2020-02-05T14:32:04+00:00","dateModified":"2020-07-22T11:45:05+00:00","mainEntityOfPage":{"@id":"https:\/\/www.cannabis.es\/pw\/2020\/02\/05\/el-observatorio-del-cannabis-se-reune-con-los-partidos-politicos\/"},"wordCount":1052,"publisher":{"@id":"https:\/\/www.cannabis.es\/pw\/#organization"},"image":{"@id":"https:\/\/www.cannabis.es\/pw\/2020\/02\/05\/el-observatorio-del-cannabis-se-reune-con-los-partidos-politicos\/#primaryimage"},"thumbnailUrl":"https:\/\/www.cannabis.es\/pw\/wp-content\/uploads\/2020\/05\/observatorio-europeo-de-consumo.jpg","keywords":["Benito D\u00edaz","cannabis","cannabis medicinal","legalizaci\u00f3n","OECCC","pol\u00edtica","regulaci\u00f3n"],"articleSection":["Pol\u00edtica y Sociedad"],"inLanguage":"es"},{"@type":"WebPage","@id":"https:\/\/www.cannabis.es\/pw\/2020\/02\/05\/el-observatorio-del-cannabis-se-reune-con-los-partidos-politicos\/","url":"https:\/\/www.cannabis.es\/pw\/2020\/02\/05\/el-observatorio-del-cannabis-se-reune-con-los-partidos-politicos\/","name":"El Observatorio del Cannabis se re\u00fane con los partidos pol\u00edticos","isPartOf":{"@id":"https:\/\/www.cannabis.es\/pw\/#website"},"primaryImageOfPage":{"@id":"https:\/\/www.cannabis.es\/pw\/2020\/02\/05\/el-observatorio-del-cannabis-se-reune-con-los-partidos-politicos\/#primaryimage"},"image":{"@id":"https:\/\/www.cannabis.es\/pw\/2020\/02\/05\/el-observatorio-del-cannabis-se-reune-con-los-partidos-politicos\/#primaryimage"},"thumbnailUrl":"https:\/\/www.cannabis.es\/pw\/wp-content\/uploads\/2020\/05\/observatorio-europeo-de-consumo.jpg","datePublished":"2020-02-05T14:32:04+00:00","dateModified":"2020-07-22T11:45:05+00:00","description":"Entrada &#8226; Portal multimedia sobre cannabis y otras sustancias &#8226; 5 febrero, 2020","breadcrumb":{"@id":"https:\/\/www.cannabis.es\/pw\/2020\/02\/05\/el-observatorio-del-cannabis-se-reune-con-los-partidos-politicos\/#breadcrumb"},"inLanguage":"es","potentialAction":[{"@type":"ReadAction","target":["https:\/\/www.cannabis.es\/pw\/2020\/02\/05\/el-observatorio-del-cannabis-se-reune-con-los-partidos-politicos\/"]}]},{"@type":"ImageObject","inLanguage":"es","@id":"https:\/\/www.cannabis.es\/pw\/2020\/02\/05\/el-observatorio-del-cannabis-se-reune-con-los-partidos-politicos\/#primaryimage","url":"https:\/\/www.cannabis.es\/pw\/wp-content\/uploads\/2020\/05\/observatorio-europeo-de-consumo.jpg","contentUrl":"https:\/\/www.cannabis.es\/pw\/wp-content\/uploads\/2020\/05\/observatorio-europeo-de-consumo.jpg","width":959,"height":475},{"@type":"BreadcrumbList","@id":"https:\/\/www.cannabis.es\/pw\/2020\/02\/05\/el-observatorio-del-cannabis-se-reune-con-los-partidos-politicos\/#breadcrumb","itemListElement":[{"@type":"ListItem","position":1,"name":"Portada","item":"http:\/\/www.cannabis.es\/pw\/"},{"@type":"ListItem","position":2,"name":"El Observatorio del Cannabis se re\u00fane con los partidos pol\u00edticos"}]},{"@type":"WebSite","@id":"https:\/\/www.cannabis.es\/pw\/#website","url":"https:\/\/www.cannabis.es\/pw\/","name":"Cannabis","description":"Portal multimedia sobre cannabis y otras sustancias","publisher":{"@id":"https:\/\/www.cannabis.es\/pw\/#organization"},"potentialAction":[{"@type":"SearchAction","target":{"@type":"EntryPoint","urlTemplate":"https:\/\/www.cannabis.es\/pw\/?s={search_term_string}"},"query-input":{"@type":"PropertyValueSpecification","valueRequired":true,"valueName":"search_term_string"}}],"inLanguage":"es"},{"@type":"Organization","@id":"https:\/\/www.cannabis.es\/pw\/#organization","name":"Cannabis.es","url":"https:\/\/www.cannabis.es\/pw\/","logo":{"@type":"ImageObject","inLanguage":"es","@id":"https:\/\/www.cannabis.es\/pw\/#\/schema\/logo\/image\/","url":"https:\/\/www.cannabis.es\/pw\/wp-content\/uploads\/2019\/04\/cropped-logo_cannabis.png","contentUrl":"https:\/\/www.cannabis.es\/pw\/wp-content\/uploads\/2019\/04\/cropped-logo_cannabis.png","width":361,"height":120,"caption":"Cannabis.es"},"image":{"@id":"https:\/\/www.cannabis.es\/pw\/#\/schema\/logo\/image\/"},"sameAs":["https:\/\/x.com\/cannabis_es"]},{"@type":"Person","@id":"https:\/\/www.cannabis.es\/pw\/#\/schema\/person\/e2fbd204580cf4fe74c79b82bc447374","name":"Cannabis.es","image":{"@type":"ImageObject","inLanguage":"es","@id":"https:\/\/www.cannabis.es\/pw\/#\/schema\/person\/image\/","url":"https:\/\/secure.gravatar.com\/avatar\/4375b1eb6e272e2e48a4b8a8def52e5f208151f555bb5906da616906ee6dd2e8?s=96&d=mm&r=g","contentUrl":"https:\/\/secure.gravatar.com\/avatar\/4375b1eb6e272e2e48a4b8a8def52e5f208151f555bb5906da616906ee6dd2e8?s=96&d=mm&r=g","caption":"Cannabis.es"},"url":"https:\/\/www.cannabis.es\/pw\/author\/cannabis\/"}]}},"_links":{"self":[{"href":"https:\/\/www.cannabis.es\/pw\/wp-json\/wp\/v2\/posts\/1710","targetHints":{"allow":["GET"]}}],"collection":[{"href":"https:\/\/www.cannabis.es\/pw\/wp-json\/wp\/v2\/posts"}],"about":[{"href":"https:\/\/www.cannabis.es\/pw\/wp-json\/wp\/v2\/types\/post"}],"author":[{"embeddable":true,"href":"https:\/\/www.cannabis.es\/pw\/wp-json\/wp\/v2\/users\/1"}],"replies":[{"embeddable":true,"href":"https:\/\/www.cannabis.es\/pw\/wp-json\/wp\/v2\/comments?post=1710"}],"version-history":[{"count":3,"href":"https:\/\/www.cannabis.es\/pw\/wp-json\/wp\/v2\/posts\/1710\/revisions"}],"predecessor-version":[{"id":5891,"href":"https:\/\/www.cannabis.es\/pw\/wp-json\/wp\/v2\/posts\/1710\/revisions\/5891"}],"wp:featuredmedia":[{"embeddable":true,"href":"https:\/\/www.cannabis.es\/pw\/wp-json\/wp\/v2\/media\/1711"}],"wp:attachment":[{"href":"https:\/\/www.cannabis.es\/pw\/wp-json\/wp\/v2\/media?parent=1710"}],"wp:term":[{"taxonomy":"category","embeddable":true,"href":"https:\/\/www.cannabis.es\/pw\/wp-json\/wp\/v2\/categories?post=1710"},{"taxonomy":"post_tag","embeddable":true,"href":"https:\/\/www.cannabis.es\/pw\/wp-json\/wp\/v2\/tags?post=1710"}],"curies":[{"name":"wp","href":"https:\/\/api.w.org\/{rel}","templated":true}]}}