{"id":1719,"date":"2020-02-12T15:49:21","date_gmt":"2020-02-12T14:49:21","guid":{"rendered":"http:\/\/www.cannabis.es\/pw\/?p=1719"},"modified":"2020-07-22T13:43:57","modified_gmt":"2020-07-22T11:43:57","slug":"cannabis-europa-intercambia-pero-no-trasciende","status":"publish","type":"post","link":"https:\/\/www.cannabis.es\/pw\/2020\/02\/12\/cannabis-europa-intercambia-pero-no-trasciende\/","title":{"rendered":"Cannabis Europa intercambia pero no trasciende"},"content":{"rendered":"\n<p>Benito D\u00edaz<\/p>\n\n\n\n<p>El pasado 10 de febrero, se celebr\u00f3 en Madrid el foro Cannabis Europa, una reuni\u00f3n que concentraba a los principales actores en la escena industrial de la marihuana terap\u00e9utica nacional e internacional. Empresarios extranjeros tuvieron la ocasi\u00f3n de contactar con las principales compa\u00f1\u00edas que ya operan en nuestro pa\u00eds en relaci\u00f3n a la planta y sus posibilidades de negocio.<\/p>\n\n\n\n<hr class=\"wp-block-separator\"\/>\n\n\n\n<p>El evento se celebr\u00f3 en el Hotel Intercontinental, un edificio sito en la avenida Castellana. Su fastuoso aspecto revelaba su categor\u00eda de cinco estrellas.&nbsp;<em>\u201cCannabis Europa es el mejor foro para compartir conocimiento y moldear el futuro del Cannabis y ofrece mesas redondas para discutir los asuntos espec\u00edficamente europeos a los que se enfrenta esta naciente industria\u201d<\/em><em>,<\/em>&nbsp;afirmaba la directora Rachel Jones en el panfleto entregado con la acreditaci\u00f3n. Al parecer, se trataba de la sexta edici\u00f3n de este congreso.<\/p>\n\n\n\n<h3 class=\"wp-block-heading\"><strong>Bienvenida<\/strong><\/h3>\n\n\n\n<p>El discurso inicial qued\u00f3 en manos de Stephen Murphy, director de managening de Prohibition Partners, consultor\u00eda de an\u00e1lisis y estrategia para el mercado del Cannabis.&nbsp;<em>\u201cSe trata de un gran mercado que necesita una regulaci\u00f3n para poder desarrollar todo su potencial\u201d,<\/em>&nbsp;afirm\u00f3 Murphy en el estrado. Luego, en declaraciones a Cannabis.es, Murphy asegur\u00f3 que&nbsp;<em>\u201cCannabis Europa est\u00e1 ayudando a traer puntos de vista distintos y debates intelectuales positivos, adem\u00e1s de estudiar el acercamiento y acceso al Cannabis de los pacientes en Europa.&nbsp;<strong>Creemos que no se ha aprovechado el desarrollo de pol\u00edticas para conjuntar los distintos factores con la oportunidad de negocio.<\/strong>&nbsp;Hemos creado estos eventos para que los distintos agentes puedan ponerse en contacto, ahora que se est\u00e1 viviendo un momento excepcional en Europa\u201d<\/em><em>.<\/em><\/p>\n\n\n\n<p>Alex Gille subi\u00f3 a continuaci\u00f3n. El Director General de Aurora Europe y Aurora Deutschland, principal patrocinador del evento en la capital. Comenz\u00f3 hablando de las bondades de la planta y de aprovechar su potencial como f\u00e1rmaco. Se refiri\u00f3 a un ejemplo sobre el tratamiento de la Enfermedad de Crohn y asegur\u00f3 que el Cannabis en Espa\u00f1a \u201cno es legal y que las condiciones para conseguir un permiso son dif\u00edciles\u201d. A continuaci\u00f3n, el representante de la multinacional del Cannabis, delegada de Aurora Cannabis, otro pez gordo del negocio mundial, asegur\u00f3 que&nbsp;<em>\u201cen Espa\u00f1a existen los Clubes Sociales de Cannabis, tampoco son legales y los productos que ofrecen no tienen ninguna garant\u00eda. Necesitamos regular el mercado para cuidar de los pacientes y para ello, debemos trabajar juntos\u201d.<\/em><\/p>\n\n\n\n<h3 class=\"wp-block-heading\"><strong>Pol\u00edtica del Cannabis en Europa y Espa\u00f1a<\/strong><\/h3>\n\n\n\n<p>En la segunda mesa subi\u00f3 a la palestra a Joao Gama (Gama Gloria), Janosch Kratz (Cl\u00ednica Kalapa), James O\u00b4Dowd (European Alliance for Medicinal Cannabis), Carola P\u00e9rez (Observatorio Espa\u00f1ol del Cannabis Medicinal) y a Jos\u00e9 Luis Mart\u00edn (Baker Tilly Abogados) como moderador.<\/p>\n\n\n\n<p>Carola P\u00e9rez fue de las pocas personas a las que pudo escucharse al respecto de una defensa o menci\u00f3n siquiera al autocultivo, cuando asever\u00f3 que&nbsp;<em>\u201c<strong>no tenemos una regulaci\u00f3n que permita el autocultivo<\/strong>, hay que pasar muchos tr\u00e1mites, tratar con la polic\u00eda y conseguir permisos dif\u00edciles\u201d. \u201c<strong>Me cuesta ver c\u00f3mo toda esta gente dice que quiere cuidar al paciente<\/strong>&nbsp;y luego parece que el paciente cuenta poco. En nuestro proyecto&nbsp;<\/em>(2emociones)<em>&nbsp;llevamos cuatro a\u00f1os luchando por la regulaci\u00f3n y no tenemos ninguna ayuda ni apoyo de estas grandes compa\u00f1\u00edas\u201d,<\/em>&nbsp;<a href=\"http:\/\/www.cannabis.es\/pw\/2019\/03\/11\/cannabis-medicinal-en-el-control-del-dolor-cronico\/\">explicaba Carola<\/a>&nbsp;m\u00e1s tarde.<\/p>\n\n\n\n<p>Breves menciones a los Derechos Humanos, a la necesidad de acceso a los f\u00e1rmacos y a la propuesta de presentar un proyecto piloto en nuestro pa\u00eds. La conclusi\u00f3n a la pregunta sobre c\u00f3mo se van a desarrollar las regulaciones en Espa\u00f1a apunt\u00f3 a que es necesario un encuentro con los actores pol\u00edticos, tales como Podemos y, sobre todo, PSOE.<\/p>\n\n\n\n<p>La&nbsp;<strong>ausencia de representantes de partidos pol\u00edticos nacionales<\/strong>&nbsp;fue notable y parte destacada por muchos de los asistentes. Incluso la<strong>&nbsp;desaparici\u00f3n de un \u201ccabeza de cartel\u201d como Piernicola Pedicini, europarlamentario portavoz del Partido Cinco Estrellas italiano<\/strong>, podr\u00eda incluirse en este grupo.<\/p>\n\n\n\n<p>En la mesa m\u00e1s cient\u00edfica, expertos en la investigaci\u00f3n m\u00e9dica del Cannabis charlaron sobre f\u00e1rmacos y mol\u00e9culas que afectan al \u201cproducto\u201d. Analizaron los cannabinoides y explicaron el sistema endocannabinoide, c\u00f3mo \u00e9stas part\u00edculas afectan a los funcionamientos del cuerpo humano. En la conversaci\u00f3n, Hanna Deacon (Lyphe Group), Jose Lu\u00eds Adrio (ADL Bionatur), Ver\u00f3nica Codesido (Phytoplant), Manuel Guzm\u00e1n (OEDCM) y Guillermo Moreno Sanz (Abagune Research) como moderador. La necesidad de financiaci\u00f3n para llevar a cabo m\u00e1s grandes y mejores investigaciones, fue una de las necesidades que se apuntaron.&nbsp;<em>\u201cEste evento est\u00e1 focalizado en la industria. Soy un investigador y el tema del negocio se me escapa un poco, pero creo que debemos trabajar todos juntos. La industria es otro actor m\u00e1s, estar\u00eda bien que velara por el paciente y no solo por el bolsillo. Me gustar\u00eda que se escuchase al paciente, a los profesionales de la salud y que pudi\u00e9ramos llegar a un entendimiento entre todos aqu\u00ed en Espa\u00f1a\u201d,&nbsp;<\/em>aclar\u00f3&nbsp;<a href=\"http:\/\/www.cannabis.es\/pw\/2018\/10\/29\/cannabis-droga-o-farmaco\/\">Guzm\u00e1n a los<\/a>&nbsp;micr\u00f3fonos de Cannabis.es<\/p>\n\n\n\n<p>Las mesas de debate que siguieron a continuaci\u00f3n, matizando en sus respectivas tem\u00e1ticas, rondaron un mismo tema. Desde luego, Espa\u00f1a es una oportunidad de negocio, como aclararon Murphy y su compa\u00f1ero William Muecke (Artemis Growth Partners), que repitieron sus argumentos tales como la hist\u00f3rica legislaci\u00f3n de nuestro pa\u00eds al respecto del Opio, las grandes posibilidades de la inversi\u00f3n de capital para un lugar donde todav\u00eda no se ha establecido una regulaci\u00f3n, fuera de las telas de ara\u00f1a de otros pa\u00edses europeos. Una y otra vez, ese mismo recurso se frecuent\u00f3 en todas las mesas, sin contestar realmente a la pregunta de qu\u00e9 pasar\u00eda si al final no se regulariza el mercado del Cannabis.<\/p>\n\n\n\n<figure class=\"wp-block-image\"><img decoding=\"async\" src=\"https:\/\/cannabis.es\/web\/images\/cannabis_europa_1.jpg\" alt=\"cannabis_europa_1.jpg\"\/><\/figure>\n\n\n\n<h3 class=\"wp-block-heading\"><strong>Espa\u00f1a, oportunidad para la inversi\u00f3n<\/strong><\/h3>\n\n\n\n<p>En la pen\u00faltima ronda, se discuti\u00f3 al respecto del t\u00edtulo \u201cEl Lugar de Espa\u00f1a en la industria europea del Cannabis\u201d ante los inversores Luis de Palacio (Federaci\u00f3n Espa\u00f1ola de Farmac\u00e9uticos, Camilo Botero (Procolombia), Salvador Garc\u00eda Ruiz (Aurora Spain), Jos\u00e9 Antonio de la Fuente (Linneo Health) y moderando, Cristina Romero de Alba (Loyra).&nbsp;<em>\u201cNo est\u00e1 claro donde estar\u00e1 la industria en el futuro, pero seguro que en un escenario m\u00e1s definido. Necesitamos un entorno legal adecuado\u201d,<\/em>&nbsp;declar\u00f3 el portavoz de Linneo,&nbsp;<a href=\"http:\/\/www.cannabis.es\/pw\/2020\/01\/20\/canopy-growth-multinacional-del-cannabis\/\">socio de Alcaliber<\/a>&nbsp;por medio de Torreal.&nbsp;<em>\u201cHay que dejar de esconder la realidad del Cannabis Medicinal. En cinco a\u00f1os, esto estar\u00e1 m\u00e1s consolidado\u201d,<\/em>&nbsp;expuso De la Fuente. Por su parte, Garc\u00eda Ruiz se refiri\u00f3 a esa necesidad de regulaci\u00f3n, aseverando que es precisa una \u201cdesideologizaci\u00f3n del Cannabis\u201d.&nbsp;<em>\u201cSi se entra en una lucha pol\u00edtica entre t\u00e9rminos de izquierda-derecha, se corre el peligro de que no se produzca regulaci\u00f3n alguna. Se trata de un tema de salud p\u00fablica y como tal debe ser tratado. Hay mucha confusi\u00f3n alrededor del cannabis medicinal, se crean estigmas, se mezcla con el tema del cannabis recreativo y se alcanzan muchos componentes pol\u00edticos. Hay que apartarlo un poco para tener una conversaci\u00f3n adulta\u201d.<\/em><\/p>\n\n\n\n<p>En acuerdo con su compa\u00f1ero de mesa, De la Fuente afirm\u00f3 que&nbsp;<em>\u201csi los pol\u00edticos se involucran en esto, algo estamos haciendo mal. Se trata de un tema t\u00e9cnico, no pol\u00edtico. Esperamos que la nueva regulaci\u00f3n lo haga bien para todos nosotros. Espa\u00f1a es pionera en el cultivo de Cannabis a nivel mundial. Tenemos grupos de investigaci\u00f3n, referencias mundiales como Manuel Guzm\u00e1n. Pruebas de negocio, como una empresa peque\u00f1a&nbsp;<\/em>(Alcaliber?),<em>&nbsp;pionera, que se ha situado como referencia mundial. Necesitamos pol\u00edticos que construyan un sistema claro\u201d.<\/em><\/p>\n\n\n\n<p>\u201c<em>Este es un evento que viene a instar a los gobiernos a que regulen, pero estamos viendo que la situaci\u00f3n es que&nbsp;<\/em><em><strong>existen muchas expectativas<\/strong><\/em><em>, una gran burbuja,&nbsp;<\/em><em><strong>pero hoy por hoy pocas cosas son las que se pueden hacer<\/strong><\/em><em>.&nbsp;<\/em><em>Si no nos acompa\u00f1an cambios regulatorios que permitan entrar a las empresas en este sector, creo que esa burbuja se ir\u00e1 desinflando como estamos viendo en Canad\u00e1<\/em><em>, que empresas grandes est\u00e1n bajando mucho en sus cotizaciones\u201d,<\/em>&nbsp;relat\u00f3 Bernardo Soriano, representante de Regulaci\u00f3n Responsable, en declaraciones a Cannabis.es.<\/p>\n\n\n\n<figure class=\"wp-block-image\"><img decoding=\"async\" src=\"https:\/\/cannabis.es\/web\/images\/cannabis_europa_2.jpg\" alt=\"cannabis_europa_2.jpg\"\/><\/figure>\n\n\n\n<h3 class=\"wp-block-heading\"><strong>Conclusi\u00f3n<\/strong><\/h3>\n\n\n\n<p>Concluyeron las charlas dejando fuera cuestiones como la&nbsp;<strong>nula representaci\u00f3n del tejido social cann\u00e1bico<\/strong>, los responsables de los CSC, las federaciones cann\u00e1bicas o la posici\u00f3n de la parte mayoritaria de los consumidores, los recreativos. Al parecer, no interesan para hacer fuertes inversiones en nuestro pa\u00eds. Es imposible que un consumidor promedio pudiera sentirse identificado con lo que all\u00ed se propuso.<\/p>\n\n\n\n<p>El evento finaliz\u00f3 con una recepci\u00f3n y c\u00f3cteles para los asistentes. La rueda de los negocios no se detiene nunca, a pesar de ir engrasada con argumentos repetitivos y esquivando preguntas como si fueran baches en la carretera hacia un sol de oro.<\/p>\n","protected":false},"excerpt":{"rendered":"<span class=\"span-reading-time rt-reading-time\" style=\"display: block;\"><span class=\"rt-label rt-prefix\">Tiempo de lectura:<\/span> <span class=\"rt-time\"> 5<\/span> <span class=\"rt-label rt-postfix\">minutos<\/span><\/span>Benito D\u00edaz El pasado 10 de febrero, se celebr\u00f3 en Madrid el foro Cannabis Europa, una reuni\u00f3n que concentraba a los principales actores en la escena industrial de la marihuana terap\u00e9utica nacional e internacional. Empresarios extranjeros tuvieron la ocasi\u00f3n de contactar con las principales compa\u00f1\u00edas que ya operan en nuestro pa\u00eds en relaci\u00f3n a la [&hellip;]","protected":false},"author":1,"featured_media":1720,"comment_status":"closed","ping_status":"closed","sticky":false,"template":"","format":"standard","meta":{"loftocean-featured-post":"","loftocean_post_format_gallery":"","loftocean_post_format_gallery_ids":"","loftocean_post_format_gallery_urls":"","loftocean_post_format_video_id":"","loftocean_post_format_video_url":"","loftocean_post_format_video_type":"","loftocean_post_format_video":"","loftocean_post_format_audio_type":"","loftocean_post_format_audio_url":"","loftocean_post_format_audio_id":"","loftocean_post_format_audio":"","loftocean_post_format_quote_text":"","loftocean_post_format_quote_byline":"","loftocean_post_format_link_text":"","loftocean_post_format_link_url":"","ceramag_post_header_style":"","ceramag_enable_background_video":"","ceramag_show_in_top_slider":"","ceramag_post_background_video_start":"","ceramag_post_background_video_end":"","loftocean_page_background_video_id":"","loftocean_page_background_video_url":"","loftocean_page_background_video_type":"","loftocean_page_background_video":"","ceramag_background_video_start":"","ceramag_background_video_end":"","ceramag_single_page_hide_header":"","footnotes":""},"categories":[35],"tags":[43,41,588],"class_list":["post-1719","post","type-post","status-publish","format-standard","has-post-thumbnail","hentry","category-politica-y-sociedad","tag-benito-diaz","tag-cannabis","tag-industria-del-cannabis"],"yoast_head":"<!-- This site is optimized with the Yoast SEO plugin v24.9 - https:\/\/yoast.com\/wordpress\/plugins\/seo\/ -->\n<title>Cannabis Europa intercambia pero no trasciende<\/title>\n<meta name=\"description\" content=\"Entrada &#8226; Portal multimedia sobre cannabis y otras sustancias &#8226; 12 febrero, 2020\" \/>\n<meta name=\"robots\" content=\"index, follow, max-snippet:-1, max-image-preview:large, max-video-preview:-1\" \/>\n<link rel=\"canonical\" href=\"https:\/\/www.cannabis.es\/pw\/2020\/02\/12\/cannabis-europa-intercambia-pero-no-trasciende\/\" \/>\n<meta name=\"twitter:card\" content=\"summary_large_image\" \/>\n<meta name=\"twitter:title\" content=\"Cannabis Europa intercambia pero no trasciende\" \/>\n<meta name=\"twitter:description\" content=\"Entrada &#8226; Portal multimedia sobre cannabis y otras sustancias &#8226; 12 febrero, 2020\" \/>\n<meta name=\"twitter:image\" content=\"https:\/\/www.cannabis.es\/pw\/wp-content\/uploads\/2020\/05\/cannabis_europa_portada_1.jpg\" \/>\n<meta name=\"twitter:creator\" content=\"@cannabis_es\" \/>\n<meta name=\"twitter:site\" content=\"@cannabis_es\" \/>\n<meta name=\"twitter:label1\" content=\"Escrito por\" \/>\n\t<meta name=\"twitter:data1\" content=\"Cannabis.es\" \/>\n\t<meta name=\"twitter:label2\" content=\"Tiempo de lectura\" \/>\n\t<meta name=\"twitter:data2\" content=\"8 minutos\" \/>\n<script type=\"application\/ld+json\" class=\"yoast-schema-graph\">{\"@context\":\"https:\/\/schema.org\",\"@graph\":[{\"@type\":\"Article\",\"@id\":\"https:\/\/www.cannabis.es\/pw\/2020\/02\/12\/cannabis-europa-intercambia-pero-no-trasciende\/#article\",\"isPartOf\":{\"@id\":\"https:\/\/www.cannabis.es\/pw\/2020\/02\/12\/cannabis-europa-intercambia-pero-no-trasciende\/\"},\"author\":{\"name\":\"Cannabis.es\",\"@id\":\"https:\/\/www.cannabis.es\/pw\/#\/schema\/person\/e2fbd204580cf4fe74c79b82bc447374\"},\"headline\":\"Cannabis Europa intercambia pero no trasciende\",\"datePublished\":\"2020-02-12T14:49:21+00:00\",\"dateModified\":\"2020-07-22T11:43:57+00:00\",\"mainEntityOfPage\":{\"@id\":\"https:\/\/www.cannabis.es\/pw\/2020\/02\/12\/cannabis-europa-intercambia-pero-no-trasciende\/\"},\"wordCount\":1561,\"publisher\":{\"@id\":\"https:\/\/www.cannabis.es\/pw\/#organization\"},\"image\":{\"@id\":\"https:\/\/www.cannabis.es\/pw\/2020\/02\/12\/cannabis-europa-intercambia-pero-no-trasciende\/#primaryimage\"},\"thumbnailUrl\":\"https:\/\/www.cannabis.es\/pw\/wp-content\/uploads\/2020\/05\/cannabis_europa_portada_1.jpg\",\"keywords\":[\"Benito D\u00edaz\",\"cannabis\",\"industria del cannabis\"],\"articleSection\":[\"Pol\u00edtica y Sociedad\"],\"inLanguage\":\"es\"},{\"@type\":\"WebPage\",\"@id\":\"https:\/\/www.cannabis.es\/pw\/2020\/02\/12\/cannabis-europa-intercambia-pero-no-trasciende\/\",\"url\":\"https:\/\/www.cannabis.es\/pw\/2020\/02\/12\/cannabis-europa-intercambia-pero-no-trasciende\/\",\"name\":\"Cannabis Europa intercambia pero no trasciende\",\"isPartOf\":{\"@id\":\"https:\/\/www.cannabis.es\/pw\/#website\"},\"primaryImageOfPage\":{\"@id\":\"https:\/\/www.cannabis.es\/pw\/2020\/02\/12\/cannabis-europa-intercambia-pero-no-trasciende\/#primaryimage\"},\"image\":{\"@id\":\"https:\/\/www.cannabis.es\/pw\/2020\/02\/12\/cannabis-europa-intercambia-pero-no-trasciende\/#primaryimage\"},\"thumbnailUrl\":\"https:\/\/www.cannabis.es\/pw\/wp-content\/uploads\/2020\/05\/cannabis_europa_portada_1.jpg\",\"datePublished\":\"2020-02-12T14:49:21+00:00\",\"dateModified\":\"2020-07-22T11:43:57+00:00\",\"description\":\"Entrada &#8226; Portal multimedia sobre cannabis y otras sustancias &#8226; 12 febrero, 2020\",\"breadcrumb\":{\"@id\":\"https:\/\/www.cannabis.es\/pw\/2020\/02\/12\/cannabis-europa-intercambia-pero-no-trasciende\/#breadcrumb\"},\"inLanguage\":\"es\",\"potentialAction\":[{\"@type\":\"ReadAction\",\"target\":[\"https:\/\/www.cannabis.es\/pw\/2020\/02\/12\/cannabis-europa-intercambia-pero-no-trasciende\/\"]}]},{\"@type\":\"ImageObject\",\"inLanguage\":\"es\",\"@id\":\"https:\/\/www.cannabis.es\/pw\/2020\/02\/12\/cannabis-europa-intercambia-pero-no-trasciende\/#primaryimage\",\"url\":\"https:\/\/www.cannabis.es\/pw\/wp-content\/uploads\/2020\/05\/cannabis_europa_portada_1.jpg\",\"contentUrl\":\"https:\/\/www.cannabis.es\/pw\/wp-content\/uploads\/2020\/05\/cannabis_europa_portada_1.jpg\",\"width\":959,\"height\":475},{\"@type\":\"BreadcrumbList\",\"@id\":\"https:\/\/www.cannabis.es\/pw\/2020\/02\/12\/cannabis-europa-intercambia-pero-no-trasciende\/#breadcrumb\",\"itemListElement\":[{\"@type\":\"ListItem\",\"position\":1,\"name\":\"Portada\",\"item\":\"http:\/\/www.cannabis.es\/pw\/\"},{\"@type\":\"ListItem\",\"position\":2,\"name\":\"Cannabis Europa intercambia pero no trasciende\"}]},{\"@type\":\"WebSite\",\"@id\":\"https:\/\/www.cannabis.es\/pw\/#website\",\"url\":\"https:\/\/www.cannabis.es\/pw\/\",\"name\":\"Cannabis\",\"description\":\"Portal multimedia sobre cannabis y otras sustancias\",\"publisher\":{\"@id\":\"https:\/\/www.cannabis.es\/pw\/#organization\"},\"potentialAction\":[{\"@type\":\"SearchAction\",\"target\":{\"@type\":\"EntryPoint\",\"urlTemplate\":\"https:\/\/www.cannabis.es\/pw\/?s={search_term_string}\"},\"query-input\":{\"@type\":\"PropertyValueSpecification\",\"valueRequired\":true,\"valueName\":\"search_term_string\"}}],\"inLanguage\":\"es\"},{\"@type\":\"Organization\",\"@id\":\"https:\/\/www.cannabis.es\/pw\/#organization\",\"name\":\"Cannabis.es\",\"url\":\"https:\/\/www.cannabis.es\/pw\/\",\"logo\":{\"@type\":\"ImageObject\",\"inLanguage\":\"es\",\"@id\":\"https:\/\/www.cannabis.es\/pw\/#\/schema\/logo\/image\/\",\"url\":\"https:\/\/www.cannabis.es\/pw\/wp-content\/uploads\/2019\/04\/cropped-logo_cannabis.png\",\"contentUrl\":\"https:\/\/www.cannabis.es\/pw\/wp-content\/uploads\/2019\/04\/cropped-logo_cannabis.png\",\"width\":361,\"height\":120,\"caption\":\"Cannabis.es\"},\"image\":{\"@id\":\"https:\/\/www.cannabis.es\/pw\/#\/schema\/logo\/image\/\"},\"sameAs\":[\"https:\/\/x.com\/cannabis_es\"]},{\"@type\":\"Person\",\"@id\":\"https:\/\/www.cannabis.es\/pw\/#\/schema\/person\/e2fbd204580cf4fe74c79b82bc447374\",\"name\":\"Cannabis.es\",\"image\":{\"@type\":\"ImageObject\",\"inLanguage\":\"es\",\"@id\":\"https:\/\/www.cannabis.es\/pw\/#\/schema\/person\/image\/\",\"url\":\"https:\/\/secure.gravatar.com\/avatar\/4375b1eb6e272e2e48a4b8a8def52e5f208151f555bb5906da616906ee6dd2e8?s=96&d=mm&r=g\",\"contentUrl\":\"https:\/\/secure.gravatar.com\/avatar\/4375b1eb6e272e2e48a4b8a8def52e5f208151f555bb5906da616906ee6dd2e8?s=96&d=mm&r=g\",\"caption\":\"Cannabis.es\"},\"url\":\"https:\/\/www.cannabis.es\/pw\/author\/cannabis\/\"}]}<\/script>\n<!-- \/ Yoast SEO plugin. -->","yoast_head_json":{"title":"Cannabis Europa intercambia pero no trasciende","description":"Entrada &#8226; Portal multimedia sobre cannabis y otras sustancias &#8226; 12 febrero, 2020","robots":{"index":"index","follow":"follow","max-snippet":"max-snippet:-1","max-image-preview":"max-image-preview:large","max-video-preview":"max-video-preview:-1"},"canonical":"https:\/\/www.cannabis.es\/pw\/2020\/02\/12\/cannabis-europa-intercambia-pero-no-trasciende\/","twitter_card":"summary_large_image","twitter_title":"Cannabis Europa intercambia pero no trasciende","twitter_description":"Entrada &#8226; Portal multimedia sobre cannabis y otras sustancias &#8226; 12 febrero, 2020","twitter_image":"https:\/\/www.cannabis.es\/pw\/wp-content\/uploads\/2020\/05\/cannabis_europa_portada_1.jpg","twitter_creator":"@cannabis_es","twitter_site":"@cannabis_es","twitter_misc":{"Escrito por":"Cannabis.es","Tiempo de lectura":"8 minutos"},"schema":{"@context":"https:\/\/schema.org","@graph":[{"@type":"Article","@id":"https:\/\/www.cannabis.es\/pw\/2020\/02\/12\/cannabis-europa-intercambia-pero-no-trasciende\/#article","isPartOf":{"@id":"https:\/\/www.cannabis.es\/pw\/2020\/02\/12\/cannabis-europa-intercambia-pero-no-trasciende\/"},"author":{"name":"Cannabis.es","@id":"https:\/\/www.cannabis.es\/pw\/#\/schema\/person\/e2fbd204580cf4fe74c79b82bc447374"},"headline":"Cannabis Europa intercambia pero no trasciende","datePublished":"2020-02-12T14:49:21+00:00","dateModified":"2020-07-22T11:43:57+00:00","mainEntityOfPage":{"@id":"https:\/\/www.cannabis.es\/pw\/2020\/02\/12\/cannabis-europa-intercambia-pero-no-trasciende\/"},"wordCount":1561,"publisher":{"@id":"https:\/\/www.cannabis.es\/pw\/#organization"},"image":{"@id":"https:\/\/www.cannabis.es\/pw\/2020\/02\/12\/cannabis-europa-intercambia-pero-no-trasciende\/#primaryimage"},"thumbnailUrl":"https:\/\/www.cannabis.es\/pw\/wp-content\/uploads\/2020\/05\/cannabis_europa_portada_1.jpg","keywords":["Benito D\u00edaz","cannabis","industria del cannabis"],"articleSection":["Pol\u00edtica y Sociedad"],"inLanguage":"es"},{"@type":"WebPage","@id":"https:\/\/www.cannabis.es\/pw\/2020\/02\/12\/cannabis-europa-intercambia-pero-no-trasciende\/","url":"https:\/\/www.cannabis.es\/pw\/2020\/02\/12\/cannabis-europa-intercambia-pero-no-trasciende\/","name":"Cannabis Europa intercambia pero no trasciende","isPartOf":{"@id":"https:\/\/www.cannabis.es\/pw\/#website"},"primaryImageOfPage":{"@id":"https:\/\/www.cannabis.es\/pw\/2020\/02\/12\/cannabis-europa-intercambia-pero-no-trasciende\/#primaryimage"},"image":{"@id":"https:\/\/www.cannabis.es\/pw\/2020\/02\/12\/cannabis-europa-intercambia-pero-no-trasciende\/#primaryimage"},"thumbnailUrl":"https:\/\/www.cannabis.es\/pw\/wp-content\/uploads\/2020\/05\/cannabis_europa_portada_1.jpg","datePublished":"2020-02-12T14:49:21+00:00","dateModified":"2020-07-22T11:43:57+00:00","description":"Entrada &#8226; Portal multimedia sobre cannabis y otras sustancias &#8226; 12 febrero, 2020","breadcrumb":{"@id":"https:\/\/www.cannabis.es\/pw\/2020\/02\/12\/cannabis-europa-intercambia-pero-no-trasciende\/#breadcrumb"},"inLanguage":"es","potentialAction":[{"@type":"ReadAction","target":["https:\/\/www.cannabis.es\/pw\/2020\/02\/12\/cannabis-europa-intercambia-pero-no-trasciende\/"]}]},{"@type":"ImageObject","inLanguage":"es","@id":"https:\/\/www.cannabis.es\/pw\/2020\/02\/12\/cannabis-europa-intercambia-pero-no-trasciende\/#primaryimage","url":"https:\/\/www.cannabis.es\/pw\/wp-content\/uploads\/2020\/05\/cannabis_europa_portada_1.jpg","contentUrl":"https:\/\/www.cannabis.es\/pw\/wp-content\/uploads\/2020\/05\/cannabis_europa_portada_1.jpg","width":959,"height":475},{"@type":"BreadcrumbList","@id":"https:\/\/www.cannabis.es\/pw\/2020\/02\/12\/cannabis-europa-intercambia-pero-no-trasciende\/#breadcrumb","itemListElement":[{"@type":"ListItem","position":1,"name":"Portada","item":"http:\/\/www.cannabis.es\/pw\/"},{"@type":"ListItem","position":2,"name":"Cannabis Europa intercambia pero no trasciende"}]},{"@type":"WebSite","@id":"https:\/\/www.cannabis.es\/pw\/#website","url":"https:\/\/www.cannabis.es\/pw\/","name":"Cannabis","description":"Portal multimedia sobre cannabis y otras sustancias","publisher":{"@id":"https:\/\/www.cannabis.es\/pw\/#organization"},"potentialAction":[{"@type":"SearchAction","target":{"@type":"EntryPoint","urlTemplate":"https:\/\/www.cannabis.es\/pw\/?s={search_term_string}"},"query-input":{"@type":"PropertyValueSpecification","valueRequired":true,"valueName":"search_term_string"}}],"inLanguage":"es"},{"@type":"Organization","@id":"https:\/\/www.cannabis.es\/pw\/#organization","name":"Cannabis.es","url":"https:\/\/www.cannabis.es\/pw\/","logo":{"@type":"ImageObject","inLanguage":"es","@id":"https:\/\/www.cannabis.es\/pw\/#\/schema\/logo\/image\/","url":"https:\/\/www.cannabis.es\/pw\/wp-content\/uploads\/2019\/04\/cropped-logo_cannabis.png","contentUrl":"https:\/\/www.cannabis.es\/pw\/wp-content\/uploads\/2019\/04\/cropped-logo_cannabis.png","width":361,"height":120,"caption":"Cannabis.es"},"image":{"@id":"https:\/\/www.cannabis.es\/pw\/#\/schema\/logo\/image\/"},"sameAs":["https:\/\/x.com\/cannabis_es"]},{"@type":"Person","@id":"https:\/\/www.cannabis.es\/pw\/#\/schema\/person\/e2fbd204580cf4fe74c79b82bc447374","name":"Cannabis.es","image":{"@type":"ImageObject","inLanguage":"es","@id":"https:\/\/www.cannabis.es\/pw\/#\/schema\/person\/image\/","url":"https:\/\/secure.gravatar.com\/avatar\/4375b1eb6e272e2e48a4b8a8def52e5f208151f555bb5906da616906ee6dd2e8?s=96&d=mm&r=g","contentUrl":"https:\/\/secure.gravatar.com\/avatar\/4375b1eb6e272e2e48a4b8a8def52e5f208151f555bb5906da616906ee6dd2e8?s=96&d=mm&r=g","caption":"Cannabis.es"},"url":"https:\/\/www.cannabis.es\/pw\/author\/cannabis\/"}]}},"_links":{"self":[{"href":"https:\/\/www.cannabis.es\/pw\/wp-json\/wp\/v2\/posts\/1719","targetHints":{"allow":["GET"]}}],"collection":[{"href":"https:\/\/www.cannabis.es\/pw\/wp-json\/wp\/v2\/posts"}],"about":[{"href":"https:\/\/www.cannabis.es\/pw\/wp-json\/wp\/v2\/types\/post"}],"author":[{"embeddable":true,"href":"https:\/\/www.cannabis.es\/pw\/wp-json\/wp\/v2\/users\/1"}],"replies":[{"embeddable":true,"href":"https:\/\/www.cannabis.es\/pw\/wp-json\/wp\/v2\/comments?post=1719"}],"version-history":[{"count":3,"href":"https:\/\/www.cannabis.es\/pw\/wp-json\/wp\/v2\/posts\/1719\/revisions"}],"predecessor-version":[{"id":5890,"href":"https:\/\/www.cannabis.es\/pw\/wp-json\/wp\/v2\/posts\/1719\/revisions\/5890"}],"wp:featuredmedia":[{"embeddable":true,"href":"https:\/\/www.cannabis.es\/pw\/wp-json\/wp\/v2\/media\/1720"}],"wp:attachment":[{"href":"https:\/\/www.cannabis.es\/pw\/wp-json\/wp\/v2\/media?parent=1719"}],"wp:term":[{"taxonomy":"category","embeddable":true,"href":"https:\/\/www.cannabis.es\/pw\/wp-json\/wp\/v2\/categories?post=1719"},{"taxonomy":"post_tag","embeddable":true,"href":"https:\/\/www.cannabis.es\/pw\/wp-json\/wp\/v2\/tags?post=1719"}],"curies":[{"name":"wp","href":"https:\/\/api.w.org\/{rel}","templated":true}]}}