{"id":1743,"date":"2020-02-28T16:30:24","date_gmt":"2020-02-28T15:30:24","guid":{"rendered":"http:\/\/www.cannabis.es\/pw\/?p=1743"},"modified":"2020-07-17T13:27:58","modified_gmt":"2020-07-17T11:27:58","slug":"confac-echa-raices-frente-al-congreso","status":"publish","type":"post","link":"https:\/\/www.cannabis.es\/pw\/2020\/02\/28\/confac-echa-raices-frente-al-congreso\/","title":{"rendered":"ConFAC echa ra\u00edces frente al Congreso"},"content":{"rendered":"\n<p>Benito D\u00edaz<\/p>\n\n\n\n<p>El pasado 26 de febrero, la Confederaci\u00f3n de Federaciones Cann\u00e1bicas (ConFAC) celebr\u00f3 un acto en el que se reunieron con representantes de los principales partidos pol\u00edticos ante las puertas del Congreso de los Diputados. Con esta acci\u00f3n, los activistas por la regularizaci\u00f3n de la marihuana demandaban una legislaci\u00f3n justa, eficaz y social para personas usuarias, productoras y sociedad civil.<\/p>\n\n\n\n<hr class=\"wp-block-separator\"\/>\n\n\n\n<p>La convocatoria llev\u00f3 a un grupo de personas a unirse frente a las estatuas de los leones; entre ellas, feministas contra la prohibici\u00f3n, productoras de c\u00e1\u00f1amo, presidentes de varias asociaciones cann\u00e1bicas, abogados y medios de comunicaci\u00f3n.<\/p>\n\n\n\n<p>\u201c<em>Consideramos necesario celebrar este acto para visibilizar la realidad de la situaci\u00f3n del Cannabis. Al final, parece que las reuniones y las incidencias se hacen siempre a puerta cerrada. Necesitamos que se conozca y poner el debate encima de la mesa, que sea la sociedad civil la que exija que se celebre el debate durante este mandato\u201d,&nbsp;<\/em><a href=\"https:\/\/twitter.com\/Patty_Pompas\">coment\u00f3 Patricia Amiguet,<\/a>&nbsp;portavoz de ConFAC, CATFAC y Mujeres Cann\u00e1bicas. Ambas activistas reconocieron la valent\u00eda de los congresistas, agradeci\u00e9ndoles su participaci\u00f3n y compromiso.<\/p>\n\n\n\n<p>Tambi\u00e9n&nbsp;<strong>echaron de menos al Partido Socialista<\/strong>, aunqueconf\u00edanen que&nbsp;<em>\u201cal final basar\u00e1 sus pol\u00edticas en la evidencia cient\u00edfica y en la protecci\u00f3n de los ciudadanos, tal como dijo el ministro de sanidad en sus \u00faltimas declaraciones al respecto de las asociaciones cann\u00e1bicas\u201d,<\/em>&nbsp;se\u00f1al\u00f3 Amiguet.<\/p>\n\n\n\n<p>\u201c<em>Creemos que&nbsp;<strong>esta legislatura es la oportunidad para regular los usos del Cannabis con criterios basados en la salud p\u00fablica y los derechos humanos<\/strong>, que es lo que llevamos defendiendo en ConFAC desde hace 20 a\u00f1os. Demandamos seguridad jur\u00eddica para todos los activistas, usuarios y clubes de Cannabis. Necesitamos valent\u00eda y voluntad pol\u00edtica\u201d,<\/em>&nbsp;<a href=\"https:\/\/twitter.com\/AnaAfuera\">declaraba Ana Afuera<\/a>, representante de ENCOD. Recordemos que el movimiento cann\u00e1bico ya ha dado importantes pasos hacia el debate nacional, como la hist\u00f3rica&nbsp;<a href=\"http:\/\/www.cannabis.es\/pw\/2018\/10\/22\/hacia-una-regulacion-integral-del-cannabis-jornada-en-el-congreso-de-los-diputados\/\">jornada del 18 de octubre<\/a>.<\/p>\n\n\n\n<p>Alrededor de las 10:30, los distintos congresistas fueron saliendo del edificio. Los activistas les obsequiaron con unos&nbsp;<strong>pins en forma de cogollos y ramos de c\u00e1\u00f1amo<\/strong>, que prendieron de sus solapas. Entre las asistentes, Sof\u00eda Casta\u00f1\u00f3n, Mar\u00eda Gloria Elizo y Luc\u00eda Mu\u00f1oz de&nbsp;<strong>Podemos<\/strong>, Marta Rosique de&nbsp;<strong>ERC<\/strong>, Miriam Nogueras de<strong>&nbsp;PDeCAT<\/strong>, Pau Cambronero de&nbsp;<strong>Cs<\/strong>, I\u00f1aki Ruiz de&nbsp;<strong>EHBildu<\/strong>&nbsp;e \u00cd\u00f1igo Errej\u00f3n de&nbsp;<strong>M\u00e1s Pa\u00eds<\/strong>.<\/p>\n\n\n\n<p><em>\u201c<\/em><em>Creo que la prohibici\u00f3n ha demostrado ser un sistema inefectivo que no evita el consumo ilegal, que no hace que el dinero negro aflore a las cuentas p\u00fablicas, que no permite la prevenci\u00f3n, que no permite la educaci\u00f3n, que no permite la formaci\u00f3n y, por tanto, creo que hay que cambiar de modelo. Cuando un sistema no funciona, hay que cambiar a un modelo m\u00e1s racional, un modelo que se pueda regular, formar y prevenir. Que se pueda dar buena informaci\u00f3n a los menores y cuyos ingresos puedan aportar a la econom\u00eda espa\u00f1ola. Pienso que es una reivindicaci\u00f3n de mucha gente y de cada vez m\u00e1s, que se ha venido normalizando en la sociedad civil, en la cultura popular y que falta por llegar a las leyes. En este caso,<\/em>&nbsp;<em><strong>la sociedad ha ido por delante de los legisladores. Simplemente, hay que acompasarlas<\/strong><\/em><em>\u201d,&nbsp;<\/em><strong>sostuvo Errej\u00f3n para Cannabis.es<\/strong>.<\/p>\n\n\n\n<p>Entre las reivindicaciones de ConFAC, una nueva pol\u00edtica de drogas al servicio de la ciudadan\u00eda, para protegerla y mejorar la salud p\u00fablica, reduciendo la delincuencia, corrupci\u00f3n y violencia, con m\u00e1s seguridad, protecci\u00f3n a los j\u00f3venes y grupos vulnerables. Tambi\u00e9n,&nbsp;<em>\u201cproducir la mejor relaci\u00f3n costo-beneficio para la sociedad y as\u00ed proteger los Derechos Humanos\u201d<\/em>&nbsp;como exponen en el comunicado&nbsp;<a href=\"https:\/\/confac.org\/\">colgado en su web.<\/a>&nbsp;Seg\u00fan este documento, que resalta la alternativa positiva que suponen los CSC, ConFAC estima que el Estado espa\u00f1ol cuenta con m\u00e1s de 10.000 cultivadores y 1.500 CSC. Adem\u00e1s, la regulaci\u00f3n de la Marihuana&nbsp;<em>\u201cgenerar\u00eda m\u00e1s de 8.000 puestos de trabajo y considerables ahorros en gasto p\u00fablico en materia administrativa, policial y judicial<\/em>\u201d.<\/p>\n\n\n\n<p>Las camisetas que luc\u00edan las activistas invitaban a participar en la pr\u00f3xima&nbsp;<a href=\"http:\/\/www.cannabis.es\/pw\/2019\/05\/13\/mas-de-25-000-personas-en-la-marcha-mundial-de-la-marihuana-de-madrid-2019\/\">Marcha Mundial de la Marihuana de Madrid<\/a>, el pr\u00f3ximo 9 de Mayo a las 18:00 en la Puerta del Sol, una jornada festiva en la que los activistas reclaman la regulaci\u00f3n de planta, que podr\u00e1 seguirse por las redes bajo el hashtag #MMMM20. Adem\u00e1s, invitaron a todo el que quiera a participar en sus mesas de debate \u201cSembrando el Cambio\u201d, que se celebrar\u00e1n el d\u00eda previo a la marcha.<\/p>\n","protected":false},"excerpt":{"rendered":"<span class=\"span-reading-time rt-reading-time\" style=\"display: block;\"><span class=\"rt-label rt-prefix\">Tiempo de lectura:<\/span> <span class=\"rt-time\"> 3<\/span> <span class=\"rt-label rt-postfix\">minutos<\/span><\/span>La Confederaci\u00f3n de Federaciones Cann\u00e1bicas (ConFAC) se reuni\u00f3 con representantes de los principales partidos pol\u00edticos ante las puertas del Congreso de los Diputados por la regulaci\u00f3n.","protected":false},"author":1,"featured_media":1744,"comment_status":"closed","ping_status":"closed","sticky":false,"template":"","format":"standard","meta":{"loftocean-featured-post":"","loftocean_post_format_gallery":"","loftocean_post_format_gallery_ids":"","loftocean_post_format_gallery_urls":"","loftocean_post_format_video_id":"","loftocean_post_format_video_url":"","loftocean_post_format_video_type":"","loftocean_post_format_video":"","loftocean_post_format_audio_type":"","loftocean_post_format_audio_url":"","loftocean_post_format_audio_id":"","loftocean_post_format_audio":"","loftocean_post_format_quote_text":"","loftocean_post_format_quote_byline":"","loftocean_post_format_link_text":"","loftocean_post_format_link_url":"","ceramag_post_header_style":"","ceramag_enable_background_video":"","ceramag_show_in_top_slider":"","ceramag_post_background_video_start":"","ceramag_post_background_video_end":"","loftocean_page_background_video_id":"","loftocean_page_background_video_url":"","loftocean_page_background_video_type":"","loftocean_page_background_video":"","ceramag_background_video_start":"","ceramag_background_video_end":"","ceramag_single_page_hide_header":"","footnotes":""},"categories":[35],"tags":[43,54,42,56],"class_list":["post-1743","post","type-post","status-publish","format-standard","has-post-thumbnail","hentry","category-politica-y-sociedad","tag-benito-diaz","tag-legalizacion","tag-politica","tag-regulacion-cannabis"],"yoast_head":"<!-- This site is optimized with the Yoast SEO plugin v24.9 - https:\/\/yoast.com\/wordpress\/plugins\/seo\/ -->\n<title>ConFAC echa ra\u00edces frente al Congreso<\/title>\n<meta name=\"description\" content=\"Entrada &#8226; Portal multimedia sobre cannabis y otras sustancias &#8226; 28 febrero, 2020\" \/>\n<meta name=\"robots\" content=\"index, follow, max-snippet:-1, max-image-preview:large, max-video-preview:-1\" \/>\n<link rel=\"canonical\" href=\"https:\/\/www.cannabis.es\/pw\/2020\/02\/28\/confac-echa-raices-frente-al-congreso\/\" \/>\n<meta name=\"twitter:card\" content=\"summary_large_image\" \/>\n<meta name=\"twitter:title\" content=\"ConFAC echa ra\u00edces frente al Congreso\" \/>\n<meta name=\"twitter:description\" content=\"Entrada &#8226; Portal multimedia sobre cannabis y otras sustancias &#8226; 28 febrero, 2020\" \/>\n<meta name=\"twitter:image\" content=\"https:\/\/www.cannabis.es\/pw\/wp-content\/uploads\/2020\/05\/PORTADA_ARTICULO_28_2_2020.jpg\" \/>\n<meta name=\"twitter:creator\" content=\"@cannabis_es\" \/>\n<meta name=\"twitter:site\" content=\"@cannabis_es\" \/>\n<meta name=\"twitter:label1\" content=\"Escrito por\" \/>\n\t<meta name=\"twitter:data1\" content=\"Cannabis.es\" \/>\n\t<meta name=\"twitter:label2\" content=\"Tiempo de lectura\" \/>\n\t<meta name=\"twitter:data2\" content=\"4 minutos\" \/>\n<script type=\"application\/ld+json\" class=\"yoast-schema-graph\">{\"@context\":\"https:\/\/schema.org\",\"@graph\":[{\"@type\":\"Article\",\"@id\":\"https:\/\/www.cannabis.es\/pw\/2020\/02\/28\/confac-echa-raices-frente-al-congreso\/#article\",\"isPartOf\":{\"@id\":\"https:\/\/www.cannabis.es\/pw\/2020\/02\/28\/confac-echa-raices-frente-al-congreso\/\"},\"author\":{\"name\":\"Cannabis.es\",\"@id\":\"https:\/\/www.cannabis.es\/pw\/#\/schema\/person\/e2fbd204580cf4fe74c79b82bc447374\"},\"headline\":\"ConFAC echa ra\u00edces frente al Congreso\",\"datePublished\":\"2020-02-28T15:30:24+00:00\",\"dateModified\":\"2020-07-17T11:27:58+00:00\",\"mainEntityOfPage\":{\"@id\":\"https:\/\/www.cannabis.es\/pw\/2020\/02\/28\/confac-echa-raices-frente-al-congreso\/\"},\"wordCount\":809,\"publisher\":{\"@id\":\"https:\/\/www.cannabis.es\/pw\/#organization\"},\"image\":{\"@id\":\"https:\/\/www.cannabis.es\/pw\/2020\/02\/28\/confac-echa-raices-frente-al-congreso\/#primaryimage\"},\"thumbnailUrl\":\"https:\/\/www.cannabis.es\/pw\/wp-content\/uploads\/2020\/05\/PORTADA_ARTICULO_28_2_2020.jpg\",\"keywords\":[\"Benito D\u00edaz\",\"legalizaci\u00f3n\",\"pol\u00edtica\",\"regulaci\u00f3n cannabis\"],\"articleSection\":[\"Pol\u00edtica y Sociedad\"],\"inLanguage\":\"es\"},{\"@type\":\"WebPage\",\"@id\":\"https:\/\/www.cannabis.es\/pw\/2020\/02\/28\/confac-echa-raices-frente-al-congreso\/\",\"url\":\"https:\/\/www.cannabis.es\/pw\/2020\/02\/28\/confac-echa-raices-frente-al-congreso\/\",\"name\":\"ConFAC echa ra\u00edces frente al Congreso\",\"isPartOf\":{\"@id\":\"https:\/\/www.cannabis.es\/pw\/#website\"},\"primaryImageOfPage\":{\"@id\":\"https:\/\/www.cannabis.es\/pw\/2020\/02\/28\/confac-echa-raices-frente-al-congreso\/#primaryimage\"},\"image\":{\"@id\":\"https:\/\/www.cannabis.es\/pw\/2020\/02\/28\/confac-echa-raices-frente-al-congreso\/#primaryimage\"},\"thumbnailUrl\":\"https:\/\/www.cannabis.es\/pw\/wp-content\/uploads\/2020\/05\/PORTADA_ARTICULO_28_2_2020.jpg\",\"datePublished\":\"2020-02-28T15:30:24+00:00\",\"dateModified\":\"2020-07-17T11:27:58+00:00\",\"description\":\"Entrada &#8226; Portal multimedia sobre cannabis y otras sustancias &#8226; 28 febrero, 2020\",\"breadcrumb\":{\"@id\":\"https:\/\/www.cannabis.es\/pw\/2020\/02\/28\/confac-echa-raices-frente-al-congreso\/#breadcrumb\"},\"inLanguage\":\"es\",\"potentialAction\":[{\"@type\":\"ReadAction\",\"target\":[\"https:\/\/www.cannabis.es\/pw\/2020\/02\/28\/confac-echa-raices-frente-al-congreso\/\"]}]},{\"@type\":\"ImageObject\",\"inLanguage\":\"es\",\"@id\":\"https:\/\/www.cannabis.es\/pw\/2020\/02\/28\/confac-echa-raices-frente-al-congreso\/#primaryimage\",\"url\":\"https:\/\/www.cannabis.es\/pw\/wp-content\/uploads\/2020\/05\/PORTADA_ARTICULO_28_2_2020.jpg\",\"contentUrl\":\"https:\/\/www.cannabis.es\/pw\/wp-content\/uploads\/2020\/05\/PORTADA_ARTICULO_28_2_2020.jpg\",\"width\":959,\"height\":475},{\"@type\":\"BreadcrumbList\",\"@id\":\"https:\/\/www.cannabis.es\/pw\/2020\/02\/28\/confac-echa-raices-frente-al-congreso\/#breadcrumb\",\"itemListElement\":[{\"@type\":\"ListItem\",\"position\":1,\"name\":\"Portada\",\"item\":\"http:\/\/www.cannabis.es\/pw\/\"},{\"@type\":\"ListItem\",\"position\":2,\"name\":\"ConFAC echa ra\u00edces frente al Congreso\"}]},{\"@type\":\"WebSite\",\"@id\":\"https:\/\/www.cannabis.es\/pw\/#website\",\"url\":\"https:\/\/www.cannabis.es\/pw\/\",\"name\":\"Cannabis\",\"description\":\"Portal multimedia sobre cannabis y otras sustancias\",\"publisher\":{\"@id\":\"https:\/\/www.cannabis.es\/pw\/#organization\"},\"potentialAction\":[{\"@type\":\"SearchAction\",\"target\":{\"@type\":\"EntryPoint\",\"urlTemplate\":\"https:\/\/www.cannabis.es\/pw\/?s={search_term_string}\"},\"query-input\":{\"@type\":\"PropertyValueSpecification\",\"valueRequired\":true,\"valueName\":\"search_term_string\"}}],\"inLanguage\":\"es\"},{\"@type\":\"Organization\",\"@id\":\"https:\/\/www.cannabis.es\/pw\/#organization\",\"name\":\"Cannabis.es\",\"url\":\"https:\/\/www.cannabis.es\/pw\/\",\"logo\":{\"@type\":\"ImageObject\",\"inLanguage\":\"es\",\"@id\":\"https:\/\/www.cannabis.es\/pw\/#\/schema\/logo\/image\/\",\"url\":\"https:\/\/www.cannabis.es\/pw\/wp-content\/uploads\/2019\/04\/cropped-logo_cannabis.png\",\"contentUrl\":\"https:\/\/www.cannabis.es\/pw\/wp-content\/uploads\/2019\/04\/cropped-logo_cannabis.png\",\"width\":361,\"height\":120,\"caption\":\"Cannabis.es\"},\"image\":{\"@id\":\"https:\/\/www.cannabis.es\/pw\/#\/schema\/logo\/image\/\"},\"sameAs\":[\"https:\/\/x.com\/cannabis_es\"]},{\"@type\":\"Person\",\"@id\":\"https:\/\/www.cannabis.es\/pw\/#\/schema\/person\/e2fbd204580cf4fe74c79b82bc447374\",\"name\":\"Cannabis.es\",\"image\":{\"@type\":\"ImageObject\",\"inLanguage\":\"es\",\"@id\":\"https:\/\/www.cannabis.es\/pw\/#\/schema\/person\/image\/\",\"url\":\"https:\/\/secure.gravatar.com\/avatar\/4375b1eb6e272e2e48a4b8a8def52e5f208151f555bb5906da616906ee6dd2e8?s=96&d=mm&r=g\",\"contentUrl\":\"https:\/\/secure.gravatar.com\/avatar\/4375b1eb6e272e2e48a4b8a8def52e5f208151f555bb5906da616906ee6dd2e8?s=96&d=mm&r=g\",\"caption\":\"Cannabis.es\"},\"url\":\"https:\/\/www.cannabis.es\/pw\/author\/cannabis\/\"}]}<\/script>\n<!-- \/ Yoast SEO plugin. -->","yoast_head_json":{"title":"ConFAC echa ra\u00edces frente al Congreso","description":"Entrada &#8226; Portal multimedia sobre cannabis y otras sustancias &#8226; 28 febrero, 2020","robots":{"index":"index","follow":"follow","max-snippet":"max-snippet:-1","max-image-preview":"max-image-preview:large","max-video-preview":"max-video-preview:-1"},"canonical":"https:\/\/www.cannabis.es\/pw\/2020\/02\/28\/confac-echa-raices-frente-al-congreso\/","twitter_card":"summary_large_image","twitter_title":"ConFAC echa ra\u00edces frente al Congreso","twitter_description":"Entrada &#8226; Portal multimedia sobre cannabis y otras sustancias &#8226; 28 febrero, 2020","twitter_image":"https:\/\/www.cannabis.es\/pw\/wp-content\/uploads\/2020\/05\/PORTADA_ARTICULO_28_2_2020.jpg","twitter_creator":"@cannabis_es","twitter_site":"@cannabis_es","twitter_misc":{"Escrito por":"Cannabis.es","Tiempo de lectura":"4 minutos"},"schema":{"@context":"https:\/\/schema.org","@graph":[{"@type":"Article","@id":"https:\/\/www.cannabis.es\/pw\/2020\/02\/28\/confac-echa-raices-frente-al-congreso\/#article","isPartOf":{"@id":"https:\/\/www.cannabis.es\/pw\/2020\/02\/28\/confac-echa-raices-frente-al-congreso\/"},"author":{"name":"Cannabis.es","@id":"https:\/\/www.cannabis.es\/pw\/#\/schema\/person\/e2fbd204580cf4fe74c79b82bc447374"},"headline":"ConFAC echa ra\u00edces frente al Congreso","datePublished":"2020-02-28T15:30:24+00:00","dateModified":"2020-07-17T11:27:58+00:00","mainEntityOfPage":{"@id":"https:\/\/www.cannabis.es\/pw\/2020\/02\/28\/confac-echa-raices-frente-al-congreso\/"},"wordCount":809,"publisher":{"@id":"https:\/\/www.cannabis.es\/pw\/#organization"},"image":{"@id":"https:\/\/www.cannabis.es\/pw\/2020\/02\/28\/confac-echa-raices-frente-al-congreso\/#primaryimage"},"thumbnailUrl":"https:\/\/www.cannabis.es\/pw\/wp-content\/uploads\/2020\/05\/PORTADA_ARTICULO_28_2_2020.jpg","keywords":["Benito D\u00edaz","legalizaci\u00f3n","pol\u00edtica","regulaci\u00f3n cannabis"],"articleSection":["Pol\u00edtica y Sociedad"],"inLanguage":"es"},{"@type":"WebPage","@id":"https:\/\/www.cannabis.es\/pw\/2020\/02\/28\/confac-echa-raices-frente-al-congreso\/","url":"https:\/\/www.cannabis.es\/pw\/2020\/02\/28\/confac-echa-raices-frente-al-congreso\/","name":"ConFAC echa ra\u00edces frente al Congreso","isPartOf":{"@id":"https:\/\/www.cannabis.es\/pw\/#website"},"primaryImageOfPage":{"@id":"https:\/\/www.cannabis.es\/pw\/2020\/02\/28\/confac-echa-raices-frente-al-congreso\/#primaryimage"},"image":{"@id":"https:\/\/www.cannabis.es\/pw\/2020\/02\/28\/confac-echa-raices-frente-al-congreso\/#primaryimage"},"thumbnailUrl":"https:\/\/www.cannabis.es\/pw\/wp-content\/uploads\/2020\/05\/PORTADA_ARTICULO_28_2_2020.jpg","datePublished":"2020-02-28T15:30:24+00:00","dateModified":"2020-07-17T11:27:58+00:00","description":"Entrada &#8226; Portal multimedia sobre cannabis y otras sustancias &#8226; 28 febrero, 2020","breadcrumb":{"@id":"https:\/\/www.cannabis.es\/pw\/2020\/02\/28\/confac-echa-raices-frente-al-congreso\/#breadcrumb"},"inLanguage":"es","potentialAction":[{"@type":"ReadAction","target":["https:\/\/www.cannabis.es\/pw\/2020\/02\/28\/confac-echa-raices-frente-al-congreso\/"]}]},{"@type":"ImageObject","inLanguage":"es","@id":"https:\/\/www.cannabis.es\/pw\/2020\/02\/28\/confac-echa-raices-frente-al-congreso\/#primaryimage","url":"https:\/\/www.cannabis.es\/pw\/wp-content\/uploads\/2020\/05\/PORTADA_ARTICULO_28_2_2020.jpg","contentUrl":"https:\/\/www.cannabis.es\/pw\/wp-content\/uploads\/2020\/05\/PORTADA_ARTICULO_28_2_2020.jpg","width":959,"height":475},{"@type":"BreadcrumbList","@id":"https:\/\/www.cannabis.es\/pw\/2020\/02\/28\/confac-echa-raices-frente-al-congreso\/#breadcrumb","itemListElement":[{"@type":"ListItem","position":1,"name":"Portada","item":"http:\/\/www.cannabis.es\/pw\/"},{"@type":"ListItem","position":2,"name":"ConFAC echa ra\u00edces frente al Congreso"}]},{"@type":"WebSite","@id":"https:\/\/www.cannabis.es\/pw\/#website","url":"https:\/\/www.cannabis.es\/pw\/","name":"Cannabis","description":"Portal multimedia sobre cannabis y otras sustancias","publisher":{"@id":"https:\/\/www.cannabis.es\/pw\/#organization"},"potentialAction":[{"@type":"SearchAction","target":{"@type":"EntryPoint","urlTemplate":"https:\/\/www.cannabis.es\/pw\/?s={search_term_string}"},"query-input":{"@type":"PropertyValueSpecification","valueRequired":true,"valueName":"search_term_string"}}],"inLanguage":"es"},{"@type":"Organization","@id":"https:\/\/www.cannabis.es\/pw\/#organization","name":"Cannabis.es","url":"https:\/\/www.cannabis.es\/pw\/","logo":{"@type":"ImageObject","inLanguage":"es","@id":"https:\/\/www.cannabis.es\/pw\/#\/schema\/logo\/image\/","url":"https:\/\/www.cannabis.es\/pw\/wp-content\/uploads\/2019\/04\/cropped-logo_cannabis.png","contentUrl":"https:\/\/www.cannabis.es\/pw\/wp-content\/uploads\/2019\/04\/cropped-logo_cannabis.png","width":361,"height":120,"caption":"Cannabis.es"},"image":{"@id":"https:\/\/www.cannabis.es\/pw\/#\/schema\/logo\/image\/"},"sameAs":["https:\/\/x.com\/cannabis_es"]},{"@type":"Person","@id":"https:\/\/www.cannabis.es\/pw\/#\/schema\/person\/e2fbd204580cf4fe74c79b82bc447374","name":"Cannabis.es","image":{"@type":"ImageObject","inLanguage":"es","@id":"https:\/\/www.cannabis.es\/pw\/#\/schema\/person\/image\/","url":"https:\/\/secure.gravatar.com\/avatar\/4375b1eb6e272e2e48a4b8a8def52e5f208151f555bb5906da616906ee6dd2e8?s=96&d=mm&r=g","contentUrl":"https:\/\/secure.gravatar.com\/avatar\/4375b1eb6e272e2e48a4b8a8def52e5f208151f555bb5906da616906ee6dd2e8?s=96&d=mm&r=g","caption":"Cannabis.es"},"url":"https:\/\/www.cannabis.es\/pw\/author\/cannabis\/"}]}},"_links":{"self":[{"href":"https:\/\/www.cannabis.es\/pw\/wp-json\/wp\/v2\/posts\/1743","targetHints":{"allow":["GET"]}}],"collection":[{"href":"https:\/\/www.cannabis.es\/pw\/wp-json\/wp\/v2\/posts"}],"about":[{"href":"https:\/\/www.cannabis.es\/pw\/wp-json\/wp\/v2\/types\/post"}],"author":[{"embeddable":true,"href":"https:\/\/www.cannabis.es\/pw\/wp-json\/wp\/v2\/users\/1"}],"replies":[{"embeddable":true,"href":"https:\/\/www.cannabis.es\/pw\/wp-json\/wp\/v2\/comments?post=1743"}],"version-history":[{"count":3,"href":"https:\/\/www.cannabis.es\/pw\/wp-json\/wp\/v2\/posts\/1743\/revisions"}],"predecessor-version":[{"id":5859,"href":"https:\/\/www.cannabis.es\/pw\/wp-json\/wp\/v2\/posts\/1743\/revisions\/5859"}],"wp:featuredmedia":[{"embeddable":true,"href":"https:\/\/www.cannabis.es\/pw\/wp-json\/wp\/v2\/media\/1744"}],"wp:attachment":[{"href":"https:\/\/www.cannabis.es\/pw\/wp-json\/wp\/v2\/media?parent=1743"}],"wp:term":[{"taxonomy":"category","embeddable":true,"href":"https:\/\/www.cannabis.es\/pw\/wp-json\/wp\/v2\/categories?post=1743"},{"taxonomy":"post_tag","embeddable":true,"href":"https:\/\/www.cannabis.es\/pw\/wp-json\/wp\/v2\/tags?post=1743"}],"curies":[{"name":"wp","href":"https:\/\/api.w.org\/{rel}","templated":true}]}}