{"id":1755,"date":"2020-03-09T17:04:41","date_gmt":"2020-03-09T16:04:41","guid":{"rendered":"http:\/\/www.cannabis.es\/pw\/?p=1755"},"modified":"2020-07-17T13:07:19","modified_gmt":"2020-07-17T11:07:19","slug":"madrid-acoge-la-reunion-iberoamericana-de-cannabis-medicinal","status":"publish","type":"post","link":"https:\/\/www.cannabis.es\/pw\/2020\/03\/09\/madrid-acoge-la-reunion-iberoamericana-de-cannabis-medicinal\/","title":{"rendered":"Madrid acoge la reuni\u00f3n Iberoamericana de cannabis medicinal"},"content":{"rendered":"\n<p>Benito D\u00edaz<\/p>\n\n\n\n<p>El pasado jueves d\u00eda cinco de marzo se celebr\u00f3 en la Universidad Complutense una serie de conferencias bajo el t\u00edtulo \u201cReuni\u00f3n Iberoamericana de Cannabis Medicinal\u201d. El simposio logr\u00f3 conjuntar un nutrido grupo de representantes de pa\u00edses tales como Uruguay, M\u00e9xico y Colombia, entre otros. El objetivo, seg\u00fan sus organizadores,&nbsp;<em>\u201c<\/em><em>llegar a los que tienen la capacidad y la responsabilidad de promover la regulaci\u00f3n del uso m\u00e9dico del Cannabis en nuestro pa\u00eds, conseguir que la Universidad Complutense influya en los pol\u00edticos a trav\u00e9s de sus investigadores<\/em><em>\u201d.<\/em><\/p>\n\n\n\n<hr class=\"wp-block-separator\"\/>\n\n\n\n<p>Los actos, celebrados en el Edificio Aulario de la Facultad de Ciencias de la Informaci\u00f3n, comenzaron con la bienvenida del rector Joaqu\u00edn Goyache, del decano de la facultad, Jorge Clemente, Jose Antonio Ramos Atance, catedr\u00e1tico del departamento de bioqu\u00edmica y biolog\u00eda molecular en la Facultad de Medicina, Pilar Manj\u00f3n, secretaria general de la UCM y Manuel Guzm\u00e1n, catedr\u00e1tico e investigador de biolog\u00eda molecular y miembro del&nbsp;<a href=\"http:\/\/www.cannabis.es\/pw\/2015\/10\/14\/nace-el-observatorio-espanol-de-cannabis-medicinal\/\">Observatorio Espa\u00f1ol del Cannabis Medicinal<\/a>&nbsp;(OECM).<\/p>\n\n\n\n<p>Araceli Manj\u00f3n, antigua directora del Plan Nacional Sobre Drogas, aclar\u00f3 que la jornada fue el fruto de la colaboraci\u00f3n entre el proyecto de investigaci\u00f3n \u201cFiscalizaci\u00f3n internacional de drogas, problemas y soluciones\u201d, del cual es directora, y el Instituto Universitario de Investigaci\u00f3n en Bioqu\u00edmica. Con la presencia de&nbsp;<strong>representantes de pa\u00edses en los que el cannabis ya est\u00e1 regulado<\/strong>&nbsp;para su uso terap\u00e9utico, se buscaba&nbsp;<em>\u201ccontribuir a un debate que interesa a muchos sectores de la sociedad y que en los \u00faltimos a\u00f1os est\u00e1 interesando tambi\u00e9n al sector farmac\u00e9utico, debido a la considerable oportunidad de negocio\u201d<\/em><em>.<\/em><\/p>\n\n\n\n<p>En la siguiente intervenci\u00f3n, Cristina S\u00e1nchez, vicedecana de Investigaci\u00f3n en la Facultad de Ciencias Biol\u00f3gicas, investigadora y parte del OECM, explic\u00f3 el problema relacionado con las listas de fiscalizaci\u00f3n y la posici\u00f3n del cannabis en \u00e9stas. \u201c<em>No hay argumento cient\u00edfico para mantener el cannabis en estas listas. Los que quieren seguir haci\u00e9ndolo, dicen que el cannabis te vuelve loco y que no tiene aplicaci\u00f3n m\u00e9dica. O tienen mala fe o son unos ignorantes<\/em><em>\u201d,<\/em>&nbsp;coment\u00f3 S\u00e1nchez.&nbsp;<em>\u201c<\/em><em>No hay argumentos \u00e9ticos para no regular. No hay argumento pol\u00edtico para no regular, y el silencio de estos representantes es c\u00f3mplice del mercado il\u00edcito<\/em><em>\u201d.<\/em><\/p>\n\n\n\n<p>En su exposici\u00f3n, Pilar Manj\u00f3n asegur\u00f3 que la ONU est\u00e1 mandando un mensaje \u201cpervertido\u201d y alabando contrasentidos al no legislar en esta materia, pues al parecer prefiere que se transgredan sus normas a que se modifiquen, tal como est\u00e1 sucediendo en pa\u00edses que dicen respetar el convenio internacional pero ya han empezado a regular.<\/p>\n\n\n\n<p>En las sucesivas mesas, representantes de pa\u00edses latinoamericanos explicaron las caracter\u00edsticas de sus sistemas regulatorios,&nbsp;<a href=\"http:\/\/www.cannabis.es\/pw\/2018\/11\/07\/llega-la-legalizacion-el-cannabis-en-colorado-uruguay-y-canada\/\">comenzando con Uruguay<\/a>. Para ello se cont\u00f3 con la presencia de Augusto Vitale Marino, psic\u00f3logo e Investigador de la Universidad de la Rep\u00fablica de Uruguay, ex Director del Instituto de Investigaci\u00f3n y Control del Cannabis de Uruguay.&nbsp;<em>\u201cNuestro pa\u00eds decide regular estableciendo normas y reglas para el uso del Cannabis, diferenciando medicinal y uso personal adulto, fij\u00e1ndose como metas la protecci\u00f3n de la salud p\u00fablica, pol\u00edticas de reducci\u00f3n de da\u00f1os y promoci\u00f3n de la informaci\u00f3n y la educaci\u00f3n\u201d<\/em>, explic\u00f3 Vitale.<\/p>\n\n\n\n<p>Sigui\u00f3 el turno de Yesid Reyes Alvarado, profesor de Derecho Penal en la Universidad de los Andes y exministro de Justicia de Colombia.&nbsp;<em>\u201c<\/em><em>Las convenciones internacionales impiden las investigaciones sobre cannabis medicinal, o las entorpecen, haci\u00e9ndolas m\u00e1s lentas en sus avances<\/em><em>\u201d,<\/em>&nbsp;coment\u00f3 el exministro. Tambi\u00e9n dio detalles sobre las consecuencias de la fumigaci\u00f3n de Glifosato, un potente herbicida posible cancer\u00edgeno, para<strong>&nbsp;detener las plantaciones de hoja de Coca<\/strong>, un tema m\u00e1s investigado en su pa\u00eds que el de las plantaciones de Cannabis, de extensi\u00f3n mucho menor que la mencionada planta.<\/p>\n\n\n\n<p>Tras el descanso,<strong>&nbsp;Zara Snapp, Consultora de Pol\u00edticas de Drogas en M\u00e9xico,<\/strong>&nbsp;subi\u00f3 al estrado para hablar de \u201cnarcomenudeo\u201d y otros desaf\u00edos a los que se enfrenta su pa\u00eds, muy cercano a la regulaci\u00f3n del Cannabis Terap\u00e9utico y del Recreacional. Tras explicar las excepcionales circunstancias del proceso regulatorio mexicano, Snapp puso sobre la mesa los objetivos de Regulaci\u00f3n por la Paz, un grupo que se describe en su p\u00e1gina web como&nbsp;<em>\u201ccoalici\u00f3n de personas, colectivos y organizaciones que buscamos impulsar una transformaci\u00f3n integral de las pol\u00edticas de drogas para abonar a la justicia social y la construcci\u00f3n de paz en M\u00e9xico\u201d.<\/em>&nbsp;A este grupo se adhirieron organizaciones espa\u00f1olas como el&nbsp;<a href=\"http:\/\/www.cannabis.es\/pw\/2020\/02\/05\/el-observatorio-del-cannabis-se-reune-con-los-partidos-politicos\/\">Observatorio Espa\u00f1ol de Cultivo y Consumo de Cannabis.<\/a><\/p>\n\n\n\n<p>Las conferencias se alargaron hasta entrada la tarde, con charlas de manos de grandes investigadores,&nbsp;<a href=\"http:\/\/www.cannabis.es\/pw\/2019\/03\/11\/cannabis-medicinal-en-el-control-del-dolor-cronico\/\">como Jordi P\u00e9rez<\/a>, m\u00e9dico anestesista especializado en dolor cr\u00f3nico, director de la Unidad de Dolor oncol\u00f3gico del centro sanitario de la Universidad Mc Gill en Montreal (Canad\u00e1), la doctora Paola Pineda, m\u00e9dica cirujana especialista en derecho m\u00e9dico y fundadora del Grupo Curativa, as\u00ed como Raquel Peyraube, parte del Comit\u00e9 Ejecutivo de la IACM y Directora de Pol\u00edtica P\u00fablica y Salud de Plena Global.<\/p>\n","protected":false},"excerpt":{"rendered":"<span class=\"span-reading-time rt-reading-time\" style=\"display: block;\"><span class=\"rt-label rt-prefix\">Tiempo de lectura:<\/span> <span class=\"rt-time\"> 3<\/span> <span class=\"rt-label rt-postfix\">minutos<\/span><\/span>El pasado jueves d\u00eda cinco de marzo se celebr\u00f3 en la Universidad Complutense una serie de conferencias bajo el t\u00edtulo \u201cReuni\u00f3n Iberoamericana de Cannabis Medicinal\u201d","protected":false},"author":1,"featured_media":1756,"comment_status":"closed","ping_status":"closed","sticky":false,"template":"","format":"standard","meta":{"loftocean-featured-post":"","loftocean_post_format_gallery":"","loftocean_post_format_gallery_ids":"","loftocean_post_format_gallery_urls":"","loftocean_post_format_video_id":"","loftocean_post_format_video_url":"","loftocean_post_format_video_type":"","loftocean_post_format_video":"","loftocean_post_format_audio_type":"","loftocean_post_format_audio_url":"","loftocean_post_format_audio_id":"","loftocean_post_format_audio":"","loftocean_post_format_quote_text":"","loftocean_post_format_quote_byline":"","loftocean_post_format_link_text":"","loftocean_post_format_link_url":"","ceramag_post_header_style":"","ceramag_enable_background_video":"","ceramag_show_in_top_slider":"","ceramag_post_background_video_start":"","ceramag_post_background_video_end":"","loftocean_page_background_video_id":"","loftocean_page_background_video_url":"","loftocean_page_background_video_type":"","loftocean_page_background_video":"","ceramag_background_video_start":"","ceramag_background_video_end":"","ceramag_single_page_hide_header":"","footnotes":""},"categories":[35,34],"tags":[43,40],"class_list":["post-1755","post","type-post","status-publish","format-standard","has-post-thumbnail","hentry","category-politica-y-sociedad","category-reportajes","tag-benito-diaz","tag-marihuana"],"yoast_head":"<!-- This site is optimized with the Yoast SEO plugin v24.9 - https:\/\/yoast.com\/wordpress\/plugins\/seo\/ -->\n<title>Madrid acoge la reuni\u00f3n Iberoamericana de cannabis medicinal<\/title>\n<meta name=\"description\" content=\"Entrada &#8226; Portal multimedia sobre cannabis y otras sustancias &#8226; 9 marzo, 2020\" \/>\n<meta name=\"robots\" content=\"index, follow, max-snippet:-1, max-image-preview:large, max-video-preview:-1\" \/>\n<link rel=\"canonical\" href=\"https:\/\/www.cannabis.es\/pw\/2020\/03\/09\/madrid-acoge-la-reunion-iberoamericana-de-cannabis-medicinal\/\" \/>\n<meta name=\"twitter:card\" content=\"summary_large_image\" \/>\n<meta name=\"twitter:title\" content=\"Madrid acoge la reuni\u00f3n Iberoamericana de cannabis medicinal\" \/>\n<meta name=\"twitter:description\" content=\"Entrada &#8226; Portal multimedia sobre cannabis y otras sustancias &#8226; 9 marzo, 2020\" \/>\n<meta name=\"twitter:image\" content=\"https:\/\/www.cannabis.es\/pw\/wp-content\/uploads\/2020\/05\/iberoamericana-cannabis_PORTADA.jpg\" \/>\n<meta name=\"twitter:creator\" content=\"@cannabis_es\" \/>\n<meta name=\"twitter:site\" content=\"@cannabis_es\" \/>\n<meta name=\"twitter:label1\" content=\"Escrito por\" \/>\n\t<meta name=\"twitter:data1\" content=\"Cannabis.es\" \/>\n\t<meta name=\"twitter:label2\" content=\"Tiempo de lectura\" \/>\n\t<meta name=\"twitter:data2\" content=\"5 minutos\" \/>\n<script type=\"application\/ld+json\" class=\"yoast-schema-graph\">{\"@context\":\"https:\/\/schema.org\",\"@graph\":[{\"@type\":\"Article\",\"@id\":\"https:\/\/www.cannabis.es\/pw\/2020\/03\/09\/madrid-acoge-la-reunion-iberoamericana-de-cannabis-medicinal\/#article\",\"isPartOf\":{\"@id\":\"https:\/\/www.cannabis.es\/pw\/2020\/03\/09\/madrid-acoge-la-reunion-iberoamericana-de-cannabis-medicinal\/\"},\"author\":{\"name\":\"Cannabis.es\",\"@id\":\"https:\/\/www.cannabis.es\/pw\/#\/schema\/person\/e2fbd204580cf4fe74c79b82bc447374\"},\"headline\":\"Madrid acoge la reuni\u00f3n Iberoamericana de cannabis medicinal\",\"datePublished\":\"2020-03-09T16:04:41+00:00\",\"dateModified\":\"2020-07-17T11:07:19+00:00\",\"mainEntityOfPage\":{\"@id\":\"https:\/\/www.cannabis.es\/pw\/2020\/03\/09\/madrid-acoge-la-reunion-iberoamericana-de-cannabis-medicinal\/\"},\"wordCount\":913,\"publisher\":{\"@id\":\"https:\/\/www.cannabis.es\/pw\/#organization\"},\"image\":{\"@id\":\"https:\/\/www.cannabis.es\/pw\/2020\/03\/09\/madrid-acoge-la-reunion-iberoamericana-de-cannabis-medicinal\/#primaryimage\"},\"thumbnailUrl\":\"https:\/\/www.cannabis.es\/pw\/wp-content\/uploads\/2020\/05\/iberoamericana-cannabis_PORTADA.jpg\",\"keywords\":[\"Benito D\u00edaz\",\"marihuana\"],\"articleSection\":[\"Pol\u00edtica y Sociedad\",\"Reportajes\"],\"inLanguage\":\"es\"},{\"@type\":\"WebPage\",\"@id\":\"https:\/\/www.cannabis.es\/pw\/2020\/03\/09\/madrid-acoge-la-reunion-iberoamericana-de-cannabis-medicinal\/\",\"url\":\"https:\/\/www.cannabis.es\/pw\/2020\/03\/09\/madrid-acoge-la-reunion-iberoamericana-de-cannabis-medicinal\/\",\"name\":\"Madrid acoge la reuni\u00f3n Iberoamericana de cannabis medicinal\",\"isPartOf\":{\"@id\":\"https:\/\/www.cannabis.es\/pw\/#website\"},\"primaryImageOfPage\":{\"@id\":\"https:\/\/www.cannabis.es\/pw\/2020\/03\/09\/madrid-acoge-la-reunion-iberoamericana-de-cannabis-medicinal\/#primaryimage\"},\"image\":{\"@id\":\"https:\/\/www.cannabis.es\/pw\/2020\/03\/09\/madrid-acoge-la-reunion-iberoamericana-de-cannabis-medicinal\/#primaryimage\"},\"thumbnailUrl\":\"https:\/\/www.cannabis.es\/pw\/wp-content\/uploads\/2020\/05\/iberoamericana-cannabis_PORTADA.jpg\",\"datePublished\":\"2020-03-09T16:04:41+00:00\",\"dateModified\":\"2020-07-17T11:07:19+00:00\",\"description\":\"Entrada &#8226; Portal multimedia sobre cannabis y otras sustancias &#8226; 9 marzo, 2020\",\"breadcrumb\":{\"@id\":\"https:\/\/www.cannabis.es\/pw\/2020\/03\/09\/madrid-acoge-la-reunion-iberoamericana-de-cannabis-medicinal\/#breadcrumb\"},\"inLanguage\":\"es\",\"potentialAction\":[{\"@type\":\"ReadAction\",\"target\":[\"https:\/\/www.cannabis.es\/pw\/2020\/03\/09\/madrid-acoge-la-reunion-iberoamericana-de-cannabis-medicinal\/\"]}]},{\"@type\":\"ImageObject\",\"inLanguage\":\"es\",\"@id\":\"https:\/\/www.cannabis.es\/pw\/2020\/03\/09\/madrid-acoge-la-reunion-iberoamericana-de-cannabis-medicinal\/#primaryimage\",\"url\":\"https:\/\/www.cannabis.es\/pw\/wp-content\/uploads\/2020\/05\/iberoamericana-cannabis_PORTADA.jpg\",\"contentUrl\":\"https:\/\/www.cannabis.es\/pw\/wp-content\/uploads\/2020\/05\/iberoamericana-cannabis_PORTADA.jpg\",\"width\":959,\"height\":475},{\"@type\":\"BreadcrumbList\",\"@id\":\"https:\/\/www.cannabis.es\/pw\/2020\/03\/09\/madrid-acoge-la-reunion-iberoamericana-de-cannabis-medicinal\/#breadcrumb\",\"itemListElement\":[{\"@type\":\"ListItem\",\"position\":1,\"name\":\"Portada\",\"item\":\"http:\/\/www.cannabis.es\/pw\/\"},{\"@type\":\"ListItem\",\"position\":2,\"name\":\"Madrid acoge la reuni\u00f3n Iberoamericana de cannabis medicinal\"}]},{\"@type\":\"WebSite\",\"@id\":\"https:\/\/www.cannabis.es\/pw\/#website\",\"url\":\"https:\/\/www.cannabis.es\/pw\/\",\"name\":\"Cannabis\",\"description\":\"Portal multimedia sobre cannabis y otras sustancias\",\"publisher\":{\"@id\":\"https:\/\/www.cannabis.es\/pw\/#organization\"},\"potentialAction\":[{\"@type\":\"SearchAction\",\"target\":{\"@type\":\"EntryPoint\",\"urlTemplate\":\"https:\/\/www.cannabis.es\/pw\/?s={search_term_string}\"},\"query-input\":{\"@type\":\"PropertyValueSpecification\",\"valueRequired\":true,\"valueName\":\"search_term_string\"}}],\"inLanguage\":\"es\"},{\"@type\":\"Organization\",\"@id\":\"https:\/\/www.cannabis.es\/pw\/#organization\",\"name\":\"Cannabis.es\",\"url\":\"https:\/\/www.cannabis.es\/pw\/\",\"logo\":{\"@type\":\"ImageObject\",\"inLanguage\":\"es\",\"@id\":\"https:\/\/www.cannabis.es\/pw\/#\/schema\/logo\/image\/\",\"url\":\"https:\/\/www.cannabis.es\/pw\/wp-content\/uploads\/2019\/04\/cropped-logo_cannabis.png\",\"contentUrl\":\"https:\/\/www.cannabis.es\/pw\/wp-content\/uploads\/2019\/04\/cropped-logo_cannabis.png\",\"width\":361,\"height\":120,\"caption\":\"Cannabis.es\"},\"image\":{\"@id\":\"https:\/\/www.cannabis.es\/pw\/#\/schema\/logo\/image\/\"},\"sameAs\":[\"https:\/\/x.com\/cannabis_es\"]},{\"@type\":\"Person\",\"@id\":\"https:\/\/www.cannabis.es\/pw\/#\/schema\/person\/e2fbd204580cf4fe74c79b82bc447374\",\"name\":\"Cannabis.es\",\"image\":{\"@type\":\"ImageObject\",\"inLanguage\":\"es\",\"@id\":\"https:\/\/www.cannabis.es\/pw\/#\/schema\/person\/image\/\",\"url\":\"https:\/\/secure.gravatar.com\/avatar\/4375b1eb6e272e2e48a4b8a8def52e5f208151f555bb5906da616906ee6dd2e8?s=96&d=mm&r=g\",\"contentUrl\":\"https:\/\/secure.gravatar.com\/avatar\/4375b1eb6e272e2e48a4b8a8def52e5f208151f555bb5906da616906ee6dd2e8?s=96&d=mm&r=g\",\"caption\":\"Cannabis.es\"},\"url\":\"https:\/\/www.cannabis.es\/pw\/author\/cannabis\/\"}]}<\/script>\n<!-- \/ Yoast SEO plugin. -->","yoast_head_json":{"title":"Madrid acoge la reuni\u00f3n Iberoamericana de cannabis medicinal","description":"Entrada &#8226; Portal multimedia sobre cannabis y otras sustancias &#8226; 9 marzo, 2020","robots":{"index":"index","follow":"follow","max-snippet":"max-snippet:-1","max-image-preview":"max-image-preview:large","max-video-preview":"max-video-preview:-1"},"canonical":"https:\/\/www.cannabis.es\/pw\/2020\/03\/09\/madrid-acoge-la-reunion-iberoamericana-de-cannabis-medicinal\/","twitter_card":"summary_large_image","twitter_title":"Madrid acoge la reuni\u00f3n Iberoamericana de cannabis medicinal","twitter_description":"Entrada &#8226; Portal multimedia sobre cannabis y otras sustancias &#8226; 9 marzo, 2020","twitter_image":"https:\/\/www.cannabis.es\/pw\/wp-content\/uploads\/2020\/05\/iberoamericana-cannabis_PORTADA.jpg","twitter_creator":"@cannabis_es","twitter_site":"@cannabis_es","twitter_misc":{"Escrito por":"Cannabis.es","Tiempo de lectura":"5 minutos"},"schema":{"@context":"https:\/\/schema.org","@graph":[{"@type":"Article","@id":"https:\/\/www.cannabis.es\/pw\/2020\/03\/09\/madrid-acoge-la-reunion-iberoamericana-de-cannabis-medicinal\/#article","isPartOf":{"@id":"https:\/\/www.cannabis.es\/pw\/2020\/03\/09\/madrid-acoge-la-reunion-iberoamericana-de-cannabis-medicinal\/"},"author":{"name":"Cannabis.es","@id":"https:\/\/www.cannabis.es\/pw\/#\/schema\/person\/e2fbd204580cf4fe74c79b82bc447374"},"headline":"Madrid acoge la reuni\u00f3n Iberoamericana de cannabis medicinal","datePublished":"2020-03-09T16:04:41+00:00","dateModified":"2020-07-17T11:07:19+00:00","mainEntityOfPage":{"@id":"https:\/\/www.cannabis.es\/pw\/2020\/03\/09\/madrid-acoge-la-reunion-iberoamericana-de-cannabis-medicinal\/"},"wordCount":913,"publisher":{"@id":"https:\/\/www.cannabis.es\/pw\/#organization"},"image":{"@id":"https:\/\/www.cannabis.es\/pw\/2020\/03\/09\/madrid-acoge-la-reunion-iberoamericana-de-cannabis-medicinal\/#primaryimage"},"thumbnailUrl":"https:\/\/www.cannabis.es\/pw\/wp-content\/uploads\/2020\/05\/iberoamericana-cannabis_PORTADA.jpg","keywords":["Benito D\u00edaz","marihuana"],"articleSection":["Pol\u00edtica y Sociedad","Reportajes"],"inLanguage":"es"},{"@type":"WebPage","@id":"https:\/\/www.cannabis.es\/pw\/2020\/03\/09\/madrid-acoge-la-reunion-iberoamericana-de-cannabis-medicinal\/","url":"https:\/\/www.cannabis.es\/pw\/2020\/03\/09\/madrid-acoge-la-reunion-iberoamericana-de-cannabis-medicinal\/","name":"Madrid acoge la reuni\u00f3n Iberoamericana de cannabis medicinal","isPartOf":{"@id":"https:\/\/www.cannabis.es\/pw\/#website"},"primaryImageOfPage":{"@id":"https:\/\/www.cannabis.es\/pw\/2020\/03\/09\/madrid-acoge-la-reunion-iberoamericana-de-cannabis-medicinal\/#primaryimage"},"image":{"@id":"https:\/\/www.cannabis.es\/pw\/2020\/03\/09\/madrid-acoge-la-reunion-iberoamericana-de-cannabis-medicinal\/#primaryimage"},"thumbnailUrl":"https:\/\/www.cannabis.es\/pw\/wp-content\/uploads\/2020\/05\/iberoamericana-cannabis_PORTADA.jpg","datePublished":"2020-03-09T16:04:41+00:00","dateModified":"2020-07-17T11:07:19+00:00","description":"Entrada &#8226; Portal multimedia sobre cannabis y otras sustancias &#8226; 9 marzo, 2020","breadcrumb":{"@id":"https:\/\/www.cannabis.es\/pw\/2020\/03\/09\/madrid-acoge-la-reunion-iberoamericana-de-cannabis-medicinal\/#breadcrumb"},"inLanguage":"es","potentialAction":[{"@type":"ReadAction","target":["https:\/\/www.cannabis.es\/pw\/2020\/03\/09\/madrid-acoge-la-reunion-iberoamericana-de-cannabis-medicinal\/"]}]},{"@type":"ImageObject","inLanguage":"es","@id":"https:\/\/www.cannabis.es\/pw\/2020\/03\/09\/madrid-acoge-la-reunion-iberoamericana-de-cannabis-medicinal\/#primaryimage","url":"https:\/\/www.cannabis.es\/pw\/wp-content\/uploads\/2020\/05\/iberoamericana-cannabis_PORTADA.jpg","contentUrl":"https:\/\/www.cannabis.es\/pw\/wp-content\/uploads\/2020\/05\/iberoamericana-cannabis_PORTADA.jpg","width":959,"height":475},{"@type":"BreadcrumbList","@id":"https:\/\/www.cannabis.es\/pw\/2020\/03\/09\/madrid-acoge-la-reunion-iberoamericana-de-cannabis-medicinal\/#breadcrumb","itemListElement":[{"@type":"ListItem","position":1,"name":"Portada","item":"http:\/\/www.cannabis.es\/pw\/"},{"@type":"ListItem","position":2,"name":"Madrid acoge la reuni\u00f3n Iberoamericana de cannabis medicinal"}]},{"@type":"WebSite","@id":"https:\/\/www.cannabis.es\/pw\/#website","url":"https:\/\/www.cannabis.es\/pw\/","name":"Cannabis","description":"Portal multimedia sobre cannabis y otras sustancias","publisher":{"@id":"https:\/\/www.cannabis.es\/pw\/#organization"},"potentialAction":[{"@type":"SearchAction","target":{"@type":"EntryPoint","urlTemplate":"https:\/\/www.cannabis.es\/pw\/?s={search_term_string}"},"query-input":{"@type":"PropertyValueSpecification","valueRequired":true,"valueName":"search_term_string"}}],"inLanguage":"es"},{"@type":"Organization","@id":"https:\/\/www.cannabis.es\/pw\/#organization","name":"Cannabis.es","url":"https:\/\/www.cannabis.es\/pw\/","logo":{"@type":"ImageObject","inLanguage":"es","@id":"https:\/\/www.cannabis.es\/pw\/#\/schema\/logo\/image\/","url":"https:\/\/www.cannabis.es\/pw\/wp-content\/uploads\/2019\/04\/cropped-logo_cannabis.png","contentUrl":"https:\/\/www.cannabis.es\/pw\/wp-content\/uploads\/2019\/04\/cropped-logo_cannabis.png","width":361,"height":120,"caption":"Cannabis.es"},"image":{"@id":"https:\/\/www.cannabis.es\/pw\/#\/schema\/logo\/image\/"},"sameAs":["https:\/\/x.com\/cannabis_es"]},{"@type":"Person","@id":"https:\/\/www.cannabis.es\/pw\/#\/schema\/person\/e2fbd204580cf4fe74c79b82bc447374","name":"Cannabis.es","image":{"@type":"ImageObject","inLanguage":"es","@id":"https:\/\/www.cannabis.es\/pw\/#\/schema\/person\/image\/","url":"https:\/\/secure.gravatar.com\/avatar\/4375b1eb6e272e2e48a4b8a8def52e5f208151f555bb5906da616906ee6dd2e8?s=96&d=mm&r=g","contentUrl":"https:\/\/secure.gravatar.com\/avatar\/4375b1eb6e272e2e48a4b8a8def52e5f208151f555bb5906da616906ee6dd2e8?s=96&d=mm&r=g","caption":"Cannabis.es"},"url":"https:\/\/www.cannabis.es\/pw\/author\/cannabis\/"}]}},"_links":{"self":[{"href":"https:\/\/www.cannabis.es\/pw\/wp-json\/wp\/v2\/posts\/1755","targetHints":{"allow":["GET"]}}],"collection":[{"href":"https:\/\/www.cannabis.es\/pw\/wp-json\/wp\/v2\/posts"}],"about":[{"href":"https:\/\/www.cannabis.es\/pw\/wp-json\/wp\/v2\/types\/post"}],"author":[{"embeddable":true,"href":"https:\/\/www.cannabis.es\/pw\/wp-json\/wp\/v2\/users\/1"}],"replies":[{"embeddable":true,"href":"https:\/\/www.cannabis.es\/pw\/wp-json\/wp\/v2\/comments?post=1755"}],"version-history":[{"count":4,"href":"https:\/\/www.cannabis.es\/pw\/wp-json\/wp\/v2\/posts\/1755\/revisions"}],"predecessor-version":[{"id":5853,"href":"https:\/\/www.cannabis.es\/pw\/wp-json\/wp\/v2\/posts\/1755\/revisions\/5853"}],"wp:featuredmedia":[{"embeddable":true,"href":"https:\/\/www.cannabis.es\/pw\/wp-json\/wp\/v2\/media\/1756"}],"wp:attachment":[{"href":"https:\/\/www.cannabis.es\/pw\/wp-json\/wp\/v2\/media?parent=1755"}],"wp:term":[{"taxonomy":"category","embeddable":true,"href":"https:\/\/www.cannabis.es\/pw\/wp-json\/wp\/v2\/categories?post=1755"},{"taxonomy":"post_tag","embeddable":true,"href":"https:\/\/www.cannabis.es\/pw\/wp-json\/wp\/v2\/tags?post=1755"}],"curies":[{"name":"wp","href":"https:\/\/api.w.org\/{rel}","templated":true}]}}