{"id":1758,"date":"2020-03-11T17:10:16","date_gmt":"2020-03-11T16:10:16","guid":{"rendered":"http:\/\/www.cannabis.es\/pw\/?p=1758"},"modified":"2020-07-17T13:06:39","modified_gmt":"2020-07-17T11:06:39","slug":"spannabis-se-suspende-por-coronavirus-a-dos-dias-del-inicio","status":"publish","type":"post","link":"https:\/\/www.cannabis.es\/pw\/2020\/03\/11\/spannabis-se-suspende-por-coronavirus-a-dos-dias-del-inicio\/","title":{"rendered":"Spannabis se suspende por coronavirus a dos d\u00edas del inicio"},"content":{"rendered":"\n<p>Arnau Alcaide<\/p>\n\n\n\n<p>Spannabis ha anunciado esta tarde del 11 de marzo que suspende su tradicional feria cann\u00e1bica celebrada en Barcelona a las puertas de su apertura este viernes 13, para quien quiera una dosis de superstici\u00f3n. El motivo: la comparecencia matutina de las autoridades en materia de Interior y Salud de la Generalitat de Catalunya anunciando&nbsp;<strong>medidas \u00abextraordinarias\u00bb para evitar la propagaci\u00f3n del coronavirus.<\/strong><\/p>\n\n\n\n<hr class=\"wp-block-separator\"\/>\n\n\n\n<p>No obstante, la cancelaci\u00f3n de este evento, que el a\u00f1o pasado congreg\u00f3 a unas 25.000 personas, ha estado rodeada de pol\u00e9mica. La organizaci\u00f3n podr\u00eda haberse resistido demasiado a cancelar, pues emiti\u00f3 comunicados tranquilizadores y hasta agot\u00f3 las entradas de preventa en el d\u00eda de ayer, cuando ya hab\u00eda habido&nbsp;<a href=\"https:\/\/twitter.com\/alchimiaGrow\/status\/1237384839734505473\">peticiones de stands relevantes<\/a>&nbsp;y un estado de alarma preocupante.<\/p>\n\n\n\n<blockquote class=\"wp-block-quote is-layout-flow wp-block-quote-is-layout-flow\"><p><em>Comunicado Previo de Spannabis<\/em><\/p><p><em>En relaci\u00f3n a las preguntas que estamos recibiendo sobre la posibilidad de cancelar la celebraci\u00f3n de Spannabis 2020 por motivo del Coronavirus, o las posibles repercusiones que este virus puede tener en la feria, nos gustar\u00eda aclarar que no existe el m\u00e1s m\u00ednimo problema.<\/em><\/p><p><em>Tanto las autoridades sanitarias de nuestro pa\u00eds como la Organizaci\u00f3n Mundial de la Salud han reiterado que no existe motivo alguno que justifique tomar medidas al respecto; la pr\u00e1ctica totalidad de eventos y ferias est\u00e1n teniendo lugar con absoluta normalidad y as\u00ed ser\u00e1 tambi\u00e9n en el caso de Spannabis.<\/em><\/p><p><em>Seguimos y seguiremos las recomendaciones de las autoridades.<\/em><\/p><p><em>\u00a1Nos vemos en Spannabis el 13, 14 y 15 de marzo!<\/em><\/p><\/blockquote>\n\n\n\n<p>La organizaci\u00f3n ha emitido un comunicado en el que explica que la cancelaci\u00f3n llega \u00abmuy a su pesar\u00bb tras la&nbsp;<strong>prohibici\u00f3n de realizar eventos de m\u00e1s de 1000 personas<\/strong>.&nbsp;<strong>Posponen el evento a oto\u00f1o y reembolsar\u00e1n las entradas o te ofrecen mantenerla para la pr\u00f3xima edici\u00f3n.<\/strong><\/p>\n\n\n\n<p>\u00abHemos hecho todo lo posible para que Spannabis pudiera celebrarse con normalidad, pero dadas las circunstancias no nos ha quedado alternativa\u00bb, lamenta la nota de Spannabis.<\/p>\n","protected":false},"excerpt":{"rendered":"<span class=\"span-reading-time rt-reading-time\" style=\"display: block;\"><span class=\"rt-label rt-prefix\">Tiempo de lectura:<\/span> <span class=\"rt-time\"> 2<\/span> <span class=\"rt-label rt-postfix\">minutos<\/span><\/span>Spannabis ha anunciado esta tarde del 11 de marzo que suspende su tradicional feria cann\u00e1bica celebrada en Barcelona a las puertas de su apertura este viernes 13.","protected":false},"author":1,"featured_media":1759,"comment_status":"closed","ping_status":"closed","sticky":false,"template":"","format":"standard","meta":{"loftocean-featured-post":"","loftocean_post_format_gallery":"","loftocean_post_format_gallery_ids":"","loftocean_post_format_gallery_urls":"","loftocean_post_format_video_id":"","loftocean_post_format_video_url":"","loftocean_post_format_video_type":"","loftocean_post_format_video":"","loftocean_post_format_audio_type":"","loftocean_post_format_audio_url":"","loftocean_post_format_audio_id":"","loftocean_post_format_audio":"","loftocean_post_format_quote_text":"","loftocean_post_format_quote_byline":"","loftocean_post_format_link_text":"","loftocean_post_format_link_url":"","ceramag_post_header_style":"","ceramag_enable_background_video":"","ceramag_show_in_top_slider":"","ceramag_post_background_video_start":"","ceramag_post_background_video_end":"","loftocean_page_background_video_id":"","loftocean_page_background_video_url":"","loftocean_page_background_video_type":"","loftocean_page_background_video":"","ceramag_background_video_start":"","ceramag_background_video_end":"","ceramag_single_page_hide_header":"","footnotes":""},"categories":[35],"tags":[409],"class_list":["post-1758","post","type-post","status-publish","format-standard","has-post-thumbnail","hentry","category-politica-y-sociedad","tag-feria"],"yoast_head":"<!-- This site is optimized with the Yoast SEO plugin v24.9 - https:\/\/yoast.com\/wordpress\/plugins\/seo\/ -->\n<title>Spannabis se suspende por coronavirus a dos d\u00edas del inicio<\/title>\n<meta name=\"description\" content=\"Entrada &#8226; Portal multimedia sobre cannabis y otras sustancias &#8226; 11 marzo, 2020\" \/>\n<meta name=\"robots\" content=\"index, follow, max-snippet:-1, max-image-preview:large, max-video-preview:-1\" \/>\n<link rel=\"canonical\" href=\"https:\/\/www.cannabis.es\/pw\/2020\/03\/11\/spannabis-se-suspende-por-coronavirus-a-dos-dias-del-inicio\/\" \/>\n<meta name=\"twitter:card\" content=\"summary_large_image\" \/>\n<meta name=\"twitter:title\" content=\"Spannabis se suspende por coronavirus a dos d\u00edas del inicio\" \/>\n<meta name=\"twitter:description\" content=\"Entrada &#8226; Portal multimedia sobre cannabis y otras sustancias &#8226; 11 marzo, 2020\" \/>\n<meta name=\"twitter:image\" content=\"https:\/\/www.cannabis.es\/pw\/wp-content\/uploads\/2020\/05\/spannabis-coronavirus.jpg\" \/>\n<meta name=\"twitter:creator\" content=\"@cannabis_es\" \/>\n<meta name=\"twitter:site\" content=\"@cannabis_es\" \/>\n<meta name=\"twitter:label1\" content=\"Escrito por\" \/>\n\t<meta name=\"twitter:data1\" content=\"Cannabis.es\" \/>\n\t<meta name=\"twitter:label2\" content=\"Tiempo de lectura\" \/>\n\t<meta name=\"twitter:data2\" content=\"2 minutos\" \/>\n<script type=\"application\/ld+json\" class=\"yoast-schema-graph\">{\"@context\":\"https:\/\/schema.org\",\"@graph\":[{\"@type\":\"Article\",\"@id\":\"https:\/\/www.cannabis.es\/pw\/2020\/03\/11\/spannabis-se-suspende-por-coronavirus-a-dos-dias-del-inicio\/#article\",\"isPartOf\":{\"@id\":\"https:\/\/www.cannabis.es\/pw\/2020\/03\/11\/spannabis-se-suspende-por-coronavirus-a-dos-dias-del-inicio\/\"},\"author\":{\"name\":\"Cannabis.es\",\"@id\":\"https:\/\/www.cannabis.es\/pw\/#\/schema\/person\/e2fbd204580cf4fe74c79b82bc447374\"},\"headline\":\"Spannabis se suspende por coronavirus a dos d\u00edas del inicio\",\"datePublished\":\"2020-03-11T16:10:16+00:00\",\"dateModified\":\"2020-07-17T11:06:39+00:00\",\"mainEntityOfPage\":{\"@id\":\"https:\/\/www.cannabis.es\/pw\/2020\/03\/11\/spannabis-se-suspende-por-coronavirus-a-dos-dias-del-inicio\/\"},\"wordCount\":347,\"publisher\":{\"@id\":\"https:\/\/www.cannabis.es\/pw\/#organization\"},\"image\":{\"@id\":\"https:\/\/www.cannabis.es\/pw\/2020\/03\/11\/spannabis-se-suspende-por-coronavirus-a-dos-dias-del-inicio\/#primaryimage\"},\"thumbnailUrl\":\"https:\/\/www.cannabis.es\/pw\/wp-content\/uploads\/2020\/05\/spannabis-coronavirus.jpg\",\"keywords\":[\"feria\"],\"articleSection\":[\"Pol\u00edtica y Sociedad\"],\"inLanguage\":\"es\"},{\"@type\":\"WebPage\",\"@id\":\"https:\/\/www.cannabis.es\/pw\/2020\/03\/11\/spannabis-se-suspende-por-coronavirus-a-dos-dias-del-inicio\/\",\"url\":\"https:\/\/www.cannabis.es\/pw\/2020\/03\/11\/spannabis-se-suspende-por-coronavirus-a-dos-dias-del-inicio\/\",\"name\":\"Spannabis se suspende por coronavirus a dos d\u00edas del inicio\",\"isPartOf\":{\"@id\":\"https:\/\/www.cannabis.es\/pw\/#website\"},\"primaryImageOfPage\":{\"@id\":\"https:\/\/www.cannabis.es\/pw\/2020\/03\/11\/spannabis-se-suspende-por-coronavirus-a-dos-dias-del-inicio\/#primaryimage\"},\"image\":{\"@id\":\"https:\/\/www.cannabis.es\/pw\/2020\/03\/11\/spannabis-se-suspende-por-coronavirus-a-dos-dias-del-inicio\/#primaryimage\"},\"thumbnailUrl\":\"https:\/\/www.cannabis.es\/pw\/wp-content\/uploads\/2020\/05\/spannabis-coronavirus.jpg\",\"datePublished\":\"2020-03-11T16:10:16+00:00\",\"dateModified\":\"2020-07-17T11:06:39+00:00\",\"description\":\"Entrada &#8226; Portal multimedia sobre cannabis y otras sustancias &#8226; 11 marzo, 2020\",\"breadcrumb\":{\"@id\":\"https:\/\/www.cannabis.es\/pw\/2020\/03\/11\/spannabis-se-suspende-por-coronavirus-a-dos-dias-del-inicio\/#breadcrumb\"},\"inLanguage\":\"es\",\"potentialAction\":[{\"@type\":\"ReadAction\",\"target\":[\"https:\/\/www.cannabis.es\/pw\/2020\/03\/11\/spannabis-se-suspende-por-coronavirus-a-dos-dias-del-inicio\/\"]}]},{\"@type\":\"ImageObject\",\"inLanguage\":\"es\",\"@id\":\"https:\/\/www.cannabis.es\/pw\/2020\/03\/11\/spannabis-se-suspende-por-coronavirus-a-dos-dias-del-inicio\/#primaryimage\",\"url\":\"https:\/\/www.cannabis.es\/pw\/wp-content\/uploads\/2020\/05\/spannabis-coronavirus.jpg\",\"contentUrl\":\"https:\/\/www.cannabis.es\/pw\/wp-content\/uploads\/2020\/05\/spannabis-coronavirus.jpg\",\"width\":959,\"height\":475},{\"@type\":\"BreadcrumbList\",\"@id\":\"https:\/\/www.cannabis.es\/pw\/2020\/03\/11\/spannabis-se-suspende-por-coronavirus-a-dos-dias-del-inicio\/#breadcrumb\",\"itemListElement\":[{\"@type\":\"ListItem\",\"position\":1,\"name\":\"Portada\",\"item\":\"http:\/\/www.cannabis.es\/pw\/\"},{\"@type\":\"ListItem\",\"position\":2,\"name\":\"Spannabis se suspende por coronavirus a dos d\u00edas del inicio\"}]},{\"@type\":\"WebSite\",\"@id\":\"https:\/\/www.cannabis.es\/pw\/#website\",\"url\":\"https:\/\/www.cannabis.es\/pw\/\",\"name\":\"Cannabis\",\"description\":\"Portal multimedia sobre cannabis y otras sustancias\",\"publisher\":{\"@id\":\"https:\/\/www.cannabis.es\/pw\/#organization\"},\"potentialAction\":[{\"@type\":\"SearchAction\",\"target\":{\"@type\":\"EntryPoint\",\"urlTemplate\":\"https:\/\/www.cannabis.es\/pw\/?s={search_term_string}\"},\"query-input\":{\"@type\":\"PropertyValueSpecification\",\"valueRequired\":true,\"valueName\":\"search_term_string\"}}],\"inLanguage\":\"es\"},{\"@type\":\"Organization\",\"@id\":\"https:\/\/www.cannabis.es\/pw\/#organization\",\"name\":\"Cannabis.es\",\"url\":\"https:\/\/www.cannabis.es\/pw\/\",\"logo\":{\"@type\":\"ImageObject\",\"inLanguage\":\"es\",\"@id\":\"https:\/\/www.cannabis.es\/pw\/#\/schema\/logo\/image\/\",\"url\":\"https:\/\/www.cannabis.es\/pw\/wp-content\/uploads\/2019\/04\/cropped-logo_cannabis.png\",\"contentUrl\":\"https:\/\/www.cannabis.es\/pw\/wp-content\/uploads\/2019\/04\/cropped-logo_cannabis.png\",\"width\":361,\"height\":120,\"caption\":\"Cannabis.es\"},\"image\":{\"@id\":\"https:\/\/www.cannabis.es\/pw\/#\/schema\/logo\/image\/\"},\"sameAs\":[\"https:\/\/x.com\/cannabis_es\"]},{\"@type\":\"Person\",\"@id\":\"https:\/\/www.cannabis.es\/pw\/#\/schema\/person\/e2fbd204580cf4fe74c79b82bc447374\",\"name\":\"Cannabis.es\",\"image\":{\"@type\":\"ImageObject\",\"inLanguage\":\"es\",\"@id\":\"https:\/\/www.cannabis.es\/pw\/#\/schema\/person\/image\/\",\"url\":\"https:\/\/secure.gravatar.com\/avatar\/4375b1eb6e272e2e48a4b8a8def52e5f208151f555bb5906da616906ee6dd2e8?s=96&d=mm&r=g\",\"contentUrl\":\"https:\/\/secure.gravatar.com\/avatar\/4375b1eb6e272e2e48a4b8a8def52e5f208151f555bb5906da616906ee6dd2e8?s=96&d=mm&r=g\",\"caption\":\"Cannabis.es\"},\"url\":\"https:\/\/www.cannabis.es\/pw\/author\/cannabis\/\"}]}<\/script>\n<!-- \/ Yoast SEO plugin. -->","yoast_head_json":{"title":"Spannabis se suspende por coronavirus a dos d\u00edas del inicio","description":"Entrada &#8226; Portal multimedia sobre cannabis y otras sustancias &#8226; 11 marzo, 2020","robots":{"index":"index","follow":"follow","max-snippet":"max-snippet:-1","max-image-preview":"max-image-preview:large","max-video-preview":"max-video-preview:-1"},"canonical":"https:\/\/www.cannabis.es\/pw\/2020\/03\/11\/spannabis-se-suspende-por-coronavirus-a-dos-dias-del-inicio\/","twitter_card":"summary_large_image","twitter_title":"Spannabis se suspende por coronavirus a dos d\u00edas del inicio","twitter_description":"Entrada &#8226; Portal multimedia sobre cannabis y otras sustancias &#8226; 11 marzo, 2020","twitter_image":"https:\/\/www.cannabis.es\/pw\/wp-content\/uploads\/2020\/05\/spannabis-coronavirus.jpg","twitter_creator":"@cannabis_es","twitter_site":"@cannabis_es","twitter_misc":{"Escrito por":"Cannabis.es","Tiempo de lectura":"2 minutos"},"schema":{"@context":"https:\/\/schema.org","@graph":[{"@type":"Article","@id":"https:\/\/www.cannabis.es\/pw\/2020\/03\/11\/spannabis-se-suspende-por-coronavirus-a-dos-dias-del-inicio\/#article","isPartOf":{"@id":"https:\/\/www.cannabis.es\/pw\/2020\/03\/11\/spannabis-se-suspende-por-coronavirus-a-dos-dias-del-inicio\/"},"author":{"name":"Cannabis.es","@id":"https:\/\/www.cannabis.es\/pw\/#\/schema\/person\/e2fbd204580cf4fe74c79b82bc447374"},"headline":"Spannabis se suspende por coronavirus a dos d\u00edas del inicio","datePublished":"2020-03-11T16:10:16+00:00","dateModified":"2020-07-17T11:06:39+00:00","mainEntityOfPage":{"@id":"https:\/\/www.cannabis.es\/pw\/2020\/03\/11\/spannabis-se-suspende-por-coronavirus-a-dos-dias-del-inicio\/"},"wordCount":347,"publisher":{"@id":"https:\/\/www.cannabis.es\/pw\/#organization"},"image":{"@id":"https:\/\/www.cannabis.es\/pw\/2020\/03\/11\/spannabis-se-suspende-por-coronavirus-a-dos-dias-del-inicio\/#primaryimage"},"thumbnailUrl":"https:\/\/www.cannabis.es\/pw\/wp-content\/uploads\/2020\/05\/spannabis-coronavirus.jpg","keywords":["feria"],"articleSection":["Pol\u00edtica y Sociedad"],"inLanguage":"es"},{"@type":"WebPage","@id":"https:\/\/www.cannabis.es\/pw\/2020\/03\/11\/spannabis-se-suspende-por-coronavirus-a-dos-dias-del-inicio\/","url":"https:\/\/www.cannabis.es\/pw\/2020\/03\/11\/spannabis-se-suspende-por-coronavirus-a-dos-dias-del-inicio\/","name":"Spannabis se suspende por coronavirus a dos d\u00edas del inicio","isPartOf":{"@id":"https:\/\/www.cannabis.es\/pw\/#website"},"primaryImageOfPage":{"@id":"https:\/\/www.cannabis.es\/pw\/2020\/03\/11\/spannabis-se-suspende-por-coronavirus-a-dos-dias-del-inicio\/#primaryimage"},"image":{"@id":"https:\/\/www.cannabis.es\/pw\/2020\/03\/11\/spannabis-se-suspende-por-coronavirus-a-dos-dias-del-inicio\/#primaryimage"},"thumbnailUrl":"https:\/\/www.cannabis.es\/pw\/wp-content\/uploads\/2020\/05\/spannabis-coronavirus.jpg","datePublished":"2020-03-11T16:10:16+00:00","dateModified":"2020-07-17T11:06:39+00:00","description":"Entrada &#8226; Portal multimedia sobre cannabis y otras sustancias &#8226; 11 marzo, 2020","breadcrumb":{"@id":"https:\/\/www.cannabis.es\/pw\/2020\/03\/11\/spannabis-se-suspende-por-coronavirus-a-dos-dias-del-inicio\/#breadcrumb"},"inLanguage":"es","potentialAction":[{"@type":"ReadAction","target":["https:\/\/www.cannabis.es\/pw\/2020\/03\/11\/spannabis-se-suspende-por-coronavirus-a-dos-dias-del-inicio\/"]}]},{"@type":"ImageObject","inLanguage":"es","@id":"https:\/\/www.cannabis.es\/pw\/2020\/03\/11\/spannabis-se-suspende-por-coronavirus-a-dos-dias-del-inicio\/#primaryimage","url":"https:\/\/www.cannabis.es\/pw\/wp-content\/uploads\/2020\/05\/spannabis-coronavirus.jpg","contentUrl":"https:\/\/www.cannabis.es\/pw\/wp-content\/uploads\/2020\/05\/spannabis-coronavirus.jpg","width":959,"height":475},{"@type":"BreadcrumbList","@id":"https:\/\/www.cannabis.es\/pw\/2020\/03\/11\/spannabis-se-suspende-por-coronavirus-a-dos-dias-del-inicio\/#breadcrumb","itemListElement":[{"@type":"ListItem","position":1,"name":"Portada","item":"http:\/\/www.cannabis.es\/pw\/"},{"@type":"ListItem","position":2,"name":"Spannabis se suspende por coronavirus a dos d\u00edas del inicio"}]},{"@type":"WebSite","@id":"https:\/\/www.cannabis.es\/pw\/#website","url":"https:\/\/www.cannabis.es\/pw\/","name":"Cannabis","description":"Portal multimedia sobre cannabis y otras sustancias","publisher":{"@id":"https:\/\/www.cannabis.es\/pw\/#organization"},"potentialAction":[{"@type":"SearchAction","target":{"@type":"EntryPoint","urlTemplate":"https:\/\/www.cannabis.es\/pw\/?s={search_term_string}"},"query-input":{"@type":"PropertyValueSpecification","valueRequired":true,"valueName":"search_term_string"}}],"inLanguage":"es"},{"@type":"Organization","@id":"https:\/\/www.cannabis.es\/pw\/#organization","name":"Cannabis.es","url":"https:\/\/www.cannabis.es\/pw\/","logo":{"@type":"ImageObject","inLanguage":"es","@id":"https:\/\/www.cannabis.es\/pw\/#\/schema\/logo\/image\/","url":"https:\/\/www.cannabis.es\/pw\/wp-content\/uploads\/2019\/04\/cropped-logo_cannabis.png","contentUrl":"https:\/\/www.cannabis.es\/pw\/wp-content\/uploads\/2019\/04\/cropped-logo_cannabis.png","width":361,"height":120,"caption":"Cannabis.es"},"image":{"@id":"https:\/\/www.cannabis.es\/pw\/#\/schema\/logo\/image\/"},"sameAs":["https:\/\/x.com\/cannabis_es"]},{"@type":"Person","@id":"https:\/\/www.cannabis.es\/pw\/#\/schema\/person\/e2fbd204580cf4fe74c79b82bc447374","name":"Cannabis.es","image":{"@type":"ImageObject","inLanguage":"es","@id":"https:\/\/www.cannabis.es\/pw\/#\/schema\/person\/image\/","url":"https:\/\/secure.gravatar.com\/avatar\/4375b1eb6e272e2e48a4b8a8def52e5f208151f555bb5906da616906ee6dd2e8?s=96&d=mm&r=g","contentUrl":"https:\/\/secure.gravatar.com\/avatar\/4375b1eb6e272e2e48a4b8a8def52e5f208151f555bb5906da616906ee6dd2e8?s=96&d=mm&r=g","caption":"Cannabis.es"},"url":"https:\/\/www.cannabis.es\/pw\/author\/cannabis\/"}]}},"_links":{"self":[{"href":"https:\/\/www.cannabis.es\/pw\/wp-json\/wp\/v2\/posts\/1758","targetHints":{"allow":["GET"]}}],"collection":[{"href":"https:\/\/www.cannabis.es\/pw\/wp-json\/wp\/v2\/posts"}],"about":[{"href":"https:\/\/www.cannabis.es\/pw\/wp-json\/wp\/v2\/types\/post"}],"author":[{"embeddable":true,"href":"https:\/\/www.cannabis.es\/pw\/wp-json\/wp\/v2\/users\/1"}],"replies":[{"embeddable":true,"href":"https:\/\/www.cannabis.es\/pw\/wp-json\/wp\/v2\/comments?post=1758"}],"version-history":[{"count":3,"href":"https:\/\/www.cannabis.es\/pw\/wp-json\/wp\/v2\/posts\/1758\/revisions"}],"predecessor-version":[{"id":5852,"href":"https:\/\/www.cannabis.es\/pw\/wp-json\/wp\/v2\/posts\/1758\/revisions\/5852"}],"wp:featuredmedia":[{"embeddable":true,"href":"https:\/\/www.cannabis.es\/pw\/wp-json\/wp\/v2\/media\/1759"}],"wp:attachment":[{"href":"https:\/\/www.cannabis.es\/pw\/wp-json\/wp\/v2\/media?parent=1758"}],"wp:term":[{"taxonomy":"category","embeddable":true,"href":"https:\/\/www.cannabis.es\/pw\/wp-json\/wp\/v2\/categories?post=1758"},{"taxonomy":"post_tag","embeddable":true,"href":"https:\/\/www.cannabis.es\/pw\/wp-json\/wp\/v2\/tags?post=1758"}],"curies":[{"name":"wp","href":"https:\/\/api.w.org\/{rel}","templated":true}]}}