{"id":1767,"date":"2020-03-16T17:21:37","date_gmt":"2020-03-16T16:21:37","guid":{"rendered":"http:\/\/www.cannabis.es\/pw\/?p=1767"},"modified":"2020-07-17T12:53:34","modified_gmt":"2020-07-17T10:53:34","slug":"cannabis-inalienable-derechos-humanos-en-el-acceso-y-consumo","status":"publish","type":"post","link":"https:\/\/www.cannabis.es\/pw\/2020\/03\/16\/cannabis-inalienable-derechos-humanos-en-el-acceso-y-consumo\/","title":{"rendered":"Cannabis inalienable: Derechos Humanos en el acceso y consumo"},"content":{"rendered":"\n<p>Benito D\u00edaz<\/p>\n\n\n\n<p>La Organizaci\u00f3n de las Naciones Unidas (ONU) define los Derechos Humanos como \u201cderechos inherentes a todos los seres humanos, sin distinci\u00f3n alguna de raza, sexo, nacionalidad, origen \u00e9tnico, lengua, religi\u00f3n o cualquier otra condici\u00f3n\u201d. Entre ellos se incluye el Derecho a la Vida y a la Libertad; a no estar sometido a esclavitud ni a torturas, a la libertad de opini\u00f3n y de expresi\u00f3n, a la educaci\u00f3n, al trabajo, entre otros.<\/p>\n\n\n\n<hr class=\"wp-block-separator\"\/>\n\n\n\n<p>Para conocer la relaci\u00f3n entre Cannabis y DDHH consultamos con Constanza S\u00e1nchez, Directora de Ley, Pol\u00edtica y Derechos Humanos de ICEERS. El International Center for Ethnobotanical Education, Research and Service (ICEERS) se&nbsp;<a href=\"https:\/\/www.iceers.org\/es\/\">describe a s\u00ed mismo<\/a>&nbsp;como&nbsp;<em>\u201corganizaci\u00f3n sin fines de lucro dedicada a<strong>&nbsp;transformar la relaci\u00f3n de la sociedad con las plantas psicoactivas<\/strong>\u201d.&nbsp;<\/em>Adem\u00e1s, asegura su compromiso con&nbsp;<strong>problemas fundamentales&nbsp;<\/strong><em><strong>\u201cque resultan de la globalizaci\u00f3n de las pr\u00e1cticas relacionadas con la Ayahuasca, la Iboga y otros etnobot\u00e1nicos\u201d,<\/strong><\/em><strong>&nbsp;como el cannabis<\/strong>. S\u00e1nchez es polit\u00f3loga y Doctora en Derecho Internacional y Relaciones Internacionales.<\/p>\n\n\n\n<p>\u201c<em>Consumir Cannabis no es un Derecho Humano por s\u00ed mismo\u201d,<\/em>&nbsp;nos explica.&nbsp;<em>\u201cSe trata de una reivindicaci\u00f3n pol\u00edtica basada en esos derechos, universalmente reconocidos, inherentes a todos los seres humanos, sin distinci\u00f3n. Estos&nbsp;<\/em><em><strong>derechos<\/strong><\/em><em>&nbsp;son universales, independientes,&nbsp;<\/em><em><strong>inalienables\u2026 nadie puede desproveernos de ellos<\/strong><\/em><em>&nbsp;y los Estados deben garantizarlos. Son obligatorios. Existen varios grupos para su organizaci\u00f3n, tales como Derechos Civiles, Derechos Econ\u00f3micos, Sociales y Culturales. En el primer grupo tenemos, por ejemplo, Derecho a la vida, de Expresi\u00f3n y de Reuni\u00f3n. En el segundo, Derecho a Trabajar con Justicia, Derecho al m\u00e1ximo nivel de salud y otros\u201d<\/em>.<\/p>\n\n\n\n<h3 class=\"wp-block-heading\"><strong>Cannabis y derechos humanos<\/strong><\/h3>\n\n\n\n<p>S\u00e1nchez explica que&nbsp;<strong>la conexi\u00f3n entre Cannabis y DDHH<\/strong>&nbsp;se pueden encontrar en la aplicaci\u00f3n de estos derechos, tales como el&nbsp;<strong>Derecho a la Salud&nbsp;<\/strong>de pacientes. Tambi\u00e9n en el&nbsp;<strong>Derecho a la Investigaci\u00f3n,&nbsp;<\/strong>que garantice el conocimiento frente al ostracismo,<strong>&nbsp;y a la participaci\u00f3n en sus beneficios,&nbsp;<\/strong>pues hay tambi\u00e9n privaci\u00f3n forzosa de los cultivos, una riqueza econ\u00f3mica, ambiental y personal leg\u00edtima.&nbsp;<em>\u201cUna persona no pierde sus derechos por ser consumidora de Cannabis\u201d<\/em><em>,&nbsp;<\/em>comenta S\u00e1nchez en una aportaci\u00f3n clave. Reclamar el derecho a la&nbsp;<strong>propia identidad<\/strong>&nbsp;y a la&nbsp;<strong>libertad cultural<\/strong>&nbsp;son otros puntos a tener en cuenta al evitar que la prohibici\u00f3n amase el desarrollo de nuestra personalidad.<\/p>\n\n\n\n<h3 class=\"wp-block-heading\"><strong>Papel mojado<\/strong><\/h3>\n\n\n\n<p>La aplicaci\u00f3n de estos derechos no es tarea f\u00e1cil, ni vinculante, como evidencia el inhumano trato actual a refugiados, aunque nada tenga que ver con el cannabis. Seg\u00fan S\u00e1nchez,&nbsp;<strong>los Estados no hacen lo suficiente para garantizarlos ni promocionar su desarrollo<\/strong>. Por ello, de cada tratado surgen \u00f3rganos espec\u00edficos para vigilar su ejecuci\u00f3n y evoluci\u00f3n.&nbsp;<em>\u201cEn perspectiva, hay muchos DDHH que se incumplen, pero en general existe un gran avance en materia de Derechos\u201d<\/em><em>,&nbsp;<\/em>comenta S\u00e1nchez. Otra f\u00f3rmula de vigilancia es mediante el Examen Perif\u00e9rico Universal, el cual, cada cuatro a\u00f1os revisa la aplicaci\u00f3n de los DDHH.<\/p>\n\n\n\n<p>Para vigilar su aplicaci\u00f3n y composici\u00f3n, se conoce la figura de la&nbsp;<a href=\"https:\/\/www.ohchr.org\/sp\/aboutus\/Pages\/WhoWeAre.aspx\">Oficina del Alto Comisionado de Derechos Humanos<\/a>, as\u00ed como los acuerdos y pactos en Derecho Internacional<em>. \u201c<\/em><em>Todo esto forma parte de la Carta de Derechos Humanos, as\u00ed como sus ampliaciones, declaraciones, documentos sobre temas o colectivos espec\u00edficos, como la Declaraci\u00f3n de los Derechos del Ni\u00f1o, por ejemplo<\/em><em>\u201d,<\/em>&nbsp;afirma la polit\u00f3loga.<\/p>\n\n\n\n<h3 class=\"wp-block-heading\"><strong>\u00bfDerecho a algo prohibido?<\/strong><\/h3>\n\n\n\n<p>\u201c<em>No s\u00e9 si existe un conflicto a nivel escrito entre las leyes de la ONU y las Espa\u00f1olas. El hecho es que el cannabis est\u00e1 prohibido, lo que puede dar lugar a transgresiones del Derecho Internacional. Se deben asegurar las garant\u00edas procesales, como son el derecho a un juicio justo y a penas adecuadas a los casos. En general, las penas aplicadas en Espa\u00f1a son bastante desproporcionadas. Se aplican sanciones administrativas y la Ley Mordaza a muchos usuarios.&nbsp;<\/em><em><strong>En mi opini\u00f3n, el tema del cannabis no est\u00e1 a la altura de otros temas en su tratamiento, tales como la Memoria Hist\u00f3rica o las personas desplazadas en el Mediterr\u00e1neo<\/strong><\/em><em>\u201d.<\/em><\/p>\n","protected":false},"excerpt":{"rendered":"<span class=\"span-reading-time rt-reading-time\" style=\"display: block;\"><span class=\"rt-label rt-prefix\">Tiempo de lectura:<\/span> <span class=\"rt-time\"> 3<\/span> <span class=\"rt-label rt-postfix\">minutos<\/span><\/span>Para conocer la relaci\u00f3n entre Cannabis y DDHH consultamos con Constanza S\u00e1nchez, Directora de Ley, Pol\u00edtica y Derechos Humanos de ICEERS.","protected":false},"author":1,"featured_media":1768,"comment_status":"closed","ping_status":"closed","sticky":false,"template":"","format":"standard","meta":{"loftocean-featured-post":"","loftocean_post_format_gallery":"","loftocean_post_format_gallery_ids":"","loftocean_post_format_gallery_urls":"","loftocean_post_format_video_id":"","loftocean_post_format_video_url":"","loftocean_post_format_video_type":"","loftocean_post_format_video":"","loftocean_post_format_audio_type":"","loftocean_post_format_audio_url":"","loftocean_post_format_audio_id":"","loftocean_post_format_audio":"","loftocean_post_format_quote_text":"","loftocean_post_format_quote_byline":"","loftocean_post_format_link_text":"","loftocean_post_format_link_url":"","ceramag_post_header_style":"","ceramag_enable_background_video":"","ceramag_show_in_top_slider":"","ceramag_post_background_video_start":"","ceramag_post_background_video_end":"","loftocean_page_background_video_id":"","loftocean_page_background_video_url":"","loftocean_page_background_video_type":"","loftocean_page_background_video":"","ceramag_background_video_start":"","ceramag_background_video_end":"","ceramag_single_page_hide_header":"","footnotes":""},"categories":[35],"tags":[43],"class_list":["post-1767","post","type-post","status-publish","format-standard","has-post-thumbnail","hentry","category-politica-y-sociedad","tag-benito-diaz"],"yoast_head":"<!-- This site is optimized with the Yoast SEO plugin v24.9 - https:\/\/yoast.com\/wordpress\/plugins\/seo\/ -->\n<title>Cannabis inalienable: Derechos Humanos en el acceso y consumo<\/title>\n<meta name=\"description\" content=\"Entrada &#8226; Portal multimedia sobre cannabis y otras sustancias &#8226; 16 marzo, 2020\" \/>\n<meta name=\"robots\" content=\"index, follow, max-snippet:-1, max-image-preview:large, max-video-preview:-1\" \/>\n<link rel=\"canonical\" href=\"https:\/\/www.cannabis.es\/pw\/2020\/03\/16\/cannabis-inalienable-derechos-humanos-en-el-acceso-y-consumo\/\" \/>\n<meta name=\"twitter:card\" content=\"summary_large_image\" \/>\n<meta name=\"twitter:title\" content=\"Cannabis inalienable: Derechos Humanos en el acceso y consumo\" \/>\n<meta name=\"twitter:description\" content=\"Entrada &#8226; Portal multimedia sobre cannabis y otras sustancias &#8226; 16 marzo, 2020\" \/>\n<meta name=\"twitter:image\" content=\"https:\/\/www.cannabis.es\/pw\/wp-content\/uploads\/2020\/05\/portada-derechos-humanos.jpg\" \/>\n<meta name=\"twitter:creator\" content=\"@cannabis_es\" \/>\n<meta name=\"twitter:site\" content=\"@cannabis_es\" \/>\n<meta name=\"twitter:label1\" content=\"Escrito por\" \/>\n\t<meta name=\"twitter:data1\" content=\"Cannabis.es\" \/>\n\t<meta name=\"twitter:label2\" content=\"Tiempo de lectura\" \/>\n\t<meta name=\"twitter:data2\" content=\"4 minutos\" \/>\n<script type=\"application\/ld+json\" class=\"yoast-schema-graph\">{\"@context\":\"https:\/\/schema.org\",\"@graph\":[{\"@type\":\"Article\",\"@id\":\"https:\/\/www.cannabis.es\/pw\/2020\/03\/16\/cannabis-inalienable-derechos-humanos-en-el-acceso-y-consumo\/#article\",\"isPartOf\":{\"@id\":\"https:\/\/www.cannabis.es\/pw\/2020\/03\/16\/cannabis-inalienable-derechos-humanos-en-el-acceso-y-consumo\/\"},\"author\":{\"name\":\"Cannabis.es\",\"@id\":\"https:\/\/www.cannabis.es\/pw\/#\/schema\/person\/e2fbd204580cf4fe74c79b82bc447374\"},\"headline\":\"Cannabis inalienable: Derechos Humanos en el acceso y consumo\",\"datePublished\":\"2020-03-16T16:21:37+00:00\",\"dateModified\":\"2020-07-17T10:53:34+00:00\",\"mainEntityOfPage\":{\"@id\":\"https:\/\/www.cannabis.es\/pw\/2020\/03\/16\/cannabis-inalienable-derechos-humanos-en-el-acceso-y-consumo\/\"},\"wordCount\":756,\"publisher\":{\"@id\":\"https:\/\/www.cannabis.es\/pw\/#organization\"},\"image\":{\"@id\":\"https:\/\/www.cannabis.es\/pw\/2020\/03\/16\/cannabis-inalienable-derechos-humanos-en-el-acceso-y-consumo\/#primaryimage\"},\"thumbnailUrl\":\"https:\/\/www.cannabis.es\/pw\/wp-content\/uploads\/2020\/05\/portada-derechos-humanos.jpg\",\"keywords\":[\"Benito D\u00edaz\"],\"articleSection\":[\"Pol\u00edtica y Sociedad\"],\"inLanguage\":\"es\"},{\"@type\":\"WebPage\",\"@id\":\"https:\/\/www.cannabis.es\/pw\/2020\/03\/16\/cannabis-inalienable-derechos-humanos-en-el-acceso-y-consumo\/\",\"url\":\"https:\/\/www.cannabis.es\/pw\/2020\/03\/16\/cannabis-inalienable-derechos-humanos-en-el-acceso-y-consumo\/\",\"name\":\"Cannabis inalienable: Derechos Humanos en el acceso y consumo\",\"isPartOf\":{\"@id\":\"https:\/\/www.cannabis.es\/pw\/#website\"},\"primaryImageOfPage\":{\"@id\":\"https:\/\/www.cannabis.es\/pw\/2020\/03\/16\/cannabis-inalienable-derechos-humanos-en-el-acceso-y-consumo\/#primaryimage\"},\"image\":{\"@id\":\"https:\/\/www.cannabis.es\/pw\/2020\/03\/16\/cannabis-inalienable-derechos-humanos-en-el-acceso-y-consumo\/#primaryimage\"},\"thumbnailUrl\":\"https:\/\/www.cannabis.es\/pw\/wp-content\/uploads\/2020\/05\/portada-derechos-humanos.jpg\",\"datePublished\":\"2020-03-16T16:21:37+00:00\",\"dateModified\":\"2020-07-17T10:53:34+00:00\",\"description\":\"Entrada &#8226; Portal multimedia sobre cannabis y otras sustancias &#8226; 16 marzo, 2020\",\"breadcrumb\":{\"@id\":\"https:\/\/www.cannabis.es\/pw\/2020\/03\/16\/cannabis-inalienable-derechos-humanos-en-el-acceso-y-consumo\/#breadcrumb\"},\"inLanguage\":\"es\",\"potentialAction\":[{\"@type\":\"ReadAction\",\"target\":[\"https:\/\/www.cannabis.es\/pw\/2020\/03\/16\/cannabis-inalienable-derechos-humanos-en-el-acceso-y-consumo\/\"]}]},{\"@type\":\"ImageObject\",\"inLanguage\":\"es\",\"@id\":\"https:\/\/www.cannabis.es\/pw\/2020\/03\/16\/cannabis-inalienable-derechos-humanos-en-el-acceso-y-consumo\/#primaryimage\",\"url\":\"https:\/\/www.cannabis.es\/pw\/wp-content\/uploads\/2020\/05\/portada-derechos-humanos.jpg\",\"contentUrl\":\"https:\/\/www.cannabis.es\/pw\/wp-content\/uploads\/2020\/05\/portada-derechos-humanos.jpg\",\"width\":959,\"height\":475},{\"@type\":\"BreadcrumbList\",\"@id\":\"https:\/\/www.cannabis.es\/pw\/2020\/03\/16\/cannabis-inalienable-derechos-humanos-en-el-acceso-y-consumo\/#breadcrumb\",\"itemListElement\":[{\"@type\":\"ListItem\",\"position\":1,\"name\":\"Portada\",\"item\":\"http:\/\/www.cannabis.es\/pw\/\"},{\"@type\":\"ListItem\",\"position\":2,\"name\":\"Cannabis inalienable: Derechos Humanos en el acceso y consumo\"}]},{\"@type\":\"WebSite\",\"@id\":\"https:\/\/www.cannabis.es\/pw\/#website\",\"url\":\"https:\/\/www.cannabis.es\/pw\/\",\"name\":\"Cannabis\",\"description\":\"Portal multimedia sobre cannabis y otras sustancias\",\"publisher\":{\"@id\":\"https:\/\/www.cannabis.es\/pw\/#organization\"},\"potentialAction\":[{\"@type\":\"SearchAction\",\"target\":{\"@type\":\"EntryPoint\",\"urlTemplate\":\"https:\/\/www.cannabis.es\/pw\/?s={search_term_string}\"},\"query-input\":{\"@type\":\"PropertyValueSpecification\",\"valueRequired\":true,\"valueName\":\"search_term_string\"}}],\"inLanguage\":\"es\"},{\"@type\":\"Organization\",\"@id\":\"https:\/\/www.cannabis.es\/pw\/#organization\",\"name\":\"Cannabis.es\",\"url\":\"https:\/\/www.cannabis.es\/pw\/\",\"logo\":{\"@type\":\"ImageObject\",\"inLanguage\":\"es\",\"@id\":\"https:\/\/www.cannabis.es\/pw\/#\/schema\/logo\/image\/\",\"url\":\"https:\/\/www.cannabis.es\/pw\/wp-content\/uploads\/2019\/04\/cropped-logo_cannabis.png\",\"contentUrl\":\"https:\/\/www.cannabis.es\/pw\/wp-content\/uploads\/2019\/04\/cropped-logo_cannabis.png\",\"width\":361,\"height\":120,\"caption\":\"Cannabis.es\"},\"image\":{\"@id\":\"https:\/\/www.cannabis.es\/pw\/#\/schema\/logo\/image\/\"},\"sameAs\":[\"https:\/\/x.com\/cannabis_es\"]},{\"@type\":\"Person\",\"@id\":\"https:\/\/www.cannabis.es\/pw\/#\/schema\/person\/e2fbd204580cf4fe74c79b82bc447374\",\"name\":\"Cannabis.es\",\"image\":{\"@type\":\"ImageObject\",\"inLanguage\":\"es\",\"@id\":\"https:\/\/www.cannabis.es\/pw\/#\/schema\/person\/image\/\",\"url\":\"https:\/\/secure.gravatar.com\/avatar\/4375b1eb6e272e2e48a4b8a8def52e5f208151f555bb5906da616906ee6dd2e8?s=96&d=mm&r=g\",\"contentUrl\":\"https:\/\/secure.gravatar.com\/avatar\/4375b1eb6e272e2e48a4b8a8def52e5f208151f555bb5906da616906ee6dd2e8?s=96&d=mm&r=g\",\"caption\":\"Cannabis.es\"},\"url\":\"https:\/\/www.cannabis.es\/pw\/author\/cannabis\/\"}]}<\/script>\n<!-- \/ Yoast SEO plugin. -->","yoast_head_json":{"title":"Cannabis inalienable: Derechos Humanos en el acceso y consumo","description":"Entrada &#8226; Portal multimedia sobre cannabis y otras sustancias &#8226; 16 marzo, 2020","robots":{"index":"index","follow":"follow","max-snippet":"max-snippet:-1","max-image-preview":"max-image-preview:large","max-video-preview":"max-video-preview:-1"},"canonical":"https:\/\/www.cannabis.es\/pw\/2020\/03\/16\/cannabis-inalienable-derechos-humanos-en-el-acceso-y-consumo\/","twitter_card":"summary_large_image","twitter_title":"Cannabis inalienable: Derechos Humanos en el acceso y consumo","twitter_description":"Entrada &#8226; Portal multimedia sobre cannabis y otras sustancias &#8226; 16 marzo, 2020","twitter_image":"https:\/\/www.cannabis.es\/pw\/wp-content\/uploads\/2020\/05\/portada-derechos-humanos.jpg","twitter_creator":"@cannabis_es","twitter_site":"@cannabis_es","twitter_misc":{"Escrito por":"Cannabis.es","Tiempo de lectura":"4 minutos"},"schema":{"@context":"https:\/\/schema.org","@graph":[{"@type":"Article","@id":"https:\/\/www.cannabis.es\/pw\/2020\/03\/16\/cannabis-inalienable-derechos-humanos-en-el-acceso-y-consumo\/#article","isPartOf":{"@id":"https:\/\/www.cannabis.es\/pw\/2020\/03\/16\/cannabis-inalienable-derechos-humanos-en-el-acceso-y-consumo\/"},"author":{"name":"Cannabis.es","@id":"https:\/\/www.cannabis.es\/pw\/#\/schema\/person\/e2fbd204580cf4fe74c79b82bc447374"},"headline":"Cannabis inalienable: Derechos Humanos en el acceso y consumo","datePublished":"2020-03-16T16:21:37+00:00","dateModified":"2020-07-17T10:53:34+00:00","mainEntityOfPage":{"@id":"https:\/\/www.cannabis.es\/pw\/2020\/03\/16\/cannabis-inalienable-derechos-humanos-en-el-acceso-y-consumo\/"},"wordCount":756,"publisher":{"@id":"https:\/\/www.cannabis.es\/pw\/#organization"},"image":{"@id":"https:\/\/www.cannabis.es\/pw\/2020\/03\/16\/cannabis-inalienable-derechos-humanos-en-el-acceso-y-consumo\/#primaryimage"},"thumbnailUrl":"https:\/\/www.cannabis.es\/pw\/wp-content\/uploads\/2020\/05\/portada-derechos-humanos.jpg","keywords":["Benito D\u00edaz"],"articleSection":["Pol\u00edtica y Sociedad"],"inLanguage":"es"},{"@type":"WebPage","@id":"https:\/\/www.cannabis.es\/pw\/2020\/03\/16\/cannabis-inalienable-derechos-humanos-en-el-acceso-y-consumo\/","url":"https:\/\/www.cannabis.es\/pw\/2020\/03\/16\/cannabis-inalienable-derechos-humanos-en-el-acceso-y-consumo\/","name":"Cannabis inalienable: Derechos Humanos en el acceso y consumo","isPartOf":{"@id":"https:\/\/www.cannabis.es\/pw\/#website"},"primaryImageOfPage":{"@id":"https:\/\/www.cannabis.es\/pw\/2020\/03\/16\/cannabis-inalienable-derechos-humanos-en-el-acceso-y-consumo\/#primaryimage"},"image":{"@id":"https:\/\/www.cannabis.es\/pw\/2020\/03\/16\/cannabis-inalienable-derechos-humanos-en-el-acceso-y-consumo\/#primaryimage"},"thumbnailUrl":"https:\/\/www.cannabis.es\/pw\/wp-content\/uploads\/2020\/05\/portada-derechos-humanos.jpg","datePublished":"2020-03-16T16:21:37+00:00","dateModified":"2020-07-17T10:53:34+00:00","description":"Entrada &#8226; Portal multimedia sobre cannabis y otras sustancias &#8226; 16 marzo, 2020","breadcrumb":{"@id":"https:\/\/www.cannabis.es\/pw\/2020\/03\/16\/cannabis-inalienable-derechos-humanos-en-el-acceso-y-consumo\/#breadcrumb"},"inLanguage":"es","potentialAction":[{"@type":"ReadAction","target":["https:\/\/www.cannabis.es\/pw\/2020\/03\/16\/cannabis-inalienable-derechos-humanos-en-el-acceso-y-consumo\/"]}]},{"@type":"ImageObject","inLanguage":"es","@id":"https:\/\/www.cannabis.es\/pw\/2020\/03\/16\/cannabis-inalienable-derechos-humanos-en-el-acceso-y-consumo\/#primaryimage","url":"https:\/\/www.cannabis.es\/pw\/wp-content\/uploads\/2020\/05\/portada-derechos-humanos.jpg","contentUrl":"https:\/\/www.cannabis.es\/pw\/wp-content\/uploads\/2020\/05\/portada-derechos-humanos.jpg","width":959,"height":475},{"@type":"BreadcrumbList","@id":"https:\/\/www.cannabis.es\/pw\/2020\/03\/16\/cannabis-inalienable-derechos-humanos-en-el-acceso-y-consumo\/#breadcrumb","itemListElement":[{"@type":"ListItem","position":1,"name":"Portada","item":"http:\/\/www.cannabis.es\/pw\/"},{"@type":"ListItem","position":2,"name":"Cannabis inalienable: Derechos Humanos en el acceso y consumo"}]},{"@type":"WebSite","@id":"https:\/\/www.cannabis.es\/pw\/#website","url":"https:\/\/www.cannabis.es\/pw\/","name":"Cannabis","description":"Portal multimedia sobre cannabis y otras sustancias","publisher":{"@id":"https:\/\/www.cannabis.es\/pw\/#organization"},"potentialAction":[{"@type":"SearchAction","target":{"@type":"EntryPoint","urlTemplate":"https:\/\/www.cannabis.es\/pw\/?s={search_term_string}"},"query-input":{"@type":"PropertyValueSpecification","valueRequired":true,"valueName":"search_term_string"}}],"inLanguage":"es"},{"@type":"Organization","@id":"https:\/\/www.cannabis.es\/pw\/#organization","name":"Cannabis.es","url":"https:\/\/www.cannabis.es\/pw\/","logo":{"@type":"ImageObject","inLanguage":"es","@id":"https:\/\/www.cannabis.es\/pw\/#\/schema\/logo\/image\/","url":"https:\/\/www.cannabis.es\/pw\/wp-content\/uploads\/2019\/04\/cropped-logo_cannabis.png","contentUrl":"https:\/\/www.cannabis.es\/pw\/wp-content\/uploads\/2019\/04\/cropped-logo_cannabis.png","width":361,"height":120,"caption":"Cannabis.es"},"image":{"@id":"https:\/\/www.cannabis.es\/pw\/#\/schema\/logo\/image\/"},"sameAs":["https:\/\/x.com\/cannabis_es"]},{"@type":"Person","@id":"https:\/\/www.cannabis.es\/pw\/#\/schema\/person\/e2fbd204580cf4fe74c79b82bc447374","name":"Cannabis.es","image":{"@type":"ImageObject","inLanguage":"es","@id":"https:\/\/www.cannabis.es\/pw\/#\/schema\/person\/image\/","url":"https:\/\/secure.gravatar.com\/avatar\/4375b1eb6e272e2e48a4b8a8def52e5f208151f555bb5906da616906ee6dd2e8?s=96&d=mm&r=g","contentUrl":"https:\/\/secure.gravatar.com\/avatar\/4375b1eb6e272e2e48a4b8a8def52e5f208151f555bb5906da616906ee6dd2e8?s=96&d=mm&r=g","caption":"Cannabis.es"},"url":"https:\/\/www.cannabis.es\/pw\/author\/cannabis\/"}]}},"_links":{"self":[{"href":"https:\/\/www.cannabis.es\/pw\/wp-json\/wp\/v2\/posts\/1767","targetHints":{"allow":["GET"]}}],"collection":[{"href":"https:\/\/www.cannabis.es\/pw\/wp-json\/wp\/v2\/posts"}],"about":[{"href":"https:\/\/www.cannabis.es\/pw\/wp-json\/wp\/v2\/types\/post"}],"author":[{"embeddable":true,"href":"https:\/\/www.cannabis.es\/pw\/wp-json\/wp\/v2\/users\/1"}],"replies":[{"embeddable":true,"href":"https:\/\/www.cannabis.es\/pw\/wp-json\/wp\/v2\/comments?post=1767"}],"version-history":[{"count":3,"href":"https:\/\/www.cannabis.es\/pw\/wp-json\/wp\/v2\/posts\/1767\/revisions"}],"predecessor-version":[{"id":5848,"href":"https:\/\/www.cannabis.es\/pw\/wp-json\/wp\/v2\/posts\/1767\/revisions\/5848"}],"wp:featuredmedia":[{"embeddable":true,"href":"https:\/\/www.cannabis.es\/pw\/wp-json\/wp\/v2\/media\/1768"}],"wp:attachment":[{"href":"https:\/\/www.cannabis.es\/pw\/wp-json\/wp\/v2\/media?parent=1767"}],"wp:term":[{"taxonomy":"category","embeddable":true,"href":"https:\/\/www.cannabis.es\/pw\/wp-json\/wp\/v2\/categories?post=1767"},{"taxonomy":"post_tag","embeddable":true,"href":"https:\/\/www.cannabis.es\/pw\/wp-json\/wp\/v2\/tags?post=1767"}],"curies":[{"name":"wp","href":"https:\/\/api.w.org\/{rel}","templated":true}]}}