{"id":1770,"date":"2020-03-18T17:24:35","date_gmt":"2020-03-18T16:24:35","guid":{"rendered":"http:\/\/www.cannabis.es\/pw\/?p=1770"},"modified":"2020-07-17T12:49:27","modified_gmt":"2020-07-17T10:49:27","slug":"spannabis-se-celebrara-los-dias-1112-y-13-de-setiembre","status":"publish","type":"post","link":"https:\/\/www.cannabis.es\/pw\/2020\/03\/18\/spannabis-se-celebrara-los-dias-1112-y-13-de-setiembre\/","title":{"rendered":"Spannabis se celebrar\u00e1 los d\u00edas 11,12 y 13 de septiembre"},"content":{"rendered":"\n<p>Arnau Alcaide<\/p>\n\n\n\n<p>Spannabis volver\u00e1 en septiembre los d\u00edas 11, 12 y 13. As\u00ed lo ha anunciado su <a href=\"https:\/\/twitter.com\/FeriaSpannabis\">cuenta oficial en twitter<\/a>&nbsp;antes siquiera de que exista un comunicado en su p\u00e1gina web. El anuncio de la nueva fecha llega r\u00e1pido tras exactamente una semana de su cancelaci\u00f3n.<\/p>\n\n\n\n<hr class=\"wp-block-separator\"\/>\n\n\n\n<p>Fue justo el d\u00eda 11, el mi\u00e9rcoles pasado, cuando&nbsp;<a href=\"http:\/\/www.cannabis.es\/pw\/2020\/03\/11\/spannabis-se-suspende-por-coronavirus-a-dos-dias-del-inicio\/\">se suspendi\u00f3 hasta nueva fecha la XXVII edici\u00f3n de esta tradicional feria cann\u00e1bica celebrada en Barcelona<\/a>. Y ocurr\u00eda a las puertas de su apertura el viernes 13, tras la comparecencia matutina de las autoridades en materia de Interior y Salud de la Generalitat de Catalunya anunciando medidas \u00abextraordinarias\u00bb para evitar la propagaci\u00f3n del coronavirus.<\/p>\n\n\n\n<p>La organizaci\u00f3n hab\u00eda emitido comunicados tranquilizadores para desacuerdo de algunas de las empresas con stands involucrados, que se salieron por prudencia de la concentraci\u00f3n antes de su cancelaci\u00f3n oficial.<\/p>\n\n\n\n<p>La velocidad del anuncio sirve de respuesta adem\u00e1s a las cr\u00edticas de que se deb\u00eda haber cancelado antes, pol\u00e9mica de la que se han hecho eco en mayor o menor medida los medios especializados: Spannabis cancel\u00f3 por obligaci\u00f3n, pero se va a celebrar y ya ya tiene nueva fecha.<\/p>\n","protected":false},"excerpt":{"rendered":"<span class=\"span-reading-time rt-reading-time\" style=\"display: block;\"><span class=\"rt-label rt-prefix\">Tiempo de lectura:<\/span> <span class=\"rt-time\"> &lt; 1<\/span> <span class=\"rt-label rt-postfix\">minuto<\/span><\/span>Spannabis volver\u00e1 en septiembre los d\u00edas 11, 12 y 13. El anuncio de la nueva fecha llega r\u00e1pido tras exactamente una semana de su cancelaci\u00f3n por coronavirus.","protected":false},"author":1,"featured_media":1771,"comment_status":"closed","ping_status":"closed","sticky":false,"template":"","format":"standard","meta":{"loftocean-featured-post":"","loftocean_post_format_gallery":"","loftocean_post_format_gallery_ids":"","loftocean_post_format_gallery_urls":"","loftocean_post_format_video_id":"","loftocean_post_format_video_url":"","loftocean_post_format_video_type":"","loftocean_post_format_video":"","loftocean_post_format_audio_type":"","loftocean_post_format_audio_url":"","loftocean_post_format_audio_id":"","loftocean_post_format_audio":"","loftocean_post_format_quote_text":"","loftocean_post_format_quote_byline":"","loftocean_post_format_link_text":"","loftocean_post_format_link_url":"","ceramag_post_header_style":"","ceramag_enable_background_video":"","ceramag_show_in_top_slider":"","ceramag_post_background_video_start":"","ceramag_post_background_video_end":"","loftocean_page_background_video_id":"","loftocean_page_background_video_url":"","loftocean_page_background_video_type":"","loftocean_page_background_video":"","ceramag_background_video_start":"","ceramag_background_video_end":"","ceramag_single_page_hide_header":"","footnotes":""},"categories":[35],"tags":[540,654],"class_list":["post-1770","post","type-post","status-publish","format-standard","has-post-thumbnail","hentry","category-politica-y-sociedad","tag-arnau-alcaide","tag-coronavirus"],"yoast_head":"<!-- This site is optimized with the Yoast SEO plugin v24.9 - https:\/\/yoast.com\/wordpress\/plugins\/seo\/ -->\n<title>Spannabis se celebrar\u00e1 los d\u00edas 11,12 y 13 de septiembre<\/title>\n<meta name=\"description\" content=\"Entrada &#8226; Portal multimedia sobre cannabis y otras sustancias &#8226; 18 marzo, 2020\" \/>\n<meta name=\"robots\" content=\"index, follow, max-snippet:-1, max-image-preview:large, max-video-preview:-1\" \/>\n<link rel=\"canonical\" href=\"https:\/\/www.cannabis.es\/pw\/2020\/03\/18\/spannabis-se-celebrara-los-dias-1112-y-13-de-setiembre\/\" \/>\n<meta name=\"twitter:card\" content=\"summary_large_image\" \/>\n<meta name=\"twitter:title\" content=\"Spannabis se celebrar\u00e1 los d\u00edas 11,12 y 13 de septiembre\" \/>\n<meta name=\"twitter:description\" content=\"Entrada &#8226; Portal multimedia sobre cannabis y otras sustancias &#8226; 18 marzo, 2020\" \/>\n<meta name=\"twitter:image\" content=\"https:\/\/www.cannabis.es\/pw\/wp-content\/uploads\/2020\/05\/spannabis-aplaza.jpg\" \/>\n<meta name=\"twitter:creator\" content=\"@cannabis_es\" \/>\n<meta name=\"twitter:site\" content=\"@cannabis_es\" \/>\n<meta name=\"twitter:label1\" content=\"Escrito por\" \/>\n\t<meta name=\"twitter:data1\" content=\"Cannabis.es\" \/>\n\t<meta name=\"twitter:label2\" content=\"Tiempo de lectura\" \/>\n\t<meta name=\"twitter:data2\" content=\"1 minuto\" \/>\n<script type=\"application\/ld+json\" class=\"yoast-schema-graph\">{\"@context\":\"https:\/\/schema.org\",\"@graph\":[{\"@type\":\"Article\",\"@id\":\"https:\/\/www.cannabis.es\/pw\/2020\/03\/18\/spannabis-se-celebrara-los-dias-1112-y-13-de-setiembre\/#article\",\"isPartOf\":{\"@id\":\"https:\/\/www.cannabis.es\/pw\/2020\/03\/18\/spannabis-se-celebrara-los-dias-1112-y-13-de-setiembre\/\"},\"author\":{\"name\":\"Cannabis.es\",\"@id\":\"https:\/\/www.cannabis.es\/pw\/#\/schema\/person\/e2fbd204580cf4fe74c79b82bc447374\"},\"headline\":\"Spannabis se celebrar\u00e1 los d\u00edas 11,12 y 13 de septiembre\",\"datePublished\":\"2020-03-18T16:24:35+00:00\",\"dateModified\":\"2020-07-17T10:49:27+00:00\",\"mainEntityOfPage\":{\"@id\":\"https:\/\/www.cannabis.es\/pw\/2020\/03\/18\/spannabis-se-celebrara-los-dias-1112-y-13-de-setiembre\/\"},\"wordCount\":213,\"publisher\":{\"@id\":\"https:\/\/www.cannabis.es\/pw\/#organization\"},\"image\":{\"@id\":\"https:\/\/www.cannabis.es\/pw\/2020\/03\/18\/spannabis-se-celebrara-los-dias-1112-y-13-de-setiembre\/#primaryimage\"},\"thumbnailUrl\":\"https:\/\/www.cannabis.es\/pw\/wp-content\/uploads\/2020\/05\/spannabis-aplaza.jpg\",\"keywords\":[\"Arnau Alcaide\",\"coronavirus\"],\"articleSection\":[\"Pol\u00edtica y Sociedad\"],\"inLanguage\":\"es\"},{\"@type\":\"WebPage\",\"@id\":\"https:\/\/www.cannabis.es\/pw\/2020\/03\/18\/spannabis-se-celebrara-los-dias-1112-y-13-de-setiembre\/\",\"url\":\"https:\/\/www.cannabis.es\/pw\/2020\/03\/18\/spannabis-se-celebrara-los-dias-1112-y-13-de-setiembre\/\",\"name\":\"Spannabis se celebrar\u00e1 los d\u00edas 11,12 y 13 de septiembre\",\"isPartOf\":{\"@id\":\"https:\/\/www.cannabis.es\/pw\/#website\"},\"primaryImageOfPage\":{\"@id\":\"https:\/\/www.cannabis.es\/pw\/2020\/03\/18\/spannabis-se-celebrara-los-dias-1112-y-13-de-setiembre\/#primaryimage\"},\"image\":{\"@id\":\"https:\/\/www.cannabis.es\/pw\/2020\/03\/18\/spannabis-se-celebrara-los-dias-1112-y-13-de-setiembre\/#primaryimage\"},\"thumbnailUrl\":\"https:\/\/www.cannabis.es\/pw\/wp-content\/uploads\/2020\/05\/spannabis-aplaza.jpg\",\"datePublished\":\"2020-03-18T16:24:35+00:00\",\"dateModified\":\"2020-07-17T10:49:27+00:00\",\"description\":\"Entrada &#8226; Portal multimedia sobre cannabis y otras sustancias &#8226; 18 marzo, 2020\",\"breadcrumb\":{\"@id\":\"https:\/\/www.cannabis.es\/pw\/2020\/03\/18\/spannabis-se-celebrara-los-dias-1112-y-13-de-setiembre\/#breadcrumb\"},\"inLanguage\":\"es\",\"potentialAction\":[{\"@type\":\"ReadAction\",\"target\":[\"https:\/\/www.cannabis.es\/pw\/2020\/03\/18\/spannabis-se-celebrara-los-dias-1112-y-13-de-setiembre\/\"]}]},{\"@type\":\"ImageObject\",\"inLanguage\":\"es\",\"@id\":\"https:\/\/www.cannabis.es\/pw\/2020\/03\/18\/spannabis-se-celebrara-los-dias-1112-y-13-de-setiembre\/#primaryimage\",\"url\":\"https:\/\/www.cannabis.es\/pw\/wp-content\/uploads\/2020\/05\/spannabis-aplaza.jpg\",\"contentUrl\":\"https:\/\/www.cannabis.es\/pw\/wp-content\/uploads\/2020\/05\/spannabis-aplaza.jpg\",\"width\":959,\"height\":475},{\"@type\":\"BreadcrumbList\",\"@id\":\"https:\/\/www.cannabis.es\/pw\/2020\/03\/18\/spannabis-se-celebrara-los-dias-1112-y-13-de-setiembre\/#breadcrumb\",\"itemListElement\":[{\"@type\":\"ListItem\",\"position\":1,\"name\":\"Portada\",\"item\":\"http:\/\/www.cannabis.es\/pw\/\"},{\"@type\":\"ListItem\",\"position\":2,\"name\":\"Spannabis se celebrar\u00e1 los d\u00edas 11,12 y 13 de septiembre\"}]},{\"@type\":\"WebSite\",\"@id\":\"https:\/\/www.cannabis.es\/pw\/#website\",\"url\":\"https:\/\/www.cannabis.es\/pw\/\",\"name\":\"Cannabis\",\"description\":\"Portal multimedia sobre cannabis y otras sustancias\",\"publisher\":{\"@id\":\"https:\/\/www.cannabis.es\/pw\/#organization\"},\"potentialAction\":[{\"@type\":\"SearchAction\",\"target\":{\"@type\":\"EntryPoint\",\"urlTemplate\":\"https:\/\/www.cannabis.es\/pw\/?s={search_term_string}\"},\"query-input\":{\"@type\":\"PropertyValueSpecification\",\"valueRequired\":true,\"valueName\":\"search_term_string\"}}],\"inLanguage\":\"es\"},{\"@type\":\"Organization\",\"@id\":\"https:\/\/www.cannabis.es\/pw\/#organization\",\"name\":\"Cannabis.es\",\"url\":\"https:\/\/www.cannabis.es\/pw\/\",\"logo\":{\"@type\":\"ImageObject\",\"inLanguage\":\"es\",\"@id\":\"https:\/\/www.cannabis.es\/pw\/#\/schema\/logo\/image\/\",\"url\":\"https:\/\/www.cannabis.es\/pw\/wp-content\/uploads\/2019\/04\/cropped-logo_cannabis.png\",\"contentUrl\":\"https:\/\/www.cannabis.es\/pw\/wp-content\/uploads\/2019\/04\/cropped-logo_cannabis.png\",\"width\":361,\"height\":120,\"caption\":\"Cannabis.es\"},\"image\":{\"@id\":\"https:\/\/www.cannabis.es\/pw\/#\/schema\/logo\/image\/\"},\"sameAs\":[\"https:\/\/x.com\/cannabis_es\"]},{\"@type\":\"Person\",\"@id\":\"https:\/\/www.cannabis.es\/pw\/#\/schema\/person\/e2fbd204580cf4fe74c79b82bc447374\",\"name\":\"Cannabis.es\",\"image\":{\"@type\":\"ImageObject\",\"inLanguage\":\"es\",\"@id\":\"https:\/\/www.cannabis.es\/pw\/#\/schema\/person\/image\/\",\"url\":\"https:\/\/secure.gravatar.com\/avatar\/4375b1eb6e272e2e48a4b8a8def52e5f208151f555bb5906da616906ee6dd2e8?s=96&d=mm&r=g\",\"contentUrl\":\"https:\/\/secure.gravatar.com\/avatar\/4375b1eb6e272e2e48a4b8a8def52e5f208151f555bb5906da616906ee6dd2e8?s=96&d=mm&r=g\",\"caption\":\"Cannabis.es\"},\"url\":\"https:\/\/www.cannabis.es\/pw\/author\/cannabis\/\"}]}<\/script>\n<!-- \/ Yoast SEO plugin. -->","yoast_head_json":{"title":"Spannabis se celebrar\u00e1 los d\u00edas 11,12 y 13 de septiembre","description":"Entrada &#8226; Portal multimedia sobre cannabis y otras sustancias &#8226; 18 marzo, 2020","robots":{"index":"index","follow":"follow","max-snippet":"max-snippet:-1","max-image-preview":"max-image-preview:large","max-video-preview":"max-video-preview:-1"},"canonical":"https:\/\/www.cannabis.es\/pw\/2020\/03\/18\/spannabis-se-celebrara-los-dias-1112-y-13-de-setiembre\/","twitter_card":"summary_large_image","twitter_title":"Spannabis se celebrar\u00e1 los d\u00edas 11,12 y 13 de septiembre","twitter_description":"Entrada &#8226; Portal multimedia sobre cannabis y otras sustancias &#8226; 18 marzo, 2020","twitter_image":"https:\/\/www.cannabis.es\/pw\/wp-content\/uploads\/2020\/05\/spannabis-aplaza.jpg","twitter_creator":"@cannabis_es","twitter_site":"@cannabis_es","twitter_misc":{"Escrito por":"Cannabis.es","Tiempo de lectura":"1 minuto"},"schema":{"@context":"https:\/\/schema.org","@graph":[{"@type":"Article","@id":"https:\/\/www.cannabis.es\/pw\/2020\/03\/18\/spannabis-se-celebrara-los-dias-1112-y-13-de-setiembre\/#article","isPartOf":{"@id":"https:\/\/www.cannabis.es\/pw\/2020\/03\/18\/spannabis-se-celebrara-los-dias-1112-y-13-de-setiembre\/"},"author":{"name":"Cannabis.es","@id":"https:\/\/www.cannabis.es\/pw\/#\/schema\/person\/e2fbd204580cf4fe74c79b82bc447374"},"headline":"Spannabis se celebrar\u00e1 los d\u00edas 11,12 y 13 de septiembre","datePublished":"2020-03-18T16:24:35+00:00","dateModified":"2020-07-17T10:49:27+00:00","mainEntityOfPage":{"@id":"https:\/\/www.cannabis.es\/pw\/2020\/03\/18\/spannabis-se-celebrara-los-dias-1112-y-13-de-setiembre\/"},"wordCount":213,"publisher":{"@id":"https:\/\/www.cannabis.es\/pw\/#organization"},"image":{"@id":"https:\/\/www.cannabis.es\/pw\/2020\/03\/18\/spannabis-se-celebrara-los-dias-1112-y-13-de-setiembre\/#primaryimage"},"thumbnailUrl":"https:\/\/www.cannabis.es\/pw\/wp-content\/uploads\/2020\/05\/spannabis-aplaza.jpg","keywords":["Arnau Alcaide","coronavirus"],"articleSection":["Pol\u00edtica y Sociedad"],"inLanguage":"es"},{"@type":"WebPage","@id":"https:\/\/www.cannabis.es\/pw\/2020\/03\/18\/spannabis-se-celebrara-los-dias-1112-y-13-de-setiembre\/","url":"https:\/\/www.cannabis.es\/pw\/2020\/03\/18\/spannabis-se-celebrara-los-dias-1112-y-13-de-setiembre\/","name":"Spannabis se celebrar\u00e1 los d\u00edas 11,12 y 13 de septiembre","isPartOf":{"@id":"https:\/\/www.cannabis.es\/pw\/#website"},"primaryImageOfPage":{"@id":"https:\/\/www.cannabis.es\/pw\/2020\/03\/18\/spannabis-se-celebrara-los-dias-1112-y-13-de-setiembre\/#primaryimage"},"image":{"@id":"https:\/\/www.cannabis.es\/pw\/2020\/03\/18\/spannabis-se-celebrara-los-dias-1112-y-13-de-setiembre\/#primaryimage"},"thumbnailUrl":"https:\/\/www.cannabis.es\/pw\/wp-content\/uploads\/2020\/05\/spannabis-aplaza.jpg","datePublished":"2020-03-18T16:24:35+00:00","dateModified":"2020-07-17T10:49:27+00:00","description":"Entrada &#8226; Portal multimedia sobre cannabis y otras sustancias &#8226; 18 marzo, 2020","breadcrumb":{"@id":"https:\/\/www.cannabis.es\/pw\/2020\/03\/18\/spannabis-se-celebrara-los-dias-1112-y-13-de-setiembre\/#breadcrumb"},"inLanguage":"es","potentialAction":[{"@type":"ReadAction","target":["https:\/\/www.cannabis.es\/pw\/2020\/03\/18\/spannabis-se-celebrara-los-dias-1112-y-13-de-setiembre\/"]}]},{"@type":"ImageObject","inLanguage":"es","@id":"https:\/\/www.cannabis.es\/pw\/2020\/03\/18\/spannabis-se-celebrara-los-dias-1112-y-13-de-setiembre\/#primaryimage","url":"https:\/\/www.cannabis.es\/pw\/wp-content\/uploads\/2020\/05\/spannabis-aplaza.jpg","contentUrl":"https:\/\/www.cannabis.es\/pw\/wp-content\/uploads\/2020\/05\/spannabis-aplaza.jpg","width":959,"height":475},{"@type":"BreadcrumbList","@id":"https:\/\/www.cannabis.es\/pw\/2020\/03\/18\/spannabis-se-celebrara-los-dias-1112-y-13-de-setiembre\/#breadcrumb","itemListElement":[{"@type":"ListItem","position":1,"name":"Portada","item":"http:\/\/www.cannabis.es\/pw\/"},{"@type":"ListItem","position":2,"name":"Spannabis se celebrar\u00e1 los d\u00edas 11,12 y 13 de septiembre"}]},{"@type":"WebSite","@id":"https:\/\/www.cannabis.es\/pw\/#website","url":"https:\/\/www.cannabis.es\/pw\/","name":"Cannabis","description":"Portal multimedia sobre cannabis y otras sustancias","publisher":{"@id":"https:\/\/www.cannabis.es\/pw\/#organization"},"potentialAction":[{"@type":"SearchAction","target":{"@type":"EntryPoint","urlTemplate":"https:\/\/www.cannabis.es\/pw\/?s={search_term_string}"},"query-input":{"@type":"PropertyValueSpecification","valueRequired":true,"valueName":"search_term_string"}}],"inLanguage":"es"},{"@type":"Organization","@id":"https:\/\/www.cannabis.es\/pw\/#organization","name":"Cannabis.es","url":"https:\/\/www.cannabis.es\/pw\/","logo":{"@type":"ImageObject","inLanguage":"es","@id":"https:\/\/www.cannabis.es\/pw\/#\/schema\/logo\/image\/","url":"https:\/\/www.cannabis.es\/pw\/wp-content\/uploads\/2019\/04\/cropped-logo_cannabis.png","contentUrl":"https:\/\/www.cannabis.es\/pw\/wp-content\/uploads\/2019\/04\/cropped-logo_cannabis.png","width":361,"height":120,"caption":"Cannabis.es"},"image":{"@id":"https:\/\/www.cannabis.es\/pw\/#\/schema\/logo\/image\/"},"sameAs":["https:\/\/x.com\/cannabis_es"]},{"@type":"Person","@id":"https:\/\/www.cannabis.es\/pw\/#\/schema\/person\/e2fbd204580cf4fe74c79b82bc447374","name":"Cannabis.es","image":{"@type":"ImageObject","inLanguage":"es","@id":"https:\/\/www.cannabis.es\/pw\/#\/schema\/person\/image\/","url":"https:\/\/secure.gravatar.com\/avatar\/4375b1eb6e272e2e48a4b8a8def52e5f208151f555bb5906da616906ee6dd2e8?s=96&d=mm&r=g","contentUrl":"https:\/\/secure.gravatar.com\/avatar\/4375b1eb6e272e2e48a4b8a8def52e5f208151f555bb5906da616906ee6dd2e8?s=96&d=mm&r=g","caption":"Cannabis.es"},"url":"https:\/\/www.cannabis.es\/pw\/author\/cannabis\/"}]}},"_links":{"self":[{"href":"https:\/\/www.cannabis.es\/pw\/wp-json\/wp\/v2\/posts\/1770","targetHints":{"allow":["GET"]}}],"collection":[{"href":"https:\/\/www.cannabis.es\/pw\/wp-json\/wp\/v2\/posts"}],"about":[{"href":"https:\/\/www.cannabis.es\/pw\/wp-json\/wp\/v2\/types\/post"}],"author":[{"embeddable":true,"href":"https:\/\/www.cannabis.es\/pw\/wp-json\/wp\/v2\/users\/1"}],"replies":[{"embeddable":true,"href":"https:\/\/www.cannabis.es\/pw\/wp-json\/wp\/v2\/comments?post=1770"}],"version-history":[{"count":4,"href":"https:\/\/www.cannabis.es\/pw\/wp-json\/wp\/v2\/posts\/1770\/revisions"}],"predecessor-version":[{"id":5847,"href":"https:\/\/www.cannabis.es\/pw\/wp-json\/wp\/v2\/posts\/1770\/revisions\/5847"}],"wp:featuredmedia":[{"embeddable":true,"href":"https:\/\/www.cannabis.es\/pw\/wp-json\/wp\/v2\/media\/1771"}],"wp:attachment":[{"href":"https:\/\/www.cannabis.es\/pw\/wp-json\/wp\/v2\/media?parent=1770"}],"wp:term":[{"taxonomy":"category","embeddable":true,"href":"https:\/\/www.cannabis.es\/pw\/wp-json\/wp\/v2\/categories?post=1770"},{"taxonomy":"post_tag","embeddable":true,"href":"https:\/\/www.cannabis.es\/pw\/wp-json\/wp\/v2\/tags?post=1770"}],"curies":[{"name":"wp","href":"https:\/\/api.w.org\/{rel}","templated":true}]}}