{"id":1779,"date":"2020-03-23T17:39:09","date_gmt":"2020-03-23T16:39:09","guid":{"rendered":"http:\/\/www.cannabis.es\/pw\/?p=1779"},"modified":"2020-07-14T13:45:39","modified_gmt":"2020-07-14T11:45:39","slug":"el-activismo-en-costa-rica-anticipa-la-paralisis-de-la-regulacion","status":"publish","type":"post","link":"https:\/\/www.cannabis.es\/pw\/2020\/03\/23\/el-activismo-en-costa-rica-anticipa-la-paralisis-de-la-regulacion\/","title":{"rendered":"El activismo en Costa Rica anticipa la par\u00e1lisis de la regulaci\u00f3n"},"content":{"rendered":"\n<p>Benito D\u00edaz<\/p>\n\n\n\n<p>Costa Rica tiene una situaci\u00f3n similar a Espa\u00f1a en cuanto a los derechos sobre la planta: si bien su uso personal est\u00e1 despenalizado, no existe seguridad jur\u00eddica al respecto, al no estar desarrollados los l\u00edmites de estel. Lo reza una sentencia de 2018 a un abogado que autocultiv\u00f3 para probar su legalidad, un caso sonado. En la actualidad, un pu\u00f1ado de organizaciones contin\u00faan peleando para legislar cannabis medicinal y recreativo, con una propuesta paralizada en el parlamento para el primero y desterrando la inseguridad legal de su usuariado.<\/p>\n\n\n\n<hr class=\"wp-block-separator\"\/>\n\n\n\n<p>Contactamos con Juan Z\u00fa\u00f1iga, antiguo representante de Alchemy CR y actual portavoz de Fundaci\u00f3n Sul\u00e1ra. Seg\u00fan nos cuenta, Alchemy ya no se encuentra funcionando.&nbsp;<em>\u201cDesde septiembre de 2019 que venci\u00f3 el nombramiento de la Junta Directiva y no se ha realizado ning\u00fan cambio en los miembros\u201d<\/em><em>.<\/em>&nbsp;Z\u00fa\u00f1iga decidi\u00f3 renunciar el a\u00f1o pasado, debido a estos y a otros problemas de r\u00e9gimen interno. Entonces llev\u00f3 a cabo la creaci\u00f3n&nbsp;<a href=\"https:\/\/www.instagram.com\/sularacr\/\">de Fundaci\u00f3n Sul\u00e1ra,<\/a>&nbsp;desde donde contin\u00faa con su trabajo, del que hablaremos m\u00e1s adelante.<\/p>\n\n\n\n<figure class=\"wp-block-image\"><img decoding=\"async\" src=\"https:\/\/cannabis.es\/web\/images\/puerto-rico1.jpg\" alt=\"puerto-rico1.jpg\"\/><\/figure>\n\n\n\n<h3 class=\"wp-block-heading\"><strong>Actualidad<\/strong><\/h3>\n\n\n\n<p>El presente de la regulaci\u00f3n en CR avanza lento, seg\u00fan las palabras de Z\u00fa\u00f1iga.&nbsp;<em>\u201cNuestro pa\u00eds est\u00e1 afrontando su segundo intento por aprobar una ley que regule el Cannabis Medicinal, con el Proyecto de Ley de Producci\u00f3n de Cannabis y C\u00e1\u00f1amo para fines medicinales, presentado a inicios del 2019 por la diputada Zoila Volio del Partido Integraci\u00f3n Nacional, despu\u00e9s de archivar su primer intento por falta de impulso\u201d<\/em><em>.<\/em>&nbsp;El activista se\u00f1ala que&nbsp;<strong>Costa Rica se encuentra en la misma cortina de humo que anta\u00f1o<\/strong>, en la que muchas personas y organizaciones pueden resultar afectadas en la legalidad,&nbsp;<strong>puesto que no se ha aprobado ning\u00fan reglamento<\/strong>, las mesas de comunicaci\u00f3n se han cerrado y el mercado negro de productos medicinales aflora a diario.<\/p>\n\n\n\n<p>Sobre&nbsp;<strong>el proyecto de ley<\/strong>&nbsp;propuesto por la diputada Volio (PIN), Z\u00fa\u00f1iga destaca que se encuentra estancado en la Asamblea Legislativa. \u201c<strong>No ha tenido el apoyo, ni las correcciones necesarias<\/strong>&nbsp;para crear un beneficio real para el pa\u00eds. Se han recibido muchas propuestas para mejorarlo y para realizarle los cambios necesarios, propuestos por varias personas, organizaciones y empresas, pero a\u00fan no hay una fecha clara para discutir el tema\u201d. El fundador de&nbsp;<a href=\"https:\/\/www.facebook.com\/sulara.fundacion\/\">Fundaci\u00f3n Sul\u00e1ra<\/a>&nbsp;comenta que se constituy\u00f3 una mesa de discusi\u00f3n para crear un reglamento para la inscripci\u00f3n de productos a base de Cannabis. Para su desgracia, se abandonaron las intenciones, debido a que&nbsp;<em>\u201csolo se ocupaba un reglamento entre el Ministerio de Salud y el Ministerio de Agronom\u00eda. De momento, no existe ning\u00fan inter\u00e9s por parte de ambos para llevar a cabo la regulaci\u00f3n\u201d<\/em><em>.<\/em><\/p>\n\n\n\n<p>En otro \u00e1mbito,<strong>&nbsp;las llamadas \u201cdosis peque\u00f1as\u201d y su legalidad para transportar o poseer, contin\u00faan siendo un concepto a desarrollar<\/strong>.&nbsp;<em>\u201cEl tema de c\u00f3mo medir el significado de dosis peque\u00f1as o cantidad de plantas permitidas en legalidad para cultivar, no se ha cuantificado, ni ha sido de inter\u00e9s para los legisladores. Tampoco se encuentra especificado en el Proyecto de Ley\u201d<\/em>&nbsp;relata Z\u00fa\u00f1iga.&nbsp;<em>\u201c<\/em><em><strong>El autocultivo tampoco<\/strong><\/em><em>. De momento, muchas personas del pa\u00eds lo practican, pero<\/em><em><strong>&nbsp;existe mucha incertidumbre&nbsp;<\/strong><\/em><em>respecto a si lo hacen dentro o fuera del marco legal\u201d.<\/em><\/p>\n\n\n\n<figure class=\"wp-block-image\"><img decoding=\"async\" src=\"https:\/\/cannabis.es\/web\/images\/puerto-rico2.jpg\" alt=\"puerto-rico2.jpg\"\/><\/figure>\n\n\n\n<h3 class=\"wp-block-heading\"><strong>Cannabis Medicinal<\/strong><\/h3>\n\n\n\n<p>La informaci\u00f3n sobre estas terapias alternativas ha sido difundida desde la realizaci\u00f3n de talleres, charlas, conferencias y foros de discusi\u00f3n para su aplicaci\u00f3n en personas o mascotas. \u201cSe han abierto salas de discusi\u00f3n sobre los l\u00edmites legales. Tambi\u00e9n se han inscrito productos a base de compuestos como el CBD, como Cannabeer o Combucha CBD. Varias universidades est\u00e1n estudiando la posibilidad de realizar estudios cient\u00edficos sobre estos beneficios medicinales\u201d, asegura Z\u00fa\u00f1iga.<\/p>\n\n\n\n<p>Hoy, el activismo se encuentra impulsando la creaci\u00f3n de asociaciones y fundaciones que apoyen el estudio, investigaci\u00f3n e informaci\u00f3n sobre los alcances de estas propiedades medicinales del cannabis.<\/p>\n\n\n\n<p>Las asociaciones y la sociedad civil se han organizado en la creaci\u00f3n de organizaciones sin af\u00e1n de lucro para apoyar a la poblaci\u00f3n.&nbsp;<em>\u201cBrindamos asesor\u00edas y charlas sobre los beneficios del cannabis medicinal. Hasta el momento, contamos con seis organizaciones debidamente legalizadas en el Registro Nacional. En concreto, cuatro fundaciones como Sul\u00e1ra, FUCANNAMED, FUNDACANNA y GuanaGrow. Tambi\u00e9n dos asociaciones, Club Vida Verde y Club Tokus. Adem\u00e1s, se conform\u00f3 la Oficina 420 Law CR, dirigida por el licenciado Isaac Vargas, que present\u00f3 su tesis en la Universidad de CR,&nbsp;<\/em><em>\u201cAn\u00e1lisis del r\u00e9gimen jur\u00eddico y jurisprudencial del cultivo de Cannabis con fines de autoconsumo en Costa Rica, desde una perspectiva de Derechos Humanos\u201d, ocup\u00e1ndose de la asesor\u00eda legal y trabajando en la defensa de varios casos relacionados con el autocultivo para consumo personal. A\u00fan existen muchas personas presentando solicitudes de inscripci\u00f3n de productos a base de CBD en el Ministerio de Salud\u201d<\/em><em>,<\/em>&nbsp;afirma Z\u00fa\u00f1iga.<\/p>\n\n\n\n<figure class=\"wp-block-image\"><img decoding=\"async\" src=\"https:\/\/cannabis.es\/web\/images\/puerto-rico3.jpg\" alt=\"puerto-rico3.jpg\"\/><\/figure>\n\n\n\n<h3 class=\"wp-block-heading\"><strong>Activismo<\/strong><\/h3>\n\n\n\n<p>La creaci\u00f3n de nuevas organizaciones brinda esperanzas renovadas a la poblaci\u00f3n&nbsp;<a href=\"http:\/\/www.cannabis.es\/pw\/2019\/07\/19\/costa-rica-lucha-por-la-legalizacion\/\">costarricense<\/a>. Juan Z\u00fa\u00f1iga nos relata sobre Fundaci\u00f3n Sul\u00e1ra que ya se encuentra registrada y con c\u00e9dula jur\u00eddica (3-006-788851):&nbsp;<em>\u201cLa fundaci\u00f3n est\u00e1 integrada junto a profesionales de la salud, en el campo de la enfermer\u00eda, psicolog\u00eda y deportes. Sus fines son dar capacitaciones, talleres, charlas y asesor\u00edas. Crear proyectos de investigaci\u00f3n y aportar en el beneficio del pa\u00eds, contribuyendo con estudios cient\u00edficos que comprueban los usos medicinales del Cannabis en la salud. Adem\u00e1s, damos asesor\u00edas gratuitas para la creaci\u00f3n de fundaciones, asociaciones y clubes sociales cann\u00e1bicos\u201d.<\/em><\/p>\n\n\n\n<p>Z\u00fa\u00f1iga, nombrado representante en Latinoam\u00e9rica para la asesor\u00eda y gestaci\u00f3n de CSCs por parte de CONFAC, explica cu\u00e1les son los pasos a seguir en el futuro:&nbsp;<em>\u201c<\/em><em>Las 6 organizaciones cann\u00e1bicas estamos en proceso de formalizar una Federaci\u00f3n de Organizaciones sin fines de lucro, enfocadas en el estudio e investigaci\u00f3n de los productos a base de cannabis y priorizando la obtenci\u00f3n de un cromat\u00f3grafo, para poder realizar mediciones de los productos artesanales, saber qu\u00e9 es exactamente lo que las personas est\u00e1n tomando y dar as\u00ed un mejor seguimiento a cada caso\u201d.<\/em><\/p>\n\n\n\n<p>\u201c<em>Lastimosamente\u201d,&nbsp;<\/em>prosigue,<em>&nbsp;\u201cnos encontramos en una persecuci\u00f3n de activistas y cultivadores por parte de las autoridades judiciales, pero&nbsp;<\/em><em><strong>la uni\u00f3n y fuerza que estamos agarrando con la formalizaci\u00f3n de una Federaci\u00f3n nos va a permitir i<\/strong><\/em><em><strong>mpulsar un reglamento&nbsp;<\/strong><\/em><em>con el cual se establezcan los requerimientos t\u00e9cnicos para un laboratorio con fines de seguimiento, ya que existe una imposibilidad institucional motivada por la ausencia de normativa\u201d.<\/em><\/p>\n\n\n\n<p>Pueden contactar con Fundaci\u00f3n Sul\u00e1ra<a href=\"mailto:Funsulara@gmail.com\">&nbsp;en su correo<\/a>&nbsp;para m\u00e1s informaci\u00f3n.<\/p>\n","protected":false},"excerpt":{"rendered":"<span class=\"span-reading-time rt-reading-time\" style=\"display: block;\"><span class=\"rt-label rt-prefix\">Tiempo de lectura:<\/span> <span class=\"rt-time\"> 4<\/span> <span class=\"rt-label rt-postfix\">minutos<\/span><\/span>Benito D\u00edaz Costa Rica tiene una situaci\u00f3n similar a Espa\u00f1a en cuanto a los derechos sobre la planta: si bien su uso personal est\u00e1 despenalizado, no existe seguridad jur\u00eddica al respecto, al no estar desarrollados los l\u00edmites de estel. Lo reza una sentencia de 2018 a un abogado que autocultiv\u00f3 para probar su legalidad, un [&hellip;]","protected":false},"author":1,"featured_media":1780,"comment_status":"closed","ping_status":"closed","sticky":false,"template":"","format":"standard","meta":{"loftocean-featured-post":"","loftocean_post_format_gallery":"","loftocean_post_format_gallery_ids":"","loftocean_post_format_gallery_urls":"","loftocean_post_format_video_id":"","loftocean_post_format_video_url":"","loftocean_post_format_video_type":"","loftocean_post_format_video":"","loftocean_post_format_audio_type":"","loftocean_post_format_audio_url":"","loftocean_post_format_audio_id":"","loftocean_post_format_audio":"","loftocean_post_format_quote_text":"","loftocean_post_format_quote_byline":"","loftocean_post_format_link_text":"","loftocean_post_format_link_url":"","ceramag_post_header_style":"","ceramag_enable_background_video":"","ceramag_show_in_top_slider":"","ceramag_post_background_video_start":"","ceramag_post_background_video_end":"","loftocean_page_background_video_id":"","loftocean_page_background_video_url":"","loftocean_page_background_video_type":"","loftocean_page_background_video":"","ceramag_background_video_start":"","ceramag_background_video_end":"","ceramag_single_page_hide_header":"","footnotes":""},"categories":[35],"tags":[43,664,650],"class_list":["post-1779","post","type-post","status-publish","format-standard","has-post-thumbnail","hentry","category-politica-y-sociedad","tag-benito-diaz","tag-derechos-humanos","tag-latinoamerica"],"yoast_head":"<!-- This site is optimized with the Yoast SEO plugin v24.9 - https:\/\/yoast.com\/wordpress\/plugins\/seo\/ -->\n<title>El activismo en Costa Rica anticipa la par\u00e1lisis de la regulaci\u00f3n<\/title>\n<meta name=\"description\" content=\"Entrada &#8226; Portal multimedia sobre cannabis y otras sustancias &#8226; 23 marzo, 2020\" \/>\n<meta name=\"robots\" content=\"index, follow, max-snippet:-1, max-image-preview:large, max-video-preview:-1\" \/>\n<link rel=\"canonical\" href=\"https:\/\/www.cannabis.es\/pw\/2020\/03\/23\/el-activismo-en-costa-rica-anticipa-la-paralisis-de-la-regulacion\/\" \/>\n<meta name=\"twitter:card\" content=\"summary_large_image\" \/>\n<meta name=\"twitter:title\" content=\"El activismo en Costa Rica anticipa la par\u00e1lisis de la regulaci\u00f3n\" \/>\n<meta name=\"twitter:description\" content=\"Entrada &#8226; Portal multimedia sobre cannabis y otras sustancias &#8226; 23 marzo, 2020\" \/>\n<meta name=\"twitter:image\" content=\"https:\/\/www.cannabis.es\/pw\/wp-content\/uploads\/2020\/05\/puerto-rico1.jpg\" \/>\n<meta name=\"twitter:creator\" content=\"@cannabis_es\" \/>\n<meta name=\"twitter:site\" content=\"@cannabis_es\" \/>\n<meta name=\"twitter:label1\" content=\"Escrito por\" \/>\n\t<meta name=\"twitter:data1\" content=\"Cannabis.es\" \/>\n\t<meta name=\"twitter:label2\" content=\"Tiempo de lectura\" \/>\n\t<meta name=\"twitter:data2\" content=\"6 minutos\" \/>\n<script type=\"application\/ld+json\" class=\"yoast-schema-graph\">{\"@context\":\"https:\/\/schema.org\",\"@graph\":[{\"@type\":\"Article\",\"@id\":\"https:\/\/www.cannabis.es\/pw\/2020\/03\/23\/el-activismo-en-costa-rica-anticipa-la-paralisis-de-la-regulacion\/#article\",\"isPartOf\":{\"@id\":\"https:\/\/www.cannabis.es\/pw\/2020\/03\/23\/el-activismo-en-costa-rica-anticipa-la-paralisis-de-la-regulacion\/\"},\"author\":{\"name\":\"Cannabis.es\",\"@id\":\"https:\/\/www.cannabis.es\/pw\/#\/schema\/person\/e2fbd204580cf4fe74c79b82bc447374\"},\"headline\":\"El activismo en Costa Rica anticipa la par\u00e1lisis de la regulaci\u00f3n\",\"datePublished\":\"2020-03-23T16:39:09+00:00\",\"dateModified\":\"2020-07-14T11:45:39+00:00\",\"mainEntityOfPage\":{\"@id\":\"https:\/\/www.cannabis.es\/pw\/2020\/03\/23\/el-activismo-en-costa-rica-anticipa-la-paralisis-de-la-regulacion\/\"},\"wordCount\":1192,\"publisher\":{\"@id\":\"https:\/\/www.cannabis.es\/pw\/#organization\"},\"image\":{\"@id\":\"https:\/\/www.cannabis.es\/pw\/2020\/03\/23\/el-activismo-en-costa-rica-anticipa-la-paralisis-de-la-regulacion\/#primaryimage\"},\"thumbnailUrl\":\"https:\/\/www.cannabis.es\/pw\/wp-content\/uploads\/2020\/05\/puerto-rico1.jpg\",\"keywords\":[\"Benito D\u00edaz\",\"derechos humanos\",\"latinoam\u00e9rica\"],\"articleSection\":[\"Pol\u00edtica y Sociedad\"],\"inLanguage\":\"es\"},{\"@type\":\"WebPage\",\"@id\":\"https:\/\/www.cannabis.es\/pw\/2020\/03\/23\/el-activismo-en-costa-rica-anticipa-la-paralisis-de-la-regulacion\/\",\"url\":\"https:\/\/www.cannabis.es\/pw\/2020\/03\/23\/el-activismo-en-costa-rica-anticipa-la-paralisis-de-la-regulacion\/\",\"name\":\"El activismo en Costa Rica anticipa la par\u00e1lisis de la regulaci\u00f3n\",\"isPartOf\":{\"@id\":\"https:\/\/www.cannabis.es\/pw\/#website\"},\"primaryImageOfPage\":{\"@id\":\"https:\/\/www.cannabis.es\/pw\/2020\/03\/23\/el-activismo-en-costa-rica-anticipa-la-paralisis-de-la-regulacion\/#primaryimage\"},\"image\":{\"@id\":\"https:\/\/www.cannabis.es\/pw\/2020\/03\/23\/el-activismo-en-costa-rica-anticipa-la-paralisis-de-la-regulacion\/#primaryimage\"},\"thumbnailUrl\":\"https:\/\/www.cannabis.es\/pw\/wp-content\/uploads\/2020\/05\/puerto-rico1.jpg\",\"datePublished\":\"2020-03-23T16:39:09+00:00\",\"dateModified\":\"2020-07-14T11:45:39+00:00\",\"description\":\"Entrada &#8226; Portal multimedia sobre cannabis y otras sustancias &#8226; 23 marzo, 2020\",\"breadcrumb\":{\"@id\":\"https:\/\/www.cannabis.es\/pw\/2020\/03\/23\/el-activismo-en-costa-rica-anticipa-la-paralisis-de-la-regulacion\/#breadcrumb\"},\"inLanguage\":\"es\",\"potentialAction\":[{\"@type\":\"ReadAction\",\"target\":[\"https:\/\/www.cannabis.es\/pw\/2020\/03\/23\/el-activismo-en-costa-rica-anticipa-la-paralisis-de-la-regulacion\/\"]}]},{\"@type\":\"ImageObject\",\"inLanguage\":\"es\",\"@id\":\"https:\/\/www.cannabis.es\/pw\/2020\/03\/23\/el-activismo-en-costa-rica-anticipa-la-paralisis-de-la-regulacion\/#primaryimage\",\"url\":\"https:\/\/www.cannabis.es\/pw\/wp-content\/uploads\/2020\/05\/puerto-rico1.jpg\",\"contentUrl\":\"https:\/\/www.cannabis.es\/pw\/wp-content\/uploads\/2020\/05\/puerto-rico1.jpg\",\"width\":720,\"height\":596},{\"@type\":\"BreadcrumbList\",\"@id\":\"https:\/\/www.cannabis.es\/pw\/2020\/03\/23\/el-activismo-en-costa-rica-anticipa-la-paralisis-de-la-regulacion\/#breadcrumb\",\"itemListElement\":[{\"@type\":\"ListItem\",\"position\":1,\"name\":\"Portada\",\"item\":\"http:\/\/www.cannabis.es\/pw\/\"},{\"@type\":\"ListItem\",\"position\":2,\"name\":\"El activismo en Costa Rica anticipa la par\u00e1lisis de la regulaci\u00f3n\"}]},{\"@type\":\"WebSite\",\"@id\":\"https:\/\/www.cannabis.es\/pw\/#website\",\"url\":\"https:\/\/www.cannabis.es\/pw\/\",\"name\":\"Cannabis\",\"description\":\"Portal multimedia sobre cannabis y otras sustancias\",\"publisher\":{\"@id\":\"https:\/\/www.cannabis.es\/pw\/#organization\"},\"potentialAction\":[{\"@type\":\"SearchAction\",\"target\":{\"@type\":\"EntryPoint\",\"urlTemplate\":\"https:\/\/www.cannabis.es\/pw\/?s={search_term_string}\"},\"query-input\":{\"@type\":\"PropertyValueSpecification\",\"valueRequired\":true,\"valueName\":\"search_term_string\"}}],\"inLanguage\":\"es\"},{\"@type\":\"Organization\",\"@id\":\"https:\/\/www.cannabis.es\/pw\/#organization\",\"name\":\"Cannabis.es\",\"url\":\"https:\/\/www.cannabis.es\/pw\/\",\"logo\":{\"@type\":\"ImageObject\",\"inLanguage\":\"es\",\"@id\":\"https:\/\/www.cannabis.es\/pw\/#\/schema\/logo\/image\/\",\"url\":\"https:\/\/www.cannabis.es\/pw\/wp-content\/uploads\/2019\/04\/cropped-logo_cannabis.png\",\"contentUrl\":\"https:\/\/www.cannabis.es\/pw\/wp-content\/uploads\/2019\/04\/cropped-logo_cannabis.png\",\"width\":361,\"height\":120,\"caption\":\"Cannabis.es\"},\"image\":{\"@id\":\"https:\/\/www.cannabis.es\/pw\/#\/schema\/logo\/image\/\"},\"sameAs\":[\"https:\/\/x.com\/cannabis_es\"]},{\"@type\":\"Person\",\"@id\":\"https:\/\/www.cannabis.es\/pw\/#\/schema\/person\/e2fbd204580cf4fe74c79b82bc447374\",\"name\":\"Cannabis.es\",\"image\":{\"@type\":\"ImageObject\",\"inLanguage\":\"es\",\"@id\":\"https:\/\/www.cannabis.es\/pw\/#\/schema\/person\/image\/\",\"url\":\"https:\/\/secure.gravatar.com\/avatar\/4375b1eb6e272e2e48a4b8a8def52e5f208151f555bb5906da616906ee6dd2e8?s=96&d=mm&r=g\",\"contentUrl\":\"https:\/\/secure.gravatar.com\/avatar\/4375b1eb6e272e2e48a4b8a8def52e5f208151f555bb5906da616906ee6dd2e8?s=96&d=mm&r=g\",\"caption\":\"Cannabis.es\"},\"url\":\"https:\/\/www.cannabis.es\/pw\/author\/cannabis\/\"}]}<\/script>\n<!-- \/ Yoast SEO plugin. -->","yoast_head_json":{"title":"El activismo en Costa Rica anticipa la par\u00e1lisis de la regulaci\u00f3n","description":"Entrada &#8226; Portal multimedia sobre cannabis y otras sustancias &#8226; 23 marzo, 2020","robots":{"index":"index","follow":"follow","max-snippet":"max-snippet:-1","max-image-preview":"max-image-preview:large","max-video-preview":"max-video-preview:-1"},"canonical":"https:\/\/www.cannabis.es\/pw\/2020\/03\/23\/el-activismo-en-costa-rica-anticipa-la-paralisis-de-la-regulacion\/","twitter_card":"summary_large_image","twitter_title":"El activismo en Costa Rica anticipa la par\u00e1lisis de la regulaci\u00f3n","twitter_description":"Entrada &#8226; Portal multimedia sobre cannabis y otras sustancias &#8226; 23 marzo, 2020","twitter_image":"https:\/\/www.cannabis.es\/pw\/wp-content\/uploads\/2020\/05\/puerto-rico1.jpg","twitter_creator":"@cannabis_es","twitter_site":"@cannabis_es","twitter_misc":{"Escrito por":"Cannabis.es","Tiempo de lectura":"6 minutos"},"schema":{"@context":"https:\/\/schema.org","@graph":[{"@type":"Article","@id":"https:\/\/www.cannabis.es\/pw\/2020\/03\/23\/el-activismo-en-costa-rica-anticipa-la-paralisis-de-la-regulacion\/#article","isPartOf":{"@id":"https:\/\/www.cannabis.es\/pw\/2020\/03\/23\/el-activismo-en-costa-rica-anticipa-la-paralisis-de-la-regulacion\/"},"author":{"name":"Cannabis.es","@id":"https:\/\/www.cannabis.es\/pw\/#\/schema\/person\/e2fbd204580cf4fe74c79b82bc447374"},"headline":"El activismo en Costa Rica anticipa la par\u00e1lisis de la regulaci\u00f3n","datePublished":"2020-03-23T16:39:09+00:00","dateModified":"2020-07-14T11:45:39+00:00","mainEntityOfPage":{"@id":"https:\/\/www.cannabis.es\/pw\/2020\/03\/23\/el-activismo-en-costa-rica-anticipa-la-paralisis-de-la-regulacion\/"},"wordCount":1192,"publisher":{"@id":"https:\/\/www.cannabis.es\/pw\/#organization"},"image":{"@id":"https:\/\/www.cannabis.es\/pw\/2020\/03\/23\/el-activismo-en-costa-rica-anticipa-la-paralisis-de-la-regulacion\/#primaryimage"},"thumbnailUrl":"https:\/\/www.cannabis.es\/pw\/wp-content\/uploads\/2020\/05\/puerto-rico1.jpg","keywords":["Benito D\u00edaz","derechos humanos","latinoam\u00e9rica"],"articleSection":["Pol\u00edtica y Sociedad"],"inLanguage":"es"},{"@type":"WebPage","@id":"https:\/\/www.cannabis.es\/pw\/2020\/03\/23\/el-activismo-en-costa-rica-anticipa-la-paralisis-de-la-regulacion\/","url":"https:\/\/www.cannabis.es\/pw\/2020\/03\/23\/el-activismo-en-costa-rica-anticipa-la-paralisis-de-la-regulacion\/","name":"El activismo en Costa Rica anticipa la par\u00e1lisis de la regulaci\u00f3n","isPartOf":{"@id":"https:\/\/www.cannabis.es\/pw\/#website"},"primaryImageOfPage":{"@id":"https:\/\/www.cannabis.es\/pw\/2020\/03\/23\/el-activismo-en-costa-rica-anticipa-la-paralisis-de-la-regulacion\/#primaryimage"},"image":{"@id":"https:\/\/www.cannabis.es\/pw\/2020\/03\/23\/el-activismo-en-costa-rica-anticipa-la-paralisis-de-la-regulacion\/#primaryimage"},"thumbnailUrl":"https:\/\/www.cannabis.es\/pw\/wp-content\/uploads\/2020\/05\/puerto-rico1.jpg","datePublished":"2020-03-23T16:39:09+00:00","dateModified":"2020-07-14T11:45:39+00:00","description":"Entrada &#8226; Portal multimedia sobre cannabis y otras sustancias &#8226; 23 marzo, 2020","breadcrumb":{"@id":"https:\/\/www.cannabis.es\/pw\/2020\/03\/23\/el-activismo-en-costa-rica-anticipa-la-paralisis-de-la-regulacion\/#breadcrumb"},"inLanguage":"es","potentialAction":[{"@type":"ReadAction","target":["https:\/\/www.cannabis.es\/pw\/2020\/03\/23\/el-activismo-en-costa-rica-anticipa-la-paralisis-de-la-regulacion\/"]}]},{"@type":"ImageObject","inLanguage":"es","@id":"https:\/\/www.cannabis.es\/pw\/2020\/03\/23\/el-activismo-en-costa-rica-anticipa-la-paralisis-de-la-regulacion\/#primaryimage","url":"https:\/\/www.cannabis.es\/pw\/wp-content\/uploads\/2020\/05\/puerto-rico1.jpg","contentUrl":"https:\/\/www.cannabis.es\/pw\/wp-content\/uploads\/2020\/05\/puerto-rico1.jpg","width":720,"height":596},{"@type":"BreadcrumbList","@id":"https:\/\/www.cannabis.es\/pw\/2020\/03\/23\/el-activismo-en-costa-rica-anticipa-la-paralisis-de-la-regulacion\/#breadcrumb","itemListElement":[{"@type":"ListItem","position":1,"name":"Portada","item":"http:\/\/www.cannabis.es\/pw\/"},{"@type":"ListItem","position":2,"name":"El activismo en Costa Rica anticipa la par\u00e1lisis de la regulaci\u00f3n"}]},{"@type":"WebSite","@id":"https:\/\/www.cannabis.es\/pw\/#website","url":"https:\/\/www.cannabis.es\/pw\/","name":"Cannabis","description":"Portal multimedia sobre cannabis y otras sustancias","publisher":{"@id":"https:\/\/www.cannabis.es\/pw\/#organization"},"potentialAction":[{"@type":"SearchAction","target":{"@type":"EntryPoint","urlTemplate":"https:\/\/www.cannabis.es\/pw\/?s={search_term_string}"},"query-input":{"@type":"PropertyValueSpecification","valueRequired":true,"valueName":"search_term_string"}}],"inLanguage":"es"},{"@type":"Organization","@id":"https:\/\/www.cannabis.es\/pw\/#organization","name":"Cannabis.es","url":"https:\/\/www.cannabis.es\/pw\/","logo":{"@type":"ImageObject","inLanguage":"es","@id":"https:\/\/www.cannabis.es\/pw\/#\/schema\/logo\/image\/","url":"https:\/\/www.cannabis.es\/pw\/wp-content\/uploads\/2019\/04\/cropped-logo_cannabis.png","contentUrl":"https:\/\/www.cannabis.es\/pw\/wp-content\/uploads\/2019\/04\/cropped-logo_cannabis.png","width":361,"height":120,"caption":"Cannabis.es"},"image":{"@id":"https:\/\/www.cannabis.es\/pw\/#\/schema\/logo\/image\/"},"sameAs":["https:\/\/x.com\/cannabis_es"]},{"@type":"Person","@id":"https:\/\/www.cannabis.es\/pw\/#\/schema\/person\/e2fbd204580cf4fe74c79b82bc447374","name":"Cannabis.es","image":{"@type":"ImageObject","inLanguage":"es","@id":"https:\/\/www.cannabis.es\/pw\/#\/schema\/person\/image\/","url":"https:\/\/secure.gravatar.com\/avatar\/4375b1eb6e272e2e48a4b8a8def52e5f208151f555bb5906da616906ee6dd2e8?s=96&d=mm&r=g","contentUrl":"https:\/\/secure.gravatar.com\/avatar\/4375b1eb6e272e2e48a4b8a8def52e5f208151f555bb5906da616906ee6dd2e8?s=96&d=mm&r=g","caption":"Cannabis.es"},"url":"https:\/\/www.cannabis.es\/pw\/author\/cannabis\/"}]}},"_links":{"self":[{"href":"https:\/\/www.cannabis.es\/pw\/wp-json\/wp\/v2\/posts\/1779","targetHints":{"allow":["GET"]}}],"collection":[{"href":"https:\/\/www.cannabis.es\/pw\/wp-json\/wp\/v2\/posts"}],"about":[{"href":"https:\/\/www.cannabis.es\/pw\/wp-json\/wp\/v2\/types\/post"}],"author":[{"embeddable":true,"href":"https:\/\/www.cannabis.es\/pw\/wp-json\/wp\/v2\/users\/1"}],"replies":[{"embeddable":true,"href":"https:\/\/www.cannabis.es\/pw\/wp-json\/wp\/v2\/comments?post=1779"}],"version-history":[{"count":3,"href":"https:\/\/www.cannabis.es\/pw\/wp-json\/wp\/v2\/posts\/1779\/revisions"}],"predecessor-version":[{"id":5831,"href":"https:\/\/www.cannabis.es\/pw\/wp-json\/wp\/v2\/posts\/1779\/revisions\/5831"}],"wp:featuredmedia":[{"embeddable":true,"href":"https:\/\/www.cannabis.es\/pw\/wp-json\/wp\/v2\/media\/1780"}],"wp:attachment":[{"href":"https:\/\/www.cannabis.es\/pw\/wp-json\/wp\/v2\/media?parent=1779"}],"wp:term":[{"taxonomy":"category","embeddable":true,"href":"https:\/\/www.cannabis.es\/pw\/wp-json\/wp\/v2\/categories?post=1779"},{"taxonomy":"post_tag","embeddable":true,"href":"https:\/\/www.cannabis.es\/pw\/wp-json\/wp\/v2\/tags?post=1779"}],"curies":[{"name":"wp","href":"https:\/\/api.w.org\/{rel}","templated":true}]}}