{"id":1782,"date":"2020-03-25T17:43:51","date_gmt":"2020-03-25T16:43:51","guid":{"rendered":"http:\/\/www.cannabis.es\/pw\/?p=1782"},"modified":"2020-07-14T13:43:07","modified_gmt":"2020-07-14T11:43:07","slug":"cuarentena-moral-las-personas-usuarias-ven-reducidos-sus-derechos-y-libertades-aun-mas","status":"publish","type":"post","link":"https:\/\/www.cannabis.es\/pw\/2020\/03\/25\/cuarentena-moral-las-personas-usuarias-ven-reducidos-sus-derechos-y-libertades-aun-mas\/","title":{"rendered":"Cuarentena moral: las personas usuarias ven reducidos sus derechos y libertades a\u00fan m\u00e1s"},"content":{"rendered":"\n<p>Arnau Alcaide<br><br>Con la cuarentena impuesta por el coronavirus, all\u00e1 donde cierran sus asociaciones, el usuariado espa\u00f1ol de sustancias consideradas ilegales se ve doblemente atacado. En primer lugar, el control de la movilidad supone un elevado riesgo de ser sancionado al abastecerse de elllas en el mercado negro, pues se tendr\u00e1 que contar con otro motivo para evitar ser sancionado por salida injustificada, cuando no tambi\u00e9n por tenencia. Del mismo modo, este aumento de la presi\u00f3n agrava la criminalizaci\u00f3n penal del suministro de estas sustancias, tipificado legalmente como tr\u00e1fico, lo que ha llevado a la escasez por precauciones en la cadena de suministro y a&nbsp;<a href=\"https:\/\/elpais.com\/espana\/2020-03-23\/los-porros-ya-cuestan-a-precio-de-oro.html\">crecidas del precio del cannabis<\/a>, asegura El Pa\u00eds que hasta triplicarse.<\/p>\n\n\n\n<hr class=\"wp-block-separator\"\/>\n\n\n\n<p><a href=\"https:\/\/www.ultimahora.es\/sucesos\/ultimas\/2020\/03\/22\/1150597\/coronavirus-noche-patrulla-policia-nacional-por-palma.html\">Con estas l\u00edneas&nbsp;<\/a>se describe en el peri\u00f3dico \u00daltima Hora la incautaci\u00f3n a un joven de 23 a\u00f1os en Palma de Mallorca. Al darle la polic\u00eda el alto,&nbsp;<em>\u00abtitubea y no atina a la hora de justificar por qu\u00e9 est\u00e1 fuera de su domicilio. Lo registran y encuentran una sorpresa: dos cogollos de marihuana. Multa doble. Por incumplir el estado de alarma y por posesi\u00f3n de sustancias estupefacientes. No ser\u00e1 el \u00fanico. Los polic\u00edas, poco despu\u00e9s, sorprenden por tercera vez en la calle a un hombre de 47 a\u00f1os y nacionalidad nigeriana. La primera ocasi\u00f3n que lo han visto le han recordado que estamos en estado de alarma. La segunda lo han sancionado por incumplirlo y por tener marihuana. Y la tercera ha acabado arrestado por desobediencia\u00bb<\/em>, narra el art\u00edculo, que acompa\u00f1a una noche de patrulla.<\/p>\n\n\n\n<p>Adem\u00e1s, habr\u00eda que ver si las asociaciones que dispensen cannabis a domicilio, o lo hayan hecho, han tenido problemas con las fuerzas del orden en el desempe\u00f1o de esta tarea de seguridad protocolaria ante el coronavirus, pero no reconocida. Si hab\u00e9is tenido alguna experiencia, os invitamos a que nos la cont\u00e9is enviando un correo a&nbsp;<a href=\"mailto:info@cannabis.es\">info@cannabis.es<\/a>&nbsp;o por redes sociales. Las asociaciones est\u00e1n&nbsp;<a href=\"https:\/\/twitter.com\/FederacionFAC\/status\/1239848280797954049\">cerradas tras decretarse el estado de alarma el pasado d\u00eda 17<\/a>.<\/p>\n\n\n\n<p>Podr\u00e1 comprar alcohol y&nbsp;<a href=\"http:\/\/www.cannabis.es\/pw\/2020\/03\/18\/los-estancos-no-cierran-con-la-alarma\/\">cigarrillos<\/a>, no cannabis u otras sustencias, bajo pena de sanci\u00f3n, vulneraci\u00f3n de derechos y exposici\u00f3n de portador y agentes al contacto mutuo, lo que la norma trat\u00f3 de prevenir punitivamente. Las sanciones vendr\u00e1n de la mano de la Ley Mordaza y el motivo de desobediencia, al haber quebrantado, injustificadamente para la autoridad, la cuarentena. En esta misma ley, cuyo nombre oficial es Ley de Seguridad Ciudadana, se recoge la legislaci\u00f3n punitiva que ya conoce el usuariado de sustancias il\u00edcitas, pues incluye las sanciones por tenencia en la v\u00eda p\u00fablica, consideradas como&nbsp;<a href=\"http:\/\/www.cannabis.es\/pw\/2019\/09\/18\/salarios-embargados-miedo-al-despido-e-insolvencia-con-las-multas-mordaza\/\">\u00abgraves\u00bb<\/a>. El castigo por aprovisionarte estos d\u00edas puede ser demoledor, si bien recientemente<a href=\"http:\/\/www.cannabis.es\/pw\/2020\/02\/28\/los-ayuntamientos-no-tienen-competencia-para-sancionar-la-posesion\/\">&nbsp;la jurisprudencia cuestionaba que la polic\u00eda local tuviese competencia sancionadora por tenencia<\/a>.<\/p>\n\n\n\n<p>Plataformas como antiracismo ya han puesto de manifiesto el&nbsp;<a href=\"https:\/\/www.publico.es\/sociedad\/alarma-dispara-denuncias-racismo-policial-ciudades.html\">incremento de abusos policiales por este motivo<\/a>, y es que es probable que el estado de alarma genere arbitrariedad en todas aquellas actuaciones que no est\u00e9n perfectamente definidas y delimitadas, perjudicando a los grupos previamente ya perjudicados por los esfuerzos de seguridad. Y es que las malas conductas de los agentes, cuando est\u00e1n motivadas por un prejuicio, se acent\u00faan con los poderes con los que se dota a las fuerzas de seguridad ante circunstancias excepcionales. Junto al motivo de clase, pues para las personas m\u00e1s humildes no ser\u00e1 llevadera la cuarentena, ser racializados o el consumo de sustancias son factores que en este estado de alarma, con las libertades retra\u00eddas, nos volver\u00e1n m\u00e1s vulnerables a la persecuci\u00f3n legal. Ni hablar de cuando estas circunstancias est\u00e1n conectadas en una discriminaci\u00f3n interseccional.<\/p>\n\n\n\n<p>El&nbsp;<a href=\"https:\/\/www.defensordelpueblo.es\/noticias\/comunicacion-del-defensor-del-pueblo-ante-la-epidemia-coronavirus\/\">Defensor del Pueblo<\/a>&nbsp;realiz\u00f3 un comunicado amparando la limitaci\u00f3n de las libertades, en el que no obstante asegur\u00f3 que velar\u00eda por \u00abtodo nuestro cat\u00e1logo de derechos y libertades que, si han de ser restringidos, temporal y limitadamente, no han de perder su esencia\u00bb. Como reza el comunicado, \u00ablas limitaciones de la libertad de circulaci\u00f3n de los ciudadanos, para prevenir la propagaci\u00f3n de la enfermedad, deben contar con un protocolo p\u00fablico de actuaci\u00f3n, ampliamente difundido, que d\u00e9 seguridad jur\u00eddica\u00bb, una situaci\u00f3n que deber\u00eda incorporar los derechos inherentes a la personalidad de autoconsumir sustancias consideradas il\u00edcitas en privado, y por lo tanto abastecerse de ellas. Derechos que de normal son vulnerados, pero cuya ausencia escala en gravedad ante su m\u00e1s que previsible persecuci\u00f3n durante la cuarentena. Es por eso que&nbsp;<strong>se deber\u00edan, si no suspender las sanciones por tenencia, relegar, en pos de una gesti\u00f3n justa y proporcional del estado de alarma para con toda la ciudadan\u00eda, incluida la usuaria de sustancias.&nbsp;<\/strong><\/p>\n\n\n\n<p>As\u00ed ha ocurrido en otros pa\u00edses en situaci\u00f3n de restricci\u00f3n de la movilidad y los comercios. Adem\u00e1s de que pa\u00edses como Canad\u00e1 y EEUU, donde el cannabis es legal,&nbsp;<a href=\"https:\/\/diario16.com\/coronavirus-la-marihuana-catalogada-como-producto-esencial-en-estados-unidos\/\">han decretado el servicio como esencial<\/a>, ciudades como Baltimore, en el estado de Maryland, han<a href=\"https:\/\/www.baltimoresun.com\/coronavirus\/bs-md-ci-cr-mosby-prisoner-release-20200318-u7knneb6o5gqvnqmtpejftavia-story.html\">&nbsp;suspendido cautelarmente la persecuci\u00f3n de la tenencia y tr\u00e1fico de todas las drogas<\/a>, as\u00ed como de la prostituci\u00f3n u orinar en p\u00fablico, una suerte de cr\u00edmenes morales que procede obviar, seg\u00fan la versi\u00f3n de sus autoridades competentes, para centrar los esfuerzos en la pandemia. No reparan, sin embargo, en el argumento que venimos tratando en este art\u00edculo: tambi\u00e9n para evitar una vulneraci\u00f3n excepcional de los derechos de las personas involucradas.<\/p>\n\n\n\n<p>Adem\u00e1s, llegado el caso de tener que justificarte ante las autoridades, deber\u00edas poder decirles que te aprovisionaste de una sustancia para autoconsumo de la misma manera que proferir\u00e1s la excusa de que te diriges o regresas del estanco. Pero no ser\u00e1 un servidor el que recomendar\u00e1 lo primero en Espa\u00f1a; y quiz\u00e1s convenga algo m\u00e1s de imaginaci\u00f3n para dar con otra excusa diferente de la que probablemente sea la m\u00e1s recurrida del usuariado de cannabis.<\/p>\n\n\n\n<p>En Espa\u00f1a, los servicios de reducci\u00f3n de da\u00f1os, liderados por Energy Control, se han tenido que adaptar a labores informativas telem\u00e1ticas -tras el cierre de las asociaciones cann\u00e1bicas, la suspensi\u00f3n de los an\u00e1lisis de drogas junto a eventos festivos y un ajuste de horarios y servicios, \u00abcomo la provisi\u00f3n de comida\u00bb, explican a Cannabis.es desde la organizaci\u00f3n, en las salas de venopunci\u00f3n o consumo asistido. A nivel internacional&nbsp;<a href=\"https:\/\/www.correlation-net.org\/covid-19-resource-centre\/\">nacen una serie de portales para la puesta en com\u00fan del desempe\u00f1o de la reducci\u00f3n de da\u00f1os en la crisis v\u00edrica<\/a>.&nbsp;Podemos ver que otras ciudades europeas como<a href=\"https:\/\/drive.google.com\/file\/d\/1A1nLpf-yAIYR-_gkz3GLoXIuPkZ7gRoh\/view\">&nbsp;Zurich s\u00ed han mantenido unos servicios m\u00ednimos<\/a>, contemplados por el departamento competente de Salud, o encontrar informaci\u00f3n de actualidad relacionada, como papers sobre el derecho de las personas presas a que no se vulnere su Salud arriesgando con nuevos y prescindibles encarcelamientos durante la pandemia. Energy Control recomienda estas webs de referencia:<a href=\"http:\/\/www.emcdda.europa.eu\/publications\/topic-overviews\/catalogue\/covid-19-and-people-who-use-drugs?fbclid=IwAR3VyZi87n9Jp_MEbaCZEjjzch2jO3_UimzbH5X4L9l5vR3cUFPldU7-ONE\">&nbsp;EMCDDA<\/a>&nbsp;y&nbsp;<a href=\"https:\/\/www.unodc.org\/unodc\/en\/hiv-aids\/new\/covid-19-and-hiv.html\">UNODC<\/a>.&nbsp;<\/p>\n","protected":false},"excerpt":{"rendered":"<span class=\"span-reading-time rt-reading-time\" style=\"display: block;\"><span class=\"rt-label rt-prefix\">Tiempo de lectura:<\/span> <span class=\"rt-time\"> 4<\/span> <span class=\"rt-label rt-postfix\">minutos<\/span><\/span>Las restricciones extraordinarias que se aplican con el estado de alarma son susceptibles de afectar m\u00e1s a las personas usuarias de drogas, aumentando la vulneraci\u00f3n de sus derechos.","protected":false},"author":1,"featured_media":1783,"comment_status":"closed","ping_status":"closed","sticky":false,"template":"","format":"standard","meta":{"loftocean-featured-post":"","loftocean_post_format_gallery":"","loftocean_post_format_gallery_ids":"","loftocean_post_format_gallery_urls":"","loftocean_post_format_video_id":"","loftocean_post_format_video_url":"","loftocean_post_format_video_type":"","loftocean_post_format_video":"","loftocean_post_format_audio_type":"","loftocean_post_format_audio_url":"","loftocean_post_format_audio_id":"","loftocean_post_format_audio":"","loftocean_post_format_quote_text":"","loftocean_post_format_quote_byline":"","loftocean_post_format_link_text":"","loftocean_post_format_link_url":"","ceramag_post_header_style":"","ceramag_enable_background_video":"","ceramag_show_in_top_slider":"","ceramag_post_background_video_start":"","ceramag_post_background_video_end":"","loftocean_page_background_video_id":"","loftocean_page_background_video_url":"","loftocean_page_background_video_type":"","loftocean_page_background_video":"","ceramag_background_video_start":"","ceramag_background_video_end":"","ceramag_single_page_hide_header":"","footnotes":""},"categories":[35],"tags":[540,654,637],"class_list":["post-1782","post","type-post","status-publish","format-standard","has-post-thumbnail","hentry","category-politica-y-sociedad","tag-arnau-alcaide","tag-coronavirus","tag-ley-mordaza"],"yoast_head":"<!-- This site is optimized with the Yoast SEO plugin v24.9 - https:\/\/yoast.com\/wordpress\/plugins\/seo\/ -->\n<title>Cuarentena moral: las personas usuarias ven reducidos sus derechos y libertades a\u00fan m\u00e1s<\/title>\n<meta name=\"description\" content=\"Entrada &#8226; Portal multimedia sobre cannabis y otras sustancias &#8226; 25 marzo, 2020\" \/>\n<meta name=\"robots\" content=\"index, follow, max-snippet:-1, max-image-preview:large, max-video-preview:-1\" \/>\n<link rel=\"canonical\" href=\"https:\/\/www.cannabis.es\/pw\/2020\/03\/25\/cuarentena-moral-las-personas-usuarias-ven-reducidos-sus-derechos-y-libertades-aun-mas\/\" \/>\n<meta name=\"twitter:card\" content=\"summary_large_image\" \/>\n<meta name=\"twitter:title\" content=\"Cuarentena moral: las personas usuarias ven reducidos sus derechos y libertades a\u00fan m\u00e1s\" \/>\n<meta name=\"twitter:description\" content=\"Entrada &#8226; Portal multimedia sobre cannabis y otras sustancias &#8226; 25 marzo, 2020\" \/>\n<meta name=\"twitter:image\" content=\"https:\/\/www.cannabis.es\/pw\/wp-content\/uploads\/2020\/05\/portada-reflexion-coronavirus.jpg\" \/>\n<meta name=\"twitter:creator\" content=\"@cannabis_es\" \/>\n<meta name=\"twitter:site\" content=\"@cannabis_es\" \/>\n<meta name=\"twitter:label1\" content=\"Escrito por\" \/>\n\t<meta name=\"twitter:data1\" content=\"Cannabis.es\" \/>\n\t<meta name=\"twitter:label2\" content=\"Tiempo de lectura\" \/>\n\t<meta name=\"twitter:data2\" content=\"6 minutos\" \/>\n<script type=\"application\/ld+json\" class=\"yoast-schema-graph\">{\"@context\":\"https:\/\/schema.org\",\"@graph\":[{\"@type\":\"Article\",\"@id\":\"https:\/\/www.cannabis.es\/pw\/2020\/03\/25\/cuarentena-moral-las-personas-usuarias-ven-reducidos-sus-derechos-y-libertades-aun-mas\/#article\",\"isPartOf\":{\"@id\":\"https:\/\/www.cannabis.es\/pw\/2020\/03\/25\/cuarentena-moral-las-personas-usuarias-ven-reducidos-sus-derechos-y-libertades-aun-mas\/\"},\"author\":{\"name\":\"Cannabis.es\",\"@id\":\"https:\/\/www.cannabis.es\/pw\/#\/schema\/person\/e2fbd204580cf4fe74c79b82bc447374\"},\"headline\":\"Cuarentena moral: las personas usuarias ven reducidos sus derechos y libertades a\u00fan m\u00e1s\",\"datePublished\":\"2020-03-25T16:43:51+00:00\",\"dateModified\":\"2020-07-14T11:43:07+00:00\",\"mainEntityOfPage\":{\"@id\":\"https:\/\/www.cannabis.es\/pw\/2020\/03\/25\/cuarentena-moral-las-personas-usuarias-ven-reducidos-sus-derechos-y-libertades-aun-mas\/\"},\"wordCount\":1225,\"publisher\":{\"@id\":\"https:\/\/www.cannabis.es\/pw\/#organization\"},\"image\":{\"@id\":\"https:\/\/www.cannabis.es\/pw\/2020\/03\/25\/cuarentena-moral-las-personas-usuarias-ven-reducidos-sus-derechos-y-libertades-aun-mas\/#primaryimage\"},\"thumbnailUrl\":\"https:\/\/www.cannabis.es\/pw\/wp-content\/uploads\/2020\/05\/portada-reflexion-coronavirus.jpg\",\"keywords\":[\"Arnau Alcaide\",\"coronavirus\",\"Ley Mordaza\"],\"articleSection\":[\"Pol\u00edtica y Sociedad\"],\"inLanguage\":\"es\"},{\"@type\":\"WebPage\",\"@id\":\"https:\/\/www.cannabis.es\/pw\/2020\/03\/25\/cuarentena-moral-las-personas-usuarias-ven-reducidos-sus-derechos-y-libertades-aun-mas\/\",\"url\":\"https:\/\/www.cannabis.es\/pw\/2020\/03\/25\/cuarentena-moral-las-personas-usuarias-ven-reducidos-sus-derechos-y-libertades-aun-mas\/\",\"name\":\"Cuarentena moral: las personas usuarias ven reducidos sus derechos y libertades a\u00fan m\u00e1s\",\"isPartOf\":{\"@id\":\"https:\/\/www.cannabis.es\/pw\/#website\"},\"primaryImageOfPage\":{\"@id\":\"https:\/\/www.cannabis.es\/pw\/2020\/03\/25\/cuarentena-moral-las-personas-usuarias-ven-reducidos-sus-derechos-y-libertades-aun-mas\/#primaryimage\"},\"image\":{\"@id\":\"https:\/\/www.cannabis.es\/pw\/2020\/03\/25\/cuarentena-moral-las-personas-usuarias-ven-reducidos-sus-derechos-y-libertades-aun-mas\/#primaryimage\"},\"thumbnailUrl\":\"https:\/\/www.cannabis.es\/pw\/wp-content\/uploads\/2020\/05\/portada-reflexion-coronavirus.jpg\",\"datePublished\":\"2020-03-25T16:43:51+00:00\",\"dateModified\":\"2020-07-14T11:43:07+00:00\",\"description\":\"Entrada &#8226; Portal multimedia sobre cannabis y otras sustancias &#8226; 25 marzo, 2020\",\"breadcrumb\":{\"@id\":\"https:\/\/www.cannabis.es\/pw\/2020\/03\/25\/cuarentena-moral-las-personas-usuarias-ven-reducidos-sus-derechos-y-libertades-aun-mas\/#breadcrumb\"},\"inLanguage\":\"es\",\"potentialAction\":[{\"@type\":\"ReadAction\",\"target\":[\"https:\/\/www.cannabis.es\/pw\/2020\/03\/25\/cuarentena-moral-las-personas-usuarias-ven-reducidos-sus-derechos-y-libertades-aun-mas\/\"]}]},{\"@type\":\"ImageObject\",\"inLanguage\":\"es\",\"@id\":\"https:\/\/www.cannabis.es\/pw\/2020\/03\/25\/cuarentena-moral-las-personas-usuarias-ven-reducidos-sus-derechos-y-libertades-aun-mas\/#primaryimage\",\"url\":\"https:\/\/www.cannabis.es\/pw\/wp-content\/uploads\/2020\/05\/portada-reflexion-coronavirus.jpg\",\"contentUrl\":\"https:\/\/www.cannabis.es\/pw\/wp-content\/uploads\/2020\/05\/portada-reflexion-coronavirus.jpg\",\"width\":959,\"height\":475},{\"@type\":\"BreadcrumbList\",\"@id\":\"https:\/\/www.cannabis.es\/pw\/2020\/03\/25\/cuarentena-moral-las-personas-usuarias-ven-reducidos-sus-derechos-y-libertades-aun-mas\/#breadcrumb\",\"itemListElement\":[{\"@type\":\"ListItem\",\"position\":1,\"name\":\"Portada\",\"item\":\"http:\/\/www.cannabis.es\/pw\/\"},{\"@type\":\"ListItem\",\"position\":2,\"name\":\"Cuarentena moral: las personas usuarias ven reducidos sus derechos y libertades a\u00fan m\u00e1s\"}]},{\"@type\":\"WebSite\",\"@id\":\"https:\/\/www.cannabis.es\/pw\/#website\",\"url\":\"https:\/\/www.cannabis.es\/pw\/\",\"name\":\"Cannabis\",\"description\":\"Portal multimedia sobre cannabis y otras sustancias\",\"publisher\":{\"@id\":\"https:\/\/www.cannabis.es\/pw\/#organization\"},\"potentialAction\":[{\"@type\":\"SearchAction\",\"target\":{\"@type\":\"EntryPoint\",\"urlTemplate\":\"https:\/\/www.cannabis.es\/pw\/?s={search_term_string}\"},\"query-input\":{\"@type\":\"PropertyValueSpecification\",\"valueRequired\":true,\"valueName\":\"search_term_string\"}}],\"inLanguage\":\"es\"},{\"@type\":\"Organization\",\"@id\":\"https:\/\/www.cannabis.es\/pw\/#organization\",\"name\":\"Cannabis.es\",\"url\":\"https:\/\/www.cannabis.es\/pw\/\",\"logo\":{\"@type\":\"ImageObject\",\"inLanguage\":\"es\",\"@id\":\"https:\/\/www.cannabis.es\/pw\/#\/schema\/logo\/image\/\",\"url\":\"https:\/\/www.cannabis.es\/pw\/wp-content\/uploads\/2019\/04\/cropped-logo_cannabis.png\",\"contentUrl\":\"https:\/\/www.cannabis.es\/pw\/wp-content\/uploads\/2019\/04\/cropped-logo_cannabis.png\",\"width\":361,\"height\":120,\"caption\":\"Cannabis.es\"},\"image\":{\"@id\":\"https:\/\/www.cannabis.es\/pw\/#\/schema\/logo\/image\/\"},\"sameAs\":[\"https:\/\/x.com\/cannabis_es\"]},{\"@type\":\"Person\",\"@id\":\"https:\/\/www.cannabis.es\/pw\/#\/schema\/person\/e2fbd204580cf4fe74c79b82bc447374\",\"name\":\"Cannabis.es\",\"image\":{\"@type\":\"ImageObject\",\"inLanguage\":\"es\",\"@id\":\"https:\/\/www.cannabis.es\/pw\/#\/schema\/person\/image\/\",\"url\":\"https:\/\/secure.gravatar.com\/avatar\/4375b1eb6e272e2e48a4b8a8def52e5f208151f555bb5906da616906ee6dd2e8?s=96&d=mm&r=g\",\"contentUrl\":\"https:\/\/secure.gravatar.com\/avatar\/4375b1eb6e272e2e48a4b8a8def52e5f208151f555bb5906da616906ee6dd2e8?s=96&d=mm&r=g\",\"caption\":\"Cannabis.es\"},\"url\":\"https:\/\/www.cannabis.es\/pw\/author\/cannabis\/\"}]}<\/script>\n<!-- \/ Yoast SEO plugin. -->","yoast_head_json":{"title":"Cuarentena moral: las personas usuarias ven reducidos sus derechos y libertades a\u00fan m\u00e1s","description":"Entrada &#8226; Portal multimedia sobre cannabis y otras sustancias &#8226; 25 marzo, 2020","robots":{"index":"index","follow":"follow","max-snippet":"max-snippet:-1","max-image-preview":"max-image-preview:large","max-video-preview":"max-video-preview:-1"},"canonical":"https:\/\/www.cannabis.es\/pw\/2020\/03\/25\/cuarentena-moral-las-personas-usuarias-ven-reducidos-sus-derechos-y-libertades-aun-mas\/","twitter_card":"summary_large_image","twitter_title":"Cuarentena moral: las personas usuarias ven reducidos sus derechos y libertades a\u00fan m\u00e1s","twitter_description":"Entrada &#8226; Portal multimedia sobre cannabis y otras sustancias &#8226; 25 marzo, 2020","twitter_image":"https:\/\/www.cannabis.es\/pw\/wp-content\/uploads\/2020\/05\/portada-reflexion-coronavirus.jpg","twitter_creator":"@cannabis_es","twitter_site":"@cannabis_es","twitter_misc":{"Escrito por":"Cannabis.es","Tiempo de lectura":"6 minutos"},"schema":{"@context":"https:\/\/schema.org","@graph":[{"@type":"Article","@id":"https:\/\/www.cannabis.es\/pw\/2020\/03\/25\/cuarentena-moral-las-personas-usuarias-ven-reducidos-sus-derechos-y-libertades-aun-mas\/#article","isPartOf":{"@id":"https:\/\/www.cannabis.es\/pw\/2020\/03\/25\/cuarentena-moral-las-personas-usuarias-ven-reducidos-sus-derechos-y-libertades-aun-mas\/"},"author":{"name":"Cannabis.es","@id":"https:\/\/www.cannabis.es\/pw\/#\/schema\/person\/e2fbd204580cf4fe74c79b82bc447374"},"headline":"Cuarentena moral: las personas usuarias ven reducidos sus derechos y libertades a\u00fan m\u00e1s","datePublished":"2020-03-25T16:43:51+00:00","dateModified":"2020-07-14T11:43:07+00:00","mainEntityOfPage":{"@id":"https:\/\/www.cannabis.es\/pw\/2020\/03\/25\/cuarentena-moral-las-personas-usuarias-ven-reducidos-sus-derechos-y-libertades-aun-mas\/"},"wordCount":1225,"publisher":{"@id":"https:\/\/www.cannabis.es\/pw\/#organization"},"image":{"@id":"https:\/\/www.cannabis.es\/pw\/2020\/03\/25\/cuarentena-moral-las-personas-usuarias-ven-reducidos-sus-derechos-y-libertades-aun-mas\/#primaryimage"},"thumbnailUrl":"https:\/\/www.cannabis.es\/pw\/wp-content\/uploads\/2020\/05\/portada-reflexion-coronavirus.jpg","keywords":["Arnau Alcaide","coronavirus","Ley Mordaza"],"articleSection":["Pol\u00edtica y Sociedad"],"inLanguage":"es"},{"@type":"WebPage","@id":"https:\/\/www.cannabis.es\/pw\/2020\/03\/25\/cuarentena-moral-las-personas-usuarias-ven-reducidos-sus-derechos-y-libertades-aun-mas\/","url":"https:\/\/www.cannabis.es\/pw\/2020\/03\/25\/cuarentena-moral-las-personas-usuarias-ven-reducidos-sus-derechos-y-libertades-aun-mas\/","name":"Cuarentena moral: las personas usuarias ven reducidos sus derechos y libertades a\u00fan m\u00e1s","isPartOf":{"@id":"https:\/\/www.cannabis.es\/pw\/#website"},"primaryImageOfPage":{"@id":"https:\/\/www.cannabis.es\/pw\/2020\/03\/25\/cuarentena-moral-las-personas-usuarias-ven-reducidos-sus-derechos-y-libertades-aun-mas\/#primaryimage"},"image":{"@id":"https:\/\/www.cannabis.es\/pw\/2020\/03\/25\/cuarentena-moral-las-personas-usuarias-ven-reducidos-sus-derechos-y-libertades-aun-mas\/#primaryimage"},"thumbnailUrl":"https:\/\/www.cannabis.es\/pw\/wp-content\/uploads\/2020\/05\/portada-reflexion-coronavirus.jpg","datePublished":"2020-03-25T16:43:51+00:00","dateModified":"2020-07-14T11:43:07+00:00","description":"Entrada &#8226; Portal multimedia sobre cannabis y otras sustancias &#8226; 25 marzo, 2020","breadcrumb":{"@id":"https:\/\/www.cannabis.es\/pw\/2020\/03\/25\/cuarentena-moral-las-personas-usuarias-ven-reducidos-sus-derechos-y-libertades-aun-mas\/#breadcrumb"},"inLanguage":"es","potentialAction":[{"@type":"ReadAction","target":["https:\/\/www.cannabis.es\/pw\/2020\/03\/25\/cuarentena-moral-las-personas-usuarias-ven-reducidos-sus-derechos-y-libertades-aun-mas\/"]}]},{"@type":"ImageObject","inLanguage":"es","@id":"https:\/\/www.cannabis.es\/pw\/2020\/03\/25\/cuarentena-moral-las-personas-usuarias-ven-reducidos-sus-derechos-y-libertades-aun-mas\/#primaryimage","url":"https:\/\/www.cannabis.es\/pw\/wp-content\/uploads\/2020\/05\/portada-reflexion-coronavirus.jpg","contentUrl":"https:\/\/www.cannabis.es\/pw\/wp-content\/uploads\/2020\/05\/portada-reflexion-coronavirus.jpg","width":959,"height":475},{"@type":"BreadcrumbList","@id":"https:\/\/www.cannabis.es\/pw\/2020\/03\/25\/cuarentena-moral-las-personas-usuarias-ven-reducidos-sus-derechos-y-libertades-aun-mas\/#breadcrumb","itemListElement":[{"@type":"ListItem","position":1,"name":"Portada","item":"http:\/\/www.cannabis.es\/pw\/"},{"@type":"ListItem","position":2,"name":"Cuarentena moral: las personas usuarias ven reducidos sus derechos y libertades a\u00fan m\u00e1s"}]},{"@type":"WebSite","@id":"https:\/\/www.cannabis.es\/pw\/#website","url":"https:\/\/www.cannabis.es\/pw\/","name":"Cannabis","description":"Portal multimedia sobre cannabis y otras sustancias","publisher":{"@id":"https:\/\/www.cannabis.es\/pw\/#organization"},"potentialAction":[{"@type":"SearchAction","target":{"@type":"EntryPoint","urlTemplate":"https:\/\/www.cannabis.es\/pw\/?s={search_term_string}"},"query-input":{"@type":"PropertyValueSpecification","valueRequired":true,"valueName":"search_term_string"}}],"inLanguage":"es"},{"@type":"Organization","@id":"https:\/\/www.cannabis.es\/pw\/#organization","name":"Cannabis.es","url":"https:\/\/www.cannabis.es\/pw\/","logo":{"@type":"ImageObject","inLanguage":"es","@id":"https:\/\/www.cannabis.es\/pw\/#\/schema\/logo\/image\/","url":"https:\/\/www.cannabis.es\/pw\/wp-content\/uploads\/2019\/04\/cropped-logo_cannabis.png","contentUrl":"https:\/\/www.cannabis.es\/pw\/wp-content\/uploads\/2019\/04\/cropped-logo_cannabis.png","width":361,"height":120,"caption":"Cannabis.es"},"image":{"@id":"https:\/\/www.cannabis.es\/pw\/#\/schema\/logo\/image\/"},"sameAs":["https:\/\/x.com\/cannabis_es"]},{"@type":"Person","@id":"https:\/\/www.cannabis.es\/pw\/#\/schema\/person\/e2fbd204580cf4fe74c79b82bc447374","name":"Cannabis.es","image":{"@type":"ImageObject","inLanguage":"es","@id":"https:\/\/www.cannabis.es\/pw\/#\/schema\/person\/image\/","url":"https:\/\/secure.gravatar.com\/avatar\/4375b1eb6e272e2e48a4b8a8def52e5f208151f555bb5906da616906ee6dd2e8?s=96&d=mm&r=g","contentUrl":"https:\/\/secure.gravatar.com\/avatar\/4375b1eb6e272e2e48a4b8a8def52e5f208151f555bb5906da616906ee6dd2e8?s=96&d=mm&r=g","caption":"Cannabis.es"},"url":"https:\/\/www.cannabis.es\/pw\/author\/cannabis\/"}]}},"_links":{"self":[{"href":"https:\/\/www.cannabis.es\/pw\/wp-json\/wp\/v2\/posts\/1782","targetHints":{"allow":["GET"]}}],"collection":[{"href":"https:\/\/www.cannabis.es\/pw\/wp-json\/wp\/v2\/posts"}],"about":[{"href":"https:\/\/www.cannabis.es\/pw\/wp-json\/wp\/v2\/types\/post"}],"author":[{"embeddable":true,"href":"https:\/\/www.cannabis.es\/pw\/wp-json\/wp\/v2\/users\/1"}],"replies":[{"embeddable":true,"href":"https:\/\/www.cannabis.es\/pw\/wp-json\/wp\/v2\/comments?post=1782"}],"version-history":[{"count":3,"href":"https:\/\/www.cannabis.es\/pw\/wp-json\/wp\/v2\/posts\/1782\/revisions"}],"predecessor-version":[{"id":5830,"href":"https:\/\/www.cannabis.es\/pw\/wp-json\/wp\/v2\/posts\/1782\/revisions\/5830"}],"wp:featuredmedia":[{"embeddable":true,"href":"https:\/\/www.cannabis.es\/pw\/wp-json\/wp\/v2\/media\/1783"}],"wp:attachment":[{"href":"https:\/\/www.cannabis.es\/pw\/wp-json\/wp\/v2\/media?parent=1782"}],"wp:term":[{"taxonomy":"category","embeddable":true,"href":"https:\/\/www.cannabis.es\/pw\/wp-json\/wp\/v2\/categories?post=1782"},{"taxonomy":"post_tag","embeddable":true,"href":"https:\/\/www.cannabis.es\/pw\/wp-json\/wp\/v2\/tags?post=1782"}],"curies":[{"name":"wp","href":"https:\/\/api.w.org\/{rel}","templated":true}]}}