{"id":1797,"date":"2020-04-10T17:58:23","date_gmt":"2020-04-10T15:58:23","guid":{"rendered":"http:\/\/www.cannabis.es\/pw\/?p=1797"},"modified":"2020-07-14T13:39:15","modified_gmt":"2020-07-14T11:39:15","slug":"espana-arriesga-la-salud-de-pacientes-de-cannabis","status":"publish","type":"post","link":"https:\/\/www.cannabis.es\/pw\/2020\/04\/10\/espana-arriesga-la-salud-de-pacientes-de-cannabis\/","title":{"rendered":"Espa\u00f1a arriesga la salud de pacientes de cannabis"},"content":{"rendered":"\n<p>Benito D\u00edaz<\/p>\n\n\n\n<p>El Estado de Alarma y la cuarentena por el coronavirus han llevado a las personas usuarias de cannabis a una encrucijada: la inexistencia de una&nbsp;<strong>regulaci\u00f3n integral<\/strong>&nbsp;de esta sustancia que se revela urgente.<\/p>\n\n\n\n<hr class=\"wp-block-separator\"\/>\n\n\n\n<p>Tras el cierre de las Asociaciones,<a href=\"http:\/\/www.cannabis.es\/pw\/2020\/03\/25\/cuarentena-moral-las-personas-usuarias-ven-reducidos-sus-derechos-y-libertades-aun-mas\/\">&nbsp;cientos de miles de personas se encontraron sin la posibilidad de acceder a su medicina o a su recreo habituales<\/a>. Esto lleva a muchas personas a una<strong>&nbsp;situaci\u00f3n l\u00edmite<\/strong>&nbsp;en la que se ha de tomar una decisi\u00f3n, que muchas veces no es la adecuada.<\/p>\n\n\n\n<p>Por una parte, muchas personas pueden enfrentar la&nbsp;<strong>abstinencia<\/strong>. Es sabido que la abstinencia causada por el cannabis no es tanto f\u00edsica como mental. Debido a que el THC es liposoluble, se disuelve en los tejidos grasos de nuestro cuerpo, formando dep\u00f3sitos que se van liberando poco a poco. Eso significa que, aunque el consumo se detenga de golpe, el s\u00edndrome de abstinencia es mucho menor que con otras drogas; por ejemplo, la coca\u00edna.<\/p>\n\n\n\n<p>Esto puede estar bien para personas usuarias recreativas, que consumen cannabis por diversi\u00f3n, pero no para personas usuarias terap\u00e9uticas, las cuales utilizan las propiedades del cannabis para tratar sus dolencias f\u00edsicas, dolor cr\u00f3nico, efectos secundarios de la radioterapia, etc. Para estas gentes, su&nbsp;<strong>tratamiento no es una opci\u00f3n<\/strong>, es necesario. En esta situaci\u00f3n, el mercado negro ha encontrado un caldo de cultivo excelente. Por todas partes, proliferan las noticias sobre ciudadanas y ciudadanos consumidores haciendo todo tipo de cosas para conseguir su cannabis.<\/p>\n\n\n\n<p>En un art\u00edculo aparecido en el Diari de Sabadell con fecha 19 de marzo, la informaci\u00f3n asegura que la asociaci\u00f3n segu\u00eda activa a pesar de las restricciones del Estado de Alarma. Situada en la Zona H\u00e8rmetica de la ciudad, la actividad de la asociaci\u00f3n era la habitual,&nbsp;<em>\u201ccomo si no hubiera orden de confinamiento\u201d,<\/em>&nbsp;a\u00f1ade Albert Ac\u00edn, periodista redactor.&nbsp;<em>\u201cEn el momento de acceder al establecimiento, a las 17:30h, los Mossos d\u00b4Escuadra encontraron en el interior al presidente de la asociaci\u00f3n y tres socios en pleno intercambio de las sustancias estupefacientes\u201d,<\/em>&nbsp;narra el periodista. Al parecer,&nbsp;<strong>el presidente llamaba a los socios para que vinieran a buscar la mercanc\u00eda<\/strong>, seg\u00fan los Mossos. Los detenidos fueron acusados no solo de saltarse el r\u00e9gimen de confinamiento, adem\u00e1s se les ha iniciado un procedimiento por Delito contra la Salud P\u00fablica al presidente, cargos que pueden resultar en penas de c\u00e1rcel, como hemos&nbsp;<a href=\"http:\/\/www.cannabis.es\/pw\/2019\/11\/06\/la-policia-golpea-la-b-o-c-a-de-menorca\/\">hablado en otras ocasiones<\/a>. Los socios presentes, tambi\u00e9n se llevar\u00e1n una denuncia por tenencia de marihuana.<\/p>\n\n\n\n<p>La medida de llamar a los socios puede deberse&nbsp;al protocolo interno de higiene,&nbsp;<strong>para evitar aglomeraciones y cuidar del aislamiento<\/strong>&nbsp;social,&nbsp;<strong>una responsabilidad que no aparece reflejada en el art\u00edculo, ni seguro tendr\u00e1 repercusi\u00f3n en una m\u00e1s que posible futura defensa judicial.<\/strong><\/p>\n\n\n\n<p>En otro art\u00edculo, esta vez aparecido en el diario digital La Verdad de Murcia, anuncian el desmantelamiento de otra asociaci\u00f3n, en circunstancias parecidas. Con lenguaje parcial y tendencioso, el texto firmado por la redacci\u00f3n narra c\u00f3mo la polic\u00eda acudi\u00f3 en respuesta a chivatazos dados contra un CSC sito en el barrio de los Dolores, en Cartagena. All\u00ed encontraron a siete personas, el presidente, el encargado y cuatro personas m\u00e1s. Con cargos similares, tambi\u00e9n en esta ocasi\u00f3n la polic\u00eda requis\u00f3 el cannabis del local, as\u00ed como el dinero disponible.&nbsp;<strong>Ninguno de los dos art\u00edculos se\u00f1ala la posibilidad de que estas personas fueran usuarios terap\u00e9uticos ni se da palabra alguna a las personas<\/strong>&nbsp;responsables de estos hechos.<\/p>\n\n\n\n<p>No debemos olvidar que los Clubes Sociales de Cannabis y Asociaciones Cann\u00e1bicas han sido en los \u00faltimos a\u00f1os lugares en los que las personas consumidoras han podido acceder a su marihuana sin exponerse a los rigores del mercado negro, que ha experimentado una hist\u00f3rica subida de precios, un tema que abordaremos en breve.<\/p>\n\n\n\n<h3 class=\"wp-block-heading\"><strong>Usuaria terap\u00e9utica<\/strong><\/h3>\n\n\n\n<p>Conversamos con Carola P\u00e9rez, presidenta del&nbsp;<a href=\"https:\/\/www.oedcm.com\/\">Observatorio Espa\u00f1ol de Cannabis Medicinal<\/a>&nbsp;y tambi\u00e9n de la Asociaci\u00f3n de Pacientes Dosemociones.&nbsp;<em>\u201cLos problemas que derivan de esta situaci\u00f3n son dos principalmente. Hay pacientes que no pueden desplazarse a los CSC; y, adem\u00e1s, est\u00e1n cerrados. No hay abastecimiento domiciliario, ni posibilidad de dispensar a domicilio.&nbsp;<\/em><em><strong>Dependen de personas cercanas que quiz\u00e1s puedan venderles<\/strong><\/em><em>. Adem\u00e1s del cierre de las Asociaciones, existen muchos problemas en la atenci\u00f3n sanitaria, pues est\u00e1 colapsada con la situaci\u00f3n actual y muchas pruebas se est\u00e1n cancelando o posponiendo, tales como resonancias, anal\u00edticas, reuniones con especialistas, etc.\u201d,<\/em>&nbsp;relata P\u00e9rez.<\/p>\n\n\n\n<p>La representante cuenta c\u00f3mo est\u00e1 observando mucha estafa con el CBD.&nbsp;<em>\u201cPrometen propiedades que no tiene. Desde luego, no cura el coronavirus y hay un trecho entre las propiedades antibacteriales demostradas cient\u00edficamente y su posible aplicaci\u00f3n a enfermedades\u201d.<\/em>&nbsp;Recordemos que el estatus legal del CBD permite su venta y distribuci\u00f3n, como explicamos&nbsp;<a href=\"http:\/\/www.cannabis.es\/pw\/2019\/12\/20\/cbd-en-valencia-servicio-imprescindible-entre-maniobras-legales\/\">en este art\u00edculo<\/a>.<\/p>\n\n\n\n<p>\u201c<em>Entiendo que a r\u00edo revuelto, ganancia de pescadores\u201d,<\/em>&nbsp;explica P\u00e9rez en relaci\u00f3n al mercado negro.&nbsp;<em>\u201cEncontramos un triple riesgo para cualquiera que se atreva a mover cannabis en la actualidad. El riesgo de saltarse la cuarentena se une al miedo constante de ser sorprendido por la polic\u00eda en su posesi\u00f3n. Adem\u00e1s, tenemos la amenaza del mercado negro, que no ofrece ninguna garant\u00eda y suele estar en manos de gente sin reparos. A\u00fan as\u00ed, comprendo a todas las partes y creo que con una regulaci\u00f3n esto se evitar\u00eda\u201d<\/em><em>,<\/em>&nbsp;declara P\u00e9rez.<\/p>\n\n\n\n<p>Desde su organizaci\u00f3n, Carola P\u00e9rez asegura que intentan dar formaci\u00f3n e informaci\u00f3n:&nbsp;<em>\u201crecomendamos comestibles en lugar de fumables, pero en ning\u00fan caso ponemos a gente en contacto\u201d,<\/em>&nbsp;comenta.&nbsp;<em>\u201cNos llama gente de toda Espa\u00f1a, tratamos de escucharlos a todos.&nbsp;<\/em><em><strong>La situaci\u00f3n con los usuarios se repite por todas partes<\/strong><\/em><em>\u201d.<\/em><\/p>\n\n\n\n<p>Para P\u00e9rez,&nbsp;<strong>el escenario ideal ser\u00eda aquel en el que los pacientes pudieran ir a sus lugares de dispensaci\u00f3n, farmacia o asociaci\u00f3n cann\u00e1bica<\/strong>.&nbsp;<em>\u201cEl confinamiento es muy duro, a m\u00ed no me cuesta tanto, pero entiendo que la gente necesita evadirse un poco, as\u00ed que mejor con cannabis que con alcohol o pastillas. En EEUU se est\u00e1 permitiendo, pero aqu\u00ed no hay regulaci\u00f3n que ayude al usuario\u201d<\/em><em>.<\/em><\/p>\n\n\n\n<p>Recordemos que la Confederaci\u00f3n de Federaciones de Asociaciones Cann\u00e1bicas (CONFAC) lanz\u00f3 un comunicado con una serie de&nbsp;<a href=\"https:\/\/confac.org\/1042-comunicado-declaracion-del-estado-de-alarma-por-la-pandemia-de-covid-19\">directrices para sus socis<\/a>&nbsp;en el cual instaba al cierre y paralizaci\u00f3n de actividades, adem\u00e1s de dar unas&nbsp;<a href=\"http:\/\/www.cannabis.es\/pw\/2020\/03\/13\/coronavirus-recomendaciones-para-fumar-asociaciones-y-fiesta\/\">recomendaciones de limpieza e higiene<\/a>&nbsp;para frenar el Coronavirus en la comunidad cann\u00e1bica.<\/p>\n","protected":false},"excerpt":{"rendered":"<span class=\"span-reading-time rt-reading-time\" style=\"display: block;\"><span class=\"rt-label rt-prefix\">Tiempo de lectura:<\/span> <span class=\"rt-time\"> 4<\/span> <span class=\"rt-label rt-postfix\">minutos<\/span><\/span>Espa\u00f1a arriesga la salud de pacientes de cannabis.","protected":false},"author":1,"featured_media":1798,"comment_status":"closed","ping_status":"closed","sticky":false,"template":"","format":"standard","meta":{"loftocean-featured-post":"","loftocean_post_format_gallery":"","loftocean_post_format_gallery_ids":"","loftocean_post_format_gallery_urls":"","loftocean_post_format_video_id":"","loftocean_post_format_video_url":"","loftocean_post_format_video_type":"","loftocean_post_format_video":"","loftocean_post_format_audio_type":"","loftocean_post_format_audio_url":"","loftocean_post_format_audio_id":"","loftocean_post_format_audio":"","loftocean_post_format_quote_text":"","loftocean_post_format_quote_byline":"","loftocean_post_format_link_text":"","loftocean_post_format_link_url":"","ceramag_post_header_style":"","ceramag_enable_background_video":"","ceramag_show_in_top_slider":"","ceramag_post_background_video_start":"","ceramag_post_background_video_end":"","loftocean_page_background_video_id":"","loftocean_page_background_video_url":"","loftocean_page_background_video_type":"","loftocean_page_background_video":"","ceramag_background_video_start":"","ceramag_background_video_end":"","ceramag_single_page_hide_header":"","footnotes":""},"categories":[35],"tags":[43,41,686,687],"class_list":["post-1797","post","type-post","status-publish","format-standard","has-post-thumbnail","hentry","category-politica-y-sociedad","tag-benito-diaz","tag-cannabis","tag-observatorio-cannabis-medicinal","tag-observatorio-espanol-del-cannabis-medicinal"],"yoast_head":"<!-- This site is optimized with the Yoast SEO plugin v24.9 - https:\/\/yoast.com\/wordpress\/plugins\/seo\/ -->\n<title>Espa\u00f1a arriesga la salud de pacientes de cannabis<\/title>\n<meta name=\"description\" content=\"Entrada &#8226; Portal multimedia sobre cannabis y otras sustancias &#8226; 10 abril, 2020\" \/>\n<meta name=\"robots\" content=\"index, follow, max-snippet:-1, max-image-preview:large, max-video-preview:-1\" \/>\n<link rel=\"canonical\" href=\"https:\/\/www.cannabis.es\/pw\/2020\/04\/10\/espana-arriesga-la-salud-de-pacientes-de-cannabis\/\" \/>\n<meta name=\"twitter:card\" content=\"summary_large_image\" \/>\n<meta name=\"twitter:title\" content=\"Espa\u00f1a arriesga la salud de pacientes de cannabis\" \/>\n<meta name=\"twitter:description\" content=\"Entrada &#8226; Portal multimedia sobre cannabis y otras sustancias &#8226; 10 abril, 2020\" \/>\n<meta name=\"twitter:image\" content=\"https:\/\/www.cannabis.es\/pw\/wp-content\/uploads\/2020\/05\/portada-usuarios-en-alarma-covid.jpg\" \/>\n<meta name=\"twitter:creator\" content=\"@cannabis_es\" \/>\n<meta name=\"twitter:site\" content=\"@cannabis_es\" \/>\n<meta name=\"twitter:label1\" content=\"Escrito por\" \/>\n\t<meta name=\"twitter:data1\" content=\"Cannabis.es\" \/>\n\t<meta name=\"twitter:label2\" content=\"Tiempo de lectura\" \/>\n\t<meta name=\"twitter:data2\" content=\"6 minutos\" \/>\n<script type=\"application\/ld+json\" class=\"yoast-schema-graph\">{\"@context\":\"https:\/\/schema.org\",\"@graph\":[{\"@type\":\"Article\",\"@id\":\"https:\/\/www.cannabis.es\/pw\/2020\/04\/10\/espana-arriesga-la-salud-de-pacientes-de-cannabis\/#article\",\"isPartOf\":{\"@id\":\"https:\/\/www.cannabis.es\/pw\/2020\/04\/10\/espana-arriesga-la-salud-de-pacientes-de-cannabis\/\"},\"author\":{\"name\":\"Cannabis.es\",\"@id\":\"https:\/\/www.cannabis.es\/pw\/#\/schema\/person\/e2fbd204580cf4fe74c79b82bc447374\"},\"headline\":\"Espa\u00f1a arriesga la salud de pacientes de cannabis\",\"datePublished\":\"2020-04-10T15:58:23+00:00\",\"dateModified\":\"2020-07-14T11:39:15+00:00\",\"mainEntityOfPage\":{\"@id\":\"https:\/\/www.cannabis.es\/pw\/2020\/04\/10\/espana-arriesga-la-salud-de-pacientes-de-cannabis\/\"},\"wordCount\":1176,\"publisher\":{\"@id\":\"https:\/\/www.cannabis.es\/pw\/#organization\"},\"image\":{\"@id\":\"https:\/\/www.cannabis.es\/pw\/2020\/04\/10\/espana-arriesga-la-salud-de-pacientes-de-cannabis\/#primaryimage\"},\"thumbnailUrl\":\"https:\/\/www.cannabis.es\/pw\/wp-content\/uploads\/2020\/05\/portada-usuarios-en-alarma-covid.jpg\",\"keywords\":[\"Benito D\u00edaz\",\"cannabis\",\"Observatorio Cannabis Medicinal\",\"Observatorio Espa\u00f1ol del Cannabis Medicinal\"],\"articleSection\":[\"Pol\u00edtica y Sociedad\"],\"inLanguage\":\"es\"},{\"@type\":\"WebPage\",\"@id\":\"https:\/\/www.cannabis.es\/pw\/2020\/04\/10\/espana-arriesga-la-salud-de-pacientes-de-cannabis\/\",\"url\":\"https:\/\/www.cannabis.es\/pw\/2020\/04\/10\/espana-arriesga-la-salud-de-pacientes-de-cannabis\/\",\"name\":\"Espa\u00f1a arriesga la salud de pacientes de cannabis\",\"isPartOf\":{\"@id\":\"https:\/\/www.cannabis.es\/pw\/#website\"},\"primaryImageOfPage\":{\"@id\":\"https:\/\/www.cannabis.es\/pw\/2020\/04\/10\/espana-arriesga-la-salud-de-pacientes-de-cannabis\/#primaryimage\"},\"image\":{\"@id\":\"https:\/\/www.cannabis.es\/pw\/2020\/04\/10\/espana-arriesga-la-salud-de-pacientes-de-cannabis\/#primaryimage\"},\"thumbnailUrl\":\"https:\/\/www.cannabis.es\/pw\/wp-content\/uploads\/2020\/05\/portada-usuarios-en-alarma-covid.jpg\",\"datePublished\":\"2020-04-10T15:58:23+00:00\",\"dateModified\":\"2020-07-14T11:39:15+00:00\",\"description\":\"Entrada &#8226; Portal multimedia sobre cannabis y otras sustancias &#8226; 10 abril, 2020\",\"breadcrumb\":{\"@id\":\"https:\/\/www.cannabis.es\/pw\/2020\/04\/10\/espana-arriesga-la-salud-de-pacientes-de-cannabis\/#breadcrumb\"},\"inLanguage\":\"es\",\"potentialAction\":[{\"@type\":\"ReadAction\",\"target\":[\"https:\/\/www.cannabis.es\/pw\/2020\/04\/10\/espana-arriesga-la-salud-de-pacientes-de-cannabis\/\"]}]},{\"@type\":\"ImageObject\",\"inLanguage\":\"es\",\"@id\":\"https:\/\/www.cannabis.es\/pw\/2020\/04\/10\/espana-arriesga-la-salud-de-pacientes-de-cannabis\/#primaryimage\",\"url\":\"https:\/\/www.cannabis.es\/pw\/wp-content\/uploads\/2020\/05\/portada-usuarios-en-alarma-covid.jpg\",\"contentUrl\":\"https:\/\/www.cannabis.es\/pw\/wp-content\/uploads\/2020\/05\/portada-usuarios-en-alarma-covid.jpg\",\"width\":959,\"height\":475},{\"@type\":\"BreadcrumbList\",\"@id\":\"https:\/\/www.cannabis.es\/pw\/2020\/04\/10\/espana-arriesga-la-salud-de-pacientes-de-cannabis\/#breadcrumb\",\"itemListElement\":[{\"@type\":\"ListItem\",\"position\":1,\"name\":\"Portada\",\"item\":\"http:\/\/www.cannabis.es\/pw\/\"},{\"@type\":\"ListItem\",\"position\":2,\"name\":\"Espa\u00f1a arriesga la salud de pacientes de cannabis\"}]},{\"@type\":\"WebSite\",\"@id\":\"https:\/\/www.cannabis.es\/pw\/#website\",\"url\":\"https:\/\/www.cannabis.es\/pw\/\",\"name\":\"Cannabis\",\"description\":\"Portal multimedia sobre cannabis y otras sustancias\",\"publisher\":{\"@id\":\"https:\/\/www.cannabis.es\/pw\/#organization\"},\"potentialAction\":[{\"@type\":\"SearchAction\",\"target\":{\"@type\":\"EntryPoint\",\"urlTemplate\":\"https:\/\/www.cannabis.es\/pw\/?s={search_term_string}\"},\"query-input\":{\"@type\":\"PropertyValueSpecification\",\"valueRequired\":true,\"valueName\":\"search_term_string\"}}],\"inLanguage\":\"es\"},{\"@type\":\"Organization\",\"@id\":\"https:\/\/www.cannabis.es\/pw\/#organization\",\"name\":\"Cannabis.es\",\"url\":\"https:\/\/www.cannabis.es\/pw\/\",\"logo\":{\"@type\":\"ImageObject\",\"inLanguage\":\"es\",\"@id\":\"https:\/\/www.cannabis.es\/pw\/#\/schema\/logo\/image\/\",\"url\":\"https:\/\/www.cannabis.es\/pw\/wp-content\/uploads\/2019\/04\/cropped-logo_cannabis.png\",\"contentUrl\":\"https:\/\/www.cannabis.es\/pw\/wp-content\/uploads\/2019\/04\/cropped-logo_cannabis.png\",\"width\":361,\"height\":120,\"caption\":\"Cannabis.es\"},\"image\":{\"@id\":\"https:\/\/www.cannabis.es\/pw\/#\/schema\/logo\/image\/\"},\"sameAs\":[\"https:\/\/x.com\/cannabis_es\"]},{\"@type\":\"Person\",\"@id\":\"https:\/\/www.cannabis.es\/pw\/#\/schema\/person\/e2fbd204580cf4fe74c79b82bc447374\",\"name\":\"Cannabis.es\",\"image\":{\"@type\":\"ImageObject\",\"inLanguage\":\"es\",\"@id\":\"https:\/\/www.cannabis.es\/pw\/#\/schema\/person\/image\/\",\"url\":\"https:\/\/secure.gravatar.com\/avatar\/4375b1eb6e272e2e48a4b8a8def52e5f208151f555bb5906da616906ee6dd2e8?s=96&d=mm&r=g\",\"contentUrl\":\"https:\/\/secure.gravatar.com\/avatar\/4375b1eb6e272e2e48a4b8a8def52e5f208151f555bb5906da616906ee6dd2e8?s=96&d=mm&r=g\",\"caption\":\"Cannabis.es\"},\"url\":\"https:\/\/www.cannabis.es\/pw\/author\/cannabis\/\"}]}<\/script>\n<!-- \/ Yoast SEO plugin. -->","yoast_head_json":{"title":"Espa\u00f1a arriesga la salud de pacientes de cannabis","description":"Entrada &#8226; Portal multimedia sobre cannabis y otras sustancias &#8226; 10 abril, 2020","robots":{"index":"index","follow":"follow","max-snippet":"max-snippet:-1","max-image-preview":"max-image-preview:large","max-video-preview":"max-video-preview:-1"},"canonical":"https:\/\/www.cannabis.es\/pw\/2020\/04\/10\/espana-arriesga-la-salud-de-pacientes-de-cannabis\/","twitter_card":"summary_large_image","twitter_title":"Espa\u00f1a arriesga la salud de pacientes de cannabis","twitter_description":"Entrada &#8226; Portal multimedia sobre cannabis y otras sustancias &#8226; 10 abril, 2020","twitter_image":"https:\/\/www.cannabis.es\/pw\/wp-content\/uploads\/2020\/05\/portada-usuarios-en-alarma-covid.jpg","twitter_creator":"@cannabis_es","twitter_site":"@cannabis_es","twitter_misc":{"Escrito por":"Cannabis.es","Tiempo de lectura":"6 minutos"},"schema":{"@context":"https:\/\/schema.org","@graph":[{"@type":"Article","@id":"https:\/\/www.cannabis.es\/pw\/2020\/04\/10\/espana-arriesga-la-salud-de-pacientes-de-cannabis\/#article","isPartOf":{"@id":"https:\/\/www.cannabis.es\/pw\/2020\/04\/10\/espana-arriesga-la-salud-de-pacientes-de-cannabis\/"},"author":{"name":"Cannabis.es","@id":"https:\/\/www.cannabis.es\/pw\/#\/schema\/person\/e2fbd204580cf4fe74c79b82bc447374"},"headline":"Espa\u00f1a arriesga la salud de pacientes de cannabis","datePublished":"2020-04-10T15:58:23+00:00","dateModified":"2020-07-14T11:39:15+00:00","mainEntityOfPage":{"@id":"https:\/\/www.cannabis.es\/pw\/2020\/04\/10\/espana-arriesga-la-salud-de-pacientes-de-cannabis\/"},"wordCount":1176,"publisher":{"@id":"https:\/\/www.cannabis.es\/pw\/#organization"},"image":{"@id":"https:\/\/www.cannabis.es\/pw\/2020\/04\/10\/espana-arriesga-la-salud-de-pacientes-de-cannabis\/#primaryimage"},"thumbnailUrl":"https:\/\/www.cannabis.es\/pw\/wp-content\/uploads\/2020\/05\/portada-usuarios-en-alarma-covid.jpg","keywords":["Benito D\u00edaz","cannabis","Observatorio Cannabis Medicinal","Observatorio Espa\u00f1ol del Cannabis Medicinal"],"articleSection":["Pol\u00edtica y Sociedad"],"inLanguage":"es"},{"@type":"WebPage","@id":"https:\/\/www.cannabis.es\/pw\/2020\/04\/10\/espana-arriesga-la-salud-de-pacientes-de-cannabis\/","url":"https:\/\/www.cannabis.es\/pw\/2020\/04\/10\/espana-arriesga-la-salud-de-pacientes-de-cannabis\/","name":"Espa\u00f1a arriesga la salud de pacientes de cannabis","isPartOf":{"@id":"https:\/\/www.cannabis.es\/pw\/#website"},"primaryImageOfPage":{"@id":"https:\/\/www.cannabis.es\/pw\/2020\/04\/10\/espana-arriesga-la-salud-de-pacientes-de-cannabis\/#primaryimage"},"image":{"@id":"https:\/\/www.cannabis.es\/pw\/2020\/04\/10\/espana-arriesga-la-salud-de-pacientes-de-cannabis\/#primaryimage"},"thumbnailUrl":"https:\/\/www.cannabis.es\/pw\/wp-content\/uploads\/2020\/05\/portada-usuarios-en-alarma-covid.jpg","datePublished":"2020-04-10T15:58:23+00:00","dateModified":"2020-07-14T11:39:15+00:00","description":"Entrada &#8226; Portal multimedia sobre cannabis y otras sustancias &#8226; 10 abril, 2020","breadcrumb":{"@id":"https:\/\/www.cannabis.es\/pw\/2020\/04\/10\/espana-arriesga-la-salud-de-pacientes-de-cannabis\/#breadcrumb"},"inLanguage":"es","potentialAction":[{"@type":"ReadAction","target":["https:\/\/www.cannabis.es\/pw\/2020\/04\/10\/espana-arriesga-la-salud-de-pacientes-de-cannabis\/"]}]},{"@type":"ImageObject","inLanguage":"es","@id":"https:\/\/www.cannabis.es\/pw\/2020\/04\/10\/espana-arriesga-la-salud-de-pacientes-de-cannabis\/#primaryimage","url":"https:\/\/www.cannabis.es\/pw\/wp-content\/uploads\/2020\/05\/portada-usuarios-en-alarma-covid.jpg","contentUrl":"https:\/\/www.cannabis.es\/pw\/wp-content\/uploads\/2020\/05\/portada-usuarios-en-alarma-covid.jpg","width":959,"height":475},{"@type":"BreadcrumbList","@id":"https:\/\/www.cannabis.es\/pw\/2020\/04\/10\/espana-arriesga-la-salud-de-pacientes-de-cannabis\/#breadcrumb","itemListElement":[{"@type":"ListItem","position":1,"name":"Portada","item":"http:\/\/www.cannabis.es\/pw\/"},{"@type":"ListItem","position":2,"name":"Espa\u00f1a arriesga la salud de pacientes de cannabis"}]},{"@type":"WebSite","@id":"https:\/\/www.cannabis.es\/pw\/#website","url":"https:\/\/www.cannabis.es\/pw\/","name":"Cannabis","description":"Portal multimedia sobre cannabis y otras sustancias","publisher":{"@id":"https:\/\/www.cannabis.es\/pw\/#organization"},"potentialAction":[{"@type":"SearchAction","target":{"@type":"EntryPoint","urlTemplate":"https:\/\/www.cannabis.es\/pw\/?s={search_term_string}"},"query-input":{"@type":"PropertyValueSpecification","valueRequired":true,"valueName":"search_term_string"}}],"inLanguage":"es"},{"@type":"Organization","@id":"https:\/\/www.cannabis.es\/pw\/#organization","name":"Cannabis.es","url":"https:\/\/www.cannabis.es\/pw\/","logo":{"@type":"ImageObject","inLanguage":"es","@id":"https:\/\/www.cannabis.es\/pw\/#\/schema\/logo\/image\/","url":"https:\/\/www.cannabis.es\/pw\/wp-content\/uploads\/2019\/04\/cropped-logo_cannabis.png","contentUrl":"https:\/\/www.cannabis.es\/pw\/wp-content\/uploads\/2019\/04\/cropped-logo_cannabis.png","width":361,"height":120,"caption":"Cannabis.es"},"image":{"@id":"https:\/\/www.cannabis.es\/pw\/#\/schema\/logo\/image\/"},"sameAs":["https:\/\/x.com\/cannabis_es"]},{"@type":"Person","@id":"https:\/\/www.cannabis.es\/pw\/#\/schema\/person\/e2fbd204580cf4fe74c79b82bc447374","name":"Cannabis.es","image":{"@type":"ImageObject","inLanguage":"es","@id":"https:\/\/www.cannabis.es\/pw\/#\/schema\/person\/image\/","url":"https:\/\/secure.gravatar.com\/avatar\/4375b1eb6e272e2e48a4b8a8def52e5f208151f555bb5906da616906ee6dd2e8?s=96&d=mm&r=g","contentUrl":"https:\/\/secure.gravatar.com\/avatar\/4375b1eb6e272e2e48a4b8a8def52e5f208151f555bb5906da616906ee6dd2e8?s=96&d=mm&r=g","caption":"Cannabis.es"},"url":"https:\/\/www.cannabis.es\/pw\/author\/cannabis\/"}]}},"_links":{"self":[{"href":"https:\/\/www.cannabis.es\/pw\/wp-json\/wp\/v2\/posts\/1797","targetHints":{"allow":["GET"]}}],"collection":[{"href":"https:\/\/www.cannabis.es\/pw\/wp-json\/wp\/v2\/posts"}],"about":[{"href":"https:\/\/www.cannabis.es\/pw\/wp-json\/wp\/v2\/types\/post"}],"author":[{"embeddable":true,"href":"https:\/\/www.cannabis.es\/pw\/wp-json\/wp\/v2\/users\/1"}],"replies":[{"embeddable":true,"href":"https:\/\/www.cannabis.es\/pw\/wp-json\/wp\/v2\/comments?post=1797"}],"version-history":[{"count":4,"href":"https:\/\/www.cannabis.es\/pw\/wp-json\/wp\/v2\/posts\/1797\/revisions"}],"predecessor-version":[{"id":5828,"href":"https:\/\/www.cannabis.es\/pw\/wp-json\/wp\/v2\/posts\/1797\/revisions\/5828"}],"wp:featuredmedia":[{"embeddable":true,"href":"https:\/\/www.cannabis.es\/pw\/wp-json\/wp\/v2\/media\/1798"}],"wp:attachment":[{"href":"https:\/\/www.cannabis.es\/pw\/wp-json\/wp\/v2\/media?parent=1797"}],"wp:term":[{"taxonomy":"category","embeddable":true,"href":"https:\/\/www.cannabis.es\/pw\/wp-json\/wp\/v2\/categories?post=1797"},{"taxonomy":"post_tag","embeddable":true,"href":"https:\/\/www.cannabis.es\/pw\/wp-json\/wp\/v2\/tags?post=1797"}],"curies":[{"name":"wp","href":"https:\/\/api.w.org\/{rel}","templated":true}]}}