{"id":1800,"date":"2020-04-15T18:02:53","date_gmt":"2020-04-15T16:02:53","guid":{"rendered":"http:\/\/www.cannabis.es\/pw\/?p=1800"},"modified":"2020-05-29T12:49:30","modified_gmt":"2020-05-29T10:49:30","slug":"la-legalizacion-en-mexico-topa-el-coronavirus-aventurando-la-segunda-prorroga","status":"publish","type":"post","link":"https:\/\/www.cannabis.es\/pw\/2020\/04\/15\/la-legalizacion-en-mexico-topa-el-coronavirus-aventurando-la-segunda-prorroga\/","title":{"rendered":"La legalizaci\u00f3n en M\u00e9xico topa el coronavirus aventurando la segunda pr\u00f3rroga"},"content":{"rendered":"\n<p><br>Arnau Alcaide<\/p>\n\n\n\n<p>(Ciudad de M\u00e9xico)- La&nbsp;<a href=\"http:\/\/www.cannabis.es\/pw\/2020\/03\/06\/mexico-avanza-hacia-la-regularizacion-integral-mientras-espana-observa-y-aprende\/\">legalizaci\u00f3n en M\u00e9xico<\/a>&nbsp;tendr\u00e1 que esperar al final de la pandemia. O no, pero<strong>&nbsp;una segunda pr\u00f3rroga<\/strong>&nbsp;es el escenario que anticipa la activista Amaya Ordorika (<a href=\"https:\/\/www.infobae.com\/america\/mexico\/2020\/04\/19\/sera-hasta-diciembre-cuando-se-discuta-la-regulacion-de-la-cannabis\/\">ya confirmada<\/a>&nbsp;15 dic), coordinadora general de ReverdeSer Colectivo, la asociaci\u00f3n que trabaja por los derechos de las personas usuarias de sustancias il\u00edcitas y el cambio de enfoque, de la persecuci\u00f3n civil con recursos p\u00fablicos a la reducci\u00f3n de da\u00f1os.<\/p>\n\n\n\n<hr class=\"wp-block-separator\"\/>\n\n\n\n<p>Al Congreso y la Corte de Justicia se a\u00f1ad\u00eda la suspensi\u00f3n de las actividades presenciales del Senado el d\u00eda 25 de marzo. Ante este escenario,&nbsp;<strong>el mandato de la justicia que obliga a regular el acceso al cannabis<\/strong>&nbsp;podr\u00eda ejercerse de facto si vence el mes de abril sin que se apruebe una legislaci\u00f3n. La activista, voz m\u00e1s conocida del movimiento en medios mexicanos, aventura no obstante una segunda pr\u00f3rroga de esta legalizaci\u00f3n que&nbsp;<a href=\"http:\/\/www.cannabis.es\/pw\/2019\/11\/20\/prorroga-a-la-regulacion-integral-en-mexico\/\">ya se demor\u00f3 el pasado noviembre<\/a>, con el motivo excepcional de dar tiempo al Senado de concretar la regulaci\u00f3n. Si bien no ha habido una \u00abnotificaci\u00f3n oficial\u00bb, la \u00abespera\u00bb en los \u00abpr\u00f3ximos d\u00edas\u00bb.<\/p>\n\n\n\n<p>Ordorika no querr\u00eda una legalizaci\u00f3n de facto, porque ser\u00eda \u00abincompleta\u00bb y \u00abdejar\u00eda muchos derechos en cuesti\u00f3n y por definir\u00bb, sin contribuir al debate transformador. \u00abUn escenario que es conveniente evitar\u00bb, recuerda la activista. Y ante la incertidumbre, mantienen la protesta: plantadas 420 se reordena para no arriesgarse al virus, pero no se cierra. La apuesta de acampada cann\u00e1bica frente al Senado con cultivo y consumo p\u00fablicos seguir\u00e1 activa reduciendo la afluencia, as\u00ed como apareciendo en google maps como plantadas 420.<\/p>\n\n\n\n<blockquote class=\"wp-block-quote is-layout-flow wp-block-quote-is-layout-flow\"><p>\u00abEsperemos que la cuarentena no sirva para justificar un proceso de abuso policial\u00bb<\/p><\/blockquote>\n\n\n\n<h3 class=\"wp-block-heading\"><strong>Una \u00faltima revisi\u00f3n al borrador: faltan derechos<\/strong><\/h3>\n\n\n\n<p>\u00abAntes de salir al pleno del Senado, tiene que terminar el proceso de aprobaci\u00f3n en las Comisiones Unidas de Salud, Justicia y Estudios Legislativos II. Ya se aprob\u00f3 el dictamen en lo general, pero faltan las&nbsp;<strong>reservas<\/strong>. Quienes participan en esta parte son legisladores que integran las comisiones y, por tanto, este espacio tiene una composici\u00f3n distinta que el pleno del Senado\u00bb, composici\u00f3n en la que conf\u00eda sean o\u00eddas sus peticiones.<\/p>\n\n\n\n<h3 class=\"wp-block-heading\"><strong>Derechos en cuesti\u00f3n<\/strong><br><\/h3>\n\n\n\n<p>En M\u00e9xico no existe el recoveco legal de Espa\u00f1a para las asociaciones. Actualmente, se espera que sean reguladas, pero la parada ley en el Senado brinda de momento unas \u201climitaciones insuperables\u201d: m\u00e1ximo de 20 miembros y cuatro plantas por miembro al a\u00f1o. Una cantidad que en Espa\u00f1a sabemos de sobra que es insuficiente y que no favorecer\u00e1 pues en M\u00e9xico el desarrollo social del cannabis en la legalidad.<\/p>\n\n\n\n<p>En contacto con Uruguay, Ordorika revela que ellos tambi\u00e9n aquejan que 45 miembros m\u00e1ximo les resulta muy limitado para enfrentar los costes mancomunados del cultivo compartido. En una casa mexicana, se podr\u00edan tener hasta un m\u00e1ximo de 4 plantas por persona, 6 por hogar, si hay m\u00e1s de una persona usuaria. Elevadas&nbsp;<strong>limitaciones que<\/strong>, junto a la trazabilidad de la semilla y los procesos de certificaci\u00f3n de calidad,&nbsp;<strong>podr\u00edan alejar a la poblaci\u00f3n criminalizada por el cultivo de su acceso a legal.&nbsp;<\/strong>Respecto de esto \u00faltimo, espera que no sirva de barrera de acceso, que la trazabilidad sea la de un cultivo cualquiera, sin perjuico de la planta.<\/p>\n\n\n\n<p>Aunque en un primer momento se dijo que se podr\u00eda fumar en los mismos lugares que el tabaco, algo que favorecer\u00eda la normalizaci\u00f3n del cannabis para acabar con el estigma que sufren las personas usuarias, fruto de su ilegalidad,&nbsp;<strong>no ser\u00e1 legal fumar en p\u00fablico<\/strong>. Ser\u00e1s sancionado con una multa cuantiosa.&nbsp;<em>\u201cAdem\u00e1s la carga portable, que aumenta a 25g pero no se elimina, justifica la intervenci\u00f3n policial en base a la posible cercan\u00eda a este m\u00e1ximo y facilita la vulneraci\u00f3n de derechos, asumiendo la cantidad como potencialmente constitutiva de tr\u00e1fico. No est\u00e1 garantizando los derechos. El movimiento cann\u00e1bico pide que,<\/em><em><strong>&nbsp;si no se hace equivalente que al menos haya lugares<\/strong>. S\u00ed hay conciencia de la necesidad de&nbsp;<strong>normalizar&nbsp;<\/strong><\/em><em>con la presencia en espacios p\u00fablicos, pero todav\u00eda se pelea por legalizarlo para verdaderamente poder hacerlo\u201d<\/em>, sostiene.<\/p>\n\n\n\n<p>\u201cDependiendo de la visi\u00f3n final que se adopte, m\u00e1s conservadora o no, estos aspectos pueden salir adelante<strong>,&nbsp;<\/strong>debemos pelear para que, si bien no llega ahora la modificaci\u00f3n como la deseamos, ir introduciendo los cambios que faltan a la legalizaci\u00f3n, aunque no nos rendimos a incorporar estas modificaciones\u201d, reclama Ordorika.<\/p>\n\n\n\n<p>Avisa de que si&nbsp;<a href=\"http:\/\/www.cannabis.es\/pw\/2019\/05\/03\/legalizacion-2-0-tras-la-retirada-de-productos-en-mexico\/\">se da rienda suelta al sector comercial, ser\u00e1 mucho m\u00e1s dif\u00edcil volver atr\u00e1s<\/a>, y pide precauci\u00f3n al respecto mientras prioriza los derechos de las personas usuarias. \u201cLa regulaci\u00f3n tambi\u00e9n desarrolla las&nbsp;<strong>licencias para venta&nbsp;<\/strong>y lo que estamos pidiendo es que se entreguen&nbsp;<strong>al sector social<\/strong>, peque\u00f1os propietarios de tierras colectivas que obtienen todo el beneficio de su trabajo desde una explotaci\u00f3n agraria m\u00e1s sostenible\u201d, un modelo que ya se implementa en M\u00e9xico para el fomento de la producci\u00f3n humana y ecol\u00f3gicamente sostenible de cultivos tan importantes como el cacao o la amapola, o en actividades mineras.<\/p>\n\n\n\n<p>\u201cOtra de las propuestas es una integraci\u00f3n vertical con la que ning\u00fan propietario podr\u00eda poseer dos fases del proceso productivo\u201d, con lo que buscar\u00edan evitar la concentraci\u00f3n de la riqueza.&nbsp;<em>\u201cPero el problema es que en el campo solo se quede la fase de menos valor a\u00f1adido\u201d<\/em>, eval\u00faa Ordorika.<\/p>\n\n\n\n<h3 class=\"wp-block-heading\"><strong>No hay asociaciones de consumidores registradas por el activismo<\/strong><\/h3>\n\n\n\n<p>\u201cEl movimiento cann\u00e1bico mexicano tiene ya 20 a\u00f1os trabajando en la convocatoria de marchas e influencia p\u00fablica por los derechos, pero las asociaciones al uso son muy complicadas, solo existen en tama\u00f1os muy reducidos y privados, por miedos como la criminalizaci\u00f3n y&nbsp;<strong>el estigma, que implica la p\u00e9rdida de relaciones humanas o laborales, y es el verdadreo causante del da\u00f1o al usuariado, y no su consumo\u201d,&nbsp;<\/strong>se\u00f1ala.<\/p>\n\n\n\n<p>\u201cHay grupos por los derechos sociales y otros que trabajan por la pol\u00edtica de drogas en aspectos como la situaci\u00f3n de las mujeres encarceladas por drogas, las pol\u00edticas p\u00fablicas, la reducci\u00f3n de da\u00f1os y el cambio de paradigma\u201d, prosigue.<\/p>\n\n\n\n<h3 class=\"wp-block-heading\"><strong>ReverdeSer Colectivo en la Regulaci\u00f3n por la Paz<\/strong><\/h3>\n\n\n\n<p>La organizaci\u00f3n trabaja con personas usuarias de sustancias il\u00edcitas y todo tipo de plantas psicoactivas para la implementaci\u00f3n de pol\u00edticas p\u00fablicas con un enfoque de salud diferente. Instruidos por Energy Control, la asociaci\u00f3n de referencia espa\u00f1ola, aportan informaci\u00f3n y actividades para la<a href=\"http:\/\/www.cannabis.es\/pw\/2019\/03\/15\/asociaciones-de-gestion-de-placeres-y-riesgos-hacen-de-estado-donde-la-moral-no-alcanza-a-regular\/\">&nbsp;incorporaci\u00f3n de la reducci\u00f3n de da\u00f1os sin afectaci\u00f3n a los derechos de las personas usuarias<\/a>. Arguyen que la legalizaci\u00f3n es algo necesario para que el estado incorpore un sistema de justicia proporcional all\u00ed donde se han estado vulnerando derechos. \u00abAqu\u00ed en m\u00e9xico se ha implementado una de las caras m\u00e1s duras de la guerra contra el narcotr\u00e1fico\u00bb, lamentaba su coordinadora.<\/p>\n\n\n\n<p>Pero ReverdeSer Colectivo no disputa los derechos de las personas usuarias en solitario. Cuando se trata del cannabis, una coalici\u00f3n de organizaciones en representaci\u00f3n de usuariado, pacientes y profesionales aboga por la \u00abregulaci\u00f3n de los mercados il\u00edcitos\u00bb. Se trata de&nbsp;<a href=\"http:\/\/regulacionporlapaz.com\/\">Regulaci\u00f3n por la Paz<\/a>, coalici\u00f3n, que algunos pol\u00edticos consultan como referencia, en la que participan instituciones como el Instituto Rias, para la creaci\u00f3n de pol\u00edticas p\u00fablicas.<\/p>\n\n\n\n<blockquote class=\"wp-block-quote is-layout-flow wp-block-quote-is-layout-flow\"><p>\u201cQueremos acabar con todos los mercados il\u00edcitos y el fin de la vulneraci\u00f3n de las personas usuarias\u201d.<\/p><\/blockquote>\n\n\n\n<p>La reducci\u00f3n de da\u00f1os para Amaya Ordorika no es otra cosa que la reducci\u00f3n de da\u00f1os para con el usuariado, la reducci\u00f3n de su persecuci\u00f3n , su da\u00f1o real, y no ve problemas de salud p\u00fablica en la legalizaci\u00f3n, nos explica en un juego de palabras cuando le preguntamos si tiene alg\u00fan temor en cuanto a potenciales efectos negativos derivados de la legalizaci\u00f3n.<\/p>\n\n\n\n<p>Del estigma, acusa al&nbsp;<a href=\"http:\/\/www.cannabis.es\/pw\/2016\/02\/22\/el-chapo-el-papa-y-sean-penn\/\">mal trato informativo<\/a>, de manera id\u00e9ntica a como ocurre en Espa\u00f1a, por la vinculaci\u00f3n de las sustancias il\u00edcitas con la violencia y la espectacularidad. La poca presencia en medios de los colectivos implicados y sesgada, as\u00ed como determinadas declaraciones pol\u00edticas al respecto, tampoco favorecen al buen panorama informativo.<\/p>\n\n\n\n<h3 class=\"wp-block-heading\"><strong>\u00bfCu\u00e1nta poblaci\u00f3n usuaria?<\/strong><\/h3>\n\n\n\n<p>Las encuestas formales no incluyen el consumo regular, solo el consumo espor\u00e1dico y con prejuicio en la pregunta, lo que hace que hayan sido \u00abcriticadas\u00bb y&nbsp;<strong>no sean fiables<\/strong>&nbsp;para una estad\u00edstica completa. No se provee de la informaci\u00f3n necesaria para el trabajo de estas organizaciones.<\/p>\n\n\n\n<h3 class=\"wp-block-heading\"><strong>Inter\u00e9s del capital extranjero<\/strong><\/h3>\n\n\n\n<p>\u201cHay inter\u00e9s de capitales extranjeros, porque como han llegado a asegurar empresarios canadienses, &#8216;producir en m\u00e9xico es muy barato&#8217;\u201d, detalla Ordorika. Lo que desde ReverdeSer Colectivo tratan de proteger es \u201cprecisamente\u201d la \u201centrada del modelo depredador de explotaci\u00f3n que en el pa\u00eds caracteriza a las empresas extranjeras extractivas\u201d. \u201cQuien cultiva en el campo no quiere pasar de verse extorsionada a malvender a los&nbsp;<a href=\"http:\/\/www.cannabis.es\/pw\/2015\/08\/28\/tierra-de-carteles\/\">c\u00e1rteles&nbsp;<\/a>a malvender a una gran empresa, valora.<\/p>\n\n\n\n<h3 class=\"wp-block-heading\"><strong>Los colores de la pol\u00edtica<\/strong><\/h3>\n\n\n\n<p>\u201cMorena no es homog\u00e9neo: pese a que&nbsp;<a href=\"http:\/\/www.cannabis.es\/pw\/2018\/11\/19\/mexico-lucha-por-la-legalizacion-del-cannabis\/\">impulsan el proyecto de ley<\/a>, hay muchos detractores, con reservas acerca de la regulaci\u00f3n, que han permitido restricciones que afectan a los derechos del usuariado\u201d, lamenta la activista. Respecto al Movimiento Ciudadano -s\u00ed, imag\u00ednense al ni\u00f1o cantando \u201cmovimiento naranja\u201d- completamente a favor de una regulaci\u00f3n al gusto de los grupos sociales. En cambio la derecha se posiciona en contra, con apelaciones del PRI, principal partido en la oposici\u00f3n, a una regulaci\u00f3n medicinal y corporativa, m\u00e1s restrictiva con el acceso a la planta.<\/p>\n\n\n\n<h3 class=\"wp-block-heading\"><strong>El potencial exportador de M\u00e9xico a EEUU y Canad\u00e1<\/strong><\/h3>\n\n\n\n<p>Ordorika cree en el potencial exportador de M\u00e9xico a EEUU y Canad\u00e1 y que estos productores est\u00e1n pendientes. \u201cYa vivimos la expropiaci\u00f3n de recursos por empresas canadienses, que muchas veces tienen buena fama, pero aqu\u00ed ya conocemos que su actividad extractivista no siempre redunda en beneficio del pueblo. Incluso hay rumores de que habr\u00edan favorecido el deterioro de comunidades en \u00e1reas de potencial execrativo para comprar las tierras tras su abandono\u201d, un modelo econ\u00f3mico que desean evitar desde los colectivos a toda costa para que la riqueza de la legalizaci\u00f3n llegue al&nbsp;<a href=\"http:\/\/www.cannabis.es\/pw\/2017\/01\/30\/siglos-de-amores-y-odios-con-respecto-al-cannabis-en-mexico\/\">campo, su origen<\/a>.<\/p>\n\n\n\n<h3 class=\"wp-block-heading\"><strong>Medio mundo consumidor, medio productor criminalizado<\/strong><\/h3>\n\n\n\n<p>\u00abLa politica de drogas divide al mundo en productores y consumidores, una suerte de sur y norte global. M\u00e9xico es un pa\u00eds productor, aunque poco a poco se va aceptando que es tambi\u00e9n consumidor. Los pa\u00edses productores est\u00e1n considerados como el origen del <a href=\"http:\/\/www.cannabis.es\/pw\/2015\/11\/26\/narcotrafico-y-politica-al-desnudo-narcodata\/\">narcotr\u00e1fico<\/a>, como si llegando a EEUU desapareciese el fen\u00f3meno\u00bb, introduce Ordorika esta dicotom\u00eda estructurada a partir de la prohibici\u00f3n. Dentro de este marco, \u00abse dan convenios para que EEUU financie la seguridad en Sudam\u00e9rica, lo que lleva a la militarizaci\u00f3n de la seguridad y las fronteras\u00bb, explica la tambi\u00e9n investigadora en Derechos Humanos.<\/p>\n\n\n\n<p>La legalizaci\u00f3n en Canad\u00e1 y los distintos estados Estados Unidos llega sin que se produzca dicho cambio en los organismos internacionales que han extendido la prohibici\u00f3n. Pa\u00edses con capacidad de decisi\u00f3n global, protagonistas, part\u00edcipes de la prohibici\u00f3n y eminentes consumidores de la producci\u00f3n, con un poder adquisitivo que facilita pagar el valor a\u00f1adido de la ilegalidad, han sido hist\u00f3ricamente responsables de los efectos de la criminalizaci\u00f3n de las sustancias il\u00edcitas que consumen, generando el crimen, la violencia, los estados policiales, la marginalidad y el estigma en las poblaciones productoras, como en el caso de M\u00e9xico.<\/p>\n\n\n\n<h3 class=\"wp-block-heading\"><strong>El narcoestado como resultado<\/strong><\/h3>\n\n\n\n<p>\u00ab<a href=\"http:\/\/www.cannabis.es\/pw\/2015\/04\/14\/carcel-de-conveniencia\/\">Esto en M\u00e9xico arranc\u00f3 con fuerza en 2006<\/a>&nbsp;cuando ven\u00edamos de los \u00edndices m\u00e1s bajos de la historia del proceso de persecuci\u00f3n\u00bb, y por ende de criminalizaci\u00f3n. \u00abEn ese momento se aument\u00f3 el presupuesto y la presencia militar bajo<a href=\"http:\/\/www.cannabis.es\/pw\/2016\/05\/10\/la-mascara-mexicana\/\">&nbsp;el gobierno de la derecha<\/a>&nbsp;de&nbsp;<a href=\"http:\/\/www.cannabis.es\/pw\/2016\/05\/31\/la-mascara-mexicana-ii\/\">Pe\u00f1a Nieto<\/a>&nbsp;y la asunci\u00f3n del discurso de Estados Unidos. Luego,&nbsp;<strong>con la entrada de Obrador se promete el fin de la Guerra contra las Drogas, el amor frente a las armas<\/strong>\u00ab, pero este discurso, asegura nuestra entrevistada, se ve diluido una vez llega al gobierno, posiblemente por la \u00abinfluencia de los mandos militares\u00bb, con altos presupuestos y posici\u00f3n de fuerza.<\/p>\n\n\n\n<p>La prohibici\u00f3n mantiene esta seguridad desproporcionada, que pugna por autosostenerse una vez creada, pues la reducci\u00f3n de presupuestos elimina puestos de trabajo y poder en los mandos dirigentes. Adem\u00e1s, se introducen<strong>&nbsp;m\u00e1s armas<\/strong>&nbsp;en la ecuaci\u00f3n, lo que retroalimenta la virulencia del narco y esta el estado policial, y as\u00ed sucesivamente.<\/p>\n\n\n\n<p>En marzo de 2019 se cre\u00f3<a href=\"https:\/\/www.efe.com\/efe\/america\/mexico\/anatomia-de-la-guardia-nacional-el-cuerpo-seguridad-mexicano\/50000545-4003592\">&nbsp;la Guardia Nacional<\/a>, a la que se transfirieron todos los cuerpos de seguridad con el fin de luchar contra el crimen organizado -polic\u00eda, ej\u00e9rcito y marina, aunque muchas unidades conservan sus viejos uniformes-, poniendo en entredicho si se estaba militarizando la polic\u00eda, con el consiguiente incremento en la persecuci\u00f3n ciudadana y en la vulneraci\u00f3n de sus derechos. \u00abAhora se plantea la creaci\u00f3n de una polic\u00eda civil, pero est\u00e1 en cuesti\u00f3n que no tome mando militar y por lo tanto no disminuya la injerencia en los derechos a trav\u00e9s de la Guerra contra las Drogas\u201d, explica la activista.<\/p>\n\n\n\n<p>\u201cLa narrativa ayuda a la gente a desviar la atenci\u00f3n de su seguridad, pues pese a que toda la poblaci\u00f3n es susceptible de recibir un delito, se creen m\u00e1s protegidos por no participar del relato del narco\u201d, introduce acerca del relato Ordorika. En las estad\u00edsticas no prevalecen los delitos entre personas de la cadena de distribuci\u00f3n, desde usuarias a productoras, sino que los delitos recaen sobre la poblaci\u00f3n de manera generalizada, en demasiadas ocasiones quedando \u201cimpunes\u201d, lamenta la entrevistada.<\/p>\n\n\n\n<h3 class=\"wp-block-heading\"><strong>La consecuencia es el abuso policial legalizado<\/strong><\/h3>\n\n\n\n<p>\u201cEl arraigo es una forma de detenci\u00f3n arbitraria que existe en M\u00e9xico\u201d, cuenta Ordorika. \u201cVulnera la presunci\u00f3n de inocencia, pues consiste en la privaci\u00f3n de libertad bajo el pretexto de que, dados indicios de peligrosidad\u201d, y ah\u00ed machacan a la poblaci\u00f3n usuaria de sustancias il\u00edcitas de manera arbitraria y discriminatoria, \u201cse utilizar\u00e1 para obtener pruebas\u201d, explica la representante del colectivo.<\/p>\n\n\n\n<p>Su existencia se deriva del marco legal de la lucha policial contra el tr\u00e1fico de drogas, de la relaci\u00f3n y control militar de esta polic\u00eda, que tiene legalizado invadir al individuo sin un proceso de garant\u00edas para los posibles indicios, ni consecuencias derivadas cuando abusan de este poder, u otras cosas peores.<\/p>\n\n\n\n<p>Adem\u00e1s de la figura del arraigo, la activista advierte de la prolongaci\u00f3n de estos periodos de encarcelamiento mal llamado \u201cpreventivo\u201d por encima de lo legal y la existencia de tortura como agravante. \u201cLa Guerra contra las Drogas sirve de amparo y narrativa a estas actuaciones. Se crea una pel\u00edcula de ciencia ficci\u00f3n por la que las personas que se relacionan con la planta en alg\u00fan momento son delincuentes de la peor clase\u201d, considera Ordorika.<\/p>\n\n\n\n<p><em>\u201c<\/em><em>Cuando analizamos la diferencia entre el estado policial y un estado de excepci\u00f3n, nos damos cuenta que no hay tanta diferencia: el presupuesto de seguridad est\u00e1 orientado a la lucha contra el narcotr\u00e1fico, vestida de guerra\u201d; esa es la prioridad excepcional, explica. \u201cEsta situaci\u00f3n amenaza la independencia procesal y los Derechos Humanos<\/em>\u201d, insiste.&nbsp;<strong>\u201cNos obliga a preguntarnos como sociedad d\u00f3nde queremos poner nuestros recursos\u201d,&nbsp;<\/strong>expresa en referencia a la financiaci\u00f3n con dinero p\u00fablico de esta persecuci\u00f3n.<\/p>\n\n\n\n<h3 class=\"wp-block-heading\"><strong>El abuso judicial<\/strong><\/h3>\n\n\n\n<p>\u201cPara probar la intenci\u00f3n de tr\u00e1fico, se deber\u00eda pasar por un proceso largo para el que el sistema no est\u00e1 capacitado y toma un atajo que vulnera estos derechos\u201d, prosigue Ordorika. Mientras que se concentran las sanciones y delitos penales en el usuariado de sustancias il\u00edcitas, muchos solo por posesi\u00f3n, \u201cotros cr\u00edmenes de afectaci\u00f3n a terceros tienen grados de impunidad de hasta el \u00ab99%\u00bb, incide.<\/p>\n\n\n\n<h3 class=\"wp-block-heading\"><strong>Narcoterrorismo: utilizado para la \u201cinfluencia\u201d de EEUU<\/strong><\/h3>\n\n\n\n<p>\u201cYa sea M\u00e9xico, Colombia, Venezuela, pues hacia Maduro se dirige ahora, la acusaci\u00f3n de narcoterrorismo tiene implicaciones graves\u201d, revela Ordorika contundente. En una acusaci\u00f3n pol\u00edtica, se introduce el terrorismo en esta concepci\u00f3n del tr\u00e1fico para generar \u201cinfluencia internacional\u201d, nos explica.<\/p>\n\n\n\n<h3 class=\"wp-block-heading\"><strong>Ley seca como contraparadigma en plena pandemia<\/strong><\/h3>\n\n\n\n<p>Estados como<a href=\"http:\/\/www.cannabis.es\/pw\/2020\/03\/13\/encuentra-donde-fumar-tranquilo-y-disfruta-de-tabasco-una-entrevista-al-dirigente-morena\/\">&nbsp;Tabasco<\/a>&nbsp;han aplicado una ley seca absoluta y en otros lugares se ha restringido la venta a horarios diurnos.\u00bbEl alcohol no est\u00e1 considerado producto esencial y eso va a generar desabasto\u00bb, explica la coordinadora. \u00abEn aislamiento, las personas usuarias se enfrentan a situaciones m\u00e1s complejas\u00bb, prosigue. \u00abDurante la pandemia, estas medidas no son las mejores, porque seguramente una abstinencia forzosa repentina no es forma de facilitar un aislamiento. Sobre todo porque no va a haber acompa\u00f1amiento si hay problemas derivados de la abstinencia en este periodo\u00bb, valora.<\/p>\n","protected":false},"excerpt":{"rendered":"<span class=\"span-reading-time rt-reading-time\" style=\"display: block;\"><span class=\"rt-label rt-prefix\">Tiempo de lectura:<\/span> <span class=\"rt-time\"> 9<\/span> <span class=\"rt-label rt-postfix\">minutos<\/span><\/span>Arnau Alcaide (Ciudad de M\u00e9xico)- La&nbsp;legalizaci\u00f3n en M\u00e9xico&nbsp;tendr\u00e1 que esperar al final de la pandemia. O no, pero&nbsp;una segunda pr\u00f3rroga&nbsp;es el escenario que anticipa la activista Amaya Ordorika (ya confirmada&nbsp;15 dic), coordinadora general de ReverdeSer Colectivo, la asociaci\u00f3n que trabaja por los derechos de las personas usuarias de sustancias il\u00edcitas y el cambio de enfoque, [&hellip;]","protected":false},"author":1,"featured_media":1801,"comment_status":"closed","ping_status":"closed","sticky":false,"template":"","format":"standard","meta":{"loftocean-featured-post":"","loftocean_post_format_gallery":"","loftocean_post_format_gallery_ids":"","loftocean_post_format_gallery_urls":"","loftocean_post_format_video_id":"","loftocean_post_format_video_url":"","loftocean_post_format_video_type":"","loftocean_post_format_video":"","loftocean_post_format_audio_type":"","loftocean_post_format_audio_url":"","loftocean_post_format_audio_id":"","loftocean_post_format_audio":"","loftocean_post_format_quote_text":"","loftocean_post_format_quote_byline":"","loftocean_post_format_link_text":"","loftocean_post_format_link_url":"","ceramag_post_header_style":"","ceramag_enable_background_video":"","ceramag_show_in_top_slider":"","ceramag_post_background_video_start":"","ceramag_post_background_video_end":"","loftocean_page_background_video_id":"","loftocean_page_background_video_url":"","loftocean_page_background_video_type":"","loftocean_page_background_video":"","ceramag_background_video_start":"","ceramag_background_video_end":"","ceramag_single_page_hide_header":"","footnotes":""},"categories":[35],"tags":[540,393],"class_list":["post-1800","post","type-post","status-publish","format-standard","has-post-thumbnail","hentry","category-politica-y-sociedad","tag-arnau-alcaide","tag-mexico"],"yoast_head":"<!-- This site is optimized with the Yoast SEO plugin v24.9 - https:\/\/yoast.com\/wordpress\/plugins\/seo\/ -->\n<title>La legalizaci\u00f3n en M\u00e9xico topa el coronavirus aventurando la segunda pr\u00f3rroga<\/title>\n<meta name=\"description\" content=\"Entrada &#8226; Portal multimedia sobre cannabis y otras sustancias &#8226; 15 abril, 2020\" \/>\n<meta name=\"robots\" content=\"index, follow, max-snippet:-1, max-image-preview:large, max-video-preview:-1\" \/>\n<link rel=\"canonical\" href=\"https:\/\/www.cannabis.es\/pw\/2020\/04\/15\/la-legalizacion-en-mexico-topa-el-coronavirus-aventurando-la-segunda-prorroga\/\" \/>\n<meta name=\"twitter:card\" content=\"summary_large_image\" \/>\n<meta name=\"twitter:title\" content=\"La legalizaci\u00f3n en M\u00e9xico topa el coronavirus aventurando la segunda pr\u00f3rroga\" \/>\n<meta name=\"twitter:description\" content=\"Entrada &#8226; Portal multimedia sobre cannabis y otras sustancias &#8226; 15 abril, 2020\" \/>\n<meta name=\"twitter:image\" content=\"https:\/\/www.cannabis.es\/pw\/wp-content\/uploads\/2020\/05\/entrevista-ordorika.jpg\" \/>\n<meta name=\"twitter:creator\" content=\"@cannabis_es\" \/>\n<meta name=\"twitter:site\" content=\"@cannabis_es\" \/>\n<meta name=\"twitter:label1\" content=\"Escrito por\" \/>\n\t<meta name=\"twitter:data1\" content=\"Cannabis.es\" \/>\n\t<meta name=\"twitter:label2\" content=\"Tiempo de lectura\" \/>\n\t<meta name=\"twitter:data2\" content=\"15 minutos\" \/>\n<script type=\"application\/ld+json\" class=\"yoast-schema-graph\">{\"@context\":\"https:\/\/schema.org\",\"@graph\":[{\"@type\":\"Article\",\"@id\":\"https:\/\/www.cannabis.es\/pw\/2020\/04\/15\/la-legalizacion-en-mexico-topa-el-coronavirus-aventurando-la-segunda-prorroga\/#article\",\"isPartOf\":{\"@id\":\"https:\/\/www.cannabis.es\/pw\/2020\/04\/15\/la-legalizacion-en-mexico-topa-el-coronavirus-aventurando-la-segunda-prorroga\/\"},\"author\":{\"name\":\"Cannabis.es\",\"@id\":\"https:\/\/www.cannabis.es\/pw\/#\/schema\/person\/e2fbd204580cf4fe74c79b82bc447374\"},\"headline\":\"La legalizaci\u00f3n en M\u00e9xico topa el coronavirus aventurando la segunda pr\u00f3rroga\",\"datePublished\":\"2020-04-15T16:02:53+00:00\",\"dateModified\":\"2020-05-29T10:49:30+00:00\",\"mainEntityOfPage\":{\"@id\":\"https:\/\/www.cannabis.es\/pw\/2020\/04\/15\/la-legalizacion-en-mexico-topa-el-coronavirus-aventurando-la-segunda-prorroga\/\"},\"wordCount\":2943,\"publisher\":{\"@id\":\"https:\/\/www.cannabis.es\/pw\/#organization\"},\"image\":{\"@id\":\"https:\/\/www.cannabis.es\/pw\/2020\/04\/15\/la-legalizacion-en-mexico-topa-el-coronavirus-aventurando-la-segunda-prorroga\/#primaryimage\"},\"thumbnailUrl\":\"https:\/\/www.cannabis.es\/pw\/wp-content\/uploads\/2020\/05\/entrevista-ordorika.jpg\",\"keywords\":[\"Arnau Alcaide\",\"m\u00e9xico\"],\"articleSection\":[\"Pol\u00edtica y Sociedad\"],\"inLanguage\":\"es\"},{\"@type\":\"WebPage\",\"@id\":\"https:\/\/www.cannabis.es\/pw\/2020\/04\/15\/la-legalizacion-en-mexico-topa-el-coronavirus-aventurando-la-segunda-prorroga\/\",\"url\":\"https:\/\/www.cannabis.es\/pw\/2020\/04\/15\/la-legalizacion-en-mexico-topa-el-coronavirus-aventurando-la-segunda-prorroga\/\",\"name\":\"La legalizaci\u00f3n en M\u00e9xico topa el coronavirus aventurando la segunda pr\u00f3rroga\",\"isPartOf\":{\"@id\":\"https:\/\/www.cannabis.es\/pw\/#website\"},\"primaryImageOfPage\":{\"@id\":\"https:\/\/www.cannabis.es\/pw\/2020\/04\/15\/la-legalizacion-en-mexico-topa-el-coronavirus-aventurando-la-segunda-prorroga\/#primaryimage\"},\"image\":{\"@id\":\"https:\/\/www.cannabis.es\/pw\/2020\/04\/15\/la-legalizacion-en-mexico-topa-el-coronavirus-aventurando-la-segunda-prorroga\/#primaryimage\"},\"thumbnailUrl\":\"https:\/\/www.cannabis.es\/pw\/wp-content\/uploads\/2020\/05\/entrevista-ordorika.jpg\",\"datePublished\":\"2020-04-15T16:02:53+00:00\",\"dateModified\":\"2020-05-29T10:49:30+00:00\",\"description\":\"Entrada &#8226; Portal multimedia sobre cannabis y otras sustancias &#8226; 15 abril, 2020\",\"breadcrumb\":{\"@id\":\"https:\/\/www.cannabis.es\/pw\/2020\/04\/15\/la-legalizacion-en-mexico-topa-el-coronavirus-aventurando-la-segunda-prorroga\/#breadcrumb\"},\"inLanguage\":\"es\",\"potentialAction\":[{\"@type\":\"ReadAction\",\"target\":[\"https:\/\/www.cannabis.es\/pw\/2020\/04\/15\/la-legalizacion-en-mexico-topa-el-coronavirus-aventurando-la-segunda-prorroga\/\"]}]},{\"@type\":\"ImageObject\",\"inLanguage\":\"es\",\"@id\":\"https:\/\/www.cannabis.es\/pw\/2020\/04\/15\/la-legalizacion-en-mexico-topa-el-coronavirus-aventurando-la-segunda-prorroga\/#primaryimage\",\"url\":\"https:\/\/www.cannabis.es\/pw\/wp-content\/uploads\/2020\/05\/entrevista-ordorika.jpg\",\"contentUrl\":\"https:\/\/www.cannabis.es\/pw\/wp-content\/uploads\/2020\/05\/entrevista-ordorika.jpg\",\"width\":959,\"height\":475},{\"@type\":\"BreadcrumbList\",\"@id\":\"https:\/\/www.cannabis.es\/pw\/2020\/04\/15\/la-legalizacion-en-mexico-topa-el-coronavirus-aventurando-la-segunda-prorroga\/#breadcrumb\",\"itemListElement\":[{\"@type\":\"ListItem\",\"position\":1,\"name\":\"Portada\",\"item\":\"http:\/\/www.cannabis.es\/pw\/\"},{\"@type\":\"ListItem\",\"position\":2,\"name\":\"La legalizaci\u00f3n en M\u00e9xico topa el coronavirus aventurando la segunda pr\u00f3rroga\"}]},{\"@type\":\"WebSite\",\"@id\":\"https:\/\/www.cannabis.es\/pw\/#website\",\"url\":\"https:\/\/www.cannabis.es\/pw\/\",\"name\":\"Cannabis\",\"description\":\"Portal multimedia sobre cannabis y otras sustancias\",\"publisher\":{\"@id\":\"https:\/\/www.cannabis.es\/pw\/#organization\"},\"potentialAction\":[{\"@type\":\"SearchAction\",\"target\":{\"@type\":\"EntryPoint\",\"urlTemplate\":\"https:\/\/www.cannabis.es\/pw\/?s={search_term_string}\"},\"query-input\":{\"@type\":\"PropertyValueSpecification\",\"valueRequired\":true,\"valueName\":\"search_term_string\"}}],\"inLanguage\":\"es\"},{\"@type\":\"Organization\",\"@id\":\"https:\/\/www.cannabis.es\/pw\/#organization\",\"name\":\"Cannabis.es\",\"url\":\"https:\/\/www.cannabis.es\/pw\/\",\"logo\":{\"@type\":\"ImageObject\",\"inLanguage\":\"es\",\"@id\":\"https:\/\/www.cannabis.es\/pw\/#\/schema\/logo\/image\/\",\"url\":\"https:\/\/www.cannabis.es\/pw\/wp-content\/uploads\/2019\/04\/cropped-logo_cannabis.png\",\"contentUrl\":\"https:\/\/www.cannabis.es\/pw\/wp-content\/uploads\/2019\/04\/cropped-logo_cannabis.png\",\"width\":361,\"height\":120,\"caption\":\"Cannabis.es\"},\"image\":{\"@id\":\"https:\/\/www.cannabis.es\/pw\/#\/schema\/logo\/image\/\"},\"sameAs\":[\"https:\/\/x.com\/cannabis_es\"]},{\"@type\":\"Person\",\"@id\":\"https:\/\/www.cannabis.es\/pw\/#\/schema\/person\/e2fbd204580cf4fe74c79b82bc447374\",\"name\":\"Cannabis.es\",\"image\":{\"@type\":\"ImageObject\",\"inLanguage\":\"es\",\"@id\":\"https:\/\/www.cannabis.es\/pw\/#\/schema\/person\/image\/\",\"url\":\"https:\/\/secure.gravatar.com\/avatar\/4375b1eb6e272e2e48a4b8a8def52e5f208151f555bb5906da616906ee6dd2e8?s=96&d=mm&r=g\",\"contentUrl\":\"https:\/\/secure.gravatar.com\/avatar\/4375b1eb6e272e2e48a4b8a8def52e5f208151f555bb5906da616906ee6dd2e8?s=96&d=mm&r=g\",\"caption\":\"Cannabis.es\"},\"url\":\"https:\/\/www.cannabis.es\/pw\/author\/cannabis\/\"}]}<\/script>\n<!-- \/ Yoast SEO plugin. -->","yoast_head_json":{"title":"La legalizaci\u00f3n en M\u00e9xico topa el coronavirus aventurando la segunda pr\u00f3rroga","description":"Entrada &#8226; Portal multimedia sobre cannabis y otras sustancias &#8226; 15 abril, 2020","robots":{"index":"index","follow":"follow","max-snippet":"max-snippet:-1","max-image-preview":"max-image-preview:large","max-video-preview":"max-video-preview:-1"},"canonical":"https:\/\/www.cannabis.es\/pw\/2020\/04\/15\/la-legalizacion-en-mexico-topa-el-coronavirus-aventurando-la-segunda-prorroga\/","twitter_card":"summary_large_image","twitter_title":"La legalizaci\u00f3n en M\u00e9xico topa el coronavirus aventurando la segunda pr\u00f3rroga","twitter_description":"Entrada &#8226; Portal multimedia sobre cannabis y otras sustancias &#8226; 15 abril, 2020","twitter_image":"https:\/\/www.cannabis.es\/pw\/wp-content\/uploads\/2020\/05\/entrevista-ordorika.jpg","twitter_creator":"@cannabis_es","twitter_site":"@cannabis_es","twitter_misc":{"Escrito por":"Cannabis.es","Tiempo de lectura":"15 minutos"},"schema":{"@context":"https:\/\/schema.org","@graph":[{"@type":"Article","@id":"https:\/\/www.cannabis.es\/pw\/2020\/04\/15\/la-legalizacion-en-mexico-topa-el-coronavirus-aventurando-la-segunda-prorroga\/#article","isPartOf":{"@id":"https:\/\/www.cannabis.es\/pw\/2020\/04\/15\/la-legalizacion-en-mexico-topa-el-coronavirus-aventurando-la-segunda-prorroga\/"},"author":{"name":"Cannabis.es","@id":"https:\/\/www.cannabis.es\/pw\/#\/schema\/person\/e2fbd204580cf4fe74c79b82bc447374"},"headline":"La legalizaci\u00f3n en M\u00e9xico topa el coronavirus aventurando la segunda pr\u00f3rroga","datePublished":"2020-04-15T16:02:53+00:00","dateModified":"2020-05-29T10:49:30+00:00","mainEntityOfPage":{"@id":"https:\/\/www.cannabis.es\/pw\/2020\/04\/15\/la-legalizacion-en-mexico-topa-el-coronavirus-aventurando-la-segunda-prorroga\/"},"wordCount":2943,"publisher":{"@id":"https:\/\/www.cannabis.es\/pw\/#organization"},"image":{"@id":"https:\/\/www.cannabis.es\/pw\/2020\/04\/15\/la-legalizacion-en-mexico-topa-el-coronavirus-aventurando-la-segunda-prorroga\/#primaryimage"},"thumbnailUrl":"https:\/\/www.cannabis.es\/pw\/wp-content\/uploads\/2020\/05\/entrevista-ordorika.jpg","keywords":["Arnau Alcaide","m\u00e9xico"],"articleSection":["Pol\u00edtica y Sociedad"],"inLanguage":"es"},{"@type":"WebPage","@id":"https:\/\/www.cannabis.es\/pw\/2020\/04\/15\/la-legalizacion-en-mexico-topa-el-coronavirus-aventurando-la-segunda-prorroga\/","url":"https:\/\/www.cannabis.es\/pw\/2020\/04\/15\/la-legalizacion-en-mexico-topa-el-coronavirus-aventurando-la-segunda-prorroga\/","name":"La legalizaci\u00f3n en M\u00e9xico topa el coronavirus aventurando la segunda pr\u00f3rroga","isPartOf":{"@id":"https:\/\/www.cannabis.es\/pw\/#website"},"primaryImageOfPage":{"@id":"https:\/\/www.cannabis.es\/pw\/2020\/04\/15\/la-legalizacion-en-mexico-topa-el-coronavirus-aventurando-la-segunda-prorroga\/#primaryimage"},"image":{"@id":"https:\/\/www.cannabis.es\/pw\/2020\/04\/15\/la-legalizacion-en-mexico-topa-el-coronavirus-aventurando-la-segunda-prorroga\/#primaryimage"},"thumbnailUrl":"https:\/\/www.cannabis.es\/pw\/wp-content\/uploads\/2020\/05\/entrevista-ordorika.jpg","datePublished":"2020-04-15T16:02:53+00:00","dateModified":"2020-05-29T10:49:30+00:00","description":"Entrada &#8226; Portal multimedia sobre cannabis y otras sustancias &#8226; 15 abril, 2020","breadcrumb":{"@id":"https:\/\/www.cannabis.es\/pw\/2020\/04\/15\/la-legalizacion-en-mexico-topa-el-coronavirus-aventurando-la-segunda-prorroga\/#breadcrumb"},"inLanguage":"es","potentialAction":[{"@type":"ReadAction","target":["https:\/\/www.cannabis.es\/pw\/2020\/04\/15\/la-legalizacion-en-mexico-topa-el-coronavirus-aventurando-la-segunda-prorroga\/"]}]},{"@type":"ImageObject","inLanguage":"es","@id":"https:\/\/www.cannabis.es\/pw\/2020\/04\/15\/la-legalizacion-en-mexico-topa-el-coronavirus-aventurando-la-segunda-prorroga\/#primaryimage","url":"https:\/\/www.cannabis.es\/pw\/wp-content\/uploads\/2020\/05\/entrevista-ordorika.jpg","contentUrl":"https:\/\/www.cannabis.es\/pw\/wp-content\/uploads\/2020\/05\/entrevista-ordorika.jpg","width":959,"height":475},{"@type":"BreadcrumbList","@id":"https:\/\/www.cannabis.es\/pw\/2020\/04\/15\/la-legalizacion-en-mexico-topa-el-coronavirus-aventurando-la-segunda-prorroga\/#breadcrumb","itemListElement":[{"@type":"ListItem","position":1,"name":"Portada","item":"http:\/\/www.cannabis.es\/pw\/"},{"@type":"ListItem","position":2,"name":"La legalizaci\u00f3n en M\u00e9xico topa el coronavirus aventurando la segunda pr\u00f3rroga"}]},{"@type":"WebSite","@id":"https:\/\/www.cannabis.es\/pw\/#website","url":"https:\/\/www.cannabis.es\/pw\/","name":"Cannabis","description":"Portal multimedia sobre cannabis y otras sustancias","publisher":{"@id":"https:\/\/www.cannabis.es\/pw\/#organization"},"potentialAction":[{"@type":"SearchAction","target":{"@type":"EntryPoint","urlTemplate":"https:\/\/www.cannabis.es\/pw\/?s={search_term_string}"},"query-input":{"@type":"PropertyValueSpecification","valueRequired":true,"valueName":"search_term_string"}}],"inLanguage":"es"},{"@type":"Organization","@id":"https:\/\/www.cannabis.es\/pw\/#organization","name":"Cannabis.es","url":"https:\/\/www.cannabis.es\/pw\/","logo":{"@type":"ImageObject","inLanguage":"es","@id":"https:\/\/www.cannabis.es\/pw\/#\/schema\/logo\/image\/","url":"https:\/\/www.cannabis.es\/pw\/wp-content\/uploads\/2019\/04\/cropped-logo_cannabis.png","contentUrl":"https:\/\/www.cannabis.es\/pw\/wp-content\/uploads\/2019\/04\/cropped-logo_cannabis.png","width":361,"height":120,"caption":"Cannabis.es"},"image":{"@id":"https:\/\/www.cannabis.es\/pw\/#\/schema\/logo\/image\/"},"sameAs":["https:\/\/x.com\/cannabis_es"]},{"@type":"Person","@id":"https:\/\/www.cannabis.es\/pw\/#\/schema\/person\/e2fbd204580cf4fe74c79b82bc447374","name":"Cannabis.es","image":{"@type":"ImageObject","inLanguage":"es","@id":"https:\/\/www.cannabis.es\/pw\/#\/schema\/person\/image\/","url":"https:\/\/secure.gravatar.com\/avatar\/4375b1eb6e272e2e48a4b8a8def52e5f208151f555bb5906da616906ee6dd2e8?s=96&d=mm&r=g","contentUrl":"https:\/\/secure.gravatar.com\/avatar\/4375b1eb6e272e2e48a4b8a8def52e5f208151f555bb5906da616906ee6dd2e8?s=96&d=mm&r=g","caption":"Cannabis.es"},"url":"https:\/\/www.cannabis.es\/pw\/author\/cannabis\/"}]}},"_links":{"self":[{"href":"https:\/\/www.cannabis.es\/pw\/wp-json\/wp\/v2\/posts\/1800","targetHints":{"allow":["GET"]}}],"collection":[{"href":"https:\/\/www.cannabis.es\/pw\/wp-json\/wp\/v2\/posts"}],"about":[{"href":"https:\/\/www.cannabis.es\/pw\/wp-json\/wp\/v2\/types\/post"}],"author":[{"embeddable":true,"href":"https:\/\/www.cannabis.es\/pw\/wp-json\/wp\/v2\/users\/1"}],"replies":[{"embeddable":true,"href":"https:\/\/www.cannabis.es\/pw\/wp-json\/wp\/v2\/comments?post=1800"}],"version-history":[{"count":3,"href":"https:\/\/www.cannabis.es\/pw\/wp-json\/wp\/v2\/posts\/1800\/revisions"}],"predecessor-version":[{"id":4922,"href":"https:\/\/www.cannabis.es\/pw\/wp-json\/wp\/v2\/posts\/1800\/revisions\/4922"}],"wp:featuredmedia":[{"embeddable":true,"href":"https:\/\/www.cannabis.es\/pw\/wp-json\/wp\/v2\/media\/1801"}],"wp:attachment":[{"href":"https:\/\/www.cannabis.es\/pw\/wp-json\/wp\/v2\/media?parent=1800"}],"wp:term":[{"taxonomy":"category","embeddable":true,"href":"https:\/\/www.cannabis.es\/pw\/wp-json\/wp\/v2\/categories?post=1800"},{"taxonomy":"post_tag","embeddable":true,"href":"https:\/\/www.cannabis.es\/pw\/wp-json\/wp\/v2\/tags?post=1800"}],"curies":[{"name":"wp","href":"https:\/\/api.w.org\/{rel}","templated":true}]}}