{"id":1920,"date":"2019-10-04T14:24:11","date_gmt":"2019-10-04T12:24:11","guid":{"rendered":"http:\/\/www.cannabis.es\/pw\/?p=1920"},"modified":"2020-07-23T13:54:02","modified_gmt":"2020-07-23T11:54:02","slug":"martin-barriuso-las-propuestas-de-regulacion-del-cannabis-ya-no-suenan-marcianas","status":"publish","type":"post","link":"https:\/\/www.cannabis.es\/pw\/2019\/10\/04\/martin-barriuso-las-propuestas-de-regulacion-del-cannabis-ya-no-suenan-marcianas\/","title":{"rendered":"Mart\u00edn Barriuso: \u201cLas propuestas de regulaci\u00f3n del cannabis ya no suenan marcianas\u201d"},"content":{"rendered":"\n<p>Benito D\u00edaz<\/p>\n\n\n\n<p>\u201c<em>El primer recuerdo que tengo del&nbsp;<\/em><em>c<\/em><em>annabis puede ser alg\u00fan porro de mis amigos del barrio, cuando era adolescente. No fumaba, ten\u00eda 14 a\u00f1os en 1979, en el barrio de Recalde de Bilbao. Una barriada obrera con elevadas tasas de paro y muy golpeado por la hero\u00edna. Una zona pobre de Bilbao\u201d.<\/em><\/p>\n\n\n\n<hr class=\"wp-block-separator\"\/>\n\n\n\n<p>Mart\u00edn Barriuso naci\u00f3 en 1965 en Bilbao. Licenciado en Filosof\u00eda, ha ejercido de profesor de euskera, conserje funcionario del Ayuntamiento de Bilbao y como&nbsp;<strong>gran representante del movimiento cann\u00e1bico de nuestro pa\u00eds<\/strong>, casi desde el momento de su creaci\u00f3n. Durante ocho a\u00f1os lider\u00f3 la Federaci\u00f3n de Asociaciones Cann\u00e1bicas, posteriormente CONFAC. Ha sido responsable de la constituci\u00f3n de varias asociaciones pioneras y simboliz\u00f3 la lucha por la libertad del cannabis cuando la asociaci\u00f3n que presid\u00eda, Pannagh, fue intervenida por la polic\u00eda.<\/p>\n\n\n\n<h3 class=\"wp-block-heading\"><strong>Inicios hasta Pannagh<\/strong><\/h3>\n\n\n\n<p>\u201c<em>Primero nos organizamos en&nbsp;Kalamudia&nbsp;en 1997. Llevamos a cabo la primera cosecha legal en aquel a\u00f1o y organizamos las primeras movilizaciones contra las intervenciones policiales a la&nbsp;ARSEC&nbsp;en Catalu\u00f1a bajo el slogan \u2018Contra la prohibici\u00f3n, me planto\u2019. Tambi\u00e9n&nbsp;<a href=\"http:\/\/www.cannabis.es\/pw\/2019\/05\/13\/mas-de-25-000-personas-en-la-marcha-mundial-de-la-marihuana-de-madrid-2019\/\">estaban la AMEC<\/a>, la&nbsp;ARSECA,&nbsp;SECA&nbsp;en Zaragoza\u2026 Nuestros cultivos eran de conocimiento p\u00fablico, asociativos\u201d,<\/em>&nbsp;recuerda Barriuso.&nbsp;<em>\u201cDe ah\u00ed surgieron distintas divisiones. Kalamudia era a nivel auton\u00f3mico y cre\u00edmos que ser\u00eda m\u00e1s adecuado a nivel operativo tener distintos cultivos. Nos fuimos con la&nbsp;BHANG&nbsp;y luego, con la diferencia de opiniones sobre todo en el tipo de cultivos, creamos la&nbsp;Pannagh<\/em>&nbsp;<em>en 2003\u201d.<\/em><\/p>\n\n\n\n<p>Barriuso se refiere a aquella \u00e9poca como la&nbsp;<em>\u201cprehistoria\u201d:<\/em>&nbsp;<em>\u201cNo hab\u00eda derechos. Kalamundia nos permiti\u00f3 romper el tab\u00fa social. A parti<\/em><em>r<\/em><em>&nbsp;de entonces se pudo llegar a otros sitios.&nbsp;<\/em><em>A<\/em><em>dem\u00e1s, aquella asociaci\u00f3n fue pionera junto con Energy Control en el an\u00e1lisis de drogas y gesti\u00f3n de placeres. Estas investigaciones dieron lugar m\u00e1s&nbsp;<\/em><a href=\"http:\/\/www.ailaket.com\/\"><em>tarde a Ailaket<\/em><\/a><em>, que sigue en activo\u201d.<\/em><\/p>\n\n\n\n<p>La intervenci\u00f3n de la polic\u00eda&nbsp;en julio de 2018&nbsp;de&nbsp;<a href=\"http:\/\/www.cannabis.es\/pw\/2018\/07\/28\/asociacion-pannagh-absuelta-por-el-tribunal-supremo\/\">la asociaci\u00f3n PANNAGH<\/a>&nbsp;ha resultado un caso clave para la comprensi\u00f3n del movimiento cann\u00e1bico en nuestro pa\u00eds. Mart\u00edn Barriuso era presidente de la asociaci\u00f3n y estaba all\u00ed el d\u00eda de la primera redada.&nbsp;<em>\u201cCreo que llegaron de casualidad. Acab\u00e1bamos de recoger la cosecha y, aunque entraron sin violencia, fue muy desagradable. Nos llevaron a m\u00ed y a otros tres compa\u00f1eros, esposados todo el camino entre Durango y Bilbao. La primera fue en 2005 y la segunda en 2011, ya absueltos. En \u00e9sta \u00faltima, se nota que hab\u00edan estado montando un operativo de vigilancia estrecha: sab\u00edan qui\u00e9n entraba, qui\u00e9n sal\u00eda, d\u00f3nde estaba el almac\u00e9n\u2026 Llegaron sin orden policial y entraron de forma sucia, estropeando el sistema de c\u00e1maras de la entrada mientras se hac\u00edan pasar por socios\u201d, relata el activista.&nbsp;<strong>\u201cVen\u00edan a fastidiar, por pura venganza por el archivo del caso<\/strong>. Ya nos conoc\u00edan,&nbsp;<strong>me detuvo el mismo polic\u00eda que la primera vez<\/strong>\u201d.<\/em><\/p>\n\n\n\n<h3 class=\"wp-block-heading\"><strong>El proceso judicial<\/strong><\/h3>\n\n\n\n<p>Barriuso narra el proceso judicial que sigui\u00f3 a aquello con amargura<em>. \u201cLo m\u00e1s destacable fue lo largo, caro y desesperante que es encontrarte en manos de la justicia\u201d.<\/em><\/p>\n\n\n\n<p>Describe el proceso judicial como&nbsp;<em>\u201cprevisible\u201d,<\/em>&nbsp;pues la Audiencia Provincial reconoci\u00f3 las evidencias en el caso, que se trataba de una asociaci\u00f3n real, privada, sin \u00e1nimo de lucro y que solo dispensaba a socios y socias en un circuito cerrado.&nbsp;<em>\u201cDurante el proceso, tanto el Gobierno como la Fiscal\u00eda General se empe\u00f1aron en criminalizar el movimiento, incluso llegando a distribuir una instrucci\u00f3n por la cual a las Asociaciones Cann\u00e1bicas hab\u00eda que acusarlas y juzgarlas por \u2018organizaci\u00f3n criminal\u2019, lo que implica unas penas superiores a cinco a\u00f1os de c\u00e1rcel. Esto es porque el Tribunal Supremo ten\u00eda ganas de influir en el asunto, pero no pod\u00eda desde su posici\u00f3n. Con la acusaci\u00f3n de \u201corganizaci\u00f3n criminal\u201d pasa de la Audiencia Provincial a la Nacional y de ah\u00ed al Supremo\u201d,<\/em>&nbsp;explica Barriuso.<\/p>\n\n\n\n<p>\u201c<em><strong>El Supremo no nos conden\u00f3 a la c\u00e1rcel, pero si a la ruina econ\u00f3mica con una multa de 800.000 euros, fianza de 1 mill\u00f3n&#8230; Me esperaba un susto tremendo, pero no la c\u00e1rcel. Quer\u00edan dar ejemplo<\/strong><\/em><em>\u201d.<\/em>&nbsp;Por suerte, el Tribunal Constitucional absolvi\u00f3 a los acusados dada la notable vulneraci\u00f3n de derechos que fueron dados durante el caso.&nbsp;<em>\u201cQuiero decir que tanto M\u00aa Jos\u00e9 Carrera como todo el&nbsp;<\/em><a href=\"https:\/\/brotsanbert.com\/\"><em>equipo de Brot<\/em><em>s<\/em><em>an<\/em><em>b<\/em><em>ert<\/em><\/a><em>&nbsp;se portaron de maravilla con nosotros, apoy\u00e1ndonos, currando muchas veces a cambio de casi nada. Estamos muy agradecidos\u201d,<\/em>&nbsp;comenta.<\/p>\n\n\n\n<p>A su experiencia&nbsp;<strong>como representante&nbsp;<\/strong><a href=\"https:\/\/confac.org\/\">de la CONFAC<\/a>&nbsp;se refiere como&nbsp;<em>\u201cmuy buena\u201d,&nbsp;<\/em>con un cambio en el pensamiento social sobre la percepci\u00f3n del&nbsp;cannabis, su posici\u00f3n del debate sobre la mesa, planteamientos alternativos en la organizaci\u00f3n de Clubes Sociales de Cannabis y asesoramiento.&nbsp;<em>\u201cLos cann\u00e1bicos somos gente poco dada a organizarse asociativamente. Creo que podr\u00edamos haber hecho m\u00e1s si hubi\u00e9ramos contado con m\u00e1s apoyo popular y pol\u00edtico. Pero lo recuerdo con cari\u00f1o y estoy orgulloso de aquella \u00e9poca\u201d,<\/em>&nbsp;declara.<\/p>\n\n\n\n<h3 class=\"wp-block-heading\"><strong>Licencias para cuatro, derechos para nadie<\/strong><\/h3>\n\n\n\n<p>En referencia a la<strong>&nbsp;actualidad del movimiento cann\u00e1bico<\/strong>, Mart\u00edn Barriuso explica:&nbsp;<em>\u201c<\/em><em>V<\/em><em>eo que el&nbsp;<\/em><em>c<\/em><em>annabis se ha normalizado mucho, sobre todo en ciertos tramos de edad, la gente m\u00e1s joven, que lo encuentran ya tan normal como el tabaco o el alcohol. Es cuesti\u00f3n de tiempo que se regularice, aunque es un momento en el que&nbsp;<\/em><em><strong>las autoridades han reprimido con dureza el asociacionismo cann\u00e1bico<\/strong><\/em><em>&nbsp;para dar lugar a un panorama desastroso. Han desaparecido muchas asociaciones, pues existe una&nbsp;<\/em><em><strong>intenci\u00f3n clara por parte del Estado para evitar planteamientos alternos y as\u00ed evitar la competencia con grandes empresas que s\u00ed consiguen las licencias para cultivar<\/strong><\/em><em>. As\u00ed solo se puede<\/em><em>n<\/em><em>&nbsp;conseguir regulaciones a gusto de los que mandan\u201d<\/em>&nbsp;asegura.&nbsp;<em>\u201cEstamos frente a una&nbsp;<\/em><em><strong>mercantilizaci\u00f3n tremenda, guiada por intereses econ\u00f3micos<\/strong><\/em><em>&nbsp;que pueden resultar leg\u00edtimos a peque\u00f1a escala, pero son factores de distorsi\u00f3n que afectan a la visi\u00f3n general\u201d<\/em>. Se\u00f1ala como&nbsp;<strong>gran problema los&nbsp;<\/strong><em><strong>\u201cfalsos clubes\u201d<\/strong><\/em>, empresas organizadas para ganar dinero sin principios que causan alarma social, actuando en detrimento del movimiento.&nbsp;<em>\u201cTambi\u00e9n se ve m\u00e1s dinero que viene de fuera pero no m\u00e1s normalizaci\u00f3n social por parte del Estado. Tampoco legislaci\u00f3n ni regulaci\u00f3n\u201d.<\/em><\/p>\n\n\n\n<h3 class=\"wp-block-heading\"><strong>Elecciones a la vista,&nbsp;<\/strong><strong>\u00bfdivisando la regulaci\u00f3n?<\/strong><\/h3>\n\n\n\n<p>Con las nuevas elecciones a la vista, Mart\u00edn Barriuso reconoce nuevas posibilidades, pero tilda a los pol\u00edticos espa\u00f1oles de&nbsp;<em>\u201cmediocres\u201d.<\/em>&nbsp;<em>\u201cDel&nbsp;<\/em><em><strong>Partido Popular<\/strong><\/em><em>&nbsp;no se espera nada, siempre han sido unos reaccionarios.&nbsp;<\/em><em><strong>Ciudadanos<\/strong><\/em><em>&nbsp;se declar\u00f3 antiprohibicionista, pero solo en apoyo al lobby farmace\u00fatico, promoviendo por parte de Francisco Igea una regulaci\u00f3n \u00fanica para el tema m\u00e9dico, dejando el recreativo de lado.&nbsp;<\/em><em><strong>Podemos<\/strong><\/em><em>&nbsp;ha estado mareando la perdiz con el&nbsp;<\/em><em>c<\/em><em>annabis, consider\u00e1ndolo un tema pol\u00e9mico y sin querer entrar de lleno en el debate. Llegan tarde con sus propuestas program\u00e1ticas. Se cargaron el 15M. Hay gente v\u00e1lida pero los dirigentes se han montado un chiringuito. El&nbsp;<\/em><em><strong>PSOE<\/strong><\/em><em>&nbsp;ha apoyado un modelo represivo sin contemplar alternativa. Son unos \u201ccagaos\u201d que&nbsp;<\/em><em>no se atreven a reconocer que sus bases ya tienen asumido el asunto del&nbsp;<\/em><em>c<\/em><em>annabis<\/em><em>. Solo tienen en cuenta a los del dinero\u201d.<\/em><\/p>\n\n\n\n<p>La situaci\u00f3n del cannabis alrededor del mundo sigue tendencias diferentes, seg\u00fan Barriuso.&nbsp;<em>\u201cExiste una inclinaci\u00f3n hacia la regulaci\u00f3n, al menos en Am\u00e9rica y Europa. Esa propensi\u00f3n cambia cuando nos adentramos en Asia. Muchos pa\u00edses se est\u00e1n acercando a una regulaci\u00f3n legal y equilibrada pero no hay que olvidar la importancia de un movimiento hecho para usuarios, no para clientes. Canad\u00e1 es un ejemplo importante, con luces y claros. Se comporta como un motor\u201d.<\/em><\/p>\n\n\n\n<p>En cuanto a nuestro pa\u00eds, Barriuso asegura que se encamina poco a poco hacia la legalizaci\u00f3n.&nbsp;<em>\u201c<\/em><em><strong>Es una tendencia social imparable, los pol\u00edticos lo saben. Pero, \u00bfcon qu\u00e9 fuerza cuentan los cann\u00e1bicos? Los representantes y las asociaciones est\u00e1n llegando con mucho esfuerzo, criminalizados y acusando cansancio. Y son voces necesarias, necesitamos mantenerlas y dar lugar a otras nuevas<\/strong><\/em><em>\u201d.<\/em><\/p>\n\n\n\n<p>\u201c<em><strong>Aqu\u00ed, el&nbsp;gobierno&nbsp;vasco ha dado la raz\u00f3n a los enfermos. Est\u00e1 muy condicionado con lo que pase en Espa\u00f1a. Sin reforma del c\u00f3digo penal y la derogaci\u00f3n de la Ley Mordaza no se puede hacer mucho, no depende de Euskadi<\/strong>. Adem\u00e1s, casi no hay tejido asociativo, se han cargado&nbsp;<a href=\"http:\/\/www.cannabis.es\/pw\/2019\/09\/04\/golpes-policiales-a-asociaciones-en-zaragoza\/\">a muchas asociaciones<\/a>&nbsp;este verano. Las que quedan, creo que prefieren pasar desapercibidas, no abrir la boca\u201d.<\/em><\/p>\n\n\n\n<p><a href=\"https:\/\/dialnet.unirioja.es\/servlet\/autor?codigo=1195165\">Mart\u00edn Barriuso se<\/a>&nbsp;despide diciendo que, aunque ha dejado la primera l\u00ednea pol\u00edtica, sigue estando disponible para la militancia.&nbsp;<em>\u201cSigo siendo cann\u00e1bico, dejo la actividad representativa, pero sigo yendo donde me llaman. Quiero seguir echando una mano donde pueda. Hay que ayudar en lo que se pueda para que esto cambie\u201d.<\/em><\/p>\n","protected":false},"excerpt":{"rendered":"<span class=\"span-reading-time rt-reading-time\" style=\"display: block;\"><span class=\"rt-label rt-prefix\">Tiempo de lectura:<\/span> <span class=\"rt-time\"> 5<\/span> <span class=\"rt-label rt-postfix\">minutos<\/span><\/span>Benito D\u00edaz \u201cEl primer recuerdo que tengo del&nbsp;cannabis puede ser alg\u00fan porro de mis amigos del barrio, cuando era adolescente. No fumaba, ten\u00eda 14 a\u00f1os en 1979, en el barrio de Recalde de Bilbao. Una barriada obrera con elevadas tasas de paro y muy golpeado por la hero\u00edna. Una zona pobre de Bilbao\u201d. Mart\u00edn Barriuso [&hellip;]","protected":false},"author":1,"featured_media":1921,"comment_status":"closed","ping_status":"closed","sticky":false,"template":"","format":"standard","meta":{"loftocean-featured-post":"","loftocean_post_format_gallery":"","loftocean_post_format_gallery_ids":"","loftocean_post_format_gallery_urls":"","loftocean_post_format_video_id":"","loftocean_post_format_video_url":"","loftocean_post_format_video_type":"","loftocean_post_format_video":"","loftocean_post_format_audio_type":"","loftocean_post_format_audio_url":"","loftocean_post_format_audio_id":"","loftocean_post_format_audio":"","loftocean_post_format_quote_text":"","loftocean_post_format_quote_byline":"","loftocean_post_format_link_text":"","loftocean_post_format_link_url":"","ceramag_post_header_style":"","ceramag_enable_background_video":"","ceramag_show_in_top_slider":"","ceramag_post_background_video_start":"","ceramag_post_background_video_end":"","loftocean_page_background_video_id":"","loftocean_page_background_video_url":"","loftocean_page_background_video_type":"","loftocean_page_background_video":"","ceramag_background_video_start":"","ceramag_background_video_end":"","ceramag_single_page_hide_header":"","footnotes":""},"categories":[35],"tags":[528,43,653,398,716,718,717],"class_list":["post-1920","post","type-post","status-publish","format-standard","has-post-thumbnail","hentry","category-politica-y-sociedad","tag-asociacion-cannabica","tag-benito-diaz","tag-confederacion-de-federaciones-y-asociaciones-cannabicas","tag-csc","tag-entrevista","tag-martin-barriuso","tag-pannagh"],"yoast_head":"<!-- This site is optimized with the Yoast SEO plugin v24.9 - https:\/\/yoast.com\/wordpress\/plugins\/seo\/ -->\n<title>Mart\u00edn Barriuso: \u201cLas propuestas de regulaci\u00f3n del cannabis ya no suenan marcianas\u201d<\/title>\n<meta name=\"description\" content=\"Entrada &#8226; Portal multimedia sobre cannabis y otras sustancias &#8226; 4 octubre, 2019\" \/>\n<meta name=\"robots\" content=\"index, follow, max-snippet:-1, max-image-preview:large, max-video-preview:-1\" \/>\n<link rel=\"canonical\" href=\"https:\/\/www.cannabis.es\/pw\/2019\/10\/04\/martin-barriuso-las-propuestas-de-regulacion-del-cannabis-ya-no-suenan-marcianas\/\" \/>\n<meta name=\"twitter:card\" content=\"summary_large_image\" \/>\n<meta name=\"twitter:title\" content=\"Mart\u00edn Barriuso: \u201cLas propuestas de regulaci\u00f3n del cannabis ya no suenan marcianas\u201d\" \/>\n<meta name=\"twitter:description\" content=\"Entrada &#8226; Portal multimedia sobre cannabis y otras sustancias &#8226; 4 octubre, 2019\" \/>\n<meta name=\"twitter:image\" content=\"https:\/\/www.cannabis.es\/pw\/wp-content\/uploads\/2020\/05\/martinbarriusojuicio.png\" \/>\n<meta name=\"twitter:creator\" content=\"@cannabis_es\" \/>\n<meta name=\"twitter:site\" content=\"@cannabis_es\" \/>\n<meta name=\"twitter:label1\" content=\"Escrito por\" \/>\n\t<meta name=\"twitter:data1\" content=\"Cannabis.es\" \/>\n\t<meta name=\"twitter:label2\" content=\"Tiempo de lectura\" \/>\n\t<meta name=\"twitter:data2\" content=\"8 minutos\" \/>\n<script type=\"application\/ld+json\" class=\"yoast-schema-graph\">{\"@context\":\"https:\/\/schema.org\",\"@graph\":[{\"@type\":\"Article\",\"@id\":\"https:\/\/www.cannabis.es\/pw\/2019\/10\/04\/martin-barriuso-las-propuestas-de-regulacion-del-cannabis-ya-no-suenan-marcianas\/#article\",\"isPartOf\":{\"@id\":\"https:\/\/www.cannabis.es\/pw\/2019\/10\/04\/martin-barriuso-las-propuestas-de-regulacion-del-cannabis-ya-no-suenan-marcianas\/\"},\"author\":{\"name\":\"Cannabis.es\",\"@id\":\"https:\/\/www.cannabis.es\/pw\/#\/schema\/person\/e2fbd204580cf4fe74c79b82bc447374\"},\"headline\":\"Mart\u00edn Barriuso: \u201cLas propuestas de regulaci\u00f3n del cannabis ya no suenan marcianas\u201d\",\"datePublished\":\"2019-10-04T12:24:11+00:00\",\"dateModified\":\"2020-07-23T11:54:02+00:00\",\"mainEntityOfPage\":{\"@id\":\"https:\/\/www.cannabis.es\/pw\/2019\/10\/04\/martin-barriuso-las-propuestas-de-regulacion-del-cannabis-ya-no-suenan-marcianas\/\"},\"wordCount\":1619,\"publisher\":{\"@id\":\"https:\/\/www.cannabis.es\/pw\/#organization\"},\"image\":{\"@id\":\"https:\/\/www.cannabis.es\/pw\/2019\/10\/04\/martin-barriuso-las-propuestas-de-regulacion-del-cannabis-ya-no-suenan-marcianas\/#primaryimage\"},\"thumbnailUrl\":\"https:\/\/www.cannabis.es\/pw\/wp-content\/uploads\/2020\/05\/martinbarriusojuicio.png\",\"keywords\":[\"asociaci\u00f3n cann\u00e1bica\",\"Benito D\u00edaz\",\"Confederaci\u00f3n de Federaciones y Asociaciones Cann\u00e1bicas\",\"CSC\",\"entrevista\",\"Mart\u00edn Barriuso\",\"pannagh\"],\"articleSection\":[\"Pol\u00edtica y Sociedad\"],\"inLanguage\":\"es\"},{\"@type\":\"WebPage\",\"@id\":\"https:\/\/www.cannabis.es\/pw\/2019\/10\/04\/martin-barriuso-las-propuestas-de-regulacion-del-cannabis-ya-no-suenan-marcianas\/\",\"url\":\"https:\/\/www.cannabis.es\/pw\/2019\/10\/04\/martin-barriuso-las-propuestas-de-regulacion-del-cannabis-ya-no-suenan-marcianas\/\",\"name\":\"Mart\u00edn Barriuso: \u201cLas propuestas de regulaci\u00f3n del cannabis ya no suenan marcianas\u201d\",\"isPartOf\":{\"@id\":\"https:\/\/www.cannabis.es\/pw\/#website\"},\"primaryImageOfPage\":{\"@id\":\"https:\/\/www.cannabis.es\/pw\/2019\/10\/04\/martin-barriuso-las-propuestas-de-regulacion-del-cannabis-ya-no-suenan-marcianas\/#primaryimage\"},\"image\":{\"@id\":\"https:\/\/www.cannabis.es\/pw\/2019\/10\/04\/martin-barriuso-las-propuestas-de-regulacion-del-cannabis-ya-no-suenan-marcianas\/#primaryimage\"},\"thumbnailUrl\":\"https:\/\/www.cannabis.es\/pw\/wp-content\/uploads\/2020\/05\/martinbarriusojuicio.png\",\"datePublished\":\"2019-10-04T12:24:11+00:00\",\"dateModified\":\"2020-07-23T11:54:02+00:00\",\"description\":\"Entrada &#8226; Portal multimedia sobre cannabis y otras sustancias &#8226; 4 octubre, 2019\",\"breadcrumb\":{\"@id\":\"https:\/\/www.cannabis.es\/pw\/2019\/10\/04\/martin-barriuso-las-propuestas-de-regulacion-del-cannabis-ya-no-suenan-marcianas\/#breadcrumb\"},\"inLanguage\":\"es\",\"potentialAction\":[{\"@type\":\"ReadAction\",\"target\":[\"https:\/\/www.cannabis.es\/pw\/2019\/10\/04\/martin-barriuso-las-propuestas-de-regulacion-del-cannabis-ya-no-suenan-marcianas\/\"]}]},{\"@type\":\"ImageObject\",\"inLanguage\":\"es\",\"@id\":\"https:\/\/www.cannabis.es\/pw\/2019\/10\/04\/martin-barriuso-las-propuestas-de-regulacion-del-cannabis-ya-no-suenan-marcianas\/#primaryimage\",\"url\":\"https:\/\/www.cannabis.es\/pw\/wp-content\/uploads\/2020\/05\/martinbarriusojuicio.png\",\"contentUrl\":\"https:\/\/www.cannabis.es\/pw\/wp-content\/uploads\/2020\/05\/martinbarriusojuicio.png\",\"width\":959,\"height\":475},{\"@type\":\"BreadcrumbList\",\"@id\":\"https:\/\/www.cannabis.es\/pw\/2019\/10\/04\/martin-barriuso-las-propuestas-de-regulacion-del-cannabis-ya-no-suenan-marcianas\/#breadcrumb\",\"itemListElement\":[{\"@type\":\"ListItem\",\"position\":1,\"name\":\"Portada\",\"item\":\"http:\/\/www.cannabis.es\/pw\/\"},{\"@type\":\"ListItem\",\"position\":2,\"name\":\"Mart\u00edn Barriuso: \u201cLas propuestas de regulaci\u00f3n del cannabis ya no suenan marcianas\u201d\"}]},{\"@type\":\"WebSite\",\"@id\":\"https:\/\/www.cannabis.es\/pw\/#website\",\"url\":\"https:\/\/www.cannabis.es\/pw\/\",\"name\":\"Cannabis\",\"description\":\"Portal multimedia sobre cannabis y otras sustancias\",\"publisher\":{\"@id\":\"https:\/\/www.cannabis.es\/pw\/#organization\"},\"potentialAction\":[{\"@type\":\"SearchAction\",\"target\":{\"@type\":\"EntryPoint\",\"urlTemplate\":\"https:\/\/www.cannabis.es\/pw\/?s={search_term_string}\"},\"query-input\":{\"@type\":\"PropertyValueSpecification\",\"valueRequired\":true,\"valueName\":\"search_term_string\"}}],\"inLanguage\":\"es\"},{\"@type\":\"Organization\",\"@id\":\"https:\/\/www.cannabis.es\/pw\/#organization\",\"name\":\"Cannabis.es\",\"url\":\"https:\/\/www.cannabis.es\/pw\/\",\"logo\":{\"@type\":\"ImageObject\",\"inLanguage\":\"es\",\"@id\":\"https:\/\/www.cannabis.es\/pw\/#\/schema\/logo\/image\/\",\"url\":\"https:\/\/www.cannabis.es\/pw\/wp-content\/uploads\/2019\/04\/cropped-logo_cannabis.png\",\"contentUrl\":\"https:\/\/www.cannabis.es\/pw\/wp-content\/uploads\/2019\/04\/cropped-logo_cannabis.png\",\"width\":361,\"height\":120,\"caption\":\"Cannabis.es\"},\"image\":{\"@id\":\"https:\/\/www.cannabis.es\/pw\/#\/schema\/logo\/image\/\"},\"sameAs\":[\"https:\/\/x.com\/cannabis_es\"]},{\"@type\":\"Person\",\"@id\":\"https:\/\/www.cannabis.es\/pw\/#\/schema\/person\/e2fbd204580cf4fe74c79b82bc447374\",\"name\":\"Cannabis.es\",\"image\":{\"@type\":\"ImageObject\",\"inLanguage\":\"es\",\"@id\":\"https:\/\/www.cannabis.es\/pw\/#\/schema\/person\/image\/\",\"url\":\"https:\/\/secure.gravatar.com\/avatar\/4375b1eb6e272e2e48a4b8a8def52e5f208151f555bb5906da616906ee6dd2e8?s=96&d=mm&r=g\",\"contentUrl\":\"https:\/\/secure.gravatar.com\/avatar\/4375b1eb6e272e2e48a4b8a8def52e5f208151f555bb5906da616906ee6dd2e8?s=96&d=mm&r=g\",\"caption\":\"Cannabis.es\"},\"url\":\"https:\/\/www.cannabis.es\/pw\/author\/cannabis\/\"}]}<\/script>\n<!-- \/ Yoast SEO plugin. -->","yoast_head_json":{"title":"Mart\u00edn Barriuso: \u201cLas propuestas de regulaci\u00f3n del cannabis ya no suenan marcianas\u201d","description":"Entrada &#8226; Portal multimedia sobre cannabis y otras sustancias &#8226; 4 octubre, 2019","robots":{"index":"index","follow":"follow","max-snippet":"max-snippet:-1","max-image-preview":"max-image-preview:large","max-video-preview":"max-video-preview:-1"},"canonical":"https:\/\/www.cannabis.es\/pw\/2019\/10\/04\/martin-barriuso-las-propuestas-de-regulacion-del-cannabis-ya-no-suenan-marcianas\/","twitter_card":"summary_large_image","twitter_title":"Mart\u00edn Barriuso: \u201cLas propuestas de regulaci\u00f3n del cannabis ya no suenan marcianas\u201d","twitter_description":"Entrada &#8226; Portal multimedia sobre cannabis y otras sustancias &#8226; 4 octubre, 2019","twitter_image":"https:\/\/www.cannabis.es\/pw\/wp-content\/uploads\/2020\/05\/martinbarriusojuicio.png","twitter_creator":"@cannabis_es","twitter_site":"@cannabis_es","twitter_misc":{"Escrito por":"Cannabis.es","Tiempo de lectura":"8 minutos"},"schema":{"@context":"https:\/\/schema.org","@graph":[{"@type":"Article","@id":"https:\/\/www.cannabis.es\/pw\/2019\/10\/04\/martin-barriuso-las-propuestas-de-regulacion-del-cannabis-ya-no-suenan-marcianas\/#article","isPartOf":{"@id":"https:\/\/www.cannabis.es\/pw\/2019\/10\/04\/martin-barriuso-las-propuestas-de-regulacion-del-cannabis-ya-no-suenan-marcianas\/"},"author":{"name":"Cannabis.es","@id":"https:\/\/www.cannabis.es\/pw\/#\/schema\/person\/e2fbd204580cf4fe74c79b82bc447374"},"headline":"Mart\u00edn Barriuso: \u201cLas propuestas de regulaci\u00f3n del cannabis ya no suenan marcianas\u201d","datePublished":"2019-10-04T12:24:11+00:00","dateModified":"2020-07-23T11:54:02+00:00","mainEntityOfPage":{"@id":"https:\/\/www.cannabis.es\/pw\/2019\/10\/04\/martin-barriuso-las-propuestas-de-regulacion-del-cannabis-ya-no-suenan-marcianas\/"},"wordCount":1619,"publisher":{"@id":"https:\/\/www.cannabis.es\/pw\/#organization"},"image":{"@id":"https:\/\/www.cannabis.es\/pw\/2019\/10\/04\/martin-barriuso-las-propuestas-de-regulacion-del-cannabis-ya-no-suenan-marcianas\/#primaryimage"},"thumbnailUrl":"https:\/\/www.cannabis.es\/pw\/wp-content\/uploads\/2020\/05\/martinbarriusojuicio.png","keywords":["asociaci\u00f3n cann\u00e1bica","Benito D\u00edaz","Confederaci\u00f3n de Federaciones y Asociaciones Cann\u00e1bicas","CSC","entrevista","Mart\u00edn Barriuso","pannagh"],"articleSection":["Pol\u00edtica y Sociedad"],"inLanguage":"es"},{"@type":"WebPage","@id":"https:\/\/www.cannabis.es\/pw\/2019\/10\/04\/martin-barriuso-las-propuestas-de-regulacion-del-cannabis-ya-no-suenan-marcianas\/","url":"https:\/\/www.cannabis.es\/pw\/2019\/10\/04\/martin-barriuso-las-propuestas-de-regulacion-del-cannabis-ya-no-suenan-marcianas\/","name":"Mart\u00edn Barriuso: \u201cLas propuestas de regulaci\u00f3n del cannabis ya no suenan marcianas\u201d","isPartOf":{"@id":"https:\/\/www.cannabis.es\/pw\/#website"},"primaryImageOfPage":{"@id":"https:\/\/www.cannabis.es\/pw\/2019\/10\/04\/martin-barriuso-las-propuestas-de-regulacion-del-cannabis-ya-no-suenan-marcianas\/#primaryimage"},"image":{"@id":"https:\/\/www.cannabis.es\/pw\/2019\/10\/04\/martin-barriuso-las-propuestas-de-regulacion-del-cannabis-ya-no-suenan-marcianas\/#primaryimage"},"thumbnailUrl":"https:\/\/www.cannabis.es\/pw\/wp-content\/uploads\/2020\/05\/martinbarriusojuicio.png","datePublished":"2019-10-04T12:24:11+00:00","dateModified":"2020-07-23T11:54:02+00:00","description":"Entrada &#8226; Portal multimedia sobre cannabis y otras sustancias &#8226; 4 octubre, 2019","breadcrumb":{"@id":"https:\/\/www.cannabis.es\/pw\/2019\/10\/04\/martin-barriuso-las-propuestas-de-regulacion-del-cannabis-ya-no-suenan-marcianas\/#breadcrumb"},"inLanguage":"es","potentialAction":[{"@type":"ReadAction","target":["https:\/\/www.cannabis.es\/pw\/2019\/10\/04\/martin-barriuso-las-propuestas-de-regulacion-del-cannabis-ya-no-suenan-marcianas\/"]}]},{"@type":"ImageObject","inLanguage":"es","@id":"https:\/\/www.cannabis.es\/pw\/2019\/10\/04\/martin-barriuso-las-propuestas-de-regulacion-del-cannabis-ya-no-suenan-marcianas\/#primaryimage","url":"https:\/\/www.cannabis.es\/pw\/wp-content\/uploads\/2020\/05\/martinbarriusojuicio.png","contentUrl":"https:\/\/www.cannabis.es\/pw\/wp-content\/uploads\/2020\/05\/martinbarriusojuicio.png","width":959,"height":475},{"@type":"BreadcrumbList","@id":"https:\/\/www.cannabis.es\/pw\/2019\/10\/04\/martin-barriuso-las-propuestas-de-regulacion-del-cannabis-ya-no-suenan-marcianas\/#breadcrumb","itemListElement":[{"@type":"ListItem","position":1,"name":"Portada","item":"http:\/\/www.cannabis.es\/pw\/"},{"@type":"ListItem","position":2,"name":"Mart\u00edn Barriuso: \u201cLas propuestas de regulaci\u00f3n del cannabis ya no suenan marcianas\u201d"}]},{"@type":"WebSite","@id":"https:\/\/www.cannabis.es\/pw\/#website","url":"https:\/\/www.cannabis.es\/pw\/","name":"Cannabis","description":"Portal multimedia sobre cannabis y otras sustancias","publisher":{"@id":"https:\/\/www.cannabis.es\/pw\/#organization"},"potentialAction":[{"@type":"SearchAction","target":{"@type":"EntryPoint","urlTemplate":"https:\/\/www.cannabis.es\/pw\/?s={search_term_string}"},"query-input":{"@type":"PropertyValueSpecification","valueRequired":true,"valueName":"search_term_string"}}],"inLanguage":"es"},{"@type":"Organization","@id":"https:\/\/www.cannabis.es\/pw\/#organization","name":"Cannabis.es","url":"https:\/\/www.cannabis.es\/pw\/","logo":{"@type":"ImageObject","inLanguage":"es","@id":"https:\/\/www.cannabis.es\/pw\/#\/schema\/logo\/image\/","url":"https:\/\/www.cannabis.es\/pw\/wp-content\/uploads\/2019\/04\/cropped-logo_cannabis.png","contentUrl":"https:\/\/www.cannabis.es\/pw\/wp-content\/uploads\/2019\/04\/cropped-logo_cannabis.png","width":361,"height":120,"caption":"Cannabis.es"},"image":{"@id":"https:\/\/www.cannabis.es\/pw\/#\/schema\/logo\/image\/"},"sameAs":["https:\/\/x.com\/cannabis_es"]},{"@type":"Person","@id":"https:\/\/www.cannabis.es\/pw\/#\/schema\/person\/e2fbd204580cf4fe74c79b82bc447374","name":"Cannabis.es","image":{"@type":"ImageObject","inLanguage":"es","@id":"https:\/\/www.cannabis.es\/pw\/#\/schema\/person\/image\/","url":"https:\/\/secure.gravatar.com\/avatar\/4375b1eb6e272e2e48a4b8a8def52e5f208151f555bb5906da616906ee6dd2e8?s=96&d=mm&r=g","contentUrl":"https:\/\/secure.gravatar.com\/avatar\/4375b1eb6e272e2e48a4b8a8def52e5f208151f555bb5906da616906ee6dd2e8?s=96&d=mm&r=g","caption":"Cannabis.es"},"url":"https:\/\/www.cannabis.es\/pw\/author\/cannabis\/"}]}},"_links":{"self":[{"href":"https:\/\/www.cannabis.es\/pw\/wp-json\/wp\/v2\/posts\/1920","targetHints":{"allow":["GET"]}}],"collection":[{"href":"https:\/\/www.cannabis.es\/pw\/wp-json\/wp\/v2\/posts"}],"about":[{"href":"https:\/\/www.cannabis.es\/pw\/wp-json\/wp\/v2\/types\/post"}],"author":[{"embeddable":true,"href":"https:\/\/www.cannabis.es\/pw\/wp-json\/wp\/v2\/users\/1"}],"replies":[{"embeddable":true,"href":"https:\/\/www.cannabis.es\/pw\/wp-json\/wp\/v2\/comments?post=1920"}],"version-history":[{"count":3,"href":"https:\/\/www.cannabis.es\/pw\/wp-json\/wp\/v2\/posts\/1920\/revisions"}],"predecessor-version":[{"id":5908,"href":"https:\/\/www.cannabis.es\/pw\/wp-json\/wp\/v2\/posts\/1920\/revisions\/5908"}],"wp:featuredmedia":[{"embeddable":true,"href":"https:\/\/www.cannabis.es\/pw\/wp-json\/wp\/v2\/media\/1921"}],"wp:attachment":[{"href":"https:\/\/www.cannabis.es\/pw\/wp-json\/wp\/v2\/media?parent=1920"}],"wp:term":[{"taxonomy":"category","embeddable":true,"href":"https:\/\/www.cannabis.es\/pw\/wp-json\/wp\/v2\/categories?post=1920"},{"taxonomy":"post_tag","embeddable":true,"href":"https:\/\/www.cannabis.es\/pw\/wp-json\/wp\/v2\/tags?post=1920"}],"curies":[{"name":"wp","href":"https:\/\/api.w.org\/{rel}","templated":true}]}}