{"id":1932,"date":"2019-09-23T14:37:28","date_gmt":"2019-09-23T12:37:28","guid":{"rendered":"http:\/\/www.cannabis.es\/pw\/?p=1932"},"modified":"2020-08-27T12:34:25","modified_gmt":"2020-08-27T10:34:25","slug":"una-weedkend-con-sabores-de-feria","status":"publish","type":"post","link":"https:\/\/www.cannabis.es\/pw\/2019\/09\/23\/una-weedkend-con-sabores-de-feria\/","title":{"rendered":"Una Weedkend con sabores de feria"},"content":{"rendered":"\n<p>Ram\u00f3n Souto<\/p>\n\n\n\n<p>Este a\u00f1o he decidido ir a la <em>Weedkend<\/em>&nbsp;a echar una mano en el stand de un gran amigo m\u00edo. All\u00ed, en Gij\u00f3n, nos pudimos tomar una coca cola tranquilos mientras degust\u00e1bamos una Zombie Kush. Se pod\u00edan ver diversos stands de bancos de semillas, fertilizantes, sustratos, growshops, marcas de ropa\u2026 y, al compartir el evento con el California Dream Festival, hab\u00eda una zona dedicada a agricultura y productos ecol\u00f3gicos. Artesan\u00eda, tattoo, graffiti, conferencias, espacio de ocio\u2026 Incluso en uno de los stands hab\u00eda un despacho de abogados a los que pod\u00edas realizar preguntas por si ten\u00edas dudas sobre tus derechos como consumidor y cultivador.<\/p>\n\n\n\n<hr class=\"wp-block-separator\"\/>\n\n\n\n<p>Los expositores, adem\u00e1s, degustamos tres platos de los cocineros Javi Prieto, Luis Menendez y Andr\u00e9s Ortega, por orden de menci\u00f3n. El primero era un bonito marinado en kimchee con hueva de salm\u00f3n salvaje, crema de san sim\u00f3n ahumado (con ros\u00edn), flor de ajo y micromezclum. El segundo era un mel\u00f3n osmotizado con pollo escabechado y humus de faba al masala. El tercer y \u00faltimo plato present\u00f3 un chipir\u00f3n relleno de carrillera ib\u00e9rica con su salsa.<\/p>\n\n\n\n<p>Durante el s\u00e1bado explicamos el funcionamiento de m\u00e1quinas de rosin o lavadoras para realizar iceolator. Tambi\u00e9n asistimos a las ventas m\u00e1s comunes de las ferias: grinders, papeles, piezas de pipas, etc. Adem\u00e1s, pudimos disfrutar de los conciertos de Jahki Revi, E&gt;rin (Comando Katana), PutoLargo, Kulto Kultibo, Raspsusklei y Maislume Kolektive, mientras que el domingo escuchamos a Jettison, Mota Blues, Chata Flores, Garolo, Shotta, DirtyPorko y Crie 930.<\/p>\n\n\n\n<p>El Domingo dieron los&nbsp;<strong>resultados de la copa<\/strong>&nbsp;en las diferentes categor\u00edas.<\/p>\n\n\n\n<h3 class=\"wp-block-heading\"><strong>HASH<\/strong><\/h3>\n\n\n\n<p>1\u00ba LIU EXTRACTS (Exodus Cheese)<\/p>\n\n\n\n<p>2\u00ba IS\u00d3MEROS ASO. (Barbara Bud)<\/p>\n\n\n\n<p>3\u00ba MR. HIDE (Mr. Gorilla Cream)<\/p>\n\n\n\n<h3 class=\"wp-block-heading\"><strong>ROSIN<\/strong><\/h3>\n\n\n\n<p>1\u00ba COPI EUSKNNABIS (Ghost Train Haze)<\/p>\n\n\n\n<p>2\u00ba LIFE GUADALAJARA ASO. (Dead Cheese)<\/p>\n\n\n\n<p>3\u00ba EL CLUB VERDE (Purple Punch)<\/p>\n\n\n\n<h3 class=\"wp-block-heading\"><strong>BHO (Butane Hash Oil)<\/strong><\/h3>\n\n\n\n<p>1\u00ba RS. XTRACCTOR (Gelatto 33)<\/p>\n\n\n\n<p>2\u00ba LA VILLA DEL PINGUI (Papaya Crumble)<\/p>\n\n\n\n<p>3\u00ba RUB\u00c9N TERRA GROWSHOP (Mendocino Channel Kush)<\/p>\n\n\n\n<h3 class=\"wp-block-heading\"><strong>INTERIOR AMATEUR<\/strong><\/h3>\n\n\n\n<p>1\u00ba CASA TIREL (Sorbeto)<\/p>\n\n\n\n<p>2\u00ba BOLERA BESAYA ASO. (Amnesia Haze)<\/p>\n\n\n\n<p>3\u00ba ACECA ASO. (Cherry Punch)<\/p>\n\n\n\n<h3 class=\"wp-block-heading\"><strong>INTERIOR PROFESIONAL<\/strong><\/h3>\n\n\n\n<p>1\u00ba GREEN HOUSE SEEDS (Pure Kush)<\/p>\n\n\n\n<p>2\u00ba ALTOS JARDIN (Mochi)<\/p>\n\n\n\n<p>3\u00ba JARD\u00cdN URBANO (GG#4)<br><\/p>\n\n\n\n<h3 class=\"wp-block-heading\"><strong>EXTERIOR<\/strong><\/h3>\n\n\n\n<p>1\u00ba PILOTO 28 (JOSE M.\u00aa H.) (Swap OG)<\/p>\n\n\n\n<p>2\u00ba AITOR EUSKANNABIS (Gorilla Lemonade)<\/p>\n\n\n\n<p>3\u00ba FACTOR VERDE (Lavender)<\/p>\n\n\n\n<p>Desde cannabis.es y cultivaunaidea.com le damos la enhorabuena a todos los participantes, pero en especial a todos los ganadores.<\/p>\n\n\n\n<p>La gente que asiste por primera vez a un evento como este, debe pensar que esto no es una feria cann\u00e1bica como las&nbsp;<em>Spannabis<\/em>&nbsp;o&nbsp;<em>Expogrow<\/em>. Sin embargo, para pasar un buen rato con los amigos y poder charlar tranquilos es mejor acudir a los peque\u00f1os \/ medianos eventos como la WeedKend o la Milflores de Galicia.<\/p>\n\n\n\n<p>Lo que creo que es que deber\u00eda plantearse alguna alternativa a realizarlo en la feria de muestras, pues hubo registros de bolsos en las entradas y salidas, polic\u00edas secretas entre los asistentes, etc. Estos peque\u00f1os detalles deber\u00e1n ser solventados en futuras ediciones. Me despido hasta el pr\u00f3ximo art\u00edculo, os deseo los mejores humos y que juntos sigamos cultivando gr<\/p>\n","protected":false},"excerpt":{"rendered":"<span class=\"span-reading-time rt-reading-time\" style=\"display: block;\"><span class=\"rt-label rt-prefix\">Tiempo de lectura:<\/span> <span class=\"rt-time\"> 2<\/span> <span class=\"rt-label rt-postfix\">minutos<\/span><\/span>Ram\u00f3n Souto Este a\u00f1o he decidido ir a la Weedkend&nbsp;a echar una mano en el stand de un gran amigo m\u00edo. All\u00ed, en Gij\u00f3n, nos pudimos tomar una coca cola tranquilos mientras degust\u00e1bamos una Zombie Kush. Se pod\u00edan ver diversos stands de bancos de semillas, fertilizantes, sustratos, growshops, marcas de ropa\u2026 y, al compartir el [&hellip;]","protected":false},"author":1,"featured_media":1933,"comment_status":"closed","ping_status":"closed","sticky":false,"template":"","format":"standard","meta":{"loftocean-featured-post":"","loftocean_post_format_gallery":"","loftocean_post_format_gallery_ids":"","loftocean_post_format_gallery_urls":"","loftocean_post_format_video_id":"","loftocean_post_format_video_url":"","loftocean_post_format_video_type":"","loftocean_post_format_video":"","loftocean_post_format_audio_type":"","loftocean_post_format_audio_url":"","loftocean_post_format_audio_id":"","loftocean_post_format_audio":"","loftocean_post_format_quote_text":"","loftocean_post_format_quote_byline":"","loftocean_post_format_link_text":"","loftocean_post_format_link_url":"","ceramag_post_header_style":"","ceramag_enable_background_video":"","ceramag_show_in_top_slider":"","ceramag_post_background_video_start":"","ceramag_post_background_video_end":"","loftocean_page_background_video_id":"","loftocean_page_background_video_url":"","loftocean_page_background_video_type":"","loftocean_page_background_video":"","ceramag_background_video_start":"","ceramag_background_video_end":"","ceramag_single_page_hide_header":"","footnotes":""},"categories":[35],"tags":[41,409,724,40,68],"class_list":["post-1932","post","type-post","status-publish","format-standard","has-post-thumbnail","hentry","category-politica-y-sociedad","tag-cannabis","tag-feria","tag-feria-cannabica-espana","tag-marihuana","tag-ramon-souto"],"yoast_head":"<!-- This site is optimized with the Yoast SEO plugin v24.9 - https:\/\/yoast.com\/wordpress\/plugins\/seo\/ -->\n<title>Una Weedkend con sabores de feria<\/title>\n<meta name=\"description\" content=\"Entrada &#8226; Portal multimedia sobre cannabis y otras sustancias &#8226; 23 septiembre, 2019\" \/>\n<meta name=\"robots\" content=\"index, follow, max-snippet:-1, max-image-preview:large, max-video-preview:-1\" \/>\n<link rel=\"canonical\" href=\"https:\/\/www.cannabis.es\/pw\/2019\/09\/23\/una-weedkend-con-sabores-de-feria\/\" \/>\n<meta name=\"twitter:card\" content=\"summary_large_image\" \/>\n<meta name=\"twitter:title\" content=\"Una Weedkend con sabores de feria\" \/>\n<meta name=\"twitter:description\" content=\"Entrada &#8226; Portal multimedia sobre cannabis y otras sustancias &#8226; 23 septiembre, 2019\" \/>\n<meta name=\"twitter:image\" content=\"https:\/\/www.cannabis.es\/pw\/wp-content\/uploads\/2020\/05\/weekend.jpg\" \/>\n<meta name=\"twitter:creator\" content=\"@cannabis_es\" \/>\n<meta name=\"twitter:site\" content=\"@cannabis_es\" \/>\n<meta name=\"twitter:label1\" content=\"Escrito por\" \/>\n\t<meta name=\"twitter:data1\" content=\"Cannabis.es\" \/>\n\t<meta name=\"twitter:label2\" content=\"Tiempo de lectura\" \/>\n\t<meta name=\"twitter:data2\" content=\"3 minutos\" \/>\n<script type=\"application\/ld+json\" class=\"yoast-schema-graph\">{\"@context\":\"https:\/\/schema.org\",\"@graph\":[{\"@type\":\"Article\",\"@id\":\"https:\/\/www.cannabis.es\/pw\/2019\/09\/23\/una-weedkend-con-sabores-de-feria\/#article\",\"isPartOf\":{\"@id\":\"https:\/\/www.cannabis.es\/pw\/2019\/09\/23\/una-weedkend-con-sabores-de-feria\/\"},\"author\":{\"name\":\"Cannabis.es\",\"@id\":\"https:\/\/www.cannabis.es\/pw\/#\/schema\/person\/e2fbd204580cf4fe74c79b82bc447374\"},\"headline\":\"Una Weedkend con sabores de feria\",\"datePublished\":\"2019-09-23T12:37:28+00:00\",\"dateModified\":\"2020-08-27T10:34:25+00:00\",\"mainEntityOfPage\":{\"@id\":\"https:\/\/www.cannabis.es\/pw\/2019\/09\/23\/una-weedkend-con-sabores-de-feria\/\"},\"wordCount\":537,\"publisher\":{\"@id\":\"https:\/\/www.cannabis.es\/pw\/#organization\"},\"image\":{\"@id\":\"https:\/\/www.cannabis.es\/pw\/2019\/09\/23\/una-weedkend-con-sabores-de-feria\/#primaryimage\"},\"thumbnailUrl\":\"https:\/\/www.cannabis.es\/pw\/wp-content\/uploads\/2020\/05\/weekend.jpg\",\"keywords\":[\"cannabis\",\"feria\",\"Feria Cann\u00e1bica Espa\u00f1a\",\"marihuana\",\"Ram\u00f3n Souto\"],\"articleSection\":[\"Pol\u00edtica y Sociedad\"],\"inLanguage\":\"es\"},{\"@type\":\"WebPage\",\"@id\":\"https:\/\/www.cannabis.es\/pw\/2019\/09\/23\/una-weedkend-con-sabores-de-feria\/\",\"url\":\"https:\/\/www.cannabis.es\/pw\/2019\/09\/23\/una-weedkend-con-sabores-de-feria\/\",\"name\":\"Una Weedkend con sabores de feria\",\"isPartOf\":{\"@id\":\"https:\/\/www.cannabis.es\/pw\/#website\"},\"primaryImageOfPage\":{\"@id\":\"https:\/\/www.cannabis.es\/pw\/2019\/09\/23\/una-weedkend-con-sabores-de-feria\/#primaryimage\"},\"image\":{\"@id\":\"https:\/\/www.cannabis.es\/pw\/2019\/09\/23\/una-weedkend-con-sabores-de-feria\/#primaryimage\"},\"thumbnailUrl\":\"https:\/\/www.cannabis.es\/pw\/wp-content\/uploads\/2020\/05\/weekend.jpg\",\"datePublished\":\"2019-09-23T12:37:28+00:00\",\"dateModified\":\"2020-08-27T10:34:25+00:00\",\"description\":\"Entrada &#8226; Portal multimedia sobre cannabis y otras sustancias &#8226; 23 septiembre, 2019\",\"breadcrumb\":{\"@id\":\"https:\/\/www.cannabis.es\/pw\/2019\/09\/23\/una-weedkend-con-sabores-de-feria\/#breadcrumb\"},\"inLanguage\":\"es\",\"potentialAction\":[{\"@type\":\"ReadAction\",\"target\":[\"https:\/\/www.cannabis.es\/pw\/2019\/09\/23\/una-weedkend-con-sabores-de-feria\/\"]}]},{\"@type\":\"ImageObject\",\"inLanguage\":\"es\",\"@id\":\"https:\/\/www.cannabis.es\/pw\/2019\/09\/23\/una-weedkend-con-sabores-de-feria\/#primaryimage\",\"url\":\"https:\/\/www.cannabis.es\/pw\/wp-content\/uploads\/2020\/05\/weekend.jpg\",\"contentUrl\":\"https:\/\/www.cannabis.es\/pw\/wp-content\/uploads\/2020\/05\/weekend.jpg\",\"width\":959,\"height\":475},{\"@type\":\"BreadcrumbList\",\"@id\":\"https:\/\/www.cannabis.es\/pw\/2019\/09\/23\/una-weedkend-con-sabores-de-feria\/#breadcrumb\",\"itemListElement\":[{\"@type\":\"ListItem\",\"position\":1,\"name\":\"Portada\",\"item\":\"http:\/\/www.cannabis.es\/pw\/\"},{\"@type\":\"ListItem\",\"position\":2,\"name\":\"Una Weedkend con sabores de feria\"}]},{\"@type\":\"WebSite\",\"@id\":\"https:\/\/www.cannabis.es\/pw\/#website\",\"url\":\"https:\/\/www.cannabis.es\/pw\/\",\"name\":\"Cannabis\",\"description\":\"Portal multimedia sobre cannabis y otras sustancias\",\"publisher\":{\"@id\":\"https:\/\/www.cannabis.es\/pw\/#organization\"},\"potentialAction\":[{\"@type\":\"SearchAction\",\"target\":{\"@type\":\"EntryPoint\",\"urlTemplate\":\"https:\/\/www.cannabis.es\/pw\/?s={search_term_string}\"},\"query-input\":{\"@type\":\"PropertyValueSpecification\",\"valueRequired\":true,\"valueName\":\"search_term_string\"}}],\"inLanguage\":\"es\"},{\"@type\":\"Organization\",\"@id\":\"https:\/\/www.cannabis.es\/pw\/#organization\",\"name\":\"Cannabis.es\",\"url\":\"https:\/\/www.cannabis.es\/pw\/\",\"logo\":{\"@type\":\"ImageObject\",\"inLanguage\":\"es\",\"@id\":\"https:\/\/www.cannabis.es\/pw\/#\/schema\/logo\/image\/\",\"url\":\"https:\/\/www.cannabis.es\/pw\/wp-content\/uploads\/2019\/04\/cropped-logo_cannabis.png\",\"contentUrl\":\"https:\/\/www.cannabis.es\/pw\/wp-content\/uploads\/2019\/04\/cropped-logo_cannabis.png\",\"width\":361,\"height\":120,\"caption\":\"Cannabis.es\"},\"image\":{\"@id\":\"https:\/\/www.cannabis.es\/pw\/#\/schema\/logo\/image\/\"},\"sameAs\":[\"https:\/\/x.com\/cannabis_es\"]},{\"@type\":\"Person\",\"@id\":\"https:\/\/www.cannabis.es\/pw\/#\/schema\/person\/e2fbd204580cf4fe74c79b82bc447374\",\"name\":\"Cannabis.es\",\"image\":{\"@type\":\"ImageObject\",\"inLanguage\":\"es\",\"@id\":\"https:\/\/www.cannabis.es\/pw\/#\/schema\/person\/image\/\",\"url\":\"https:\/\/secure.gravatar.com\/avatar\/4375b1eb6e272e2e48a4b8a8def52e5f208151f555bb5906da616906ee6dd2e8?s=96&d=mm&r=g\",\"contentUrl\":\"https:\/\/secure.gravatar.com\/avatar\/4375b1eb6e272e2e48a4b8a8def52e5f208151f555bb5906da616906ee6dd2e8?s=96&d=mm&r=g\",\"caption\":\"Cannabis.es\"},\"url\":\"https:\/\/www.cannabis.es\/pw\/author\/cannabis\/\"}]}<\/script>\n<!-- \/ Yoast SEO plugin. -->","yoast_head_json":{"title":"Una Weedkend con sabores de feria","description":"Entrada &#8226; Portal multimedia sobre cannabis y otras sustancias &#8226; 23 septiembre, 2019","robots":{"index":"index","follow":"follow","max-snippet":"max-snippet:-1","max-image-preview":"max-image-preview:large","max-video-preview":"max-video-preview:-1"},"canonical":"https:\/\/www.cannabis.es\/pw\/2019\/09\/23\/una-weedkend-con-sabores-de-feria\/","twitter_card":"summary_large_image","twitter_title":"Una Weedkend con sabores de feria","twitter_description":"Entrada &#8226; Portal multimedia sobre cannabis y otras sustancias &#8226; 23 septiembre, 2019","twitter_image":"https:\/\/www.cannabis.es\/pw\/wp-content\/uploads\/2020\/05\/weekend.jpg","twitter_creator":"@cannabis_es","twitter_site":"@cannabis_es","twitter_misc":{"Escrito por":"Cannabis.es","Tiempo de lectura":"3 minutos"},"schema":{"@context":"https:\/\/schema.org","@graph":[{"@type":"Article","@id":"https:\/\/www.cannabis.es\/pw\/2019\/09\/23\/una-weedkend-con-sabores-de-feria\/#article","isPartOf":{"@id":"https:\/\/www.cannabis.es\/pw\/2019\/09\/23\/una-weedkend-con-sabores-de-feria\/"},"author":{"name":"Cannabis.es","@id":"https:\/\/www.cannabis.es\/pw\/#\/schema\/person\/e2fbd204580cf4fe74c79b82bc447374"},"headline":"Una Weedkend con sabores de feria","datePublished":"2019-09-23T12:37:28+00:00","dateModified":"2020-08-27T10:34:25+00:00","mainEntityOfPage":{"@id":"https:\/\/www.cannabis.es\/pw\/2019\/09\/23\/una-weedkend-con-sabores-de-feria\/"},"wordCount":537,"publisher":{"@id":"https:\/\/www.cannabis.es\/pw\/#organization"},"image":{"@id":"https:\/\/www.cannabis.es\/pw\/2019\/09\/23\/una-weedkend-con-sabores-de-feria\/#primaryimage"},"thumbnailUrl":"https:\/\/www.cannabis.es\/pw\/wp-content\/uploads\/2020\/05\/weekend.jpg","keywords":["cannabis","feria","Feria Cann\u00e1bica Espa\u00f1a","marihuana","Ram\u00f3n Souto"],"articleSection":["Pol\u00edtica y Sociedad"],"inLanguage":"es"},{"@type":"WebPage","@id":"https:\/\/www.cannabis.es\/pw\/2019\/09\/23\/una-weedkend-con-sabores-de-feria\/","url":"https:\/\/www.cannabis.es\/pw\/2019\/09\/23\/una-weedkend-con-sabores-de-feria\/","name":"Una Weedkend con sabores de feria","isPartOf":{"@id":"https:\/\/www.cannabis.es\/pw\/#website"},"primaryImageOfPage":{"@id":"https:\/\/www.cannabis.es\/pw\/2019\/09\/23\/una-weedkend-con-sabores-de-feria\/#primaryimage"},"image":{"@id":"https:\/\/www.cannabis.es\/pw\/2019\/09\/23\/una-weedkend-con-sabores-de-feria\/#primaryimage"},"thumbnailUrl":"https:\/\/www.cannabis.es\/pw\/wp-content\/uploads\/2020\/05\/weekend.jpg","datePublished":"2019-09-23T12:37:28+00:00","dateModified":"2020-08-27T10:34:25+00:00","description":"Entrada &#8226; Portal multimedia sobre cannabis y otras sustancias &#8226; 23 septiembre, 2019","breadcrumb":{"@id":"https:\/\/www.cannabis.es\/pw\/2019\/09\/23\/una-weedkend-con-sabores-de-feria\/#breadcrumb"},"inLanguage":"es","potentialAction":[{"@type":"ReadAction","target":["https:\/\/www.cannabis.es\/pw\/2019\/09\/23\/una-weedkend-con-sabores-de-feria\/"]}]},{"@type":"ImageObject","inLanguage":"es","@id":"https:\/\/www.cannabis.es\/pw\/2019\/09\/23\/una-weedkend-con-sabores-de-feria\/#primaryimage","url":"https:\/\/www.cannabis.es\/pw\/wp-content\/uploads\/2020\/05\/weekend.jpg","contentUrl":"https:\/\/www.cannabis.es\/pw\/wp-content\/uploads\/2020\/05\/weekend.jpg","width":959,"height":475},{"@type":"BreadcrumbList","@id":"https:\/\/www.cannabis.es\/pw\/2019\/09\/23\/una-weedkend-con-sabores-de-feria\/#breadcrumb","itemListElement":[{"@type":"ListItem","position":1,"name":"Portada","item":"http:\/\/www.cannabis.es\/pw\/"},{"@type":"ListItem","position":2,"name":"Una Weedkend con sabores de feria"}]},{"@type":"WebSite","@id":"https:\/\/www.cannabis.es\/pw\/#website","url":"https:\/\/www.cannabis.es\/pw\/","name":"Cannabis","description":"Portal multimedia sobre cannabis y otras sustancias","publisher":{"@id":"https:\/\/www.cannabis.es\/pw\/#organization"},"potentialAction":[{"@type":"SearchAction","target":{"@type":"EntryPoint","urlTemplate":"https:\/\/www.cannabis.es\/pw\/?s={search_term_string}"},"query-input":{"@type":"PropertyValueSpecification","valueRequired":true,"valueName":"search_term_string"}}],"inLanguage":"es"},{"@type":"Organization","@id":"https:\/\/www.cannabis.es\/pw\/#organization","name":"Cannabis.es","url":"https:\/\/www.cannabis.es\/pw\/","logo":{"@type":"ImageObject","inLanguage":"es","@id":"https:\/\/www.cannabis.es\/pw\/#\/schema\/logo\/image\/","url":"https:\/\/www.cannabis.es\/pw\/wp-content\/uploads\/2019\/04\/cropped-logo_cannabis.png","contentUrl":"https:\/\/www.cannabis.es\/pw\/wp-content\/uploads\/2019\/04\/cropped-logo_cannabis.png","width":361,"height":120,"caption":"Cannabis.es"},"image":{"@id":"https:\/\/www.cannabis.es\/pw\/#\/schema\/logo\/image\/"},"sameAs":["https:\/\/x.com\/cannabis_es"]},{"@type":"Person","@id":"https:\/\/www.cannabis.es\/pw\/#\/schema\/person\/e2fbd204580cf4fe74c79b82bc447374","name":"Cannabis.es","image":{"@type":"ImageObject","inLanguage":"es","@id":"https:\/\/www.cannabis.es\/pw\/#\/schema\/person\/image\/","url":"https:\/\/secure.gravatar.com\/avatar\/4375b1eb6e272e2e48a4b8a8def52e5f208151f555bb5906da616906ee6dd2e8?s=96&d=mm&r=g","contentUrl":"https:\/\/secure.gravatar.com\/avatar\/4375b1eb6e272e2e48a4b8a8def52e5f208151f555bb5906da616906ee6dd2e8?s=96&d=mm&r=g","caption":"Cannabis.es"},"url":"https:\/\/www.cannabis.es\/pw\/author\/cannabis\/"}]}},"_links":{"self":[{"href":"https:\/\/www.cannabis.es\/pw\/wp-json\/wp\/v2\/posts\/1932","targetHints":{"allow":["GET"]}}],"collection":[{"href":"https:\/\/www.cannabis.es\/pw\/wp-json\/wp\/v2\/posts"}],"about":[{"href":"https:\/\/www.cannabis.es\/pw\/wp-json\/wp\/v2\/types\/post"}],"author":[{"embeddable":true,"href":"https:\/\/www.cannabis.es\/pw\/wp-json\/wp\/v2\/users\/1"}],"replies":[{"embeddable":true,"href":"https:\/\/www.cannabis.es\/pw\/wp-json\/wp\/v2\/comments?post=1932"}],"version-history":[{"count":3,"href":"https:\/\/www.cannabis.es\/pw\/wp-json\/wp\/v2\/posts\/1932\/revisions"}],"predecessor-version":[{"id":5950,"href":"https:\/\/www.cannabis.es\/pw\/wp-json\/wp\/v2\/posts\/1932\/revisions\/5950"}],"wp:featuredmedia":[{"embeddable":true,"href":"https:\/\/www.cannabis.es\/pw\/wp-json\/wp\/v2\/media\/1933"}],"wp:attachment":[{"href":"https:\/\/www.cannabis.es\/pw\/wp-json\/wp\/v2\/media?parent=1932"}],"wp:term":[{"taxonomy":"category","embeddable":true,"href":"https:\/\/www.cannabis.es\/pw\/wp-json\/wp\/v2\/categories?post=1932"},{"taxonomy":"post_tag","embeddable":true,"href":"https:\/\/www.cannabis.es\/pw\/wp-json\/wp\/v2\/tags?post=1932"}],"curies":[{"name":"wp","href":"https:\/\/api.w.org\/{rel}","templated":true}]}}