{"id":1953,"date":"2019-09-04T14:50:24","date_gmt":"2019-09-04T12:50:24","guid":{"rendered":"http:\/\/www.cannabis.es\/pw\/?p=1953"},"modified":"2020-08-27T12:36:54","modified_gmt":"2020-08-27T10:36:54","slug":"golpes-policiales-a-asociaciones-en-zaragoza","status":"publish","type":"post","link":"https:\/\/www.cannabis.es\/pw\/2019\/09\/04\/golpes-policiales-a-asociaciones-en-zaragoza\/","title":{"rendered":"Golpes policiales a asociaciones en Zaragoza"},"content":{"rendered":"\n<p>Benito D\u00edaz<\/p>\n\n\n\n<p>El d\u00eda 10 de agosto, aparece en el Heraldo de Arag\u00f3n la noticia de la intervenci\u00f3n policial de un \u201clocal social de consumo de cannabis\u201d. D\u00edas antes, el 8 de agosto, la Federaci\u00f3n de Asociaciones de Cannabis de Arag\u00f3n (AraFAC) publica un comunicado en el que denuncia&nbsp;<em><strong>\u201cla utilizaci\u00f3n de los cuerpos y fuerzas de seguridad del estado, a trav\u00e9s de leyes obsoletas e injustas, para la represi\u00f3n de un movimiento social, reconocido y valorado positivamente por la sociedad as\u00ed como por parte de la clase pol\u00edtica, que lleva m\u00e1s de 20 a\u00f1os trabajando y defendiendo los derechos de<\/strong><\/em><em><strong>l usuariado<\/strong><\/em><em><strong>&nbsp;en Espa\u00f1a y&nbsp;<\/strong><\/em><em><strong>en&nbsp;<\/strong><\/em><em><strong>Arag\u00f3n\u201d<\/strong><\/em><em>.<\/em><\/p>\n\n\n\n<hr class=\"wp-block-separator\"\/>\n\n\n\n<p>El comunicado tambi\u00e9n alude a la falta de democracia al no reconocer las opiniones del usuariado, quedando&nbsp;sin capacidad de obra. Adem\u00e1s, reivindican respeto y&nbsp;una&nbsp;regulaci\u00f3n que reconozca y determine&nbsp;estos&nbsp;derechos fundamentales. Su comunicado est\u00e1 disponible en&nbsp;<a href=\"https:\/\/www.facebook.com\/911030805633628\/posts\/2883315475071808\/\">su p\u00e1gina de Facebook<\/a>.<\/p>\n\n\n\n<p>Jose M\u00e1rmol es asociado a la directiva de AraFAC y presidente de la Asociaci\u00f3n SECA, cuya intervenci\u00f3n relata el art\u00edculo aparecido en el Heraldo de Arag\u00f3n.&nbsp;<em>\u201cHa habido un aumento de la presi\u00f3n policial en este 2019\u201d<\/em><em>,<\/em>&nbsp;comenta M\u00e1rmol.&nbsp;<em>\u201cHay m\u00e1s efectivos, sobre todo de pr\u00e1cticas. No s\u00e9 por qu\u00e9, pero parece que nos manden a Zaragoza a todos los polic\u00edas de pr\u00e1cticas. As\u00ed que hemos sido los conejillos de indias de esta gente\u201d.<\/em><\/p>\n\n\n\n<p>El responsable de la SECA nos relata unos hechos que no aparecen en la noticia del Heraldo, pues tan solo contendr\u00eda la nota de los responsables de la Polic\u00eda.&nbsp;<em>\u201cUna tarde normal, un socio sali\u00f3 del club y se top\u00f3 con una pareja de polic\u00edas de paisano en la puerta. Le registraron y le incautaron la&nbsp;<\/em><em>m<\/em><em>arihuana que portaba. Mediante coacciones y amenazas de violencia, convencieron al socio para llamarme. Me llam\u00f3, me cont\u00f3 la situaci\u00f3n y sal\u00ed a dar una vuelta. Al salir, los polic\u00edas se me tiraron encima, derrib\u00e1ndo<\/em><em>me<\/em><em>&nbsp;a la fuerza, y luego me pusieron contra la pared. Todo esto lo hicieron sin identificarse; podr\u00eda haber sido una mafia o algo as\u00ed, porque no iban de uniforme\u201d,&nbsp;<\/em>narra el presidente.<\/p>\n\n\n\n<p>\u201c<em>Lleg\u00f3 m\u00e1s polic\u00eda y montaron un operativo en la misma puerta de la Asociaci\u00f3n. La gente fue saliendo y cayendo en el control, claro. Al no poder entrar llamando, pidieron una orden de registro, que consiguieron para el d\u00eda siguiente. Eso debi\u00f3 de enfurecerles, pues registraron a todos en busca de las llaves de la puerta, interviniendo llaves de residencias privadas que no consiguieron accionar la cerradura, por supuesto\u201d.&nbsp;<\/em><em>M<\/em>\u00e1rmol explica que los socios no tienen llaves de la puerta del local, tan solo tarjetas para el acceso electr\u00f3nico.<\/p>\n\n\n\n<p>\u201c<em>El vicepresidente se qued\u00f3 dentro, encerrado por puro miedo\u201d.&nbsp;<\/em>Desmiente que la asociaci\u00f3n se clausurase y denuncia que agentes de&nbsp;polic\u00eda manipularon su tel\u00e9fono m\u00f3vil.&nbsp;<em><strong>\u201cFueron a pescar truchas en un barre\u00f1o, para ense\u00f1ar a los novatos con una chapuza de operaci\u00f3n\u201d<\/strong><\/em><em>,&nbsp;<\/em>declar\u00f3. Al d\u00eda siguiente, siendo efectiva la orden de registro, la Polic\u00eda incaut\u00f3 la&nbsp;marihuana, extracciones, 50 euros y prensas de extracci\u00f3n, punto contrastado por el&nbsp;<a href=\"https:\/\/amp.heraldo.es\/noticias\/aragon\/zaragoza\/2019\/08\/10\/detienen-a-dos-personas-que-ocultaban-tres-kilos-de-droga-en-el-local-de-una-asociacion-cannabica-1329300.html?utm_source=whatsapp.com&amp;utm_medium=socialshare&amp;utm_campaign=mobile_amp\">Heraldo de Arag\u00f3n en su nota.<\/a><\/p>\n\n\n\n<p>\u201c<em>La presi\u00f3n ha sido brutal. Una asociaci\u00f3n en el Barrio del Actur tuvo que cerrar porque se le paraba en la puerta un furg\u00f3n de la Polic\u00eda, diariamente. Claro, nadie entraba\u201d,<\/em>&nbsp;menciona M\u00e1rmol.&nbsp;<em>\u201cNosotros y la otra asociaci\u00f3n del Barrio de San Jos\u00e9, que tambi\u00e9n in<\/em><em>t<\/em><em>ervinieron, seguimos abiertos. Somos legales, la tenencia en v\u00eda p\u00fablica, sin exhibici\u00f3n ni consumo, no puede ser causa de persecuci\u00f3n\u201d,<\/em>&nbsp;lamenta el presidente de la SECA.<\/p>\n\n\n\n<p>Gemma R\u00edos es la presidenta de AraFAC y confirma el repunte de actuaciones policiales en Zaragoza capital.&nbsp;<em>\u201cMe llamaron para comunicarme los hechos\u201d,<\/em>&nbsp;dice la presidenta.&nbsp;<em>\u201cDesde la federaci\u00f3n, distribuimos el comunicado por redes y ofrecimos apoyo y asesoramiento. Disponemos de abogados y seguimos de cerca el caso, adem\u00e1s de continuar con propuestas de regulaci\u00f3n para evitar el inmovilismo pol\u00edtico\u201d.<\/em>&nbsp;Seg\u00fan su conocimiento, en lo que llevamos de a\u00f1o se han producido m\u00e1s de 10 intervenciones a asociaciones federadas y no-federadas&nbsp;<em>\u201csin m\u00e1s motivo que ser asociaciones cann\u00e1bicas\u201d,&nbsp;<\/em>incide R\u00edos.<\/p>\n\n\n\n<p>La presidenta acusa a los medios generalistas de fomentar la informaci\u00f3n sesgada y producir alarmas innecesarias.&nbsp;<em>\u201cNo suele haber ning\u00fan problema con los vecinos, ni de olores ni esc\u00e1ndalo.&nbsp;<\/em><em><strong>En esos medios se acostumbra a anunciar las actuaciones policiales con gran expectaci\u00f3n, pero no se sigue el caso ni se basan las noticias en las resoluciones judiciales, fomentando la criminalizaci\u00f3n de los usuarios<\/strong><\/em><em>\u201d.<\/em><\/p>\n\n\n\n<p>Desde ARAFAC, Gemma R\u00edos y sus compa\u00f1eros siguen en contacto con la pol\u00edtica, aportando propuestas de regulaci\u00f3n mientras buscan el reconocimiento de las Asociaciones como&nbsp;<strong>\u201cespacios de reducci\u00f3n de riesgos\u201d<\/strong>.&nbsp;<em>\u201cNo somos el problema, somos la soluci\u00f3n. En nuestras Asociaciones organizamos c\u00edrculos de personas conocidas, cerrados, sin colaboraciones con terceros. Apostamos por personas adultas y concretas, por el autoconsumo. Por espacios cerrados y privados que no causan molestias. Que proporcionan calidad y seguridad lejos del mercado negro\u201d.<\/em><\/p>\n\n\n\n<p>\u201c<em>La Polic\u00eda es una herramienta del Estado,&nbsp;<\/em><em>y<\/em><em>&nbsp;un&nbsp;<\/em><em>e<\/em><em>stado que deber\u00eda contemplar ya mismo la situaci\u00f3n del&nbsp;<\/em><em>c<\/em><em>annabis. Los agentes hacen su trabajo; sin embargo, sus pr\u00e1cticas a la hora de intervenir en nuestras Asociaciones son m\u00e1s que cuestionables\u201d,<\/em>&nbsp;expone la&nbsp;<a href=\"http:\/\/arafac.com\/index.php\">presidenta de ARAFAC.<\/a><\/p>\n\n\n\n<p>Ambos responsables coinciden en la necesidad de una regulaci\u00f3n y legislaci\u00f3n que ampare a los CSC y consumidores, sin caer en t\u00f3picos o discriminaci\u00f3n.&nbsp;<em>\u201cHay que poner soluciones\u201d<\/em>&nbsp;asegura M\u00e1rmol.&nbsp;<em>\u201cEste sector est\u00e1 consolid\u00e1ndose y hay muchas familias que depende de una verdadera regulaci\u00f3n que dote de seguridad su sustento. No despenalizar, no legalizar. Regular y legislar\u201d.<\/em><\/p>\n","protected":false},"excerpt":{"rendered":"<span class=\"span-reading-time rt-reading-time\" style=\"display: block;\"><span class=\"rt-label rt-prefix\">Tiempo de lectura:<\/span> <span class=\"rt-time\"> 3<\/span> <span class=\"rt-label rt-postfix\">minutos<\/span><\/span>Benito D\u00edaz El d\u00eda 10 de agosto, aparece en el Heraldo de Arag\u00f3n la noticia de la intervenci\u00f3n policial de un \u201clocal social de consumo de cannabis\u201d. D\u00edas antes, el 8 de agosto, la Federaci\u00f3n de Asociaciones de Cannabis de Arag\u00f3n (AraFAC) publica un comunicado en el que denuncia&nbsp;\u201cla utilizaci\u00f3n de los cuerpos y fuerzas [&hellip;]","protected":false},"author":1,"featured_media":1954,"comment_status":"closed","ping_status":"closed","sticky":false,"template":"","format":"standard","meta":{"loftocean-featured-post":"","loftocean_post_format_gallery":"","loftocean_post_format_gallery_ids":"","loftocean_post_format_gallery_urls":"","loftocean_post_format_video_id":"","loftocean_post_format_video_url":"","loftocean_post_format_video_type":"","loftocean_post_format_video":"","loftocean_post_format_audio_type":"","loftocean_post_format_audio_url":"","loftocean_post_format_audio_id":"","loftocean_post_format_audio":"","loftocean_post_format_quote_text":"","loftocean_post_format_quote_byline":"","loftocean_post_format_link_text":"","loftocean_post_format_link_url":"","ceramag_post_header_style":"","ceramag_enable_background_video":"","ceramag_show_in_top_slider":"","ceramag_post_background_video_start":"","ceramag_post_background_video_end":"","loftocean_page_background_video_id":"","loftocean_page_background_video_url":"","loftocean_page_background_video_type":"","loftocean_page_background_video":"","ceramag_background_video_start":"","ceramag_background_video_end":"","ceramag_single_page_hide_header":"","footnotes":""},"categories":[35],"tags":[610,528,43,41,398,652,40,727],"class_list":["post-1953","post","type-post","status-publish","format-standard","has-post-thumbnail","hentry","category-politica-y-sociedad","tag-asociacion","tag-asociacion-cannabica","tag-benito-diaz","tag-cannabis","tag-csc","tag-federacion-de-asociaciones-cannabicas","tag-marihuana","tag-policia"],"yoast_head":"<!-- This site is optimized with the Yoast SEO plugin v24.9 - https:\/\/yoast.com\/wordpress\/plugins\/seo\/ -->\n<title>Golpes policiales a asociaciones en Zaragoza<\/title>\n<meta name=\"description\" content=\"Entrada &#8226; Portal multimedia sobre cannabis y otras sustancias &#8226; 4 septiembre, 2019\" \/>\n<meta name=\"robots\" content=\"index, follow, max-snippet:-1, max-image-preview:large, max-video-preview:-1\" \/>\n<link rel=\"canonical\" href=\"https:\/\/www.cannabis.es\/pw\/2019\/09\/04\/golpes-policiales-a-asociaciones-en-zaragoza\/\" \/>\n<meta name=\"twitter:card\" content=\"summary_large_image\" \/>\n<meta name=\"twitter:title\" content=\"Golpes policiales a asociaciones en Zaragoza\" \/>\n<meta name=\"twitter:description\" content=\"Entrada &#8226; Portal multimedia sobre cannabis y otras sustancias &#8226; 4 septiembre, 2019\" \/>\n<meta name=\"twitter:image\" content=\"https:\/\/www.cannabis.es\/pw\/wp-content\/uploads\/2020\/05\/abuso-aragon.jpg\" \/>\n<meta name=\"twitter:creator\" content=\"@cannabis_es\" \/>\n<meta name=\"twitter:site\" content=\"@cannabis_es\" \/>\n<meta name=\"twitter:label1\" content=\"Escrito por\" \/>\n\t<meta name=\"twitter:data1\" content=\"Cannabis.es\" \/>\n\t<meta name=\"twitter:label2\" content=\"Tiempo de lectura\" \/>\n\t<meta name=\"twitter:data2\" content=\"5 minutos\" \/>\n<script type=\"application\/ld+json\" class=\"yoast-schema-graph\">{\"@context\":\"https:\/\/schema.org\",\"@graph\":[{\"@type\":\"Article\",\"@id\":\"https:\/\/www.cannabis.es\/pw\/2019\/09\/04\/golpes-policiales-a-asociaciones-en-zaragoza\/#article\",\"isPartOf\":{\"@id\":\"https:\/\/www.cannabis.es\/pw\/2019\/09\/04\/golpes-policiales-a-asociaciones-en-zaragoza\/\"},\"author\":{\"name\":\"Cannabis.es\",\"@id\":\"https:\/\/www.cannabis.es\/pw\/#\/schema\/person\/e2fbd204580cf4fe74c79b82bc447374\"},\"headline\":\"Golpes policiales a asociaciones en Zaragoza\",\"datePublished\":\"2019-09-04T12:50:24+00:00\",\"dateModified\":\"2020-08-27T10:36:54+00:00\",\"mainEntityOfPage\":{\"@id\":\"https:\/\/www.cannabis.es\/pw\/2019\/09\/04\/golpes-policiales-a-asociaciones-en-zaragoza\/\"},\"wordCount\":1066,\"publisher\":{\"@id\":\"https:\/\/www.cannabis.es\/pw\/#organization\"},\"image\":{\"@id\":\"https:\/\/www.cannabis.es\/pw\/2019\/09\/04\/golpes-policiales-a-asociaciones-en-zaragoza\/#primaryimage\"},\"thumbnailUrl\":\"https:\/\/www.cannabis.es\/pw\/wp-content\/uploads\/2020\/05\/abuso-aragon.jpg\",\"keywords\":[\"asociaci\u00f3n\",\"asociaci\u00f3n cann\u00e1bica\",\"Benito D\u00edaz\",\"cannabis\",\"CSC\",\"Federaci\u00f3n de Asociaciones Cann\u00e1bicas\",\"marihuana\",\"polic\u00eda\"],\"articleSection\":[\"Pol\u00edtica y Sociedad\"],\"inLanguage\":\"es\"},{\"@type\":\"WebPage\",\"@id\":\"https:\/\/www.cannabis.es\/pw\/2019\/09\/04\/golpes-policiales-a-asociaciones-en-zaragoza\/\",\"url\":\"https:\/\/www.cannabis.es\/pw\/2019\/09\/04\/golpes-policiales-a-asociaciones-en-zaragoza\/\",\"name\":\"Golpes policiales a asociaciones en Zaragoza\",\"isPartOf\":{\"@id\":\"https:\/\/www.cannabis.es\/pw\/#website\"},\"primaryImageOfPage\":{\"@id\":\"https:\/\/www.cannabis.es\/pw\/2019\/09\/04\/golpes-policiales-a-asociaciones-en-zaragoza\/#primaryimage\"},\"image\":{\"@id\":\"https:\/\/www.cannabis.es\/pw\/2019\/09\/04\/golpes-policiales-a-asociaciones-en-zaragoza\/#primaryimage\"},\"thumbnailUrl\":\"https:\/\/www.cannabis.es\/pw\/wp-content\/uploads\/2020\/05\/abuso-aragon.jpg\",\"datePublished\":\"2019-09-04T12:50:24+00:00\",\"dateModified\":\"2020-08-27T10:36:54+00:00\",\"description\":\"Entrada &#8226; Portal multimedia sobre cannabis y otras sustancias &#8226; 4 septiembre, 2019\",\"breadcrumb\":{\"@id\":\"https:\/\/www.cannabis.es\/pw\/2019\/09\/04\/golpes-policiales-a-asociaciones-en-zaragoza\/#breadcrumb\"},\"inLanguage\":\"es\",\"potentialAction\":[{\"@type\":\"ReadAction\",\"target\":[\"https:\/\/www.cannabis.es\/pw\/2019\/09\/04\/golpes-policiales-a-asociaciones-en-zaragoza\/\"]}]},{\"@type\":\"ImageObject\",\"inLanguage\":\"es\",\"@id\":\"https:\/\/www.cannabis.es\/pw\/2019\/09\/04\/golpes-policiales-a-asociaciones-en-zaragoza\/#primaryimage\",\"url\":\"https:\/\/www.cannabis.es\/pw\/wp-content\/uploads\/2020\/05\/abuso-aragon.jpg\",\"contentUrl\":\"https:\/\/www.cannabis.es\/pw\/wp-content\/uploads\/2020\/05\/abuso-aragon.jpg\",\"width\":959,\"height\":475},{\"@type\":\"BreadcrumbList\",\"@id\":\"https:\/\/www.cannabis.es\/pw\/2019\/09\/04\/golpes-policiales-a-asociaciones-en-zaragoza\/#breadcrumb\",\"itemListElement\":[{\"@type\":\"ListItem\",\"position\":1,\"name\":\"Portada\",\"item\":\"http:\/\/www.cannabis.es\/pw\/\"},{\"@type\":\"ListItem\",\"position\":2,\"name\":\"Golpes policiales a asociaciones en Zaragoza\"}]},{\"@type\":\"WebSite\",\"@id\":\"https:\/\/www.cannabis.es\/pw\/#website\",\"url\":\"https:\/\/www.cannabis.es\/pw\/\",\"name\":\"Cannabis\",\"description\":\"Portal multimedia sobre cannabis y otras sustancias\",\"publisher\":{\"@id\":\"https:\/\/www.cannabis.es\/pw\/#organization\"},\"potentialAction\":[{\"@type\":\"SearchAction\",\"target\":{\"@type\":\"EntryPoint\",\"urlTemplate\":\"https:\/\/www.cannabis.es\/pw\/?s={search_term_string}\"},\"query-input\":{\"@type\":\"PropertyValueSpecification\",\"valueRequired\":true,\"valueName\":\"search_term_string\"}}],\"inLanguage\":\"es\"},{\"@type\":\"Organization\",\"@id\":\"https:\/\/www.cannabis.es\/pw\/#organization\",\"name\":\"Cannabis.es\",\"url\":\"https:\/\/www.cannabis.es\/pw\/\",\"logo\":{\"@type\":\"ImageObject\",\"inLanguage\":\"es\",\"@id\":\"https:\/\/www.cannabis.es\/pw\/#\/schema\/logo\/image\/\",\"url\":\"https:\/\/www.cannabis.es\/pw\/wp-content\/uploads\/2019\/04\/cropped-logo_cannabis.png\",\"contentUrl\":\"https:\/\/www.cannabis.es\/pw\/wp-content\/uploads\/2019\/04\/cropped-logo_cannabis.png\",\"width\":361,\"height\":120,\"caption\":\"Cannabis.es\"},\"image\":{\"@id\":\"https:\/\/www.cannabis.es\/pw\/#\/schema\/logo\/image\/\"},\"sameAs\":[\"https:\/\/x.com\/cannabis_es\"]},{\"@type\":\"Person\",\"@id\":\"https:\/\/www.cannabis.es\/pw\/#\/schema\/person\/e2fbd204580cf4fe74c79b82bc447374\",\"name\":\"Cannabis.es\",\"image\":{\"@type\":\"ImageObject\",\"inLanguage\":\"es\",\"@id\":\"https:\/\/www.cannabis.es\/pw\/#\/schema\/person\/image\/\",\"url\":\"https:\/\/secure.gravatar.com\/avatar\/4375b1eb6e272e2e48a4b8a8def52e5f208151f555bb5906da616906ee6dd2e8?s=96&d=mm&r=g\",\"contentUrl\":\"https:\/\/secure.gravatar.com\/avatar\/4375b1eb6e272e2e48a4b8a8def52e5f208151f555bb5906da616906ee6dd2e8?s=96&d=mm&r=g\",\"caption\":\"Cannabis.es\"},\"url\":\"https:\/\/www.cannabis.es\/pw\/author\/cannabis\/\"}]}<\/script>\n<!-- \/ Yoast SEO plugin. -->","yoast_head_json":{"title":"Golpes policiales a asociaciones en Zaragoza","description":"Entrada &#8226; Portal multimedia sobre cannabis y otras sustancias &#8226; 4 septiembre, 2019","robots":{"index":"index","follow":"follow","max-snippet":"max-snippet:-1","max-image-preview":"max-image-preview:large","max-video-preview":"max-video-preview:-1"},"canonical":"https:\/\/www.cannabis.es\/pw\/2019\/09\/04\/golpes-policiales-a-asociaciones-en-zaragoza\/","twitter_card":"summary_large_image","twitter_title":"Golpes policiales a asociaciones en Zaragoza","twitter_description":"Entrada &#8226; Portal multimedia sobre cannabis y otras sustancias &#8226; 4 septiembre, 2019","twitter_image":"https:\/\/www.cannabis.es\/pw\/wp-content\/uploads\/2020\/05\/abuso-aragon.jpg","twitter_creator":"@cannabis_es","twitter_site":"@cannabis_es","twitter_misc":{"Escrito por":"Cannabis.es","Tiempo de lectura":"5 minutos"},"schema":{"@context":"https:\/\/schema.org","@graph":[{"@type":"Article","@id":"https:\/\/www.cannabis.es\/pw\/2019\/09\/04\/golpes-policiales-a-asociaciones-en-zaragoza\/#article","isPartOf":{"@id":"https:\/\/www.cannabis.es\/pw\/2019\/09\/04\/golpes-policiales-a-asociaciones-en-zaragoza\/"},"author":{"name":"Cannabis.es","@id":"https:\/\/www.cannabis.es\/pw\/#\/schema\/person\/e2fbd204580cf4fe74c79b82bc447374"},"headline":"Golpes policiales a asociaciones en Zaragoza","datePublished":"2019-09-04T12:50:24+00:00","dateModified":"2020-08-27T10:36:54+00:00","mainEntityOfPage":{"@id":"https:\/\/www.cannabis.es\/pw\/2019\/09\/04\/golpes-policiales-a-asociaciones-en-zaragoza\/"},"wordCount":1066,"publisher":{"@id":"https:\/\/www.cannabis.es\/pw\/#organization"},"image":{"@id":"https:\/\/www.cannabis.es\/pw\/2019\/09\/04\/golpes-policiales-a-asociaciones-en-zaragoza\/#primaryimage"},"thumbnailUrl":"https:\/\/www.cannabis.es\/pw\/wp-content\/uploads\/2020\/05\/abuso-aragon.jpg","keywords":["asociaci\u00f3n","asociaci\u00f3n cann\u00e1bica","Benito D\u00edaz","cannabis","CSC","Federaci\u00f3n de Asociaciones Cann\u00e1bicas","marihuana","polic\u00eda"],"articleSection":["Pol\u00edtica y Sociedad"],"inLanguage":"es"},{"@type":"WebPage","@id":"https:\/\/www.cannabis.es\/pw\/2019\/09\/04\/golpes-policiales-a-asociaciones-en-zaragoza\/","url":"https:\/\/www.cannabis.es\/pw\/2019\/09\/04\/golpes-policiales-a-asociaciones-en-zaragoza\/","name":"Golpes policiales a asociaciones en Zaragoza","isPartOf":{"@id":"https:\/\/www.cannabis.es\/pw\/#website"},"primaryImageOfPage":{"@id":"https:\/\/www.cannabis.es\/pw\/2019\/09\/04\/golpes-policiales-a-asociaciones-en-zaragoza\/#primaryimage"},"image":{"@id":"https:\/\/www.cannabis.es\/pw\/2019\/09\/04\/golpes-policiales-a-asociaciones-en-zaragoza\/#primaryimage"},"thumbnailUrl":"https:\/\/www.cannabis.es\/pw\/wp-content\/uploads\/2020\/05\/abuso-aragon.jpg","datePublished":"2019-09-04T12:50:24+00:00","dateModified":"2020-08-27T10:36:54+00:00","description":"Entrada &#8226; Portal multimedia sobre cannabis y otras sustancias &#8226; 4 septiembre, 2019","breadcrumb":{"@id":"https:\/\/www.cannabis.es\/pw\/2019\/09\/04\/golpes-policiales-a-asociaciones-en-zaragoza\/#breadcrumb"},"inLanguage":"es","potentialAction":[{"@type":"ReadAction","target":["https:\/\/www.cannabis.es\/pw\/2019\/09\/04\/golpes-policiales-a-asociaciones-en-zaragoza\/"]}]},{"@type":"ImageObject","inLanguage":"es","@id":"https:\/\/www.cannabis.es\/pw\/2019\/09\/04\/golpes-policiales-a-asociaciones-en-zaragoza\/#primaryimage","url":"https:\/\/www.cannabis.es\/pw\/wp-content\/uploads\/2020\/05\/abuso-aragon.jpg","contentUrl":"https:\/\/www.cannabis.es\/pw\/wp-content\/uploads\/2020\/05\/abuso-aragon.jpg","width":959,"height":475},{"@type":"BreadcrumbList","@id":"https:\/\/www.cannabis.es\/pw\/2019\/09\/04\/golpes-policiales-a-asociaciones-en-zaragoza\/#breadcrumb","itemListElement":[{"@type":"ListItem","position":1,"name":"Portada","item":"http:\/\/www.cannabis.es\/pw\/"},{"@type":"ListItem","position":2,"name":"Golpes policiales a asociaciones en Zaragoza"}]},{"@type":"WebSite","@id":"https:\/\/www.cannabis.es\/pw\/#website","url":"https:\/\/www.cannabis.es\/pw\/","name":"Cannabis","description":"Portal multimedia sobre cannabis y otras sustancias","publisher":{"@id":"https:\/\/www.cannabis.es\/pw\/#organization"},"potentialAction":[{"@type":"SearchAction","target":{"@type":"EntryPoint","urlTemplate":"https:\/\/www.cannabis.es\/pw\/?s={search_term_string}"},"query-input":{"@type":"PropertyValueSpecification","valueRequired":true,"valueName":"search_term_string"}}],"inLanguage":"es"},{"@type":"Organization","@id":"https:\/\/www.cannabis.es\/pw\/#organization","name":"Cannabis.es","url":"https:\/\/www.cannabis.es\/pw\/","logo":{"@type":"ImageObject","inLanguage":"es","@id":"https:\/\/www.cannabis.es\/pw\/#\/schema\/logo\/image\/","url":"https:\/\/www.cannabis.es\/pw\/wp-content\/uploads\/2019\/04\/cropped-logo_cannabis.png","contentUrl":"https:\/\/www.cannabis.es\/pw\/wp-content\/uploads\/2019\/04\/cropped-logo_cannabis.png","width":361,"height":120,"caption":"Cannabis.es"},"image":{"@id":"https:\/\/www.cannabis.es\/pw\/#\/schema\/logo\/image\/"},"sameAs":["https:\/\/x.com\/cannabis_es"]},{"@type":"Person","@id":"https:\/\/www.cannabis.es\/pw\/#\/schema\/person\/e2fbd204580cf4fe74c79b82bc447374","name":"Cannabis.es","image":{"@type":"ImageObject","inLanguage":"es","@id":"https:\/\/www.cannabis.es\/pw\/#\/schema\/person\/image\/","url":"https:\/\/secure.gravatar.com\/avatar\/4375b1eb6e272e2e48a4b8a8def52e5f208151f555bb5906da616906ee6dd2e8?s=96&d=mm&r=g","contentUrl":"https:\/\/secure.gravatar.com\/avatar\/4375b1eb6e272e2e48a4b8a8def52e5f208151f555bb5906da616906ee6dd2e8?s=96&d=mm&r=g","caption":"Cannabis.es"},"url":"https:\/\/www.cannabis.es\/pw\/author\/cannabis\/"}]}},"_links":{"self":[{"href":"https:\/\/www.cannabis.es\/pw\/wp-json\/wp\/v2\/posts\/1953","targetHints":{"allow":["GET"]}}],"collection":[{"href":"https:\/\/www.cannabis.es\/pw\/wp-json\/wp\/v2\/posts"}],"about":[{"href":"https:\/\/www.cannabis.es\/pw\/wp-json\/wp\/v2\/types\/post"}],"author":[{"embeddable":true,"href":"https:\/\/www.cannabis.es\/pw\/wp-json\/wp\/v2\/users\/1"}],"replies":[{"embeddable":true,"href":"https:\/\/www.cannabis.es\/pw\/wp-json\/wp\/v2\/comments?post=1953"}],"version-history":[{"count":2,"href":"https:\/\/www.cannabis.es\/pw\/wp-json\/wp\/v2\/posts\/1953\/revisions"}],"predecessor-version":[{"id":4785,"href":"https:\/\/www.cannabis.es\/pw\/wp-json\/wp\/v2\/posts\/1953\/revisions\/4785"}],"wp:featuredmedia":[{"embeddable":true,"href":"https:\/\/www.cannabis.es\/pw\/wp-json\/wp\/v2\/media\/1954"}],"wp:attachment":[{"href":"https:\/\/www.cannabis.es\/pw\/wp-json\/wp\/v2\/media?parent=1953"}],"wp:term":[{"taxonomy":"category","embeddable":true,"href":"https:\/\/www.cannabis.es\/pw\/wp-json\/wp\/v2\/categories?post=1953"},{"taxonomy":"post_tag","embeddable":true,"href":"https:\/\/www.cannabis.es\/pw\/wp-json\/wp\/v2\/tags?post=1953"}],"curies":[{"name":"wp","href":"https:\/\/api.w.org\/{rel}","templated":true}]}}