{"id":1980,"date":"2019-07-17T15:20:36","date_gmt":"2019-07-17T13:20:36","guid":{"rendered":"http:\/\/www.cannabis.es\/pw\/?p=1980"},"modified":"2020-08-28T13:41:38","modified_gmt":"2020-08-28T11:41:38","slug":"el-oidio-es-un-hongo-blanquecino-recurrente-en-los-cultivos-de-cannabis","status":"publish","type":"post","link":"https:\/\/www.cannabis.es\/pw\/2019\/07\/17\/el-oidio-es-un-hongo-blanquecino-recurrente-en-los-cultivos-de-cannabis\/","title":{"rendered":"El o\u00eddio es un hongo blanquecino recurrente en los cultivos de cannabis"},"content":{"rendered":"\n<p>Ram\u00f3n Souto<\/p>\n\n\n\n<p>El&nbsp;<strong>o\u00eddio<\/strong>&nbsp;es un hongo perteneciente a la familia de los erisif\u00e1ceos (<em>Erysiphaceae<\/em>). La familia de los erisif\u00e1ceos abarca m\u00e1s de 900 especies diferentes. Es conocido m\u00e1s vulgarmente como&nbsp;<strong>moho blanco, blanquilla&nbsp;<\/strong>o<strong>&nbsp;ceniza<\/strong>.<\/p>\n\n\n\n<hr class=\"wp-block-separator\"\/>\n\n\n\n<p>Se deduce que fue introducido en Europa mediante intercambios comerciales con Am\u00e9rica del Norte. En aquel momento produjo grandes da\u00f1os y p\u00e9rdidas, debido al desconocimiento, al igual que pasa con cualquier tipo de hongo, plaga o virus cuando no se conoce.<\/p>\n\n\n\n<p>Existen dos especies de o\u00eddio que afectan al cannabis:&nbsp;<em>Sphaerotheca<\/em>&nbsp;y&nbsp;<em>Leveillula taurica<\/em>.<\/p>\n\n\n\n<p>\u00a1NUNCA CONSUM\u00c1IS CANNABIS INFECTADO POR HONGOS!<\/p>\n\n\n\n<h3 class=\"wp-block-heading\"><strong>\u00bfC\u00f3mo reconocer el o\u00eddio?<\/strong><\/h3>\n\n\n\n<p>El o\u00eddio se caracteriza por formar algo parecido a un&nbsp;<strong>polvo blanco algodonoso<\/strong>. El polvo no son m\u00e1s que colonias de esporas que el hongo va generando durante su desarrollo. El o\u00eddio puede afectar a cualquier parte a\u00e9rea de la planta (hojas y tallo), aunque&nbsp;suele comenzar por las zonas m\u00e1s j\u00f3venes de la planta.<\/p>\n\n\n\n<p>Comienzan siendo unas&nbsp;<strong>peque\u00f1as motas<\/strong>&nbsp;en el&nbsp;<strong>haz de las hojas<\/strong>, si al pasar el dedo se van con facilidad lo m\u00e1s seguro es que sea o\u00eddio.<\/p>\n\n\n\n<p>Se va extendiendo por la planta cubriendo tanto el haz como el env\u00e9s de la hojas, en caso m\u00e1s extremos llega a cubrir hasta el tallo. Poco a poco las hojas se ir\u00e1n cayendo.<\/p>\n\n\n\n<h3 class=\"wp-block-heading\"><strong>\u00bfQu\u00e9 da\u00f1os provoca el o\u00eddio en el cannabis?<\/strong><\/h3>\n\n\n\n<p>Si llegamos a tener una plaga fuerte de o\u00eddio puede llegar a causar una clorosis, que es muy f\u00e1cil de confundir con alg\u00fan tipo de carencia nutricional.<\/p>\n\n\n\n<p>En los casos m\u00e1s graves produce: p\u00e9rdida de hojas continuada, disminuci\u00f3n de cosecha (aunque no se debe fumar ninguna planta infectada), enanismo\u2026<\/p>\n\n\n\n<h3 class=\"wp-block-heading\"><strong>\u00bfC\u00f3mo prevenir el o\u00eddio en nuestros cultivos?<\/strong><\/h3>\n\n\n\n<p><strong>Cultivos de interior:<\/strong><\/p>\n\n\n\n<p>El uso de&nbsp;<strong>deshumificadores<\/strong>&nbsp;nos ayudar\u00e1 a mantener unas condiciones adecuadas de humedad relativa en el ambiente. Instalad&nbsp;<strong>ventiladores<\/strong>&nbsp;en los cultivos para hacer que no se formen bolsas de aire h\u00famedo, y, si a pesar de todo ello nos vemos infectados, deberemos reducir el n\u00famero de ejemplares en el cultivo para facilitar la ventilaci\u00f3n.<\/p>\n\n\n\n<p><strong>Cultivo interior\/exterior:<\/strong><\/p>\n\n\n\n<p>La poda de ramas bajera facilita la ventilaci\u00f3n de la zona y previene la aparici\u00f3n de hongos. Retirad todas las hojas y partes ya afectadas de la planta de la zona del cultivo, de esta forma evitamos el contagio de otras plantas colindantes.<\/p>\n\n\n\n<p>Realizar tratamientos fitosanitarios&nbsp;<strong>preventivos<\/strong>&nbsp;puede ahorrarnos muchos disgustos. Se pueden realizar con diversos productos, aunque un par de ellos muy comunes son la cola de caballo y los productos a base de prop\u00f3leos (producto natural fabricado por las abejas).<\/p>\n\n\n\n<p>Los fungicidas qu\u00edmicos de amplio espectro a base de cobre, pueden ser de gran eficacia ante ataques severos de o\u00eddio e incluso contra la plaga de la ara\u00f1a roja. Normalmente pueden ser usados como preventivos o curativos, lo \u00fanico que cambia es la cantidad de dosis por litro de agua. Aunque estos deber\u00edan ser los menos utilizados, ya que al ser absorbido por los suelos puede llegar a contaminarlos, acu\u00edferos cercanos inclusive.<\/p>\n\n\n\n<h3 class=\"wp-block-heading\"><strong>\u00bfC\u00f3mo erradicar el o\u00eddio en plena floraci\u00f3n?<\/strong><\/h3>\n\n\n\n<p>Una de las mejores opciones ser\u00eda el uso de un&nbsp;<strong>sublimador\/quemador de azufre micronizado<\/strong>. Se aplicar\u00eda una vez por semana como fungicida y una vez cada 15 d\u00edas como preventivo. Al no establecerse en la planta como otros tipos de fungicidas de contacto, se puede emplear hasta una semana antes de la cosecha.<\/p>\n\n\n\n<p>En el mercado existen diferentes marcas y productos que trabajan&nbsp;<strong>fungicidas preventivos<\/strong>&nbsp;de contacto (biol\u00f3gicos) que, al igual que el anterior, se pueden usar hasta una semana antes de cosechar. Retirar las partes afectadas cuando sea posible en sus estadios iniciales tambi\u00e9n servir\u00e1.<\/p>\n\n\n\n<p>En los cultivos de interior, con una temperatura de unos 25\u00ba C y una humedad relativa de entre 45 \u2013 75 %, se dan las condiciones id\u00f3neas para la proliferaci\u00f3n del hongo. Si hace m\u00e1s calor y las noches son fr\u00edas con una humedad alta, corremos el peligro de una r\u00e1pida infecci\u00f3n. Las temperaturas elevadas por encima de los 35\u00baC impiden su desarrollo y, con temperaturas por debajo de los 15\u00baC, reduce su actividad. Debemos mantener en funcionamiento el<strong>&nbsp;deshumificador<\/strong>&nbsp;por la noche para rebajar la humedad.<\/p>\n\n\n\n<p>El o\u00eddio nunca suele ser causa de muerte de una planta, pero s\u00ed una disminuci\u00f3n importante de la cosecha, inclusive pudiendo llegar a quedar inservible.<\/p>\n\n\n\n<p>Siempre lo m\u00e1s importante es habituarse a realizar una serie de tratamientos preventivos, gracias a ello nos ahorraremos la lucha para erradicarlo de nuestros cultivos.<\/p>\n\n\n\n<p>En los pr\u00f3ximos art\u00edculos continuaremos hablando sobre los hongos m\u00e1s comunes en el cultivo de cannabis. Con esto me despido, pero antes os animo a cultivar vuestras ideas, que de ello seguro que nacer\u00e1 algo grande.<br><\/p>\n","protected":false},"excerpt":{"rendered":"<span class=\"span-reading-time rt-reading-time\" style=\"display: block;\"><span class=\"rt-label rt-prefix\">Tiempo de lectura:<\/span> <span class=\"rt-time\"> 3<\/span> <span class=\"rt-label rt-postfix\">minutos<\/span><\/span>Ram\u00f3n Souto El&nbsp;o\u00eddio&nbsp;es un hongo perteneciente a la familia de los erisif\u00e1ceos (Erysiphaceae). La familia de los erisif\u00e1ceos abarca m\u00e1s de 900 especies diferentes. Es conocido m\u00e1s vulgarmente como&nbsp;moho blanco, blanquilla&nbsp;o&nbsp;ceniza. Se deduce que fue introducido en Europa mediante intercambios comerciales con Am\u00e9rica del Norte. En aquel momento produjo grandes da\u00f1os y p\u00e9rdidas, debido al [&hellip;]","protected":false},"author":1,"featured_media":1981,"comment_status":"closed","ping_status":"closed","sticky":false,"template":"","format":"standard","meta":{"loftocean-featured-post":"","loftocean_post_format_gallery":"","loftocean_post_format_gallery_ids":"","loftocean_post_format_gallery_urls":"","loftocean_post_format_video_id":"","loftocean_post_format_video_url":"","loftocean_post_format_video_type":"","loftocean_post_format_video":"","loftocean_post_format_audio_type":"","loftocean_post_format_audio_url":"","loftocean_post_format_audio_id":"","loftocean_post_format_audio":"","loftocean_post_format_quote_text":"","loftocean_post_format_quote_byline":"","loftocean_post_format_link_text":"","loftocean_post_format_link_url":"","ceramag_post_header_style":"","ceramag_enable_background_video":"","ceramag_show_in_top_slider":"","ceramag_post_background_video_start":"","ceramag_post_background_video_end":"","loftocean_page_background_video_id":"","loftocean_page_background_video_url":"","loftocean_page_background_video_type":"","loftocean_page_background_video":"","ceramag_background_video_start":"","ceramag_background_video_end":"","ceramag_single_page_hide_header":"","footnotes":""},"categories":[711],"tags":[],"class_list":["post-1980","post","type-post","status-publish","format-standard","has-post-thumbnail","hentry","category-cultivo"],"yoast_head":"<!-- This site is optimized with the Yoast SEO plugin v24.9 - https:\/\/yoast.com\/wordpress\/plugins\/seo\/ -->\n<title>El o\u00eddio es un hongo blanquecino recurrente en los cultivos de cannabis<\/title>\n<meta name=\"description\" content=\"Entrada &#8226; Portal multimedia sobre cannabis y otras sustancias &#8226; 17 julio, 2019\" \/>\n<meta name=\"robots\" content=\"index, follow, max-snippet:-1, max-image-preview:large, max-video-preview:-1\" \/>\n<link rel=\"canonical\" href=\"https:\/\/www.cannabis.es\/pw\/2019\/07\/17\/el-oidio-es-un-hongo-blanquecino-recurrente-en-los-cultivos-de-cannabis\/\" \/>\n<meta name=\"twitter:card\" content=\"summary_large_image\" \/>\n<meta name=\"twitter:title\" content=\"El o\u00eddio es un hongo blanquecino recurrente en los cultivos de cannabis\" \/>\n<meta name=\"twitter:description\" content=\"Entrada &#8226; Portal multimedia sobre cannabis y otras sustancias &#8226; 17 julio, 2019\" \/>\n<meta name=\"twitter:image\" content=\"https:\/\/www.cannabis.es\/pw\/wp-content\/uploads\/2020\/05\/PORTADA_CANNABISES_OIDIO.jpg\" \/>\n<meta name=\"twitter:creator\" content=\"@cannabis_es\" \/>\n<meta name=\"twitter:site\" content=\"@cannabis_es\" \/>\n<meta name=\"twitter:label1\" content=\"Escrito por\" \/>\n\t<meta name=\"twitter:data1\" content=\"Cannabis.es\" \/>\n\t<meta name=\"twitter:label2\" content=\"Tiempo de lectura\" \/>\n\t<meta name=\"twitter:data2\" content=\"4 minutos\" \/>\n<script type=\"application\/ld+json\" class=\"yoast-schema-graph\">{\"@context\":\"https:\/\/schema.org\",\"@graph\":[{\"@type\":\"Article\",\"@id\":\"https:\/\/www.cannabis.es\/pw\/2019\/07\/17\/el-oidio-es-un-hongo-blanquecino-recurrente-en-los-cultivos-de-cannabis\/#article\",\"isPartOf\":{\"@id\":\"https:\/\/www.cannabis.es\/pw\/2019\/07\/17\/el-oidio-es-un-hongo-blanquecino-recurrente-en-los-cultivos-de-cannabis\/\"},\"author\":{\"name\":\"Cannabis.es\",\"@id\":\"https:\/\/www.cannabis.es\/pw\/#\/schema\/person\/e2fbd204580cf4fe74c79b82bc447374\"},\"headline\":\"El o\u00eddio es un hongo blanquecino recurrente en los cultivos de cannabis\",\"datePublished\":\"2019-07-17T13:20:36+00:00\",\"dateModified\":\"2020-08-28T11:41:38+00:00\",\"mainEntityOfPage\":{\"@id\":\"https:\/\/www.cannabis.es\/pw\/2019\/07\/17\/el-oidio-es-un-hongo-blanquecino-recurrente-en-los-cultivos-de-cannabis\/\"},\"wordCount\":868,\"publisher\":{\"@id\":\"https:\/\/www.cannabis.es\/pw\/#organization\"},\"image\":{\"@id\":\"https:\/\/www.cannabis.es\/pw\/2019\/07\/17\/el-oidio-es-un-hongo-blanquecino-recurrente-en-los-cultivos-de-cannabis\/#primaryimage\"},\"thumbnailUrl\":\"https:\/\/www.cannabis.es\/pw\/wp-content\/uploads\/2020\/05\/PORTADA_CANNABISES_OIDIO.jpg\",\"articleSection\":[\"Cultivo\"],\"inLanguage\":\"es\"},{\"@type\":\"WebPage\",\"@id\":\"https:\/\/www.cannabis.es\/pw\/2019\/07\/17\/el-oidio-es-un-hongo-blanquecino-recurrente-en-los-cultivos-de-cannabis\/\",\"url\":\"https:\/\/www.cannabis.es\/pw\/2019\/07\/17\/el-oidio-es-un-hongo-blanquecino-recurrente-en-los-cultivos-de-cannabis\/\",\"name\":\"El o\u00eddio es un hongo blanquecino recurrente en los cultivos de cannabis\",\"isPartOf\":{\"@id\":\"https:\/\/www.cannabis.es\/pw\/#website\"},\"primaryImageOfPage\":{\"@id\":\"https:\/\/www.cannabis.es\/pw\/2019\/07\/17\/el-oidio-es-un-hongo-blanquecino-recurrente-en-los-cultivos-de-cannabis\/#primaryimage\"},\"image\":{\"@id\":\"https:\/\/www.cannabis.es\/pw\/2019\/07\/17\/el-oidio-es-un-hongo-blanquecino-recurrente-en-los-cultivos-de-cannabis\/#primaryimage\"},\"thumbnailUrl\":\"https:\/\/www.cannabis.es\/pw\/wp-content\/uploads\/2020\/05\/PORTADA_CANNABISES_OIDIO.jpg\",\"datePublished\":\"2019-07-17T13:20:36+00:00\",\"dateModified\":\"2020-08-28T11:41:38+00:00\",\"description\":\"Entrada &#8226; Portal multimedia sobre cannabis y otras sustancias &#8226; 17 julio, 2019\",\"breadcrumb\":{\"@id\":\"https:\/\/www.cannabis.es\/pw\/2019\/07\/17\/el-oidio-es-un-hongo-blanquecino-recurrente-en-los-cultivos-de-cannabis\/#breadcrumb\"},\"inLanguage\":\"es\",\"potentialAction\":[{\"@type\":\"ReadAction\",\"target\":[\"https:\/\/www.cannabis.es\/pw\/2019\/07\/17\/el-oidio-es-un-hongo-blanquecino-recurrente-en-los-cultivos-de-cannabis\/\"]}]},{\"@type\":\"ImageObject\",\"inLanguage\":\"es\",\"@id\":\"https:\/\/www.cannabis.es\/pw\/2019\/07\/17\/el-oidio-es-un-hongo-blanquecino-recurrente-en-los-cultivos-de-cannabis\/#primaryimage\",\"url\":\"https:\/\/www.cannabis.es\/pw\/wp-content\/uploads\/2020\/05\/PORTADA_CANNABISES_OIDIO.jpg\",\"contentUrl\":\"https:\/\/www.cannabis.es\/pw\/wp-content\/uploads\/2020\/05\/PORTADA_CANNABISES_OIDIO.jpg\",\"width\":959,\"height\":475},{\"@type\":\"BreadcrumbList\",\"@id\":\"https:\/\/www.cannabis.es\/pw\/2019\/07\/17\/el-oidio-es-un-hongo-blanquecino-recurrente-en-los-cultivos-de-cannabis\/#breadcrumb\",\"itemListElement\":[{\"@type\":\"ListItem\",\"position\":1,\"name\":\"Portada\",\"item\":\"http:\/\/www.cannabis.es\/pw\/\"},{\"@type\":\"ListItem\",\"position\":2,\"name\":\"El o\u00eddio es un hongo blanquecino recurrente en los cultivos de cannabis\"}]},{\"@type\":\"WebSite\",\"@id\":\"https:\/\/www.cannabis.es\/pw\/#website\",\"url\":\"https:\/\/www.cannabis.es\/pw\/\",\"name\":\"Cannabis\",\"description\":\"Portal multimedia sobre cannabis y otras sustancias\",\"publisher\":{\"@id\":\"https:\/\/www.cannabis.es\/pw\/#organization\"},\"potentialAction\":[{\"@type\":\"SearchAction\",\"target\":{\"@type\":\"EntryPoint\",\"urlTemplate\":\"https:\/\/www.cannabis.es\/pw\/?s={search_term_string}\"},\"query-input\":{\"@type\":\"PropertyValueSpecification\",\"valueRequired\":true,\"valueName\":\"search_term_string\"}}],\"inLanguage\":\"es\"},{\"@type\":\"Organization\",\"@id\":\"https:\/\/www.cannabis.es\/pw\/#organization\",\"name\":\"Cannabis.es\",\"url\":\"https:\/\/www.cannabis.es\/pw\/\",\"logo\":{\"@type\":\"ImageObject\",\"inLanguage\":\"es\",\"@id\":\"https:\/\/www.cannabis.es\/pw\/#\/schema\/logo\/image\/\",\"url\":\"https:\/\/www.cannabis.es\/pw\/wp-content\/uploads\/2019\/04\/cropped-logo_cannabis.png\",\"contentUrl\":\"https:\/\/www.cannabis.es\/pw\/wp-content\/uploads\/2019\/04\/cropped-logo_cannabis.png\",\"width\":361,\"height\":120,\"caption\":\"Cannabis.es\"},\"image\":{\"@id\":\"https:\/\/www.cannabis.es\/pw\/#\/schema\/logo\/image\/\"},\"sameAs\":[\"https:\/\/x.com\/cannabis_es\"]},{\"@type\":\"Person\",\"@id\":\"https:\/\/www.cannabis.es\/pw\/#\/schema\/person\/e2fbd204580cf4fe74c79b82bc447374\",\"name\":\"Cannabis.es\",\"image\":{\"@type\":\"ImageObject\",\"inLanguage\":\"es\",\"@id\":\"https:\/\/www.cannabis.es\/pw\/#\/schema\/person\/image\/\",\"url\":\"https:\/\/secure.gravatar.com\/avatar\/4375b1eb6e272e2e48a4b8a8def52e5f208151f555bb5906da616906ee6dd2e8?s=96&d=mm&r=g\",\"contentUrl\":\"https:\/\/secure.gravatar.com\/avatar\/4375b1eb6e272e2e48a4b8a8def52e5f208151f555bb5906da616906ee6dd2e8?s=96&d=mm&r=g\",\"caption\":\"Cannabis.es\"},\"url\":\"https:\/\/www.cannabis.es\/pw\/author\/cannabis\/\"}]}<\/script>\n<!-- \/ Yoast SEO plugin. -->","yoast_head_json":{"title":"El o\u00eddio es un hongo blanquecino recurrente en los cultivos de cannabis","description":"Entrada &#8226; Portal multimedia sobre cannabis y otras sustancias &#8226; 17 julio, 2019","robots":{"index":"index","follow":"follow","max-snippet":"max-snippet:-1","max-image-preview":"max-image-preview:large","max-video-preview":"max-video-preview:-1"},"canonical":"https:\/\/www.cannabis.es\/pw\/2019\/07\/17\/el-oidio-es-un-hongo-blanquecino-recurrente-en-los-cultivos-de-cannabis\/","twitter_card":"summary_large_image","twitter_title":"El o\u00eddio es un hongo blanquecino recurrente en los cultivos de cannabis","twitter_description":"Entrada &#8226; Portal multimedia sobre cannabis y otras sustancias &#8226; 17 julio, 2019","twitter_image":"https:\/\/www.cannabis.es\/pw\/wp-content\/uploads\/2020\/05\/PORTADA_CANNABISES_OIDIO.jpg","twitter_creator":"@cannabis_es","twitter_site":"@cannabis_es","twitter_misc":{"Escrito por":"Cannabis.es","Tiempo de lectura":"4 minutos"},"schema":{"@context":"https:\/\/schema.org","@graph":[{"@type":"Article","@id":"https:\/\/www.cannabis.es\/pw\/2019\/07\/17\/el-oidio-es-un-hongo-blanquecino-recurrente-en-los-cultivos-de-cannabis\/#article","isPartOf":{"@id":"https:\/\/www.cannabis.es\/pw\/2019\/07\/17\/el-oidio-es-un-hongo-blanquecino-recurrente-en-los-cultivos-de-cannabis\/"},"author":{"name":"Cannabis.es","@id":"https:\/\/www.cannabis.es\/pw\/#\/schema\/person\/e2fbd204580cf4fe74c79b82bc447374"},"headline":"El o\u00eddio es un hongo blanquecino recurrente en los cultivos de cannabis","datePublished":"2019-07-17T13:20:36+00:00","dateModified":"2020-08-28T11:41:38+00:00","mainEntityOfPage":{"@id":"https:\/\/www.cannabis.es\/pw\/2019\/07\/17\/el-oidio-es-un-hongo-blanquecino-recurrente-en-los-cultivos-de-cannabis\/"},"wordCount":868,"publisher":{"@id":"https:\/\/www.cannabis.es\/pw\/#organization"},"image":{"@id":"https:\/\/www.cannabis.es\/pw\/2019\/07\/17\/el-oidio-es-un-hongo-blanquecino-recurrente-en-los-cultivos-de-cannabis\/#primaryimage"},"thumbnailUrl":"https:\/\/www.cannabis.es\/pw\/wp-content\/uploads\/2020\/05\/PORTADA_CANNABISES_OIDIO.jpg","articleSection":["Cultivo"],"inLanguage":"es"},{"@type":"WebPage","@id":"https:\/\/www.cannabis.es\/pw\/2019\/07\/17\/el-oidio-es-un-hongo-blanquecino-recurrente-en-los-cultivos-de-cannabis\/","url":"https:\/\/www.cannabis.es\/pw\/2019\/07\/17\/el-oidio-es-un-hongo-blanquecino-recurrente-en-los-cultivos-de-cannabis\/","name":"El o\u00eddio es un hongo blanquecino recurrente en los cultivos de cannabis","isPartOf":{"@id":"https:\/\/www.cannabis.es\/pw\/#website"},"primaryImageOfPage":{"@id":"https:\/\/www.cannabis.es\/pw\/2019\/07\/17\/el-oidio-es-un-hongo-blanquecino-recurrente-en-los-cultivos-de-cannabis\/#primaryimage"},"image":{"@id":"https:\/\/www.cannabis.es\/pw\/2019\/07\/17\/el-oidio-es-un-hongo-blanquecino-recurrente-en-los-cultivos-de-cannabis\/#primaryimage"},"thumbnailUrl":"https:\/\/www.cannabis.es\/pw\/wp-content\/uploads\/2020\/05\/PORTADA_CANNABISES_OIDIO.jpg","datePublished":"2019-07-17T13:20:36+00:00","dateModified":"2020-08-28T11:41:38+00:00","description":"Entrada &#8226; Portal multimedia sobre cannabis y otras sustancias &#8226; 17 julio, 2019","breadcrumb":{"@id":"https:\/\/www.cannabis.es\/pw\/2019\/07\/17\/el-oidio-es-un-hongo-blanquecino-recurrente-en-los-cultivos-de-cannabis\/#breadcrumb"},"inLanguage":"es","potentialAction":[{"@type":"ReadAction","target":["https:\/\/www.cannabis.es\/pw\/2019\/07\/17\/el-oidio-es-un-hongo-blanquecino-recurrente-en-los-cultivos-de-cannabis\/"]}]},{"@type":"ImageObject","inLanguage":"es","@id":"https:\/\/www.cannabis.es\/pw\/2019\/07\/17\/el-oidio-es-un-hongo-blanquecino-recurrente-en-los-cultivos-de-cannabis\/#primaryimage","url":"https:\/\/www.cannabis.es\/pw\/wp-content\/uploads\/2020\/05\/PORTADA_CANNABISES_OIDIO.jpg","contentUrl":"https:\/\/www.cannabis.es\/pw\/wp-content\/uploads\/2020\/05\/PORTADA_CANNABISES_OIDIO.jpg","width":959,"height":475},{"@type":"BreadcrumbList","@id":"https:\/\/www.cannabis.es\/pw\/2019\/07\/17\/el-oidio-es-un-hongo-blanquecino-recurrente-en-los-cultivos-de-cannabis\/#breadcrumb","itemListElement":[{"@type":"ListItem","position":1,"name":"Portada","item":"http:\/\/www.cannabis.es\/pw\/"},{"@type":"ListItem","position":2,"name":"El o\u00eddio es un hongo blanquecino recurrente en los cultivos de cannabis"}]},{"@type":"WebSite","@id":"https:\/\/www.cannabis.es\/pw\/#website","url":"https:\/\/www.cannabis.es\/pw\/","name":"Cannabis","description":"Portal multimedia sobre cannabis y otras sustancias","publisher":{"@id":"https:\/\/www.cannabis.es\/pw\/#organization"},"potentialAction":[{"@type":"SearchAction","target":{"@type":"EntryPoint","urlTemplate":"https:\/\/www.cannabis.es\/pw\/?s={search_term_string}"},"query-input":{"@type":"PropertyValueSpecification","valueRequired":true,"valueName":"search_term_string"}}],"inLanguage":"es"},{"@type":"Organization","@id":"https:\/\/www.cannabis.es\/pw\/#organization","name":"Cannabis.es","url":"https:\/\/www.cannabis.es\/pw\/","logo":{"@type":"ImageObject","inLanguage":"es","@id":"https:\/\/www.cannabis.es\/pw\/#\/schema\/logo\/image\/","url":"https:\/\/www.cannabis.es\/pw\/wp-content\/uploads\/2019\/04\/cropped-logo_cannabis.png","contentUrl":"https:\/\/www.cannabis.es\/pw\/wp-content\/uploads\/2019\/04\/cropped-logo_cannabis.png","width":361,"height":120,"caption":"Cannabis.es"},"image":{"@id":"https:\/\/www.cannabis.es\/pw\/#\/schema\/logo\/image\/"},"sameAs":["https:\/\/x.com\/cannabis_es"]},{"@type":"Person","@id":"https:\/\/www.cannabis.es\/pw\/#\/schema\/person\/e2fbd204580cf4fe74c79b82bc447374","name":"Cannabis.es","image":{"@type":"ImageObject","inLanguage":"es","@id":"https:\/\/www.cannabis.es\/pw\/#\/schema\/person\/image\/","url":"https:\/\/secure.gravatar.com\/avatar\/4375b1eb6e272e2e48a4b8a8def52e5f208151f555bb5906da616906ee6dd2e8?s=96&d=mm&r=g","contentUrl":"https:\/\/secure.gravatar.com\/avatar\/4375b1eb6e272e2e48a4b8a8def52e5f208151f555bb5906da616906ee6dd2e8?s=96&d=mm&r=g","caption":"Cannabis.es"},"url":"https:\/\/www.cannabis.es\/pw\/author\/cannabis\/"}]}},"_links":{"self":[{"href":"https:\/\/www.cannabis.es\/pw\/wp-json\/wp\/v2\/posts\/1980","targetHints":{"allow":["GET"]}}],"collection":[{"href":"https:\/\/www.cannabis.es\/pw\/wp-json\/wp\/v2\/posts"}],"about":[{"href":"https:\/\/www.cannabis.es\/pw\/wp-json\/wp\/v2\/types\/post"}],"author":[{"embeddable":true,"href":"https:\/\/www.cannabis.es\/pw\/wp-json\/wp\/v2\/users\/1"}],"replies":[{"embeddable":true,"href":"https:\/\/www.cannabis.es\/pw\/wp-json\/wp\/v2\/comments?post=1980"}],"version-history":[{"count":1,"href":"https:\/\/www.cannabis.es\/pw\/wp-json\/wp\/v2\/posts\/1980\/revisions"}],"predecessor-version":[{"id":1982,"href":"https:\/\/www.cannabis.es\/pw\/wp-json\/wp\/v2\/posts\/1980\/revisions\/1982"}],"wp:featuredmedia":[{"embeddable":true,"href":"https:\/\/www.cannabis.es\/pw\/wp-json\/wp\/v2\/media\/1981"}],"wp:attachment":[{"href":"https:\/\/www.cannabis.es\/pw\/wp-json\/wp\/v2\/media?parent=1980"}],"wp:term":[{"taxonomy":"category","embeddable":true,"href":"https:\/\/www.cannabis.es\/pw\/wp-json\/wp\/v2\/categories?post=1980"},{"taxonomy":"post_tag","embeddable":true,"href":"https:\/\/www.cannabis.es\/pw\/wp-json\/wp\/v2\/tags?post=1980"}],"curies":[{"name":"wp","href":"https:\/\/api.w.org\/{rel}","templated":true}]}}