{"id":1992,"date":"2019-06-28T15:28:00","date_gmt":"2019-06-28T13:28:00","guid":{"rendered":"http:\/\/www.cannabis.es\/pw\/?p=1992"},"modified":"2020-08-31T12:06:30","modified_gmt":"2020-08-31T10:06:30","slug":"la-congresista-alexandria-ocasio-cortez-por-la-legalizacion-del-cannabis-en-eeuu","status":"publish","type":"post","link":"https:\/\/www.cannabis.es\/pw\/2019\/06\/28\/la-congresista-alexandria-ocasio-cortez-por-la-legalizacion-del-cannabis-en-eeuu\/","title":{"rendered":"La congresista Alexandria Ocasio-Cortez, por la legalizaci\u00f3n del cannabis en EEUU"},"content":{"rendered":"\n<p>Benito D\u00edaz<\/p>\n\n\n\n<p>Su nombre salt\u00f3 a los titulares de la prensa mundial el pasado 8 de junio. La congresista dem\u00f3crata Alexandria Ocasio-Cortez, conocida en las redes como AOC), lanzaba una propuesta legislativa en la cual propon\u00eda derribar el muro impuesto a las investigaciones cient\u00edficas con psilocibina y MDMA en Estados Unidos.<\/p>\n\n\n\n<hr class=\"wp-block-separator\"\/>\n\n\n\n<p>La propuesta es una enmienda a un proyecto de ley preexistente sobre una de las ramas de financiaci\u00f3n para el a\u00f1o 2020. Eliminar\u00eda la concepci\u00f3n por la cual&nbsp;<em>\u201cse proh\u00edbe gastar dinero federal en cualquier actividad que promueva la legalizaci\u00f3n de la droga u otras substancias de la Lista I de Sustancias Prohibidas\u201d.&nbsp;<\/em>Seg\u00fan el resumen de la propuesta de Cortez,&nbsp;<em>\u00ablos acad\u00e9micos y los cient\u00edficos informan que disposiciones como esta crean estigma y obst\u00e1culos log\u00edsticos insuperables para la investigaci\u00f3n de medicamentos provenientes de la lista I\u201d.<\/em>&nbsp;Recordamos que ya en Denver, Colorado, se permite el consumo de&nbsp;<a href=\"http:\/\/www.cannabis.es\/pw\/2019\/06\/26\/denver-despenaliza-los-hongos-alucinogenos\/\">hongos&nbsp;alucin\u00f3genos,&nbsp;ayahuasca o la&nbsp;iboga\u00edna.<\/a><\/p>\n\n\n\n<p>Las propuestas de&nbsp;<a href=\"https:\/\/twitter.com\/AOC\">la congresista Cortez<\/a>&nbsp;al respecto de las drogas no terminan ah\u00ed. El 14 de&nbsp;febrero, la congresista mantuvo una dura comparecencia en la c\u00e1mara de representantes, en la cual&nbsp;asegur\u00f3&nbsp;que se est\u00e1 produciendo una&nbsp;<strong>injusticia racial en el tema del&nbsp;<\/strong><strong>c<\/strong><strong>annabis<\/strong>. La encarcelaci\u00f3n en masa de personas latinas o afrodescendientes por delitos relacionados con el&nbsp;cannabis&nbsp;supone un perjuicio social que se traduce en mayores dificultades laborales para estos grupos perjudicados,&nbsp;a los que despu\u00e9s las empresas buscan para beneficiarse de mano de obra barata,&nbsp;y les excluye de emprender proyectos empresariales si tienen antecedentes ante una posible legalizaci\u00f3n. Adem\u00e1s, mientras dura la c\u00e1rcel, algunos penitentes se ven obligados&nbsp;a trabajar a un sueldo esclavo&nbsp;por la ley estadounidense.<\/p>\n\n\n\n<p>A la vez, se fomenta un sistema de licencias car\u00edsimo que impide que se integren en el sector cann\u00e1bico, o al menos como propietarios, los sectores sociales que antes hab\u00edan trabajado en la marginalidad. Esto se traduce en que ser\u00e1n personas blancas en su gran mayor\u00eda las propietarias de los negocios, aunque culturalmente no haya sido el grupo \u00e9tnico con un uso arraigado.<\/p>\n\n\n\n<p><em>\u201cLa legalizaci\u00f3n est\u00e1 agravando la brecha racial entre empresas ricas dirigidas por blancos que se benefician de la encarcelaci\u00f3n en masa\u201d&nbsp;<\/em>declar\u00f3 la delegada.<em>&nbsp;\u00abLo que parece, es que las personas que se beneficiaron del encarcelamiento con fines de lucro, se benefician primero de la legalizaci\u00f3n de la marihuana, mientras que las comunidades m\u00e1s afectadas son las \u00faltimas en llegar. En el estado de Massachusetts, solo el 3.1% de los negocios de marihuana en el estado eran propiedad de minor\u00edas, y el 2.2% era propiedad de mujeres. \u00bfEs esta industria representativa de las comunidades que hist\u00f3ricamente han soportado la mayor parte de la injusticia basada en la prohibici\u00f3n de la marihuana?\u00bb.<\/em><\/p>\n\n\n\n<p>Recordemos que la tasa de arresto por marihuana en 2014 en la ciudad de Nueva York para personas afrodescendientes fue cuatro veces mayor que la de personas blancas. El Bronx tiene una de las tasas m\u00e1s altas de arrestos por cannabis del pa\u00eds. Sin embargo, los propietarios de dispensarios afrodescendientes representan tan solo el 1% de las 3000 tiendas minoristas que existen en todo el pa\u00eds.<\/p>\n\n\n\n<p>Esa misma semana, AOC declar\u00f3 a la cadena TMZ que no tendr\u00eda ninguna objeci\u00f3n para aceptar a un presidente que consumiera cannabis.&nbsp;<em>\u201cNo me importa, est\u00e1 bien para m\u00ed. No est\u00e1s haciendo da\u00f1o a nadie\u2026 Creo que la gente suele huir de ello, pero solo tenemos que aceptar que no hay nada m\u00e1s da\u00f1ino inherente a la marihuana que, digamos, sustancias legales como el alcohol o cualquier otra cosa. Hay mucha gente que bebe, \u00bfcu\u00e1l es la diferencia?\u201d<\/em><em>,&nbsp;<\/em>pregunt\u00f3 la congresista Cortez.&nbsp;<em>\u201cMe alegro de que nos estamos moviendo hacia una posici\u00f3n m\u00e1s justa como partido y que estamos movi\u00e9ndonos, no solo para legalizar la&nbsp;<\/em><em>m<\/em><em>arihuana, sino tambi\u00e9n para&nbsp;<\/em><em><strong>compensar los da\u00f1os causados por la Guerra contra las Drogas<\/strong><\/em><em>&nbsp;y las personas que fueron injustamente encarceladas\u201d.<\/em><\/p>\n\n\n\n<p><strong>Ocasio- Cortez, congresista de EEUU<\/strong><\/p>\n\n\n\n<p>Nacida en 1989, en el seno de una familia trabajadora del Bronx. De ascendencia puertorrique\u00f1a, la joven AOC cursa Econom\u00eda y Relaciones Internacionales en Yorktown. Al terminar su carrera, encuentra trabajo como directora educativa. La crisis econ\u00f3mica golpe\u00f3 a su familia, lo que la oblig\u00f3 a aceptar un trabajo por horas como camarera para ayudar a su madre, que trabajaba como limpiadora. Dada su experiencia trabajando para Ted Kennedy, en 2016 entra de lleno en pol\u00edtica al participar en la campa\u00f1a de Bernie Sanders.<\/p>\n\n\n\n<p>Tras la victoria de Trump, la indignaci\u00f3n se extendi\u00f3 entre los representantes dem\u00f3cratas. En Mayo de 2017, se presenta como candidata a las primarias de NYC, aplastando a uno de los pesos pesados del partido dem\u00f3crata.&nbsp;<em>\u201cNunca me imagin\u00e9 present\u00e1ndome a un cargo por mi cuenta. Desechaba esa posibilidad porque sent\u00eda que ya se me hab\u00eda descartado. Sent\u00eda que la \u00fanica manera de presentarme a un cargo p\u00fablico era teniendo acceso a la riqueza, a la influencia social y yo no ten\u00eda nada de eso\u201d,<\/em>&nbsp;asegur\u00f3 en una entrevista a New York Magazine.<\/p>\n\n\n\n<p>Su estrategia se ha basado en una constante referencia a las bases del partido, a trav\u00e9s de sus mensajes en la c\u00e1mara y de sus apariciones en redes sociales, al m\u00e1s puro estilo millenial. Comprometida con el Green Deal y los ecologistas, la congresista, de tan solo 28 a\u00f1os de edad, ya causa furor en Internet donde cientos de fans&nbsp;<a href=\"https:\/\/www.instagram.com\/ocasio2018\/?hl=es\">aguardan su video de cocina<\/a>&nbsp;casera todas las semanas.<\/p>\n","protected":false},"excerpt":{"rendered":"<span class=\"span-reading-time rt-reading-time\" style=\"display: block;\"><span class=\"rt-label rt-prefix\">Tiempo de lectura:<\/span> <span class=\"rt-time\"> 3<\/span> <span class=\"rt-label rt-postfix\">minutos<\/span><\/span>Benito D\u00edaz Su nombre salt\u00f3 a los titulares de la prensa mundial el pasado 8 de junio. La congresista dem\u00f3crata Alexandria Ocasio-Cortez, conocida en las redes como AOC), lanzaba una propuesta legislativa en la cual propon\u00eda derribar el muro impuesto a las investigaciones cient\u00edficas con psilocibina y MDMA en Estados Unidos. La propuesta es una [&hellip;]","protected":false},"author":1,"featured_media":1993,"comment_status":"closed","ping_status":"closed","sticky":false,"template":"","format":"standard","meta":{"loftocean-featured-post":"","loftocean_post_format_gallery":"","loftocean_post_format_gallery_ids":"","loftocean_post_format_gallery_urls":"","loftocean_post_format_video_id":"","loftocean_post_format_video_url":"","loftocean_post_format_video_type":"","loftocean_post_format_video":"","loftocean_post_format_audio_type":"","loftocean_post_format_audio_url":"","loftocean_post_format_audio_id":"","loftocean_post_format_audio":"","loftocean_post_format_quote_text":"","loftocean_post_format_quote_byline":"","loftocean_post_format_link_text":"","loftocean_post_format_link_url":"","ceramag_post_header_style":"","ceramag_enable_background_video":"","ceramag_show_in_top_slider":"","ceramag_post_background_video_start":"","ceramag_post_background_video_end":"","loftocean_page_background_video_id":"","loftocean_page_background_video_url":"","loftocean_page_background_video_type":"","loftocean_page_background_video":"","ceramag_background_video_start":"","ceramag_background_video_end":"","ceramag_single_page_hide_header":"","footnotes":""},"categories":[35],"tags":[43,41,429,690,461,40],"class_list":["post-1992","post","type-post","status-publish","format-standard","has-post-thumbnail","hentry","category-politica-y-sociedad","tag-benito-diaz","tag-cannabis","tag-eeuu","tag-guerra-contra-las-drogas","tag-guerracontralasdrogas","tag-marihuana"],"yoast_head":"<!-- This site is optimized with the Yoast SEO plugin v24.9 - https:\/\/yoast.com\/wordpress\/plugins\/seo\/ -->\n<title>La congresista Alexandria Ocasio-Cortez, por la legalizaci\u00f3n del cannabis en EEUU<\/title>\n<meta name=\"description\" content=\"Entrada &#8226; Portal multimedia sobre cannabis y otras sustancias &#8226; 28 junio, 2019\" \/>\n<meta name=\"robots\" content=\"index, follow, max-snippet:-1, max-image-preview:large, max-video-preview:-1\" \/>\n<link rel=\"canonical\" href=\"https:\/\/www.cannabis.es\/pw\/2019\/06\/28\/la-congresista-alexandria-ocasio-cortez-por-la-legalizacion-del-cannabis-en-eeuu\/\" \/>\n<meta name=\"twitter:card\" content=\"summary_large_image\" \/>\n<meta name=\"twitter:title\" content=\"La congresista Alexandria Ocasio-Cortez, por la legalizaci\u00f3n del cannabis en EEUU\" \/>\n<meta name=\"twitter:description\" content=\"Entrada &#8226; Portal multimedia sobre cannabis y otras sustancias &#8226; 28 junio, 2019\" \/>\n<meta name=\"twitter:image\" content=\"https:\/\/www.cannabis.es\/pw\/wp-content\/uploads\/2020\/05\/Alejandra-Ocasio-1.jpg\" \/>\n<meta name=\"twitter:creator\" content=\"@cannabis_es\" \/>\n<meta name=\"twitter:site\" content=\"@cannabis_es\" \/>\n<meta name=\"twitter:label1\" content=\"Escrito por\" \/>\n\t<meta name=\"twitter:data1\" content=\"Cannabis.es\" \/>\n\t<meta name=\"twitter:label2\" content=\"Tiempo de lectura\" \/>\n\t<meta name=\"twitter:data2\" content=\"5 minutos\" \/>\n<script type=\"application\/ld+json\" class=\"yoast-schema-graph\">{\"@context\":\"https:\/\/schema.org\",\"@graph\":[{\"@type\":\"Article\",\"@id\":\"https:\/\/www.cannabis.es\/pw\/2019\/06\/28\/la-congresista-alexandria-ocasio-cortez-por-la-legalizacion-del-cannabis-en-eeuu\/#article\",\"isPartOf\":{\"@id\":\"https:\/\/www.cannabis.es\/pw\/2019\/06\/28\/la-congresista-alexandria-ocasio-cortez-por-la-legalizacion-del-cannabis-en-eeuu\/\"},\"author\":{\"name\":\"Cannabis.es\",\"@id\":\"https:\/\/www.cannabis.es\/pw\/#\/schema\/person\/e2fbd204580cf4fe74c79b82bc447374\"},\"headline\":\"La congresista Alexandria Ocasio-Cortez, por la legalizaci\u00f3n del cannabis en EEUU\",\"datePublished\":\"2019-06-28T13:28:00+00:00\",\"dateModified\":\"2020-08-31T10:06:30+00:00\",\"mainEntityOfPage\":{\"@id\":\"https:\/\/www.cannabis.es\/pw\/2019\/06\/28\/la-congresista-alexandria-ocasio-cortez-por-la-legalizacion-del-cannabis-en-eeuu\/\"},\"wordCount\":999,\"publisher\":{\"@id\":\"https:\/\/www.cannabis.es\/pw\/#organization\"},\"image\":{\"@id\":\"https:\/\/www.cannabis.es\/pw\/2019\/06\/28\/la-congresista-alexandria-ocasio-cortez-por-la-legalizacion-del-cannabis-en-eeuu\/#primaryimage\"},\"thumbnailUrl\":\"https:\/\/www.cannabis.es\/pw\/wp-content\/uploads\/2020\/05\/Alejandra-Ocasio-1.jpg\",\"keywords\":[\"Benito D\u00edaz\",\"cannabis\",\"EEUU\",\"guerra contra las drogas\",\"guerracontralasdrogas\",\"marihuana\"],\"articleSection\":[\"Pol\u00edtica y Sociedad\"],\"inLanguage\":\"es\"},{\"@type\":\"WebPage\",\"@id\":\"https:\/\/www.cannabis.es\/pw\/2019\/06\/28\/la-congresista-alexandria-ocasio-cortez-por-la-legalizacion-del-cannabis-en-eeuu\/\",\"url\":\"https:\/\/www.cannabis.es\/pw\/2019\/06\/28\/la-congresista-alexandria-ocasio-cortez-por-la-legalizacion-del-cannabis-en-eeuu\/\",\"name\":\"La congresista Alexandria Ocasio-Cortez, por la legalizaci\u00f3n del cannabis en EEUU\",\"isPartOf\":{\"@id\":\"https:\/\/www.cannabis.es\/pw\/#website\"},\"primaryImageOfPage\":{\"@id\":\"https:\/\/www.cannabis.es\/pw\/2019\/06\/28\/la-congresista-alexandria-ocasio-cortez-por-la-legalizacion-del-cannabis-en-eeuu\/#primaryimage\"},\"image\":{\"@id\":\"https:\/\/www.cannabis.es\/pw\/2019\/06\/28\/la-congresista-alexandria-ocasio-cortez-por-la-legalizacion-del-cannabis-en-eeuu\/#primaryimage\"},\"thumbnailUrl\":\"https:\/\/www.cannabis.es\/pw\/wp-content\/uploads\/2020\/05\/Alejandra-Ocasio-1.jpg\",\"datePublished\":\"2019-06-28T13:28:00+00:00\",\"dateModified\":\"2020-08-31T10:06:30+00:00\",\"description\":\"Entrada &#8226; Portal multimedia sobre cannabis y otras sustancias &#8226; 28 junio, 2019\",\"breadcrumb\":{\"@id\":\"https:\/\/www.cannabis.es\/pw\/2019\/06\/28\/la-congresista-alexandria-ocasio-cortez-por-la-legalizacion-del-cannabis-en-eeuu\/#breadcrumb\"},\"inLanguage\":\"es\",\"potentialAction\":[{\"@type\":\"ReadAction\",\"target\":[\"https:\/\/www.cannabis.es\/pw\/2019\/06\/28\/la-congresista-alexandria-ocasio-cortez-por-la-legalizacion-del-cannabis-en-eeuu\/\"]}]},{\"@type\":\"ImageObject\",\"inLanguage\":\"es\",\"@id\":\"https:\/\/www.cannabis.es\/pw\/2019\/06\/28\/la-congresista-alexandria-ocasio-cortez-por-la-legalizacion-del-cannabis-en-eeuu\/#primaryimage\",\"url\":\"https:\/\/www.cannabis.es\/pw\/wp-content\/uploads\/2020\/05\/Alejandra-Ocasio-1.jpg\",\"contentUrl\":\"https:\/\/www.cannabis.es\/pw\/wp-content\/uploads\/2020\/05\/Alejandra-Ocasio-1.jpg\",\"width\":959,\"height\":475},{\"@type\":\"BreadcrumbList\",\"@id\":\"https:\/\/www.cannabis.es\/pw\/2019\/06\/28\/la-congresista-alexandria-ocasio-cortez-por-la-legalizacion-del-cannabis-en-eeuu\/#breadcrumb\",\"itemListElement\":[{\"@type\":\"ListItem\",\"position\":1,\"name\":\"Portada\",\"item\":\"http:\/\/www.cannabis.es\/pw\/\"},{\"@type\":\"ListItem\",\"position\":2,\"name\":\"La congresista Alexandria Ocasio-Cortez, por la legalizaci\u00f3n del cannabis en EEUU\"}]},{\"@type\":\"WebSite\",\"@id\":\"https:\/\/www.cannabis.es\/pw\/#website\",\"url\":\"https:\/\/www.cannabis.es\/pw\/\",\"name\":\"Cannabis\",\"description\":\"Portal multimedia sobre cannabis y otras sustancias\",\"publisher\":{\"@id\":\"https:\/\/www.cannabis.es\/pw\/#organization\"},\"potentialAction\":[{\"@type\":\"SearchAction\",\"target\":{\"@type\":\"EntryPoint\",\"urlTemplate\":\"https:\/\/www.cannabis.es\/pw\/?s={search_term_string}\"},\"query-input\":{\"@type\":\"PropertyValueSpecification\",\"valueRequired\":true,\"valueName\":\"search_term_string\"}}],\"inLanguage\":\"es\"},{\"@type\":\"Organization\",\"@id\":\"https:\/\/www.cannabis.es\/pw\/#organization\",\"name\":\"Cannabis.es\",\"url\":\"https:\/\/www.cannabis.es\/pw\/\",\"logo\":{\"@type\":\"ImageObject\",\"inLanguage\":\"es\",\"@id\":\"https:\/\/www.cannabis.es\/pw\/#\/schema\/logo\/image\/\",\"url\":\"https:\/\/www.cannabis.es\/pw\/wp-content\/uploads\/2019\/04\/cropped-logo_cannabis.png\",\"contentUrl\":\"https:\/\/www.cannabis.es\/pw\/wp-content\/uploads\/2019\/04\/cropped-logo_cannabis.png\",\"width\":361,\"height\":120,\"caption\":\"Cannabis.es\"},\"image\":{\"@id\":\"https:\/\/www.cannabis.es\/pw\/#\/schema\/logo\/image\/\"},\"sameAs\":[\"https:\/\/x.com\/cannabis_es\"]},{\"@type\":\"Person\",\"@id\":\"https:\/\/www.cannabis.es\/pw\/#\/schema\/person\/e2fbd204580cf4fe74c79b82bc447374\",\"name\":\"Cannabis.es\",\"image\":{\"@type\":\"ImageObject\",\"inLanguage\":\"es\",\"@id\":\"https:\/\/www.cannabis.es\/pw\/#\/schema\/person\/image\/\",\"url\":\"https:\/\/secure.gravatar.com\/avatar\/4375b1eb6e272e2e48a4b8a8def52e5f208151f555bb5906da616906ee6dd2e8?s=96&d=mm&r=g\",\"contentUrl\":\"https:\/\/secure.gravatar.com\/avatar\/4375b1eb6e272e2e48a4b8a8def52e5f208151f555bb5906da616906ee6dd2e8?s=96&d=mm&r=g\",\"caption\":\"Cannabis.es\"},\"url\":\"https:\/\/www.cannabis.es\/pw\/author\/cannabis\/\"}]}<\/script>\n<!-- \/ Yoast SEO plugin. -->","yoast_head_json":{"title":"La congresista Alexandria Ocasio-Cortez, por la legalizaci\u00f3n del cannabis en EEUU","description":"Entrada &#8226; Portal multimedia sobre cannabis y otras sustancias &#8226; 28 junio, 2019","robots":{"index":"index","follow":"follow","max-snippet":"max-snippet:-1","max-image-preview":"max-image-preview:large","max-video-preview":"max-video-preview:-1"},"canonical":"https:\/\/www.cannabis.es\/pw\/2019\/06\/28\/la-congresista-alexandria-ocasio-cortez-por-la-legalizacion-del-cannabis-en-eeuu\/","twitter_card":"summary_large_image","twitter_title":"La congresista Alexandria Ocasio-Cortez, por la legalizaci\u00f3n del cannabis en EEUU","twitter_description":"Entrada &#8226; Portal multimedia sobre cannabis y otras sustancias &#8226; 28 junio, 2019","twitter_image":"https:\/\/www.cannabis.es\/pw\/wp-content\/uploads\/2020\/05\/Alejandra-Ocasio-1.jpg","twitter_creator":"@cannabis_es","twitter_site":"@cannabis_es","twitter_misc":{"Escrito por":"Cannabis.es","Tiempo de lectura":"5 minutos"},"schema":{"@context":"https:\/\/schema.org","@graph":[{"@type":"Article","@id":"https:\/\/www.cannabis.es\/pw\/2019\/06\/28\/la-congresista-alexandria-ocasio-cortez-por-la-legalizacion-del-cannabis-en-eeuu\/#article","isPartOf":{"@id":"https:\/\/www.cannabis.es\/pw\/2019\/06\/28\/la-congresista-alexandria-ocasio-cortez-por-la-legalizacion-del-cannabis-en-eeuu\/"},"author":{"name":"Cannabis.es","@id":"https:\/\/www.cannabis.es\/pw\/#\/schema\/person\/e2fbd204580cf4fe74c79b82bc447374"},"headline":"La congresista Alexandria Ocasio-Cortez, por la legalizaci\u00f3n del cannabis en EEUU","datePublished":"2019-06-28T13:28:00+00:00","dateModified":"2020-08-31T10:06:30+00:00","mainEntityOfPage":{"@id":"https:\/\/www.cannabis.es\/pw\/2019\/06\/28\/la-congresista-alexandria-ocasio-cortez-por-la-legalizacion-del-cannabis-en-eeuu\/"},"wordCount":999,"publisher":{"@id":"https:\/\/www.cannabis.es\/pw\/#organization"},"image":{"@id":"https:\/\/www.cannabis.es\/pw\/2019\/06\/28\/la-congresista-alexandria-ocasio-cortez-por-la-legalizacion-del-cannabis-en-eeuu\/#primaryimage"},"thumbnailUrl":"https:\/\/www.cannabis.es\/pw\/wp-content\/uploads\/2020\/05\/Alejandra-Ocasio-1.jpg","keywords":["Benito D\u00edaz","cannabis","EEUU","guerra contra las drogas","guerracontralasdrogas","marihuana"],"articleSection":["Pol\u00edtica y Sociedad"],"inLanguage":"es"},{"@type":"WebPage","@id":"https:\/\/www.cannabis.es\/pw\/2019\/06\/28\/la-congresista-alexandria-ocasio-cortez-por-la-legalizacion-del-cannabis-en-eeuu\/","url":"https:\/\/www.cannabis.es\/pw\/2019\/06\/28\/la-congresista-alexandria-ocasio-cortez-por-la-legalizacion-del-cannabis-en-eeuu\/","name":"La congresista Alexandria Ocasio-Cortez, por la legalizaci\u00f3n del cannabis en EEUU","isPartOf":{"@id":"https:\/\/www.cannabis.es\/pw\/#website"},"primaryImageOfPage":{"@id":"https:\/\/www.cannabis.es\/pw\/2019\/06\/28\/la-congresista-alexandria-ocasio-cortez-por-la-legalizacion-del-cannabis-en-eeuu\/#primaryimage"},"image":{"@id":"https:\/\/www.cannabis.es\/pw\/2019\/06\/28\/la-congresista-alexandria-ocasio-cortez-por-la-legalizacion-del-cannabis-en-eeuu\/#primaryimage"},"thumbnailUrl":"https:\/\/www.cannabis.es\/pw\/wp-content\/uploads\/2020\/05\/Alejandra-Ocasio-1.jpg","datePublished":"2019-06-28T13:28:00+00:00","dateModified":"2020-08-31T10:06:30+00:00","description":"Entrada &#8226; Portal multimedia sobre cannabis y otras sustancias &#8226; 28 junio, 2019","breadcrumb":{"@id":"https:\/\/www.cannabis.es\/pw\/2019\/06\/28\/la-congresista-alexandria-ocasio-cortez-por-la-legalizacion-del-cannabis-en-eeuu\/#breadcrumb"},"inLanguage":"es","potentialAction":[{"@type":"ReadAction","target":["https:\/\/www.cannabis.es\/pw\/2019\/06\/28\/la-congresista-alexandria-ocasio-cortez-por-la-legalizacion-del-cannabis-en-eeuu\/"]}]},{"@type":"ImageObject","inLanguage":"es","@id":"https:\/\/www.cannabis.es\/pw\/2019\/06\/28\/la-congresista-alexandria-ocasio-cortez-por-la-legalizacion-del-cannabis-en-eeuu\/#primaryimage","url":"https:\/\/www.cannabis.es\/pw\/wp-content\/uploads\/2020\/05\/Alejandra-Ocasio-1.jpg","contentUrl":"https:\/\/www.cannabis.es\/pw\/wp-content\/uploads\/2020\/05\/Alejandra-Ocasio-1.jpg","width":959,"height":475},{"@type":"BreadcrumbList","@id":"https:\/\/www.cannabis.es\/pw\/2019\/06\/28\/la-congresista-alexandria-ocasio-cortez-por-la-legalizacion-del-cannabis-en-eeuu\/#breadcrumb","itemListElement":[{"@type":"ListItem","position":1,"name":"Portada","item":"http:\/\/www.cannabis.es\/pw\/"},{"@type":"ListItem","position":2,"name":"La congresista Alexandria Ocasio-Cortez, por la legalizaci\u00f3n del cannabis en EEUU"}]},{"@type":"WebSite","@id":"https:\/\/www.cannabis.es\/pw\/#website","url":"https:\/\/www.cannabis.es\/pw\/","name":"Cannabis","description":"Portal multimedia sobre cannabis y otras sustancias","publisher":{"@id":"https:\/\/www.cannabis.es\/pw\/#organization"},"potentialAction":[{"@type":"SearchAction","target":{"@type":"EntryPoint","urlTemplate":"https:\/\/www.cannabis.es\/pw\/?s={search_term_string}"},"query-input":{"@type":"PropertyValueSpecification","valueRequired":true,"valueName":"search_term_string"}}],"inLanguage":"es"},{"@type":"Organization","@id":"https:\/\/www.cannabis.es\/pw\/#organization","name":"Cannabis.es","url":"https:\/\/www.cannabis.es\/pw\/","logo":{"@type":"ImageObject","inLanguage":"es","@id":"https:\/\/www.cannabis.es\/pw\/#\/schema\/logo\/image\/","url":"https:\/\/www.cannabis.es\/pw\/wp-content\/uploads\/2019\/04\/cropped-logo_cannabis.png","contentUrl":"https:\/\/www.cannabis.es\/pw\/wp-content\/uploads\/2019\/04\/cropped-logo_cannabis.png","width":361,"height":120,"caption":"Cannabis.es"},"image":{"@id":"https:\/\/www.cannabis.es\/pw\/#\/schema\/logo\/image\/"},"sameAs":["https:\/\/x.com\/cannabis_es"]},{"@type":"Person","@id":"https:\/\/www.cannabis.es\/pw\/#\/schema\/person\/e2fbd204580cf4fe74c79b82bc447374","name":"Cannabis.es","image":{"@type":"ImageObject","inLanguage":"es","@id":"https:\/\/www.cannabis.es\/pw\/#\/schema\/person\/image\/","url":"https:\/\/secure.gravatar.com\/avatar\/4375b1eb6e272e2e48a4b8a8def52e5f208151f555bb5906da616906ee6dd2e8?s=96&d=mm&r=g","contentUrl":"https:\/\/secure.gravatar.com\/avatar\/4375b1eb6e272e2e48a4b8a8def52e5f208151f555bb5906da616906ee6dd2e8?s=96&d=mm&r=g","caption":"Cannabis.es"},"url":"https:\/\/www.cannabis.es\/pw\/author\/cannabis\/"}]}},"_links":{"self":[{"href":"https:\/\/www.cannabis.es\/pw\/wp-json\/wp\/v2\/posts\/1992","targetHints":{"allow":["GET"]}}],"collection":[{"href":"https:\/\/www.cannabis.es\/pw\/wp-json\/wp\/v2\/posts"}],"about":[{"href":"https:\/\/www.cannabis.es\/pw\/wp-json\/wp\/v2\/types\/post"}],"author":[{"embeddable":true,"href":"https:\/\/www.cannabis.es\/pw\/wp-json\/wp\/v2\/users\/1"}],"replies":[{"embeddable":true,"href":"https:\/\/www.cannabis.es\/pw\/wp-json\/wp\/v2\/comments?post=1992"}],"version-history":[{"count":3,"href":"https:\/\/www.cannabis.es\/pw\/wp-json\/wp\/v2\/posts\/1992\/revisions"}],"predecessor-version":[{"id":5973,"href":"https:\/\/www.cannabis.es\/pw\/wp-json\/wp\/v2\/posts\/1992\/revisions\/5973"}],"wp:featuredmedia":[{"embeddable":true,"href":"https:\/\/www.cannabis.es\/pw\/wp-json\/wp\/v2\/media\/1993"}],"wp:attachment":[{"href":"https:\/\/www.cannabis.es\/pw\/wp-json\/wp\/v2\/media?parent=1992"}],"wp:term":[{"taxonomy":"category","embeddable":true,"href":"https:\/\/www.cannabis.es\/pw\/wp-json\/wp\/v2\/categories?post=1992"},{"taxonomy":"post_tag","embeddable":true,"href":"https:\/\/www.cannabis.es\/pw\/wp-json\/wp\/v2\/tags?post=1992"}],"curies":[{"name":"wp","href":"https:\/\/api.w.org\/{rel}","templated":true}]}}