{"id":2007,"date":"2019-05-24T15:38:00","date_gmt":"2019-05-24T13:38:00","guid":{"rendered":"http:\/\/www.cannabis.es\/pw\/?p=2007"},"modified":"2020-09-04T12:58:09","modified_gmt":"2020-09-04T10:58:09","slug":"conoce-a-nuestra-veterana-activista-enjuiciada-la-feminista-cannabica-fernanda-de-la-figuera","status":"publish","type":"post","link":"https:\/\/www.cannabis.es\/pw\/2019\/05\/24\/conoce-a-nuestra-veterana-activista-enjuiciada-la-feminista-cannabica-fernanda-de-la-figuera\/","title":{"rendered":"Conoce a nuestra veterana activista enjuiciada, la feminista cann\u00e1bica Fernanda de la Figuera"},"content":{"rendered":"\n<p>Benito D\u00edaz<\/p>\n\n\n\n<p>Fernanda de la Figuera naci\u00f3 en Madrid en la d\u00e9cada de 1940. Declarada feminista y libertaria, su larga carrera como&nbsp;<strong>activista<\/strong>&nbsp;la sit\u00faa como una figura clave para comprender el movimiento cann\u00e1bico en nuestro pa\u00eds. En la actualidad, Fernanda, tambi\u00e9n conocida como la&nbsp;<a href=\"https:\/\/twitter.com\/AbuelaMarihuana\">\u201cAbuela&nbsp;de la&nbsp;marihuana\u201d,<\/a>&nbsp;enfrenta una serie de cargos para los cuales la Fiscal\u00eda exige su ingreso en prisi\u00f3n durante cuatro a\u00f1os. Desde Cannabis.es hemos querido conocer de primera mano la versi\u00f3n de esta m\u00edtica luchadora por la libertad.<\/p>\n\n\n\n<hr class=\"wp-block-separator\"\/>\n\n\n\n<p>Fernanda consume cannabis&nbsp;<strong>desde los a\u00f1os 60<\/strong>. Antes, nos cuenta, la hab\u00eda probado. Alguna calada a cigarrillos de hach\u00eds y marihuana, pero cercano el a\u00f1o 67 o 68 empez\u00f3 a consumir regularmente.&nbsp;<em>\u201cEra una ni\u00f1a rebelde:&nbsp;<strong>hab\u00eda que luchar, cambiar la Espa\u00f1a de Franco<\/strong>. Estudi\u00e9 periodismo y ejerc\u00eda como reportera. Me sol\u00edan mandar a cubrir los conciertos de una sala fabulosa, una cueva llamada Whisky Jazz, en la calle Marqu\u00e9s de Villamagna. All\u00ed los m\u00fasicos se met\u00edan unos trujas fant\u00e1sticos\u201d<\/em><em>,&nbsp;<\/em>narra Fernanda.<\/p>\n\n\n\n<p>\u201c<em>Casi desde que empec\u00e9 a consumir, comenc\u00e9 en el activismo cann\u00e1bico\u201d<\/em>. A\u00f1os despu\u00e9s, Fernanda se traslada a&nbsp;<strong>M\u00e1laga, donde establece su hogar y su cultivo<\/strong>. En el a\u00f1o 1993, tras recibir la visita de unos compa\u00f1eros de la Asociaci\u00f3n Ram\u00f3n Santos de Estudios sobre el Cannabis (ARSEC) y comprender el funcionamiento de las Asociaciones Cann\u00e1bicas, Fernanda decide formar la&nbsp;<a href=\"https:\/\/twitter.com\/AndaluciaArseca\">asociaci\u00f3n ARSEC-A<\/a>&nbsp;(ARSEC-Andaluc\u00eda).&nbsp;<em>\u201cMe pareci\u00f3 una maravilla lo que hab\u00edan conseguido los catalanes. Cultivo colectivo, movimiento de protesta, eran cosas que no exist\u00edan y pens\u00e9 que quer\u00eda hacer lo mismo que esta gente\u201d,<\/em>&nbsp;expresa.<\/p>\n\n\n\n<p>En el a\u00f1o 1995, un Guardia Civil registra la peque\u00f1a huerta de Fernanda, incaut\u00e1ndose de la marihuana plantada, junto a tomates y ma\u00edz. A la finalizaci\u00f3n del juicio, la sentencia, que reconoce el valor terap\u00e9utico de sus cultivos, exculpa y absuelve a Fernanda de la Figuera, incluyendo un permiso legal para cultivar cannabis en su propiedad que la convierte de facto en la primera cultivadora autorizada de nuestro pa\u00eds.&nbsp;<em>\u201cLes dije que era socia de la ARSEC, una activista. No me dedicaba, ni me he dedicado nunca a la venta, he tenido un buen trabajo en el mercado inmobiliario\u201d<\/em><em>.<\/em><\/p>\n\n\n\n<p>En 1998, Fernanda organiza la primera \u201cfiesta cann\u00e1bica\u201d, bajo el t\u00edtulo de&nbsp;<strong>La Bella Flor<\/strong>, en un centro social de C\u00f3rdoba. Acudieron m\u00e1s de 300 personas&nbsp;y&nbsp;se celebraron charlas con m\u00e9dicos, abogados, activistas\u2026&nbsp;<em>\u201cEra como la Spannabis solo que en privado. Sin<\/em><em>&nbsp;publicidad ni ventas, lo llev\u00e1bamos entre amigos\u201d<\/em><em>.&nbsp;<\/em>Una reuni\u00f3n que le a\u00fapa a un puesto de reconocimiento dentro de los c\u00edrculos cann\u00e1bicos, siendo ya presidenta honoraria de ARSECA. M\u00e1s tarde, en 2002, cofundar\u00eda en el Partido Cann\u00e1bico Valenciano&nbsp;y la Federaci\u00f3n de Asociaciones Cann\u00e1bicas. En 2008, encabeza la lista de&nbsp;<a href=\"https:\/\/twitter.com\/RCN_NOK\">Representaci\u00f3n Cann\u00e1bica Navarra.<\/a><\/p>\n\n\n\n<p>En 2010 funda la asociaci\u00f3n&nbsp;<strong>Mar\u00edas x Mar\u00eda<\/strong>, un lugar de profunda inspiraci\u00f3n feminista&nbsp;<strong>destinad<\/strong><strong>o<\/strong><strong>&nbsp;a mujeres con problemas,<\/strong>&nbsp;pues, seg\u00fan Fernanda, tienen muchos m\u00e1s problemas para encontrar cannabis que los hombres.&nbsp;<em>\u201cUn hombre sale a la calle y enseguida encuentra un dealer, pero las mujeres lo tienen m\u00e1s complicado. Les ense\u00f1o a cultivar, a aprovechar las bondades de la planta para sus problemas femeninos, como los dolores menstruales, molestias del embarazo\u2026 Es una medicina natural, se usaba para lo mismo hace 5.000 a\u00f1os, no vamos a descubrir nada nuevo\u201d.<\/em><\/p>\n\n\n\n<p>En&nbsp;<strong>2014, la polic\u00eda entra de nuevo en su casa<\/strong>&nbsp;para incautar la&nbsp;marihuana destinada a MXM. Requisados 10 kilos de&nbsp;cannabis, es requerida por la justicia y acude a los Juzgados de M\u00e1laga, donde,&nbsp;<a href=\"http:\/\/www.cannabis.es\/pw\/2019\/05\/10\/sin-documentacion-original-ni-testimonios-en-el-juicio-a-la-activista-mas-veterana\/\">debido a la&nbsp;presentaci\u00f3n de fotocopias en lugar de los documentos originales y la ausencia del testimonio de dos Guardias Civiles<\/a>, el juicio se ve aplazado hasta el d\u00eda 30 de octubre.<\/p>\n\n\n\n<p><em>\u201c<\/em><em>Si tengo 10 socias, necesitar\u00e9 10 plantas.&nbsp;<strong>Si tengo 100 socias, necesitar\u00e9 100 plantas<\/strong>&nbsp;para abastecernos durante todo un a\u00f1o. No hay mala voluntad, cubrimos necesidades. A veces, algunas plantas no salen y otras salen muy grandes. En ning\u00fan momento hemos tenido intenci\u00f3n de venta. Se habr\u00eda podido hacer de otra manera, pero pensamos que \u00e9sta era la mejor\u201d<\/em>, explica Fernanda, a\u00f1adiendo que guarda la esperanza de que se haga justicia y se le permita seguir cultivando.<\/p>\n\n\n\n<p>\u201c<em><strong>La&nbsp;marihuana es como el pan o el tabaco, un producto necesario y no reemplazable. Si no fuera por los americanos, que, por motivos esp\u00fareos como son la especulaci\u00f3n en el mercado del Nylon, determinaron que el&nbsp;c\u00e1\u00f1amo era ilegal, se hubieran evitado doctrinas prohibicionistas en todo el mundo\u201d<\/strong>,&nbsp;<\/em>expone. Hablamos de la situaci\u00f3n de la&nbsp;marihuana en Espa\u00f1a y Fernanda nos aclara que todo est\u00e1 en la mano de los pol\u00edticos:&nbsp;<em>\u201cSe deben reconocer los derechos de los consumidores, de los autocultivadores y de los consumidores terap\u00e9uticos, sin dar carta blanca a las grandes empresas. La legalizaci\u00f3n deber\u00eda llegar en el corto plazo\u201d,<\/em>&nbsp;asegura.&nbsp;<em>\u201c<a href=\"http:\/\/www.cannabis.es\/pw\/2018\/07\/06\/peticiones-de-regulacion-del-cannabis-llegan-hasta-el-congreso-junto-a-no-somos-delito\/\">PSOE y Podemos deber\u00edan<\/a>&nbsp;hacer algo, promover una ley que regule el autocultivo\u201d.<\/em><\/p>\n\n\n\n<p>\u201c<em>Prefiero que mi hija fume&nbsp;<\/em><em>m<\/em><em>arihuana que tabaco. El tabaco me destroz\u00f3 los pulmones y ahora tengo un mont\u00f3n de problemas por esa causa. A las mujeres j\u00f3venes, les dir\u00eda que el tabaco mata; la&nbsp;<\/em><em>m<\/em><em>arihuana da la vida. Te quita los dolores, la angustia, el estr\u00e9s. Conozco a mucha gente que le funciona; si a ti te va bien, adelante. Solo t\u00fa sabes lo qu<\/em><em>\u00e9<\/em><em>&nbsp;te va bien\u201d.<\/em><\/p>\n\n\n\n<p><strong>Fernanda de la Figuera se plantea retirarse la escena p\u00fablica, siendo \u00e9sta una de sus \u00faltimas entrevistas<\/strong>. En declaraciones a este medio, explica su delicado estado de salud y su intenci\u00f3n de vender su propiedad en Alhaur\u00edn El Grande a cualquier interesadx que quiera ponerse en contacto con ella.<\/p>\n","protected":false},"excerpt":{"rendered":"<span class=\"span-reading-time rt-reading-time\" style=\"display: block;\"><span class=\"rt-label rt-prefix\">Tiempo de lectura:<\/span> <span class=\"rt-time\"> 3<\/span> <span class=\"rt-label rt-postfix\">minutos<\/span><\/span>Benito D\u00edaz Fernanda de la Figuera naci\u00f3 en Madrid en la d\u00e9cada de 1940. Declarada feminista y libertaria, su larga carrera como&nbsp;activista&nbsp;la sit\u00faa como una figura clave para comprender el movimiento cann\u00e1bico en nuestro pa\u00eds. En la actualidad, Fernanda, tambi\u00e9n conocida como la&nbsp;\u201cAbuela&nbsp;de la&nbsp;marihuana\u201d,&nbsp;enfrenta una serie de cargos para los cuales la Fiscal\u00eda exige su [&hellip;]","protected":false},"author":1,"featured_media":2008,"comment_status":"closed","ping_status":"closed","sticky":false,"template":"","format":"standard","meta":{"loftocean-featured-post":"","loftocean_post_format_gallery":"","loftocean_post_format_gallery_ids":"","loftocean_post_format_gallery_urls":"","loftocean_post_format_video_id":"","loftocean_post_format_video_url":"","loftocean_post_format_video_type":"","loftocean_post_format_video":"","loftocean_post_format_audio_type":"","loftocean_post_format_audio_url":"","loftocean_post_format_audio_id":"","loftocean_post_format_audio":"","loftocean_post_format_quote_text":"","loftocean_post_format_quote_byline":"","loftocean_post_format_link_text":"","loftocean_post_format_link_url":"","ceramag_post_header_style":"","ceramag_enable_background_video":"","ceramag_show_in_top_slider":"","ceramag_post_background_video_start":"","ceramag_post_background_video_end":"","loftocean_page_background_video_id":"","loftocean_page_background_video_url":"","loftocean_page_background_video_type":"","loftocean_page_background_video":"","ceramag_background_video_start":"","ceramag_background_video_end":"","ceramag_single_page_hide_header":"","footnotes":""},"categories":[33],"tags":[43,41,398,61,40],"class_list":["post-2007","post","type-post","status-publish","format-standard","has-post-thumbnail","hentry","category-entrevistas","tag-benito-diaz","tag-cannabis","tag-csc","tag-cultivo","tag-marihuana"],"yoast_head":"<!-- This site is optimized with the Yoast SEO plugin v24.9 - https:\/\/yoast.com\/wordpress\/plugins\/seo\/ -->\n<title>Conoce a nuestra veterana activista enjuiciada, la feminista cann\u00e1bica Fernanda de la Figuera<\/title>\n<meta name=\"description\" content=\"Entrada &#8226; Portal multimedia sobre cannabis y otras sustancias &#8226; 24 mayo, 2019\" \/>\n<meta name=\"robots\" content=\"index, follow, max-snippet:-1, max-image-preview:large, max-video-preview:-1\" \/>\n<link rel=\"canonical\" href=\"https:\/\/www.cannabis.es\/pw\/2019\/05\/24\/conoce-a-nuestra-veterana-activista-enjuiciada-la-feminista-cannabica-fernanda-de-la-figuera\/\" \/>\n<meta name=\"twitter:card\" content=\"summary_large_image\" \/>\n<meta name=\"twitter:title\" content=\"Conoce a nuestra veterana activista enjuiciada, la feminista cann\u00e1bica Fernanda de la Figuera\" \/>\n<meta name=\"twitter:description\" content=\"Entrada &#8226; Portal multimedia sobre cannabis y otras sustancias &#8226; 24 mayo, 2019\" \/>\n<meta name=\"twitter:image\" content=\"https:\/\/www.cannabis.es\/pw\/wp-content\/uploads\/2020\/05\/entrevista-fernanda.jpg\" \/>\n<meta name=\"twitter:creator\" content=\"@cannabis_es\" \/>\n<meta name=\"twitter:site\" content=\"@cannabis_es\" \/>\n<meta name=\"twitter:label1\" content=\"Escrito por\" \/>\n\t<meta name=\"twitter:data1\" content=\"Cannabis.es\" \/>\n\t<meta name=\"twitter:label2\" content=\"Tiempo de lectura\" \/>\n\t<meta name=\"twitter:data2\" content=\"5 minutos\" \/>\n<script type=\"application\/ld+json\" class=\"yoast-schema-graph\">{\"@context\":\"https:\/\/schema.org\",\"@graph\":[{\"@type\":\"Article\",\"@id\":\"https:\/\/www.cannabis.es\/pw\/2019\/05\/24\/conoce-a-nuestra-veterana-activista-enjuiciada-la-feminista-cannabica-fernanda-de-la-figuera\/#article\",\"isPartOf\":{\"@id\":\"https:\/\/www.cannabis.es\/pw\/2019\/05\/24\/conoce-a-nuestra-veterana-activista-enjuiciada-la-feminista-cannabica-fernanda-de-la-figuera\/\"},\"author\":{\"name\":\"Cannabis.es\",\"@id\":\"https:\/\/www.cannabis.es\/pw\/#\/schema\/person\/e2fbd204580cf4fe74c79b82bc447374\"},\"headline\":\"Conoce a nuestra veterana activista enjuiciada, la feminista cann\u00e1bica Fernanda de la Figuera\",\"datePublished\":\"2019-05-24T13:38:00+00:00\",\"dateModified\":\"2020-09-04T10:58:09+00:00\",\"mainEntityOfPage\":{\"@id\":\"https:\/\/www.cannabis.es\/pw\/2019\/05\/24\/conoce-a-nuestra-veterana-activista-enjuiciada-la-feminista-cannabica-fernanda-de-la-figuera\/\"},\"wordCount\":1068,\"publisher\":{\"@id\":\"https:\/\/www.cannabis.es\/pw\/#organization\"},\"image\":{\"@id\":\"https:\/\/www.cannabis.es\/pw\/2019\/05\/24\/conoce-a-nuestra-veterana-activista-enjuiciada-la-feminista-cannabica-fernanda-de-la-figuera\/#primaryimage\"},\"thumbnailUrl\":\"https:\/\/www.cannabis.es\/pw\/wp-content\/uploads\/2020\/05\/entrevista-fernanda.jpg\",\"keywords\":[\"Benito D\u00edaz\",\"cannabis\",\"CSC\",\"cultivo\",\"marihuana\"],\"articleSection\":[\"Entrevistas\"],\"inLanguage\":\"es\"},{\"@type\":\"WebPage\",\"@id\":\"https:\/\/www.cannabis.es\/pw\/2019\/05\/24\/conoce-a-nuestra-veterana-activista-enjuiciada-la-feminista-cannabica-fernanda-de-la-figuera\/\",\"url\":\"https:\/\/www.cannabis.es\/pw\/2019\/05\/24\/conoce-a-nuestra-veterana-activista-enjuiciada-la-feminista-cannabica-fernanda-de-la-figuera\/\",\"name\":\"Conoce a nuestra veterana activista enjuiciada, la feminista cann\u00e1bica Fernanda de la Figuera\",\"isPartOf\":{\"@id\":\"https:\/\/www.cannabis.es\/pw\/#website\"},\"primaryImageOfPage\":{\"@id\":\"https:\/\/www.cannabis.es\/pw\/2019\/05\/24\/conoce-a-nuestra-veterana-activista-enjuiciada-la-feminista-cannabica-fernanda-de-la-figuera\/#primaryimage\"},\"image\":{\"@id\":\"https:\/\/www.cannabis.es\/pw\/2019\/05\/24\/conoce-a-nuestra-veterana-activista-enjuiciada-la-feminista-cannabica-fernanda-de-la-figuera\/#primaryimage\"},\"thumbnailUrl\":\"https:\/\/www.cannabis.es\/pw\/wp-content\/uploads\/2020\/05\/entrevista-fernanda.jpg\",\"datePublished\":\"2019-05-24T13:38:00+00:00\",\"dateModified\":\"2020-09-04T10:58:09+00:00\",\"description\":\"Entrada &#8226; Portal multimedia sobre cannabis y otras sustancias &#8226; 24 mayo, 2019\",\"breadcrumb\":{\"@id\":\"https:\/\/www.cannabis.es\/pw\/2019\/05\/24\/conoce-a-nuestra-veterana-activista-enjuiciada-la-feminista-cannabica-fernanda-de-la-figuera\/#breadcrumb\"},\"inLanguage\":\"es\",\"potentialAction\":[{\"@type\":\"ReadAction\",\"target\":[\"https:\/\/www.cannabis.es\/pw\/2019\/05\/24\/conoce-a-nuestra-veterana-activista-enjuiciada-la-feminista-cannabica-fernanda-de-la-figuera\/\"]}]},{\"@type\":\"ImageObject\",\"inLanguage\":\"es\",\"@id\":\"https:\/\/www.cannabis.es\/pw\/2019\/05\/24\/conoce-a-nuestra-veterana-activista-enjuiciada-la-feminista-cannabica-fernanda-de-la-figuera\/#primaryimage\",\"url\":\"https:\/\/www.cannabis.es\/pw\/wp-content\/uploads\/2020\/05\/entrevista-fernanda.jpg\",\"contentUrl\":\"https:\/\/www.cannabis.es\/pw\/wp-content\/uploads\/2020\/05\/entrevista-fernanda.jpg\",\"width\":959,\"height\":475},{\"@type\":\"BreadcrumbList\",\"@id\":\"https:\/\/www.cannabis.es\/pw\/2019\/05\/24\/conoce-a-nuestra-veterana-activista-enjuiciada-la-feminista-cannabica-fernanda-de-la-figuera\/#breadcrumb\",\"itemListElement\":[{\"@type\":\"ListItem\",\"position\":1,\"name\":\"Portada\",\"item\":\"http:\/\/www.cannabis.es\/pw\/\"},{\"@type\":\"ListItem\",\"position\":2,\"name\":\"Conoce a nuestra veterana activista enjuiciada, la feminista cann\u00e1bica Fernanda de la Figuera\"}]},{\"@type\":\"WebSite\",\"@id\":\"https:\/\/www.cannabis.es\/pw\/#website\",\"url\":\"https:\/\/www.cannabis.es\/pw\/\",\"name\":\"Cannabis\",\"description\":\"Portal multimedia sobre cannabis y otras sustancias\",\"publisher\":{\"@id\":\"https:\/\/www.cannabis.es\/pw\/#organization\"},\"potentialAction\":[{\"@type\":\"SearchAction\",\"target\":{\"@type\":\"EntryPoint\",\"urlTemplate\":\"https:\/\/www.cannabis.es\/pw\/?s={search_term_string}\"},\"query-input\":{\"@type\":\"PropertyValueSpecification\",\"valueRequired\":true,\"valueName\":\"search_term_string\"}}],\"inLanguage\":\"es\"},{\"@type\":\"Organization\",\"@id\":\"https:\/\/www.cannabis.es\/pw\/#organization\",\"name\":\"Cannabis.es\",\"url\":\"https:\/\/www.cannabis.es\/pw\/\",\"logo\":{\"@type\":\"ImageObject\",\"inLanguage\":\"es\",\"@id\":\"https:\/\/www.cannabis.es\/pw\/#\/schema\/logo\/image\/\",\"url\":\"https:\/\/www.cannabis.es\/pw\/wp-content\/uploads\/2019\/04\/cropped-logo_cannabis.png\",\"contentUrl\":\"https:\/\/www.cannabis.es\/pw\/wp-content\/uploads\/2019\/04\/cropped-logo_cannabis.png\",\"width\":361,\"height\":120,\"caption\":\"Cannabis.es\"},\"image\":{\"@id\":\"https:\/\/www.cannabis.es\/pw\/#\/schema\/logo\/image\/\"},\"sameAs\":[\"https:\/\/x.com\/cannabis_es\"]},{\"@type\":\"Person\",\"@id\":\"https:\/\/www.cannabis.es\/pw\/#\/schema\/person\/e2fbd204580cf4fe74c79b82bc447374\",\"name\":\"Cannabis.es\",\"image\":{\"@type\":\"ImageObject\",\"inLanguage\":\"es\",\"@id\":\"https:\/\/www.cannabis.es\/pw\/#\/schema\/person\/image\/\",\"url\":\"https:\/\/secure.gravatar.com\/avatar\/4375b1eb6e272e2e48a4b8a8def52e5f208151f555bb5906da616906ee6dd2e8?s=96&d=mm&r=g\",\"contentUrl\":\"https:\/\/secure.gravatar.com\/avatar\/4375b1eb6e272e2e48a4b8a8def52e5f208151f555bb5906da616906ee6dd2e8?s=96&d=mm&r=g\",\"caption\":\"Cannabis.es\"},\"url\":\"https:\/\/www.cannabis.es\/pw\/author\/cannabis\/\"}]}<\/script>\n<!-- \/ Yoast SEO plugin. -->","yoast_head_json":{"title":"Conoce a nuestra veterana activista enjuiciada, la feminista cann\u00e1bica Fernanda de la Figuera","description":"Entrada &#8226; Portal multimedia sobre cannabis y otras sustancias &#8226; 24 mayo, 2019","robots":{"index":"index","follow":"follow","max-snippet":"max-snippet:-1","max-image-preview":"max-image-preview:large","max-video-preview":"max-video-preview:-1"},"canonical":"https:\/\/www.cannabis.es\/pw\/2019\/05\/24\/conoce-a-nuestra-veterana-activista-enjuiciada-la-feminista-cannabica-fernanda-de-la-figuera\/","twitter_card":"summary_large_image","twitter_title":"Conoce a nuestra veterana activista enjuiciada, la feminista cann\u00e1bica Fernanda de la Figuera","twitter_description":"Entrada &#8226; Portal multimedia sobre cannabis y otras sustancias &#8226; 24 mayo, 2019","twitter_image":"https:\/\/www.cannabis.es\/pw\/wp-content\/uploads\/2020\/05\/entrevista-fernanda.jpg","twitter_creator":"@cannabis_es","twitter_site":"@cannabis_es","twitter_misc":{"Escrito por":"Cannabis.es","Tiempo de lectura":"5 minutos"},"schema":{"@context":"https:\/\/schema.org","@graph":[{"@type":"Article","@id":"https:\/\/www.cannabis.es\/pw\/2019\/05\/24\/conoce-a-nuestra-veterana-activista-enjuiciada-la-feminista-cannabica-fernanda-de-la-figuera\/#article","isPartOf":{"@id":"https:\/\/www.cannabis.es\/pw\/2019\/05\/24\/conoce-a-nuestra-veterana-activista-enjuiciada-la-feminista-cannabica-fernanda-de-la-figuera\/"},"author":{"name":"Cannabis.es","@id":"https:\/\/www.cannabis.es\/pw\/#\/schema\/person\/e2fbd204580cf4fe74c79b82bc447374"},"headline":"Conoce a nuestra veterana activista enjuiciada, la feminista cann\u00e1bica Fernanda de la Figuera","datePublished":"2019-05-24T13:38:00+00:00","dateModified":"2020-09-04T10:58:09+00:00","mainEntityOfPage":{"@id":"https:\/\/www.cannabis.es\/pw\/2019\/05\/24\/conoce-a-nuestra-veterana-activista-enjuiciada-la-feminista-cannabica-fernanda-de-la-figuera\/"},"wordCount":1068,"publisher":{"@id":"https:\/\/www.cannabis.es\/pw\/#organization"},"image":{"@id":"https:\/\/www.cannabis.es\/pw\/2019\/05\/24\/conoce-a-nuestra-veterana-activista-enjuiciada-la-feminista-cannabica-fernanda-de-la-figuera\/#primaryimage"},"thumbnailUrl":"https:\/\/www.cannabis.es\/pw\/wp-content\/uploads\/2020\/05\/entrevista-fernanda.jpg","keywords":["Benito D\u00edaz","cannabis","CSC","cultivo","marihuana"],"articleSection":["Entrevistas"],"inLanguage":"es"},{"@type":"WebPage","@id":"https:\/\/www.cannabis.es\/pw\/2019\/05\/24\/conoce-a-nuestra-veterana-activista-enjuiciada-la-feminista-cannabica-fernanda-de-la-figuera\/","url":"https:\/\/www.cannabis.es\/pw\/2019\/05\/24\/conoce-a-nuestra-veterana-activista-enjuiciada-la-feminista-cannabica-fernanda-de-la-figuera\/","name":"Conoce a nuestra veterana activista enjuiciada, la feminista cann\u00e1bica Fernanda de la Figuera","isPartOf":{"@id":"https:\/\/www.cannabis.es\/pw\/#website"},"primaryImageOfPage":{"@id":"https:\/\/www.cannabis.es\/pw\/2019\/05\/24\/conoce-a-nuestra-veterana-activista-enjuiciada-la-feminista-cannabica-fernanda-de-la-figuera\/#primaryimage"},"image":{"@id":"https:\/\/www.cannabis.es\/pw\/2019\/05\/24\/conoce-a-nuestra-veterana-activista-enjuiciada-la-feminista-cannabica-fernanda-de-la-figuera\/#primaryimage"},"thumbnailUrl":"https:\/\/www.cannabis.es\/pw\/wp-content\/uploads\/2020\/05\/entrevista-fernanda.jpg","datePublished":"2019-05-24T13:38:00+00:00","dateModified":"2020-09-04T10:58:09+00:00","description":"Entrada &#8226; Portal multimedia sobre cannabis y otras sustancias &#8226; 24 mayo, 2019","breadcrumb":{"@id":"https:\/\/www.cannabis.es\/pw\/2019\/05\/24\/conoce-a-nuestra-veterana-activista-enjuiciada-la-feminista-cannabica-fernanda-de-la-figuera\/#breadcrumb"},"inLanguage":"es","potentialAction":[{"@type":"ReadAction","target":["https:\/\/www.cannabis.es\/pw\/2019\/05\/24\/conoce-a-nuestra-veterana-activista-enjuiciada-la-feminista-cannabica-fernanda-de-la-figuera\/"]}]},{"@type":"ImageObject","inLanguage":"es","@id":"https:\/\/www.cannabis.es\/pw\/2019\/05\/24\/conoce-a-nuestra-veterana-activista-enjuiciada-la-feminista-cannabica-fernanda-de-la-figuera\/#primaryimage","url":"https:\/\/www.cannabis.es\/pw\/wp-content\/uploads\/2020\/05\/entrevista-fernanda.jpg","contentUrl":"https:\/\/www.cannabis.es\/pw\/wp-content\/uploads\/2020\/05\/entrevista-fernanda.jpg","width":959,"height":475},{"@type":"BreadcrumbList","@id":"https:\/\/www.cannabis.es\/pw\/2019\/05\/24\/conoce-a-nuestra-veterana-activista-enjuiciada-la-feminista-cannabica-fernanda-de-la-figuera\/#breadcrumb","itemListElement":[{"@type":"ListItem","position":1,"name":"Portada","item":"http:\/\/www.cannabis.es\/pw\/"},{"@type":"ListItem","position":2,"name":"Conoce a nuestra veterana activista enjuiciada, la feminista cann\u00e1bica Fernanda de la Figuera"}]},{"@type":"WebSite","@id":"https:\/\/www.cannabis.es\/pw\/#website","url":"https:\/\/www.cannabis.es\/pw\/","name":"Cannabis","description":"Portal multimedia sobre cannabis y otras sustancias","publisher":{"@id":"https:\/\/www.cannabis.es\/pw\/#organization"},"potentialAction":[{"@type":"SearchAction","target":{"@type":"EntryPoint","urlTemplate":"https:\/\/www.cannabis.es\/pw\/?s={search_term_string}"},"query-input":{"@type":"PropertyValueSpecification","valueRequired":true,"valueName":"search_term_string"}}],"inLanguage":"es"},{"@type":"Organization","@id":"https:\/\/www.cannabis.es\/pw\/#organization","name":"Cannabis.es","url":"https:\/\/www.cannabis.es\/pw\/","logo":{"@type":"ImageObject","inLanguage":"es","@id":"https:\/\/www.cannabis.es\/pw\/#\/schema\/logo\/image\/","url":"https:\/\/www.cannabis.es\/pw\/wp-content\/uploads\/2019\/04\/cropped-logo_cannabis.png","contentUrl":"https:\/\/www.cannabis.es\/pw\/wp-content\/uploads\/2019\/04\/cropped-logo_cannabis.png","width":361,"height":120,"caption":"Cannabis.es"},"image":{"@id":"https:\/\/www.cannabis.es\/pw\/#\/schema\/logo\/image\/"},"sameAs":["https:\/\/x.com\/cannabis_es"]},{"@type":"Person","@id":"https:\/\/www.cannabis.es\/pw\/#\/schema\/person\/e2fbd204580cf4fe74c79b82bc447374","name":"Cannabis.es","image":{"@type":"ImageObject","inLanguage":"es","@id":"https:\/\/www.cannabis.es\/pw\/#\/schema\/person\/image\/","url":"https:\/\/secure.gravatar.com\/avatar\/4375b1eb6e272e2e48a4b8a8def52e5f208151f555bb5906da616906ee6dd2e8?s=96&d=mm&r=g","contentUrl":"https:\/\/secure.gravatar.com\/avatar\/4375b1eb6e272e2e48a4b8a8def52e5f208151f555bb5906da616906ee6dd2e8?s=96&d=mm&r=g","caption":"Cannabis.es"},"url":"https:\/\/www.cannabis.es\/pw\/author\/cannabis\/"}]}},"_links":{"self":[{"href":"https:\/\/www.cannabis.es\/pw\/wp-json\/wp\/v2\/posts\/2007","targetHints":{"allow":["GET"]}}],"collection":[{"href":"https:\/\/www.cannabis.es\/pw\/wp-json\/wp\/v2\/posts"}],"about":[{"href":"https:\/\/www.cannabis.es\/pw\/wp-json\/wp\/v2\/types\/post"}],"author":[{"embeddable":true,"href":"https:\/\/www.cannabis.es\/pw\/wp-json\/wp\/v2\/users\/1"}],"replies":[{"embeddable":true,"href":"https:\/\/www.cannabis.es\/pw\/wp-json\/wp\/v2\/comments?post=2007"}],"version-history":[{"count":3,"href":"https:\/\/www.cannabis.es\/pw\/wp-json\/wp\/v2\/posts\/2007\/revisions"}],"predecessor-version":[{"id":5987,"href":"https:\/\/www.cannabis.es\/pw\/wp-json\/wp\/v2\/posts\/2007\/revisions\/5987"}],"wp:featuredmedia":[{"embeddable":true,"href":"https:\/\/www.cannabis.es\/pw\/wp-json\/wp\/v2\/media\/2008"}],"wp:attachment":[{"href":"https:\/\/www.cannabis.es\/pw\/wp-json\/wp\/v2\/media?parent=2007"}],"wp:term":[{"taxonomy":"category","embeddable":true,"href":"https:\/\/www.cannabis.es\/pw\/wp-json\/wp\/v2\/categories?post=2007"},{"taxonomy":"post_tag","embeddable":true,"href":"https:\/\/www.cannabis.es\/pw\/wp-json\/wp\/v2\/tags?post=2007"}],"curies":[{"name":"wp","href":"https:\/\/api.w.org\/{rel}","templated":true}]}}