{"id":2010,"date":"2019-05-22T15:39:20","date_gmt":"2019-05-22T13:39:20","guid":{"rendered":"http:\/\/www.cannabis.es\/pw\/?p=2010"},"modified":"2020-09-04T12:58:17","modified_gmt":"2020-09-04T10:58:17","slug":"carencia-y-exceso-de-cobre-un-desajuste-poco-comun-pero-danino","status":"publish","type":"post","link":"https:\/\/www.cannabis.es\/pw\/2019\/05\/22\/carencia-y-exceso-de-cobre-un-desajuste-poco-comun-pero-danino\/","title":{"rendered":"Carencia y exceso de cobre, un desajuste poco com\u00fan pero da\u00f1ino"},"content":{"rendered":"\n<p>Ram\u00f3n Souto<\/p>\n\n\n\n<p>En este art\u00edculo explicaremos las caracter\u00edsticas del cobre como micronutriente, aprendiendo a diferenciar un exceso de una carencia de este elemento y a tomar las medidas necesarias para su correcci\u00f3n. Ser\u00e1 el \u00faltimo de la serie de nutrientes.<\/p>\n\n\n\n<hr class=\"wp-block-separator\"\/>\n\n\n\n<p>Aunque, cuando hablamos del cobre (Cu) en el cultivo de cannabis, lo m\u00e1s com\u00fan es nombrarlo como fungicida y bactericida, ya que es una opci\u00f3n \u00f3ptima para el control y prevenci\u00f3n de los hongos y ciertas enfermedades derivadas de ellos.<\/p>\n\n\n\n<p>Volviendo al nutriente, no suele dar problemas en los cultivos. Por lo menos no tan comunmente como el nitr\u00f3geno, el calcio, o el magnesio. La mayor\u00eda de los problemas acarreados por este micronutriente se debe a un mal ajuste del Ph en la zona radicular.<\/p>\n\n\n\n<p>Es importante detectar r\u00e1pidamente la carencia o el exceso, ya que las hojas que se vean afectadas no se recuperar\u00e1n. Tendremos que esperar a que nazcan los nuevos brotes y comprobar que brotan sanos para confirmar que hemos hecho el ajuste debidamente.<\/p>\n\n\n\n<h3 class=\"wp-block-heading\"><strong>\u00bfQu\u00e9 funciones realiza el cobre en nuestros cultivos?<\/strong><\/h3>\n\n\n\n<ol class=\"wp-block-list\"><li><strong>Parte esencial en diversos sistemas enzim\u00e1ticos<\/strong><\/li><li><strong>Activa enzimas implicadas en la s\u00edntesis de lignina<\/strong><\/li><li><strong>Primordial para la respiraci\u00f3n de la plantas<\/strong><\/li><li><strong>Es necesario en el proceso de la fotos\u00edntesis<\/strong><\/li><li><strong>Reduce la turgencia de las hojas<\/strong><\/li><li><strong>Disminuye la toxicidad del molibdeno<\/strong><\/li><\/ol>\n\n\n\n<h3 class=\"wp-block-heading\"><strong>\u00bfC\u00f3mo detectar los s\u00edntomas de una carencia de cobre?<\/strong><\/h3>\n\n\n\n<ol class=\"wp-block-list\"><li><strong>Los nuevos brotes y hojas j\u00f3venes pierden su brillo y se marchitan<\/strong><\/li><li><strong>Las puntas de las hojas adquieren un color amarillo brillante, e incluso blanco, mientras que, las zonas m\u00e1s viejas pueden tener colores m\u00e1s oscuros (azulados, p\u00farpuras\u2026)<\/strong><\/li><li><strong>Pueden aparecer puntos necr\u00f3ticos por las hojas<\/strong><\/li><li><strong>Los bordes y puntas de las hojas se enrollan, si pasa el tiempo se vuelven necr\u00f3ticas<\/strong><\/li><li><strong>Se ralentiza el crecimiento y disminuye la cosecha<\/strong><\/li><li><strong>Los tallos entre las hojas se acortan<\/strong><\/li><li><strong>El color de la flor (cogollo) se vuelve m\u00e1s claro de lo habitual<\/strong><\/li><li><strong>Ayuda a intensificar sabor, olor y color en las flores.<\/strong><\/li><\/ol>\n\n\n\n<h3 class=\"wp-block-heading\"><strong>\u00bfC\u00f3mo corregir una deficiencia de cobre en nuestro cultivo?<\/strong><\/h3>\n\n\n\n<p>Una de las soluciones es optar por alg\u00fan producto de una gama de abonos que incluya en su formulaci\u00f3n macro y micronutrientes. Actualmente, existen productos destinados exclusivamente a la reparaci\u00f3n de carencias de micronutrientes.<\/p>\n\n\n\n<p>Para corregir las deficiencias, podemos usar un fungicida a base de cobre o alguna forma quelatada de este elemento. Aunque durante su aplicaci\u00f3n debemos&nbsp;<strong>extremar la precauci\u00f3n<\/strong>: es muy f\u00e1cil pasar de una deficiencia a un exceso si a\u00f1adimos altas cantidades. Se puede usar como preventivo y para reparar una carencia, y al aplicarlo sobre las hojas se recuperan antes. Solo lo haremos durante el crecimiento, puesto que si no corremos el riesgo de que queden sedimentos en las flores.<\/p>\n\n\n\n<p>Cuando aplicamos los productos foliarmente puede aparecer alguna quemadura en la hoja. Para evitarlo, pulverizaremos nada m\u00e1s apagarse el foco o por la noche. La otra soluci\u00f3n es regar v\u00eda radicular aunque de esta forma tarda m\u00e1s en hacer efecto.<\/p>\n\n\n\n<p>Para asegurarnos una&nbsp;<strong>correcta asimilaci\u00f3n<\/strong>&nbsp;de cobre es necesario disponer de un controlador de Ph para poder ajustarlo en el rango de mayor absorci\u00f3n. Es muy importante medir el Ph antes de regar para darle una correcta nutrici\u00f3n a nuestras plantas.<\/p>\n\n\n\n<p>Hay que tener en cuenta que el exceso de otros nutrientes, como el f\u00f3sforo o el potasio, puede provocar carencias de cobre.<\/p>\n\n\n\n<h3 class=\"wp-block-heading\"><strong>\u00bfC\u00f3mo detectar un exceso de cobre en nuestras plantas?<\/strong><\/h3>\n\n\n\n<p>Usando las gamas de abonos comerciales destinados al cannabis, no solemos tener ninguna sobrefertilizaci\u00f3n de cobre en nuestros cultivos. Lo m\u00e1s habitual es que, si se da el caso, venga provocado por otros factores, como un desajuste del Ph.<\/p>\n\n\n\n<p>Al tener un Ph por encima de 7, crece el aumento de la absorci\u00f3n del cobre por las plantas en comparaci\u00f3n con niveles de Ph inferiores.<\/p>\n\n\n\n<p>Cuando los niveles de cobre aumentan, afecta a la absorci\u00f3n del hierro (perdiendo eficacia). Esto nos puede provocar una carencia de hierro en las plantas.<\/p>\n\n\n\n<p>Por ello,&nbsp;<strong>para distinguir un exceso de cobre,<\/strong>&nbsp;debemos fijarnos en:<\/p>\n\n\n\n<ul class=\"wp-block-list\"><li><em>Aparici\u00f3n de una clorosis f\u00e9rrica intervenal<\/em><\/li><li><em>Ralentizaci\u00f3n general del crecimiento de las plantas<\/em><\/li><li><em>Menor desarrollo de las ramificaciones<\/em><\/li><li><em>Afecta directamente al desarrollo radicular<\/em><\/li><\/ul>\n\n\n\n<h3 class=\"wp-block-heading\"><strong>\u00bfC\u00f3mo corregir un exceso de cobre?<\/strong><br><\/h3>\n\n\n\n<p>Lo primero que debemos comprobar es la EC del sustrato regando y recogiendo el agua sobrante. Si el resultado es una EC muy alta significa que existe una saturaci\u00f3n de sales en el sustrato. Para corregirla realizaremos un profundo lavado de ra\u00edces que elimine todo ese exceso acumulado.<\/p>\n\n\n\n<p>Una vez que el agua de drenaje nos de la misma EC que el agua con la que regamos, habremos terminado. Lo dejamos descansar unos d\u00edas para que seque el sustrato y cuando comience a mejorar lo abonaremos ligeramente.<\/p>\n\n\n\n<p><strong>Para no sufrir excesos<\/strong>&nbsp;de ning\u00fan elemento en la floraci\u00f3n, es recomendable realizar un lavado de ra\u00edces al comienzo de esta fase. Gracias a ello eliminamos el exceso de sales acumulado durante la fase de crecimiento y entramos m\u00e1s seguros a la siguiente fase. Los que usen mesas de riego con drenaje, deber\u00edan en los riegos de agua dejar que drenen un poco las plantas para ir eliminando las sales a lo largo del cultivo, de esta forma no ser\u00eda necesario el lavado de ra\u00edces antes de la floraci\u00f3n.<\/p>\n\n\n\n<p>Con todo esto podemos hacernos un poco la idea de como corregir un problema relacionado con el cobre. Como ya mencion\u00e9 anteriormente, no suele ser el elemento que m\u00e1s problemas da en el cultivo, pero hay que ser precavidos y estar preparados ante cualquier percance que pueda aparecer en nuestras plantas.<\/p>\n\n\n\n<p>Estamos por terminar esta serie de art\u00edculos; solo queda uno para acabar la colecci\u00f3n. Con ganas ya, y no me entend\u00e1is mal, que me encanta escribir sobre ello, pero me apetec\u00eda empezar a escribir sobre otros temas.<\/p>\n\n\n\n<p><em>Me despido hasta el pr\u00f3ximo art\u00edculo, os deseo los mejores humos para poder seguir cultivando ideas.<\/em><\/p>\n","protected":false},"excerpt":{"rendered":"<span class=\"span-reading-time rt-reading-time\" style=\"display: block;\"><span class=\"rt-label rt-prefix\">Tiempo de lectura:<\/span> <span class=\"rt-time\"> 4<\/span> <span class=\"rt-label rt-postfix\">minutos<\/span><\/span>Ram\u00f3n Souto En este art\u00edculo explicaremos las caracter\u00edsticas del cobre como micronutriente, aprendiendo a diferenciar un exceso de una carencia de este elemento y a tomar las medidas necesarias para su correcci\u00f3n. Ser\u00e1 el \u00faltimo de la serie de nutrientes. Aunque, cuando hablamos del cobre (Cu) en el cultivo de cannabis, lo m\u00e1s com\u00fan es [&hellip;]","protected":false},"author":1,"featured_media":2011,"comment_status":"closed","ping_status":"closed","sticky":false,"template":"","format":"standard","meta":{"loftocean-featured-post":"","loftocean_post_format_gallery":"","loftocean_post_format_gallery_ids":"","loftocean_post_format_gallery_urls":"","loftocean_post_format_video_id":"","loftocean_post_format_video_url":"","loftocean_post_format_video_type":"","loftocean_post_format_video":"","loftocean_post_format_audio_type":"","loftocean_post_format_audio_url":"","loftocean_post_format_audio_id":"","loftocean_post_format_audio":"","loftocean_post_format_quote_text":"","loftocean_post_format_quote_byline":"","loftocean_post_format_link_text":"","loftocean_post_format_link_url":"","ceramag_post_header_style":"","ceramag_enable_background_video":"","ceramag_show_in_top_slider":"","ceramag_post_background_video_start":"","ceramag_post_background_video_end":"","loftocean_page_background_video_id":"","loftocean_page_background_video_url":"","loftocean_page_background_video_type":"","loftocean_page_background_video":"","ceramag_background_video_start":"","ceramag_background_video_end":"","ceramag_single_page_hide_header":"","footnotes":""},"categories":[711],"tags":[41,61,40,67,68],"class_list":["post-2010","post","type-post","status-publish","format-standard","has-post-thumbnail","hentry","category-cultivo","tag-cannabis","tag-cultivo","tag-marihuana","tag-nutrientes","tag-ramon-souto"],"yoast_head":"<!-- This site is optimized with the Yoast SEO plugin v24.9 - https:\/\/yoast.com\/wordpress\/plugins\/seo\/ -->\n<title>Carencia y exceso de cobre, un desajuste poco com\u00fan pero da\u00f1ino<\/title>\n<meta name=\"description\" content=\"Entrada &#8226; Portal multimedia sobre cannabis y otras sustancias &#8226; 22 mayo, 2019\" \/>\n<meta name=\"robots\" content=\"index, follow, max-snippet:-1, max-image-preview:large, max-video-preview:-1\" \/>\n<link rel=\"canonical\" href=\"https:\/\/www.cannabis.es\/pw\/2019\/05\/22\/carencia-y-exceso-de-cobre-un-desajuste-poco-comun-pero-danino\/\" \/>\n<meta name=\"twitter:card\" content=\"summary_large_image\" \/>\n<meta name=\"twitter:title\" content=\"Carencia y exceso de cobre, un desajuste poco com\u00fan pero da\u00f1ino\" \/>\n<meta name=\"twitter:description\" content=\"Entrada &#8226; Portal multimedia sobre cannabis y otras sustancias &#8226; 22 mayo, 2019\" \/>\n<meta name=\"twitter:image\" content=\"https:\/\/www.cannabis.es\/pw\/wp-content\/uploads\/2020\/05\/cobre.jpg\" \/>\n<meta name=\"twitter:creator\" content=\"@cannabis_es\" \/>\n<meta name=\"twitter:site\" content=\"@cannabis_es\" \/>\n<meta name=\"twitter:label1\" content=\"Escrito por\" \/>\n\t<meta name=\"twitter:data1\" content=\"Cannabis.es\" \/>\n\t<meta name=\"twitter:label2\" content=\"Tiempo de lectura\" \/>\n\t<meta name=\"twitter:data2\" content=\"5 minutos\" \/>\n<script type=\"application\/ld+json\" class=\"yoast-schema-graph\">{\"@context\":\"https:\/\/schema.org\",\"@graph\":[{\"@type\":\"Article\",\"@id\":\"https:\/\/www.cannabis.es\/pw\/2019\/05\/22\/carencia-y-exceso-de-cobre-un-desajuste-poco-comun-pero-danino\/#article\",\"isPartOf\":{\"@id\":\"https:\/\/www.cannabis.es\/pw\/2019\/05\/22\/carencia-y-exceso-de-cobre-un-desajuste-poco-comun-pero-danino\/\"},\"author\":{\"name\":\"Cannabis.es\",\"@id\":\"https:\/\/www.cannabis.es\/pw\/#\/schema\/person\/e2fbd204580cf4fe74c79b82bc447374\"},\"headline\":\"Carencia y exceso de cobre, un desajuste poco com\u00fan pero da\u00f1ino\",\"datePublished\":\"2019-05-22T13:39:20+00:00\",\"dateModified\":\"2020-09-04T10:58:17+00:00\",\"mainEntityOfPage\":{\"@id\":\"https:\/\/www.cannabis.es\/pw\/2019\/05\/22\/carencia-y-exceso-de-cobre-un-desajuste-poco-comun-pero-danino\/\"},\"wordCount\":1055,\"publisher\":{\"@id\":\"https:\/\/www.cannabis.es\/pw\/#organization\"},\"image\":{\"@id\":\"https:\/\/www.cannabis.es\/pw\/2019\/05\/22\/carencia-y-exceso-de-cobre-un-desajuste-poco-comun-pero-danino\/#primaryimage\"},\"thumbnailUrl\":\"https:\/\/www.cannabis.es\/pw\/wp-content\/uploads\/2020\/05\/cobre.jpg\",\"keywords\":[\"cannabis\",\"cultivo\",\"marihuana\",\"nutrientes\",\"Ram\u00f3n Souto\"],\"articleSection\":[\"Cultivo\"],\"inLanguage\":\"es\"},{\"@type\":\"WebPage\",\"@id\":\"https:\/\/www.cannabis.es\/pw\/2019\/05\/22\/carencia-y-exceso-de-cobre-un-desajuste-poco-comun-pero-danino\/\",\"url\":\"https:\/\/www.cannabis.es\/pw\/2019\/05\/22\/carencia-y-exceso-de-cobre-un-desajuste-poco-comun-pero-danino\/\",\"name\":\"Carencia y exceso de cobre, un desajuste poco com\u00fan pero da\u00f1ino\",\"isPartOf\":{\"@id\":\"https:\/\/www.cannabis.es\/pw\/#website\"},\"primaryImageOfPage\":{\"@id\":\"https:\/\/www.cannabis.es\/pw\/2019\/05\/22\/carencia-y-exceso-de-cobre-un-desajuste-poco-comun-pero-danino\/#primaryimage\"},\"image\":{\"@id\":\"https:\/\/www.cannabis.es\/pw\/2019\/05\/22\/carencia-y-exceso-de-cobre-un-desajuste-poco-comun-pero-danino\/#primaryimage\"},\"thumbnailUrl\":\"https:\/\/www.cannabis.es\/pw\/wp-content\/uploads\/2020\/05\/cobre.jpg\",\"datePublished\":\"2019-05-22T13:39:20+00:00\",\"dateModified\":\"2020-09-04T10:58:17+00:00\",\"description\":\"Entrada &#8226; Portal multimedia sobre cannabis y otras sustancias &#8226; 22 mayo, 2019\",\"breadcrumb\":{\"@id\":\"https:\/\/www.cannabis.es\/pw\/2019\/05\/22\/carencia-y-exceso-de-cobre-un-desajuste-poco-comun-pero-danino\/#breadcrumb\"},\"inLanguage\":\"es\",\"potentialAction\":[{\"@type\":\"ReadAction\",\"target\":[\"https:\/\/www.cannabis.es\/pw\/2019\/05\/22\/carencia-y-exceso-de-cobre-un-desajuste-poco-comun-pero-danino\/\"]}]},{\"@type\":\"ImageObject\",\"inLanguage\":\"es\",\"@id\":\"https:\/\/www.cannabis.es\/pw\/2019\/05\/22\/carencia-y-exceso-de-cobre-un-desajuste-poco-comun-pero-danino\/#primaryimage\",\"url\":\"https:\/\/www.cannabis.es\/pw\/wp-content\/uploads\/2020\/05\/cobre.jpg\",\"contentUrl\":\"https:\/\/www.cannabis.es\/pw\/wp-content\/uploads\/2020\/05\/cobre.jpg\",\"width\":959,\"height\":475},{\"@type\":\"BreadcrumbList\",\"@id\":\"https:\/\/www.cannabis.es\/pw\/2019\/05\/22\/carencia-y-exceso-de-cobre-un-desajuste-poco-comun-pero-danino\/#breadcrumb\",\"itemListElement\":[{\"@type\":\"ListItem\",\"position\":1,\"name\":\"Portada\",\"item\":\"http:\/\/www.cannabis.es\/pw\/\"},{\"@type\":\"ListItem\",\"position\":2,\"name\":\"Carencia y exceso de cobre, un desajuste poco com\u00fan pero da\u00f1ino\"}]},{\"@type\":\"WebSite\",\"@id\":\"https:\/\/www.cannabis.es\/pw\/#website\",\"url\":\"https:\/\/www.cannabis.es\/pw\/\",\"name\":\"Cannabis\",\"description\":\"Portal multimedia sobre cannabis y otras sustancias\",\"publisher\":{\"@id\":\"https:\/\/www.cannabis.es\/pw\/#organization\"},\"potentialAction\":[{\"@type\":\"SearchAction\",\"target\":{\"@type\":\"EntryPoint\",\"urlTemplate\":\"https:\/\/www.cannabis.es\/pw\/?s={search_term_string}\"},\"query-input\":{\"@type\":\"PropertyValueSpecification\",\"valueRequired\":true,\"valueName\":\"search_term_string\"}}],\"inLanguage\":\"es\"},{\"@type\":\"Organization\",\"@id\":\"https:\/\/www.cannabis.es\/pw\/#organization\",\"name\":\"Cannabis.es\",\"url\":\"https:\/\/www.cannabis.es\/pw\/\",\"logo\":{\"@type\":\"ImageObject\",\"inLanguage\":\"es\",\"@id\":\"https:\/\/www.cannabis.es\/pw\/#\/schema\/logo\/image\/\",\"url\":\"https:\/\/www.cannabis.es\/pw\/wp-content\/uploads\/2019\/04\/cropped-logo_cannabis.png\",\"contentUrl\":\"https:\/\/www.cannabis.es\/pw\/wp-content\/uploads\/2019\/04\/cropped-logo_cannabis.png\",\"width\":361,\"height\":120,\"caption\":\"Cannabis.es\"},\"image\":{\"@id\":\"https:\/\/www.cannabis.es\/pw\/#\/schema\/logo\/image\/\"},\"sameAs\":[\"https:\/\/x.com\/cannabis_es\"]},{\"@type\":\"Person\",\"@id\":\"https:\/\/www.cannabis.es\/pw\/#\/schema\/person\/e2fbd204580cf4fe74c79b82bc447374\",\"name\":\"Cannabis.es\",\"image\":{\"@type\":\"ImageObject\",\"inLanguage\":\"es\",\"@id\":\"https:\/\/www.cannabis.es\/pw\/#\/schema\/person\/image\/\",\"url\":\"https:\/\/secure.gravatar.com\/avatar\/4375b1eb6e272e2e48a4b8a8def52e5f208151f555bb5906da616906ee6dd2e8?s=96&d=mm&r=g\",\"contentUrl\":\"https:\/\/secure.gravatar.com\/avatar\/4375b1eb6e272e2e48a4b8a8def52e5f208151f555bb5906da616906ee6dd2e8?s=96&d=mm&r=g\",\"caption\":\"Cannabis.es\"},\"url\":\"https:\/\/www.cannabis.es\/pw\/author\/cannabis\/\"}]}<\/script>\n<!-- \/ Yoast SEO plugin. -->","yoast_head_json":{"title":"Carencia y exceso de cobre, un desajuste poco com\u00fan pero da\u00f1ino","description":"Entrada &#8226; Portal multimedia sobre cannabis y otras sustancias &#8226; 22 mayo, 2019","robots":{"index":"index","follow":"follow","max-snippet":"max-snippet:-1","max-image-preview":"max-image-preview:large","max-video-preview":"max-video-preview:-1"},"canonical":"https:\/\/www.cannabis.es\/pw\/2019\/05\/22\/carencia-y-exceso-de-cobre-un-desajuste-poco-comun-pero-danino\/","twitter_card":"summary_large_image","twitter_title":"Carencia y exceso de cobre, un desajuste poco com\u00fan pero da\u00f1ino","twitter_description":"Entrada &#8226; Portal multimedia sobre cannabis y otras sustancias &#8226; 22 mayo, 2019","twitter_image":"https:\/\/www.cannabis.es\/pw\/wp-content\/uploads\/2020\/05\/cobre.jpg","twitter_creator":"@cannabis_es","twitter_site":"@cannabis_es","twitter_misc":{"Escrito por":"Cannabis.es","Tiempo de lectura":"5 minutos"},"schema":{"@context":"https:\/\/schema.org","@graph":[{"@type":"Article","@id":"https:\/\/www.cannabis.es\/pw\/2019\/05\/22\/carencia-y-exceso-de-cobre-un-desajuste-poco-comun-pero-danino\/#article","isPartOf":{"@id":"https:\/\/www.cannabis.es\/pw\/2019\/05\/22\/carencia-y-exceso-de-cobre-un-desajuste-poco-comun-pero-danino\/"},"author":{"name":"Cannabis.es","@id":"https:\/\/www.cannabis.es\/pw\/#\/schema\/person\/e2fbd204580cf4fe74c79b82bc447374"},"headline":"Carencia y exceso de cobre, un desajuste poco com\u00fan pero da\u00f1ino","datePublished":"2019-05-22T13:39:20+00:00","dateModified":"2020-09-04T10:58:17+00:00","mainEntityOfPage":{"@id":"https:\/\/www.cannabis.es\/pw\/2019\/05\/22\/carencia-y-exceso-de-cobre-un-desajuste-poco-comun-pero-danino\/"},"wordCount":1055,"publisher":{"@id":"https:\/\/www.cannabis.es\/pw\/#organization"},"image":{"@id":"https:\/\/www.cannabis.es\/pw\/2019\/05\/22\/carencia-y-exceso-de-cobre-un-desajuste-poco-comun-pero-danino\/#primaryimage"},"thumbnailUrl":"https:\/\/www.cannabis.es\/pw\/wp-content\/uploads\/2020\/05\/cobre.jpg","keywords":["cannabis","cultivo","marihuana","nutrientes","Ram\u00f3n Souto"],"articleSection":["Cultivo"],"inLanguage":"es"},{"@type":"WebPage","@id":"https:\/\/www.cannabis.es\/pw\/2019\/05\/22\/carencia-y-exceso-de-cobre-un-desajuste-poco-comun-pero-danino\/","url":"https:\/\/www.cannabis.es\/pw\/2019\/05\/22\/carencia-y-exceso-de-cobre-un-desajuste-poco-comun-pero-danino\/","name":"Carencia y exceso de cobre, un desajuste poco com\u00fan pero da\u00f1ino","isPartOf":{"@id":"https:\/\/www.cannabis.es\/pw\/#website"},"primaryImageOfPage":{"@id":"https:\/\/www.cannabis.es\/pw\/2019\/05\/22\/carencia-y-exceso-de-cobre-un-desajuste-poco-comun-pero-danino\/#primaryimage"},"image":{"@id":"https:\/\/www.cannabis.es\/pw\/2019\/05\/22\/carencia-y-exceso-de-cobre-un-desajuste-poco-comun-pero-danino\/#primaryimage"},"thumbnailUrl":"https:\/\/www.cannabis.es\/pw\/wp-content\/uploads\/2020\/05\/cobre.jpg","datePublished":"2019-05-22T13:39:20+00:00","dateModified":"2020-09-04T10:58:17+00:00","description":"Entrada &#8226; Portal multimedia sobre cannabis y otras sustancias &#8226; 22 mayo, 2019","breadcrumb":{"@id":"https:\/\/www.cannabis.es\/pw\/2019\/05\/22\/carencia-y-exceso-de-cobre-un-desajuste-poco-comun-pero-danino\/#breadcrumb"},"inLanguage":"es","potentialAction":[{"@type":"ReadAction","target":["https:\/\/www.cannabis.es\/pw\/2019\/05\/22\/carencia-y-exceso-de-cobre-un-desajuste-poco-comun-pero-danino\/"]}]},{"@type":"ImageObject","inLanguage":"es","@id":"https:\/\/www.cannabis.es\/pw\/2019\/05\/22\/carencia-y-exceso-de-cobre-un-desajuste-poco-comun-pero-danino\/#primaryimage","url":"https:\/\/www.cannabis.es\/pw\/wp-content\/uploads\/2020\/05\/cobre.jpg","contentUrl":"https:\/\/www.cannabis.es\/pw\/wp-content\/uploads\/2020\/05\/cobre.jpg","width":959,"height":475},{"@type":"BreadcrumbList","@id":"https:\/\/www.cannabis.es\/pw\/2019\/05\/22\/carencia-y-exceso-de-cobre-un-desajuste-poco-comun-pero-danino\/#breadcrumb","itemListElement":[{"@type":"ListItem","position":1,"name":"Portada","item":"http:\/\/www.cannabis.es\/pw\/"},{"@type":"ListItem","position":2,"name":"Carencia y exceso de cobre, un desajuste poco com\u00fan pero da\u00f1ino"}]},{"@type":"WebSite","@id":"https:\/\/www.cannabis.es\/pw\/#website","url":"https:\/\/www.cannabis.es\/pw\/","name":"Cannabis","description":"Portal multimedia sobre cannabis y otras sustancias","publisher":{"@id":"https:\/\/www.cannabis.es\/pw\/#organization"},"potentialAction":[{"@type":"SearchAction","target":{"@type":"EntryPoint","urlTemplate":"https:\/\/www.cannabis.es\/pw\/?s={search_term_string}"},"query-input":{"@type":"PropertyValueSpecification","valueRequired":true,"valueName":"search_term_string"}}],"inLanguage":"es"},{"@type":"Organization","@id":"https:\/\/www.cannabis.es\/pw\/#organization","name":"Cannabis.es","url":"https:\/\/www.cannabis.es\/pw\/","logo":{"@type":"ImageObject","inLanguage":"es","@id":"https:\/\/www.cannabis.es\/pw\/#\/schema\/logo\/image\/","url":"https:\/\/www.cannabis.es\/pw\/wp-content\/uploads\/2019\/04\/cropped-logo_cannabis.png","contentUrl":"https:\/\/www.cannabis.es\/pw\/wp-content\/uploads\/2019\/04\/cropped-logo_cannabis.png","width":361,"height":120,"caption":"Cannabis.es"},"image":{"@id":"https:\/\/www.cannabis.es\/pw\/#\/schema\/logo\/image\/"},"sameAs":["https:\/\/x.com\/cannabis_es"]},{"@type":"Person","@id":"https:\/\/www.cannabis.es\/pw\/#\/schema\/person\/e2fbd204580cf4fe74c79b82bc447374","name":"Cannabis.es","image":{"@type":"ImageObject","inLanguage":"es","@id":"https:\/\/www.cannabis.es\/pw\/#\/schema\/person\/image\/","url":"https:\/\/secure.gravatar.com\/avatar\/4375b1eb6e272e2e48a4b8a8def52e5f208151f555bb5906da616906ee6dd2e8?s=96&d=mm&r=g","contentUrl":"https:\/\/secure.gravatar.com\/avatar\/4375b1eb6e272e2e48a4b8a8def52e5f208151f555bb5906da616906ee6dd2e8?s=96&d=mm&r=g","caption":"Cannabis.es"},"url":"https:\/\/www.cannabis.es\/pw\/author\/cannabis\/"}]}},"_links":{"self":[{"href":"https:\/\/www.cannabis.es\/pw\/wp-json\/wp\/v2\/posts\/2010","targetHints":{"allow":["GET"]}}],"collection":[{"href":"https:\/\/www.cannabis.es\/pw\/wp-json\/wp\/v2\/posts"}],"about":[{"href":"https:\/\/www.cannabis.es\/pw\/wp-json\/wp\/v2\/types\/post"}],"author":[{"embeddable":true,"href":"https:\/\/www.cannabis.es\/pw\/wp-json\/wp\/v2\/users\/1"}],"replies":[{"embeddable":true,"href":"https:\/\/www.cannabis.es\/pw\/wp-json\/wp\/v2\/comments?post=2010"}],"version-history":[{"count":1,"href":"https:\/\/www.cannabis.es\/pw\/wp-json\/wp\/v2\/posts\/2010\/revisions"}],"predecessor-version":[{"id":2012,"href":"https:\/\/www.cannabis.es\/pw\/wp-json\/wp\/v2\/posts\/2010\/revisions\/2012"}],"wp:featuredmedia":[{"embeddable":true,"href":"https:\/\/www.cannabis.es\/pw\/wp-json\/wp\/v2\/media\/2011"}],"wp:attachment":[{"href":"https:\/\/www.cannabis.es\/pw\/wp-json\/wp\/v2\/media?parent=2010"}],"wp:term":[{"taxonomy":"category","embeddable":true,"href":"https:\/\/www.cannabis.es\/pw\/wp-json\/wp\/v2\/categories?post=2010"},{"taxonomy":"post_tag","embeddable":true,"href":"https:\/\/www.cannabis.es\/pw\/wp-json\/wp\/v2\/tags?post=2010"}],"curies":[{"name":"wp","href":"https:\/\/api.w.org\/{rel}","templated":true}]}}