{"id":2013,"date":"2019-05-20T15:40:39","date_gmt":"2019-05-20T13:40:39","guid":{"rendered":"http:\/\/www.cannabis.es\/pw\/?p=2013"},"modified":"2020-09-04T12:58:25","modified_gmt":"2020-09-04T10:58:25","slug":"una-marcha-mundial-llena-de-propuestas-para-sembrar-el-cambio","status":"publish","type":"post","link":"https:\/\/www.cannabis.es\/pw\/2019\/05\/20\/una-marcha-mundial-llena-de-propuestas-para-sembrar-el-cambio\/","title":{"rendered":"Una Marcha Mundial llena de propuestas para sembrar el cambio"},"content":{"rendered":"\n<p>Benito D\u00edaz<\/p>\n\n\n\n<p>El pasado 10 de mayo, se celebr\u00f3 en Madrid la III edici\u00f3n de las conferencias \u201cSembrando el cambio\u201d, cita ya ineludible para el colectivo cann\u00e1bico, previa a la Marcha Mundial de la Marihuana de la capital.&nbsp;Asistimos a la tercera edici\u00f3n de las conferencias previas a la #MMMM2019, este a\u00f1o bajo el lema \u201cDerechos Humanos y Libertades Fundamentales\u201d, en las que participaron organizaciones y&nbsp;grupos&nbsp;sociales con las preocupaciones m\u00e1s actuales.<\/p>\n\n\n\n<hr class=\"wp-block-separator\"\/>\n\n\n\n<p>En esta ocasi\u00f3n, las charlas se trasladaron al Centro Cultural de Lavapi\u00e9s, sito en la calle Olivar 46, algunas calles m\u00e1s arriba&nbsp;del cuartel general de la&nbsp;<a href=\"http:\/\/www.amec.org.es\/\">AMEC,<\/a>&nbsp;donde tuvieron lugar el a\u00f1o pasado.&nbsp;All\u00ed se esperaban las intervenciones de las principales organizaciones cann\u00e1bicas que se confrontar\u00edan con los actores sociales y el p\u00fablico, esperando informaci\u00f3n, reflexiones y propuestas al respecto del panorama de la&nbsp;cannabis en nuestro pa\u00eds.<\/p>\n\n\n\n<p>Abr\u00eda&nbsp;la sesi\u00f3n, moderada por el presidente de la AMEC, Lucky, la representante del International Center for&nbsp;<a href=\"http:\/\/www.iceers.org\/index.php?lang=es\">Ethnobotanical Education, Research &amp; Service<\/a>&nbsp;(ICEERS), Constanza S\u00e1nchez,&nbsp;una&nbsp;entidad internacional que se encarga del estudio, protecci\u00f3n e integraci\u00f3n de plantas medicinales y sociedades ind\u00edgenas.&nbsp;S\u00e1nchez&nbsp;analiz\u00f3 las pol\u00edticas de drogas imperantes en Europa.&nbsp;<em>\u201cEste a\u00f1o se cumplen 10 a\u00f1os desde que la Sesi\u00f3n Especial de la Asamblea General de Naciones Unidas (UNGASS), dictamin\u00f3 que deb\u00edan avanzar hacia una sociedad en la que las drogas estuvieran erradicadas, desaparecidas. Como ya sabr\u00e1n, no han tenido ning\u00fan \u00e9xito en su empresa\u201d<\/em><em>,<\/em>&nbsp;explic\u00f3.&nbsp;<em>\u201cLos cambios son lentos, pero ya hay una narrativa e intenci\u00f3n de cambio dentro de la ONU, como podemos ver en las propuestas de la OMS en cuanto a la fiscalizaci\u00f3n de la&nbsp;marihuana. Con la introducci\u00f3n de las voces de la sociedad civil, la petici\u00f3n de responsabilidades\u2026 ahora ya sabemos qui\u00e9n toma las decisiones\u201d,&nbsp;<\/em>aclaraba.<\/p>\n\n\n\n<p>A continuaci\u00f3n, tom\u00f3 la palabra Ana Afuera, en representaci\u00f3n de Coalici\u00f3n Europea por Pol\u00edticas de Drogas Justas y Eficaces&nbsp;<a href=\"https:\/\/www.encod.org\/\">(ENCOD).<\/a>&nbsp;Recomienda&nbsp;<strong>fiscalizar<\/strong><strong>&nbsp;la&nbsp;<\/strong><strong>m<\/strong><strong>arihuana como&nbsp;<\/strong><strong>una<\/strong><strong>&nbsp;responsabilidad de los pa\u00edses<\/strong>&nbsp;para&nbsp;facilitar y promover la flexibilidad de los tratados internacionales. As\u00ed, presenta una propuesta general que contempla el autocultivo, los clubes y el uso terap\u00e9utico del&nbsp;cannabis.&nbsp;<em>\u201c<\/em><em>Deber\u00eda ser una actividad protegida,&nbsp;tanto&nbsp;el uso como el cultivo. Ambas, actividades no punibles y respaldadas, pues el autocultivo es la \u00fanica manera honesta de conseguir la sustancia que muchos pacientes necesitan<\/em><em>\u201d<\/em>, expuso Afuera. Afirm\u00f3 la&nbsp;<strong>necesidad de reconocimiento de la&nbsp;<\/strong><strong>c<\/strong><strong>ultura del&nbsp;<\/strong><strong>ca<\/strong><strong>nnabis, su uso terap\u00e9utico y el derecho de los pacientes a elegir su tratamiento<\/strong>, incluy\u00e9ndolo como posibilidad en las listas de la Seguridad Social. Tambi\u00e9n, la libertad de investigaci\u00f3n y la regulaci\u00f3n de los clubes sociales de&nbsp;cannabis.&nbsp;<em>\u201cNecesitamos un cambio de paradigma en las pol\u00edticas de drogas\u201d.<\/em><\/p>\n\n\n\n<p><a href=\"https:\/\/twitter.com\/AbogadaCannabis\">Beatriz Macho<\/a>, en representaci\u00f3n de la Confederaci\u00f3n de Federaciones y Asociaciones Cann\u00e1bicas&nbsp;<a href=\"https:\/\/confac.org\/\">(CONFAC),<\/a>&nbsp;detall\u00f3 el funcionamiento de las instituciones legislativas del Estado y su responsabilidad en la aplicaci\u00f3n de pol\u00edticas con el&nbsp;cannabis.&nbsp;<em>\u201cEn la actualidad, estamos esperando a ver de qu\u00e9 va este nuevo gobierno\u201d,&nbsp;<\/em>comenta la abogada. Macho se\u00f1al\u00f3 las irresponsabilidades de los poderes p\u00fablicos, como el poder judicial con condenas a clubes y consumidores, sanciones por parte del Tribunal Europeo de Derechos Humanos y promulgaci\u00f3n de leyes como la Ley Mordaza.&nbsp;<em>\u201cM\u00e1s de 1100 multas al d\u00eda es raz\u00f3n suficiente para ir ma\u00f1ana a la<a href=\"http:\/\/www.cannabis.es\/pw\/2019\/05\/13\/mas-de-25-000-personas-en-la-marcha-mundial-de-la-marihuana-de-madrid-2019\/\">&nbsp;Marcha Mundial de la Marihuana de Madrid\u201d<\/a><\/em><\/p>\n\n\n\n<p>Ivan Fornils,&nbsp;<a href=\"https:\/\/energycontrol.org\/\">de Energy Control,<\/a>&nbsp;entidad preocupada por la composici\u00f3n de las drogas y la gesti\u00f3n de placeres, nos cuenta c\u00f3mo llevan a cabo los an\u00e1lisis de las&nbsp;<strong>muestras de&nbsp;<\/strong><strong>m<\/strong><strong>arihuana<\/strong>&nbsp;que les env\u00edan, encontrando en muchas de ellas&nbsp;<strong>rastros de pesticidas, metales pesados, para los cuales no hay una regulaci\u00f3n espec\u00edfica<\/strong>.<em>&nbsp;\u201cFaltan laboratorios que abarquen todas las necesidades anal\u00edticas de control de calidad\u201d<\/em><em>.<\/em><\/p>\n\n\n\n<p>Cerrando la primera ronda de intervenciones,&nbsp;<a href=\"http:\/\/www.cannabis.es\/pw\/2018\/09\/17\/multas-e-inseguridad-el-estado-legal-del-cannabis-entrevista-al-bufete-brotsanbert\/\">Hector Brotons,<\/a>&nbsp;en representaci\u00f3n del Observatorio Europeo de Consumo y Cultivo del Cannabis&nbsp;<a href=\"https:\/\/observatoriocannabis.com\/\">(OECCC).<\/a>&nbsp;Trae bajo el brazo la&nbsp;<strong>nueva propuesta del Observatorio, un libro&nbsp;<\/strong>titulado Autocultivo y uso de cannabis en Espa\u00f1a seg\u00fan sus propias palabras&nbsp;<em>\u201cun documento t\u00e9cnico sobre los aspectos hist\u00f3ricos, terap\u00e9uticos, sociol\u00f3gicos, agr\u00edcolas y jur\u00eddicos del uso y cultivo del&nbsp;cannabis\u201d. \u201cEl Estado debe proponer medidas para garantizar los derechos de la Sociedad Civil y abordar el tema desterrando la opini\u00f3n de que se trata del problema de las drogas\u201d,&nbsp;<\/em>analiza Brotons. El libro, que cuenta con un pr\u00f3logo escrito por Antonio Escohotado, aborda el cultivo de exterior, estableciendo cantidades orientativas para su legalidad; cultivo de interior, modificaciones legales pertinentes, posesi\u00f3n y cultivo en v\u00eda p\u00fablica, uso de&nbsp;cannabis terap\u00e9utico y otras muchas cuestiones.<\/p>\n\n\n\n<p>Tras el descanso e iniciando la segunda ronda de conferencias, moderadas por Mart\u00edn Barriuso de CONFAC, Iv\u00e1n Ayala, profesor de Econom\u00eda en la URJC, diserta sobre el impacto del cannabis:&nbsp;<em>\u201cNos hemos dado cuenta de que hay un consenso que pide un acuerdo en el mercado del cannabis\u201d.<\/em>&nbsp;Ayala sugiere la experiencia registrada en otros pa\u00edses y el&nbsp;<strong>examen del modelo econ\u00f3mico que se ha visto implementado por la legalizaci\u00f3n<\/strong>.&nbsp;<em>\u201cNecesitamos una medida que demuestre que nadie estar\u00eda peor que ahora si el cannabis fuera regulado\u201d.<\/em><\/p>\n\n\n\n<p>La Uni\u00f3n General de Trabajadores en su secci\u00f3n de Servicios, Movilidad y Consumo&nbsp;<a href=\"http:\/\/www.fesmcugt.org\/\">(UGT FESMC),<\/a>&nbsp;tambi\u00e9n se hizo presente por medio de su representante, Afra Blanco, que se\u00f1al\u00f3 la importancia de&nbsp;<strong>quienes trabajan en&nbsp;este sector,&nbsp;abocados a<\/strong><strong>&nbsp;una invisibilidad manifiesta<\/strong>, que necesitar\u00eda de una regulaci\u00f3n y una apertura para hacer valer sus derechos.<\/p>\n\n\n\n<p>Recogi\u00f3 el testigo Patty Amiguet, en representaci\u00f3n de Red Estatal de Mujeres&nbsp;<a href=\"https:\/\/www.mujerescannabicas.org\/\">Antiprohibicionistas (REMA)<\/a>&nbsp;y CONFAC, que apuestan por una regulaci\u00f3n integral.<em>&nbsp;\u201c<\/em><em>La necesidad de buscar diferencias entre las distintas gestiones de Clubes Sociales de Cannabis, es tan solo una forma de pelearnos entre nosotros<\/em><em>\u201d<\/em>, afirm\u00f3.&nbsp;<em>\u201cBuscamos una regulaci\u00f3n que priorice el respeto, la autonom\u00eda, los derechos de las personas usuarias y de los peque\u00f1os productores, la sostenibilidad ecol\u00f3gica y el beneficio social, el derecho a la salud, el libre desarrollo a la identidad e informaci\u00f3n veraz y seguridad\u201d<\/em><em>.<\/em><\/p>\n\n\n\n<p>Sandra Mo\u00f1ino habl\u00f3 por voz de la&nbsp;<a href=\"https:\/\/www.pacientescannabis.org\/\">Uni\u00f3n de Pacientes por la Regulaci\u00f3n del Cannabis.<\/a>&nbsp;<em>\u201cQueremos romper con el miedo de la gente, informar y acompa\u00f1ar a todos los pacientes. Hemos estado en ese lado y sabemos lo dif\u00edcil que puede ser empezar a buscar una terapia con&nbsp;c<\/em><em>annabis\u201d<\/em><em>.&nbsp;<\/em>Ahondando en la situaci\u00f3n del paciente para conseguir&nbsp;cannabis, se\u00f1ala que su organizaci\u00f3n tiene como objetivos el acceso con descuento a productos, acceso a estudios cient\u00edficos, asesoramiento m\u00e9dico colegiado, formaci\u00f3n permanente, reuniones grupales y asesoramiento legal especializado.<\/p>\n\n\n\n<p>Cerr\u00f3 la sesi\u00f3n Amparo Grolimund, participante de las agrupaciones&nbsp;<a href=\"https:\/\/nosomosdelito.net\/\">No Somos Delito<\/a>&nbsp;y&nbsp;<a href=\"http:\/\/yayoflautasmadrid.org\/\">Yayoflautas<\/a>.&nbsp;<em>\u201cDefendemos la libertad de expresi\u00f3n de todos, incluidos los consumidores de&nbsp;<\/em><em>c<\/em><em>annabis\u201d<\/em>&nbsp;asevera, refiri\u00e9ndose a sus actuaciones contra la Ley Mordaza.&nbsp;<em>\u201cQueremos ayudar a los ciudadanos a sentirse libres, garantizando los Derechos Humanos fundamentales en cuanto al&nbsp;cannabis<\/em><em>\u201d<\/em><em>.<\/em><\/p>\n","protected":false},"excerpt":{"rendered":"<span class=\"span-reading-time rt-reading-time\" style=\"display: block;\"><span class=\"rt-label rt-prefix\">Tiempo de lectura:<\/span> <span class=\"rt-time\"> 4<\/span> <span class=\"rt-label rt-postfix\">minutos<\/span><\/span>Benito D\u00edaz El pasado 10 de mayo, se celebr\u00f3 en Madrid la III edici\u00f3n de las conferencias \u201cSembrando el cambio\u201d, cita ya ineludible para el colectivo cann\u00e1bico, previa a la Marcha Mundial de la Marihuana de la capital.&nbsp;Asistimos a la tercera edici\u00f3n de las conferencias previas a la #MMMM2019, este a\u00f1o bajo el lema \u201cDerechos [&hellip;]","protected":false},"author":1,"featured_media":2014,"comment_status":"closed","ping_status":"closed","sticky":false,"template":"","format":"standard","meta":{"loftocean-featured-post":"","loftocean_post_format_gallery":"","loftocean_post_format_gallery_ids":"","loftocean_post_format_gallery_urls":"","loftocean_post_format_video_id":"","loftocean_post_format_video_url":"","loftocean_post_format_video_type":"","loftocean_post_format_video":"","loftocean_post_format_audio_type":"","loftocean_post_format_audio_url":"","loftocean_post_format_audio_id":"","loftocean_post_format_audio":"","loftocean_post_format_quote_text":"","loftocean_post_format_quote_byline":"","loftocean_post_format_link_text":"","loftocean_post_format_link_url":"","ceramag_post_header_style":"","ceramag_enable_background_video":"","ceramag_show_in_top_slider":"","ceramag_post_background_video_start":"","ceramag_post_background_video_end":"","loftocean_page_background_video_id":"","loftocean_page_background_video_url":"","loftocean_page_background_video_type":"","loftocean_page_background_video":"","ceramag_background_video_start":"","ceramag_background_video_end":"","ceramag_single_page_hide_header":"","footnotes":""},"categories":[35,34],"tags":[43,41,54,554,40,56],"class_list":["post-2013","post","type-post","status-publish","format-standard","has-post-thumbnail","hentry","category-politica-y-sociedad","category-reportajes","tag-benito-diaz","tag-cannabis","tag-legalizacion","tag-marcha-mundial-de-la-marihuana","tag-marihuana","tag-regulacion-cannabis"],"yoast_head":"<!-- This site is optimized with the Yoast SEO plugin v24.9 - https:\/\/yoast.com\/wordpress\/plugins\/seo\/ -->\n<title>Una Marcha Mundial llena de propuestas para sembrar el cambio<\/title>\n<meta name=\"description\" content=\"Entrada &#8226; Portal multimedia sobre cannabis y otras sustancias &#8226; 20 mayo, 2019\" \/>\n<meta name=\"robots\" content=\"index, follow, max-snippet:-1, max-image-preview:large, max-video-preview:-1\" \/>\n<link rel=\"canonical\" href=\"https:\/\/www.cannabis.es\/pw\/2019\/05\/20\/una-marcha-mundial-llena-de-propuestas-para-sembrar-el-cambio\/\" \/>\n<meta name=\"twitter:card\" content=\"summary_large_image\" \/>\n<meta name=\"twitter:title\" content=\"Una Marcha Mundial llena de propuestas para sembrar el cambio\" \/>\n<meta name=\"twitter:description\" content=\"Entrada &#8226; Portal multimedia sobre cannabis y otras sustancias &#8226; 20 mayo, 2019\" \/>\n<meta name=\"twitter:image\" content=\"https:\/\/www.cannabis.es\/pw\/wp-content\/uploads\/2020\/05\/sembrando_cambio.jpg\" \/>\n<meta name=\"twitter:creator\" content=\"@cannabis_es\" \/>\n<meta name=\"twitter:site\" content=\"@cannabis_es\" \/>\n<meta name=\"twitter:label1\" content=\"Escrito por\" \/>\n\t<meta name=\"twitter:data1\" content=\"Cannabis.es\" \/>\n\t<meta name=\"twitter:label2\" content=\"Tiempo de lectura\" \/>\n\t<meta name=\"twitter:data2\" content=\"7 minutos\" \/>\n<script type=\"application\/ld+json\" class=\"yoast-schema-graph\">{\"@context\":\"https:\/\/schema.org\",\"@graph\":[{\"@type\":\"Article\",\"@id\":\"https:\/\/www.cannabis.es\/pw\/2019\/05\/20\/una-marcha-mundial-llena-de-propuestas-para-sembrar-el-cambio\/#article\",\"isPartOf\":{\"@id\":\"https:\/\/www.cannabis.es\/pw\/2019\/05\/20\/una-marcha-mundial-llena-de-propuestas-para-sembrar-el-cambio\/\"},\"author\":{\"name\":\"Cannabis.es\",\"@id\":\"https:\/\/www.cannabis.es\/pw\/#\/schema\/person\/e2fbd204580cf4fe74c79b82bc447374\"},\"headline\":\"Una Marcha Mundial llena de propuestas para sembrar el cambio\",\"datePublished\":\"2019-05-20T13:40:39+00:00\",\"dateModified\":\"2020-09-04T10:58:25+00:00\",\"mainEntityOfPage\":{\"@id\":\"https:\/\/www.cannabis.es\/pw\/2019\/05\/20\/una-marcha-mundial-llena-de-propuestas-para-sembrar-el-cambio\/\"},\"wordCount\":1331,\"publisher\":{\"@id\":\"https:\/\/www.cannabis.es\/pw\/#organization\"},\"image\":{\"@id\":\"https:\/\/www.cannabis.es\/pw\/2019\/05\/20\/una-marcha-mundial-llena-de-propuestas-para-sembrar-el-cambio\/#primaryimage\"},\"thumbnailUrl\":\"https:\/\/www.cannabis.es\/pw\/wp-content\/uploads\/2020\/05\/sembrando_cambio.jpg\",\"keywords\":[\"Benito D\u00edaz\",\"cannabis\",\"legalizaci\u00f3n\",\"Marcha Mundial de la Marihuana\",\"marihuana\",\"regulaci\u00f3n cannabis\"],\"articleSection\":[\"Pol\u00edtica y Sociedad\",\"Reportajes\"],\"inLanguage\":\"es\"},{\"@type\":\"WebPage\",\"@id\":\"https:\/\/www.cannabis.es\/pw\/2019\/05\/20\/una-marcha-mundial-llena-de-propuestas-para-sembrar-el-cambio\/\",\"url\":\"https:\/\/www.cannabis.es\/pw\/2019\/05\/20\/una-marcha-mundial-llena-de-propuestas-para-sembrar-el-cambio\/\",\"name\":\"Una Marcha Mundial llena de propuestas para sembrar el cambio\",\"isPartOf\":{\"@id\":\"https:\/\/www.cannabis.es\/pw\/#website\"},\"primaryImageOfPage\":{\"@id\":\"https:\/\/www.cannabis.es\/pw\/2019\/05\/20\/una-marcha-mundial-llena-de-propuestas-para-sembrar-el-cambio\/#primaryimage\"},\"image\":{\"@id\":\"https:\/\/www.cannabis.es\/pw\/2019\/05\/20\/una-marcha-mundial-llena-de-propuestas-para-sembrar-el-cambio\/#primaryimage\"},\"thumbnailUrl\":\"https:\/\/www.cannabis.es\/pw\/wp-content\/uploads\/2020\/05\/sembrando_cambio.jpg\",\"datePublished\":\"2019-05-20T13:40:39+00:00\",\"dateModified\":\"2020-09-04T10:58:25+00:00\",\"description\":\"Entrada &#8226; Portal multimedia sobre cannabis y otras sustancias &#8226; 20 mayo, 2019\",\"breadcrumb\":{\"@id\":\"https:\/\/www.cannabis.es\/pw\/2019\/05\/20\/una-marcha-mundial-llena-de-propuestas-para-sembrar-el-cambio\/#breadcrumb\"},\"inLanguage\":\"es\",\"potentialAction\":[{\"@type\":\"ReadAction\",\"target\":[\"https:\/\/www.cannabis.es\/pw\/2019\/05\/20\/una-marcha-mundial-llena-de-propuestas-para-sembrar-el-cambio\/\"]}]},{\"@type\":\"ImageObject\",\"inLanguage\":\"es\",\"@id\":\"https:\/\/www.cannabis.es\/pw\/2019\/05\/20\/una-marcha-mundial-llena-de-propuestas-para-sembrar-el-cambio\/#primaryimage\",\"url\":\"https:\/\/www.cannabis.es\/pw\/wp-content\/uploads\/2020\/05\/sembrando_cambio.jpg\",\"contentUrl\":\"https:\/\/www.cannabis.es\/pw\/wp-content\/uploads\/2020\/05\/sembrando_cambio.jpg\",\"width\":959,\"height\":475},{\"@type\":\"BreadcrumbList\",\"@id\":\"https:\/\/www.cannabis.es\/pw\/2019\/05\/20\/una-marcha-mundial-llena-de-propuestas-para-sembrar-el-cambio\/#breadcrumb\",\"itemListElement\":[{\"@type\":\"ListItem\",\"position\":1,\"name\":\"Portada\",\"item\":\"http:\/\/www.cannabis.es\/pw\/\"},{\"@type\":\"ListItem\",\"position\":2,\"name\":\"Una Marcha Mundial llena de propuestas para sembrar el cambio\"}]},{\"@type\":\"WebSite\",\"@id\":\"https:\/\/www.cannabis.es\/pw\/#website\",\"url\":\"https:\/\/www.cannabis.es\/pw\/\",\"name\":\"Cannabis\",\"description\":\"Portal multimedia sobre cannabis y otras sustancias\",\"publisher\":{\"@id\":\"https:\/\/www.cannabis.es\/pw\/#organization\"},\"potentialAction\":[{\"@type\":\"SearchAction\",\"target\":{\"@type\":\"EntryPoint\",\"urlTemplate\":\"https:\/\/www.cannabis.es\/pw\/?s={search_term_string}\"},\"query-input\":{\"@type\":\"PropertyValueSpecification\",\"valueRequired\":true,\"valueName\":\"search_term_string\"}}],\"inLanguage\":\"es\"},{\"@type\":\"Organization\",\"@id\":\"https:\/\/www.cannabis.es\/pw\/#organization\",\"name\":\"Cannabis.es\",\"url\":\"https:\/\/www.cannabis.es\/pw\/\",\"logo\":{\"@type\":\"ImageObject\",\"inLanguage\":\"es\",\"@id\":\"https:\/\/www.cannabis.es\/pw\/#\/schema\/logo\/image\/\",\"url\":\"https:\/\/www.cannabis.es\/pw\/wp-content\/uploads\/2019\/04\/cropped-logo_cannabis.png\",\"contentUrl\":\"https:\/\/www.cannabis.es\/pw\/wp-content\/uploads\/2019\/04\/cropped-logo_cannabis.png\",\"width\":361,\"height\":120,\"caption\":\"Cannabis.es\"},\"image\":{\"@id\":\"https:\/\/www.cannabis.es\/pw\/#\/schema\/logo\/image\/\"},\"sameAs\":[\"https:\/\/x.com\/cannabis_es\"]},{\"@type\":\"Person\",\"@id\":\"https:\/\/www.cannabis.es\/pw\/#\/schema\/person\/e2fbd204580cf4fe74c79b82bc447374\",\"name\":\"Cannabis.es\",\"image\":{\"@type\":\"ImageObject\",\"inLanguage\":\"es\",\"@id\":\"https:\/\/www.cannabis.es\/pw\/#\/schema\/person\/image\/\",\"url\":\"https:\/\/secure.gravatar.com\/avatar\/4375b1eb6e272e2e48a4b8a8def52e5f208151f555bb5906da616906ee6dd2e8?s=96&d=mm&r=g\",\"contentUrl\":\"https:\/\/secure.gravatar.com\/avatar\/4375b1eb6e272e2e48a4b8a8def52e5f208151f555bb5906da616906ee6dd2e8?s=96&d=mm&r=g\",\"caption\":\"Cannabis.es\"},\"url\":\"https:\/\/www.cannabis.es\/pw\/author\/cannabis\/\"}]}<\/script>\n<!-- \/ Yoast SEO plugin. -->","yoast_head_json":{"title":"Una Marcha Mundial llena de propuestas para sembrar el cambio","description":"Entrada &#8226; Portal multimedia sobre cannabis y otras sustancias &#8226; 20 mayo, 2019","robots":{"index":"index","follow":"follow","max-snippet":"max-snippet:-1","max-image-preview":"max-image-preview:large","max-video-preview":"max-video-preview:-1"},"canonical":"https:\/\/www.cannabis.es\/pw\/2019\/05\/20\/una-marcha-mundial-llena-de-propuestas-para-sembrar-el-cambio\/","twitter_card":"summary_large_image","twitter_title":"Una Marcha Mundial llena de propuestas para sembrar el cambio","twitter_description":"Entrada &#8226; Portal multimedia sobre cannabis y otras sustancias &#8226; 20 mayo, 2019","twitter_image":"https:\/\/www.cannabis.es\/pw\/wp-content\/uploads\/2020\/05\/sembrando_cambio.jpg","twitter_creator":"@cannabis_es","twitter_site":"@cannabis_es","twitter_misc":{"Escrito por":"Cannabis.es","Tiempo de lectura":"7 minutos"},"schema":{"@context":"https:\/\/schema.org","@graph":[{"@type":"Article","@id":"https:\/\/www.cannabis.es\/pw\/2019\/05\/20\/una-marcha-mundial-llena-de-propuestas-para-sembrar-el-cambio\/#article","isPartOf":{"@id":"https:\/\/www.cannabis.es\/pw\/2019\/05\/20\/una-marcha-mundial-llena-de-propuestas-para-sembrar-el-cambio\/"},"author":{"name":"Cannabis.es","@id":"https:\/\/www.cannabis.es\/pw\/#\/schema\/person\/e2fbd204580cf4fe74c79b82bc447374"},"headline":"Una Marcha Mundial llena de propuestas para sembrar el cambio","datePublished":"2019-05-20T13:40:39+00:00","dateModified":"2020-09-04T10:58:25+00:00","mainEntityOfPage":{"@id":"https:\/\/www.cannabis.es\/pw\/2019\/05\/20\/una-marcha-mundial-llena-de-propuestas-para-sembrar-el-cambio\/"},"wordCount":1331,"publisher":{"@id":"https:\/\/www.cannabis.es\/pw\/#organization"},"image":{"@id":"https:\/\/www.cannabis.es\/pw\/2019\/05\/20\/una-marcha-mundial-llena-de-propuestas-para-sembrar-el-cambio\/#primaryimage"},"thumbnailUrl":"https:\/\/www.cannabis.es\/pw\/wp-content\/uploads\/2020\/05\/sembrando_cambio.jpg","keywords":["Benito D\u00edaz","cannabis","legalizaci\u00f3n","Marcha Mundial de la Marihuana","marihuana","regulaci\u00f3n cannabis"],"articleSection":["Pol\u00edtica y Sociedad","Reportajes"],"inLanguage":"es"},{"@type":"WebPage","@id":"https:\/\/www.cannabis.es\/pw\/2019\/05\/20\/una-marcha-mundial-llena-de-propuestas-para-sembrar-el-cambio\/","url":"https:\/\/www.cannabis.es\/pw\/2019\/05\/20\/una-marcha-mundial-llena-de-propuestas-para-sembrar-el-cambio\/","name":"Una Marcha Mundial llena de propuestas para sembrar el cambio","isPartOf":{"@id":"https:\/\/www.cannabis.es\/pw\/#website"},"primaryImageOfPage":{"@id":"https:\/\/www.cannabis.es\/pw\/2019\/05\/20\/una-marcha-mundial-llena-de-propuestas-para-sembrar-el-cambio\/#primaryimage"},"image":{"@id":"https:\/\/www.cannabis.es\/pw\/2019\/05\/20\/una-marcha-mundial-llena-de-propuestas-para-sembrar-el-cambio\/#primaryimage"},"thumbnailUrl":"https:\/\/www.cannabis.es\/pw\/wp-content\/uploads\/2020\/05\/sembrando_cambio.jpg","datePublished":"2019-05-20T13:40:39+00:00","dateModified":"2020-09-04T10:58:25+00:00","description":"Entrada &#8226; Portal multimedia sobre cannabis y otras sustancias &#8226; 20 mayo, 2019","breadcrumb":{"@id":"https:\/\/www.cannabis.es\/pw\/2019\/05\/20\/una-marcha-mundial-llena-de-propuestas-para-sembrar-el-cambio\/#breadcrumb"},"inLanguage":"es","potentialAction":[{"@type":"ReadAction","target":["https:\/\/www.cannabis.es\/pw\/2019\/05\/20\/una-marcha-mundial-llena-de-propuestas-para-sembrar-el-cambio\/"]}]},{"@type":"ImageObject","inLanguage":"es","@id":"https:\/\/www.cannabis.es\/pw\/2019\/05\/20\/una-marcha-mundial-llena-de-propuestas-para-sembrar-el-cambio\/#primaryimage","url":"https:\/\/www.cannabis.es\/pw\/wp-content\/uploads\/2020\/05\/sembrando_cambio.jpg","contentUrl":"https:\/\/www.cannabis.es\/pw\/wp-content\/uploads\/2020\/05\/sembrando_cambio.jpg","width":959,"height":475},{"@type":"BreadcrumbList","@id":"https:\/\/www.cannabis.es\/pw\/2019\/05\/20\/una-marcha-mundial-llena-de-propuestas-para-sembrar-el-cambio\/#breadcrumb","itemListElement":[{"@type":"ListItem","position":1,"name":"Portada","item":"http:\/\/www.cannabis.es\/pw\/"},{"@type":"ListItem","position":2,"name":"Una Marcha Mundial llena de propuestas para sembrar el cambio"}]},{"@type":"WebSite","@id":"https:\/\/www.cannabis.es\/pw\/#website","url":"https:\/\/www.cannabis.es\/pw\/","name":"Cannabis","description":"Portal multimedia sobre cannabis y otras sustancias","publisher":{"@id":"https:\/\/www.cannabis.es\/pw\/#organization"},"potentialAction":[{"@type":"SearchAction","target":{"@type":"EntryPoint","urlTemplate":"https:\/\/www.cannabis.es\/pw\/?s={search_term_string}"},"query-input":{"@type":"PropertyValueSpecification","valueRequired":true,"valueName":"search_term_string"}}],"inLanguage":"es"},{"@type":"Organization","@id":"https:\/\/www.cannabis.es\/pw\/#organization","name":"Cannabis.es","url":"https:\/\/www.cannabis.es\/pw\/","logo":{"@type":"ImageObject","inLanguage":"es","@id":"https:\/\/www.cannabis.es\/pw\/#\/schema\/logo\/image\/","url":"https:\/\/www.cannabis.es\/pw\/wp-content\/uploads\/2019\/04\/cropped-logo_cannabis.png","contentUrl":"https:\/\/www.cannabis.es\/pw\/wp-content\/uploads\/2019\/04\/cropped-logo_cannabis.png","width":361,"height":120,"caption":"Cannabis.es"},"image":{"@id":"https:\/\/www.cannabis.es\/pw\/#\/schema\/logo\/image\/"},"sameAs":["https:\/\/x.com\/cannabis_es"]},{"@type":"Person","@id":"https:\/\/www.cannabis.es\/pw\/#\/schema\/person\/e2fbd204580cf4fe74c79b82bc447374","name":"Cannabis.es","image":{"@type":"ImageObject","inLanguage":"es","@id":"https:\/\/www.cannabis.es\/pw\/#\/schema\/person\/image\/","url":"https:\/\/secure.gravatar.com\/avatar\/4375b1eb6e272e2e48a4b8a8def52e5f208151f555bb5906da616906ee6dd2e8?s=96&d=mm&r=g","contentUrl":"https:\/\/secure.gravatar.com\/avatar\/4375b1eb6e272e2e48a4b8a8def52e5f208151f555bb5906da616906ee6dd2e8?s=96&d=mm&r=g","caption":"Cannabis.es"},"url":"https:\/\/www.cannabis.es\/pw\/author\/cannabis\/"}]}},"_links":{"self":[{"href":"https:\/\/www.cannabis.es\/pw\/wp-json\/wp\/v2\/posts\/2013","targetHints":{"allow":["GET"]}}],"collection":[{"href":"https:\/\/www.cannabis.es\/pw\/wp-json\/wp\/v2\/posts"}],"about":[{"href":"https:\/\/www.cannabis.es\/pw\/wp-json\/wp\/v2\/types\/post"}],"author":[{"embeddable":true,"href":"https:\/\/www.cannabis.es\/pw\/wp-json\/wp\/v2\/users\/1"}],"replies":[{"embeddable":true,"href":"https:\/\/www.cannabis.es\/pw\/wp-json\/wp\/v2\/comments?post=2013"}],"version-history":[{"count":3,"href":"https:\/\/www.cannabis.es\/pw\/wp-json\/wp\/v2\/posts\/2013\/revisions"}],"predecessor-version":[{"id":4941,"href":"https:\/\/www.cannabis.es\/pw\/wp-json\/wp\/v2\/posts\/2013\/revisions\/4941"}],"wp:featuredmedia":[{"embeddable":true,"href":"https:\/\/www.cannabis.es\/pw\/wp-json\/wp\/v2\/media\/2014"}],"wp:attachment":[{"href":"https:\/\/www.cannabis.es\/pw\/wp-json\/wp\/v2\/media?parent=2013"}],"wp:term":[{"taxonomy":"category","embeddable":true,"href":"https:\/\/www.cannabis.es\/pw\/wp-json\/wp\/v2\/categories?post=2013"},{"taxonomy":"post_tag","embeddable":true,"href":"https:\/\/www.cannabis.es\/pw\/wp-json\/wp\/v2\/tags?post=2013"}],"curies":[{"name":"wp","href":"https:\/\/api.w.org\/{rel}","templated":true}]}}