{"id":2022,"date":"2019-05-13T15:45:04","date_gmt":"2019-05-13T13:45:04","guid":{"rendered":"http:\/\/www.cannabis.es\/pw\/?p=2022"},"modified":"2020-09-04T12:58:49","modified_gmt":"2020-09-04T10:58:49","slug":"mas-de-25-000-personas-en-la-marcha-mundial-de-la-marihuana-de-madrid-2019","status":"publish","type":"post","link":"https:\/\/www.cannabis.es\/pw\/2019\/05\/13\/mas-de-25-000-personas-en-la-marcha-mundial-de-la-marihuana-de-madrid-2019\/","title":{"rendered":"M\u00e1s de 25.000 personas en la Marcha Mundial de la Marihuana de Madrid 2019"},"content":{"rendered":"\n<p>Benito D\u00edaz<\/p>\n\n\n\n<p>Un a\u00f1o m\u00e1s, las protestas en favor de la legalizaci\u00f3n inundaron las calles del centro de Madrid con la Marcha Mundial de la Marihuana #MMMM2019 para sembrar el cambio en la legislaci\u00f3n que permita la legalizaci\u00f3n y regularizaci\u00f3n de nuestra planta. \u00a1Acomp\u00e1\u00f1anos!<\/p>\n\n\n\n<hr class=\"wp-block-separator\"\/>\n\n\n\n<p>La Marcha Mundial de la Marihuana de Madrid empez\u00f3 a las seis de la tarde del d\u00eda 11 de mayo. Este a\u00f1o, las asociaciones y colectivos junto con la sociedad civil, se manifestaron exigiendo la legalizaci\u00f3n y regulaci\u00f3n de la marihuana durante su recorrido, que incluy\u00f3 la traves\u00eda desde la Puerta del Sol hasta Plaza de Espa\u00f1a.<\/p>\n\n\n\n<p>Tras superar algunas semanas de lluvia y cielos oscuros, el sol calienta con suavidad e inunda de luz la castiza plaza. A lo lejos aparecen los cientos de globos de la Asociaci\u00f3n Madrile\u00f1a de Estudios Cann\u00e1bicos&nbsp;<a href=\"http:\/\/www.amec.org.es\/\">(AMEC)<\/a>&nbsp;que vienen desde su sede en Lavapi\u00e9s. Es una de las entidades organizadoras, junto a la Confederaci\u00f3n de Asociaciones Cann\u00e1bicas (<a href=\"https:\/\/confac.org\/\">CONFAC<\/a>),&nbsp;La Coalici\u00f3n Europea para la Efectiva Pol\u00edtica de Drogas&nbsp;(<a href=\"https:\/\/www.encod.org\/\">ENCOD<\/a>)&nbsp;y del Observatorio Europeo del Estudio y Consumo de Cannabis (<a href=\"https:\/\/observatoriocannabis.com\/\">OECCC<\/a>), adem\u00e1s de varias de las asociaciones sociales de Cannabis m\u00e1s conocidas, tales como&nbsp;<a href=\"https:\/\/twitter.com\/mujerescannabis\">Mujeres Cann\u00e1bicas<\/a>, FAC-Illes Balears, F\u00f2rum Cann\u00e0bic Valenci\u00e0,&nbsp;que tambi\u00e9n a\u00f1adieron su participaci\u00f3n,&nbsp;entre muchas otras.<\/p>\n\n\n\n<p><em>\u201c<\/em><em>\u00cda \u00eda \u00eda, Madrid huele a mar\u00eda\u201d<\/em>&nbsp;grita el nutrido grupo que parte desde Sol, enfrentando la calle Montera. Pancartas de las asociaciones, carteles, y la manifestaci\u00f3n que comienza exhalando los primeros aromas y cantando consignas reivindicativas. Advertimos la presencia de c\u00e1maras de medios generalistas, al parecer interesados por el evento. Una chica comenta entre risas que le preocupa ser reconocida por su madre en el telediario.<\/p>\n\n\n\n<p>Este a\u00f1o, en una&nbsp;<a href=\"http:\/\/www.cannabis.es\/pw\/2017\/05\/30\/mani-fiesta-accion-2017\/\">ocasi\u00f3n similar a 2017<\/a>, la organizaci\u00f3n&nbsp;cont\u00f3 con&nbsp;los conciertos \u00a1Mani-fiesta-t\u00e9!&nbsp;Artistas invitadas tales como, IRA Rap, Swan Fyahboy, Costa, Zombie Kids, Kiki Sound, Chulito Camacho, Fastah Selectah, Estridente, Sista Cheka, Supernafamacho, Gran Khan, Garolo, Tesa y Andrea, Dj X Teba, Kenna, Little Pepe, O Mistah Godeh y Kiki Sound AKA Kamikaze. Quiz\u00e1 por eso, la manifestaci\u00f3n adquiere una velocidad m\u00e1s elevada que en otras ocasiones, dejando a su paso una densa estela blanca de perfume selv\u00e1tico.<\/p>\n\n\n\n<p><em>\u201c<\/em><em>Consumimos marihuana de forma terap\u00e9utica para combatir la ansiedad, la depresi\u00f3n, el insomnio y el estr\u00e9s\u201d<\/em><em>,<\/em>&nbsp;nos cuentan Aria y Tamara, dos j\u00f3venes participantes de las protestas.&nbsp;<em>\u201cEs preciso que la sociedad lo normalice y lo vea, no como una droga, si no como algo beneficioso para el ser humano. Eventos como la Marcha Mundial de la Marihuana son algo necesario\u201d<\/em><em>,<\/em>&nbsp;afirman.<\/p>\n\n\n\n<p>Avanzando por Gran V\u00eda, unos j\u00f3venes comentan que un amigo suyo ha sido registrado e incautada su marihuana por la polic\u00eda, hoy mismo, en otro barrio de la ciudad.<\/p>\n\n\n\n<p>El&nbsp;<strong>C<\/strong><strong>annab<\/strong><strong>u<\/strong><strong>s<\/strong>&nbsp;deber\u00eda haber estado esperando a la comitiva en la esquina de Gran V\u00eda con la Calle Montera. Sin embargo, restricciones de \u00faltima hora obligan a la organizaci\u00f3n a situarlo justo al final de la avenida, un autob\u00fas de dos pisos cuya superficie superior servir\u00e1 de escenario para las actuaciones.<\/p>\n\n\n\n<p>La caminata por Gran V\u00eda se sienta en la calzada. Se alzan gritos de libertad para Mar\u00eda. Una turista \u00e1rabe, sorprendida por la manifestaci\u00f3n, pregunta en ingl\u00e9s de qu\u00e9 se trata y se alegra de que se pueda llevar a cabo una reivindicaci\u00f3n en p\u00fablico.<\/p>\n\n\n\n<p>Llegamos frente al Sistema de Sonido del Cannabus, que dispara ya las primeras palabras de los representantes del OECCC, Hector Brotons&nbsp;<a href=\"https:\/\/www.brotsanbert.com\/preguntas-frecuentes\">de BrotSanBert<\/a>&nbsp;y Jose Afuera por parte de la CONFAC.&nbsp;<strong>Regularizaci\u00f3n, despenalizaci\u00f3n, no m\u00e1s multas por fumar, reivindicaciones por la libertad y llamamientos a los legisladores para tomar en serio las exigencias de una buena parte de la poblaci\u00f3n.<\/strong><\/p>\n\n\n\n<p>Comienzan los conciertos con las componentes&nbsp;<a href=\"https:\/\/twitter.com\/IraFeminista\">de IRA Rap<\/a>, calentando el ambiente y haciendo resonar los bajos del Sistema de Sonido, que truenan como las voces de miles de personas coreando por el reconocimiento de sus derechos en el coraz\u00f3n de la capital. Charlamos&nbsp;<a href=\"https:\/\/twitter.com\/garoloko33?lang=es\">con Garolo<\/a>, mc ovetense que nos explica que en Asturias&nbsp;<em>\u201csi te pillan con un porro te joden\u201d<\/em><em>.<\/em>&nbsp;<em>\u201cHay un grupillo<\/em>&nbsp;[de polic\u00edas]&nbsp;<em>que van buscando a gente para quitarles la&nbsp;marihuana, supongo que como en todas partes\u201d&nbsp;nos cuenta.&nbsp;\u201cLas sanciones al&nbsp;c<\/em><em>annabis son demasiado agresivas. \u00bfQui\u00e9n dice que est\u00e9 haciendo mal consumiendo? \u00bfEn qu\u00e9 momento le estoy faltando el respeto a alguien? Voy a un sitio que no conozco y me llevo mi cachito de petas, no quiero andar por la calle buscando en el mercado negro\u201d<\/em><em>.<\/em><\/p>\n\n\n\n<p>Los conciertos se suceden con rapidez. Suben&nbsp;<strong>No<\/strong><strong>e<\/strong><strong>m<\/strong><strong>\u00ed<\/strong><strong>&nbsp;S\u00e1nchez de OECCC y Patty Amiguet de Confac<\/strong>&nbsp;para leer el manifiesto de la Marcha Mundial de la Marihuana de Madrid 2019.&nbsp;<em>\u201cEsta vigesimotercera edici\u00f3n de la Marcha Mundial de la Marihuana la queremos dedicar a todas aquellas personas represaliadas que han luchado durante m\u00e1s de veinte a\u00f1os por una regulaci\u00f3n coherente y sensata que se adapte al contexto y la a la realidad de nuestra sociedad. Tras el dictamen de Organizaci\u00f3n Mundial de la Salud, la prohibici\u00f3n est\u00e1 m\u00e1s cuestionada que nunca, habiendo fracasado en el cumplimiento de sus objetivos. Y ha tra\u00eddo consecuencias nefastas para todas las personas y colectivos m\u00e1s vulnerables que deciden usar de alguna forma la Cannabis y que se han visto afectadas de forma desmesurada e injustificada a causa de la aplicaci\u00f3n de leyes injustas e ineficaces\u201d<\/em><em>.<\/em><\/p>\n\n\n\n<p>Tras su actuaci\u00f3n, en la cual interpreta dos temas memorables como&nbsp;<em>\u201cOye, oye\u201d<\/em>&nbsp;y<em>&nbsp;\u201cSonido Campe\u00f3n\u201d,&nbsp;<\/em>el&nbsp;<strong>mc SuperNafaMacho<\/strong>&nbsp;nos concede unos minutos.&nbsp;<em>\u201cPienso que estamos viviendo un momento interesante por la lucha que se est\u00e1 haciendo por el cannabis, pero los avances son demasiado lentos\u201d<\/em>&nbsp;explica el madrile\u00f1o.&nbsp;<em>\u201cNo considero que est\u00e9 en el activismo cann\u00e1bico, estoy en el activismo de la libertad: si puedo tomarme una ca\u00f1a, puedo fumarme un porro. No s\u00e9 si deber\u00eda equipararse en cuanto a fiscalizaci\u00f3n, pero seguro que no deber\u00eda haber multas ni registros\u201d.<\/em>&nbsp;El artista, consumidor de cannabis desde hace muchos a\u00f1os, asegura entre risas que toda su obra est\u00e1 producida bajo la influencia de la marihuana.<\/p>\n\n\n\n<p>Jos\u00e9 Baltierrez,&nbsp;<strong>\u201cKati\u201d<\/strong>, legendario fundador de la ARSEC en Catalu\u00f1a, comenta con nosotros desde la voz de su experiencia.&nbsp;<em>\u201cDesde luego ha habido algunos avances. En 1992, uno de nuestros principales adversarios pol\u00edticos me dijo que a lo m\u00e1ximo que podemos aspirar los porreros es a que se nos reconozca como a los puteros, que nos encierren en clubes oscuros y a que nos hagan redadas en las que salgamos con el carnet de identidad en la boca\u201d<\/em><em>.<\/em>&nbsp;Kati reconoce que estas movilizaciones mantienen viva la llama del activismo, pero se ven pocos cambios reales en la legislaci\u00f3n.<\/p>\n\n\n\n<p>Sobre las nueve y media de la noche,&nbsp;<strong>Swan Fyahboy<\/strong>&nbsp;sube al escenario para anunciar que&nbsp;<em>\u201cla polic\u00eda nos corta. Faltan muchos artistas por salir, m\u00e1s que a m\u00ed no le jode a nadie\u201d.&nbsp;<\/em>Despiden el evento varios representantes de la organizaci\u00f3n, entre ellos Lucky, presidente de la AMEC. Agradece a los participantes y al p\u00fablico por asistir,&nbsp;<strong>asegurando una participaci\u00f3n de m\u00e1s de 25.000 personas e invitando a que el a\u00f1o que viene sean todav\u00eda m\u00e1s.<\/strong>&nbsp;En palabras de Rafa, representante&nbsp;<a href=\"https:\/\/twitter.com\/laovaclub\">de la OVA<\/a>&nbsp;de Valladolid, la marcha ha sido satisfactoria.&nbsp;<em>\u201cHemos conseguido unirnos y venir todos juntos, con los artistas, las organizaciones y los activistas\u201d.<\/em>&nbsp;Pues solo con la uni\u00f3n, podemos conseguir que la libertad sea, por fin, un hecho.<\/p>\n","protected":false},"excerpt":{"rendered":"<span class=\"span-reading-time rt-reading-time\" style=\"display: block;\"><span class=\"rt-label rt-prefix\">Tiempo de lectura:<\/span> <span class=\"rt-time\"> 4<\/span> <span class=\"rt-label rt-postfix\">minutos<\/span><\/span>Benito D\u00edaz Un a\u00f1o m\u00e1s, las protestas en favor de la legalizaci\u00f3n inundaron las calles del centro de Madrid con la Marcha Mundial de la Marihuana #MMMM2019 para sembrar el cambio en la legislaci\u00f3n que permita la legalizaci\u00f3n y regularizaci\u00f3n de nuestra planta. \u00a1Acomp\u00e1\u00f1anos! La Marcha Mundial de la Marihuana de Madrid empez\u00f3 a las [&hellip;]","protected":false},"author":1,"featured_media":2023,"comment_status":"closed","ping_status":"closed","sticky":false,"template":"","format":"standard","meta":{"loftocean-featured-post":"","loftocean_post_format_gallery":"","loftocean_post_format_gallery_ids":"","loftocean_post_format_gallery_urls":"","loftocean_post_format_video_id":"","loftocean_post_format_video_url":"","loftocean_post_format_video_type":"","loftocean_post_format_video":"","loftocean_post_format_audio_type":"","loftocean_post_format_audio_url":"","loftocean_post_format_audio_id":"","loftocean_post_format_audio":"","loftocean_post_format_quote_text":"","loftocean_post_format_quote_byline":"","loftocean_post_format_link_text":"","loftocean_post_format_link_url":"","ceramag_post_header_style":"","ceramag_enable_background_video":"","ceramag_show_in_top_slider":"","ceramag_post_background_video_start":"","ceramag_post_background_video_end":"","loftocean_page_background_video_id":"","loftocean_page_background_video_url":"","loftocean_page_background_video_type":"","loftocean_page_background_video":"","ceramag_background_video_start":"","ceramag_background_video_end":"","ceramag_single_page_hide_header":"","footnotes":""},"categories":[34],"tags":[41,54,554,40],"class_list":["post-2022","post","type-post","status-publish","format-standard","has-post-thumbnail","hentry","category-reportajes","tag-cannabis","tag-legalizacion","tag-marcha-mundial-de-la-marihuana","tag-marihuana"],"yoast_head":"<!-- This site is optimized with the Yoast SEO plugin v24.9 - https:\/\/yoast.com\/wordpress\/plugins\/seo\/ -->\n<title>M\u00e1s de 25.000 personas en la Marcha Mundial de la Marihuana de Madrid 2019<\/title>\n<meta name=\"description\" content=\"Entrada &#8226; Portal multimedia sobre cannabis y otras sustancias &#8226; 13 mayo, 2019\" \/>\n<meta name=\"robots\" content=\"index, follow, max-snippet:-1, max-image-preview:large, max-video-preview:-1\" \/>\n<link rel=\"canonical\" href=\"https:\/\/www.cannabis.es\/pw\/2019\/05\/13\/mas-de-25-000-personas-en-la-marcha-mundial-de-la-marihuana-de-madrid-2019\/\" \/>\n<meta name=\"twitter:card\" content=\"summary_large_image\" \/>\n<meta name=\"twitter:title\" content=\"M\u00e1s de 25.000 personas en la Marcha Mundial de la Marihuana de Madrid 2019\" \/>\n<meta name=\"twitter:description\" content=\"Entrada &#8226; Portal multimedia sobre cannabis y otras sustancias &#8226; 13 mayo, 2019\" \/>\n<meta name=\"twitter:image\" content=\"https:\/\/www.cannabis.es\/pw\/wp-content\/uploads\/2020\/05\/portada-marcha-cannabis-2019.jpg\" \/>\n<meta name=\"twitter:creator\" content=\"@cannabis_es\" \/>\n<meta name=\"twitter:site\" content=\"@cannabis_es\" \/>\n<meta name=\"twitter:label1\" content=\"Escrito por\" \/>\n\t<meta name=\"twitter:data1\" content=\"Cannabis.es\" \/>\n\t<meta name=\"twitter:label2\" content=\"Tiempo de lectura\" \/>\n\t<meta name=\"twitter:data2\" content=\"7 minutos\" \/>\n<script type=\"application\/ld+json\" class=\"yoast-schema-graph\">{\"@context\":\"https:\/\/schema.org\",\"@graph\":[{\"@type\":\"Article\",\"@id\":\"https:\/\/www.cannabis.es\/pw\/2019\/05\/13\/mas-de-25-000-personas-en-la-marcha-mundial-de-la-marihuana-de-madrid-2019\/#article\",\"isPartOf\":{\"@id\":\"https:\/\/www.cannabis.es\/pw\/2019\/05\/13\/mas-de-25-000-personas-en-la-marcha-mundial-de-la-marihuana-de-madrid-2019\/\"},\"author\":{\"name\":\"Cannabis.es\",\"@id\":\"https:\/\/www.cannabis.es\/pw\/#\/schema\/person\/e2fbd204580cf4fe74c79b82bc447374\"},\"headline\":\"M\u00e1s de 25.000 personas en la Marcha Mundial de la Marihuana de Madrid 2019\",\"datePublished\":\"2019-05-13T13:45:04+00:00\",\"dateModified\":\"2020-09-04T10:58:49+00:00\",\"mainEntityOfPage\":{\"@id\":\"https:\/\/www.cannabis.es\/pw\/2019\/05\/13\/mas-de-25-000-personas-en-la-marcha-mundial-de-la-marihuana-de-madrid-2019\/\"},\"wordCount\":1381,\"publisher\":{\"@id\":\"https:\/\/www.cannabis.es\/pw\/#organization\"},\"image\":{\"@id\":\"https:\/\/www.cannabis.es\/pw\/2019\/05\/13\/mas-de-25-000-personas-en-la-marcha-mundial-de-la-marihuana-de-madrid-2019\/#primaryimage\"},\"thumbnailUrl\":\"https:\/\/www.cannabis.es\/pw\/wp-content\/uploads\/2020\/05\/portada-marcha-cannabis-2019.jpg\",\"keywords\":[\"cannabis\",\"legalizaci\u00f3n\",\"Marcha Mundial de la Marihuana\",\"marihuana\"],\"articleSection\":[\"Reportajes\"],\"inLanguage\":\"es\"},{\"@type\":\"WebPage\",\"@id\":\"https:\/\/www.cannabis.es\/pw\/2019\/05\/13\/mas-de-25-000-personas-en-la-marcha-mundial-de-la-marihuana-de-madrid-2019\/\",\"url\":\"https:\/\/www.cannabis.es\/pw\/2019\/05\/13\/mas-de-25-000-personas-en-la-marcha-mundial-de-la-marihuana-de-madrid-2019\/\",\"name\":\"M\u00e1s de 25.000 personas en la Marcha Mundial de la Marihuana de Madrid 2019\",\"isPartOf\":{\"@id\":\"https:\/\/www.cannabis.es\/pw\/#website\"},\"primaryImageOfPage\":{\"@id\":\"https:\/\/www.cannabis.es\/pw\/2019\/05\/13\/mas-de-25-000-personas-en-la-marcha-mundial-de-la-marihuana-de-madrid-2019\/#primaryimage\"},\"image\":{\"@id\":\"https:\/\/www.cannabis.es\/pw\/2019\/05\/13\/mas-de-25-000-personas-en-la-marcha-mundial-de-la-marihuana-de-madrid-2019\/#primaryimage\"},\"thumbnailUrl\":\"https:\/\/www.cannabis.es\/pw\/wp-content\/uploads\/2020\/05\/portada-marcha-cannabis-2019.jpg\",\"datePublished\":\"2019-05-13T13:45:04+00:00\",\"dateModified\":\"2020-09-04T10:58:49+00:00\",\"description\":\"Entrada &#8226; Portal multimedia sobre cannabis y otras sustancias &#8226; 13 mayo, 2019\",\"breadcrumb\":{\"@id\":\"https:\/\/www.cannabis.es\/pw\/2019\/05\/13\/mas-de-25-000-personas-en-la-marcha-mundial-de-la-marihuana-de-madrid-2019\/#breadcrumb\"},\"inLanguage\":\"es\",\"potentialAction\":[{\"@type\":\"ReadAction\",\"target\":[\"https:\/\/www.cannabis.es\/pw\/2019\/05\/13\/mas-de-25-000-personas-en-la-marcha-mundial-de-la-marihuana-de-madrid-2019\/\"]}]},{\"@type\":\"ImageObject\",\"inLanguage\":\"es\",\"@id\":\"https:\/\/www.cannabis.es\/pw\/2019\/05\/13\/mas-de-25-000-personas-en-la-marcha-mundial-de-la-marihuana-de-madrid-2019\/#primaryimage\",\"url\":\"https:\/\/www.cannabis.es\/pw\/wp-content\/uploads\/2020\/05\/portada-marcha-cannabis-2019.jpg\",\"contentUrl\":\"https:\/\/www.cannabis.es\/pw\/wp-content\/uploads\/2020\/05\/portada-marcha-cannabis-2019.jpg\",\"width\":959,\"height\":475},{\"@type\":\"BreadcrumbList\",\"@id\":\"https:\/\/www.cannabis.es\/pw\/2019\/05\/13\/mas-de-25-000-personas-en-la-marcha-mundial-de-la-marihuana-de-madrid-2019\/#breadcrumb\",\"itemListElement\":[{\"@type\":\"ListItem\",\"position\":1,\"name\":\"Portada\",\"item\":\"http:\/\/www.cannabis.es\/pw\/\"},{\"@type\":\"ListItem\",\"position\":2,\"name\":\"M\u00e1s de 25.000 personas en la Marcha Mundial de la Marihuana de Madrid 2019\"}]},{\"@type\":\"WebSite\",\"@id\":\"https:\/\/www.cannabis.es\/pw\/#website\",\"url\":\"https:\/\/www.cannabis.es\/pw\/\",\"name\":\"Cannabis\",\"description\":\"Portal multimedia sobre cannabis y otras sustancias\",\"publisher\":{\"@id\":\"https:\/\/www.cannabis.es\/pw\/#organization\"},\"potentialAction\":[{\"@type\":\"SearchAction\",\"target\":{\"@type\":\"EntryPoint\",\"urlTemplate\":\"https:\/\/www.cannabis.es\/pw\/?s={search_term_string}\"},\"query-input\":{\"@type\":\"PropertyValueSpecification\",\"valueRequired\":true,\"valueName\":\"search_term_string\"}}],\"inLanguage\":\"es\"},{\"@type\":\"Organization\",\"@id\":\"https:\/\/www.cannabis.es\/pw\/#organization\",\"name\":\"Cannabis.es\",\"url\":\"https:\/\/www.cannabis.es\/pw\/\",\"logo\":{\"@type\":\"ImageObject\",\"inLanguage\":\"es\",\"@id\":\"https:\/\/www.cannabis.es\/pw\/#\/schema\/logo\/image\/\",\"url\":\"https:\/\/www.cannabis.es\/pw\/wp-content\/uploads\/2019\/04\/cropped-logo_cannabis.png\",\"contentUrl\":\"https:\/\/www.cannabis.es\/pw\/wp-content\/uploads\/2019\/04\/cropped-logo_cannabis.png\",\"width\":361,\"height\":120,\"caption\":\"Cannabis.es\"},\"image\":{\"@id\":\"https:\/\/www.cannabis.es\/pw\/#\/schema\/logo\/image\/\"},\"sameAs\":[\"https:\/\/x.com\/cannabis_es\"]},{\"@type\":\"Person\",\"@id\":\"https:\/\/www.cannabis.es\/pw\/#\/schema\/person\/e2fbd204580cf4fe74c79b82bc447374\",\"name\":\"Cannabis.es\",\"image\":{\"@type\":\"ImageObject\",\"inLanguage\":\"es\",\"@id\":\"https:\/\/www.cannabis.es\/pw\/#\/schema\/person\/image\/\",\"url\":\"https:\/\/secure.gravatar.com\/avatar\/4375b1eb6e272e2e48a4b8a8def52e5f208151f555bb5906da616906ee6dd2e8?s=96&d=mm&r=g\",\"contentUrl\":\"https:\/\/secure.gravatar.com\/avatar\/4375b1eb6e272e2e48a4b8a8def52e5f208151f555bb5906da616906ee6dd2e8?s=96&d=mm&r=g\",\"caption\":\"Cannabis.es\"},\"url\":\"https:\/\/www.cannabis.es\/pw\/author\/cannabis\/\"}]}<\/script>\n<!-- \/ Yoast SEO plugin. -->","yoast_head_json":{"title":"M\u00e1s de 25.000 personas en la Marcha Mundial de la Marihuana de Madrid 2019","description":"Entrada &#8226; Portal multimedia sobre cannabis y otras sustancias &#8226; 13 mayo, 2019","robots":{"index":"index","follow":"follow","max-snippet":"max-snippet:-1","max-image-preview":"max-image-preview:large","max-video-preview":"max-video-preview:-1"},"canonical":"https:\/\/www.cannabis.es\/pw\/2019\/05\/13\/mas-de-25-000-personas-en-la-marcha-mundial-de-la-marihuana-de-madrid-2019\/","twitter_card":"summary_large_image","twitter_title":"M\u00e1s de 25.000 personas en la Marcha Mundial de la Marihuana de Madrid 2019","twitter_description":"Entrada &#8226; Portal multimedia sobre cannabis y otras sustancias &#8226; 13 mayo, 2019","twitter_image":"https:\/\/www.cannabis.es\/pw\/wp-content\/uploads\/2020\/05\/portada-marcha-cannabis-2019.jpg","twitter_creator":"@cannabis_es","twitter_site":"@cannabis_es","twitter_misc":{"Escrito por":"Cannabis.es","Tiempo de lectura":"7 minutos"},"schema":{"@context":"https:\/\/schema.org","@graph":[{"@type":"Article","@id":"https:\/\/www.cannabis.es\/pw\/2019\/05\/13\/mas-de-25-000-personas-en-la-marcha-mundial-de-la-marihuana-de-madrid-2019\/#article","isPartOf":{"@id":"https:\/\/www.cannabis.es\/pw\/2019\/05\/13\/mas-de-25-000-personas-en-la-marcha-mundial-de-la-marihuana-de-madrid-2019\/"},"author":{"name":"Cannabis.es","@id":"https:\/\/www.cannabis.es\/pw\/#\/schema\/person\/e2fbd204580cf4fe74c79b82bc447374"},"headline":"M\u00e1s de 25.000 personas en la Marcha Mundial de la Marihuana de Madrid 2019","datePublished":"2019-05-13T13:45:04+00:00","dateModified":"2020-09-04T10:58:49+00:00","mainEntityOfPage":{"@id":"https:\/\/www.cannabis.es\/pw\/2019\/05\/13\/mas-de-25-000-personas-en-la-marcha-mundial-de-la-marihuana-de-madrid-2019\/"},"wordCount":1381,"publisher":{"@id":"https:\/\/www.cannabis.es\/pw\/#organization"},"image":{"@id":"https:\/\/www.cannabis.es\/pw\/2019\/05\/13\/mas-de-25-000-personas-en-la-marcha-mundial-de-la-marihuana-de-madrid-2019\/#primaryimage"},"thumbnailUrl":"https:\/\/www.cannabis.es\/pw\/wp-content\/uploads\/2020\/05\/portada-marcha-cannabis-2019.jpg","keywords":["cannabis","legalizaci\u00f3n","Marcha Mundial de la Marihuana","marihuana"],"articleSection":["Reportajes"],"inLanguage":"es"},{"@type":"WebPage","@id":"https:\/\/www.cannabis.es\/pw\/2019\/05\/13\/mas-de-25-000-personas-en-la-marcha-mundial-de-la-marihuana-de-madrid-2019\/","url":"https:\/\/www.cannabis.es\/pw\/2019\/05\/13\/mas-de-25-000-personas-en-la-marcha-mundial-de-la-marihuana-de-madrid-2019\/","name":"M\u00e1s de 25.000 personas en la Marcha Mundial de la Marihuana de Madrid 2019","isPartOf":{"@id":"https:\/\/www.cannabis.es\/pw\/#website"},"primaryImageOfPage":{"@id":"https:\/\/www.cannabis.es\/pw\/2019\/05\/13\/mas-de-25-000-personas-en-la-marcha-mundial-de-la-marihuana-de-madrid-2019\/#primaryimage"},"image":{"@id":"https:\/\/www.cannabis.es\/pw\/2019\/05\/13\/mas-de-25-000-personas-en-la-marcha-mundial-de-la-marihuana-de-madrid-2019\/#primaryimage"},"thumbnailUrl":"https:\/\/www.cannabis.es\/pw\/wp-content\/uploads\/2020\/05\/portada-marcha-cannabis-2019.jpg","datePublished":"2019-05-13T13:45:04+00:00","dateModified":"2020-09-04T10:58:49+00:00","description":"Entrada &#8226; Portal multimedia sobre cannabis y otras sustancias &#8226; 13 mayo, 2019","breadcrumb":{"@id":"https:\/\/www.cannabis.es\/pw\/2019\/05\/13\/mas-de-25-000-personas-en-la-marcha-mundial-de-la-marihuana-de-madrid-2019\/#breadcrumb"},"inLanguage":"es","potentialAction":[{"@type":"ReadAction","target":["https:\/\/www.cannabis.es\/pw\/2019\/05\/13\/mas-de-25-000-personas-en-la-marcha-mundial-de-la-marihuana-de-madrid-2019\/"]}]},{"@type":"ImageObject","inLanguage":"es","@id":"https:\/\/www.cannabis.es\/pw\/2019\/05\/13\/mas-de-25-000-personas-en-la-marcha-mundial-de-la-marihuana-de-madrid-2019\/#primaryimage","url":"https:\/\/www.cannabis.es\/pw\/wp-content\/uploads\/2020\/05\/portada-marcha-cannabis-2019.jpg","contentUrl":"https:\/\/www.cannabis.es\/pw\/wp-content\/uploads\/2020\/05\/portada-marcha-cannabis-2019.jpg","width":959,"height":475},{"@type":"BreadcrumbList","@id":"https:\/\/www.cannabis.es\/pw\/2019\/05\/13\/mas-de-25-000-personas-en-la-marcha-mundial-de-la-marihuana-de-madrid-2019\/#breadcrumb","itemListElement":[{"@type":"ListItem","position":1,"name":"Portada","item":"http:\/\/www.cannabis.es\/pw\/"},{"@type":"ListItem","position":2,"name":"M\u00e1s de 25.000 personas en la Marcha Mundial de la Marihuana de Madrid 2019"}]},{"@type":"WebSite","@id":"https:\/\/www.cannabis.es\/pw\/#website","url":"https:\/\/www.cannabis.es\/pw\/","name":"Cannabis","description":"Portal multimedia sobre cannabis y otras sustancias","publisher":{"@id":"https:\/\/www.cannabis.es\/pw\/#organization"},"potentialAction":[{"@type":"SearchAction","target":{"@type":"EntryPoint","urlTemplate":"https:\/\/www.cannabis.es\/pw\/?s={search_term_string}"},"query-input":{"@type":"PropertyValueSpecification","valueRequired":true,"valueName":"search_term_string"}}],"inLanguage":"es"},{"@type":"Organization","@id":"https:\/\/www.cannabis.es\/pw\/#organization","name":"Cannabis.es","url":"https:\/\/www.cannabis.es\/pw\/","logo":{"@type":"ImageObject","inLanguage":"es","@id":"https:\/\/www.cannabis.es\/pw\/#\/schema\/logo\/image\/","url":"https:\/\/www.cannabis.es\/pw\/wp-content\/uploads\/2019\/04\/cropped-logo_cannabis.png","contentUrl":"https:\/\/www.cannabis.es\/pw\/wp-content\/uploads\/2019\/04\/cropped-logo_cannabis.png","width":361,"height":120,"caption":"Cannabis.es"},"image":{"@id":"https:\/\/www.cannabis.es\/pw\/#\/schema\/logo\/image\/"},"sameAs":["https:\/\/x.com\/cannabis_es"]},{"@type":"Person","@id":"https:\/\/www.cannabis.es\/pw\/#\/schema\/person\/e2fbd204580cf4fe74c79b82bc447374","name":"Cannabis.es","image":{"@type":"ImageObject","inLanguage":"es","@id":"https:\/\/www.cannabis.es\/pw\/#\/schema\/person\/image\/","url":"https:\/\/secure.gravatar.com\/avatar\/4375b1eb6e272e2e48a4b8a8def52e5f208151f555bb5906da616906ee6dd2e8?s=96&d=mm&r=g","contentUrl":"https:\/\/secure.gravatar.com\/avatar\/4375b1eb6e272e2e48a4b8a8def52e5f208151f555bb5906da616906ee6dd2e8?s=96&d=mm&r=g","caption":"Cannabis.es"},"url":"https:\/\/www.cannabis.es\/pw\/author\/cannabis\/"}]}},"_links":{"self":[{"href":"https:\/\/www.cannabis.es\/pw\/wp-json\/wp\/v2\/posts\/2022","targetHints":{"allow":["GET"]}}],"collection":[{"href":"https:\/\/www.cannabis.es\/pw\/wp-json\/wp\/v2\/posts"}],"about":[{"href":"https:\/\/www.cannabis.es\/pw\/wp-json\/wp\/v2\/types\/post"}],"author":[{"embeddable":true,"href":"https:\/\/www.cannabis.es\/pw\/wp-json\/wp\/v2\/users\/1"}],"replies":[{"embeddable":true,"href":"https:\/\/www.cannabis.es\/pw\/wp-json\/wp\/v2\/comments?post=2022"}],"version-history":[{"count":3,"href":"https:\/\/www.cannabis.es\/pw\/wp-json\/wp\/v2\/posts\/2022\/revisions"}],"predecessor-version":[{"id":5989,"href":"https:\/\/www.cannabis.es\/pw\/wp-json\/wp\/v2\/posts\/2022\/revisions\/5989"}],"wp:featuredmedia":[{"embeddable":true,"href":"https:\/\/www.cannabis.es\/pw\/wp-json\/wp\/v2\/media\/2023"}],"wp:attachment":[{"href":"https:\/\/www.cannabis.es\/pw\/wp-json\/wp\/v2\/media?parent=2022"}],"wp:term":[{"taxonomy":"category","embeddable":true,"href":"https:\/\/www.cannabis.es\/pw\/wp-json\/wp\/v2\/categories?post=2022"},{"taxonomy":"post_tag","embeddable":true,"href":"https:\/\/www.cannabis.es\/pw\/wp-json\/wp\/v2\/tags?post=2022"}],"curies":[{"name":"wp","href":"https:\/\/api.w.org\/{rel}","templated":true}]}}