{"id":2046,"date":"2019-03-11T16:06:56","date_gmt":"2019-03-11T15:06:56","guid":{"rendered":"http:\/\/www.cannabis.es\/pw\/?p=2046"},"modified":"2020-09-04T13:09:30","modified_gmt":"2020-09-04T11:09:30","slug":"cannabis-medicinal-en-el-control-del-dolor-cronico","status":"publish","type":"post","link":"https:\/\/www.cannabis.es\/pw\/2019\/03\/11\/cannabis-medicinal-en-el-control-del-dolor-cronico\/","title":{"rendered":"Cannabis medicinal en el control del dolor cr\u00f3nico"},"content":{"rendered":"\n<p>Benito D\u00edaz<\/p>\n\n\n\n<p>\u00bfDe qu\u00e9 manera afecta el cannabis a nuestro sistema nervioso? \u00bfC\u00f3mo pueden usarse sus propiedades para reducir el dolor en casos cr\u00f3nicos? \u00bfQu\u00e9 novedades puede aportar la experiencia cann\u00e1bica en Canad\u00e1? El Observatorio Espa\u00f1ol de Cannabis Medicinal celebr\u00f3 una conferencia en el Ilustre Colegio Oficial de M\u00e9dicos en Madrid abordando estos temas.<\/p>\n\n\n\n<hr class=\"wp-block-separator\"\/>\n\n\n\n<p>El pasado martes, 5 de marzo, se celebr\u00f3 en el Aula Jim\u00e9nez D\u00edaz del Ilustre Colegio Oficial de M\u00e9dicos de Madrid, una serie de conferencias que ten\u00edan como objetivo la explicaci\u00f3n de los progresos y experiencias cient\u00edficas que aluden al&nbsp;<strong>uso del&nbsp;<\/strong><strong>c<\/strong><strong>annabis como terapia para afrontar dolores cr\u00f3nicos<\/strong>.&nbsp;Junto a la Sociedad Madrile\u00f1a del Dolor, importantes cient\u00edficos compartieron sus conocimientos con el p\u00fablico.<\/p>\n\n\n\n<p><em>\u201cAqu\u00ed no vais a escuchar que el&nbsp;cannabis es la panacea. Tiene cosas buenas y cosas no tan buenas\u201d<\/em>&nbsp;record\u00f3 Carola P\u00e9rez, presidenta del&nbsp;<a href=\"http:\/\/www.cannabis.es\/pw\/2015\/10\/14\/nace-el-observatorio-espanol-de-cannabis-medicinal\/\">Observatorio Espa\u00f1ol de Cannabis Medicinal<\/a>, sociedad organizadora del evento. Mencion\u00f3 que poder acceder a aquel espacio hab\u00eda costado mucho trabajo y esfuerzo, present\u00f3 a los ponentes y al Presidente de la Asociaci\u00f3n Madrile\u00f1a del Dolor, Juan Antonio Garc\u00eda, Doctor en medicina.&nbsp;<em>\u201cVamos a averiguar c\u00f3mo los&nbsp;cannabinoides, efectivamente, intervienen en el control del dolor\u201d<\/em>&nbsp;aclar\u00f3 Garc\u00eda.<\/p>\n\n\n\n<figure class=\"wp-block-image\"><img decoding=\"async\" src=\"https:\/\/www.cannabis.es\/web\/images\/charla-cannabis-medicinal1.jpg\" alt=\"\"\/><\/figure>\n\n\n\n<h3 class=\"wp-block-heading\"><strong>Baja adicci\u00f3n y potencial medicinal<\/strong><\/h3>\n\n\n\n<p>El primero en intervenir fue el&nbsp;<a href=\"http:\/\/www.cannabis.es\/pw\/2018\/10\/29\/cannabis-droga-o-farmaco\/\">Profesor Manuel Guzm\u00e1n<\/a>, bi\u00f3logo catedr\u00e1tico de Bioqu\u00edmica y Biolog\u00eda en la Universidad Complutense de Madrid. Expuso las caracter\u00edsticas moleculares del TCH, demostrando caracter\u00edsticas como su hidrofobia o su particularidad liposoluble.&nbsp;<em>\u201cEl THC posee una baja capacidad de adicci\u00f3n frente a otras sustancias de abuso, tales como el alcohol o la nicotina, lo cual lo convierte en una terapia alternativa en casos en los que los pacientes han desarrollado tolerancia a f\u00e1rmacos opioides\u201d<\/em>&nbsp;se\u00f1al\u00f3 Guzm\u00e1n. El&nbsp;profesor aclar\u00f3 que, en el desarrollo de medicamentos con&nbsp;cannabis, se han atravesado tres oleadas, siendo la tercera donde podemos encontrar el \u00faltimo avance, el Sativex, qu\u00edmico derivado que se encuentra m\u00e1s cerca de la planta en cuanto a composici\u00f3n.&nbsp;<em>\u201cHay medicamentos m\u00e1s purificados y menos purificados. Unos m\u00e1s estandarizados y otros menos. Unos m\u00e1s con m\u00e1s capacidad de personalizaci\u00f3n que otros. Lo que s\u00ed se ha demostrado, es que los cannabinoides pueden ser \u00fatiles en el tratamiento de enfermedades neurop\u00e1ticas y oncol\u00f3gicas\u201d.<\/em><\/p>\n\n\n\n<figure class=\"wp-block-image\"><img decoding=\"async\" src=\"https:\/\/www.cannabis.es\/web\/images\/charla-cannabis-medicinal2.jpg\" alt=\"\"\/><\/figure>\n\n\n\n<h3 class=\"wp-block-heading\"><strong>La sinergia THC-CBD potencia los efectos terap\u00e9uticos y reduce los secundarios<\/strong><\/h3>\n\n\n\n<p>La charla del Profesor Carlos Goicoechea le llev\u00f3 a salir de detr\u00e1s del atril para enfrentarse a una sala llena de caras de curiosidad. Goicoechea es bi\u00f3logo, catedr\u00e1tico de farmacolog\u00eda en la Universidad Rey Juan Carlos, coordinador del Grupo de Excelencia Investigadora URJC-Santander, y autor de 52 art\u00edculos y tantas otras investigaciones cient\u00edficas al respecto del tratamiento del dolor.&nbsp;<em>\u201cEl dolor es una sensaci\u00f3n dif\u00edcil de comprender cuando se torna cr\u00f3nica. Entonces pasa a ser una enfermedad en s\u00ed misma. Su componente psicol\u00f3gico es muy fuerte y no es igual para todos los casos, pues intervienen muchos factores\u201d<\/em>&nbsp;declar\u00f3 Goicoechea.&nbsp;<em>\u201cTenemos sensores cannabinoides por todo el cuerpo. Su estimulaci\u00f3n va a bloquear el dolor, pues interfiere en la comunicaci\u00f3n normal entre neuronas\u201d<\/em>. No todo es positivo. Seg\u00fan el Profesor Goicoechea, todav\u00eda no se consigue encontrar medicamentos con cannabinoides que no acarreen efectos secundarios en los animales de laboratorio, tales como catalepsia (inmovilidad), falta de reflejos y bajada de temperatura corporal, entre otros. Goicoechea tambi\u00e9n mostr\u00f3 las ventajas de la&nbsp;<strong>sinergia entre CBD y THC<\/strong>:&nbsp;<em>\u201cHemos conseguido con la mezcla de estos dos productos, corregir y reducir los efectos secundarios y potenciar los efectos beneficiosos de los cannabinoides\u201d.<\/em><\/p>\n\n\n\n<figure class=\"wp-block-image\"><img decoding=\"async\" src=\"https:\/\/www.cannabis.es\/web\/images\/charla-cannabis-medicinal3.jpg\" alt=\"\"\/><\/figure>\n\n\n\n<h3 class=\"wp-block-heading\"><strong>Un usuario terap\u00e9utico<\/strong><\/h3>\n\n\n\n<p>En la pausa para el caf\u00e9, convers\u00e9 con David. Cont\u00f3 que es paciente con tratamiento de cannabinoides, debido a su dolor cr\u00f3nico.&nbsp;<em>\u201cTengo esta discapacidad desde hace diez a\u00f1os y la he tratado con&nbsp;<\/em><em>o<\/em><em>xicodona.&nbsp;<\/em><em>Cierto que el cannabis me ayuda, pero no todos los d\u00edas me sienta bien<\/em><em>. Hay d\u00edas en los que no puedo conducir o concentrarme como es debido\u201d<\/em>.<\/p>\n\n\n\n<h3 class=\"wp-block-heading\"><strong>Director del Cancer Pain Program y profesor en Canad\u00e1<\/strong><\/h3>\n\n\n\n<p>De vuelta a la sala,&nbsp;el Doctor Jordi P\u00e9rez describi\u00f3 su&nbsp;trabajo&nbsp;con&nbsp;cannabis en legalidad,&nbsp;<a href=\"http:\/\/www.cannabis.es\/pw\/2018\/10\/01\/canada-legaliza-el-uso-recreativo-de-la-marihuana\/\">desde la experiencia canadiense<\/a>. Jordi P\u00e9rez es director del Cancer Pain Program y profesor de Anestesiolog\u00eda de la Universidad MC Gill de Montreal.&nbsp;<em>\u201cCuando hablamos de&nbsp;cannabis medicinal, funcionamos a base de an\u00e9cdotas, pues apenas hay informaci\u00f3n reglada, papers cient\u00edficos o investigaciones en profundidad. Por cada estudio que afirme que el&nbsp;cannabis es bueno, hay otro que dice que es malo\u201d,<\/em>&nbsp;aclara P\u00e9rez.&nbsp;<em>\u201cEl Colegio de M\u00e9dicos de Quebec nos da unas pautas a la hora de recetar&nbsp;cannabis a pacientes. Adem\u00e1s, como m\u00e9dico, antes de recomendarlo, trato de agotar todas las v\u00edas posibles. Con la poca informaci\u00f3n que hay, el tratamiento con&nbsp;cannabis es casi experimental y eso debe conocerlo y aceptarlo el paciente\u201d,<\/em>&nbsp;coment\u00f3 el Doctor P\u00e9rez. A\u00f1adi\u00f3 que se especifican casos en los que est\u00e1 contraindicado este tratamiento, tales como mujeres embarazadas o lactantes, pacientes con enfermedades card\u00edacas severas&nbsp;o&nbsp;pacientes con antecedentes por psicosis, enfermedades psiqui\u00e1tricas o trastornos por abuso de sustancias.<\/p>\n\n\n\n<p>\u201c<em>La planta es una bomba. Tiene demasiadas cosas, demasiados componentes que no conocemos, muchas aplicaciones y no todas funcionan de la misma manera en cada paciente. Lo que les va bien a unos, no tiene por qu\u00e9 irles bien a otros. Es dif\u00edcil de saber c\u00f3mo afecta en cada caso\u201d<\/em>&nbsp;razon\u00f3 P\u00e9rez. Detall\u00f3 c\u00f3mo es el protocolo a la hora de incluir el cannabis en un tratamiento m\u00e9dico en Canad\u00e1, contando con un registro exhaustivo de la actividad, documentos de autorizaci\u00f3n, programaci\u00f3n, agenda\u2026&nbsp;<em>\u201cDarle un \u2018viaje\u2019 al paciente no es lo que queremos. Somos m\u00e9dicos, no dispensadores de&nbsp;<\/em><em>m<\/em><em>arihuana. Si un paciente nota un efecto cerebral con su medicaci\u00f3n, no deber\u00eda conducir durante, al menos, ocho horas\u201d<\/em>. Para terminar, Jordi P\u00e9rez realiz\u00f3 un llamamiento para lograr una regulaci\u00f3n que permita realizar estudios rigurosos que arrojen luz sobre estos temas con m\u00e1s evidencias cient\u00edficas.<\/p>\n\n\n\n<figure class=\"wp-block-image\"><img decoding=\"async\" src=\"https:\/\/www.cannabis.es\/web\/images\/charla-cannabis-medicinal4.jpg\" alt=\"\"\/><\/figure>\n\n\n\n<h3 class=\"wp-block-heading\"><strong>Reclamando investigaci\u00f3n para el sistema endocannabinoide<\/strong><\/h3>\n\n\n\n<p>La jornada conclu\u00eda con el turno de preguntas del p\u00fablico, durante el cual se uni\u00f3 el Doctor&nbsp;<a href=\"http:\/\/www.cannabis.es\/pw\/2019\/01\/03\/cannabis-vs-glioblastoma-la-comunidad-cientifica-ve-potencial-antitumoral\/\">Mariano Garc\u00eda de Palau,<\/a>&nbsp;director de la Cl\u00ednica Kalapa de Barcelona.&nbsp;<em>\u201cEl cannabis no es el protagonista de estos coloquios, es&nbsp;<a href=\"http:\/\/www.cannabis.es\/pw\/2017\/11\/21\/manuel-guzman-para-muchos-profesionales-el-sistema-endocannabinoide-es-un-gran-desconocido\/\">el sistema endocannabinoide<\/a>. Este sistema regula muchas cosas en el cuerpo humano y es lo que hay que investigar\u201d<\/em>, declar\u00f3 Garc\u00eda de Palau.<\/p>\n\n\n\n<p><em>M\u00e1s informaci\u00f3n sobre el Observatorio Espa\u00f1ol de Cannabis Medicinal y sus actividades&nbsp;<\/em><a href=\"https:\/\/www.oedcm.com\/\"><em>en su p\u00e1gina web.<\/em><\/a><\/p>\n","protected":false},"excerpt":{"rendered":"<span class=\"span-reading-time rt-reading-time\" style=\"display: block;\"><span class=\"rt-label rt-prefix\">Tiempo de lectura:<\/span> <span class=\"rt-time\"> 4<\/span> <span class=\"rt-label rt-postfix\">minutos<\/span><\/span>Benito D\u00edaz \u00bfDe qu\u00e9 manera afecta el cannabis a nuestro sistema nervioso? \u00bfC\u00f3mo pueden usarse sus propiedades para reducir el dolor en casos cr\u00f3nicos? \u00bfQu\u00e9 novedades puede aportar la experiencia cann\u00e1bica en Canad\u00e1? El Observatorio Espa\u00f1ol de Cannabis Medicinal celebr\u00f3 una conferencia en el Ilustre Colegio Oficial de M\u00e9dicos en Madrid abordando estos temas. El [&hellip;]","protected":false},"author":1,"featured_media":2047,"comment_status":"closed","ping_status":"closed","sticky":false,"template":"","format":"standard","meta":{"loftocean-featured-post":"","loftocean_post_format_gallery":"","loftocean_post_format_gallery_ids":"","loftocean_post_format_gallery_urls":"","loftocean_post_format_video_id":"","loftocean_post_format_video_url":"","loftocean_post_format_video_type":"","loftocean_post_format_video":"","loftocean_post_format_audio_type":"","loftocean_post_format_audio_url":"","loftocean_post_format_audio_id":"","loftocean_post_format_audio":"","loftocean_post_format_quote_text":"","loftocean_post_format_quote_byline":"","loftocean_post_format_link_text":"","loftocean_post_format_link_url":"","ceramag_post_header_style":"","ceramag_enable_background_video":"","ceramag_show_in_top_slider":"","ceramag_post_background_video_start":"","ceramag_post_background_video_end":"","loftocean_page_background_video_id":"","loftocean_page_background_video_url":"","loftocean_page_background_video_type":"","loftocean_page_background_video":"","ceramag_background_video_start":"","ceramag_background_video_end":"","ceramag_single_page_hide_header":"","footnotes":""},"categories":[36,34],"tags":[733,52,53,740,686,687],"class_list":["post-2046","post","type-post","status-publish","format-standard","has-post-thumbnail","hentry","category-medicinal","category-reportajes","tag-cannabinoides","tag-cannabis-medicinal","tag-investigacion","tag-manuel-guzman","tag-observatorio-cannabis-medicinal","tag-observatorio-espanol-del-cannabis-medicinal"],"yoast_head":"<!-- This site is optimized with the Yoast SEO plugin v24.9 - https:\/\/yoast.com\/wordpress\/plugins\/seo\/ -->\n<title>Cannabis medicinal en el control del dolor cr\u00f3nico<\/title>\n<meta name=\"description\" content=\"Entrada &#8226; Portal multimedia sobre cannabis y otras sustancias &#8226; 11 marzo, 2019\" \/>\n<meta name=\"robots\" content=\"index, follow, max-snippet:-1, max-image-preview:large, max-video-preview:-1\" \/>\n<link rel=\"canonical\" href=\"https:\/\/www.cannabis.es\/pw\/2019\/03\/11\/cannabis-medicinal-en-el-control-del-dolor-cronico\/\" \/>\n<meta name=\"twitter:card\" content=\"summary_large_image\" \/>\n<meta name=\"twitter:title\" content=\"Cannabis medicinal en el control del dolor cr\u00f3nico\" \/>\n<meta name=\"twitter:description\" content=\"Entrada &#8226; Portal multimedia sobre cannabis y otras sustancias &#8226; 11 marzo, 2019\" \/>\n<meta name=\"twitter:image\" content=\"https:\/\/www.cannabis.es\/pw\/wp-content\/uploads\/2020\/05\/charla-cannabis-medicinal.jpg\" \/>\n<meta name=\"twitter:creator\" content=\"@cannabis_es\" \/>\n<meta name=\"twitter:site\" content=\"@cannabis_es\" \/>\n<meta name=\"twitter:label1\" content=\"Escrito por\" \/>\n\t<meta name=\"twitter:data1\" content=\"Cannabis.es\" \/>\n\t<meta name=\"twitter:label2\" content=\"Tiempo de lectura\" \/>\n\t<meta name=\"twitter:data2\" content=\"6 minutos\" \/>\n<script type=\"application\/ld+json\" class=\"yoast-schema-graph\">{\"@context\":\"https:\/\/schema.org\",\"@graph\":[{\"@type\":\"Article\",\"@id\":\"https:\/\/www.cannabis.es\/pw\/2019\/03\/11\/cannabis-medicinal-en-el-control-del-dolor-cronico\/#article\",\"isPartOf\":{\"@id\":\"https:\/\/www.cannabis.es\/pw\/2019\/03\/11\/cannabis-medicinal-en-el-control-del-dolor-cronico\/\"},\"author\":{\"name\":\"Cannabis.es\",\"@id\":\"https:\/\/www.cannabis.es\/pw\/#\/schema\/person\/e2fbd204580cf4fe74c79b82bc447374\"},\"headline\":\"Cannabis medicinal en el control del dolor cr\u00f3nico\",\"datePublished\":\"2019-03-11T15:06:56+00:00\",\"dateModified\":\"2020-09-04T11:09:30+00:00\",\"mainEntityOfPage\":{\"@id\":\"https:\/\/www.cannabis.es\/pw\/2019\/03\/11\/cannabis-medicinal-en-el-control-del-dolor-cronico\/\"},\"wordCount\":1210,\"publisher\":{\"@id\":\"https:\/\/www.cannabis.es\/pw\/#organization\"},\"image\":{\"@id\":\"https:\/\/www.cannabis.es\/pw\/2019\/03\/11\/cannabis-medicinal-en-el-control-del-dolor-cronico\/#primaryimage\"},\"thumbnailUrl\":\"https:\/\/www.cannabis.es\/pw\/wp-content\/uploads\/2020\/05\/charla-cannabis-medicinal.jpg\",\"keywords\":[\"cannabinoides\",\"cannabis medicinal\",\"investigaci\u00f3n\",\"Manuel Guzm\u00e1n\",\"Observatorio Cannabis Medicinal\",\"Observatorio Espa\u00f1ol del Cannabis Medicinal\"],\"articleSection\":[\"Medicinal\",\"Reportajes\"],\"inLanguage\":\"es\"},{\"@type\":\"WebPage\",\"@id\":\"https:\/\/www.cannabis.es\/pw\/2019\/03\/11\/cannabis-medicinal-en-el-control-del-dolor-cronico\/\",\"url\":\"https:\/\/www.cannabis.es\/pw\/2019\/03\/11\/cannabis-medicinal-en-el-control-del-dolor-cronico\/\",\"name\":\"Cannabis medicinal en el control del dolor cr\u00f3nico\",\"isPartOf\":{\"@id\":\"https:\/\/www.cannabis.es\/pw\/#website\"},\"primaryImageOfPage\":{\"@id\":\"https:\/\/www.cannabis.es\/pw\/2019\/03\/11\/cannabis-medicinal-en-el-control-del-dolor-cronico\/#primaryimage\"},\"image\":{\"@id\":\"https:\/\/www.cannabis.es\/pw\/2019\/03\/11\/cannabis-medicinal-en-el-control-del-dolor-cronico\/#primaryimage\"},\"thumbnailUrl\":\"https:\/\/www.cannabis.es\/pw\/wp-content\/uploads\/2020\/05\/charla-cannabis-medicinal.jpg\",\"datePublished\":\"2019-03-11T15:06:56+00:00\",\"dateModified\":\"2020-09-04T11:09:30+00:00\",\"description\":\"Entrada &#8226; Portal multimedia sobre cannabis y otras sustancias &#8226; 11 marzo, 2019\",\"breadcrumb\":{\"@id\":\"https:\/\/www.cannabis.es\/pw\/2019\/03\/11\/cannabis-medicinal-en-el-control-del-dolor-cronico\/#breadcrumb\"},\"inLanguage\":\"es\",\"potentialAction\":[{\"@type\":\"ReadAction\",\"target\":[\"https:\/\/www.cannabis.es\/pw\/2019\/03\/11\/cannabis-medicinal-en-el-control-del-dolor-cronico\/\"]}]},{\"@type\":\"ImageObject\",\"inLanguage\":\"es\",\"@id\":\"https:\/\/www.cannabis.es\/pw\/2019\/03\/11\/cannabis-medicinal-en-el-control-del-dolor-cronico\/#primaryimage\",\"url\":\"https:\/\/www.cannabis.es\/pw\/wp-content\/uploads\/2020\/05\/charla-cannabis-medicinal.jpg\",\"contentUrl\":\"https:\/\/www.cannabis.es\/pw\/wp-content\/uploads\/2020\/05\/charla-cannabis-medicinal.jpg\",\"width\":959,\"height\":475},{\"@type\":\"BreadcrumbList\",\"@id\":\"https:\/\/www.cannabis.es\/pw\/2019\/03\/11\/cannabis-medicinal-en-el-control-del-dolor-cronico\/#breadcrumb\",\"itemListElement\":[{\"@type\":\"ListItem\",\"position\":1,\"name\":\"Portada\",\"item\":\"http:\/\/www.cannabis.es\/pw\/\"},{\"@type\":\"ListItem\",\"position\":2,\"name\":\"Cannabis medicinal en el control del dolor cr\u00f3nico\"}]},{\"@type\":\"WebSite\",\"@id\":\"https:\/\/www.cannabis.es\/pw\/#website\",\"url\":\"https:\/\/www.cannabis.es\/pw\/\",\"name\":\"Cannabis\",\"description\":\"Portal multimedia sobre cannabis y otras sustancias\",\"publisher\":{\"@id\":\"https:\/\/www.cannabis.es\/pw\/#organization\"},\"potentialAction\":[{\"@type\":\"SearchAction\",\"target\":{\"@type\":\"EntryPoint\",\"urlTemplate\":\"https:\/\/www.cannabis.es\/pw\/?s={search_term_string}\"},\"query-input\":{\"@type\":\"PropertyValueSpecification\",\"valueRequired\":true,\"valueName\":\"search_term_string\"}}],\"inLanguage\":\"es\"},{\"@type\":\"Organization\",\"@id\":\"https:\/\/www.cannabis.es\/pw\/#organization\",\"name\":\"Cannabis.es\",\"url\":\"https:\/\/www.cannabis.es\/pw\/\",\"logo\":{\"@type\":\"ImageObject\",\"inLanguage\":\"es\",\"@id\":\"https:\/\/www.cannabis.es\/pw\/#\/schema\/logo\/image\/\",\"url\":\"https:\/\/www.cannabis.es\/pw\/wp-content\/uploads\/2019\/04\/cropped-logo_cannabis.png\",\"contentUrl\":\"https:\/\/www.cannabis.es\/pw\/wp-content\/uploads\/2019\/04\/cropped-logo_cannabis.png\",\"width\":361,\"height\":120,\"caption\":\"Cannabis.es\"},\"image\":{\"@id\":\"https:\/\/www.cannabis.es\/pw\/#\/schema\/logo\/image\/\"},\"sameAs\":[\"https:\/\/x.com\/cannabis_es\"]},{\"@type\":\"Person\",\"@id\":\"https:\/\/www.cannabis.es\/pw\/#\/schema\/person\/e2fbd204580cf4fe74c79b82bc447374\",\"name\":\"Cannabis.es\",\"image\":{\"@type\":\"ImageObject\",\"inLanguage\":\"es\",\"@id\":\"https:\/\/www.cannabis.es\/pw\/#\/schema\/person\/image\/\",\"url\":\"https:\/\/secure.gravatar.com\/avatar\/4375b1eb6e272e2e48a4b8a8def52e5f208151f555bb5906da616906ee6dd2e8?s=96&d=mm&r=g\",\"contentUrl\":\"https:\/\/secure.gravatar.com\/avatar\/4375b1eb6e272e2e48a4b8a8def52e5f208151f555bb5906da616906ee6dd2e8?s=96&d=mm&r=g\",\"caption\":\"Cannabis.es\"},\"url\":\"https:\/\/www.cannabis.es\/pw\/author\/cannabis\/\"}]}<\/script>\n<!-- \/ Yoast SEO plugin. -->","yoast_head_json":{"title":"Cannabis medicinal en el control del dolor cr\u00f3nico","description":"Entrada &#8226; Portal multimedia sobre cannabis y otras sustancias &#8226; 11 marzo, 2019","robots":{"index":"index","follow":"follow","max-snippet":"max-snippet:-1","max-image-preview":"max-image-preview:large","max-video-preview":"max-video-preview:-1"},"canonical":"https:\/\/www.cannabis.es\/pw\/2019\/03\/11\/cannabis-medicinal-en-el-control-del-dolor-cronico\/","twitter_card":"summary_large_image","twitter_title":"Cannabis medicinal en el control del dolor cr\u00f3nico","twitter_description":"Entrada &#8226; Portal multimedia sobre cannabis y otras sustancias &#8226; 11 marzo, 2019","twitter_image":"https:\/\/www.cannabis.es\/pw\/wp-content\/uploads\/2020\/05\/charla-cannabis-medicinal.jpg","twitter_creator":"@cannabis_es","twitter_site":"@cannabis_es","twitter_misc":{"Escrito por":"Cannabis.es","Tiempo de lectura":"6 minutos"},"schema":{"@context":"https:\/\/schema.org","@graph":[{"@type":"Article","@id":"https:\/\/www.cannabis.es\/pw\/2019\/03\/11\/cannabis-medicinal-en-el-control-del-dolor-cronico\/#article","isPartOf":{"@id":"https:\/\/www.cannabis.es\/pw\/2019\/03\/11\/cannabis-medicinal-en-el-control-del-dolor-cronico\/"},"author":{"name":"Cannabis.es","@id":"https:\/\/www.cannabis.es\/pw\/#\/schema\/person\/e2fbd204580cf4fe74c79b82bc447374"},"headline":"Cannabis medicinal en el control del dolor cr\u00f3nico","datePublished":"2019-03-11T15:06:56+00:00","dateModified":"2020-09-04T11:09:30+00:00","mainEntityOfPage":{"@id":"https:\/\/www.cannabis.es\/pw\/2019\/03\/11\/cannabis-medicinal-en-el-control-del-dolor-cronico\/"},"wordCount":1210,"publisher":{"@id":"https:\/\/www.cannabis.es\/pw\/#organization"},"image":{"@id":"https:\/\/www.cannabis.es\/pw\/2019\/03\/11\/cannabis-medicinal-en-el-control-del-dolor-cronico\/#primaryimage"},"thumbnailUrl":"https:\/\/www.cannabis.es\/pw\/wp-content\/uploads\/2020\/05\/charla-cannabis-medicinal.jpg","keywords":["cannabinoides","cannabis medicinal","investigaci\u00f3n","Manuel Guzm\u00e1n","Observatorio Cannabis Medicinal","Observatorio Espa\u00f1ol del Cannabis Medicinal"],"articleSection":["Medicinal","Reportajes"],"inLanguage":"es"},{"@type":"WebPage","@id":"https:\/\/www.cannabis.es\/pw\/2019\/03\/11\/cannabis-medicinal-en-el-control-del-dolor-cronico\/","url":"https:\/\/www.cannabis.es\/pw\/2019\/03\/11\/cannabis-medicinal-en-el-control-del-dolor-cronico\/","name":"Cannabis medicinal en el control del dolor cr\u00f3nico","isPartOf":{"@id":"https:\/\/www.cannabis.es\/pw\/#website"},"primaryImageOfPage":{"@id":"https:\/\/www.cannabis.es\/pw\/2019\/03\/11\/cannabis-medicinal-en-el-control-del-dolor-cronico\/#primaryimage"},"image":{"@id":"https:\/\/www.cannabis.es\/pw\/2019\/03\/11\/cannabis-medicinal-en-el-control-del-dolor-cronico\/#primaryimage"},"thumbnailUrl":"https:\/\/www.cannabis.es\/pw\/wp-content\/uploads\/2020\/05\/charla-cannabis-medicinal.jpg","datePublished":"2019-03-11T15:06:56+00:00","dateModified":"2020-09-04T11:09:30+00:00","description":"Entrada &#8226; Portal multimedia sobre cannabis y otras sustancias &#8226; 11 marzo, 2019","breadcrumb":{"@id":"https:\/\/www.cannabis.es\/pw\/2019\/03\/11\/cannabis-medicinal-en-el-control-del-dolor-cronico\/#breadcrumb"},"inLanguage":"es","potentialAction":[{"@type":"ReadAction","target":["https:\/\/www.cannabis.es\/pw\/2019\/03\/11\/cannabis-medicinal-en-el-control-del-dolor-cronico\/"]}]},{"@type":"ImageObject","inLanguage":"es","@id":"https:\/\/www.cannabis.es\/pw\/2019\/03\/11\/cannabis-medicinal-en-el-control-del-dolor-cronico\/#primaryimage","url":"https:\/\/www.cannabis.es\/pw\/wp-content\/uploads\/2020\/05\/charla-cannabis-medicinal.jpg","contentUrl":"https:\/\/www.cannabis.es\/pw\/wp-content\/uploads\/2020\/05\/charla-cannabis-medicinal.jpg","width":959,"height":475},{"@type":"BreadcrumbList","@id":"https:\/\/www.cannabis.es\/pw\/2019\/03\/11\/cannabis-medicinal-en-el-control-del-dolor-cronico\/#breadcrumb","itemListElement":[{"@type":"ListItem","position":1,"name":"Portada","item":"http:\/\/www.cannabis.es\/pw\/"},{"@type":"ListItem","position":2,"name":"Cannabis medicinal en el control del dolor cr\u00f3nico"}]},{"@type":"WebSite","@id":"https:\/\/www.cannabis.es\/pw\/#website","url":"https:\/\/www.cannabis.es\/pw\/","name":"Cannabis","description":"Portal multimedia sobre cannabis y otras sustancias","publisher":{"@id":"https:\/\/www.cannabis.es\/pw\/#organization"},"potentialAction":[{"@type":"SearchAction","target":{"@type":"EntryPoint","urlTemplate":"https:\/\/www.cannabis.es\/pw\/?s={search_term_string}"},"query-input":{"@type":"PropertyValueSpecification","valueRequired":true,"valueName":"search_term_string"}}],"inLanguage":"es"},{"@type":"Organization","@id":"https:\/\/www.cannabis.es\/pw\/#organization","name":"Cannabis.es","url":"https:\/\/www.cannabis.es\/pw\/","logo":{"@type":"ImageObject","inLanguage":"es","@id":"https:\/\/www.cannabis.es\/pw\/#\/schema\/logo\/image\/","url":"https:\/\/www.cannabis.es\/pw\/wp-content\/uploads\/2019\/04\/cropped-logo_cannabis.png","contentUrl":"https:\/\/www.cannabis.es\/pw\/wp-content\/uploads\/2019\/04\/cropped-logo_cannabis.png","width":361,"height":120,"caption":"Cannabis.es"},"image":{"@id":"https:\/\/www.cannabis.es\/pw\/#\/schema\/logo\/image\/"},"sameAs":["https:\/\/x.com\/cannabis_es"]},{"@type":"Person","@id":"https:\/\/www.cannabis.es\/pw\/#\/schema\/person\/e2fbd204580cf4fe74c79b82bc447374","name":"Cannabis.es","image":{"@type":"ImageObject","inLanguage":"es","@id":"https:\/\/www.cannabis.es\/pw\/#\/schema\/person\/image\/","url":"https:\/\/secure.gravatar.com\/avatar\/4375b1eb6e272e2e48a4b8a8def52e5f208151f555bb5906da616906ee6dd2e8?s=96&d=mm&r=g","contentUrl":"https:\/\/secure.gravatar.com\/avatar\/4375b1eb6e272e2e48a4b8a8def52e5f208151f555bb5906da616906ee6dd2e8?s=96&d=mm&r=g","caption":"Cannabis.es"},"url":"https:\/\/www.cannabis.es\/pw\/author\/cannabis\/"}]}},"_links":{"self":[{"href":"https:\/\/www.cannabis.es\/pw\/wp-json\/wp\/v2\/posts\/2046","targetHints":{"allow":["GET"]}}],"collection":[{"href":"https:\/\/www.cannabis.es\/pw\/wp-json\/wp\/v2\/posts"}],"about":[{"href":"https:\/\/www.cannabis.es\/pw\/wp-json\/wp\/v2\/types\/post"}],"author":[{"embeddable":true,"href":"https:\/\/www.cannabis.es\/pw\/wp-json\/wp\/v2\/users\/1"}],"replies":[{"embeddable":true,"href":"https:\/\/www.cannabis.es\/pw\/wp-json\/wp\/v2\/comments?post=2046"}],"version-history":[{"count":3,"href":"https:\/\/www.cannabis.es\/pw\/wp-json\/wp\/v2\/posts\/2046\/revisions"}],"predecessor-version":[{"id":4946,"href":"https:\/\/www.cannabis.es\/pw\/wp-json\/wp\/v2\/posts\/2046\/revisions\/4946"}],"wp:featuredmedia":[{"embeddable":true,"href":"https:\/\/www.cannabis.es\/pw\/wp-json\/wp\/v2\/media\/2047"}],"wp:attachment":[{"href":"https:\/\/www.cannabis.es\/pw\/wp-json\/wp\/v2\/media?parent=2046"}],"wp:term":[{"taxonomy":"category","embeddable":true,"href":"https:\/\/www.cannabis.es\/pw\/wp-json\/wp\/v2\/categories?post=2046"},{"taxonomy":"post_tag","embeddable":true,"href":"https:\/\/www.cannabis.es\/pw\/wp-json\/wp\/v2\/tags?post=2046"}],"curies":[{"name":"wp","href":"https:\/\/api.w.org\/{rel}","templated":true}]}}