{"id":2052,"date":"2019-03-01T16:10:35","date_gmt":"2019-03-01T15:10:35","guid":{"rendered":"http:\/\/www.cannabis.es\/pw\/?p=2052"},"modified":"2020-09-04T13:09:48","modified_gmt":"2020-09-04T11:09:48","slug":"peru-regulara-el-cannabis-medicinal-pero-no-el-autocultivo","status":"publish","type":"post","link":"https:\/\/www.cannabis.es\/pw\/2019\/03\/01\/peru-regulara-el-cannabis-medicinal-pero-no-el-autocultivo\/","title":{"rendered":"Per\u00fa regular\u00e1 el cannabis medicinal pero no el autocultivo"},"content":{"rendered":"\n<p>Benito D\u00edaz<\/p>\n\n\n\n<p>El pa\u00eds andino&nbsp;ya&nbsp;descriminaliz\u00f3 la posesi\u00f3n de peque\u00f1as cantidades de&nbsp;cannabis,&nbsp;y&nbsp;ahora da un paso de gigante con la regulaci\u00f3n del&nbsp;cannabis terap\u00e9utico. Una gran victoria para los pacientes y activistas peruanos, como&nbsp;las usuarias de&nbsp;<a href=\"https:\/\/twitter.com\/FundacionDaya\">@fundaciondaya<\/a>,&nbsp;que podr\u00e1n acceder a \u00e9l de forma legal y segura,&nbsp;pero no cultivarlo.<\/p>\n\n\n\n<hr class=\"wp-block-separator\"\/>\n\n\n\n<p>El pasado d\u00eda 23, el Congreso del Per\u00fa publicaba en su diario oficial del estado la nueva norma que da luz verde al reglamento sobre el uso terap\u00e9utico del cannabis y sus derivados.<\/p>\n\n\n\n<p>La regulaci\u00f3n establece una serie de permisos o licencias que se conceder\u00e1n para la investigaci\u00f3n cient\u00edfica, la importaci\u00f3n y\/o comercializaci\u00f3n y la producci\u00f3n,&nbsp;<strong>esta \u00faltima regentada<\/strong><strong>&nbsp;en exclusiva&nbsp;<\/strong><strong>por<\/strong><strong>&nbsp;entidades p\u00fablicas<\/strong>. La expedici\u00f3n de estas licencias se realizar\u00e1 bajo riguroso control por parte de las instituciones, existiendo revisiones anuales y apertura de procesos disciplinarios para aquellos que infrinjan la nueva normativa.<\/p>\n\n\n\n<p>La orden trae consigo la creaci\u00f3n de un registro de personas f\u00edsicas y jur\u00eddicas, entidades de investigaci\u00f3n cient\u00edfica e instituciones p\u00fablicas autorizadas para la producci\u00f3n y distribuci\u00f3n de marihuana terap\u00e9utica. Estos elementos quedar\u00edan bajo la competencia directa del Estado, a trav\u00e9s del Ministerio de Salud, la Direcci\u00f3n de Medicamentos, Insumos y Drogas, el Instituto Nacional de Salud y otros sectores involucrados. As\u00ed,&nbsp;<strong>una persona que necesite un tratamiento con&nbsp;<\/strong><strong>c<\/strong><strong>annabis podr\u00e1 acceder a sus medicinas, siempre bajo receta m\u00e9dica numerada, avalada por un profesional registrado<\/strong>.<\/p>\n\n\n\n<p>Aunque ratificada ahora, la ley esper\u00f3 desde noviembre de 2017 a su aprobaci\u00f3n por parte del actual presidente, Mart\u00edn Vizcarra y del Primer Ministro, C\u00e9sar Villanueva. Todo un triunfo para los colectivos de enfermos y activistas que mantienen la lucha por la legalizaci\u00f3n en aquel pa\u00eds.<\/p>\n\n\n\n<p>Organizaciones como Legaliza Per\u00fa y&nbsp;<a href=\"https:\/\/www.facebook.com\/pg\/Buscando-Esperanza-Per%C3%BA-1775328939413397\/about\/?ref=page_internal\">\u201cBuscando Esperanza\u201d<\/a>&nbsp;<strong>calificaron la medida&nbsp;<\/strong><strong>de<\/strong><strong>&nbsp;\u201cavance\u201d<\/strong>&nbsp;en sus redes sociales.&nbsp;<em>\u201cLa reglamentaci\u00f3n de la&nbsp;ley del uso del cannabis medicinal<\/em><em>, aunque a\u00fan es incompleta, es un avance pues al fin se reconoce esta planta y sus beneficios. Nos falta a\u00fan lograr una ley de cultivos colectivos y autocultivo a precio justo\u201d<\/em><em>.<\/em>&nbsp;A este respecto, el congresista Alberto de Belaunde, promotor de la nueva ley, declar\u00f3 por Twitter que ya se est\u00e1 trabajando por&nbsp;<strong>una iniciativa para permitir el cultivo asociativo<\/strong>.<\/p>\n\n\n\n<h3 class=\"wp-block-heading\"><strong>Lucha Cann\u00e1bica<\/strong><\/h3>\n\n\n\n<p>El origen de esta legislaci\u00f3n puede encontrarse en el desmantelamiento e incautaci\u00f3n por la polic\u00eda de un cultivo clandestino. Cinco kilos de&nbsp;marihuana y equipamiento para producir sus derivados, fueron hallados durante el registro en un departamento de San Miguel (Lima) durante febrero de 2017. Miembros de la asociaci\u00f3n \u201cBuscando Esperanza\u201d, colaboradora&nbsp;<a href=\"http:\/\/www.cannabis.es\/pw\/2018\/11\/12\/mama-cultiva-esperanza-medicinal-para-chile-y-argentina\/\">de Mam\u00e1 Cultiva<\/a>&nbsp;y&nbsp;<a href=\"http:\/\/www.cannabis.es\/pw\/2017\/09\/11\/visitamos-la-fundacion-daya-y-os-traemos-sabiduria-cannabica-desde-chile\/\">Fundaci\u00f3n Daya<\/a>,&nbsp;<strong>se opusieron a los registros.<\/strong>&nbsp;Durante las protestas argumentaron que&nbsp;<strong>m\u00e1s de 60 pacientes de Lima se beneficiaban de los aceites medicinales<\/strong>&nbsp;all\u00ed producidos. Estos acontecimientos sirvieron para traer a la palestra el debate sobre la aplicaci\u00f3n terap\u00e9utica del&nbsp;cannabis, tema menor que pas\u00f3 a ocupar las portadas de los medios de comunicaci\u00f3n.<\/p>\n\n\n\n<p>El 7 de mayo de 2017 se celebr\u00f3 una manifestaci\u00f3n multitudinaria en el centro de Lima, a la que acudieron activistas, personas con enfermedades, personalidades del mundo del espect\u00e1culo, a su vez, familias con hijos que tratan sus dolencias con cannabis.<\/p>\n\n\n\n<h3 class=\"wp-block-heading\"><strong>Normativa vigente<\/strong><\/h3>\n\n\n\n<p>La legalidad peruana establece en el art\u00edculo 299 del C\u00f3digo Penal que&nbsp;<em>\u201cno es punible la posesi\u00f3n de droga para el propio e inmediato consumo, en cantidad que no exceda de cinco gramos de pasta b\u00e1sica de coca\u00edna, dos gramos de clorhidrato de coca\u00edna, ocho gramos de marihuana o dos gramos de sus derivados, un gramo de l\u00e1tex de opio o doscientos miligramos de sus derivados o doscientos cincuenta miligramos de \u00e9xtasis, conteniendo Metilendioxianfetamina &#8211; MDA, Metilendioximetanfetamina &#8211; MDMA, Metanfetamina o sustancias an\u00e1logas\u201d<\/em>, despenalizando la posesi\u00f3n de peque\u00f1as cantidades, a la que ahora se incluye la dosis prevista en el tratamiento con cannabis terap\u00e9utico.<\/p>\n\n\n\n<p>Por el contrario, en el art\u00edculo 296-A&nbsp;<a href=\"http:\/\/spij.minjus.gob.pe\/content\/publicaciones_oficiales\/img\/CODIGOPENAL.pdf\">del C\u00f3digo Penal,<\/a>&nbsp;se establece el art\u00edculo sobre \u201ccomercializaci\u00f3n y cultivo de&nbsp;amapola y&nbsp;marihuana y su siembra compulsiva\u201d en el cual se establece que el cultivo de variedades de Papaver Somnium o Cannabis Sativa,&nbsp;<em>\u201cser\u00e1 reprimido con pena privativa de libertad no menor de ocho a\u00f1os ni mayor de quince a\u00f1os y con ciento ochenta a trescientos sesenta y cinco d\u00edas-multa e inhabilitaci\u00f3n\u201d,<\/em>&nbsp;prohibiendo as\u00ed el autocultivo.<\/p>\n","protected":false},"excerpt":{"rendered":"<span class=\"span-reading-time rt-reading-time\" style=\"display: block;\"><span class=\"rt-label rt-prefix\">Tiempo de lectura:<\/span> <span class=\"rt-time\"> 3<\/span> <span class=\"rt-label rt-postfix\">minutos<\/span><\/span>Benito D\u00edaz El pa\u00eds andino&nbsp;ya&nbsp;descriminaliz\u00f3 la posesi\u00f3n de peque\u00f1as cantidades de&nbsp;cannabis,&nbsp;y&nbsp;ahora da un paso de gigante con la regulaci\u00f3n del&nbsp;cannabis terap\u00e9utico. Una gran victoria para los pacientes y activistas peruanos, como&nbsp;las usuarias de&nbsp;@fundaciondaya,&nbsp;que podr\u00e1n acceder a \u00e9l de forma legal y segura,&nbsp;pero no cultivarlo. El pasado d\u00eda 23, el Congreso del Per\u00fa publicaba en su [&hellip;]","protected":false},"author":1,"featured_media":2053,"comment_status":"closed","ping_status":"closed","sticky":false,"template":"","format":"standard","meta":{"loftocean-featured-post":"","loftocean_post_format_gallery":"","loftocean_post_format_gallery_ids":"","loftocean_post_format_gallery_urls":"","loftocean_post_format_video_id":"","loftocean_post_format_video_url":"","loftocean_post_format_video_type":"","loftocean_post_format_video":"","loftocean_post_format_audio_type":"","loftocean_post_format_audio_url":"","loftocean_post_format_audio_id":"","loftocean_post_format_audio":"","loftocean_post_format_quote_text":"","loftocean_post_format_quote_byline":"","loftocean_post_format_link_text":"","loftocean_post_format_link_url":"","ceramag_post_header_style":"","ceramag_enable_background_video":"","ceramag_show_in_top_slider":"","ceramag_post_background_video_start":"","ceramag_post_background_video_end":"","loftocean_page_background_video_id":"","loftocean_page_background_video_url":"","loftocean_page_background_video_type":"","loftocean_page_background_video":"","ceramag_background_video_start":"","ceramag_background_video_end":"","ceramag_single_page_hide_header":"","footnotes":""},"categories":[35],"tags":[66,41,54,40,737,55,56],"class_list":["post-2052","post","type-post","status-publish","format-standard","has-post-thumbnail","hentry","category-politica-y-sociedad","tag-autocultivo","tag-cannabis","tag-legalizacion","tag-marihuana","tag-peru","tag-regulacion","tag-regulacion-cannabis"],"yoast_head":"<!-- This site is optimized with the Yoast SEO plugin v24.9 - https:\/\/yoast.com\/wordpress\/plugins\/seo\/ -->\n<title>Per\u00fa regular\u00e1 el cannabis medicinal pero no el autocultivo<\/title>\n<meta name=\"description\" content=\"Entrada &#8226; Portal multimedia sobre cannabis y otras sustancias &#8226; 1 marzo, 2019\" \/>\n<meta name=\"robots\" content=\"index, follow, max-snippet:-1, max-image-preview:large, max-video-preview:-1\" \/>\n<link rel=\"canonical\" href=\"https:\/\/www.cannabis.es\/pw\/2019\/03\/01\/peru-regulara-el-cannabis-medicinal-pero-no-el-autocultivo\/\" \/>\n<meta name=\"twitter:card\" content=\"summary_large_image\" \/>\n<meta name=\"twitter:title\" content=\"Per\u00fa regular\u00e1 el cannabis medicinal pero no el autocultivo\" \/>\n<meta name=\"twitter:description\" content=\"Entrada &#8226; Portal multimedia sobre cannabis y otras sustancias &#8226; 1 marzo, 2019\" \/>\n<meta name=\"twitter:image\" content=\"https:\/\/www.cannabis.es\/pw\/wp-content\/uploads\/2020\/05\/PERU-1.jpg\" \/>\n<meta name=\"twitter:creator\" content=\"@cannabis_es\" \/>\n<meta name=\"twitter:site\" content=\"@cannabis_es\" \/>\n<meta name=\"twitter:label1\" content=\"Escrito por\" \/>\n\t<meta name=\"twitter:data1\" content=\"Cannabis.es\" \/>\n\t<meta name=\"twitter:label2\" content=\"Tiempo de lectura\" \/>\n\t<meta name=\"twitter:data2\" content=\"4 minutos\" \/>\n<script type=\"application\/ld+json\" class=\"yoast-schema-graph\">{\"@context\":\"https:\/\/schema.org\",\"@graph\":[{\"@type\":\"Article\",\"@id\":\"https:\/\/www.cannabis.es\/pw\/2019\/03\/01\/peru-regulara-el-cannabis-medicinal-pero-no-el-autocultivo\/#article\",\"isPartOf\":{\"@id\":\"https:\/\/www.cannabis.es\/pw\/2019\/03\/01\/peru-regulara-el-cannabis-medicinal-pero-no-el-autocultivo\/\"},\"author\":{\"name\":\"Cannabis.es\",\"@id\":\"https:\/\/www.cannabis.es\/pw\/#\/schema\/person\/e2fbd204580cf4fe74c79b82bc447374\"},\"headline\":\"Per\u00fa regular\u00e1 el cannabis medicinal pero no el autocultivo\",\"datePublished\":\"2019-03-01T15:10:35+00:00\",\"dateModified\":\"2020-09-04T11:09:48+00:00\",\"mainEntityOfPage\":{\"@id\":\"https:\/\/www.cannabis.es\/pw\/2019\/03\/01\/peru-regulara-el-cannabis-medicinal-pero-no-el-autocultivo\/\"},\"wordCount\":815,\"publisher\":{\"@id\":\"https:\/\/www.cannabis.es\/pw\/#organization\"},\"image\":{\"@id\":\"https:\/\/www.cannabis.es\/pw\/2019\/03\/01\/peru-regulara-el-cannabis-medicinal-pero-no-el-autocultivo\/#primaryimage\"},\"thumbnailUrl\":\"https:\/\/www.cannabis.es\/pw\/wp-content\/uploads\/2020\/05\/PERU-1.jpg\",\"keywords\":[\"autocultivo\",\"cannabis\",\"legalizaci\u00f3n\",\"marihuana\",\"Per\u00fa\",\"regulaci\u00f3n\",\"regulaci\u00f3n cannabis\"],\"articleSection\":[\"Pol\u00edtica y Sociedad\"],\"inLanguage\":\"es\"},{\"@type\":\"WebPage\",\"@id\":\"https:\/\/www.cannabis.es\/pw\/2019\/03\/01\/peru-regulara-el-cannabis-medicinal-pero-no-el-autocultivo\/\",\"url\":\"https:\/\/www.cannabis.es\/pw\/2019\/03\/01\/peru-regulara-el-cannabis-medicinal-pero-no-el-autocultivo\/\",\"name\":\"Per\u00fa regular\u00e1 el cannabis medicinal pero no el autocultivo\",\"isPartOf\":{\"@id\":\"https:\/\/www.cannabis.es\/pw\/#website\"},\"primaryImageOfPage\":{\"@id\":\"https:\/\/www.cannabis.es\/pw\/2019\/03\/01\/peru-regulara-el-cannabis-medicinal-pero-no-el-autocultivo\/#primaryimage\"},\"image\":{\"@id\":\"https:\/\/www.cannabis.es\/pw\/2019\/03\/01\/peru-regulara-el-cannabis-medicinal-pero-no-el-autocultivo\/#primaryimage\"},\"thumbnailUrl\":\"https:\/\/www.cannabis.es\/pw\/wp-content\/uploads\/2020\/05\/PERU-1.jpg\",\"datePublished\":\"2019-03-01T15:10:35+00:00\",\"dateModified\":\"2020-09-04T11:09:48+00:00\",\"description\":\"Entrada &#8226; Portal multimedia sobre cannabis y otras sustancias &#8226; 1 marzo, 2019\",\"breadcrumb\":{\"@id\":\"https:\/\/www.cannabis.es\/pw\/2019\/03\/01\/peru-regulara-el-cannabis-medicinal-pero-no-el-autocultivo\/#breadcrumb\"},\"inLanguage\":\"es\",\"potentialAction\":[{\"@type\":\"ReadAction\",\"target\":[\"https:\/\/www.cannabis.es\/pw\/2019\/03\/01\/peru-regulara-el-cannabis-medicinal-pero-no-el-autocultivo\/\"]}]},{\"@type\":\"ImageObject\",\"inLanguage\":\"es\",\"@id\":\"https:\/\/www.cannabis.es\/pw\/2019\/03\/01\/peru-regulara-el-cannabis-medicinal-pero-no-el-autocultivo\/#primaryimage\",\"url\":\"https:\/\/www.cannabis.es\/pw\/wp-content\/uploads\/2020\/05\/PERU-1.jpg\",\"contentUrl\":\"https:\/\/www.cannabis.es\/pw\/wp-content\/uploads\/2020\/05\/PERU-1.jpg\",\"width\":959,\"height\":475},{\"@type\":\"BreadcrumbList\",\"@id\":\"https:\/\/www.cannabis.es\/pw\/2019\/03\/01\/peru-regulara-el-cannabis-medicinal-pero-no-el-autocultivo\/#breadcrumb\",\"itemListElement\":[{\"@type\":\"ListItem\",\"position\":1,\"name\":\"Portada\",\"item\":\"http:\/\/www.cannabis.es\/pw\/\"},{\"@type\":\"ListItem\",\"position\":2,\"name\":\"Per\u00fa regular\u00e1 el cannabis medicinal pero no el autocultivo\"}]},{\"@type\":\"WebSite\",\"@id\":\"https:\/\/www.cannabis.es\/pw\/#website\",\"url\":\"https:\/\/www.cannabis.es\/pw\/\",\"name\":\"Cannabis\",\"description\":\"Portal multimedia sobre cannabis y otras sustancias\",\"publisher\":{\"@id\":\"https:\/\/www.cannabis.es\/pw\/#organization\"},\"potentialAction\":[{\"@type\":\"SearchAction\",\"target\":{\"@type\":\"EntryPoint\",\"urlTemplate\":\"https:\/\/www.cannabis.es\/pw\/?s={search_term_string}\"},\"query-input\":{\"@type\":\"PropertyValueSpecification\",\"valueRequired\":true,\"valueName\":\"search_term_string\"}}],\"inLanguage\":\"es\"},{\"@type\":\"Organization\",\"@id\":\"https:\/\/www.cannabis.es\/pw\/#organization\",\"name\":\"Cannabis.es\",\"url\":\"https:\/\/www.cannabis.es\/pw\/\",\"logo\":{\"@type\":\"ImageObject\",\"inLanguage\":\"es\",\"@id\":\"https:\/\/www.cannabis.es\/pw\/#\/schema\/logo\/image\/\",\"url\":\"https:\/\/www.cannabis.es\/pw\/wp-content\/uploads\/2019\/04\/cropped-logo_cannabis.png\",\"contentUrl\":\"https:\/\/www.cannabis.es\/pw\/wp-content\/uploads\/2019\/04\/cropped-logo_cannabis.png\",\"width\":361,\"height\":120,\"caption\":\"Cannabis.es\"},\"image\":{\"@id\":\"https:\/\/www.cannabis.es\/pw\/#\/schema\/logo\/image\/\"},\"sameAs\":[\"https:\/\/x.com\/cannabis_es\"]},{\"@type\":\"Person\",\"@id\":\"https:\/\/www.cannabis.es\/pw\/#\/schema\/person\/e2fbd204580cf4fe74c79b82bc447374\",\"name\":\"Cannabis.es\",\"image\":{\"@type\":\"ImageObject\",\"inLanguage\":\"es\",\"@id\":\"https:\/\/www.cannabis.es\/pw\/#\/schema\/person\/image\/\",\"url\":\"https:\/\/secure.gravatar.com\/avatar\/4375b1eb6e272e2e48a4b8a8def52e5f208151f555bb5906da616906ee6dd2e8?s=96&d=mm&r=g\",\"contentUrl\":\"https:\/\/secure.gravatar.com\/avatar\/4375b1eb6e272e2e48a4b8a8def52e5f208151f555bb5906da616906ee6dd2e8?s=96&d=mm&r=g\",\"caption\":\"Cannabis.es\"},\"url\":\"https:\/\/www.cannabis.es\/pw\/author\/cannabis\/\"}]}<\/script>\n<!-- \/ Yoast SEO plugin. -->","yoast_head_json":{"title":"Per\u00fa regular\u00e1 el cannabis medicinal pero no el autocultivo","description":"Entrada &#8226; Portal multimedia sobre cannabis y otras sustancias &#8226; 1 marzo, 2019","robots":{"index":"index","follow":"follow","max-snippet":"max-snippet:-1","max-image-preview":"max-image-preview:large","max-video-preview":"max-video-preview:-1"},"canonical":"https:\/\/www.cannabis.es\/pw\/2019\/03\/01\/peru-regulara-el-cannabis-medicinal-pero-no-el-autocultivo\/","twitter_card":"summary_large_image","twitter_title":"Per\u00fa regular\u00e1 el cannabis medicinal pero no el autocultivo","twitter_description":"Entrada &#8226; Portal multimedia sobre cannabis y otras sustancias &#8226; 1 marzo, 2019","twitter_image":"https:\/\/www.cannabis.es\/pw\/wp-content\/uploads\/2020\/05\/PERU-1.jpg","twitter_creator":"@cannabis_es","twitter_site":"@cannabis_es","twitter_misc":{"Escrito por":"Cannabis.es","Tiempo de lectura":"4 minutos"},"schema":{"@context":"https:\/\/schema.org","@graph":[{"@type":"Article","@id":"https:\/\/www.cannabis.es\/pw\/2019\/03\/01\/peru-regulara-el-cannabis-medicinal-pero-no-el-autocultivo\/#article","isPartOf":{"@id":"https:\/\/www.cannabis.es\/pw\/2019\/03\/01\/peru-regulara-el-cannabis-medicinal-pero-no-el-autocultivo\/"},"author":{"name":"Cannabis.es","@id":"https:\/\/www.cannabis.es\/pw\/#\/schema\/person\/e2fbd204580cf4fe74c79b82bc447374"},"headline":"Per\u00fa regular\u00e1 el cannabis medicinal pero no el autocultivo","datePublished":"2019-03-01T15:10:35+00:00","dateModified":"2020-09-04T11:09:48+00:00","mainEntityOfPage":{"@id":"https:\/\/www.cannabis.es\/pw\/2019\/03\/01\/peru-regulara-el-cannabis-medicinal-pero-no-el-autocultivo\/"},"wordCount":815,"publisher":{"@id":"https:\/\/www.cannabis.es\/pw\/#organization"},"image":{"@id":"https:\/\/www.cannabis.es\/pw\/2019\/03\/01\/peru-regulara-el-cannabis-medicinal-pero-no-el-autocultivo\/#primaryimage"},"thumbnailUrl":"https:\/\/www.cannabis.es\/pw\/wp-content\/uploads\/2020\/05\/PERU-1.jpg","keywords":["autocultivo","cannabis","legalizaci\u00f3n","marihuana","Per\u00fa","regulaci\u00f3n","regulaci\u00f3n cannabis"],"articleSection":["Pol\u00edtica y Sociedad"],"inLanguage":"es"},{"@type":"WebPage","@id":"https:\/\/www.cannabis.es\/pw\/2019\/03\/01\/peru-regulara-el-cannabis-medicinal-pero-no-el-autocultivo\/","url":"https:\/\/www.cannabis.es\/pw\/2019\/03\/01\/peru-regulara-el-cannabis-medicinal-pero-no-el-autocultivo\/","name":"Per\u00fa regular\u00e1 el cannabis medicinal pero no el autocultivo","isPartOf":{"@id":"https:\/\/www.cannabis.es\/pw\/#website"},"primaryImageOfPage":{"@id":"https:\/\/www.cannabis.es\/pw\/2019\/03\/01\/peru-regulara-el-cannabis-medicinal-pero-no-el-autocultivo\/#primaryimage"},"image":{"@id":"https:\/\/www.cannabis.es\/pw\/2019\/03\/01\/peru-regulara-el-cannabis-medicinal-pero-no-el-autocultivo\/#primaryimage"},"thumbnailUrl":"https:\/\/www.cannabis.es\/pw\/wp-content\/uploads\/2020\/05\/PERU-1.jpg","datePublished":"2019-03-01T15:10:35+00:00","dateModified":"2020-09-04T11:09:48+00:00","description":"Entrada &#8226; Portal multimedia sobre cannabis y otras sustancias &#8226; 1 marzo, 2019","breadcrumb":{"@id":"https:\/\/www.cannabis.es\/pw\/2019\/03\/01\/peru-regulara-el-cannabis-medicinal-pero-no-el-autocultivo\/#breadcrumb"},"inLanguage":"es","potentialAction":[{"@type":"ReadAction","target":["https:\/\/www.cannabis.es\/pw\/2019\/03\/01\/peru-regulara-el-cannabis-medicinal-pero-no-el-autocultivo\/"]}]},{"@type":"ImageObject","inLanguage":"es","@id":"https:\/\/www.cannabis.es\/pw\/2019\/03\/01\/peru-regulara-el-cannabis-medicinal-pero-no-el-autocultivo\/#primaryimage","url":"https:\/\/www.cannabis.es\/pw\/wp-content\/uploads\/2020\/05\/PERU-1.jpg","contentUrl":"https:\/\/www.cannabis.es\/pw\/wp-content\/uploads\/2020\/05\/PERU-1.jpg","width":959,"height":475},{"@type":"BreadcrumbList","@id":"https:\/\/www.cannabis.es\/pw\/2019\/03\/01\/peru-regulara-el-cannabis-medicinal-pero-no-el-autocultivo\/#breadcrumb","itemListElement":[{"@type":"ListItem","position":1,"name":"Portada","item":"http:\/\/www.cannabis.es\/pw\/"},{"@type":"ListItem","position":2,"name":"Per\u00fa regular\u00e1 el cannabis medicinal pero no el autocultivo"}]},{"@type":"WebSite","@id":"https:\/\/www.cannabis.es\/pw\/#website","url":"https:\/\/www.cannabis.es\/pw\/","name":"Cannabis","description":"Portal multimedia sobre cannabis y otras sustancias","publisher":{"@id":"https:\/\/www.cannabis.es\/pw\/#organization"},"potentialAction":[{"@type":"SearchAction","target":{"@type":"EntryPoint","urlTemplate":"https:\/\/www.cannabis.es\/pw\/?s={search_term_string}"},"query-input":{"@type":"PropertyValueSpecification","valueRequired":true,"valueName":"search_term_string"}}],"inLanguage":"es"},{"@type":"Organization","@id":"https:\/\/www.cannabis.es\/pw\/#organization","name":"Cannabis.es","url":"https:\/\/www.cannabis.es\/pw\/","logo":{"@type":"ImageObject","inLanguage":"es","@id":"https:\/\/www.cannabis.es\/pw\/#\/schema\/logo\/image\/","url":"https:\/\/www.cannabis.es\/pw\/wp-content\/uploads\/2019\/04\/cropped-logo_cannabis.png","contentUrl":"https:\/\/www.cannabis.es\/pw\/wp-content\/uploads\/2019\/04\/cropped-logo_cannabis.png","width":361,"height":120,"caption":"Cannabis.es"},"image":{"@id":"https:\/\/www.cannabis.es\/pw\/#\/schema\/logo\/image\/"},"sameAs":["https:\/\/x.com\/cannabis_es"]},{"@type":"Person","@id":"https:\/\/www.cannabis.es\/pw\/#\/schema\/person\/e2fbd204580cf4fe74c79b82bc447374","name":"Cannabis.es","image":{"@type":"ImageObject","inLanguage":"es","@id":"https:\/\/www.cannabis.es\/pw\/#\/schema\/person\/image\/","url":"https:\/\/secure.gravatar.com\/avatar\/4375b1eb6e272e2e48a4b8a8def52e5f208151f555bb5906da616906ee6dd2e8?s=96&d=mm&r=g","contentUrl":"https:\/\/secure.gravatar.com\/avatar\/4375b1eb6e272e2e48a4b8a8def52e5f208151f555bb5906da616906ee6dd2e8?s=96&d=mm&r=g","caption":"Cannabis.es"},"url":"https:\/\/www.cannabis.es\/pw\/author\/cannabis\/"}]}},"_links":{"self":[{"href":"https:\/\/www.cannabis.es\/pw\/wp-json\/wp\/v2\/posts\/2052","targetHints":{"allow":["GET"]}}],"collection":[{"href":"https:\/\/www.cannabis.es\/pw\/wp-json\/wp\/v2\/posts"}],"about":[{"href":"https:\/\/www.cannabis.es\/pw\/wp-json\/wp\/v2\/types\/post"}],"author":[{"embeddable":true,"href":"https:\/\/www.cannabis.es\/pw\/wp-json\/wp\/v2\/users\/1"}],"replies":[{"embeddable":true,"href":"https:\/\/www.cannabis.es\/pw\/wp-json\/wp\/v2\/comments?post=2052"}],"version-history":[{"count":3,"href":"https:\/\/www.cannabis.es\/pw\/wp-json\/wp\/v2\/posts\/2052\/revisions"}],"predecessor-version":[{"id":5996,"href":"https:\/\/www.cannabis.es\/pw\/wp-json\/wp\/v2\/posts\/2052\/revisions\/5996"}],"wp:featuredmedia":[{"embeddable":true,"href":"https:\/\/www.cannabis.es\/pw\/wp-json\/wp\/v2\/media\/2053"}],"wp:attachment":[{"href":"https:\/\/www.cannabis.es\/pw\/wp-json\/wp\/v2\/media?parent=2052"}],"wp:term":[{"taxonomy":"category","embeddable":true,"href":"https:\/\/www.cannabis.es\/pw\/wp-json\/wp\/v2\/categories?post=2052"},{"taxonomy":"post_tag","embeddable":true,"href":"https:\/\/www.cannabis.es\/pw\/wp-json\/wp\/v2\/tags?post=2052"}],"curies":[{"name":"wp","href":"https:\/\/api.w.org\/{rel}","templated":true}]}}