{"id":2064,"date":"2019-02-15T16:17:50","date_gmt":"2019-02-15T15:17:50","guid":{"rendered":"http:\/\/www.cannabis.es\/pw\/?p=2064"},"modified":"2020-09-04T13:12:49","modified_gmt":"2020-09-04T11:12:49","slug":"fes-ho-be-se-presenta-para-cambiar-el-trato-publico-del-cannabis-a-mas-respuetuoso-y-efectivo","status":"publish","type":"post","link":"https:\/\/www.cannabis.es\/pw\/2019\/02\/15\/fes-ho-be-se-presenta-para-cambiar-el-trato-publico-del-cannabis-a-mas-respuetuoso-y-efectivo\/","title":{"rendered":"Fes-ho B\u00e9 se presenta para cambiar el trato p\u00fablico del cannabis a m\u00e1s respuetuoso y efectivo"},"content":{"rendered":"\n<p>Arnau Alcaide<\/p>\n\n\n\n<p><em>Fes-ho b\u00e9<\/em>&nbsp;nace en Valencia de la mano de expertas y expertos en medicina, psicolog\u00eda, pol\u00edtica, legalidad, relaciones sociales e investigaci\u00f3n bioqu\u00edmica y bot\u00e1nica con el objetivo de motivar el cambio de paradigma en la aproximaci\u00f3n p\u00fablica al cannabis y las drogas. Tienen un enfoque de reducci\u00f3n de da\u00f1os, superando los problemas derivados del prohibicionismo actual y empoderando a usuarios medicinales y recreativos.<\/p>\n\n\n\n<p>La portavoc\u00eda del activista Javier Miravete condujo esta presentaci\u00f3n junto a las personalidades valencianas que forman parte de la iniciativa, como el pol\u00edtico Antonio Montiel. Su objetivo fundacional es lograr la prevenci\u00f3n y reducci\u00f3n de da\u00f1os derivados del consumo de drogas, en especial del cannabis, desde otro punto de vista, que informe, aconseje pero entienda, y acompa\u00f1e sin imponer, en lugar de \u00abmentir\u00bb, \u00abcriminalizar\u00bb, \u00abestigmatizar\u00bb o \u00abmarginalizar\u00bb a sus usuarios.<\/p>\n\n\n\n<hr class=\"wp-block-separator\"\/>\n\n\n\n<p>En este sentido, la organizaci\u00f3n buscar\u00e1 coordinar estudios cient\u00edficos y sociales, as\u00ed como sensibilizar entre adolescentes, pero sin mentiras ni demonizaciones que resten cr\u00e9dito. Tambi\u00e9n aspira a educar a polic\u00edas y sanitarios en los aspectos medicinales del cannabis y la vulneraci\u00f3n de derechos subyacente a su prohibici\u00f3n.<\/p>\n\n\n\n<p>Para acometer estos objetivos, necesitar\u00e1n apoyo econ\u00f3mico.&nbsp;Noem\u00ed&nbsp;S\u00e1nchez, investigadora, psic\u00f3loga y secretaria de la organizaci\u00f3n, explica que&nbsp;\u00abde momento\u00bb han&nbsp;empezado a hacerlo \u00abvoluntariamente\u00bb,&nbsp;pero que su idea \u00abprincipal y futura\u00bb es convertirse&nbsp;en \u00abfundaci\u00f3n\u00bb.<strong>&nbsp;\u00ab<\/strong><strong>Necesitamos c<\/strong><strong>onseguir el apoyo de empresas para investigar, como ya hacemos tambi\u00e9n a coste cero. Esta presentaci\u00f3n es nuestra apuesta ante la sociedad para financiarnos y conseguir el capital que nos permita tener esa incidencia.<br><br><\/strong>\u00c1ngela Bele\u00f1a, del grupo de investigaci\u00f3n del profesor Salvador Amig\u00f3, explica que ya entre el sector de la polic\u00eda que viene de la criminolog\u00eda se empieza a aceptar que la prohibici\u00f3n no funciona y que existe margen&nbsp;en la sociedad&nbsp;para estas campa\u00f1as de concienciaci\u00f3n.&nbsp;H\u00e9ctor Brotons se\u00f1al\u00f3 que tienen&nbsp;\u00abderecho a subvenciones\u00bb y&nbsp;que har\u00edan&nbsp;\u00abmejor labor\u00bb social \u00abque otras fundaciones\u00bb subvencionadas, a la vez que record\u00f3 que desde su bufete constantemente acuden al rescate de gente que recibe \u00abverdaderas agresiones oficiales\u00bb del estado.<\/p>\n\n\n\n<h3 class=\"wp-block-heading\"><strong>Ya han tenido incidencia<\/strong><\/h3>\n\n\n\n<p>\u00abAqu\u00ed en&nbsp;<em>Fes-ho b\u00e9<\/em>, la labor de las psic\u00f3logas es centrarnos en los aspectos cient\u00edficos y sociales del consumo de drogas\u00bb, explica Noem\u00ed S\u00e1nchez. \u00abPretendemos hacer sensibilizaci\u00f3n. Miravete contact\u00f3 con la jefatura de polic\u00eda local de Castell\u00f3 y los jefes del \u00e1rea metropolitana y estuvo poniendo en com\u00fan autoridades y pacientes para que se entiendan. Gracias a la experiencia que tuvieron, todos los polic\u00edas fueron muy emp\u00e1ticos, muy comprensivos y realmente pudieron entender la situaci\u00f3n\u00bb, razona.<\/p>\n\n\n\n<p>\u00abEntonces,&nbsp;<strong>queremos implicar a m\u00e1s cuerpos del orden y explicarles lo que se vive en el uso terp\u00e9utico del cannabis. Lo mismo para sanitarios<\/strong>, porque&nbsp;<strong>en muchos \u00e1mbitos es el&nbsp;<\/strong><strong>paciente&nbsp;<\/strong><strong>el q<\/strong><strong>ue<\/strong><strong>&nbsp;decide por sus propios medios tomar cannabis.<\/strong>&nbsp;<strong>En este momento, el problema es q<\/strong><strong>ue<\/strong><strong>&nbsp;el profesional q<\/strong><strong>ue<\/strong><strong>&nbsp;la gente tiene delante desconoce totalmete&nbsp;<\/strong><strong>la sustancia\u00bb, desarrolla S\u00e1nchez. Para lograrlo, preparaban un curso universitario de formaci\u00f3n en cannabis, pero la Universidad de Valencia se niega pese a los avales en reconocimiento del profesorado investigador.<\/strong><\/p>\n\n\n\n<p>La investigadora valenciana tambi\u00e9n remarc\u00f3 la perspectiva de g\u00e9nero que toman. \u00abSi no motivamos a entender la perspectiva de g\u00e9nero, no vamos a entender ni el cannabis recreativo ni el medicinal, porque sabemos que funciona de una forma diferente, que las mujeres tenemos m\u00e1s predisposici\u00f3n a la adicci\u00f3n al cannabis\u00bb, manifestaba, con la consiguiente necesidad de un planteamiento diferente de los problemas asociados.<\/p>\n\n\n\n<p><br><br><strong>Javier Miravete: todos hemos sido j\u00f3venes y que nos mientan no sirve, como el no te toques que te quedar\u00e1s ciego. Los j\u00f3venes no quieren intoxicarse, con informaci\u00f3n se podr\u00edan evitar los problemas que hubiese<\/strong><br><\/p>\n\n\n\n<p>Para otra de las psic\u00f3logas del grupo, Herminia Miralles, \u00abprevenir<strong>&nbsp;malas decisiones en la adolescencia\u00bb&nbsp;<\/strong>ser\u00e1 parte vital del proyecto de reducci\u00f3n de riesgos que ponga la informaci\u00f3n a disposici\u00f3n de los usuarios. La figura del psic\u00f3logo en la asociaci\u00f3n es \u00abimportante\u00bb para saber los \u00abefectos y riesgos de las sustancias que se consumen\u00bb. \u00abQueremos&nbsp;<strong>transmitir a las personas sin imponernos,&nbsp;<\/strong>que cada uno a nivel terap\u00e9utico y recreativo haga un uso responsable y consciente\u00bb, afirm\u00f3.<\/p>\n\n\n\n<h3 class=\"wp-block-heading\"><strong>La Universidad de Valencia teme al estigma y rechaza un m\u00e1ster o curso oficial en cannabis<\/strong><\/h3>\n\n\n\n<p>El investigador universitario Salvador Amig\u00f3 lament\u00f3 que sean \u00abmuy pocos\u00bb el profesorado en psicolog\u00eda que est\u00e1 a favor de estudiar el cannabis desde una perspectiva no condenatoria de antemano. \u00ab<strong>He intentado estudiar mucho si existe un uso racional de las drogas, hacer experimentos para ver si se pueden manejar racional y sensatamente, pero t<\/strong><strong>a<\/strong><strong>mb<\/strong><strong>i\u00e9n<\/strong><strong>&nbsp;viendo el potencial&nbsp;<\/strong><strong>que tienen.<\/strong>&nbsp;<strong>S<\/strong><strong>e trata de buscar los aspectos positivos que las drogas nos han dado al ser humano desde el inicio,&nbsp;<\/strong><strong>pero n<\/strong><strong>o nos han dejado\u00bb.<\/strong><\/p>\n\n\n\n<p>&nbsp;\u00abSer\u00eda un curso entre m\u00e1ster y certificado por la UV: derecho psicolog\u00eda y ciencia, algo as\u00ed como experto universitario en cannabis medicinal\u00bb, explica Noem\u00ed S\u00e1nchez. Amig\u00f3 coincide en que se tratar\u00eda de \u00abgente muy experta, un curso pionero en europa, quiz\u00e1s a nivel mundial sobre este tema\u00bb. Y lanz\u00f3 una fuerte proclama:&nbsp;<strong>\u00abm<\/strong><strong>e gustar\u00eda dirigirme a la rectora de nuestra UV, Maria vicenta Mestre,<\/strong>&nbsp;para que, por favor, tenga en cuenta que necesitamos llevar adelante esos estudios.&nbsp;<strong>Probablemente este curso es un referente europeo y mundial<\/strong>, ayudadnos a llevarlo adelante. Sed abiertos desde la UV, profesionales, con mentalidad de ayudar a las personas que necesitan beneficiarse. Desde este primer inico y arranque de&nbsp;<em>Fes-ho b\u00e9<\/em>, pido, dejadnos avanzar en este referente europeo mundial\u00bb.<\/p>\n\n\n\n<p>H\u00e9ctor Brotons: a veces hay que alabar el ejercicio de moderaci\u00f3n que hacemos, porque por qu\u00e9 no decir que el cannabis nos puede beneficiar, como ser mejores personas. Pero el objetivo que tenemos aqu\u00ed es el de orientar y dar armas a la gente para que decida o no usarlo lo haga con informaci\u00f3n y el menor riesgo<br><br><\/p>\n\n\n\n<p>\u00abQue se pronuncie la Universidad, y, si al final lo que no quieren es que demos formaci\u00f3n en cannabis, pues que lo digan. El curso lo podr\u00edamos arrancar a nivel privado desde ya, tenemos la preparaci\u00f3n absoluta. Queremos que sea en Valencia y que se moje la UV\u00bb, reclam\u00f3 Salvador Amig\u00f3.<\/p>\n\n\n\n<p>Mario Land recalc\u00f3 que \u00abno es un curso para ense\u00f1ar a recetar cannabis, sino para informarles de c\u00f3mo funciona el cannabis, su aspecto legal, para que ellos puedan informar a las personas alejadas\u00bb a las que no alcanza la organizaci\u00f3n. Quiso destacar la entrega de Amig\u00f3 con la investigaci\u00f3n y el curso.<\/p>\n\n\n\n<h3 class=\"wp-block-heading\"><strong>Montiel se une e implica m\u00e1s a\u00fan al Podemos auton\u00f3mico en este cambio de concepci\u00f3n<\/strong><\/h3>\n\n\n\n<p>&nbsp;\u00abHemos trabajado juntos para abrir el debate, aprobar la&nbsp;PNL (propuesta)&nbsp;y crear una comisi\u00f3n donde&nbsp;tratar esta realidad. Sacudidos por el cortoplacismo pol\u00edtico&nbsp;y campa\u00f1as, es genial que haya un grupo que pueda pryectar hacia el futuro una visi\u00f3n estable.<\/p>\n\n\n\n<p>Lo que es muy importante saber es que&nbsp;la forma en la que definimos un&nbsp;problema condiciona&nbsp;su&nbsp;soluci\u00f3n. Si una manifestaci\u00f3n&nbsp;es un problema de orden p\u00fablico, la solucion es la polic\u00eda;&nbsp;si en cambio reconoces el derecho, la soluci\u00f3n es facilitar&nbsp;su&nbsp;ejercicio. Esta cuesti\u00f3n se traslada a todas las dem\u00e1s: si para&nbsp;uno&nbsp;el&nbsp;uso&nbsp;de sustancias es un problema de legalidad o moralidad,&nbsp;la&nbsp;soluci\u00f3n&nbsp;es represiva, estigmatizar,&nbsp;una soluci\u00f3n&nbsp;condenatoria, a gente que acude a ello por desasosiego, necesidad o puro placer.<\/p>\n\n\n\n<p>El reconocimiento de la libertad individual, del derecho a decidir,&nbsp;es necesario, ayudar a a que la decisi\u00f3n de consumir se tome de manera informada. Hay que&nbsp;romper la barrera: no es moralidad, es ciencia. Y adem\u00e1s de ciencia, que se ha reconocido el car\u00e1cter terap\u00e9utico por organismos internacionales, es un tema de reconocimiento de derechos civiles. Si puedo abusar del alcohol y el tabaco con total libertad, con los costes y muertes que causa, por qu\u00e9&nbsp;tengo que&nbsp;renunciar al uso de cannabis para estimular mi libertad y derecho a decidir, o tratarme terap\u00e9uticamente.<\/p>\n\n\n\n<p>Javier&nbsp;Miravete: necesitamos ayuda, sobre todo econ\u00f3mica para abordar estas metas. La regulaci\u00f3n no es ning\u00fan monstruo, se puede acometer.<\/p>\n\n\n\n<p><br>El derecho a decidir es necesario para tomar tus propias decisiones. Un grupo tan diverso como el que presentamos hoy demuestra las m\u00faltiples facetas, y el ordenamiento jur\u00eddico solo aborda la represiva y la sanitaria, y&nbsp;la \u00faltima&nbsp;desde la estigmatizaci\u00f3n. M\u00e9dicos y estado ningunean y privan con superioridad moral a los pacientes&nbsp;y usuarios.<\/p>\n\n\n\n<p>Nos toca presionar para que este pa\u00eds evolucione. Podr\u00edamos hablar de conom\u00eda, empleos, beneficios, ventajas para el cultivo rural, recaudaci\u00f3n fiscal, miserias humanas que se evitar\u00edan por la relaci\u00f3n criminal&nbsp;con&nbsp;el&nbsp;narcotr\u00e1fico. Nuestra forma de definir el problema es totalmente abierta para abarcar todas las aristas, reivindicando sobre todo el derecho a la salud y a la libertad\u00bb.<\/p>\n\n\n\n<h3 class=\"wp-block-heading\">&nbsp;<strong>Un m\u00e9dico de Hait\u00ed que trata con pacientes terminales<\/strong><\/h3>\n\n\n\n<p>Mario Land, m\u00e9dico haitiano, atiende a pacientes con sufrimiento y los acompa\u00f1a hasta la muerte:<br><br>\u00abCuando yo estudiaba en los 80 lo primero que me dec\u00edan era no hacer da\u00f1o. Y cuando me gradu\u00e9, hice el juramento de Hip\u00f3crates, pero m\u00e1s bien parece el de hip\u00f3critas. Ustedes se r\u00eden. \u00bfPero por qu\u00e9 no ha existido siempre este m\u00e9todo? \u00bfPor qu\u00e9 esperar al momento final?<\/p>\n\n\n\n<p>Llevo 20 a\u00f1os viendo llantos todos los d\u00edas: por muerte, dolor, o su anuncio. Dolor de diferente car\u00e1cter. El cannabis se usa para el tratamiento de 60 de las enfermedades m\u00e1s presentes del d\u00eda de hoy. Lo dicen las personas que, por su propia experiencia, est\u00e1n consumiendo cannabis. Digo felizmente que el cannabis no es peligroso, porque estar\u00edamos como con la morfina y no es as\u00ed.<\/p>\n\n\n\n<p><em>Fes-ho b\u00e9<\/em>, por obligaci\u00f3n moral y cient\u00edfica, ser\u00e1 el r\u00edo que desborde su cauce. Yo soy haitinao, inmigrante y negro, en un pa\u00eds donde supuestamente tenemos un punto en com\u00fan, la salud. El cannabis se consume tal como viene. Cuando consumen, los pacientes vuelven con mejor\u00eda cl\u00ednica, f\u00edsica y mental, se relacionan mejor, duermen mejor&#8230; Siempre hay organismos nacionales e internacionales que se interponen.<\/p>\n\n\n\n<p><strong>Noem\u00ed S\u00e1nchez: gracias a&nbsp;<em>F<\/em><em>es-ho b\u00e9<\/em>, podremos hacer un seguimiento de los j\u00f3venes, que es lo que m\u00e1s preocupa a los prohibicionistas<\/strong><br><\/p>\n\n\n\n<p>Ayer por la tarde la Uni\u00f3n Europea declar\u00f3 que hay que seguir las indicaciones de la OMS de que hay que liberar el cannabis para que los m\u00e9dicos den cannabis a sus pacientes. Ustedes pueden entender mi&nbsp;<em>mayor<\/em>&nbsp;<em>alegr\u00eda<\/em>&nbsp;cuando pueda recetar a mis pacientes cannabis para que tengan euforia, empat\u00eda y energ\u00eda. No hay ning\u00fan equipo tan bien formado como&nbsp;<em>Fes-ho b\u00e9<\/em> con profesionales de la salud para un estudio de beneficios y perjuicios, as\u00ed como para investigar opciones m\u00e9dicas con las que el paciente pueda consumir cien por cien seguro y sin da\u00f1os\u00bb.<br><\/p>\n","protected":false},"excerpt":{"rendered":"<span class=\"span-reading-time rt-reading-time\" style=\"display: block;\"><span class=\"rt-label rt-prefix\">Tiempo de lectura:<\/span> <span class=\"rt-time\"> 6<\/span> <span class=\"rt-label rt-postfix\">minutos<\/span><\/span>Arnau Alcaide Fes-ho b\u00e9&nbsp;nace en Valencia de la mano de expertas y expertos en medicina, psicolog\u00eda, pol\u00edtica, legalidad, relaciones sociales e investigaci\u00f3n bioqu\u00edmica y bot\u00e1nica con el objetivo de motivar el cambio de paradigma en la aproximaci\u00f3n p\u00fablica al cannabis y las drogas. Tienen un enfoque de reducci\u00f3n de da\u00f1os, superando los problemas derivados del [&hellip;]","protected":false},"author":1,"featured_media":2065,"comment_status":"closed","ping_status":"closed","sticky":false,"template":"","format":"standard","meta":{"loftocean-featured-post":"","loftocean_post_format_gallery":"","loftocean_post_format_gallery_ids":"","loftocean_post_format_gallery_urls":"","loftocean_post_format_video_id":"","loftocean_post_format_video_url":"","loftocean_post_format_video_type":"","loftocean_post_format_video":"","loftocean_post_format_audio_type":"","loftocean_post_format_audio_url":"","loftocean_post_format_audio_id":"","loftocean_post_format_audio":"","loftocean_post_format_quote_text":"","loftocean_post_format_quote_byline":"","loftocean_post_format_link_text":"","loftocean_post_format_link_url":"","ceramag_post_header_style":"","ceramag_enable_background_video":"","ceramag_show_in_top_slider":"","ceramag_post_background_video_start":"","ceramag_post_background_video_end":"","loftocean_page_background_video_id":"","loftocean_page_background_video_url":"","loftocean_page_background_video_type":"","loftocean_page_background_video":"","ceramag_background_video_start":"","ceramag_background_video_end":"","ceramag_single_page_hide_header":"","footnotes":""},"categories":[36,35],"tags":[490,41,746,51,60,745],"class_list":["post-2064","post","type-post","status-publish","format-standard","has-post-thumbnail","hentry","category-medicinal","category-politica-y-sociedad","tag-activismo","tag-cannabis","tag-fundacion-fes-ho-be","tag-salud","tag-salud-publica","tag-siembra-el-cambio"],"yoast_head":"<!-- This site is optimized with the Yoast SEO plugin v24.9 - https:\/\/yoast.com\/wordpress\/plugins\/seo\/ -->\n<title>Fes-ho B\u00e9 se presenta para cambiar el trato p\u00fablico del cannabis a m\u00e1s respuetuoso y efectivo<\/title>\n<meta name=\"description\" content=\"Entrada &#8226; Portal multimedia sobre cannabis y otras sustancias &#8226; 15 febrero, 2019\" \/>\n<meta name=\"robots\" content=\"index, follow, max-snippet:-1, max-image-preview:large, max-video-preview:-1\" \/>\n<link rel=\"canonical\" href=\"https:\/\/www.cannabis.es\/pw\/2019\/02\/15\/fes-ho-be-se-presenta-para-cambiar-el-trato-publico-del-cannabis-a-mas-respuetuoso-y-efectivo\/\" \/>\n<meta name=\"twitter:card\" content=\"summary_large_image\" \/>\n<meta name=\"twitter:title\" content=\"Fes-ho B\u00e9 se presenta para cambiar el trato p\u00fablico del cannabis a m\u00e1s respuetuoso y efectivo\" \/>\n<meta name=\"twitter:description\" content=\"Entrada &#8226; Portal multimedia sobre cannabis y otras sustancias &#8226; 15 febrero, 2019\" \/>\n<meta name=\"twitter:image\" content=\"https:\/\/www.cannabis.es\/pw\/wp-content\/uploads\/2020\/05\/presentacion-red.jpg\" \/>\n<meta name=\"twitter:creator\" content=\"@cannabis_es\" \/>\n<meta name=\"twitter:site\" content=\"@cannabis_es\" \/>\n<meta name=\"twitter:label1\" content=\"Escrito por\" \/>\n\t<meta name=\"twitter:data1\" content=\"Cannabis.es\" \/>\n\t<meta name=\"twitter:label2\" content=\"Tiempo de lectura\" \/>\n\t<meta name=\"twitter:data2\" content=\"10 minutos\" \/>\n<script type=\"application\/ld+json\" class=\"yoast-schema-graph\">{\"@context\":\"https:\/\/schema.org\",\"@graph\":[{\"@type\":\"Article\",\"@id\":\"https:\/\/www.cannabis.es\/pw\/2019\/02\/15\/fes-ho-be-se-presenta-para-cambiar-el-trato-publico-del-cannabis-a-mas-respuetuoso-y-efectivo\/#article\",\"isPartOf\":{\"@id\":\"https:\/\/www.cannabis.es\/pw\/2019\/02\/15\/fes-ho-be-se-presenta-para-cambiar-el-trato-publico-del-cannabis-a-mas-respuetuoso-y-efectivo\/\"},\"author\":{\"name\":\"Cannabis.es\",\"@id\":\"https:\/\/www.cannabis.es\/pw\/#\/schema\/person\/e2fbd204580cf4fe74c79b82bc447374\"},\"headline\":\"Fes-ho B\u00e9 se presenta para cambiar el trato p\u00fablico del cannabis a m\u00e1s respuetuoso y efectivo\",\"datePublished\":\"2019-02-15T15:17:50+00:00\",\"dateModified\":\"2020-09-04T11:12:49+00:00\",\"mainEntityOfPage\":{\"@id\":\"https:\/\/www.cannabis.es\/pw\/2019\/02\/15\/fes-ho-be-se-presenta-para-cambiar-el-trato-publico-del-cannabis-a-mas-respuetuoso-y-efectivo\/\"},\"wordCount\":2019,\"publisher\":{\"@id\":\"https:\/\/www.cannabis.es\/pw\/#organization\"},\"image\":{\"@id\":\"https:\/\/www.cannabis.es\/pw\/2019\/02\/15\/fes-ho-be-se-presenta-para-cambiar-el-trato-publico-del-cannabis-a-mas-respuetuoso-y-efectivo\/#primaryimage\"},\"thumbnailUrl\":\"https:\/\/www.cannabis.es\/pw\/wp-content\/uploads\/2020\/05\/presentacion-red.jpg\",\"keywords\":[\"activismo\",\"cannabis\",\"fundaci\u00f3n Fes-ho b\u00e9\",\"salud\",\"salud p\u00fablica\",\"siembra el cambio\"],\"articleSection\":[\"Medicinal\",\"Pol\u00edtica y Sociedad\"],\"inLanguage\":\"es\"},{\"@type\":\"WebPage\",\"@id\":\"https:\/\/www.cannabis.es\/pw\/2019\/02\/15\/fes-ho-be-se-presenta-para-cambiar-el-trato-publico-del-cannabis-a-mas-respuetuoso-y-efectivo\/\",\"url\":\"https:\/\/www.cannabis.es\/pw\/2019\/02\/15\/fes-ho-be-se-presenta-para-cambiar-el-trato-publico-del-cannabis-a-mas-respuetuoso-y-efectivo\/\",\"name\":\"Fes-ho B\u00e9 se presenta para cambiar el trato p\u00fablico del cannabis a m\u00e1s respuetuoso y efectivo\",\"isPartOf\":{\"@id\":\"https:\/\/www.cannabis.es\/pw\/#website\"},\"primaryImageOfPage\":{\"@id\":\"https:\/\/www.cannabis.es\/pw\/2019\/02\/15\/fes-ho-be-se-presenta-para-cambiar-el-trato-publico-del-cannabis-a-mas-respuetuoso-y-efectivo\/#primaryimage\"},\"image\":{\"@id\":\"https:\/\/www.cannabis.es\/pw\/2019\/02\/15\/fes-ho-be-se-presenta-para-cambiar-el-trato-publico-del-cannabis-a-mas-respuetuoso-y-efectivo\/#primaryimage\"},\"thumbnailUrl\":\"https:\/\/www.cannabis.es\/pw\/wp-content\/uploads\/2020\/05\/presentacion-red.jpg\",\"datePublished\":\"2019-02-15T15:17:50+00:00\",\"dateModified\":\"2020-09-04T11:12:49+00:00\",\"description\":\"Entrada &#8226; Portal multimedia sobre cannabis y otras sustancias &#8226; 15 febrero, 2019\",\"breadcrumb\":{\"@id\":\"https:\/\/www.cannabis.es\/pw\/2019\/02\/15\/fes-ho-be-se-presenta-para-cambiar-el-trato-publico-del-cannabis-a-mas-respuetuoso-y-efectivo\/#breadcrumb\"},\"inLanguage\":\"es\",\"potentialAction\":[{\"@type\":\"ReadAction\",\"target\":[\"https:\/\/www.cannabis.es\/pw\/2019\/02\/15\/fes-ho-be-se-presenta-para-cambiar-el-trato-publico-del-cannabis-a-mas-respuetuoso-y-efectivo\/\"]}]},{\"@type\":\"ImageObject\",\"inLanguage\":\"es\",\"@id\":\"https:\/\/www.cannabis.es\/pw\/2019\/02\/15\/fes-ho-be-se-presenta-para-cambiar-el-trato-publico-del-cannabis-a-mas-respuetuoso-y-efectivo\/#primaryimage\",\"url\":\"https:\/\/www.cannabis.es\/pw\/wp-content\/uploads\/2020\/05\/presentacion-red.jpg\",\"contentUrl\":\"https:\/\/www.cannabis.es\/pw\/wp-content\/uploads\/2020\/05\/presentacion-red.jpg\",\"width\":959,\"height\":475},{\"@type\":\"BreadcrumbList\",\"@id\":\"https:\/\/www.cannabis.es\/pw\/2019\/02\/15\/fes-ho-be-se-presenta-para-cambiar-el-trato-publico-del-cannabis-a-mas-respuetuoso-y-efectivo\/#breadcrumb\",\"itemListElement\":[{\"@type\":\"ListItem\",\"position\":1,\"name\":\"Portada\",\"item\":\"http:\/\/www.cannabis.es\/pw\/\"},{\"@type\":\"ListItem\",\"position\":2,\"name\":\"Fes-ho B\u00e9 se presenta para cambiar el trato p\u00fablico del cannabis a m\u00e1s respuetuoso y efectivo\"}]},{\"@type\":\"WebSite\",\"@id\":\"https:\/\/www.cannabis.es\/pw\/#website\",\"url\":\"https:\/\/www.cannabis.es\/pw\/\",\"name\":\"Cannabis\",\"description\":\"Portal multimedia sobre cannabis y otras sustancias\",\"publisher\":{\"@id\":\"https:\/\/www.cannabis.es\/pw\/#organization\"},\"potentialAction\":[{\"@type\":\"SearchAction\",\"target\":{\"@type\":\"EntryPoint\",\"urlTemplate\":\"https:\/\/www.cannabis.es\/pw\/?s={search_term_string}\"},\"query-input\":{\"@type\":\"PropertyValueSpecification\",\"valueRequired\":true,\"valueName\":\"search_term_string\"}}],\"inLanguage\":\"es\"},{\"@type\":\"Organization\",\"@id\":\"https:\/\/www.cannabis.es\/pw\/#organization\",\"name\":\"Cannabis.es\",\"url\":\"https:\/\/www.cannabis.es\/pw\/\",\"logo\":{\"@type\":\"ImageObject\",\"inLanguage\":\"es\",\"@id\":\"https:\/\/www.cannabis.es\/pw\/#\/schema\/logo\/image\/\",\"url\":\"https:\/\/www.cannabis.es\/pw\/wp-content\/uploads\/2019\/04\/cropped-logo_cannabis.png\",\"contentUrl\":\"https:\/\/www.cannabis.es\/pw\/wp-content\/uploads\/2019\/04\/cropped-logo_cannabis.png\",\"width\":361,\"height\":120,\"caption\":\"Cannabis.es\"},\"image\":{\"@id\":\"https:\/\/www.cannabis.es\/pw\/#\/schema\/logo\/image\/\"},\"sameAs\":[\"https:\/\/x.com\/cannabis_es\"]},{\"@type\":\"Person\",\"@id\":\"https:\/\/www.cannabis.es\/pw\/#\/schema\/person\/e2fbd204580cf4fe74c79b82bc447374\",\"name\":\"Cannabis.es\",\"image\":{\"@type\":\"ImageObject\",\"inLanguage\":\"es\",\"@id\":\"https:\/\/www.cannabis.es\/pw\/#\/schema\/person\/image\/\",\"url\":\"https:\/\/secure.gravatar.com\/avatar\/4375b1eb6e272e2e48a4b8a8def52e5f208151f555bb5906da616906ee6dd2e8?s=96&d=mm&r=g\",\"contentUrl\":\"https:\/\/secure.gravatar.com\/avatar\/4375b1eb6e272e2e48a4b8a8def52e5f208151f555bb5906da616906ee6dd2e8?s=96&d=mm&r=g\",\"caption\":\"Cannabis.es\"},\"url\":\"https:\/\/www.cannabis.es\/pw\/author\/cannabis\/\"}]}<\/script>\n<!-- \/ Yoast SEO plugin. -->","yoast_head_json":{"title":"Fes-ho B\u00e9 se presenta para cambiar el trato p\u00fablico del cannabis a m\u00e1s respuetuoso y efectivo","description":"Entrada &#8226; Portal multimedia sobre cannabis y otras sustancias &#8226; 15 febrero, 2019","robots":{"index":"index","follow":"follow","max-snippet":"max-snippet:-1","max-image-preview":"max-image-preview:large","max-video-preview":"max-video-preview:-1"},"canonical":"https:\/\/www.cannabis.es\/pw\/2019\/02\/15\/fes-ho-be-se-presenta-para-cambiar-el-trato-publico-del-cannabis-a-mas-respuetuoso-y-efectivo\/","twitter_card":"summary_large_image","twitter_title":"Fes-ho B\u00e9 se presenta para cambiar el trato p\u00fablico del cannabis a m\u00e1s respuetuoso y efectivo","twitter_description":"Entrada &#8226; Portal multimedia sobre cannabis y otras sustancias &#8226; 15 febrero, 2019","twitter_image":"https:\/\/www.cannabis.es\/pw\/wp-content\/uploads\/2020\/05\/presentacion-red.jpg","twitter_creator":"@cannabis_es","twitter_site":"@cannabis_es","twitter_misc":{"Escrito por":"Cannabis.es","Tiempo de lectura":"10 minutos"},"schema":{"@context":"https:\/\/schema.org","@graph":[{"@type":"Article","@id":"https:\/\/www.cannabis.es\/pw\/2019\/02\/15\/fes-ho-be-se-presenta-para-cambiar-el-trato-publico-del-cannabis-a-mas-respuetuoso-y-efectivo\/#article","isPartOf":{"@id":"https:\/\/www.cannabis.es\/pw\/2019\/02\/15\/fes-ho-be-se-presenta-para-cambiar-el-trato-publico-del-cannabis-a-mas-respuetuoso-y-efectivo\/"},"author":{"name":"Cannabis.es","@id":"https:\/\/www.cannabis.es\/pw\/#\/schema\/person\/e2fbd204580cf4fe74c79b82bc447374"},"headline":"Fes-ho B\u00e9 se presenta para cambiar el trato p\u00fablico del cannabis a m\u00e1s respuetuoso y efectivo","datePublished":"2019-02-15T15:17:50+00:00","dateModified":"2020-09-04T11:12:49+00:00","mainEntityOfPage":{"@id":"https:\/\/www.cannabis.es\/pw\/2019\/02\/15\/fes-ho-be-se-presenta-para-cambiar-el-trato-publico-del-cannabis-a-mas-respuetuoso-y-efectivo\/"},"wordCount":2019,"publisher":{"@id":"https:\/\/www.cannabis.es\/pw\/#organization"},"image":{"@id":"https:\/\/www.cannabis.es\/pw\/2019\/02\/15\/fes-ho-be-se-presenta-para-cambiar-el-trato-publico-del-cannabis-a-mas-respuetuoso-y-efectivo\/#primaryimage"},"thumbnailUrl":"https:\/\/www.cannabis.es\/pw\/wp-content\/uploads\/2020\/05\/presentacion-red.jpg","keywords":["activismo","cannabis","fundaci\u00f3n Fes-ho b\u00e9","salud","salud p\u00fablica","siembra el cambio"],"articleSection":["Medicinal","Pol\u00edtica y Sociedad"],"inLanguage":"es"},{"@type":"WebPage","@id":"https:\/\/www.cannabis.es\/pw\/2019\/02\/15\/fes-ho-be-se-presenta-para-cambiar-el-trato-publico-del-cannabis-a-mas-respuetuoso-y-efectivo\/","url":"https:\/\/www.cannabis.es\/pw\/2019\/02\/15\/fes-ho-be-se-presenta-para-cambiar-el-trato-publico-del-cannabis-a-mas-respuetuoso-y-efectivo\/","name":"Fes-ho B\u00e9 se presenta para cambiar el trato p\u00fablico del cannabis a m\u00e1s respuetuoso y efectivo","isPartOf":{"@id":"https:\/\/www.cannabis.es\/pw\/#website"},"primaryImageOfPage":{"@id":"https:\/\/www.cannabis.es\/pw\/2019\/02\/15\/fes-ho-be-se-presenta-para-cambiar-el-trato-publico-del-cannabis-a-mas-respuetuoso-y-efectivo\/#primaryimage"},"image":{"@id":"https:\/\/www.cannabis.es\/pw\/2019\/02\/15\/fes-ho-be-se-presenta-para-cambiar-el-trato-publico-del-cannabis-a-mas-respuetuoso-y-efectivo\/#primaryimage"},"thumbnailUrl":"https:\/\/www.cannabis.es\/pw\/wp-content\/uploads\/2020\/05\/presentacion-red.jpg","datePublished":"2019-02-15T15:17:50+00:00","dateModified":"2020-09-04T11:12:49+00:00","description":"Entrada &#8226; Portal multimedia sobre cannabis y otras sustancias &#8226; 15 febrero, 2019","breadcrumb":{"@id":"https:\/\/www.cannabis.es\/pw\/2019\/02\/15\/fes-ho-be-se-presenta-para-cambiar-el-trato-publico-del-cannabis-a-mas-respuetuoso-y-efectivo\/#breadcrumb"},"inLanguage":"es","potentialAction":[{"@type":"ReadAction","target":["https:\/\/www.cannabis.es\/pw\/2019\/02\/15\/fes-ho-be-se-presenta-para-cambiar-el-trato-publico-del-cannabis-a-mas-respuetuoso-y-efectivo\/"]}]},{"@type":"ImageObject","inLanguage":"es","@id":"https:\/\/www.cannabis.es\/pw\/2019\/02\/15\/fes-ho-be-se-presenta-para-cambiar-el-trato-publico-del-cannabis-a-mas-respuetuoso-y-efectivo\/#primaryimage","url":"https:\/\/www.cannabis.es\/pw\/wp-content\/uploads\/2020\/05\/presentacion-red.jpg","contentUrl":"https:\/\/www.cannabis.es\/pw\/wp-content\/uploads\/2020\/05\/presentacion-red.jpg","width":959,"height":475},{"@type":"BreadcrumbList","@id":"https:\/\/www.cannabis.es\/pw\/2019\/02\/15\/fes-ho-be-se-presenta-para-cambiar-el-trato-publico-del-cannabis-a-mas-respuetuoso-y-efectivo\/#breadcrumb","itemListElement":[{"@type":"ListItem","position":1,"name":"Portada","item":"http:\/\/www.cannabis.es\/pw\/"},{"@type":"ListItem","position":2,"name":"Fes-ho B\u00e9 se presenta para cambiar el trato p\u00fablico del cannabis a m\u00e1s respuetuoso y efectivo"}]},{"@type":"WebSite","@id":"https:\/\/www.cannabis.es\/pw\/#website","url":"https:\/\/www.cannabis.es\/pw\/","name":"Cannabis","description":"Portal multimedia sobre cannabis y otras sustancias","publisher":{"@id":"https:\/\/www.cannabis.es\/pw\/#organization"},"potentialAction":[{"@type":"SearchAction","target":{"@type":"EntryPoint","urlTemplate":"https:\/\/www.cannabis.es\/pw\/?s={search_term_string}"},"query-input":{"@type":"PropertyValueSpecification","valueRequired":true,"valueName":"search_term_string"}}],"inLanguage":"es"},{"@type":"Organization","@id":"https:\/\/www.cannabis.es\/pw\/#organization","name":"Cannabis.es","url":"https:\/\/www.cannabis.es\/pw\/","logo":{"@type":"ImageObject","inLanguage":"es","@id":"https:\/\/www.cannabis.es\/pw\/#\/schema\/logo\/image\/","url":"https:\/\/www.cannabis.es\/pw\/wp-content\/uploads\/2019\/04\/cropped-logo_cannabis.png","contentUrl":"https:\/\/www.cannabis.es\/pw\/wp-content\/uploads\/2019\/04\/cropped-logo_cannabis.png","width":361,"height":120,"caption":"Cannabis.es"},"image":{"@id":"https:\/\/www.cannabis.es\/pw\/#\/schema\/logo\/image\/"},"sameAs":["https:\/\/x.com\/cannabis_es"]},{"@type":"Person","@id":"https:\/\/www.cannabis.es\/pw\/#\/schema\/person\/e2fbd204580cf4fe74c79b82bc447374","name":"Cannabis.es","image":{"@type":"ImageObject","inLanguage":"es","@id":"https:\/\/www.cannabis.es\/pw\/#\/schema\/person\/image\/","url":"https:\/\/secure.gravatar.com\/avatar\/4375b1eb6e272e2e48a4b8a8def52e5f208151f555bb5906da616906ee6dd2e8?s=96&d=mm&r=g","contentUrl":"https:\/\/secure.gravatar.com\/avatar\/4375b1eb6e272e2e48a4b8a8def52e5f208151f555bb5906da616906ee6dd2e8?s=96&d=mm&r=g","caption":"Cannabis.es"},"url":"https:\/\/www.cannabis.es\/pw\/author\/cannabis\/"}]}},"_links":{"self":[{"href":"https:\/\/www.cannabis.es\/pw\/wp-json\/wp\/v2\/posts\/2064","targetHints":{"allow":["GET"]}}],"collection":[{"href":"https:\/\/www.cannabis.es\/pw\/wp-json\/wp\/v2\/posts"}],"about":[{"href":"https:\/\/www.cannabis.es\/pw\/wp-json\/wp\/v2\/types\/post"}],"author":[{"embeddable":true,"href":"https:\/\/www.cannabis.es\/pw\/wp-json\/wp\/v2\/users\/1"}],"replies":[{"embeddable":true,"href":"https:\/\/www.cannabis.es\/pw\/wp-json\/wp\/v2\/comments?post=2064"}],"version-history":[{"count":3,"href":"https:\/\/www.cannabis.es\/pw\/wp-json\/wp\/v2\/posts\/2064\/revisions"}],"predecessor-version":[{"id":4949,"href":"https:\/\/www.cannabis.es\/pw\/wp-json\/wp\/v2\/posts\/2064\/revisions\/4949"}],"wp:featuredmedia":[{"embeddable":true,"href":"https:\/\/www.cannabis.es\/pw\/wp-json\/wp\/v2\/media\/2065"}],"wp:attachment":[{"href":"https:\/\/www.cannabis.es\/pw\/wp-json\/wp\/v2\/media?parent=2064"}],"wp:term":[{"taxonomy":"category","embeddable":true,"href":"https:\/\/www.cannabis.es\/pw\/wp-json\/wp\/v2\/categories?post=2064"},{"taxonomy":"post_tag","embeddable":true,"href":"https:\/\/www.cannabis.es\/pw\/wp-json\/wp\/v2\/tags?post=2064"}],"curies":[{"name":"wp","href":"https:\/\/api.w.org\/{rel}","templated":true}]}}