{"id":2082,"date":"2019-01-30T16:27:14","date_gmt":"2019-01-30T15:27:14","guid":{"rendered":"http:\/\/www.cannabis.es\/pw\/?p=2082"},"modified":"2020-09-04T13:13:49","modified_gmt":"2020-09-04T11:13:49","slug":"respuesta-a-la-campana-del-ayuntamiento-de-valencia","status":"publish","type":"post","link":"https:\/\/www.cannabis.es\/pw\/2019\/01\/30\/respuesta-a-la-campana-del-ayuntamiento-de-valencia\/","title":{"rendered":"Respuesta a la campa\u00f1a del Ayuntamiento de Valencia"},"content":{"rendered":"\n<p>Adele Corrado<br><\/p>\n\n\n\n<p>Contestamos a la&nbsp;<a href=\"https:\/\/www.youtube.com\/watch?v=H8nB-jjCKcQ\">campa\u00f1a<\/a>&nbsp;<em>Et sona&nbsp;<\/em>del \u00e1rea de Salud del Ayuntamiento de Valencia, que ha dicho algunas barbaridades sobre el cannabis.<\/p>\n\n\n\n<hr class=\"wp-block-separator\"\/>\n\n\n\n<h3 class=\"wp-block-heading\"><strong>Respuesta a \u00ablos nuevos chamanes\u00bb<\/strong><\/h3>\n\n\n\n<p>1- No se niega que haya aprovechados que se disfrazan de \u00abm\u00e9dicos\u00bb, pero :<\/p>\n\n\n\n<p>a)&nbsp;<strong>si la marihuana medicinal fuera legalizada estos \u00abintrusos\u00bb o \u00abchamanes\u00bb desaparecer\u00edan<\/strong>&nbsp;porque los enfermos tendr\u00edan a su disposici\u00f3n profesionales que puedan ayudarles y aconsejarles debidamente.<\/p>\n\n\n\n<p>b) hay ya muchos doctores licenciados en las facultades de medicina que saben tratar con cannabis.&nbsp;No son curanderos o improvisados, son profesionales del sector que se han ido informando, y los \u00fanicos que pueden ayudar efectivamente a los enfermos.&nbsp;<strong>Aqu\u00ed no hay intrusismo profesional, ellos son profesionales acreditados.<\/strong>&nbsp;(<a href=\"https:\/\/www.nap.edu\/catalog\/24625\/the-health-effects-of-cannabis-and-cannabinoids-the-current-state\">en esta p\u00e1gina se pueden consultar todos los estudios que se han hecho acerca de los beneficios del cannabis a nivel medicinal hasta el 2017, solo mirad&nbsp;qui\u00e9n y cu\u00e1ntos han participado, por ejemplo<\/a>).<\/p>\n\n\n\n<p>2- Con referencia a la ocultaci\u00f3n de informaci\u00f3n: no es verdad,&nbsp;<strong>hay mucha informaci\u00f3n<\/strong>&nbsp;a d\u00eda de hoy disponible en internet con respecto al consumo de cannabis y los efectos adversos que pueda causar, y los&nbsp;<strong>doctores que aconsejan&nbsp;<\/strong><strong>la<\/strong><strong>&nbsp;asunci\u00f3n de cannabis terap\u00e9utico toman en consideraci\u00f3n<\/strong>&nbsp;estos factores. De hecho, como los efectos pueden ser distintos de persona a persona, ellos suelen monitorearlos y ajustar la dosis. Esto, obviamente, donde hay conocimiento del tema.<\/p>\n\n\n\n<p>2(b)-&nbsp;Sobre la&nbsp;<strong>neurotixicidad del cannabis<\/strong>: hay&nbsp;<strong>muchos estudios que niegan esto<\/strong>,&nbsp;hasta se est\u00e1 descubriendo que el cannabis es neuroprotector y&nbsp;<strong>puede que ayude en enfermedades degenerativas<\/strong>&nbsp;como&nbsp;Alzheimer y Parkinson (e<a href=\"https:\/\/www.frontiersin.org\/articles\/10.3389\/fnint.2018.00051\/full?&amp;utm_source=Email_to_authors_&amp;utm_medium=Email&amp;utm_content=T1_11.5e1_author&amp;utm_campaign=Email_publication&amp;field=&amp;journalName=Frontiers_in_Integrative_Neuroscience&amp;id=413977\">studio)<\/a><\/p>\n\n\n\n<p>3- No entendemos esto: \u00bfdoctores cuyo objetivo es promocionar el cultivo de cannabis, garantizando a lo largo de todo el proceso el asesoramiento? Creemos que aqu\u00ed hay mucha confusi\u00f3n. Cierto es que para el autocultivo hay asesoramiento, pero es que est\u00e1 dentro del marco del concepto del autocultivo, que es un concepto pol\u00edtico y social. En el movimiento cann\u00e1bico, el tema del autocultivo de cannabis (sea para razones medicinales o para finalidades l\u00fadicas) es un tema muy importante.&nbsp;<strong>E<\/strong><strong>l autocultivo para abastecerse sin recurrir al mercado negro, evitando riesgos innecesarios para obtener p\u00e9sima calidad y quitando poder a las mafias.<\/strong><\/p>\n\n\n\n<p>Los que padecen enfermedades cr\u00f3nicas o dolores cr\u00f3nicos y que por lo tanto recurren al cannabis porque encuentran alivio, hasta incluso mejora de calidad de vida, muchas veces recurren al autocultivo para estar seguros de que lo que cultivan es lo que a ellos les sienta bien para paliar dolencias. Hasta ponen en riesgo su seguridad ante la ley, pero tambi\u00e9n se exponen a robos. Los enfermos a d\u00eda de hoy est\u00e1n desprotegidos doblemente. Si tienen la suerte de vivir en una parte de Espa\u00f1a donde el autocultivo no est\u00e1 tan perseguido, o donde hay presencia de csc que sigue un buen c\u00f3digo de conducta (autocultivo para autoabastecerse, compartido, asesoramiento y apoyo) ya pueden considerarse afortunados.<\/p>\n\n\n\n<p>De todas formas, los que recurren al cannabis por temas medicinales saben de sobra que es para un uso paliativo. En las&nbsp;<a href=\"http:\/\/www.cannabis.es\/pw\/2018\/12\/05\/i-jornadas-cannabicas-en-valencia-dia-dos-la-politica\/\">Jornadas Cannabicas Valenciana<\/a>&nbsp;por ejemplo, los enfermos que usan cannabis han dado testimonio de su condiciones delante de pol\u00edticos que estaban a favor de un marco regulatorio integral del cannabis&nbsp;e&nbsp;igual escucharlos m\u00e1s detenidamente y fuera de esquemas ser\u00eda un buen comienzo.<\/p>\n\n\n\n<p>4- El \u00faltimo punto del tript\u00edco es un disparate: el consumo l\u00fadico de cannabis siempre ha existido y siempre existir\u00e1 independientemente&nbsp;de&nbsp;que con el cannabis se haga un uso medicinal o no. Esto de decir que hay doctores que \u00abse inventan usos medicinales disminuyendo&nbsp;u&nbsp;ocultando efectos adversos de la marihuana en sujetos sanos para convencerlos a usar cannabis&nbsp;y&nbsp;as\u00ed crear nuevos clientes\u00bb es un problema completamente inventado; la realidad no es esta. Los usuarios medicinales saben perfectamente lo que est\u00e1n consumiendo y los usuarios l\u00fadicos se acercan al cannabis desde otra perspectiva, no necesitan una justificaci\u00f3n \u00abm\u00e1s alta\u00bb para fumar porros. Las motivaciones que empujan a usar drogas con fines l\u00fadicos siempre han&nbsp;sido y siempre ser\u00e1n&nbsp;de elecci\u00f3n personal. El porqu\u00e9 se elige una droga u otra, y el eventual uso problem\u00e1tico que puede derivar de ello, est\u00e1 en otros factores, que muchas veces tienen que ver con vivencias personales y entorno&nbsp;<a href=\"https:\/\/www.ted.com\/talks\/johann_hari_everything_you_think_you_know_about_addiction_is_wrong\/transcript?awesm=on.ted.com_9QY4&amp;language=es\">(Johann Hari)<\/a>&nbsp;(<a href=\"https:\/\/www.ted.com\/talks\/ethan_nadelmann_why_we_need_to_end_the_war_on_drugs\">Ethan Nedelmann<\/a>) (<a href=\"https:\/\/en.wikipedia.org\/wiki\/Rat_Park\">rat park<\/a>)&nbsp;(<a href=\"https:\/\/www.lavanguardia.com\/lacontra\/20181116\/452962507994\/el-peligro-que-tienen-todas-las-drogas-es-tu-ignorancia.html\">Carl L. Hart<\/a>).<\/p>\n\n\n\n<h3 class=\"wp-block-heading\"><strong>Tr\u00edptico dos: Cultivo de Marihuana Del movimiento Hippie al \u00abcapitalismo transg\u00e9nico\u00bb<\/strong><\/h3>\n\n\n\n<p><a href=\"https:\/\/youtu.be\/H8nB-jjCKcQ?t=88\">No queremos pensar que sea una mentira<\/a>, sino que no se ha entendido bien lo que pasa con las plantas de cannabis hoy en d\u00eda.<strong>&nbsp;La marihuana transg\u00e9nica sencillamente&nbsp;<\/strong><strong>\u00a1<\/strong><strong>NO EXISTE!<\/strong>&nbsp;No hay manipulaci\u00f3n GEN\u00c9TICA en el mercado del cannabis. La marihuana que se encuentra en la calle o la que se autocultiva sembrando semillas de bancos de semillas vendidas en growshops el mero fruto de t\u00e9cnicas de cruce o&nbsp;<em>breeding<\/em>, que se usan en agronom\u00eda desde que el hombre ha empezado a domesticar las plantas.<\/p>\n\n\n\n<p>Monsanto, tanto citado en los tr\u00edpticos como en el libro editado, nada tiene que ver con las semillas de marihuana que se encuentran en el mercado.&nbsp;<strong>No hay monopolio de nadie en este mercado y lo \u00fanico de globalizaci\u00f3n que se encuentra en el mundo cann<\/strong><strong>\u00e1<\/strong><strong>bico son las ganas de legalizaci\u00f3n<\/strong>&nbsp;que est\u00e1 corriendo en medio mundo. No es la marihuana o el cannabis o el c\u00e1\u00f1amo de hoy en d\u00eda los que fomentan clases sociales, sino las pol\u00edticas econ\u00f3micas de los gobiernos. Adem\u00e1s, si queremos hablar de ricos y pobres dentro del mercado del cannabis ser\u00e1 al rev\u00e9s, los ricos compran y se quedan tan tranquilos, mientras que los que tienen menor poder adquisitivo prefieren invertir en peque\u00f1os autocultivos para no arriesgarse a comprar mala yerba y malgastar el dinero.<\/p>\n\n\n\n<p>Acerca del tema naturaleza vs laboratorio: \u00bfpor qu\u00e9 de repente estamos en contra de los laboratorios? \u00bfqu\u00e9 tienen de malo?<\/p>\n\n\n\n<p><strong>Tanto los tr\u00edpticos como el libro editado como el \u00faltimo de los tres videos&nbsp;<\/strong>est\u00e1n&nbsp;pr\u00e1cticamente basados en esta \u00abteor\u00eda\u00bb de la marihuana gen\u00e9ticamente modificada.&nbsp;Es decir, hab\u00e9is basado&nbsp;<strong>una campa\u00f1a entera&nbsp;<\/strong><strong>en<\/strong><strong>&nbsp;un postulado completamente falso<\/strong>.<\/p>\n\n\n\n<p>Repetimos: no hay manipulaci\u00f3n gen\u00e9tica. Si hay marihuana con THC m\u00e1s alto que en el pasado es porque han sido seleccionadas plantas y retrocruzadas para obtener fenotipos con alto contenido de THC.&nbsp;<strong>Es la misma t\u00e9cnica que se ha usado para seleccionar variedades de tomates o de pl\u00e1tanos<\/strong>&nbsp;que gustaban m\u00e1s a la gente.<\/p>\n\n\n\n<p>El uso de la marihuana en adolescentes hoy en d\u00eda no es distinto&nbsp;al del&nbsp;pasado. En cada generaci\u00f3n hay j\u00f3venes que consumen marihuana y hay ya muchos&nbsp;<a href=\"https:\/\/www.annenbergpublicpolicycenter.org\/publication\/disentangling-longitudinal-relations-between-youth-cannabis-use-peer-cannabis-use-and-conduct-problems-developmental-cascading-links-to-cannabis-use-disorder\/\">estudios<\/a>&nbsp;que est\u00e1n relevando que el&nbsp;<strong>consumo problem\u00e1tico<\/strong>&nbsp;en j\u00f3venes adultos est\u00e1&nbsp;<strong>relacionado con vivencias personales conflictivas<\/strong>. Es verdad que es mejor retrasar el uso de sustancias estupefacientes hasta la edad adulta y que&nbsp;<strong>el uso en adolescencia no est\u00e1 aconsejado, pero tampoco est\u00e1 probado que tenga efectos dram\u00e1ticos en cerebros en desarrollo<\/strong>.<\/p>\n\n\n\n<p>En \u00e1mbito universitario adem\u00e1s, el uso de marihuana&nbsp;<strong>no est\u00e1 asociado a escasez de rendimiento y el famoso s\u00edndrome amotivacional<\/strong>&nbsp;(teor\u00eda de los a\u00f1os 80 aqu\u00ed revivida con la teor\u00eda de la marmota) ha sido ya desmontada en su d\u00eda. La droga no quita opciones, la condici\u00f3n social y de vida lo hacen, y recorrer a ella, llegando a veces al uso problem\u00e1tico, es la manera de paliar estos \u00abdolores\u00bb.<\/p>\n\n\n\n<p>El empobrecimiento emocional y cultural no deriva de fumar, sino de lo que se tiene alrededor. Mentir a los j\u00f3venes no les hace un favor. Dar informaciones falsas no les alejar\u00e1 de asumir drogas. Dad opciones, tratadles con dignidad, como personas capaces de razonar, y entonces explicadles los riesgos asociados a un uso compulsivo y reiterado de una sustancia. Ayudar\u00eda cambiar el paradigma y el estigma asociado a la toma de drogas.<\/p>\n\n\n\n<p>Empezar a difundir una visi\u00f3n de reducci\u00f3n del da\u00f1o podr\u00eda ayudar a cambiar este paradigma. Explicar e informar adecuadamente es la clave, m\u00e1s que vetar y mentir. Porque con la mentira y la prohibici\u00f3n solo se aleja la gente de las instituciones, solo se obtiene que la gente pierda confianza en ellas y acabe en brazos de aprovechados y mentirosos sin escr\u00fapulos. Regular, informar, apoyar: \u00bfpor qu\u00e9 no probamos algo diferente por una vez, en lugar de sacar la teor\u00eda de la puerta de entrada de los a\u00f1os 80? Que evidentemente no ha llevado a ning\u00fan lado&#8230;<\/p>\n\n\n\n<p>Por otro lado, en el video se hace menci\u00f3n al cannabis sint\u00e9tico como el Spice o similares: todos los actores del movimiento cann\u00e1bico desde los medios de comunicaci\u00f3n, csc, asociaciones, m\u00e9dicos, la gran mayor\u00eda de los grow y distribuidores, hemos condenado su uso por lo peligroso que es.<strong>&nbsp;El Spice o toda clase de cannabis sint\u00e9tico es fruto de la prohibici\u00f3n y nada tiene que ver con el cannabis o las semillas de cannabis.<\/strong><\/p>\n\n\n\n<p>Con esto queremos abrir un debate sano en el inter\u00e9s de la comunidad.&nbsp;<strong>Invitamos a las instituciones que se han ocupado de esta campa\u00f1a a ponerse en contacto con nosotros o cualquier otro actor del movimiento por la legalizaci\u00f3n del cannabis para hablar&nbsp;e&nbsp;intentar encontrar un camino com\u00fan.<\/strong> \u00bfQuer\u00e9is una puerta de entrada? Pues aqu\u00ed la ten\u00e9is.<br><\/p>\n","protected":false},"excerpt":{"rendered":"<span class=\"span-reading-time rt-reading-time\" style=\"display: block;\"><span class=\"rt-label rt-prefix\">Tiempo de lectura:<\/span> <span class=\"rt-time\"> 5<\/span> <span class=\"rt-label rt-postfix\">minutos<\/span><\/span>Adele Corrado Contestamos a la&nbsp;campa\u00f1a&nbsp;Et sona&nbsp;del \u00e1rea de Salud del Ayuntamiento de Valencia, que ha dicho algunas barbaridades sobre el cannabis. Respuesta a \u00ablos nuevos chamanes\u00bb 1- No se niega que haya aprovechados que se disfrazan de \u00abm\u00e9dicos\u00bb, pero : a)&nbsp;si la marihuana medicinal fuera legalizada estos \u00abintrusos\u00bb o \u00abchamanes\u00bb desaparecer\u00edan&nbsp;porque los enfermos tendr\u00edan a [&hellip;]","protected":false},"author":1,"featured_media":2083,"comment_status":"closed","ping_status":"closed","sticky":false,"template":"","format":"standard","meta":{"loftocean-featured-post":"","loftocean_post_format_gallery":"","loftocean_post_format_gallery_ids":"","loftocean_post_format_gallery_urls":"","loftocean_post_format_video_id":"","loftocean_post_format_video_url":"","loftocean_post_format_video_type":"","loftocean_post_format_video":"","loftocean_post_format_audio_type":"","loftocean_post_format_audio_url":"","loftocean_post_format_audio_id":"","loftocean_post_format_audio":"","loftocean_post_format_quote_text":"","loftocean_post_format_quote_byline":"","loftocean_post_format_link_text":"","loftocean_post_format_link_url":"","ceramag_post_header_style":"","ceramag_enable_background_video":"","ceramag_show_in_top_slider":"","ceramag_post_background_video_start":"","ceramag_post_background_video_end":"","loftocean_page_background_video_id":"","loftocean_page_background_video_url":"","loftocean_page_background_video_type":"","loftocean_page_background_video":"","ceramag_background_video_start":"","ceramag_background_video_end":"","ceramag_single_page_hide_header":"","footnotes":""},"categories":[35],"tags":[41,749,40,51],"class_list":["post-2082","post","type-post","status-publish","format-standard","has-post-thumbnail","hentry","category-politica-y-sociedad","tag-cannabis","tag-debate","tag-marihuana","tag-salud"],"yoast_head":"<!-- This site is optimized with the Yoast SEO plugin v24.9 - https:\/\/yoast.com\/wordpress\/plugins\/seo\/ -->\n<title>Respuesta a la campa\u00f1a del Ayuntamiento de Valencia<\/title>\n<meta name=\"description\" content=\"Entrada &#8226; Portal multimedia sobre cannabis y otras sustancias &#8226; 30 enero, 2019\" \/>\n<meta name=\"robots\" content=\"index, follow, max-snippet:-1, max-image-preview:large, max-video-preview:-1\" \/>\n<link rel=\"canonical\" href=\"https:\/\/www.cannabis.es\/pw\/2019\/01\/30\/respuesta-a-la-campana-del-ayuntamiento-de-valencia\/\" \/>\n<meta name=\"twitter:card\" content=\"summary_large_image\" \/>\n<meta name=\"twitter:title\" content=\"Respuesta a la campa\u00f1a del Ayuntamiento de Valencia\" \/>\n<meta name=\"twitter:description\" content=\"Entrada &#8226; Portal multimedia sobre cannabis y otras sustancias &#8226; 30 enero, 2019\" \/>\n<meta name=\"twitter:image\" content=\"https:\/\/www.cannabis.es\/pw\/wp-content\/uploads\/2020\/05\/replica.jpg\" \/>\n<meta name=\"twitter:creator\" content=\"@cannabis_es\" \/>\n<meta name=\"twitter:site\" content=\"@cannabis_es\" \/>\n<meta name=\"twitter:label1\" content=\"Escrito por\" \/>\n\t<meta name=\"twitter:data1\" content=\"Cannabis.es\" \/>\n\t<meta name=\"twitter:label2\" content=\"Tiempo de lectura\" \/>\n\t<meta name=\"twitter:data2\" content=\"8 minutos\" \/>\n<script type=\"application\/ld+json\" class=\"yoast-schema-graph\">{\"@context\":\"https:\/\/schema.org\",\"@graph\":[{\"@type\":\"Article\",\"@id\":\"https:\/\/www.cannabis.es\/pw\/2019\/01\/30\/respuesta-a-la-campana-del-ayuntamiento-de-valencia\/#article\",\"isPartOf\":{\"@id\":\"https:\/\/www.cannabis.es\/pw\/2019\/01\/30\/respuesta-a-la-campana-del-ayuntamiento-de-valencia\/\"},\"author\":{\"name\":\"Cannabis.es\",\"@id\":\"https:\/\/www.cannabis.es\/pw\/#\/schema\/person\/e2fbd204580cf4fe74c79b82bc447374\"},\"headline\":\"Respuesta a la campa\u00f1a del Ayuntamiento de Valencia\",\"datePublished\":\"2019-01-30T15:27:14+00:00\",\"dateModified\":\"2020-09-04T11:13:49+00:00\",\"mainEntityOfPage\":{\"@id\":\"https:\/\/www.cannabis.es\/pw\/2019\/01\/30\/respuesta-a-la-campana-del-ayuntamiento-de-valencia\/\"},\"wordCount\":1683,\"publisher\":{\"@id\":\"https:\/\/www.cannabis.es\/pw\/#organization\"},\"image\":{\"@id\":\"https:\/\/www.cannabis.es\/pw\/2019\/01\/30\/respuesta-a-la-campana-del-ayuntamiento-de-valencia\/#primaryimage\"},\"thumbnailUrl\":\"https:\/\/www.cannabis.es\/pw\/wp-content\/uploads\/2020\/05\/replica.jpg\",\"keywords\":[\"cannabis\",\"debate\",\"marihuana\",\"salud\"],\"articleSection\":[\"Pol\u00edtica y Sociedad\"],\"inLanguage\":\"es\"},{\"@type\":\"WebPage\",\"@id\":\"https:\/\/www.cannabis.es\/pw\/2019\/01\/30\/respuesta-a-la-campana-del-ayuntamiento-de-valencia\/\",\"url\":\"https:\/\/www.cannabis.es\/pw\/2019\/01\/30\/respuesta-a-la-campana-del-ayuntamiento-de-valencia\/\",\"name\":\"Respuesta a la campa\u00f1a del Ayuntamiento de Valencia\",\"isPartOf\":{\"@id\":\"https:\/\/www.cannabis.es\/pw\/#website\"},\"primaryImageOfPage\":{\"@id\":\"https:\/\/www.cannabis.es\/pw\/2019\/01\/30\/respuesta-a-la-campana-del-ayuntamiento-de-valencia\/#primaryimage\"},\"image\":{\"@id\":\"https:\/\/www.cannabis.es\/pw\/2019\/01\/30\/respuesta-a-la-campana-del-ayuntamiento-de-valencia\/#primaryimage\"},\"thumbnailUrl\":\"https:\/\/www.cannabis.es\/pw\/wp-content\/uploads\/2020\/05\/replica.jpg\",\"datePublished\":\"2019-01-30T15:27:14+00:00\",\"dateModified\":\"2020-09-04T11:13:49+00:00\",\"description\":\"Entrada &#8226; Portal multimedia sobre cannabis y otras sustancias &#8226; 30 enero, 2019\",\"breadcrumb\":{\"@id\":\"https:\/\/www.cannabis.es\/pw\/2019\/01\/30\/respuesta-a-la-campana-del-ayuntamiento-de-valencia\/#breadcrumb\"},\"inLanguage\":\"es\",\"potentialAction\":[{\"@type\":\"ReadAction\",\"target\":[\"https:\/\/www.cannabis.es\/pw\/2019\/01\/30\/respuesta-a-la-campana-del-ayuntamiento-de-valencia\/\"]}]},{\"@type\":\"ImageObject\",\"inLanguage\":\"es\",\"@id\":\"https:\/\/www.cannabis.es\/pw\/2019\/01\/30\/respuesta-a-la-campana-del-ayuntamiento-de-valencia\/#primaryimage\",\"url\":\"https:\/\/www.cannabis.es\/pw\/wp-content\/uploads\/2020\/05\/replica.jpg\",\"contentUrl\":\"https:\/\/www.cannabis.es\/pw\/wp-content\/uploads\/2020\/05\/replica.jpg\",\"width\":959,\"height\":475},{\"@type\":\"BreadcrumbList\",\"@id\":\"https:\/\/www.cannabis.es\/pw\/2019\/01\/30\/respuesta-a-la-campana-del-ayuntamiento-de-valencia\/#breadcrumb\",\"itemListElement\":[{\"@type\":\"ListItem\",\"position\":1,\"name\":\"Portada\",\"item\":\"http:\/\/www.cannabis.es\/pw\/\"},{\"@type\":\"ListItem\",\"position\":2,\"name\":\"Respuesta a la campa\u00f1a del Ayuntamiento de Valencia\"}]},{\"@type\":\"WebSite\",\"@id\":\"https:\/\/www.cannabis.es\/pw\/#website\",\"url\":\"https:\/\/www.cannabis.es\/pw\/\",\"name\":\"Cannabis\",\"description\":\"Portal multimedia sobre cannabis y otras sustancias\",\"publisher\":{\"@id\":\"https:\/\/www.cannabis.es\/pw\/#organization\"},\"potentialAction\":[{\"@type\":\"SearchAction\",\"target\":{\"@type\":\"EntryPoint\",\"urlTemplate\":\"https:\/\/www.cannabis.es\/pw\/?s={search_term_string}\"},\"query-input\":{\"@type\":\"PropertyValueSpecification\",\"valueRequired\":true,\"valueName\":\"search_term_string\"}}],\"inLanguage\":\"es\"},{\"@type\":\"Organization\",\"@id\":\"https:\/\/www.cannabis.es\/pw\/#organization\",\"name\":\"Cannabis.es\",\"url\":\"https:\/\/www.cannabis.es\/pw\/\",\"logo\":{\"@type\":\"ImageObject\",\"inLanguage\":\"es\",\"@id\":\"https:\/\/www.cannabis.es\/pw\/#\/schema\/logo\/image\/\",\"url\":\"https:\/\/www.cannabis.es\/pw\/wp-content\/uploads\/2019\/04\/cropped-logo_cannabis.png\",\"contentUrl\":\"https:\/\/www.cannabis.es\/pw\/wp-content\/uploads\/2019\/04\/cropped-logo_cannabis.png\",\"width\":361,\"height\":120,\"caption\":\"Cannabis.es\"},\"image\":{\"@id\":\"https:\/\/www.cannabis.es\/pw\/#\/schema\/logo\/image\/\"},\"sameAs\":[\"https:\/\/x.com\/cannabis_es\"]},{\"@type\":\"Person\",\"@id\":\"https:\/\/www.cannabis.es\/pw\/#\/schema\/person\/e2fbd204580cf4fe74c79b82bc447374\",\"name\":\"Cannabis.es\",\"image\":{\"@type\":\"ImageObject\",\"inLanguage\":\"es\",\"@id\":\"https:\/\/www.cannabis.es\/pw\/#\/schema\/person\/image\/\",\"url\":\"https:\/\/secure.gravatar.com\/avatar\/4375b1eb6e272e2e48a4b8a8def52e5f208151f555bb5906da616906ee6dd2e8?s=96&d=mm&r=g\",\"contentUrl\":\"https:\/\/secure.gravatar.com\/avatar\/4375b1eb6e272e2e48a4b8a8def52e5f208151f555bb5906da616906ee6dd2e8?s=96&d=mm&r=g\",\"caption\":\"Cannabis.es\"},\"url\":\"https:\/\/www.cannabis.es\/pw\/author\/cannabis\/\"}]}<\/script>\n<!-- \/ Yoast SEO plugin. -->","yoast_head_json":{"title":"Respuesta a la campa\u00f1a del Ayuntamiento de Valencia","description":"Entrada &#8226; Portal multimedia sobre cannabis y otras sustancias &#8226; 30 enero, 2019","robots":{"index":"index","follow":"follow","max-snippet":"max-snippet:-1","max-image-preview":"max-image-preview:large","max-video-preview":"max-video-preview:-1"},"canonical":"https:\/\/www.cannabis.es\/pw\/2019\/01\/30\/respuesta-a-la-campana-del-ayuntamiento-de-valencia\/","twitter_card":"summary_large_image","twitter_title":"Respuesta a la campa\u00f1a del Ayuntamiento de Valencia","twitter_description":"Entrada &#8226; Portal multimedia sobre cannabis y otras sustancias &#8226; 30 enero, 2019","twitter_image":"https:\/\/www.cannabis.es\/pw\/wp-content\/uploads\/2020\/05\/replica.jpg","twitter_creator":"@cannabis_es","twitter_site":"@cannabis_es","twitter_misc":{"Escrito por":"Cannabis.es","Tiempo de lectura":"8 minutos"},"schema":{"@context":"https:\/\/schema.org","@graph":[{"@type":"Article","@id":"https:\/\/www.cannabis.es\/pw\/2019\/01\/30\/respuesta-a-la-campana-del-ayuntamiento-de-valencia\/#article","isPartOf":{"@id":"https:\/\/www.cannabis.es\/pw\/2019\/01\/30\/respuesta-a-la-campana-del-ayuntamiento-de-valencia\/"},"author":{"name":"Cannabis.es","@id":"https:\/\/www.cannabis.es\/pw\/#\/schema\/person\/e2fbd204580cf4fe74c79b82bc447374"},"headline":"Respuesta a la campa\u00f1a del Ayuntamiento de Valencia","datePublished":"2019-01-30T15:27:14+00:00","dateModified":"2020-09-04T11:13:49+00:00","mainEntityOfPage":{"@id":"https:\/\/www.cannabis.es\/pw\/2019\/01\/30\/respuesta-a-la-campana-del-ayuntamiento-de-valencia\/"},"wordCount":1683,"publisher":{"@id":"https:\/\/www.cannabis.es\/pw\/#organization"},"image":{"@id":"https:\/\/www.cannabis.es\/pw\/2019\/01\/30\/respuesta-a-la-campana-del-ayuntamiento-de-valencia\/#primaryimage"},"thumbnailUrl":"https:\/\/www.cannabis.es\/pw\/wp-content\/uploads\/2020\/05\/replica.jpg","keywords":["cannabis","debate","marihuana","salud"],"articleSection":["Pol\u00edtica y Sociedad"],"inLanguage":"es"},{"@type":"WebPage","@id":"https:\/\/www.cannabis.es\/pw\/2019\/01\/30\/respuesta-a-la-campana-del-ayuntamiento-de-valencia\/","url":"https:\/\/www.cannabis.es\/pw\/2019\/01\/30\/respuesta-a-la-campana-del-ayuntamiento-de-valencia\/","name":"Respuesta a la campa\u00f1a del Ayuntamiento de Valencia","isPartOf":{"@id":"https:\/\/www.cannabis.es\/pw\/#website"},"primaryImageOfPage":{"@id":"https:\/\/www.cannabis.es\/pw\/2019\/01\/30\/respuesta-a-la-campana-del-ayuntamiento-de-valencia\/#primaryimage"},"image":{"@id":"https:\/\/www.cannabis.es\/pw\/2019\/01\/30\/respuesta-a-la-campana-del-ayuntamiento-de-valencia\/#primaryimage"},"thumbnailUrl":"https:\/\/www.cannabis.es\/pw\/wp-content\/uploads\/2020\/05\/replica.jpg","datePublished":"2019-01-30T15:27:14+00:00","dateModified":"2020-09-04T11:13:49+00:00","description":"Entrada &#8226; Portal multimedia sobre cannabis y otras sustancias &#8226; 30 enero, 2019","breadcrumb":{"@id":"https:\/\/www.cannabis.es\/pw\/2019\/01\/30\/respuesta-a-la-campana-del-ayuntamiento-de-valencia\/#breadcrumb"},"inLanguage":"es","potentialAction":[{"@type":"ReadAction","target":["https:\/\/www.cannabis.es\/pw\/2019\/01\/30\/respuesta-a-la-campana-del-ayuntamiento-de-valencia\/"]}]},{"@type":"ImageObject","inLanguage":"es","@id":"https:\/\/www.cannabis.es\/pw\/2019\/01\/30\/respuesta-a-la-campana-del-ayuntamiento-de-valencia\/#primaryimage","url":"https:\/\/www.cannabis.es\/pw\/wp-content\/uploads\/2020\/05\/replica.jpg","contentUrl":"https:\/\/www.cannabis.es\/pw\/wp-content\/uploads\/2020\/05\/replica.jpg","width":959,"height":475},{"@type":"BreadcrumbList","@id":"https:\/\/www.cannabis.es\/pw\/2019\/01\/30\/respuesta-a-la-campana-del-ayuntamiento-de-valencia\/#breadcrumb","itemListElement":[{"@type":"ListItem","position":1,"name":"Portada","item":"http:\/\/www.cannabis.es\/pw\/"},{"@type":"ListItem","position":2,"name":"Respuesta a la campa\u00f1a del Ayuntamiento de Valencia"}]},{"@type":"WebSite","@id":"https:\/\/www.cannabis.es\/pw\/#website","url":"https:\/\/www.cannabis.es\/pw\/","name":"Cannabis","description":"Portal multimedia sobre cannabis y otras sustancias","publisher":{"@id":"https:\/\/www.cannabis.es\/pw\/#organization"},"potentialAction":[{"@type":"SearchAction","target":{"@type":"EntryPoint","urlTemplate":"https:\/\/www.cannabis.es\/pw\/?s={search_term_string}"},"query-input":{"@type":"PropertyValueSpecification","valueRequired":true,"valueName":"search_term_string"}}],"inLanguage":"es"},{"@type":"Organization","@id":"https:\/\/www.cannabis.es\/pw\/#organization","name":"Cannabis.es","url":"https:\/\/www.cannabis.es\/pw\/","logo":{"@type":"ImageObject","inLanguage":"es","@id":"https:\/\/www.cannabis.es\/pw\/#\/schema\/logo\/image\/","url":"https:\/\/www.cannabis.es\/pw\/wp-content\/uploads\/2019\/04\/cropped-logo_cannabis.png","contentUrl":"https:\/\/www.cannabis.es\/pw\/wp-content\/uploads\/2019\/04\/cropped-logo_cannabis.png","width":361,"height":120,"caption":"Cannabis.es"},"image":{"@id":"https:\/\/www.cannabis.es\/pw\/#\/schema\/logo\/image\/"},"sameAs":["https:\/\/x.com\/cannabis_es"]},{"@type":"Person","@id":"https:\/\/www.cannabis.es\/pw\/#\/schema\/person\/e2fbd204580cf4fe74c79b82bc447374","name":"Cannabis.es","image":{"@type":"ImageObject","inLanguage":"es","@id":"https:\/\/www.cannabis.es\/pw\/#\/schema\/person\/image\/","url":"https:\/\/secure.gravatar.com\/avatar\/4375b1eb6e272e2e48a4b8a8def52e5f208151f555bb5906da616906ee6dd2e8?s=96&d=mm&r=g","contentUrl":"https:\/\/secure.gravatar.com\/avatar\/4375b1eb6e272e2e48a4b8a8def52e5f208151f555bb5906da616906ee6dd2e8?s=96&d=mm&r=g","caption":"Cannabis.es"},"url":"https:\/\/www.cannabis.es\/pw\/author\/cannabis\/"}]}},"_links":{"self":[{"href":"https:\/\/www.cannabis.es\/pw\/wp-json\/wp\/v2\/posts\/2082","targetHints":{"allow":["GET"]}}],"collection":[{"href":"https:\/\/www.cannabis.es\/pw\/wp-json\/wp\/v2\/posts"}],"about":[{"href":"https:\/\/www.cannabis.es\/pw\/wp-json\/wp\/v2\/types\/post"}],"author":[{"embeddable":true,"href":"https:\/\/www.cannabis.es\/pw\/wp-json\/wp\/v2\/users\/1"}],"replies":[{"embeddable":true,"href":"https:\/\/www.cannabis.es\/pw\/wp-json\/wp\/v2\/comments?post=2082"}],"version-history":[{"count":3,"href":"https:\/\/www.cannabis.es\/pw\/wp-json\/wp\/v2\/posts\/2082\/revisions"}],"predecessor-version":[{"id":5998,"href":"https:\/\/www.cannabis.es\/pw\/wp-json\/wp\/v2\/posts\/2082\/revisions\/5998"}],"wp:featuredmedia":[{"embeddable":true,"href":"https:\/\/www.cannabis.es\/pw\/wp-json\/wp\/v2\/media\/2083"}],"wp:attachment":[{"href":"https:\/\/www.cannabis.es\/pw\/wp-json\/wp\/v2\/media?parent=2082"}],"wp:term":[{"taxonomy":"category","embeddable":true,"href":"https:\/\/www.cannabis.es\/pw\/wp-json\/wp\/v2\/categories?post=2082"},{"taxonomy":"post_tag","embeddable":true,"href":"https:\/\/www.cannabis.es\/pw\/wp-json\/wp\/v2\/tags?post=2082"}],"curies":[{"name":"wp","href":"https:\/\/api.w.org\/{rel}","templated":true}]}}