{"id":2085,"date":"2019-01-28T16:46:19","date_gmt":"2019-01-28T15:46:19","guid":{"rendered":"http:\/\/www.cannabis.es\/pw\/?p=2085"},"modified":"2020-09-04T13:13:57","modified_gmt":"2020-09-04T11:13:57","slug":"la-ayuda-perseguida-entrevista-a-javier-miravete-sobre-la-atencion-medicinal","status":"publish","type":"post","link":"https:\/\/www.cannabis.es\/pw\/2019\/01\/28\/la-ayuda-perseguida-entrevista-a-javier-miravete-sobre-la-atencion-medicinal\/","title":{"rendered":"La ayuda perseguida: entrevista a Javier Miravete sobre la atenci\u00f3n medicinal"},"content":{"rendered":"\n<p>Arnau Alcaide<\/p>\n\n\n\n<p>Un grupo de personas valientes que sufre&nbsp;de&nbsp;diferentes patolog\u00edas,&nbsp;as\u00ed se definen. Hace un par de a\u00f1os, decidieron&nbsp;salir del anonimato en el que viv\u00edan con la&nbsp;intenci\u00f3n&nbsp;de difundir los beneficios del cannabis medicinal y ayudar a quienes lo requieran.&nbsp;Lo&nbsp;cuenta en esta&nbsp;<strong>entrevista Javier Miravete, presidente de la asociaci\u00f3n Terap\u00e9uticas Hierbas Castell\u00f3&nbsp;<\/strong><strong>y Portavoz de la Federaci\u00f3n de Asociaciones Cann\u00e1bicas de Levante<\/strong>.<\/p>\n\n\n\n<hr class=\"wp-block-separator\"\/>\n\n\n\n<p>\u00abNosotros form\u00e1bamos parte de Castell\u00f3 Cannabis Club, para la que solo tenemos palabras de agradecimiento y a la cual continuamos perteneciendo todos. El problema es que, al seguir el C\u00f3digo de Buenas Pr\u00e1cticas de la Confederaci\u00f3n de Asociaciones Cannabicas CON-FAC,&nbsp;<strong>nos ve\u00edamos bastante limitados<\/strong>&nbsp;a la hora de dar charlas o informaci\u00f3n fuera de la asociaci\u00f3n, pues podr\u00eda considerarse apolog\u00eda o crear problemas con las fuerzas de seguridad,&nbsp;exponi\u00e9ndonos a una intervenci\u00f3n y&nbsp;a&nbsp;quedarnos sin nuestros&nbsp;tratamientos.&nbsp;As\u00ed que decidimos crear Terap\u00e9uticas Hierbas Castell\u00f3, con el acr\u00f3nimo de THCs\u00bb,&nbsp;razona Miravete.&nbsp;Al eliminar la dispensa, no existe el conflicto \u00e9tico de enriquecerse con lo recomendado.<\/p>\n\n\n\n<figure class=\"wp-block-image\"><img decoding=\"async\" src=\"https:\/\/www.cannabis.es\/web\/images\/podem1.jpg\" alt=\"\"\/><\/figure>\n\n\n\n<p>Dan&nbsp;<strong>charlas, talleres, informaci\u00f3n y asesoramiento<\/strong>&nbsp;en general, pero, \u201csobre todo\u201d&nbsp;hacen&nbsp;un gran trabajo en incidencia pol\u00edtica: \u201cuno de nuestros&nbsp;mayores logros ha sido ser uno de los principales promotores de la PNL&nbsp;presentada en la Comunidad Valenciana, junto a la colaboraci\u00f3n en la&nbsp;organizaci\u00f3n de las Jornadas del F\u00f2rum Cann\u00e0bic Valenci\u00e0 y siendo&nbsp;<strong>Consultores ECOSOC de Naciones Unidas en Derechos Humanos, discapacidad y calidad de vida<\/strong>\u201d,&nbsp;explica el presidente de THCs. \u201cAhora estamos preparando el proyecto para pedir financiaci\u00f3n y poder asistir a la CSW63 de la UNWOMEN de&nbsp;Naciones Unidas en New York\u201d,&nbsp;un importante congreso,&nbsp;\u201cdonde ya hemos sido invitados y acreditados\u201d.<\/p>\n\n\n\n<p>Entre sus funciones, analizan&nbsp;a trav\u00e9s de Fundaci\u00f3n Canna las muestras que traen&nbsp;sus socios. \u201cTenemos consulta m\u00e9dica especializada con el Dr. Mario Land, consulta psicol\u00f3gica de la reconocida activista&nbsp;cannabica y neuropsic\u00f3loga, Noem\u00ed S\u00e1nchez N\u00e0cher, as\u00ed como la asistencia jur\u00eddica del Gabinete Brotsanbert, todos ellos socios de&nbsp;honor por su colaboraci\u00f3n desde nuestra fundaci\u00f3n\u201d,&nbsp;un seguido de garant\u00edas que&nbsp;desarrolla Miravete.<\/p>\n\n\n\n<figure class=\"wp-block-image\"><img decoding=\"async\" src=\"https:\/\/www.cannabis.es\/web\/images\/podem2.jpg\" alt=\"\"\/><\/figure>\n\n\n\n<h3 class=\"wp-block-heading\"><strong>\u00bfC\u00d3MO ACTU\u00c1IS EN LA ASOCIACI\u00d3N CUANDO LLEGA UN DEMANDANTE?<\/strong><\/h3>\n\n\n\n<p>\u201cSiempre desde el punto de prevenci\u00f3n y reducci\u00f3n de da\u00f1os.&nbsp;Creemos que es lo m\u00e1s importante para el usuario. Cuando se recurre a una asociaci\u00f3n cann\u00e1bica, generalmente es por huir de los peligros del mercado il\u00edcito, adem\u00e1s de por obtener informaci\u00f3n ver\u00e1z y contrastada. Cuando llegan, en primer lugar le escuchamos.&nbsp;Nos hablan de su patolog\u00eda, nos aportan informes y medicaci\u00f3n prescrita que es valorada por el Dr Land.&nbsp;Una vez valorada la documentaci\u00f3n, se realiza la consulta donde se le detallan&nbsp;los pros y los posibles contras que pueda tener el tratamiento&nbsp;y&nbsp;se le informa de los estudios existentes sobre su enfermedad y el uso de cannabinoides.&nbsp;Finalmente,&nbsp;se informa de c\u00f3mo llevar el tratamiento y las asociaciones donde pueda realizar la dispensa\u201d.&nbsp;Todo, seg\u00fan el c\u00f3digo de buenas pr\u00e1cticas, garantiza el presidente.<\/p>\n\n\n\n<h3 class=\"wp-block-heading\"><strong>\u00bfCU\u00c1NTOS USUARIOS ESTIMAS QUE HAY EN ESPA\u00d1A?<\/strong><\/h3>\n\n\n\n<p>\u201cMedicinales unos 100.000 y recreativos unos 322.000, aunque esta cifra creo que no es muy acorde con la realidad, pues creo,&nbsp;por la realidad en la que me muevo,&nbsp;que hay mucho usuario que hace&nbsp;un uso espor\u00e1dico&nbsp;y&nbsp;no es tenido en cuenta, pues no se declara como consumidor. La primera cifra la da el Observatorio Espa\u00f1ol del Cannabis Medicinal, la segunda&nbsp;del Ministerio de Sanidad\u201d.<\/p>\n\n\n\n<h3 class=\"wp-block-heading\"><strong>\u00bfCON CU\u00c1NTOS TRAT\u00c1IS A LO LARGO DE UN A\u00d1O?<\/strong><\/h3>\n\n\n\n<p>\u201cEn Castell\u00f3 Cannabis Club actualmente somos 43 y en Terap\u00e9uticas Hierbas Castell\u00f3,&nbsp;22,&nbsp;pero en los cuatro a\u00f1os que llevo desempe\u00f1ando mi labor podr\u00e9 haber visto y acompa\u00f1ado en sus tratamientos a unos 200 usuarios medicinales\u201d.<\/p>\n\n\n\n<h3 class=\"wp-block-heading\"><strong>\u00bfC<\/strong><strong>\u00d3MO ENTEND\u00c9IS LAS CONQUISTAS DE DERECHOS DE LOS USUARIOS DE CANNABIS MEDICINAL?<\/strong><\/h3>\n\n\n\n<p>\u201cLas conquistas, desgraciadamente, son pocas.&nbsp;S\u00ed son muy importantes las absoluciones conseguidas en los tribunales por los usuarios que decidieron llevar hasta el final sus casos; gracias a ellos somos muchos los que hemos logrado m\u00e1s victorias.&nbsp;Personalmente, consegu\u00ed mi absoluci\u00f3n por mi autocultivo el pasado mes de diciembre\u201d.<\/p>\n\n\n\n<h3 class=\"wp-block-heading\"><strong>\u00bfQU\u00c9 PED\u00cdS?<\/strong><\/h3>\n\n\n\n<p>\u201cM\u00e1s investigaci\u00f3n, sobre todo en mujeres, ya que se ven muy discriminadas hasta en la ciencia.&nbsp;En Espa\u00f1a tenemos verdaderos genios en este campo.&nbsp;Queremos una regulaci\u00f3n integral del cannabis desde el prisma de la prevenci\u00f3n y reducci\u00f3n de da\u00f1os&nbsp;en la que&nbsp;se permita el autocultivo personal y colectivo, pues ha sido nuestra soluci\u00f3n. Que&nbsp;se&nbsp;deje de criminalizar y estigmatizar al usuario y que la verdad sobre esta planta salga a la luz.&nbsp;Evitar&nbsp;que el poder de las grandes empresas domine el mercado y sea&nbsp;caro o imposible acceder a un tratamiento digno, seguro y adecuado a nuestras patolog\u00edas\u201d.<\/p>\n\n\n\n<h3 class=\"wp-block-heading\"><strong>\u00bfA QU\u00c9 PROBLEMAS OS ENFRENT\u00c1IS?<\/strong><\/h3>\n\n\n\n<p>A muchos, pero intentar\u00e9 ser breve:&nbsp;a&nbsp;la&nbsp;<strong>c<\/strong><strong>\u00e1<\/strong><strong>rcel<\/strong>, a&nbsp;<strong>persecuci\u00f3n<\/strong>, a&nbsp;<strong>perder el carnet<\/strong>, acabar&nbsp;<strong>arruinados<\/strong>, a&nbsp;<strong>perder nuestros tratamientos<\/strong>, a la&nbsp;<strong>marginaci\u00f3n<\/strong>, el&nbsp;<strong>estigma&nbsp;<\/strong>que se agravan en el caso&nbsp;de ser mujer y madre, al&nbsp;<strong>mercado il\u00edcito<\/strong>, a&nbsp;<strong>estafadores<\/strong>. Incluso, aunque se regule,&nbsp;faltan&nbsp;unos largos 10 a\u00f1os hasta que haya un bater\u00eda de medicamentos espec\u00edficos para cada patolog\u00eda basados en la planta, puesto que sabemos que los cannabinoides sint\u00e9ticos no dan los mismos resultados y s\u00ed bastantes efectos secundarios.<\/p>\n\n\n\n<figure class=\"wp-block-image\"><img decoding=\"async\" src=\"https:\/\/www.cannabis.es\/web\/images\/podem3.jpg\" alt=\"\"\/><\/figure>\n\n\n\n<h3 class=\"wp-block-heading\"><strong>\u00bfQU\u00c9 CARACTER\u00cdSTICAS TEN\u00c9IS LOS USUARIOS MEDICINALES DENTRO DEL MOVIMIENTO CANN\u00c1NBICO?<\/strong><\/h3>\n\n\n\n<p>La m\u00e1s com\u00fan es que no nos ha&nbsp;funcionado&nbsp;la medicina convencional o que nos ha dado m\u00e1s<br>problemas&nbsp;de lo&nbsp;que nos ha ayudado. Casi todo son patolog\u00edas graves que producen mucho dolor y degradan la calidad de vida del paciente de un modo brutal.<\/p>\n\n\n\n<h3 class=\"wp-block-heading\"><strong>\u00bfQU\u00c9 RECEPCI\u00d3N TEN\u00c9IS EN LOS PARTIDOS POL\u00cdTICOS?<\/strong><\/h3>\n\n\n\n<p>La recepci\u00f3n es buena.&nbsp;En la Comunidad Valenciana, salvo el PP, que no hace ni el m\u00ednimo esfuerzo por escucharnos, el resto est\u00e1n bastante comprometidos. A nivel estatal, es otro cantar, nos escuchan,pero nos usan para atacarse.&nbsp;<strong>Mientras nosotros sufrimos la desesperaci\u00f3n<\/strong>&nbsp;y el miedo de acabar en la c\u00e1rcel,&nbsp;<strong>ellos negocian y juegan al \u00aby t<\/strong><strong>\u00fa<\/strong><strong>&nbsp;m<\/strong><strong>\u00e1<\/strong><strong>s\u00bb<\/strong>,&nbsp;a la vez que&nbsp;dejan pasar&nbsp;un&nbsp;tiempo que nosotros no tenemos.&nbsp;Dejan que se pierdan empleos, impuestos y que el mercado il\u00edcito crezca m\u00e1s y m\u00e1s para que tengamos que invertir m\u00e1s medios y dinero.&nbsp;<strong>Espero que Podemos cumpla&nbsp;<\/strong>su palabra&nbsp;y en el primer trimestre de 2019 presente su propuesta, a ver c\u00f3mo se posiciona el resto.<\/p>\n","protected":false},"excerpt":{"rendered":"<span class=\"span-reading-time rt-reading-time\" style=\"display: block;\"><span class=\"rt-label rt-prefix\">Tiempo de lectura:<\/span> <span class=\"rt-time\"> 4<\/span> <span class=\"rt-label rt-postfix\">minutos<\/span><\/span>Arnau Alcaide Un grupo de personas valientes que sufre&nbsp;de&nbsp;diferentes patolog\u00edas,&nbsp;as\u00ed se definen. Hace un par de a\u00f1os, decidieron&nbsp;salir del anonimato en el que viv\u00edan con la&nbsp;intenci\u00f3n&nbsp;de difundir los beneficios del cannabis medicinal y ayudar a quienes lo requieran.&nbsp;Lo&nbsp;cuenta en esta&nbsp;entrevista Javier Miravete, presidente de la asociaci\u00f3n Terap\u00e9uticas Hierbas Castell\u00f3&nbsp;y Portavoz de la Federaci\u00f3n de Asociaciones [&hellip;]","protected":false},"author":1,"featured_media":2086,"comment_status":"closed","ping_status":"closed","sticky":false,"template":"","format":"standard","meta":{"loftocean-featured-post":"","loftocean_post_format_gallery":"","loftocean_post_format_gallery_ids":"","loftocean_post_format_gallery_urls":"","loftocean_post_format_video_id":"","loftocean_post_format_video_url":"","loftocean_post_format_video_type":"","loftocean_post_format_video":"","loftocean_post_format_audio_type":"","loftocean_post_format_audio_url":"","loftocean_post_format_audio_id":"","loftocean_post_format_audio":"","loftocean_post_format_quote_text":"","loftocean_post_format_quote_byline":"","loftocean_post_format_link_text":"","loftocean_post_format_link_url":"","ceramag_post_header_style":"","ceramag_enable_background_video":"","ceramag_show_in_top_slider":"","ceramag_post_background_video_start":"","ceramag_post_background_video_end":"","loftocean_page_background_video_id":"","loftocean_page_background_video_url":"","loftocean_page_background_video_type":"","loftocean_page_background_video":"","ceramag_background_video_start":"","ceramag_background_video_end":"","ceramag_single_page_hide_header":"","footnotes":""},"categories":[33,36],"tags":[610,528,41,52,716,652,40,751,750],"class_list":["post-2085","post","type-post","status-publish","format-standard","has-post-thumbnail","hentry","category-entrevistas","category-medicinal","tag-asociacion","tag-asociacion-cannabica","tag-cannabis","tag-cannabis-medicinal","tag-entrevista","tag-federacion-de-asociaciones-cannabicas","tag-marihuana","tag-marihuana-terapeutica","tag-uso-terapeutico"],"yoast_head":"<!-- This site is optimized with the Yoast SEO plugin v24.9 - https:\/\/yoast.com\/wordpress\/plugins\/seo\/ -->\n<title>La ayuda perseguida: entrevista a Javier Miravete sobre la atenci\u00f3n medicinal<\/title>\n<meta name=\"description\" content=\"Entrada &#8226; Portal multimedia sobre cannabis y otras sustancias &#8226; 28 enero, 2019\" \/>\n<meta name=\"robots\" content=\"index, follow, max-snippet:-1, max-image-preview:large, max-video-preview:-1\" \/>\n<link rel=\"canonical\" href=\"https:\/\/www.cannabis.es\/pw\/2019\/01\/28\/la-ayuda-perseguida-entrevista-a-javier-miravete-sobre-la-atencion-medicinal\/\" \/>\n<meta name=\"twitter:card\" content=\"summary_large_image\" \/>\n<meta name=\"twitter:title\" content=\"La ayuda perseguida: entrevista a Javier Miravete sobre la atenci\u00f3n medicinal\" \/>\n<meta name=\"twitter:description\" content=\"Entrada &#8226; Portal multimedia sobre cannabis y otras sustancias &#8226; 28 enero, 2019\" \/>\n<meta name=\"twitter:image\" content=\"https:\/\/www.cannabis.es\/pw\/wp-content\/uploads\/2020\/05\/portadapodem.jpg\" \/>\n<meta name=\"twitter:creator\" content=\"@cannabis_es\" \/>\n<meta name=\"twitter:site\" content=\"@cannabis_es\" \/>\n<meta name=\"twitter:label1\" content=\"Escrito por\" \/>\n\t<meta name=\"twitter:data1\" content=\"Cannabis.es\" \/>\n\t<meta name=\"twitter:label2\" content=\"Tiempo de lectura\" \/>\n\t<meta name=\"twitter:data2\" content=\"6 minutos\" \/>\n<script type=\"application\/ld+json\" class=\"yoast-schema-graph\">{\"@context\":\"https:\/\/schema.org\",\"@graph\":[{\"@type\":\"Article\",\"@id\":\"https:\/\/www.cannabis.es\/pw\/2019\/01\/28\/la-ayuda-perseguida-entrevista-a-javier-miravete-sobre-la-atencion-medicinal\/#article\",\"isPartOf\":{\"@id\":\"https:\/\/www.cannabis.es\/pw\/2019\/01\/28\/la-ayuda-perseguida-entrevista-a-javier-miravete-sobre-la-atencion-medicinal\/\"},\"author\":{\"name\":\"Cannabis.es\",\"@id\":\"https:\/\/www.cannabis.es\/pw\/#\/schema\/person\/e2fbd204580cf4fe74c79b82bc447374\"},\"headline\":\"La ayuda perseguida: entrevista a Javier Miravete sobre la atenci\u00f3n medicinal\",\"datePublished\":\"2019-01-28T15:46:19+00:00\",\"dateModified\":\"2020-09-04T11:13:57+00:00\",\"mainEntityOfPage\":{\"@id\":\"https:\/\/www.cannabis.es\/pw\/2019\/01\/28\/la-ayuda-perseguida-entrevista-a-javier-miravete-sobre-la-atencion-medicinal\/\"},\"wordCount\":1255,\"publisher\":{\"@id\":\"https:\/\/www.cannabis.es\/pw\/#organization\"},\"image\":{\"@id\":\"https:\/\/www.cannabis.es\/pw\/2019\/01\/28\/la-ayuda-perseguida-entrevista-a-javier-miravete-sobre-la-atencion-medicinal\/#primaryimage\"},\"thumbnailUrl\":\"https:\/\/www.cannabis.es\/pw\/wp-content\/uploads\/2020\/05\/portadapodem.jpg\",\"keywords\":[\"asociaci\u00f3n\",\"asociaci\u00f3n cann\u00e1bica\",\"cannabis\",\"cannabis medicinal\",\"entrevista\",\"Federaci\u00f3n de Asociaciones Cann\u00e1bicas\",\"marihuana\",\"marihuana terap\u00e9utica\",\"uso terap\u00e9utico\"],\"articleSection\":[\"Entrevistas\",\"Medicinal\"],\"inLanguage\":\"es\"},{\"@type\":\"WebPage\",\"@id\":\"https:\/\/www.cannabis.es\/pw\/2019\/01\/28\/la-ayuda-perseguida-entrevista-a-javier-miravete-sobre-la-atencion-medicinal\/\",\"url\":\"https:\/\/www.cannabis.es\/pw\/2019\/01\/28\/la-ayuda-perseguida-entrevista-a-javier-miravete-sobre-la-atencion-medicinal\/\",\"name\":\"La ayuda perseguida: entrevista a Javier Miravete sobre la atenci\u00f3n medicinal\",\"isPartOf\":{\"@id\":\"https:\/\/www.cannabis.es\/pw\/#website\"},\"primaryImageOfPage\":{\"@id\":\"https:\/\/www.cannabis.es\/pw\/2019\/01\/28\/la-ayuda-perseguida-entrevista-a-javier-miravete-sobre-la-atencion-medicinal\/#primaryimage\"},\"image\":{\"@id\":\"https:\/\/www.cannabis.es\/pw\/2019\/01\/28\/la-ayuda-perseguida-entrevista-a-javier-miravete-sobre-la-atencion-medicinal\/#primaryimage\"},\"thumbnailUrl\":\"https:\/\/www.cannabis.es\/pw\/wp-content\/uploads\/2020\/05\/portadapodem.jpg\",\"datePublished\":\"2019-01-28T15:46:19+00:00\",\"dateModified\":\"2020-09-04T11:13:57+00:00\",\"description\":\"Entrada &#8226; Portal multimedia sobre cannabis y otras sustancias &#8226; 28 enero, 2019\",\"breadcrumb\":{\"@id\":\"https:\/\/www.cannabis.es\/pw\/2019\/01\/28\/la-ayuda-perseguida-entrevista-a-javier-miravete-sobre-la-atencion-medicinal\/#breadcrumb\"},\"inLanguage\":\"es\",\"potentialAction\":[{\"@type\":\"ReadAction\",\"target\":[\"https:\/\/www.cannabis.es\/pw\/2019\/01\/28\/la-ayuda-perseguida-entrevista-a-javier-miravete-sobre-la-atencion-medicinal\/\"]}]},{\"@type\":\"ImageObject\",\"inLanguage\":\"es\",\"@id\":\"https:\/\/www.cannabis.es\/pw\/2019\/01\/28\/la-ayuda-perseguida-entrevista-a-javier-miravete-sobre-la-atencion-medicinal\/#primaryimage\",\"url\":\"https:\/\/www.cannabis.es\/pw\/wp-content\/uploads\/2020\/05\/portadapodem.jpg\",\"contentUrl\":\"https:\/\/www.cannabis.es\/pw\/wp-content\/uploads\/2020\/05\/portadapodem.jpg\",\"width\":959,\"height\":475},{\"@type\":\"BreadcrumbList\",\"@id\":\"https:\/\/www.cannabis.es\/pw\/2019\/01\/28\/la-ayuda-perseguida-entrevista-a-javier-miravete-sobre-la-atencion-medicinal\/#breadcrumb\",\"itemListElement\":[{\"@type\":\"ListItem\",\"position\":1,\"name\":\"Portada\",\"item\":\"http:\/\/www.cannabis.es\/pw\/\"},{\"@type\":\"ListItem\",\"position\":2,\"name\":\"La ayuda perseguida: entrevista a Javier Miravete sobre la atenci\u00f3n medicinal\"}]},{\"@type\":\"WebSite\",\"@id\":\"https:\/\/www.cannabis.es\/pw\/#website\",\"url\":\"https:\/\/www.cannabis.es\/pw\/\",\"name\":\"Cannabis\",\"description\":\"Portal multimedia sobre cannabis y otras sustancias\",\"publisher\":{\"@id\":\"https:\/\/www.cannabis.es\/pw\/#organization\"},\"potentialAction\":[{\"@type\":\"SearchAction\",\"target\":{\"@type\":\"EntryPoint\",\"urlTemplate\":\"https:\/\/www.cannabis.es\/pw\/?s={search_term_string}\"},\"query-input\":{\"@type\":\"PropertyValueSpecification\",\"valueRequired\":true,\"valueName\":\"search_term_string\"}}],\"inLanguage\":\"es\"},{\"@type\":\"Organization\",\"@id\":\"https:\/\/www.cannabis.es\/pw\/#organization\",\"name\":\"Cannabis.es\",\"url\":\"https:\/\/www.cannabis.es\/pw\/\",\"logo\":{\"@type\":\"ImageObject\",\"inLanguage\":\"es\",\"@id\":\"https:\/\/www.cannabis.es\/pw\/#\/schema\/logo\/image\/\",\"url\":\"https:\/\/www.cannabis.es\/pw\/wp-content\/uploads\/2019\/04\/cropped-logo_cannabis.png\",\"contentUrl\":\"https:\/\/www.cannabis.es\/pw\/wp-content\/uploads\/2019\/04\/cropped-logo_cannabis.png\",\"width\":361,\"height\":120,\"caption\":\"Cannabis.es\"},\"image\":{\"@id\":\"https:\/\/www.cannabis.es\/pw\/#\/schema\/logo\/image\/\"},\"sameAs\":[\"https:\/\/x.com\/cannabis_es\"]},{\"@type\":\"Person\",\"@id\":\"https:\/\/www.cannabis.es\/pw\/#\/schema\/person\/e2fbd204580cf4fe74c79b82bc447374\",\"name\":\"Cannabis.es\",\"image\":{\"@type\":\"ImageObject\",\"inLanguage\":\"es\",\"@id\":\"https:\/\/www.cannabis.es\/pw\/#\/schema\/person\/image\/\",\"url\":\"https:\/\/secure.gravatar.com\/avatar\/4375b1eb6e272e2e48a4b8a8def52e5f208151f555bb5906da616906ee6dd2e8?s=96&d=mm&r=g\",\"contentUrl\":\"https:\/\/secure.gravatar.com\/avatar\/4375b1eb6e272e2e48a4b8a8def52e5f208151f555bb5906da616906ee6dd2e8?s=96&d=mm&r=g\",\"caption\":\"Cannabis.es\"},\"url\":\"https:\/\/www.cannabis.es\/pw\/author\/cannabis\/\"}]}<\/script>\n<!-- \/ Yoast SEO plugin. -->","yoast_head_json":{"title":"La ayuda perseguida: entrevista a Javier Miravete sobre la atenci\u00f3n medicinal","description":"Entrada &#8226; Portal multimedia sobre cannabis y otras sustancias &#8226; 28 enero, 2019","robots":{"index":"index","follow":"follow","max-snippet":"max-snippet:-1","max-image-preview":"max-image-preview:large","max-video-preview":"max-video-preview:-1"},"canonical":"https:\/\/www.cannabis.es\/pw\/2019\/01\/28\/la-ayuda-perseguida-entrevista-a-javier-miravete-sobre-la-atencion-medicinal\/","twitter_card":"summary_large_image","twitter_title":"La ayuda perseguida: entrevista a Javier Miravete sobre la atenci\u00f3n medicinal","twitter_description":"Entrada &#8226; Portal multimedia sobre cannabis y otras sustancias &#8226; 28 enero, 2019","twitter_image":"https:\/\/www.cannabis.es\/pw\/wp-content\/uploads\/2020\/05\/portadapodem.jpg","twitter_creator":"@cannabis_es","twitter_site":"@cannabis_es","twitter_misc":{"Escrito por":"Cannabis.es","Tiempo de lectura":"6 minutos"},"schema":{"@context":"https:\/\/schema.org","@graph":[{"@type":"Article","@id":"https:\/\/www.cannabis.es\/pw\/2019\/01\/28\/la-ayuda-perseguida-entrevista-a-javier-miravete-sobre-la-atencion-medicinal\/#article","isPartOf":{"@id":"https:\/\/www.cannabis.es\/pw\/2019\/01\/28\/la-ayuda-perseguida-entrevista-a-javier-miravete-sobre-la-atencion-medicinal\/"},"author":{"name":"Cannabis.es","@id":"https:\/\/www.cannabis.es\/pw\/#\/schema\/person\/e2fbd204580cf4fe74c79b82bc447374"},"headline":"La ayuda perseguida: entrevista a Javier Miravete sobre la atenci\u00f3n medicinal","datePublished":"2019-01-28T15:46:19+00:00","dateModified":"2020-09-04T11:13:57+00:00","mainEntityOfPage":{"@id":"https:\/\/www.cannabis.es\/pw\/2019\/01\/28\/la-ayuda-perseguida-entrevista-a-javier-miravete-sobre-la-atencion-medicinal\/"},"wordCount":1255,"publisher":{"@id":"https:\/\/www.cannabis.es\/pw\/#organization"},"image":{"@id":"https:\/\/www.cannabis.es\/pw\/2019\/01\/28\/la-ayuda-perseguida-entrevista-a-javier-miravete-sobre-la-atencion-medicinal\/#primaryimage"},"thumbnailUrl":"https:\/\/www.cannabis.es\/pw\/wp-content\/uploads\/2020\/05\/portadapodem.jpg","keywords":["asociaci\u00f3n","asociaci\u00f3n cann\u00e1bica","cannabis","cannabis medicinal","entrevista","Federaci\u00f3n de Asociaciones Cann\u00e1bicas","marihuana","marihuana terap\u00e9utica","uso terap\u00e9utico"],"articleSection":["Entrevistas","Medicinal"],"inLanguage":"es"},{"@type":"WebPage","@id":"https:\/\/www.cannabis.es\/pw\/2019\/01\/28\/la-ayuda-perseguida-entrevista-a-javier-miravete-sobre-la-atencion-medicinal\/","url":"https:\/\/www.cannabis.es\/pw\/2019\/01\/28\/la-ayuda-perseguida-entrevista-a-javier-miravete-sobre-la-atencion-medicinal\/","name":"La ayuda perseguida: entrevista a Javier Miravete sobre la atenci\u00f3n medicinal","isPartOf":{"@id":"https:\/\/www.cannabis.es\/pw\/#website"},"primaryImageOfPage":{"@id":"https:\/\/www.cannabis.es\/pw\/2019\/01\/28\/la-ayuda-perseguida-entrevista-a-javier-miravete-sobre-la-atencion-medicinal\/#primaryimage"},"image":{"@id":"https:\/\/www.cannabis.es\/pw\/2019\/01\/28\/la-ayuda-perseguida-entrevista-a-javier-miravete-sobre-la-atencion-medicinal\/#primaryimage"},"thumbnailUrl":"https:\/\/www.cannabis.es\/pw\/wp-content\/uploads\/2020\/05\/portadapodem.jpg","datePublished":"2019-01-28T15:46:19+00:00","dateModified":"2020-09-04T11:13:57+00:00","description":"Entrada &#8226; Portal multimedia sobre cannabis y otras sustancias &#8226; 28 enero, 2019","breadcrumb":{"@id":"https:\/\/www.cannabis.es\/pw\/2019\/01\/28\/la-ayuda-perseguida-entrevista-a-javier-miravete-sobre-la-atencion-medicinal\/#breadcrumb"},"inLanguage":"es","potentialAction":[{"@type":"ReadAction","target":["https:\/\/www.cannabis.es\/pw\/2019\/01\/28\/la-ayuda-perseguida-entrevista-a-javier-miravete-sobre-la-atencion-medicinal\/"]}]},{"@type":"ImageObject","inLanguage":"es","@id":"https:\/\/www.cannabis.es\/pw\/2019\/01\/28\/la-ayuda-perseguida-entrevista-a-javier-miravete-sobre-la-atencion-medicinal\/#primaryimage","url":"https:\/\/www.cannabis.es\/pw\/wp-content\/uploads\/2020\/05\/portadapodem.jpg","contentUrl":"https:\/\/www.cannabis.es\/pw\/wp-content\/uploads\/2020\/05\/portadapodem.jpg","width":959,"height":475},{"@type":"BreadcrumbList","@id":"https:\/\/www.cannabis.es\/pw\/2019\/01\/28\/la-ayuda-perseguida-entrevista-a-javier-miravete-sobre-la-atencion-medicinal\/#breadcrumb","itemListElement":[{"@type":"ListItem","position":1,"name":"Portada","item":"http:\/\/www.cannabis.es\/pw\/"},{"@type":"ListItem","position":2,"name":"La ayuda perseguida: entrevista a Javier Miravete sobre la atenci\u00f3n medicinal"}]},{"@type":"WebSite","@id":"https:\/\/www.cannabis.es\/pw\/#website","url":"https:\/\/www.cannabis.es\/pw\/","name":"Cannabis","description":"Portal multimedia sobre cannabis y otras sustancias","publisher":{"@id":"https:\/\/www.cannabis.es\/pw\/#organization"},"potentialAction":[{"@type":"SearchAction","target":{"@type":"EntryPoint","urlTemplate":"https:\/\/www.cannabis.es\/pw\/?s={search_term_string}"},"query-input":{"@type":"PropertyValueSpecification","valueRequired":true,"valueName":"search_term_string"}}],"inLanguage":"es"},{"@type":"Organization","@id":"https:\/\/www.cannabis.es\/pw\/#organization","name":"Cannabis.es","url":"https:\/\/www.cannabis.es\/pw\/","logo":{"@type":"ImageObject","inLanguage":"es","@id":"https:\/\/www.cannabis.es\/pw\/#\/schema\/logo\/image\/","url":"https:\/\/www.cannabis.es\/pw\/wp-content\/uploads\/2019\/04\/cropped-logo_cannabis.png","contentUrl":"https:\/\/www.cannabis.es\/pw\/wp-content\/uploads\/2019\/04\/cropped-logo_cannabis.png","width":361,"height":120,"caption":"Cannabis.es"},"image":{"@id":"https:\/\/www.cannabis.es\/pw\/#\/schema\/logo\/image\/"},"sameAs":["https:\/\/x.com\/cannabis_es"]},{"@type":"Person","@id":"https:\/\/www.cannabis.es\/pw\/#\/schema\/person\/e2fbd204580cf4fe74c79b82bc447374","name":"Cannabis.es","image":{"@type":"ImageObject","inLanguage":"es","@id":"https:\/\/www.cannabis.es\/pw\/#\/schema\/person\/image\/","url":"https:\/\/secure.gravatar.com\/avatar\/4375b1eb6e272e2e48a4b8a8def52e5f208151f555bb5906da616906ee6dd2e8?s=96&d=mm&r=g","contentUrl":"https:\/\/secure.gravatar.com\/avatar\/4375b1eb6e272e2e48a4b8a8def52e5f208151f555bb5906da616906ee6dd2e8?s=96&d=mm&r=g","caption":"Cannabis.es"},"url":"https:\/\/www.cannabis.es\/pw\/author\/cannabis\/"}]}},"_links":{"self":[{"href":"https:\/\/www.cannabis.es\/pw\/wp-json\/wp\/v2\/posts\/2085","targetHints":{"allow":["GET"]}}],"collection":[{"href":"https:\/\/www.cannabis.es\/pw\/wp-json\/wp\/v2\/posts"}],"about":[{"href":"https:\/\/www.cannabis.es\/pw\/wp-json\/wp\/v2\/types\/post"}],"author":[{"embeddable":true,"href":"https:\/\/www.cannabis.es\/pw\/wp-json\/wp\/v2\/users\/1"}],"replies":[{"embeddable":true,"href":"https:\/\/www.cannabis.es\/pw\/wp-json\/wp\/v2\/comments?post=2085"}],"version-history":[{"count":1,"href":"https:\/\/www.cannabis.es\/pw\/wp-json\/wp\/v2\/posts\/2085\/revisions"}],"predecessor-version":[{"id":2087,"href":"https:\/\/www.cannabis.es\/pw\/wp-json\/wp\/v2\/posts\/2085\/revisions\/2087"}],"wp:featuredmedia":[{"embeddable":true,"href":"https:\/\/www.cannabis.es\/pw\/wp-json\/wp\/v2\/media\/2086"}],"wp:attachment":[{"href":"https:\/\/www.cannabis.es\/pw\/wp-json\/wp\/v2\/media?parent=2085"}],"wp:term":[{"taxonomy":"category","embeddable":true,"href":"https:\/\/www.cannabis.es\/pw\/wp-json\/wp\/v2\/categories?post=2085"},{"taxonomy":"post_tag","embeddable":true,"href":"https:\/\/www.cannabis.es\/pw\/wp-json\/wp\/v2\/tags?post=2085"}],"curies":[{"name":"wp","href":"https:\/\/api.w.org\/{rel}","templated":true}]}}