{"id":2088,"date":"2019-01-25T16:49:23","date_gmt":"2019-01-25T15:49:23","guid":{"rendered":"http:\/\/www.cannabis.es\/pw\/?p=2088"},"modified":"2020-09-07T13:23:18","modified_gmt":"2020-09-07T11:23:18","slug":"otro-ano-otro-san-kanuto","status":"publish","type":"post","link":"https:\/\/www.cannabis.es\/pw\/2019\/01\/25\/otro-ano-otro-san-kanuto\/","title":{"rendered":"Otro a\u00f1o, otro San Kanuto"},"content":{"rendered":"\n<p>Ram\u00f3n Souto<\/p>\n\n\n\n<p>Otro a\u00f1o m\u00e1s retransmitimos el San Kanuto desde Santiago de Compostela, una peque\u00f1a ciudad en la cual se juntan sus habitantes para reivindicar sus derechos y luchar contra esta sociedad basada en la prohibici\u00f3n de las libertades.<\/p>\n\n\n\n<hr class=\"wp-block-separator\"\/>\n\n\n\n<p>Este a\u00f1o he decidido variar un poco el art\u00edculo, ya que el a\u00f1o pasado hablamos d<a href=\"http:\/\/www.cannabis.es\/pw\/2018\/02\/02\/un-ano-mas-paso-san-canuto\/\">el origen de San Kanuto y el porqu\u00e9 de su nombrel origen de San Kanuto y el porqu\u00e9 de su nombre<\/a>. Para no ser repetitivos, me voy a centrar en el movimiento de San Kanuto compostelano, sus comienzos y evoluci\u00f3n.<\/p>\n\n\n\n<figure class=\"wp-block-image\"><img decoding=\"async\" src=\"https:\/\/www.cannabis.es\/web\/images\/sancanuto1.jpg\" alt=\"\"\/><\/figure>\n\n\n\n<h3 class=\"wp-block-heading\"><strong>\u00bfC\u00f3mo empez\u00f3 la celebraci\u00f3n en Santiago de Compostela?<\/strong><\/h3>\n\n\n\n<p>Todo comenz\u00f3 en el a\u00f1o 1993 en una de las plazas m\u00e1s emblem\u00e1ticas de Santiago, a unos cuantos pasos de la catedral. Se juntaron la gente de la casa encantada y&nbsp;<strong>PACO<\/strong><strong>(Personas Antiprohibicionistas de Compostela)<\/strong>.<\/p>\n\n\n\n<p>El primer a\u00f1o que se celebr\u00f3 el San Kanuto fue sin preparativos previos. Digamos que surgi\u00f3 la idea y se ejecut\u00f3. Los miembros de ambas asociaciones se juntaron para reivindicar sus derechos en la Plaza de la Quintana (plaza de los muertos).<\/p>\n\n\n\n<p>Debido al gran alboroto provocado, no tardaron en llegar las fuerzas de seguridad. La polic\u00eda decidi\u00f3 actuar cargando hacia los manifestantes (empujando, golpeando, agrediendo\u2026) con el fin de desalojar dicha reconocida plaza. Por mucho que lo intentaban, los manifestantes no iban a rendirse f\u00e1cilmente. Al poco tiempo, la plaza volv\u00eda a estar llena de manifestantes (hoy en d\u00eda hacen mucha falta estas actitudes, siempre de forma pac\u00edfica).<\/p>\n\n\n\n<p>En los a\u00f1os siguientes se organiz\u00f3 de forma dispar por distintas organizaciones y lugares. En una ocasi\u00f3n, se realiz\u00f3 en el parque del campus sur, enfrente de la facultad de farmacia organizada por PACO. El grupo&nbsp;<em><strong>Fende na Laxe<\/strong><\/em>&nbsp;(\u00c1crata Aut\u00f3nomos), lo organiz\u00f3 previamente en el edificio viejo de los sindicatos, que a\u00f1os despu\u00e9s fue desalojado para construir edificios de lujo.<\/p>\n\n\n\n<p>Desde el a\u00f1o 2005 lo lleva organizando la Xuntanza Antiprohibicionista. Yo no lo recuerdo, debido a que a esa a esa edad a\u00fan empezaba mi andadura cann\u00e1bica. Hay mucho que agradecer a Lois y a todos los miembros de Xuntanza Antiprohibicionista, ya que si no fuera por ellos esto no ser\u00eda posible. Ya son 14 a\u00f1os organiz\u00e1ndolo ininterrumpidamente; deben estar orgullosos de lo que han logrado, porque no est\u00e1 al alcance de cualquiera.<\/p>\n\n\n\n<figure class=\"wp-block-image\"><img decoding=\"async\" src=\"https:\/\/www.cannabis.es\/web\/images\/sancanuto2.jpg\" alt=\"\"\/><\/figure>\n\n\n\n<h3 class=\"wp-block-heading\"><strong>\u00bfQu\u00e9 se hace en San Kanuto?<\/strong><\/h3>\n\n\n\n<p>Llegu\u00e9 a primera hora antes de que llegara la gente, as\u00ed que lo primero que hice fue tomarme un caf\u00e9 para empezar con energ\u00eda: la iba a necesitar. En cuanto lo acab\u00e9, me dirig\u00ed directamente \u201cA casa do peixe\u201d para comenzar a festejar nuestro d\u00eda.<\/p>\n\n\n\n<p>Cuando entre por la puerta a\u00fan estaban llegando los invitados, as\u00ed que decid\u00ed liarme uno y fumarlo tranquilo antes de las charlas. Aproximadamente, a las 13h subimos al piso superior para escucharlas:<\/p>\n\n\n\n<blockquote class=\"wp-block-quote is-layout-flow wp-block-quote-is-layout-flow\"><p><em><strong>Nacho Rivero (Durru) \u2013 Historia do Antiprohibicionismo Ib\u00e9rico<\/strong><\/em><\/p><p><em><strong>J<\/strong><\/em><em><strong>avier Puig (CONFAC) \u2013 Asociacionismo Cann\u00e1bico Hoxe<\/strong><\/em><\/p><\/blockquote>\n\n\n\n<p>Pudimos disfrutar de una charla amena y distendida. Los oyentes participaban y quer\u00edan contribuir en la exposici\u00f3n, aportando sus datos o puntos de vista. Fue muy interesante y abarcamos multitud de temas, como la despenalizaci\u00f3n del cannabis y dem\u00e1s drogas, los principios del cannabiscafe.net, la pol\u00edtica de drogas portuguesa&#8230;<\/p>\n\n\n\n<p>Al finalizar el coloquio, bajamos a la sesi\u00f3n verm\u00fa y a la comida popular: lentejas, empanadillas\u2026 All\u00ed amenizaban la fiesta a ritmo de&nbsp;<em>reggae<\/em>&nbsp;los compa\u00f1eros de&nbsp;<em><strong>M\u00e1isLume Kolective (Dub)<\/strong><\/em>. La gente bailaba y danzaba al son de la m\u00fasica, mientras una atm\u00f3sfera de buenos humos nos rodeaba.<\/p>\n\n\n\n<p>Alrededor de las 17.30 llegaron los compa\u00f1eros de&nbsp;<em><strong>Escola Prucup\u00e1 de Tr\u00f3pico de Grelos<\/strong><\/em>, una escuela de percusi\u00f3n afrobrasile\u00f1a. El grupo se involucra en propuestas culturales de gran inter\u00e9s. Si os interesa, uno de sus \u00faltimos proyectos fue la grabaci\u00f3n de un disco con los temas que han trabajado durante las clases. Los profesores se han ido formando por \u00c1merica (Brasil) y \u00c1frica (Senegal), obteniendo as\u00ed una gran mezcla que hizo vibrar a m\u00e1s de uno, servidor incluido.<\/p>\n\n\n\n<p>Este a\u00f1o, debido a las inclemencias meteorol\u00f3gicas, ha sido imposible salir a la calle para la manifestaci\u00f3n. No es algo raro en Compostela, donde ya decimos que&nbsp;<em>\u201cla lluvia es arte\u201d<\/em>. Realmente fue una pena, pero los miembros de Xuntanza Antiprohibicionista, para compensar dicho contratiempo, alargaron la fiesta unas horas m\u00e1s.<\/p>\n\n\n\n<p>Espero seguir retransmitiendo el San Kanuto de mi ciudad, aunque tambi\u00e9n me gustar\u00eda hacerlo en otras gallegas y dar a conocer al resto de Espa\u00f1a el movimiento cann\u00e1bico gallego. Tambi\u00e9n invitarles a venir y a formar parte de esta gran fiesta que es San Kanuto.<\/p>\n\n\n\n<figure class=\"wp-block-image\"><img decoding=\"async\" src=\"https:\/\/www.cannabis.es\/web\/images\/sancanuto3.jpg\" alt=\"\"\/><\/figure>\n\n\n\n<p>Antes de finalizar, dar las gracias a organizadores, participantes y asistentes por su papel imprescindible. Me despido hasta el pr\u00f3ximo art\u00edculo, os deseo los mejores humos y a seguir cultivando vuestras ideas.<\/p>\n\n\n\n<figure class=\"wp-block-image\"><img decoding=\"async\" src=\"https:\/\/www.cannabis.es\/web\/images\/sancanuto4.jpg\" alt=\"\"\/><\/figure>\n","protected":false},"excerpt":{"rendered":"<span class=\"span-reading-time rt-reading-time\" style=\"display: block;\"><span class=\"rt-label rt-prefix\">Tiempo de lectura:<\/span> <span class=\"rt-time\"> 3<\/span> <span class=\"rt-label rt-postfix\">minutos<\/span><\/span>Ram\u00f3n Souto Otro a\u00f1o m\u00e1s retransmitimos el San Kanuto desde Santiago de Compostela, una peque\u00f1a ciudad en la cual se juntan sus habitantes para reivindicar sus derechos y luchar contra esta sociedad basada en la prohibici\u00f3n de las libertades. Este a\u00f1o he decidido variar un poco el art\u00edculo, ya que el a\u00f1o pasado hablamos del [&hellip;]","protected":false},"author":1,"featured_media":2089,"comment_status":"closed","ping_status":"closed","sticky":false,"template":"","format":"standard","meta":{"loftocean-featured-post":"","loftocean_post_format_gallery":"","loftocean_post_format_gallery_ids":"","loftocean_post_format_gallery_urls":"","loftocean_post_format_video_id":"","loftocean_post_format_video_url":"","loftocean_post_format_video_type":"","loftocean_post_format_video":"","loftocean_post_format_audio_type":"","loftocean_post_format_audio_url":"","loftocean_post_format_audio_id":"","loftocean_post_format_audio":"","loftocean_post_format_quote_text":"","loftocean_post_format_quote_byline":"","loftocean_post_format_link_text":"","loftocean_post_format_link_url":"","ceramag_post_header_style":"","ceramag_enable_background_video":"","ceramag_show_in_top_slider":"","ceramag_post_background_video_start":"","ceramag_post_background_video_end":"","loftocean_page_background_video_id":"","loftocean_page_background_video_url":"","loftocean_page_background_video_type":"","loftocean_page_background_video":"","ceramag_background_video_start":"","ceramag_background_video_end":"","ceramag_single_page_hide_header":"","footnotes":""},"categories":[35],"tags":[490,41,40,68,752],"class_list":["post-2088","post","type-post","status-publish","format-standard","has-post-thumbnail","hentry","category-politica-y-sociedad","tag-activismo","tag-cannabis","tag-marihuana","tag-ramon-souto","tag-san-canuto"],"yoast_head":"<!-- This site is optimized with the Yoast SEO plugin v24.9 - https:\/\/yoast.com\/wordpress\/plugins\/seo\/ -->\n<title>Otro a\u00f1o, otro San Kanuto<\/title>\n<meta name=\"description\" content=\"Entrada &#8226; Portal multimedia sobre cannabis y otras sustancias &#8226; 25 enero, 2019\" \/>\n<meta name=\"robots\" content=\"index, follow, max-snippet:-1, max-image-preview:large, max-video-preview:-1\" \/>\n<link rel=\"canonical\" href=\"https:\/\/www.cannabis.es\/pw\/2019\/01\/25\/otro-ano-otro-san-kanuto\/\" \/>\n<meta name=\"twitter:card\" content=\"summary_large_image\" \/>\n<meta name=\"twitter:title\" content=\"Otro a\u00f1o, otro San Kanuto\" \/>\n<meta name=\"twitter:description\" content=\"Entrada &#8226; Portal multimedia sobre cannabis y otras sustancias &#8226; 25 enero, 2019\" \/>\n<meta name=\"twitter:image\" content=\"https:\/\/www.cannabis.es\/pw\/wp-content\/uploads\/2020\/05\/sancanuto.jpg\" \/>\n<meta name=\"twitter:creator\" content=\"@cannabis_es\" \/>\n<meta name=\"twitter:site\" content=\"@cannabis_es\" \/>\n<meta name=\"twitter:label1\" content=\"Escrito por\" \/>\n\t<meta name=\"twitter:data1\" content=\"Cannabis.es\" \/>\n\t<meta name=\"twitter:label2\" content=\"Tiempo de lectura\" \/>\n\t<meta name=\"twitter:data2\" content=\"4 minutos\" \/>\n<script type=\"application\/ld+json\" class=\"yoast-schema-graph\">{\"@context\":\"https:\/\/schema.org\",\"@graph\":[{\"@type\":\"Article\",\"@id\":\"https:\/\/www.cannabis.es\/pw\/2019\/01\/25\/otro-ano-otro-san-kanuto\/#article\",\"isPartOf\":{\"@id\":\"https:\/\/www.cannabis.es\/pw\/2019\/01\/25\/otro-ano-otro-san-kanuto\/\"},\"author\":{\"name\":\"Cannabis.es\",\"@id\":\"https:\/\/www.cannabis.es\/pw\/#\/schema\/person\/e2fbd204580cf4fe74c79b82bc447374\"},\"headline\":\"Otro a\u00f1o, otro San Kanuto\",\"datePublished\":\"2019-01-25T15:49:23+00:00\",\"dateModified\":\"2020-09-07T11:23:18+00:00\",\"mainEntityOfPage\":{\"@id\":\"https:\/\/www.cannabis.es\/pw\/2019\/01\/25\/otro-ano-otro-san-kanuto\/\"},\"wordCount\":856,\"publisher\":{\"@id\":\"https:\/\/www.cannabis.es\/pw\/#organization\"},\"image\":{\"@id\":\"https:\/\/www.cannabis.es\/pw\/2019\/01\/25\/otro-ano-otro-san-kanuto\/#primaryimage\"},\"thumbnailUrl\":\"https:\/\/www.cannabis.es\/pw\/wp-content\/uploads\/2020\/05\/sancanuto.jpg\",\"keywords\":[\"activismo\",\"cannabis\",\"marihuana\",\"Ram\u00f3n Souto\",\"san canuto\"],\"articleSection\":[\"Pol\u00edtica y Sociedad\"],\"inLanguage\":\"es\"},{\"@type\":\"WebPage\",\"@id\":\"https:\/\/www.cannabis.es\/pw\/2019\/01\/25\/otro-ano-otro-san-kanuto\/\",\"url\":\"https:\/\/www.cannabis.es\/pw\/2019\/01\/25\/otro-ano-otro-san-kanuto\/\",\"name\":\"Otro a\u00f1o, otro San Kanuto\",\"isPartOf\":{\"@id\":\"https:\/\/www.cannabis.es\/pw\/#website\"},\"primaryImageOfPage\":{\"@id\":\"https:\/\/www.cannabis.es\/pw\/2019\/01\/25\/otro-ano-otro-san-kanuto\/#primaryimage\"},\"image\":{\"@id\":\"https:\/\/www.cannabis.es\/pw\/2019\/01\/25\/otro-ano-otro-san-kanuto\/#primaryimage\"},\"thumbnailUrl\":\"https:\/\/www.cannabis.es\/pw\/wp-content\/uploads\/2020\/05\/sancanuto.jpg\",\"datePublished\":\"2019-01-25T15:49:23+00:00\",\"dateModified\":\"2020-09-07T11:23:18+00:00\",\"description\":\"Entrada &#8226; Portal multimedia sobre cannabis y otras sustancias &#8226; 25 enero, 2019\",\"breadcrumb\":{\"@id\":\"https:\/\/www.cannabis.es\/pw\/2019\/01\/25\/otro-ano-otro-san-kanuto\/#breadcrumb\"},\"inLanguage\":\"es\",\"potentialAction\":[{\"@type\":\"ReadAction\",\"target\":[\"https:\/\/www.cannabis.es\/pw\/2019\/01\/25\/otro-ano-otro-san-kanuto\/\"]}]},{\"@type\":\"ImageObject\",\"inLanguage\":\"es\",\"@id\":\"https:\/\/www.cannabis.es\/pw\/2019\/01\/25\/otro-ano-otro-san-kanuto\/#primaryimage\",\"url\":\"https:\/\/www.cannabis.es\/pw\/wp-content\/uploads\/2020\/05\/sancanuto.jpg\",\"contentUrl\":\"https:\/\/www.cannabis.es\/pw\/wp-content\/uploads\/2020\/05\/sancanuto.jpg\",\"width\":959,\"height\":475},{\"@type\":\"BreadcrumbList\",\"@id\":\"https:\/\/www.cannabis.es\/pw\/2019\/01\/25\/otro-ano-otro-san-kanuto\/#breadcrumb\",\"itemListElement\":[{\"@type\":\"ListItem\",\"position\":1,\"name\":\"Portada\",\"item\":\"http:\/\/www.cannabis.es\/pw\/\"},{\"@type\":\"ListItem\",\"position\":2,\"name\":\"Otro a\u00f1o, otro San Kanuto\"}]},{\"@type\":\"WebSite\",\"@id\":\"https:\/\/www.cannabis.es\/pw\/#website\",\"url\":\"https:\/\/www.cannabis.es\/pw\/\",\"name\":\"Cannabis\",\"description\":\"Portal multimedia sobre cannabis y otras sustancias\",\"publisher\":{\"@id\":\"https:\/\/www.cannabis.es\/pw\/#organization\"},\"potentialAction\":[{\"@type\":\"SearchAction\",\"target\":{\"@type\":\"EntryPoint\",\"urlTemplate\":\"https:\/\/www.cannabis.es\/pw\/?s={search_term_string}\"},\"query-input\":{\"@type\":\"PropertyValueSpecification\",\"valueRequired\":true,\"valueName\":\"search_term_string\"}}],\"inLanguage\":\"es\"},{\"@type\":\"Organization\",\"@id\":\"https:\/\/www.cannabis.es\/pw\/#organization\",\"name\":\"Cannabis.es\",\"url\":\"https:\/\/www.cannabis.es\/pw\/\",\"logo\":{\"@type\":\"ImageObject\",\"inLanguage\":\"es\",\"@id\":\"https:\/\/www.cannabis.es\/pw\/#\/schema\/logo\/image\/\",\"url\":\"https:\/\/www.cannabis.es\/pw\/wp-content\/uploads\/2019\/04\/cropped-logo_cannabis.png\",\"contentUrl\":\"https:\/\/www.cannabis.es\/pw\/wp-content\/uploads\/2019\/04\/cropped-logo_cannabis.png\",\"width\":361,\"height\":120,\"caption\":\"Cannabis.es\"},\"image\":{\"@id\":\"https:\/\/www.cannabis.es\/pw\/#\/schema\/logo\/image\/\"},\"sameAs\":[\"https:\/\/x.com\/cannabis_es\"]},{\"@type\":\"Person\",\"@id\":\"https:\/\/www.cannabis.es\/pw\/#\/schema\/person\/e2fbd204580cf4fe74c79b82bc447374\",\"name\":\"Cannabis.es\",\"image\":{\"@type\":\"ImageObject\",\"inLanguage\":\"es\",\"@id\":\"https:\/\/www.cannabis.es\/pw\/#\/schema\/person\/image\/\",\"url\":\"https:\/\/secure.gravatar.com\/avatar\/4375b1eb6e272e2e48a4b8a8def52e5f208151f555bb5906da616906ee6dd2e8?s=96&d=mm&r=g\",\"contentUrl\":\"https:\/\/secure.gravatar.com\/avatar\/4375b1eb6e272e2e48a4b8a8def52e5f208151f555bb5906da616906ee6dd2e8?s=96&d=mm&r=g\",\"caption\":\"Cannabis.es\"},\"url\":\"https:\/\/www.cannabis.es\/pw\/author\/cannabis\/\"}]}<\/script>\n<!-- \/ Yoast SEO plugin. -->","yoast_head_json":{"title":"Otro a\u00f1o, otro San Kanuto","description":"Entrada &#8226; Portal multimedia sobre cannabis y otras sustancias &#8226; 25 enero, 2019","robots":{"index":"index","follow":"follow","max-snippet":"max-snippet:-1","max-image-preview":"max-image-preview:large","max-video-preview":"max-video-preview:-1"},"canonical":"https:\/\/www.cannabis.es\/pw\/2019\/01\/25\/otro-ano-otro-san-kanuto\/","twitter_card":"summary_large_image","twitter_title":"Otro a\u00f1o, otro San Kanuto","twitter_description":"Entrada &#8226; Portal multimedia sobre cannabis y otras sustancias &#8226; 25 enero, 2019","twitter_image":"https:\/\/www.cannabis.es\/pw\/wp-content\/uploads\/2020\/05\/sancanuto.jpg","twitter_creator":"@cannabis_es","twitter_site":"@cannabis_es","twitter_misc":{"Escrito por":"Cannabis.es","Tiempo de lectura":"4 minutos"},"schema":{"@context":"https:\/\/schema.org","@graph":[{"@type":"Article","@id":"https:\/\/www.cannabis.es\/pw\/2019\/01\/25\/otro-ano-otro-san-kanuto\/#article","isPartOf":{"@id":"https:\/\/www.cannabis.es\/pw\/2019\/01\/25\/otro-ano-otro-san-kanuto\/"},"author":{"name":"Cannabis.es","@id":"https:\/\/www.cannabis.es\/pw\/#\/schema\/person\/e2fbd204580cf4fe74c79b82bc447374"},"headline":"Otro a\u00f1o, otro San Kanuto","datePublished":"2019-01-25T15:49:23+00:00","dateModified":"2020-09-07T11:23:18+00:00","mainEntityOfPage":{"@id":"https:\/\/www.cannabis.es\/pw\/2019\/01\/25\/otro-ano-otro-san-kanuto\/"},"wordCount":856,"publisher":{"@id":"https:\/\/www.cannabis.es\/pw\/#organization"},"image":{"@id":"https:\/\/www.cannabis.es\/pw\/2019\/01\/25\/otro-ano-otro-san-kanuto\/#primaryimage"},"thumbnailUrl":"https:\/\/www.cannabis.es\/pw\/wp-content\/uploads\/2020\/05\/sancanuto.jpg","keywords":["activismo","cannabis","marihuana","Ram\u00f3n Souto","san canuto"],"articleSection":["Pol\u00edtica y Sociedad"],"inLanguage":"es"},{"@type":"WebPage","@id":"https:\/\/www.cannabis.es\/pw\/2019\/01\/25\/otro-ano-otro-san-kanuto\/","url":"https:\/\/www.cannabis.es\/pw\/2019\/01\/25\/otro-ano-otro-san-kanuto\/","name":"Otro a\u00f1o, otro San Kanuto","isPartOf":{"@id":"https:\/\/www.cannabis.es\/pw\/#website"},"primaryImageOfPage":{"@id":"https:\/\/www.cannabis.es\/pw\/2019\/01\/25\/otro-ano-otro-san-kanuto\/#primaryimage"},"image":{"@id":"https:\/\/www.cannabis.es\/pw\/2019\/01\/25\/otro-ano-otro-san-kanuto\/#primaryimage"},"thumbnailUrl":"https:\/\/www.cannabis.es\/pw\/wp-content\/uploads\/2020\/05\/sancanuto.jpg","datePublished":"2019-01-25T15:49:23+00:00","dateModified":"2020-09-07T11:23:18+00:00","description":"Entrada &#8226; Portal multimedia sobre cannabis y otras sustancias &#8226; 25 enero, 2019","breadcrumb":{"@id":"https:\/\/www.cannabis.es\/pw\/2019\/01\/25\/otro-ano-otro-san-kanuto\/#breadcrumb"},"inLanguage":"es","potentialAction":[{"@type":"ReadAction","target":["https:\/\/www.cannabis.es\/pw\/2019\/01\/25\/otro-ano-otro-san-kanuto\/"]}]},{"@type":"ImageObject","inLanguage":"es","@id":"https:\/\/www.cannabis.es\/pw\/2019\/01\/25\/otro-ano-otro-san-kanuto\/#primaryimage","url":"https:\/\/www.cannabis.es\/pw\/wp-content\/uploads\/2020\/05\/sancanuto.jpg","contentUrl":"https:\/\/www.cannabis.es\/pw\/wp-content\/uploads\/2020\/05\/sancanuto.jpg","width":959,"height":475},{"@type":"BreadcrumbList","@id":"https:\/\/www.cannabis.es\/pw\/2019\/01\/25\/otro-ano-otro-san-kanuto\/#breadcrumb","itemListElement":[{"@type":"ListItem","position":1,"name":"Portada","item":"http:\/\/www.cannabis.es\/pw\/"},{"@type":"ListItem","position":2,"name":"Otro a\u00f1o, otro San Kanuto"}]},{"@type":"WebSite","@id":"https:\/\/www.cannabis.es\/pw\/#website","url":"https:\/\/www.cannabis.es\/pw\/","name":"Cannabis","description":"Portal multimedia sobre cannabis y otras sustancias","publisher":{"@id":"https:\/\/www.cannabis.es\/pw\/#organization"},"potentialAction":[{"@type":"SearchAction","target":{"@type":"EntryPoint","urlTemplate":"https:\/\/www.cannabis.es\/pw\/?s={search_term_string}"},"query-input":{"@type":"PropertyValueSpecification","valueRequired":true,"valueName":"search_term_string"}}],"inLanguage":"es"},{"@type":"Organization","@id":"https:\/\/www.cannabis.es\/pw\/#organization","name":"Cannabis.es","url":"https:\/\/www.cannabis.es\/pw\/","logo":{"@type":"ImageObject","inLanguage":"es","@id":"https:\/\/www.cannabis.es\/pw\/#\/schema\/logo\/image\/","url":"https:\/\/www.cannabis.es\/pw\/wp-content\/uploads\/2019\/04\/cropped-logo_cannabis.png","contentUrl":"https:\/\/www.cannabis.es\/pw\/wp-content\/uploads\/2019\/04\/cropped-logo_cannabis.png","width":361,"height":120,"caption":"Cannabis.es"},"image":{"@id":"https:\/\/www.cannabis.es\/pw\/#\/schema\/logo\/image\/"},"sameAs":["https:\/\/x.com\/cannabis_es"]},{"@type":"Person","@id":"https:\/\/www.cannabis.es\/pw\/#\/schema\/person\/e2fbd204580cf4fe74c79b82bc447374","name":"Cannabis.es","image":{"@type":"ImageObject","inLanguage":"es","@id":"https:\/\/www.cannabis.es\/pw\/#\/schema\/person\/image\/","url":"https:\/\/secure.gravatar.com\/avatar\/4375b1eb6e272e2e48a4b8a8def52e5f208151f555bb5906da616906ee6dd2e8?s=96&d=mm&r=g","contentUrl":"https:\/\/secure.gravatar.com\/avatar\/4375b1eb6e272e2e48a4b8a8def52e5f208151f555bb5906da616906ee6dd2e8?s=96&d=mm&r=g","caption":"Cannabis.es"},"url":"https:\/\/www.cannabis.es\/pw\/author\/cannabis\/"}]}},"_links":{"self":[{"href":"https:\/\/www.cannabis.es\/pw\/wp-json\/wp\/v2\/posts\/2088","targetHints":{"allow":["GET"]}}],"collection":[{"href":"https:\/\/www.cannabis.es\/pw\/wp-json\/wp\/v2\/posts"}],"about":[{"href":"https:\/\/www.cannabis.es\/pw\/wp-json\/wp\/v2\/types\/post"}],"author":[{"embeddable":true,"href":"https:\/\/www.cannabis.es\/pw\/wp-json\/wp\/v2\/users\/1"}],"replies":[{"embeddable":true,"href":"https:\/\/www.cannabis.es\/pw\/wp-json\/wp\/v2\/comments?post=2088"}],"version-history":[{"count":2,"href":"https:\/\/www.cannabis.es\/pw\/wp-json\/wp\/v2\/posts\/2088\/revisions"}],"predecessor-version":[{"id":4826,"href":"https:\/\/www.cannabis.es\/pw\/wp-json\/wp\/v2\/posts\/2088\/revisions\/4826"}],"wp:featuredmedia":[{"embeddable":true,"href":"https:\/\/www.cannabis.es\/pw\/wp-json\/wp\/v2\/media\/2089"}],"wp:attachment":[{"href":"https:\/\/www.cannabis.es\/pw\/wp-json\/wp\/v2\/media?parent=2088"}],"wp:term":[{"taxonomy":"category","embeddable":true,"href":"https:\/\/www.cannabis.es\/pw\/wp-json\/wp\/v2\/categories?post=2088"},{"taxonomy":"post_tag","embeddable":true,"href":"https:\/\/www.cannabis.es\/pw\/wp-json\/wp\/v2\/tags?post=2088"}],"curies":[{"name":"wp","href":"https:\/\/api.w.org\/{rel}","templated":true}]}}