{"id":2157,"date":"2018-12-21T11:30:04","date_gmt":"2018-12-21T10:30:04","guid":{"rendered":"http:\/\/www.cannabis.es\/pw\/?p=2157"},"modified":"2020-09-04T13:15:47","modified_gmt":"2020-09-04T11:15:47","slug":"luxemburgo-ultima-detalles-para-la-legalizacion","status":"publish","type":"post","link":"https:\/\/www.cannabis.es\/pw\/2018\/12\/21\/luxemburgo-ultima-detalles-para-la-legalizacion\/","title":{"rendered":"Luxemburgo ultima detalles para la legalizaci\u00f3n"},"content":{"rendered":"\n<p>Benito D\u00edaz<\/p>\n\n\n\n<p>Luxemburgo es el \u00faltimo pa\u00eds europeo en sumarse al interra\u00edl de la Legalizaci\u00f3n. Marihuana medicinal y recreativa ser\u00e1n libres en el Gran Ducado y estamos ah\u00ed para contarlo.<\/p>\n\n\n\n<hr class=\"wp-block-separator\"\/>\n\n\n\n<p>El pasado 5 de diciembre tom\u00f3 posesi\u00f3n de su cargo el Primer Ministro de Luxemburgo, Xavier Bettel. En este segundo mandato, conseguido tras una estrecha victoria por parte de su coalici\u00f3n en las pasadas elecciones parlamentarias de octubre, el premier luxemburgu\u00e9s planea una serie de medidas que incluyen cambios en la&nbsp;<strong>legislaci\u00f3n medioambiental<\/strong>, mayor inversi\u00f3n en&nbsp;<strong>servicios p\u00fablicos<\/strong>&nbsp;y la&nbsp;<strong>legalizaci\u00f3n del&nbsp;<\/strong><strong>c<\/strong><strong>annabis recreativo<\/strong>.<\/p>\n\n\n\n<p>El acuerdo tripartito entre el Partido Democr\u00e1tico de Bettel, El Partido Socialista Obrero y Los Verdes, elaborar\u00e1&nbsp;<em>\u201cuna legislaci\u00f3n sobre el cannabis recreativo para su uso en adultos\u201d<\/em><em>.<\/em>&nbsp;Sin embargo, el documento no establece ning\u00fan avance en cuesti\u00f3n de fechas o calendarios.&nbsp;<em>\u201cLuxemburgo busca despenalizar, incluso legalizar bajo unas condiciones a definir, la producci\u00f3n en el territorio nacional, as\u00ed como la compra, posesi\u00f3n o consumo de cannabis recreativo para las necesidades personales de los residentes mayores de edad\u201d<\/em><em>,&nbsp;<\/em>afirman desde el ejecutivo.<\/p>\n\n\n\n<p><em>\u201c<\/em><em>Los ingresos provenientes del cannabis se invertir\u00e1n prioritariamente en la prevenci\u00f3n, sensibilizaci\u00f3n y atenci\u00f3n en el vasto campo de las adicciones\u201d<\/em><em>,<\/em>&nbsp;aclar\u00f3 Bettel tras el acuerdo de Legislatura 2018-2023. Con estos cambios, se pretende introducir una visi\u00f3n m\u00e1s ben\u00e9vola en el electorado, adem\u00e1s de adecuar la sensibilidad del p\u00fablico acerca de la industria del cannabis, haci\u00e9ndola m\u00e1s atractiva y participativa de la sociedad.<\/p>\n\n\n\n<p>Seg\u00fan&nbsp;<a href=\"https:\/\/www.tns-ilres.com\/news\/questions-du-mois\/l%C3%A9galisation-totale-de-la-consommation-de-cannabis\/\">encuestas de Mayo<\/a>&nbsp;de 2018, la mayor\u00eda de los de ciudadanos mayores de edad, 56%, votaron a favor de la legalizaci\u00f3n&nbsp;total de la marihuana.&nbsp;Otro 41% se mostraron en contra en la misma encuesta. Dentro de los ciudadanos del&nbsp;Ducado que apoyan el&nbsp;cannabis, el 18% requiere su legalidad absoluta mientras que un 38% pedir\u00eda que se incorporasen varias condiciones.<\/p>\n\n\n\n<h3 class=\"wp-block-heading\"><strong>Antecedentes<\/strong><\/h3>\n\n\n\n<p>En Abril de 2001,&nbsp;<a href=\"http:\/\/legilux.public.lu\/eli\/etat\/leg\/memorial\/2001\/61#page=2\">las leyes de Luxemburgo<\/a>&nbsp;se cambiaron para&nbsp;modificar&nbsp;el estatus de la&nbsp;marihuana, pasando de ser una sustancia controlada de tipo B a estar descriminalizada su posesi\u00f3n en adultos. Sin embargo, las sanciones est\u00e1n sujetas a la cantidad de&nbsp;hierba&nbsp;que se localice,&nbsp;que puede&nbsp;ser causa de multas de 250 a 2500 euros. No est\u00e1 mal, teniendo en cuenta que antes la sanci\u00f3n pod\u00eda conducir a penas de c\u00e1rcel.<\/p>\n\n\n\n<p>Trat\u00e1ndose de un pa\u00eds tan peque\u00f1o, donde la mayor parte de la poblaci\u00f3n se despierta cada d\u00eda para ir a trabajar a un pa\u00eds vecino, no es de extra\u00f1ar que las pol\u00edticas sobre la marihuana en las cercan\u00edas internacionales haya influido en las condiciones por las que las flores llegan hasta las calles de Luxemburgo. La gran mayor\u00eda del cannabis que puede encontrarse proviene del contrabando con Maastricht o \u00c1msterdam.<\/p>\n\n\n\n<blockquote class=\"wp-block-quote is-layout-flow wp-block-quote-is-layout-flow\"><p>El autocultivo en Luxemburgo est\u00e1 permitido, siempre que se cultiven variedades con menos del 0,3% de THC, una concentraci\u00f3n muy baja<\/p><\/blockquote>\n\n\n\n<h3 class=\"wp-block-heading\"><strong>Cannabis terap\u00e9utico<\/strong><\/h3>\n\n\n\n<p>Durante noviembre de 2017, el Ministerio de Salud dio luz verde a un proyecto de dos a\u00f1os que permit\u00eda a los residentes acceder a cannabis terap\u00e9utico, entendiendo este como compuestos derivados de la planta. Por ejemplo, medicamentos ricos en cannabinoides.<\/p>\n\n\n\n<p>Contemplado como un cambio muy restrictivo para algunos activistas, el cannabis medicinal fue aprobado para el uso de personas que sufren dolor cr\u00f3nico, alzh\u00e9imer, na\u00faseas relacionadas con la quimioterapia o espasmos musculares relacionados con la esclerosis m\u00faltiple. De forma paralela<strong>, se reconoce oficialmente la efectividad<\/strong>&nbsp;de esta terapia contra las enfermedades antes mencionadas por una lista cada vez m\u00e1s extensa de pa\u00edses europeos.<\/p>\n\n\n\n<p>El borrador inicial de la ley especificaba que solo especialistas en las citadas enfermedades podr\u00edan recetar estos tratamientos. Sin embargo, en versiones posteriores se han podido dar licitud a m\u00e9dicos generales que tengan una preparaci\u00f3n anterior en los casos relacionados.<\/p>\n\n\n\n<p>El cannabis en forma de&nbsp;<strong>aceites<\/strong>&nbsp;o c\u00e1psulas ha sido importado desde entonces, de forma estatal, desde Canad\u00e1. Su distribuci\u00f3n se hace solo en cuatro farmacias hospitalarias, trat\u00e1ndose \u00e9ste del punto m\u00e1s&nbsp;<strong>pol\u00e9mico para el activismo cann\u00e1bico<\/strong>, pues impedir\u00eda que ciudadanos de zonas rurales pudieran acceder a su medicaci\u00f3n.<\/p>\n","protected":false},"excerpt":{"rendered":"<span class=\"span-reading-time rt-reading-time\" style=\"display: block;\"><span class=\"rt-label rt-prefix\">Tiempo de lectura:<\/span> <span class=\"rt-time\"> 3<\/span> <span class=\"rt-label rt-postfix\">minutos<\/span><\/span>Benito D\u00edaz Luxemburgo es el \u00faltimo pa\u00eds europeo en sumarse al interra\u00edl de la Legalizaci\u00f3n. Marihuana medicinal y recreativa ser\u00e1n libres en el Gran Ducado y estamos ah\u00ed para contarlo. El pasado 5 de diciembre tom\u00f3 posesi\u00f3n de su cargo el Primer Ministro de Luxemburgo, Xavier Bettel. En este segundo mandato, conseguido tras una estrecha [&hellip;]","protected":false},"author":1,"featured_media":2158,"comment_status":"closed","ping_status":"closed","sticky":false,"template":"","format":"standard","meta":{"loftocean-featured-post":"","loftocean_post_format_gallery":"","loftocean_post_format_gallery_ids":"","loftocean_post_format_gallery_urls":"","loftocean_post_format_video_id":"","loftocean_post_format_video_url":"","loftocean_post_format_video_type":"","loftocean_post_format_video":"","loftocean_post_format_audio_type":"","loftocean_post_format_audio_url":"","loftocean_post_format_audio_id":"","loftocean_post_format_audio":"","loftocean_post_format_quote_text":"","loftocean_post_format_quote_byline":"","loftocean_post_format_link_text":"","loftocean_post_format_link_url":"","ceramag_post_header_style":"","ceramag_enable_background_video":"","ceramag_show_in_top_slider":"","ceramag_post_background_video_start":"","ceramag_post_background_video_end":"","loftocean_page_background_video_id":"","loftocean_page_background_video_url":"","loftocean_page_background_video_type":"","loftocean_page_background_video":"","ceramag_background_video_start":"","ceramag_background_video_end":"","ceramag_single_page_hide_header":"","footnotes":""},"categories":[35],"tags":[41,54,40,55,56,537],"class_list":["post-2157","post","type-post","status-publish","format-standard","has-post-thumbnail","hentry","category-politica-y-sociedad","tag-cannabis","tag-legalizacion","tag-marihuana","tag-regulacion","tag-regulacion-cannabis","tag-regulacion-integral-del-cannabis"],"yoast_head":"<!-- This site is optimized with the Yoast SEO plugin v24.9 - https:\/\/yoast.com\/wordpress\/plugins\/seo\/ -->\n<title>Luxemburgo ultima detalles para la legalizaci\u00f3n<\/title>\n<meta name=\"description\" content=\"Entrada &#8226; Portal multimedia sobre cannabis y otras sustancias &#8226; 21 diciembre, 2018\" \/>\n<meta name=\"robots\" content=\"index, follow, max-snippet:-1, max-image-preview:large, max-video-preview:-1\" \/>\n<link rel=\"canonical\" href=\"https:\/\/www.cannabis.es\/pw\/2018\/12\/21\/luxemburgo-ultima-detalles-para-la-legalizacion\/\" \/>\n<meta name=\"twitter:card\" content=\"summary_large_image\" \/>\n<meta name=\"twitter:title\" content=\"Luxemburgo ultima detalles para la legalizaci\u00f3n\" \/>\n<meta name=\"twitter:description\" content=\"Entrada &#8226; Portal multimedia sobre cannabis y otras sustancias &#8226; 21 diciembre, 2018\" \/>\n<meta name=\"twitter:image\" content=\"https:\/\/www.cannabis.es\/pw\/wp-content\/uploads\/2020\/05\/luxemburgo-1.jpg\" \/>\n<meta name=\"twitter:creator\" content=\"@cannabis_es\" \/>\n<meta name=\"twitter:site\" content=\"@cannabis_es\" \/>\n<meta name=\"twitter:label1\" content=\"Escrito por\" \/>\n\t<meta name=\"twitter:data1\" content=\"Cannabis.es\" \/>\n\t<meta name=\"twitter:label2\" content=\"Tiempo de lectura\" \/>\n\t<meta name=\"twitter:data2\" content=\"4 minutos\" \/>\n<script type=\"application\/ld+json\" class=\"yoast-schema-graph\">{\"@context\":\"https:\/\/schema.org\",\"@graph\":[{\"@type\":\"Article\",\"@id\":\"https:\/\/www.cannabis.es\/pw\/2018\/12\/21\/luxemburgo-ultima-detalles-para-la-legalizacion\/#article\",\"isPartOf\":{\"@id\":\"https:\/\/www.cannabis.es\/pw\/2018\/12\/21\/luxemburgo-ultima-detalles-para-la-legalizacion\/\"},\"author\":{\"name\":\"Cannabis.es\",\"@id\":\"https:\/\/www.cannabis.es\/pw\/#\/schema\/person\/e2fbd204580cf4fe74c79b82bc447374\"},\"headline\":\"Luxemburgo ultima detalles para la legalizaci\u00f3n\",\"datePublished\":\"2018-12-21T10:30:04+00:00\",\"dateModified\":\"2020-09-04T11:15:47+00:00\",\"mainEntityOfPage\":{\"@id\":\"https:\/\/www.cannabis.es\/pw\/2018\/12\/21\/luxemburgo-ultima-detalles-para-la-legalizacion\/\"},\"wordCount\":757,\"publisher\":{\"@id\":\"https:\/\/www.cannabis.es\/pw\/#organization\"},\"image\":{\"@id\":\"https:\/\/www.cannabis.es\/pw\/2018\/12\/21\/luxemburgo-ultima-detalles-para-la-legalizacion\/#primaryimage\"},\"thumbnailUrl\":\"https:\/\/www.cannabis.es\/pw\/wp-content\/uploads\/2020\/05\/luxemburgo-1.jpg\",\"keywords\":[\"cannabis\",\"legalizaci\u00f3n\",\"marihuana\",\"regulaci\u00f3n\",\"regulaci\u00f3n cannabis\",\"regulaci\u00f3n integral del cannabis\"],\"articleSection\":[\"Pol\u00edtica y Sociedad\"],\"inLanguage\":\"es\"},{\"@type\":\"WebPage\",\"@id\":\"https:\/\/www.cannabis.es\/pw\/2018\/12\/21\/luxemburgo-ultima-detalles-para-la-legalizacion\/\",\"url\":\"https:\/\/www.cannabis.es\/pw\/2018\/12\/21\/luxemburgo-ultima-detalles-para-la-legalizacion\/\",\"name\":\"Luxemburgo ultima detalles para la legalizaci\u00f3n\",\"isPartOf\":{\"@id\":\"https:\/\/www.cannabis.es\/pw\/#website\"},\"primaryImageOfPage\":{\"@id\":\"https:\/\/www.cannabis.es\/pw\/2018\/12\/21\/luxemburgo-ultima-detalles-para-la-legalizacion\/#primaryimage\"},\"image\":{\"@id\":\"https:\/\/www.cannabis.es\/pw\/2018\/12\/21\/luxemburgo-ultima-detalles-para-la-legalizacion\/#primaryimage\"},\"thumbnailUrl\":\"https:\/\/www.cannabis.es\/pw\/wp-content\/uploads\/2020\/05\/luxemburgo-1.jpg\",\"datePublished\":\"2018-12-21T10:30:04+00:00\",\"dateModified\":\"2020-09-04T11:15:47+00:00\",\"description\":\"Entrada &#8226; Portal multimedia sobre cannabis y otras sustancias &#8226; 21 diciembre, 2018\",\"breadcrumb\":{\"@id\":\"https:\/\/www.cannabis.es\/pw\/2018\/12\/21\/luxemburgo-ultima-detalles-para-la-legalizacion\/#breadcrumb\"},\"inLanguage\":\"es\",\"potentialAction\":[{\"@type\":\"ReadAction\",\"target\":[\"https:\/\/www.cannabis.es\/pw\/2018\/12\/21\/luxemburgo-ultima-detalles-para-la-legalizacion\/\"]}]},{\"@type\":\"ImageObject\",\"inLanguage\":\"es\",\"@id\":\"https:\/\/www.cannabis.es\/pw\/2018\/12\/21\/luxemburgo-ultima-detalles-para-la-legalizacion\/#primaryimage\",\"url\":\"https:\/\/www.cannabis.es\/pw\/wp-content\/uploads\/2020\/05\/luxemburgo-1.jpg\",\"contentUrl\":\"https:\/\/www.cannabis.es\/pw\/wp-content\/uploads\/2020\/05\/luxemburgo-1.jpg\",\"width\":959,\"height\":475},{\"@type\":\"BreadcrumbList\",\"@id\":\"https:\/\/www.cannabis.es\/pw\/2018\/12\/21\/luxemburgo-ultima-detalles-para-la-legalizacion\/#breadcrumb\",\"itemListElement\":[{\"@type\":\"ListItem\",\"position\":1,\"name\":\"Portada\",\"item\":\"http:\/\/www.cannabis.es\/pw\/\"},{\"@type\":\"ListItem\",\"position\":2,\"name\":\"Luxemburgo ultima detalles para la legalizaci\u00f3n\"}]},{\"@type\":\"WebSite\",\"@id\":\"https:\/\/www.cannabis.es\/pw\/#website\",\"url\":\"https:\/\/www.cannabis.es\/pw\/\",\"name\":\"Cannabis\",\"description\":\"Portal multimedia sobre cannabis y otras sustancias\",\"publisher\":{\"@id\":\"https:\/\/www.cannabis.es\/pw\/#organization\"},\"potentialAction\":[{\"@type\":\"SearchAction\",\"target\":{\"@type\":\"EntryPoint\",\"urlTemplate\":\"https:\/\/www.cannabis.es\/pw\/?s={search_term_string}\"},\"query-input\":{\"@type\":\"PropertyValueSpecification\",\"valueRequired\":true,\"valueName\":\"search_term_string\"}}],\"inLanguage\":\"es\"},{\"@type\":\"Organization\",\"@id\":\"https:\/\/www.cannabis.es\/pw\/#organization\",\"name\":\"Cannabis.es\",\"url\":\"https:\/\/www.cannabis.es\/pw\/\",\"logo\":{\"@type\":\"ImageObject\",\"inLanguage\":\"es\",\"@id\":\"https:\/\/www.cannabis.es\/pw\/#\/schema\/logo\/image\/\",\"url\":\"https:\/\/www.cannabis.es\/pw\/wp-content\/uploads\/2019\/04\/cropped-logo_cannabis.png\",\"contentUrl\":\"https:\/\/www.cannabis.es\/pw\/wp-content\/uploads\/2019\/04\/cropped-logo_cannabis.png\",\"width\":361,\"height\":120,\"caption\":\"Cannabis.es\"},\"image\":{\"@id\":\"https:\/\/www.cannabis.es\/pw\/#\/schema\/logo\/image\/\"},\"sameAs\":[\"https:\/\/x.com\/cannabis_es\"]},{\"@type\":\"Person\",\"@id\":\"https:\/\/www.cannabis.es\/pw\/#\/schema\/person\/e2fbd204580cf4fe74c79b82bc447374\",\"name\":\"Cannabis.es\",\"image\":{\"@type\":\"ImageObject\",\"inLanguage\":\"es\",\"@id\":\"https:\/\/www.cannabis.es\/pw\/#\/schema\/person\/image\/\",\"url\":\"https:\/\/secure.gravatar.com\/avatar\/4375b1eb6e272e2e48a4b8a8def52e5f208151f555bb5906da616906ee6dd2e8?s=96&d=mm&r=g\",\"contentUrl\":\"https:\/\/secure.gravatar.com\/avatar\/4375b1eb6e272e2e48a4b8a8def52e5f208151f555bb5906da616906ee6dd2e8?s=96&d=mm&r=g\",\"caption\":\"Cannabis.es\"},\"url\":\"https:\/\/www.cannabis.es\/pw\/author\/cannabis\/\"}]}<\/script>\n<!-- \/ Yoast SEO plugin. -->","yoast_head_json":{"title":"Luxemburgo ultima detalles para la legalizaci\u00f3n","description":"Entrada &#8226; Portal multimedia sobre cannabis y otras sustancias &#8226; 21 diciembre, 2018","robots":{"index":"index","follow":"follow","max-snippet":"max-snippet:-1","max-image-preview":"max-image-preview:large","max-video-preview":"max-video-preview:-1"},"canonical":"https:\/\/www.cannabis.es\/pw\/2018\/12\/21\/luxemburgo-ultima-detalles-para-la-legalizacion\/","twitter_card":"summary_large_image","twitter_title":"Luxemburgo ultima detalles para la legalizaci\u00f3n","twitter_description":"Entrada &#8226; Portal multimedia sobre cannabis y otras sustancias &#8226; 21 diciembre, 2018","twitter_image":"https:\/\/www.cannabis.es\/pw\/wp-content\/uploads\/2020\/05\/luxemburgo-1.jpg","twitter_creator":"@cannabis_es","twitter_site":"@cannabis_es","twitter_misc":{"Escrito por":"Cannabis.es","Tiempo de lectura":"4 minutos"},"schema":{"@context":"https:\/\/schema.org","@graph":[{"@type":"Article","@id":"https:\/\/www.cannabis.es\/pw\/2018\/12\/21\/luxemburgo-ultima-detalles-para-la-legalizacion\/#article","isPartOf":{"@id":"https:\/\/www.cannabis.es\/pw\/2018\/12\/21\/luxemburgo-ultima-detalles-para-la-legalizacion\/"},"author":{"name":"Cannabis.es","@id":"https:\/\/www.cannabis.es\/pw\/#\/schema\/person\/e2fbd204580cf4fe74c79b82bc447374"},"headline":"Luxemburgo ultima detalles para la legalizaci\u00f3n","datePublished":"2018-12-21T10:30:04+00:00","dateModified":"2020-09-04T11:15:47+00:00","mainEntityOfPage":{"@id":"https:\/\/www.cannabis.es\/pw\/2018\/12\/21\/luxemburgo-ultima-detalles-para-la-legalizacion\/"},"wordCount":757,"publisher":{"@id":"https:\/\/www.cannabis.es\/pw\/#organization"},"image":{"@id":"https:\/\/www.cannabis.es\/pw\/2018\/12\/21\/luxemburgo-ultima-detalles-para-la-legalizacion\/#primaryimage"},"thumbnailUrl":"https:\/\/www.cannabis.es\/pw\/wp-content\/uploads\/2020\/05\/luxemburgo-1.jpg","keywords":["cannabis","legalizaci\u00f3n","marihuana","regulaci\u00f3n","regulaci\u00f3n cannabis","regulaci\u00f3n integral del cannabis"],"articleSection":["Pol\u00edtica y Sociedad"],"inLanguage":"es"},{"@type":"WebPage","@id":"https:\/\/www.cannabis.es\/pw\/2018\/12\/21\/luxemburgo-ultima-detalles-para-la-legalizacion\/","url":"https:\/\/www.cannabis.es\/pw\/2018\/12\/21\/luxemburgo-ultima-detalles-para-la-legalizacion\/","name":"Luxemburgo ultima detalles para la legalizaci\u00f3n","isPartOf":{"@id":"https:\/\/www.cannabis.es\/pw\/#website"},"primaryImageOfPage":{"@id":"https:\/\/www.cannabis.es\/pw\/2018\/12\/21\/luxemburgo-ultima-detalles-para-la-legalizacion\/#primaryimage"},"image":{"@id":"https:\/\/www.cannabis.es\/pw\/2018\/12\/21\/luxemburgo-ultima-detalles-para-la-legalizacion\/#primaryimage"},"thumbnailUrl":"https:\/\/www.cannabis.es\/pw\/wp-content\/uploads\/2020\/05\/luxemburgo-1.jpg","datePublished":"2018-12-21T10:30:04+00:00","dateModified":"2020-09-04T11:15:47+00:00","description":"Entrada &#8226; Portal multimedia sobre cannabis y otras sustancias &#8226; 21 diciembre, 2018","breadcrumb":{"@id":"https:\/\/www.cannabis.es\/pw\/2018\/12\/21\/luxemburgo-ultima-detalles-para-la-legalizacion\/#breadcrumb"},"inLanguage":"es","potentialAction":[{"@type":"ReadAction","target":["https:\/\/www.cannabis.es\/pw\/2018\/12\/21\/luxemburgo-ultima-detalles-para-la-legalizacion\/"]}]},{"@type":"ImageObject","inLanguage":"es","@id":"https:\/\/www.cannabis.es\/pw\/2018\/12\/21\/luxemburgo-ultima-detalles-para-la-legalizacion\/#primaryimage","url":"https:\/\/www.cannabis.es\/pw\/wp-content\/uploads\/2020\/05\/luxemburgo-1.jpg","contentUrl":"https:\/\/www.cannabis.es\/pw\/wp-content\/uploads\/2020\/05\/luxemburgo-1.jpg","width":959,"height":475},{"@type":"BreadcrumbList","@id":"https:\/\/www.cannabis.es\/pw\/2018\/12\/21\/luxemburgo-ultima-detalles-para-la-legalizacion\/#breadcrumb","itemListElement":[{"@type":"ListItem","position":1,"name":"Portada","item":"http:\/\/www.cannabis.es\/pw\/"},{"@type":"ListItem","position":2,"name":"Luxemburgo ultima detalles para la legalizaci\u00f3n"}]},{"@type":"WebSite","@id":"https:\/\/www.cannabis.es\/pw\/#website","url":"https:\/\/www.cannabis.es\/pw\/","name":"Cannabis","description":"Portal multimedia sobre cannabis y otras sustancias","publisher":{"@id":"https:\/\/www.cannabis.es\/pw\/#organization"},"potentialAction":[{"@type":"SearchAction","target":{"@type":"EntryPoint","urlTemplate":"https:\/\/www.cannabis.es\/pw\/?s={search_term_string}"},"query-input":{"@type":"PropertyValueSpecification","valueRequired":true,"valueName":"search_term_string"}}],"inLanguage":"es"},{"@type":"Organization","@id":"https:\/\/www.cannabis.es\/pw\/#organization","name":"Cannabis.es","url":"https:\/\/www.cannabis.es\/pw\/","logo":{"@type":"ImageObject","inLanguage":"es","@id":"https:\/\/www.cannabis.es\/pw\/#\/schema\/logo\/image\/","url":"https:\/\/www.cannabis.es\/pw\/wp-content\/uploads\/2019\/04\/cropped-logo_cannabis.png","contentUrl":"https:\/\/www.cannabis.es\/pw\/wp-content\/uploads\/2019\/04\/cropped-logo_cannabis.png","width":361,"height":120,"caption":"Cannabis.es"},"image":{"@id":"https:\/\/www.cannabis.es\/pw\/#\/schema\/logo\/image\/"},"sameAs":["https:\/\/x.com\/cannabis_es"]},{"@type":"Person","@id":"https:\/\/www.cannabis.es\/pw\/#\/schema\/person\/e2fbd204580cf4fe74c79b82bc447374","name":"Cannabis.es","image":{"@type":"ImageObject","inLanguage":"es","@id":"https:\/\/www.cannabis.es\/pw\/#\/schema\/person\/image\/","url":"https:\/\/secure.gravatar.com\/avatar\/4375b1eb6e272e2e48a4b8a8def52e5f208151f555bb5906da616906ee6dd2e8?s=96&d=mm&r=g","contentUrl":"https:\/\/secure.gravatar.com\/avatar\/4375b1eb6e272e2e48a4b8a8def52e5f208151f555bb5906da616906ee6dd2e8?s=96&d=mm&r=g","caption":"Cannabis.es"},"url":"https:\/\/www.cannabis.es\/pw\/author\/cannabis\/"}]}},"_links":{"self":[{"href":"https:\/\/www.cannabis.es\/pw\/wp-json\/wp\/v2\/posts\/2157","targetHints":{"allow":["GET"]}}],"collection":[{"href":"https:\/\/www.cannabis.es\/pw\/wp-json\/wp\/v2\/posts"}],"about":[{"href":"https:\/\/www.cannabis.es\/pw\/wp-json\/wp\/v2\/types\/post"}],"author":[{"embeddable":true,"href":"https:\/\/www.cannabis.es\/pw\/wp-json\/wp\/v2\/users\/1"}],"replies":[{"embeddable":true,"href":"https:\/\/www.cannabis.es\/pw\/wp-json\/wp\/v2\/comments?post=2157"}],"version-history":[{"count":1,"href":"https:\/\/www.cannabis.es\/pw\/wp-json\/wp\/v2\/posts\/2157\/revisions"}],"predecessor-version":[{"id":2159,"href":"https:\/\/www.cannabis.es\/pw\/wp-json\/wp\/v2\/posts\/2157\/revisions\/2159"}],"wp:featuredmedia":[{"embeddable":true,"href":"https:\/\/www.cannabis.es\/pw\/wp-json\/wp\/v2\/media\/2158"}],"wp:attachment":[{"href":"https:\/\/www.cannabis.es\/pw\/wp-json\/wp\/v2\/media?parent=2157"}],"wp:term":[{"taxonomy":"category","embeddable":true,"href":"https:\/\/www.cannabis.es\/pw\/wp-json\/wp\/v2\/categories?post=2157"},{"taxonomy":"post_tag","embeddable":true,"href":"https:\/\/www.cannabis.es\/pw\/wp-json\/wp\/v2\/tags?post=2157"}],"curies":[{"name":"wp","href":"https:\/\/api.w.org\/{rel}","templated":true}]}}