{"id":2181,"date":"2018-12-05T11:46:19","date_gmt":"2018-12-05T10:46:19","guid":{"rendered":"http:\/\/www.cannabis.es\/pw\/?p=2181"},"modified":"2020-09-04T13:17:40","modified_gmt":"2020-09-04T11:17:40","slug":"i-jornadas-cannabicas-en-valencia-dia-dos-la-politica","status":"publish","type":"post","link":"https:\/\/www.cannabis.es\/pw\/2018\/12\/05\/i-jornadas-cannabicas-en-valencia-dia-dos-la-politica\/","title":{"rendered":"I Jornadas cann\u00e1bicas en Valencia: d\u00eda dos, la pol\u00edtica"},"content":{"rendered":"\n<p>Arnau Alcaide<\/p>\n\n\n\n<p>El segundo d\u00eda en la Universidad de Valencia vino principalmente de la mano del debate pol\u00edtico e institucional. Qui\u00e9n est\u00e1 con qui\u00e9n, aunque todos se mostraron a favor. La injusticia y la inoperancia de una administraci\u00f3n para con un colectivo se tradujo en la potente rivalidad pol\u00edtica en la tercera mesa, por la tarde, con la gran revelaci\u00f3n del expopular, Eduardo Van de Eynde, actualmente en terapia con cannabis.<\/p>\n\n\n\n<hr class=\"wp-block-separator\"\/>\n\n\n\n<h3 class=\"wp-block-heading\"><strong>Los pol\u00edticos<\/strong><\/h3>\n\n\n\n<p>El rifirrafe vino aqu\u00ed, aunque no fue la primera mesa. Mientras Miguel Vila, de&nbsp;<strong>Podemos<\/strong>, y el cantante de la Gossa Sorda, Josep Nadal, por&nbsp;<strong>Comprom\u00eds<\/strong>, se vieron pr\u00e1cticamente incuestionables, el representante del Partido Popular, Eduardo Van de Eynde, result\u00f3 no serlo m\u00e1s y apoyar a los morados. Francisco Igea, de&nbsp;<strong>Ciudadanos&nbsp;<\/strong>estuvo consistente, pero&nbsp;se march\u00f3 apurado, por el tiempo o las preguntas, y Juan Ignacio Sub\u00edas, el neum\u00f3logo del&nbsp;<strong>PSPV<\/strong>, aguant\u00f3 el jarro de agua fr\u00eda que le ten\u00edan preparado ponentes y p\u00fablico.<\/p>\n\n\n\n<figure class=\"wp-block-image\"><img decoding=\"async\" src=\"https:\/\/www.cannabis.es\/web\/images\/pol%C3%ADtics_2.jpg\" alt=\"\"\/><\/figure>\n\n\n\n<p><strong>Eduardo Van de Eynde, que ya ha abandonado su expartido,&nbsp;<\/strong>fue el primero en tomar la palabra. Se disculp\u00f3 por no estar y dijo por Skype poder representar \u201cdif\u00edcilmente\u201d al partido popular si tiene \u201cuna opini\u00f3n completamente diferente\u201d. \u201c<strong>Estoy unido al movimiento cann\u00e1bico cant\u00e1brico&nbsp;<\/strong>y est\u00e1 completamente enfrentado al Partido Popular. La pol\u00edtica prohibicionista no solo ha sido un fracaso, sino una pol\u00edtica criminal\u201d, apunt\u00f3.<\/p>\n\n\n\n<p>\u201cLos problemas empiezan en la prohibici\u00f3n. Estamos desaprovechando la oportunidad de subirnos, anticiparnos, a un sector econ\u00f3mico. Los narcoestados, precisamente, surgen a ra\u00edz de la prohibici\u00f3n. Un sector regulado es la \u00fanica manera de combatir a un narcoestado y en M\u00e9jico ya se est\u00e1n atando luces en ese sentido. Entre la gente de la derecha, no de Esperanza Aguirre, pero s\u00ed liberales, nos importa mucho que el estado diga qu\u00e9 drogas se pueden consumir y los motivos por los que puedo consumirlas\u201d, dijo Van de Eynde.<\/p>\n\n\n\n<p>\u201cNo entendemos por qu\u00e9 se dice que no puedes utilizar otro tipo de sustancias, pero todos asumimos culturalmente que en tiempo de ocio podemos tomar sustancias en el ejercicio de nuestras libertades.&nbsp;<strong>Des del punto de vista liberal, es un atentado absoluto contra las libertades que no se pueda acceder a una sustancia relativamente inocua<\/strong>&nbsp;en aras de preservar la salud p\u00fablica, pues el prohibicionismo es el mayor crimen. Condenamos a los agricultores y a los usuarios, que son millones\u201d, razona.<\/p>\n\n\n\n<p>\u201c<strong>El reproche que hace alguien que ha abandonado la pol\u00edtica es que no es dudosa ni ambigua la posici\u00f3n de Podemos, y eso se puede defender<\/strong>. Pero la del PSOE o la de Ciudadanos\u2026 Me escandalic\u00e9 con las declaraciones de Carcedo: eso no se puede decir. Los m\u00e9dicos conocen la evidencia que existe y el problema son las trabas que estamos poniendo al desarrollo de una fase fundamental de los medicamentos, los ensayos cl\u00ednicos. Con Ciudadanos quiero saber si van a mantener la postura que manten\u00edan, o tienen encuestas que los van a hacer cambiar ahora que vienen las elecciones\u201d, indic\u00f3.<\/p>\n\n\n\n<p>\u201cAqu\u00ed no hay un debate, mantener la postura del debate es insostenible, como debatir si la tierra es redonda o plana. Argumentos insostenibles basados en prejuicios e ignorancia. \u00bfUstedes se han dado cuenta de que \u00faltimamente hay m\u00e1s noticias de conductores colocados que matan a alguien? \u00bfHa aumentado el consumo? No, se est\u00e1n mirando las trazas. Si busc\u00e1semos trazas de alcohol, damos positivo el 90% de los espa\u00f1oles. El prohibicionismo es la ra\u00edz de todos los males, el peor de los remedios posibles. Quiz\u00e1s lo que quieren plantear los prohibicionistas es un marco en el que no se puede consumir ni alcohol ni tabaco ni marihuana\u201d, respondi\u00f3 en el turno de preguntas.<\/p>\n\n\n\n<figure class=\"wp-block-image\"><img decoding=\"async\" src=\"https:\/\/www.cannabis.es\/web\/images\/pol%C3%ADtics_3.jpg\" alt=\"\"\/><\/figure>\n\n\n\n<p><strong>Miguel Vila<\/strong>, de Podemos, asegur\u00f3 que est\u00e1n preparando una proposici\u00f3n de ley que tendr\u00e1n para el primer trimestre de 2019 y que se basa en tres premisas: \u201cel fracaso del prohibicionismo y sus objetivos (salud, seguridad, investigaci\u00f3n)\u201d. El prohibicionismo \u201cse basa en una moral concreta e impone una hegemon\u00eda cultural y econ\u00f3mica en el mundo, pero ha llevado al mayor consumo en j\u00f3venes ante la desinformaci\u00f3n y la mentira\u201d. La pregunta no es si se usan drogas, si no \u201cen qu\u00e9 condiciones\u201d. Segundo, \u201ces precisamente el mercado negro el que eleva los riesgos asociados al consumo\u201d. Tercero, \u201cla realidad del contexto internacional ya es otra\u201d.<\/p>\n\n\n\n<p>\u201cUna realidad que se concreta en m\u00e1s de 1000 clubes y asociaciones, 5 ferias anuales y una industria textil, una realidad social que avanza pese a la prohibici\u00f3n. Planteamos una regulaci\u00f3n integral, esto es recreativa, m\u00e9dica e industrial\u201d.<\/p>\n\n\n\n<p>\u201cEn lo medicinal,&nbsp;<strong>habiendo evidencia cient\u00edfica, el debate pol\u00edtico se ha acabado<\/strong>. Consideramos una anomal\u00eda la situaci\u00f3n espa\u00f1ola, en el s.XXI con evidencia cient\u00edfica y propiedades emp\u00edricas, que no se pueda acceder al medicinal. Estamos a favor del recreativo: se trata de poner orden a una realidad existente. Creemos que se puede hacer una regulaci\u00f3n que beneficie a la sociedad. Respetar y garantizar derechos y libertades, regular y fiscalizar para aumentar los ingresos. En el \u00e1mbito econ\u00f3mico hay muchas m\u00e1s posibilidades derivadas. Tendr\u00eda una serie de externalidades positivas.&nbsp;<strong>No estamos en condiciones de desperdiciar posibilidades econ\u00f3micas importantes<\/strong>\u201d.<\/p>\n\n\n\n<p>El \u201cc\u00f3mo\u201d ser\u00eda, al regular, a \u201cqui\u00e9n\u201d se beneficia. \u201cPlanteamos una regulaci\u00f3n integral democr\u00e1tica y transversal&nbsp;<strong>que se apoye en el tejido social existente de clubes y asociaciones<\/strong>, una especificidad de Espa\u00f1a que hay que tener en cuenta. Incluyendo&nbsp;<strong>criterios sociales, criterios de g\u00e9neros, criterios mediombientales<\/strong>&nbsp;para proteger a los peque\u00f1os agricultores y distribuidores, no a grandes propietarios o monopolios\u201d.<\/p>\n\n\n\n<p>\u201cMe preocupa si el PSOE central se va a mover en esta legislatura y creo que no. Me preocupa que Carcedo niegue la evidencia. El bloque moci\u00f3n de censura est\u00e1 dentro de esto: falta el PSOE, y veo dif\u00edcil que en esta legislatura entre. En lo auton\u00f3mico vas a cualquier federaci\u00f3n y todo el mundo va a favor, pero de ah\u00ed no pasa. Hay una diferencia abismal entre el gobierno central y las autonom\u00edas\u201d, indic\u00f3 Vila.<\/p>\n\n\n\n<p><strong>Josep Nadal<\/strong>, que se introdujo en valenciano, al igual que alg\u00fan moderador, habl\u00f3 de la propuesta de ley en las Cortes y de \u201ctradici\u00f3n en territorio valenciano\u201d. \u201cVemos que hace falta una palanca de cambio a nivel estatal con una propuesta integral\u201d indic\u00f3, y calific\u00f3 la propuesta auton\u00f3mica de \u201csimb\u00f3lica\u201d hasta que eso ocurra.<\/p>\n\n\n\n<p>\u201cLa propuesta de Comprom\u00eds es poder tener un paraguas legislativo a nivel estatal, pero legislar a escala auton\u00f3mica. Cultivo, distribuci\u00f3n, dispensaci\u00f3n y venta organizado a nivel del Pa\u00eds Valenci\u00e0\u201d.<\/p>\n\n\n\n<p>\u201cEl objetivo no es que venga una marca extranjera a vendernos un paquete de cigarrillos de marihuana. Queremos evitar el modelo del mercado internacional: si no avanzamos nosotros vendr\u00e1n los americanos y lo vender\u00e1n ellos. En el Pa\u00eds Valenci\u00e0 tenemos cultivos de regad\u00edo, minifundios en las \u00faltimas, que piden una soluci\u00f3n. Queremos coordinarnos sobre todo con cooperativas, asociaciones agrarias, asociaciones de consumidores para controlar todo el c\u00edrculo\u201d, se\u00f1al\u00f3.<\/p>\n\n\n\n<blockquote class=\"wp-block-quote is-layout-flow wp-block-quote-is-layout-flow\"><p>\u201c<em>Las mayor\u00edas parlamentarias depender\u00e1n de cu\u00e1ndo el PSOE se decide a cambiar la ley, como con la moci\u00f3n de censura a Rajoy\u201d<\/em><\/p><\/blockquote>\n\n\n\n<p><strong>Juan Ignacio&nbsp;Sub\u00edas<\/strong>&nbsp;record\u00f3 que el PSPV fue part\u00edcipe principal de la aprobaci\u00f3n de la propuesta auton\u00f3mica, pese a que el PSOE tiene otra opini\u00f3n a nivel central. \u201cLa mayor causa de muerte evitable es el tabaco\u201d, se\u00f1al\u00f3 el neum\u00f3logo.<\/p>\n\n\n\n<p>\u201cMi postura, que es la del Secretario General del PSPV, est\u00e1 reflejada en la PNL que ya tuvo su debate para ver si se hac\u00eda o no se hac\u00eda, es la postura del partido. Aqu\u00ed hemos tomado la decisi\u00f3n que debemos de tomar, lo dem\u00e1s es un tema de debate. Sin duda, el medicinal parece totalmente aceptado, y lo dem\u00e1s que yo escucho es que se quiere una evaluaci\u00f3n previa. Lo que no voy a hacer es asegurar nada\u201d.<\/p>\n\n\n\n<p><strong>Francisco Igea<\/strong>, de Ciudadanos, critic\u00f3 que \u201cni el del PP es del PP, ni el del PSOE lo parece\u201d. Y record\u00f3 que en Ciudadanos han \u201cmantenido la misma postura desde el principio hasta el final\u201d, y que es \u201cmuy f\u00e1cil\u201d hablar \u201cde Ciudadanos\u201d como \u201cuna veleta al servicio del Ibex\u201d. \u201cPP y PSOE ya lo tumbaron, no vamos a venir aqu\u00ed a contar una cosa y hacer la contraria\u201d, acus\u00f3. \u201cMe remito a las declaraciones de la ministra de sanidad: son bien recientes. Carcedo no mostr\u00f3 ning\u00fan inter\u00e9s\u201d.<\/p>\n\n\n\n<p>\u201cEn todos los parlamentos auton\u00f3micos hemos mantenido la misma postura, y en el nacional. Queremos evitar una regulaci\u00f3n que en veinte a\u00f1os nos lleve a volver atr\u00e1s como con el alcohol y el tabaco\u201d, mantuvo.<\/p>\n\n\n\n<p>Igea, preguntado por la propuesta de Ciudadanos de regular el medicinal, el modelo oligopol\u00edstico y el autocultivo sin cambiar la ley para acelerar el proceso, argument\u00f3 que&nbsp;\u201c<strong>por decreto\u201d se puede regular \u201cde facto\u201d el medicinal<\/strong>. \u201cEl PSOE se dedica a cambiar de postura seg\u00fan le conviene\u201d, volvi\u00f3 a acusar a Sub\u00edas. Pero no dej\u00f3 claro si Ciudadanos apoyar\u00eda la propuesta de regulaci\u00f3n que prepara Podemos.<\/p>\n\n\n\n<h3 class=\"wp-block-heading\"><strong>Legalidad actual<\/strong><\/h3>\n\n\n\n<p>Montiel inaugurar\u00eda el segundo d\u00eda, a la espera de la visi\u00f3n de la pol\u00edtica. El dirigente del Podemos valenciano record\u00f3 que es mejor \u201cno enga\u00f1arse\u201d, dado que \u201cuna Propuesta No de Ley\u201d como la que se vot\u00f3 en las Cortes \u201ces una propuesta, pero conseguimos un debate social, romper un tab\u00fa\u201d. \u201cQueremos un debate que ponga en el centro no tanto a la persona enferma como al usuario; no tanto el derecho a la salud como el del libre albedr\u00edo: los usuarios son racionales y con criterio\u201d.<\/p>\n\n\n\n<figure class=\"wp-block-image\"><img decoding=\"async\" src=\"https:\/\/www.cannabis.es\/web\/images\/pol%C3%ADtics.jpg\" alt=\"\"\/><\/figure>\n\n\n\n<p>Para el exmagistrado Joaqu\u00edn Gim\u00e9nez \u201cla realidad legal no tiene nada que ver con la realidad social\u201d. Toda la regulaci\u00f3n auton\u00f3mica ha sido anulada por el Tribunal Constitucional, pero \u201cla legislaci\u00f3n vasca hace referencia a un reglamento que no se ha tumbado al no haberse desarrollado\u201d<\/p>\n\n\n\n<p>\u201cCuando se plantea en el Tribunal Supremo un tema de asociaciones, el debate es entre la creencia de que uno est\u00e1 actuando legalmente o, por el contrario, con una f\u00e1cil b\u00fasqueda hubiese sabido que era legal\u201d. A lo primero se le conoce como \u201cerror invencible\u201d, lo que ha llevado a la absoluci\u00f3n de las \u00faltimas asociaciones. \u201cLa justicia penal es lo \u00faltimo, y se est\u00e1 convirtiendo en la primera respuesta ante la inacci\u00f3n pol\u00edtica\u201d.<\/p>\n\n\n\n<p>El abogado mercantilista italiano Giacomo Bulleri explic\u00f3 c\u00f3mo Italia ha entrado en un limbo legal en el que se est\u00e1 vendiendo la flor del c\u00e1\u00f1amo industrial como souvenir, igual que las semillas en Espa\u00f1a, y que avanzar\u00eda hacia la legalizaci\u00f3n del cannabis. Protest\u00f3 porque la normativa europea de cultivo de c\u00e1\u00f1amo estuviese hecha a la medida francesa, con el m\u00e1ximo legal en 0.2 de concentraci\u00f3n de THC, algo que solo consiguen sus semillas registradas.<\/p>\n\n\n\n<p>Francisco Azor\u00edn Ortega, abogado de Brotsanbert, argument\u00f3 que \u201ccon reglas\u201d se puede \u201ctener una asociaci\u00f3n\u201d, y que la condena de las que \u201ccumplen normas\u201d no se puede \u201cdar en el derecho\u201d. Es cierto que \u201cla salud p\u00fablica entra en conflicto con la libertad y la seguridad\u201d, pero el abogado argumenta que \u201cpara que una sentencia restrinja derechos fundamentales, tiene que ser id\u00f3nea, y en este caso existen alternativas para defender la salud y la seguridad\u201d.<\/p>\n\n\n\n<p>Respecto al drogotest, lo tach\u00f3 de \u201crepresi\u00f3n de baja intensidad\u201d y \u201cnorma de prevenci\u00f3n del consumo de drogas\u201d, ya que, sin que debiera ser su fin, act\u00faa como tal. \u201cNo se puede, en aras de la seguridad vial, criminalizar al usuario de drogas\u201d.<\/p>\n\n\n\n<p>Constanza S\u00e1nchez explic\u00f3 c\u00f3mo el paradigma internacional est\u00e1 cambiando hacia la aceptaci\u00f3n de una realidad, pero asegura que \u201cmedia ONU\u201d sigue empecinada en \u201cerradicar el consumo de drogas\u201d, algo \u201cirrealizable\u201d. En Espa\u00f1a, este escenario ha llevado a un Gobierno inmovilista y las Comunidades Aut\u00f3nomas regulando por su cuenta, en lo que hemos recogido en el informe&nbsp;<strong>Mejor pedir perd\u00f3n que pedir permiso.&nbsp;<\/strong>Nos recuerda que \u201cno est\u00e1 penalizado\u201d pero \u201ctenemos un derecho administrativo severo\u201d, algo que sarc\u00e1sticamente califica de \u201cdecrim light\u201d.&nbsp;Se\u00f1al\u00f3 que el modelo de clubes \u201ces genuino\u201d de nuestras pol\u00edticas.<br><br><\/p>\n\n\n\n<h3 class=\"wp-block-heading\"><strong>Nuevas tendencias<\/strong><\/h3>\n\n\n\n<p>El empresario de ValHemp, Francisco S\u00e1nchez, cultiva 20 hect\u00e1reas de c\u00e1\u00f1amo industrial para exportaci\u00f3n, a falta de mercado en Espa\u00f1a. Pero este no tiene \u201csabor\u201d, indica Karulo, el conocido activista. Nos record\u00f3 que tendremos \u201cferias, clubes, industria\u201d pero no la \u201clibertad\u201d.<\/p>\n\n\n\n<p>Ana Ram\u00f3n, de Elite Seeds, habl\u00f3 de nuevos efectos en las combinaciones gen\u00e9ticas que se est\u00e1n realizando. I\u00f1aki Garc\u00eda, de controles de calidad, abog\u00f3 por el autocultivo y por la libertad comercial de los productos no testados, o la materia verde en s\u00ed, como hierbas, y las medicinas que del cannabis se desarrollen como tal. Destac\u00f3 que \u201cfue muy pr\u00f3xima la prohibici\u00f3n de los aceites de CBD en Espa\u00f1a a la comercializaci\u00f3n del Epidolex\u201d, que termin\u00f3 los ensayos cl\u00ednicos en el hospital La Fe de Valencia.<strong>ultura cann\u00e1bica<\/strong><\/p>\n\n\n\n<p>La investigadora y antrop\u00f3loga Andrea Corral nos habl\u00f3 del modelo de clubes y lo que tiene que aportar en una legalizaci\u00f3n a la espa\u00f1ola. Marta G\u00e1lvez nos mostr\u00f3 su rap y c\u00f3mo empodera a la mujer, junto al acceso a la droga, en un mundo de violencia masculinizado como \u201cla calle\u201d.<\/p>\n\n\n\n<p>Miguel Gimeno,&nbsp;de&nbsp;<strong>marihuana TV,&nbsp;<\/strong>cont\u00f3 su experiencia cultivando y conociendo el mundo del cannabis que le llev\u00f3 a la comunicaci\u00f3n en esta materia.&nbsp;\u201cNo basta con quedarnos en casa, debemos ser activistas activos. Acudid a la pr\u00f3xima manifestaci\u00f3n de mayo\u201d.<br><br>Fernanda de la Figuera, la activista que cont\u00f3 con la primera absoluci\u00f3n por cultivo, cerr\u00f3 el evento narrando toda una vida de dedicaci\u00f3n.<br><\/p>\n","protected":false},"excerpt":{"rendered":"<span class=\"span-reading-time rt-reading-time\" style=\"display: block;\"><span class=\"rt-label rt-prefix\">Tiempo de lectura:<\/span> <span class=\"rt-time\"> 8<\/span> <span class=\"rt-label rt-postfix\">minutos<\/span><\/span>Arnau Alcaide El segundo d\u00eda en la Universidad de Valencia vino principalmente de la mano del debate pol\u00edtico e institucional. Qui\u00e9n est\u00e1 con qui\u00e9n, aunque todos se mostraron a favor. La injusticia y la inoperancia de una administraci\u00f3n para con un colectivo se tradujo en la potente rivalidad pol\u00edtica en la tercera mesa, por la [&hellip;]","protected":false},"author":1,"featured_media":2182,"comment_status":"closed","ping_status":"closed","sticky":false,"template":"","format":"standard","meta":{"loftocean-featured-post":"","loftocean_post_format_gallery":"","loftocean_post_format_gallery_ids":"","loftocean_post_format_gallery_urls":"","loftocean_post_format_video_id":"","loftocean_post_format_video_url":"","loftocean_post_format_video_type":"","loftocean_post_format_video":"","loftocean_post_format_audio_type":"","loftocean_post_format_audio_url":"","loftocean_post_format_audio_id":"","loftocean_post_format_audio":"","loftocean_post_format_quote_text":"","loftocean_post_format_quote_byline":"","loftocean_post_format_link_text":"","loftocean_post_format_link_url":"","ceramag_post_header_style":"","ceramag_enable_background_video":"","ceramag_show_in_top_slider":"","ceramag_post_background_video_start":"","ceramag_post_background_video_end":"","loftocean_page_background_video_id":"","loftocean_page_background_video_url":"","loftocean_page_background_video_type":"","loftocean_page_background_video":"","ceramag_background_video_start":"","ceramag_background_video_end":"","ceramag_single_page_hide_header":"","footnotes":""},"categories":[34],"tags":[41,789,398,787,657,40,56,788],"class_list":["post-2181","post","type-post","status-publish","format-standard","has-post-thumbnail","hentry","category-reportajes","tag-cannabis","tag-cannabis-marihuana","tag-csc","tag-lagalizacion","tag-legislacion","tag-marihuana","tag-regulacion-cannabis","tag-reportaje"],"yoast_head":"<!-- This site is optimized with the Yoast SEO plugin v24.9 - https:\/\/yoast.com\/wordpress\/plugins\/seo\/ -->\n<title>I Jornadas cann\u00e1bicas en Valencia: d\u00eda dos, la pol\u00edtica<\/title>\n<meta name=\"description\" content=\"Entrada &#8226; Portal multimedia sobre cannabis y otras sustancias &#8226; 5 diciembre, 2018\" \/>\n<meta name=\"robots\" content=\"index, follow, max-snippet:-1, max-image-preview:large, max-video-preview:-1\" \/>\n<link rel=\"canonical\" href=\"https:\/\/www.cannabis.es\/pw\/2018\/12\/05\/i-jornadas-cannabicas-en-valencia-dia-dos-la-politica\/\" \/>\n<meta name=\"twitter:card\" content=\"summary_large_image\" \/>\n<meta name=\"twitter:title\" content=\"I Jornadas cann\u00e1bicas en Valencia: d\u00eda dos, la pol\u00edtica\" \/>\n<meta name=\"twitter:description\" content=\"Entrada &#8226; Portal multimedia sobre cannabis y otras sustancias &#8226; 5 diciembre, 2018\" \/>\n<meta name=\"twitter:image\" content=\"https:\/\/www.cannabis.es\/pw\/wp-content\/uploads\/2020\/05\/ponencia-valencia-portada-2parte.jpg\" \/>\n<meta name=\"twitter:creator\" content=\"@cannabis_es\" \/>\n<meta name=\"twitter:site\" content=\"@cannabis_es\" \/>\n<meta name=\"twitter:label1\" content=\"Escrito por\" \/>\n\t<meta name=\"twitter:data1\" content=\"Cannabis.es\" \/>\n\t<meta name=\"twitter:label2\" content=\"Tiempo de lectura\" \/>\n\t<meta name=\"twitter:data2\" content=\"12 minutos\" \/>\n<script type=\"application\/ld+json\" class=\"yoast-schema-graph\">{\"@context\":\"https:\/\/schema.org\",\"@graph\":[{\"@type\":\"Article\",\"@id\":\"https:\/\/www.cannabis.es\/pw\/2018\/12\/05\/i-jornadas-cannabicas-en-valencia-dia-dos-la-politica\/#article\",\"isPartOf\":{\"@id\":\"https:\/\/www.cannabis.es\/pw\/2018\/12\/05\/i-jornadas-cannabicas-en-valencia-dia-dos-la-politica\/\"},\"author\":{\"name\":\"Cannabis.es\",\"@id\":\"https:\/\/www.cannabis.es\/pw\/#\/schema\/person\/e2fbd204580cf4fe74c79b82bc447374\"},\"headline\":\"I Jornadas cann\u00e1bicas en Valencia: d\u00eda dos, la pol\u00edtica\",\"datePublished\":\"2018-12-05T10:46:19+00:00\",\"dateModified\":\"2020-09-04T11:17:40+00:00\",\"mainEntityOfPage\":{\"@id\":\"https:\/\/www.cannabis.es\/pw\/2018\/12\/05\/i-jornadas-cannabicas-en-valencia-dia-dos-la-politica\/\"},\"wordCount\":2419,\"publisher\":{\"@id\":\"https:\/\/www.cannabis.es\/pw\/#organization\"},\"image\":{\"@id\":\"https:\/\/www.cannabis.es\/pw\/2018\/12\/05\/i-jornadas-cannabicas-en-valencia-dia-dos-la-politica\/#primaryimage\"},\"thumbnailUrl\":\"https:\/\/www.cannabis.es\/pw\/wp-content\/uploads\/2020\/05\/ponencia-valencia-portada-2parte.jpg\",\"keywords\":[\"cannabis\",\"cannabis marihuana\",\"CSC\",\"lagalizaci\u00f3n\",\"legislaci\u00f3n\",\"marihuana\",\"regulaci\u00f3n cannabis\",\"reportaje\"],\"articleSection\":[\"Reportajes\"],\"inLanguage\":\"es\"},{\"@type\":\"WebPage\",\"@id\":\"https:\/\/www.cannabis.es\/pw\/2018\/12\/05\/i-jornadas-cannabicas-en-valencia-dia-dos-la-politica\/\",\"url\":\"https:\/\/www.cannabis.es\/pw\/2018\/12\/05\/i-jornadas-cannabicas-en-valencia-dia-dos-la-politica\/\",\"name\":\"I Jornadas cann\u00e1bicas en Valencia: d\u00eda dos, la pol\u00edtica\",\"isPartOf\":{\"@id\":\"https:\/\/www.cannabis.es\/pw\/#website\"},\"primaryImageOfPage\":{\"@id\":\"https:\/\/www.cannabis.es\/pw\/2018\/12\/05\/i-jornadas-cannabicas-en-valencia-dia-dos-la-politica\/#primaryimage\"},\"image\":{\"@id\":\"https:\/\/www.cannabis.es\/pw\/2018\/12\/05\/i-jornadas-cannabicas-en-valencia-dia-dos-la-politica\/#primaryimage\"},\"thumbnailUrl\":\"https:\/\/www.cannabis.es\/pw\/wp-content\/uploads\/2020\/05\/ponencia-valencia-portada-2parte.jpg\",\"datePublished\":\"2018-12-05T10:46:19+00:00\",\"dateModified\":\"2020-09-04T11:17:40+00:00\",\"description\":\"Entrada &#8226; Portal multimedia sobre cannabis y otras sustancias &#8226; 5 diciembre, 2018\",\"breadcrumb\":{\"@id\":\"https:\/\/www.cannabis.es\/pw\/2018\/12\/05\/i-jornadas-cannabicas-en-valencia-dia-dos-la-politica\/#breadcrumb\"},\"inLanguage\":\"es\",\"potentialAction\":[{\"@type\":\"ReadAction\",\"target\":[\"https:\/\/www.cannabis.es\/pw\/2018\/12\/05\/i-jornadas-cannabicas-en-valencia-dia-dos-la-politica\/\"]}]},{\"@type\":\"ImageObject\",\"inLanguage\":\"es\",\"@id\":\"https:\/\/www.cannabis.es\/pw\/2018\/12\/05\/i-jornadas-cannabicas-en-valencia-dia-dos-la-politica\/#primaryimage\",\"url\":\"https:\/\/www.cannabis.es\/pw\/wp-content\/uploads\/2020\/05\/ponencia-valencia-portada-2parte.jpg\",\"contentUrl\":\"https:\/\/www.cannabis.es\/pw\/wp-content\/uploads\/2020\/05\/ponencia-valencia-portada-2parte.jpg\",\"width\":959,\"height\":475},{\"@type\":\"BreadcrumbList\",\"@id\":\"https:\/\/www.cannabis.es\/pw\/2018\/12\/05\/i-jornadas-cannabicas-en-valencia-dia-dos-la-politica\/#breadcrumb\",\"itemListElement\":[{\"@type\":\"ListItem\",\"position\":1,\"name\":\"Portada\",\"item\":\"http:\/\/www.cannabis.es\/pw\/\"},{\"@type\":\"ListItem\",\"position\":2,\"name\":\"I Jornadas cann\u00e1bicas en Valencia: d\u00eda dos, la pol\u00edtica\"}]},{\"@type\":\"WebSite\",\"@id\":\"https:\/\/www.cannabis.es\/pw\/#website\",\"url\":\"https:\/\/www.cannabis.es\/pw\/\",\"name\":\"Cannabis\",\"description\":\"Portal multimedia sobre cannabis y otras sustancias\",\"publisher\":{\"@id\":\"https:\/\/www.cannabis.es\/pw\/#organization\"},\"potentialAction\":[{\"@type\":\"SearchAction\",\"target\":{\"@type\":\"EntryPoint\",\"urlTemplate\":\"https:\/\/www.cannabis.es\/pw\/?s={search_term_string}\"},\"query-input\":{\"@type\":\"PropertyValueSpecification\",\"valueRequired\":true,\"valueName\":\"search_term_string\"}}],\"inLanguage\":\"es\"},{\"@type\":\"Organization\",\"@id\":\"https:\/\/www.cannabis.es\/pw\/#organization\",\"name\":\"Cannabis.es\",\"url\":\"https:\/\/www.cannabis.es\/pw\/\",\"logo\":{\"@type\":\"ImageObject\",\"inLanguage\":\"es\",\"@id\":\"https:\/\/www.cannabis.es\/pw\/#\/schema\/logo\/image\/\",\"url\":\"https:\/\/www.cannabis.es\/pw\/wp-content\/uploads\/2019\/04\/cropped-logo_cannabis.png\",\"contentUrl\":\"https:\/\/www.cannabis.es\/pw\/wp-content\/uploads\/2019\/04\/cropped-logo_cannabis.png\",\"width\":361,\"height\":120,\"caption\":\"Cannabis.es\"},\"image\":{\"@id\":\"https:\/\/www.cannabis.es\/pw\/#\/schema\/logo\/image\/\"},\"sameAs\":[\"https:\/\/x.com\/cannabis_es\"]},{\"@type\":\"Person\",\"@id\":\"https:\/\/www.cannabis.es\/pw\/#\/schema\/person\/e2fbd204580cf4fe74c79b82bc447374\",\"name\":\"Cannabis.es\",\"image\":{\"@type\":\"ImageObject\",\"inLanguage\":\"es\",\"@id\":\"https:\/\/www.cannabis.es\/pw\/#\/schema\/person\/image\/\",\"url\":\"https:\/\/secure.gravatar.com\/avatar\/4375b1eb6e272e2e48a4b8a8def52e5f208151f555bb5906da616906ee6dd2e8?s=96&d=mm&r=g\",\"contentUrl\":\"https:\/\/secure.gravatar.com\/avatar\/4375b1eb6e272e2e48a4b8a8def52e5f208151f555bb5906da616906ee6dd2e8?s=96&d=mm&r=g\",\"caption\":\"Cannabis.es\"},\"url\":\"https:\/\/www.cannabis.es\/pw\/author\/cannabis\/\"}]}<\/script>\n<!-- \/ Yoast SEO plugin. -->","yoast_head_json":{"title":"I Jornadas cann\u00e1bicas en Valencia: d\u00eda dos, la pol\u00edtica","description":"Entrada &#8226; Portal multimedia sobre cannabis y otras sustancias &#8226; 5 diciembre, 2018","robots":{"index":"index","follow":"follow","max-snippet":"max-snippet:-1","max-image-preview":"max-image-preview:large","max-video-preview":"max-video-preview:-1"},"canonical":"https:\/\/www.cannabis.es\/pw\/2018\/12\/05\/i-jornadas-cannabicas-en-valencia-dia-dos-la-politica\/","twitter_card":"summary_large_image","twitter_title":"I Jornadas cann\u00e1bicas en Valencia: d\u00eda dos, la pol\u00edtica","twitter_description":"Entrada &#8226; Portal multimedia sobre cannabis y otras sustancias &#8226; 5 diciembre, 2018","twitter_image":"https:\/\/www.cannabis.es\/pw\/wp-content\/uploads\/2020\/05\/ponencia-valencia-portada-2parte.jpg","twitter_creator":"@cannabis_es","twitter_site":"@cannabis_es","twitter_misc":{"Escrito por":"Cannabis.es","Tiempo de lectura":"12 minutos"},"schema":{"@context":"https:\/\/schema.org","@graph":[{"@type":"Article","@id":"https:\/\/www.cannabis.es\/pw\/2018\/12\/05\/i-jornadas-cannabicas-en-valencia-dia-dos-la-politica\/#article","isPartOf":{"@id":"https:\/\/www.cannabis.es\/pw\/2018\/12\/05\/i-jornadas-cannabicas-en-valencia-dia-dos-la-politica\/"},"author":{"name":"Cannabis.es","@id":"https:\/\/www.cannabis.es\/pw\/#\/schema\/person\/e2fbd204580cf4fe74c79b82bc447374"},"headline":"I Jornadas cann\u00e1bicas en Valencia: d\u00eda dos, la pol\u00edtica","datePublished":"2018-12-05T10:46:19+00:00","dateModified":"2020-09-04T11:17:40+00:00","mainEntityOfPage":{"@id":"https:\/\/www.cannabis.es\/pw\/2018\/12\/05\/i-jornadas-cannabicas-en-valencia-dia-dos-la-politica\/"},"wordCount":2419,"publisher":{"@id":"https:\/\/www.cannabis.es\/pw\/#organization"},"image":{"@id":"https:\/\/www.cannabis.es\/pw\/2018\/12\/05\/i-jornadas-cannabicas-en-valencia-dia-dos-la-politica\/#primaryimage"},"thumbnailUrl":"https:\/\/www.cannabis.es\/pw\/wp-content\/uploads\/2020\/05\/ponencia-valencia-portada-2parte.jpg","keywords":["cannabis","cannabis marihuana","CSC","lagalizaci\u00f3n","legislaci\u00f3n","marihuana","regulaci\u00f3n cannabis","reportaje"],"articleSection":["Reportajes"],"inLanguage":"es"},{"@type":"WebPage","@id":"https:\/\/www.cannabis.es\/pw\/2018\/12\/05\/i-jornadas-cannabicas-en-valencia-dia-dos-la-politica\/","url":"https:\/\/www.cannabis.es\/pw\/2018\/12\/05\/i-jornadas-cannabicas-en-valencia-dia-dos-la-politica\/","name":"I Jornadas cann\u00e1bicas en Valencia: d\u00eda dos, la pol\u00edtica","isPartOf":{"@id":"https:\/\/www.cannabis.es\/pw\/#website"},"primaryImageOfPage":{"@id":"https:\/\/www.cannabis.es\/pw\/2018\/12\/05\/i-jornadas-cannabicas-en-valencia-dia-dos-la-politica\/#primaryimage"},"image":{"@id":"https:\/\/www.cannabis.es\/pw\/2018\/12\/05\/i-jornadas-cannabicas-en-valencia-dia-dos-la-politica\/#primaryimage"},"thumbnailUrl":"https:\/\/www.cannabis.es\/pw\/wp-content\/uploads\/2020\/05\/ponencia-valencia-portada-2parte.jpg","datePublished":"2018-12-05T10:46:19+00:00","dateModified":"2020-09-04T11:17:40+00:00","description":"Entrada &#8226; Portal multimedia sobre cannabis y otras sustancias &#8226; 5 diciembre, 2018","breadcrumb":{"@id":"https:\/\/www.cannabis.es\/pw\/2018\/12\/05\/i-jornadas-cannabicas-en-valencia-dia-dos-la-politica\/#breadcrumb"},"inLanguage":"es","potentialAction":[{"@type":"ReadAction","target":["https:\/\/www.cannabis.es\/pw\/2018\/12\/05\/i-jornadas-cannabicas-en-valencia-dia-dos-la-politica\/"]}]},{"@type":"ImageObject","inLanguage":"es","@id":"https:\/\/www.cannabis.es\/pw\/2018\/12\/05\/i-jornadas-cannabicas-en-valencia-dia-dos-la-politica\/#primaryimage","url":"https:\/\/www.cannabis.es\/pw\/wp-content\/uploads\/2020\/05\/ponencia-valencia-portada-2parte.jpg","contentUrl":"https:\/\/www.cannabis.es\/pw\/wp-content\/uploads\/2020\/05\/ponencia-valencia-portada-2parte.jpg","width":959,"height":475},{"@type":"BreadcrumbList","@id":"https:\/\/www.cannabis.es\/pw\/2018\/12\/05\/i-jornadas-cannabicas-en-valencia-dia-dos-la-politica\/#breadcrumb","itemListElement":[{"@type":"ListItem","position":1,"name":"Portada","item":"http:\/\/www.cannabis.es\/pw\/"},{"@type":"ListItem","position":2,"name":"I Jornadas cann\u00e1bicas en Valencia: d\u00eda dos, la pol\u00edtica"}]},{"@type":"WebSite","@id":"https:\/\/www.cannabis.es\/pw\/#website","url":"https:\/\/www.cannabis.es\/pw\/","name":"Cannabis","description":"Portal multimedia sobre cannabis y otras sustancias","publisher":{"@id":"https:\/\/www.cannabis.es\/pw\/#organization"},"potentialAction":[{"@type":"SearchAction","target":{"@type":"EntryPoint","urlTemplate":"https:\/\/www.cannabis.es\/pw\/?s={search_term_string}"},"query-input":{"@type":"PropertyValueSpecification","valueRequired":true,"valueName":"search_term_string"}}],"inLanguage":"es"},{"@type":"Organization","@id":"https:\/\/www.cannabis.es\/pw\/#organization","name":"Cannabis.es","url":"https:\/\/www.cannabis.es\/pw\/","logo":{"@type":"ImageObject","inLanguage":"es","@id":"https:\/\/www.cannabis.es\/pw\/#\/schema\/logo\/image\/","url":"https:\/\/www.cannabis.es\/pw\/wp-content\/uploads\/2019\/04\/cropped-logo_cannabis.png","contentUrl":"https:\/\/www.cannabis.es\/pw\/wp-content\/uploads\/2019\/04\/cropped-logo_cannabis.png","width":361,"height":120,"caption":"Cannabis.es"},"image":{"@id":"https:\/\/www.cannabis.es\/pw\/#\/schema\/logo\/image\/"},"sameAs":["https:\/\/x.com\/cannabis_es"]},{"@type":"Person","@id":"https:\/\/www.cannabis.es\/pw\/#\/schema\/person\/e2fbd204580cf4fe74c79b82bc447374","name":"Cannabis.es","image":{"@type":"ImageObject","inLanguage":"es","@id":"https:\/\/www.cannabis.es\/pw\/#\/schema\/person\/image\/","url":"https:\/\/secure.gravatar.com\/avatar\/4375b1eb6e272e2e48a4b8a8def52e5f208151f555bb5906da616906ee6dd2e8?s=96&d=mm&r=g","contentUrl":"https:\/\/secure.gravatar.com\/avatar\/4375b1eb6e272e2e48a4b8a8def52e5f208151f555bb5906da616906ee6dd2e8?s=96&d=mm&r=g","caption":"Cannabis.es"},"url":"https:\/\/www.cannabis.es\/pw\/author\/cannabis\/"}]}},"_links":{"self":[{"href":"https:\/\/www.cannabis.es\/pw\/wp-json\/wp\/v2\/posts\/2181","targetHints":{"allow":["GET"]}}],"collection":[{"href":"https:\/\/www.cannabis.es\/pw\/wp-json\/wp\/v2\/posts"}],"about":[{"href":"https:\/\/www.cannabis.es\/pw\/wp-json\/wp\/v2\/types\/post"}],"author":[{"embeddable":true,"href":"https:\/\/www.cannabis.es\/pw\/wp-json\/wp\/v2\/users\/1"}],"replies":[{"embeddable":true,"href":"https:\/\/www.cannabis.es\/pw\/wp-json\/wp\/v2\/comments?post=2181"}],"version-history":[{"count":2,"href":"https:\/\/www.cannabis.es\/pw\/wp-json\/wp\/v2\/posts\/2181\/revisions"}],"predecessor-version":[{"id":4835,"href":"https:\/\/www.cannabis.es\/pw\/wp-json\/wp\/v2\/posts\/2181\/revisions\/4835"}],"wp:featuredmedia":[{"embeddable":true,"href":"https:\/\/www.cannabis.es\/pw\/wp-json\/wp\/v2\/media\/2182"}],"wp:attachment":[{"href":"https:\/\/www.cannabis.es\/pw\/wp-json\/wp\/v2\/media?parent=2181"}],"wp:term":[{"taxonomy":"category","embeddable":true,"href":"https:\/\/www.cannabis.es\/pw\/wp-json\/wp\/v2\/categories?post=2181"},{"taxonomy":"post_tag","embeddable":true,"href":"https:\/\/www.cannabis.es\/pw\/wp-json\/wp\/v2\/tags?post=2181"}],"curies":[{"name":"wp","href":"https:\/\/api.w.org\/{rel}","templated":true}]}}