{"id":2184,"date":"2018-12-03T11:48:15","date_gmt":"2018-12-03T10:48:15","guid":{"rendered":"http:\/\/www.cannabis.es\/pw\/?p=2184"},"modified":"2020-09-04T13:17:52","modified_gmt":"2020-09-04T11:17:52","slug":"i-jornadas-cannabicas-en-valencia-primer-dia","status":"publish","type":"post","link":"https:\/\/www.cannabis.es\/pw\/2018\/12\/03\/i-jornadas-cannabicas-en-valencia-primer-dia\/","title":{"rendered":"I Jornadas cann\u00e1bicas en Valencia: primer d\u00eda"},"content":{"rendered":"\n<p>Arnau Alcaide<\/p>\n\n\n\n<p>En el Foro Cann\u00e1bico Valenciano, un encuentro en la Universidad de Valencia entre&nbsp;consumidores,&nbsp;activistas, pol\u00edticos, investigadores, asociaciones y organizaciones, se han debatido los pasos hacia la legalizaci\u00f3n, dado el presente contexto de vulneraci\u00f3n de los derechos fundamentales de las personas, evidencia m\u00e9dica cient\u00edfica y una nueva concepci\u00f3n de la seguridad desde la educaci\u00f3n, no la prohibici\u00f3n y la marginalidad. El resumen del primer d\u00eda, con la ponencia de&nbsp;<strong>Carl Hart<\/strong>&nbsp;que deleit\u00f3 a la sala.&nbsp;<\/p>\n\n\n\n<hr class=\"wp-block-separator\"\/>\n\n\n\n<h3 class=\"wp-block-heading\"><strong>Apertura:&nbsp;<\/strong><strong>sembrando regulaci\u00f3n<\/strong><\/h3>\n\n\n\n<p>El evento abri\u00f3 de la mano de la teniente de alcalde Pilar Soriano, que se disculp\u00f3 de parte del enfermo Joan Rib\u00f3 para hablar de la necesidad de \u201cno marginar, no desregular, no mirar a otro lado o perseguir\u201d a los usuarios de cannabis. \u00c1ngeles Bele\u00f1a, de la Universidad de Valencia, pidi\u00f3&nbsp;<strong>combatir con ciencia<\/strong>&nbsp;los \u201cestereotipos err\u00f3neos\u201d.<\/p>\n\n\n\n<p>Francisco L\u00f3pez, de Patim, que investiga y act\u00faa en adicciones, se\u00f1al\u00f3 que siempre va a haber adictos, que el motivo de legalizar es \u201cla reducci\u00f3n de la criminalidad\u201d, si&nbsp;<strong>queremos que est\u00e9 \u201cen manos de los narcos o del estado\u201d<\/strong>. A decidir, seg\u00fan \u00e9l, tambi\u00e9n queda el modelo de producci\u00f3n o \u201csalir del armario medicinal para hablar de un placer\u201d.&nbsp;\u201cLa gran mentira de los datos son los adolescentes que van a pedir informaci\u00f3n a toxicolog\u00eda y se les mete como enfermos\u201d.<\/p>\n\n\n\n<p>A su vez, la abogada de colectivos cann\u00e1bicos, Esther S\u00e1nchez, pidi\u00f3 el fin de la \u201c<strong>ambig\u00fcedad<\/strong>&nbsp;legal\u201d para concretar qu\u00e9 est\u00e1 verdaderamente permitido, y del injusto drogotest, al que le falta, por lo menos, una \u201ccantidad de corte\u201d, como el \u201calcohol\u201d.<\/p>\n\n\n\n<p>La presidenta de la Confederaci\u00f3n de Asociaciones Catalanas y del REMA, el colectivo de mujeres antiprohibicionistas, destac\u00f3 que \u201cen Espa\u00f1a,<strong>&nbsp;solo hace falta voluntad pol\u00edtica<\/strong>\u201d. Patricia Amiguet explic\u00f3 adem\u00e1s que dan visibilidad a la mujer en un mundo \u201cque no es solo de hombres y rastafaris\u201d.<\/p>\n\n\n\n<p>Jos\u00e9 Afuera, en representaci\u00f3n de la Confederaci\u00f3n de Asociaciones Cann\u00e1bicas a nivel estatal, acus\u00f3 al Tribunal Constitucional de parecerse al viejo Tribunal de Orden franquista, dada la dura persecuci\u00f3n desde 1992 que sufren. Pide movilizaci\u00f3n a un movimiento \u201ccon m\u00e1s adeptos que votantes el PP\u201d para lograr una regulaci\u00f3n \u201cno como la del alcohol o la del tabaco, sino mejor\u201d. Apuesta por, v\u00eda los clubes sociales, integrar el mercado ilegal con la regularizaci\u00f3n para&nbsp;<strong>evitar un oligopolio de multinacionales<\/strong>&nbsp;americanas en el sector.<\/p>\n\n\n\n<p>Carlos Leiva, Jos\u00e9 Afuera, Patricia Amiguet, Andreu Moreno (moderador), Esther S\u00e1nchez y Francisco L\u00f3pez.<\/p>\n\n\n\n<h3 class=\"wp-block-heading\"><strong>Pacientes<\/strong><\/h3>\n\n\n\n<p>Carlos Leiva ser\u00eda el primer usuario m\u00e9dico en hablar. Con tinitis aguda, un pitido en el o\u00eddo, y dolores corporales cr\u00f3nicos, el aceite de CBD, que recientemente ha sido prohibido en Espa\u00f1a al eliminarse de la lista de alimentos, alivia sus dolores y el pitido, permit\u00e9ndole dormir. \u00c9l encontr\u00f3 el remedio por su cuenta y animado por dos d\u00edas de jornada, termin\u00f3 arengando una&nbsp;<strong>demanda colectiva de usuarios m\u00e9dicos al estado<\/strong>. La iniciar\u00e1 \u00e9l mismo, pero invita a unirse a todo el mundo. El pretexto: hab\u00eda un remedio del que ni se les inform\u00f3 y al que ahora se les criminaliza por acudir.<\/p>\n\n\n\n<p>El primer hemof\u00edlico de Castell\u00f3n, Javier Miravete, recrimin\u00f3 a Carcedo, la ministra de Salud socialista, que negara las propeidades m\u00e9dicas del cannabis. \u201cAunque exista una bater\u00eda de medicamentos para el dolor, no a todos nos va bien\u201d. \u201cIba muy colocado y me costaba salir de casa. Desarroll\u00e9&nbsp;otras patolog\u00edas por los efectos secundarios de la medicaci\u00f3n convencional y me contagiaron con las plaquetas Hepatitas A, B, y C, adem\u00e1s de poder desarrollar la enfermedad de las vacas locas\u201d, criticaba de la medicaci\u00f3n previa. \u201cMe ha dado una calidad de vida que no ten\u00eda\u201d. Su asociaci\u00f3n satisface las necesidades m\u00e9dicas de quienes acuden mediante un c\u00f3digo \u00e9tico, pero \u201cmuy pocos clubes\u201d operan tan rigurosamente.<\/p>\n\n\n\n<p>Blanca Keller no encontraba las palabras, y a\u00fan as\u00ed tuvo la lucidez de pedir \u201cseguridad e informaci\u00f3n sin miedo\u201d, una \u201csoluci\u00f3n\u201d que deben dar \u201clos pol\u00edticos\u201d. Ella, debido a su glioblastoma, tumor cerebral, empez\u00f3 a medicarse con cannabis para soportar la quimio, algo que asegur\u00f3, no podr\u00eda haber hecho sin el alivio de la planta.<\/p>\n\n\n\n<p>No fue el caso de Lola Ram\u00edrez, la valiente cultivadora, que en calidad de respetable persona mayor, no tuvo pelos en la lengua. \u201cEs una verg\u00fcenza llevar a un enfermo al mercado negro\u201d. \u201c<strong>No voy a aceptar que me multen: que me env\u00eden a la c\u00e1rcel o me dejen estar. Cuando me pillen con el drogotest, pienso montar una que me llevan presa por desacato<\/strong>\u201d.<\/p>\n\n\n\n<p>Des del colectivo Metzineres, para mujeres usuarias de drogas en un entorno masculinizado, Susana Moreno explic\u00f3 que, \u201ccon un par de porros\u201d, se toma la vida \u201ccon otros ojos\u201d. Antes, su elevado consumo de estupefacientes le acarreaba problemas, y tampoco los tranquimazines posteriores la ayudaron a llevar su actual calidad de vida. Se trata de ayudar, con cannabis, a salir de otras sustancias indudablmenente m\u00e1s da\u00f1inas.<\/p>\n\n\n\n<figure class=\"wp-block-image\"><img decoding=\"async\" src=\"https:\/\/www.cannabis.es\/web\/images\/ponencia-valencia2.jpg\" alt=\"\"\/><\/figure>\n\n\n\n<h3 class=\"wp-block-heading\"><strong>Ministro dan\u00e9s<\/strong><\/h3>\n\n\n\n<p>El exministro dan\u00e9s Manu Sareen tach\u00f3 de \u201cvalientes\u201d los testimonios de pacientes y asegur\u00f3 que \u201cmuchos de los que enferman mueren por la imposibilidad de la medicina convencional de brindarles una respuesta\u201d, mientras que \u201cmiles est\u00e1n siendo criminalizados\u201d por tratarse ilegalmente. En su caso, el estr\u00e9s durante su per\u00edodo en el gobierno le enferm\u00f3, impidi\u00e9ndole dormir. Su doctor le recomend\u00f3 cannabis y ante la r\u00e1pida soluci\u00f3n que encontr\u00f3, declar\u00f3 su uso a los medios. \u201cEntiendo a los pol\u00edticos: es el estigma lo que les retrae\u201d. \u201cEl buen cambio vendr\u00e1 con la gente empoder\u00e1ndose\u201d.<\/p>\n\n\n\n<h3 class=\"wp-block-heading\"><strong>El futuro de las terapias con cannabis<\/strong><\/h3>\n\n\n\n<p>La doctoranda Noem\u00ed S\u00e1nchez se pregunta cu\u00e1ndo podr\u00e1 consumir legalmente, conocedora de que la sustancia no es t\u00f3xica, alivia su esclerosis m\u00faltiple y le proporciona \u201calegr\u00eda\u201d. Reclama que adem\u00e1s necesitan que se \u201cabran las v\u00edas para seguir investigando\u201d. Puso en valor la \u201cvalent\u00eda\u201d de algunos doctores al \u201crecomendar cannabis a sus pacientes\u201d sabiendo \u201clos riesgos legales que conlleva\u201d.<\/p>\n\n\n\n<p>Jos\u00e9 Bouso introdujo el&nbsp;<strong>sistema endocannabinoide<\/strong>&nbsp;por el cual, acutando sobre \u00e9l, se pueden regular los procesos fisiol\u00f3gicos farmacol\u00f3gicamente. Ejemplo de esto puso sus usos&nbsp;<strong>paliativos<\/strong>&nbsp;del dolor, para la<strong>&nbsp;espasticidad o antiem\u00e9ticos<\/strong>.<\/p>\n\n\n\n<p>Esther Mart\u00ednez habl\u00f3 del potencial efecto&nbsp;<strong>antitumoral en desarrollo<\/strong>&nbsp;de los cannabinoides (fase precl\u00ednica). Ismael Galve, de los usos contra la epilepsia, para los que tambi\u00e9n reclam\u00f3 m\u00e1s ensayos cl\u00ednicos y cuestion\u00f3 la eficacia del Sativex, medicamento comercializado recientemente.<\/p>\n\n\n\n<p>Jos\u00e9 Manuel Albalad hizo un an\u00e1lisis hist\u00f3rico de la prohibici\u00f3n y habl\u00f3 de legalizaci\u00f3n m\u00e9dica y actividad econ\u00f3mica. Esta \u00faltima, se\u00f1al\u00f3, en el futuro se deber\u00e1 principalmente al recreacional. Indic\u00f3 que \u201chasta ahora se ha visto el cannabis como una droga dura, que mata, pero tenemos otra realidad a trav\u00e9s de las investigaciones\u201d. Introdujo las&nbsp;<strong>sinergias<\/strong>&nbsp;de los compuestos de la planta, que se potenciar\u00edan al tomarse conjuntamente, y explic\u00f3 el&nbsp;<strong>efecto s\u00e9quito<\/strong>, que \u201cse produce al tomar tanto THC como CBD\u201d y crear diferentes respuestas, \u201cdado que el efecto de la planta en los diferentes controladores del sistema endocannabinoide depende del cannabinoide tomado\u201d.<\/p>\n\n\n\n<blockquote class=\"wp-block-quote is-layout-flow wp-block-quote-is-layout-flow\"><p>\u201c<em>Ni encumbrar ni desechar, seguir investigando. Queremos que a los que investigamos nos vean como personas que intentamos entender esa planta\u201d<\/em><\/p><\/blockquote>\n\n\n\n<h3 class=\"wp-block-heading\"><strong>Carl Hart<\/strong><\/h3>\n\n\n\n<p><strong>El investigador estadounidense Carl Hart, doctor en neurociencia, promueve el argumento de que las drogas no son peligrosas y por eso ilegales, sino a la inversa, ilegales y por eso peligrosas.&nbsp;<\/strong>En una clase de historia de los derechos humanos, introdujo las consecuencias de la legalizaci\u00f3n del cannabis en algunos estados&nbsp;de Estados Unidos: \u201cos dar\u00e9 contexto de porqu\u00e9 se ilegaliz\u00f3 y despu\u00e9s os contar\u00e9 la influencia de ese contexto en el&nbsp;presente. Finalmente, las consecuencias desde que hemos cambiado la ley\u201d.<\/p>\n\n\n\n<p>\u201cCuando la oficina de drogas en la ley seca dej\u00f3 de tener qu\u00e9 hacer, empez\u00f3 a perseguir el cannabis. Entonces, quienes lo usaban eran mexicanos y negros, y Anslinger, de narc\u00f3ticos, dec\u00eda que los usuarios enloquec\u00edan. Las pel\u00edculas influenciaban al congreso y la gente cre\u00eda que si fumabas enloquec\u00edas como en las historias. La marihuana fue prohibida pues con el pretexto de que la gente fumaba; no con motivos cient\u00edficos, sino sociales\u201d.<\/p>\n\n\n\n<p>\u201c<strong>La pregunta hoy sigue siendo si te vuelve psic\u00f3tico consumir<\/strong>, porque sigue influyendo hasta en la forma en la que investigamos y entendemos el conocimiento. En los estudios, se presupone que la demostraci\u00f3n de s\u00edntomas de psicosis y el uso de cannabis est\u00e1n relacionados, pero son s\u00edntomas que no tienen por qu\u00e9 ser vinculantes. Hay estudios demostrando que el abuso no causa psicosis.&nbsp;La correlaci\u00f3n no es causalidad,&nbsp;<strong>la relaci\u00f3n entre el consumo de cannabis y la psicosis es igual a la relaci\u00f3n entre la psicosis y poseer un gato en la infancia<\/strong>\u201d, como revela de manera absurda un estudio&nbsp;con el que compar\u00f3 la inferencia, construida con m\u00e9todos estad\u00edsticos, de los resultados hacia una causalidad inexistente.<\/p>\n\n\n\n<p>\u201cEn los 70, muchos estados decidieron descriminalizar el cannabis porque las nuevas generaciones de clases medias o altas empezaban a tener manchas legales. Hay una hipocres\u00eda en ese cambio. En 1976, Robert Randall gan\u00f3 en juicio el derecho a ser provisto de cannabis medicinal por el estado. El programa se detuvo en 1992 con Bush I, pero dos pacientes a\u00fan siguen en \u00e9l con vida. Si preguntamos a la gente en refer\u00e9ndum, la mayor\u00eda de estados votan a favor del uso medicinal\u201d.<\/p>\n\n\n\n<p>\u201c<strong>El 80% de los arrestos por posesi\u00f3n<\/strong>&nbsp;de drogas son&nbsp;por cannabis. Una represi\u00f3n que, adem\u00e1s discrimina a los grupos racialmente.&nbsp;<strong>Los negros tienen cuatro veces m\u00e1s posibilidades de ser arrestados a nivel estatal; los latinos son 2\/3 de los arrestados a nivel federal<\/strong>. En muchos&nbsp;de esos&nbsp;arrestos, la polic\u00eda mata y usa la supuesta psicosis causada por el cannabis como justificaci\u00f3n. Son muchas de las consecuencias del cannabis que pasamos por alto cuando hablamos cient\u00edficamente\u201d.<\/p>\n\n\n\n<p>\u201cEn&nbsp;Colorado,&nbsp;Washington&nbsp;State y&nbsp;Washington DC, los arrestos han ca\u00eddo un 50% consecuencia de la legalizaci\u00f3n.&nbsp;Todav\u00eda sigue el gap racial de arrestos, pero ha decrecido la diferencia. La legalizaci\u00f3n elimina una de las herramientas de criminalizaci\u00f3n de grupos raciales\u201d.<\/p>\n\n\n\n<p>\u201cAhora que&nbsp;algunos&nbsp;estados lo han hecho,&nbsp;otros tantos&nbsp;piensan que deber\u00edan,&nbsp;y la legalizaci\u00f3n se extiende.&nbsp;Ya hay diez estados que la han legalizado.&nbsp;Los efectos de la libertad del cannabis son obviados en muchas ocasiones, y el foco se centra en posibles problemas que causar\u00eda.&nbsp;Aunque aumenta el n\u00famero de personas con restos de cannabinoides al volante,&nbsp;<strong>si nos fijamos en las que adem\u00e1s de dar positivo en cannabinoides tienen 5ng\/ml de THC,&nbsp;<\/strong><strong>estas&nbsp;<\/strong><strong>han disminuido<\/strong>\u201d.<\/p>\n\n\n\n<figure class=\"wp-block-image\"><img decoding=\"async\" src=\"https:\/\/www.cannabis.es\/web\/images\/hart_1.jpg\" alt=\"\"\/><\/figure>\n\n\n\n<p>\u201cEstudio dando cannabis a la gente y viendo c\u00f3mo afecta a las funciones psicomotrices, y es muy dif\u00edcil saber si alguien est\u00e1 afectado para la conducci\u00f3n u otras tareas.&nbsp;<strong>Incluso en los 5 ml de THC, el hecho de que est\u00e9 subiendo o bajando en el organismo es muy relevante e implica diferencias significativas&nbsp;<\/strong><strong>para las<\/strong><strong>&nbsp;que la medici\u00f3n de la cantidad de sustancia en el cuerpo no ofrece una buena respuesta\u201d<\/strong>.<\/p>\n\n\n\n<p>\u201cMuchas de las visitas a emergencias no son realmente por cannabis aunque se fichen como tal. Los estudios demuestran que el uso entre adolescentes no ha cambiado pese a la legalizaci\u00f3n. Cuando pensamos en las consecuencias de la legalizaci\u00f3n, encontramos la libertad: permite a los adultos comportarse como adultos y tomar sus propias decisiones, conscientes de si quieren hacer usos psicoactivos. Ha aumentado de facto las libertades y reducido los arrestos. Ahora los polic\u00edas no tienen esa \u2018causa probable\u2019 para ir a por las personas\u201d.<\/p>\n\n\n\n<p>\u201cEn el sur de&nbsp;Estados Unidos, donde hay m\u00e1s poblaci\u00f3n negra,&nbsp;<strong>no se legaliza porque la polic\u00eda se ha esforzado mucho en mantenerlo ilegal<\/strong>\u201d.<\/p>\n\n\n\n<p>Fue preguntado por los efectos del consumo sobre la personalidad.&nbsp;\u201cNo creo que la personalidad sea estable y esa es una premisa que se mantiene. Est\u00e1 basada en tantas cosas que nunca he mirado los efectos en la personalidad\u201d.<\/p>\n\n\n\n<p>Y termin\u00f3 lanzando un mensaje de lucha. \u201cSi no desafiamos a los pol\u00edticos, no va a pasar, hay que avergonzarlos.&nbsp;<strong>M<\/strong><strong>ucha gente ha sido demasiado educada y no han luchado por el derecho a usar las drogas como han luchado por otras cosas<\/strong>. No hay ninguna raz\u00f3n para que cambien los pol\u00edticos sin presi\u00f3n social\u201d.<\/p>\n\n\n\n<p>A la pregunta de Jos\u00e9 Afuera sobre garantizar un modelo econ\u00f3mico social del cannabis, respondi\u00f3 que tenemos \u201cuna sociedad capitalista\u201d, y que \u201cmientras sea de esta manera, la gente intentar\u00e1 hacer dinero\u201d. \u201c\u00bfPor qu\u00e9 \u00edbamos a esperar que el cannabis fuese diferente a otros negocios? La gente va a ser explotada para producirlo, pero podemos intentar hacer las cosas mejor, como en California, donde a diferencia de Colorado quieren dejar producir a los pro cannabis que ya estaban operando anteriormente. Aunque pedimos m\u00e1s a la industria del cannabis que a la industria en general\u201d.<\/p>\n\n\n\n<p>\u201cHay pasos que se pueden tomar para prevenir que toda la industria caiga en las manos de multinacionales. Podemos asegurar que no son monopolios, que pagan impuestos con fines sociales, que la gente de la industria debe representar a la sociedad y emplear a todos. Podemos regular ese tipo de cosas y habr\u00e1 futuras ideas que vengan del globo.\u201d<\/p>\n\n\n\n<p>Y lanz\u00f3 otra pregunta. \u201c<strong>\u00bfP<\/strong><strong>or qu\u00e9 criminalizar otros compuestos cuando queremos legalizar el cannabis?<\/strong>&nbsp;Quiero que los adultos tengan esa opci\u00f3n. Yo, personalmente, quiero tener esa opci\u00f3n\u201d, afirm\u00f3 en referencia a la libertad de consumir sustancias.<\/p>\n\n\n\n<p>Habl\u00f3 de Reino Unido.&nbsp;\u201cDeber\u00edamos mirar los problemas con la regulaci\u00f3n del alcohol y del tabaco&nbsp;y pensar qu\u00e9 hacen incorrectamente. Parece que esa sociedad empuja a estar muy borracho. Debemos asegurar que la cultura en los medios y las pel\u00edculas no da la imagen de que ponerse hasta el culo est\u00e1 bien. Miramos hacia el cannabis intentando evitar la promoci\u00f3n que el alcohol y el tabaco han tenido durante el tiempo. Es lo que hacen los humanos, miran los errores y los mejoran, estoy de acuerdo de que deber\u00eda ser mejor ley\u201d.<\/p>\n\n\n\n<p>Sobre el modelo de clubes, con el que se muestra un tanto esc\u00e9ptico, explica que viaja por el mundo y aprende todo de diferente gente. \u201cLo que hay que tener en cuenta es qu\u00e9 contribuciones \u00fanicas ha hecho la sociedad espa\u00f1ola a la causa del cannabis. Si esta contribuci\u00f3n es evitar que caiga en las manos del capitalismo depredador, debemos pelear para conseguirlo, pero la primera cosa que necesitas es dejar de hacer negocios en sociedad, si no, no va a cambiar\u201d.<\/p>\n\n\n\n<p>En Brasil se han centrado en los traficantes demasiado. Si no tienes oportunidades y el tr\u00e1fico te da una, es una opci\u00f3n. Tienen otros problemas que, hasta que no arreglen, no van a ver mejoras en el narcotr\u00e1fico. No es el crack, que dijeron hace un a\u00f1o, sino la pobreza y la falta de educaci\u00f3n\u201d.<\/p>\n\n\n\n<p>\u201c<em>Si la mayor\u00eda de gente usa el alcohol de manera responsable, no es diferente con otras cosas\u201d<\/em><\/p>\n\n\n\n<h3 class=\"wp-block-heading\"><strong>\u00daltima mesa: consumo, placer, drogodependencia y j\u00f3venes<br><\/strong><\/h3>\n\n\n\n<p>\u00d3scar Par\u00e9s, del instituto de investigaci\u00f3n ICEERS, retom\u00f3 el encanto de la prohibici\u00f3n para traer el foco al \u00e1mbito m\u00e9dico y jur\u00eddico espa\u00f1ol. Habl\u00f3 de la historia del prohibicionismo y apoy\u00f3 los postulados de Hart. \u201cLa prohibici\u00f3n est\u00e1 tan arraigada que de alguna forma todos las tenemos dentro. Os invito a poneros el espejo delante y ver c\u00f3mo&nbsp;<strong>todos formamos parte de estigmatizar<\/strong>&nbsp;y clasificar a la gente, de ah\u00ed el dulce encanto de la prohibici\u00f3n.&nbsp;Pero, con el tiempo, estamos&nbsp;subvirtiendo&nbsp;este orden y dando espacio a la gesti\u00f3n de placeres\u201d.<br><br>\u201cLa maquinaria de la prohibici\u00f3n utiliza los riesgos para mantener el&nbsp;<em>statu quo<\/em>. Cunado se empieza a legalizar, se fomentan los miedos\u201d.&nbsp;El cannabis, no obstante, es el \u201cparadigma\u201d de la aceptaci\u00f3n actualmente y descart\u00f3 los estudios que lo demonizan.&nbsp;\u201cComo dec\u00eda Carl Hart, el problema viene de confundir causalidad y correlaci\u00f3n\u201d.<\/p>\n\n\n\n<p>Mireia Ambr\u00f2s,&nbsp;de la Agencia de Salud P\u00fablica catalana<strong>,&nbsp;<\/strong>explic\u00f3 c\u00f3mo&nbsp;se&nbsp;les&nbsp;\u201cpidi\u00f3 desde los ayuntamientos&nbsp;c\u00f3mo se podr\u00eda regular la realidad de los m\u00e1s de 700 clubes distribuidos por las cuidades catalanas\u201d. De acuerdo con asociaciones y revisado por profesionales de la salud,&nbsp;\u201cse construy\u00f3 el borrador\u201d&nbsp;en el que se pens\u00f3 en la seguridad del consumidor.<br><br>Nuria Calzada&nbsp;insisti\u00f3 en la falta de causalidad en las correlaciones que plantean los estudios de da\u00f1os. \u201cEstamos en un mundo que proh\u00edbe, y cada vez m\u00e1s cosas.&nbsp;<strong>Dejen de prohibir, que ya no alcanzo a desobedecer a todo\u201d&nbsp;<br><br><\/strong>\u201cEs muy f\u00e1cil confundir el consumo con la adicci\u00f3n. No hay una divisi\u00f3n de dos, sino todo un espectro desde los usos no problem\u00e1ticos hasta los problem\u00e1ticos que nada tiene que ver con la dicotom\u00eda que plantea la sociedad\u201d,&nbsp;argument\u00f3.&nbsp;\u201cNing\u00fan medio quiere hablar de que no te permiten informar cuando te sales del mensaje o discurso oficial.&nbsp;You&nbsp;Tube, Facebook, etc.,&nbsp;cierran las cuentas y publicaciones de instrucci\u00f3n al consumo. En el caso de las armas, existe un filtro de 21 a\u00f1os de edad\u201d.<br><br>\u201cEl tratamiento medi\u00e1tico suele ser tendencioso en medios generalistas.&nbsp;La realidad es muy selectiva con la ciencia que se queda.&nbsp;<strong>Sin ir m\u00e1s lejos, Carl Hart ha sido tratado recientemente en&nbsp;<a href=\"https:\/\/www.lavanguardia.com\/lacontra\/20181116\/452962507994\/el-peligro-que-tienen-todas-las-drogas-es-tu-ignorancia.html\">La Vanguardia<\/a>&nbsp;des del punto de vista de su consumo, m\u00e1s que su investigaci\u00f3n\u201d<\/strong>.<\/p>\n\n\n\n<p>Salvador Amig\u00f3 Borr\u00e1s,&nbsp;de Fes-ho b\u00e9 (consumo joven),&nbsp;a su vez, habl\u00f3 del&nbsp;consumo de cannabis en j\u00f3venes valencianos. \u201cLa universidad no est\u00e1 abriendo las&nbsp;puertas&nbsp;a una nueva mentalidad sobre drogas, los que lo hacemos, vamos a contracorriente.&nbsp;El enfoque de da\u00f1o en j\u00f3venes permite contrarrestar el argumento principal de los prohibicionistas,&nbsp;ya que es su temor principal. Para ello, me plante\u00e9 c\u00f3mo era la prevenci\u00f3n. Me di cuenta de que las encuestas eran tendenciosas hacia lo negativo y montamos unas encuestas amplias por las que fuimos acusados de procannabicos. El cambio llev\u00f3 a una redacci\u00f3n diferente que hac\u00eda hincapi\u00e9 en una propuesta permisiva,&nbsp;informando&nbsp;sobre los riesgos en lugar de las consecuencias legales\u201d.<\/p>\n\n\n\n<p>\u201cCon datos cient\u00edficos, vemos que si empleamos los mensajes punitivos de toda la vida, estamos convenciendo a los convencidos, mientras que con los que est\u00e1n consumiendo no conseguimos nada.&nbsp;D\u00e9mosle un giro a esto, lo estamos haciendo mal,&nbsp;pensamos.&nbsp;Los encuestados revelaron efectos positivos a largo plazo,&nbsp;y&nbsp;apenas negativos, aunque s\u00ed es cierto que los hay\u201d.<\/p>\n\n\n\n<p>\u201cA\u00fan as\u00ed, que no lleguen los negativos al 1% de los encuestados es revelador.<strong>&nbsp;Los perjuicios se han exagerado de manera estratosf\u00e9rica con estudios muy tendenciosos desde un punto de vista en negativo, con preguntas en negativo, buscando en negativo, y eso no es ciencia.<\/strong>&nbsp;Los beneficios reportados son claramente muy superiores a los perjuicios, por lo que el argumento de los prohibicionistas sobre los j\u00f3venes no se sostiene cient\u00edficamente y refuta el principal argumento prohibicionista\u201d.&nbsp;El colectivo de consumidores cannabicos muestra pautas diferentes al de otras drogas,&nbsp;record\u00f3.<br><\/p>\n","protected":false},"excerpt":{"rendered":"<span class=\"span-reading-time rt-reading-time\" style=\"display: block;\"><span class=\"rt-label rt-prefix\">Tiempo de lectura:<\/span> <span class=\"rt-time\"> 10<\/span> <span class=\"rt-label rt-postfix\">minutos<\/span><\/span>Arnau Alcaide En el Foro Cann\u00e1bico Valenciano, un encuentro en la Universidad de Valencia entre&nbsp;consumidores,&nbsp;activistas, pol\u00edticos, investigadores, asociaciones y organizaciones, se han debatido los pasos hacia la legalizaci\u00f3n, dado el presente contexto de vulneraci\u00f3n de los derechos fundamentales de las personas, evidencia m\u00e9dica cient\u00edfica y una nueva concepci\u00f3n de la seguridad desde la educaci\u00f3n, no [&hellip;]","protected":false},"author":1,"featured_media":2185,"comment_status":"closed","ping_status":"closed","sticky":false,"template":"","format":"standard","meta":{"loftocean-featured-post":"","loftocean_post_format_gallery":"","loftocean_post_format_gallery_ids":"","loftocean_post_format_gallery_urls":"","loftocean_post_format_video_id":"","loftocean_post_format_video_url":"","loftocean_post_format_video_type":"","loftocean_post_format_video":"","loftocean_post_format_audio_type":"","loftocean_post_format_audio_url":"","loftocean_post_format_audio_id":"","loftocean_post_format_audio":"","loftocean_post_format_quote_text":"","loftocean_post_format_quote_byline":"","loftocean_post_format_link_text":"","loftocean_post_format_link_url":"","ceramag_post_header_style":"","ceramag_enable_background_video":"","ceramag_show_in_top_slider":"","ceramag_post_background_video_start":"","ceramag_post_background_video_end":"","loftocean_page_background_video_id":"","loftocean_page_background_video_url":"","loftocean_page_background_video_type":"","loftocean_page_background_video":"","ceramag_background_video_start":"","ceramag_background_video_end":"","ceramag_single_page_hide_header":"","footnotes":""},"categories":[34],"tags":[41,789,54,657,40,56,537,788],"class_list":["post-2184","post","type-post","status-publish","format-standard","has-post-thumbnail","hentry","category-reportajes","tag-cannabis","tag-cannabis-marihuana","tag-legalizacion","tag-legislacion","tag-marihuana","tag-regulacion-cannabis","tag-regulacion-integral-del-cannabis","tag-reportaje"],"yoast_head":"<!-- This site is optimized with the Yoast SEO plugin v24.9 - https:\/\/yoast.com\/wordpress\/plugins\/seo\/ -->\n<title>I Jornadas cann\u00e1bicas en Valencia: primer d\u00eda<\/title>\n<meta name=\"description\" content=\"Entrada &#8226; Portal multimedia sobre cannabis y otras sustancias &#8226; 3 diciembre, 2018\" \/>\n<meta name=\"robots\" content=\"index, follow, max-snippet:-1, max-image-preview:large, max-video-preview:-1\" \/>\n<link rel=\"canonical\" href=\"https:\/\/www.cannabis.es\/pw\/2018\/12\/03\/i-jornadas-cannabicas-en-valencia-primer-dia\/\" \/>\n<meta name=\"twitter:card\" content=\"summary_large_image\" \/>\n<meta name=\"twitter:title\" content=\"I Jornadas cann\u00e1bicas en Valencia: primer d\u00eda\" \/>\n<meta name=\"twitter:description\" content=\"Entrada &#8226; Portal multimedia sobre cannabis y otras sustancias &#8226; 3 diciembre, 2018\" \/>\n<meta name=\"twitter:image\" content=\"https:\/\/www.cannabis.es\/pw\/wp-content\/uploads\/2020\/05\/ponencia-valencia-portada.jpg\" \/>\n<meta name=\"twitter:creator\" content=\"@cannabis_es\" \/>\n<meta name=\"twitter:site\" content=\"@cannabis_es\" \/>\n<meta name=\"twitter:label1\" content=\"Escrito por\" \/>\n\t<meta name=\"twitter:data1\" content=\"Cannabis.es\" \/>\n\t<meta name=\"twitter:label2\" content=\"Tiempo de lectura\" \/>\n\t<meta name=\"twitter:data2\" content=\"17 minutos\" \/>\n<script type=\"application\/ld+json\" class=\"yoast-schema-graph\">{\"@context\":\"https:\/\/schema.org\",\"@graph\":[{\"@type\":\"Article\",\"@id\":\"https:\/\/www.cannabis.es\/pw\/2018\/12\/03\/i-jornadas-cannabicas-en-valencia-primer-dia\/#article\",\"isPartOf\":{\"@id\":\"https:\/\/www.cannabis.es\/pw\/2018\/12\/03\/i-jornadas-cannabicas-en-valencia-primer-dia\/\"},\"author\":{\"name\":\"Cannabis.es\",\"@id\":\"https:\/\/www.cannabis.es\/pw\/#\/schema\/person\/e2fbd204580cf4fe74c79b82bc447374\"},\"headline\":\"I Jornadas cann\u00e1bicas en Valencia: primer d\u00eda\",\"datePublished\":\"2018-12-03T10:48:15+00:00\",\"dateModified\":\"2020-09-04T11:17:52+00:00\",\"mainEntityOfPage\":{\"@id\":\"https:\/\/www.cannabis.es\/pw\/2018\/12\/03\/i-jornadas-cannabicas-en-valencia-primer-dia\/\"},\"wordCount\":3409,\"publisher\":{\"@id\":\"https:\/\/www.cannabis.es\/pw\/#organization\"},\"image\":{\"@id\":\"https:\/\/www.cannabis.es\/pw\/2018\/12\/03\/i-jornadas-cannabicas-en-valencia-primer-dia\/#primaryimage\"},\"thumbnailUrl\":\"https:\/\/www.cannabis.es\/pw\/wp-content\/uploads\/2020\/05\/ponencia-valencia-portada.jpg\",\"keywords\":[\"cannabis\",\"cannabis marihuana\",\"legalizaci\u00f3n\",\"legislaci\u00f3n\",\"marihuana\",\"regulaci\u00f3n cannabis\",\"regulaci\u00f3n integral del cannabis\",\"reportaje\"],\"articleSection\":[\"Reportajes\"],\"inLanguage\":\"es\"},{\"@type\":\"WebPage\",\"@id\":\"https:\/\/www.cannabis.es\/pw\/2018\/12\/03\/i-jornadas-cannabicas-en-valencia-primer-dia\/\",\"url\":\"https:\/\/www.cannabis.es\/pw\/2018\/12\/03\/i-jornadas-cannabicas-en-valencia-primer-dia\/\",\"name\":\"I Jornadas cann\u00e1bicas en Valencia: primer d\u00eda\",\"isPartOf\":{\"@id\":\"https:\/\/www.cannabis.es\/pw\/#website\"},\"primaryImageOfPage\":{\"@id\":\"https:\/\/www.cannabis.es\/pw\/2018\/12\/03\/i-jornadas-cannabicas-en-valencia-primer-dia\/#primaryimage\"},\"image\":{\"@id\":\"https:\/\/www.cannabis.es\/pw\/2018\/12\/03\/i-jornadas-cannabicas-en-valencia-primer-dia\/#primaryimage\"},\"thumbnailUrl\":\"https:\/\/www.cannabis.es\/pw\/wp-content\/uploads\/2020\/05\/ponencia-valencia-portada.jpg\",\"datePublished\":\"2018-12-03T10:48:15+00:00\",\"dateModified\":\"2020-09-04T11:17:52+00:00\",\"description\":\"Entrada &#8226; Portal multimedia sobre cannabis y otras sustancias &#8226; 3 diciembre, 2018\",\"breadcrumb\":{\"@id\":\"https:\/\/www.cannabis.es\/pw\/2018\/12\/03\/i-jornadas-cannabicas-en-valencia-primer-dia\/#breadcrumb\"},\"inLanguage\":\"es\",\"potentialAction\":[{\"@type\":\"ReadAction\",\"target\":[\"https:\/\/www.cannabis.es\/pw\/2018\/12\/03\/i-jornadas-cannabicas-en-valencia-primer-dia\/\"]}]},{\"@type\":\"ImageObject\",\"inLanguage\":\"es\",\"@id\":\"https:\/\/www.cannabis.es\/pw\/2018\/12\/03\/i-jornadas-cannabicas-en-valencia-primer-dia\/#primaryimage\",\"url\":\"https:\/\/www.cannabis.es\/pw\/wp-content\/uploads\/2020\/05\/ponencia-valencia-portada.jpg\",\"contentUrl\":\"https:\/\/www.cannabis.es\/pw\/wp-content\/uploads\/2020\/05\/ponencia-valencia-portada.jpg\",\"width\":959,\"height\":475},{\"@type\":\"BreadcrumbList\",\"@id\":\"https:\/\/www.cannabis.es\/pw\/2018\/12\/03\/i-jornadas-cannabicas-en-valencia-primer-dia\/#breadcrumb\",\"itemListElement\":[{\"@type\":\"ListItem\",\"position\":1,\"name\":\"Portada\",\"item\":\"http:\/\/www.cannabis.es\/pw\/\"},{\"@type\":\"ListItem\",\"position\":2,\"name\":\"I Jornadas cann\u00e1bicas en Valencia: primer d\u00eda\"}]},{\"@type\":\"WebSite\",\"@id\":\"https:\/\/www.cannabis.es\/pw\/#website\",\"url\":\"https:\/\/www.cannabis.es\/pw\/\",\"name\":\"Cannabis\",\"description\":\"Portal multimedia sobre cannabis y otras sustancias\",\"publisher\":{\"@id\":\"https:\/\/www.cannabis.es\/pw\/#organization\"},\"potentialAction\":[{\"@type\":\"SearchAction\",\"target\":{\"@type\":\"EntryPoint\",\"urlTemplate\":\"https:\/\/www.cannabis.es\/pw\/?s={search_term_string}\"},\"query-input\":{\"@type\":\"PropertyValueSpecification\",\"valueRequired\":true,\"valueName\":\"search_term_string\"}}],\"inLanguage\":\"es\"},{\"@type\":\"Organization\",\"@id\":\"https:\/\/www.cannabis.es\/pw\/#organization\",\"name\":\"Cannabis.es\",\"url\":\"https:\/\/www.cannabis.es\/pw\/\",\"logo\":{\"@type\":\"ImageObject\",\"inLanguage\":\"es\",\"@id\":\"https:\/\/www.cannabis.es\/pw\/#\/schema\/logo\/image\/\",\"url\":\"https:\/\/www.cannabis.es\/pw\/wp-content\/uploads\/2019\/04\/cropped-logo_cannabis.png\",\"contentUrl\":\"https:\/\/www.cannabis.es\/pw\/wp-content\/uploads\/2019\/04\/cropped-logo_cannabis.png\",\"width\":361,\"height\":120,\"caption\":\"Cannabis.es\"},\"image\":{\"@id\":\"https:\/\/www.cannabis.es\/pw\/#\/schema\/logo\/image\/\"},\"sameAs\":[\"https:\/\/x.com\/cannabis_es\"]},{\"@type\":\"Person\",\"@id\":\"https:\/\/www.cannabis.es\/pw\/#\/schema\/person\/e2fbd204580cf4fe74c79b82bc447374\",\"name\":\"Cannabis.es\",\"image\":{\"@type\":\"ImageObject\",\"inLanguage\":\"es\",\"@id\":\"https:\/\/www.cannabis.es\/pw\/#\/schema\/person\/image\/\",\"url\":\"https:\/\/secure.gravatar.com\/avatar\/4375b1eb6e272e2e48a4b8a8def52e5f208151f555bb5906da616906ee6dd2e8?s=96&d=mm&r=g\",\"contentUrl\":\"https:\/\/secure.gravatar.com\/avatar\/4375b1eb6e272e2e48a4b8a8def52e5f208151f555bb5906da616906ee6dd2e8?s=96&d=mm&r=g\",\"caption\":\"Cannabis.es\"},\"url\":\"https:\/\/www.cannabis.es\/pw\/author\/cannabis\/\"}]}<\/script>\n<!-- \/ Yoast SEO plugin. -->","yoast_head_json":{"title":"I Jornadas cann\u00e1bicas en Valencia: primer d\u00eda","description":"Entrada &#8226; Portal multimedia sobre cannabis y otras sustancias &#8226; 3 diciembre, 2018","robots":{"index":"index","follow":"follow","max-snippet":"max-snippet:-1","max-image-preview":"max-image-preview:large","max-video-preview":"max-video-preview:-1"},"canonical":"https:\/\/www.cannabis.es\/pw\/2018\/12\/03\/i-jornadas-cannabicas-en-valencia-primer-dia\/","twitter_card":"summary_large_image","twitter_title":"I Jornadas cann\u00e1bicas en Valencia: primer d\u00eda","twitter_description":"Entrada &#8226; Portal multimedia sobre cannabis y otras sustancias &#8226; 3 diciembre, 2018","twitter_image":"https:\/\/www.cannabis.es\/pw\/wp-content\/uploads\/2020\/05\/ponencia-valencia-portada.jpg","twitter_creator":"@cannabis_es","twitter_site":"@cannabis_es","twitter_misc":{"Escrito por":"Cannabis.es","Tiempo de lectura":"17 minutos"},"schema":{"@context":"https:\/\/schema.org","@graph":[{"@type":"Article","@id":"https:\/\/www.cannabis.es\/pw\/2018\/12\/03\/i-jornadas-cannabicas-en-valencia-primer-dia\/#article","isPartOf":{"@id":"https:\/\/www.cannabis.es\/pw\/2018\/12\/03\/i-jornadas-cannabicas-en-valencia-primer-dia\/"},"author":{"name":"Cannabis.es","@id":"https:\/\/www.cannabis.es\/pw\/#\/schema\/person\/e2fbd204580cf4fe74c79b82bc447374"},"headline":"I Jornadas cann\u00e1bicas en Valencia: primer d\u00eda","datePublished":"2018-12-03T10:48:15+00:00","dateModified":"2020-09-04T11:17:52+00:00","mainEntityOfPage":{"@id":"https:\/\/www.cannabis.es\/pw\/2018\/12\/03\/i-jornadas-cannabicas-en-valencia-primer-dia\/"},"wordCount":3409,"publisher":{"@id":"https:\/\/www.cannabis.es\/pw\/#organization"},"image":{"@id":"https:\/\/www.cannabis.es\/pw\/2018\/12\/03\/i-jornadas-cannabicas-en-valencia-primer-dia\/#primaryimage"},"thumbnailUrl":"https:\/\/www.cannabis.es\/pw\/wp-content\/uploads\/2020\/05\/ponencia-valencia-portada.jpg","keywords":["cannabis","cannabis marihuana","legalizaci\u00f3n","legislaci\u00f3n","marihuana","regulaci\u00f3n cannabis","regulaci\u00f3n integral del cannabis","reportaje"],"articleSection":["Reportajes"],"inLanguage":"es"},{"@type":"WebPage","@id":"https:\/\/www.cannabis.es\/pw\/2018\/12\/03\/i-jornadas-cannabicas-en-valencia-primer-dia\/","url":"https:\/\/www.cannabis.es\/pw\/2018\/12\/03\/i-jornadas-cannabicas-en-valencia-primer-dia\/","name":"I Jornadas cann\u00e1bicas en Valencia: primer d\u00eda","isPartOf":{"@id":"https:\/\/www.cannabis.es\/pw\/#website"},"primaryImageOfPage":{"@id":"https:\/\/www.cannabis.es\/pw\/2018\/12\/03\/i-jornadas-cannabicas-en-valencia-primer-dia\/#primaryimage"},"image":{"@id":"https:\/\/www.cannabis.es\/pw\/2018\/12\/03\/i-jornadas-cannabicas-en-valencia-primer-dia\/#primaryimage"},"thumbnailUrl":"https:\/\/www.cannabis.es\/pw\/wp-content\/uploads\/2020\/05\/ponencia-valencia-portada.jpg","datePublished":"2018-12-03T10:48:15+00:00","dateModified":"2020-09-04T11:17:52+00:00","description":"Entrada &#8226; Portal multimedia sobre cannabis y otras sustancias &#8226; 3 diciembre, 2018","breadcrumb":{"@id":"https:\/\/www.cannabis.es\/pw\/2018\/12\/03\/i-jornadas-cannabicas-en-valencia-primer-dia\/#breadcrumb"},"inLanguage":"es","potentialAction":[{"@type":"ReadAction","target":["https:\/\/www.cannabis.es\/pw\/2018\/12\/03\/i-jornadas-cannabicas-en-valencia-primer-dia\/"]}]},{"@type":"ImageObject","inLanguage":"es","@id":"https:\/\/www.cannabis.es\/pw\/2018\/12\/03\/i-jornadas-cannabicas-en-valencia-primer-dia\/#primaryimage","url":"https:\/\/www.cannabis.es\/pw\/wp-content\/uploads\/2020\/05\/ponencia-valencia-portada.jpg","contentUrl":"https:\/\/www.cannabis.es\/pw\/wp-content\/uploads\/2020\/05\/ponencia-valencia-portada.jpg","width":959,"height":475},{"@type":"BreadcrumbList","@id":"https:\/\/www.cannabis.es\/pw\/2018\/12\/03\/i-jornadas-cannabicas-en-valencia-primer-dia\/#breadcrumb","itemListElement":[{"@type":"ListItem","position":1,"name":"Portada","item":"http:\/\/www.cannabis.es\/pw\/"},{"@type":"ListItem","position":2,"name":"I Jornadas cann\u00e1bicas en Valencia: primer d\u00eda"}]},{"@type":"WebSite","@id":"https:\/\/www.cannabis.es\/pw\/#website","url":"https:\/\/www.cannabis.es\/pw\/","name":"Cannabis","description":"Portal multimedia sobre cannabis y otras sustancias","publisher":{"@id":"https:\/\/www.cannabis.es\/pw\/#organization"},"potentialAction":[{"@type":"SearchAction","target":{"@type":"EntryPoint","urlTemplate":"https:\/\/www.cannabis.es\/pw\/?s={search_term_string}"},"query-input":{"@type":"PropertyValueSpecification","valueRequired":true,"valueName":"search_term_string"}}],"inLanguage":"es"},{"@type":"Organization","@id":"https:\/\/www.cannabis.es\/pw\/#organization","name":"Cannabis.es","url":"https:\/\/www.cannabis.es\/pw\/","logo":{"@type":"ImageObject","inLanguage":"es","@id":"https:\/\/www.cannabis.es\/pw\/#\/schema\/logo\/image\/","url":"https:\/\/www.cannabis.es\/pw\/wp-content\/uploads\/2019\/04\/cropped-logo_cannabis.png","contentUrl":"https:\/\/www.cannabis.es\/pw\/wp-content\/uploads\/2019\/04\/cropped-logo_cannabis.png","width":361,"height":120,"caption":"Cannabis.es"},"image":{"@id":"https:\/\/www.cannabis.es\/pw\/#\/schema\/logo\/image\/"},"sameAs":["https:\/\/x.com\/cannabis_es"]},{"@type":"Person","@id":"https:\/\/www.cannabis.es\/pw\/#\/schema\/person\/e2fbd204580cf4fe74c79b82bc447374","name":"Cannabis.es","image":{"@type":"ImageObject","inLanguage":"es","@id":"https:\/\/www.cannabis.es\/pw\/#\/schema\/person\/image\/","url":"https:\/\/secure.gravatar.com\/avatar\/4375b1eb6e272e2e48a4b8a8def52e5f208151f555bb5906da616906ee6dd2e8?s=96&d=mm&r=g","contentUrl":"https:\/\/secure.gravatar.com\/avatar\/4375b1eb6e272e2e48a4b8a8def52e5f208151f555bb5906da616906ee6dd2e8?s=96&d=mm&r=g","caption":"Cannabis.es"},"url":"https:\/\/www.cannabis.es\/pw\/author\/cannabis\/"}]}},"_links":{"self":[{"href":"https:\/\/www.cannabis.es\/pw\/wp-json\/wp\/v2\/posts\/2184","targetHints":{"allow":["GET"]}}],"collection":[{"href":"https:\/\/www.cannabis.es\/pw\/wp-json\/wp\/v2\/posts"}],"about":[{"href":"https:\/\/www.cannabis.es\/pw\/wp-json\/wp\/v2\/types\/post"}],"author":[{"embeddable":true,"href":"https:\/\/www.cannabis.es\/pw\/wp-json\/wp\/v2\/users\/1"}],"replies":[{"embeddable":true,"href":"https:\/\/www.cannabis.es\/pw\/wp-json\/wp\/v2\/comments?post=2184"}],"version-history":[{"count":2,"href":"https:\/\/www.cannabis.es\/pw\/wp-json\/wp\/v2\/posts\/2184\/revisions"}],"predecessor-version":[{"id":4836,"href":"https:\/\/www.cannabis.es\/pw\/wp-json\/wp\/v2\/posts\/2184\/revisions\/4836"}],"wp:featuredmedia":[{"embeddable":true,"href":"https:\/\/www.cannabis.es\/pw\/wp-json\/wp\/v2\/media\/2185"}],"wp:attachment":[{"href":"https:\/\/www.cannabis.es\/pw\/wp-json\/wp\/v2\/media?parent=2184"}],"wp:term":[{"taxonomy":"category","embeddable":true,"href":"https:\/\/www.cannabis.es\/pw\/wp-json\/wp\/v2\/categories?post=2184"},{"taxonomy":"post_tag","embeddable":true,"href":"https:\/\/www.cannabis.es\/pw\/wp-json\/wp\/v2\/tags?post=2184"}],"curies":[{"name":"wp","href":"https:\/\/api.w.org\/{rel}","templated":true}]}}