{"id":2187,"date":"2018-11-28T11:50:55","date_gmt":"2018-11-28T10:50:55","guid":{"rendered":"http:\/\/www.cannabis.es\/pw\/?p=2187"},"modified":"2020-09-04T13:20:56","modified_gmt":"2020-09-04T11:20:56","slug":"jornadas-en-la-universitat-de-valencia-cannabis-desde-un-enfoque-integral","status":"publish","type":"post","link":"https:\/\/www.cannabis.es\/pw\/2018\/11\/28\/jornadas-en-la-universitat-de-valencia-cannabis-desde-un-enfoque-integral\/","title":{"rendered":"JORNADAS EN LA UNIVERSITAT DE VAL\u00c8NCIA: CANNABIS DESDE UN ENFOQUE INTEGRAL"},"content":{"rendered":"\n<p>Nota de prensa<br><br>Ma\u00f1ana jueves 29 y viernes 30 de noviembre a partir de las 9 de la ma\u00f1ana se&nbsp;celebrar\u00e1n las jornadas \u201cCannabis desde un enfoque integral\u201d en el Sal\u00f3 d\u00b4actes de la Biblioteca \u201cGregori Maians\u201d de la Facultat de Ci\u00e8ncies Socials de la Universitat de Val\u00e8ncia, Campus Tarongers.&nbsp;\u201cCannabis desde un enfoque integral\u201d, organizado por el F\u00f2rum Cann\u00e0bic Valenci\u00e0, el&nbsp;Observatorio Europeo del Consumo y Cultivo de Cannabis y la Universitat de Val\u00e8ncia,&nbsp;posiblemente ser\u00e1 uno de los eventos cann\u00e1bicos m\u00e1s importantes e interdisciplinares&nbsp;a nivel acad\u00e9mico y pol\u00edtico que ha tenido lugar hasta el momento en el Estado Espa\u00f1ol y sin duda en el Pa\u00eds Valenci\u00e0.<\/p>\n\n\n\n<hr class=\"wp-block-separator\"\/>\n\n\n\n<p>El acto de apertura y presentaci\u00f3n del congreso lo realizar\u00e1 el&nbsp;<strong>Alcalde de Valencia, el Sr.&nbsp;<\/strong><strong>Joan Rib\u00f3<\/strong>, junto con la&nbsp;<strong>Presidenta del Foro, Noem\u00ed S\u00e1nchez<\/strong>&nbsp;y M\u00aa \u00c1ngeles Bele\u00f1o, ambas psic\u00f3logas y profesoras de la Universitat de Val\u00e8ncia.&nbsp;Estas jornadas tambi\u00e9n contar\u00e1n con un componente internacional en las diferentes mesas redondas donde se expondr\u00e1n los argumentos a tener en cuenta en una futura regulaci\u00f3n del cannabis.&nbsp;La ponencia m\u00e1s destacada ser\u00e1 la del neurocient\u00edfico y profesor de psicolog\u00eda y psiquiatr\u00eda de la Universidad de Columbia (Nueva York),&nbsp;<strong>Carl Hart<\/strong>, autor de multitud de art\u00edculos doctrinales y libros sobre adicciones y consumos de drogas. El Profesor Hart est\u00e1&nbsp;considerado una de las personas m\u00e1s influyentes del mundo en el estudio de las drogas y las adicciones, la ponencia tendr\u00e1 lugar de 16:00 a 17:30 horas del jueves 29 de noviembre.&nbsp;Adem\u00e1s, en el terreno terap\u00e9utico, contaremos con ponentes de la talla de&nbsp;<strong>Jos\u00e9 Carlos&nbsp;<\/strong><strong>Bouso<\/strong>, psic\u00f3logo cl\u00ednico, doctor en farmacolog\u00eda, director de proyectos cient\u00edficos de la Fundaci\u00f3n I.C.E.E.R.S y una de las personas m\u00e1s importantes en Espa\u00f1a en el estudio de las sustancias psicoactivas. Junto con \u00e9l, realizar\u00e1n diferentes ponencias los doctores Esther Mart\u00ednez e Ismael G\u00e1lvez de la Universidad Complutense de Madrid. Este \u00faltimo destaca por haber descubierto el papel antitumoral de la se\u00f1alizaci\u00f3n cannabinoide y estudiar los efectos neuroprotectores en enfermedades neurodegenerativas de los cannabinoides.<\/p>\n\n\n\n<p>El jueves por la tarde, podremos disfrutar de la mesa sobre reducci\u00f3n de riesgos en el&nbsp;consumo de cannabis. La mesa contar\u00e1 con importantes ponentes como por ejemplo&nbsp;<strong>N\u00faria&nbsp;<\/strong><strong>Calzada<\/strong>, coordinadora de Energy Control y una de las personas m\u00e1s reconocidas a nivel estatal en la implementaci\u00f3n de programas de reducci\u00f3n de riesgos. Algunos de estos mecanismos, como el an\u00e1lisis de sustancias en espacios de ocio, son considerados pioneros en el mundo y est\u00e1n siendo adoptados en otros pa\u00edses con su ayuda. As\u00ed mismo lo acompa\u00f1ar\u00e1n otros expertos de gran nivel como&nbsp;<strong>Salvador Amig\u00f3<\/strong>, Doctor en Psicolog\u00eda y Profesor Titular de la Universidad de Valencia, \u00d3scar Par\u00e9s y Mireia Ambr\u00f3s.&nbsp;<\/p>\n\n\n\n<p>&nbsp;La ma\u00f1ana del viernes contar\u00e1 con una mesa jur\u00eddica donde podremos disfrutar de las&nbsp;ponencias de autoridades en la materia c\u00f3mo:&nbsp;<strong>Joaqu\u00edn Gim\u00e9nez, exmagistrado de la Sala&nbsp;<\/strong><strong>Segunda del Tribunal Supremo<\/strong>;&nbsp;<strong>H\u00e9ctor Brotons<\/strong>, abogado director del estudio jur\u00eddico&nbsp;<strong>Brotsanbert<\/strong>&nbsp;especializado en pol\u00edtica y aspectos jur\u00eddicos relacionados con el cannabis; Giacomo Bulleri, abogado mercantilista italiano experto en c\u00e1\u00f1amo industrial; y&nbsp;<strong>Constanza S\u00e1nchez<\/strong>, polit\u00f3loga experta en pol\u00edtica de drogas y convenios internacionales de fiscalizaci\u00f3n de estupefacientes, que recibi\u00f3 el premio Reina Sof\u00eda de investigaci\u00f3n sobre drogas en 2015.<\/p>\n\n\n\n<p>La tarde del viernes empezar\u00e1 con una de las mesas m\u00e1s esperadas y que reunir\u00e1 a&nbsp;pol\u00edticos de todos los partidos mayoritarios, entre ellos sus primeras espadas en el tema objeto de las jornadas, como&nbsp;<strong>Miguel Vila<\/strong>&nbsp;diputado de Unidos Podemos-En Com\u00f9 Podem-En Marea y vicepresidente de la Comisi\u00f3n Mixta Congreso-Senado para el Problema de las Drogas y el responsable del \u00e1rea de sanidad de Ciudadanos&nbsp;<strong>Francisco Igea<\/strong>. Por parte del Partido Socialista, PSPV, el Diputado a las Cortes Valencianas y Secretario de Sanidad en la Ejecutiva Nacional del PSPV-PSOE desde 2012,&nbsp;<strong>Juan Ignacio Sub\u00edas<\/strong>. Por el Partido Popular contaremos con la presencia de&nbsp;<strong>Eduardo Van Der Eynde<\/strong>&nbsp;portavoz del partido en el Parlamento de Cantabria y por parte del grupo Comprom\u00eds participar\u00e1 el Diputado a las Cortes Valencianas por Alicante&nbsp;<strong>Josep Nadal<\/strong>. Desde la organizaci\u00f3n se ha contactado con todas las formaciones pol\u00edticas para invitarlas a asistir al acontecimiento, porque, despu\u00e9s de escuchar los argumentos de los expertos en la materia, podamos escuchar las explicaciones de los partidos sobre el reto del replanteamiento internacional de las pol\u00edticas sobre el cannabis.&nbsp;<\/p>\n\n\n\n<p>&nbsp;Otras mesas redondas no menos importantes y que tendr\u00e1n cabida en el programa ser\u00e1n&nbsp;la formada por reconocidos activistas cann\u00e1bicos, como&nbsp;<strong>Mart\u00edn Barriuso<\/strong>&nbsp;en representaci\u00f3n de la Confederaci\u00f3n de Federaciones de asociaciones cann\u00e1bicas (ConFac), el Observatorio Europeo del Consumo y Cultivo de Cannabis (OECCC) y la Red Estatal de Mujeres antiprohibicionistas (REMA). As\u00ed como la compuesta por enfermos que usan cannabis que tendr\u00e1 lugar a continuaci\u00f3n el Jueves por la ma\u00f1ana, en donde entre otros pacientes que usan cannabis tomar\u00e1 la palabra el&nbsp;<strong>ex Ministro Dan\u00e9s de Asuntos Sociales Manu Sareen<\/strong>, quien estar\u00e1 junto con Blanca Keller y el conocido activista y usuario ter\u00e1peutico&nbsp;<strong>Francisco Javier Miravete<\/strong>. Tambi\u00e9n habr\u00e1 una mesa sobre las nuevas tendencias relacionadas con el uso y las utilidades del cannabis y otra de cultura cann\u00e0bica programada el Viernes 30 que que contar\u00e1 con activistas como Fernanda de la Figuera, la rapera valenciana Andrea, la antrop\u00f3loga Marta G\u00e1lvez o el divulgador&nbsp;<strong>Miguel Gimeno, colaborador de Marihuana Televisi\u00f3n<\/strong>, canal de referencia en habla hispana sobre cultura cann\u00e1bica.<\/p>\n\n\n\n<p>Como organizaci\u00f3n del evento estamos muy satisfechos de haber materializado un trabajo&nbsp;que ha durado meses en un Congreso que dar\u00e1 luz y aportar\u00e1 argumentos de tipo cient\u00edfico,&nbsp;jur\u00eddico, socio-cultural y econ\u00f3mico a una realidad social que afecta a una parte importante de la poblaci\u00f3n de nuestro estado y que no puede esperar m\u00e1s para ser regulada de una forma racional.&nbsp;En este sentido, se pretende aportar en primer lugar argumentos de la necesidad de abordar la modificaci\u00f3n de las actuales pol\u00edticas sobre el cannabis, tanto para que se constituya la Comisi\u00f3n Especial para estudiar a nivel jur\u00eddico y t\u00e9cnico, garantizando el acceso al cannabis a los usuarios terap\u00e9uticos, respetando el autocultivo y el fomento de estudios cient\u00edficos de las propiedades terap\u00e9uticas,y que fu\u00e9 aprobada en Les Corts Valencianes, por medio de PNL reconociendo a los Clubes Sociales de Cannabis e instando al Gobierno a que regule el acceso terap\u00e9utico al cannabis y el autocultivo tanto medicinal como recreativo; como para que se abra una ponencia en el seno de la Comisi\u00f3n Mixta para el Problema de las Drogas para abordar las reformas sensatas necesarias.&nbsp;En segundo lugar, aportar argumentos y conclusiones para estos dos tr\u00e1mites en los parlamentos valenciano y estatal y nutrir el debate que se est\u00e1 dando en la opini\u00f3n p\u00fablica por el impulso de la sociedad civil.&nbsp;Para m\u00e1s informaci\u00f3n v\u00e9ase adjunto el programa de las jornadas y la p\u00e1gina web de las mismas;&nbsp;<a href=\"http:\/\/www.cannabisvalencia.org\/\">www.cannabisvalencia.org<\/a>.<br><\/p>\n","protected":false},"excerpt":{"rendered":"<span class=\"span-reading-time rt-reading-time\" style=\"display: block;\"><span class=\"rt-label rt-prefix\">Tiempo de lectura:<\/span> <span class=\"rt-time\"> 4<\/span> <span class=\"rt-label rt-postfix\">minutos<\/span><\/span>Nota de prensaMa\u00f1ana jueves 29 y viernes 30 de noviembre a partir de las 9 de la ma\u00f1ana se&nbsp;celebrar\u00e1n las jornadas \u201cCannabis desde un enfoque integral\u201d en el Sal\u00f3 d\u00b4actes de la Biblioteca \u201cGregori Maians\u201d de la Facultat de Ci\u00e8ncies Socials de la Universitat de Val\u00e8ncia, Campus Tarongers.&nbsp;\u201cCannabis desde un enfoque integral\u201d, organizado por el [&hellip;]","protected":false},"author":1,"featured_media":2188,"comment_status":"closed","ping_status":"closed","sticky":false,"template":"","format":"standard","meta":{"loftocean-featured-post":"","loftocean_post_format_gallery":"","loftocean_post_format_gallery_ids":"","loftocean_post_format_gallery_urls":"","loftocean_post_format_video_id":"","loftocean_post_format_video_url":"","loftocean_post_format_video_type":"","loftocean_post_format_video":"","loftocean_post_format_audio_type":"","loftocean_post_format_audio_url":"","loftocean_post_format_audio_id":"","loftocean_post_format_audio":"","loftocean_post_format_quote_text":"","loftocean_post_format_quote_byline":"","loftocean_post_format_link_text":"","loftocean_post_format_link_url":"","ceramag_post_header_style":"","ceramag_enable_background_video":"","ceramag_show_in_top_slider":"","ceramag_post_background_video_start":"","ceramag_post_background_video_end":"","loftocean_page_background_video_id":"","loftocean_page_background_video_url":"","loftocean_page_background_video_type":"","loftocean_page_background_video":"","ceramag_background_video_start":"","ceramag_background_video_end":"","ceramag_single_page_hide_header":"","footnotes":""},"categories":[35],"tags":[791,790,793,56,792,537],"class_list":["post-2187","post","type-post","status-publish","format-standard","has-post-thumbnail","hentry","category-politica-y-sociedad","tag-comunicado","tag-eventos","tag-hacialaregulacionintegral","tag-regulacion-cannabis","tag-regulacion-del-cannabis","tag-regulacion-integral-del-cannabis"],"yoast_head":"<!-- This site is optimized with the Yoast SEO plugin v24.9 - https:\/\/yoast.com\/wordpress\/plugins\/seo\/ -->\n<title>JORNADAS EN LA UNIVERSITAT DE VAL\u00c8NCIA: CANNABIS DESDE UN ENFOQUE INTEGRAL<\/title>\n<meta name=\"description\" content=\"Entrada &#8226; Portal multimedia sobre cannabis y otras sustancias &#8226; 28 noviembre, 2018\" \/>\n<meta name=\"robots\" content=\"index, follow, max-snippet:-1, max-image-preview:large, max-video-preview:-1\" \/>\n<link rel=\"canonical\" href=\"https:\/\/www.cannabis.es\/pw\/2018\/11\/28\/jornadas-en-la-universitat-de-valencia-cannabis-desde-un-enfoque-integral\/\" \/>\n<meta name=\"twitter:card\" content=\"summary_large_image\" \/>\n<meta name=\"twitter:title\" content=\"JORNADAS EN LA UNIVERSITAT DE VAL\u00c8NCIA: CANNABIS DESDE UN ENFOQUE INTEGRAL\" \/>\n<meta name=\"twitter:description\" content=\"Entrada &#8226; Portal multimedia sobre cannabis y otras sustancias &#8226; 28 noviembre, 2018\" \/>\n<meta name=\"twitter:image\" content=\"https:\/\/www.cannabis.es\/pw\/wp-content\/uploads\/2020\/05\/FCV-cartel.jpg\" \/>\n<meta name=\"twitter:creator\" content=\"@cannabis_es\" \/>\n<meta name=\"twitter:site\" content=\"@cannabis_es\" \/>\n<meta name=\"twitter:label1\" content=\"Escrito por\" \/>\n\t<meta name=\"twitter:data1\" content=\"Cannabis.es\" \/>\n\t<meta name=\"twitter:label2\" content=\"Tiempo de lectura\" \/>\n\t<meta name=\"twitter:data2\" content=\"6 minutos\" \/>\n<script type=\"application\/ld+json\" class=\"yoast-schema-graph\">{\"@context\":\"https:\/\/schema.org\",\"@graph\":[{\"@type\":\"Article\",\"@id\":\"https:\/\/www.cannabis.es\/pw\/2018\/11\/28\/jornadas-en-la-universitat-de-valencia-cannabis-desde-un-enfoque-integral\/#article\",\"isPartOf\":{\"@id\":\"https:\/\/www.cannabis.es\/pw\/2018\/11\/28\/jornadas-en-la-universitat-de-valencia-cannabis-desde-un-enfoque-integral\/\"},\"author\":{\"name\":\"Cannabis.es\",\"@id\":\"https:\/\/www.cannabis.es\/pw\/#\/schema\/person\/e2fbd204580cf4fe74c79b82bc447374\"},\"headline\":\"JORNADAS EN LA UNIVERSITAT DE VAL\u00c8NCIA: CANNABIS DESDE UN ENFOQUE INTEGRAL\",\"datePublished\":\"2018-11-28T10:50:55+00:00\",\"dateModified\":\"2020-09-04T11:20:56+00:00\",\"mainEntityOfPage\":{\"@id\":\"https:\/\/www.cannabis.es\/pw\/2018\/11\/28\/jornadas-en-la-universitat-de-valencia-cannabis-desde-un-enfoque-integral\/\"},\"wordCount\":1305,\"publisher\":{\"@id\":\"https:\/\/www.cannabis.es\/pw\/#organization\"},\"image\":{\"@id\":\"https:\/\/www.cannabis.es\/pw\/2018\/11\/28\/jornadas-en-la-universitat-de-valencia-cannabis-desde-un-enfoque-integral\/#primaryimage\"},\"thumbnailUrl\":\"https:\/\/www.cannabis.es\/pw\/wp-content\/uploads\/2020\/05\/FCV-cartel.jpg\",\"keywords\":[\"comunicado\",\"eventos\",\"hacialaregulacionintegral\",\"regulaci\u00f3n cannabis\",\"regulaci\u00f3n del cannabis\",\"regulaci\u00f3n integral del cannabis\"],\"articleSection\":[\"Pol\u00edtica y Sociedad\"],\"inLanguage\":\"es\"},{\"@type\":\"WebPage\",\"@id\":\"https:\/\/www.cannabis.es\/pw\/2018\/11\/28\/jornadas-en-la-universitat-de-valencia-cannabis-desde-un-enfoque-integral\/\",\"url\":\"https:\/\/www.cannabis.es\/pw\/2018\/11\/28\/jornadas-en-la-universitat-de-valencia-cannabis-desde-un-enfoque-integral\/\",\"name\":\"JORNADAS EN LA UNIVERSITAT DE VAL\u00c8NCIA: CANNABIS DESDE UN ENFOQUE INTEGRAL\",\"isPartOf\":{\"@id\":\"https:\/\/www.cannabis.es\/pw\/#website\"},\"primaryImageOfPage\":{\"@id\":\"https:\/\/www.cannabis.es\/pw\/2018\/11\/28\/jornadas-en-la-universitat-de-valencia-cannabis-desde-un-enfoque-integral\/#primaryimage\"},\"image\":{\"@id\":\"https:\/\/www.cannabis.es\/pw\/2018\/11\/28\/jornadas-en-la-universitat-de-valencia-cannabis-desde-un-enfoque-integral\/#primaryimage\"},\"thumbnailUrl\":\"https:\/\/www.cannabis.es\/pw\/wp-content\/uploads\/2020\/05\/FCV-cartel.jpg\",\"datePublished\":\"2018-11-28T10:50:55+00:00\",\"dateModified\":\"2020-09-04T11:20:56+00:00\",\"description\":\"Entrada &#8226; Portal multimedia sobre cannabis y otras sustancias &#8226; 28 noviembre, 2018\",\"breadcrumb\":{\"@id\":\"https:\/\/www.cannabis.es\/pw\/2018\/11\/28\/jornadas-en-la-universitat-de-valencia-cannabis-desde-un-enfoque-integral\/#breadcrumb\"},\"inLanguage\":\"es\",\"potentialAction\":[{\"@type\":\"ReadAction\",\"target\":[\"https:\/\/www.cannabis.es\/pw\/2018\/11\/28\/jornadas-en-la-universitat-de-valencia-cannabis-desde-un-enfoque-integral\/\"]}]},{\"@type\":\"ImageObject\",\"inLanguage\":\"es\",\"@id\":\"https:\/\/www.cannabis.es\/pw\/2018\/11\/28\/jornadas-en-la-universitat-de-valencia-cannabis-desde-un-enfoque-integral\/#primaryimage\",\"url\":\"https:\/\/www.cannabis.es\/pw\/wp-content\/uploads\/2020\/05\/FCV-cartel.jpg\",\"contentUrl\":\"https:\/\/www.cannabis.es\/pw\/wp-content\/uploads\/2020\/05\/FCV-cartel.jpg\",\"width\":1723,\"height\":1998},{\"@type\":\"BreadcrumbList\",\"@id\":\"https:\/\/www.cannabis.es\/pw\/2018\/11\/28\/jornadas-en-la-universitat-de-valencia-cannabis-desde-un-enfoque-integral\/#breadcrumb\",\"itemListElement\":[{\"@type\":\"ListItem\",\"position\":1,\"name\":\"Portada\",\"item\":\"http:\/\/www.cannabis.es\/pw\/\"},{\"@type\":\"ListItem\",\"position\":2,\"name\":\"JORNADAS EN LA UNIVERSITAT DE VAL\u00c8NCIA: CANNABIS DESDE UN ENFOQUE INTEGRAL\"}]},{\"@type\":\"WebSite\",\"@id\":\"https:\/\/www.cannabis.es\/pw\/#website\",\"url\":\"https:\/\/www.cannabis.es\/pw\/\",\"name\":\"Cannabis\",\"description\":\"Portal multimedia sobre cannabis y otras sustancias\",\"publisher\":{\"@id\":\"https:\/\/www.cannabis.es\/pw\/#organization\"},\"potentialAction\":[{\"@type\":\"SearchAction\",\"target\":{\"@type\":\"EntryPoint\",\"urlTemplate\":\"https:\/\/www.cannabis.es\/pw\/?s={search_term_string}\"},\"query-input\":{\"@type\":\"PropertyValueSpecification\",\"valueRequired\":true,\"valueName\":\"search_term_string\"}}],\"inLanguage\":\"es\"},{\"@type\":\"Organization\",\"@id\":\"https:\/\/www.cannabis.es\/pw\/#organization\",\"name\":\"Cannabis.es\",\"url\":\"https:\/\/www.cannabis.es\/pw\/\",\"logo\":{\"@type\":\"ImageObject\",\"inLanguage\":\"es\",\"@id\":\"https:\/\/www.cannabis.es\/pw\/#\/schema\/logo\/image\/\",\"url\":\"https:\/\/www.cannabis.es\/pw\/wp-content\/uploads\/2019\/04\/cropped-logo_cannabis.png\",\"contentUrl\":\"https:\/\/www.cannabis.es\/pw\/wp-content\/uploads\/2019\/04\/cropped-logo_cannabis.png\",\"width\":361,\"height\":120,\"caption\":\"Cannabis.es\"},\"image\":{\"@id\":\"https:\/\/www.cannabis.es\/pw\/#\/schema\/logo\/image\/\"},\"sameAs\":[\"https:\/\/x.com\/cannabis_es\"]},{\"@type\":\"Person\",\"@id\":\"https:\/\/www.cannabis.es\/pw\/#\/schema\/person\/e2fbd204580cf4fe74c79b82bc447374\",\"name\":\"Cannabis.es\",\"image\":{\"@type\":\"ImageObject\",\"inLanguage\":\"es\",\"@id\":\"https:\/\/www.cannabis.es\/pw\/#\/schema\/person\/image\/\",\"url\":\"https:\/\/secure.gravatar.com\/avatar\/4375b1eb6e272e2e48a4b8a8def52e5f208151f555bb5906da616906ee6dd2e8?s=96&d=mm&r=g\",\"contentUrl\":\"https:\/\/secure.gravatar.com\/avatar\/4375b1eb6e272e2e48a4b8a8def52e5f208151f555bb5906da616906ee6dd2e8?s=96&d=mm&r=g\",\"caption\":\"Cannabis.es\"},\"url\":\"https:\/\/www.cannabis.es\/pw\/author\/cannabis\/\"}]}<\/script>\n<!-- \/ Yoast SEO plugin. -->","yoast_head_json":{"title":"JORNADAS EN LA UNIVERSITAT DE VAL\u00c8NCIA: CANNABIS DESDE UN ENFOQUE INTEGRAL","description":"Entrada &#8226; Portal multimedia sobre cannabis y otras sustancias &#8226; 28 noviembre, 2018","robots":{"index":"index","follow":"follow","max-snippet":"max-snippet:-1","max-image-preview":"max-image-preview:large","max-video-preview":"max-video-preview:-1"},"canonical":"https:\/\/www.cannabis.es\/pw\/2018\/11\/28\/jornadas-en-la-universitat-de-valencia-cannabis-desde-un-enfoque-integral\/","twitter_card":"summary_large_image","twitter_title":"JORNADAS EN LA UNIVERSITAT DE VAL\u00c8NCIA: CANNABIS DESDE UN ENFOQUE INTEGRAL","twitter_description":"Entrada &#8226; Portal multimedia sobre cannabis y otras sustancias &#8226; 28 noviembre, 2018","twitter_image":"https:\/\/www.cannabis.es\/pw\/wp-content\/uploads\/2020\/05\/FCV-cartel.jpg","twitter_creator":"@cannabis_es","twitter_site":"@cannabis_es","twitter_misc":{"Escrito por":"Cannabis.es","Tiempo de lectura":"6 minutos"},"schema":{"@context":"https:\/\/schema.org","@graph":[{"@type":"Article","@id":"https:\/\/www.cannabis.es\/pw\/2018\/11\/28\/jornadas-en-la-universitat-de-valencia-cannabis-desde-un-enfoque-integral\/#article","isPartOf":{"@id":"https:\/\/www.cannabis.es\/pw\/2018\/11\/28\/jornadas-en-la-universitat-de-valencia-cannabis-desde-un-enfoque-integral\/"},"author":{"name":"Cannabis.es","@id":"https:\/\/www.cannabis.es\/pw\/#\/schema\/person\/e2fbd204580cf4fe74c79b82bc447374"},"headline":"JORNADAS EN LA UNIVERSITAT DE VAL\u00c8NCIA: CANNABIS DESDE UN ENFOQUE INTEGRAL","datePublished":"2018-11-28T10:50:55+00:00","dateModified":"2020-09-04T11:20:56+00:00","mainEntityOfPage":{"@id":"https:\/\/www.cannabis.es\/pw\/2018\/11\/28\/jornadas-en-la-universitat-de-valencia-cannabis-desde-un-enfoque-integral\/"},"wordCount":1305,"publisher":{"@id":"https:\/\/www.cannabis.es\/pw\/#organization"},"image":{"@id":"https:\/\/www.cannabis.es\/pw\/2018\/11\/28\/jornadas-en-la-universitat-de-valencia-cannabis-desde-un-enfoque-integral\/#primaryimage"},"thumbnailUrl":"https:\/\/www.cannabis.es\/pw\/wp-content\/uploads\/2020\/05\/FCV-cartel.jpg","keywords":["comunicado","eventos","hacialaregulacionintegral","regulaci\u00f3n cannabis","regulaci\u00f3n del cannabis","regulaci\u00f3n integral del cannabis"],"articleSection":["Pol\u00edtica y Sociedad"],"inLanguage":"es"},{"@type":"WebPage","@id":"https:\/\/www.cannabis.es\/pw\/2018\/11\/28\/jornadas-en-la-universitat-de-valencia-cannabis-desde-un-enfoque-integral\/","url":"https:\/\/www.cannabis.es\/pw\/2018\/11\/28\/jornadas-en-la-universitat-de-valencia-cannabis-desde-un-enfoque-integral\/","name":"JORNADAS EN LA UNIVERSITAT DE VAL\u00c8NCIA: CANNABIS DESDE UN ENFOQUE INTEGRAL","isPartOf":{"@id":"https:\/\/www.cannabis.es\/pw\/#website"},"primaryImageOfPage":{"@id":"https:\/\/www.cannabis.es\/pw\/2018\/11\/28\/jornadas-en-la-universitat-de-valencia-cannabis-desde-un-enfoque-integral\/#primaryimage"},"image":{"@id":"https:\/\/www.cannabis.es\/pw\/2018\/11\/28\/jornadas-en-la-universitat-de-valencia-cannabis-desde-un-enfoque-integral\/#primaryimage"},"thumbnailUrl":"https:\/\/www.cannabis.es\/pw\/wp-content\/uploads\/2020\/05\/FCV-cartel.jpg","datePublished":"2018-11-28T10:50:55+00:00","dateModified":"2020-09-04T11:20:56+00:00","description":"Entrada &#8226; Portal multimedia sobre cannabis y otras sustancias &#8226; 28 noviembre, 2018","breadcrumb":{"@id":"https:\/\/www.cannabis.es\/pw\/2018\/11\/28\/jornadas-en-la-universitat-de-valencia-cannabis-desde-un-enfoque-integral\/#breadcrumb"},"inLanguage":"es","potentialAction":[{"@type":"ReadAction","target":["https:\/\/www.cannabis.es\/pw\/2018\/11\/28\/jornadas-en-la-universitat-de-valencia-cannabis-desde-un-enfoque-integral\/"]}]},{"@type":"ImageObject","inLanguage":"es","@id":"https:\/\/www.cannabis.es\/pw\/2018\/11\/28\/jornadas-en-la-universitat-de-valencia-cannabis-desde-un-enfoque-integral\/#primaryimage","url":"https:\/\/www.cannabis.es\/pw\/wp-content\/uploads\/2020\/05\/FCV-cartel.jpg","contentUrl":"https:\/\/www.cannabis.es\/pw\/wp-content\/uploads\/2020\/05\/FCV-cartel.jpg","width":1723,"height":1998},{"@type":"BreadcrumbList","@id":"https:\/\/www.cannabis.es\/pw\/2018\/11\/28\/jornadas-en-la-universitat-de-valencia-cannabis-desde-un-enfoque-integral\/#breadcrumb","itemListElement":[{"@type":"ListItem","position":1,"name":"Portada","item":"http:\/\/www.cannabis.es\/pw\/"},{"@type":"ListItem","position":2,"name":"JORNADAS EN LA UNIVERSITAT DE VAL\u00c8NCIA: CANNABIS DESDE UN ENFOQUE INTEGRAL"}]},{"@type":"WebSite","@id":"https:\/\/www.cannabis.es\/pw\/#website","url":"https:\/\/www.cannabis.es\/pw\/","name":"Cannabis","description":"Portal multimedia sobre cannabis y otras sustancias","publisher":{"@id":"https:\/\/www.cannabis.es\/pw\/#organization"},"potentialAction":[{"@type":"SearchAction","target":{"@type":"EntryPoint","urlTemplate":"https:\/\/www.cannabis.es\/pw\/?s={search_term_string}"},"query-input":{"@type":"PropertyValueSpecification","valueRequired":true,"valueName":"search_term_string"}}],"inLanguage":"es"},{"@type":"Organization","@id":"https:\/\/www.cannabis.es\/pw\/#organization","name":"Cannabis.es","url":"https:\/\/www.cannabis.es\/pw\/","logo":{"@type":"ImageObject","inLanguage":"es","@id":"https:\/\/www.cannabis.es\/pw\/#\/schema\/logo\/image\/","url":"https:\/\/www.cannabis.es\/pw\/wp-content\/uploads\/2019\/04\/cropped-logo_cannabis.png","contentUrl":"https:\/\/www.cannabis.es\/pw\/wp-content\/uploads\/2019\/04\/cropped-logo_cannabis.png","width":361,"height":120,"caption":"Cannabis.es"},"image":{"@id":"https:\/\/www.cannabis.es\/pw\/#\/schema\/logo\/image\/"},"sameAs":["https:\/\/x.com\/cannabis_es"]},{"@type":"Person","@id":"https:\/\/www.cannabis.es\/pw\/#\/schema\/person\/e2fbd204580cf4fe74c79b82bc447374","name":"Cannabis.es","image":{"@type":"ImageObject","inLanguage":"es","@id":"https:\/\/www.cannabis.es\/pw\/#\/schema\/person\/image\/","url":"https:\/\/secure.gravatar.com\/avatar\/4375b1eb6e272e2e48a4b8a8def52e5f208151f555bb5906da616906ee6dd2e8?s=96&d=mm&r=g","contentUrl":"https:\/\/secure.gravatar.com\/avatar\/4375b1eb6e272e2e48a4b8a8def52e5f208151f555bb5906da616906ee6dd2e8?s=96&d=mm&r=g","caption":"Cannabis.es"},"url":"https:\/\/www.cannabis.es\/pw\/author\/cannabis\/"}]}},"_links":{"self":[{"href":"https:\/\/www.cannabis.es\/pw\/wp-json\/wp\/v2\/posts\/2187","targetHints":{"allow":["GET"]}}],"collection":[{"href":"https:\/\/www.cannabis.es\/pw\/wp-json\/wp\/v2\/posts"}],"about":[{"href":"https:\/\/www.cannabis.es\/pw\/wp-json\/wp\/v2\/types\/post"}],"author":[{"embeddable":true,"href":"https:\/\/www.cannabis.es\/pw\/wp-json\/wp\/v2\/users\/1"}],"replies":[{"embeddable":true,"href":"https:\/\/www.cannabis.es\/pw\/wp-json\/wp\/v2\/comments?post=2187"}],"version-history":[{"count":1,"href":"https:\/\/www.cannabis.es\/pw\/wp-json\/wp\/v2\/posts\/2187\/revisions"}],"predecessor-version":[{"id":2189,"href":"https:\/\/www.cannabis.es\/pw\/wp-json\/wp\/v2\/posts\/2187\/revisions\/2189"}],"wp:featuredmedia":[{"embeddable":true,"href":"https:\/\/www.cannabis.es\/pw\/wp-json\/wp\/v2\/media\/2188"}],"wp:attachment":[{"href":"https:\/\/www.cannabis.es\/pw\/wp-json\/wp\/v2\/media?parent=2187"}],"wp:term":[{"taxonomy":"category","embeddable":true,"href":"https:\/\/www.cannabis.es\/pw\/wp-json\/wp\/v2\/categories?post=2187"},{"taxonomy":"post_tag","embeddable":true,"href":"https:\/\/www.cannabis.es\/pw\/wp-json\/wp\/v2\/tags?post=2187"}],"curies":[{"name":"wp","href":"https:\/\/api.w.org\/{rel}","templated":true}]}}