{"id":2190,"date":"2018-11-28T12:14:09","date_gmt":"2018-11-28T11:14:09","guid":{"rendered":"http:\/\/www.cannabis.es\/pw\/?p=2190"},"modified":"2020-09-04T13:18:02","modified_gmt":"2020-09-04T11:18:02","slug":"el-tribunal-constitucional-anula-la-ley-catalana-de-asociaciones","status":"publish","type":"post","link":"https:\/\/www.cannabis.es\/pw\/2018\/11\/28\/el-tribunal-constitucional-anula-la-ley-catalana-de-asociaciones\/","title":{"rendered":"EL TRIBUNAL CONSTITUCIONAL ANULA LA LEY CATALANA DE ASOCIACIONES"},"content":{"rendered":"\n<p>Francisco Azor\u00edn, Brotsanbert<\/p>\n\n\n\n<p>El&nbsp;viernes 12 de octubre de 2018 se public\u00f3 en el BOE la Sentencia 100\/2018 de 19 de septiembre que anulaba la Ley del Parlamento Catal\u00e1n 13\/2017, de 6 de julio, de las asociaciones de consumidores de cannabis. Esta sentencia del Tribunal Constitucional entiende que la Ley regula materias que son competencia exclusiva del Estado espa\u00f1ol como la legislaci\u00f3n penal o la relativa a medicamentos, y que por lo tanto<strong>&nbsp;no puede ser regulada en el \u00e1mbito auton\u00f3mico<\/strong>.<\/p>\n\n\n\n<hr class=\"wp-block-separator\"\/>\n\n\n\n<p>&nbsp;Desde el Parlamento Catal\u00e1n se presentaron alegaciones tendentes a justificar que el objeto de la ley es, seg\u00fan su art\u00edculo 1,&nbsp;<em>\u00abestablecer el r\u00e9gimen jur\u00eddico de las asociaciones de consumidores de cannabis y de sus clubes, la regulaci\u00f3n de todas las actividades que llevan a cabo, los derechos y deberes de los asociados, as\u00ed como los mecanismos de control y de inspecci\u00f3n de su actividad desde el punto de vista de la salud p\u00fablica, con el fin de prevenir los riesgos inherentes al consumo de cannabis y reducir los da\u00f1os\u00bb<\/em><em>.<\/em>&nbsp;Y que, por tanto, al tener el Estado una competencia de car\u00e1cter exclusivamente b\u00e1sico sobre sanidad (art. 149.1.16 CE) y en el car\u00e1cter compartido (art\u00edculo 111 EAC y STC 31\/2010, FJ 60) de la competencia de Catalu\u00f1a sobre esta misma materia (art. 162.3 EAC), se deber\u00eda refrendar la Ley por el Tribunal Constitucional. As\u00ed mismo tambi\u00e9n se esgrime la competencia auton\u00f3mica en consumo y protecci\u00f3n de los consumidores y usuarios (art. 123 EAC).<\/p>\n\n\n\n<p>Sin embargo, el Tribunal Constitucional responde argumentando&nbsp;que&nbsp;los actos de la Comunidad Aut\u00f3noma solo resultar\u00e1n amparados en el citado t\u00edtulo&nbsp;<em>\u00abcuando, por su contenido, no invadan atribuciones estatales que se proyecten sobre \u00e1mbitos materiales distintos\u00bb<\/em><em>,&nbsp;<\/em>como la legislaci\u00f3n penal competencia exclusiva del Estado ex art. 149.1.6 CE,&nbsp;<em>\u00abpues si lo hicieran estar\u00edan desbordando el t\u00edtulo competencial auton\u00f3mmico y adentr\u00e1ndose en una materia competencial distinta\u00bb&nbsp;<\/em>[STC 29\/2018, FJ 2 a)]<em>.<\/em><\/p>\n\n\n\n<h3 class=\"wp-block-heading\"><strong>CR\u00cdTICA A LA SENTENCIA<\/strong><\/h3>\n\n\n\n<p>Desde el Estudio Jur\u00eddico Brotsanbert queremos manifestar nuestra absoluta disconformidad con la sentencia del Tribunal Constitucional.&nbsp;Aunque entendemos que la legislaci\u00f3n penal es una competencia exclusiva del Estado espa\u00f1ol,&nbsp;<strong>se podr\u00eda haber realizado una interpretaci\u00f3n distinta<\/strong>&nbsp;de los diferentes t\u00edtulos competenciales contemplados en la Constituci\u00f3n Espa\u00f1ola y en el Estatuto de Autonom\u00eda Catal\u00e1n,&nbsp;para con esto mantener una regulaci\u00f3n imprescindible y m\u00e1s que&nbsp;<strong>necesaria a la hora de regular una realidad social<\/strong>&nbsp;como las de las asociaciones de consumidores de cannabis de Catalu\u00f1a.<\/p>\n\n\n\n<p>Ya son muchos los&nbsp;<strong>ayuntamientos<\/strong>&nbsp;que&nbsp;<strong>legislaron<\/strong>, en la medida de sus competencias, para dar seguridad jur\u00eddica al&nbsp;uso privado y social del cannabis.&nbsp;Esto&nbsp;ha venido para quedarse y tiene que ser abordado&nbsp;desde el Congreso de los Diputados de una manera&nbsp;<strong>urgente<\/strong>. Despu\u00e9s de que muchos ayuntamientos catalanes y de otras comunidades aut\u00f3nomas afrontaran el problema y legislaran para dar seguridad jur\u00eddica a estos colectivos, han sido tres las comunidades aut\u00f3nomas que han trabajado en la redacci\u00f3n de leyes que aborden este problema desde una perspectiva de sanidad y salud,<strong>&nbsp;competencia compartida<\/strong>&nbsp;con el Estado.<\/p>\n\n\n\n<p>Tanto la Ley Foral Navarra 24\/2014&nbsp;como&nbsp;el art\u00edculo 83 de la Ley del Parlamento Vasco 1\/2016, de 7 de abril, de atenci\u00f3n integral de las adicciones y drogodependencias, regulaban o defin\u00edan estas asociaciones como un instrumento para proteger la salud y reducir los riesgos y da\u00f1os asociados al consumo. Estas leyes tambi\u00e9n se recurrieron por el Gobierno, y los recursos ya han sido resueltos en las&nbsp;sentencias del Tribunal Constitucional&nbsp;144\/2017, de 14 de diciembre, y 29\/2018, de 8 de marzo, respectivamente. En estos dos casos tenemos la<strong>&nbsp;sentencia contra la Ley&nbsp;<\/strong><strong>n<\/strong><strong>avarra<\/strong>, que&nbsp;<strong>anula<\/strong>&nbsp;la misma por entender que invade competencias estatales, y la<strong>&nbsp;sentencia contra la Ley vasca<\/strong>, que la declara constitucional por entender que, aunque se habla de las asociaciones de consumidores de cannabis como instrumentos de reducci\u00f3n de riesgos,&nbsp;<strong>el art\u00edculo no desarrolla el funcionamiento&nbsp;<\/strong>de las mismas<strong>&nbsp;y, por lo tanto, no puede ser declarado inconstitucional<\/strong>.<\/p>\n\n\n\n<p>No estamos de acuerdo en esta<strong>&nbsp;interpretaci\u00f3n restrictiva que no hace otra cosa que mirar para otro lado<\/strong>&nbsp;y poner trabas a una regulaci\u00f3n que se est\u00e1 dando y que se va a dar en gran parte del mundo. Despu\u00e9s de estudiar las regulaciones de los diferentes estados de E.E.U.U que han regulado el cannabis, y de incluso haber conocido la regulaci\u00f3n sobre el terreno en el Estado de Nevada, de haber estudiado la Ley canadiense y la uruguaya, nos damos cuenta de que Espa\u00f1a tiene una responsabilidad social relativa a la prevenci\u00f3n de los consumos problem\u00e1ticos y la reducci\u00f3n de riesgos y da\u00f1os asociados al consumo de cannabis&nbsp;importante, y&nbsp;nunca va a ser desarrollada de una manera tan rigurosa&nbsp;como debiera&nbsp;por los diferentes estados que han regulado el cannabis. As\u00ed, los mecanismos de reducci\u00f3n de riesgos adoptados por&nbsp;<strong>la Ley Catalana deber\u00edan ser referencia<\/strong>&nbsp;directa a las distintas regulaciones que se est\u00e1n implementando en el extranjero y, por supuesto, a la que debe ser de manera urgente adoptada por nuestro Estado.<\/p>\n\n\n\n<p>Por lo tanto, entendemos que la ley no deber\u00eda de haber sido declarada inconstitucional, por lo menos en cuanto al reconocimiento de esos mecanismos de protecci\u00f3n de la salud que la misma implementa. Es decir, que aunque por las fuerzas y cuerpos de seguridad del Estado se entienda que el cultivo y dispensaci\u00f3n de cannabis para los miembros de una asociaci\u00f3n de consumidores es un hecho delictivo, hasta&nbsp;que&nbsp;no se modifique el C\u00f3digo Penal, lo anterior no es \u00f3bice para que Catalu\u00f1a, en base a sus competencias, regule desde una perspectiva del derecho a la salud las pr\u00e1cticas que se realizan por las m\u00e1s de 800 asociaciones de consumidores de cannabis que existen en dicha comunidad aut\u00f3noma. As\u00ed como los ayuntamientos pueden establecer regulaciones basadas en la competencia de urbanismo,&nbsp;del mismo modo<strong>&nbsp;las&nbsp;regulaciones sobre&nbsp;asociaciones de consumidores de cannabis&nbsp;no deber\u00edan<\/strong><strong>&nbsp;ser anuladas<\/strong>&nbsp;por el hecho de que el Estado&nbsp;las&nbsp;considera delictivas.<\/p>\n\n\n\n<h3 class=\"wp-block-heading\"><strong>CONCLUSI\u00d3N<\/strong><\/h3>\n\n\n\n<p>Ya es hora de que se reconozca a Catalu\u00f1a y a otras comunidades aut\u00f3nomas del Estado espa\u00f1ol como pioneras en la implementaci\u00f3n de programas de<strong>&nbsp;reducci\u00f3n de riesgos<\/strong>&nbsp;que han supuesto una&nbsp;<strong>mejora en la salud<\/strong>&nbsp;de los usuarios (problem\u00e1ticos o no) de drogas. As\u00ed, podemos hacer referencia a los programas de intercambio de jeringuillas o dispensaci\u00f3n de metadona que tuvieron gran importancia en la \u00e9poca de los 90, o incluso a algunas salas de consumo controlado de hero\u00edna que tambi\u00e9n fueron implementadas, no sin el recelo y obstaculizaci\u00f3n del Estado espa\u00f1ol. Menci\u00f3n tambi\u00e9n a los programas de an\u00e1lisis de sustancias en espacios de ocio, como el proyecto Energy Control, establecido en Catalu\u00f1a, Madrid, Andaluc\u00eda y Baleares; u otras asociaciones del estilo como Ai Laket o Consumo Conciencia.<\/p>\n\n\n\n<p>Es el momento de que Espa\u00f1a salga del closet psicoactivo e implemente una&nbsp;<strong>regulaci\u00f3n basada en el respeto a los derechos civiles, la seguridad, la salud<\/strong>&nbsp;y, en \u00faltimo t\u00e9rmino, la generaci\u00f3n de empleo y puestos de trabajo, as\u00ed como el correlativo ingreso de los preceptivos impuestos.<\/p>\n\n\n\n<p>Entendemos que las regulaciones de Uruguay, Canad\u00e1 y los distintos estados de E.E.U.U han venido precedidas por otros&nbsp;tipos&nbsp;de problemas, m\u00e1s relacionados con la severidad de las penas por posesi\u00f3n de cannabis y por la seguridad; y que M\u00e9xico, el pr\u00f3ximo estado que parece que va a regular el cannabis, tiene que concentrar sus esfuerzos en solucionar el problema de seguridad y violencia generado por la fracasada guerra contra las drogas. Sin embargo, en nuestro pa\u00eds, al no estar contemplada la pena de prisi\u00f3n para el consumo privado de drogas y no tener grandes problemas de inseguridad generados por el narcotr\u00e1fico,<strong>&nbsp;vivimos en una hipocres\u00eda que trata de dar largas<\/strong>&nbsp;a una cuesti\u00f3n que deber\u00eda estar ya discuti\u00e9ndose en el Congreso de los diputados.<\/p>\n\n\n\n<p><em>\u00abDeber\u00eda estar ya discuti\u00e9ndose en el Congreso\u00bb<\/em><br><\/p>\n\n\n\n<p>Nuestro Estado, como ya lo ha hecho en parte el parlamento catal\u00e1n con la&nbsp;Ley de&nbsp;Asociaciones, tiene que enfocar la regulaci\u00f3n primero en el respeto a los derechos civiles y&nbsp;<strong>solucionar<\/strong><strong>&nbsp;la represi\u00f3n de baja intensidad<\/strong>, consistente en cacheos, registros y sanciones econ\u00f3micas por posesi\u00f3n de drogas o por presencia de estas en el organismo sin generar afectaci\u00f3n.&nbsp;Y<strong>&nbsp;permitiendo el autocultivo<\/strong>&nbsp;de cannabis y el acceso al mismo, tanto por<strong>&nbsp;asociaciones de consumidores<\/strong>&nbsp;como por&nbsp;<strong>dispensarios con licencia<\/strong>. No obstante, nuestro concepto de salud p\u00fablica es m\u00e1s extenso que en los estados americanos, por lo que tenemos una responsabilidad mayor en regular estos puntos. Regulaci\u00f3n que tendr\u00e1 que tener en cuenta, sin duda, el trabajo realizado por los promotores de la Ley catalana, que como hemos dicho, ha supuesto un enfoque muy importante del problema desde la perspectiva de la reducci\u00f3n de riesgos y la protecci\u00f3n de la salud. Porque&nbsp;<strong>respetando los derechos civiles y protegiendo la salud, la mejora en la seguridad y el crecimiento econ\u00f3mico vendr\u00e1n sin darnos cuenta<\/strong>.<\/p>\n\n\n\n<p>Francisco Azor\u00edn Ortega,&nbsp;<a href=\"https:\/\/www.brotsanbert.com\/\">Estudio Jur\u00eddico Brotsanbert<\/a>.<\/p>\n","protected":false},"excerpt":{"rendered":"<span class=\"span-reading-time rt-reading-time\" style=\"display: block;\"><span class=\"rt-label rt-prefix\">Tiempo de lectura:<\/span> <span class=\"rt-time\"> 5<\/span> <span class=\"rt-label rt-postfix\">minutos<\/span><\/span>Francisco Azor\u00edn, Brotsanbert El&nbsp;viernes 12 de octubre de 2018 se public\u00f3 en el BOE la Sentencia 100\/2018 de 19 de septiembre que anulaba la Ley del Parlamento Catal\u00e1n 13\/2017, de 6 de julio, de las asociaciones de consumidores de cannabis. Esta sentencia del Tribunal Constitucional entiende que la Ley regula materias que son competencia exclusiva [&hellip;]","protected":false},"author":1,"featured_media":2191,"comment_status":"closed","ping_status":"closed","sticky":false,"template":"","format":"standard","meta":{"loftocean-featured-post":"","loftocean_post_format_gallery":"","loftocean_post_format_gallery_ids":"","loftocean_post_format_gallery_urls":"","loftocean_post_format_video_id":"","loftocean_post_format_video_url":"","loftocean_post_format_video_type":"","loftocean_post_format_video":"","loftocean_post_format_audio_type":"","loftocean_post_format_audio_url":"","loftocean_post_format_audio_id":"","loftocean_post_format_audio":"","loftocean_post_format_quote_text":"","loftocean_post_format_quote_byline":"","loftocean_post_format_link_text":"","loftocean_post_format_link_url":"","ceramag_post_header_style":"","ceramag_enable_background_video":"","ceramag_show_in_top_slider":"","ceramag_post_background_video_start":"","ceramag_post_background_video_end":"","loftocean_page_background_video_id":"","loftocean_page_background_video_url":"","loftocean_page_background_video_type":"","loftocean_page_background_video":"","ceramag_background_video_start":"","ceramag_background_video_end":"","ceramag_single_page_hide_header":"","footnotes":""},"categories":[35],"tags":[794,610,528,638,41,793,54,657,742,611,744,40,55,56,537,51,732],"class_list":["post-2190","post","type-post","status-publish","format-standard","has-post-thumbnail","hentry","category-politica-y-sociedad","tag-regulacionya","tag-asociacion","tag-asociacion-cannabica","tag-brotsanbert","tag-cannabis","tag-hacialaregulacionintegral","tag-legalizacion","tag-legislacion","tag-ley","tag-ley-catalana-de-asociaciones","tag-leyes-sobre-drogas","tag-marihuana","tag-regulacion","tag-regulacion-cannabis","tag-regulacion-integral-del-cannabis","tag-salud","tag-seguridad"],"yoast_head":"<!-- This site is optimized with the Yoast SEO plugin v24.9 - https:\/\/yoast.com\/wordpress\/plugins\/seo\/ -->\n<title>EL TRIBUNAL CONSTITUCIONAL ANULA LA LEY CATALANA DE ASOCIACIONES<\/title>\n<meta name=\"description\" content=\"Entrada &#8226; Portal multimedia sobre cannabis y otras sustancias &#8226; 28 noviembre, 2018\" \/>\n<meta name=\"robots\" content=\"index, follow, max-snippet:-1, max-image-preview:large, max-video-preview:-1\" \/>\n<link rel=\"canonical\" href=\"https:\/\/www.cannabis.es\/pw\/2018\/11\/28\/el-tribunal-constitucional-anula-la-ley-catalana-de-asociaciones\/\" \/>\n<meta name=\"twitter:card\" content=\"summary_large_image\" \/>\n<meta name=\"twitter:title\" content=\"EL TRIBUNAL CONSTITUCIONAL ANULA LA LEY CATALANA DE ASOCIACIONES\" \/>\n<meta name=\"twitter:description\" content=\"Entrada &#8226; Portal multimedia sobre cannabis y otras sustancias &#8226; 28 noviembre, 2018\" \/>\n<meta name=\"twitter:image\" content=\"https:\/\/www.cannabis.es\/pw\/wp-content\/uploads\/2020\/05\/portada_tribunal_poconstitucional.jpg\" \/>\n<meta name=\"twitter:creator\" content=\"@cannabis_es\" \/>\n<meta name=\"twitter:site\" content=\"@cannabis_es\" \/>\n<meta name=\"twitter:label1\" content=\"Escrito por\" \/>\n\t<meta name=\"twitter:data1\" content=\"Cannabis.es\" \/>\n\t<meta name=\"twitter:label2\" content=\"Tiempo de lectura\" \/>\n\t<meta name=\"twitter:data2\" content=\"8 minutos\" \/>\n<script type=\"application\/ld+json\" class=\"yoast-schema-graph\">{\"@context\":\"https:\/\/schema.org\",\"@graph\":[{\"@type\":\"Article\",\"@id\":\"https:\/\/www.cannabis.es\/pw\/2018\/11\/28\/el-tribunal-constitucional-anula-la-ley-catalana-de-asociaciones\/#article\",\"isPartOf\":{\"@id\":\"https:\/\/www.cannabis.es\/pw\/2018\/11\/28\/el-tribunal-constitucional-anula-la-ley-catalana-de-asociaciones\/\"},\"author\":{\"name\":\"Cannabis.es\",\"@id\":\"https:\/\/www.cannabis.es\/pw\/#\/schema\/person\/e2fbd204580cf4fe74c79b82bc447374\"},\"headline\":\"EL TRIBUNAL CONSTITUCIONAL ANULA LA LEY CATALANA DE ASOCIACIONES\",\"datePublished\":\"2018-11-28T11:14:09+00:00\",\"dateModified\":\"2020-09-04T11:18:02+00:00\",\"mainEntityOfPage\":{\"@id\":\"https:\/\/www.cannabis.es\/pw\/2018\/11\/28\/el-tribunal-constitucional-anula-la-ley-catalana-de-asociaciones\/\"},\"wordCount\":1666,\"publisher\":{\"@id\":\"https:\/\/www.cannabis.es\/pw\/#organization\"},\"image\":{\"@id\":\"https:\/\/www.cannabis.es\/pw\/2018\/11\/28\/el-tribunal-constitucional-anula-la-ley-catalana-de-asociaciones\/#primaryimage\"},\"thumbnailUrl\":\"https:\/\/www.cannabis.es\/pw\/wp-content\/uploads\/2020\/05\/portada_tribunal_poconstitucional.jpg\",\"keywords\":[\"#RegulacionYa\",\"asociaci\u00f3n\",\"asociaci\u00f3n cann\u00e1bica\",\"Brotsanbert\",\"cannabis\",\"hacialaregulacionintegral\",\"legalizaci\u00f3n\",\"legislaci\u00f3n\",\"ley\",\"ley catalana de asociaciones\",\"leyes sobre drogas\",\"marihuana\",\"regulaci\u00f3n\",\"regulaci\u00f3n cannabis\",\"regulaci\u00f3n integral del cannabis\",\"salud\",\"seguridad\"],\"articleSection\":[\"Pol\u00edtica y Sociedad\"],\"inLanguage\":\"es\"},{\"@type\":\"WebPage\",\"@id\":\"https:\/\/www.cannabis.es\/pw\/2018\/11\/28\/el-tribunal-constitucional-anula-la-ley-catalana-de-asociaciones\/\",\"url\":\"https:\/\/www.cannabis.es\/pw\/2018\/11\/28\/el-tribunal-constitucional-anula-la-ley-catalana-de-asociaciones\/\",\"name\":\"EL TRIBUNAL CONSTITUCIONAL ANULA LA LEY CATALANA DE ASOCIACIONES\",\"isPartOf\":{\"@id\":\"https:\/\/www.cannabis.es\/pw\/#website\"},\"primaryImageOfPage\":{\"@id\":\"https:\/\/www.cannabis.es\/pw\/2018\/11\/28\/el-tribunal-constitucional-anula-la-ley-catalana-de-asociaciones\/#primaryimage\"},\"image\":{\"@id\":\"https:\/\/www.cannabis.es\/pw\/2018\/11\/28\/el-tribunal-constitucional-anula-la-ley-catalana-de-asociaciones\/#primaryimage\"},\"thumbnailUrl\":\"https:\/\/www.cannabis.es\/pw\/wp-content\/uploads\/2020\/05\/portada_tribunal_poconstitucional.jpg\",\"datePublished\":\"2018-11-28T11:14:09+00:00\",\"dateModified\":\"2020-09-04T11:18:02+00:00\",\"description\":\"Entrada &#8226; Portal multimedia sobre cannabis y otras sustancias &#8226; 28 noviembre, 2018\",\"breadcrumb\":{\"@id\":\"https:\/\/www.cannabis.es\/pw\/2018\/11\/28\/el-tribunal-constitucional-anula-la-ley-catalana-de-asociaciones\/#breadcrumb\"},\"inLanguage\":\"es\",\"potentialAction\":[{\"@type\":\"ReadAction\",\"target\":[\"https:\/\/www.cannabis.es\/pw\/2018\/11\/28\/el-tribunal-constitucional-anula-la-ley-catalana-de-asociaciones\/\"]}]},{\"@type\":\"ImageObject\",\"inLanguage\":\"es\",\"@id\":\"https:\/\/www.cannabis.es\/pw\/2018\/11\/28\/el-tribunal-constitucional-anula-la-ley-catalana-de-asociaciones\/#primaryimage\",\"url\":\"https:\/\/www.cannabis.es\/pw\/wp-content\/uploads\/2020\/05\/portada_tribunal_poconstitucional.jpg\",\"contentUrl\":\"https:\/\/www.cannabis.es\/pw\/wp-content\/uploads\/2020\/05\/portada_tribunal_poconstitucional.jpg\",\"width\":959,\"height\":475},{\"@type\":\"BreadcrumbList\",\"@id\":\"https:\/\/www.cannabis.es\/pw\/2018\/11\/28\/el-tribunal-constitucional-anula-la-ley-catalana-de-asociaciones\/#breadcrumb\",\"itemListElement\":[{\"@type\":\"ListItem\",\"position\":1,\"name\":\"Portada\",\"item\":\"http:\/\/www.cannabis.es\/pw\/\"},{\"@type\":\"ListItem\",\"position\":2,\"name\":\"EL TRIBUNAL CONSTITUCIONAL ANULA LA LEY CATALANA DE ASOCIACIONES\"}]},{\"@type\":\"WebSite\",\"@id\":\"https:\/\/www.cannabis.es\/pw\/#website\",\"url\":\"https:\/\/www.cannabis.es\/pw\/\",\"name\":\"Cannabis\",\"description\":\"Portal multimedia sobre cannabis y otras sustancias\",\"publisher\":{\"@id\":\"https:\/\/www.cannabis.es\/pw\/#organization\"},\"potentialAction\":[{\"@type\":\"SearchAction\",\"target\":{\"@type\":\"EntryPoint\",\"urlTemplate\":\"https:\/\/www.cannabis.es\/pw\/?s={search_term_string}\"},\"query-input\":{\"@type\":\"PropertyValueSpecification\",\"valueRequired\":true,\"valueName\":\"search_term_string\"}}],\"inLanguage\":\"es\"},{\"@type\":\"Organization\",\"@id\":\"https:\/\/www.cannabis.es\/pw\/#organization\",\"name\":\"Cannabis.es\",\"url\":\"https:\/\/www.cannabis.es\/pw\/\",\"logo\":{\"@type\":\"ImageObject\",\"inLanguage\":\"es\",\"@id\":\"https:\/\/www.cannabis.es\/pw\/#\/schema\/logo\/image\/\",\"url\":\"https:\/\/www.cannabis.es\/pw\/wp-content\/uploads\/2019\/04\/cropped-logo_cannabis.png\",\"contentUrl\":\"https:\/\/www.cannabis.es\/pw\/wp-content\/uploads\/2019\/04\/cropped-logo_cannabis.png\",\"width\":361,\"height\":120,\"caption\":\"Cannabis.es\"},\"image\":{\"@id\":\"https:\/\/www.cannabis.es\/pw\/#\/schema\/logo\/image\/\"},\"sameAs\":[\"https:\/\/x.com\/cannabis_es\"]},{\"@type\":\"Person\",\"@id\":\"https:\/\/www.cannabis.es\/pw\/#\/schema\/person\/e2fbd204580cf4fe74c79b82bc447374\",\"name\":\"Cannabis.es\",\"image\":{\"@type\":\"ImageObject\",\"inLanguage\":\"es\",\"@id\":\"https:\/\/www.cannabis.es\/pw\/#\/schema\/person\/image\/\",\"url\":\"https:\/\/secure.gravatar.com\/avatar\/4375b1eb6e272e2e48a4b8a8def52e5f208151f555bb5906da616906ee6dd2e8?s=96&d=mm&r=g\",\"contentUrl\":\"https:\/\/secure.gravatar.com\/avatar\/4375b1eb6e272e2e48a4b8a8def52e5f208151f555bb5906da616906ee6dd2e8?s=96&d=mm&r=g\",\"caption\":\"Cannabis.es\"},\"url\":\"https:\/\/www.cannabis.es\/pw\/author\/cannabis\/\"}]}<\/script>\n<!-- \/ Yoast SEO plugin. -->","yoast_head_json":{"title":"EL TRIBUNAL CONSTITUCIONAL ANULA LA LEY CATALANA DE ASOCIACIONES","description":"Entrada &#8226; Portal multimedia sobre cannabis y otras sustancias &#8226; 28 noviembre, 2018","robots":{"index":"index","follow":"follow","max-snippet":"max-snippet:-1","max-image-preview":"max-image-preview:large","max-video-preview":"max-video-preview:-1"},"canonical":"https:\/\/www.cannabis.es\/pw\/2018\/11\/28\/el-tribunal-constitucional-anula-la-ley-catalana-de-asociaciones\/","twitter_card":"summary_large_image","twitter_title":"EL TRIBUNAL CONSTITUCIONAL ANULA LA LEY CATALANA DE ASOCIACIONES","twitter_description":"Entrada &#8226; Portal multimedia sobre cannabis y otras sustancias &#8226; 28 noviembre, 2018","twitter_image":"https:\/\/www.cannabis.es\/pw\/wp-content\/uploads\/2020\/05\/portada_tribunal_poconstitucional.jpg","twitter_creator":"@cannabis_es","twitter_site":"@cannabis_es","twitter_misc":{"Escrito por":"Cannabis.es","Tiempo de lectura":"8 minutos"},"schema":{"@context":"https:\/\/schema.org","@graph":[{"@type":"Article","@id":"https:\/\/www.cannabis.es\/pw\/2018\/11\/28\/el-tribunal-constitucional-anula-la-ley-catalana-de-asociaciones\/#article","isPartOf":{"@id":"https:\/\/www.cannabis.es\/pw\/2018\/11\/28\/el-tribunal-constitucional-anula-la-ley-catalana-de-asociaciones\/"},"author":{"name":"Cannabis.es","@id":"https:\/\/www.cannabis.es\/pw\/#\/schema\/person\/e2fbd204580cf4fe74c79b82bc447374"},"headline":"EL TRIBUNAL CONSTITUCIONAL ANULA LA LEY CATALANA DE ASOCIACIONES","datePublished":"2018-11-28T11:14:09+00:00","dateModified":"2020-09-04T11:18:02+00:00","mainEntityOfPage":{"@id":"https:\/\/www.cannabis.es\/pw\/2018\/11\/28\/el-tribunal-constitucional-anula-la-ley-catalana-de-asociaciones\/"},"wordCount":1666,"publisher":{"@id":"https:\/\/www.cannabis.es\/pw\/#organization"},"image":{"@id":"https:\/\/www.cannabis.es\/pw\/2018\/11\/28\/el-tribunal-constitucional-anula-la-ley-catalana-de-asociaciones\/#primaryimage"},"thumbnailUrl":"https:\/\/www.cannabis.es\/pw\/wp-content\/uploads\/2020\/05\/portada_tribunal_poconstitucional.jpg","keywords":["#RegulacionYa","asociaci\u00f3n","asociaci\u00f3n cann\u00e1bica","Brotsanbert","cannabis","hacialaregulacionintegral","legalizaci\u00f3n","legislaci\u00f3n","ley","ley catalana de asociaciones","leyes sobre drogas","marihuana","regulaci\u00f3n","regulaci\u00f3n cannabis","regulaci\u00f3n integral del cannabis","salud","seguridad"],"articleSection":["Pol\u00edtica y Sociedad"],"inLanguage":"es"},{"@type":"WebPage","@id":"https:\/\/www.cannabis.es\/pw\/2018\/11\/28\/el-tribunal-constitucional-anula-la-ley-catalana-de-asociaciones\/","url":"https:\/\/www.cannabis.es\/pw\/2018\/11\/28\/el-tribunal-constitucional-anula-la-ley-catalana-de-asociaciones\/","name":"EL TRIBUNAL CONSTITUCIONAL ANULA LA LEY CATALANA DE ASOCIACIONES","isPartOf":{"@id":"https:\/\/www.cannabis.es\/pw\/#website"},"primaryImageOfPage":{"@id":"https:\/\/www.cannabis.es\/pw\/2018\/11\/28\/el-tribunal-constitucional-anula-la-ley-catalana-de-asociaciones\/#primaryimage"},"image":{"@id":"https:\/\/www.cannabis.es\/pw\/2018\/11\/28\/el-tribunal-constitucional-anula-la-ley-catalana-de-asociaciones\/#primaryimage"},"thumbnailUrl":"https:\/\/www.cannabis.es\/pw\/wp-content\/uploads\/2020\/05\/portada_tribunal_poconstitucional.jpg","datePublished":"2018-11-28T11:14:09+00:00","dateModified":"2020-09-04T11:18:02+00:00","description":"Entrada &#8226; Portal multimedia sobre cannabis y otras sustancias &#8226; 28 noviembre, 2018","breadcrumb":{"@id":"https:\/\/www.cannabis.es\/pw\/2018\/11\/28\/el-tribunal-constitucional-anula-la-ley-catalana-de-asociaciones\/#breadcrumb"},"inLanguage":"es","potentialAction":[{"@type":"ReadAction","target":["https:\/\/www.cannabis.es\/pw\/2018\/11\/28\/el-tribunal-constitucional-anula-la-ley-catalana-de-asociaciones\/"]}]},{"@type":"ImageObject","inLanguage":"es","@id":"https:\/\/www.cannabis.es\/pw\/2018\/11\/28\/el-tribunal-constitucional-anula-la-ley-catalana-de-asociaciones\/#primaryimage","url":"https:\/\/www.cannabis.es\/pw\/wp-content\/uploads\/2020\/05\/portada_tribunal_poconstitucional.jpg","contentUrl":"https:\/\/www.cannabis.es\/pw\/wp-content\/uploads\/2020\/05\/portada_tribunal_poconstitucional.jpg","width":959,"height":475},{"@type":"BreadcrumbList","@id":"https:\/\/www.cannabis.es\/pw\/2018\/11\/28\/el-tribunal-constitucional-anula-la-ley-catalana-de-asociaciones\/#breadcrumb","itemListElement":[{"@type":"ListItem","position":1,"name":"Portada","item":"http:\/\/www.cannabis.es\/pw\/"},{"@type":"ListItem","position":2,"name":"EL TRIBUNAL CONSTITUCIONAL ANULA LA LEY CATALANA DE ASOCIACIONES"}]},{"@type":"WebSite","@id":"https:\/\/www.cannabis.es\/pw\/#website","url":"https:\/\/www.cannabis.es\/pw\/","name":"Cannabis","description":"Portal multimedia sobre cannabis y otras sustancias","publisher":{"@id":"https:\/\/www.cannabis.es\/pw\/#organization"},"potentialAction":[{"@type":"SearchAction","target":{"@type":"EntryPoint","urlTemplate":"https:\/\/www.cannabis.es\/pw\/?s={search_term_string}"},"query-input":{"@type":"PropertyValueSpecification","valueRequired":true,"valueName":"search_term_string"}}],"inLanguage":"es"},{"@type":"Organization","@id":"https:\/\/www.cannabis.es\/pw\/#organization","name":"Cannabis.es","url":"https:\/\/www.cannabis.es\/pw\/","logo":{"@type":"ImageObject","inLanguage":"es","@id":"https:\/\/www.cannabis.es\/pw\/#\/schema\/logo\/image\/","url":"https:\/\/www.cannabis.es\/pw\/wp-content\/uploads\/2019\/04\/cropped-logo_cannabis.png","contentUrl":"https:\/\/www.cannabis.es\/pw\/wp-content\/uploads\/2019\/04\/cropped-logo_cannabis.png","width":361,"height":120,"caption":"Cannabis.es"},"image":{"@id":"https:\/\/www.cannabis.es\/pw\/#\/schema\/logo\/image\/"},"sameAs":["https:\/\/x.com\/cannabis_es"]},{"@type":"Person","@id":"https:\/\/www.cannabis.es\/pw\/#\/schema\/person\/e2fbd204580cf4fe74c79b82bc447374","name":"Cannabis.es","image":{"@type":"ImageObject","inLanguage":"es","@id":"https:\/\/www.cannabis.es\/pw\/#\/schema\/person\/image\/","url":"https:\/\/secure.gravatar.com\/avatar\/4375b1eb6e272e2e48a4b8a8def52e5f208151f555bb5906da616906ee6dd2e8?s=96&d=mm&r=g","contentUrl":"https:\/\/secure.gravatar.com\/avatar\/4375b1eb6e272e2e48a4b8a8def52e5f208151f555bb5906da616906ee6dd2e8?s=96&d=mm&r=g","caption":"Cannabis.es"},"url":"https:\/\/www.cannabis.es\/pw\/author\/cannabis\/"}]}},"_links":{"self":[{"href":"https:\/\/www.cannabis.es\/pw\/wp-json\/wp\/v2\/posts\/2190","targetHints":{"allow":["GET"]}}],"collection":[{"href":"https:\/\/www.cannabis.es\/pw\/wp-json\/wp\/v2\/posts"}],"about":[{"href":"https:\/\/www.cannabis.es\/pw\/wp-json\/wp\/v2\/types\/post"}],"author":[{"embeddable":true,"href":"https:\/\/www.cannabis.es\/pw\/wp-json\/wp\/v2\/users\/1"}],"replies":[{"embeddable":true,"href":"https:\/\/www.cannabis.es\/pw\/wp-json\/wp\/v2\/comments?post=2190"}],"version-history":[{"count":1,"href":"https:\/\/www.cannabis.es\/pw\/wp-json\/wp\/v2\/posts\/2190\/revisions"}],"predecessor-version":[{"id":2192,"href":"https:\/\/www.cannabis.es\/pw\/wp-json\/wp\/v2\/posts\/2190\/revisions\/2192"}],"wp:featuredmedia":[{"embeddable":true,"href":"https:\/\/www.cannabis.es\/pw\/wp-json\/wp\/v2\/media\/2191"}],"wp:attachment":[{"href":"https:\/\/www.cannabis.es\/pw\/wp-json\/wp\/v2\/media?parent=2190"}],"wp:term":[{"taxonomy":"category","embeddable":true,"href":"https:\/\/www.cannabis.es\/pw\/wp-json\/wp\/v2\/categories?post=2190"},{"taxonomy":"post_tag","embeddable":true,"href":"https:\/\/www.cannabis.es\/pw\/wp-json\/wp\/v2\/tags?post=2190"}],"curies":[{"name":"wp","href":"https:\/\/api.w.org\/{rel}","templated":true}]}}